{"id":8593,"date":"2023-12-11T17:34:00","date_gmt":"2023-12-11T16:34:00","guid":{"rendered":"https:\/\/www.reclamador.es\/blog\/?p=8593"},"modified":"2025-10-10T10:43:53","modified_gmt":"2025-10-10T08:43:53","slug":"cosas-que-hacer-cuando-estoy-de-baja","status":"publish","type":"post","link":"https:\/\/www.reclamador.es\/blog\/cosas-que-hacer-cuando-estoy-de-baja\/","title":{"rendered":"\u00bfQu\u00e9 se puede hacer estando de baja? Lo que s\u00ed y lo que no"},"content":{"rendered":"<div class=\"ttr_start\"><\/div>\n\n<div class=\"kk-star-ratings kksr-auto kksr-align-right kksr-valign-top\"\n    data-payload='{&quot;align&quot;:&quot;right&quot;,&quot;id&quot;:&quot;8593&quot;,&quot;slug&quot;:&quot;default&quot;,&quot;valign&quot;:&quot;top&quot;,&quot;ignore&quot;:&quot;&quot;,&quot;reference&quot;:&quot;auto&quot;,&quot;class&quot;:&quot;&quot;,&quot;count&quot;:&quot;2&quot;,&quot;legendonly&quot;:&quot;&quot;,&quot;readonly&quot;:&quot;&quot;,&quot;score&quot;:&quot;5&quot;,&quot;starsonly&quot;:&quot;&quot;,&quot;best&quot;:&quot;5&quot;,&quot;gap&quot;:&quot;3&quot;,&quot;greet&quot;:&quot;Valora este art\u00edculo&quot;,&quot;legend&quot;:&quot;5\\\/5 - (2 votos)&quot;,&quot;size&quot;:&quot;20&quot;,&quot;title&quot;:&quot;\u00bfQu\u00e9 se puede hacer estando de baja? Lo que s\u00ed y lo que no&quot;,&quot;width&quot;:&quot;113.5&quot;,&quot;_legend&quot;:&quot;{score}\\\/{best} - ({count} {votes})&quot;,&quot;font_factor&quot;:&quot;1.25&quot;}'>\n            \n<div class=\"kksr-stars\">\n    \n<div class=\"kksr-stars-inactive\">\n            <div class=\"kksr-star\" data-star=\"1\" style=\"padding-right: 3px\">\n            \n\n<div class=\"kksr-icon\" style=\"width: 20px; height: 20px;\"><\/div>\n        <\/div>\n            <div class=\"kksr-star\" data-star=\"2\" style=\"padding-right: 3px\">\n            \n\n<div class=\"kksr-icon\" style=\"width: 20px; height: 20px;\"><\/div>\n        <\/div>\n            <div class=\"kksr-star\" data-star=\"3\" style=\"padding-right: 3px\">\n            \n\n<div class=\"kksr-icon\" style=\"width: 20px; height: 20px;\"><\/div>\n        <\/div>\n            <div class=\"kksr-star\" data-star=\"4\" style=\"padding-right: 3px\">\n            \n\n<div class=\"kksr-icon\" style=\"width: 20px; height: 20px;\"><\/div>\n        <\/div>\n            <div class=\"kksr-star\" data-star=\"5\" style=\"padding-right: 3px\">\n            \n\n<div class=\"kksr-icon\" style=\"width: 20px; height: 20px;\"><\/div>\n        <\/div>\n    <\/div>\n    \n<div class=\"kksr-stars-active\" style=\"width: 113.5px;\">\n            <div class=\"kksr-star\" style=\"padding-right: 3px\">\n            \n\n<div class=\"kksr-icon\" style=\"width: 20px; height: 20px;\"><\/div>\n        <\/div>\n            <div class=\"kksr-star\" style=\"padding-right: 3px\">\n            \n\n<div class=\"kksr-icon\" style=\"width: 20px; height: 20px;\"><\/div>\n        <\/div>\n            <div class=\"kksr-star\" style=\"padding-right: 3px\">\n            \n\n<div class=\"kksr-icon\" style=\"width: 20px; height: 20px;\"><\/div>\n        <\/div>\n            <div class=\"kksr-star\" style=\"padding-right: 3px\">\n            \n\n<div class=\"kksr-icon\" style=\"width: 20px; height: 20px;\"><\/div>\n        <\/div>\n            <div class=\"kksr-star\" style=\"padding-right: 3px\">\n            \n\n<div class=\"kksr-icon\" style=\"width: 20px; height: 20px;\"><\/div>\n        <\/div>\n    <\/div>\n<\/div>\n                \n\n<div class=\"kksr-legend\" style=\"font-size: 16px;\">\n            5\/5 - (2 votos)    <\/div>\n    <\/div>\n<figure>\n<p><figure id=\"attachment_32946\" aria-describedby=\"caption-attachment-32946\" style=\"width: 1200px\" class=\"wp-caption aligncenter\"><img data-recalc-dims=\"1\" loading=\"lazy\" decoding=\"async\" class=\"size-full wp-image-32946\" src=\"https:\/\/i0.wp.com\/www.reclamador.es\/blog\/wp-content\/uploads\/2017\/06\/viajar-estando-de-baja.jpg?resize=1200%2C630&#038;ssl=1\" alt=\"cosas que se pueden hacer estando de baja\" width=\"1200\" height=\"630\" srcset=\"https:\/\/i0.wp.com\/www.reclamador.es\/blog\/wp-content\/uploads\/2017\/06\/viajar-estando-de-baja.jpg?w=1200&amp;ssl=1 1200w, https:\/\/i0.wp.com\/www.reclamador.es\/blog\/wp-content\/uploads\/2017\/06\/viajar-estando-de-baja.jpg?resize=800%2C420&amp;ssl=1 800w, https:\/\/i0.wp.com\/www.reclamador.es\/blog\/wp-content\/uploads\/2017\/06\/viajar-estando-de-baja.jpg?resize=150%2C79&amp;ssl=1 150w, https:\/\/i0.wp.com\/www.reclamador.es\/blog\/wp-content\/uploads\/2017\/06\/viajar-estando-de-baja.jpg?resize=768%2C403&amp;ssl=1 768w\" sizes=\"auto, (max-width: 1000px) 100vw, 1000px\" \/><figcaption id=\"caption-attachment-32946\" class=\"wp-caption-text\"><em>Viajar estando de baja<\/em><\/figcaption><\/figure><\/figure>\n<p><span style=\"font-weight: 400;\">Hay muchas dudas respecto a lo que se puede y no se puede hacer cuando se est\u00e1 de baja laboral o se incurre en incapacidad temporal. <strong>Las normas laborales no se pronuncian de manera expresa sobre estos supuestos<\/strong>, por lo que no podemos hacer afirmaciones generales y nos obliga a analizar las circunstancias propias de cada caso. A pesar de ello, hemos querido aportar algo de luz a la pregunta \u00bfQu\u00e9 se puede hacer estando de baja?<\/span><\/p>\n<p><span style=\"font-weight: 400;\">Hay que tener muy en cuenta para saber lo que se puede hacer la <strong>\u201cbuena fe contractual\u201d<\/strong>. Es decir, tienes la <strong>obligaci\u00f3n de actuar de forma honesta y comedida para contribuir a tu recuperaci\u00f3n<\/strong>. Por eso, es recomendable no hacer \u201cvida normal\u201d como si no estuvieras de baja, ya que algunos juzgados consideran que si haces vida normal, el motivo de la baja ya no se da. Esto viene apoyado por una sentencia del Tribunal de Superior de Justicia de Madrid del 10 de febrero de 2017.<\/span><\/p>\n<p>Pero hay otras sentencias, como la del Tribunal Superior de Justicia de Galicia que public\u00f3, en octubre de 2016, una sentencia en la que se declaraba la <strong>improcedencia de un despido a un trabajador que estaba de baja por estr\u00e9s<\/strong>. El despido se justificaba porque el trabajador hab\u00eda realizado \u201cactividades incompatibles con la situaci\u00f3n de baja laboral por enfermedad (reacci\u00f3n aguda al estr\u00e9s)\u201d. El caso se hizo p\u00fablico porque el empresario hab\u00eda visto al trabajador tomar un \u201cgin tonic\u201d en unas fiestas patronales.<\/p>\n<h6 style=\"text-align: center;\"><strong><a href=\"https:\/\/www.reclamador.es\/blog\/me-pueden-despedir-estando-de-baja\/\">\u00bfMe pueden despedir estando de baja?<\/a><\/strong><\/h6>\n<p><span style=\"font-weight: 400;\">Adem\u00e1s, <strong>hay una gran diferencia entre las lesiones f\u00edsicas y las bajas por cuestiones psicol\u00f3gicas<\/strong>. Si es por una lesi\u00f3n f\u00edsica, lo m\u00e1s recomendable es que guardes el mayor reposo posible. Si es una baja por cuestiones psicol\u00f3gicas, la recuperaci\u00f3n puede pasar porque realices actividades de car\u00e1cter l\u00fadico.<\/span><\/p>\n<p><span style=\"font-weight: 400;\">Por todo esto hemos querido resolver algunas de las m\u00e1s recurrentes de los usuarios. Aunque ten en cuenta que siempre tendr\u00e1s que estudiar tu caso concreto.<\/span><\/p>\n<h2><strong>\u00bfQu\u00e9 se puede hacer estando de baja?<\/strong><\/h2>\n<p>A continuaci\u00f3n te explicamos si puedes viajar, hacer deporte, ir a un festival o salir de casa a hace la compra si est\u00e1s de baja. Vamos, por tanto a responder la pregunta qu\u00e9 se puede hacer estando de baja en el trabajo por un asunto de salud.<\/p>\n<h3><b>\u00bfPuedo viajar si estoy de baja?<\/b><\/h3>\n<p><span style=\"font-weight: 400;\">No es recomendable. <\/span><span style=\"font-weight: 400;\">Aunque en bajas por cuestiones psicol\u00f3gicas, <strong>te pueden recomendar ciertas actividades l\u00fadicas<\/strong>, para las cuales puede ser necesario un viaje. En las f\u00edsicas, no es recomendable viajar.<\/span><\/p>\n<p><span style=\"font-weight: 400;\">Si lo que quieres es <strong>cambiar tu residencia durante el periodo que dure la baja<\/strong>, tienes que solicitarlo al m\u00e9dico. Las bajas implican reconocimientos cada cierto tiempo para ver c\u00f3mo evoluciones. Por ello, si te quieres ir a casa de tu familia para que te cuiden y viven en otra localidad, tienes que pedir en el m\u00e9dico que te desplacen para pasar esas revisiones en otro centro hospitalario.<\/span><\/p>\n<h3><b>\u00bfQu\u00e9 se puede hacer estando de baja?, \u00bfdeporte?<\/b><\/h3>\n<p><span style=\"font-weight: 400;\">S\u00ed, siempre que tu baja no sea por una lesi\u00f3n f\u00edsica que te lo impida.<\/span><\/p>\n<p><span style=\"font-weight: 400;\">Hacer deporte <strong>incluso en algunas bajas por motivos psicol\u00f3gicos llega a ser una actividad recomendada<\/strong> por el personal m\u00e9dico. Pero hay muchos tipos de deportes y quiz\u00e1s no puedas hacer cualquiera. Si te gustan los deportes de riesgo y tienes una baja por una lumbalgia, no es muy recomendable que lo hagas. En todo caso, ante la duda de si puedes o no practicar un deporte, lo mejor es consultarlo con tu m\u00e9dico, que es el que mejor conoce la lesi\u00f3n que tienes. <\/span><\/p>\n<p><span style=\"font-weight: 400;\">Otra duda recurrente es si puedes <strong>montar en bicicleta<\/strong> estando de baja. Evidentemente con una lesi\u00f3n f\u00edsica no puedes. Pero ojo, que hay otro tipo de afecciones, como los v\u00e9rtigos, que tambi\u00e9n te lo impedir\u00e1n. Si est\u00e1s de baja por ejemplo por depresi\u00f3n nada te lo impide a no ser que tu m\u00e9dico no te lo recomiende.<\/span><\/p>\n<h3><b>\u00bfHacer un examen de conducir?<\/b><\/h3>\n<p><span style=\"font-weight: 400;\">Puedes hacerlo.<\/span><\/p>\n<p><span style=\"font-weight: 400;\">En el caso del examen te\u00f3rico siempre que tu incapacidad temporal no te impida salir de casa puedes presentarte al mismo. <strong>En relaci\u00f3n con el pr\u00e1ctico, hay m\u00e1s restricciones,<\/strong> ya que si tienes lesiones f\u00edsicas que no te permitan conducir adecuadamente no podr\u00e1s hacerlo, como por ejemplo, una pierna o un brazo inmovilizado. De hecho, puedes presentarte a todo tipo de ex\u00e1menes (titulaci\u00f3n universitaria, oposiciones\u2026) siempre con las limitaciones que hemos expuesto.<\/span><\/p>\n<h3><b>Hacer la compra y salir de casa estando de baja. \u00bfPuedo o no puedo?<\/b><\/h3>\n<p><span style=\"font-weight: 400;\">Es posible hacer la compra estando de baja.<\/span><\/p>\n<p><span style=\"font-weight: 400;\"><strong>Si no tienes una incapacidad temporal que impida desplazarte o coger peso, puedes ir al supermercado a hacer la compra.<\/strong> Adem\u00e1s, a algunas personas les relaja hacer la compra por lo que puede ser incluso recomendable para bajas por estr\u00e9s. Adem\u00e1s, si tienes la incapacidad que hemos dicho anteriormente, tambi\u00e9n puedes hacer la compra. Solo tienes que aprovechar las nuevas tecnolog\u00edas y hacer tu pedido online.<\/span><\/p>\n<p>Por norma general, puedes salir a pasear, hacer gestionar o hacer la compra siempre que tu lesi\u00f3n lo permita y siempre y cuando esas acciones no interfieran en tu recuperaci\u00f3n.<\/p>\n<h3><b>\u00bfY si la cena de empresa es cuando estoy de baja?<\/b><\/h3>\n<p><span style=\"font-weight: 400;\">No habr\u00eda ning\u00fan problema en que asistas a la cena.<\/span><\/p>\n<p><strong>Realmente no hay ninguna norma que diga que estando de baja no puedas ir a la cena de Navidad de la empresa<\/strong><span style=\"font-weight: 400;\">.<\/span><span style=\"font-weight: 400;\"> Normalmente estos eventos no son en horario laboral ni implican tareas propias de tu puesto de trabajo. Las limitaciones te las marcar\u00edan en todo caso el tipo de baja que tengas. Por ejemplo, si tienes una baja por problemas g\u00e1stricos, ir a una cena (que suelen ser copiosas) igual no es lo m\u00e1s apropiado para tu recuperaci\u00f3n. Tampoco podr\u00e1s ir, obviamente, si tu incapacidad no te permite salir de casa. <\/span><\/p>\n<h3><b>\u00bfNos vamos de festival?<\/b><\/h3>\n<p>No te lo recomendamos<\/p>\n<p><span style=\"font-weight: 400;\"><strong>A no ser que el m\u00e9dico te d\u00e9 su autorizaci\u00f3n expresa<\/strong> porque por ejemplo tengas una baja por estr\u00e9s y estar en el festival vaya a contribuir a mejorar tu recuperaci\u00f3n. Pero si tu baja es por una cuesti\u00f3n f\u00edsica no vayas. Otra cosa es que quieras salir a tomar algo o una cena. O incluso a un concierto tranquilo. Aqu\u00ed te decimos como en las ocasiones anteriores: si tu baja no te impide salir de casa, no hay ning\u00fan problema ni norma que diga que no puedes hacerlo.<\/span><\/p>\n<h2><b>Si tienes dudas, pregunta a tu m\u00e9dico<\/b><\/h2>\n<p><span style=\"font-weight: 400;\">En definitiva, qui\u00e9n te va a decir lo que puedes o no hacer va a ser tu m\u00e9dico, no tu abogado. Una baja es una cuesti\u00f3n m\u00e9dica y ser\u00e1 tu m\u00e9dico el que mejor sepa las actividades que te benefician o perjudican en tu diagn\u00f3stico. As\u00ed que, ante la duda, siempre pregunta a tu m\u00e9dico. <\/span><\/p>\n<div class=\"ttr_end\"><\/div>","protected":false},"excerpt":{"rendered":"<p>Hay muchas dudas respecto a lo que se puede y no se puede hacer cuando se est\u00e1 de baja laboral o se incurre en incapacidad temporal. Las normas laborales no se pronuncian de manera expresa sobre estos supuestos, por lo que no podemos hacer afirmaciones generales y nos obliga a analizar las circunstancias propias de [&hellip;]<\/p>\n","protected":false},"author":1,"featured_media":32946,"comment_status":"open","ping_status":"open","sticky":false,"template":"","format":"standard","meta":{"_acf_changed":false,"_genesis_hide_title":false,"_genesis_hide_breadcrumbs":false,"_genesis_hide_singular_image":false,"_genesis_hide_footer_widgets":false,"_genesis_custom_body_class":"","_genesis_custom_post_class":"","_genesis_layout":"","_jetpack_newsletter_access":"","_jetpack_dont_email_post_to_subs":true,"_jetpack_newsletter_tier_id":0,"_jetpack_memberships_contains_paywalled_content":false,"_jetpack_memberships_contains_paid_content":false,"footnotes":""},"categories":[393],"tags":[266],"class_list":{"0":"post-8593","1":"post","2":"type-post","3":"status-publish","4":"format-standard","5":"has-post-thumbnail","7":"category-consejos","8":"tag-laboral","9":"entry"},"acf":[],"yoast_head":"<!-- This site is optimized with the Yoast SEO plugin v27.4 - https:\/\/yoast.com\/product\/yoast-seo-wordpress\/ -->\n<title>\u00bfQu\u00e9 se puede hacer estando de baja?<\/title>\n<meta name=\"description\" content=\"\u00bfPuedes viajar estando de baja? \u00bfSe puede salir casa estando de baja? Te contamos cosas que puedes hacer de baja laboral y las que no.\" \/>\n<meta name=\"robots\" content=\"index, follow, max-snippet:-1, max-image-preview:large, max-video-preview:-1\" \/>\n<link rel=\"canonical\" href=\"https:\/\/www.reclamador.es\/blog\/cosas-que-hacer-cuando-estoy-de-baja\/\" \/>\n<meta property=\"og:locale\" content=\"es_ES\" \/>\n<meta property=\"og:type\" content=\"article\" \/>\n<meta property=\"og:title\" content=\"\u00bfQu\u00e9 se puede hacer estando de baja?\" \/>\n<meta property=\"og:description\" content=\"\u00bfPuedes viajar estando de baja? \u00bfSe puede salir casa estando de baja? Te contamos cosas que puedes hacer de baja laboral y las que no.\" \/>\n<meta property=\"og:url\" content=\"https:\/\/www.reclamador.es\/blog\/cosas-que-hacer-cuando-estoy-de-baja\/\" \/>\n<meta property=\"og:site_name\" content=\"Rebeldes con causa, el blog de reclamador.es\" \/>\n<meta property=\"article:publisher\" content=\"https:\/\/www.facebook.com\/reclamador.es\" \/>\n<meta property=\"article:published_time\" content=\"2023-12-11T16:34:00+00:00\" \/>\n<meta property=\"article:modified_time\" content=\"2025-10-10T08:43:53+00:00\" \/>\n<meta property=\"og:image\" content=\"https:\/\/www.reclamador.es\/blog\/wp-content\/uploads\/2017\/06\/viajar-estando-de-baja.jpg\" \/>\n\t<meta property=\"og:image:width\" content=\"1200\" \/>\n\t<meta property=\"og:image:height\" content=\"630\" \/>\n\t<meta property=\"og:image:type\" content=\"image\/jpeg\" \/>\n<meta name=\"author\" content=\"Equipo reclamador\" \/>\n<meta name=\"twitter:card\" content=\"summary_large_image\" \/>\n<meta name=\"twitter:creator\" content=\"@reclamador\" \/>\n<meta name=\"twitter:site\" content=\"@reclamador\" \/>\n<meta name=\"twitter:label1\" content=\"Escrito por\" \/>\n\t<meta name=\"twitter:data1\" content=\"Equipo reclamador\" \/>\n\t<meta name=\"twitter:label2\" content=\"Tiempo de lectura\" \/>\n\t<meta name=\"twitter:data2\" content=\"6 minutos\" \/>\n<script type=\"application\/ld+json\" class=\"yoast-schema-graph\">{\"@context\":\"https:\\\/\\\/schema.org\",\"@graph\":[{\"@type\":\"Article\",\"@id\":\"https:\\\/\\\/www.reclamador.es\\\/blog\\\/cosas-que-hacer-cuando-estoy-de-baja\\\/#article\",\"isPartOf\":{\"@id\":\"https:\\\/\\\/www.reclamador.es\\\/blog\\\/cosas-que-hacer-cuando-estoy-de-baja\\\/\"},\"author\":{\"name\":\"Equipo reclamador\",\"@id\":\"https:\\\/\\\/www.reclamador.es\\\/blog\\\/#\\\/schema\\\/person\\\/1ed83eef8b6566cb5e4c812d9bc5c4bf\"},\"headline\":\"\u00bfQu\u00e9 se puede hacer estando de baja? Lo que s\u00ed y lo que no\",\"datePublished\":\"2023-12-11T16:34:00+00:00\",\"dateModified\":\"2025-10-10T08:43:53+00:00\",\"mainEntityOfPage\":{\"@id\":\"https:\\\/\\\/www.reclamador.es\\\/blog\\\/cosas-que-hacer-cuando-estoy-de-baja\\\/\"},\"wordCount\":1220,\"commentCount\":2,\"publisher\":{\"@id\":\"https:\\\/\\\/www.reclamador.es\\\/blog\\\/#organization\"},\"image\":{\"@id\":\"https:\\\/\\\/www.reclamador.es\\\/blog\\\/cosas-que-hacer-cuando-estoy-de-baja\\\/#primaryimage\"},\"thumbnailUrl\":\"https:\\\/\\\/i0.wp.com\\\/www.reclamador.es\\\/blog\\\/wp-content\\\/uploads\\\/2017\\\/06\\\/viajar-estando-de-baja.jpg?fit=1200%2C630&ssl=1\",\"keywords\":[\"laboral\"],\"articleSection\":[\"Consejos legales\"],\"inLanguage\":\"es\",\"potentialAction\":[{\"@type\":\"CommentAction\",\"name\":\"Comment\",\"target\":[\"https:\\\/\\\/www.reclamador.es\\\/blog\\\/cosas-que-hacer-cuando-estoy-de-baja\\\/#respond\"]}]},{\"@type\":\"WebPage\",\"@id\":\"https:\\\/\\\/www.reclamador.es\\\/blog\\\/cosas-que-hacer-cuando-estoy-de-baja\\\/\",\"url\":\"https:\\\/\\\/www.reclamador.es\\\/blog\\\/cosas-que-hacer-cuando-estoy-de-baja\\\/\",\"name\":\"\u00bfQu\u00e9 se puede hacer estando de baja?\",\"isPartOf\":{\"@id\":\"https:\\\/\\\/www.reclamador.es\\\/blog\\\/#website\"},\"primaryImageOfPage\":{\"@id\":\"https:\\\/\\\/www.reclamador.es\\\/blog\\\/cosas-que-hacer-cuando-estoy-de-baja\\\/#primaryimage\"},\"image\":{\"@id\":\"https:\\\/\\\/www.reclamador.es\\\/blog\\\/cosas-que-hacer-cuando-estoy-de-baja\\\/#primaryimage\"},\"thumbnailUrl\":\"https:\\\/\\\/i0.wp.com\\\/www.reclamador.es\\\/blog\\\/wp-content\\\/uploads\\\/2017\\\/06\\\/viajar-estando-de-baja.jpg?fit=1200%2C630&ssl=1\",\"datePublished\":\"2023-12-11T16:34:00+00:00\",\"dateModified\":\"2025-10-10T08:43:53+00:00\",\"description\":\"\u00bfPuedes viajar estando de baja? \u00bfSe puede salir casa estando de baja? Te contamos cosas que puedes hacer de baja laboral y las que no.\",\"breadcrumb\":{\"@id\":\"https:\\\/\\\/www.reclamador.es\\\/blog\\\/cosas-que-hacer-cuando-estoy-de-baja\\\/#breadcrumb\"},\"inLanguage\":\"es\",\"potentialAction\":[{\"@type\":\"ReadAction\",\"target\":[\"https:\\\/\\\/www.reclamador.es\\\/blog\\\/cosas-que-hacer-cuando-estoy-de-baja\\\/\"]}]},{\"@type\":\"ImageObject\",\"inLanguage\":\"es\",\"@id\":\"https:\\\/\\\/www.reclamador.es\\\/blog\\\/cosas-que-hacer-cuando-estoy-de-baja\\\/#primaryimage\",\"url\":\"https:\\\/\\\/i0.wp.com\\\/www.reclamador.es\\\/blog\\\/wp-content\\\/uploads\\\/2017\\\/06\\\/viajar-estando-de-baja.jpg?fit=1200%2C630&ssl=1\",\"contentUrl\":\"https:\\\/\\\/i0.wp.com\\\/www.reclamador.es\\\/blog\\\/wp-content\\\/uploads\\\/2017\\\/06\\\/viajar-estando-de-baja.jpg?fit=1200%2C630&ssl=1\",\"width\":1200,\"height\":630,\"caption\":\"Viajar estando de baja\"},{\"@type\":\"BreadcrumbList\",\"@id\":\"https:\\\/\\\/www.reclamador.es\\\/blog\\\/cosas-que-hacer-cuando-estoy-de-baja\\\/#breadcrumb\",\"itemListElement\":[{\"@type\":\"ListItem\",\"position\":1,\"name\":\"Portada\",\"item\":\"https:\\\/\\\/www.reclamador.es\\\/blog\\\/\"},{\"@type\":\"ListItem\",\"position\":2,\"name\":\"\u00bfQu\u00e9 se puede hacer estando de baja? Lo que s\u00ed y lo que no\"}]},{\"@type\":\"WebSite\",\"@id\":\"https:\\\/\\\/www.reclamador.es\\\/blog\\\/#website\",\"url\":\"https:\\\/\\\/www.reclamador.es\\\/blog\\\/\",\"name\":\"Rebeldes con causa, el blog de reclamador.es\",\"description\":\"Noticias, entrevistas y consejos sobre reclamaciones\",\"publisher\":{\"@id\":\"https:\\\/\\\/www.reclamador.es\\\/blog\\\/#organization\"},\"potentialAction\":[{\"@type\":\"SearchAction\",\"target\":{\"@type\":\"EntryPoint\",\"urlTemplate\":\"https:\\\/\\\/www.reclamador.es\\\/blog\\\/?s={search_term_string}\"},\"query-input\":{\"@type\":\"PropertyValueSpecification\",\"valueRequired\":true,\"valueName\":\"search_term_string\"}}],\"inLanguage\":\"es\"},{\"@type\":\"Organization\",\"@id\":\"https:\\\/\\\/www.reclamador.es\\\/blog\\\/#organization\",\"name\":\"reclamador.es\",\"url\":\"https:\\\/\\\/www.reclamador.es\\\/blog\\\/\",\"logo\":{\"@type\":\"ImageObject\",\"inLanguage\":\"es\",\"@id\":\"https:\\\/\\\/www.reclamador.es\\\/blog\\\/#\\\/schema\\\/logo\\\/image\\\/\",\"url\":\"https:\\\/\\\/i0.wp.com\\\/www.reclamador.es\\\/blog\\\/wp-content\\\/uploads\\\/2020\\\/01\\\/logo-reclamador.png?fit=1200%2C144&ssl=1\",\"contentUrl\":\"https:\\\/\\\/i0.wp.com\\\/www.reclamador.es\\\/blog\\\/wp-content\\\/uploads\\\/2020\\\/01\\\/logo-reclamador.png?fit=1200%2C144&ssl=1\",\"width\":1200,\"height\":144,\"caption\":\"reclamador.es\"},\"image\":{\"@id\":\"https:\\\/\\\/www.reclamador.es\\\/blog\\\/#\\\/schema\\\/logo\\\/image\\\/\"},\"sameAs\":[\"https:\\\/\\\/www.facebook.com\\\/reclamador.es\",\"https:\\\/\\\/x.com\\\/reclamador\",\"https:\\\/\\\/www.instagram.com\\\/reclamador.es\\\/\",\"https:\\\/\\\/www.linkedin.com\\\/company\\\/reclamador-es\",\"https:\\\/\\\/www.youtube.com\\\/user\\\/Reclamadores\"]},{\"@type\":\"Person\",\"@id\":\"https:\\\/\\\/www.reclamador.es\\\/blog\\\/#\\\/schema\\\/person\\\/1ed83eef8b6566cb5e4c812d9bc5c4bf\",\"name\":\"Equipo reclamador\",\"image\":{\"@type\":\"ImageObject\",\"inLanguage\":\"es\",\"@id\":\"https:\\\/\\\/secure.gravatar.com\\\/avatar\\\/6442ecdc2c4472c600c113f34d340feca47107d6aa4f42f1e3e75a2a8e28a760?s=96&d=mm&r=g\",\"url\":\"https:\\\/\\\/secure.gravatar.com\\\/avatar\\\/6442ecdc2c4472c600c113f34d340feca47107d6aa4f42f1e3e75a2a8e28a760?s=96&d=mm&r=g\",\"contentUrl\":\"https:\\\/\\\/secure.gravatar.com\\\/avatar\\\/6442ecdc2c4472c600c113f34d340feca47107d6aa4f42f1e3e75a2a8e28a760?s=96&d=mm&r=g\",\"caption\":\"Equipo reclamador\"},\"description\":\"Las personas que hacen posible reclamador.es\",\"url\":\"https:\\\/\\\/www.reclamador.es\\\/blog\\\/author\\\/administrador\\\/\"}]}<\/script>\n<!-- \/ Yoast SEO plugin. -->","yoast_head_json":{"title":"\u00bfQu\u00e9 se puede hacer estando de baja?","description":"\u00bfPuedes viajar estando de baja? \u00bfSe puede salir casa estando de baja? Te contamos cosas que puedes hacer de baja laboral y las que no.","robots":{"index":"index","follow":"follow","max-snippet":"max-snippet:-1","max-image-preview":"max-image-preview:large","max-video-preview":"max-video-preview:-1"},"canonical":"https:\/\/www.reclamador.es\/blog\/cosas-que-hacer-cuando-estoy-de-baja\/","og_locale":"es_ES","og_type":"article","og_title":"\u00bfQu\u00e9 se puede hacer estando de baja?","og_description":"\u00bfPuedes viajar estando de baja? \u00bfSe puede salir casa estando de baja? Te contamos cosas que puedes hacer de baja laboral y las que no.","og_url":"https:\/\/www.reclamador.es\/blog\/cosas-que-hacer-cuando-estoy-de-baja\/","og_site_name":"Rebeldes con causa, el blog de reclamador.es","article_publisher":"https:\/\/www.facebook.com\/reclamador.es","article_published_time":"2023-12-11T16:34:00+00:00","article_modified_time":"2025-10-10T08:43:53+00:00","og_image":[{"width":1200,"height":630,"url":"https:\/\/www.reclamador.es\/blog\/wp-content\/uploads\/2017\/06\/viajar-estando-de-baja.jpg","type":"image\/jpeg"}],"author":"Equipo reclamador","twitter_card":"summary_large_image","twitter_creator":"@reclamador","twitter_site":"@reclamador","twitter_misc":{"Escrito por":"Equipo reclamador","Tiempo de lectura":"6 minutos"},"schema":{"@context":"https:\/\/schema.org","@graph":[{"@type":"Article","@id":"https:\/\/www.reclamador.es\/blog\/cosas-que-hacer-cuando-estoy-de-baja\/#article","isPartOf":{"@id":"https:\/\/www.reclamador.es\/blog\/cosas-que-hacer-cuando-estoy-de-baja\/"},"author":{"name":"Equipo reclamador","@id":"https:\/\/www.reclamador.es\/blog\/#\/schema\/person\/1ed83eef8b6566cb5e4c812d9bc5c4bf"},"headline":"\u00bfQu\u00e9 se puede hacer estando de baja? Lo que s\u00ed y lo que no","datePublished":"2023-12-11T16:34:00+00:00","dateModified":"2025-10-10T08:43:53+00:00","mainEntityOfPage":{"@id":"https:\/\/www.reclamador.es\/blog\/cosas-que-hacer-cuando-estoy-de-baja\/"},"wordCount":1220,"commentCount":2,"publisher":{"@id":"https:\/\/www.reclamador.es\/blog\/#organization"},"image":{"@id":"https:\/\/www.reclamador.es\/blog\/cosas-que-hacer-cuando-estoy-de-baja\/#primaryimage"},"thumbnailUrl":"https:\/\/i0.wp.com\/www.reclamador.es\/blog\/wp-content\/uploads\/2017\/06\/viajar-estando-de-baja.jpg?fit=1200%2C630&ssl=1","keywords":["laboral"],"articleSection":["Consejos legales"],"inLanguage":"es","potentialAction":[{"@type":"CommentAction","name":"Comment","target":["https:\/\/www.reclamador.es\/blog\/cosas-que-hacer-cuando-estoy-de-baja\/#respond"]}]},{"@type":"WebPage","@id":"https:\/\/www.reclamador.es\/blog\/cosas-que-hacer-cuando-estoy-de-baja\/","url":"https:\/\/www.reclamador.es\/blog\/cosas-que-hacer-cuando-estoy-de-baja\/","name":"\u00bfQu\u00e9 se puede hacer estando de baja?","isPartOf":{"@id":"https:\/\/www.reclamador.es\/blog\/#website"},"primaryImageOfPage":{"@id":"https:\/\/www.reclamador.es\/blog\/cosas-que-hacer-cuando-estoy-de-baja\/#primaryimage"},"image":{"@id":"https:\/\/www.reclamador.es\/blog\/cosas-que-hacer-cuando-estoy-de-baja\/#primaryimage"},"thumbnailUrl":"https:\/\/i0.wp.com\/www.reclamador.es\/blog\/wp-content\/uploads\/2017\/06\/viajar-estando-de-baja.jpg?fit=1200%2C630&ssl=1","datePublished":"2023-12-11T16:34:00+00:00","dateModified":"2025-10-10T08:43:53+00:00","description":"\u00bfPuedes viajar estando de baja? \u00bfSe puede salir casa estando de baja? Te contamos cosas que puedes hacer de baja laboral y las que no.","breadcrumb":{"@id":"https:\/\/www.reclamador.es\/blog\/cosas-que-hacer-cuando-estoy-de-baja\/#breadcrumb"},"inLanguage":"es","potentialAction":[{"@type":"ReadAction","target":["https:\/\/www.reclamador.es\/blog\/cosas-que-hacer-cuando-estoy-de-baja\/"]}]},{"@type":"ImageObject","inLanguage":"es","@id":"https:\/\/www.reclamador.es\/blog\/cosas-que-hacer-cuando-estoy-de-baja\/#primaryimage","url":"https:\/\/i0.wp.com\/www.reclamador.es\/blog\/wp-content\/uploads\/2017\/06\/viajar-estando-de-baja.jpg?fit=1200%2C630&ssl=1","contentUrl":"https:\/\/i0.wp.com\/www.reclamador.es\/blog\/wp-content\/uploads\/2017\/06\/viajar-estando-de-baja.jpg?fit=1200%2C630&ssl=1","width":1200,"height":630,"caption":"Viajar estando de baja"},{"@type":"BreadcrumbList","@id":"https:\/\/www.reclamador.es\/blog\/cosas-que-hacer-cuando-estoy-de-baja\/#breadcrumb","itemListElement":[{"@type":"ListItem","position":1,"name":"Portada","item":"https:\/\/www.reclamador.es\/blog\/"},{"@type":"ListItem","position":2,"name":"\u00bfQu\u00e9 se puede hacer estando de baja? Lo que s\u00ed y lo que no"}]},{"@type":"WebSite","@id":"https:\/\/www.reclamador.es\/blog\/#website","url":"https:\/\/www.reclamador.es\/blog\/","name":"Rebeldes con causa, el blog de reclamador.es","description":"Noticias, entrevistas y consejos sobre reclamaciones","publisher":{"@id":"https:\/\/www.reclamador.es\/blog\/#organization"},"potentialAction":[{"@type":"SearchAction","target":{"@type":"EntryPoint","urlTemplate":"https:\/\/www.reclamador.es\/blog\/?s={search_term_string}"},"query-input":{"@type":"PropertyValueSpecification","valueRequired":true,"valueName":"search_term_string"}}],"inLanguage":"es"},{"@type":"Organization","@id":"https:\/\/www.reclamador.es\/blog\/#organization","name":"reclamador.es","url":"https:\/\/www.reclamador.es\/blog\/","logo":{"@type":"ImageObject","inLanguage":"es","@id":"https:\/\/www.reclamador.es\/blog\/#\/schema\/logo\/image\/","url":"https:\/\/i0.wp.com\/www.reclamador.es\/blog\/wp-content\/uploads\/2020\/01\/logo-reclamador.png?fit=1200%2C144&ssl=1","contentUrl":"https:\/\/i0.wp.com\/www.reclamador.es\/blog\/wp-content\/uploads\/2020\/01\/logo-reclamador.png?fit=1200%2C144&ssl=1","width":1200,"height":144,"caption":"reclamador.es"},"image":{"@id":"https:\/\/www.reclamador.es\/blog\/#\/schema\/logo\/image\/"},"sameAs":["https:\/\/www.facebook.com\/reclamador.es","https:\/\/x.com\/reclamador","https:\/\/www.instagram.com\/reclamador.es\/","https:\/\/www.linkedin.com\/company\/reclamador-es","https:\/\/www.youtube.com\/user\/Reclamadores"]},{"@type":"Person","@id":"https:\/\/www.reclamador.es\/blog\/#\/schema\/person\/1ed83eef8b6566cb5e4c812d9bc5c4bf","name":"Equipo reclamador","image":{"@type":"ImageObject","inLanguage":"es","@id":"https:\/\/secure.gravatar.com\/avatar\/6442ecdc2c4472c600c113f34d340feca47107d6aa4f42f1e3e75a2a8e28a760?s=96&d=mm&r=g","url":"https:\/\/secure.gravatar.com\/avatar\/6442ecdc2c4472c600c113f34d340feca47107d6aa4f42f1e3e75a2a8e28a760?s=96&d=mm&r=g","contentUrl":"https:\/\/secure.gravatar.com\/avatar\/6442ecdc2c4472c600c113f34d340feca47107d6aa4f42f1e3e75a2a8e28a760?s=96&d=mm&r=g","caption":"Equipo reclamador"},"description":"Las personas que hacen posible reclamador.es","url":"https:\/\/www.reclamador.es\/blog\/author\/administrador\/"}]}},"jetpack_featured_media_url":"https:\/\/i0.wp.com\/www.reclamador.es\/blog\/wp-content\/uploads\/2017\/06\/viajar-estando-de-baja.jpg?fit=1200%2C630&ssl=1","jetpack-related-posts":[{"id":18755,"url":"https:\/\/www.reclamador.es\/blog\/baja-empleados-hogar\/","url_meta":{"origin":8593,"position":0},"title":"Empleados de hogar: \u00bfpueden pedir una baja laboral?","author":"Equipo reclamador","date":"4 octubre, 2021","format":false,"excerpt":"En 2012 entr\u00f3 en vigor una nueva legislaci\u00f3n que regula la situaci\u00f3n laboral de los y las empleadas de hogar. Entre otras cosas, regula las condiciones que tienen que darse para que un contrato de un empleado de hogar se ajuste a la legalidad. Adem\u00e1s, como con el resto de\u2026","rel":"","context":"En \u00abConsejos legales\u00bb","block_context":{"text":"Consejos legales","link":"https:\/\/www.reclamador.es\/blog\/consejos\/"},"img":{"alt_text":"Empleados de hogar: \u00bfpueden pedir una baja laboral? \u00bfEn qu\u00e9 consiste?","src":"https:\/\/i0.wp.com\/www.reclamador.es\/blog\/wp-content\/uploads\/2018\/07\/planchar-camisa.jpg?fit=1200%2C761&ssl=1&resize=350%2C200","width":350,"height":200,"srcset":"https:\/\/i0.wp.com\/www.reclamador.es\/blog\/wp-content\/uploads\/2018\/07\/planchar-camisa.jpg?fit=1200%2C761&ssl=1&resize=350%2C200 1x, https:\/\/i0.wp.com\/www.reclamador.es\/blog\/wp-content\/uploads\/2018\/07\/planchar-camisa.jpg?fit=1200%2C761&ssl=1&resize=525%2C300 1.5x, https:\/\/i0.wp.com\/www.reclamador.es\/blog\/wp-content\/uploads\/2018\/07\/planchar-camisa.jpg?fit=1200%2C761&ssl=1&resize=700%2C400 2x, https:\/\/i0.wp.com\/www.reclamador.es\/blog\/wp-content\/uploads\/2018\/07\/planchar-camisa.jpg?fit=1200%2C761&ssl=1&resize=1050%2C600 3x"},"classes":[]},{"id":6697,"url":"https:\/\/www.reclamador.es\/blog\/requisitos-para-hacer-una-reclamacion-laboral\/","url_meta":{"origin":8593,"position":1},"title":"Requisitos para tramitar una reclamaci\u00f3n laboral con \u00e9xito","author":"Equipo reclamador","date":"11 junio, 2021","format":false,"excerpt":"En el mundo laboral son muchos los casos que ocurren que no se ajustan a los derechos que tienes como trabajador. Tantos como trabajadores hay. Muchas son las historias que nos llegan d\u00eda a d\u00eda, y a todas ellas intentamos dar asesoramiento a trav\u00e9s de nuestra web.\u00a0 \u00bfQu\u00e9 requisitos tiene\u2026","rel":"","context":"En \u00abConsejos legales\u00bb","block_context":{"text":"Consejos legales","link":"https:\/\/www.reclamador.es\/blog\/consejos\/"},"img":{"alt_text":"c\u00f3mo debe ser una reclamaci\u00f3n laboral","src":"https:\/\/i0.wp.com\/www.reclamador.es\/blog\/wp-content\/uploads\/2017\/03\/reclamacion-laboral-abogados-reclamador.jpg?fit=1200%2C675&ssl=1&resize=350%2C200","width":350,"height":200,"srcset":"https:\/\/i0.wp.com\/www.reclamador.es\/blog\/wp-content\/uploads\/2017\/03\/reclamacion-laboral-abogados-reclamador.jpg?fit=1200%2C675&ssl=1&resize=350%2C200 1x, https:\/\/i0.wp.com\/www.reclamador.es\/blog\/wp-content\/uploads\/2017\/03\/reclamacion-laboral-abogados-reclamador.jpg?fit=1200%2C675&ssl=1&resize=525%2C300 1.5x, https:\/\/i0.wp.com\/www.reclamador.es\/blog\/wp-content\/uploads\/2017\/03\/reclamacion-laboral-abogados-reclamador.jpg?fit=1200%2C675&ssl=1&resize=700%2C400 2x, https:\/\/i0.wp.com\/www.reclamador.es\/blog\/wp-content\/uploads\/2017\/03\/reclamacion-laboral-abogados-reclamador.jpg?fit=1200%2C675&ssl=1&resize=1050%2C600 3x"},"classes":[]},{"id":18294,"url":"https:\/\/www.reclamador.es\/blog\/astenia-primaveral-baja-laboral\/","url_meta":{"origin":8593,"position":2},"title":"\u00bfEn qu\u00e9 casos se puede pedir una baja laboral por astenia primaveral?","author":"Equipo reclamador","date":"15 abril, 2021","format":false,"excerpt":"Seguramente hayas escuchado alguna vez aquello de que \u201cla primavera la sangre altera\u201d. Y, tambi\u00e9n es probable, que hayas pensado que este dicho tan popular se refiere a una estaci\u00f3n del a\u00f1o amigable que trae consigo una explosi\u00f3n de vitalidad. Al menos para muchos. Sin embargo, para otros tantos, el\u2026","rel":"","context":"En \u00abConsejos legales\u00bb","block_context":{"text":"Consejos legales","link":"https:\/\/www.reclamador.es\/blog\/consejos\/"},"img":{"alt_text":"baja laboral por astenia primaveral reclamador","src":"https:\/\/i0.wp.com\/www.reclamador.es\/blog\/wp-content\/uploads\/2018\/05\/baja-laboral-astenia-primaveral.jpg?fit=1200%2C799&ssl=1&resize=350%2C200","width":350,"height":200,"srcset":"https:\/\/i0.wp.com\/www.reclamador.es\/blog\/wp-content\/uploads\/2018\/05\/baja-laboral-astenia-primaveral.jpg?fit=1200%2C799&ssl=1&resize=350%2C200 1x, https:\/\/i0.wp.com\/www.reclamador.es\/blog\/wp-content\/uploads\/2018\/05\/baja-laboral-astenia-primaveral.jpg?fit=1200%2C799&ssl=1&resize=525%2C300 1.5x, https:\/\/i0.wp.com\/www.reclamador.es\/blog\/wp-content\/uploads\/2018\/05\/baja-laboral-astenia-primaveral.jpg?fit=1200%2C799&ssl=1&resize=700%2C400 2x, https:\/\/i0.wp.com\/www.reclamador.es\/blog\/wp-content\/uploads\/2018\/05\/baja-laboral-astenia-primaveral.jpg?fit=1200%2C799&ssl=1&resize=1050%2C600 3x"},"classes":[]},{"id":16473,"url":"https:\/\/www.reclamador.es\/blog\/baja-laboral-depresion\/","url_meta":{"origin":8593,"position":3},"title":"Depresi\u00f3n postvacacional y baja laboral","author":"Equipo reclamador","date":"6 septiembre, 2019","format":false,"excerpt":"Lo bueno si breve, dos veces bueno. O, al menos, eso dice el refr\u00e1n. Sin embargo, este dicho popular no consuela a quienes se incorporan al trabajo despu\u00e9s de haber disfrutado del Puente de Diciembre en su totalidad. Y es que, al final de un periodo de descanso, los h\u00e1bitos\u2026","rel":"","context":"En \u00abConsejos legales\u00bb","block_context":{"text":"Consejos legales","link":"https:\/\/www.reclamador.es\/blog\/consejos\/"},"img":{"alt_text":"baja laboral trabajador","src":"https:\/\/i0.wp.com\/www.reclamador.es\/blog\/wp-content\/uploads\/2019\/09\/depresion-postvacacional-baja-laboral.jpg?fit=1200%2C624&ssl=1&resize=350%2C200","width":350,"height":200,"srcset":"https:\/\/i0.wp.com\/www.reclamador.es\/blog\/wp-content\/uploads\/2019\/09\/depresion-postvacacional-baja-laboral.jpg?fit=1200%2C624&ssl=1&resize=350%2C200 1x, https:\/\/i0.wp.com\/www.reclamador.es\/blog\/wp-content\/uploads\/2019\/09\/depresion-postvacacional-baja-laboral.jpg?fit=1200%2C624&ssl=1&resize=525%2C300 1.5x, https:\/\/i0.wp.com\/www.reclamador.es\/blog\/wp-content\/uploads\/2019\/09\/depresion-postvacacional-baja-laboral.jpg?fit=1200%2C624&ssl=1&resize=700%2C400 2x, https:\/\/i0.wp.com\/www.reclamador.es\/blog\/wp-content\/uploads\/2019\/09\/depresion-postvacacional-baja-laboral.jpg?fit=1200%2C624&ssl=1&resize=1050%2C600 3x"},"classes":[]},{"id":5139,"url":"https:\/\/www.reclamador.es\/blog\/absentismo-laboral\/","url_meta":{"origin":8593,"position":4},"title":"Absentismo laboral: \u00bfQu\u00e9 es y qu\u00e9 consecuencias tiene?","author":"Equipo reclamador","date":"11 noviembre, 2021","format":false,"excerpt":"El absentismo laboral\u00a0o ausentismo es aquella situaci\u00f3n en la que el trabajador falta en la empresa justificada o injustificadamente. Seg\u00fan los soci\u00f3logos el absentismo laboral puede ser de tres tipos: No previsible y no justificado.\u00a0El trabajador no acude a su puesto de trabajo y no ha avisado antes.\u00a0Deber\u00e1 presentar un\u2026","rel":"","context":"En \u00abConsejos legales\u00bb","block_context":{"text":"Consejos legales","link":"https:\/\/www.reclamador.es\/blog\/consejos\/"},"img":{"alt_text":"Absentismo laboral: consecuencias para el trabajador que falta en la empresa, justificada o injustificadamente.","src":"https:\/\/i0.wp.com\/www.reclamador.es\/blog\/wp-content\/uploads\/2018\/10\/oficina-vacia-2.jpg?fit=1200%2C870&ssl=1&resize=350%2C200","width":350,"height":200,"srcset":"https:\/\/i0.wp.com\/www.reclamador.es\/blog\/wp-content\/uploads\/2018\/10\/oficina-vacia-2.jpg?fit=1200%2C870&ssl=1&resize=350%2C200 1x, https:\/\/i0.wp.com\/www.reclamador.es\/blog\/wp-content\/uploads\/2018\/10\/oficina-vacia-2.jpg?fit=1200%2C870&ssl=1&resize=525%2C300 1.5x, https:\/\/i0.wp.com\/www.reclamador.es\/blog\/wp-content\/uploads\/2018\/10\/oficina-vacia-2.jpg?fit=1200%2C870&ssl=1&resize=700%2C400 2x, https:\/\/i0.wp.com\/www.reclamador.es\/blog\/wp-content\/uploads\/2018\/10\/oficina-vacia-2.jpg?fit=1200%2C870&ssl=1&resize=1050%2C600 3x"},"classes":[]},{"id":5143,"url":"https:\/\/www.reclamador.es\/blog\/acoso-laboral\/","url_meta":{"origin":8593,"position":5},"title":"5 tips para conocer si sufres acoso laboral","author":"Equipo reclamador","date":"4 noviembre, 2023","format":false,"excerpt":"El acoso laboral es cada vez m\u00e1s patente en cualquier empleo. Conseguir que un entorno de trabajo est\u00e9 libre de mobbing es un reto para todos los expertos en recursos humanos y directores de empresa, que ven como este problema afecta directamente la estabilidad laboral y productiva de su negocio.\u2026","rel":"","context":"En \u00abConsejos legales\u00bb","block_context":{"text":"Consejos legales","link":"https:\/\/www.reclamador.es\/blog\/consejos\/"},"img":{"alt_text":"camareros - descubrir acoso laboral","src":"https:\/\/i0.wp.com\/www.reclamador.es\/blog\/wp-content\/uploads\/2016\/11\/acoso-laboral-1.jpg?fit=1199%2C631&ssl=1&resize=350%2C200","width":350,"height":200,"srcset":"https:\/\/i0.wp.com\/www.reclamador.es\/blog\/wp-content\/uploads\/2016\/11\/acoso-laboral-1.jpg?fit=1199%2C631&ssl=1&resize=350%2C200 1x, https:\/\/i0.wp.com\/www.reclamador.es\/blog\/wp-content\/uploads\/2016\/11\/acoso-laboral-1.jpg?fit=1199%2C631&ssl=1&resize=525%2C300 1.5x, https:\/\/i0.wp.com\/www.reclamador.es\/blog\/wp-content\/uploads\/2016\/11\/acoso-laboral-1.jpg?fit=1199%2C631&ssl=1&resize=700%2C400 2x, https:\/\/i0.wp.com\/www.reclamador.es\/blog\/wp-content\/uploads\/2016\/11\/acoso-laboral-1.jpg?fit=1199%2C631&ssl=1&resize=1050%2C600 3x"},"classes":[]}],"jetpack_sharing_enabled":true,"_links":{"self":[{"href":"https:\/\/www.reclamador.es\/blog\/wp-json\/wp\/v2\/posts\/8593","targetHints":{"allow":["GET"]}}],"collection":[{"href":"https:\/\/www.reclamador.es\/blog\/wp-json\/wp\/v2\/posts"}],"about":[{"href":"https:\/\/www.reclamador.es\/blog\/wp-json\/wp\/v2\/types\/post"}],"author":[{"embeddable":true,"href":"https:\/\/www.reclamador.es\/blog\/wp-json\/wp\/v2\/users\/1"}],"replies":[{"embeddable":true,"href":"https:\/\/www.reclamador.es\/blog\/wp-json\/wp\/v2\/comments?post=8593"}],"version-history":[{"count":12,"href":"https:\/\/www.reclamador.es\/blog\/wp-json\/wp\/v2\/posts\/8593\/revisions"}],"predecessor-version":[{"id":35106,"href":"https:\/\/www.reclamador.es\/blog\/wp-json\/wp\/v2\/posts\/8593\/revisions\/35106"}],"wp:featuredmedia":[{"embeddable":true,"href":"https:\/\/www.reclamador.es\/blog\/wp-json\/wp\/v2\/media\/32946"}],"wp:attachment":[{"href":"https:\/\/www.reclamador.es\/blog\/wp-json\/wp\/v2\/media?parent=8593"}],"wp:term":[{"taxonomy":"category","embeddable":true,"href":"https:\/\/www.reclamador.es\/blog\/wp-json\/wp\/v2\/categories?post=8593"},{"taxonomy":"post_tag","embeddable":true,"href":"https:\/\/www.reclamador.es\/blog\/wp-json\/wp\/v2\/tags?post=8593"}],"curies":[{"name":"wp","href":"https:\/\/api.w.org\/{rel}","templated":true}]}}