{"id":8576,"date":"2017-08-23T11:00:26","date_gmt":"2017-08-23T09:00:26","guid":{"rendered":"https:\/\/www.reclamador.es\/blog\/?p=8576"},"modified":"2022-11-25T12:02:56","modified_gmt":"2022-11-25T11:02:56","slug":"entrevista-emilio-me-preocupaba-pagar-las-costas","status":"publish","type":"post","link":"https:\/\/www.reclamador.es\/blog\/entrevista-emilio-me-preocupaba-pagar-las-costas\/","title":{"rendered":"\u201cMe preocupaba enfrentarme al equipo jur\u00eddico del banco, perder y tener que pagar las costas\u201d"},"content":{"rendered":"<div class=\"ttr_start\"><\/div>\n\n<div class=\"kk-star-ratings kksr-auto kksr-align-right kksr-valign-top\"\n    data-payload='{&quot;align&quot;:&quot;right&quot;,&quot;id&quot;:&quot;8576&quot;,&quot;slug&quot;:&quot;default&quot;,&quot;valign&quot;:&quot;top&quot;,&quot;ignore&quot;:&quot;&quot;,&quot;reference&quot;:&quot;auto&quot;,&quot;class&quot;:&quot;&quot;,&quot;count&quot;:&quot;0&quot;,&quot;legendonly&quot;:&quot;&quot;,&quot;readonly&quot;:&quot;&quot;,&quot;score&quot;:&quot;0&quot;,&quot;starsonly&quot;:&quot;&quot;,&quot;best&quot;:&quot;5&quot;,&quot;gap&quot;:&quot;3&quot;,&quot;greet&quot;:&quot;Valora este art\u00edculo&quot;,&quot;legend&quot;:&quot;0\\\/5 - (0 votos)&quot;,&quot;size&quot;:&quot;20&quot;,&quot;title&quot;:&quot;\u201cMe preocupaba enfrentarme al equipo jur\u00eddico del banco, perder y tener que pagar las costas\u201d&quot;,&quot;width&quot;:&quot;0&quot;,&quot;_legend&quot;:&quot;{score}\\\/{best} - ({count} {votes})&quot;,&quot;font_factor&quot;:&quot;1.25&quot;}'>\n            \n<div class=\"kksr-stars\">\n    \n<div class=\"kksr-stars-inactive\">\n            <div class=\"kksr-star\" data-star=\"1\" style=\"padding-right: 3px\">\n            \n\n<div class=\"kksr-icon\" style=\"width: 20px; height: 20px;\"><\/div>\n        <\/div>\n            <div class=\"kksr-star\" data-star=\"2\" style=\"padding-right: 3px\">\n            \n\n<div class=\"kksr-icon\" style=\"width: 20px; height: 20px;\"><\/div>\n        <\/div>\n            <div class=\"kksr-star\" data-star=\"3\" style=\"padding-right: 3px\">\n            \n\n<div class=\"kksr-icon\" style=\"width: 20px; height: 20px;\"><\/div>\n        <\/div>\n            <div class=\"kksr-star\" data-star=\"4\" style=\"padding-right: 3px\">\n            \n\n<div class=\"kksr-icon\" style=\"width: 20px; height: 20px;\"><\/div>\n        <\/div>\n            <div class=\"kksr-star\" data-star=\"5\" style=\"padding-right: 3px\">\n            \n\n<div class=\"kksr-icon\" style=\"width: 20px; height: 20px;\"><\/div>\n        <\/div>\n    <\/div>\n    \n<div class=\"kksr-stars-active\" style=\"width: 0px;\">\n            <div class=\"kksr-star\" style=\"padding-right: 3px\">\n            \n\n<div class=\"kksr-icon\" style=\"width: 20px; height: 20px;\"><\/div>\n        <\/div>\n            <div class=\"kksr-star\" style=\"padding-right: 3px\">\n            \n\n<div class=\"kksr-icon\" style=\"width: 20px; height: 20px;\"><\/div>\n        <\/div>\n            <div class=\"kksr-star\" style=\"padding-right: 3px\">\n            \n\n<div class=\"kksr-icon\" style=\"width: 20px; height: 20px;\"><\/div>\n        <\/div>\n            <div class=\"kksr-star\" style=\"padding-right: 3px\">\n            \n\n<div class=\"kksr-icon\" style=\"width: 20px; height: 20px;\"><\/div>\n        <\/div>\n            <div class=\"kksr-star\" style=\"padding-right: 3px\">\n            \n\n<div class=\"kksr-icon\" style=\"width: 20px; height: 20px;\"><\/div>\n        <\/div>\n    <\/div>\n<\/div>\n                \n\n<div class=\"kksr-legend\" style=\"font-size: 16px;\">\n            <span class=\"kksr-muted\">Valora este art\u00edculo<\/span>\n    <\/div>\n    <\/div>\n<figure id=\"attachment_8661\" aria-describedby=\"caption-attachment-8661\" style=\"width: 1200px\" class=\"wp-caption alignnone\"><img data-recalc-dims=\"1\" loading=\"lazy\" decoding=\"async\" class=\"size-full wp-image-8661\" src=\"https:\/\/i0.wp.com\/www.reclamador.es\/blog\/wp-content\/uploads\/2017\/06\/emilio.jpg?resize=1200%2C800&#038;ssl=1\" alt=\"emilio, cliente satisfecho de reclamador.es que estaba preocupado por la posibilidad de tener que pagar las costas. foto de reclamador.es, compa\u00f1\u00eda de reclamaciones sonline\" width=\"1200\" height=\"800\" srcset=\"https:\/\/i0.wp.com\/www.reclamador.es\/blog\/wp-content\/uploads\/2017\/06\/emilio.jpg?w=1200&amp;ssl=1 1200w, https:\/\/i0.wp.com\/www.reclamador.es\/blog\/wp-content\/uploads\/2017\/06\/emilio.jpg?resize=300%2C200&amp;ssl=1 300w, https:\/\/i0.wp.com\/www.reclamador.es\/blog\/wp-content\/uploads\/2017\/06\/emilio.jpg?resize=768%2C512&amp;ssl=1 768w\" sizes=\"auto, (max-width: 1000px) 100vw, 1000px\" \/><figcaption id=\"caption-attachment-8661\" class=\"wp-caption-text\"><em>Emilio, afectado por la cl\u00e1usula suelo de Caja Rural de Castilla La Mancha, ha recuperado\u00a02.182 euros.<\/em><\/figcaption><\/figure>\n<p>A estas alturas de la pel\u00edcula muchos son los bancos que a\u00fan siguen aplicando el \u2018suelo\u2019 en la hipoteca. Adem\u00e1s rechazan la devoluci\u00f3n \u00edntegra de las de las cantidades cobradas de forma indebida a los consumidores. Han pasado m\u00e1s de 10 a\u00f1os desde que la banca empez\u00f3 a incluir este inter\u00e9s abusivo\u00a0en las escrituras de miles de hipotecados en Espa\u00f1a y la lucha contin\u00faa. <strong>Hay luz al final del t\u00fanel: cada vez son m\u00e1s las personas que reclaman\u00a0y consiguen hacer justicia.<\/strong><\/p>\n<p>Esta semana conocemos el caso de Emilio Bautista (Aranjuez, Madrid). Es uno de los m\u00e1s de 3 millones de\u00a0afectados en Espa\u00f1a, que ha reclamado a su banco con nosotros. Ha conseguido recuperar el dinero pagado de m\u00e1s y tambi\u00e9n ha logrado la nulidad de esta cl\u00e1usula. Emilio, <strong>que no hab\u00eda trabajado en el sector bancario ni en el inmobiliario,<\/strong> descubri\u00f3 la cl\u00e1usula suelo en las escrituras de su hipoteca a ra\u00edz de las noticias en los medios de comunicaci\u00f3n. Gan\u00f3\u00a0su reclamaci\u00f3n hace dos meses. <strong>La cuota mensual de su hipoteca le ha bajado en m\u00e1s de 100 euros\u00a0y el banco le ha devuelto\u00a0<\/strong><span id=\":1dt.co\" class=\"tL8wMe EMoHub\" dir=\"ltr\"><strong>un total de 2.182 euros.<\/strong><\/span><\/p>\n<p><span id=\":1dt.co\" class=\"tL8wMe EMoHub\" dir=\"ltr\">Emilio tambi\u00e9n est\u00e1 reclamando con nosotros los <strong>gastos de formalizaci\u00f3n de su hipoteca<\/strong>. Te recordamos que son los costes que impone la banca al constituir\u00a0hipotecas. \u00a0Como los gastos de registro y notar\u00eda y el pago del Impuesto de Actos Jur\u00eddicos Documentados (IAJD). Representan alrededor entre el 3 y el 5% del valor de la vivienda, y\u00a0<strong>se pueden reclamar<\/strong>. La justicia est\u00e1 avalando la devoluci\u00f3n de estos gastos en cada vez m\u00e1s sentencias que dan mayoritariamente la raz\u00f3n a los consumidores.\u00a0<\/span><\/p>\n<p><span id=\":1dt.co\" class=\"tL8wMe EMoHub\" dir=\"ltr\">Comenzamos con la entrevista:<\/span><\/p>\n<h2>Hola Emilio. \u00bfEn qu\u00e9 banco ten\u00edas la hipoteca?<\/h2>\n<p>En Caja Rural de Castilla La Mancha.<\/p>\n<h2>\u00bfC\u00f3mo descubriste la cl\u00e1usula suelo?<\/h2>\n<p>Al principio o\u00eda\u00a0hablar de ello en los distintos medios de comunicaci\u00f3n\u00a0y no le di importancia. Pero cuando comprobaba mes a mes que el Euribor segu\u00eda\u00a0bajando y el importe de mi recibo no lo hac\u00eda, decid\u00ed informarme y averiguar si pod\u00eda\u00a0beneficiarme de esa\u00a0circunstancia.<\/p>\n<h2>\u00bfIntentaste reclamar por tu cuenta o negociar con el banco?<\/h2>\n<p>S\u00ed. Pregunt\u00e9 en Caja Rural y todo eran negativas, por lo que empec\u00e9 a buscar la forma de reclamarlo y aparecisteis vosotros.<\/p>\n<h2>\u00bfQu\u00e9 es lo que m\u00e1s te preocupaba de reclamar al banco?<\/h2>\n<p>El enfrentarme a los equipos jur\u00eddicos del banco, ya que la capacidad econ\u00f3mica del mismo le permite contratar grandes bufetes de abogados. Tambi\u00e9n, el perder el pleito y tener que pagar las costas me frenaba a reclamar.<\/p>\n<h2>\u00bfC\u00f3mo es reclamar con nosotros?<\/h2>\n<p>El proceso me ha parecido muy sencillo. Lo m\u00e1s complicado que tuve que hacer fue dar un paseo para ir al notario a dar las oportunos permisos. As\u00ed pod\u00edais representarme y reclamar en mi nombre.<\/p>\n<blockquote><p>Me gusta mucho la f\u00f3rmula que aplic\u00e1is, ya que nos permite a todos los ciudadanos acceder a la justicia independientemente de los recursos econ\u00f3micos\u00a0que se tengan<\/p><\/blockquote>\n<h2>\u00bfDudabas de ganar tu reclamaci\u00f3n\u00a0?<\/h2>\n<p>Ten\u00eda confianza en vosotros y en la f\u00f3rmula que aplic\u00e1is. S\u00ed es cierto que ten\u00eda alguna duda por la particularidad de mi caso, porque mi vivienda\u00a0es de cooperativa y estuvo gestionada por una gestora. Tem\u00eda que esa circunstancia\u00a0pudiera\u00a0hacerle pensar al juez que yo deber\u00eda\u00a0de haber tenido m\u00e1s responsabilidad en la contrataci\u00f3n\u00a0de la hipoteca con\u00a0el banco, al tener\u00a0de alguna manera m\u00e1s implicaci\u00f3n\u00a0que al comprarlo directamente a una promotora.<strong>\u00a0<\/strong><\/p>\n<h2>\u00bfQu\u00e9 le dir\u00edas a otras personas que se encuentren en tu misma situaci\u00f3n? Dales un consejo Emilio<\/h2>\n<p>Que reclamador les ofrece la posibilidad de <strong>acceder a la justicia de igual a igual. <\/strong>Adem\u00e1s\u00a0sin el miedo a enfrentarse a los grandes bufetes. Y lo hace de una forma sencilla y sin costes.<\/p>\n<p>Me gusta mucho la f\u00f3rmula que aplic\u00e1is. Ya que nos permite a todos los ciudadanos acceder a la justicia independientemente de los recursos econ\u00f3micos\u00a0que se tengan y prevaleciendo \u00fanicamente\u00a0la raz\u00f3n\u00a0de\u00a0la causa a defender. Adem\u00e1s, el que exist\u00e1is\u00a0ha hecho que aquellas empresas u organismos que tienen abogados en sus plantillas y que por tanto les da lo mismo el n\u00famero de pleitos que puedan tener,\u00a0se planteen a partir de vuestra presencia\u00a0el seguir aplicado este tipo de pr\u00e1cticas\u00a0abusivas.<\/p>\n<h2>Muchas gracias por tus palabras Emilio y suerte con tu segunda reclamaci\u00f3n<\/h2>\n<div class=\"ttr_end\"><\/div>","protected":false},"excerpt":{"rendered":"<p>A estas alturas de la pel\u00edcula muchos son los bancos que a\u00fan siguen aplicando el \u2018suelo\u2019 en la hipoteca. Adem\u00e1s rechazan la devoluci\u00f3n \u00edntegra de las de las cantidades cobradas de forma indebida a los consumidores. Han pasado m\u00e1s de 10 a\u00f1os desde que la banca empez\u00f3 a incluir este inter\u00e9s abusivo\u00a0en las escrituras de [&hellip;]<\/p>\n","protected":false},"author":3,"featured_media":8661,"comment_status":"closed","ping_status":"open","sticky":false,"template":"","format":"standard","meta":{"_acf_changed":false,"_genesis_hide_title":false,"_genesis_hide_breadcrumbs":false,"_genesis_hide_singular_image":false,"_genesis_hide_footer_widgets":false,"_genesis_custom_body_class":"","_genesis_custom_post_class":"","_genesis_layout":"","_jetpack_newsletter_access":"","_jetpack_dont_email_post_to_subs":false,"_jetpack_newsletter_tier_id":0,"_jetpack_memberships_contains_paywalled_content":false,"_jetpack_memberships_contains_paid_content":false,"footnotes":""},"categories":[396],"tags":[278,97,255],"class_list":{"0":"post-8576","1":"post","2":"type-post","3":"status-publish","4":"format-standard","5":"has-post-thumbnail","7":"category-reclamadores","8":"tag-banca","9":"tag-clausula-suelo","10":"tag-indemnizacion","11":"entry"},"acf":[],"yoast_head":"<!-- This site is optimized with the Yoast SEO plugin v27.4 - https:\/\/yoast.com\/product\/yoast-seo-wordpress\/ -->\n<title>Me preocupaba perder la reclamaci\u00f3n y tener que pagar las costas<\/title>\n<meta name=\"description\" content=\"Emilio nos cuenta los miedo que tuvo que superar para llevar a cabo su reclamaci\u00f3n. Sobre todo el miedo a perder y tener que pagar las costas.\" \/>\n<meta name=\"robots\" content=\"index, follow, max-snippet:-1, max-image-preview:large, max-video-preview:-1\" \/>\n<link rel=\"canonical\" href=\"https:\/\/www.reclamador.es\/blog\/entrevista-emilio-me-preocupaba-pagar-las-costas\/\" \/>\n<meta property=\"og:locale\" content=\"es_ES\" \/>\n<meta property=\"og:type\" content=\"article\" \/>\n<meta property=\"og:title\" content=\"Me preocupaba perder la reclamaci\u00f3n y tener que pagar las costas\" \/>\n<meta property=\"og:description\" content=\"Emilio nos cuenta los miedo que tuvo que superar para llevar a cabo su reclamaci\u00f3n. Sobre todo el miedo a perder y tener que pagar las costas.\" \/>\n<meta property=\"og:url\" content=\"https:\/\/www.reclamador.es\/blog\/entrevista-emilio-me-preocupaba-pagar-las-costas\/\" \/>\n<meta property=\"og:site_name\" content=\"Rebeldes con causa, el blog de reclamador.es\" \/>\n<meta property=\"article:publisher\" content=\"https:\/\/www.facebook.com\/reclamador.es\" \/>\n<meta property=\"article:published_time\" content=\"2017-08-23T09:00:26+00:00\" \/>\n<meta property=\"article:modified_time\" content=\"2022-11-25T11:02:56+00:00\" \/>\n<meta property=\"og:image\" content=\"https:\/\/i0.wp.com\/www.reclamador.es\/blog\/wp-content\/uploads\/2017\/06\/emilio.jpg?fit=1200%2C800&ssl=1\" \/>\n\t<meta property=\"og:image:width\" content=\"1200\" \/>\n\t<meta property=\"og:image:height\" content=\"800\" \/>\n\t<meta property=\"og:image:type\" content=\"image\/jpeg\" \/>\n<meta name=\"author\" content=\"Cristina Naveda\" \/>\n<meta name=\"twitter:card\" content=\"summary_large_image\" \/>\n<meta name=\"twitter:creator\" content=\"@reclamador\" \/>\n<meta name=\"twitter:site\" content=\"@reclamador\" \/>\n<meta name=\"twitter:label1\" content=\"Escrito por\" \/>\n\t<meta name=\"twitter:data1\" content=\"Cristina Naveda\" \/>\n\t<meta name=\"twitter:label2\" content=\"Tiempo de lectura\" \/>\n\t<meta name=\"twitter:data2\" content=\"4 minutos\" \/>\n<script type=\"application\/ld+json\" class=\"yoast-schema-graph\">{\"@context\":\"https:\\\/\\\/schema.org\",\"@graph\":[{\"@type\":\"Article\",\"@id\":\"https:\\\/\\\/www.reclamador.es\\\/blog\\\/entrevista-emilio-me-preocupaba-pagar-las-costas\\\/#article\",\"isPartOf\":{\"@id\":\"https:\\\/\\\/www.reclamador.es\\\/blog\\\/entrevista-emilio-me-preocupaba-pagar-las-costas\\\/\"},\"author\":{\"name\":\"Cristina Naveda\",\"@id\":\"https:\\\/\\\/www.reclamador.es\\\/blog\\\/#\\\/schema\\\/person\\\/c446a02b3fcf1607a8a2139c36fbe583\"},\"headline\":\"\u201cMe preocupaba enfrentarme al equipo jur\u00eddico del banco, perder y tener que pagar las costas\u201d\",\"datePublished\":\"2017-08-23T09:00:26+00:00\",\"dateModified\":\"2022-11-25T11:02:56+00:00\",\"mainEntityOfPage\":{\"@id\":\"https:\\\/\\\/www.reclamador.es\\\/blog\\\/entrevista-emilio-me-preocupaba-pagar-las-costas\\\/\"},\"wordCount\":826,\"publisher\":{\"@id\":\"https:\\\/\\\/www.reclamador.es\\\/blog\\\/#organization\"},\"image\":{\"@id\":\"https:\\\/\\\/www.reclamador.es\\\/blog\\\/entrevista-emilio-me-preocupaba-pagar-las-costas\\\/#primaryimage\"},\"thumbnailUrl\":\"https:\\\/\\\/i0.wp.com\\\/www.reclamador.es\\\/blog\\\/wp-content\\\/uploads\\\/2017\\\/06\\\/emilio.jpg?fit=1200%2C800&ssl=1\",\"keywords\":[\"banca\",\"clausula suelo\",\"indemnizaci\u00f3n\"],\"articleSection\":[\"Conoce todo lo que sucede en reclamador.es\"],\"inLanguage\":\"es\"},{\"@type\":\"WebPage\",\"@id\":\"https:\\\/\\\/www.reclamador.es\\\/blog\\\/entrevista-emilio-me-preocupaba-pagar-las-costas\\\/\",\"url\":\"https:\\\/\\\/www.reclamador.es\\\/blog\\\/entrevista-emilio-me-preocupaba-pagar-las-costas\\\/\",\"name\":\"Me preocupaba perder la reclamaci\u00f3n y tener que pagar las costas\",\"isPartOf\":{\"@id\":\"https:\\\/\\\/www.reclamador.es\\\/blog\\\/#website\"},\"primaryImageOfPage\":{\"@id\":\"https:\\\/\\\/www.reclamador.es\\\/blog\\\/entrevista-emilio-me-preocupaba-pagar-las-costas\\\/#primaryimage\"},\"image\":{\"@id\":\"https:\\\/\\\/www.reclamador.es\\\/blog\\\/entrevista-emilio-me-preocupaba-pagar-las-costas\\\/#primaryimage\"},\"thumbnailUrl\":\"https:\\\/\\\/i0.wp.com\\\/www.reclamador.es\\\/blog\\\/wp-content\\\/uploads\\\/2017\\\/06\\\/emilio.jpg?fit=1200%2C800&ssl=1\",\"datePublished\":\"2017-08-23T09:00:26+00:00\",\"dateModified\":\"2022-11-25T11:02:56+00:00\",\"description\":\"Emilio nos cuenta los miedo que tuvo que superar para llevar a cabo su reclamaci\u00f3n. Sobre todo el miedo a perder y tener que pagar las costas.\",\"breadcrumb\":{\"@id\":\"https:\\\/\\\/www.reclamador.es\\\/blog\\\/entrevista-emilio-me-preocupaba-pagar-las-costas\\\/#breadcrumb\"},\"inLanguage\":\"es\",\"potentialAction\":[{\"@type\":\"ReadAction\",\"target\":[\"https:\\\/\\\/www.reclamador.es\\\/blog\\\/entrevista-emilio-me-preocupaba-pagar-las-costas\\\/\"]}]},{\"@type\":\"ImageObject\",\"inLanguage\":\"es\",\"@id\":\"https:\\\/\\\/www.reclamador.es\\\/blog\\\/entrevista-emilio-me-preocupaba-pagar-las-costas\\\/#primaryimage\",\"url\":\"https:\\\/\\\/i0.wp.com\\\/www.reclamador.es\\\/blog\\\/wp-content\\\/uploads\\\/2017\\\/06\\\/emilio.jpg?fit=1200%2C800&ssl=1\",\"contentUrl\":\"https:\\\/\\\/i0.wp.com\\\/www.reclamador.es\\\/blog\\\/wp-content\\\/uploads\\\/2017\\\/06\\\/emilio.jpg?fit=1200%2C800&ssl=1\",\"width\":1200,\"height\":800,\"caption\":\"Emilio, afectado por la cl\u00e1usula suelo del\"},{\"@type\":\"BreadcrumbList\",\"@id\":\"https:\\\/\\\/www.reclamador.es\\\/blog\\\/entrevista-emilio-me-preocupaba-pagar-las-costas\\\/#breadcrumb\",\"itemListElement\":[{\"@type\":\"ListItem\",\"position\":1,\"name\":\"Portada\",\"item\":\"https:\\\/\\\/www.reclamador.es\\\/blog\\\/\"},{\"@type\":\"ListItem\",\"position\":2,\"name\":\"\u201cMe preocupaba enfrentarme al equipo jur\u00eddico del banco, perder y tener que pagar las costas\u201d\"}]},{\"@type\":\"WebSite\",\"@id\":\"https:\\\/\\\/www.reclamador.es\\\/blog\\\/#website\",\"url\":\"https:\\\/\\\/www.reclamador.es\\\/blog\\\/\",\"name\":\"Rebeldes con causa, el blog de reclamador.es\",\"description\":\"Noticias, entrevistas y consejos sobre reclamaciones\",\"publisher\":{\"@id\":\"https:\\\/\\\/www.reclamador.es\\\/blog\\\/#organization\"},\"potentialAction\":[{\"@type\":\"SearchAction\",\"target\":{\"@type\":\"EntryPoint\",\"urlTemplate\":\"https:\\\/\\\/www.reclamador.es\\\/blog\\\/?s={search_term_string}\"},\"query-input\":{\"@type\":\"PropertyValueSpecification\",\"valueRequired\":true,\"valueName\":\"search_term_string\"}}],\"inLanguage\":\"es\"},{\"@type\":\"Organization\",\"@id\":\"https:\\\/\\\/www.reclamador.es\\\/blog\\\/#organization\",\"name\":\"reclamador.es\",\"url\":\"https:\\\/\\\/www.reclamador.es\\\/blog\\\/\",\"logo\":{\"@type\":\"ImageObject\",\"inLanguage\":\"es\",\"@id\":\"https:\\\/\\\/www.reclamador.es\\\/blog\\\/#\\\/schema\\\/logo\\\/image\\\/\",\"url\":\"https:\\\/\\\/i0.wp.com\\\/www.reclamador.es\\\/blog\\\/wp-content\\\/uploads\\\/2020\\\/01\\\/logo-reclamador.png?fit=1200%2C144&ssl=1\",\"contentUrl\":\"https:\\\/\\\/i0.wp.com\\\/www.reclamador.es\\\/blog\\\/wp-content\\\/uploads\\\/2020\\\/01\\\/logo-reclamador.png?fit=1200%2C144&ssl=1\",\"width\":1200,\"height\":144,\"caption\":\"reclamador.es\"},\"image\":{\"@id\":\"https:\\\/\\\/www.reclamador.es\\\/blog\\\/#\\\/schema\\\/logo\\\/image\\\/\"},\"sameAs\":[\"https:\\\/\\\/www.facebook.com\\\/reclamador.es\",\"https:\\\/\\\/x.com\\\/reclamador\",\"https:\\\/\\\/www.instagram.com\\\/reclamador.es\\\/\",\"https:\\\/\\\/www.linkedin.com\\\/company\\\/reclamador-es\",\"https:\\\/\\\/www.youtube.com\\\/user\\\/Reclamadores\"]},{\"@type\":\"Person\",\"@id\":\"https:\\\/\\\/www.reclamador.es\\\/blog\\\/#\\\/schema\\\/person\\\/c446a02b3fcf1607a8a2139c36fbe583\",\"name\":\"Cristina Naveda\",\"image\":{\"@type\":\"ImageObject\",\"inLanguage\":\"es\",\"@id\":\"https:\\\/\\\/secure.gravatar.com\\\/avatar\\\/1df04000ab560ffd4824a3ce70f826eb8bd6a9bfc6cc9097a363e6cd67f07ec0?s=96&d=mm&r=g\",\"url\":\"https:\\\/\\\/secure.gravatar.com\\\/avatar\\\/1df04000ab560ffd4824a3ce70f826eb8bd6a9bfc6cc9097a363e6cd67f07ec0?s=96&d=mm&r=g\",\"contentUrl\":\"https:\\\/\\\/secure.gravatar.com\\\/avatar\\\/1df04000ab560ffd4824a3ce70f826eb8bd6a9bfc6cc9097a363e6cd67f07ec0?s=96&d=mm&r=g\",\"caption\":\"Cristina Naveda\"},\"description\":\"Me encanta unir la informaci\u00f3n con las personas. Me esfuerzo para que reclamador haga bien esa uni\u00f3n desde el equipo de comunicaci\u00f3n.\",\"url\":\"https:\\\/\\\/www.reclamador.es\\\/blog\\\/author\\\/cristina\\\/\"}]}<\/script>\n<!-- \/ Yoast SEO plugin. -->","yoast_head_json":{"title":"Me preocupaba perder la reclamaci\u00f3n y tener que pagar las costas","description":"Emilio nos cuenta los miedo que tuvo que superar para llevar a cabo su reclamaci\u00f3n. Sobre todo el miedo a perder y tener que pagar las costas.","robots":{"index":"index","follow":"follow","max-snippet":"max-snippet:-1","max-image-preview":"max-image-preview:large","max-video-preview":"max-video-preview:-1"},"canonical":"https:\/\/www.reclamador.es\/blog\/entrevista-emilio-me-preocupaba-pagar-las-costas\/","og_locale":"es_ES","og_type":"article","og_title":"Me preocupaba perder la reclamaci\u00f3n y tener que pagar las costas","og_description":"Emilio nos cuenta los miedo que tuvo que superar para llevar a cabo su reclamaci\u00f3n. Sobre todo el miedo a perder y tener que pagar las costas.","og_url":"https:\/\/www.reclamador.es\/blog\/entrevista-emilio-me-preocupaba-pagar-las-costas\/","og_site_name":"Rebeldes con causa, el blog de reclamador.es","article_publisher":"https:\/\/www.facebook.com\/reclamador.es","article_published_time":"2017-08-23T09:00:26+00:00","article_modified_time":"2022-11-25T11:02:56+00:00","og_image":[{"width":1200,"height":800,"url":"https:\/\/i0.wp.com\/www.reclamador.es\/blog\/wp-content\/uploads\/2017\/06\/emilio.jpg?fit=1200%2C800&ssl=1","type":"image\/jpeg"}],"author":"Cristina Naveda","twitter_card":"summary_large_image","twitter_creator":"@reclamador","twitter_site":"@reclamador","twitter_misc":{"Escrito por":"Cristina Naveda","Tiempo de lectura":"4 minutos"},"schema":{"@context":"https:\/\/schema.org","@graph":[{"@type":"Article","@id":"https:\/\/www.reclamador.es\/blog\/entrevista-emilio-me-preocupaba-pagar-las-costas\/#article","isPartOf":{"@id":"https:\/\/www.reclamador.es\/blog\/entrevista-emilio-me-preocupaba-pagar-las-costas\/"},"author":{"name":"Cristina Naveda","@id":"https:\/\/www.reclamador.es\/blog\/#\/schema\/person\/c446a02b3fcf1607a8a2139c36fbe583"},"headline":"\u201cMe preocupaba enfrentarme al equipo jur\u00eddico del banco, perder y tener que pagar las costas\u201d","datePublished":"2017-08-23T09:00:26+00:00","dateModified":"2022-11-25T11:02:56+00:00","mainEntityOfPage":{"@id":"https:\/\/www.reclamador.es\/blog\/entrevista-emilio-me-preocupaba-pagar-las-costas\/"},"wordCount":826,"publisher":{"@id":"https:\/\/www.reclamador.es\/blog\/#organization"},"image":{"@id":"https:\/\/www.reclamador.es\/blog\/entrevista-emilio-me-preocupaba-pagar-las-costas\/#primaryimage"},"thumbnailUrl":"https:\/\/i0.wp.com\/www.reclamador.es\/blog\/wp-content\/uploads\/2017\/06\/emilio.jpg?fit=1200%2C800&ssl=1","keywords":["banca","clausula suelo","indemnizaci\u00f3n"],"articleSection":["Conoce todo lo que sucede en reclamador.es"],"inLanguage":"es"},{"@type":"WebPage","@id":"https:\/\/www.reclamador.es\/blog\/entrevista-emilio-me-preocupaba-pagar-las-costas\/","url":"https:\/\/www.reclamador.es\/blog\/entrevista-emilio-me-preocupaba-pagar-las-costas\/","name":"Me preocupaba perder la reclamaci\u00f3n y tener que pagar las costas","isPartOf":{"@id":"https:\/\/www.reclamador.es\/blog\/#website"},"primaryImageOfPage":{"@id":"https:\/\/www.reclamador.es\/blog\/entrevista-emilio-me-preocupaba-pagar-las-costas\/#primaryimage"},"image":{"@id":"https:\/\/www.reclamador.es\/blog\/entrevista-emilio-me-preocupaba-pagar-las-costas\/#primaryimage"},"thumbnailUrl":"https:\/\/i0.wp.com\/www.reclamador.es\/blog\/wp-content\/uploads\/2017\/06\/emilio.jpg?fit=1200%2C800&ssl=1","datePublished":"2017-08-23T09:00:26+00:00","dateModified":"2022-11-25T11:02:56+00:00","description":"Emilio nos cuenta los miedo que tuvo que superar para llevar a cabo su reclamaci\u00f3n. Sobre todo el miedo a perder y tener que pagar las costas.","breadcrumb":{"@id":"https:\/\/www.reclamador.es\/blog\/entrevista-emilio-me-preocupaba-pagar-las-costas\/#breadcrumb"},"inLanguage":"es","potentialAction":[{"@type":"ReadAction","target":["https:\/\/www.reclamador.es\/blog\/entrevista-emilio-me-preocupaba-pagar-las-costas\/"]}]},{"@type":"ImageObject","inLanguage":"es","@id":"https:\/\/www.reclamador.es\/blog\/entrevista-emilio-me-preocupaba-pagar-las-costas\/#primaryimage","url":"https:\/\/i0.wp.com\/www.reclamador.es\/blog\/wp-content\/uploads\/2017\/06\/emilio.jpg?fit=1200%2C800&ssl=1","contentUrl":"https:\/\/i0.wp.com\/www.reclamador.es\/blog\/wp-content\/uploads\/2017\/06\/emilio.jpg?fit=1200%2C800&ssl=1","width":1200,"height":800,"caption":"Emilio, afectado por la cl\u00e1usula suelo del"},{"@type":"BreadcrumbList","@id":"https:\/\/www.reclamador.es\/blog\/entrevista-emilio-me-preocupaba-pagar-las-costas\/#breadcrumb","itemListElement":[{"@type":"ListItem","position":1,"name":"Portada","item":"https:\/\/www.reclamador.es\/blog\/"},{"@type":"ListItem","position":2,"name":"\u201cMe preocupaba enfrentarme al equipo jur\u00eddico del banco, perder y tener que pagar las costas\u201d"}]},{"@type":"WebSite","@id":"https:\/\/www.reclamador.es\/blog\/#website","url":"https:\/\/www.reclamador.es\/blog\/","name":"Rebeldes con causa, el blog de reclamador.es","description":"Noticias, entrevistas y consejos sobre reclamaciones","publisher":{"@id":"https:\/\/www.reclamador.es\/blog\/#organization"},"potentialAction":[{"@type":"SearchAction","target":{"@type":"EntryPoint","urlTemplate":"https:\/\/www.reclamador.es\/blog\/?s={search_term_string}"},"query-input":{"@type":"PropertyValueSpecification","valueRequired":true,"valueName":"search_term_string"}}],"inLanguage":"es"},{"@type":"Organization","@id":"https:\/\/www.reclamador.es\/blog\/#organization","name":"reclamador.es","url":"https:\/\/www.reclamador.es\/blog\/","logo":{"@type":"ImageObject","inLanguage":"es","@id":"https:\/\/www.reclamador.es\/blog\/#\/schema\/logo\/image\/","url":"https:\/\/i0.wp.com\/www.reclamador.es\/blog\/wp-content\/uploads\/2020\/01\/logo-reclamador.png?fit=1200%2C144&ssl=1","contentUrl":"https:\/\/i0.wp.com\/www.reclamador.es\/blog\/wp-content\/uploads\/2020\/01\/logo-reclamador.png?fit=1200%2C144&ssl=1","width":1200,"height":144,"caption":"reclamador.es"},"image":{"@id":"https:\/\/www.reclamador.es\/blog\/#\/schema\/logo\/image\/"},"sameAs":["https:\/\/www.facebook.com\/reclamador.es","https:\/\/x.com\/reclamador","https:\/\/www.instagram.com\/reclamador.es\/","https:\/\/www.linkedin.com\/company\/reclamador-es","https:\/\/www.youtube.com\/user\/Reclamadores"]},{"@type":"Person","@id":"https:\/\/www.reclamador.es\/blog\/#\/schema\/person\/c446a02b3fcf1607a8a2139c36fbe583","name":"Cristina Naveda","image":{"@type":"ImageObject","inLanguage":"es","@id":"https:\/\/secure.gravatar.com\/avatar\/1df04000ab560ffd4824a3ce70f826eb8bd6a9bfc6cc9097a363e6cd67f07ec0?s=96&d=mm&r=g","url":"https:\/\/secure.gravatar.com\/avatar\/1df04000ab560ffd4824a3ce70f826eb8bd6a9bfc6cc9097a363e6cd67f07ec0?s=96&d=mm&r=g","contentUrl":"https:\/\/secure.gravatar.com\/avatar\/1df04000ab560ffd4824a3ce70f826eb8bd6a9bfc6cc9097a363e6cd67f07ec0?s=96&d=mm&r=g","caption":"Cristina Naveda"},"description":"Me encanta unir la informaci\u00f3n con las personas. Me esfuerzo para que reclamador haga bien esa uni\u00f3n desde el equipo de comunicaci\u00f3n.","url":"https:\/\/www.reclamador.es\/blog\/author\/cristina\/"}]}},"jetpack_featured_media_url":"https:\/\/i0.wp.com\/www.reclamador.es\/blog\/wp-content\/uploads\/2017\/06\/emilio.jpg?fit=1200%2C800&ssl=1","jetpack-related-posts":[{"id":4153,"url":"https:\/\/www.reclamador.es\/blog\/como-saber-si-mi-hipoteca-tiene-clausula-suelo\/","url_meta":{"origin":8576,"position":0},"title":"\u00bfC\u00f3mo saber si mi hipoteca tiene cl\u00e1usula suelo?","author":"Equipo reclamador","date":"8 enero, 2017","format":false,"excerpt":"Este texto sobre c\u00f3mo saber si una hipoteca tiene cl\u00e1usula suelo ha sido revisado y actualizado en septiembre 2024. El Tribunal de Justicia de la Uni\u00f3n Europea se pronunci\u00f3 sobre la retroactividad de la cl\u00e1usula suelo. Concretamente, el 21 de diciembre de 2016, este tribunal sentenci\u00f3 que los bancos deben\u2026","rel":"","context":"En \u00abConsejos legales\u00bb","block_context":{"text":"Consejos legales","link":"https:\/\/www.reclamador.es\/blog\/consejos\/"},"img":{"alt_text":"\u00bfC\u00f3mo saber si mi hipoteca tiene cl\u00e1usula suelo","src":"https:\/\/i0.wp.com\/www.reclamador.es\/blog\/wp-content\/uploads\/2016\/05\/Como-saber-si-mi-hipoteca-tiene-clausula-suelo.jpg?fit=1198%2C629&ssl=1&resize=350%2C200","width":350,"height":200,"srcset":"https:\/\/i0.wp.com\/www.reclamador.es\/blog\/wp-content\/uploads\/2016\/05\/Como-saber-si-mi-hipoteca-tiene-clausula-suelo.jpg?fit=1198%2C629&ssl=1&resize=350%2C200 1x, https:\/\/i0.wp.com\/www.reclamador.es\/blog\/wp-content\/uploads\/2016\/05\/Como-saber-si-mi-hipoteca-tiene-clausula-suelo.jpg?fit=1198%2C629&ssl=1&resize=525%2C300 1.5x, https:\/\/i0.wp.com\/www.reclamador.es\/blog\/wp-content\/uploads\/2016\/05\/Como-saber-si-mi-hipoteca-tiene-clausula-suelo.jpg?fit=1198%2C629&ssl=1&resize=700%2C400 2x, https:\/\/i0.wp.com\/www.reclamador.es\/blog\/wp-content\/uploads\/2016\/05\/Como-saber-si-mi-hipoteca-tiene-clausula-suelo.jpg?fit=1198%2C629&ssl=1&resize=1050%2C600 3x"},"classes":[]},{"id":16783,"url":"https:\/\/www.reclamador.es\/blog\/reclamar-clausula-suelo-cambio-banco\/","url_meta":{"origin":8576,"position":1},"title":"\u00bfSe puede reclamar la cl\u00e1usula suelo si se cambia de banco la hipoteca?","author":"Equipo reclamador","date":"29 enero, 2021","format":false,"excerpt":"Son muchos los afectados que se preguntan si, a pesar de haber realizado un cambio de banco del pr\u00e9stamo hipotecario, podr\u00e1n reclamar ahora lo pagado de m\u00e1s por la cl\u00e1usula suelo.\u00a0Otra de las dudas que nos llega a reclamador.es es si se puede reclamar la nulidad de la cl\u00e1usula suelo\u00a0si\u2026","rel":"","context":"En \u00abConsejos legales\u00bb","block_context":{"text":"Consejos legales","link":"https:\/\/www.reclamador.es\/blog\/consejos\/"},"img":{"alt_text":"clausula suelo cambio de banco, imagen de reclamador.es, compa\u00f1\u00eda online de reclamaciones","src":"https:\/\/i0.wp.com\/www.reclamador.es\/blog\/wp-content\/uploads\/2018\/01\/reclamar-clausula-suelo-subrogacion.jpg?fit=1199%2C800&ssl=1&resize=350%2C200","width":350,"height":200,"srcset":"https:\/\/i0.wp.com\/www.reclamador.es\/blog\/wp-content\/uploads\/2018\/01\/reclamar-clausula-suelo-subrogacion.jpg?fit=1199%2C800&ssl=1&resize=350%2C200 1x, https:\/\/i0.wp.com\/www.reclamador.es\/blog\/wp-content\/uploads\/2018\/01\/reclamar-clausula-suelo-subrogacion.jpg?fit=1199%2C800&ssl=1&resize=525%2C300 1.5x, https:\/\/i0.wp.com\/www.reclamador.es\/blog\/wp-content\/uploads\/2018\/01\/reclamar-clausula-suelo-subrogacion.jpg?fit=1199%2C800&ssl=1&resize=700%2C400 2x, https:\/\/i0.wp.com\/www.reclamador.es\/blog\/wp-content\/uploads\/2018\/01\/reclamar-clausula-suelo-subrogacion.jpg?fit=1199%2C800&ssl=1&resize=1050%2C600 3x"},"classes":[]},{"id":22845,"url":"https:\/\/www.reclamador.es\/blog\/pagara-el-banco-por-la-hipoteca\/","url_meta":{"origin":8576,"position":2},"title":"\u00bfTe pagar\u00e1 el banco por tu hipoteca si el eur\u00edbor est\u00e1 en negativo?","author":"Irene Becerra","date":"26 septiembre, 2019","format":false,"excerpt":"Desde que el eur\u00edbor est\u00e1 en negativo, la duda est\u00e1 en el aire: \u00bfpodr\u00edan los bancos verse obligados a pagar a sus clientes con pr\u00e9stamos hipotecarios si el Eur\u00edbor sigue bajando? Como seguro te imaginas, la respuesta de las propias entidades financieras a esta cuesti\u00f3n es negativa. No pagar\u00e1n. Pero\u2026","rel":"","context":"En \u00abConsejos legales\u00bb","block_context":{"text":"Consejos legales","link":"https:\/\/www.reclamador.es\/blog\/consejos\/"},"img":{"alt_text":"Pagar\u00e1 el banco por la hipoteca ante un eur\u00edbor negativo","src":"https:\/\/i0.wp.com\/www.reclamador.es\/blog\/wp-content\/uploads\/2019\/09\/euribor-en-negativo-pagara-banco-por-la-hipoteca.jpg?fit=1200%2C630&ssl=1&resize=350%2C200","width":350,"height":200,"srcset":"https:\/\/i0.wp.com\/www.reclamador.es\/blog\/wp-content\/uploads\/2019\/09\/euribor-en-negativo-pagara-banco-por-la-hipoteca.jpg?fit=1200%2C630&ssl=1&resize=350%2C200 1x, https:\/\/i0.wp.com\/www.reclamador.es\/blog\/wp-content\/uploads\/2019\/09\/euribor-en-negativo-pagara-banco-por-la-hipoteca.jpg?fit=1200%2C630&ssl=1&resize=525%2C300 1.5x, https:\/\/i0.wp.com\/www.reclamador.es\/blog\/wp-content\/uploads\/2019\/09\/euribor-en-negativo-pagara-banco-por-la-hipoteca.jpg?fit=1200%2C630&ssl=1&resize=700%2C400 2x, https:\/\/i0.wp.com\/www.reclamador.es\/blog\/wp-content\/uploads\/2019\/09\/euribor-en-negativo-pagara-banco-por-la-hipoteca.jpg?fit=1200%2C630&ssl=1&resize=1050%2C600 3x"},"classes":[]},{"id":20930,"url":"https:\/\/www.reclamador.es\/blog\/bancos-mas-reclamados-2018\/","url_meta":{"origin":8576,"position":3},"title":"\u00bfCu\u00e1l ha sido el banco m\u00e1s reclamado en 2018?","author":"Equipo reclamador","date":"30 enero, 2019","format":false,"excerpt":"Con enero llega el momento de analizar los datos del a\u00f1o anterior y, por ello, en reclamador.es hemos analizado cu\u00e1les han sido los bancos m\u00e1s reclamados por nuestros clientes durante 2018. En total, casi 6.000 reclamaciones por gastos de formalizaci\u00f3n de hipoteca, cl\u00e1usula suelo e hipoteca multidivisa. Del an\u00e1lisis se\u2026","rel":"","context":"En \u00abNoticias y actualidad\u00bb","block_context":{"text":"Noticias y actualidad","link":"https:\/\/www.reclamador.es\/blog\/noticias\/"},"img":{"alt_text":"","src":"https:\/\/i0.wp.com\/www.reclamador.es\/blog\/wp-content\/uploads\/2019\/01\/ranking-bancos-mas-reclamados.jpg?fit=1200%2C799&ssl=1&resize=350%2C200","width":350,"height":200,"srcset":"https:\/\/i0.wp.com\/www.reclamador.es\/blog\/wp-content\/uploads\/2019\/01\/ranking-bancos-mas-reclamados.jpg?fit=1200%2C799&ssl=1&resize=350%2C200 1x, https:\/\/i0.wp.com\/www.reclamador.es\/blog\/wp-content\/uploads\/2019\/01\/ranking-bancos-mas-reclamados.jpg?fit=1200%2C799&ssl=1&resize=525%2C300 1.5x, https:\/\/i0.wp.com\/www.reclamador.es\/blog\/wp-content\/uploads\/2019\/01\/ranking-bancos-mas-reclamados.jpg?fit=1200%2C799&ssl=1&resize=700%2C400 2x, https:\/\/i0.wp.com\/www.reclamador.es\/blog\/wp-content\/uploads\/2019\/01\/ranking-bancos-mas-reclamados.jpg?fit=1200%2C799&ssl=1&resize=1050%2C600 3x"},"classes":[]},{"id":1295,"url":"https:\/\/www.reclamador.es\/blog\/reclamar-clausula-suelo-y-dinero-cobrado-de-mas\/","url_meta":{"origin":8576,"position":4},"title":"\u00bfSe pueden reclamar las cl\u00e1usulas suelo y el dinero cobrado de m\u00e1s?","author":"Equipo reclamador","date":"26 agosto, 2014","format":false,"excerpt":"*Texto modificado octubre 2024 S\u00ed, puedes y est\u00e1s en tu derecho de hacer una reclamaci\u00f3n de cl\u00e1usula suelo v\u00eda demanda judicial individual. Es un proceso largo pero el resultado es muy satisfactorio. En los juzgados, los bancos pierden y los clientes ganan. As\u00ed lo estamos viendo en reclamador.es. Tenemos m\u00e1s\u2026","rel":"","context":"En \u00abConsejos legales\u00bb","block_context":{"text":"Consejos legales","link":"https:\/\/www.reclamador.es\/blog\/consejos\/"},"img":{"alt_text":"Reclamaciones de cl\u00e1usulas suelo con reclamador.es","src":"https:\/\/i0.wp.com\/www.reclamador.es\/blog\/wp-content\/uploads\/2014\/08\/reclamar-clausula-suelo-con-reclamador.jpg?fit=1198%2C631&ssl=1&resize=350%2C200","width":350,"height":200,"srcset":"https:\/\/i0.wp.com\/www.reclamador.es\/blog\/wp-content\/uploads\/2014\/08\/reclamar-clausula-suelo-con-reclamador.jpg?fit=1198%2C631&ssl=1&resize=350%2C200 1x, https:\/\/i0.wp.com\/www.reclamador.es\/blog\/wp-content\/uploads\/2014\/08\/reclamar-clausula-suelo-con-reclamador.jpg?fit=1198%2C631&ssl=1&resize=525%2C300 1.5x, https:\/\/i0.wp.com\/www.reclamador.es\/blog\/wp-content\/uploads\/2014\/08\/reclamar-clausula-suelo-con-reclamador.jpg?fit=1198%2C631&ssl=1&resize=700%2C400 2x, https:\/\/i0.wp.com\/www.reclamador.es\/blog\/wp-content\/uploads\/2014\/08\/reclamar-clausula-suelo-con-reclamador.jpg?fit=1198%2C631&ssl=1&resize=1050%2C600 3x"},"classes":[]},{"id":4563,"url":"https:\/\/www.reclamador.es\/blog\/clausula-cero\/","url_meta":{"origin":8576,"position":5},"title":"\u00bfQu\u00e9 es la cl\u00e1usula cero?","author":"Equipo reclamador","date":"11 febrero, 2019","format":false,"excerpt":"*Texto revisado julio 2025 Las hipotecas siguen siendo uno de los productos bancarios m\u00e1s contratados y, tambi\u00e9n, uno de los que genera m\u00e1s pol\u00e9mica. El establecimiento de cl\u00e1usulas que protegen a las entidades bancarias frente a los usuarios sigue siendo uno de los principales motivos de queja de los consumidores,\u2026","rel":"","context":"En \u00abConsejos legales\u00bb","block_context":{"text":"Consejos legales","link":"https:\/\/www.reclamador.es\/blog\/consejos\/"},"img":{"alt_text":"Descubre con El Reclamador qu\u00e9 es la cl\u00e1usula suelo de tu hipoteca y c\u00f3mo te afecta con el Eur\u00edbor en negativo.","src":"https:\/\/i0.wp.com\/www.reclamador.es\/blog\/wp-content\/uploads\/2016\/07\/flat.jpg?fit=1200%2C800&ssl=1&resize=350%2C200","width":350,"height":200,"srcset":"https:\/\/i0.wp.com\/www.reclamador.es\/blog\/wp-content\/uploads\/2016\/07\/flat.jpg?fit=1200%2C800&ssl=1&resize=350%2C200 1x, https:\/\/i0.wp.com\/www.reclamador.es\/blog\/wp-content\/uploads\/2016\/07\/flat.jpg?fit=1200%2C800&ssl=1&resize=525%2C300 1.5x, https:\/\/i0.wp.com\/www.reclamador.es\/blog\/wp-content\/uploads\/2016\/07\/flat.jpg?fit=1200%2C800&ssl=1&resize=700%2C400 2x, https:\/\/i0.wp.com\/www.reclamador.es\/blog\/wp-content\/uploads\/2016\/07\/flat.jpg?fit=1200%2C800&ssl=1&resize=1050%2C600 3x"},"classes":[]}],"jetpack_sharing_enabled":true,"_links":{"self":[{"href":"https:\/\/www.reclamador.es\/blog\/wp-json\/wp\/v2\/posts\/8576","targetHints":{"allow":["GET"]}}],"collection":[{"href":"https:\/\/www.reclamador.es\/blog\/wp-json\/wp\/v2\/posts"}],"about":[{"href":"https:\/\/www.reclamador.es\/blog\/wp-json\/wp\/v2\/types\/post"}],"author":[{"embeddable":true,"href":"https:\/\/www.reclamador.es\/blog\/wp-json\/wp\/v2\/users\/3"}],"replies":[{"embeddable":true,"href":"https:\/\/www.reclamador.es\/blog\/wp-json\/wp\/v2\/comments?post=8576"}],"version-history":[{"count":22,"href":"https:\/\/www.reclamador.es\/blog\/wp-json\/wp\/v2\/posts\/8576\/revisions"}],"predecessor-version":[{"id":26733,"href":"https:\/\/www.reclamador.es\/blog\/wp-json\/wp\/v2\/posts\/8576\/revisions\/26733"}],"wp:featuredmedia":[{"embeddable":true,"href":"https:\/\/www.reclamador.es\/blog\/wp-json\/wp\/v2\/media\/8661"}],"wp:attachment":[{"href":"https:\/\/www.reclamador.es\/blog\/wp-json\/wp\/v2\/media?parent=8576"}],"wp:term":[{"taxonomy":"category","embeddable":true,"href":"https:\/\/www.reclamador.es\/blog\/wp-json\/wp\/v2\/categories?post=8576"},{"taxonomy":"post_tag","embeddable":true,"href":"https:\/\/www.reclamador.es\/blog\/wp-json\/wp\/v2\/tags?post=8576"}],"curies":[{"name":"wp","href":"https:\/\/api.w.org\/{rel}","templated":true}]}}