{"id":8523,"date":"2017-06-14T12:00:08","date_gmt":"2017-06-14T10:00:08","guid":{"rendered":"https:\/\/www.reclamador.es\/blog\/?p=8523"},"modified":"2022-11-24T16:02:50","modified_gmt":"2022-11-24T15:02:50","slug":"santi-ibarretxe-testimonio-retraso-vuelo","status":"publish","type":"post","link":"https:\/\/www.reclamador.es\/blog\/santi-ibarretxe-testimonio-retraso-vuelo\/","title":{"rendered":"Santi Ibarretxe, saxofonista: \u201ccuando reclamas siempre tienes la esperanza de que ocurra lo mejor, \u00a1y as\u00ed ha sido!\u201d"},"content":{"rendered":"<div class=\"ttr_start\"><\/div>\n\n<div class=\"kk-star-ratings kksr-auto kksr-align-right kksr-valign-top\"\n    data-payload='{&quot;align&quot;:&quot;right&quot;,&quot;id&quot;:&quot;8523&quot;,&quot;slug&quot;:&quot;default&quot;,&quot;valign&quot;:&quot;top&quot;,&quot;ignore&quot;:&quot;&quot;,&quot;reference&quot;:&quot;auto&quot;,&quot;class&quot;:&quot;&quot;,&quot;count&quot;:&quot;1&quot;,&quot;legendonly&quot;:&quot;&quot;,&quot;readonly&quot;:&quot;&quot;,&quot;score&quot;:&quot;5&quot;,&quot;starsonly&quot;:&quot;&quot;,&quot;best&quot;:&quot;5&quot;,&quot;gap&quot;:&quot;3&quot;,&quot;greet&quot;:&quot;Valora este art\u00edculo&quot;,&quot;legend&quot;:&quot;5\\\/5 - (1 voto)&quot;,&quot;size&quot;:&quot;20&quot;,&quot;title&quot;:&quot;Santi Ibarretxe, saxofonista: \u201ccuando reclamas siempre tienes la esperanza de que ocurra lo mejor, \u00a1y as\u00ed ha sido!\u201d&quot;,&quot;width&quot;:&quot;113.5&quot;,&quot;_legend&quot;:&quot;{score}\\\/{best} - ({count} {votes})&quot;,&quot;font_factor&quot;:&quot;1.25&quot;}'>\n            \n<div class=\"kksr-stars\">\n    \n<div class=\"kksr-stars-inactive\">\n            <div class=\"kksr-star\" data-star=\"1\" style=\"padding-right: 3px\">\n            \n\n<div class=\"kksr-icon\" style=\"width: 20px; height: 20px;\"><\/div>\n        <\/div>\n            <div class=\"kksr-star\" data-star=\"2\" style=\"padding-right: 3px\">\n            \n\n<div class=\"kksr-icon\" style=\"width: 20px; height: 20px;\"><\/div>\n        <\/div>\n            <div class=\"kksr-star\" data-star=\"3\" style=\"padding-right: 3px\">\n            \n\n<div class=\"kksr-icon\" style=\"width: 20px; height: 20px;\"><\/div>\n        <\/div>\n            <div class=\"kksr-star\" data-star=\"4\" style=\"padding-right: 3px\">\n            \n\n<div class=\"kksr-icon\" style=\"width: 20px; height: 20px;\"><\/div>\n        <\/div>\n            <div class=\"kksr-star\" data-star=\"5\" style=\"padding-right: 3px\">\n            \n\n<div class=\"kksr-icon\" style=\"width: 20px; height: 20px;\"><\/div>\n        <\/div>\n    <\/div>\n    \n<div class=\"kksr-stars-active\" style=\"width: 113.5px;\">\n            <div class=\"kksr-star\" style=\"padding-right: 3px\">\n            \n\n<div class=\"kksr-icon\" style=\"width: 20px; height: 20px;\"><\/div>\n        <\/div>\n            <div class=\"kksr-star\" style=\"padding-right: 3px\">\n            \n\n<div class=\"kksr-icon\" style=\"width: 20px; height: 20px;\"><\/div>\n        <\/div>\n            <div class=\"kksr-star\" style=\"padding-right: 3px\">\n            \n\n<div class=\"kksr-icon\" style=\"width: 20px; height: 20px;\"><\/div>\n        <\/div>\n            <div class=\"kksr-star\" style=\"padding-right: 3px\">\n            \n\n<div class=\"kksr-icon\" style=\"width: 20px; height: 20px;\"><\/div>\n        <\/div>\n            <div class=\"kksr-star\" style=\"padding-right: 3px\">\n            \n\n<div class=\"kksr-icon\" style=\"width: 20px; height: 20px;\"><\/div>\n        <\/div>\n    <\/div>\n<\/div>\n                \n\n<div class=\"kksr-legend\" style=\"font-size: 16px;\">\n            5\/5 - (1 voto)    <\/div>\n    <\/div>\n<figure id=\"attachment_8526\" aria-describedby=\"caption-attachment-8526\" style=\"width: 1200px\" class=\"wp-caption alignnone\"><img data-recalc-dims=\"1\" loading=\"lazy\" decoding=\"async\" class=\"size-full wp-image-8526\" src=\"https:\/\/i0.wp.com\/www.reclamador.es\/blog\/wp-content\/uploads\/2017\/06\/Foto_Santi_Publicidad_1.jpg?resize=1200%2C800&#038;ssl=1\" alt=\"santi ibarretxe, afectado por un retraso de vuelo, nos cuenta su historia. foto de reclamador.es, plataforma de reclamaciones online\" width=\"1200\" height=\"800\" srcset=\"https:\/\/i0.wp.com\/www.reclamador.es\/blog\/wp-content\/uploads\/2017\/06\/Foto_Santi_Publicidad_1.jpg?w=1200&amp;ssl=1 1200w, https:\/\/i0.wp.com\/www.reclamador.es\/blog\/wp-content\/uploads\/2017\/06\/Foto_Santi_Publicidad_1.jpg?resize=300%2C200&amp;ssl=1 300w, https:\/\/i0.wp.com\/www.reclamador.es\/blog\/wp-content\/uploads\/2017\/06\/Foto_Santi_Publicidad_1.jpg?resize=768%2C512&amp;ssl=1 768w\" sizes=\"auto, (max-width: 1000px) 100vw, 1000px\" \/><figcaption id=\"caption-attachment-8526\" class=\"wp-caption-text\"><em>Santi Ibarretxe ha reclamado un retraso en un vuelo de Lanzarote a Madrid y ha obtenido 400 euros de indemnizaci\u00f3n<\/em><\/figcaption><\/figure>\n<p>Esta semana conocemos a Santiago Ibarretxe (Bilbao, 1964) que ha reclamado un <strong>retraso de m\u00e1s de cuatro horas <\/strong>en un vuelo y ha obtenido con\u00a0nosotros 400 euros de indemnizaci\u00f3n.<\/p>\n<p>Santi, como prefiere que le llamemos, <strong>es un compositor-saxofonista-cantante educado entre el cl\u00e1sico y el jazz<\/strong>. Naci\u00f3 en el Pa\u00eds Vasco hace 52 a\u00f1os y residi\u00f3 en la capital vizca\u00edna hasta que en 1989 se instal\u00f3 en Copenhague (Dinamarca), donde profundiz\u00f3 con el jazz y diversos estilos como la m\u00fasica brasile\u00f1a y la salsa. En la capital danesa permaneci\u00f3 nueve a\u00f1os. A su vuelta a Espa\u00f1a, ya en 1998, ech\u00f3 ra\u00edces en Madrid donde form\u00f3 con el pianista Fran Rubio el cuarteto Khatorno. Tambi\u00e9n <strong>ha compuesto seis bandas sonoras para el cine y en 2003 form\u00f3 parte del grupo de acompa\u00f1amiento de Carmen Par\u00eds<\/strong> en la gira <em>Pa&#8217;mi genio<\/em>. Actualmente contin\u00faa componiendo bandas sonoras para teatro y televisi\u00f3n y ahora, Santi, por fin ha dado forma a su sue\u00f1o con la obra\u00a0<a href=\"http:\/\/www.primital.net\/\" rel=\"nofollow\">Primital<\/a>.<\/p>\n<p>En los pocos ratos libres que\u00a0el lanzamiento de su tercer disco le permite, este saxofonista, que <strong>ha trabajado con artistas de la talla de Antonio Vega, Miguel R\u00edos, Miguel Bos\u00e9, V\u00edctor Manuel y Ana Bel\u00e9n<\/strong>, ha querido contarnos su incidente con Ryanair y por qu\u00e9 se anim\u00f3 a reclamar con nosotros.<\/p>\n<p>Te contamos su historia:<\/p>\n<h2>Hola Santi.\u00a0\u00bfQu\u00e9 te llev\u00f3 a reclamar?<\/h2>\n<p>Tuve un retraso en el vuelo de <strong>un <em>montonazo<\/em> de horas<\/strong>.\u00a0\u00a1Un retraso monumental de m\u00e1s de cuatro horas!<\/p>\n<h2>\u00bfEn serio? \u00bfY cu\u00e1l era tu vuelo?<\/h2>\n<p>Hace tres a\u00f1os, en noviembre, ven\u00eda <strong>de Lanzarote a Madrid<\/strong> y debido a que tuvimos que esperar el vuelo tanto tiempo tuve que coger un taxi que me cost\u00f3 43,5 euros, que tambi\u00e9n he reclamado.<\/p>\n<h2>\u00bfC\u00f3mo nos conociste?<\/h2>\n<p>Al llegar a Madrid. <strong>Estabais ayudando\u00a0a los hastiados viajeros<\/strong> a hacer la reclamaci\u00f3n y nos pareci\u00f3 muy buena idea.<\/p>\n<h2>\u00bfConfiabas en ganar?<\/h2>\n<p><strong>La verdad es que no demasiado<\/strong>, pero tampoco hab\u00eda nada que perder. Cuando reclamas siempre tienes la esperanza de que ocurra lo mejor, \u00a1y as\u00ed ha sido!<\/p>\n<h2>\u00bfQu\u00e9 opini\u00f3n tienes de nuestros servicios?<\/h2>\n<p>Estupenda.<\/p>\n<h2><b>\u00bfY c\u00f3mo nos definir\u00edas en una palabra?<\/b><\/h2>\n<p>Geniales.<\/p>\n<h2>\u00bfQuieres a\u00f1adir algo para animar a otros usuarios a reclamar?<\/h2>\n<p>\u00a1No lo dud\u00e9is! <strong>Reclamar con <a href=\"https:\/\/www.reclamador.es\">reclamador<\/a><\/strong>.<\/p>\n<h2>Santi, por cierto\u00a0<strong>\u00bfel m\u00fasico nace o se hace?<\/strong><\/h2>\n<p>Nace y se hace.<strong>\u00a0<\/strong><\/p>\n<div>\n<h2><strong>Reconozco que me encantar\u00eda tener o\u00eddo musical.\u00a0Por \u00faltimo, cont\u00e9stanos a algo muy\u00a0personal:<\/strong><\/h2>\n<p><strong style=\"font-style: inherit;\">Un libro<\/strong>: Curso de milagros<\/p>\n<p><strong style=\"font-style: inherit;\">Una canci\u00f3n<\/strong>:\u00a0Billie Jean<\/p>\n<p><strong style=\"font-style: inherit;\">Alguna pel\u00edcula<\/strong>: American Beauty<\/p>\n<p><strong style=\"font-style: inherit;\">Actor o actriz favorito<\/strong>: Robert de Niro<\/p>\n<p><strong style=\"font-style: inherit;\">Rasgo principal de tu car\u00e1cter<\/strong>: Aventurero<\/p>\n<p><strong style=\"font-style: inherit;\">M\u00fasico\/cantante favorito<\/strong>: Stevie Wonder<\/p>\n<p><strong style=\"font-style: inherit;\">Tu deporte favorito<\/strong>: Andar<\/p>\n<p><strong style=\"font-style: inherit;\">Comida preferida<\/strong>: El pescado en general<\/p>\n<\/div>\n<h2>Gracias por dedicarnos un ratito de tu tiempo Santi y mucha suerte con tu tercer disco.<\/h2>\n<h6 style=\"text-align: center;\"><strong><a href=\"#mc4wp_form_widget-2\">Suscr\u00edbete a nuestro bolet\u00edn semanal<\/a> si quieres que te sigamos informando.<\/strong><\/h6>\n<div class=\"ttr_end\"><\/div>","protected":false},"excerpt":{"rendered":"<p>Esta semana conocemos a Santiago Ibarretxe (Bilbao, 1964) que ha reclamado un retraso de m\u00e1s de cuatro horas en un vuelo y ha obtenido con\u00a0nosotros 400 euros de indemnizaci\u00f3n. Santi, como prefiere que le llamemos, es un compositor-saxofonista-cantante educado entre el cl\u00e1sico y el jazz. Naci\u00f3 en el Pa\u00eds Vasco hace 52 a\u00f1os y residi\u00f3 [&hellip;]<\/p>\n","protected":false},"author":3,"featured_media":8526,"comment_status":"closed","ping_status":"open","sticky":false,"template":"","format":"standard","meta":{"_acf_changed":false,"_genesis_hide_title":false,"_genesis_hide_breadcrumbs":false,"_genesis_hide_singular_image":false,"_genesis_hide_footer_widgets":false,"_genesis_custom_body_class":"","_genesis_custom_post_class":"","_genesis_layout":"","_jetpack_newsletter_access":"","_jetpack_dont_email_post_to_subs":true,"_jetpack_newsletter_tier_id":0,"_jetpack_memberships_contains_paywalled_content":false,"_jetpack_memberships_contains_paid_content":false,"footnotes":""},"categories":[396],"tags":[255,289,663],"class_list":{"0":"post-8523","1":"post","2":"type-post","3":"status-publish","4":"format-standard","5":"has-post-thumbnail","7":"category-reclamadores","8":"tag-indemnizacion","9":"tag-reclamacion","10":"tag-retraso","11":"entry"},"acf":[],"yoast_head":"<!-- This site is optimized with the Yoast SEO plugin v27.4 - https:\/\/yoast.com\/product\/yoast-seo-wordpress\/ -->\n<title>Santi Ibarretxe nos cuenta el retraso de su vuelo con Ryanair<\/title>\n<meta name=\"description\" content=\"Santi Ibarretxe, conocido saxofonista, nos cuenta su historia por el retraso de su vuelo. No te la pierdas. M\u00e1s de cuatro horas de retraso!\" \/>\n<meta name=\"robots\" content=\"index, follow, max-snippet:-1, max-image-preview:large, max-video-preview:-1\" \/>\n<link rel=\"canonical\" href=\"https:\/\/www.reclamador.es\/blog\/santi-ibarretxe-testimonio-retraso-vuelo\/\" \/>\n<meta property=\"og:locale\" content=\"es_ES\" \/>\n<meta property=\"og:type\" content=\"article\" \/>\n<meta property=\"og:title\" content=\"Santi Ibarretxe nos cuenta el retraso de su vuelo con Ryanair\" \/>\n<meta property=\"og:description\" content=\"Santi Ibarretxe, conocido saxofonista, nos cuenta su historia por el retraso de su vuelo. No te la pierdas. M\u00e1s de cuatro horas de retraso!\" \/>\n<meta property=\"og:url\" content=\"https:\/\/www.reclamador.es\/blog\/santi-ibarretxe-testimonio-retraso-vuelo\/\" \/>\n<meta property=\"og:site_name\" content=\"Rebeldes con causa, el blog de reclamador.es\" \/>\n<meta property=\"article:publisher\" content=\"https:\/\/www.facebook.com\/reclamador.es\" \/>\n<meta property=\"article:published_time\" content=\"2017-06-14T10:00:08+00:00\" \/>\n<meta property=\"article:modified_time\" content=\"2022-11-24T15:02:50+00:00\" \/>\n<meta property=\"og:image\" content=\"https:\/\/i0.wp.com\/www.reclamador.es\/blog\/wp-content\/uploads\/2017\/06\/Foto_Santi_Publicidad_1.jpg?fit=1200%2C800&ssl=1\" \/>\n\t<meta property=\"og:image:width\" content=\"1200\" \/>\n\t<meta property=\"og:image:height\" content=\"800\" \/>\n\t<meta property=\"og:image:type\" content=\"image\/jpeg\" \/>\n<meta name=\"author\" content=\"Cristina Naveda\" \/>\n<meta name=\"twitter:card\" content=\"summary_large_image\" \/>\n<meta name=\"twitter:creator\" content=\"@reclamador\" \/>\n<meta name=\"twitter:site\" content=\"@reclamador\" \/>\n<meta name=\"twitter:label1\" content=\"Escrito por\" \/>\n\t<meta name=\"twitter:data1\" content=\"Cristina Naveda\" \/>\n\t<meta name=\"twitter:label2\" content=\"Tiempo de lectura\" \/>\n\t<meta name=\"twitter:data2\" content=\"3 minutos\" \/>\n<script type=\"application\/ld+json\" class=\"yoast-schema-graph\">{\"@context\":\"https:\\\/\\\/schema.org\",\"@graph\":[{\"@type\":\"Article\",\"@id\":\"https:\\\/\\\/www.reclamador.es\\\/blog\\\/santi-ibarretxe-testimonio-retraso-vuelo\\\/#article\",\"isPartOf\":{\"@id\":\"https:\\\/\\\/www.reclamador.es\\\/blog\\\/santi-ibarretxe-testimonio-retraso-vuelo\\\/\"},\"author\":{\"name\":\"Cristina Naveda\",\"@id\":\"https:\\\/\\\/www.reclamador.es\\\/blog\\\/#\\\/schema\\\/person\\\/c446a02b3fcf1607a8a2139c36fbe583\"},\"headline\":\"Santi Ibarretxe, saxofonista: \u201ccuando reclamas siempre tienes la esperanza de que ocurra lo mejor, \u00a1y as\u00ed ha sido!\u201d\",\"datePublished\":\"2017-06-14T10:00:08+00:00\",\"dateModified\":\"2022-11-24T15:02:50+00:00\",\"mainEntityOfPage\":{\"@id\":\"https:\\\/\\\/www.reclamador.es\\\/blog\\\/santi-ibarretxe-testimonio-retraso-vuelo\\\/\"},\"wordCount\":548,\"publisher\":{\"@id\":\"https:\\\/\\\/www.reclamador.es\\\/blog\\\/#organization\"},\"image\":{\"@id\":\"https:\\\/\\\/www.reclamador.es\\\/blog\\\/santi-ibarretxe-testimonio-retraso-vuelo\\\/#primaryimage\"},\"thumbnailUrl\":\"https:\\\/\\\/i0.wp.com\\\/www.reclamador.es\\\/blog\\\/wp-content\\\/uploads\\\/2017\\\/06\\\/Foto_Santi_Publicidad_1.jpg?fit=1200%2C800&ssl=1\",\"keywords\":[\"indemnizaci\u00f3n\",\"reclamaci\u00f3n\",\"retraso\"],\"articleSection\":[\"Conoce todo lo que sucede en reclamador.es\"],\"inLanguage\":\"es\"},{\"@type\":\"WebPage\",\"@id\":\"https:\\\/\\\/www.reclamador.es\\\/blog\\\/santi-ibarretxe-testimonio-retraso-vuelo\\\/\",\"url\":\"https:\\\/\\\/www.reclamador.es\\\/blog\\\/santi-ibarretxe-testimonio-retraso-vuelo\\\/\",\"name\":\"Santi Ibarretxe nos cuenta el retraso de su vuelo con Ryanair\",\"isPartOf\":{\"@id\":\"https:\\\/\\\/www.reclamador.es\\\/blog\\\/#website\"},\"primaryImageOfPage\":{\"@id\":\"https:\\\/\\\/www.reclamador.es\\\/blog\\\/santi-ibarretxe-testimonio-retraso-vuelo\\\/#primaryimage\"},\"image\":{\"@id\":\"https:\\\/\\\/www.reclamador.es\\\/blog\\\/santi-ibarretxe-testimonio-retraso-vuelo\\\/#primaryimage\"},\"thumbnailUrl\":\"https:\\\/\\\/i0.wp.com\\\/www.reclamador.es\\\/blog\\\/wp-content\\\/uploads\\\/2017\\\/06\\\/Foto_Santi_Publicidad_1.jpg?fit=1200%2C800&ssl=1\",\"datePublished\":\"2017-06-14T10:00:08+00:00\",\"dateModified\":\"2022-11-24T15:02:50+00:00\",\"description\":\"Santi Ibarretxe, conocido saxofonista, nos cuenta su historia por el retraso de su vuelo. No te la pierdas. M\u00e1s de cuatro horas de retraso!\",\"breadcrumb\":{\"@id\":\"https:\\\/\\\/www.reclamador.es\\\/blog\\\/santi-ibarretxe-testimonio-retraso-vuelo\\\/#breadcrumb\"},\"inLanguage\":\"es\",\"potentialAction\":[{\"@type\":\"ReadAction\",\"target\":[\"https:\\\/\\\/www.reclamador.es\\\/blog\\\/santi-ibarretxe-testimonio-retraso-vuelo\\\/\"]}]},{\"@type\":\"ImageObject\",\"inLanguage\":\"es\",\"@id\":\"https:\\\/\\\/www.reclamador.es\\\/blog\\\/santi-ibarretxe-testimonio-retraso-vuelo\\\/#primaryimage\",\"url\":\"https:\\\/\\\/i0.wp.com\\\/www.reclamador.es\\\/blog\\\/wp-content\\\/uploads\\\/2017\\\/06\\\/Foto_Santi_Publicidad_1.jpg?fit=1200%2C800&ssl=1\",\"contentUrl\":\"https:\\\/\\\/i0.wp.com\\\/www.reclamador.es\\\/blog\\\/wp-content\\\/uploads\\\/2017\\\/06\\\/Foto_Santi_Publicidad_1.jpg?fit=1200%2C800&ssl=1\",\"width\":1200,\"height\":800,\"caption\":\"Santi Ibarretxe ha reclamado un retraso en su vuelo de Lanzarote a Madrid y ha obtenido 400 euros de indemnizaci\u00f3n\"},{\"@type\":\"BreadcrumbList\",\"@id\":\"https:\\\/\\\/www.reclamador.es\\\/blog\\\/santi-ibarretxe-testimonio-retraso-vuelo\\\/#breadcrumb\",\"itemListElement\":[{\"@type\":\"ListItem\",\"position\":1,\"name\":\"Portada\",\"item\":\"https:\\\/\\\/www.reclamador.es\\\/blog\\\/\"},{\"@type\":\"ListItem\",\"position\":2,\"name\":\"Santi Ibarretxe, saxofonista: \u201ccuando reclamas siempre tienes la esperanza de que ocurra lo mejor, \u00a1y as\u00ed ha sido!\u201d\"}]},{\"@type\":\"WebSite\",\"@id\":\"https:\\\/\\\/www.reclamador.es\\\/blog\\\/#website\",\"url\":\"https:\\\/\\\/www.reclamador.es\\\/blog\\\/\",\"name\":\"Rebeldes con causa, el blog de reclamador.es\",\"description\":\"Noticias, entrevistas y consejos sobre reclamaciones\",\"publisher\":{\"@id\":\"https:\\\/\\\/www.reclamador.es\\\/blog\\\/#organization\"},\"potentialAction\":[{\"@type\":\"SearchAction\",\"target\":{\"@type\":\"EntryPoint\",\"urlTemplate\":\"https:\\\/\\\/www.reclamador.es\\\/blog\\\/?s={search_term_string}\"},\"query-input\":{\"@type\":\"PropertyValueSpecification\",\"valueRequired\":true,\"valueName\":\"search_term_string\"}}],\"inLanguage\":\"es\"},{\"@type\":\"Organization\",\"@id\":\"https:\\\/\\\/www.reclamador.es\\\/blog\\\/#organization\",\"name\":\"reclamador.es\",\"url\":\"https:\\\/\\\/www.reclamador.es\\\/blog\\\/\",\"logo\":{\"@type\":\"ImageObject\",\"inLanguage\":\"es\",\"@id\":\"https:\\\/\\\/www.reclamador.es\\\/blog\\\/#\\\/schema\\\/logo\\\/image\\\/\",\"url\":\"https:\\\/\\\/i0.wp.com\\\/www.reclamador.es\\\/blog\\\/wp-content\\\/uploads\\\/2020\\\/01\\\/logo-reclamador.png?fit=1200%2C144&ssl=1\",\"contentUrl\":\"https:\\\/\\\/i0.wp.com\\\/www.reclamador.es\\\/blog\\\/wp-content\\\/uploads\\\/2020\\\/01\\\/logo-reclamador.png?fit=1200%2C144&ssl=1\",\"width\":1200,\"height\":144,\"caption\":\"reclamador.es\"},\"image\":{\"@id\":\"https:\\\/\\\/www.reclamador.es\\\/blog\\\/#\\\/schema\\\/logo\\\/image\\\/\"},\"sameAs\":[\"https:\\\/\\\/www.facebook.com\\\/reclamador.es\",\"https:\\\/\\\/x.com\\\/reclamador\",\"https:\\\/\\\/www.instagram.com\\\/reclamador.es\\\/\",\"https:\\\/\\\/www.linkedin.com\\\/company\\\/reclamador-es\",\"https:\\\/\\\/www.youtube.com\\\/user\\\/Reclamadores\"]},{\"@type\":\"Person\",\"@id\":\"https:\\\/\\\/www.reclamador.es\\\/blog\\\/#\\\/schema\\\/person\\\/c446a02b3fcf1607a8a2139c36fbe583\",\"name\":\"Cristina Naveda\",\"image\":{\"@type\":\"ImageObject\",\"inLanguage\":\"es\",\"@id\":\"https:\\\/\\\/secure.gravatar.com\\\/avatar\\\/1df04000ab560ffd4824a3ce70f826eb8bd6a9bfc6cc9097a363e6cd67f07ec0?s=96&d=mm&r=g\",\"url\":\"https:\\\/\\\/secure.gravatar.com\\\/avatar\\\/1df04000ab560ffd4824a3ce70f826eb8bd6a9bfc6cc9097a363e6cd67f07ec0?s=96&d=mm&r=g\",\"contentUrl\":\"https:\\\/\\\/secure.gravatar.com\\\/avatar\\\/1df04000ab560ffd4824a3ce70f826eb8bd6a9bfc6cc9097a363e6cd67f07ec0?s=96&d=mm&r=g\",\"caption\":\"Cristina Naveda\"},\"description\":\"Me encanta unir la informaci\u00f3n con las personas. Me esfuerzo para que reclamador haga bien esa uni\u00f3n desde el equipo de comunicaci\u00f3n.\",\"url\":\"https:\\\/\\\/www.reclamador.es\\\/blog\\\/author\\\/cristina\\\/\"}]}<\/script>\n<!-- \/ Yoast SEO plugin. -->","yoast_head_json":{"title":"Santi Ibarretxe nos cuenta el retraso de su vuelo con Ryanair","description":"Santi Ibarretxe, conocido saxofonista, nos cuenta su historia por el retraso de su vuelo. No te la pierdas. M\u00e1s de cuatro horas de retraso!","robots":{"index":"index","follow":"follow","max-snippet":"max-snippet:-1","max-image-preview":"max-image-preview:large","max-video-preview":"max-video-preview:-1"},"canonical":"https:\/\/www.reclamador.es\/blog\/santi-ibarretxe-testimonio-retraso-vuelo\/","og_locale":"es_ES","og_type":"article","og_title":"Santi Ibarretxe nos cuenta el retraso de su vuelo con Ryanair","og_description":"Santi Ibarretxe, conocido saxofonista, nos cuenta su historia por el retraso de su vuelo. No te la pierdas. M\u00e1s de cuatro horas de retraso!","og_url":"https:\/\/www.reclamador.es\/blog\/santi-ibarretxe-testimonio-retraso-vuelo\/","og_site_name":"Rebeldes con causa, el blog de reclamador.es","article_publisher":"https:\/\/www.facebook.com\/reclamador.es","article_published_time":"2017-06-14T10:00:08+00:00","article_modified_time":"2022-11-24T15:02:50+00:00","og_image":[{"width":1200,"height":800,"url":"https:\/\/i0.wp.com\/www.reclamador.es\/blog\/wp-content\/uploads\/2017\/06\/Foto_Santi_Publicidad_1.jpg?fit=1200%2C800&ssl=1","type":"image\/jpeg"}],"author":"Cristina Naveda","twitter_card":"summary_large_image","twitter_creator":"@reclamador","twitter_site":"@reclamador","twitter_misc":{"Escrito por":"Cristina Naveda","Tiempo de lectura":"3 minutos"},"schema":{"@context":"https:\/\/schema.org","@graph":[{"@type":"Article","@id":"https:\/\/www.reclamador.es\/blog\/santi-ibarretxe-testimonio-retraso-vuelo\/#article","isPartOf":{"@id":"https:\/\/www.reclamador.es\/blog\/santi-ibarretxe-testimonio-retraso-vuelo\/"},"author":{"name":"Cristina Naveda","@id":"https:\/\/www.reclamador.es\/blog\/#\/schema\/person\/c446a02b3fcf1607a8a2139c36fbe583"},"headline":"Santi Ibarretxe, saxofonista: \u201ccuando reclamas siempre tienes la esperanza de que ocurra lo mejor, \u00a1y as\u00ed ha sido!\u201d","datePublished":"2017-06-14T10:00:08+00:00","dateModified":"2022-11-24T15:02:50+00:00","mainEntityOfPage":{"@id":"https:\/\/www.reclamador.es\/blog\/santi-ibarretxe-testimonio-retraso-vuelo\/"},"wordCount":548,"publisher":{"@id":"https:\/\/www.reclamador.es\/blog\/#organization"},"image":{"@id":"https:\/\/www.reclamador.es\/blog\/santi-ibarretxe-testimonio-retraso-vuelo\/#primaryimage"},"thumbnailUrl":"https:\/\/i0.wp.com\/www.reclamador.es\/blog\/wp-content\/uploads\/2017\/06\/Foto_Santi_Publicidad_1.jpg?fit=1200%2C800&ssl=1","keywords":["indemnizaci\u00f3n","reclamaci\u00f3n","retraso"],"articleSection":["Conoce todo lo que sucede en reclamador.es"],"inLanguage":"es"},{"@type":"WebPage","@id":"https:\/\/www.reclamador.es\/blog\/santi-ibarretxe-testimonio-retraso-vuelo\/","url":"https:\/\/www.reclamador.es\/blog\/santi-ibarretxe-testimonio-retraso-vuelo\/","name":"Santi Ibarretxe nos cuenta el retraso de su vuelo con Ryanair","isPartOf":{"@id":"https:\/\/www.reclamador.es\/blog\/#website"},"primaryImageOfPage":{"@id":"https:\/\/www.reclamador.es\/blog\/santi-ibarretxe-testimonio-retraso-vuelo\/#primaryimage"},"image":{"@id":"https:\/\/www.reclamador.es\/blog\/santi-ibarretxe-testimonio-retraso-vuelo\/#primaryimage"},"thumbnailUrl":"https:\/\/i0.wp.com\/www.reclamador.es\/blog\/wp-content\/uploads\/2017\/06\/Foto_Santi_Publicidad_1.jpg?fit=1200%2C800&ssl=1","datePublished":"2017-06-14T10:00:08+00:00","dateModified":"2022-11-24T15:02:50+00:00","description":"Santi Ibarretxe, conocido saxofonista, nos cuenta su historia por el retraso de su vuelo. No te la pierdas. M\u00e1s de cuatro horas de retraso!","breadcrumb":{"@id":"https:\/\/www.reclamador.es\/blog\/santi-ibarretxe-testimonio-retraso-vuelo\/#breadcrumb"},"inLanguage":"es","potentialAction":[{"@type":"ReadAction","target":["https:\/\/www.reclamador.es\/blog\/santi-ibarretxe-testimonio-retraso-vuelo\/"]}]},{"@type":"ImageObject","inLanguage":"es","@id":"https:\/\/www.reclamador.es\/blog\/santi-ibarretxe-testimonio-retraso-vuelo\/#primaryimage","url":"https:\/\/i0.wp.com\/www.reclamador.es\/blog\/wp-content\/uploads\/2017\/06\/Foto_Santi_Publicidad_1.jpg?fit=1200%2C800&ssl=1","contentUrl":"https:\/\/i0.wp.com\/www.reclamador.es\/blog\/wp-content\/uploads\/2017\/06\/Foto_Santi_Publicidad_1.jpg?fit=1200%2C800&ssl=1","width":1200,"height":800,"caption":"Santi Ibarretxe ha reclamado un retraso en su vuelo de Lanzarote a Madrid y ha obtenido 400 euros de indemnizaci\u00f3n"},{"@type":"BreadcrumbList","@id":"https:\/\/www.reclamador.es\/blog\/santi-ibarretxe-testimonio-retraso-vuelo\/#breadcrumb","itemListElement":[{"@type":"ListItem","position":1,"name":"Portada","item":"https:\/\/www.reclamador.es\/blog\/"},{"@type":"ListItem","position":2,"name":"Santi Ibarretxe, saxofonista: \u201ccuando reclamas siempre tienes la esperanza de que ocurra lo mejor, \u00a1y as\u00ed ha sido!\u201d"}]},{"@type":"WebSite","@id":"https:\/\/www.reclamador.es\/blog\/#website","url":"https:\/\/www.reclamador.es\/blog\/","name":"Rebeldes con causa, el blog de reclamador.es","description":"Noticias, entrevistas y consejos sobre reclamaciones","publisher":{"@id":"https:\/\/www.reclamador.es\/blog\/#organization"},"potentialAction":[{"@type":"SearchAction","target":{"@type":"EntryPoint","urlTemplate":"https:\/\/www.reclamador.es\/blog\/?s={search_term_string}"},"query-input":{"@type":"PropertyValueSpecification","valueRequired":true,"valueName":"search_term_string"}}],"inLanguage":"es"},{"@type":"Organization","@id":"https:\/\/www.reclamador.es\/blog\/#organization","name":"reclamador.es","url":"https:\/\/www.reclamador.es\/blog\/","logo":{"@type":"ImageObject","inLanguage":"es","@id":"https:\/\/www.reclamador.es\/blog\/#\/schema\/logo\/image\/","url":"https:\/\/i0.wp.com\/www.reclamador.es\/blog\/wp-content\/uploads\/2020\/01\/logo-reclamador.png?fit=1200%2C144&ssl=1","contentUrl":"https:\/\/i0.wp.com\/www.reclamador.es\/blog\/wp-content\/uploads\/2020\/01\/logo-reclamador.png?fit=1200%2C144&ssl=1","width":1200,"height":144,"caption":"reclamador.es"},"image":{"@id":"https:\/\/www.reclamador.es\/blog\/#\/schema\/logo\/image\/"},"sameAs":["https:\/\/www.facebook.com\/reclamador.es","https:\/\/x.com\/reclamador","https:\/\/www.instagram.com\/reclamador.es\/","https:\/\/www.linkedin.com\/company\/reclamador-es","https:\/\/www.youtube.com\/user\/Reclamadores"]},{"@type":"Person","@id":"https:\/\/www.reclamador.es\/blog\/#\/schema\/person\/c446a02b3fcf1607a8a2139c36fbe583","name":"Cristina Naveda","image":{"@type":"ImageObject","inLanguage":"es","@id":"https:\/\/secure.gravatar.com\/avatar\/1df04000ab560ffd4824a3ce70f826eb8bd6a9bfc6cc9097a363e6cd67f07ec0?s=96&d=mm&r=g","url":"https:\/\/secure.gravatar.com\/avatar\/1df04000ab560ffd4824a3ce70f826eb8bd6a9bfc6cc9097a363e6cd67f07ec0?s=96&d=mm&r=g","contentUrl":"https:\/\/secure.gravatar.com\/avatar\/1df04000ab560ffd4824a3ce70f826eb8bd6a9bfc6cc9097a363e6cd67f07ec0?s=96&d=mm&r=g","caption":"Cristina Naveda"},"description":"Me encanta unir la informaci\u00f3n con las personas. Me esfuerzo para que reclamador haga bien esa uni\u00f3n desde el equipo de comunicaci\u00f3n.","url":"https:\/\/www.reclamador.es\/blog\/author\/cristina\/"}]}},"jetpack_featured_media_url":"https:\/\/i0.wp.com\/www.reclamador.es\/blog\/wp-content\/uploads\/2017\/06\/Foto_Santi_Publicidad_1.jpg?fit=1200%2C800&ssl=1","jetpack-related-posts":[{"id":7560,"url":"https:\/\/www.reclamador.es\/blog\/no-sabia-tenia-derecho-compensacion-retraso-vuelo\/","url_meta":{"origin":8523,"position":0},"title":"\"No sab\u00eda que ten\u00eda derecho a compensaci\u00f3n por el retraso del vuelo\"","author":"Equipo reclamador","date":"7 abril, 2017","format":false,"excerpt":"Ten\u00edamos curiosidad acerca de lo que pensaban y sab\u00edan los pasajeros sobre\u00a0sus derechos. Por eso, nos hemos desplazado hasta el Aeropuerto Adolfo Su\u00e1rez Madrid-Barajas. All\u00ed, hemos preguntado a diferentes viajeros estas cuestiones. Hemos hecho 5 preguntas y esto es lo que nos han respondido: \u00bfQu\u00e9 har\u00edas si la aerol\u00ednea cancela\u2026","rel":"","context":"En \u00abConoce todo lo que sucede en reclamador.es\u00bb","block_context":{"text":"Conoce todo lo que sucede en reclamador.es","link":"https:\/\/www.reclamador.es\/blog\/reclamadores\/"},"img":{"alt_text":"","src":"https:\/\/i0.wp.com\/www.reclamador.es\/blog\/wp-content\/uploads\/2017\/04\/TESTIMONIO-4.jpg?fit=1200%2C675&ssl=1&resize=350%2C200","width":350,"height":200,"srcset":"https:\/\/i0.wp.com\/www.reclamador.es\/blog\/wp-content\/uploads\/2017\/04\/TESTIMONIO-4.jpg?fit=1200%2C675&ssl=1&resize=350%2C200 1x, https:\/\/i0.wp.com\/www.reclamador.es\/blog\/wp-content\/uploads\/2017\/04\/TESTIMONIO-4.jpg?fit=1200%2C675&ssl=1&resize=525%2C300 1.5x, https:\/\/i0.wp.com\/www.reclamador.es\/blog\/wp-content\/uploads\/2017\/04\/TESTIMONIO-4.jpg?fit=1200%2C675&ssl=1&resize=700%2C400 2x, https:\/\/i0.wp.com\/www.reclamador.es\/blog\/wp-content\/uploads\/2017\/04\/TESTIMONIO-4.jpg?fit=1200%2C675&ssl=1&resize=1050%2C600 3x"},"classes":[]},{"id":34526,"url":"https:\/\/www.reclamador.es\/blog\/reclamar-indemnizacion-por-retraso-del-tren-pierdes-vuelo\/","url_meta":{"origin":8523,"position":1},"title":"\u00bfSe puede reclamar si por culpa de un problema con el tren pierdes un vuelo?","author":"Equipo reclamador","date":"24 junio, 2025","format":false,"excerpt":"A la aerol\u00ednea no, no podr\u00e1s reclamar una indemnizaci\u00f3n si pierdes el vuelo por culpa de un problema en el tren que te llevaba a la ciudad o localidad del aeropuerto.\u00a0 Lo sabemos, recientemente hemos visto numerosas noticias en medios de comunicaci\u00f3n de problemas en los trenes de alta velocidad\u2026","rel":"","context":"En \u00abConsejos legales\u00bb","block_context":{"text":"Consejos legales","link":"https:\/\/www.reclamador.es\/blog\/consejos\/"},"img":{"alt_text":"Perder un vuelo por culpa del retraso del tren en Espa\u00f1a","src":"https:\/\/i0.wp.com\/www.reclamador.es\/blog\/wp-content\/uploads\/2025\/06\/pierdes-un-vuelo-por-culpa-del-tren.jpg?fit=1200%2C630&ssl=1&resize=350%2C200","width":350,"height":200,"srcset":"https:\/\/i0.wp.com\/www.reclamador.es\/blog\/wp-content\/uploads\/2025\/06\/pierdes-un-vuelo-por-culpa-del-tren.jpg?fit=1200%2C630&ssl=1&resize=350%2C200 1x, https:\/\/i0.wp.com\/www.reclamador.es\/blog\/wp-content\/uploads\/2025\/06\/pierdes-un-vuelo-por-culpa-del-tren.jpg?fit=1200%2C630&ssl=1&resize=525%2C300 1.5x, https:\/\/i0.wp.com\/www.reclamador.es\/blog\/wp-content\/uploads\/2025\/06\/pierdes-un-vuelo-por-culpa-del-tren.jpg?fit=1200%2C630&ssl=1&resize=700%2C400 2x, https:\/\/i0.wp.com\/www.reclamador.es\/blog\/wp-content\/uploads\/2025\/06\/pierdes-un-vuelo-por-culpa-del-tren.jpg?fit=1200%2C630&ssl=1&resize=1050%2C600 3x"},"classes":[]},{"id":32321,"url":"https:\/\/www.reclamador.es\/blog\/retraso-cancelacion-vuelo-viaje-de-trabajo-indemnizacion-trabajador\/","url_meta":{"origin":8523,"position":2},"title":"Retraso o cancelaci\u00f3n de vuelo en un viaje de trabajo: \u00bfPara qui\u00e9n es la indemnizaci\u00f3n?","author":"Equipo reclamador","date":"14 mayo, 2024","format":false,"excerpt":"Los conocidos como viajes de negocio o viajes de trabajo no est\u00e1n exentos de sufrir incidencias, al igual que cuando se viaja por ocio. Ante esta situaci\u00f3n, cuando el vuelo ha sido contratado por la empresa para que el trabajador se desplace en avi\u00f3n a una reuni\u00f3n o evento, la\u2026","rel":"","context":"En \u00abConsejos legales\u00bb","block_context":{"text":"Consejos legales","link":"https:\/\/www.reclamador.es\/blog\/consejos\/"},"img":{"alt_text":"viaje de trabajo - reclamar indemnizacion trabajador","src":"https:\/\/i0.wp.com\/www.reclamador.es\/blog\/wp-content\/uploads\/2024\/05\/indemnizacion-viaje-de-trabajo-1200x630-1.jpg?fit=1200%2C630&ssl=1&resize=350%2C200","width":350,"height":200,"srcset":"https:\/\/i0.wp.com\/www.reclamador.es\/blog\/wp-content\/uploads\/2024\/05\/indemnizacion-viaje-de-trabajo-1200x630-1.jpg?fit=1200%2C630&ssl=1&resize=350%2C200 1x, https:\/\/i0.wp.com\/www.reclamador.es\/blog\/wp-content\/uploads\/2024\/05\/indemnizacion-viaje-de-trabajo-1200x630-1.jpg?fit=1200%2C630&ssl=1&resize=525%2C300 1.5x, https:\/\/i0.wp.com\/www.reclamador.es\/blog\/wp-content\/uploads\/2024\/05\/indemnizacion-viaje-de-trabajo-1200x630-1.jpg?fit=1200%2C630&ssl=1&resize=700%2C400 2x, https:\/\/i0.wp.com\/www.reclamador.es\/blog\/wp-content\/uploads\/2024\/05\/indemnizacion-viaje-de-trabajo-1200x630-1.jpg?fit=1200%2C630&ssl=1&resize=1050%2C600 3x"},"classes":[]},{"id":15705,"url":"https:\/\/www.reclamador.es\/blog\/mejor-poquito-paciencia-reclamar-bien-sin-prisas-la-indemnizacion-va-llegar\/","url_meta":{"origin":8523,"position":3},"title":"\"Es mejor tener un poquito de paciencia y reclamar bien, sin prisas. La indemnizaci\u00f3n va a llegar\"","author":"Cristina Naveda","date":"27 septiembre, 2017","format":false,"excerpt":"Esta semana conocemos a Ra\u00fal y Maribel, una pareja que vio retrasado su vuelo m\u00e1s de 6h cuando viajaban de Madrid a Canc\u00fan (M\u00e9xico) para celebrar su 25 aniversario. El culpable de toda esta historia: Air Europa, que sin dar explicaciones, tuvo a todos los pasajeros del vuelo UX63 en\u2026","rel":"","context":"En \u00abConoce todo lo que sucede en reclamador.es\u00bb","block_context":{"text":"Conoce todo lo que sucede en reclamador.es","link":"https:\/\/www.reclamador.es\/blog\/reclamadores\/"},"img":{"alt_text":"","src":"https:\/\/i0.wp.com\/www.reclamador.es\/blog\/wp-content\/uploads\/2017\/09\/entrevista-reclamacion-air-europa1-1.png?fit=1200%2C800&ssl=1&resize=350%2C200","width":350,"height":200,"srcset":"https:\/\/i0.wp.com\/www.reclamador.es\/blog\/wp-content\/uploads\/2017\/09\/entrevista-reclamacion-air-europa1-1.png?fit=1200%2C800&ssl=1&resize=350%2C200 1x, https:\/\/i0.wp.com\/www.reclamador.es\/blog\/wp-content\/uploads\/2017\/09\/entrevista-reclamacion-air-europa1-1.png?fit=1200%2C800&ssl=1&resize=525%2C300 1.5x, https:\/\/i0.wp.com\/www.reclamador.es\/blog\/wp-content\/uploads\/2017\/09\/entrevista-reclamacion-air-europa1-1.png?fit=1200%2C800&ssl=1&resize=700%2C400 2x, https:\/\/i0.wp.com\/www.reclamador.es\/blog\/wp-content\/uploads\/2017\/09\/entrevista-reclamacion-air-europa1-1.png?fit=1200%2C800&ssl=1&resize=1050%2C600 3x"},"classes":[]},{"id":33750,"url":"https:\/\/www.reclamador.es\/blog\/cuantas-horas-para-recibir-indemnizacion-retraso-de-vuelo\/","url_meta":{"origin":8523,"position":4},"title":"\u00bfCu\u00e1nto tiempo tiene que retrasarse un vuelo para poder pedir indemnizaci\u00f3n?","author":"Alicia Ria\u00f1o","date":"3 marzo, 2025","format":false,"excerpt":"Una situaci\u00f3n muy habitual: est\u00e1s en el aeropuerto y ves en las pantallas de la terminal el mensaje \u201cDelayed\u201d, \u201cRetrasado\u201d. Y, como es l\u00f3gico, te preocupes y te cabreas. Si el retraso es de unos minutos, bueno\u2026 pero cuando ves en las pantallas que la nueva hora de salida de\u2026","rel":"","context":"En \u00abConsejos legales\u00bb","block_context":{"text":"Consejos legales","link":"https:\/\/www.reclamador.es\/blog\/consejos\/"},"img":{"alt_text":"cu\u00e1ntas horas tiene que retrasarse un vuelo para recibir indemnizacion","src":"https:\/\/i0.wp.com\/www.reclamador.es\/blog\/wp-content\/uploads\/2025\/03\/cuantas-horas-tiene-retraso-avion-para-recibir-indemnizacion.jpg?fit=1200%2C630&ssl=1&resize=350%2C200","width":350,"height":200,"srcset":"https:\/\/i0.wp.com\/www.reclamador.es\/blog\/wp-content\/uploads\/2025\/03\/cuantas-horas-tiene-retraso-avion-para-recibir-indemnizacion.jpg?fit=1200%2C630&ssl=1&resize=350%2C200 1x, https:\/\/i0.wp.com\/www.reclamador.es\/blog\/wp-content\/uploads\/2025\/03\/cuantas-horas-tiene-retraso-avion-para-recibir-indemnizacion.jpg?fit=1200%2C630&ssl=1&resize=525%2C300 1.5x, https:\/\/i0.wp.com\/www.reclamador.es\/blog\/wp-content\/uploads\/2025\/03\/cuantas-horas-tiene-retraso-avion-para-recibir-indemnizacion.jpg?fit=1200%2C630&ssl=1&resize=700%2C400 2x, https:\/\/i0.wp.com\/www.reclamador.es\/blog\/wp-content\/uploads\/2025\/03\/cuantas-horas-tiene-retraso-avion-para-recibir-indemnizacion.jpg?fit=1200%2C630&ssl=1&resize=1050%2C600 3x"},"classes":[]},{"id":21139,"url":"https:\/\/www.reclamador.es\/blog\/808-euros-indemnizacion-media-retraso-equipaje\/","url_meta":{"origin":8523,"position":5},"title":"808\u20ac, la cantidad media reclamada por problemas de equipaje en un vuelo","author":"Equipo reclamador","date":"21 febrero, 2019","format":false,"excerpt":"Pese a los\u00a0problemas con el equipaje solo suponen el 2% de las m\u00e1s de 61.000 reclamaciones que gestionamos en 2018 frente a aerol\u00edneas en reclamador.es, s\u00ed es la incidencia por la cual los pasajeros a\u00e9reos que conf\u00edan en reclamador.es pueden recuperar la cantidad econ\u00f3mica\u00a0 m\u00e1s elevada. Concretamente, 808 \u20ac de\u2026","rel":"","context":"En \u00abNoticias y actualidad\u00bb","block_context":{"text":"Noticias y actualidad","link":"https:\/\/www.reclamador.es\/blog\/noticias\/"},"img":{"alt_text":"reclamar problemas de equipaje reclamador","src":"https:\/\/i0.wp.com\/www.reclamador.es\/blog\/wp-content\/uploads\/2019\/02\/reclamacion-media-por-problemas-de-equipaje-vuelos.jpg?fit=1200%2C799&ssl=1&resize=350%2C200","width":350,"height":200,"srcset":"https:\/\/i0.wp.com\/www.reclamador.es\/blog\/wp-content\/uploads\/2019\/02\/reclamacion-media-por-problemas-de-equipaje-vuelos.jpg?fit=1200%2C799&ssl=1&resize=350%2C200 1x, https:\/\/i0.wp.com\/www.reclamador.es\/blog\/wp-content\/uploads\/2019\/02\/reclamacion-media-por-problemas-de-equipaje-vuelos.jpg?fit=1200%2C799&ssl=1&resize=525%2C300 1.5x, https:\/\/i0.wp.com\/www.reclamador.es\/blog\/wp-content\/uploads\/2019\/02\/reclamacion-media-por-problemas-de-equipaje-vuelos.jpg?fit=1200%2C799&ssl=1&resize=700%2C400 2x, https:\/\/i0.wp.com\/www.reclamador.es\/blog\/wp-content\/uploads\/2019\/02\/reclamacion-media-por-problemas-de-equipaje-vuelos.jpg?fit=1200%2C799&ssl=1&resize=1050%2C600 3x"},"classes":[]}],"jetpack_sharing_enabled":true,"_links":{"self":[{"href":"https:\/\/www.reclamador.es\/blog\/wp-json\/wp\/v2\/posts\/8523","targetHints":{"allow":["GET"]}}],"collection":[{"href":"https:\/\/www.reclamador.es\/blog\/wp-json\/wp\/v2\/posts"}],"about":[{"href":"https:\/\/www.reclamador.es\/blog\/wp-json\/wp\/v2\/types\/post"}],"author":[{"embeddable":true,"href":"https:\/\/www.reclamador.es\/blog\/wp-json\/wp\/v2\/users\/3"}],"replies":[{"embeddable":true,"href":"https:\/\/www.reclamador.es\/blog\/wp-json\/wp\/v2\/comments?post=8523"}],"version-history":[{"count":18,"href":"https:\/\/www.reclamador.es\/blog\/wp-json\/wp\/v2\/posts\/8523\/revisions"}],"predecessor-version":[{"id":8560,"href":"https:\/\/www.reclamador.es\/blog\/wp-json\/wp\/v2\/posts\/8523\/revisions\/8560"}],"wp:featuredmedia":[{"embeddable":true,"href":"https:\/\/www.reclamador.es\/blog\/wp-json\/wp\/v2\/media\/8526"}],"wp:attachment":[{"href":"https:\/\/www.reclamador.es\/blog\/wp-json\/wp\/v2\/media?parent=8523"}],"wp:term":[{"taxonomy":"category","embeddable":true,"href":"https:\/\/www.reclamador.es\/blog\/wp-json\/wp\/v2\/categories?post=8523"},{"taxonomy":"post_tag","embeddable":true,"href":"https:\/\/www.reclamador.es\/blog\/wp-json\/wp\/v2\/tags?post=8523"}],"curies":[{"name":"wp","href":"https:\/\/api.w.org\/{rel}","templated":true}]}}