{"id":8317,"date":"2023-08-30T09:12:00","date_gmt":"2023-08-30T07:12:00","guid":{"rendered":"https:\/\/www.reclamador.es\/blog\/?p=8317"},"modified":"2025-05-12T10:15:46","modified_gmt":"2025-05-12T08:15:46","slug":"reclamar-vuelos-por-fallo-informatico","status":"publish","type":"post","link":"https:\/\/www.reclamador.es\/blog\/reclamar-vuelos-por-fallo-informatico\/","title":{"rendered":"\u00bfSon reclamables los retrasos y cancelaciones de vuelos por fallos inform\u00e1ticos?"},"content":{"rendered":"<div class=\"ttr_start\"><\/div>\n\n<div class=\"kk-star-ratings kksr-auto kksr-align-right kksr-valign-top\"\n    data-payload='{&quot;align&quot;:&quot;right&quot;,&quot;id&quot;:&quot;8317&quot;,&quot;slug&quot;:&quot;default&quot;,&quot;valign&quot;:&quot;top&quot;,&quot;ignore&quot;:&quot;&quot;,&quot;reference&quot;:&quot;auto&quot;,&quot;class&quot;:&quot;&quot;,&quot;count&quot;:&quot;3&quot;,&quot;legendonly&quot;:&quot;&quot;,&quot;readonly&quot;:&quot;&quot;,&quot;score&quot;:&quot;5&quot;,&quot;starsonly&quot;:&quot;&quot;,&quot;best&quot;:&quot;5&quot;,&quot;gap&quot;:&quot;3&quot;,&quot;greet&quot;:&quot;Valora este art\u00edculo&quot;,&quot;legend&quot;:&quot;5\\\/5 - (3 votos)&quot;,&quot;size&quot;:&quot;20&quot;,&quot;title&quot;:&quot;\u00bfSon reclamables los retrasos y cancelaciones de vuelos por fallos inform\u00e1ticos?&quot;,&quot;width&quot;:&quot;113.5&quot;,&quot;_legend&quot;:&quot;{score}\\\/{best} - ({count} {votes})&quot;,&quot;font_factor&quot;:&quot;1.25&quot;}'>\n            \n<div class=\"kksr-stars\">\n    \n<div class=\"kksr-stars-inactive\">\n            <div class=\"kksr-star\" data-star=\"1\" style=\"padding-right: 3px\">\n            \n\n<div class=\"kksr-icon\" style=\"width: 20px; height: 20px;\"><\/div>\n        <\/div>\n            <div class=\"kksr-star\" data-star=\"2\" style=\"padding-right: 3px\">\n            \n\n<div class=\"kksr-icon\" style=\"width: 20px; height: 20px;\"><\/div>\n        <\/div>\n            <div class=\"kksr-star\" data-star=\"3\" style=\"padding-right: 3px\">\n            \n\n<div class=\"kksr-icon\" style=\"width: 20px; height: 20px;\"><\/div>\n        <\/div>\n            <div class=\"kksr-star\" data-star=\"4\" style=\"padding-right: 3px\">\n            \n\n<div class=\"kksr-icon\" style=\"width: 20px; height: 20px;\"><\/div>\n        <\/div>\n            <div class=\"kksr-star\" data-star=\"5\" style=\"padding-right: 3px\">\n            \n\n<div class=\"kksr-icon\" style=\"width: 20px; height: 20px;\"><\/div>\n        <\/div>\n    <\/div>\n    \n<div class=\"kksr-stars-active\" style=\"width: 113.5px;\">\n            <div class=\"kksr-star\" style=\"padding-right: 3px\">\n            \n\n<div class=\"kksr-icon\" style=\"width: 20px; height: 20px;\"><\/div>\n        <\/div>\n            <div class=\"kksr-star\" style=\"padding-right: 3px\">\n            \n\n<div class=\"kksr-icon\" style=\"width: 20px; height: 20px;\"><\/div>\n        <\/div>\n            <div class=\"kksr-star\" style=\"padding-right: 3px\">\n            \n\n<div class=\"kksr-icon\" style=\"width: 20px; height: 20px;\"><\/div>\n        <\/div>\n            <div class=\"kksr-star\" style=\"padding-right: 3px\">\n            \n\n<div class=\"kksr-icon\" style=\"width: 20px; height: 20px;\"><\/div>\n        <\/div>\n            <div class=\"kksr-star\" style=\"padding-right: 3px\">\n            \n\n<div class=\"kksr-icon\" style=\"width: 20px; height: 20px;\"><\/div>\n        <\/div>\n    <\/div>\n<\/div>\n                \n\n<div class=\"kksr-legend\" style=\"font-size: 16px;\">\n            5\/5 - (3 votos)    <\/div>\n    <\/div>\n<figure><\/figure>\n<figure id=\"attachment_30157\" aria-describedby=\"caption-attachment-30157\" style=\"width: 1200px\" class=\"wp-caption aligncenter\"><img data-recalc-dims=\"1\" loading=\"lazy\" decoding=\"async\" class=\"wp-image-30157 size-full\" title=\"reclamar retraso o cancelaci\u00f3n por fallo inform\u00e1tico\" src=\"https:\/\/i0.wp.com\/www.reclamador.es\/blog\/wp-content\/uploads\/2017\/05\/cockpit-g7f0c4097c_1280.jpg?resize=1200%2C685&#038;ssl=1\" alt=\"reclamar retraso o cancelaci\u00f3n por fallo inform\u00e1tico\" width=\"1200\" height=\"685\" srcset=\"https:\/\/i0.wp.com\/www.reclamador.es\/blog\/wp-content\/uploads\/2017\/05\/cockpit-g7f0c4097c_1280.jpg?w=1200&amp;ssl=1 1200w, https:\/\/i0.wp.com\/www.reclamador.es\/blog\/wp-content\/uploads\/2017\/05\/cockpit-g7f0c4097c_1280.jpg?resize=800%2C457&amp;ssl=1 800w, https:\/\/i0.wp.com\/www.reclamador.es\/blog\/wp-content\/uploads\/2017\/05\/cockpit-g7f0c4097c_1280.jpg?resize=150%2C86&amp;ssl=1 150w, https:\/\/i0.wp.com\/www.reclamador.es\/blog\/wp-content\/uploads\/2017\/05\/cockpit-g7f0c4097c_1280.jpg?resize=768%2C438&amp;ssl=1 768w\" sizes=\"auto, (max-width: 1000px) 100vw, 1000px\" \/><figcaption id=\"caption-attachment-30157\" class=\"wp-caption-text\"><em>Reclamar retraso o cancelaci\u00f3n por fallo inform\u00e1tico<\/em><\/figcaption><\/figure>\n<p>En la actualidad, la automatizaci\u00f3n lo abarca pr\u00e1cticamente todo, y cualquier fallo en los sistemas inform\u00e1ticos puede ocasionar demoras significativas en la salida de los vuelos, e incluso provocar su cancelaci\u00f3n. En estos casos, como viajero o viajera, a la hora de saber a qu\u00e9 tienes derecho si sufres la cancelaci\u00f3n del vuelo, o un retraso, por un fallo inform\u00e1tico, debes tener en cuenta qui\u00e9n sufre esos problemas t\u00e9cnicos \u00bfla aerol\u00ednea o los sistemas del aeropuerto (o fallos inform\u00e1ticos ajenos a las compa\u00f1\u00edas a\u00e9reas).<\/p>\n<p>A continuaci\u00f3n, te damos toda la informaci\u00f3n que necesitas para saber cu\u00e1ndo puedes reclamar retraso o cancelaci\u00f3n por fallo inform\u00e1tico.<\/p>\n<h2>Reclamar retraso o cancelaci\u00f3n por fallo inform\u00e1tico de las aerol\u00edneas<\/h2>\n<p><span style=\"font-weight: 400;\">Los retrasos y cancelaciones de vuelo a ra\u00edz de la ca\u00edda de su sistema inform\u00e1tico <strong>son reclamables<\/strong>. Si ten\u00edas un vuelo con una aerol\u00ednea que alega errores inform\u00e1ticos para justiciar el retraso en un vuelo o su cancelaci\u00f3n, este art\u00edculo te interesa, pues s\u00ed te corresponde indemnizaci\u00f3n.<\/span><\/p>\n<p><span style=\"font-weight: 400;\">Los casos que no son reclamables se recogen claramente en el <\/span><a href=\"https:\/\/www.boe.es\/doue\/2004\/046\/L00001-00007.pdf\" target=\"_blank\" rel=\"noopener noreferrer\"><span style=\"font-weight: 400;\">Reglamento Europeo de tr\u00e1fico a\u00e9reo<\/span><\/a><span style=\"font-weight: 400;\">. Como norma general, <strong>reclamaciones que no se pueden hacer son aquellas en las que los retrasos o cancelaciones en vuelos se producen como consecuencia de un motivo que es ajeno a la propia aerol\u00ednea<\/strong> (los llamados <\/span><a href=\"https:\/\/www.reclamador.es\/blog\/que-se-considera-fuerza-mayor-y-que-no\/\"><span style=\"font-weight: 400;\">casos de fuerza mayor<\/span><\/a><span style=\"font-weight: 400;\">). Si la ca\u00edda fuera consecuencia de un ataque terrorista a su sistema, s\u00ed se podr\u00eda considerar fuerza mayor, pero no suele ser el caso y s\u00ed problemas con el suministro energ\u00e9tico y servidores de la compa\u00f1\u00eda.<\/span><\/p>\n<h2><b>\u00bfPor qu\u00e9 se puede reclamar un retraso o cancelaci\u00f3n por fallo inform\u00e1tico de la aerol\u00ednea?<\/b><\/h2>\n<p><span style=\"font-weight: 400;\"><strong>Porque siempre que la incidencia no sea debido a la injerencia de un tercero, se puede reclamar. <\/strong>Por ejemplo, un caso muy sonado fue el de British Airways en abril de 2022, que fue debido a un fallo interno de los sistemas inform\u00e1ticos de la compa\u00f1\u00eda. Al tratarse de un problema interno, de acuerdo con la legislaci\u00f3n, adem\u00e1s del reembolso y la asistencia, los pasajeros afectados pod\u00edan reclamar una compensaci\u00f3n de entre 250 euros y 600 euros, dependiendo de la distancia del vuelo.<\/span><\/p>\n<p>En cambio, si, por ejemplo, el fallo inform\u00e1tico se produce en los servidores de un aeropuerto concreto, lo que impide a las aerol\u00edneas operar con normalidad, en esos casos, al no ser consecuencia de problemas de las propias compa\u00f1\u00edas a\u00e9reas, el viajero no podr\u00eda reclamar retraso o cancelaci\u00f3n por fallo inform\u00e1tico.<\/p>\n<h2><b>\u00bfQu\u00e9 incidencias a\u00e9reas se pueden reclamar?<\/b><\/h2>\n<p><span style=\"font-weight: 400;\">En estos casos, puedes reclamar las siguientes incidencias a\u00e9reas:<\/span><\/p>\n<ul>\n<li style=\"font-weight: 400;\"><a href=\"https:\/\/www.reclamador.es\/aerolineas\/retraso-vuelo\/\"><span style=\"font-weight: 400;\"><strong>Retrasos<\/strong><\/span><\/a><span style=\"font-weight: 400;\">.<\/span><span style=\"font-weight: 400;\"> Si experimentas un retraso en tu vuelo que excede las tres horas en el momento de su llegada al destino, tienes la posibilidad de presentar una reclamaci\u00f3n. La compensaci\u00f3n que podr\u00edas recibir var\u00eda en un rango de 250 \u20ac a 600 \u20ac, determinada por la distancia del recorrido.<\/span><\/li>\n<li style=\"font-weight: 400;\"><strong><a href=\"https:\/\/www.reclamador.es\/aerolineas\/cancelacion-vuelo\/\">Cancelaciones<\/a><\/strong><span style=\"font-weight: 400;\">.<\/span><span style=\"font-weight: 400;\"> Si como producto de tu incidencia te han cancelado tu vuelo es muy posible que puedas reclamar. Para poder hacerlo tienen que hab\u00e9rtelo avisado con menos de dos semanas de antelaci\u00f3n. Tambi\u00e9n que el vuelo alternativo haya llegado a su destino con m\u00e1s de tres semanas de retraso. En estos casos, como en los de retraso, la compensaci\u00f3n var\u00eda entre 250 \u20ac y 600 \u20ac.<\/span><\/li>\n<li style=\"font-weight: 400;\"><strong><a href=\"https:\/\/www.reclamador.es\/aerolineas\/problemas-equipaje\/\">P\u00e9rdida y retraso en la entrega de tu equipaje<\/a><\/strong><span style=\"font-weight: 400;\">.<\/span><span style=\"font-weight: 400;\"> En estos casos, por retraso, da\u00f1os o p\u00e9rdidas de equipaje se pueden reclamar hasta 1.813 \u20ac de compensaci\u00f3n (dato actualizado mayo 2025). En reclamaciones de equipajes a aerol\u00edneas, es muy importante poder acreditar todos los gastos que te ha ocasionado el viaje. Y siempre <\/span><strong><a href=\"https:\/\/www.reclamador.es\/ayuda\/aerolineas\/que-documento-es-el-pir\/\">hacer el PIR<\/a><\/strong><span style=\"font-weight: 400;\">.<\/span><\/li>\n<li><strong><a href=\"https:\/\/www.reclamador.es\/aerolineas\/overbooking\/\">Overbooking<\/a><\/strong>. Aunque el overbooking sea una pr\u00e1ctica comercial legal, si como pasajero te ves afectado o afectada por overbooking de manera involuntaria, tienes el derecho de solicitar una compensaci\u00f3n que puede llegar a ser de hasta 600 \u20ac.<\/li>\n<\/ul>\n<h2><b>\u00bfQu\u00e9 documentaci\u00f3n es necesaria para hacer una reclamaci\u00f3n de un vuelo?<\/b><\/h2>\n<p><span style=\"font-weight: 400;\">Es fundamental que siempre conserves todos los documentos. Har\u00e1n falta posteriormente para llevar a cabo la reclamaci\u00f3n. Los documentos que te van a hacer falta, si quieres reclamar a una aerol\u00ednea con reclamador.es, son los siguientes.<\/span><\/p>\n<ul>\n<li style=\"font-weight: 400;\"><b>Reserva de tu vuelo<\/b><span style=\"font-weight: 400;\">. Conserva la reserva de tu vuelo original, el que compraste. Tanto si la tienes en papel como si la tienes en un correo electr\u00f3nico, no la tires ni la borres.<\/span><\/li>\n<li style=\"font-weight: 400;\"><b>Tarjetas de embarque<\/b><span style=\"font-weight: 400;\">. Tienes que guardarlas todas, pese a que cada vez m\u00e1s jueces permiten reclamar sin este documento, consideramos que es importante para la viabilidad de la reclamaci\u00f3n.\u00a0<\/span><\/li>\n<li style=\"font-weight: 400;\"><b>PIR<\/b><span style=\"font-weight: 400;\">. El PIR es el Parte de Irregularidad de tu equipaje. Es imprescindible obtenerlo para hacer una reclamaci\u00f3n de equipaje. Dir\u00edgete a la ventanilla y solic\u00edtalo si has tenido problemas con tu maleta.\u00a0<\/span><\/li>\n<li style=\"font-weight: 400;\"><b>Tickets y comprobantes de gastos<\/b><span style=\"font-weight: 400;\">. Si a causa de la incidencia has tenido que comprar bebida o comida, pagar alg\u00fan alojamiento o comprar ropa porque no tienes tu equipaje, conserva todos los comprobantes. Son fundamentales para poder recuperar lo que te has gastado por culpa de tu incidencia.<\/span><\/li>\n<\/ul>\n<h2 style=\"text-align: center;\"><strong><a class=\"button-lead\" href=\"https:\/\/www.reclamador.es\/aerolineas\/\">\u00bfQuieres hacer una reclamaci\u00f3n a una aerol\u00ednea?<\/a><\/strong><\/h2>\n<div class=\"ttr_end\"><\/div>","protected":false},"excerpt":{"rendered":"<p>En la actualidad, la automatizaci\u00f3n lo abarca pr\u00e1cticamente todo, y cualquier fallo en los sistemas inform\u00e1ticos puede ocasionar demoras significativas en la salida de los vuelos, e incluso provocar su cancelaci\u00f3n. En estos casos, como viajero o viajera, a la hora de saber a qu\u00e9 tienes derecho si sufres la cancelaci\u00f3n del vuelo, o un [&hellip;]<\/p>\n","protected":false},"author":1,"featured_media":30157,"comment_status":"open","ping_status":"open","sticky":false,"template":"","format":"standard","meta":{"_acf_changed":false,"_genesis_hide_title":false,"_genesis_hide_breadcrumbs":false,"_genesis_hide_singular_image":false,"_genesis_hide_footer_widgets":false,"_genesis_custom_body_class":"","_genesis_custom_post_class":"","_genesis_layout":"","_jetpack_newsletter_access":"","_jetpack_dont_email_post_to_subs":true,"_jetpack_newsletter_tier_id":0,"_jetpack_memberships_contains_paywalled_content":false,"_jetpack_memberships_contains_paid_content":false,"footnotes":""},"categories":[393],"tags":[380,664,663],"class_list":{"0":"post-8317","1":"post","2":"type-post","3":"status-publish","4":"format-standard","5":"has-post-thumbnail","7":"category-consejos","8":"tag-aerolineas","9":"tag-cancelacion","10":"tag-retraso","11":"entry"},"acf":[],"yoast_head":"<!-- This site is optimized with the Yoast SEO plugin v27.4 - https:\/\/yoast.com\/product\/yoast-seo-wordpress\/ -->\n<title>Reclamar retraso o cancelaci\u00f3n por fallo inform\u00e1tico: \u00bfes posible?<\/title>\n<meta name=\"description\" content=\"Te explicamos qu\u00e9 puedes reclamar en caso de vuelos retrasados y cancelados por un fallo inform\u00e1tico de la aerol\u00ednea.\" \/>\n<meta name=\"robots\" content=\"index, follow, max-snippet:-1, max-image-preview:large, max-video-preview:-1\" \/>\n<link rel=\"canonical\" href=\"https:\/\/www.reclamador.es\/blog\/reclamar-vuelos-por-fallo-informatico\/\" \/>\n<meta property=\"og:locale\" content=\"es_ES\" \/>\n<meta property=\"og:type\" content=\"article\" \/>\n<meta property=\"og:title\" content=\"Reclamar retraso o cancelaci\u00f3n por fallo inform\u00e1tico: \u00bfes posible?\" \/>\n<meta property=\"og:description\" content=\"Te explicamos qu\u00e9 puedes reclamar en caso de vuelos retrasados y cancelados por un fallo inform\u00e1tico de la aerol\u00ednea.\" \/>\n<meta property=\"og:url\" content=\"https:\/\/www.reclamador.es\/blog\/reclamar-vuelos-por-fallo-informatico\/\" \/>\n<meta property=\"og:site_name\" content=\"Rebeldes con causa, el blog de reclamador.es\" \/>\n<meta property=\"article:publisher\" content=\"https:\/\/www.facebook.com\/reclamador.es\" \/>\n<meta property=\"article:published_time\" content=\"2023-08-30T07:12:00+00:00\" \/>\n<meta property=\"article:modified_time\" content=\"2025-05-12T08:15:46+00:00\" \/>\n<meta property=\"og:image\" content=\"https:\/\/www.reclamador.es\/blog\/wp-content\/uploads\/2017\/05\/cockpit-g7f0c4097c_1280.jpg\" \/>\n\t<meta property=\"og:image:width\" content=\"1200\" \/>\n\t<meta property=\"og:image:height\" content=\"685\" \/>\n\t<meta property=\"og:image:type\" content=\"image\/jpeg\" \/>\n<meta name=\"author\" content=\"Equipo reclamador\" \/>\n<meta name=\"twitter:card\" content=\"summary_large_image\" \/>\n<meta name=\"twitter:creator\" content=\"@reclamador\" \/>\n<meta name=\"twitter:site\" content=\"@reclamador\" \/>\n<meta name=\"twitter:label1\" content=\"Escrito por\" \/>\n\t<meta name=\"twitter:data1\" content=\"Equipo reclamador\" \/>\n\t<meta name=\"twitter:label2\" content=\"Tiempo de lectura\" \/>\n\t<meta name=\"twitter:data2\" content=\"5 minutos\" \/>\n<script type=\"application\/ld+json\" class=\"yoast-schema-graph\">{\"@context\":\"https:\\\/\\\/schema.org\",\"@graph\":[{\"@type\":\"Article\",\"@id\":\"https:\\\/\\\/www.reclamador.es\\\/blog\\\/reclamar-vuelos-por-fallo-informatico\\\/#article\",\"isPartOf\":{\"@id\":\"https:\\\/\\\/www.reclamador.es\\\/blog\\\/reclamar-vuelos-por-fallo-informatico\\\/\"},\"author\":{\"name\":\"Equipo reclamador\",\"@id\":\"https:\\\/\\\/www.reclamador.es\\\/blog\\\/#\\\/schema\\\/person\\\/1ed83eef8b6566cb5e4c812d9bc5c4bf\"},\"headline\":\"\u00bfSon reclamables los retrasos y cancelaciones de vuelos por fallos inform\u00e1ticos?\",\"datePublished\":\"2023-08-30T07:12:00+00:00\",\"dateModified\":\"2025-05-12T08:15:46+00:00\",\"mainEntityOfPage\":{\"@id\":\"https:\\\/\\\/www.reclamador.es\\\/blog\\\/reclamar-vuelos-por-fallo-informatico\\\/\"},\"wordCount\":922,\"commentCount\":0,\"publisher\":{\"@id\":\"https:\\\/\\\/www.reclamador.es\\\/blog\\\/#organization\"},\"image\":{\"@id\":\"https:\\\/\\\/www.reclamador.es\\\/blog\\\/reclamar-vuelos-por-fallo-informatico\\\/#primaryimage\"},\"thumbnailUrl\":\"https:\\\/\\\/i0.wp.com\\\/www.reclamador.es\\\/blog\\\/wp-content\\\/uploads\\\/2017\\\/05\\\/cockpit-g7f0c4097c_1280.jpg?fit=1200%2C685&ssl=1\",\"keywords\":[\"aerol\u00edneas\",\"cancelaci\u00f3n\",\"retraso\"],\"articleSection\":[\"Consejos legales\"],\"inLanguage\":\"es\",\"potentialAction\":[{\"@type\":\"CommentAction\",\"name\":\"Comment\",\"target\":[\"https:\\\/\\\/www.reclamador.es\\\/blog\\\/reclamar-vuelos-por-fallo-informatico\\\/#respond\"]}]},{\"@type\":\"WebPage\",\"@id\":\"https:\\\/\\\/www.reclamador.es\\\/blog\\\/reclamar-vuelos-por-fallo-informatico\\\/\",\"url\":\"https:\\\/\\\/www.reclamador.es\\\/blog\\\/reclamar-vuelos-por-fallo-informatico\\\/\",\"name\":\"Reclamar retraso o cancelaci\u00f3n por fallo inform\u00e1tico: \u00bfes posible?\",\"isPartOf\":{\"@id\":\"https:\\\/\\\/www.reclamador.es\\\/blog\\\/#website\"},\"primaryImageOfPage\":{\"@id\":\"https:\\\/\\\/www.reclamador.es\\\/blog\\\/reclamar-vuelos-por-fallo-informatico\\\/#primaryimage\"},\"image\":{\"@id\":\"https:\\\/\\\/www.reclamador.es\\\/blog\\\/reclamar-vuelos-por-fallo-informatico\\\/#primaryimage\"},\"thumbnailUrl\":\"https:\\\/\\\/i0.wp.com\\\/www.reclamador.es\\\/blog\\\/wp-content\\\/uploads\\\/2017\\\/05\\\/cockpit-g7f0c4097c_1280.jpg?fit=1200%2C685&ssl=1\",\"datePublished\":\"2023-08-30T07:12:00+00:00\",\"dateModified\":\"2025-05-12T08:15:46+00:00\",\"description\":\"Te explicamos qu\u00e9 puedes reclamar en caso de vuelos retrasados y cancelados por un fallo inform\u00e1tico de la aerol\u00ednea.\",\"breadcrumb\":{\"@id\":\"https:\\\/\\\/www.reclamador.es\\\/blog\\\/reclamar-vuelos-por-fallo-informatico\\\/#breadcrumb\"},\"inLanguage\":\"es\",\"potentialAction\":[{\"@type\":\"ReadAction\",\"target\":[\"https:\\\/\\\/www.reclamador.es\\\/blog\\\/reclamar-vuelos-por-fallo-informatico\\\/\"]}]},{\"@type\":\"ImageObject\",\"inLanguage\":\"es\",\"@id\":\"https:\\\/\\\/www.reclamador.es\\\/blog\\\/reclamar-vuelos-por-fallo-informatico\\\/#primaryimage\",\"url\":\"https:\\\/\\\/i0.wp.com\\\/www.reclamador.es\\\/blog\\\/wp-content\\\/uploads\\\/2017\\\/05\\\/cockpit-g7f0c4097c_1280.jpg?fit=1200%2C685&ssl=1\",\"contentUrl\":\"https:\\\/\\\/i0.wp.com\\\/www.reclamador.es\\\/blog\\\/wp-content\\\/uploads\\\/2017\\\/05\\\/cockpit-g7f0c4097c_1280.jpg?fit=1200%2C685&ssl=1\",\"width\":1200,\"height\":685},{\"@type\":\"BreadcrumbList\",\"@id\":\"https:\\\/\\\/www.reclamador.es\\\/blog\\\/reclamar-vuelos-por-fallo-informatico\\\/#breadcrumb\",\"itemListElement\":[{\"@type\":\"ListItem\",\"position\":1,\"name\":\"Portada\",\"item\":\"https:\\\/\\\/www.reclamador.es\\\/blog\\\/\"},{\"@type\":\"ListItem\",\"position\":2,\"name\":\"\u00bfSon reclamables los retrasos y cancelaciones de vuelos por fallos inform\u00e1ticos?\"}]},{\"@type\":\"WebSite\",\"@id\":\"https:\\\/\\\/www.reclamador.es\\\/blog\\\/#website\",\"url\":\"https:\\\/\\\/www.reclamador.es\\\/blog\\\/\",\"name\":\"Rebeldes con causa, el blog de reclamador.es\",\"description\":\"Noticias, entrevistas y consejos sobre reclamaciones\",\"publisher\":{\"@id\":\"https:\\\/\\\/www.reclamador.es\\\/blog\\\/#organization\"},\"potentialAction\":[{\"@type\":\"SearchAction\",\"target\":{\"@type\":\"EntryPoint\",\"urlTemplate\":\"https:\\\/\\\/www.reclamador.es\\\/blog\\\/?s={search_term_string}\"},\"query-input\":{\"@type\":\"PropertyValueSpecification\",\"valueRequired\":true,\"valueName\":\"search_term_string\"}}],\"inLanguage\":\"es\"},{\"@type\":\"Organization\",\"@id\":\"https:\\\/\\\/www.reclamador.es\\\/blog\\\/#organization\",\"name\":\"reclamador.es\",\"url\":\"https:\\\/\\\/www.reclamador.es\\\/blog\\\/\",\"logo\":{\"@type\":\"ImageObject\",\"inLanguage\":\"es\",\"@id\":\"https:\\\/\\\/www.reclamador.es\\\/blog\\\/#\\\/schema\\\/logo\\\/image\\\/\",\"url\":\"https:\\\/\\\/i0.wp.com\\\/www.reclamador.es\\\/blog\\\/wp-content\\\/uploads\\\/2020\\\/01\\\/logo-reclamador.png?fit=1200%2C144&ssl=1\",\"contentUrl\":\"https:\\\/\\\/i0.wp.com\\\/www.reclamador.es\\\/blog\\\/wp-content\\\/uploads\\\/2020\\\/01\\\/logo-reclamador.png?fit=1200%2C144&ssl=1\",\"width\":1200,\"height\":144,\"caption\":\"reclamador.es\"},\"image\":{\"@id\":\"https:\\\/\\\/www.reclamador.es\\\/blog\\\/#\\\/schema\\\/logo\\\/image\\\/\"},\"sameAs\":[\"https:\\\/\\\/www.facebook.com\\\/reclamador.es\",\"https:\\\/\\\/x.com\\\/reclamador\",\"https:\\\/\\\/www.instagram.com\\\/reclamador.es\\\/\",\"https:\\\/\\\/www.linkedin.com\\\/company\\\/reclamador-es\",\"https:\\\/\\\/www.youtube.com\\\/user\\\/Reclamadores\"]},{\"@type\":\"Person\",\"@id\":\"https:\\\/\\\/www.reclamador.es\\\/blog\\\/#\\\/schema\\\/person\\\/1ed83eef8b6566cb5e4c812d9bc5c4bf\",\"name\":\"Equipo reclamador\",\"image\":{\"@type\":\"ImageObject\",\"inLanguage\":\"es\",\"@id\":\"https:\\\/\\\/secure.gravatar.com\\\/avatar\\\/6442ecdc2c4472c600c113f34d340feca47107d6aa4f42f1e3e75a2a8e28a760?s=96&d=mm&r=g\",\"url\":\"https:\\\/\\\/secure.gravatar.com\\\/avatar\\\/6442ecdc2c4472c600c113f34d340feca47107d6aa4f42f1e3e75a2a8e28a760?s=96&d=mm&r=g\",\"contentUrl\":\"https:\\\/\\\/secure.gravatar.com\\\/avatar\\\/6442ecdc2c4472c600c113f34d340feca47107d6aa4f42f1e3e75a2a8e28a760?s=96&d=mm&r=g\",\"caption\":\"Equipo reclamador\"},\"description\":\"Las personas que hacen posible reclamador.es\",\"url\":\"https:\\\/\\\/www.reclamador.es\\\/blog\\\/author\\\/administrador\\\/\"}]}<\/script>\n<!-- \/ Yoast SEO plugin. -->","yoast_head_json":{"title":"Reclamar retraso o cancelaci\u00f3n por fallo inform\u00e1tico: \u00bfes posible?","description":"Te explicamos qu\u00e9 puedes reclamar en caso de vuelos retrasados y cancelados por un fallo inform\u00e1tico de la aerol\u00ednea.","robots":{"index":"index","follow":"follow","max-snippet":"max-snippet:-1","max-image-preview":"max-image-preview:large","max-video-preview":"max-video-preview:-1"},"canonical":"https:\/\/www.reclamador.es\/blog\/reclamar-vuelos-por-fallo-informatico\/","og_locale":"es_ES","og_type":"article","og_title":"Reclamar retraso o cancelaci\u00f3n por fallo inform\u00e1tico: \u00bfes posible?","og_description":"Te explicamos qu\u00e9 puedes reclamar en caso de vuelos retrasados y cancelados por un fallo inform\u00e1tico de la aerol\u00ednea.","og_url":"https:\/\/www.reclamador.es\/blog\/reclamar-vuelos-por-fallo-informatico\/","og_site_name":"Rebeldes con causa, el blog de reclamador.es","article_publisher":"https:\/\/www.facebook.com\/reclamador.es","article_published_time":"2023-08-30T07:12:00+00:00","article_modified_time":"2025-05-12T08:15:46+00:00","og_image":[{"width":1200,"height":685,"url":"https:\/\/www.reclamador.es\/blog\/wp-content\/uploads\/2017\/05\/cockpit-g7f0c4097c_1280.jpg","type":"image\/jpeg"}],"author":"Equipo reclamador","twitter_card":"summary_large_image","twitter_creator":"@reclamador","twitter_site":"@reclamador","twitter_misc":{"Escrito por":"Equipo reclamador","Tiempo de lectura":"5 minutos"},"schema":{"@context":"https:\/\/schema.org","@graph":[{"@type":"Article","@id":"https:\/\/www.reclamador.es\/blog\/reclamar-vuelos-por-fallo-informatico\/#article","isPartOf":{"@id":"https:\/\/www.reclamador.es\/blog\/reclamar-vuelos-por-fallo-informatico\/"},"author":{"name":"Equipo reclamador","@id":"https:\/\/www.reclamador.es\/blog\/#\/schema\/person\/1ed83eef8b6566cb5e4c812d9bc5c4bf"},"headline":"\u00bfSon reclamables los retrasos y cancelaciones de vuelos por fallos inform\u00e1ticos?","datePublished":"2023-08-30T07:12:00+00:00","dateModified":"2025-05-12T08:15:46+00:00","mainEntityOfPage":{"@id":"https:\/\/www.reclamador.es\/blog\/reclamar-vuelos-por-fallo-informatico\/"},"wordCount":922,"commentCount":0,"publisher":{"@id":"https:\/\/www.reclamador.es\/blog\/#organization"},"image":{"@id":"https:\/\/www.reclamador.es\/blog\/reclamar-vuelos-por-fallo-informatico\/#primaryimage"},"thumbnailUrl":"https:\/\/i0.wp.com\/www.reclamador.es\/blog\/wp-content\/uploads\/2017\/05\/cockpit-g7f0c4097c_1280.jpg?fit=1200%2C685&ssl=1","keywords":["aerol\u00edneas","cancelaci\u00f3n","retraso"],"articleSection":["Consejos legales"],"inLanguage":"es","potentialAction":[{"@type":"CommentAction","name":"Comment","target":["https:\/\/www.reclamador.es\/blog\/reclamar-vuelos-por-fallo-informatico\/#respond"]}]},{"@type":"WebPage","@id":"https:\/\/www.reclamador.es\/blog\/reclamar-vuelos-por-fallo-informatico\/","url":"https:\/\/www.reclamador.es\/blog\/reclamar-vuelos-por-fallo-informatico\/","name":"Reclamar retraso o cancelaci\u00f3n por fallo inform\u00e1tico: \u00bfes posible?","isPartOf":{"@id":"https:\/\/www.reclamador.es\/blog\/#website"},"primaryImageOfPage":{"@id":"https:\/\/www.reclamador.es\/blog\/reclamar-vuelos-por-fallo-informatico\/#primaryimage"},"image":{"@id":"https:\/\/www.reclamador.es\/blog\/reclamar-vuelos-por-fallo-informatico\/#primaryimage"},"thumbnailUrl":"https:\/\/i0.wp.com\/www.reclamador.es\/blog\/wp-content\/uploads\/2017\/05\/cockpit-g7f0c4097c_1280.jpg?fit=1200%2C685&ssl=1","datePublished":"2023-08-30T07:12:00+00:00","dateModified":"2025-05-12T08:15:46+00:00","description":"Te explicamos qu\u00e9 puedes reclamar en caso de vuelos retrasados y cancelados por un fallo inform\u00e1tico de la aerol\u00ednea.","breadcrumb":{"@id":"https:\/\/www.reclamador.es\/blog\/reclamar-vuelos-por-fallo-informatico\/#breadcrumb"},"inLanguage":"es","potentialAction":[{"@type":"ReadAction","target":["https:\/\/www.reclamador.es\/blog\/reclamar-vuelos-por-fallo-informatico\/"]}]},{"@type":"ImageObject","inLanguage":"es","@id":"https:\/\/www.reclamador.es\/blog\/reclamar-vuelos-por-fallo-informatico\/#primaryimage","url":"https:\/\/i0.wp.com\/www.reclamador.es\/blog\/wp-content\/uploads\/2017\/05\/cockpit-g7f0c4097c_1280.jpg?fit=1200%2C685&ssl=1","contentUrl":"https:\/\/i0.wp.com\/www.reclamador.es\/blog\/wp-content\/uploads\/2017\/05\/cockpit-g7f0c4097c_1280.jpg?fit=1200%2C685&ssl=1","width":1200,"height":685},{"@type":"BreadcrumbList","@id":"https:\/\/www.reclamador.es\/blog\/reclamar-vuelos-por-fallo-informatico\/#breadcrumb","itemListElement":[{"@type":"ListItem","position":1,"name":"Portada","item":"https:\/\/www.reclamador.es\/blog\/"},{"@type":"ListItem","position":2,"name":"\u00bfSon reclamables los retrasos y cancelaciones de vuelos por fallos inform\u00e1ticos?"}]},{"@type":"WebSite","@id":"https:\/\/www.reclamador.es\/blog\/#website","url":"https:\/\/www.reclamador.es\/blog\/","name":"Rebeldes con causa, el blog de reclamador.es","description":"Noticias, entrevistas y consejos sobre reclamaciones","publisher":{"@id":"https:\/\/www.reclamador.es\/blog\/#organization"},"potentialAction":[{"@type":"SearchAction","target":{"@type":"EntryPoint","urlTemplate":"https:\/\/www.reclamador.es\/blog\/?s={search_term_string}"},"query-input":{"@type":"PropertyValueSpecification","valueRequired":true,"valueName":"search_term_string"}}],"inLanguage":"es"},{"@type":"Organization","@id":"https:\/\/www.reclamador.es\/blog\/#organization","name":"reclamador.es","url":"https:\/\/www.reclamador.es\/blog\/","logo":{"@type":"ImageObject","inLanguage":"es","@id":"https:\/\/www.reclamador.es\/blog\/#\/schema\/logo\/image\/","url":"https:\/\/i0.wp.com\/www.reclamador.es\/blog\/wp-content\/uploads\/2020\/01\/logo-reclamador.png?fit=1200%2C144&ssl=1","contentUrl":"https:\/\/i0.wp.com\/www.reclamador.es\/blog\/wp-content\/uploads\/2020\/01\/logo-reclamador.png?fit=1200%2C144&ssl=1","width":1200,"height":144,"caption":"reclamador.es"},"image":{"@id":"https:\/\/www.reclamador.es\/blog\/#\/schema\/logo\/image\/"},"sameAs":["https:\/\/www.facebook.com\/reclamador.es","https:\/\/x.com\/reclamador","https:\/\/www.instagram.com\/reclamador.es\/","https:\/\/www.linkedin.com\/company\/reclamador-es","https:\/\/www.youtube.com\/user\/Reclamadores"]},{"@type":"Person","@id":"https:\/\/www.reclamador.es\/blog\/#\/schema\/person\/1ed83eef8b6566cb5e4c812d9bc5c4bf","name":"Equipo reclamador","image":{"@type":"ImageObject","inLanguage":"es","@id":"https:\/\/secure.gravatar.com\/avatar\/6442ecdc2c4472c600c113f34d340feca47107d6aa4f42f1e3e75a2a8e28a760?s=96&d=mm&r=g","url":"https:\/\/secure.gravatar.com\/avatar\/6442ecdc2c4472c600c113f34d340feca47107d6aa4f42f1e3e75a2a8e28a760?s=96&d=mm&r=g","contentUrl":"https:\/\/secure.gravatar.com\/avatar\/6442ecdc2c4472c600c113f34d340feca47107d6aa4f42f1e3e75a2a8e28a760?s=96&d=mm&r=g","caption":"Equipo reclamador"},"description":"Las personas que hacen posible reclamador.es","url":"https:\/\/www.reclamador.es\/blog\/author\/administrador\/"}]}},"jetpack_featured_media_url":"https:\/\/i0.wp.com\/www.reclamador.es\/blog\/wp-content\/uploads\/2017\/05\/cockpit-g7f0c4097c_1280.jpg?fit=1200%2C685&ssl=1","jetpack-related-posts":[{"id":30638,"url":"https:\/\/www.reclamador.es\/blog\/reclama-danos-morales-a-tu-aerolinea\/","url_meta":{"origin":8317,"position":0},"title":"\u00bfPuedes reclamar a una aerol\u00ednea los da\u00f1os morales sufridos por un problema en un vuelo?","author":"Equipo reclamador","date":"30 abril, 2024","format":false,"excerpt":"Si has llegado hasta aqu\u00ed, es posible que tu primera pregunta sea \u00bfPero se pueden reclamar da\u00f1os morales a una aerol\u00ednea? La respuesta es s\u00ed. Pero en reclamador.es somos conscientes de que las aerol\u00edneas suelen ser reticentes a indemnizar por determinados conceptos, incluso por aquellos recogidos claramente en el Reglamento\u2026","rel":"","context":"En \u00abConsejos legales\u00bb","block_context":{"text":"Consejos legales","link":"https:\/\/www.reclamador.es\/blog\/consejos\/"},"img":{"alt_text":"reclamar da\u00f1os morales","src":"https:\/\/i0.wp.com\/www.reclamador.es\/blog\/wp-content\/uploads\/2023\/01\/principales-danos-morales-que-se-pueden-reclamar-1200x630-1.jpg?fit=1200%2C630&ssl=1&resize=350%2C200","width":350,"height":200,"srcset":"https:\/\/i0.wp.com\/www.reclamador.es\/blog\/wp-content\/uploads\/2023\/01\/principales-danos-morales-que-se-pueden-reclamar-1200x630-1.jpg?fit=1200%2C630&ssl=1&resize=350%2C200 1x, https:\/\/i0.wp.com\/www.reclamador.es\/blog\/wp-content\/uploads\/2023\/01\/principales-danos-morales-que-se-pueden-reclamar-1200x630-1.jpg?fit=1200%2C630&ssl=1&resize=525%2C300 1.5x, https:\/\/i0.wp.com\/www.reclamador.es\/blog\/wp-content\/uploads\/2023\/01\/principales-danos-morales-que-se-pueden-reclamar-1200x630-1.jpg?fit=1200%2C630&ssl=1&resize=700%2C400 2x, https:\/\/i0.wp.com\/www.reclamador.es\/blog\/wp-content\/uploads\/2023\/01\/principales-danos-morales-que-se-pueden-reclamar-1200x630-1.jpg?fit=1200%2C630&ssl=1&resize=1050%2C600 3x"},"classes":[]},{"id":7560,"url":"https:\/\/www.reclamador.es\/blog\/no-sabia-tenia-derecho-compensacion-retraso-vuelo\/","url_meta":{"origin":8317,"position":1},"title":"\"No sab\u00eda que ten\u00eda derecho a compensaci\u00f3n por el retraso del vuelo\"","author":"Equipo reclamador","date":"7 abril, 2017","format":false,"excerpt":"Ten\u00edamos curiosidad acerca de lo que pensaban y sab\u00edan los pasajeros sobre\u00a0sus derechos. Por eso, nos hemos desplazado hasta el Aeropuerto Adolfo Su\u00e1rez Madrid-Barajas. All\u00ed, hemos preguntado a diferentes viajeros estas cuestiones. Hemos hecho 5 preguntas y esto es lo que nos han respondido: \u00bfQu\u00e9 har\u00edas si la aerol\u00ednea cancela\u2026","rel":"","context":"En \u00abConoce todo lo que sucede en reclamador.es\u00bb","block_context":{"text":"Conoce todo lo que sucede en reclamador.es","link":"https:\/\/www.reclamador.es\/blog\/reclamadores\/"},"img":{"alt_text":"","src":"https:\/\/i0.wp.com\/www.reclamador.es\/blog\/wp-content\/uploads\/2017\/04\/TESTIMONIO-4.jpg?fit=1200%2C675&ssl=1&resize=350%2C200","width":350,"height":200,"srcset":"https:\/\/i0.wp.com\/www.reclamador.es\/blog\/wp-content\/uploads\/2017\/04\/TESTIMONIO-4.jpg?fit=1200%2C675&ssl=1&resize=350%2C200 1x, https:\/\/i0.wp.com\/www.reclamador.es\/blog\/wp-content\/uploads\/2017\/04\/TESTIMONIO-4.jpg?fit=1200%2C675&ssl=1&resize=525%2C300 1.5x, https:\/\/i0.wp.com\/www.reclamador.es\/blog\/wp-content\/uploads\/2017\/04\/TESTIMONIO-4.jpg?fit=1200%2C675&ssl=1&resize=700%2C400 2x, https:\/\/i0.wp.com\/www.reclamador.es\/blog\/wp-content\/uploads\/2017\/04\/TESTIMONIO-4.jpg?fit=1200%2C675&ssl=1&resize=1050%2C600 3x"},"classes":[]},{"id":32321,"url":"https:\/\/www.reclamador.es\/blog\/retraso-cancelacion-vuelo-viaje-de-trabajo-indemnizacion-trabajador\/","url_meta":{"origin":8317,"position":2},"title":"Retraso o cancelaci\u00f3n de vuelo en un viaje de trabajo: \u00bfPara qui\u00e9n es la indemnizaci\u00f3n?","author":"Equipo reclamador","date":"14 mayo, 2024","format":false,"excerpt":"Los conocidos como viajes de negocio o viajes de trabajo no est\u00e1n exentos de sufrir incidencias, al igual que cuando se viaja por ocio. Ante esta situaci\u00f3n, cuando el vuelo ha sido contratado por la empresa para que el trabajador se desplace en avi\u00f3n a una reuni\u00f3n o evento, la\u2026","rel":"","context":"En \u00abConsejos legales\u00bb","block_context":{"text":"Consejos legales","link":"https:\/\/www.reclamador.es\/blog\/consejos\/"},"img":{"alt_text":"viaje de trabajo - reclamar indemnizacion trabajador","src":"https:\/\/i0.wp.com\/www.reclamador.es\/blog\/wp-content\/uploads\/2024\/05\/indemnizacion-viaje-de-trabajo-1200x630-1.jpg?fit=1200%2C630&ssl=1&resize=350%2C200","width":350,"height":200,"srcset":"https:\/\/i0.wp.com\/www.reclamador.es\/blog\/wp-content\/uploads\/2024\/05\/indemnizacion-viaje-de-trabajo-1200x630-1.jpg?fit=1200%2C630&ssl=1&resize=350%2C200 1x, https:\/\/i0.wp.com\/www.reclamador.es\/blog\/wp-content\/uploads\/2024\/05\/indemnizacion-viaje-de-trabajo-1200x630-1.jpg?fit=1200%2C630&ssl=1&resize=525%2C300 1.5x, https:\/\/i0.wp.com\/www.reclamador.es\/blog\/wp-content\/uploads\/2024\/05\/indemnizacion-viaje-de-trabajo-1200x630-1.jpg?fit=1200%2C630&ssl=1&resize=700%2C400 2x, https:\/\/i0.wp.com\/www.reclamador.es\/blog\/wp-content\/uploads\/2024\/05\/indemnizacion-viaje-de-trabajo-1200x630-1.jpg?fit=1200%2C630&ssl=1&resize=1050%2C600 3x"},"classes":[]},{"id":2990,"url":"https:\/\/www.reclamador.es\/blog\/que-se-considera-fuerza-mayor-y-que-no\/","url_meta":{"origin":8317,"position":3},"title":"\u00bfQu\u00e9 se considera fuerza mayor y qu\u00e9 no en la cancelaci\u00f3n de un vuelo?","author":"Equipo reclamador","date":"11 mayo, 2016","format":false,"excerpt":"*Contenido revisado septiembre 2025 Hay situaciones que pueden parecer ins\u00f3litas, incre\u00edbles, pero que de verdad pasan. Por ejemplo, en un avi\u00f3n ya embarcado y que va a comenzar con las maniobras de despegue, tiene que ser evacuado porque un tel\u00e9fono m\u00f3vil comienza a arder y el vuelo sufre un gran\u2026","rel":"","context":"En \u00abConsejos legales\u00bb","block_context":{"text":"Consejos legales","link":"https:\/\/www.reclamador.es\/blog\/consejos\/"},"img":{"alt_text":"","src":"https:\/\/i0.wp.com\/www.reclamador.es\/blog\/wp-content\/uploads\/2015\/05\/IMG_5241.jpg?fit=1200%2C800&ssl=1&resize=350%2C200","width":350,"height":200,"srcset":"https:\/\/i0.wp.com\/www.reclamador.es\/blog\/wp-content\/uploads\/2015\/05\/IMG_5241.jpg?fit=1200%2C800&ssl=1&resize=350%2C200 1x, https:\/\/i0.wp.com\/www.reclamador.es\/blog\/wp-content\/uploads\/2015\/05\/IMG_5241.jpg?fit=1200%2C800&ssl=1&resize=525%2C300 1.5x, https:\/\/i0.wp.com\/www.reclamador.es\/blog\/wp-content\/uploads\/2015\/05\/IMG_5241.jpg?fit=1200%2C800&ssl=1&resize=700%2C400 2x, https:\/\/i0.wp.com\/www.reclamador.es\/blog\/wp-content\/uploads\/2015\/05\/IMG_5241.jpg?fit=1200%2C800&ssl=1&resize=1050%2C600 3x"},"classes":[]},{"id":32583,"url":"https:\/\/www.reclamador.es\/blog\/reclamar-entradas-concierto-por-retraso-cancelacion-vuelo\/","url_meta":{"origin":8317,"position":4},"title":"Si pierdes las entradas a un concierto por culpa de problemas en tu vuelo, puedes reclamar a la aerol\u00ednea el dinero","author":"Alicia Ria\u00f1o","date":"24 julio, 2024","format":false,"excerpt":"El verano 2024 est\u00e1 repleto de eventos musicales en Espa\u00f1a, y no querr\u00e1s perderte ninguno por culpa de un vuelo retrasado o cancelado. Recientemente, los cuatro conciertos de Karol G en el Santiago Bernab\u00e9u (Madrid) han sido un gran \u00e9xito, atrayendo a miles de fans, pero en redes sociales tambi\u00e9n\u2026","rel":"","context":"En \u00abConsejos legales\u00bb","block_context":{"text":"Consejos legales","link":"https:\/\/www.reclamador.es\/blog\/consejos\/"},"img":{"alt_text":"reclamar entradas concierto","src":"https:\/\/i0.wp.com\/www.reclamador.es\/blog\/wp-content\/uploads\/2024\/07\/reclamar-entradas-concierto-1200x630-1.jpg?fit=1200%2C630&ssl=1&resize=350%2C200","width":350,"height":200,"srcset":"https:\/\/i0.wp.com\/www.reclamador.es\/blog\/wp-content\/uploads\/2024\/07\/reclamar-entradas-concierto-1200x630-1.jpg?fit=1200%2C630&ssl=1&resize=350%2C200 1x, https:\/\/i0.wp.com\/www.reclamador.es\/blog\/wp-content\/uploads\/2024\/07\/reclamar-entradas-concierto-1200x630-1.jpg?fit=1200%2C630&ssl=1&resize=525%2C300 1.5x, https:\/\/i0.wp.com\/www.reclamador.es\/blog\/wp-content\/uploads\/2024\/07\/reclamar-entradas-concierto-1200x630-1.jpg?fit=1200%2C630&ssl=1&resize=700%2C400 2x, https:\/\/i0.wp.com\/www.reclamador.es\/blog\/wp-content\/uploads\/2024\/07\/reclamar-entradas-concierto-1200x630-1.jpg?fit=1200%2C630&ssl=1&resize=1050%2C600 3x"},"classes":[]},{"id":26538,"url":"https:\/\/www.reclamador.es\/blog\/cancelacion-vuelo-por-calima\/","url_meta":{"origin":8317,"position":5},"title":"Cancelaci\u00f3n de vuelo por calima: qu\u00e9 le corresponde al viajero","author":"Equipo reclamador","date":"26 febrero, 2021","format":false,"excerpt":"Los episodios de calima, es decir, la presencia en la atm\u00f3sfera de part\u00edculas de polvo o arena, que peri\u00f3dicamente sufren diferentes territorios espa\u00f1oles, pueden dar lugar a diversos problemas climatol\u00f3gicos y que, paralelamente, tambi\u00e9n causa problemas en otros \u00e1mbitos, como por ejemplo, la actividad a\u00e9rea. Si la presencia de este\u2026","rel":"","context":"En \u00abConsejos legales\u00bb","block_context":{"text":"Consejos legales","link":"https:\/\/www.reclamador.es\/blog\/consejos\/"},"img":{"alt_text":"cancelaciones por calima","src":"https:\/\/i0.wp.com\/www.reclamador.es\/blog\/wp-content\/uploads\/2021\/02\/cancelacion-de-vuelo-por-calima.jpg?fit=1200%2C675&ssl=1&resize=350%2C200","width":350,"height":200,"srcset":"https:\/\/i0.wp.com\/www.reclamador.es\/blog\/wp-content\/uploads\/2021\/02\/cancelacion-de-vuelo-por-calima.jpg?fit=1200%2C675&ssl=1&resize=350%2C200 1x, https:\/\/i0.wp.com\/www.reclamador.es\/blog\/wp-content\/uploads\/2021\/02\/cancelacion-de-vuelo-por-calima.jpg?fit=1200%2C675&ssl=1&resize=525%2C300 1.5x, https:\/\/i0.wp.com\/www.reclamador.es\/blog\/wp-content\/uploads\/2021\/02\/cancelacion-de-vuelo-por-calima.jpg?fit=1200%2C675&ssl=1&resize=700%2C400 2x, https:\/\/i0.wp.com\/www.reclamador.es\/blog\/wp-content\/uploads\/2021\/02\/cancelacion-de-vuelo-por-calima.jpg?fit=1200%2C675&ssl=1&resize=1050%2C600 3x"},"classes":[]}],"jetpack_sharing_enabled":true,"_links":{"self":[{"href":"https:\/\/www.reclamador.es\/blog\/wp-json\/wp\/v2\/posts\/8317","targetHints":{"allow":["GET"]}}],"collection":[{"href":"https:\/\/www.reclamador.es\/blog\/wp-json\/wp\/v2\/posts"}],"about":[{"href":"https:\/\/www.reclamador.es\/blog\/wp-json\/wp\/v2\/types\/post"}],"author":[{"embeddable":true,"href":"https:\/\/www.reclamador.es\/blog\/wp-json\/wp\/v2\/users\/1"}],"replies":[{"embeddable":true,"href":"https:\/\/www.reclamador.es\/blog\/wp-json\/wp\/v2\/comments?post=8317"}],"version-history":[{"count":12,"href":"https:\/\/www.reclamador.es\/blog\/wp-json\/wp\/v2\/posts\/8317\/revisions"}],"predecessor-version":[{"id":34174,"href":"https:\/\/www.reclamador.es\/blog\/wp-json\/wp\/v2\/posts\/8317\/revisions\/34174"}],"wp:featuredmedia":[{"embeddable":true,"href":"https:\/\/www.reclamador.es\/blog\/wp-json\/wp\/v2\/media\/30157"}],"wp:attachment":[{"href":"https:\/\/www.reclamador.es\/blog\/wp-json\/wp\/v2\/media?parent=8317"}],"wp:term":[{"taxonomy":"category","embeddable":true,"href":"https:\/\/www.reclamador.es\/blog\/wp-json\/wp\/v2\/categories?post=8317"},{"taxonomy":"post_tag","embeddable":true,"href":"https:\/\/www.reclamador.es\/blog\/wp-json\/wp\/v2\/tags?post=8317"}],"curies":[{"name":"wp","href":"https:\/\/api.w.org\/{rel}","templated":true}]}}