{"id":7847,"date":"2023-09-10T10:00:00","date_gmt":"2023-09-10T08:00:00","guid":{"rendered":"https:\/\/www.reclamador.es\/blog\/?p=7847"},"modified":"2025-05-14T12:25:08","modified_gmt":"2025-05-14T10:25:08","slug":"equipaje-perdido-consejos-reclamar","status":"publish","type":"post","link":"https:\/\/www.reclamador.es\/blog\/equipaje-perdido-consejos-reclamar\/","title":{"rendered":"\u00bfEquipaje perdido? 10 consejos para reclamar"},"content":{"rendered":"<div class=\"ttr_start\"><\/div>\n\n<div class=\"kk-star-ratings kksr-auto kksr-align-right kksr-valign-top\"\n    data-payload='{&quot;align&quot;:&quot;right&quot;,&quot;id&quot;:&quot;7847&quot;,&quot;slug&quot;:&quot;default&quot;,&quot;valign&quot;:&quot;top&quot;,&quot;ignore&quot;:&quot;&quot;,&quot;reference&quot;:&quot;auto&quot;,&quot;class&quot;:&quot;&quot;,&quot;count&quot;:&quot;6&quot;,&quot;legendonly&quot;:&quot;&quot;,&quot;readonly&quot;:&quot;&quot;,&quot;score&quot;:&quot;2.7&quot;,&quot;starsonly&quot;:&quot;&quot;,&quot;best&quot;:&quot;5&quot;,&quot;gap&quot;:&quot;3&quot;,&quot;greet&quot;:&quot;Valora este art\u00edculo&quot;,&quot;legend&quot;:&quot;2.7\\\/5 - (6 votos)&quot;,&quot;size&quot;:&quot;20&quot;,&quot;title&quot;:&quot;\u00bfEquipaje perdido? 10 consejos para reclamar&quot;,&quot;width&quot;:&quot;60.6&quot;,&quot;_legend&quot;:&quot;{score}\\\/{best} - ({count} {votes})&quot;,&quot;font_factor&quot;:&quot;1.25&quot;}'>\n            \n<div class=\"kksr-stars\">\n    \n<div class=\"kksr-stars-inactive\">\n            <div class=\"kksr-star\" data-star=\"1\" style=\"padding-right: 3px\">\n            \n\n<div class=\"kksr-icon\" style=\"width: 20px; height: 20px;\"><\/div>\n        <\/div>\n            <div class=\"kksr-star\" data-star=\"2\" style=\"padding-right: 3px\">\n            \n\n<div class=\"kksr-icon\" style=\"width: 20px; height: 20px;\"><\/div>\n        <\/div>\n            <div class=\"kksr-star\" data-star=\"3\" style=\"padding-right: 3px\">\n            \n\n<div class=\"kksr-icon\" style=\"width: 20px; height: 20px;\"><\/div>\n        <\/div>\n            <div class=\"kksr-star\" data-star=\"4\" style=\"padding-right: 3px\">\n            \n\n<div class=\"kksr-icon\" style=\"width: 20px; height: 20px;\"><\/div>\n        <\/div>\n            <div class=\"kksr-star\" data-star=\"5\" style=\"padding-right: 3px\">\n            \n\n<div class=\"kksr-icon\" style=\"width: 20px; height: 20px;\"><\/div>\n        <\/div>\n    <\/div>\n    \n<div class=\"kksr-stars-active\" style=\"width: 60.6px;\">\n            <div class=\"kksr-star\" style=\"padding-right: 3px\">\n            \n\n<div class=\"kksr-icon\" style=\"width: 20px; height: 20px;\"><\/div>\n        <\/div>\n            <div class=\"kksr-star\" style=\"padding-right: 3px\">\n            \n\n<div class=\"kksr-icon\" style=\"width: 20px; height: 20px;\"><\/div>\n        <\/div>\n            <div class=\"kksr-star\" style=\"padding-right: 3px\">\n            \n\n<div class=\"kksr-icon\" style=\"width: 20px; height: 20px;\"><\/div>\n        <\/div>\n            <div class=\"kksr-star\" style=\"padding-right: 3px\">\n            \n\n<div class=\"kksr-icon\" style=\"width: 20px; height: 20px;\"><\/div>\n        <\/div>\n            <div class=\"kksr-star\" style=\"padding-right: 3px\">\n            \n\n<div class=\"kksr-icon\" style=\"width: 20px; height: 20px;\"><\/div>\n        <\/div>\n    <\/div>\n<\/div>\n                \n\n<div class=\"kksr-legend\" style=\"font-size: 16px;\">\n            2.7\/5 - (6 votos)    <\/div>\n    <\/div>\n<figure>\n<p><figure id=\"attachment_30626\" aria-describedby=\"caption-attachment-30626\" style=\"width: 1200px\" class=\"wp-caption aligncenter\"><img data-recalc-dims=\"1\" loading=\"lazy\" decoding=\"async\" class=\"size-full wp-image-30626\" src=\"https:\/\/i0.wp.com\/www.reclamador.es\/blog\/wp-content\/uploads\/2020\/09\/consejos-equipaje-perdido.jpg?resize=1200%2C675&#038;ssl=1\" alt=\"\" width=\"1200\" height=\"675\" srcset=\"https:\/\/i0.wp.com\/www.reclamador.es\/blog\/wp-content\/uploads\/2020\/09\/consejos-equipaje-perdido.jpg?w=1200&amp;ssl=1 1200w, https:\/\/i0.wp.com\/www.reclamador.es\/blog\/wp-content\/uploads\/2020\/09\/consejos-equipaje-perdido.jpg?resize=800%2C450&amp;ssl=1 800w, https:\/\/i0.wp.com\/www.reclamador.es\/blog\/wp-content\/uploads\/2020\/09\/consejos-equipaje-perdido.jpg?resize=150%2C84&amp;ssl=1 150w, https:\/\/i0.wp.com\/www.reclamador.es\/blog\/wp-content\/uploads\/2020\/09\/consejos-equipaje-perdido.jpg?resize=768%2C432&amp;ssl=1 768w\" sizes=\"auto, (max-width: 1000px) 100vw, 1000px\" \/><figcaption id=\"caption-attachment-30626\" class=\"wp-caption-text\"><em>Consejos equipaje perdido<\/em><\/figcaption><\/figure><\/figure>\n<p><strong>*Contenido actualizado mayo 2025<\/strong><\/p>\n<p><span style=\"font-weight: 400;\">Parece casi una pesadilla, empezar las vacaciones, y que no aparezcan las maletas en la cinta del aeropuerto. No te preocupes, porque si esto sucede, te vamos a dejar<b> 10\u00a0 claves para que sepas c\u00f3mo actuar para hacer una <\/b><a href=\"https:\/\/www.reclamador.es\/aerolineas\/problemas-equipaje\/\"><b>reclamaci\u00f3n de equipaje<\/b><\/a><b> en tu vuelo.<\/b> Recuerda que puedes obtener hasta 1.813 \u20ac de indemnizaci\u00f3n (seg\u00fan la \u00faltima <a href=\"https:\/\/www.reclamador.es\/blog\/aumenta-la-indemnizacion-por-problemas-de-equipaje\/\">enmienda del Convenio de Montreal<\/a> publicado en el BOE). Vamos ya a darte los 10 puntos sobre c\u00f3mo reclamar equipaje perdido a una aerol\u00ednea.\u00a0<\/span><\/p>\n<h2>C\u00f3mo reclamar equipaje perdido a una aerol\u00ednea.<\/h2>\n<h3><b>1. Aseg\u00farate de que efectivamente no est\u00e1 en la cinta<\/b><\/h3>\n<p><span style=\"font-weight: 400;\">En muchas ocasiones, tu maleta tarda en salir m\u00e1s de la cuenta. Tambi\u00e9n puede suceder que se haya ca\u00eddo por un lateral y que haya acabado en objetos perdidos, pregunta tambi\u00e9n ah\u00ed.<\/span><\/p>\n<h3><b>2. C\u00f3mo reclamar equipaje perdido: Tramita el PIR por tu maleta perdida<\/b><\/h3>\n<p><span style=\"font-weight: 400;\">Si finalmente no has encontrado tu equipaje, uno de los consejos fundamentales es que ante la p\u00e9rdida de equipaje por la aerol\u00ednea, te acerques mostrador de la compa\u00f1\u00eda. Cuando est\u00e9s all\u00ed, tienes que pedir que te hagan el <a href=\"https:\/\/www.reclamador.es\/ayuda\/aerolineas\/que-documento-es-el-pir\/\" target=\"_blank\" rel=\"noopener noreferrer\">Parte de Irregularidad en el Equipaje (PIR)<\/a>. Haz siempre uno por cada pasajero que haya perdido su equipaje. Si no la haces, se entiende que te han entregado el equipaje, y no se podr\u00eda hacer reclamaci\u00f3n posterior.\u00a0<\/span><\/p>\n<h3><b>3. Conserva el tal\u00f3n de la maleta<\/b><\/h3>\n<p><span style=\"font-weight: 400;\">Cuando facturas tu equipaje, te van a dar una pegatina. Ese adhesivo tiene uno igual que se pega en la maleta. Cons\u00e9rvalo siempre. Si la <a href=\"https:\/\/www.reclamador.es\/aerolineas\/\">aerol\u00ednea<\/a> te dice que le entregues el original, no lo hagas, dale una copia. Si lo haces no podr\u00e1s demostrar posteriormente que has facturado tu maleta perdida.<\/span><\/p>\n<h3><b>4. Equipaje perdido por la aerol\u00ednea: no firmes nada que te impida reclamar m\u00e1s adelante<\/b><\/h3>\n<p><span style=\"font-weight: 400;\">Puede que la aerol\u00ednea te ofrezca una cantidad de dinero (normalmente muy baja) o alguna promoci\u00f3n como <a href=\"https:\/\/www.reclamador.es\/blog\/problemas-habituales-equipaje-facturado\/\">compensaci\u00f3n por tu incidencia<\/a>. <strong>Cuidado si lo aceptas y lo firmas<\/strong>. Ten en cuenta que normalmente estos documentos llevan aparejados la renuncia a reclamaciones posteriores. Nuestro consejo es as\u00ed, no lo firmes.<\/span><\/p>\n<p><span style=\"font-weight: 400;\">Adem\u00e1s, hay compa\u00f1\u00edas a\u00e9reas que te van a ofrecer una compensaci\u00f3n en funci\u00f3n de los d\u00edas que has tenido tu maleta perdida. La normativa en este aspecto es clara: si han sido m\u00e1s de 21 d\u00edas, se considera p\u00e9rdida total. <strong>Y tienes derecho a una indemnizaci\u00f3n de hasta 1.813 \u20ac (cuant\u00eda m\u00e1xima desde 2025)<\/strong>. Si son menos d\u00edas, habr\u00e1 que valorar el da\u00f1o causado. Pero si te ofrecen entre 10 \u20ac y 40 \u20ac por d\u00eda, no lo aceptes. Lo m\u00e1s probable es que te corresponda una cantidad mayor.<\/span><\/p>\n<h3><b>5. Conserva todo los tickets<\/b><\/h3>\n<p><span style=\"font-weight: 400;\">Si por culpa de que no tienes tu equipaje tienes que hacer compras, no tires ni un ticket. Te har\u00e1n falta para que te reembolsen esos gastos. Pero compra lo que te haga falta, aplica el sentido com\u00fan. Nosotros te recomendamos que estos gastos no superen los 50 euros por d\u00eda que pases sin tu equipaje.<\/span><\/p>\n<h3><b>6. Solicita el \"kit pernocta\"<\/b><\/h3>\n<p><span style=\"font-weight: 400;\">En relaci\u00f3n con el punto anterior, no te olvides de solicitar el kit de pernocta, que suele constar por art\u00edculos de primera necesidad: pasta de dientes, cepillo de dientes, gel de ducha, ropa interior, jab\u00f3n desodorante. En ocasiones incluyen aqu\u00ed un bono para cubrir gastos diarios. Inf\u00f3rmate bien, pero igualmente guarda todos los tickets que tengas.<\/span><\/p>\n<h3><b>7. Ten muy en cuenta los plazos para reclamar tu equipaje perdido<\/b><\/h3>\n<p><span style=\"font-weight: 400;\">Lo ideal es comenzar la reclamaci\u00f3n de inmediato, pero si no pudiera hacerlo en el momento, tienes que saber que hay unos plazos si quieres reclamar tu equipaje perdido:<\/span><\/p>\n<p><span style=\"font-weight: 400;\">Lo primero es que tengas el PIR que te hemos contado al inicio, tienes 21 d\u00edas para solicitarlo, pero cu\u00e1nto antes lo hagas mejor. Entonces hay un margen de 21 d\u00edas, en el que cabr\u00eda lugar para hablar de retraso de equipaje y pasado estos d\u00edas, se considera maleta perdida.\u00a0<\/span><\/p>\n<p><span style=\"font-weight: 400;\">Para reclamar una maleta perdida no hay <\/span><span style=\"font-weight: 400;\">plazo,<\/span><span style=\"font-weight: 400;\"> pero es mejor hacerlo desde el principio. Adem\u00e1s, todo proceso de reclamaci\u00f3n debe recibir respuesta por parte de la <\/span><span style=\"font-weight: 400;\">aerol\u00ednea<\/span><span style=\"font-weight: 400;\">, si esto no ocurre o si la respuesta no satisface sus requerimientos, puede acudir a los tribunales en un plazo de dos a\u00f1os desde la llegada del vuelo.\u00a0<\/span><\/p>\n<h3><b>8. \u00bfC\u00f3mo reclamar una maleta perdida? Ases\u00f3rate con reclamador.es\u00a0<\/b><\/h3>\n<p><span style=\"font-weight: 400;\">En la mayor parte de las ocasiones, las aerol\u00edneas no atienden las reclamaciones de sus clientes o les ofrecen unas cantidades econ\u00f3micas muy inferiores a las correspondientes. Por eso es muy importante que expertos te asesoren.\u00a0<\/span><\/p>\n<p>Nuestros expertos en reclamaciones a aerol\u00edneas estudian tu caso y te informan si tu reclamaci\u00f3n es viable y qu\u00e9 cantidad podr\u00edas reclamar a la compa\u00f1\u00eda a\u00e9rea por la p\u00e9rdida de tu equipaje. Recuerda que la cuant\u00eda m\u00e1xima queda fijada desde 2025 en 1.813 \u20ac.<\/p>\n<p>Si quieres proteger tus derechos desde casa, sin necesidad de desplazarte, rellena nuestro formulario y comienza tu reclamaci\u00f3n por equipaje perdido por la aerol\u00ednea.<\/p>\n<h3><b>9. Si llevas objetos de mucho valor, haz una declaraci\u00f3n de valor<\/b><\/h3>\n<p><span style=\"font-weight: 400;\">Si vas a viajar con objetos que te hayan costado caros: port\u00e1til, joyas\u2026 lo mejor es que realices una declaraci\u00f3n de valor previa al vuelo. Lo puedes hacer al facturar. Pero ten en cuenta que tiene un coste, ya que es un seguro que ofrece la aerol\u00ednea. Adem\u00e1s suele haber una cantidad indemnizable m\u00e1xima en caso de p\u00e9rdida. Si no la haces, por mucho que llevaras objetos muy valiosos, lo m\u00e1ximo que vas a poder conseguir son 1.813 \u20ac.<\/span><\/p>\n<h3><b>10. Mantente al tanto de tu reclamaci\u00f3n<\/b><\/h3>\n<p><span style=\"font-weight: 400;\">Una vez que inicias la reclamaci\u00f3n, ten paciencia. En ocasiones puede que el proceso se alargue por varios factores. Pero no desistas, las compa\u00f1\u00edas recurren a m\u00e9todos para retrasar el pago y que te aburras. Al final, conseguir\u00e1s tu compensaci\u00f3n.<\/span><\/p>\n<h2 style=\"text-align: center;\"><strong><a class=\"button-lead\" href=\"https:\/\/www.reclamador.es\/form\/complaint\/luggage\/\" rel=\"nofollow noopener\">Inicia una reclamaci\u00f3n por p\u00e9rdida de equipaje<\/a><\/strong><\/h2>\n<p>Si te ha parecido interesante este art\u00edculo sobre equipaje perdido por la aerol\u00ednea, comp\u00e1rtelo en tus redes sociales.<\/p>\n<p>\ud83d\ude09<\/p>\n<div class=\"ttr_end\"><\/div>","protected":false},"excerpt":{"rendered":"<p>*Contenido actualizado mayo 2025 Parece casi una pesadilla, empezar las vacaciones, y que no aparezcan las maletas en la cinta del aeropuerto. No te preocupes, porque si esto sucede, te vamos a dejar 10\u00a0 claves para que sepas c\u00f3mo actuar para hacer una reclamaci\u00f3n de equipaje en tu vuelo. Recuerda que puedes obtener hasta 1.813 [&hellip;]<\/p>\n","protected":false},"author":1,"featured_media":30626,"comment_status":"open","ping_status":"open","sticky":false,"template":"","format":"standard","meta":{"_acf_changed":false,"_genesis_hide_title":false,"_genesis_hide_breadcrumbs":false,"_genesis_hide_singular_image":false,"_genesis_hide_footer_widgets":false,"_genesis_custom_body_class":"","_genesis_custom_post_class":"","_genesis_layout":"","_jetpack_newsletter_access":"","_jetpack_dont_email_post_to_subs":true,"_jetpack_newsletter_tier_id":0,"_jetpack_memberships_contains_paywalled_content":false,"_jetpack_memberships_contains_paid_content":false,"footnotes":""},"categories":[393],"tags":[380,654,669,289],"class_list":{"0":"post-7847","1":"post","2":"type-post","3":"status-publish","4":"format-standard","5":"has-post-thumbnail","7":"category-consejos","8":"tag-aerolineas","9":"tag-equipaje","10":"tag-pir","11":"tag-reclamacion","12":"entry"},"acf":[],"yoast_head":"<!-- This site is optimized with the Yoast SEO plugin v27.4 - https:\/\/yoast.com\/product\/yoast-seo-wordpress\/ -->\n<title>10 consejos para reclamar equipaje perdido por la aerol\u00ednea<\/title>\n<meta name=\"description\" content=\"\u00bfEquipaje perdido por la aerol\u00ednea? Descubre 10 consejos sobre c\u00f3mo reclamar una maleta perdida y proteger tus derechos.\" \/>\n<meta name=\"robots\" content=\"index, follow, max-snippet:-1, max-image-preview:large, max-video-preview:-1\" \/>\n<link rel=\"canonical\" href=\"https:\/\/www.reclamador.es\/blog\/equipaje-perdido-consejos-reclamar\/\" \/>\n<meta property=\"og:locale\" content=\"es_ES\" \/>\n<meta property=\"og:type\" content=\"article\" \/>\n<meta property=\"og:title\" content=\"10 consejos para reclamar equipaje perdido por la aerol\u00ednea\" \/>\n<meta property=\"og:description\" content=\"\u00bfEquipaje perdido por la aerol\u00ednea? Descubre 10 consejos sobre c\u00f3mo reclamar una maleta perdida y proteger tus derechos.\" \/>\n<meta property=\"og:url\" content=\"https:\/\/www.reclamador.es\/blog\/equipaje-perdido-consejos-reclamar\/\" \/>\n<meta property=\"og:site_name\" content=\"Rebeldes con causa, el blog de reclamador.es\" \/>\n<meta property=\"article:publisher\" content=\"https:\/\/www.facebook.com\/reclamador.es\" \/>\n<meta property=\"article:published_time\" content=\"2023-09-10T08:00:00+00:00\" \/>\n<meta property=\"article:modified_time\" content=\"2025-05-14T10:25:08+00:00\" \/>\n<meta property=\"og:image\" content=\"https:\/\/www.reclamador.es\/blog\/wp-content\/uploads\/2020\/09\/consejos-equipaje-perdido.jpg\" \/>\n\t<meta property=\"og:image:width\" content=\"1200\" \/>\n\t<meta property=\"og:image:height\" content=\"675\" \/>\n\t<meta property=\"og:image:type\" content=\"image\/jpeg\" \/>\n<meta name=\"author\" content=\"Equipo reclamador\" \/>\n<meta name=\"twitter:card\" content=\"summary_large_image\" \/>\n<meta name=\"twitter:creator\" content=\"@reclamador\" \/>\n<meta name=\"twitter:site\" content=\"@reclamador\" \/>\n<meta name=\"twitter:label1\" content=\"Escrito por\" \/>\n\t<meta name=\"twitter:data1\" content=\"Equipo reclamador\" \/>\n\t<meta name=\"twitter:label2\" content=\"Tiempo de lectura\" \/>\n\t<meta name=\"twitter:data2\" content=\"5 minutos\" \/>\n<script type=\"application\/ld+json\" class=\"yoast-schema-graph\">{\"@context\":\"https:\\\/\\\/schema.org\",\"@graph\":[{\"@type\":\"Article\",\"@id\":\"https:\\\/\\\/www.reclamador.es\\\/blog\\\/equipaje-perdido-consejos-reclamar\\\/#article\",\"isPartOf\":{\"@id\":\"https:\\\/\\\/www.reclamador.es\\\/blog\\\/equipaje-perdido-consejos-reclamar\\\/\"},\"author\":{\"name\":\"Equipo reclamador\",\"@id\":\"https:\\\/\\\/www.reclamador.es\\\/blog\\\/#\\\/schema\\\/person\\\/1ed83eef8b6566cb5e4c812d9bc5c4bf\"},\"headline\":\"\u00bfEquipaje perdido? 10 consejos para reclamar\",\"datePublished\":\"2023-09-10T08:00:00+00:00\",\"dateModified\":\"2025-05-14T10:25:08+00:00\",\"mainEntityOfPage\":{\"@id\":\"https:\\\/\\\/www.reclamador.es\\\/blog\\\/equipaje-perdido-consejos-reclamar\\\/\"},\"wordCount\":1058,\"commentCount\":3,\"publisher\":{\"@id\":\"https:\\\/\\\/www.reclamador.es\\\/blog\\\/#organization\"},\"image\":{\"@id\":\"https:\\\/\\\/www.reclamador.es\\\/blog\\\/equipaje-perdido-consejos-reclamar\\\/#primaryimage\"},\"thumbnailUrl\":\"https:\\\/\\\/i0.wp.com\\\/www.reclamador.es\\\/blog\\\/wp-content\\\/uploads\\\/2020\\\/09\\\/consejos-equipaje-perdido.jpg?fit=1200%2C675&ssl=1\",\"keywords\":[\"aerol\u00edneas\",\"equipaje\",\"pir\",\"reclamaci\u00f3n\"],\"articleSection\":[\"Consejos legales\"],\"inLanguage\":\"es\",\"potentialAction\":[{\"@type\":\"CommentAction\",\"name\":\"Comment\",\"target\":[\"https:\\\/\\\/www.reclamador.es\\\/blog\\\/equipaje-perdido-consejos-reclamar\\\/#respond\"]}]},{\"@type\":\"WebPage\",\"@id\":\"https:\\\/\\\/www.reclamador.es\\\/blog\\\/equipaje-perdido-consejos-reclamar\\\/\",\"url\":\"https:\\\/\\\/www.reclamador.es\\\/blog\\\/equipaje-perdido-consejos-reclamar\\\/\",\"name\":\"10 consejos para reclamar equipaje perdido por la aerol\u00ednea\",\"isPartOf\":{\"@id\":\"https:\\\/\\\/www.reclamador.es\\\/blog\\\/#website\"},\"primaryImageOfPage\":{\"@id\":\"https:\\\/\\\/www.reclamador.es\\\/blog\\\/equipaje-perdido-consejos-reclamar\\\/#primaryimage\"},\"image\":{\"@id\":\"https:\\\/\\\/www.reclamador.es\\\/blog\\\/equipaje-perdido-consejos-reclamar\\\/#primaryimage\"},\"thumbnailUrl\":\"https:\\\/\\\/i0.wp.com\\\/www.reclamador.es\\\/blog\\\/wp-content\\\/uploads\\\/2020\\\/09\\\/consejos-equipaje-perdido.jpg?fit=1200%2C675&ssl=1\",\"datePublished\":\"2023-09-10T08:00:00+00:00\",\"dateModified\":\"2025-05-14T10:25:08+00:00\",\"description\":\"\u00bfEquipaje perdido por la aerol\u00ednea? Descubre 10 consejos sobre c\u00f3mo reclamar una maleta perdida y proteger tus derechos.\",\"breadcrumb\":{\"@id\":\"https:\\\/\\\/www.reclamador.es\\\/blog\\\/equipaje-perdido-consejos-reclamar\\\/#breadcrumb\"},\"inLanguage\":\"es\",\"potentialAction\":[{\"@type\":\"ReadAction\",\"target\":[\"https:\\\/\\\/www.reclamador.es\\\/blog\\\/equipaje-perdido-consejos-reclamar\\\/\"]}]},{\"@type\":\"ImageObject\",\"inLanguage\":\"es\",\"@id\":\"https:\\\/\\\/www.reclamador.es\\\/blog\\\/equipaje-perdido-consejos-reclamar\\\/#primaryimage\",\"url\":\"https:\\\/\\\/i0.wp.com\\\/www.reclamador.es\\\/blog\\\/wp-content\\\/uploads\\\/2020\\\/09\\\/consejos-equipaje-perdido.jpg?fit=1200%2C675&ssl=1\",\"contentUrl\":\"https:\\\/\\\/i0.wp.com\\\/www.reclamador.es\\\/blog\\\/wp-content\\\/uploads\\\/2020\\\/09\\\/consejos-equipaje-perdido.jpg?fit=1200%2C675&ssl=1\",\"width\":1200,\"height\":675,\"caption\":\"consejos equipaje perdido\"},{\"@type\":\"BreadcrumbList\",\"@id\":\"https:\\\/\\\/www.reclamador.es\\\/blog\\\/equipaje-perdido-consejos-reclamar\\\/#breadcrumb\",\"itemListElement\":[{\"@type\":\"ListItem\",\"position\":1,\"name\":\"Portada\",\"item\":\"https:\\\/\\\/www.reclamador.es\\\/blog\\\/\"},{\"@type\":\"ListItem\",\"position\":2,\"name\":\"\u00bfEquipaje perdido? 10 consejos para reclamar\"}]},{\"@type\":\"WebSite\",\"@id\":\"https:\\\/\\\/www.reclamador.es\\\/blog\\\/#website\",\"url\":\"https:\\\/\\\/www.reclamador.es\\\/blog\\\/\",\"name\":\"Rebeldes con causa, el blog de reclamador.es\",\"description\":\"Noticias, entrevistas y consejos sobre reclamaciones\",\"publisher\":{\"@id\":\"https:\\\/\\\/www.reclamador.es\\\/blog\\\/#organization\"},\"potentialAction\":[{\"@type\":\"SearchAction\",\"target\":{\"@type\":\"EntryPoint\",\"urlTemplate\":\"https:\\\/\\\/www.reclamador.es\\\/blog\\\/?s={search_term_string}\"},\"query-input\":{\"@type\":\"PropertyValueSpecification\",\"valueRequired\":true,\"valueName\":\"search_term_string\"}}],\"inLanguage\":\"es\"},{\"@type\":\"Organization\",\"@id\":\"https:\\\/\\\/www.reclamador.es\\\/blog\\\/#organization\",\"name\":\"reclamador.es\",\"url\":\"https:\\\/\\\/www.reclamador.es\\\/blog\\\/\",\"logo\":{\"@type\":\"ImageObject\",\"inLanguage\":\"es\",\"@id\":\"https:\\\/\\\/www.reclamador.es\\\/blog\\\/#\\\/schema\\\/logo\\\/image\\\/\",\"url\":\"https:\\\/\\\/i0.wp.com\\\/www.reclamador.es\\\/blog\\\/wp-content\\\/uploads\\\/2020\\\/01\\\/logo-reclamador.png?fit=1200%2C144&ssl=1\",\"contentUrl\":\"https:\\\/\\\/i0.wp.com\\\/www.reclamador.es\\\/blog\\\/wp-content\\\/uploads\\\/2020\\\/01\\\/logo-reclamador.png?fit=1200%2C144&ssl=1\",\"width\":1200,\"height\":144,\"caption\":\"reclamador.es\"},\"image\":{\"@id\":\"https:\\\/\\\/www.reclamador.es\\\/blog\\\/#\\\/schema\\\/logo\\\/image\\\/\"},\"sameAs\":[\"https:\\\/\\\/www.facebook.com\\\/reclamador.es\",\"https:\\\/\\\/x.com\\\/reclamador\",\"https:\\\/\\\/www.instagram.com\\\/reclamador.es\\\/\",\"https:\\\/\\\/www.linkedin.com\\\/company\\\/reclamador-es\",\"https:\\\/\\\/www.youtube.com\\\/user\\\/Reclamadores\"]},{\"@type\":\"Person\",\"@id\":\"https:\\\/\\\/www.reclamador.es\\\/blog\\\/#\\\/schema\\\/person\\\/1ed83eef8b6566cb5e4c812d9bc5c4bf\",\"name\":\"Equipo reclamador\",\"image\":{\"@type\":\"ImageObject\",\"inLanguage\":\"es\",\"@id\":\"https:\\\/\\\/secure.gravatar.com\\\/avatar\\\/6442ecdc2c4472c600c113f34d340feca47107d6aa4f42f1e3e75a2a8e28a760?s=96&d=mm&r=g\",\"url\":\"https:\\\/\\\/secure.gravatar.com\\\/avatar\\\/6442ecdc2c4472c600c113f34d340feca47107d6aa4f42f1e3e75a2a8e28a760?s=96&d=mm&r=g\",\"contentUrl\":\"https:\\\/\\\/secure.gravatar.com\\\/avatar\\\/6442ecdc2c4472c600c113f34d340feca47107d6aa4f42f1e3e75a2a8e28a760?s=96&d=mm&r=g\",\"caption\":\"Equipo reclamador\"},\"description\":\"Las personas que hacen posible reclamador.es\",\"url\":\"https:\\\/\\\/www.reclamador.es\\\/blog\\\/author\\\/administrador\\\/\"}]}<\/script>\n<!-- \/ Yoast SEO plugin. -->","yoast_head_json":{"title":"10 consejos para reclamar equipaje perdido por la aerol\u00ednea","description":"\u00bfEquipaje perdido por la aerol\u00ednea? Descubre 10 consejos sobre c\u00f3mo reclamar una maleta perdida y proteger tus derechos.","robots":{"index":"index","follow":"follow","max-snippet":"max-snippet:-1","max-image-preview":"max-image-preview:large","max-video-preview":"max-video-preview:-1"},"canonical":"https:\/\/www.reclamador.es\/blog\/equipaje-perdido-consejos-reclamar\/","og_locale":"es_ES","og_type":"article","og_title":"10 consejos para reclamar equipaje perdido por la aerol\u00ednea","og_description":"\u00bfEquipaje perdido por la aerol\u00ednea? Descubre 10 consejos sobre c\u00f3mo reclamar una maleta perdida y proteger tus derechos.","og_url":"https:\/\/www.reclamador.es\/blog\/equipaje-perdido-consejos-reclamar\/","og_site_name":"Rebeldes con causa, el blog de reclamador.es","article_publisher":"https:\/\/www.facebook.com\/reclamador.es","article_published_time":"2023-09-10T08:00:00+00:00","article_modified_time":"2025-05-14T10:25:08+00:00","og_image":[{"width":1200,"height":675,"url":"https:\/\/www.reclamador.es\/blog\/wp-content\/uploads\/2020\/09\/consejos-equipaje-perdido.jpg","type":"image\/jpeg"}],"author":"Equipo reclamador","twitter_card":"summary_large_image","twitter_creator":"@reclamador","twitter_site":"@reclamador","twitter_misc":{"Escrito por":"Equipo reclamador","Tiempo de lectura":"5 minutos"},"schema":{"@context":"https:\/\/schema.org","@graph":[{"@type":"Article","@id":"https:\/\/www.reclamador.es\/blog\/equipaje-perdido-consejos-reclamar\/#article","isPartOf":{"@id":"https:\/\/www.reclamador.es\/blog\/equipaje-perdido-consejos-reclamar\/"},"author":{"name":"Equipo reclamador","@id":"https:\/\/www.reclamador.es\/blog\/#\/schema\/person\/1ed83eef8b6566cb5e4c812d9bc5c4bf"},"headline":"\u00bfEquipaje perdido? 10 consejos para reclamar","datePublished":"2023-09-10T08:00:00+00:00","dateModified":"2025-05-14T10:25:08+00:00","mainEntityOfPage":{"@id":"https:\/\/www.reclamador.es\/blog\/equipaje-perdido-consejos-reclamar\/"},"wordCount":1058,"commentCount":3,"publisher":{"@id":"https:\/\/www.reclamador.es\/blog\/#organization"},"image":{"@id":"https:\/\/www.reclamador.es\/blog\/equipaje-perdido-consejos-reclamar\/#primaryimage"},"thumbnailUrl":"https:\/\/i0.wp.com\/www.reclamador.es\/blog\/wp-content\/uploads\/2020\/09\/consejos-equipaje-perdido.jpg?fit=1200%2C675&ssl=1","keywords":["aerol\u00edneas","equipaje","pir","reclamaci\u00f3n"],"articleSection":["Consejos legales"],"inLanguage":"es","potentialAction":[{"@type":"CommentAction","name":"Comment","target":["https:\/\/www.reclamador.es\/blog\/equipaje-perdido-consejos-reclamar\/#respond"]}]},{"@type":"WebPage","@id":"https:\/\/www.reclamador.es\/blog\/equipaje-perdido-consejos-reclamar\/","url":"https:\/\/www.reclamador.es\/blog\/equipaje-perdido-consejos-reclamar\/","name":"10 consejos para reclamar equipaje perdido por la aerol\u00ednea","isPartOf":{"@id":"https:\/\/www.reclamador.es\/blog\/#website"},"primaryImageOfPage":{"@id":"https:\/\/www.reclamador.es\/blog\/equipaje-perdido-consejos-reclamar\/#primaryimage"},"image":{"@id":"https:\/\/www.reclamador.es\/blog\/equipaje-perdido-consejos-reclamar\/#primaryimage"},"thumbnailUrl":"https:\/\/i0.wp.com\/www.reclamador.es\/blog\/wp-content\/uploads\/2020\/09\/consejos-equipaje-perdido.jpg?fit=1200%2C675&ssl=1","datePublished":"2023-09-10T08:00:00+00:00","dateModified":"2025-05-14T10:25:08+00:00","description":"\u00bfEquipaje perdido por la aerol\u00ednea? Descubre 10 consejos sobre c\u00f3mo reclamar una maleta perdida y proteger tus derechos.","breadcrumb":{"@id":"https:\/\/www.reclamador.es\/blog\/equipaje-perdido-consejos-reclamar\/#breadcrumb"},"inLanguage":"es","potentialAction":[{"@type":"ReadAction","target":["https:\/\/www.reclamador.es\/blog\/equipaje-perdido-consejos-reclamar\/"]}]},{"@type":"ImageObject","inLanguage":"es","@id":"https:\/\/www.reclamador.es\/blog\/equipaje-perdido-consejos-reclamar\/#primaryimage","url":"https:\/\/i0.wp.com\/www.reclamador.es\/blog\/wp-content\/uploads\/2020\/09\/consejos-equipaje-perdido.jpg?fit=1200%2C675&ssl=1","contentUrl":"https:\/\/i0.wp.com\/www.reclamador.es\/blog\/wp-content\/uploads\/2020\/09\/consejos-equipaje-perdido.jpg?fit=1200%2C675&ssl=1","width":1200,"height":675,"caption":"consejos equipaje perdido"},{"@type":"BreadcrumbList","@id":"https:\/\/www.reclamador.es\/blog\/equipaje-perdido-consejos-reclamar\/#breadcrumb","itemListElement":[{"@type":"ListItem","position":1,"name":"Portada","item":"https:\/\/www.reclamador.es\/blog\/"},{"@type":"ListItem","position":2,"name":"\u00bfEquipaje perdido? 10 consejos para reclamar"}]},{"@type":"WebSite","@id":"https:\/\/www.reclamador.es\/blog\/#website","url":"https:\/\/www.reclamador.es\/blog\/","name":"Rebeldes con causa, el blog de reclamador.es","description":"Noticias, entrevistas y consejos sobre reclamaciones","publisher":{"@id":"https:\/\/www.reclamador.es\/blog\/#organization"},"potentialAction":[{"@type":"SearchAction","target":{"@type":"EntryPoint","urlTemplate":"https:\/\/www.reclamador.es\/blog\/?s={search_term_string}"},"query-input":{"@type":"PropertyValueSpecification","valueRequired":true,"valueName":"search_term_string"}}],"inLanguage":"es"},{"@type":"Organization","@id":"https:\/\/www.reclamador.es\/blog\/#organization","name":"reclamador.es","url":"https:\/\/www.reclamador.es\/blog\/","logo":{"@type":"ImageObject","inLanguage":"es","@id":"https:\/\/www.reclamador.es\/blog\/#\/schema\/logo\/image\/","url":"https:\/\/i0.wp.com\/www.reclamador.es\/blog\/wp-content\/uploads\/2020\/01\/logo-reclamador.png?fit=1200%2C144&ssl=1","contentUrl":"https:\/\/i0.wp.com\/www.reclamador.es\/blog\/wp-content\/uploads\/2020\/01\/logo-reclamador.png?fit=1200%2C144&ssl=1","width":1200,"height":144,"caption":"reclamador.es"},"image":{"@id":"https:\/\/www.reclamador.es\/blog\/#\/schema\/logo\/image\/"},"sameAs":["https:\/\/www.facebook.com\/reclamador.es","https:\/\/x.com\/reclamador","https:\/\/www.instagram.com\/reclamador.es\/","https:\/\/www.linkedin.com\/company\/reclamador-es","https:\/\/www.youtube.com\/user\/Reclamadores"]},{"@type":"Person","@id":"https:\/\/www.reclamador.es\/blog\/#\/schema\/person\/1ed83eef8b6566cb5e4c812d9bc5c4bf","name":"Equipo reclamador","image":{"@type":"ImageObject","inLanguage":"es","@id":"https:\/\/secure.gravatar.com\/avatar\/6442ecdc2c4472c600c113f34d340feca47107d6aa4f42f1e3e75a2a8e28a760?s=96&d=mm&r=g","url":"https:\/\/secure.gravatar.com\/avatar\/6442ecdc2c4472c600c113f34d340feca47107d6aa4f42f1e3e75a2a8e28a760?s=96&d=mm&r=g","contentUrl":"https:\/\/secure.gravatar.com\/avatar\/6442ecdc2c4472c600c113f34d340feca47107d6aa4f42f1e3e75a2a8e28a760?s=96&d=mm&r=g","caption":"Equipo reclamador"},"description":"Las personas que hacen posible reclamador.es","url":"https:\/\/www.reclamador.es\/blog\/author\/administrador\/"}]}},"jetpack_featured_media_url":"https:\/\/i0.wp.com\/www.reclamador.es\/blog\/wp-content\/uploads\/2020\/09\/consejos-equipaje-perdido.jpg?fit=1200%2C675&ssl=1","jetpack-related-posts":[{"id":566,"url":"https:\/\/www.reclamador.es\/blog\/reclamaciones-de-equipajes-compartidos\/","url_meta":{"origin":7847,"position":0},"title":"\u00bfCompart\u00edas maleta en tu viaje en avi\u00f3n y se ha perdido? Reclamaciones de equipajes compartidos por varias personas","author":"Equipo reclamador","date":"22 febrero, 2025","format":false,"excerpt":"Hacer el equipaje en \u00e9poca vacacional (o en cualquier viaje que tengas a lo largo del a\u00f1o) puede traerte dolores de cabeza. Las medidas m\u00e1ximas que las aerol\u00edneas permiten llevar a los viajeros en cabina a veces se quedan cortas para transportar todo lo que necesitas durante tu viaje. Es\u2026","rel":"","context":"En \u00abConsejos legales\u00bb","block_context":{"text":"Consejos legales","link":"https:\/\/www.reclamador.es\/blog\/consejos\/"},"img":{"alt_text":"guia para Reclamar equipaje compartido con amigos o familiares","src":"https:\/\/i0.wp.com\/www.reclamador.es\/blog\/wp-content\/uploads\/2020\/08\/reclamaciones-de-equipajes-compartidos-por-varias-personas-1200x630-1.jpg?fit=1200%2C630&ssl=1&resize=350%2C200","width":350,"height":200,"srcset":"https:\/\/i0.wp.com\/www.reclamador.es\/blog\/wp-content\/uploads\/2020\/08\/reclamaciones-de-equipajes-compartidos-por-varias-personas-1200x630-1.jpg?fit=1200%2C630&ssl=1&resize=350%2C200 1x, https:\/\/i0.wp.com\/www.reclamador.es\/blog\/wp-content\/uploads\/2020\/08\/reclamaciones-de-equipajes-compartidos-por-varias-personas-1200x630-1.jpg?fit=1200%2C630&ssl=1&resize=525%2C300 1.5x, https:\/\/i0.wp.com\/www.reclamador.es\/blog\/wp-content\/uploads\/2020\/08\/reclamaciones-de-equipajes-compartidos-por-varias-personas-1200x630-1.jpg?fit=1200%2C630&ssl=1&resize=700%2C400 2x, https:\/\/i0.wp.com\/www.reclamador.es\/blog\/wp-content\/uploads\/2020\/08\/reclamaciones-de-equipajes-compartidos-por-varias-personas-1200x630-1.jpg?fit=1200%2C630&ssl=1&resize=1050%2C600 3x"},"classes":[]},{"id":21139,"url":"https:\/\/www.reclamador.es\/blog\/808-euros-indemnizacion-media-retraso-equipaje\/","url_meta":{"origin":7847,"position":1},"title":"808\u20ac, la cantidad media reclamada por problemas de equipaje en un vuelo","author":"Equipo reclamador","date":"21 febrero, 2019","format":false,"excerpt":"Pese a los\u00a0problemas con el equipaje solo suponen el 2% de las m\u00e1s de 61.000 reclamaciones que gestionamos en 2018 frente a aerol\u00edneas en reclamador.es, s\u00ed es la incidencia por la cual los pasajeros a\u00e9reos que conf\u00edan en reclamador.es pueden recuperar la cantidad econ\u00f3mica\u00a0 m\u00e1s elevada. Concretamente, 808 \u20ac de\u2026","rel":"","context":"En \u00abNoticias y actualidad\u00bb","block_context":{"text":"Noticias y actualidad","link":"https:\/\/www.reclamador.es\/blog\/noticias\/"},"img":{"alt_text":"reclamar problemas de equipaje reclamador","src":"https:\/\/i0.wp.com\/www.reclamador.es\/blog\/wp-content\/uploads\/2019\/02\/reclamacion-media-por-problemas-de-equipaje-vuelos.jpg?fit=1200%2C799&ssl=1&resize=350%2C200","width":350,"height":200,"srcset":"https:\/\/i0.wp.com\/www.reclamador.es\/blog\/wp-content\/uploads\/2019\/02\/reclamacion-media-por-problemas-de-equipaje-vuelos.jpg?fit=1200%2C799&ssl=1&resize=350%2C200 1x, https:\/\/i0.wp.com\/www.reclamador.es\/blog\/wp-content\/uploads\/2019\/02\/reclamacion-media-por-problemas-de-equipaje-vuelos.jpg?fit=1200%2C799&ssl=1&resize=525%2C300 1.5x, https:\/\/i0.wp.com\/www.reclamador.es\/blog\/wp-content\/uploads\/2019\/02\/reclamacion-media-por-problemas-de-equipaje-vuelos.jpg?fit=1200%2C799&ssl=1&resize=700%2C400 2x, https:\/\/i0.wp.com\/www.reclamador.es\/blog\/wp-content\/uploads\/2019\/02\/reclamacion-media-por-problemas-de-equipaje-vuelos.jpg?fit=1200%2C799&ssl=1&resize=1050%2C600 3x"},"classes":[]},{"id":35913,"url":"https:\/\/www.reclamador.es\/blog\/sentencia-frente-a-vueling-por-extraviar-una-maleta-10-dias\/","url_meta":{"origin":7847,"position":2},"title":"Sentencia frente a Vueling por extraviar una maleta 10 d\u00edas: 550 \u20ac de indemnizaci\u00f3n","author":"Jorge Ramos","date":"23 abril, 2026","format":false,"excerpt":"Hoy os traemos una sentencia muy interesante que hemos conseguido en reclamador.es frente a Vueling por extraviar una maleta durante 10 d\u00edas.\u00a0 En un vuelo Barcelona-Stuttgart el 30 de junio del pasado a\u00f1o, Vueling extravi\u00f3 la maleta de nuestro cliente durante 10 d\u00edas. El viajero, lo primero que hizo fue\u2026","rel":"","context":"En \u00abNoticias y actualidad\u00bb","block_context":{"text":"Noticias y actualidad","link":"https:\/\/www.reclamador.es\/blog\/noticias\/"},"img":{"alt_text":"reclamaciones a vueling por equipaje - sentencia","src":"https:\/\/i0.wp.com\/www.reclamador.es\/blog\/wp-content\/uploads\/2026\/04\/sentencia-a-vueling-por-perder-maleta-10-dias.jpg?fit=1200%2C630&ssl=1&resize=350%2C200","width":350,"height":200,"srcset":"https:\/\/i0.wp.com\/www.reclamador.es\/blog\/wp-content\/uploads\/2026\/04\/sentencia-a-vueling-por-perder-maleta-10-dias.jpg?fit=1200%2C630&ssl=1&resize=350%2C200 1x, https:\/\/i0.wp.com\/www.reclamador.es\/blog\/wp-content\/uploads\/2026\/04\/sentencia-a-vueling-por-perder-maleta-10-dias.jpg?fit=1200%2C630&ssl=1&resize=525%2C300 1.5x, https:\/\/i0.wp.com\/www.reclamador.es\/blog\/wp-content\/uploads\/2026\/04\/sentencia-a-vueling-por-perder-maleta-10-dias.jpg?fit=1200%2C630&ssl=1&resize=700%2C400 2x, https:\/\/i0.wp.com\/www.reclamador.es\/blog\/wp-content\/uploads\/2026\/04\/sentencia-a-vueling-por-perder-maleta-10-dias.jpg?fit=1200%2C630&ssl=1&resize=1050%2C600 3x"},"classes":[]},{"id":21496,"url":"https:\/\/www.reclamador.es\/blog\/tjue-pago-indemnizacion-perdida-de-equipaje\/","url_meta":{"origin":7847,"position":3},"title":"Los jueces europeos decidir\u00e1n sobre el pago de la indemnizaci\u00f3n por p\u00e9rdida de equipaje","author":"Equipo reclamador","date":"2 abril, 2019","format":false,"excerpt":"Que la aerol\u00ednea pague a los pasajeros autom\u00e1ticamente los 1.131 Derechos Especiales de Giro (DEG) -aproximadamente 1.400\u20ac- en caso de p\u00e9rdida de equipaje. Esto es lo que solicit\u00e1bamos en reclamador.es a los jueces espa\u00f1oles que plantearan al Tribunal de Justicia de la Uni\u00f3n Europea (TJUE). Y lo hizo el juez\u2026","rel":"","context":"En \u00abNoticias y actualidad\u00bb","block_context":{"text":"Noticias y actualidad","link":"https:\/\/www.reclamador.es\/blog\/noticias\/"},"img":{"alt_text":"indemnizacion perdida equipaje reclamador TJUE","src":"https:\/\/i0.wp.com\/www.reclamador.es\/blog\/wp-content\/uploads\/2019\/04\/tjue-indemnizacion-perdida-equipaje.jpg?fit=1200%2C800&ssl=1&resize=350%2C200","width":350,"height":200,"srcset":"https:\/\/i0.wp.com\/www.reclamador.es\/blog\/wp-content\/uploads\/2019\/04\/tjue-indemnizacion-perdida-equipaje.jpg?fit=1200%2C800&ssl=1&resize=350%2C200 1x, https:\/\/i0.wp.com\/www.reclamador.es\/blog\/wp-content\/uploads\/2019\/04\/tjue-indemnizacion-perdida-equipaje.jpg?fit=1200%2C800&ssl=1&resize=525%2C300 1.5x, https:\/\/i0.wp.com\/www.reclamador.es\/blog\/wp-content\/uploads\/2019\/04\/tjue-indemnizacion-perdida-equipaje.jpg?fit=1200%2C800&ssl=1&resize=700%2C400 2x, https:\/\/i0.wp.com\/www.reclamador.es\/blog\/wp-content\/uploads\/2019\/04\/tjue-indemnizacion-perdida-equipaje.jpg?fit=1200%2C800&ssl=1&resize=1050%2C600 3x"},"classes":[]},{"id":29280,"url":"https:\/\/www.reclamador.es\/blog\/problemas-habituales-equipaje-facturado\/","url_meta":{"origin":7847,"position":4},"title":"Problemas m\u00e1s habituales que sufren los pasajeros a\u00e9reos con el equipaje facturado","author":"Equipo reclamador","date":"17 febrero, 2022","format":false,"excerpt":"*Contenido actualizado mayo 2025 Los problemas de equipaje son, por volumen, la tercera causa de reclamaci\u00f3n a compa\u00f1\u00edas a\u00e9reas, por detr\u00e1s de las cancelaciones de vuelos y los retrasos. Pero \u00bfCu\u00e1les son esos problemas a los que se enfrentan los viajeros con su equipaje facturado? Pues, adem\u00e1s del extrav\u00edo del\u2026","rel":"","context":"En \u00abConsejos legales\u00bb","block_context":{"text":"Consejos legales","link":"https:\/\/www.reclamador.es\/blog\/consejos\/"},"img":{"alt_text":"problemas con el equipaje facturado","src":"https:\/\/i0.wp.com\/www.reclamador.es\/blog\/wp-content\/uploads\/2022\/02\/problemas-equipaje-aerolineas-danos-en-el-equipaje.jpg?fit=1200%2C668&ssl=1&resize=350%2C200","width":350,"height":200,"srcset":"https:\/\/i0.wp.com\/www.reclamador.es\/blog\/wp-content\/uploads\/2022\/02\/problemas-equipaje-aerolineas-danos-en-el-equipaje.jpg?fit=1200%2C668&ssl=1&resize=350%2C200 1x, https:\/\/i0.wp.com\/www.reclamador.es\/blog\/wp-content\/uploads\/2022\/02\/problemas-equipaje-aerolineas-danos-en-el-equipaje.jpg?fit=1200%2C668&ssl=1&resize=525%2C300 1.5x, https:\/\/i0.wp.com\/www.reclamador.es\/blog\/wp-content\/uploads\/2022\/02\/problemas-equipaje-aerolineas-danos-en-el-equipaje.jpg?fit=1200%2C668&ssl=1&resize=700%2C400 2x, https:\/\/i0.wp.com\/www.reclamador.es\/blog\/wp-content\/uploads\/2022\/02\/problemas-equipaje-aerolineas-danos-en-el-equipaje.jpg?fit=1200%2C668&ssl=1&resize=1050%2C600 3x"},"classes":[]},{"id":31902,"url":"https:\/\/www.reclamador.es\/blog\/carrito-de-bebe-roto-por-la-aerolinea-que-hacer\/","url_meta":{"origin":7847,"position":5},"title":"Carrito de beb\u00e9 roto por la aerol\u00ednea: \u00bfqu\u00e9 hacer?","author":"Alicia Ria\u00f1o","date":"23 enero, 2024","format":false,"excerpt":"*Contenido actualizado mayo 2025 Si ya hay que tener en cuenta numerosas circunstancias para viajar con beb\u00e9s en avi\u00f3n, cuando, adem\u00e1s, le sumas el inconveniente de llegar al destino y ver el carrito de beb\u00e9 roto por la aerol\u00ednea, esas vacaciones so\u00f1adas se pueden convertir en una pesadilla. Por eso,\u2026","rel":"","context":"En \u00abConsejos legales\u00bb","block_context":{"text":"Consejos legales","link":"https:\/\/www.reclamador.es\/blog\/consejos\/"},"img":{"alt_text":"silla paseo avion rota - reclamaciones","src":"https:\/\/i0.wp.com\/www.reclamador.es\/blog\/wp-content\/uploads\/2024\/01\/carrito-de-bebe-roto-por-la-aerolinea.jpg?fit=1200%2C675&ssl=1&resize=350%2C200","width":350,"height":200,"srcset":"https:\/\/i0.wp.com\/www.reclamador.es\/blog\/wp-content\/uploads\/2024\/01\/carrito-de-bebe-roto-por-la-aerolinea.jpg?fit=1200%2C675&ssl=1&resize=350%2C200 1x, https:\/\/i0.wp.com\/www.reclamador.es\/blog\/wp-content\/uploads\/2024\/01\/carrito-de-bebe-roto-por-la-aerolinea.jpg?fit=1200%2C675&ssl=1&resize=525%2C300 1.5x, https:\/\/i0.wp.com\/www.reclamador.es\/blog\/wp-content\/uploads\/2024\/01\/carrito-de-bebe-roto-por-la-aerolinea.jpg?fit=1200%2C675&ssl=1&resize=700%2C400 2x, https:\/\/i0.wp.com\/www.reclamador.es\/blog\/wp-content\/uploads\/2024\/01\/carrito-de-bebe-roto-por-la-aerolinea.jpg?fit=1200%2C675&ssl=1&resize=1050%2C600 3x"},"classes":[]}],"jetpack_sharing_enabled":true,"_links":{"self":[{"href":"https:\/\/www.reclamador.es\/blog\/wp-json\/wp\/v2\/posts\/7847","targetHints":{"allow":["GET"]}}],"collection":[{"href":"https:\/\/www.reclamador.es\/blog\/wp-json\/wp\/v2\/posts"}],"about":[{"href":"https:\/\/www.reclamador.es\/blog\/wp-json\/wp\/v2\/types\/post"}],"author":[{"embeddable":true,"href":"https:\/\/www.reclamador.es\/blog\/wp-json\/wp\/v2\/users\/1"}],"replies":[{"embeddable":true,"href":"https:\/\/www.reclamador.es\/blog\/wp-json\/wp\/v2\/comments?post=7847"}],"version-history":[{"count":17,"href":"https:\/\/www.reclamador.es\/blog\/wp-json\/wp\/v2\/posts\/7847\/revisions"}],"predecessor-version":[{"id":34224,"href":"https:\/\/www.reclamador.es\/blog\/wp-json\/wp\/v2\/posts\/7847\/revisions\/34224"}],"wp:featuredmedia":[{"embeddable":true,"href":"https:\/\/www.reclamador.es\/blog\/wp-json\/wp\/v2\/media\/30626"}],"wp:attachment":[{"href":"https:\/\/www.reclamador.es\/blog\/wp-json\/wp\/v2\/media?parent=7847"}],"wp:term":[{"taxonomy":"category","embeddable":true,"href":"https:\/\/www.reclamador.es\/blog\/wp-json\/wp\/v2\/categories?post=7847"},{"taxonomy":"post_tag","embeddable":true,"href":"https:\/\/www.reclamador.es\/blog\/wp-json\/wp\/v2\/tags?post=7847"}],"curies":[{"name":"wp","href":"https:\/\/api.w.org\/{rel}","templated":true}]}}