{"id":7410,"date":"2017-04-03T17:07:04","date_gmt":"2017-04-03T15:07:04","guid":{"rendered":"https:\/\/www.reclamador.es\/blog\/?p=7410"},"modified":"2025-11-14T16:26:31","modified_gmt":"2025-11-14T15:26:31","slug":"medidas-equipaje-de-mano","status":"publish","type":"post","link":"https:\/\/www.reclamador.es\/blog\/medidas-equipaje-de-mano\/","title":{"rendered":"\u00bfQu\u00e9 medidas debe tener tu equipaje de mano?"},"content":{"rendered":"<div class=\"ttr_start\"><\/div>\n\n<div class=\"kk-star-ratings kksr-auto kksr-align-right kksr-valign-top\"\n    data-payload='{&quot;align&quot;:&quot;right&quot;,&quot;id&quot;:&quot;7410&quot;,&quot;slug&quot;:&quot;default&quot;,&quot;valign&quot;:&quot;top&quot;,&quot;ignore&quot;:&quot;&quot;,&quot;reference&quot;:&quot;auto&quot;,&quot;class&quot;:&quot;&quot;,&quot;count&quot;:&quot;5&quot;,&quot;legendonly&quot;:&quot;&quot;,&quot;readonly&quot;:&quot;&quot;,&quot;score&quot;:&quot;4.6&quot;,&quot;starsonly&quot;:&quot;&quot;,&quot;best&quot;:&quot;5&quot;,&quot;gap&quot;:&quot;3&quot;,&quot;greet&quot;:&quot;Valora este art\u00edculo&quot;,&quot;legend&quot;:&quot;4.6\\\/5 - (5 votos)&quot;,&quot;size&quot;:&quot;20&quot;,&quot;title&quot;:&quot;\u00bfQu\u00e9 medidas debe tener tu equipaje de mano?&quot;,&quot;width&quot;:&quot;104.3&quot;,&quot;_legend&quot;:&quot;{score}\\\/{best} - ({count} {votes})&quot;,&quot;font_factor&quot;:&quot;1.25&quot;}'>\n            \n<div class=\"kksr-stars\">\n    \n<div class=\"kksr-stars-inactive\">\n            <div class=\"kksr-star\" data-star=\"1\" style=\"padding-right: 3px\">\n            \n\n<div class=\"kksr-icon\" style=\"width: 20px; height: 20px;\"><\/div>\n        <\/div>\n            <div class=\"kksr-star\" data-star=\"2\" style=\"padding-right: 3px\">\n            \n\n<div class=\"kksr-icon\" style=\"width: 20px; height: 20px;\"><\/div>\n        <\/div>\n            <div class=\"kksr-star\" data-star=\"3\" style=\"padding-right: 3px\">\n            \n\n<div class=\"kksr-icon\" style=\"width: 20px; height: 20px;\"><\/div>\n        <\/div>\n            <div class=\"kksr-star\" data-star=\"4\" style=\"padding-right: 3px\">\n            \n\n<div class=\"kksr-icon\" style=\"width: 20px; height: 20px;\"><\/div>\n        <\/div>\n            <div class=\"kksr-star\" data-star=\"5\" style=\"padding-right: 3px\">\n            \n\n<div class=\"kksr-icon\" style=\"width: 20px; height: 20px;\"><\/div>\n        <\/div>\n    <\/div>\n    \n<div class=\"kksr-stars-active\" style=\"width: 104.3px;\">\n            <div class=\"kksr-star\" style=\"padding-right: 3px\">\n            \n\n<div class=\"kksr-icon\" style=\"width: 20px; height: 20px;\"><\/div>\n        <\/div>\n            <div class=\"kksr-star\" style=\"padding-right: 3px\">\n            \n\n<div class=\"kksr-icon\" style=\"width: 20px; height: 20px;\"><\/div>\n        <\/div>\n            <div class=\"kksr-star\" style=\"padding-right: 3px\">\n            \n\n<div class=\"kksr-icon\" style=\"width: 20px; height: 20px;\"><\/div>\n        <\/div>\n            <div class=\"kksr-star\" style=\"padding-right: 3px\">\n            \n\n<div class=\"kksr-icon\" style=\"width: 20px; height: 20px;\"><\/div>\n        <\/div>\n            <div class=\"kksr-star\" style=\"padding-right: 3px\">\n            \n\n<div class=\"kksr-icon\" style=\"width: 20px; height: 20px;\"><\/div>\n        <\/div>\n    <\/div>\n<\/div>\n                \n\n<div class=\"kksr-legend\" style=\"font-size: 16px;\">\n            4.6\/5 - (5 votos)    <\/div>\n    <\/div>\n<figure><img data-recalc-dims=\"1\" loading=\"lazy\" decoding=\"async\" class=\"aligncenter size-full wp-image-7411\" src=\"https:\/\/i0.wp.com\/www.reclamador.es\/blog\/wp-content\/uploads\/2017\/04\/IMG_0882.jpg?resize=1200%2C800&#038;ssl=1\" alt=\"equipaje de mano en el aeropuerto de Madrid-Barajas.foto de reclamador.es\" width=\"1200\" height=\"800\" srcset=\"https:\/\/i0.wp.com\/www.reclamador.es\/blog\/wp-content\/uploads\/2017\/04\/IMG_0882.jpg?w=1200&amp;ssl=1 1200w, https:\/\/i0.wp.com\/www.reclamador.es\/blog\/wp-content\/uploads\/2017\/04\/IMG_0882.jpg?resize=300%2C200&amp;ssl=1 300w, https:\/\/i0.wp.com\/www.reclamador.es\/blog\/wp-content\/uploads\/2017\/04\/IMG_0882.jpg?resize=768%2C512&amp;ssl=1 768w\" sizes=\"auto, (max-width: 1000px) 100vw, 1000px\" \/><\/figure>\n<p>\u00bfSabes qu\u00e9 medidas tiene que tener tu equipaje de mano para que sea v\u00e1lido para la compa\u00f1\u00eda a\u00e9rea? \u00a0<strong>Pr\u00e1cticamente todas las aerol\u00edneas permiten alg\u00fan tipo de bulto como equipaje de mano<\/strong> sin pagar un extra en tu billete. Hay ocasiones en las que te pueden obligar a facturar (y pagar m\u00e1s in situ) porque tu maleta no se ajusta a las medidas o el peso que tiene fijado la aerol\u00ednea.<\/p>\n<p>Para que no te ocurra esto, lo mejor es que vayas bien preparado y <strong>tu equipaje sea como el que pide la aerol\u00ednea<\/strong>. De esta forma puedes estar seguro de que no te van a hacer pagar m\u00e1s.<\/p>\n<h2>\u00bfEquipaje de mano en bodega?<\/h2>\n<p>A pesar de que no hayas facturado maleta, algunas aerol\u00edneas (como <a href=\"https:\/\/www.reclamador.es\/aerolineas\/ryanair\/\">Ryanair<\/a>), <strong>a partir del pasajero n\u00famero 91 introducen la maleta de mano en la bodega<\/strong>. Lo justifican alegando el poco espacio que hay en cabina. Esto puede provocar enfados de personas que desconocen esta normativa, aunque lo cierto es que lo avisan en sus t\u00e9rminos y condiciones\u00a0y <strong>no es un asunto reclamable<\/strong>.<\/p>\n<p>Si te ocurre, es muy importante que <strong>conserves la pegatina o justificante<\/strong> de que la han introducido en la bodega. Si tienes alguna incidencia con este equipaje ser\u00e1 necesario para reclamar.<\/p>\n<h2>Medidas de los equipajes de mano por aerol\u00edneas<\/h2>\n<h6 style=\"text-align: center;\"><strong>Actualizaci\u00f3n noviembre 2025: <a href=\"https:\/\/www.reclamador.es\/blog\/equipaje-de-mano-gratuito-aerolineas-medidas-exactas\/\">Estas son las medidas y los bultos permitidos por 8 de las principales aerol\u00edneas<\/a>.<\/strong><\/h6>\n<p>Aunque a veces pensemos que estas medidas son est\u00e1ndar, lo cierto es que cada aerol\u00ednea tiene las suyas. Tambi\u00e9n ocurre lo mismo con el peso. A continuaci\u00f3n te ofrecemos una tabla con las medidas y peso del equipaje de mano de las aerol\u00edneas que m\u00e1s operan en Espa\u00f1a. <strong>Todos los datos que te ofrecemos\u00a0son oficiales y est\u00e1n contrastados con las\u00a0compa\u00f1\u00edas:<\/strong><\/p>\n<table style=\"height: 1495px; width: 100%;\" width=\"675\">\n<tbody>\n<tr style=\"height: 23px;\">\n<td style=\"width: 160.739px; height: 23px; text-align: center;\"><strong>Aerol\u00ednea<\/strong><\/td>\n<td style=\"width: 162.557px; height: 23px; text-align: center;\"><strong>Equipaje de mano<\/strong><\/td>\n<td style=\"width: 162.557px; height: 23px; text-align: center;\"><strong>Bolsa de mano<\/strong><\/td>\n<td style=\"width: 162.557px; height: 23px; text-align: center;\"><strong>Peso equipaje de mano<\/strong><\/td>\n<\/tr>\n<tr style=\"height: 23px;\">\n<td style=\"width: 160.739px; height: 23px; text-align: center;\">Aegean Airlines<\/td>\n<td style=\"width: 162.557px; height: 23px; text-align: center;\">56 * 45 * 25<\/td>\n<td style=\"width: 162.557px; height: 23px; text-align: center;\">45 * 35 * 20<\/td>\n<td style=\"width: 162.557px; height: 23px; text-align: center;\">8 kg<\/td>\n<\/tr>\n<tr style=\"height: 23px;\">\n<td style=\"width: 160.739px; height: 23px; text-align: center;\">Aeroflot<\/td>\n<td style=\"width: 162.557px; height: 23px; text-align: center;\">55 * 40 * 20<\/td>\n<td style=\"width: 162.557px; height: 23px; text-align: center;\"><\/td>\n<td style=\"width: 162.557px; height: 23px; text-align: center;\">10 kg<\/td>\n<\/tr>\n<tr style=\"height: 23px;\">\n<td style=\"width: 160.739px; height: 23px; text-align: center;\">Aerol\u00edneas Argentinas<\/td>\n<td style=\"width: 162.557px; height: 23px; text-align: center;\">55 * 35 * 25<\/td>\n<td style=\"width: 162.557px; height: 23px; text-align: center;\"><\/td>\n<td style=\"width: 162.557px; height: 23px; text-align: center;\">8 kg<\/td>\n<\/tr>\n<tr style=\"height: 23px;\">\n<td style=\"width: 160.739px; height: 23px; text-align: center;\">Aerom\u00e9xico<\/td>\n<td style=\"width: 162.557px; height: 23px; text-align: center;\">55 * 40 * 20<\/td>\n<td style=\"width: 162.557px; height: 23px; text-align: center;\"><\/td>\n<td style=\"width: 162.557px; height: 23px; text-align: center;\">10 kg<\/td>\n<\/tr>\n<tr style=\"height: 23px;\">\n<td style=\"width: 160.739px; height: 23px; text-align: center;\">Air Berlin<\/td>\n<td style=\"width: 162.557px; height: 23px; text-align: center;\">55 * 40 * 23<\/td>\n<td style=\"width: 162.557px; height: 23px; text-align: center;\"><\/td>\n<td style=\"width: 162.557px; height: 23px; text-align: center;\">8 kg<\/td>\n<\/tr>\n<tr style=\"height: 23px;\">\n<td style=\"width: 160.739px; height: 23px; text-align: center;\">Air Canada<\/td>\n<td style=\"width: 162.557px; height: 23px; text-align: center;\">55 * 40 * 23<\/td>\n<td style=\"width: 162.557px; height: 23px; text-align: center;\"><\/td>\n<td style=\"width: 162.557px; height: 23px; text-align: center;\">10 kg<\/td>\n<\/tr>\n<tr style=\"height: 23px;\">\n<td style=\"width: 160.739px; height: 23px; text-align: center;\">Air China<\/td>\n<td style=\"width: 162.557px; height: 23px; text-align: center;\">55 * 40 * 20<\/td>\n<td style=\"width: 162.557px; height: 23px; text-align: center;\"><\/td>\n<td style=\"width: 162.557px; height: 23px; text-align: center;\">5 kg<\/td>\n<\/tr>\n<tr style=\"height: 23px;\">\n<td style=\"width: 160.739px; height: 23px; text-align: center;\">Air Europa<\/td>\n<td style=\"width: 162.557px; height: 23px; text-align: center;\">55 * 35 * 25<\/td>\n<td style=\"width: 162.557px; height: 23px; text-align: center;\"><\/td>\n<td style=\"width: 162.557px; height: 23px; text-align: center;\">10 kg<\/td>\n<\/tr>\n<tr style=\"height: 23px;\">\n<td style=\"width: 160.739px; height: 23px; text-align: center;\">Air France<\/td>\n<td style=\"width: 162.557px; height: 23px; text-align: center;\">55 * 35 * 25<\/td>\n<td style=\"width: 162.557px; height: 23px; text-align: center;\"><\/td>\n<td style=\"width: 162.557px; height: 23px; text-align: center;\">12 kg<\/td>\n<\/tr>\n<tr style=\"height: 23px;\">\n<td style=\"width: 160.739px; height: 23px; text-align: center;\">Air Lingus<\/td>\n<td style=\"width: 162.557px; height: 23px; text-align: center;\">55 * 40 * 24<\/td>\n<td style=\"width: 162.557px; height: 23px; text-align: center;\">33 * 25 * 20<\/td>\n<td style=\"width: 162.557px; height: 23px; text-align: center;\">10 kg<\/td>\n<\/tr>\n<tr style=\"height: 23px;\">\n<td style=\"width: 160.739px; height: 23px; text-align: center;\">Alitalia<\/td>\n<td style=\"width: 162.557px; height: 23px; text-align: center;\">55 * 35 * 25<\/td>\n<td style=\"width: 162.557px; height: 23px; text-align: center;\"><\/td>\n<td style=\"width: 162.557px; height: 23px; text-align: center;\">8 kg<\/td>\n<\/tr>\n<tr style=\"height: 23px;\">\n<td style=\"width: 160.739px; height: 23px; text-align: center;\">American Airlines<\/td>\n<td style=\"width: 162.557px; height: 23px; text-align: center;\">55 * 35 * 22<\/td>\n<td style=\"width: 162.557px; height: 23px; text-align: center;\"><\/td>\n<td style=\"width: 162.557px; height: 23px; text-align: center;\">10 kg<\/td>\n<\/tr>\n<tr style=\"height: 23px;\">\n<td style=\"width: 160.739px; height: 23px; text-align: center;\">Avianca<\/td>\n<td style=\"width: 162.557px; height: 23px; text-align: center;\">55 * 40 * 20<\/td>\n<td style=\"width: 162.557px; height: 23px; text-align: center;\"><\/td>\n<td style=\"width: 162.557px; height: 23px; text-align: center;\">10 kg<\/td>\n<\/tr>\n<tr style=\"height: 23px;\">\n<td style=\"width: 160.739px; height: 23px; text-align: center;\">Austrian Airlines<\/td>\n<td style=\"width: 162.557px; height: 23px; text-align: center;\">no permite<\/td>\n<td style=\"width: 162.557px; height: 23px; text-align: center;\">no permite<\/td>\n<td style=\"width: 162.557px; height: 23px; text-align: center;\">no permite<\/td>\n<\/tr>\n<tr style=\"height: 23px;\">\n<td style=\"width: 160.739px; height: 23px; text-align: center;\">Binter Canarias<\/td>\n<td style=\"width: 162.557px; height: 23px; text-align: center;\">45 * 35 * 25<\/td>\n<td style=\"width: 162.557px; height: 23px; text-align: center;\"><\/td>\n<td style=\"width: 162.557px; height: 23px; text-align: center;\">6 kg<\/td>\n<\/tr>\n<tr style=\"height: 23px;\">\n<td style=\"width: 160.739px; height: 23px; text-align: center;\">Blue Air<\/td>\n<td style=\"width: 162.557px; height: 23px; text-align: center;\">55 * 40 * 20<\/td>\n<td style=\"width: 162.557px; height: 23px; text-align: center;\"><\/td>\n<td style=\"width: 162.557px; height: 23px; text-align: center;\">10 kg<\/td>\n<\/tr>\n<tr style=\"height: 23px;\">\n<td style=\"width: 160.739px; height: 23px; text-align: center;\">Boliviana de Aviaci\u00f3n<\/td>\n<td style=\"width: 162.557px; height: 23px; text-align: center;\">55 * 35 * 25<\/td>\n<td style=\"width: 162.557px; height: 23px; text-align: center;\"><\/td>\n<td style=\"width: 162.557px; height: 23px; text-align: center;\">7 kg<\/td>\n<\/tr>\n<tr style=\"height: 23px;\">\n<td style=\"width: 160.739px; height: 23px; text-align: center;\">British Airways<\/td>\n<td style=\"width: 162.557px; height: 23px; text-align: center;\">56 * 45 * 25<\/td>\n<td style=\"width: 162.557px; height: 23px; text-align: center;\">40 * 30 * 15<\/td>\n<td style=\"width: 162.557px; height: 23px; text-align: center;\">23 kg<\/td>\n<\/tr>\n<tr style=\"height: 23px;\">\n<td style=\"width: 160.739px; height: 23px; text-align: center;\">Brussels Airlines<\/td>\n<td style=\"width: 162.557px; height: 23px; text-align: center;\">55 * 40 * 23<\/td>\n<td style=\"width: 162.557px; height: 23px; text-align: center;\"><\/td>\n<td style=\"width: 162.557px; height: 23px; text-align: center;\">12 kg<\/td>\n<\/tr>\n<tr style=\"height: 23px;\">\n<td style=\"width: 160.739px; height: 23px; text-align: center;\">Canaryfly<\/td>\n<td style=\"width: 162.557px; height: 23px; text-align: center;\">45 * 35 * 25<\/td>\n<td style=\"width: 162.557px; height: 23px; text-align: center;\"><\/td>\n<td style=\"width: 162.557px; height: 23px; text-align: center;\">6 kg<\/td>\n<\/tr>\n<tr style=\"height: 23px;\">\n<td style=\"width: 160.739px; height: 23px; text-align: center;\">Cathay Pacific<\/td>\n<td style=\"width: 162.557px; height: 23px; text-align: center;\">56 * 36 * 23<\/td>\n<td style=\"width: 162.557px; height: 23px; text-align: center;\"><\/td>\n<td style=\"width: 162.557px; height: 23px; text-align: center;\">7 kg<\/td>\n<\/tr>\n<tr style=\"height: 23px;\">\n<td style=\"width: 160.739px; height: 23px; text-align: center;\">Conviasa<\/td>\n<td style=\"width: 162.557px; height: 23px; text-align: center;\">61 * 37 * 25<\/td>\n<td style=\"width: 162.557px; height: 23px; text-align: center;\"><\/td>\n<td style=\"width: 162.557px; height: 23px; text-align: center;\">Sin peso determinado<\/td>\n<\/tr>\n<tr style=\"height: 23px;\">\n<td style=\"width: 160.739px; height: 23px; text-align: center;\">Cubana de Aviaci\u00f3n<\/td>\n<td style=\"width: 162.557px; height: 23px; text-align: center;\">51 * 41 * 23<\/td>\n<td style=\"width: 162.557px; height: 23px; text-align: center;\"><\/td>\n<td style=\"width: 162.557px; height: 23px; text-align: center;\">5 kg<\/td>\n<\/tr>\n<tr style=\"height: 23px;\">\n<td style=\"width: 160.739px; height: 23px; text-align: center;\">Czech Airlines<\/td>\n<td style=\"width: 162.557px; height: 23px; text-align: center;\">55 * 45 * 25<\/td>\n<td style=\"width: 162.557px; height: 23px; text-align: center;\"><\/td>\n<td style=\"width: 162.557px; height: 23px; text-align: center;\">8 kg<\/td>\n<\/tr>\n<tr style=\"height: 23px;\">\n<td style=\"width: 160.739px; height: 23px; text-align: center;\">Delta Airlines<\/td>\n<td style=\"width: 162.557px; height: 23px; text-align: center;\">56 * 35 * 23<\/td>\n<td style=\"width: 162.557px; height: 23px; text-align: center;\"><\/td>\n<td style=\"width: 162.557px; height: 23px; text-align: center;\">Sin peso m\u00e1ximo<\/td>\n<\/tr>\n<tr style=\"height: 23.301px;\">\n<td style=\"width: 160.739px; height: 23px; text-align: center;\">Easyjet<\/td>\n<td style=\"width: 162.557px; height: 23px; text-align: center;\">56 * 45 * 25<\/td>\n<td style=\"width: 162.557px; height: 23px; text-align: center;\"><\/td>\n<td style=\"width: 162.557px; height: 23px; text-align: center;\">Sin peso m\u00e1ximo<\/td>\n<\/tr>\n<tr style=\"height: 23.301px;\">\n<td style=\"width: 160.739px; height: 23px; text-align: center;\">Egyptair<\/td>\n<td style=\"width: 162.557px; height: 23px; text-align: center;\">53 * 40 * 25<\/td>\n<td style=\"width: 162.557px; height: 23px; text-align: center;\"><\/td>\n<td style=\"width: 162.557px; height: 23px; text-align: center;\">8 kg<\/td>\n<\/tr>\n<tr style=\"height: 23px;\">\n<td style=\"width: 160.739px; height: 23px; text-align: center;\">Emirates<\/td>\n<td style=\"width: 162.557px; height: 23px; text-align: center;\">55 * 38 * 20<\/td>\n<td style=\"width: 162.557px; height: 23px; text-align: center;\"><\/td>\n<td style=\"width: 162.557px; height: 23px; text-align: center;\">7 kg<\/td>\n<\/tr>\n<tr style=\"height: 23px;\">\n<td style=\"width: 160.739px; height: 23px; text-align: center;\">Etihad Airways<\/td>\n<td style=\"width: 162.557px; height: 23px; text-align: center;\">50 * 40 * 25<\/td>\n<td style=\"width: 162.557px; height: 23px; text-align: center;\"><\/td>\n<td style=\"width: 162.557px; height: 23px; text-align: center;\">7 kg<\/td>\n<\/tr>\n<tr style=\"height: 23px;\">\n<td style=\"width: 160.739px; height: 23px; text-align: center;\">Evelop<\/td>\n<td style=\"width: 162.557px; height: 23px; text-align: center;\">50 * 45 * 25<\/td>\n<td style=\"width: 162.557px; height: 23px; text-align: center;\"><\/td>\n<td style=\"width: 162.557px; height: 23px; text-align: center;\">10 kg<\/td>\n<\/tr>\n<tr style=\"height: 23px;\">\n<td style=\"width: 160.739px; height: 23px; text-align: center;\">Finnair<\/td>\n<td style=\"width: 162.557px; height: 23px; text-align: center;\">56 * 45 * 25<\/td>\n<td style=\"width: 162.557px; height: 23px; text-align: center;\">40 * 30 * 15<\/td>\n<td style=\"width: 162.557px; height: 23px; text-align: center;\">8 kg<\/td>\n<\/tr>\n<tr style=\"height: 23px;\">\n<td style=\"width: 160.739px; height: 23px; text-align: center;\">Germanwings<\/td>\n<td style=\"width: 162.557px; height: 23px; text-align: center;\">50 * 40 * 23<\/td>\n<td style=\"width: 162.557px; height: 23px; text-align: center;\"><\/td>\n<td style=\"width: 162.557px; height: 23px; text-align: center;\">8 kg<\/td>\n<\/tr>\n<tr style=\"height: 23px;\">\n<td style=\"width: 160.739px; height: 23px; text-align: center;\">Iberia*<\/td>\n<td style=\"width: 162.557px; height: 23px; text-align: center;\">56 * 45 * 25<\/td>\n<td style=\"width: 162.557px; height: 23px; text-align: center;\"><\/td>\n<td style=\"width: 162.557px; height: 23px; text-align: center;\">10 kg<\/td>\n<\/tr>\n<tr style=\"height: 23px;\">\n<td style=\"width: 160.739px; height: 23px; text-align: center;\">Icelandair<\/td>\n<td style=\"width: 162.557px; height: 23px; text-align: center;\">55 * 40 * 20<\/td>\n<td style=\"width: 162.557px; height: 23px; text-align: center;\"><\/td>\n<td style=\"width: 162.557px; height: 23px; text-align: center;\">10 kg<\/td>\n<\/tr>\n<tr style=\"height: 23px;\">\n<td style=\"width: 160.739px; height: 23px; text-align: center;\">Jet2.com<\/td>\n<td style=\"width: 162.557px; height: 23px; text-align: center;\">56 * 45 * 25<\/td>\n<td style=\"width: 162.557px; height: 23px; text-align: center;\"><\/td>\n<td style=\"width: 162.557px; height: 23px; text-align: center;\">10 kg<\/td>\n<\/tr>\n<tr style=\"height: 23px;\">\n<td style=\"width: 160.739px; height: 23px; text-align: center;\">KLM<\/td>\n<td style=\"width: 162.557px; height: 23px; text-align: center;\">55 * 35 * 25<\/td>\n<td style=\"width: 162.557px; height: 23px; text-align: center;\">40 * 30 * 15<\/td>\n<td style=\"width: 162.557px; height: 23px; text-align: center;\">12 kg<\/td>\n<\/tr>\n<tr style=\"height: 23px;\">\n<td style=\"width: 160.739px; height: 23px; text-align: center;\">LAN<\/td>\n<td style=\"width: 162.557px; height: 23px; text-align: center;\">55 * 35 * 25<\/td>\n<td style=\"width: 162.557px; height: 23px; text-align: center;\"><\/td>\n<td style=\"width: 162.557px; height: 23px; text-align: center;\">8 kg<\/td>\n<\/tr>\n<tr style=\"height: 23px;\">\n<td style=\"width: 160.739px; height: 23px; text-align: center;\">LATAM<\/td>\n<td style=\"width: 162.557px; height: 23px; text-align: center;\">55 * 35 * 25<\/td>\n<td style=\"width: 162.557px; height: 23px; text-align: center;\">45 * 30 * 20<\/td>\n<td style=\"width: 162.557px; height: 23px; text-align: center;\">8 kg<\/td>\n<\/tr>\n<tr style=\"height: 23px;\">\n<td style=\"width: 160.739px; height: 23px; text-align: center;\">Level<\/td>\n<td style=\"width: 162.557px; height: 23px; text-align: center;\">56 * 45 * 25<\/td>\n<td style=\"width: 162.557px; height: 23px; text-align: center;\"><\/td>\n<td style=\"width: 162.557px; height: 23px; text-align: center;\">10 kg<\/td>\n<\/tr>\n<tr style=\"height: 23px;\">\n<td style=\"width: 160.739px; height: 23px; text-align: center;\">LOT Polish Airlines<\/td>\n<td style=\"width: 162.557px; height: 23px; text-align: center;\">55 * 40 * 23<\/td>\n<td style=\"width: 162.557px; height: 23px; text-align: center;\"><\/td>\n<td style=\"width: 162.557px; height: 23px; text-align: center;\">8 kg<\/td>\n<\/tr>\n<tr style=\"height: 23px;\">\n<td style=\"width: 160.739px; height: 23px; text-align: center;\">Lufthansa<\/td>\n<td style=\"width: 162.557px; height: 23px; text-align: center;\">55 * 40 * 23<\/td>\n<td style=\"width: 162.557px; height: 23px; text-align: center;\"><\/td>\n<td style=\"width: 162.557px; height: 23px; text-align: center;\">8 kg<\/td>\n<\/tr>\n<tr style=\"height: 23px;\">\n<td style=\"width: 160.739px; height: 23px; text-align: center;\">Monarch<\/td>\n<td style=\"width: 162.557px; height: 23px; text-align: center;\">56 * 40 * 25<\/td>\n<td style=\"width: 162.557px; height: 23px; text-align: center;\"><\/td>\n<td style=\"width: 162.557px; height: 23px; text-align: center;\">10 kg<\/td>\n<\/tr>\n<tr style=\"height: 23px;\">\n<td style=\"width: 160.739px; height: 23px; text-align: center;\">Norwegian<\/td>\n<td style=\"width: 162.557px; height: 23px; text-align: center;\">55 * 40 * 23<\/td>\n<td style=\"width: 162.557px; height: 23px; text-align: center;\">33 * 25 * 20<\/td>\n<td style=\"width: 162.557px; height: 23px; text-align: center;\">10 kg<\/td>\n<\/tr>\n<tr style=\"height: 23px;\">\n<td style=\"width: 160.739px; height: 23px; text-align: center;\">Pegasus Airlines<\/td>\n<td style=\"width: 162.557px; height: 23px; text-align: center;\">55 * 40 * 20<\/td>\n<td style=\"width: 162.557px; height: 23px; text-align: center;\"><\/td>\n<td style=\"width: 162.557px; height: 23px; text-align: center;\">8 kg<\/td>\n<\/tr>\n<tr style=\"height: 23px;\">\n<td style=\"width: 160.739px; height: 23px; text-align: center;\">Plus Ultra<\/td>\n<td style=\"width: 162.557px; height: 23px; text-align: center;\">55 * 40 * 20<\/td>\n<td style=\"width: 162.557px; height: 23px; text-align: center;\"><\/td>\n<td style=\"width: 162.557px; height: 23px; text-align: center;\">8 kg<\/td>\n<\/tr>\n<tr style=\"height: 23px;\">\n<td style=\"width: 160.739px; height: 23px; text-align: center;\">Qatar Airways<\/td>\n<td style=\"width: 162.557px; height: 23px; text-align: center;\">50 * 37 * 25<\/td>\n<td style=\"width: 162.557px; height: 23px; text-align: center;\"><\/td>\n<td style=\"width: 162.557px; height: 23px; text-align: center;\">7 kg<\/td>\n<\/tr>\n<tr style=\"height: 23px;\">\n<td style=\"width: 160.739px; height: 23px; text-align: center;\">Royal Air Maroc<\/td>\n<td style=\"width: 162.557px; height: 23px; text-align: center;\">50 * 40 * 25<\/td>\n<td style=\"width: 162.557px; height: 23px; text-align: center;\"><\/td>\n<td style=\"width: 162.557px; height: 23px; text-align: center;\">10 kg<\/td>\n<\/tr>\n<tr style=\"height: 23px;\">\n<td style=\"width: 160.739px; height: 23px; text-align: center;\">Royal Jordanian<\/td>\n<td style=\"width: 162.557px; height: 23px; text-align: center;\">51 * 41 * 23<\/td>\n<td style=\"width: 162.557px; height: 23px; text-align: center;\"><\/td>\n<td style=\"width: 162.557px; height: 23px; text-align: center;\">7 kg<\/td>\n<\/tr>\n<tr style=\"height: 23px;\">\n<td style=\"width: 160.739px; height: 23px; text-align: center;\">Ryanair<\/td>\n<td style=\"width: 162.557px; height: 23px; text-align: center;\">55 * 40 * 20<\/td>\n<td style=\"width: 162.557px; height: 23px; text-align: center;\">35 * 20 * 20<\/td>\n<td style=\"width: 162.557px; height: 23px; text-align: center;\">10 kg<\/td>\n<\/tr>\n<tr style=\"height: 23px;\">\n<td style=\"width: 160.739px; height: 23px; text-align: center;\">SAS Scandinavian<\/td>\n<td style=\"width: 162.557px; height: 23px; text-align: center;\">55 * 40 * 23<\/td>\n<td style=\"width: 162.557px; height: 23px; text-align: center;\"><\/td>\n<td style=\"width: 162.557px; height: 23px; text-align: center;\">8 kg<\/td>\n<\/tr>\n<tr style=\"height: 23px;\">\n<td style=\"width: 160.739px; height: 23px; text-align: center;\">Sata &#8211; Azores Airlines<\/td>\n<td style=\"width: 162.557px; height: 23px; text-align: center;\">55 * 40 * 20<\/td>\n<td style=\"width: 162.557px; height: 23px; text-align: center;\"><\/td>\n<td style=\"width: 162.557px; height: 23px; text-align: center;\">8 kg<\/td>\n<\/tr>\n<tr style=\"height: 23px;\">\n<td style=\"width: 160.739px; height: 23px; text-align: center;\">Singapore Airlines<\/td>\n<td style=\"width: 162.557px; height: 23px; text-align: center;\">55 * 40 * 20<\/td>\n<td style=\"width: 162.557px; height: 23px; text-align: center;\"><\/td>\n<td style=\"width: 162.557px; height: 23px; text-align: center;\">7 kg<\/td>\n<\/tr>\n<tr style=\"height: 23px;\">\n<td style=\"width: 160.739px; height: 23px; text-align: center;\">Swiss Airlines<\/td>\n<td style=\"width: 162.557px; height: 23px; text-align: center;\">55 * 40 * 23<\/td>\n<td style=\"width: 162.557px; height: 23px; text-align: center;\"><\/td>\n<td style=\"width: 162.557px; height: 23px; text-align: center;\">8 kg<\/td>\n<\/tr>\n<tr style=\"height: 23px;\">\n<td style=\"width: 160.739px; height: 23px; text-align: center;\">Tap Portugal<\/td>\n<td style=\"width: 162.557px; height: 23px; text-align: center;\">55 * 40 * 20<\/td>\n<td style=\"width: 162.557px; height: 23px; text-align: center;\"><\/td>\n<td style=\"width: 162.557px; height: 23px; text-align: center;\">10 kg<\/td>\n<\/tr>\n<tr style=\"height: 23px;\">\n<td style=\"width: 160.739px; height: 23px; text-align: center;\">Tarom<\/td>\n<td style=\"width: 162.557px; height: 23px; text-align: center;\">50 * 40 * 20<\/td>\n<td style=\"width: 162.557px; height: 23px; text-align: center;\"><\/td>\n<td style=\"width: 162.557px; height: 23px; text-align: center;\">10 kg<\/td>\n<\/tr>\n<tr style=\"height: 23px;\">\n<td style=\"width: 160.739px; height: 23px; text-align: center;\">Transavia<\/td>\n<td style=\"width: 162.557px; height: 23px; text-align: center;\">45 * 40 * 25<\/td>\n<td style=\"width: 162.557px; height: 23px; text-align: center;\"><\/td>\n<td style=\"width: 162.557px; height: 23px; text-align: center;\">10 kg<\/td>\n<\/tr>\n<tr style=\"height: 23px;\">\n<td style=\"width: 160.739px; height: 23px; text-align: center;\">Tui<\/td>\n<td style=\"width: 162.557px; height: 23px; text-align: center;\">55 * 40 * 20<\/td>\n<td style=\"width: 162.557px; height: 23px; text-align: center;\"><\/td>\n<td style=\"width: 162.557px; height: 23px; text-align: center;\">6 kg<\/td>\n<\/tr>\n<tr style=\"height: 23px;\">\n<td style=\"width: 160.739px; height: 23px; text-align: center;\">Tunisair<\/td>\n<td style=\"width: 162.557px; height: 23px; text-align: center;\">50 * 40 * 25<\/td>\n<td style=\"width: 162.557px; height: 23px; text-align: center;\"><\/td>\n<td style=\"width: 162.557px; height: 23px; text-align: center;\">8 kg<\/td>\n<\/tr>\n<tr style=\"height: 23px;\">\n<td style=\"width: 160.739px; height: 23px; text-align: center;\">Turkish Airlines<\/td>\n<td style=\"width: 162.557px; height: 23px; text-align: center;\">55 * 40 * 23<\/td>\n<td style=\"width: 162.557px; height: 23px; text-align: center;\"><\/td>\n<td style=\"width: 162.557px; height: 23px; text-align: center;\">8 kg<\/td>\n<\/tr>\n<tr style=\"height: 23px;\">\n<td style=\"width: 160.739px; height: 23px; text-align: center;\">United<\/td>\n<td style=\"width: 162.557px; height: 23px; text-align: center;\">55 * 35 * 22<\/td>\n<td style=\"width: 162.557px; height: 23px; text-align: center;\"><\/td>\n<td style=\"width: 162.557px; height: 23px; text-align: center;\">10 kg<\/td>\n<\/tr>\n<tr style=\"height: 23px;\">\n<td style=\"width: 160.739px; height: 23px; text-align: center;\">Volotea<\/td>\n<td style=\"width: 162.557px; height: 23px; text-align: center;\">55 * 40 * 20<\/td>\n<td style=\"width: 162.557px; height: 23px; text-align: center;\">35 * 20 * 20<\/td>\n<td style=\"width: 162.557px; height: 23px; text-align: center;\">10 kg<\/td>\n<\/tr>\n<tr style=\"height: 23px;\">\n<td style=\"width: 160.739px; height: 23px; text-align: center;\">Vueling<\/td>\n<td style=\"width: 162.557px; height: 23px; text-align: center;\">55 * 40 * 20<\/td>\n<td style=\"width: 162.557px; height: 23px; text-align: center;\">35 * 20 * 20<\/td>\n<td style=\"width: 162.557px; height: 23px; text-align: center;\">10 kg<\/td>\n<\/tr>\n<tr style=\"height: 23px;\">\n<td style=\"width: 160.739px; height: 23px; text-align: center;\">Wamos Air<\/td>\n<td style=\"width: 162.557px; height: 23px; text-align: center;\">55 * 40 * 20<\/td>\n<td style=\"width: 162.557px; height: 23px; text-align: center;\"><\/td>\n<td style=\"width: 162.557px; height: 23px; text-align: center;\">8 kg<\/td>\n<\/tr>\n<tr style=\"height: 23px;\">\n<td style=\"width: 160.739px; height: 23px; text-align: center;\">Wizz Air<\/td>\n<td style=\"width: 162.557px; height: 23px; text-align: center;\">42 * 32 * 25<\/td>\n<td style=\"width: 162.557px; height: 23px; text-align: center;\"><\/td>\n<td style=\"width: 162.557px; height: 23px; text-align: center;\">10 kg<\/td>\n<\/tr>\n<\/tbody>\n<\/table>\n<p>* Iberia engloba a las aerol\u00edneas del Grupo Iberia (Iberia, Iberia Express, Air Nostrum). *** Datos 2017, en el enlace anterior est\u00e1n las medidas 2025<\/p>\n<h2>Ten cuidado con la bolsa adicional a tu equipaje de mano<\/h2>\n<p><strong>No todas las aerol\u00edneas permiten bolsa adicional a tu maleta de mano.<\/strong> Las que te hemos indicado en la tabla s\u00ed. Otras permiten alg\u00fan bolso o cartera. Aseg\u00farate antes consultando en la web de la compa\u00f1\u00eda. Lo mejor es que te informes todo lo posible y cumplas con las normas de cada empresa.<\/p>\n<h2>Lo que tienes que saber para hacer una reclamaci\u00f3n de equipaje<\/h2>\n<p>\u00bfTe han perdido el equipaje o te lo han entregado con retraso? Podemos ayudarte. Consulta la <strong><a href=\"https:\/\/www.reclamador.es\/ayuda\/aerolineas\/que-documentacion-es-necesaria-para-una-reclamacion-por-equipaje\/\" target=\"_blank\" rel=\"noopener noreferrer\">documentaci\u00f3n que tienes que tener para hacer una reclamaci\u00f3n de equipaje<\/a><\/strong>. Nosotros s\u00f3lo cobramos si ganamos y no tienes que adelantar ni un euro. (Salvo que exista un incumplimiento o resoluci\u00f3n contractual por tu parte conforme a\u00a0<a href=\"https:\/\/www.reclamador.es\/condiciones-generales\/\" target=\"_blank\" rel=\"noopener noreferrer\">nuestras CCGG<\/a>).<\/p>\n<h2 style=\"text-align: center;\"><a class=\"button-lead\" href=\"https:\/\/www.reclamador.es\/aerolineas\/problemas-equipaje\/\">Si has tenido problemas con tu equipaje podemos asesorarte<\/a><\/h2>\n<div class=\"ttr_end\"><\/div>","protected":false},"excerpt":{"rendered":"<p>\u00bfSabes qu\u00e9 medidas tiene que tener tu equipaje de mano para que sea v\u00e1lido para la compa\u00f1\u00eda a\u00e9rea? \u00a0Pr\u00e1cticamente todas las aerol\u00edneas permiten alg\u00fan tipo de bulto como equipaje de mano sin pagar un extra en tu billete. Hay ocasiones en las que te pueden obligar a facturar (y pagar m\u00e1s in situ) porque tu [&hellip;]<\/p>\n","protected":false},"author":1,"featured_media":7411,"comment_status":"closed","ping_status":"open","sticky":false,"template":"","format":"standard","meta":{"_acf_changed":false,"_genesis_hide_title":false,"_genesis_hide_breadcrumbs":false,"_genesis_hide_singular_image":false,"_genesis_hide_footer_widgets":false,"_genesis_custom_body_class":"","_genesis_custom_post_class":"","_genesis_layout":"","_jetpack_newsletter_access":"","_jetpack_dont_email_post_to_subs":true,"_jetpack_newsletter_tier_id":0,"_jetpack_memberships_contains_paywalled_content":false,"_jetpack_memberships_contains_paid_content":false,"footnotes":""},"categories":[393],"tags":[380,654,289],"class_list":{"0":"post-7410","1":"post","2":"type-post","3":"status-publish","4":"format-standard","5":"has-post-thumbnail","7":"category-consejos","8":"tag-aerolineas","9":"tag-equipaje","10":"tag-reclamacion","11":"entry"},"acf":[],"yoast_head":"<!-- This site is optimized with the Yoast SEO plugin v27.4 - https:\/\/yoast.com\/product\/yoast-seo-wordpress\/ -->\n<title>Medidas Equipaje de Mano por Aerol\u00edneas<\/title>\n<meta name=\"description\" content=\"\u00bfVas a viajar y no sabes qu\u00e9 medida tiene que tener tu equipaje de mano? No te preocupes, te decimos las medidas y el peso en casi todas las aerol\u00edneas.\" \/>\n<meta name=\"robots\" content=\"index, follow, max-snippet:-1, max-image-preview:large, max-video-preview:-1\" \/>\n<link rel=\"canonical\" href=\"https:\/\/www.reclamador.es\/blog\/medidas-equipaje-de-mano\/\" \/>\n<meta property=\"og:locale\" content=\"es_ES\" \/>\n<meta property=\"og:type\" content=\"article\" \/>\n<meta property=\"og:title\" content=\"Medidas Equipaje de Mano por Aerol\u00edneas\" \/>\n<meta property=\"og:description\" content=\"\u00bfVas a viajar y no sabes qu\u00e9 medida tiene que tener tu equipaje de mano? No te preocupes, te decimos las medidas y el peso en casi todas las aerol\u00edneas.\" \/>\n<meta property=\"og:url\" content=\"https:\/\/www.reclamador.es\/blog\/medidas-equipaje-de-mano\/\" \/>\n<meta property=\"og:site_name\" content=\"Rebeldes con causa, el blog de reclamador.es\" \/>\n<meta property=\"article:publisher\" content=\"https:\/\/www.facebook.com\/reclamador.es\" \/>\n<meta property=\"article:published_time\" content=\"2017-04-03T15:07:04+00:00\" \/>\n<meta property=\"article:modified_time\" content=\"2025-11-14T15:26:31+00:00\" \/>\n<meta property=\"og:image\" content=\"https:\/\/www.reclamador.es\/blog\/wp-content\/uploads\/2017\/04\/IMG_0882.jpg\" \/>\n\t<meta property=\"og:image:width\" content=\"1200\" \/>\n\t<meta property=\"og:image:height\" content=\"800\" \/>\n\t<meta property=\"og:image:type\" content=\"image\/jpeg\" \/>\n<meta name=\"author\" content=\"Equipo reclamador\" \/>\n<meta name=\"twitter:card\" content=\"summary_large_image\" \/>\n<meta name=\"twitter:creator\" content=\"@reclamador\" \/>\n<meta name=\"twitter:site\" content=\"@reclamador\" \/>\n<meta name=\"twitter:label1\" content=\"Escrito por\" \/>\n\t<meta name=\"twitter:data1\" content=\"Equipo reclamador\" \/>\n\t<meta name=\"twitter:label2\" content=\"Tiempo de lectura\" \/>\n\t<meta name=\"twitter:data2\" content=\"6 minutos\" \/>\n<script type=\"application\/ld+json\" class=\"yoast-schema-graph\">{\"@context\":\"https:\\\/\\\/schema.org\",\"@graph\":[{\"@type\":\"Article\",\"@id\":\"https:\\\/\\\/www.reclamador.es\\\/blog\\\/medidas-equipaje-de-mano\\\/#article\",\"isPartOf\":{\"@id\":\"https:\\\/\\\/www.reclamador.es\\\/blog\\\/medidas-equipaje-de-mano\\\/\"},\"author\":{\"name\":\"Equipo reclamador\",\"@id\":\"https:\\\/\\\/www.reclamador.es\\\/blog\\\/#\\\/schema\\\/person\\\/1ed83eef8b6566cb5e4c812d9bc5c4bf\"},\"headline\":\"\u00bfQu\u00e9 medidas debe tener tu equipaje de mano?\",\"datePublished\":\"2017-04-03T15:07:04+00:00\",\"dateModified\":\"2025-11-14T15:26:31+00:00\",\"mainEntityOfPage\":{\"@id\":\"https:\\\/\\\/www.reclamador.es\\\/blog\\\/medidas-equipaje-de-mano\\\/\"},\"wordCount\":694,\"publisher\":{\"@id\":\"https:\\\/\\\/www.reclamador.es\\\/blog\\\/#organization\"},\"image\":{\"@id\":\"https:\\\/\\\/www.reclamador.es\\\/blog\\\/medidas-equipaje-de-mano\\\/#primaryimage\"},\"thumbnailUrl\":\"https:\\\/\\\/i0.wp.com\\\/www.reclamador.es\\\/blog\\\/wp-content\\\/uploads\\\/2017\\\/04\\\/IMG_0882.jpg?fit=1200%2C800&ssl=1\",\"keywords\":[\"aerol\u00edneas\",\"equipaje\",\"reclamaci\u00f3n\"],\"articleSection\":[\"Consejos legales\"],\"inLanguage\":\"es\"},{\"@type\":\"WebPage\",\"@id\":\"https:\\\/\\\/www.reclamador.es\\\/blog\\\/medidas-equipaje-de-mano\\\/\",\"url\":\"https:\\\/\\\/www.reclamador.es\\\/blog\\\/medidas-equipaje-de-mano\\\/\",\"name\":\"Medidas Equipaje de Mano por Aerol\u00edneas\",\"isPartOf\":{\"@id\":\"https:\\\/\\\/www.reclamador.es\\\/blog\\\/#website\"},\"primaryImageOfPage\":{\"@id\":\"https:\\\/\\\/www.reclamador.es\\\/blog\\\/medidas-equipaje-de-mano\\\/#primaryimage\"},\"image\":{\"@id\":\"https:\\\/\\\/www.reclamador.es\\\/blog\\\/medidas-equipaje-de-mano\\\/#primaryimage\"},\"thumbnailUrl\":\"https:\\\/\\\/i0.wp.com\\\/www.reclamador.es\\\/blog\\\/wp-content\\\/uploads\\\/2017\\\/04\\\/IMG_0882.jpg?fit=1200%2C800&ssl=1\",\"datePublished\":\"2017-04-03T15:07:04+00:00\",\"dateModified\":\"2025-11-14T15:26:31+00:00\",\"description\":\"\u00bfVas a viajar y no sabes qu\u00e9 medida tiene que tener tu equipaje de mano? No te preocupes, te decimos las medidas y el peso en casi todas las aerol\u00edneas.\",\"breadcrumb\":{\"@id\":\"https:\\\/\\\/www.reclamador.es\\\/blog\\\/medidas-equipaje-de-mano\\\/#breadcrumb\"},\"inLanguage\":\"es\",\"potentialAction\":[{\"@type\":\"ReadAction\",\"target\":[\"https:\\\/\\\/www.reclamador.es\\\/blog\\\/medidas-equipaje-de-mano\\\/\"]}]},{\"@type\":\"ImageObject\",\"inLanguage\":\"es\",\"@id\":\"https:\\\/\\\/www.reclamador.es\\\/blog\\\/medidas-equipaje-de-mano\\\/#primaryimage\",\"url\":\"https:\\\/\\\/i0.wp.com\\\/www.reclamador.es\\\/blog\\\/wp-content\\\/uploads\\\/2017\\\/04\\\/IMG_0882.jpg?fit=1200%2C800&ssl=1\",\"contentUrl\":\"https:\\\/\\\/i0.wp.com\\\/www.reclamador.es\\\/blog\\\/wp-content\\\/uploads\\\/2017\\\/04\\\/IMG_0882.jpg?fit=1200%2C800&ssl=1\",\"width\":1200,\"height\":800},{\"@type\":\"BreadcrumbList\",\"@id\":\"https:\\\/\\\/www.reclamador.es\\\/blog\\\/medidas-equipaje-de-mano\\\/#breadcrumb\",\"itemListElement\":[{\"@type\":\"ListItem\",\"position\":1,\"name\":\"Portada\",\"item\":\"https:\\\/\\\/www.reclamador.es\\\/blog\\\/\"},{\"@type\":\"ListItem\",\"position\":2,\"name\":\"\u00bfQu\u00e9 medidas debe tener tu equipaje de mano?\"}]},{\"@type\":\"WebSite\",\"@id\":\"https:\\\/\\\/www.reclamador.es\\\/blog\\\/#website\",\"url\":\"https:\\\/\\\/www.reclamador.es\\\/blog\\\/\",\"name\":\"Rebeldes con causa, el blog de reclamador.es\",\"description\":\"Noticias, entrevistas y consejos sobre reclamaciones\",\"publisher\":{\"@id\":\"https:\\\/\\\/www.reclamador.es\\\/blog\\\/#organization\"},\"potentialAction\":[{\"@type\":\"SearchAction\",\"target\":{\"@type\":\"EntryPoint\",\"urlTemplate\":\"https:\\\/\\\/www.reclamador.es\\\/blog\\\/?s={search_term_string}\"},\"query-input\":{\"@type\":\"PropertyValueSpecification\",\"valueRequired\":true,\"valueName\":\"search_term_string\"}}],\"inLanguage\":\"es\"},{\"@type\":\"Organization\",\"@id\":\"https:\\\/\\\/www.reclamador.es\\\/blog\\\/#organization\",\"name\":\"reclamador.es\",\"url\":\"https:\\\/\\\/www.reclamador.es\\\/blog\\\/\",\"logo\":{\"@type\":\"ImageObject\",\"inLanguage\":\"es\",\"@id\":\"https:\\\/\\\/www.reclamador.es\\\/blog\\\/#\\\/schema\\\/logo\\\/image\\\/\",\"url\":\"https:\\\/\\\/i0.wp.com\\\/www.reclamador.es\\\/blog\\\/wp-content\\\/uploads\\\/2020\\\/01\\\/logo-reclamador.png?fit=1200%2C144&ssl=1\",\"contentUrl\":\"https:\\\/\\\/i0.wp.com\\\/www.reclamador.es\\\/blog\\\/wp-content\\\/uploads\\\/2020\\\/01\\\/logo-reclamador.png?fit=1200%2C144&ssl=1\",\"width\":1200,\"height\":144,\"caption\":\"reclamador.es\"},\"image\":{\"@id\":\"https:\\\/\\\/www.reclamador.es\\\/blog\\\/#\\\/schema\\\/logo\\\/image\\\/\"},\"sameAs\":[\"https:\\\/\\\/www.facebook.com\\\/reclamador.es\",\"https:\\\/\\\/x.com\\\/reclamador\",\"https:\\\/\\\/www.instagram.com\\\/reclamador.es\\\/\",\"https:\\\/\\\/www.linkedin.com\\\/company\\\/reclamador-es\",\"https:\\\/\\\/www.youtube.com\\\/user\\\/Reclamadores\"]},{\"@type\":\"Person\",\"@id\":\"https:\\\/\\\/www.reclamador.es\\\/blog\\\/#\\\/schema\\\/person\\\/1ed83eef8b6566cb5e4c812d9bc5c4bf\",\"name\":\"Equipo reclamador\",\"image\":{\"@type\":\"ImageObject\",\"inLanguage\":\"es\",\"@id\":\"https:\\\/\\\/secure.gravatar.com\\\/avatar\\\/6442ecdc2c4472c600c113f34d340feca47107d6aa4f42f1e3e75a2a8e28a760?s=96&d=mm&r=g\",\"url\":\"https:\\\/\\\/secure.gravatar.com\\\/avatar\\\/6442ecdc2c4472c600c113f34d340feca47107d6aa4f42f1e3e75a2a8e28a760?s=96&d=mm&r=g\",\"contentUrl\":\"https:\\\/\\\/secure.gravatar.com\\\/avatar\\\/6442ecdc2c4472c600c113f34d340feca47107d6aa4f42f1e3e75a2a8e28a760?s=96&d=mm&r=g\",\"caption\":\"Equipo reclamador\"},\"description\":\"Las personas que hacen posible reclamador.es\",\"url\":\"https:\\\/\\\/www.reclamador.es\\\/blog\\\/author\\\/administrador\\\/\"}]}<\/script>\n<!-- \/ Yoast SEO plugin. -->","yoast_head_json":{"title":"Medidas Equipaje de Mano por Aerol\u00edneas","description":"\u00bfVas a viajar y no sabes qu\u00e9 medida tiene que tener tu equipaje de mano? No te preocupes, te decimos las medidas y el peso en casi todas las aerol\u00edneas.","robots":{"index":"index","follow":"follow","max-snippet":"max-snippet:-1","max-image-preview":"max-image-preview:large","max-video-preview":"max-video-preview:-1"},"canonical":"https:\/\/www.reclamador.es\/blog\/medidas-equipaje-de-mano\/","og_locale":"es_ES","og_type":"article","og_title":"Medidas Equipaje de Mano por Aerol\u00edneas","og_description":"\u00bfVas a viajar y no sabes qu\u00e9 medida tiene que tener tu equipaje de mano? No te preocupes, te decimos las medidas y el peso en casi todas las aerol\u00edneas.","og_url":"https:\/\/www.reclamador.es\/blog\/medidas-equipaje-de-mano\/","og_site_name":"Rebeldes con causa, el blog de reclamador.es","article_publisher":"https:\/\/www.facebook.com\/reclamador.es","article_published_time":"2017-04-03T15:07:04+00:00","article_modified_time":"2025-11-14T15:26:31+00:00","og_image":[{"width":1200,"height":800,"url":"https:\/\/www.reclamador.es\/blog\/wp-content\/uploads\/2017\/04\/IMG_0882.jpg","type":"image\/jpeg"}],"author":"Equipo reclamador","twitter_card":"summary_large_image","twitter_creator":"@reclamador","twitter_site":"@reclamador","twitter_misc":{"Escrito por":"Equipo reclamador","Tiempo de lectura":"6 minutos"},"schema":{"@context":"https:\/\/schema.org","@graph":[{"@type":"Article","@id":"https:\/\/www.reclamador.es\/blog\/medidas-equipaje-de-mano\/#article","isPartOf":{"@id":"https:\/\/www.reclamador.es\/blog\/medidas-equipaje-de-mano\/"},"author":{"name":"Equipo reclamador","@id":"https:\/\/www.reclamador.es\/blog\/#\/schema\/person\/1ed83eef8b6566cb5e4c812d9bc5c4bf"},"headline":"\u00bfQu\u00e9 medidas debe tener tu equipaje de mano?","datePublished":"2017-04-03T15:07:04+00:00","dateModified":"2025-11-14T15:26:31+00:00","mainEntityOfPage":{"@id":"https:\/\/www.reclamador.es\/blog\/medidas-equipaje-de-mano\/"},"wordCount":694,"publisher":{"@id":"https:\/\/www.reclamador.es\/blog\/#organization"},"image":{"@id":"https:\/\/www.reclamador.es\/blog\/medidas-equipaje-de-mano\/#primaryimage"},"thumbnailUrl":"https:\/\/i0.wp.com\/www.reclamador.es\/blog\/wp-content\/uploads\/2017\/04\/IMG_0882.jpg?fit=1200%2C800&ssl=1","keywords":["aerol\u00edneas","equipaje","reclamaci\u00f3n"],"articleSection":["Consejos legales"],"inLanguage":"es"},{"@type":"WebPage","@id":"https:\/\/www.reclamador.es\/blog\/medidas-equipaje-de-mano\/","url":"https:\/\/www.reclamador.es\/blog\/medidas-equipaje-de-mano\/","name":"Medidas Equipaje de Mano por Aerol\u00edneas","isPartOf":{"@id":"https:\/\/www.reclamador.es\/blog\/#website"},"primaryImageOfPage":{"@id":"https:\/\/www.reclamador.es\/blog\/medidas-equipaje-de-mano\/#primaryimage"},"image":{"@id":"https:\/\/www.reclamador.es\/blog\/medidas-equipaje-de-mano\/#primaryimage"},"thumbnailUrl":"https:\/\/i0.wp.com\/www.reclamador.es\/blog\/wp-content\/uploads\/2017\/04\/IMG_0882.jpg?fit=1200%2C800&ssl=1","datePublished":"2017-04-03T15:07:04+00:00","dateModified":"2025-11-14T15:26:31+00:00","description":"\u00bfVas a viajar y no sabes qu\u00e9 medida tiene que tener tu equipaje de mano? No te preocupes, te decimos las medidas y el peso en casi todas las aerol\u00edneas.","breadcrumb":{"@id":"https:\/\/www.reclamador.es\/blog\/medidas-equipaje-de-mano\/#breadcrumb"},"inLanguage":"es","potentialAction":[{"@type":"ReadAction","target":["https:\/\/www.reclamador.es\/blog\/medidas-equipaje-de-mano\/"]}]},{"@type":"ImageObject","inLanguage":"es","@id":"https:\/\/www.reclamador.es\/blog\/medidas-equipaje-de-mano\/#primaryimage","url":"https:\/\/i0.wp.com\/www.reclamador.es\/blog\/wp-content\/uploads\/2017\/04\/IMG_0882.jpg?fit=1200%2C800&ssl=1","contentUrl":"https:\/\/i0.wp.com\/www.reclamador.es\/blog\/wp-content\/uploads\/2017\/04\/IMG_0882.jpg?fit=1200%2C800&ssl=1","width":1200,"height":800},{"@type":"BreadcrumbList","@id":"https:\/\/www.reclamador.es\/blog\/medidas-equipaje-de-mano\/#breadcrumb","itemListElement":[{"@type":"ListItem","position":1,"name":"Portada","item":"https:\/\/www.reclamador.es\/blog\/"},{"@type":"ListItem","position":2,"name":"\u00bfQu\u00e9 medidas debe tener tu equipaje de mano?"}]},{"@type":"WebSite","@id":"https:\/\/www.reclamador.es\/blog\/#website","url":"https:\/\/www.reclamador.es\/blog\/","name":"Rebeldes con causa, el blog de reclamador.es","description":"Noticias, entrevistas y consejos sobre reclamaciones","publisher":{"@id":"https:\/\/www.reclamador.es\/blog\/#organization"},"potentialAction":[{"@type":"SearchAction","target":{"@type":"EntryPoint","urlTemplate":"https:\/\/www.reclamador.es\/blog\/?s={search_term_string}"},"query-input":{"@type":"PropertyValueSpecification","valueRequired":true,"valueName":"search_term_string"}}],"inLanguage":"es"},{"@type":"Organization","@id":"https:\/\/www.reclamador.es\/blog\/#organization","name":"reclamador.es","url":"https:\/\/www.reclamador.es\/blog\/","logo":{"@type":"ImageObject","inLanguage":"es","@id":"https:\/\/www.reclamador.es\/blog\/#\/schema\/logo\/image\/","url":"https:\/\/i0.wp.com\/www.reclamador.es\/blog\/wp-content\/uploads\/2020\/01\/logo-reclamador.png?fit=1200%2C144&ssl=1","contentUrl":"https:\/\/i0.wp.com\/www.reclamador.es\/blog\/wp-content\/uploads\/2020\/01\/logo-reclamador.png?fit=1200%2C144&ssl=1","width":1200,"height":144,"caption":"reclamador.es"},"image":{"@id":"https:\/\/www.reclamador.es\/blog\/#\/schema\/logo\/image\/"},"sameAs":["https:\/\/www.facebook.com\/reclamador.es","https:\/\/x.com\/reclamador","https:\/\/www.instagram.com\/reclamador.es\/","https:\/\/www.linkedin.com\/company\/reclamador-es","https:\/\/www.youtube.com\/user\/Reclamadores"]},{"@type":"Person","@id":"https:\/\/www.reclamador.es\/blog\/#\/schema\/person\/1ed83eef8b6566cb5e4c812d9bc5c4bf","name":"Equipo reclamador","image":{"@type":"ImageObject","inLanguage":"es","@id":"https:\/\/secure.gravatar.com\/avatar\/6442ecdc2c4472c600c113f34d340feca47107d6aa4f42f1e3e75a2a8e28a760?s=96&d=mm&r=g","url":"https:\/\/secure.gravatar.com\/avatar\/6442ecdc2c4472c600c113f34d340feca47107d6aa4f42f1e3e75a2a8e28a760?s=96&d=mm&r=g","contentUrl":"https:\/\/secure.gravatar.com\/avatar\/6442ecdc2c4472c600c113f34d340feca47107d6aa4f42f1e3e75a2a8e28a760?s=96&d=mm&r=g","caption":"Equipo reclamador"},"description":"Las personas que hacen posible reclamador.es","url":"https:\/\/www.reclamador.es\/blog\/author\/administrador\/"}]}},"jetpack_featured_media_url":"https:\/\/i0.wp.com\/www.reclamador.es\/blog\/wp-content\/uploads\/2017\/04\/IMG_0882.jpg?fit=1200%2C800&ssl=1","jetpack-related-posts":[{"id":31540,"url":"https:\/\/www.reclamador.es\/blog\/novedades-cobro-equipaje-mano\/","url_meta":{"origin":7410,"position":0},"title":"Novedades sobre las pol\u00edticas de cobro de equipaje de mano de las aerol\u00edneas","author":"Alicia Ria\u00f1o","date":"20 octubre, 2023","format":false,"excerpt":"Seguro que has escuchado o le\u00eddo en los \u00faltimos d\u00edas cantidad de informaci\u00f3n sobre un pronunciamiento en Europa sobre las pol\u00edticas de cobro de equipaje de mano de las aerol\u00edneas. En reclamador.es hemos analizado la situaci\u00f3n y te explicamos de manera muy f\u00e1cil qu\u00e9 ha pasado y c\u00f3mo te afecta\u2026","rel":"","context":"En \u00abNoticias y actualidad\u00bb","block_context":{"text":"Noticias y actualidad","link":"https:\/\/www.reclamador.es\/blog\/noticias\/"},"img":{"alt_text":"cobro de equipaje de mano","src":"https:\/\/i0.wp.com\/www.reclamador.es\/blog\/wp-content\/uploads\/2023\/10\/cobro-de-equipaje-de-mano.jpg?fit=1200%2C797&ssl=1&resize=350%2C200","width":350,"height":200,"srcset":"https:\/\/i0.wp.com\/www.reclamador.es\/blog\/wp-content\/uploads\/2023\/10\/cobro-de-equipaje-de-mano.jpg?fit=1200%2C797&ssl=1&resize=350%2C200 1x, https:\/\/i0.wp.com\/www.reclamador.es\/blog\/wp-content\/uploads\/2023\/10\/cobro-de-equipaje-de-mano.jpg?fit=1200%2C797&ssl=1&resize=525%2C300 1.5x, https:\/\/i0.wp.com\/www.reclamador.es\/blog\/wp-content\/uploads\/2023\/10\/cobro-de-equipaje-de-mano.jpg?fit=1200%2C797&ssl=1&resize=700%2C400 2x, https:\/\/i0.wp.com\/www.reclamador.es\/blog\/wp-content\/uploads\/2023\/10\/cobro-de-equipaje-de-mano.jpg?fit=1200%2C797&ssl=1&resize=1050%2C600 3x"},"classes":[]},{"id":33697,"url":"https:\/\/www.reclamador.es\/blog\/maleta-de-mano-a-bodega-reclamar-si-llega-rota\/","url_meta":{"origin":7410,"position":1},"title":"Si bajan tu maleta de mano a bodega: \u00bfPuedes reclamar si llega rota?","author":"Alicia Ria\u00f1o","date":"7 febrero, 2025","format":false,"excerpt":"\u00bfCu\u00e1ntas veces no han llegado al embarque del avi\u00f3n y has visto que el personal de tierra de la aerol\u00ednea est\u00e1 entregando talones de equipaje a los viajeros de ese vuelo porque no entran m\u00e1s maletas de mano en el interior del avi\u00f3n? Pues bien, que bajen una maleta de\u2026","rel":"","context":"En \u00abConsejos legales\u00bb","block_context":{"text":"Consejos legales","link":"https:\/\/www.reclamador.es\/blog\/consejos\/"},"img":{"alt_text":"reclamar si la maleta de mano la bajan a bodega y llega rota","src":"https:\/\/i0.wp.com\/www.reclamador.es\/blog\/wp-content\/uploads\/2025\/02\/si-bajan-la-maleta-de-mano-a-bodega-1200x630-1.jpg?resize=350%2C200&ssl=1","width":350,"height":200,"srcset":"https:\/\/i0.wp.com\/www.reclamador.es\/blog\/wp-content\/uploads\/2025\/02\/si-bajan-la-maleta-de-mano-a-bodega-1200x630-1.jpg?resize=350%2C200&ssl=1 1x, https:\/\/i0.wp.com\/www.reclamador.es\/blog\/wp-content\/uploads\/2025\/02\/si-bajan-la-maleta-de-mano-a-bodega-1200x630-1.jpg?resize=525%2C300&ssl=1 1.5x, https:\/\/i0.wp.com\/www.reclamador.es\/blog\/wp-content\/uploads\/2025\/02\/si-bajan-la-maleta-de-mano-a-bodega-1200x630-1.jpg?resize=700%2C400&ssl=1 2x, https:\/\/i0.wp.com\/www.reclamador.es\/blog\/wp-content\/uploads\/2025\/02\/si-bajan-la-maleta-de-mano-a-bodega-1200x630-1.jpg?resize=1050%2C600&ssl=1 3x"},"classes":[]},{"id":33953,"url":"https:\/\/www.reclamador.es\/blog\/se-puede-llevar-paraguas-en-el-avion-equipaje-de-mano-y-facturado\/","url_meta":{"origin":7410,"position":2},"title":"\u00bfSe puede llevar paraguas en el avi\u00f3n? Equipaje de mano y facturado","author":"Equipo reclamador","date":"8 abril, 2025","format":false,"excerpt":"\u00bfQui\u00e9n no se ha ido de viaje y ha pensado en llevarse un paraguas porque en el destino la previsi\u00f3n meteorol\u00f3gica da altas probabilidades de lluvia? Cuando el trayecto es en coche, tren o autob\u00fas no hay dudas, pero cuando se trata de un viaje en avi\u00f3n s\u00ed surge la\u2026","rel":"","context":"En \u00abConsejos legales\u00bb","block_context":{"text":"Consejos legales","link":"https:\/\/www.reclamador.es\/blog\/consejos\/"},"img":{"alt_text":"se puede llevar paraguas en el equipaje de mano","src":"https:\/\/i0.wp.com\/www.reclamador.es\/blog\/wp-content\/uploads\/2025\/04\/paraguas-en-el-avion-1200x630-1.jpg?fit=1200%2C630&ssl=1&resize=350%2C200","width":350,"height":200,"srcset":"https:\/\/i0.wp.com\/www.reclamador.es\/blog\/wp-content\/uploads\/2025\/04\/paraguas-en-el-avion-1200x630-1.jpg?fit=1200%2C630&ssl=1&resize=350%2C200 1x, https:\/\/i0.wp.com\/www.reclamador.es\/blog\/wp-content\/uploads\/2025\/04\/paraguas-en-el-avion-1200x630-1.jpg?fit=1200%2C630&ssl=1&resize=525%2C300 1.5x, https:\/\/i0.wp.com\/www.reclamador.es\/blog\/wp-content\/uploads\/2025\/04\/paraguas-en-el-avion-1200x630-1.jpg?fit=1200%2C630&ssl=1&resize=700%2C400 2x, https:\/\/i0.wp.com\/www.reclamador.es\/blog\/wp-content\/uploads\/2025\/04\/paraguas-en-el-avion-1200x630-1.jpg?fit=1200%2C630&ssl=1&resize=1050%2C600 3x"},"classes":[]},{"id":35260,"url":"https:\/\/www.reclamador.es\/blog\/equipaje-de-mano-gratuito-aerolineas-medidas-exactas\/","url_meta":{"origin":7410,"position":3},"title":"Equipaje de mano gratuito en Ryanair, Vueling, easyJet, Iberia\u2026 Medidas exactas 2025 y 2026","author":"Alicia Ria\u00f1o","date":"14 noviembre, 2025","format":false,"excerpt":"Las pol\u00edticas de equipaje de mano est\u00e1n cambiando en muchas aerol\u00edneas, especialmente en las de bajo coste. Sin entrar a debatir o analizar sobre el asunto, en este art\u00edculo vamos a informar de las medidas del equipaje de mano gratuito en las aerol\u00edneas que m\u00e1s pasajeros transportan en Espa\u00f1a o\u2026","rel":"","context":"En \u00abConsejos legales\u00bb","block_context":{"text":"Consejos legales","link":"https:\/\/www.reclamador.es\/blog\/consejos\/"},"img":{"alt_text":"medidas equipaje de mano gratis por aerolinea","src":"https:\/\/i0.wp.com\/www.reclamador.es\/blog\/wp-content\/uploads\/2025\/11\/medidas-equipaje-de-mano-gratis-por-aerolinea.jpg?fit=1200%2C630&ssl=1&resize=350%2C200","width":350,"height":200,"srcset":"https:\/\/i0.wp.com\/www.reclamador.es\/blog\/wp-content\/uploads\/2025\/11\/medidas-equipaje-de-mano-gratis-por-aerolinea.jpg?fit=1200%2C630&ssl=1&resize=350%2C200 1x, https:\/\/i0.wp.com\/www.reclamador.es\/blog\/wp-content\/uploads\/2025\/11\/medidas-equipaje-de-mano-gratis-por-aerolinea.jpg?fit=1200%2C630&ssl=1&resize=525%2C300 1.5x, https:\/\/i0.wp.com\/www.reclamador.es\/blog\/wp-content\/uploads\/2025\/11\/medidas-equipaje-de-mano-gratis-por-aerolinea.jpg?fit=1200%2C630&ssl=1&resize=700%2C400 2x, https:\/\/i0.wp.com\/www.reclamador.es\/blog\/wp-content\/uploads\/2025\/11\/medidas-equipaje-de-mano-gratis-por-aerolinea.jpg?fit=1200%2C630&ssl=1&resize=1050%2C600 3x"},"classes":[]},{"id":34301,"url":"https:\/\/www.reclamador.es\/blog\/mejores-tipos-de-maletas-segun-tu-viaje\/","url_meta":{"origin":7410,"position":4},"title":"Los mejores tipos de maletas seg\u00fan tu viaje","author":"Alicia Ria\u00f1o","date":"23 mayo, 2025","format":false,"excerpt":"Dadas las cada vez m\u00e1s restrictivas pol\u00edticas de equipaje de las aerol\u00edneas, as\u00ed como los diferentes tipos de bolsas, mochilas y maletas existentes y permitidas seg\u00fan cada tarifa y cada compa\u00f1\u00eda a\u00e9rea, vamos a abordar en este art\u00edculo los mejores tipos de maletas seg\u00fan tu viaje.\u00a0 Maleta de mano: la\u2026","rel":"","context":"En \u00abConsejos legales\u00bb","block_context":{"text":"Consejos legales","link":"https:\/\/www.reclamador.es\/blog\/consejos\/"},"img":{"alt_text":"tipos de maletas para volar","src":"https:\/\/i0.wp.com\/www.reclamador.es\/blog\/wp-content\/uploads\/2025\/05\/los-mejores-tipos-de-maletas-segun-tu-viaje-1200x630-1.jpg?fit=1200%2C630&ssl=1&resize=350%2C200","width":350,"height":200,"srcset":"https:\/\/i0.wp.com\/www.reclamador.es\/blog\/wp-content\/uploads\/2025\/05\/los-mejores-tipos-de-maletas-segun-tu-viaje-1200x630-1.jpg?fit=1200%2C630&ssl=1&resize=350%2C200 1x, https:\/\/i0.wp.com\/www.reclamador.es\/blog\/wp-content\/uploads\/2025\/05\/los-mejores-tipos-de-maletas-segun-tu-viaje-1200x630-1.jpg?fit=1200%2C630&ssl=1&resize=525%2C300 1.5x, https:\/\/i0.wp.com\/www.reclamador.es\/blog\/wp-content\/uploads\/2025\/05\/los-mejores-tipos-de-maletas-segun-tu-viaje-1200x630-1.jpg?fit=1200%2C630&ssl=1&resize=700%2C400 2x, https:\/\/i0.wp.com\/www.reclamador.es\/blog\/wp-content\/uploads\/2025\/05\/los-mejores-tipos-de-maletas-segun-tu-viaje-1200x630-1.jpg?fit=1200%2C630&ssl=1&resize=1050%2C600 3x"},"classes":[]},{"id":34771,"url":"https:\/\/www.reclamador.es\/blog\/como-llevar-una-sombrilla-de-playa-en-el-avion\/","url_meta":{"origin":7410,"position":5},"title":"\u00bfC\u00f3mo llevar una sombrilla de playa en el avi\u00f3n?","author":"Itziar Sanchez","date":"20 agosto, 2025","format":false,"excerpt":"Seguro que si te vas de vacaciones en avi\u00f3n a un destino de playa o vas a volver de tus vacaciones donde te has comprado una sombrilla para resguardarte del sol en la playa, te has planteado c\u00f3mo llevar una sombrilla en el avi\u00f3n. En este blog ya explicamos que,\u2026","rel":"","context":"En \u00abConsejos legales\u00bb","block_context":{"text":"Consejos legales","link":"https:\/\/www.reclamador.es\/blog\/consejos\/"},"img":{"alt_text":"sombrilla de playa en el avi\u00f3n","src":"https:\/\/i0.wp.com\/www.reclamador.es\/blog\/wp-content\/uploads\/2025\/08\/se-puede-llevar-una-sombrilla-en-el-avion-reclamador.jpg?fit=1200%2C630&ssl=1&resize=350%2C200","width":350,"height":200,"srcset":"https:\/\/i0.wp.com\/www.reclamador.es\/blog\/wp-content\/uploads\/2025\/08\/se-puede-llevar-una-sombrilla-en-el-avion-reclamador.jpg?fit=1200%2C630&ssl=1&resize=350%2C200 1x, https:\/\/i0.wp.com\/www.reclamador.es\/blog\/wp-content\/uploads\/2025\/08\/se-puede-llevar-una-sombrilla-en-el-avion-reclamador.jpg?fit=1200%2C630&ssl=1&resize=525%2C300 1.5x, https:\/\/i0.wp.com\/www.reclamador.es\/blog\/wp-content\/uploads\/2025\/08\/se-puede-llevar-una-sombrilla-en-el-avion-reclamador.jpg?fit=1200%2C630&ssl=1&resize=700%2C400 2x, https:\/\/i0.wp.com\/www.reclamador.es\/blog\/wp-content\/uploads\/2025\/08\/se-puede-llevar-una-sombrilla-en-el-avion-reclamador.jpg?fit=1200%2C630&ssl=1&resize=1050%2C600 3x"},"classes":[]}],"jetpack_sharing_enabled":true,"_links":{"self":[{"href":"https:\/\/www.reclamador.es\/blog\/wp-json\/wp\/v2\/posts\/7410","targetHints":{"allow":["GET"]}}],"collection":[{"href":"https:\/\/www.reclamador.es\/blog\/wp-json\/wp\/v2\/posts"}],"about":[{"href":"https:\/\/www.reclamador.es\/blog\/wp-json\/wp\/v2\/types\/post"}],"author":[{"embeddable":true,"href":"https:\/\/www.reclamador.es\/blog\/wp-json\/wp\/v2\/users\/1"}],"replies":[{"embeddable":true,"href":"https:\/\/www.reclamador.es\/blog\/wp-json\/wp\/v2\/comments?post=7410"}],"version-history":[{"count":17,"href":"https:\/\/www.reclamador.es\/blog\/wp-json\/wp\/v2\/posts\/7410\/revisions"}],"predecessor-version":[{"id":35273,"href":"https:\/\/www.reclamador.es\/blog\/wp-json\/wp\/v2\/posts\/7410\/revisions\/35273"}],"wp:featuredmedia":[{"embeddable":true,"href":"https:\/\/www.reclamador.es\/blog\/wp-json\/wp\/v2\/media\/7411"}],"wp:attachment":[{"href":"https:\/\/www.reclamador.es\/blog\/wp-json\/wp\/v2\/media?parent=7410"}],"wp:term":[{"taxonomy":"category","embeddable":true,"href":"https:\/\/www.reclamador.es\/blog\/wp-json\/wp\/v2\/categories?post=7410"},{"taxonomy":"post_tag","embeddable":true,"href":"https:\/\/www.reclamador.es\/blog\/wp-json\/wp\/v2\/tags?post=7410"}],"curies":[{"name":"wp","href":"https:\/\/api.w.org\/{rel}","templated":true}]}}