{"id":7214,"date":"2017-03-29T13:00:44","date_gmt":"2017-03-29T11:00:44","guid":{"rendered":"https:\/\/www.reclamador.es\/blog\/?p=7214"},"modified":"2022-11-24T16:11:50","modified_gmt":"2022-11-24T15:11:50","slug":"cuando-ganas-da-una-satisfaccion-inmensa-decir-toma-vueling","status":"publish","type":"post","link":"https:\/\/www.reclamador.es\/blog\/cuando-ganas-da-una-satisfaccion-inmensa-decir-toma-vueling\/","title":{"rendered":"\u201cCuando ganas da una satisfacci\u00f3n inmensa decir: \u00a1toma vueling!\u201d"},"content":{"rendered":"<div class=\"ttr_start\"><\/div>\n\n<div class=\"kk-star-ratings kksr-auto kksr-align-right kksr-valign-top\"\n    data-payload='{&quot;align&quot;:&quot;right&quot;,&quot;id&quot;:&quot;7214&quot;,&quot;slug&quot;:&quot;default&quot;,&quot;valign&quot;:&quot;top&quot;,&quot;ignore&quot;:&quot;&quot;,&quot;reference&quot;:&quot;auto&quot;,&quot;class&quot;:&quot;&quot;,&quot;count&quot;:&quot;1&quot;,&quot;legendonly&quot;:&quot;&quot;,&quot;readonly&quot;:&quot;&quot;,&quot;score&quot;:&quot;5&quot;,&quot;starsonly&quot;:&quot;&quot;,&quot;best&quot;:&quot;5&quot;,&quot;gap&quot;:&quot;3&quot;,&quot;greet&quot;:&quot;Valora este art\u00edculo&quot;,&quot;legend&quot;:&quot;5\\\/5 - (1 voto)&quot;,&quot;size&quot;:&quot;20&quot;,&quot;title&quot;:&quot;\u201cCuando ganas da una satisfacci\u00f3n inmensa decir: \u00a1toma vueling!\u201d&quot;,&quot;width&quot;:&quot;113.5&quot;,&quot;_legend&quot;:&quot;{score}\\\/{best} - ({count} {votes})&quot;,&quot;font_factor&quot;:&quot;1.25&quot;}'>\n            \n<div class=\"kksr-stars\">\n    \n<div class=\"kksr-stars-inactive\">\n            <div class=\"kksr-star\" data-star=\"1\" style=\"padding-right: 3px\">\n            \n\n<div class=\"kksr-icon\" style=\"width: 20px; height: 20px;\"><\/div>\n        <\/div>\n            <div class=\"kksr-star\" data-star=\"2\" style=\"padding-right: 3px\">\n            \n\n<div class=\"kksr-icon\" style=\"width: 20px; height: 20px;\"><\/div>\n        <\/div>\n            <div class=\"kksr-star\" data-star=\"3\" style=\"padding-right: 3px\">\n            \n\n<div class=\"kksr-icon\" style=\"width: 20px; height: 20px;\"><\/div>\n        <\/div>\n            <div class=\"kksr-star\" data-star=\"4\" style=\"padding-right: 3px\">\n            \n\n<div class=\"kksr-icon\" style=\"width: 20px; height: 20px;\"><\/div>\n        <\/div>\n            <div class=\"kksr-star\" data-star=\"5\" style=\"padding-right: 3px\">\n            \n\n<div class=\"kksr-icon\" style=\"width: 20px; height: 20px;\"><\/div>\n        <\/div>\n    <\/div>\n    \n<div class=\"kksr-stars-active\" style=\"width: 113.5px;\">\n            <div class=\"kksr-star\" style=\"padding-right: 3px\">\n            \n\n<div class=\"kksr-icon\" style=\"width: 20px; height: 20px;\"><\/div>\n        <\/div>\n            <div class=\"kksr-star\" style=\"padding-right: 3px\">\n            \n\n<div class=\"kksr-icon\" style=\"width: 20px; height: 20px;\"><\/div>\n        <\/div>\n            <div class=\"kksr-star\" style=\"padding-right: 3px\">\n            \n\n<div class=\"kksr-icon\" style=\"width: 20px; height: 20px;\"><\/div>\n        <\/div>\n            <div class=\"kksr-star\" style=\"padding-right: 3px\">\n            \n\n<div class=\"kksr-icon\" style=\"width: 20px; height: 20px;\"><\/div>\n        <\/div>\n            <div class=\"kksr-star\" style=\"padding-right: 3px\">\n            \n\n<div class=\"kksr-icon\" style=\"width: 20px; height: 20px;\"><\/div>\n        <\/div>\n    <\/div>\n<\/div>\n                \n\n<div class=\"kksr-legend\" style=\"font-size: 16px;\">\n            5\/5 - (1 voto)    <\/div>\n    <\/div>\n<figure><img data-recalc-dims=\"1\" loading=\"lazy\" decoding=\"async\" class=\"size-full wp-image-6601\" src=\"https:\/\/i0.wp.com\/www.reclamador.es\/blog\/wp-content\/uploads\/2016\/09\/GettyImages-499641279-1.jpg?resize=1200%2C795&#038;ssl=1\" alt=\"avi\u00f3n de vueling. foto de reclamador.es\" width=\"1200\" height=\"795\" srcset=\"https:\/\/i0.wp.com\/www.reclamador.es\/blog\/wp-content\/uploads\/2016\/09\/GettyImages-499641279-1.jpg?w=1200&amp;ssl=1 1200w, https:\/\/i0.wp.com\/www.reclamador.es\/blog\/wp-content\/uploads\/2016\/09\/GettyImages-499641279-1.jpg?resize=300%2C199&amp;ssl=1 300w, https:\/\/i0.wp.com\/www.reclamador.es\/blog\/wp-content\/uploads\/2016\/09\/GettyImages-499641279-1.jpg?resize=768%2C509&amp;ssl=1 768w\" sizes=\"auto, (max-width: 1000px) 100vw, 1000px\" \/><\/figure>\n<p><strong>\u201cCuando ves que has ganado y que recibes la indemnizaci\u00f3n\u00a0da una satisfacci\u00f3n\u00a0inmensa decir: \u00a0\u00a1toma vueling!\u201d<\/strong>. As\u00ed nos resume Lien Muguercia su experiencia tras reclamar con nosotros un retraso en un vuelo. Esta semana, tras sumar una victoria m\u00e1s contra las aerol\u00edneas, hemos querido darle voz para que conozcas su caso. Lien ha conseguido 250\u20ac de indemnizaci\u00f3n. Siguiendo con nuestra secci\u00f3n de entrevistas, hablamos con Lien:<\/p>\n<h2><strong>Hola Lien. Antes que nada, \u00a1enhorabuena!\u00a0Cu\u00e9ntanos, \u00bfc\u00f3mo te enteraste del retraso del vuelo de\u00a0\u200bNantes\u00a0a\u00a0\u200bBarcelona con vueling?<\/strong><\/h2>\n<p><strong>En el aeropuerto<\/strong>, pero ya hab\u00edamos\u00a0tenido problemas en el vuelo de ida Barcelona\u2013Nantes. Por eso, cuando nos informaron de que el vuelo de regreso Nantes-Barcelona saldr\u00eda\u00a0con retraso\u2026 \u00a1no nos lo pod\u00edamos creer!<\/p>\n<h2><strong>\u00bfY despu\u00e9s de saber que tu vuelo saldr\u00eda m\u00e1s tarde de lo previsto qu\u00e9 pas\u00f3? \u00bfLa aerol\u00ednea os dio comida, agua&#8230;?<\/strong><\/h2>\n<p>Despu\u00e9s de eso <strong>pasaron dos horas sin que nadie nos informara de nada<\/strong>, sin darnos respuestas a nuestras preguntas, sin tan siquiera brindarnos una botella de agua&#8230; Lo \u00fanico\u00a0que nos dec\u00edan\u00a0era <em>\"ha habido un problema t\u00e9cnico, debemos esperar\"<\/em>. A continuaci\u00f3n, nos explicaron que el avi\u00f3n que har\u00eda\u00a0nuestro trayecto era el mismo que ven\u00eda de otro recorrido y que por problemas t\u00e9cnicos\u00a0no hab\u00eda\u00a0podido despegar a\u00fan de su origen.<\/p>\n<blockquote><p>Llegamos a Barcelona pasada la medianoche, adi\u00f3s\u00a0reserva de tren, correspondencia, etc. y ah\u00ed\u00a0fue cuando me dije: \"debo hacer algo, esto no se puede quedar aqu\u00ed\".<\/p><\/blockquote>\n<p><strong>El personal de vueling no se mostr\u00f3\u00a0atento y menos a\u00fan amables, hab\u00eda\u00a0ni\u00f1os en el vuelo y ni siquiera eso les sensibiliz\u00f3&#8230;<\/strong> En fin, despu\u00e9s\u00a0de una larga espera, el avi\u00f3n lleg\u00f3, la tripulaci\u00f3n\u00a0se prepar\u00f3, se limpi\u00f3 al avi\u00f3n y finalmente embarcamos. <strong>Fuimos los \u00faltimos\u00a0en despegar esa noche del aeropuerto<\/strong> Nantes-Atlantique. Llegamos a Barcelona pasada la medianoche, adi\u00f3s\u00a0reserva de tren, correspondencia&#8230; Y ah\u00ed\u00a0fue cuando me dije:\u00a0<em><strong>\"debo hacer algo, esto no se puede quedar aqu\u00ed\".<\/strong><strong>\u00a0<\/strong><\/em><\/p>\n<h2><strong>\u00bfConoc\u00edas reclamador Lien?<\/strong><\/h2>\n<p>No conoc\u00eda reclamador ni tampoco sus servicios.<\/p>\n<figure><img data-recalc-dims=\"1\" loading=\"lazy\" decoding=\"async\" class=\"aligncenter small-image\" src=\"https:\/\/i0.wp.com\/www.reclamador.es\/blog\/wp-content\/uploads\/2017\/03\/lien-2.jpg?resize=193%2C300&#038;ssl=1\" alt=\"&quot;lien,\" width=\"193\" height=\"300\" \/><\/figure>\n<h2><strong>\u00bfEntonces c\u00f3mo llegaste a nosotros?<\/strong><\/h2>\n<p><strong>A trav\u00e9s de un amigo<\/strong> que hab\u00eda\u00a0ganado una disputa con ellos (en referencia a vueling) anteriormente. Fue \u00e9l quien me recomend\u00f3 vuestros servicios.<\/p>\n<h2><strong>\u00bfConfiabas en nosotros?<\/strong><\/h2>\n<p><strong>Al principio estaba un poco esc\u00e9ptica<\/strong>, pero m\u00e1s por el lado de vueling. Este tipo de \"incidentes\", como ellos lo llaman, suelen ser frecuentes y muchas veces, los usuarios no tenemos el tiempo ni deseo de comenzar una pelea contra una empresa.<\/p>\n<h2><strong>Lien, \u00bfc\u00f3mo\u00a0ha sido el proceso de reclamar en nuestra web? \u00bfTe result\u00f3\u200b\u00a0f\u00e1cil el formulario de retraso?<\/strong><\/h2>\n<p>S\u00ed. Adem\u00e1s, gracias a reclamador me pude concentrar en mis cosas. <strong>reclamador se encarg\u00f3 de todo, solicit\u00e1ndome\u00a0a cada momento la informaci\u00f3n\u00a0que necesitaba e inform\u00e1ndome\u00a0del estado de la reclamaci\u00f3n<\/strong>. Fue un camino largo, de casi tres\u00a0a\u00f1os, pero lo logramos, <strong>\u00a1les ganamos!<\/strong><\/p>\n<h2><strong>Una pregunta m\u00e1s comprometida pero necesaria: cuando comenzaste, \u00bfcre\u00edas que ibas a\u00a0ganar la reclamaci\u00f3n?<\/strong><\/h2>\n<p>No hab\u00eda\u00a0puesto muchas esperanzas en ganar o no. <strong>M\u00e1s que nada me interesaba que vueling no se saliera con la suya, que sintieran que reclam\u00e1bamos\u00a0porque es nuestro derecho<\/strong>, porque lo que hicieron no est\u00e1 bien, y menos a\u00fan la manera en que lo manejaron todo.<\/p>\n<p>Estoy segura de que si nos hubiesen tratado con respeto y consideraci\u00f3n\u00a0aquella noche yo no hubiese ni siquiera iniciado una reclamaci\u00f3n, pero precisamente<strong> la insensibilidad fue lo que m\u00e1s me molest\u00f3<\/strong>.<\/p>\n<h2>\u00bfQu\u00e9 le dir\u00edas a quienes\u00a0se encuentren en tu misma situaci\u00f3n?<\/h2>\n<p><strong>Que reclam\u00e9is.<\/strong> No perd\u00e9is\u00a0nada, al contrario. M\u00e1s que por el dinero, <strong>hacedlo por nosotros mismos<\/strong>, por el futuro.<\/p>\n<blockquote><p>Si las compa\u00f1\u00edas suelen salirse con la suya es porque no ejercemos nuestros derechos de reclamaci\u00f3n\u00a0c\u00f3mo y cu\u00e1ndo deber\u00edamos.<\/p><\/blockquote>\n<p>Si no ten\u00e9is\u00a0tiempo o no sab\u00e9is\u00a0como proceder confiad en reclamador. En caso contrario, hacedlo por vuestra cuenta, \u00a1pero reclamad!<\/p>\n<h2>\u00bfDeseas a\u00f1adir algo m\u00e1s?<\/h2>\n<p>S\u00ed, que aunque sea a los tres a\u00f1os, cuando ves que has ganado y que recibes la indemnizaci\u00f3n\u00a0da una satisfacci\u00f3n\u00a0inmensa decir: \u201c\u00a1toma vueling!\u201d.<\/p>\n<h2><strong>Muchas gracias por concedernos esta entrevista Lien y, sobre todo, por confiar en nosotros y seguir adelante todo este tiempo sin desanimarte en un proceso que se ha alargado m\u00e1s de lo habitual.<\/strong><\/h2>\n<h6 style=\"text-align: center;\"><strong>Si has reclamado con nosotros y quieres contarnos hu historia, escr\u00edbenos a comunicacion@reclamador.es<\/strong><\/h6>\n<div class=\"ttr_end\"><\/div>","protected":false},"excerpt":{"rendered":"<p>\u201cCuando ves que has ganado y que recibes la indemnizaci\u00f3n\u00a0da una satisfacci\u00f3n\u00a0inmensa decir: \u00a0\u00a1toma vueling!\u201d. As\u00ed nos resume Lien Muguercia su experiencia tras reclamar con nosotros un retraso en un vuelo. Esta semana, tras sumar una victoria m\u00e1s contra las aerol\u00edneas, hemos querido darle voz para que conozcas su caso. Lien ha conseguido 250\u20ac de [&hellip;]<\/p>\n","protected":false},"author":3,"featured_media":6601,"comment_status":"closed","ping_status":"open","sticky":false,"template":"","format":"standard","meta":{"_acf_changed":false,"_genesis_hide_title":false,"_genesis_hide_breadcrumbs":false,"_genesis_hide_singular_image":false,"_genesis_hide_footer_widgets":false,"_genesis_custom_body_class":"","_genesis_custom_post_class":"","_genesis_layout":"","_jetpack_newsletter_access":"","_jetpack_dont_email_post_to_subs":true,"_jetpack_newsletter_tier_id":0,"_jetpack_memberships_contains_paywalled_content":false,"_jetpack_memberships_contains_paid_content":false,"footnotes":""},"categories":[396],"tags":[380,663],"class_list":{"0":"post-7214","1":"post","2":"type-post","3":"status-publish","4":"format-standard","5":"has-post-thumbnail","7":"category-reclamadores","8":"tag-aerolineas","9":"tag-retraso","10":"entry"},"acf":[],"yoast_head":"<!-- This site is optimized with the Yoast SEO plugin v27.4 - https:\/\/yoast.com\/product\/yoast-seo-wordpress\/ -->\n<title>Cuando ganas te da una satisfacci\u00f3n inmensa decir: \u00a1toma Vueling!<\/title>\n<meta name=\"description\" content=\"Entrevistamos a Lien Muguercia, afectada por una incidencia con Vueling. Nos cuenta su experiencia y como es reclamar un vuelo con reclamador.es\" \/>\n<meta name=\"robots\" content=\"index, follow, max-snippet:-1, max-image-preview:large, max-video-preview:-1\" \/>\n<link rel=\"canonical\" href=\"https:\/\/www.reclamador.es\/blog\/cuando-ganas-da-una-satisfaccion-inmensa-decir-toma-vueling\/\" \/>\n<meta property=\"og:locale\" content=\"es_ES\" \/>\n<meta property=\"og:type\" content=\"article\" \/>\n<meta property=\"og:title\" content=\"Cuando ganas te da una satisfacci\u00f3n inmensa decir: \u00a1toma Vueling!\" \/>\n<meta property=\"og:description\" content=\"Entrevistamos a Lien Muguercia, afectada por una incidencia con Vueling. Nos cuenta su experiencia y como es reclamar un vuelo con reclamador.es\" \/>\n<meta property=\"og:url\" content=\"https:\/\/www.reclamador.es\/blog\/cuando-ganas-da-una-satisfaccion-inmensa-decir-toma-vueling\/\" \/>\n<meta property=\"og:site_name\" content=\"Rebeldes con causa, el blog de reclamador.es\" \/>\n<meta property=\"article:publisher\" content=\"https:\/\/www.facebook.com\/reclamador.es\" \/>\n<meta property=\"article:published_time\" content=\"2017-03-29T11:00:44+00:00\" \/>\n<meta property=\"article:modified_time\" content=\"2022-11-24T15:11:50+00:00\" \/>\n<meta property=\"og:image\" content=\"https:\/\/i0.wp.com\/www.reclamador.es\/blog\/wp-content\/uploads\/2016\/09\/GettyImages-499641279-1.jpg?fit=1200%2C795&ssl=1\" \/>\n\t<meta property=\"og:image:width\" content=\"1200\" \/>\n\t<meta property=\"og:image:height\" content=\"795\" \/>\n\t<meta property=\"og:image:type\" content=\"image\/jpeg\" \/>\n<meta name=\"author\" content=\"Cristina Naveda\" \/>\n<meta name=\"twitter:card\" content=\"summary_large_image\" \/>\n<meta name=\"twitter:creator\" content=\"@reclamador\" \/>\n<meta name=\"twitter:site\" content=\"@reclamador\" \/>\n<meta name=\"twitter:label1\" content=\"Escrito por\" \/>\n\t<meta name=\"twitter:data1\" content=\"Cristina Naveda\" \/>\n\t<meta name=\"twitter:label2\" content=\"Tiempo de lectura\" \/>\n\t<meta name=\"twitter:data2\" content=\"4 minutos\" \/>\n<script type=\"application\/ld+json\" class=\"yoast-schema-graph\">{\"@context\":\"https:\\\/\\\/schema.org\",\"@graph\":[{\"@type\":\"Article\",\"@id\":\"https:\\\/\\\/www.reclamador.es\\\/blog\\\/cuando-ganas-da-una-satisfaccion-inmensa-decir-toma-vueling\\\/#article\",\"isPartOf\":{\"@id\":\"https:\\\/\\\/www.reclamador.es\\\/blog\\\/cuando-ganas-da-una-satisfaccion-inmensa-decir-toma-vueling\\\/\"},\"author\":{\"name\":\"Cristina Naveda\",\"@id\":\"https:\\\/\\\/www.reclamador.es\\\/blog\\\/#\\\/schema\\\/person\\\/c446a02b3fcf1607a8a2139c36fbe583\"},\"headline\":\"\u201cCuando ganas da una satisfacci\u00f3n inmensa decir: \u00a1toma vueling!\u201d\",\"datePublished\":\"2017-03-29T11:00:44+00:00\",\"dateModified\":\"2022-11-24T15:11:50+00:00\",\"mainEntityOfPage\":{\"@id\":\"https:\\\/\\\/www.reclamador.es\\\/blog\\\/cuando-ganas-da-una-satisfaccion-inmensa-decir-toma-vueling\\\/\"},\"wordCount\":797,\"publisher\":{\"@id\":\"https:\\\/\\\/www.reclamador.es\\\/blog\\\/#organization\"},\"image\":{\"@id\":\"https:\\\/\\\/www.reclamador.es\\\/blog\\\/cuando-ganas-da-una-satisfaccion-inmensa-decir-toma-vueling\\\/#primaryimage\"},\"thumbnailUrl\":\"https:\\\/\\\/i0.wp.com\\\/www.reclamador.es\\\/blog\\\/wp-content\\\/uploads\\\/2016\\\/09\\\/GettyImages-499641279-1.jpg?fit=1200%2C795&ssl=1\",\"keywords\":[\"aerol\u00edneas\",\"retraso\"],\"articleSection\":[\"Conoce todo lo que sucede en reclamador.es\"],\"inLanguage\":\"es\"},{\"@type\":\"WebPage\",\"@id\":\"https:\\\/\\\/www.reclamador.es\\\/blog\\\/cuando-ganas-da-una-satisfaccion-inmensa-decir-toma-vueling\\\/\",\"url\":\"https:\\\/\\\/www.reclamador.es\\\/blog\\\/cuando-ganas-da-una-satisfaccion-inmensa-decir-toma-vueling\\\/\",\"name\":\"Cuando ganas te da una satisfacci\u00f3n inmensa decir: \u00a1toma Vueling!\",\"isPartOf\":{\"@id\":\"https:\\\/\\\/www.reclamador.es\\\/blog\\\/#website\"},\"primaryImageOfPage\":{\"@id\":\"https:\\\/\\\/www.reclamador.es\\\/blog\\\/cuando-ganas-da-una-satisfaccion-inmensa-decir-toma-vueling\\\/#primaryimage\"},\"image\":{\"@id\":\"https:\\\/\\\/www.reclamador.es\\\/blog\\\/cuando-ganas-da-una-satisfaccion-inmensa-decir-toma-vueling\\\/#primaryimage\"},\"thumbnailUrl\":\"https:\\\/\\\/i0.wp.com\\\/www.reclamador.es\\\/blog\\\/wp-content\\\/uploads\\\/2016\\\/09\\\/GettyImages-499641279-1.jpg?fit=1200%2C795&ssl=1\",\"datePublished\":\"2017-03-29T11:00:44+00:00\",\"dateModified\":\"2022-11-24T15:11:50+00:00\",\"description\":\"Entrevistamos a Lien Muguercia, afectada por una incidencia con Vueling. Nos cuenta su experiencia y como es reclamar un vuelo con reclamador.es\",\"breadcrumb\":{\"@id\":\"https:\\\/\\\/www.reclamador.es\\\/blog\\\/cuando-ganas-da-una-satisfaccion-inmensa-decir-toma-vueling\\\/#breadcrumb\"},\"inLanguage\":\"es\",\"potentialAction\":[{\"@type\":\"ReadAction\",\"target\":[\"https:\\\/\\\/www.reclamador.es\\\/blog\\\/cuando-ganas-da-una-satisfaccion-inmensa-decir-toma-vueling\\\/\"]}]},{\"@type\":\"ImageObject\",\"inLanguage\":\"es\",\"@id\":\"https:\\\/\\\/www.reclamador.es\\\/blog\\\/cuando-ganas-da-una-satisfaccion-inmensa-decir-toma-vueling\\\/#primaryimage\",\"url\":\"https:\\\/\\\/i0.wp.com\\\/www.reclamador.es\\\/blog\\\/wp-content\\\/uploads\\\/2016\\\/09\\\/GettyImages-499641279-1.jpg?fit=1200%2C795&ssl=1\",\"contentUrl\":\"https:\\\/\\\/i0.wp.com\\\/www.reclamador.es\\\/blog\\\/wp-content\\\/uploads\\\/2016\\\/09\\\/GettyImages-499641279-1.jpg?fit=1200%2C795&ssl=1\",\"width\":1200,\"height\":795,\"caption\":\"\u00bfSabes todo lo que ha generado el caos de Vueling?\"},{\"@type\":\"BreadcrumbList\",\"@id\":\"https:\\\/\\\/www.reclamador.es\\\/blog\\\/cuando-ganas-da-una-satisfaccion-inmensa-decir-toma-vueling\\\/#breadcrumb\",\"itemListElement\":[{\"@type\":\"ListItem\",\"position\":1,\"name\":\"Portada\",\"item\":\"https:\\\/\\\/www.reclamador.es\\\/blog\\\/\"},{\"@type\":\"ListItem\",\"position\":2,\"name\":\"\u201cCuando ganas da una satisfacci\u00f3n inmensa decir: \u00a1toma vueling!\u201d\"}]},{\"@type\":\"WebSite\",\"@id\":\"https:\\\/\\\/www.reclamador.es\\\/blog\\\/#website\",\"url\":\"https:\\\/\\\/www.reclamador.es\\\/blog\\\/\",\"name\":\"Rebeldes con causa, el blog de reclamador.es\",\"description\":\"Noticias, entrevistas y consejos sobre reclamaciones\",\"publisher\":{\"@id\":\"https:\\\/\\\/www.reclamador.es\\\/blog\\\/#organization\"},\"potentialAction\":[{\"@type\":\"SearchAction\",\"target\":{\"@type\":\"EntryPoint\",\"urlTemplate\":\"https:\\\/\\\/www.reclamador.es\\\/blog\\\/?s={search_term_string}\"},\"query-input\":{\"@type\":\"PropertyValueSpecification\",\"valueRequired\":true,\"valueName\":\"search_term_string\"}}],\"inLanguage\":\"es\"},{\"@type\":\"Organization\",\"@id\":\"https:\\\/\\\/www.reclamador.es\\\/blog\\\/#organization\",\"name\":\"reclamador.es\",\"url\":\"https:\\\/\\\/www.reclamador.es\\\/blog\\\/\",\"logo\":{\"@type\":\"ImageObject\",\"inLanguage\":\"es\",\"@id\":\"https:\\\/\\\/www.reclamador.es\\\/blog\\\/#\\\/schema\\\/logo\\\/image\\\/\",\"url\":\"https:\\\/\\\/i0.wp.com\\\/www.reclamador.es\\\/blog\\\/wp-content\\\/uploads\\\/2020\\\/01\\\/logo-reclamador.png?fit=1200%2C144&ssl=1\",\"contentUrl\":\"https:\\\/\\\/i0.wp.com\\\/www.reclamador.es\\\/blog\\\/wp-content\\\/uploads\\\/2020\\\/01\\\/logo-reclamador.png?fit=1200%2C144&ssl=1\",\"width\":1200,\"height\":144,\"caption\":\"reclamador.es\"},\"image\":{\"@id\":\"https:\\\/\\\/www.reclamador.es\\\/blog\\\/#\\\/schema\\\/logo\\\/image\\\/\"},\"sameAs\":[\"https:\\\/\\\/www.facebook.com\\\/reclamador.es\",\"https:\\\/\\\/x.com\\\/reclamador\",\"https:\\\/\\\/www.instagram.com\\\/reclamador.es\\\/\",\"https:\\\/\\\/www.linkedin.com\\\/company\\\/reclamador-es\",\"https:\\\/\\\/www.youtube.com\\\/user\\\/Reclamadores\"]},{\"@type\":\"Person\",\"@id\":\"https:\\\/\\\/www.reclamador.es\\\/blog\\\/#\\\/schema\\\/person\\\/c446a02b3fcf1607a8a2139c36fbe583\",\"name\":\"Cristina Naveda\",\"image\":{\"@type\":\"ImageObject\",\"inLanguage\":\"es\",\"@id\":\"https:\\\/\\\/secure.gravatar.com\\\/avatar\\\/1df04000ab560ffd4824a3ce70f826eb8bd6a9bfc6cc9097a363e6cd67f07ec0?s=96&d=mm&r=g\",\"url\":\"https:\\\/\\\/secure.gravatar.com\\\/avatar\\\/1df04000ab560ffd4824a3ce70f826eb8bd6a9bfc6cc9097a363e6cd67f07ec0?s=96&d=mm&r=g\",\"contentUrl\":\"https:\\\/\\\/secure.gravatar.com\\\/avatar\\\/1df04000ab560ffd4824a3ce70f826eb8bd6a9bfc6cc9097a363e6cd67f07ec0?s=96&d=mm&r=g\",\"caption\":\"Cristina Naveda\"},\"description\":\"Me encanta unir la informaci\u00f3n con las personas. Me esfuerzo para que reclamador haga bien esa uni\u00f3n desde el equipo de comunicaci\u00f3n.\",\"url\":\"https:\\\/\\\/www.reclamador.es\\\/blog\\\/author\\\/cristina\\\/\"}]}<\/script>\n<!-- \/ Yoast SEO plugin. -->","yoast_head_json":{"title":"Cuando ganas te da una satisfacci\u00f3n inmensa decir: \u00a1toma Vueling!","description":"Entrevistamos a Lien Muguercia, afectada por una incidencia con Vueling. Nos cuenta su experiencia y como es reclamar un vuelo con reclamador.es","robots":{"index":"index","follow":"follow","max-snippet":"max-snippet:-1","max-image-preview":"max-image-preview:large","max-video-preview":"max-video-preview:-1"},"canonical":"https:\/\/www.reclamador.es\/blog\/cuando-ganas-da-una-satisfaccion-inmensa-decir-toma-vueling\/","og_locale":"es_ES","og_type":"article","og_title":"Cuando ganas te da una satisfacci\u00f3n inmensa decir: \u00a1toma Vueling!","og_description":"Entrevistamos a Lien Muguercia, afectada por una incidencia con Vueling. Nos cuenta su experiencia y como es reclamar un vuelo con reclamador.es","og_url":"https:\/\/www.reclamador.es\/blog\/cuando-ganas-da-una-satisfaccion-inmensa-decir-toma-vueling\/","og_site_name":"Rebeldes con causa, el blog de reclamador.es","article_publisher":"https:\/\/www.facebook.com\/reclamador.es","article_published_time":"2017-03-29T11:00:44+00:00","article_modified_time":"2022-11-24T15:11:50+00:00","og_image":[{"width":1200,"height":795,"url":"https:\/\/i0.wp.com\/www.reclamador.es\/blog\/wp-content\/uploads\/2016\/09\/GettyImages-499641279-1.jpg?fit=1200%2C795&ssl=1","type":"image\/jpeg"}],"author":"Cristina Naveda","twitter_card":"summary_large_image","twitter_creator":"@reclamador","twitter_site":"@reclamador","twitter_misc":{"Escrito por":"Cristina Naveda","Tiempo de lectura":"4 minutos"},"schema":{"@context":"https:\/\/schema.org","@graph":[{"@type":"Article","@id":"https:\/\/www.reclamador.es\/blog\/cuando-ganas-da-una-satisfaccion-inmensa-decir-toma-vueling\/#article","isPartOf":{"@id":"https:\/\/www.reclamador.es\/blog\/cuando-ganas-da-una-satisfaccion-inmensa-decir-toma-vueling\/"},"author":{"name":"Cristina Naveda","@id":"https:\/\/www.reclamador.es\/blog\/#\/schema\/person\/c446a02b3fcf1607a8a2139c36fbe583"},"headline":"\u201cCuando ganas da una satisfacci\u00f3n inmensa decir: \u00a1toma vueling!\u201d","datePublished":"2017-03-29T11:00:44+00:00","dateModified":"2022-11-24T15:11:50+00:00","mainEntityOfPage":{"@id":"https:\/\/www.reclamador.es\/blog\/cuando-ganas-da-una-satisfaccion-inmensa-decir-toma-vueling\/"},"wordCount":797,"publisher":{"@id":"https:\/\/www.reclamador.es\/blog\/#organization"},"image":{"@id":"https:\/\/www.reclamador.es\/blog\/cuando-ganas-da-una-satisfaccion-inmensa-decir-toma-vueling\/#primaryimage"},"thumbnailUrl":"https:\/\/i0.wp.com\/www.reclamador.es\/blog\/wp-content\/uploads\/2016\/09\/GettyImages-499641279-1.jpg?fit=1200%2C795&ssl=1","keywords":["aerol\u00edneas","retraso"],"articleSection":["Conoce todo lo que sucede en reclamador.es"],"inLanguage":"es"},{"@type":"WebPage","@id":"https:\/\/www.reclamador.es\/blog\/cuando-ganas-da-una-satisfaccion-inmensa-decir-toma-vueling\/","url":"https:\/\/www.reclamador.es\/blog\/cuando-ganas-da-una-satisfaccion-inmensa-decir-toma-vueling\/","name":"Cuando ganas te da una satisfacci\u00f3n inmensa decir: \u00a1toma Vueling!","isPartOf":{"@id":"https:\/\/www.reclamador.es\/blog\/#website"},"primaryImageOfPage":{"@id":"https:\/\/www.reclamador.es\/blog\/cuando-ganas-da-una-satisfaccion-inmensa-decir-toma-vueling\/#primaryimage"},"image":{"@id":"https:\/\/www.reclamador.es\/blog\/cuando-ganas-da-una-satisfaccion-inmensa-decir-toma-vueling\/#primaryimage"},"thumbnailUrl":"https:\/\/i0.wp.com\/www.reclamador.es\/blog\/wp-content\/uploads\/2016\/09\/GettyImages-499641279-1.jpg?fit=1200%2C795&ssl=1","datePublished":"2017-03-29T11:00:44+00:00","dateModified":"2022-11-24T15:11:50+00:00","description":"Entrevistamos a Lien Muguercia, afectada por una incidencia con Vueling. Nos cuenta su experiencia y como es reclamar un vuelo con reclamador.es","breadcrumb":{"@id":"https:\/\/www.reclamador.es\/blog\/cuando-ganas-da-una-satisfaccion-inmensa-decir-toma-vueling\/#breadcrumb"},"inLanguage":"es","potentialAction":[{"@type":"ReadAction","target":["https:\/\/www.reclamador.es\/blog\/cuando-ganas-da-una-satisfaccion-inmensa-decir-toma-vueling\/"]}]},{"@type":"ImageObject","inLanguage":"es","@id":"https:\/\/www.reclamador.es\/blog\/cuando-ganas-da-una-satisfaccion-inmensa-decir-toma-vueling\/#primaryimage","url":"https:\/\/i0.wp.com\/www.reclamador.es\/blog\/wp-content\/uploads\/2016\/09\/GettyImages-499641279-1.jpg?fit=1200%2C795&ssl=1","contentUrl":"https:\/\/i0.wp.com\/www.reclamador.es\/blog\/wp-content\/uploads\/2016\/09\/GettyImages-499641279-1.jpg?fit=1200%2C795&ssl=1","width":1200,"height":795,"caption":"\u00bfSabes todo lo que ha generado el caos de Vueling?"},{"@type":"BreadcrumbList","@id":"https:\/\/www.reclamador.es\/blog\/cuando-ganas-da-una-satisfaccion-inmensa-decir-toma-vueling\/#breadcrumb","itemListElement":[{"@type":"ListItem","position":1,"name":"Portada","item":"https:\/\/www.reclamador.es\/blog\/"},{"@type":"ListItem","position":2,"name":"\u201cCuando ganas da una satisfacci\u00f3n inmensa decir: \u00a1toma vueling!\u201d"}]},{"@type":"WebSite","@id":"https:\/\/www.reclamador.es\/blog\/#website","url":"https:\/\/www.reclamador.es\/blog\/","name":"Rebeldes con causa, el blog de reclamador.es","description":"Noticias, entrevistas y consejos sobre reclamaciones","publisher":{"@id":"https:\/\/www.reclamador.es\/blog\/#organization"},"potentialAction":[{"@type":"SearchAction","target":{"@type":"EntryPoint","urlTemplate":"https:\/\/www.reclamador.es\/blog\/?s={search_term_string}"},"query-input":{"@type":"PropertyValueSpecification","valueRequired":true,"valueName":"search_term_string"}}],"inLanguage":"es"},{"@type":"Organization","@id":"https:\/\/www.reclamador.es\/blog\/#organization","name":"reclamador.es","url":"https:\/\/www.reclamador.es\/blog\/","logo":{"@type":"ImageObject","inLanguage":"es","@id":"https:\/\/www.reclamador.es\/blog\/#\/schema\/logo\/image\/","url":"https:\/\/i0.wp.com\/www.reclamador.es\/blog\/wp-content\/uploads\/2020\/01\/logo-reclamador.png?fit=1200%2C144&ssl=1","contentUrl":"https:\/\/i0.wp.com\/www.reclamador.es\/blog\/wp-content\/uploads\/2020\/01\/logo-reclamador.png?fit=1200%2C144&ssl=1","width":1200,"height":144,"caption":"reclamador.es"},"image":{"@id":"https:\/\/www.reclamador.es\/blog\/#\/schema\/logo\/image\/"},"sameAs":["https:\/\/www.facebook.com\/reclamador.es","https:\/\/x.com\/reclamador","https:\/\/www.instagram.com\/reclamador.es\/","https:\/\/www.linkedin.com\/company\/reclamador-es","https:\/\/www.youtube.com\/user\/Reclamadores"]},{"@type":"Person","@id":"https:\/\/www.reclamador.es\/blog\/#\/schema\/person\/c446a02b3fcf1607a8a2139c36fbe583","name":"Cristina Naveda","image":{"@type":"ImageObject","inLanguage":"es","@id":"https:\/\/secure.gravatar.com\/avatar\/1df04000ab560ffd4824a3ce70f826eb8bd6a9bfc6cc9097a363e6cd67f07ec0?s=96&d=mm&r=g","url":"https:\/\/secure.gravatar.com\/avatar\/1df04000ab560ffd4824a3ce70f826eb8bd6a9bfc6cc9097a363e6cd67f07ec0?s=96&d=mm&r=g","contentUrl":"https:\/\/secure.gravatar.com\/avatar\/1df04000ab560ffd4824a3ce70f826eb8bd6a9bfc6cc9097a363e6cd67f07ec0?s=96&d=mm&r=g","caption":"Cristina Naveda"},"description":"Me encanta unir la informaci\u00f3n con las personas. Me esfuerzo para que reclamador haga bien esa uni\u00f3n desde el equipo de comunicaci\u00f3n.","url":"https:\/\/www.reclamador.es\/blog\/author\/cristina\/"}]}},"jetpack_featured_media_url":"https:\/\/i0.wp.com\/www.reclamador.es\/blog\/wp-content\/uploads\/2016\/09\/GettyImages-499641279-1.jpg?fit=1200%2C795&ssl=1","jetpack-related-posts":[{"id":33711,"url":"https:\/\/www.reclamador.es\/blog\/que-significa-vuelo-operado-por\/","url_meta":{"origin":7214,"position":0},"title":"\u201cVuelo operado por\u201d, \u201cc\u00f3digo compartido\u201d\u2026 \u00bfQu\u00e9 significan estos t\u00e9rminos y qu\u00e9 supone para el viajero?","author":"Alicia Ria\u00f1o","date":"11 febrero, 2025","format":false,"excerpt":"\u00bfHas comprado un billete de avi\u00f3n, por ejemplo, con Iberia y luego has visto una frase como \u201cvuelo de Iberia operado por Vueling\u201d o \u201cvuelo de Iberia operado por American Airlines\u201d y no sabes qu\u00e9 significa? Se trata de vuelo con c\u00f3digo compartido, en el que ambas aerol\u00edneas estar\u00e1n vendiendo\u2026","rel":"","context":"En \u00abConsejos legales\u00bb","block_context":{"text":"Consejos legales","link":"https:\/\/www.reclamador.es\/blog\/consejos\/"},"img":{"alt_text":"vuelo compartido operado por otra aerol\u00ednea","src":"https:\/\/i0.wp.com\/www.reclamador.es\/blog\/wp-content\/uploads\/2025\/02\/que-hacer-si-tu-vuelo-es-operado-por-una-aerolinea-distinta-a-la-que-compraste-el-billete-1200x630-1.jpg?fit=1200%2C630&ssl=1&resize=350%2C200","width":350,"height":200,"srcset":"https:\/\/i0.wp.com\/www.reclamador.es\/blog\/wp-content\/uploads\/2025\/02\/que-hacer-si-tu-vuelo-es-operado-por-una-aerolinea-distinta-a-la-que-compraste-el-billete-1200x630-1.jpg?fit=1200%2C630&ssl=1&resize=350%2C200 1x, https:\/\/i0.wp.com\/www.reclamador.es\/blog\/wp-content\/uploads\/2025\/02\/que-hacer-si-tu-vuelo-es-operado-por-una-aerolinea-distinta-a-la-que-compraste-el-billete-1200x630-1.jpg?fit=1200%2C630&ssl=1&resize=525%2C300 1.5x, https:\/\/i0.wp.com\/www.reclamador.es\/blog\/wp-content\/uploads\/2025\/02\/que-hacer-si-tu-vuelo-es-operado-por-una-aerolinea-distinta-a-la-que-compraste-el-billete-1200x630-1.jpg?fit=1200%2C630&ssl=1&resize=700%2C400 2x, https:\/\/i0.wp.com\/www.reclamador.es\/blog\/wp-content\/uploads\/2025\/02\/que-hacer-si-tu-vuelo-es-operado-por-una-aerolinea-distinta-a-la-que-compraste-el-billete-1200x630-1.jpg?fit=1200%2C630&ssl=1&resize=1050%2C600 3x"},"classes":[]},{"id":30345,"url":"https:\/\/www.reclamador.es\/blog\/que-hacer-vuelo-afectado-por-huelga-de-vueling\/","url_meta":{"origin":7214,"position":1},"title":"\u00bfQu\u00e9 hacer si tu vuelo se ve afectado por la huelga de Vueling?","author":"Equipo reclamador","date":"28 octubre, 2022","format":false,"excerpt":"\u00bfVuelas con Vueling entre noviembre de 2022 y finales de enero del pr\u00f3ximo a\u00f1o? \u00bfEl viaje es un lunes, viernes, domingo o festivo? Si la respuesta es afirmativa, es posible que tu vuelo sufra alguna incidencia, como un retraso o, incluso, su cancelaci\u00f3n. \u00bfPor qu\u00e9? Porque uno de los principales\u2026","rel":"","context":"En \u00abNoticias y actualidad\u00bb","block_context":{"text":"Noticias y actualidad","link":"https:\/\/www.reclamador.es\/blog\/noticias\/"},"img":{"alt_text":"que hacer por la huelga de vueling","src":"https:\/\/i0.wp.com\/www.reclamador.es\/blog\/wp-content\/uploads\/2022\/10\/huelga-de-vueling.jpg?fit=1200%2C675&ssl=1&resize=350%2C200","width":350,"height":200,"srcset":"https:\/\/i0.wp.com\/www.reclamador.es\/blog\/wp-content\/uploads\/2022\/10\/huelga-de-vueling.jpg?fit=1200%2C675&ssl=1&resize=350%2C200 1x, https:\/\/i0.wp.com\/www.reclamador.es\/blog\/wp-content\/uploads\/2022\/10\/huelga-de-vueling.jpg?fit=1200%2C675&ssl=1&resize=525%2C300 1.5x, https:\/\/i0.wp.com\/www.reclamador.es\/blog\/wp-content\/uploads\/2022\/10\/huelga-de-vueling.jpg?fit=1200%2C675&ssl=1&resize=700%2C400 2x, https:\/\/i0.wp.com\/www.reclamador.es\/blog\/wp-content\/uploads\/2022\/10\/huelga-de-vueling.jpg?fit=1200%2C675&ssl=1&resize=1050%2C600 3x"},"classes":[]},{"id":7950,"url":"https:\/\/www.reclamador.es\/blog\/reclamar-fue-sencillo-reclamador-entrevista-jaime\/","url_meta":{"origin":7214,"position":2},"title":"Jaime Arquillo: \"reclamar fue m\u00e1s sencillo que confirmar el borrador de la Renta\"","author":"Cristina Naveda","date":"10 mayo, 2017","format":false,"excerpt":"Dos de nuestros reclamadores nos han abierto las puertas esta semana para concedernos una charla y conocer sus historias. Se trata de Jaime e Isabel, quienes decidieron poner una reclamaci\u00f3n a Vueling y Air Europa, respectivamente, por retrasos en sus vuelos de m\u00e1s de 5h. Te dejamos las entrevistas a\u2026","rel":"","context":"En \u00abConoce todo lo que sucede en reclamador.es\u00bb","block_context":{"text":"Conoce todo lo que sucede en reclamador.es","link":"https:\/\/www.reclamador.es\/blog\/reclamadores\/"},"img":{"alt_text":"Jaime Arquillo, afectado por un retraso en un vuelo de vueling","src":"https:\/\/i0.wp.com\/www.reclamador.es\/blog\/wp-content\/uploads\/2017\/05\/jaime-entrevista-reclamador.png?fit=1200%2C800&ssl=1&resize=350%2C200","width":350,"height":200,"srcset":"https:\/\/i0.wp.com\/www.reclamador.es\/blog\/wp-content\/uploads\/2017\/05\/jaime-entrevista-reclamador.png?fit=1200%2C800&ssl=1&resize=350%2C200 1x, https:\/\/i0.wp.com\/www.reclamador.es\/blog\/wp-content\/uploads\/2017\/05\/jaime-entrevista-reclamador.png?fit=1200%2C800&ssl=1&resize=525%2C300 1.5x, https:\/\/i0.wp.com\/www.reclamador.es\/blog\/wp-content\/uploads\/2017\/05\/jaime-entrevista-reclamador.png?fit=1200%2C800&ssl=1&resize=700%2C400 2x, https:\/\/i0.wp.com\/www.reclamador.es\/blog\/wp-content\/uploads\/2017\/05\/jaime-entrevista-reclamador.png?fit=1200%2C800&ssl=1&resize=1050%2C600 3x"},"classes":[]},{"id":16639,"url":"https:\/\/www.reclamador.es\/blog\/entrevista-aerolineas-noemi-estrada\/","url_meta":{"origin":7214,"position":3},"title":"\"Reclam\u00e9 directamente a Air Europa y a\u00fan estoy esperando que me contesten\u2026\u201d","author":"Cristina Naveda","date":"3 enero, 2018","format":false,"excerpt":"Esta semana charlamos con\u00a0Noemi Estrada (54 a\u00f1os, Barcelona) para conocer c\u00f3mo han sido sus tres reclamaciones a\u00e9reas gestionadas a trav\u00e9s de nosotros: ha reclamado problemas en sus vuelos con Air Europa, vueling y Norwegian. Esta broker inmobiliaria adora viajar y hoy nos cuenta sus m\u00faltiples periplos con las aerol\u00edneas y\u2026","rel":"","context":"En \u00abConoce todo lo que sucede en reclamador.es\u00bb","block_context":{"text":"Conoce todo lo que sucede en reclamador.es","link":"https:\/\/www.reclamador.es\/blog\/reclamadores\/"},"img":{"alt_text":"","src":"https:\/\/i0.wp.com\/www.reclamador.es\/blog\/wp-content\/uploads\/2018\/01\/noemiestrada1200-min.png?fit=1200%2C800&ssl=1&resize=350%2C200","width":350,"height":200,"srcset":"https:\/\/i0.wp.com\/www.reclamador.es\/blog\/wp-content\/uploads\/2018\/01\/noemiestrada1200-min.png?fit=1200%2C800&ssl=1&resize=350%2C200 1x, https:\/\/i0.wp.com\/www.reclamador.es\/blog\/wp-content\/uploads\/2018\/01\/noemiestrada1200-min.png?fit=1200%2C800&ssl=1&resize=525%2C300 1.5x, https:\/\/i0.wp.com\/www.reclamador.es\/blog\/wp-content\/uploads\/2018\/01\/noemiestrada1200-min.png?fit=1200%2C800&ssl=1&resize=700%2C400 2x, https:\/\/i0.wp.com\/www.reclamador.es\/blog\/wp-content\/uploads\/2018\/01\/noemiestrada1200-min.png?fit=1200%2C800&ssl=1&resize=1050%2C600 3x"},"classes":[]},{"id":31937,"url":"https:\/\/www.reclamador.es\/blog\/entrevista-alvaro-reclamador-de-aerolineas-vueling\/","url_meta":{"origin":7214,"position":4},"title":"\u00c1lvaro, reclamador de aerol\u00edneas: \u201ccuanto termin\u00f3 el viaje decid\u00ed reclamar el retraso del vuelo a Vueling, y pas\u00f3 de m\u00ed. Hasta que encontr\u00e9 reclamador.es\u201d","author":"Cristina Naveda","date":"2 febrero, 2024","format":false,"excerpt":"Hoy entrevistamos a \u00c1lvaro Cejas, (C\u00f3rdoba, 1994) quien ha reclamado con nosotros un gran retraso con la compa\u00f1\u00eda Vueling y ha obtenido 250 euros de indemnizaci\u00f3n. \u00c1lvaro no dud\u00f3 en darle una lecci\u00f3n a la compa\u00f1\u00eda a\u00e9rea, la cual le hab\u00eda negado su compensaci\u00f3n econ\u00f3mica en un principio. Despu\u00e9s de\u2026","rel":"","context":"En \u00abConoce todo lo que sucede en reclamador.es\u00bb","block_context":{"text":"Conoce todo lo que sucede en reclamador.es","link":"https:\/\/www.reclamador.es\/blog\/reclamadores\/"},"img":{"alt_text":"entrevista opinion cliente de aerolineas de reclamador","src":"https:\/\/i0.wp.com\/www.reclamador.es\/blog\/wp-content\/uploads\/2024\/02\/entrevista-cliente-aerolineas-Alvaro-1200x630-2.jpg?fit=1200%2C630&ssl=1&resize=350%2C200","width":350,"height":200,"srcset":"https:\/\/i0.wp.com\/www.reclamador.es\/blog\/wp-content\/uploads\/2024\/02\/entrevista-cliente-aerolineas-Alvaro-1200x630-2.jpg?fit=1200%2C630&ssl=1&resize=350%2C200 1x, https:\/\/i0.wp.com\/www.reclamador.es\/blog\/wp-content\/uploads\/2024\/02\/entrevista-cliente-aerolineas-Alvaro-1200x630-2.jpg?fit=1200%2C630&ssl=1&resize=525%2C300 1.5x, https:\/\/i0.wp.com\/www.reclamador.es\/blog\/wp-content\/uploads\/2024\/02\/entrevista-cliente-aerolineas-Alvaro-1200x630-2.jpg?fit=1200%2C630&ssl=1&resize=700%2C400 2x, https:\/\/i0.wp.com\/www.reclamador.es\/blog\/wp-content\/uploads\/2024\/02\/entrevista-cliente-aerolineas-Alvaro-1200x630-2.jpg?fit=1200%2C630&ssl=1&resize=1050%2C600 3x"},"classes":[]},{"id":8167,"url":"https:\/\/www.reclamador.es\/blog\/ane-alonso-se-lo-recomiendo-mundo-reclamacion-retraso\/","url_meta":{"origin":7214,"position":5},"title":"Entrevista a Ane Alonso: \"hac\u00e9is todo de una forma s\u00faper f\u00e1cil y transparente\"","author":"Equipo reclamador","date":"12 mayo, 2017","format":false,"excerpt":"Hoy te traemos el testimonio de una de nuestras usuarias, Ane Alonso. Tuvo una incidencia con Vueling en un vuelo de Barcelona a Madrid en el que tuvo un retraso de m\u00e1s de 5 horas. Se trata de un nuevo caso ganado por reclamador.es frente a la aerol\u00ednea Vueling. Un\u2026","rel":"","context":"En \u00abConoce todo lo que sucede en reclamador.es\u00bb","block_context":{"text":"Conoce todo lo que sucede en reclamador.es","link":"https:\/\/www.reclamador.es\/blog\/reclamadores\/"},"img":{"alt_text":"","src":"https:\/\/i0.wp.com\/www.reclamador.es\/blog\/wp-content\/uploads\/2017\/05\/ANE-ALONSO-3.jpg?fit=1200%2C675&ssl=1&resize=350%2C200","width":350,"height":200,"srcset":"https:\/\/i0.wp.com\/www.reclamador.es\/blog\/wp-content\/uploads\/2017\/05\/ANE-ALONSO-3.jpg?fit=1200%2C675&ssl=1&resize=350%2C200 1x, https:\/\/i0.wp.com\/www.reclamador.es\/blog\/wp-content\/uploads\/2017\/05\/ANE-ALONSO-3.jpg?fit=1200%2C675&ssl=1&resize=525%2C300 1.5x, https:\/\/i0.wp.com\/www.reclamador.es\/blog\/wp-content\/uploads\/2017\/05\/ANE-ALONSO-3.jpg?fit=1200%2C675&ssl=1&resize=700%2C400 2x, https:\/\/i0.wp.com\/www.reclamador.es\/blog\/wp-content\/uploads\/2017\/05\/ANE-ALONSO-3.jpg?fit=1200%2C675&ssl=1&resize=1050%2C600 3x"},"classes":[]}],"jetpack_sharing_enabled":true,"_links":{"self":[{"href":"https:\/\/www.reclamador.es\/blog\/wp-json\/wp\/v2\/posts\/7214","targetHints":{"allow":["GET"]}}],"collection":[{"href":"https:\/\/www.reclamador.es\/blog\/wp-json\/wp\/v2\/posts"}],"about":[{"href":"https:\/\/www.reclamador.es\/blog\/wp-json\/wp\/v2\/types\/post"}],"author":[{"embeddable":true,"href":"https:\/\/www.reclamador.es\/blog\/wp-json\/wp\/v2\/users\/3"}],"replies":[{"embeddable":true,"href":"https:\/\/www.reclamador.es\/blog\/wp-json\/wp\/v2\/comments?post=7214"}],"version-history":[{"count":37,"href":"https:\/\/www.reclamador.es\/blog\/wp-json\/wp\/v2\/posts\/7214\/revisions"}],"predecessor-version":[{"id":16014,"href":"https:\/\/www.reclamador.es\/blog\/wp-json\/wp\/v2\/posts\/7214\/revisions\/16014"}],"wp:featuredmedia":[{"embeddable":true,"href":"https:\/\/www.reclamador.es\/blog\/wp-json\/wp\/v2\/media\/6601"}],"wp:attachment":[{"href":"https:\/\/www.reclamador.es\/blog\/wp-json\/wp\/v2\/media?parent=7214"}],"wp:term":[{"taxonomy":"category","embeddable":true,"href":"https:\/\/www.reclamador.es\/blog\/wp-json\/wp\/v2\/categories?post=7214"},{"taxonomy":"post_tag","embeddable":true,"href":"https:\/\/www.reclamador.es\/blog\/wp-json\/wp\/v2\/tags?post=7214"}],"curies":[{"name":"wp","href":"https:\/\/api.w.org\/{rel}","templated":true}]}}