{"id":6473,"date":"2017-03-01T12:00:33","date_gmt":"2017-03-01T11:00:33","guid":{"rendered":"https:\/\/www.reclamador.es\/blog\/?p=6473"},"modified":"2022-11-25T12:02:09","modified_gmt":"2022-11-25T11:02:09","slug":"antonio-juan-verea-afectado-por-la-clausula-suelo-ahora-puedo-respirar","status":"publish","type":"post","link":"https:\/\/www.reclamador.es\/blog\/antonio-juan-verea-afectado-por-la-clausula-suelo-ahora-puedo-respirar\/","title":{"rendered":"Antonio Verea, afectado por la cl\u00e1usula suelo: \"Ahora puedo respirar\""},"content":{"rendered":"<div class=\"ttr_start\"><\/div>\n\n<div class=\"kk-star-ratings kksr-auto kksr-align-right kksr-valign-top\"\n    data-payload='{&quot;align&quot;:&quot;right&quot;,&quot;id&quot;:&quot;6473&quot;,&quot;slug&quot;:&quot;default&quot;,&quot;valign&quot;:&quot;top&quot;,&quot;ignore&quot;:&quot;&quot;,&quot;reference&quot;:&quot;auto&quot;,&quot;class&quot;:&quot;&quot;,&quot;count&quot;:&quot;1&quot;,&quot;legendonly&quot;:&quot;&quot;,&quot;readonly&quot;:&quot;&quot;,&quot;score&quot;:&quot;5&quot;,&quot;starsonly&quot;:&quot;&quot;,&quot;best&quot;:&quot;5&quot;,&quot;gap&quot;:&quot;3&quot;,&quot;greet&quot;:&quot;Valora este art\u00edculo&quot;,&quot;legend&quot;:&quot;5\\\/5 - (1 voto)&quot;,&quot;size&quot;:&quot;20&quot;,&quot;title&quot;:&quot;Antonio Verea, afectado por la cl\u00e1usula suelo: \\u0026quot;Ahora puedo respirar\\u0026quot;&quot;,&quot;width&quot;:&quot;113.5&quot;,&quot;_legend&quot;:&quot;{score}\\\/{best} - ({count} {votes})&quot;,&quot;font_factor&quot;:&quot;1.25&quot;}'>\n            \n<div class=\"kksr-stars\">\n    \n<div class=\"kksr-stars-inactive\">\n            <div class=\"kksr-star\" data-star=\"1\" style=\"padding-right: 3px\">\n            \n\n<div class=\"kksr-icon\" style=\"width: 20px; height: 20px;\"><\/div>\n        <\/div>\n            <div class=\"kksr-star\" data-star=\"2\" style=\"padding-right: 3px\">\n            \n\n<div class=\"kksr-icon\" style=\"width: 20px; height: 20px;\"><\/div>\n        <\/div>\n            <div class=\"kksr-star\" data-star=\"3\" style=\"padding-right: 3px\">\n            \n\n<div class=\"kksr-icon\" style=\"width: 20px; height: 20px;\"><\/div>\n        <\/div>\n            <div class=\"kksr-star\" data-star=\"4\" style=\"padding-right: 3px\">\n            \n\n<div class=\"kksr-icon\" style=\"width: 20px; height: 20px;\"><\/div>\n        <\/div>\n            <div class=\"kksr-star\" data-star=\"5\" style=\"padding-right: 3px\">\n            \n\n<div class=\"kksr-icon\" style=\"width: 20px; height: 20px;\"><\/div>\n        <\/div>\n    <\/div>\n    \n<div class=\"kksr-stars-active\" style=\"width: 113.5px;\">\n            <div class=\"kksr-star\" style=\"padding-right: 3px\">\n            \n\n<div class=\"kksr-icon\" style=\"width: 20px; height: 20px;\"><\/div>\n        <\/div>\n            <div class=\"kksr-star\" style=\"padding-right: 3px\">\n            \n\n<div class=\"kksr-icon\" style=\"width: 20px; height: 20px;\"><\/div>\n        <\/div>\n            <div class=\"kksr-star\" style=\"padding-right: 3px\">\n            \n\n<div class=\"kksr-icon\" style=\"width: 20px; height: 20px;\"><\/div>\n        <\/div>\n            <div class=\"kksr-star\" style=\"padding-right: 3px\">\n            \n\n<div class=\"kksr-icon\" style=\"width: 20px; height: 20px;\"><\/div>\n        <\/div>\n            <div class=\"kksr-star\" style=\"padding-right: 3px\">\n            \n\n<div class=\"kksr-icon\" style=\"width: 20px; height: 20px;\"><\/div>\n        <\/div>\n    <\/div>\n<\/div>\n                \n\n<div class=\"kksr-legend\" style=\"font-size: 16px;\">\n            5\/5 - (1 voto)    <\/div>\n    <\/div>\n<p><img data-recalc-dims=\"1\" loading=\"lazy\" decoding=\"async\" class=\"alignnone size-full wp-image-6474\" src=\"https:\/\/i0.wp.com\/www.reclamador.es\/blog\/wp-content\/uploads\/2017\/02\/blog-respirar.jpg.png?resize=1200%2C795&#038;ssl=1\" alt=\"persona en el campo liberada tras dejar de pagar la cl\u00e1usula suelo gracias a reclamador\" width=\"1200\" height=\"795\" srcset=\"https:\/\/i0.wp.com\/www.reclamador.es\/blog\/wp-content\/uploads\/2017\/02\/blog-respirar.jpg.png?w=1200&amp;ssl=1 1200w, https:\/\/i0.wp.com\/www.reclamador.es\/blog\/wp-content\/uploads\/2017\/02\/blog-respirar.jpg.png?resize=300%2C199&amp;ssl=1 300w, https:\/\/i0.wp.com\/www.reclamador.es\/blog\/wp-content\/uploads\/2017\/02\/blog-respirar.jpg.png?resize=768%2C509&amp;ssl=1 768w\" sizes=\"auto, (max-width: 1000px) 100vw, 1000px\" \/><\/p>\n<blockquote><p>Bernardo Caba\u00f1ero: \"Me anim\u00e9 a reclamar para hacer justicia\".<\/p><\/blockquote>\n<p><span style=\"font-family: 'Georgia','serif'; color: #333333;\">Desde que comenz\u00f3 la crisis econ\u00f3mica, hace ya casi diez a\u00f1os, miles de familias espa\u00f1olas empezaron a notar que <\/span><span style=\"font-family: 'Georgia','serif'; color: #333333;\">algo raro pasaba con sus hipotecas. Por m\u00e1s que el Euribor bajaba, la cuota mensual de la vivienda segu\u00eda siendo la misma, a pesar de tener contratada una hipoteca a tipo variable. El banco les hab\u00eda impuesto una cifra m\u00ednima de intereses que se mantendr\u00eda aunque el Eur\u00edbor estuviera m\u00e1s bajo. Era la famosa\u00a0<a href=\"https:\/\/www.reclamador.es\/banco\/reclamacion-clausula-suelo\/\">cl\u00e1usula suelo abusiva<\/a>.<\/span><\/p>\n<p><span style=\"font-family: 'Georgia','serif'; color: #333333;\">Despu\u00e9s de mucho tiempo, los afectados por la<span class=\"apple-converted-space\">\u00a0<\/span><strong><span style=\"font-family: 'Georgia','serif';\">cl\u00e1usula suelo<\/span><\/strong><span class=\"apple-converted-space\">\u00a0<\/span>est\u00e1n viendo reconocidos sus derechos en los juzgados y est\u00e1n recuperando su dinero. De media, seg\u00fan nuestros c\u00e1lculos, m\u00e1s de 8.000 euros. Por eso, e<\/span><span style=\"font-family: 'Georgia','serif'; color: #333333;\">sta semana te invitamos a conocer a tres de nuestros clientes que nos han contado qu\u00e9 ha significado para ellos el no tener cl\u00e1usula suelo. <strong>Hoy, los protagonistas de los enga\u00f1os de los bancos nos resumen en una frase su experiencia. P<\/strong><\/span><strong><span style=\"font-family: 'Georgia','serif'; color: #333333;\">orque m\u00e1s all\u00e1 de las sentencias, de los enga\u00f1os\u00a0y de las cifras de afectados, hay personas:<\/span><\/strong><\/p>\n<h2><strong>\u201cAhora puedo respirar\u201d<\/strong><\/h2>\n<p><strong>Antonio Juan Verea<\/strong>, residente en Baleares, es un jubilado casado y con dos hijos. Ha trabajado en el sector hotelero toda su vida. Compr\u00f3 dos viviendas en Ibiza, una hace 22 a\u00f1os y otra algo m\u00e1s tarde. \u201cEnseguida\u201d se dio cuenta de que ten\u00eda cl\u00e1usula suelo, seg\u00fan nos indic\u00f3 cuando inici\u00f3 su reclamaci\u00f3n. \u201cFui al banco\u00a0<strong>(Banca March)\u00a0<\/strong>para que me bajaran la cuota mensual pero no lo hicieron hasta que acud\u00ed a vosotros. Ahora puedo respirar: la cuota me ha bajado casi 600\u20ac\u201d.<\/p>\n<h2><strong>\u00a0<\/strong><strong>\u201cQuer\u00eda hacer justicia\u201d<\/strong><\/h2>\n<p><strong>Bernardo Caba\u00f1ero<\/strong>, natural de Albacete, (63 a\u00f1os, casado y con un hijo) es un empresario afectado por dos cl\u00e1usulas suelo: en la hipoteca de una oficina y en la de un terreno de su esposa. Ambas <a href=\"https:\/\/www.reclamador.es\/banco\/reclamacion-clausula-suelo\/caixabank\/\">cl\u00e1usulas suelo con\u00a0<strong>CaixaBank<\/strong><\/a>. Se enter\u00f3 de que ten\u00eda cl\u00e1usula suelo por el boom informativo. En todo el proceso, el director del banco de su sucursal ha tratado de llegar a un acuerdo con \u00e9l. Prefiri\u00f3 seguir adelante con el proceso junto\u00a0a nosotros. \u201cM\u00e1s que alivio econ\u00f3mico, me anim\u00e9 a reclamar para hacer justicia\u201d, nos comenta\u00a0Bernardo.<\/p>\n<h2><strong>\u201cLlegar a fin de mes\u201d<\/strong><\/h2>\n<p><strong>F\u00e1tima Ramos<\/strong>\u00a0(37 a\u00f1os, casada y con una ni\u00f1a peque\u00f1a) es arquitecto t\u00e9cnico. Hace 9 a\u00f1os que compr\u00f3 su vivienda en Gerona. Para ello pidi\u00f3 un cr\u00e9dito con\u00a0<strong>Banco Ceiss<\/strong>, y se llev\u00f3 una gran sorpresa a\u00f1os despu\u00e9s al comprobar que ten\u00eda cl\u00e1usula suelo. \u201cTras ver este tipo de noticias en los medios, consult\u00e9 mis escrituras y lo pon\u00eda bien claro, aunque yo desconoc\u00eda lo que era la cl\u00e1usula suelo. El banco en ning\u00fan momento se ha puesto en contacto conmigo ni siquiera cuando empec\u00e9 la reclamaci\u00f3n a trav\u00e9s de vosotros\u201d.<\/p>\n<p><strong>reclamador: \u00bfQu\u00e9 supuso para ti el dejar de pagar la cl\u00e1usula suelo F\u00e1tima? <\/strong><\/p>\n<p><strong>F\u00e1tima:<\/strong> Antes no llegaba a final de mes. Pero ahora, con la eliminaci\u00f3n de la cl\u00e1usula suelo no es que me sobre dinero, pero al menos no me falta, lo cual es un alivio. Estoy muy contenta.<\/p>\n<p><strong>r: \u00bfTe result\u00f3 f\u00e1cil reclamar con nosotros?<\/strong><\/p>\n<p><strong>F:<\/strong> S\u00ed, y adem\u00e1s, estuve informada de cada paso que dabais para ganar mi caso y de cada avance. Lo cual se agradece much\u00edsimo.<\/p>\n<h6 style=\"text-align: center;\"><strong><a href=\"#mc4wp_form_widget-2\">Suscr\u00edbete a nuestro bolet\u00edn semanal<\/a> si quieres que te sigamos informando.<\/strong><\/h6>\n<p>Esperamos que te haya gustado conocer los casos de estas personas, para nosotros unas <strong>luchadoras<\/strong>. Consumidores afectados por las malas pr\u00e1cticas de los bancos que han recuperado su dinero y han logrado que se haga justicia. No se rindieron por el camino.<\/p>\n<p>Desde reclamador.es queremos acompa\u00f1arte en este camino. No est\u00e1s solo.<\/p>\n<div class=\"ttr_end\"><\/div>","protected":false},"excerpt":{"rendered":"<p>Bernardo Caba\u00f1ero: \"Me anim\u00e9 a reclamar para hacer justicia\". Desde que comenz\u00f3 la crisis econ\u00f3mica, hace ya casi diez a\u00f1os, miles de familias espa\u00f1olas empezaron a notar que algo raro pasaba con sus hipotecas. Por m\u00e1s que el Euribor bajaba, la cuota mensual de la vivienda segu\u00eda siendo la misma, a pesar de tener contratada [&hellip;]<\/p>\n","protected":false},"author":3,"featured_media":6474,"comment_status":"closed","ping_status":"open","sticky":false,"template":"","format":"standard","meta":{"_acf_changed":false,"_genesis_hide_title":false,"_genesis_hide_breadcrumbs":false,"_genesis_hide_singular_image":false,"_genesis_hide_footer_widgets":false,"_genesis_custom_body_class":"","_genesis_custom_post_class":"","_genesis_layout":"","_jetpack_newsletter_access":"","_jetpack_dont_email_post_to_subs":true,"_jetpack_newsletter_tier_id":0,"_jetpack_memberships_contains_paywalled_content":false,"_jetpack_memberships_contains_paid_content":false,"footnotes":""},"categories":[396],"tags":[278,97,255,289],"class_list":{"0":"post-6473","1":"post","2":"type-post","3":"status-publish","4":"format-standard","5":"has-post-thumbnail","7":"category-reclamadores","8":"tag-banca","9":"tag-clausula-suelo","10":"tag-indemnizacion","11":"tag-reclamacion","12":"entry"},"acf":[],"yoast_head":"<!-- This site is optimized with the Yoast SEO plugin v27.4 - https:\/\/yoast.com\/product\/yoast-seo-wordpress\/ -->\n<title>Entrevista a Antonio J. Verea afectado por cl\u00e1usula suelo<\/title>\n<meta name=\"description\" content=\"Antonio J. Verea y otros afectados nos cuentan qu\u00e9 ha supuesto que les quitaran su cl\u00e1usula suelo gracias a las demandas que ganaron.\" \/>\n<meta name=\"robots\" content=\"index, follow, max-snippet:-1, max-image-preview:large, max-video-preview:-1\" \/>\n<link rel=\"canonical\" href=\"https:\/\/www.reclamador.es\/blog\/antonio-juan-verea-afectado-por-la-clausula-suelo-ahora-puedo-respirar\/\" \/>\n<meta property=\"og:locale\" content=\"es_ES\" \/>\n<meta property=\"og:type\" content=\"article\" \/>\n<meta property=\"og:title\" content=\"Entrevista a Antonio J. Verea afectado por cl\u00e1usula suelo\" \/>\n<meta property=\"og:description\" content=\"Antonio J. Verea y otros afectados nos cuentan qu\u00e9 ha supuesto que les quitaran su cl\u00e1usula suelo gracias a las demandas que ganaron.\" \/>\n<meta property=\"og:url\" content=\"https:\/\/www.reclamador.es\/blog\/antonio-juan-verea-afectado-por-la-clausula-suelo-ahora-puedo-respirar\/\" \/>\n<meta property=\"og:site_name\" content=\"Rebeldes con causa, el blog de reclamador.es\" \/>\n<meta property=\"article:publisher\" content=\"https:\/\/www.facebook.com\/reclamador.es\" \/>\n<meta property=\"article:published_time\" content=\"2017-03-01T11:00:33+00:00\" \/>\n<meta property=\"article:modified_time\" content=\"2022-11-25T11:02:09+00:00\" \/>\n<meta property=\"og:image\" content=\"https:\/\/i0.wp.com\/www.reclamador.es\/blog\/wp-content\/uploads\/2017\/02\/blog-respirar.jpg.png?fit=1200%2C795&ssl=1\" \/>\n\t<meta property=\"og:image:width\" content=\"1200\" \/>\n\t<meta property=\"og:image:height\" content=\"795\" \/>\n\t<meta property=\"og:image:type\" content=\"image\/png\" \/>\n<meta name=\"author\" content=\"Cristina Naveda\" \/>\n<meta name=\"twitter:card\" content=\"summary_large_image\" \/>\n<meta name=\"twitter:creator\" content=\"@reclamador\" \/>\n<meta name=\"twitter:site\" content=\"@reclamador\" \/>\n<meta name=\"twitter:label1\" content=\"Escrito por\" \/>\n\t<meta name=\"twitter:data1\" content=\"Cristina Naveda\" \/>\n\t<meta name=\"twitter:label2\" content=\"Tiempo de lectura\" \/>\n\t<meta name=\"twitter:data2\" content=\"3 minutos\" \/>\n<script type=\"application\/ld+json\" class=\"yoast-schema-graph\">{\"@context\":\"https:\\\/\\\/schema.org\",\"@graph\":[{\"@type\":\"Article\",\"@id\":\"https:\\\/\\\/www.reclamador.es\\\/blog\\\/antonio-juan-verea-afectado-por-la-clausula-suelo-ahora-puedo-respirar\\\/#article\",\"isPartOf\":{\"@id\":\"https:\\\/\\\/www.reclamador.es\\\/blog\\\/antonio-juan-verea-afectado-por-la-clausula-suelo-ahora-puedo-respirar\\\/\"},\"author\":{\"name\":\"Cristina Naveda\",\"@id\":\"https:\\\/\\\/www.reclamador.es\\\/blog\\\/#\\\/schema\\\/person\\\/c446a02b3fcf1607a8a2139c36fbe583\"},\"headline\":\"Antonio Verea, afectado por la cl\u00e1usula suelo: \\\"Ahora puedo respirar\\\"\",\"datePublished\":\"2017-03-01T11:00:33+00:00\",\"dateModified\":\"2022-11-25T11:02:09+00:00\",\"mainEntityOfPage\":{\"@id\":\"https:\\\/\\\/www.reclamador.es\\\/blog\\\/antonio-juan-verea-afectado-por-la-clausula-suelo-ahora-puedo-respirar\\\/\"},\"wordCount\":677,\"publisher\":{\"@id\":\"https:\\\/\\\/www.reclamador.es\\\/blog\\\/#organization\"},\"image\":{\"@id\":\"https:\\\/\\\/www.reclamador.es\\\/blog\\\/antonio-juan-verea-afectado-por-la-clausula-suelo-ahora-puedo-respirar\\\/#primaryimage\"},\"thumbnailUrl\":\"https:\\\/\\\/i0.wp.com\\\/www.reclamador.es\\\/blog\\\/wp-content\\\/uploads\\\/2017\\\/02\\\/blog-respirar.jpg.png?fit=1200%2C795&ssl=1\",\"keywords\":[\"banca\",\"clausula suelo\",\"indemnizaci\u00f3n\",\"reclamaci\u00f3n\"],\"articleSection\":[\"Conoce todo lo que sucede en reclamador.es\"],\"inLanguage\":\"es\"},{\"@type\":\"WebPage\",\"@id\":\"https:\\\/\\\/www.reclamador.es\\\/blog\\\/antonio-juan-verea-afectado-por-la-clausula-suelo-ahora-puedo-respirar\\\/\",\"url\":\"https:\\\/\\\/www.reclamador.es\\\/blog\\\/antonio-juan-verea-afectado-por-la-clausula-suelo-ahora-puedo-respirar\\\/\",\"name\":\"Entrevista a Antonio J. Verea afectado por cl\u00e1usula suelo\",\"isPartOf\":{\"@id\":\"https:\\\/\\\/www.reclamador.es\\\/blog\\\/#website\"},\"primaryImageOfPage\":{\"@id\":\"https:\\\/\\\/www.reclamador.es\\\/blog\\\/antonio-juan-verea-afectado-por-la-clausula-suelo-ahora-puedo-respirar\\\/#primaryimage\"},\"image\":{\"@id\":\"https:\\\/\\\/www.reclamador.es\\\/blog\\\/antonio-juan-verea-afectado-por-la-clausula-suelo-ahora-puedo-respirar\\\/#primaryimage\"},\"thumbnailUrl\":\"https:\\\/\\\/i0.wp.com\\\/www.reclamador.es\\\/blog\\\/wp-content\\\/uploads\\\/2017\\\/02\\\/blog-respirar.jpg.png?fit=1200%2C795&ssl=1\",\"datePublished\":\"2017-03-01T11:00:33+00:00\",\"dateModified\":\"2022-11-25T11:02:09+00:00\",\"description\":\"Antonio J. Verea y otros afectados nos cuentan qu\u00e9 ha supuesto que les quitaran su cl\u00e1usula suelo gracias a las demandas que ganaron.\",\"breadcrumb\":{\"@id\":\"https:\\\/\\\/www.reclamador.es\\\/blog\\\/antonio-juan-verea-afectado-por-la-clausula-suelo-ahora-puedo-respirar\\\/#breadcrumb\"},\"inLanguage\":\"es\",\"potentialAction\":[{\"@type\":\"ReadAction\",\"target\":[\"https:\\\/\\\/www.reclamador.es\\\/blog\\\/antonio-juan-verea-afectado-por-la-clausula-suelo-ahora-puedo-respirar\\\/\"]}]},{\"@type\":\"ImageObject\",\"inLanguage\":\"es\",\"@id\":\"https:\\\/\\\/www.reclamador.es\\\/blog\\\/antonio-juan-verea-afectado-por-la-clausula-suelo-ahora-puedo-respirar\\\/#primaryimage\",\"url\":\"https:\\\/\\\/i0.wp.com\\\/www.reclamador.es\\\/blog\\\/wp-content\\\/uploads\\\/2017\\\/02\\\/blog-respirar.jpg.png?fit=1200%2C795&ssl=1\",\"contentUrl\":\"https:\\\/\\\/i0.wp.com\\\/www.reclamador.es\\\/blog\\\/wp-content\\\/uploads\\\/2017\\\/02\\\/blog-respirar.jpg.png?fit=1200%2C795&ssl=1\",\"width\":1200,\"height\":795},{\"@type\":\"BreadcrumbList\",\"@id\":\"https:\\\/\\\/www.reclamador.es\\\/blog\\\/antonio-juan-verea-afectado-por-la-clausula-suelo-ahora-puedo-respirar\\\/#breadcrumb\",\"itemListElement\":[{\"@type\":\"ListItem\",\"position\":1,\"name\":\"Portada\",\"item\":\"https:\\\/\\\/www.reclamador.es\\\/blog\\\/\"},{\"@type\":\"ListItem\",\"position\":2,\"name\":\"Antonio Verea, afectado por la cl\u00e1usula suelo: \\\"Ahora puedo respirar\\\"\"}]},{\"@type\":\"WebSite\",\"@id\":\"https:\\\/\\\/www.reclamador.es\\\/blog\\\/#website\",\"url\":\"https:\\\/\\\/www.reclamador.es\\\/blog\\\/\",\"name\":\"Rebeldes con causa, el blog de reclamador.es\",\"description\":\"Noticias, entrevistas y consejos sobre reclamaciones\",\"publisher\":{\"@id\":\"https:\\\/\\\/www.reclamador.es\\\/blog\\\/#organization\"},\"potentialAction\":[{\"@type\":\"SearchAction\",\"target\":{\"@type\":\"EntryPoint\",\"urlTemplate\":\"https:\\\/\\\/www.reclamador.es\\\/blog\\\/?s={search_term_string}\"},\"query-input\":{\"@type\":\"PropertyValueSpecification\",\"valueRequired\":true,\"valueName\":\"search_term_string\"}}],\"inLanguage\":\"es\"},{\"@type\":\"Organization\",\"@id\":\"https:\\\/\\\/www.reclamador.es\\\/blog\\\/#organization\",\"name\":\"reclamador.es\",\"url\":\"https:\\\/\\\/www.reclamador.es\\\/blog\\\/\",\"logo\":{\"@type\":\"ImageObject\",\"inLanguage\":\"es\",\"@id\":\"https:\\\/\\\/www.reclamador.es\\\/blog\\\/#\\\/schema\\\/logo\\\/image\\\/\",\"url\":\"https:\\\/\\\/i0.wp.com\\\/www.reclamador.es\\\/blog\\\/wp-content\\\/uploads\\\/2020\\\/01\\\/logo-reclamador.png?fit=1200%2C144&ssl=1\",\"contentUrl\":\"https:\\\/\\\/i0.wp.com\\\/www.reclamador.es\\\/blog\\\/wp-content\\\/uploads\\\/2020\\\/01\\\/logo-reclamador.png?fit=1200%2C144&ssl=1\",\"width\":1200,\"height\":144,\"caption\":\"reclamador.es\"},\"image\":{\"@id\":\"https:\\\/\\\/www.reclamador.es\\\/blog\\\/#\\\/schema\\\/logo\\\/image\\\/\"},\"sameAs\":[\"https:\\\/\\\/www.facebook.com\\\/reclamador.es\",\"https:\\\/\\\/x.com\\\/reclamador\",\"https:\\\/\\\/www.instagram.com\\\/reclamador.es\\\/\",\"https:\\\/\\\/www.linkedin.com\\\/company\\\/reclamador-es\",\"https:\\\/\\\/www.youtube.com\\\/user\\\/Reclamadores\"]},{\"@type\":\"Person\",\"@id\":\"https:\\\/\\\/www.reclamador.es\\\/blog\\\/#\\\/schema\\\/person\\\/c446a02b3fcf1607a8a2139c36fbe583\",\"name\":\"Cristina Naveda\",\"image\":{\"@type\":\"ImageObject\",\"inLanguage\":\"es\",\"@id\":\"https:\\\/\\\/secure.gravatar.com\\\/avatar\\\/1df04000ab560ffd4824a3ce70f826eb8bd6a9bfc6cc9097a363e6cd67f07ec0?s=96&d=mm&r=g\",\"url\":\"https:\\\/\\\/secure.gravatar.com\\\/avatar\\\/1df04000ab560ffd4824a3ce70f826eb8bd6a9bfc6cc9097a363e6cd67f07ec0?s=96&d=mm&r=g\",\"contentUrl\":\"https:\\\/\\\/secure.gravatar.com\\\/avatar\\\/1df04000ab560ffd4824a3ce70f826eb8bd6a9bfc6cc9097a363e6cd67f07ec0?s=96&d=mm&r=g\",\"caption\":\"Cristina Naveda\"},\"description\":\"Me encanta unir la informaci\u00f3n con las personas. Me esfuerzo para que reclamador haga bien esa uni\u00f3n desde el equipo de comunicaci\u00f3n.\",\"url\":\"https:\\\/\\\/www.reclamador.es\\\/blog\\\/author\\\/cristina\\\/\"}]}<\/script>\n<!-- \/ Yoast SEO plugin. -->","yoast_head_json":{"title":"Entrevista a Antonio J. Verea afectado por cl\u00e1usula suelo","description":"Antonio J. Verea y otros afectados nos cuentan qu\u00e9 ha supuesto que les quitaran su cl\u00e1usula suelo gracias a las demandas que ganaron.","robots":{"index":"index","follow":"follow","max-snippet":"max-snippet:-1","max-image-preview":"max-image-preview:large","max-video-preview":"max-video-preview:-1"},"canonical":"https:\/\/www.reclamador.es\/blog\/antonio-juan-verea-afectado-por-la-clausula-suelo-ahora-puedo-respirar\/","og_locale":"es_ES","og_type":"article","og_title":"Entrevista a Antonio J. Verea afectado por cl\u00e1usula suelo","og_description":"Antonio J. Verea y otros afectados nos cuentan qu\u00e9 ha supuesto que les quitaran su cl\u00e1usula suelo gracias a las demandas que ganaron.","og_url":"https:\/\/www.reclamador.es\/blog\/antonio-juan-verea-afectado-por-la-clausula-suelo-ahora-puedo-respirar\/","og_site_name":"Rebeldes con causa, el blog de reclamador.es","article_publisher":"https:\/\/www.facebook.com\/reclamador.es","article_published_time":"2017-03-01T11:00:33+00:00","article_modified_time":"2022-11-25T11:02:09+00:00","og_image":[{"width":1200,"height":795,"url":"https:\/\/i0.wp.com\/www.reclamador.es\/blog\/wp-content\/uploads\/2017\/02\/blog-respirar.jpg.png?fit=1200%2C795&ssl=1","type":"image\/png"}],"author":"Cristina Naveda","twitter_card":"summary_large_image","twitter_creator":"@reclamador","twitter_site":"@reclamador","twitter_misc":{"Escrito por":"Cristina Naveda","Tiempo de lectura":"3 minutos"},"schema":{"@context":"https:\/\/schema.org","@graph":[{"@type":"Article","@id":"https:\/\/www.reclamador.es\/blog\/antonio-juan-verea-afectado-por-la-clausula-suelo-ahora-puedo-respirar\/#article","isPartOf":{"@id":"https:\/\/www.reclamador.es\/blog\/antonio-juan-verea-afectado-por-la-clausula-suelo-ahora-puedo-respirar\/"},"author":{"name":"Cristina Naveda","@id":"https:\/\/www.reclamador.es\/blog\/#\/schema\/person\/c446a02b3fcf1607a8a2139c36fbe583"},"headline":"Antonio Verea, afectado por la cl\u00e1usula suelo: \"Ahora puedo respirar\"","datePublished":"2017-03-01T11:00:33+00:00","dateModified":"2022-11-25T11:02:09+00:00","mainEntityOfPage":{"@id":"https:\/\/www.reclamador.es\/blog\/antonio-juan-verea-afectado-por-la-clausula-suelo-ahora-puedo-respirar\/"},"wordCount":677,"publisher":{"@id":"https:\/\/www.reclamador.es\/blog\/#organization"},"image":{"@id":"https:\/\/www.reclamador.es\/blog\/antonio-juan-verea-afectado-por-la-clausula-suelo-ahora-puedo-respirar\/#primaryimage"},"thumbnailUrl":"https:\/\/i0.wp.com\/www.reclamador.es\/blog\/wp-content\/uploads\/2017\/02\/blog-respirar.jpg.png?fit=1200%2C795&ssl=1","keywords":["banca","clausula suelo","indemnizaci\u00f3n","reclamaci\u00f3n"],"articleSection":["Conoce todo lo que sucede en reclamador.es"],"inLanguage":"es"},{"@type":"WebPage","@id":"https:\/\/www.reclamador.es\/blog\/antonio-juan-verea-afectado-por-la-clausula-suelo-ahora-puedo-respirar\/","url":"https:\/\/www.reclamador.es\/blog\/antonio-juan-verea-afectado-por-la-clausula-suelo-ahora-puedo-respirar\/","name":"Entrevista a Antonio J. Verea afectado por cl\u00e1usula suelo","isPartOf":{"@id":"https:\/\/www.reclamador.es\/blog\/#website"},"primaryImageOfPage":{"@id":"https:\/\/www.reclamador.es\/blog\/antonio-juan-verea-afectado-por-la-clausula-suelo-ahora-puedo-respirar\/#primaryimage"},"image":{"@id":"https:\/\/www.reclamador.es\/blog\/antonio-juan-verea-afectado-por-la-clausula-suelo-ahora-puedo-respirar\/#primaryimage"},"thumbnailUrl":"https:\/\/i0.wp.com\/www.reclamador.es\/blog\/wp-content\/uploads\/2017\/02\/blog-respirar.jpg.png?fit=1200%2C795&ssl=1","datePublished":"2017-03-01T11:00:33+00:00","dateModified":"2022-11-25T11:02:09+00:00","description":"Antonio J. Verea y otros afectados nos cuentan qu\u00e9 ha supuesto que les quitaran su cl\u00e1usula suelo gracias a las demandas que ganaron.","breadcrumb":{"@id":"https:\/\/www.reclamador.es\/blog\/antonio-juan-verea-afectado-por-la-clausula-suelo-ahora-puedo-respirar\/#breadcrumb"},"inLanguage":"es","potentialAction":[{"@type":"ReadAction","target":["https:\/\/www.reclamador.es\/blog\/antonio-juan-verea-afectado-por-la-clausula-suelo-ahora-puedo-respirar\/"]}]},{"@type":"ImageObject","inLanguage":"es","@id":"https:\/\/www.reclamador.es\/blog\/antonio-juan-verea-afectado-por-la-clausula-suelo-ahora-puedo-respirar\/#primaryimage","url":"https:\/\/i0.wp.com\/www.reclamador.es\/blog\/wp-content\/uploads\/2017\/02\/blog-respirar.jpg.png?fit=1200%2C795&ssl=1","contentUrl":"https:\/\/i0.wp.com\/www.reclamador.es\/blog\/wp-content\/uploads\/2017\/02\/blog-respirar.jpg.png?fit=1200%2C795&ssl=1","width":1200,"height":795},{"@type":"BreadcrumbList","@id":"https:\/\/www.reclamador.es\/blog\/antonio-juan-verea-afectado-por-la-clausula-suelo-ahora-puedo-respirar\/#breadcrumb","itemListElement":[{"@type":"ListItem","position":1,"name":"Portada","item":"https:\/\/www.reclamador.es\/blog\/"},{"@type":"ListItem","position":2,"name":"Antonio Verea, afectado por la cl\u00e1usula suelo: \"Ahora puedo respirar\""}]},{"@type":"WebSite","@id":"https:\/\/www.reclamador.es\/blog\/#website","url":"https:\/\/www.reclamador.es\/blog\/","name":"Rebeldes con causa, el blog de reclamador.es","description":"Noticias, entrevistas y consejos sobre reclamaciones","publisher":{"@id":"https:\/\/www.reclamador.es\/blog\/#organization"},"potentialAction":[{"@type":"SearchAction","target":{"@type":"EntryPoint","urlTemplate":"https:\/\/www.reclamador.es\/blog\/?s={search_term_string}"},"query-input":{"@type":"PropertyValueSpecification","valueRequired":true,"valueName":"search_term_string"}}],"inLanguage":"es"},{"@type":"Organization","@id":"https:\/\/www.reclamador.es\/blog\/#organization","name":"reclamador.es","url":"https:\/\/www.reclamador.es\/blog\/","logo":{"@type":"ImageObject","inLanguage":"es","@id":"https:\/\/www.reclamador.es\/blog\/#\/schema\/logo\/image\/","url":"https:\/\/i0.wp.com\/www.reclamador.es\/blog\/wp-content\/uploads\/2020\/01\/logo-reclamador.png?fit=1200%2C144&ssl=1","contentUrl":"https:\/\/i0.wp.com\/www.reclamador.es\/blog\/wp-content\/uploads\/2020\/01\/logo-reclamador.png?fit=1200%2C144&ssl=1","width":1200,"height":144,"caption":"reclamador.es"},"image":{"@id":"https:\/\/www.reclamador.es\/blog\/#\/schema\/logo\/image\/"},"sameAs":["https:\/\/www.facebook.com\/reclamador.es","https:\/\/x.com\/reclamador","https:\/\/www.instagram.com\/reclamador.es\/","https:\/\/www.linkedin.com\/company\/reclamador-es","https:\/\/www.youtube.com\/user\/Reclamadores"]},{"@type":"Person","@id":"https:\/\/www.reclamador.es\/blog\/#\/schema\/person\/c446a02b3fcf1607a8a2139c36fbe583","name":"Cristina Naveda","image":{"@type":"ImageObject","inLanguage":"es","@id":"https:\/\/secure.gravatar.com\/avatar\/1df04000ab560ffd4824a3ce70f826eb8bd6a9bfc6cc9097a363e6cd67f07ec0?s=96&d=mm&r=g","url":"https:\/\/secure.gravatar.com\/avatar\/1df04000ab560ffd4824a3ce70f826eb8bd6a9bfc6cc9097a363e6cd67f07ec0?s=96&d=mm&r=g","contentUrl":"https:\/\/secure.gravatar.com\/avatar\/1df04000ab560ffd4824a3ce70f826eb8bd6a9bfc6cc9097a363e6cd67f07ec0?s=96&d=mm&r=g","caption":"Cristina Naveda"},"description":"Me encanta unir la informaci\u00f3n con las personas. Me esfuerzo para que reclamador haga bien esa uni\u00f3n desde el equipo de comunicaci\u00f3n.","url":"https:\/\/www.reclamador.es\/blog\/author\/cristina\/"}]}},"jetpack_featured_media_url":"https:\/\/i0.wp.com\/www.reclamador.es\/blog\/wp-content\/uploads\/2017\/02\/blog-respirar.jpg.png?fit=1200%2C795&ssl=1","jetpack-related-posts":[{"id":3785,"url":"https:\/\/www.reclamador.es\/blog\/que-es-la-clausula-suelo\/","url_meta":{"origin":6473,"position":0},"title":"\u00bfQu\u00e9 es la cl\u00e1usula suelo?","author":"Equipo reclamador","date":"1 marzo, 2024","format":false,"excerpt":"\u00bfSab\u00edas que todav\u00eda hay muchos hipotecados que no han reclamado la cl\u00e1usula suelo de su hipoteca? Numerosas noticias han salido en medios de comunicaci\u00f3n hablando de la posibilidad de quitar esta cl\u00e1usula del pr\u00e9stamo, pero a\u00fan as\u00ed, a d\u00eda de hoy hay personas que no han dado el paso de\u2026","rel":"","context":"En \u00abConsejos legales\u00bb","block_context":{"text":"Consejos legales","link":"https:\/\/www.reclamador.es\/blog\/consejos\/"},"img":{"alt_text":"Qu\u00e9 es la cl\u00e1usula suelo - reclamador.es","src":"https:\/\/i0.wp.com\/www.reclamador.es\/blog\/wp-content\/uploads\/2020\/03\/que-es-la-clausula-suelo-reclamar-reclamador.es_.jpg?fit=1200%2C630&ssl=1&resize=350%2C200","width":350,"height":200,"srcset":"https:\/\/i0.wp.com\/www.reclamador.es\/blog\/wp-content\/uploads\/2020\/03\/que-es-la-clausula-suelo-reclamar-reclamador.es_.jpg?fit=1200%2C630&ssl=1&resize=350%2C200 1x, https:\/\/i0.wp.com\/www.reclamador.es\/blog\/wp-content\/uploads\/2020\/03\/que-es-la-clausula-suelo-reclamar-reclamador.es_.jpg?fit=1200%2C630&ssl=1&resize=525%2C300 1.5x, https:\/\/i0.wp.com\/www.reclamador.es\/blog\/wp-content\/uploads\/2020\/03\/que-es-la-clausula-suelo-reclamar-reclamador.es_.jpg?fit=1200%2C630&ssl=1&resize=700%2C400 2x, https:\/\/i0.wp.com\/www.reclamador.es\/blog\/wp-content\/uploads\/2020\/03\/que-es-la-clausula-suelo-reclamar-reclamador.es_.jpg?fit=1200%2C630&ssl=1&resize=1050%2C600 3x"},"classes":[]},{"id":4563,"url":"https:\/\/www.reclamador.es\/blog\/clausula-cero\/","url_meta":{"origin":6473,"position":1},"title":"\u00bfQu\u00e9 es la cl\u00e1usula cero?","author":"Equipo reclamador","date":"11 febrero, 2019","format":false,"excerpt":"*Texto revisado julio 2025 Las hipotecas siguen siendo uno de los productos bancarios m\u00e1s contratados y, tambi\u00e9n, uno de los que genera m\u00e1s pol\u00e9mica. El establecimiento de cl\u00e1usulas que protegen a las entidades bancarias frente a los usuarios sigue siendo uno de los principales motivos de queja de los consumidores,\u2026","rel":"","context":"En \u00abConsejos legales\u00bb","block_context":{"text":"Consejos legales","link":"https:\/\/www.reclamador.es\/blog\/consejos\/"},"img":{"alt_text":"Descubre con El Reclamador qu\u00e9 es la cl\u00e1usula suelo de tu hipoteca y c\u00f3mo te afecta con el Eur\u00edbor en negativo.","src":"https:\/\/i0.wp.com\/www.reclamador.es\/blog\/wp-content\/uploads\/2016\/07\/flat.jpg?fit=1200%2C800&ssl=1&resize=350%2C200","width":350,"height":200,"srcset":"https:\/\/i0.wp.com\/www.reclamador.es\/blog\/wp-content\/uploads\/2016\/07\/flat.jpg?fit=1200%2C800&ssl=1&resize=350%2C200 1x, https:\/\/i0.wp.com\/www.reclamador.es\/blog\/wp-content\/uploads\/2016\/07\/flat.jpg?fit=1200%2C800&ssl=1&resize=525%2C300 1.5x, https:\/\/i0.wp.com\/www.reclamador.es\/blog\/wp-content\/uploads\/2016\/07\/flat.jpg?fit=1200%2C800&ssl=1&resize=700%2C400 2x, https:\/\/i0.wp.com\/www.reclamador.es\/blog\/wp-content\/uploads\/2016\/07\/flat.jpg?fit=1200%2C800&ssl=1&resize=1050%2C600 3x"},"classes":[]},{"id":4329,"url":"https:\/\/www.reclamador.es\/blog\/suelo-hipotecario\/","url_meta":{"origin":6473,"position":2},"title":"Cl\u00e1usula suelo: todo lo que saber sobre el \"suelo de la hipoteca\"","author":"Equipo reclamador","date":"27 diciembre, 2021","format":false,"excerpt":"Durante muchos a\u00f1os hemos vivido la inclusi\u00f3n de cl\u00e1usulas abusivas en las hipotecas que perjudicaron gravemente a los consumidores. Los gastos hipotecarios asumidos en exclusiva por los clientes, pr\u00e9stamos referenciados en otras divisas que aumentaron de forma exponencial el capital pendiente del mismo y la famosa cl\u00e1usula suelo, que consiste\u2026","rel":"","context":"En \u00abConsejos legales\u00bb","block_context":{"text":"Consejos legales","link":"https:\/\/www.reclamador.es\/blog\/consejos\/"},"img":{"alt_text":"clausula suelo hipoteca","src":"https:\/\/i0.wp.com\/www.reclamador.es\/blog\/wp-content\/uploads\/2018\/12\/reclamar-suelo-de-la-hipoteca-reclamador.jpg?fit=1200%2C630&ssl=1&resize=350%2C200","width":350,"height":200,"srcset":"https:\/\/i0.wp.com\/www.reclamador.es\/blog\/wp-content\/uploads\/2018\/12\/reclamar-suelo-de-la-hipoteca-reclamador.jpg?fit=1200%2C630&ssl=1&resize=350%2C200 1x, https:\/\/i0.wp.com\/www.reclamador.es\/blog\/wp-content\/uploads\/2018\/12\/reclamar-suelo-de-la-hipoteca-reclamador.jpg?fit=1200%2C630&ssl=1&resize=525%2C300 1.5x, https:\/\/i0.wp.com\/www.reclamador.es\/blog\/wp-content\/uploads\/2018\/12\/reclamar-suelo-de-la-hipoteca-reclamador.jpg?fit=1200%2C630&ssl=1&resize=700%2C400 2x, https:\/\/i0.wp.com\/www.reclamador.es\/blog\/wp-content\/uploads\/2018\/12\/reclamar-suelo-de-la-hipoteca-reclamador.jpg?fit=1200%2C630&ssl=1&resize=1050%2C600 3x"},"classes":[]},{"id":1295,"url":"https:\/\/www.reclamador.es\/blog\/reclamar-clausula-suelo-y-dinero-cobrado-de-mas\/","url_meta":{"origin":6473,"position":3},"title":"\u00bfSe pueden reclamar las cl\u00e1usulas suelo y el dinero cobrado de m\u00e1s?","author":"Equipo reclamador","date":"26 agosto, 2014","format":false,"excerpt":"*Texto modificado octubre 2024 S\u00ed, puedes y est\u00e1s en tu derecho de hacer una reclamaci\u00f3n de cl\u00e1usula suelo v\u00eda demanda judicial individual. Es un proceso largo pero el resultado es muy satisfactorio. En los juzgados, los bancos pierden y los clientes ganan. As\u00ed lo estamos viendo en reclamador.es. Tenemos m\u00e1s\u2026","rel":"","context":"En \u00abConsejos legales\u00bb","block_context":{"text":"Consejos legales","link":"https:\/\/www.reclamador.es\/blog\/consejos\/"},"img":{"alt_text":"Reclamaciones de cl\u00e1usulas suelo con reclamador.es","src":"https:\/\/i0.wp.com\/www.reclamador.es\/blog\/wp-content\/uploads\/2014\/08\/reclamar-clausula-suelo-con-reclamador.jpg?fit=1198%2C631&ssl=1&resize=350%2C200","width":350,"height":200,"srcset":"https:\/\/i0.wp.com\/www.reclamador.es\/blog\/wp-content\/uploads\/2014\/08\/reclamar-clausula-suelo-con-reclamador.jpg?fit=1198%2C631&ssl=1&resize=350%2C200 1x, https:\/\/i0.wp.com\/www.reclamador.es\/blog\/wp-content\/uploads\/2014\/08\/reclamar-clausula-suelo-con-reclamador.jpg?fit=1198%2C631&ssl=1&resize=525%2C300 1.5x, https:\/\/i0.wp.com\/www.reclamador.es\/blog\/wp-content\/uploads\/2014\/08\/reclamar-clausula-suelo-con-reclamador.jpg?fit=1198%2C631&ssl=1&resize=700%2C400 2x, https:\/\/i0.wp.com\/www.reclamador.es\/blog\/wp-content\/uploads\/2014\/08\/reclamar-clausula-suelo-con-reclamador.jpg?fit=1198%2C631&ssl=1&resize=1050%2C600 3x"},"classes":[]},{"id":4960,"url":"https:\/\/www.reclamador.es\/blog\/euribor\/","url_meta":{"origin":6473,"position":4},"title":"Eur\u00edbor: \u00bfqu\u00e9 implicaciones tiene en el d\u00eda a d\u00eda?","author":"Equipo reclamador","date":"4 noviembre, 2020","format":false,"excerpt":"Seguro que has escuchado m\u00e1s de una vez la palabra Eur\u00edbor y m\u00e1s si est\u00e1s inmerso en la b\u00fasqueda de una vivienda para adquirir en propiedad y necesitas solicitar hipoteca. Para entender c\u00f3mo te afecta en el d\u00eda a d\u00eda, vamos a explicarte qu\u00e9 es el Euribor y si solo\u2026","rel":"","context":"En \u00abConsejos legales\u00bb","block_context":{"text":"Consejos legales","link":"https:\/\/www.reclamador.es\/blog\/consejos\/"},"img":{"alt_text":"El Eur\u00edbor afecta a las hipotecas y a los ahorros de manera directa","src":"https:\/\/i0.wp.com\/www.reclamador.es\/blog\/wp-content\/uploads\/2020\/11\/casa-moderna-vivienda-hipoteca.jpg?fit=1200%2C718&ssl=1&resize=350%2C200","width":350,"height":200,"srcset":"https:\/\/i0.wp.com\/www.reclamador.es\/blog\/wp-content\/uploads\/2020\/11\/casa-moderna-vivienda-hipoteca.jpg?fit=1200%2C718&ssl=1&resize=350%2C200 1x, https:\/\/i0.wp.com\/www.reclamador.es\/blog\/wp-content\/uploads\/2020\/11\/casa-moderna-vivienda-hipoteca.jpg?fit=1200%2C718&ssl=1&resize=525%2C300 1.5x, https:\/\/i0.wp.com\/www.reclamador.es\/blog\/wp-content\/uploads\/2020\/11\/casa-moderna-vivienda-hipoteca.jpg?fit=1200%2C718&ssl=1&resize=700%2C400 2x, https:\/\/i0.wp.com\/www.reclamador.es\/blog\/wp-content\/uploads\/2020\/11\/casa-moderna-vivienda-hipoteca.jpg?fit=1200%2C718&ssl=1&resize=1050%2C600 3x"},"classes":[]},{"id":22845,"url":"https:\/\/www.reclamador.es\/blog\/pagara-el-banco-por-la-hipoteca\/","url_meta":{"origin":6473,"position":5},"title":"\u00bfTe pagar\u00e1 el banco por tu hipoteca si el eur\u00edbor est\u00e1 en negativo?","author":"Irene Becerra","date":"26 septiembre, 2019","format":false,"excerpt":"Desde que el eur\u00edbor est\u00e1 en negativo, la duda est\u00e1 en el aire: \u00bfpodr\u00edan los bancos verse obligados a pagar a sus clientes con pr\u00e9stamos hipotecarios si el Eur\u00edbor sigue bajando? Como seguro te imaginas, la respuesta de las propias entidades financieras a esta cuesti\u00f3n es negativa. No pagar\u00e1n. Pero\u2026","rel":"","context":"En \u00abConsejos legales\u00bb","block_context":{"text":"Consejos legales","link":"https:\/\/www.reclamador.es\/blog\/consejos\/"},"img":{"alt_text":"Pagar\u00e1 el banco por la hipoteca ante un eur\u00edbor negativo","src":"https:\/\/i0.wp.com\/www.reclamador.es\/blog\/wp-content\/uploads\/2019\/09\/euribor-en-negativo-pagara-banco-por-la-hipoteca.jpg?fit=1200%2C630&ssl=1&resize=350%2C200","width":350,"height":200,"srcset":"https:\/\/i0.wp.com\/www.reclamador.es\/blog\/wp-content\/uploads\/2019\/09\/euribor-en-negativo-pagara-banco-por-la-hipoteca.jpg?fit=1200%2C630&ssl=1&resize=350%2C200 1x, https:\/\/i0.wp.com\/www.reclamador.es\/blog\/wp-content\/uploads\/2019\/09\/euribor-en-negativo-pagara-banco-por-la-hipoteca.jpg?fit=1200%2C630&ssl=1&resize=525%2C300 1.5x, https:\/\/i0.wp.com\/www.reclamador.es\/blog\/wp-content\/uploads\/2019\/09\/euribor-en-negativo-pagara-banco-por-la-hipoteca.jpg?fit=1200%2C630&ssl=1&resize=700%2C400 2x, https:\/\/i0.wp.com\/www.reclamador.es\/blog\/wp-content\/uploads\/2019\/09\/euribor-en-negativo-pagara-banco-por-la-hipoteca.jpg?fit=1200%2C630&ssl=1&resize=1050%2C600 3x"},"classes":[]}],"jetpack_sharing_enabled":true,"_links":{"self":[{"href":"https:\/\/www.reclamador.es\/blog\/wp-json\/wp\/v2\/posts\/6473","targetHints":{"allow":["GET"]}}],"collection":[{"href":"https:\/\/www.reclamador.es\/blog\/wp-json\/wp\/v2\/posts"}],"about":[{"href":"https:\/\/www.reclamador.es\/blog\/wp-json\/wp\/v2\/types\/post"}],"author":[{"embeddable":true,"href":"https:\/\/www.reclamador.es\/blog\/wp-json\/wp\/v2\/users\/3"}],"replies":[{"embeddable":true,"href":"https:\/\/www.reclamador.es\/blog\/wp-json\/wp\/v2\/comments?post=6473"}],"version-history":[{"count":23,"href":"https:\/\/www.reclamador.es\/blog\/wp-json\/wp\/v2\/posts\/6473\/revisions"}],"predecessor-version":[{"id":21548,"href":"https:\/\/www.reclamador.es\/blog\/wp-json\/wp\/v2\/posts\/6473\/revisions\/21548"}],"wp:featuredmedia":[{"embeddable":true,"href":"https:\/\/www.reclamador.es\/blog\/wp-json\/wp\/v2\/media\/6474"}],"wp:attachment":[{"href":"https:\/\/www.reclamador.es\/blog\/wp-json\/wp\/v2\/media?parent=6473"}],"wp:term":[{"taxonomy":"category","embeddable":true,"href":"https:\/\/www.reclamador.es\/blog\/wp-json\/wp\/v2\/categories?post=6473"},{"taxonomy":"post_tag","embeddable":true,"href":"https:\/\/www.reclamador.es\/blog\/wp-json\/wp\/v2\/tags?post=6473"}],"curies":[{"name":"wp","href":"https:\/\/api.w.org\/{rel}","templated":true}]}}