{"id":585,"date":"2020-03-15T12:06:00","date_gmt":"2020-03-15T11:06:00","guid":{"rendered":"http:\/\/blog.reclaming.co\/?p=585"},"modified":"2025-05-13T11:18:47","modified_gmt":"2025-05-13T09:18:47","slug":"viajar-en-avion-sin-ninos","status":"publish","type":"post","link":"https:\/\/www.reclamador.es\/blog\/viajar-en-avion-sin-ninos\/","title":{"rendered":"Vuelos sin menores: \u00bfExiste la opci\u00f3n de viajar en avi\u00f3n sin ni\u00f1os?"},"content":{"rendered":"<div class=\"ttr_start\"><\/div>\n\n<div class=\"kk-star-ratings kksr-auto kksr-align-right kksr-valign-top\"\n    data-payload='{&quot;align&quot;:&quot;right&quot;,&quot;id&quot;:&quot;585&quot;,&quot;slug&quot;:&quot;default&quot;,&quot;valign&quot;:&quot;top&quot;,&quot;ignore&quot;:&quot;&quot;,&quot;reference&quot;:&quot;auto&quot;,&quot;class&quot;:&quot;&quot;,&quot;count&quot;:&quot;2&quot;,&quot;legendonly&quot;:&quot;&quot;,&quot;readonly&quot;:&quot;&quot;,&quot;score&quot;:&quot;5&quot;,&quot;starsonly&quot;:&quot;&quot;,&quot;best&quot;:&quot;5&quot;,&quot;gap&quot;:&quot;3&quot;,&quot;greet&quot;:&quot;Valora este art\u00edculo&quot;,&quot;legend&quot;:&quot;5\\\/5 - (2 votos)&quot;,&quot;size&quot;:&quot;20&quot;,&quot;title&quot;:&quot;Vuelos sin menores: \u00bfExiste la opci\u00f3n de viajar en avi\u00f3n sin ni\u00f1os?&quot;,&quot;width&quot;:&quot;113.5&quot;,&quot;_legend&quot;:&quot;{score}\\\/{best} - ({count} {votes})&quot;,&quot;font_factor&quot;:&quot;1.25&quot;}'>\n            \n<div class=\"kksr-stars\">\n    \n<div class=\"kksr-stars-inactive\">\n            <div class=\"kksr-star\" data-star=\"1\" style=\"padding-right: 3px\">\n            \n\n<div class=\"kksr-icon\" style=\"width: 20px; height: 20px;\"><\/div>\n        <\/div>\n            <div class=\"kksr-star\" data-star=\"2\" style=\"padding-right: 3px\">\n            \n\n<div class=\"kksr-icon\" style=\"width: 20px; height: 20px;\"><\/div>\n        <\/div>\n            <div class=\"kksr-star\" data-star=\"3\" style=\"padding-right: 3px\">\n            \n\n<div class=\"kksr-icon\" style=\"width: 20px; height: 20px;\"><\/div>\n        <\/div>\n            <div class=\"kksr-star\" data-star=\"4\" style=\"padding-right: 3px\">\n            \n\n<div class=\"kksr-icon\" style=\"width: 20px; height: 20px;\"><\/div>\n        <\/div>\n            <div class=\"kksr-star\" data-star=\"5\" style=\"padding-right: 3px\">\n            \n\n<div class=\"kksr-icon\" style=\"width: 20px; height: 20px;\"><\/div>\n        <\/div>\n    <\/div>\n    \n<div class=\"kksr-stars-active\" style=\"width: 113.5px;\">\n            <div class=\"kksr-star\" style=\"padding-right: 3px\">\n            \n\n<div class=\"kksr-icon\" style=\"width: 20px; height: 20px;\"><\/div>\n        <\/div>\n            <div class=\"kksr-star\" style=\"padding-right: 3px\">\n            \n\n<div class=\"kksr-icon\" style=\"width: 20px; height: 20px;\"><\/div>\n        <\/div>\n            <div class=\"kksr-star\" style=\"padding-right: 3px\">\n            \n\n<div class=\"kksr-icon\" style=\"width: 20px; height: 20px;\"><\/div>\n        <\/div>\n            <div class=\"kksr-star\" style=\"padding-right: 3px\">\n            \n\n<div class=\"kksr-icon\" style=\"width: 20px; height: 20px;\"><\/div>\n        <\/div>\n            <div class=\"kksr-star\" style=\"padding-right: 3px\">\n            \n\n<div class=\"kksr-icon\" style=\"width: 20px; height: 20px;\"><\/div>\n        <\/div>\n    <\/div>\n<\/div>\n                \n\n<div class=\"kksr-legend\" style=\"font-size: 16px;\">\n            5\/5 - (2 votos)    <\/div>\n    <\/div>\n<figure id=\"attachment_33187\" aria-describedby=\"caption-attachment-33187\" style=\"width: 1200px\" class=\"wp-caption aligncenter\"><img data-recalc-dims=\"1\" loading=\"lazy\" decoding=\"async\" class=\"size-full wp-image-33187\" src=\"https:\/\/i0.wp.com\/www.reclamador.es\/blog\/wp-content\/uploads\/2019\/01\/viajar-en-avion-sin-ninos.jpg?resize=1200%2C630&#038;ssl=1\" alt=\"Viajar en avi\u00f3n sin ni\u00f1os\" width=\"1200\" height=\"630\" srcset=\"https:\/\/i0.wp.com\/www.reclamador.es\/blog\/wp-content\/uploads\/2019\/01\/viajar-en-avion-sin-ninos.jpg?w=1200&amp;ssl=1 1200w, https:\/\/i0.wp.com\/www.reclamador.es\/blog\/wp-content\/uploads\/2019\/01\/viajar-en-avion-sin-ninos.jpg?resize=800%2C420&amp;ssl=1 800w, https:\/\/i0.wp.com\/www.reclamador.es\/blog\/wp-content\/uploads\/2019\/01\/viajar-en-avion-sin-ninos.jpg?resize=150%2C79&amp;ssl=1 150w, https:\/\/i0.wp.com\/www.reclamador.es\/blog\/wp-content\/uploads\/2019\/01\/viajar-en-avion-sin-ninos.jpg?resize=768%2C403&amp;ssl=1 768w\" sizes=\"auto, (max-width: 1000px) 100vw, 1000px\" \/><figcaption id=\"caption-attachment-33187\" class=\"wp-caption-text\"><em>Viajar en avi\u00f3n sin ni\u00f1os<\/em><\/figcaption><\/figure>\n<p><span style=\"font-weight: 400;\">Cada vez son m\u00e1s los establecimientos, por ejemplo hoteleros, que llevan la etiqueta <strong>\u201cadult only\u201d<\/strong> como reclamo comercial. Sabes que si te hospedas en uno de estos hoteles no vas a ver ni\u00f1os por sus pasillos, ni tampoco los vas a escuchar.<\/span><\/p>\n<p><span style=\"font-weight: 400;\">Y desde hace algunos a\u00f1os, <strong>esta medida lleg\u00f3 tambi\u00e9n a algunas aerol\u00edneas<\/strong>. \u00bfQuiere decir eso que no te vas a encontrar a un ni\u00f1o en tu vuelo? Vamos a verlo, mencionando, de paso, que la medida ha generado cierta pol\u00e9mica desde su implantaci\u00f3n sobre todo en las redes sociales.<\/span><\/p>\n<h2><b>Establecimientos sin ni\u00f1os<\/b><\/h2>\n<p><span style=\"font-weight: 400;\">La legislaci\u00f3n en Espa\u00f1a proh\u00edbe publicitar establecimientos sin ni\u00f1os. Sin embargo, no est\u00e1 prohibido hacer anuncios de, por ejemplo, <strong>hoteles solo para adultos<\/strong>. Lo que es lo mismo aunque le cambiemos las palabras.<\/span><\/p>\n<p><span style=\"font-weight: 400;\">Aunque la pol\u00e9mica est\u00e1 servida con argumentos a favor y en contra, lo cierto es que cada vez m\u00e1s alojamientos ofrecen esta exclusividad para adultos, <strong>no permitiendo personas menores normalmente de 12 a\u00f1os<\/strong>.\u00a0<\/span><\/p>\n<p><span style=\"font-weight: 400;\">Algunos restaurantes tambi\u00e9n est\u00e1n empezando a llevar a cabo esta pol\u00edtica. No sin revuelo, ya que en 2011 hubo una gran pol\u00e9mica al tomar esta decisi\u00f3n un restaurante en Bilbao.<\/span><\/p>\n<p><span style=\"font-weight: 400;\">Pero no solo en el ocio hay establecimientos de este tipo. Renfe ha puesto a disposici\u00f3n de sus viajeros un <strong>\u201cvag\u00f3n en silencio\u201d<\/strong>, en el que no se permite viajar a menores de 14 a\u00f1os.<\/span><\/p>\n<h2><b>Compa\u00f1\u00edas a\u00e9reas en las que se puede viajar sin ni\u00f1os<\/b><\/h2>\n<p><span style=\"font-weight: 400;\">De momento son <strong>compa\u00f1\u00edas asi\u00e1ticas<\/strong> en las que podr\u00e1s volar sin tener un ni\u00f1o al lado. Esto no quiere decir que los ni\u00f1os no puedan viajar en estas compa\u00f1\u00edas. La cuesti\u00f3n est\u00e1 en que las aerol\u00edneas <strong>suelen reservar unas filas<\/strong> en las que no pueden sentarse menores normalmente de 12 a\u00f1os.<\/span><\/p>\n<p><span style=\"font-weight: 400;\">La argumentaci\u00f3n de las mismas es proporcionar un espacio a las personas que tengan que trabajar durante el vuelo para que puedan hacerlo de forma tranquila y relajada.<\/span><\/p>\n<p><span style=\"font-weight: 400;\">Malaysia Airlines fue la primera en hacerlo, seguida por Air Asia X, Scoot (la low cost de Singapore Airways) y tambi\u00e9n IndiGo (India).<\/span><\/p>\n<h2><b>Viajar sin ni\u00f1os en compa\u00f1\u00edas espa\u00f1olas<\/b><\/h2>\n<p><span style=\"font-weight: 400;\"><strong>Parece que no es posible, al menos de momento<\/strong>, viajar sin la compa\u00f1\u00eda de menores cerca en las aerol\u00edneas espa\u00f1olas. Hasta ahora, ninguna compa\u00f1\u00eda se ha planteado implantar esta medida en sus vuelos.<\/span><\/p>\n<p><span style=\"font-weight: 400;\">Y no parece que se vaya a plantear al menos en un futuro pr\u00f3ximo. Iberia, por ejemplo, declar\u00f3 en 2013 \u201cno nos lo hemos planteado\u201d.<\/span><\/p>\n<h2><b>Con o sin ni\u00f1os, puedes reclamar una incidencia en tu vuelo<\/b><\/h2>\n<p><span style=\"font-weight: 400;\">Queremos recordarte que vueles con o sin ni\u00f1os, si tienes una incidencia en tu vuelo, puedes reclamarlo. Si sufres un <a href=\"https:\/\/www.reclamador.es\/aerolineas\/retraso-vuelo\/\">retraso<\/a> o una <a href=\"https:\/\/www.reclamador.es\/aerolineas\/cancelacion-vuelo\/\">cancelaci\u00f3n de vuelo<\/a> y llegas con m\u00e1s de tres horas de retraso a tu destino, vas a poder obtener entre 250 \u20ac y 600 \u20ac. Dependiendo, eso s\u00ed, de la distancia del trayecto.<\/span><\/p>\n<p><span style=\"font-weight: 400;\">Adem\u00e1s, <a href=\"https:\/\/www.reclamador.es\/aerolineas\/overbooking\/\">overbooking<\/a> y <a href=\"https:\/\/www.reclamador.es\/aerolineas\/problemas-equipaje\/\">problemas con tu equipaje tambi\u00e9n son reclamables<\/a>. Teniendo el primero una indemnizaci\u00f3n id\u00e9ntica a la de retrasos o cancelaciones de vuelos y los segundo pudiendo llegar a obtener hasta 1.813 \u20ac (desde 2025) dependiendo de tu caso.<\/span><\/p>\n<p><span style=\"font-weight: 400;\">Por eso, si tienes una incidencia, en reclamador.es te ayudamos a recuperar tu dinero sin que tengas que adelantar nada y sin preocupaciones, todo el proceso online.<\/span><\/p>\n<h2 style=\"text-align: center;\"><a class=\"button-lead\" href=\"https:\/\/www.reclamador.es\/aerolineas\/\"><b>\u00bfQuieres hacer una reclamaci\u00f3n de vuelo?<\/b><\/a><\/h2>\n<div class=\"ttr_end\"><\/div>","protected":false},"excerpt":{"rendered":"<p>Cada vez son m\u00e1s los establecimientos, por ejemplo hoteleros, que llevan la etiqueta \u201cadult only\u201d como reclamo comercial. Sabes que si te hospedas en uno de estos hoteles no vas a ver ni\u00f1os por sus pasillos, ni tampoco los vas a escuchar. Y desde hace algunos a\u00f1os, esta medida lleg\u00f3 tambi\u00e9n a algunas aerol\u00edneas. \u00bfQuiere [&hellip;]<\/p>\n","protected":false},"author":1,"featured_media":33187,"comment_status":"open","ping_status":"open","sticky":false,"template":"","format":"standard","meta":{"_acf_changed":false,"_genesis_hide_title":false,"_genesis_hide_breadcrumbs":false,"_genesis_hide_singular_image":false,"_genesis_hide_footer_widgets":false,"_genesis_custom_body_class":"","_genesis_custom_post_class":"","_genesis_layout":"","_jetpack_newsletter_access":"","_jetpack_dont_email_post_to_subs":false,"_jetpack_newsletter_tier_id":0,"_jetpack_memberships_contains_paywalled_content":false,"_jetpack_memberships_contains_paid_content":false,"footnotes":""},"categories":[393],"tags":[380,750],"class_list":{"0":"post-585","1":"post","2":"type-post","3":"status-publish","4":"format-standard","5":"has-post-thumbnail","7":"category-consejos","8":"tag-aerolineas","9":"tag-leyes","10":"entry"},"acf":[],"yoast_head":"<!-- This site is optimized with the Yoast SEO plugin v27.4 - https:\/\/yoast.com\/product\/yoast-seo-wordpress\/ -->\n<title>Viajar en avi\u00f3n sin ni\u00f1os: \u00bfen qu\u00e9 aerol\u00edneas puedes hacerlo?<\/title>\n<meta name=\"description\" content=\"\u00bfSab\u00edas que algunas aerol\u00edneas disponen de zonas en sus aviones para que puedas volar sin ni\u00f1os? Descubre con qui\u00e9n viajar en avi\u00f3n sin ni\u00f1os\" \/>\n<meta name=\"robots\" content=\"index, follow, max-snippet:-1, max-image-preview:large, max-video-preview:-1\" \/>\n<link rel=\"canonical\" href=\"https:\/\/www.reclamador.es\/blog\/viajar-en-avion-sin-ninos\/\" \/>\n<meta property=\"og:locale\" content=\"es_ES\" \/>\n<meta property=\"og:type\" content=\"article\" \/>\n<meta property=\"og:title\" content=\"Viajar en avi\u00f3n sin ni\u00f1os: \u00bfen qu\u00e9 aerol\u00edneas puedes hacerlo?\" \/>\n<meta property=\"og:description\" content=\"\u00bfSab\u00edas que algunas aerol\u00edneas disponen de zonas en sus aviones para que puedas volar sin ni\u00f1os? Descubre con qui\u00e9n viajar en avi\u00f3n sin ni\u00f1os\" \/>\n<meta property=\"og:url\" content=\"https:\/\/www.reclamador.es\/blog\/viajar-en-avion-sin-ninos\/\" \/>\n<meta property=\"og:site_name\" content=\"Rebeldes con causa, el blog de reclamador.es\" \/>\n<meta property=\"article:publisher\" content=\"https:\/\/www.facebook.com\/reclamador.es\" \/>\n<meta property=\"article:published_time\" content=\"2020-03-15T11:06:00+00:00\" \/>\n<meta property=\"article:modified_time\" content=\"2025-05-13T09:18:47+00:00\" \/>\n<meta property=\"og:image\" content=\"https:\/\/www.reclamador.es\/blog\/wp-content\/uploads\/2019\/01\/viajar-en-avion-sin-ninos.jpg\" \/>\n\t<meta property=\"og:image:width\" content=\"1200\" \/>\n\t<meta property=\"og:image:height\" content=\"630\" \/>\n\t<meta property=\"og:image:type\" content=\"image\/jpeg\" \/>\n<meta name=\"author\" content=\"Equipo reclamador\" \/>\n<meta name=\"twitter:card\" content=\"summary_large_image\" \/>\n<meta name=\"twitter:creator\" content=\"@reclamador\" \/>\n<meta name=\"twitter:site\" content=\"@reclamador\" \/>\n<meta name=\"twitter:label1\" content=\"Escrito por\" \/>\n\t<meta name=\"twitter:data1\" content=\"Equipo reclamador\" \/>\n\t<meta name=\"twitter:label2\" content=\"Tiempo de lectura\" \/>\n\t<meta name=\"twitter:data2\" content=\"3 minutos\" \/>\n<script type=\"application\/ld+json\" class=\"yoast-schema-graph\">{\"@context\":\"https:\\\/\\\/schema.org\",\"@graph\":[{\"@type\":\"Article\",\"@id\":\"https:\\\/\\\/www.reclamador.es\\\/blog\\\/viajar-en-avion-sin-ninos\\\/#article\",\"isPartOf\":{\"@id\":\"https:\\\/\\\/www.reclamador.es\\\/blog\\\/viajar-en-avion-sin-ninos\\\/\"},\"author\":{\"name\":\"Equipo reclamador\",\"@id\":\"https:\\\/\\\/www.reclamador.es\\\/blog\\\/#\\\/schema\\\/person\\\/1ed83eef8b6566cb5e4c812d9bc5c4bf\"},\"headline\":\"Vuelos sin menores: \u00bfExiste la opci\u00f3n de viajar en avi\u00f3n sin ni\u00f1os?\",\"datePublished\":\"2020-03-15T11:06:00+00:00\",\"dateModified\":\"2025-05-13T09:18:47+00:00\",\"mainEntityOfPage\":{\"@id\":\"https:\\\/\\\/www.reclamador.es\\\/blog\\\/viajar-en-avion-sin-ninos\\\/\"},\"wordCount\":614,\"commentCount\":0,\"publisher\":{\"@id\":\"https:\\\/\\\/www.reclamador.es\\\/blog\\\/#organization\"},\"image\":{\"@id\":\"https:\\\/\\\/www.reclamador.es\\\/blog\\\/viajar-en-avion-sin-ninos\\\/#primaryimage\"},\"thumbnailUrl\":\"https:\\\/\\\/i0.wp.com\\\/www.reclamador.es\\\/blog\\\/wp-content\\\/uploads\\\/2019\\\/01\\\/viajar-en-avion-sin-ninos.jpg?fit=1200%2C630&ssl=1\",\"keywords\":[\"aerol\u00edneas\",\"leyes\"],\"articleSection\":[\"Consejos legales\"],\"inLanguage\":\"es\",\"potentialAction\":[{\"@type\":\"CommentAction\",\"name\":\"Comment\",\"target\":[\"https:\\\/\\\/www.reclamador.es\\\/blog\\\/viajar-en-avion-sin-ninos\\\/#respond\"]}]},{\"@type\":\"WebPage\",\"@id\":\"https:\\\/\\\/www.reclamador.es\\\/blog\\\/viajar-en-avion-sin-ninos\\\/\",\"url\":\"https:\\\/\\\/www.reclamador.es\\\/blog\\\/viajar-en-avion-sin-ninos\\\/\",\"name\":\"Viajar en avi\u00f3n sin ni\u00f1os: \u00bfen qu\u00e9 aerol\u00edneas puedes hacerlo?\",\"isPartOf\":{\"@id\":\"https:\\\/\\\/www.reclamador.es\\\/blog\\\/#website\"},\"primaryImageOfPage\":{\"@id\":\"https:\\\/\\\/www.reclamador.es\\\/blog\\\/viajar-en-avion-sin-ninos\\\/#primaryimage\"},\"image\":{\"@id\":\"https:\\\/\\\/www.reclamador.es\\\/blog\\\/viajar-en-avion-sin-ninos\\\/#primaryimage\"},\"thumbnailUrl\":\"https:\\\/\\\/i0.wp.com\\\/www.reclamador.es\\\/blog\\\/wp-content\\\/uploads\\\/2019\\\/01\\\/viajar-en-avion-sin-ninos.jpg?fit=1200%2C630&ssl=1\",\"datePublished\":\"2020-03-15T11:06:00+00:00\",\"dateModified\":\"2025-05-13T09:18:47+00:00\",\"description\":\"\u00bfSab\u00edas que algunas aerol\u00edneas disponen de zonas en sus aviones para que puedas volar sin ni\u00f1os? Descubre con qui\u00e9n viajar en avi\u00f3n sin ni\u00f1os\",\"breadcrumb\":{\"@id\":\"https:\\\/\\\/www.reclamador.es\\\/blog\\\/viajar-en-avion-sin-ninos\\\/#breadcrumb\"},\"inLanguage\":\"es\",\"potentialAction\":[{\"@type\":\"ReadAction\",\"target\":[\"https:\\\/\\\/www.reclamador.es\\\/blog\\\/viajar-en-avion-sin-ninos\\\/\"]}]},{\"@type\":\"ImageObject\",\"inLanguage\":\"es\",\"@id\":\"https:\\\/\\\/www.reclamador.es\\\/blog\\\/viajar-en-avion-sin-ninos\\\/#primaryimage\",\"url\":\"https:\\\/\\\/i0.wp.com\\\/www.reclamador.es\\\/blog\\\/wp-content\\\/uploads\\\/2019\\\/01\\\/viajar-en-avion-sin-ninos.jpg?fit=1200%2C630&ssl=1\",\"contentUrl\":\"https:\\\/\\\/i0.wp.com\\\/www.reclamador.es\\\/blog\\\/wp-content\\\/uploads\\\/2019\\\/01\\\/viajar-en-avion-sin-ninos.jpg?fit=1200%2C630&ssl=1\",\"width\":1200,\"height\":630,\"caption\":\"Viajar en avi\u00f3n sin ni\u00f1os\"},{\"@type\":\"BreadcrumbList\",\"@id\":\"https:\\\/\\\/www.reclamador.es\\\/blog\\\/viajar-en-avion-sin-ninos\\\/#breadcrumb\",\"itemListElement\":[{\"@type\":\"ListItem\",\"position\":1,\"name\":\"Portada\",\"item\":\"https:\\\/\\\/www.reclamador.es\\\/blog\\\/\"},{\"@type\":\"ListItem\",\"position\":2,\"name\":\"Vuelos sin menores: \u00bfExiste la opci\u00f3n de viajar en avi\u00f3n sin ni\u00f1os?\"}]},{\"@type\":\"WebSite\",\"@id\":\"https:\\\/\\\/www.reclamador.es\\\/blog\\\/#website\",\"url\":\"https:\\\/\\\/www.reclamador.es\\\/blog\\\/\",\"name\":\"Rebeldes con causa, el blog de reclamador.es\",\"description\":\"Noticias, entrevistas y consejos sobre reclamaciones\",\"publisher\":{\"@id\":\"https:\\\/\\\/www.reclamador.es\\\/blog\\\/#organization\"},\"potentialAction\":[{\"@type\":\"SearchAction\",\"target\":{\"@type\":\"EntryPoint\",\"urlTemplate\":\"https:\\\/\\\/www.reclamador.es\\\/blog\\\/?s={search_term_string}\"},\"query-input\":{\"@type\":\"PropertyValueSpecification\",\"valueRequired\":true,\"valueName\":\"search_term_string\"}}],\"inLanguage\":\"es\"},{\"@type\":\"Organization\",\"@id\":\"https:\\\/\\\/www.reclamador.es\\\/blog\\\/#organization\",\"name\":\"reclamador.es\",\"url\":\"https:\\\/\\\/www.reclamador.es\\\/blog\\\/\",\"logo\":{\"@type\":\"ImageObject\",\"inLanguage\":\"es\",\"@id\":\"https:\\\/\\\/www.reclamador.es\\\/blog\\\/#\\\/schema\\\/logo\\\/image\\\/\",\"url\":\"https:\\\/\\\/i0.wp.com\\\/www.reclamador.es\\\/blog\\\/wp-content\\\/uploads\\\/2020\\\/01\\\/logo-reclamador.png?fit=1200%2C144&ssl=1\",\"contentUrl\":\"https:\\\/\\\/i0.wp.com\\\/www.reclamador.es\\\/blog\\\/wp-content\\\/uploads\\\/2020\\\/01\\\/logo-reclamador.png?fit=1200%2C144&ssl=1\",\"width\":1200,\"height\":144,\"caption\":\"reclamador.es\"},\"image\":{\"@id\":\"https:\\\/\\\/www.reclamador.es\\\/blog\\\/#\\\/schema\\\/logo\\\/image\\\/\"},\"sameAs\":[\"https:\\\/\\\/www.facebook.com\\\/reclamador.es\",\"https:\\\/\\\/x.com\\\/reclamador\",\"https:\\\/\\\/www.instagram.com\\\/reclamador.es\\\/\",\"https:\\\/\\\/www.linkedin.com\\\/company\\\/reclamador-es\",\"https:\\\/\\\/www.youtube.com\\\/user\\\/Reclamadores\"]},{\"@type\":\"Person\",\"@id\":\"https:\\\/\\\/www.reclamador.es\\\/blog\\\/#\\\/schema\\\/person\\\/1ed83eef8b6566cb5e4c812d9bc5c4bf\",\"name\":\"Equipo reclamador\",\"image\":{\"@type\":\"ImageObject\",\"inLanguage\":\"es\",\"@id\":\"https:\\\/\\\/secure.gravatar.com\\\/avatar\\\/6442ecdc2c4472c600c113f34d340feca47107d6aa4f42f1e3e75a2a8e28a760?s=96&d=mm&r=g\",\"url\":\"https:\\\/\\\/secure.gravatar.com\\\/avatar\\\/6442ecdc2c4472c600c113f34d340feca47107d6aa4f42f1e3e75a2a8e28a760?s=96&d=mm&r=g\",\"contentUrl\":\"https:\\\/\\\/secure.gravatar.com\\\/avatar\\\/6442ecdc2c4472c600c113f34d340feca47107d6aa4f42f1e3e75a2a8e28a760?s=96&d=mm&r=g\",\"caption\":\"Equipo reclamador\"},\"description\":\"Las personas que hacen posible reclamador.es\",\"url\":\"https:\\\/\\\/www.reclamador.es\\\/blog\\\/author\\\/administrador\\\/\"}]}<\/script>\n<!-- \/ Yoast SEO plugin. -->","yoast_head_json":{"title":"Viajar en avi\u00f3n sin ni\u00f1os: \u00bfen qu\u00e9 aerol\u00edneas puedes hacerlo?","description":"\u00bfSab\u00edas que algunas aerol\u00edneas disponen de zonas en sus aviones para que puedas volar sin ni\u00f1os? Descubre con qui\u00e9n viajar en avi\u00f3n sin ni\u00f1os","robots":{"index":"index","follow":"follow","max-snippet":"max-snippet:-1","max-image-preview":"max-image-preview:large","max-video-preview":"max-video-preview:-1"},"canonical":"https:\/\/www.reclamador.es\/blog\/viajar-en-avion-sin-ninos\/","og_locale":"es_ES","og_type":"article","og_title":"Viajar en avi\u00f3n sin ni\u00f1os: \u00bfen qu\u00e9 aerol\u00edneas puedes hacerlo?","og_description":"\u00bfSab\u00edas que algunas aerol\u00edneas disponen de zonas en sus aviones para que puedas volar sin ni\u00f1os? Descubre con qui\u00e9n viajar en avi\u00f3n sin ni\u00f1os","og_url":"https:\/\/www.reclamador.es\/blog\/viajar-en-avion-sin-ninos\/","og_site_name":"Rebeldes con causa, el blog de reclamador.es","article_publisher":"https:\/\/www.facebook.com\/reclamador.es","article_published_time":"2020-03-15T11:06:00+00:00","article_modified_time":"2025-05-13T09:18:47+00:00","og_image":[{"width":1200,"height":630,"url":"https:\/\/www.reclamador.es\/blog\/wp-content\/uploads\/2019\/01\/viajar-en-avion-sin-ninos.jpg","type":"image\/jpeg"}],"author":"Equipo reclamador","twitter_card":"summary_large_image","twitter_creator":"@reclamador","twitter_site":"@reclamador","twitter_misc":{"Escrito por":"Equipo reclamador","Tiempo de lectura":"3 minutos"},"schema":{"@context":"https:\/\/schema.org","@graph":[{"@type":"Article","@id":"https:\/\/www.reclamador.es\/blog\/viajar-en-avion-sin-ninos\/#article","isPartOf":{"@id":"https:\/\/www.reclamador.es\/blog\/viajar-en-avion-sin-ninos\/"},"author":{"name":"Equipo reclamador","@id":"https:\/\/www.reclamador.es\/blog\/#\/schema\/person\/1ed83eef8b6566cb5e4c812d9bc5c4bf"},"headline":"Vuelos sin menores: \u00bfExiste la opci\u00f3n de viajar en avi\u00f3n sin ni\u00f1os?","datePublished":"2020-03-15T11:06:00+00:00","dateModified":"2025-05-13T09:18:47+00:00","mainEntityOfPage":{"@id":"https:\/\/www.reclamador.es\/blog\/viajar-en-avion-sin-ninos\/"},"wordCount":614,"commentCount":0,"publisher":{"@id":"https:\/\/www.reclamador.es\/blog\/#organization"},"image":{"@id":"https:\/\/www.reclamador.es\/blog\/viajar-en-avion-sin-ninos\/#primaryimage"},"thumbnailUrl":"https:\/\/i0.wp.com\/www.reclamador.es\/blog\/wp-content\/uploads\/2019\/01\/viajar-en-avion-sin-ninos.jpg?fit=1200%2C630&ssl=1","keywords":["aerol\u00edneas","leyes"],"articleSection":["Consejos legales"],"inLanguage":"es","potentialAction":[{"@type":"CommentAction","name":"Comment","target":["https:\/\/www.reclamador.es\/blog\/viajar-en-avion-sin-ninos\/#respond"]}]},{"@type":"WebPage","@id":"https:\/\/www.reclamador.es\/blog\/viajar-en-avion-sin-ninos\/","url":"https:\/\/www.reclamador.es\/blog\/viajar-en-avion-sin-ninos\/","name":"Viajar en avi\u00f3n sin ni\u00f1os: \u00bfen qu\u00e9 aerol\u00edneas puedes hacerlo?","isPartOf":{"@id":"https:\/\/www.reclamador.es\/blog\/#website"},"primaryImageOfPage":{"@id":"https:\/\/www.reclamador.es\/blog\/viajar-en-avion-sin-ninos\/#primaryimage"},"image":{"@id":"https:\/\/www.reclamador.es\/blog\/viajar-en-avion-sin-ninos\/#primaryimage"},"thumbnailUrl":"https:\/\/i0.wp.com\/www.reclamador.es\/blog\/wp-content\/uploads\/2019\/01\/viajar-en-avion-sin-ninos.jpg?fit=1200%2C630&ssl=1","datePublished":"2020-03-15T11:06:00+00:00","dateModified":"2025-05-13T09:18:47+00:00","description":"\u00bfSab\u00edas que algunas aerol\u00edneas disponen de zonas en sus aviones para que puedas volar sin ni\u00f1os? Descubre con qui\u00e9n viajar en avi\u00f3n sin ni\u00f1os","breadcrumb":{"@id":"https:\/\/www.reclamador.es\/blog\/viajar-en-avion-sin-ninos\/#breadcrumb"},"inLanguage":"es","potentialAction":[{"@type":"ReadAction","target":["https:\/\/www.reclamador.es\/blog\/viajar-en-avion-sin-ninos\/"]}]},{"@type":"ImageObject","inLanguage":"es","@id":"https:\/\/www.reclamador.es\/blog\/viajar-en-avion-sin-ninos\/#primaryimage","url":"https:\/\/i0.wp.com\/www.reclamador.es\/blog\/wp-content\/uploads\/2019\/01\/viajar-en-avion-sin-ninos.jpg?fit=1200%2C630&ssl=1","contentUrl":"https:\/\/i0.wp.com\/www.reclamador.es\/blog\/wp-content\/uploads\/2019\/01\/viajar-en-avion-sin-ninos.jpg?fit=1200%2C630&ssl=1","width":1200,"height":630,"caption":"Viajar en avi\u00f3n sin ni\u00f1os"},{"@type":"BreadcrumbList","@id":"https:\/\/www.reclamador.es\/blog\/viajar-en-avion-sin-ninos\/#breadcrumb","itemListElement":[{"@type":"ListItem","position":1,"name":"Portada","item":"https:\/\/www.reclamador.es\/blog\/"},{"@type":"ListItem","position":2,"name":"Vuelos sin menores: \u00bfExiste la opci\u00f3n de viajar en avi\u00f3n sin ni\u00f1os?"}]},{"@type":"WebSite","@id":"https:\/\/www.reclamador.es\/blog\/#website","url":"https:\/\/www.reclamador.es\/blog\/","name":"Rebeldes con causa, el blog de reclamador.es","description":"Noticias, entrevistas y consejos sobre reclamaciones","publisher":{"@id":"https:\/\/www.reclamador.es\/blog\/#organization"},"potentialAction":[{"@type":"SearchAction","target":{"@type":"EntryPoint","urlTemplate":"https:\/\/www.reclamador.es\/blog\/?s={search_term_string}"},"query-input":{"@type":"PropertyValueSpecification","valueRequired":true,"valueName":"search_term_string"}}],"inLanguage":"es"},{"@type":"Organization","@id":"https:\/\/www.reclamador.es\/blog\/#organization","name":"reclamador.es","url":"https:\/\/www.reclamador.es\/blog\/","logo":{"@type":"ImageObject","inLanguage":"es","@id":"https:\/\/www.reclamador.es\/blog\/#\/schema\/logo\/image\/","url":"https:\/\/i0.wp.com\/www.reclamador.es\/blog\/wp-content\/uploads\/2020\/01\/logo-reclamador.png?fit=1200%2C144&ssl=1","contentUrl":"https:\/\/i0.wp.com\/www.reclamador.es\/blog\/wp-content\/uploads\/2020\/01\/logo-reclamador.png?fit=1200%2C144&ssl=1","width":1200,"height":144,"caption":"reclamador.es"},"image":{"@id":"https:\/\/www.reclamador.es\/blog\/#\/schema\/logo\/image\/"},"sameAs":["https:\/\/www.facebook.com\/reclamador.es","https:\/\/x.com\/reclamador","https:\/\/www.instagram.com\/reclamador.es\/","https:\/\/www.linkedin.com\/company\/reclamador-es","https:\/\/www.youtube.com\/user\/Reclamadores"]},{"@type":"Person","@id":"https:\/\/www.reclamador.es\/blog\/#\/schema\/person\/1ed83eef8b6566cb5e4c812d9bc5c4bf","name":"Equipo reclamador","image":{"@type":"ImageObject","inLanguage":"es","@id":"https:\/\/secure.gravatar.com\/avatar\/6442ecdc2c4472c600c113f34d340feca47107d6aa4f42f1e3e75a2a8e28a760?s=96&d=mm&r=g","url":"https:\/\/secure.gravatar.com\/avatar\/6442ecdc2c4472c600c113f34d340feca47107d6aa4f42f1e3e75a2a8e28a760?s=96&d=mm&r=g","contentUrl":"https:\/\/secure.gravatar.com\/avatar\/6442ecdc2c4472c600c113f34d340feca47107d6aa4f42f1e3e75a2a8e28a760?s=96&d=mm&r=g","caption":"Equipo reclamador"},"description":"Las personas que hacen posible reclamador.es","url":"https:\/\/www.reclamador.es\/blog\/author\/administrador\/"}]}},"jetpack_featured_media_url":"https:\/\/i0.wp.com\/www.reclamador.es\/blog\/wp-content\/uploads\/2019\/01\/viajar-en-avion-sin-ninos.jpg?fit=1200%2C630&ssl=1","jetpack-related-posts":[{"id":33896,"url":"https:\/\/www.reclamador.es\/blog\/que-documentacion-necesitan-los-menores-para-volar-dentro-espana\/","url_meta":{"origin":585,"position":0},"title":"\u00bfQu\u00e9 documentaci\u00f3n necesitan los menores para volar dentro de Espa\u00f1a?","author":"Alicia Ria\u00f1o","date":"2 abril, 2025","format":false,"excerpt":"En el \u00faltimo post de nuestro blog os explic\u00e1bamos la documentaci\u00f3n para ni\u00f1os para viajar en avi\u00f3n fuera de Espa\u00f1a. Y, ahora, vamos a explicar los documentos que necesita un menor para volar dentro de nuestras fronteras.\u00a0 Documentaci\u00f3n ni\u00f1os para viajar en avi\u00f3n dentro de Espa\u00f1a Para viajar en avi\u00f3n\u2026","rel":"","context":"En \u00abConsejos legales\u00bb","block_context":{"text":"Consejos legales","link":"https:\/\/www.reclamador.es\/blog\/consejos\/"},"img":{"alt_text":"vuelos nacionales - documentacion ni\u00f1os","src":"https:\/\/i0.wp.com\/www.reclamador.es\/blog\/wp-content\/uploads\/2025\/04\/documentacion-ninos-para-viajar-en-avion-dentro-de-espana-1200x630-1.jpg?fit=1200%2C630&ssl=1&resize=350%2C200","width":350,"height":200,"srcset":"https:\/\/i0.wp.com\/www.reclamador.es\/blog\/wp-content\/uploads\/2025\/04\/documentacion-ninos-para-viajar-en-avion-dentro-de-espana-1200x630-1.jpg?fit=1200%2C630&ssl=1&resize=350%2C200 1x, https:\/\/i0.wp.com\/www.reclamador.es\/blog\/wp-content\/uploads\/2025\/04\/documentacion-ninos-para-viajar-en-avion-dentro-de-espana-1200x630-1.jpg?fit=1200%2C630&ssl=1&resize=525%2C300 1.5x, https:\/\/i0.wp.com\/www.reclamador.es\/blog\/wp-content\/uploads\/2025\/04\/documentacion-ninos-para-viajar-en-avion-dentro-de-espana-1200x630-1.jpg?fit=1200%2C630&ssl=1&resize=700%2C400 2x, https:\/\/i0.wp.com\/www.reclamador.es\/blog\/wp-content\/uploads\/2025\/04\/documentacion-ninos-para-viajar-en-avion-dentro-de-espana-1200x630-1.jpg?fit=1200%2C630&ssl=1&resize=1050%2C600 3x"},"classes":[]},{"id":20573,"url":"https:\/\/www.reclamador.es\/blog\/viajar-ninos-avion\/","url_meta":{"origin":585,"position":1},"title":"Consejos b\u00e1sicos para viajar en avi\u00f3n con ni\u00f1os y beb\u00e9s","author":"Equipo reclamador","date":"15 mayo, 2024","format":false,"excerpt":"A la hora de planear una escapada con los m\u00e1s chiquitines, pueden surgir algunas dudas. \u00bfA partir de qu\u00e9 edad deben pagar el billete de avi\u00f3n? \u00bfSe deben facturar los carritos de beb\u00e9? \u00bfC\u00f3mo se hace? \u00bfPuedo reclamar una indemnizaci\u00f3n por retraso o cancelaci\u00f3n por ellos? En este post vamos\u2026","rel":"","context":"En \u00abConsejos legales\u00bb","block_context":{"text":"Consejos legales","link":"https:\/\/www.reclamador.es\/blog\/consejos\/"},"img":{"alt_text":"viajar con ni\u00f1os en avi\u00f3n","src":"https:\/\/i0.wp.com\/www.reclamador.es\/blog\/wp-content\/uploads\/2022\/09\/viajar-con-ninos-en-avion-2.jpg?fit=1200%2C630&ssl=1&resize=350%2C200","width":350,"height":200,"srcset":"https:\/\/i0.wp.com\/www.reclamador.es\/blog\/wp-content\/uploads\/2022\/09\/viajar-con-ninos-en-avion-2.jpg?fit=1200%2C630&ssl=1&resize=350%2C200 1x, https:\/\/i0.wp.com\/www.reclamador.es\/blog\/wp-content\/uploads\/2022\/09\/viajar-con-ninos-en-avion-2.jpg?fit=1200%2C630&ssl=1&resize=525%2C300 1.5x, https:\/\/i0.wp.com\/www.reclamador.es\/blog\/wp-content\/uploads\/2022\/09\/viajar-con-ninos-en-avion-2.jpg?fit=1200%2C630&ssl=1&resize=700%2C400 2x, https:\/\/i0.wp.com\/www.reclamador.es\/blog\/wp-content\/uploads\/2022\/09\/viajar-con-ninos-en-avion-2.jpg?fit=1200%2C630&ssl=1&resize=1050%2C600 3x"},"classes":[]},{"id":32194,"url":"https:\/\/www.reclamador.es\/blog\/overbooking-en-vuelo-datos-que-conocer\/","url_meta":{"origin":585,"position":2},"title":"Overbooking en vuelos: cinco datos que debes conocer para proteger tus derechos","author":"Alicia Ria\u00f1o","date":"11 enero, 2025","format":false,"excerpt":"Overbooking. Esa palabra que si la escuchas en ese mismo momento ya te hace temer que no vas a poder viajar. Pero, \u00bfqu\u00e9 sabes sobre el overbooking? En este art\u00edculo, te invitamos a adentrarte en los entresijos del overbooking y descubrir aspectos que quiz\u00e1s desconoc\u00edas. Overbooking traducci\u00f3n Sobreventa de plazas\u2026","rel":"","context":"En \u00abConsejos legales\u00bb","block_context":{"text":"Consejos legales","link":"https:\/\/www.reclamador.es\/blog\/consejos\/"},"img":{"alt_text":"evitar el overbooking - reclamar overbooking","src":"https:\/\/i0.wp.com\/www.reclamador.es\/blog\/wp-content\/uploads\/2024\/04\/4-cosas-que-no-sabias-sobre-el-overbooking-1200x630-1.jpg?fit=1200%2C630&ssl=1&resize=350%2C200","width":350,"height":200,"srcset":"https:\/\/i0.wp.com\/www.reclamador.es\/blog\/wp-content\/uploads\/2024\/04\/4-cosas-que-no-sabias-sobre-el-overbooking-1200x630-1.jpg?fit=1200%2C630&ssl=1&resize=350%2C200 1x, https:\/\/i0.wp.com\/www.reclamador.es\/blog\/wp-content\/uploads\/2024\/04\/4-cosas-que-no-sabias-sobre-el-overbooking-1200x630-1.jpg?fit=1200%2C630&ssl=1&resize=525%2C300 1.5x, https:\/\/i0.wp.com\/www.reclamador.es\/blog\/wp-content\/uploads\/2024\/04\/4-cosas-que-no-sabias-sobre-el-overbooking-1200x630-1.jpg?fit=1200%2C630&ssl=1&resize=700%2C400 2x, https:\/\/i0.wp.com\/www.reclamador.es\/blog\/wp-content\/uploads\/2024\/04\/4-cosas-que-no-sabias-sobre-el-overbooking-1200x630-1.jpg?fit=1200%2C630&ssl=1&resize=1050%2C600 3x"},"classes":[]},{"id":23999,"url":"https:\/\/www.reclamador.es\/blog\/como-viajar-con-instrumento-musical-en-avion\/","url_meta":{"origin":585,"position":3},"title":"Llevar instrumentos musicales en un viaje en avi\u00f3n","author":"Alicia Ria\u00f1o","date":"6 enero, 2024","format":false,"excerpt":"\u00bfTe gusta la m\u00fasica o te dedicas a ello? En ese caso, es posible que hayas querido transportar tu instrumento en alg\u00fan viaje de avi\u00f3n. Los instrumentos musicales son objetos de gran valor, adem\u00e1s de fr\u00e1giles.\u00a0\u00bfPero sabes c\u00f3mo tienes que facturarlo? \u00bfEs el mismo procedimiento que para una maleta normal?\u2026","rel":"","context":"En \u00abConsejos legales\u00bb","block_context":{"text":"Consejos legales","link":"https:\/\/www.reclamador.es\/blog\/consejos\/"},"img":{"alt_text":"instrumentos musicales en el avi\u00f3n","src":"https:\/\/i0.wp.com\/www.reclamador.es\/blog\/wp-content\/uploads\/2020\/01\/guitarra-viajar-con-instrumentos-musicales-en-avion.jpg?fit=1200%2C630&ssl=1&resize=350%2C200","width":350,"height":200,"srcset":"https:\/\/i0.wp.com\/www.reclamador.es\/blog\/wp-content\/uploads\/2020\/01\/guitarra-viajar-con-instrumentos-musicales-en-avion.jpg?fit=1200%2C630&ssl=1&resize=350%2C200 1x, https:\/\/i0.wp.com\/www.reclamador.es\/blog\/wp-content\/uploads\/2020\/01\/guitarra-viajar-con-instrumentos-musicales-en-avion.jpg?fit=1200%2C630&ssl=1&resize=525%2C300 1.5x, https:\/\/i0.wp.com\/www.reclamador.es\/blog\/wp-content\/uploads\/2020\/01\/guitarra-viajar-con-instrumentos-musicales-en-avion.jpg?fit=1200%2C630&ssl=1&resize=700%2C400 2x, https:\/\/i0.wp.com\/www.reclamador.es\/blog\/wp-content\/uploads\/2020\/01\/guitarra-viajar-con-instrumentos-musicales-en-avion.jpg?fit=1200%2C630&ssl=1&resize=1050%2C600 3x"},"classes":[]},{"id":30959,"url":"https:\/\/www.reclamador.es\/blog\/tips-para-preparar-tus-vacaciones-con-antelacion\/","url_meta":{"origin":585,"position":4},"title":"Tips para preparar tus vacaciones con antelaci\u00f3n","author":"Equipo reclamador","date":"1 mayo, 2025","format":false,"excerpt":"Si no has encontrado todav\u00eda viaje para este verano, a\u00fan puedes planear las vacaciones que ten\u00edas pensadas, pero que no se te vaya el tiempo para conseguir las mejores combinaciones y por un precio asequible. Para asegurarte un buen viaje, la organizaci\u00f3n aqu\u00ed va a ser clave. Y cuanta m\u00e1s\u2026","rel":"","context":"En \u00abNoticias y actualidad\u00bb","block_context":{"text":"Noticias y actualidad","link":"https:\/\/www.reclamador.es\/blog\/noticias\/"},"img":{"alt_text":"Tips preparar vacaciones con antelaci\u00f3n","src":"https:\/\/i0.wp.com\/www.reclamador.es\/blog\/wp-content\/uploads\/2023\/05\/tips-preparar-vacaciones-con-antelacion.jpg?fit=1200%2C675&ssl=1&resize=350%2C200","width":350,"height":200,"srcset":"https:\/\/i0.wp.com\/www.reclamador.es\/blog\/wp-content\/uploads\/2023\/05\/tips-preparar-vacaciones-con-antelacion.jpg?fit=1200%2C675&ssl=1&resize=350%2C200 1x, https:\/\/i0.wp.com\/www.reclamador.es\/blog\/wp-content\/uploads\/2023\/05\/tips-preparar-vacaciones-con-antelacion.jpg?fit=1200%2C675&ssl=1&resize=525%2C300 1.5x, https:\/\/i0.wp.com\/www.reclamador.es\/blog\/wp-content\/uploads\/2023\/05\/tips-preparar-vacaciones-con-antelacion.jpg?fit=1200%2C675&ssl=1&resize=700%2C400 2x, https:\/\/i0.wp.com\/www.reclamador.es\/blog\/wp-content\/uploads\/2023\/05\/tips-preparar-vacaciones-con-antelacion.jpg?fit=1200%2C675&ssl=1&resize=1050%2C600 3x"},"classes":[]},{"id":33838,"url":"https:\/\/www.reclamador.es\/blog\/documentacion-ninos-viajar-avion-fuera-espana\/","url_meta":{"origin":585,"position":5},"title":"Documentaci\u00f3n necesaria para que los menores viajen en avi\u00f3n fuera de Espa\u00f1a","author":"Alicia Ria\u00f1o","date":"1 abril, 2025","format":false,"excerpt":"Por ocio o por necesidad, la realidad es que cada vez aumentan m\u00e1s los viajes en avi\u00f3n con ni\u00f1os y beb\u00e9s. Y de ese incremento en el n\u00famero de menores que viajan en avi\u00f3n en Espa\u00f1a, surge la gran duda entre las familias: \u00bfQu\u00e9 documentos son necesarios para viajar con\u2026","rel":"","context":"En \u00abConsejos legales\u00bb","block_context":{"text":"Consejos legales","link":"https:\/\/www.reclamador.es\/blog\/consejos\/"},"img":{"alt_text":"documentos para que menores viajen fuera de espa\u00f1a","src":"https:\/\/i0.wp.com\/www.reclamador.es\/blog\/wp-content\/uploads\/2025\/04\/documentacion-nin%CC%83os-para-viajar-en-avion-fuera-de-espan%CC%83a-1200x630-1.jpg?fit=1200%2C630&ssl=1&resize=350%2C200","width":350,"height":200,"srcset":"https:\/\/i0.wp.com\/www.reclamador.es\/blog\/wp-content\/uploads\/2025\/04\/documentacion-nin%CC%83os-para-viajar-en-avion-fuera-de-espan%CC%83a-1200x630-1.jpg?fit=1200%2C630&ssl=1&resize=350%2C200 1x, https:\/\/i0.wp.com\/www.reclamador.es\/blog\/wp-content\/uploads\/2025\/04\/documentacion-nin%CC%83os-para-viajar-en-avion-fuera-de-espan%CC%83a-1200x630-1.jpg?fit=1200%2C630&ssl=1&resize=525%2C300 1.5x, https:\/\/i0.wp.com\/www.reclamador.es\/blog\/wp-content\/uploads\/2025\/04\/documentacion-nin%CC%83os-para-viajar-en-avion-fuera-de-espan%CC%83a-1200x630-1.jpg?fit=1200%2C630&ssl=1&resize=700%2C400 2x, https:\/\/i0.wp.com\/www.reclamador.es\/blog\/wp-content\/uploads\/2025\/04\/documentacion-nin%CC%83os-para-viajar-en-avion-fuera-de-espan%CC%83a-1200x630-1.jpg?fit=1200%2C630&ssl=1&resize=1050%2C600 3x"},"classes":[]}],"jetpack_sharing_enabled":true,"_links":{"self":[{"href":"https:\/\/www.reclamador.es\/blog\/wp-json\/wp\/v2\/posts\/585","targetHints":{"allow":["GET"]}}],"collection":[{"href":"https:\/\/www.reclamador.es\/blog\/wp-json\/wp\/v2\/posts"}],"about":[{"href":"https:\/\/www.reclamador.es\/blog\/wp-json\/wp\/v2\/types\/post"}],"author":[{"embeddable":true,"href":"https:\/\/www.reclamador.es\/blog\/wp-json\/wp\/v2\/users\/1"}],"replies":[{"embeddable":true,"href":"https:\/\/www.reclamador.es\/blog\/wp-json\/wp\/v2\/comments?post=585"}],"version-history":[{"count":16,"href":"https:\/\/www.reclamador.es\/blog\/wp-json\/wp\/v2\/posts\/585\/revisions"}],"predecessor-version":[{"id":34193,"href":"https:\/\/www.reclamador.es\/blog\/wp-json\/wp\/v2\/posts\/585\/revisions\/34193"}],"wp:featuredmedia":[{"embeddable":true,"href":"https:\/\/www.reclamador.es\/blog\/wp-json\/wp\/v2\/media\/33187"}],"wp:attachment":[{"href":"https:\/\/www.reclamador.es\/blog\/wp-json\/wp\/v2\/media?parent=585"}],"wp:term":[{"taxonomy":"category","embeddable":true,"href":"https:\/\/www.reclamador.es\/blog\/wp-json\/wp\/v2\/categories?post=585"},{"taxonomy":"post_tag","embeddable":true,"href":"https:\/\/www.reclamador.es\/blog\/wp-json\/wp\/v2\/tags?post=585"}],"curies":[{"name":"wp","href":"https:\/\/api.w.org\/{rel}","templated":true}]}}