{"id":5373,"date":"2016-12-26T10:19:36","date_gmt":"2016-12-26T09:19:36","guid":{"rendered":"https:\/\/www.reclamador.es\/blog\/?p=5373"},"modified":"2025-01-20T11:33:01","modified_gmt":"2025-01-20T10:33:01","slug":"tesoro-publico","status":"publish","type":"post","link":"https:\/\/www.reclamador.es\/blog\/tesoro-publico\/","title":{"rendered":"Principales funciones del Tesoro P\u00fablico"},"content":{"rendered":"<div class=\"ttr_start\"><\/div>\n\n<div class=\"kk-star-ratings kksr-auto kksr-align-right kksr-valign-top\"\n    data-payload='{&quot;align&quot;:&quot;right&quot;,&quot;id&quot;:&quot;5373&quot;,&quot;slug&quot;:&quot;default&quot;,&quot;valign&quot;:&quot;top&quot;,&quot;ignore&quot;:&quot;&quot;,&quot;reference&quot;:&quot;auto&quot;,&quot;class&quot;:&quot;&quot;,&quot;count&quot;:&quot;1&quot;,&quot;legendonly&quot;:&quot;&quot;,&quot;readonly&quot;:&quot;&quot;,&quot;score&quot;:&quot;5&quot;,&quot;starsonly&quot;:&quot;&quot;,&quot;best&quot;:&quot;5&quot;,&quot;gap&quot;:&quot;3&quot;,&quot;greet&quot;:&quot;Valora este art\u00edculo&quot;,&quot;legend&quot;:&quot;5\\\/5 - (1 voto)&quot;,&quot;size&quot;:&quot;20&quot;,&quot;title&quot;:&quot;Principales funciones del Tesoro P\u00fablico&quot;,&quot;width&quot;:&quot;113.5&quot;,&quot;_legend&quot;:&quot;{score}\\\/{best} - ({count} {votes})&quot;,&quot;font_factor&quot;:&quot;1.25&quot;}'>\n            \n<div class=\"kksr-stars\">\n    \n<div class=\"kksr-stars-inactive\">\n            <div class=\"kksr-star\" data-star=\"1\" style=\"padding-right: 3px\">\n            \n\n<div class=\"kksr-icon\" style=\"width: 20px; height: 20px;\"><\/div>\n        <\/div>\n            <div class=\"kksr-star\" data-star=\"2\" style=\"padding-right: 3px\">\n            \n\n<div class=\"kksr-icon\" style=\"width: 20px; height: 20px;\"><\/div>\n        <\/div>\n            <div class=\"kksr-star\" data-star=\"3\" style=\"padding-right: 3px\">\n            \n\n<div class=\"kksr-icon\" style=\"width: 20px; height: 20px;\"><\/div>\n        <\/div>\n            <div class=\"kksr-star\" data-star=\"4\" style=\"padding-right: 3px\">\n            \n\n<div class=\"kksr-icon\" style=\"width: 20px; height: 20px;\"><\/div>\n        <\/div>\n            <div class=\"kksr-star\" data-star=\"5\" style=\"padding-right: 3px\">\n            \n\n<div class=\"kksr-icon\" style=\"width: 20px; height: 20px;\"><\/div>\n        <\/div>\n    <\/div>\n    \n<div class=\"kksr-stars-active\" style=\"width: 113.5px;\">\n            <div class=\"kksr-star\" style=\"padding-right: 3px\">\n            \n\n<div class=\"kksr-icon\" style=\"width: 20px; height: 20px;\"><\/div>\n        <\/div>\n            <div class=\"kksr-star\" style=\"padding-right: 3px\">\n            \n\n<div class=\"kksr-icon\" style=\"width: 20px; height: 20px;\"><\/div>\n        <\/div>\n            <div class=\"kksr-star\" style=\"padding-right: 3px\">\n            \n\n<div class=\"kksr-icon\" style=\"width: 20px; height: 20px;\"><\/div>\n        <\/div>\n            <div class=\"kksr-star\" style=\"padding-right: 3px\">\n            \n\n<div class=\"kksr-icon\" style=\"width: 20px; height: 20px;\"><\/div>\n        <\/div>\n            <div class=\"kksr-star\" style=\"padding-right: 3px\">\n            \n\n<div class=\"kksr-icon\" style=\"width: 20px; height: 20px;\"><\/div>\n        <\/div>\n    <\/div>\n<\/div>\n                \n\n<div class=\"kksr-legend\" style=\"font-size: 16px;\">\n            5\/5 - (1 voto)    <\/div>\n    <\/div>\n<figure id=\"attachment_33624\" aria-describedby=\"caption-attachment-33624\" style=\"width: 1200px\" class=\"wp-caption aligncenter\"><img data-recalc-dims=\"1\" loading=\"lazy\" decoding=\"async\" class=\"size-full wp-image-33624\" src=\"https:\/\/i0.wp.com\/www.reclamador.es\/blog\/wp-content\/uploads\/2016\/12\/tesoro-publico-2-1-1.jpg?resize=1200%2C630&#038;ssl=1\" alt=\"Tesoro P\u00fablico - cosas que saber\" width=\"1200\" height=\"630\" srcset=\"https:\/\/i0.wp.com\/www.reclamador.es\/blog\/wp-content\/uploads\/2016\/12\/tesoro-publico-2-1-1.jpg?w=1200&amp;ssl=1 1200w, https:\/\/i0.wp.com\/www.reclamador.es\/blog\/wp-content\/uploads\/2016\/12\/tesoro-publico-2-1-1.jpg?resize=800%2C420&amp;ssl=1 800w, https:\/\/i0.wp.com\/www.reclamador.es\/blog\/wp-content\/uploads\/2016\/12\/tesoro-publico-2-1-1.jpg?resize=150%2C79&amp;ssl=1 150w, https:\/\/i0.wp.com\/www.reclamador.es\/blog\/wp-content\/uploads\/2016\/12\/tesoro-publico-2-1-1.jpg?resize=768%2C403&amp;ssl=1 768w\" sizes=\"auto, (max-width: 1000px) 100vw, 1000px\" \/><figcaption id=\"caption-attachment-33624\" class=\"wp-caption-text\"><em>Tesoro P\u00fablico &#8211; cosas que saber<\/em><\/figcaption><\/figure>\n<p>En los \u00faltimos a\u00f1os, por la crisis o la deuda p\u00fablica, no hemos parado de o\u00edr hablar del <strong>Tesoro P\u00fablico<\/strong>. A todos nos suena y lo tenemos presente, pero \u00bfsabes exactamente qu\u00e9 es el Tesoro P\u00fablico \u00bfA qu\u00e9 se dedica o c\u00f3mo te influye?<\/p>\n<p>Nunca es tarde para aprender. En primer lugar cabe destacar que lo que conocemos como <a href=\"https:\/\/www.tesoro.es\/conozcanos\" target=\"_blank\" rel=\"noopener\">Tesoro P\u00fablico<\/a> es, en realidad, la <strong>Secretar\u00eda General del Tesoro y Pol\u00edtica Financiera<\/strong>. Este \u00f3rgano forma parte de la Secretar\u00eda de Estado de Econom\u00eda, la cual pertenece al Ministerio de Econom\u00eda, Industria y Competitividad.<\/p>\n<p>Por otra parte, las <strong>funciones<\/strong> del Tesoro P\u00fablico se encuentran recogidas en el <a href=\"https:\/\/www.boe.es\/buscar\/act.php?id=BOE-A-2012-2081\" target=\"_blank\" rel=\"nofollow noopener noreferrer\">Real Decreto 345\/2012<\/a>. En concreto:<\/p>\n<ul>\n<li><strong>Gestiona la financiaci\u00f3n del Estado<\/strong>: controlando la tesorer\u00eda (el dinero), los cr\u00e9ditos, la Caja General de Dep\u00f3sitos, el endeudamiento del Estado y de las comunidades aut\u00f3nomas, los avales de la Administraci\u00f3n General del Estado, el pasivo, el fondo para pagar a los proveedores, los registros oficiales que se le hayan confiado, tramitando todos los pagos, tanto interiores como exteriores, y as\u00ed todas las obligaciones econ\u00f3micas del Estado.<\/li>\n<li>Es un <strong>mecanismo de financiaci\u00f3n<\/strong> para el Estado, canalizando las aportaciones de la Uni\u00f3n Europea a nuestro pa\u00eds, dirigiendo la recaudaci\u00f3n de todos los recursos p\u00fablicos que no sean tributarios ni aduaneros, emitiendo deuda p\u00fablica para que sea adquirida en subastas como letras del Tesoro, bonos u obligaciones.<\/li>\n<li>Aplica normas y medidas de <strong>estabilidad presupuestaria<\/strong>, proponiendo y gestionando medidas excepcionales de apoyo financiero u otras que le sean encomendadas, siempre bajo el principio de prudencia financiera abogando por las buenas pr\u00e1cticas.<\/li>\n<li>Impone <strong>pol\u00edticas financieras<\/strong>, de deuda externa, de protecci\u00f3n de usuarios de la banca, de movimientos de capital y transacciones econ\u00f3micas al exterior, protegi\u00e9ndonos contra infracciones.<\/li>\n<li>Acu\u00f1a moneda.<\/li>\n<li>Presta apoyo y asesoramiento.<\/li>\n<li>Dise\u00f1a y desarrolla aplicaciones inform\u00e1ticas para cumplir sus funciones.<\/li>\n<li>Controla los <strong>mercados financieros<\/strong>, nacionales e internacionales, analizando y siguiendo su evoluci\u00f3n, proponiendo su ordenaci\u00f3n y elaborando informes peri\u00f3dicos.<\/li>\n<li>Ejerce la <strong>inspecci\u00f3n financiera<\/strong> mediante expedientes sancionadores, sanciones financieras o medidas restrictivas como el bloqueo, la congelaci\u00f3n o la inmovilizaci\u00f3n de capital.<\/li>\n<li><strong>Previene el blanqueo<\/strong> de capitales y la financiaci\u00f3n del terrorismo: participando en la Comisi\u00f3n de Prevenci\u00f3n del Blanqueo de Capitales e Infracciones Monetarias y representando a Espa\u00f1a en los foros internacionales de prevenci\u00f3n.<\/li>\n<li>Representa a la Administraci\u00f3n General del Estado en Europa frente a distintas instituciones como el Comit\u00e9 Europeo Bancario o el Comit\u00e9 Econ\u00f3mico y Financiero de la Uni\u00f3n Europea.<\/li>\n<li>Representa permanentemente a Espa\u00f1a ante el Fondo Monetario Internacional. De la misma manera act\u00faa en el G20 y en el Grupo del Banco Europeo de Inversiones.<\/li>\n<\/ul>\n<h2 style=\"text-align: left;\">\u00bfPor qu\u00e9 es importante el Tesoro P\u00fablico en Espa\u00f1a?<\/h2>\n<p>Gracias a sus emisiones de deuda nuestro pa\u00eds puede <strong>financiarse<\/strong>. En este sentido, es la herramienta ideal para controlar el buen funcionamiento de todos los elementos de la econom\u00eda, tanto a gran como a peque\u00f1a escala.<\/p>\n<h6 style=\"text-align: center;\"><\/h6>\n<div class=\"ttr_end\"><\/div>","protected":false},"excerpt":{"rendered":"<p>En los \u00faltimos a\u00f1os, por la crisis o la deuda p\u00fablica, no hemos parado de o\u00edr hablar del Tesoro P\u00fablico. A todos nos suena y lo tenemos presente, pero \u00bfsabes exactamente qu\u00e9 es el Tesoro P\u00fablico \u00bfA qu\u00e9 se dedica o c\u00f3mo te influye? Nunca es tarde para aprender. En primer lugar cabe destacar que [&hellip;]<\/p>\n","protected":false},"author":3,"featured_media":33624,"comment_status":"open","ping_status":"open","sticky":false,"template":"","format":"standard","meta":{"_acf_changed":false,"_genesis_hide_title":false,"_genesis_hide_breadcrumbs":false,"_genesis_hide_singular_image":false,"_genesis_hide_footer_widgets":false,"_genesis_custom_body_class":"","_genesis_custom_post_class":"","_genesis_layout":"","_jetpack_newsletter_access":"","_jetpack_dont_email_post_to_subs":true,"_jetpack_newsletter_tier_id":0,"_jetpack_memberships_contains_paywalled_content":false,"_jetpack_memberships_contains_paid_content":false,"footnotes":""},"categories":[393],"tags":[762],"class_list":{"0":"post-5373","1":"post","2":"type-post","3":"status-publish","4":"format-standard","5":"has-post-thumbnail","7":"category-consejos","8":"tag-servicios","9":"entry"},"acf":[],"yoast_head":"<!-- This site is optimized with the Yoast SEO plugin v27.4 - https:\/\/yoast.com\/product\/yoast-seo-wordpress\/ -->\n<title>Principales funciones del Tesoro P\u00fablico | reclamador.es<\/title>\n<meta name=\"description\" content=\"Conoce de la mano de El Reclamador, descubre cu\u00e1les son las principales funciones del Tesoro P\u00fablico y c\u00f3mo nos afectan | reclamador.es\" \/>\n<meta name=\"robots\" content=\"index, follow, max-snippet:-1, max-image-preview:large, max-video-preview:-1\" \/>\n<link rel=\"canonical\" href=\"https:\/\/www.reclamador.es\/blog\/tesoro-publico\/\" \/>\n<meta property=\"og:locale\" content=\"es_ES\" \/>\n<meta property=\"og:type\" content=\"article\" \/>\n<meta property=\"og:title\" content=\"Principales funciones del Tesoro P\u00fablico | reclamador.es\" \/>\n<meta property=\"og:description\" content=\"Conoce de la mano de El Reclamador, descubre cu\u00e1les son las principales funciones del Tesoro P\u00fablico y c\u00f3mo nos afectan | reclamador.es\" \/>\n<meta property=\"og:url\" content=\"https:\/\/www.reclamador.es\/blog\/tesoro-publico\/\" \/>\n<meta property=\"og:site_name\" content=\"Rebeldes con causa, el blog de reclamador.es\" \/>\n<meta property=\"article:publisher\" content=\"https:\/\/www.facebook.com\/reclamador.es\" \/>\n<meta property=\"article:published_time\" content=\"2016-12-26T09:19:36+00:00\" \/>\n<meta property=\"article:modified_time\" content=\"2025-01-20T10:33:01+00:00\" \/>\n<meta property=\"og:image\" content=\"https:\/\/www.reclamador.es\/blog\/wp-content\/uploads\/2016\/12\/tesoro-publico-2-1-1.jpg\" \/>\n\t<meta property=\"og:image:width\" content=\"1200\" \/>\n\t<meta property=\"og:image:height\" content=\"630\" \/>\n\t<meta property=\"og:image:type\" content=\"image\/jpeg\" \/>\n<meta name=\"author\" content=\"Cristina Naveda\" \/>\n<meta name=\"twitter:card\" content=\"summary_large_image\" \/>\n<meta name=\"twitter:creator\" content=\"@reclamador\" \/>\n<meta name=\"twitter:site\" content=\"@reclamador\" \/>\n<meta name=\"twitter:label1\" content=\"Escrito por\" \/>\n\t<meta name=\"twitter:data1\" content=\"Cristina Naveda\" \/>\n\t<meta name=\"twitter:label2\" content=\"Tiempo de lectura\" \/>\n\t<meta name=\"twitter:data2\" content=\"3 minutos\" \/>\n<script type=\"application\/ld+json\" class=\"yoast-schema-graph\">{\"@context\":\"https:\\\/\\\/schema.org\",\"@graph\":[{\"@type\":\"Article\",\"@id\":\"https:\\\/\\\/www.reclamador.es\\\/blog\\\/tesoro-publico\\\/#article\",\"isPartOf\":{\"@id\":\"https:\\\/\\\/www.reclamador.es\\\/blog\\\/tesoro-publico\\\/\"},\"author\":{\"name\":\"Cristina Naveda\",\"@id\":\"https:\\\/\\\/www.reclamador.es\\\/blog\\\/#\\\/schema\\\/person\\\/c446a02b3fcf1607a8a2139c36fbe583\"},\"headline\":\"Principales funciones del Tesoro P\u00fablico\",\"datePublished\":\"2016-12-26T09:19:36+00:00\",\"dateModified\":\"2025-01-20T10:33:01+00:00\",\"mainEntityOfPage\":{\"@id\":\"https:\\\/\\\/www.reclamador.es\\\/blog\\\/tesoro-publico\\\/\"},\"wordCount\":546,\"commentCount\":1,\"publisher\":{\"@id\":\"https:\\\/\\\/www.reclamador.es\\\/blog\\\/#organization\"},\"image\":{\"@id\":\"https:\\\/\\\/www.reclamador.es\\\/blog\\\/tesoro-publico\\\/#primaryimage\"},\"thumbnailUrl\":\"https:\\\/\\\/i0.wp.com\\\/www.reclamador.es\\\/blog\\\/wp-content\\\/uploads\\\/2016\\\/12\\\/tesoro-publico-2-1-1.jpg?fit=1200%2C630&ssl=1\",\"keywords\":[\"servicios\"],\"articleSection\":[\"Consejos legales\"],\"inLanguage\":\"es\",\"potentialAction\":[{\"@type\":\"CommentAction\",\"name\":\"Comment\",\"target\":[\"https:\\\/\\\/www.reclamador.es\\\/blog\\\/tesoro-publico\\\/#respond\"]}]},{\"@type\":\"WebPage\",\"@id\":\"https:\\\/\\\/www.reclamador.es\\\/blog\\\/tesoro-publico\\\/\",\"url\":\"https:\\\/\\\/www.reclamador.es\\\/blog\\\/tesoro-publico\\\/\",\"name\":\"Principales funciones del Tesoro P\u00fablico | reclamador.es\",\"isPartOf\":{\"@id\":\"https:\\\/\\\/www.reclamador.es\\\/blog\\\/#website\"},\"primaryImageOfPage\":{\"@id\":\"https:\\\/\\\/www.reclamador.es\\\/blog\\\/tesoro-publico\\\/#primaryimage\"},\"image\":{\"@id\":\"https:\\\/\\\/www.reclamador.es\\\/blog\\\/tesoro-publico\\\/#primaryimage\"},\"thumbnailUrl\":\"https:\\\/\\\/i0.wp.com\\\/www.reclamador.es\\\/blog\\\/wp-content\\\/uploads\\\/2016\\\/12\\\/tesoro-publico-2-1-1.jpg?fit=1200%2C630&ssl=1\",\"datePublished\":\"2016-12-26T09:19:36+00:00\",\"dateModified\":\"2025-01-20T10:33:01+00:00\",\"description\":\"Conoce de la mano de El Reclamador, descubre cu\u00e1les son las principales funciones del Tesoro P\u00fablico y c\u00f3mo nos afectan | reclamador.es\",\"breadcrumb\":{\"@id\":\"https:\\\/\\\/www.reclamador.es\\\/blog\\\/tesoro-publico\\\/#breadcrumb\"},\"inLanguage\":\"es\",\"potentialAction\":[{\"@type\":\"ReadAction\",\"target\":[\"https:\\\/\\\/www.reclamador.es\\\/blog\\\/tesoro-publico\\\/\"]}]},{\"@type\":\"ImageObject\",\"inLanguage\":\"es\",\"@id\":\"https:\\\/\\\/www.reclamador.es\\\/blog\\\/tesoro-publico\\\/#primaryimage\",\"url\":\"https:\\\/\\\/i0.wp.com\\\/www.reclamador.es\\\/blog\\\/wp-content\\\/uploads\\\/2016\\\/12\\\/tesoro-publico-2-1-1.jpg?fit=1200%2C630&ssl=1\",\"contentUrl\":\"https:\\\/\\\/i0.wp.com\\\/www.reclamador.es\\\/blog\\\/wp-content\\\/uploads\\\/2016\\\/12\\\/tesoro-publico-2-1-1.jpg?fit=1200%2C630&ssl=1\",\"width\":1200,\"height\":630,\"caption\":\"Tesoro P\u00fablico - cosas que saber\"},{\"@type\":\"BreadcrumbList\",\"@id\":\"https:\\\/\\\/www.reclamador.es\\\/blog\\\/tesoro-publico\\\/#breadcrumb\",\"itemListElement\":[{\"@type\":\"ListItem\",\"position\":1,\"name\":\"Portada\",\"item\":\"https:\\\/\\\/www.reclamador.es\\\/blog\\\/\"},{\"@type\":\"ListItem\",\"position\":2,\"name\":\"Principales funciones del Tesoro P\u00fablico\"}]},{\"@type\":\"WebSite\",\"@id\":\"https:\\\/\\\/www.reclamador.es\\\/blog\\\/#website\",\"url\":\"https:\\\/\\\/www.reclamador.es\\\/blog\\\/\",\"name\":\"Rebeldes con causa, el blog de reclamador.es\",\"description\":\"Noticias, entrevistas y consejos sobre reclamaciones\",\"publisher\":{\"@id\":\"https:\\\/\\\/www.reclamador.es\\\/blog\\\/#organization\"},\"potentialAction\":[{\"@type\":\"SearchAction\",\"target\":{\"@type\":\"EntryPoint\",\"urlTemplate\":\"https:\\\/\\\/www.reclamador.es\\\/blog\\\/?s={search_term_string}\"},\"query-input\":{\"@type\":\"PropertyValueSpecification\",\"valueRequired\":true,\"valueName\":\"search_term_string\"}}],\"inLanguage\":\"es\"},{\"@type\":\"Organization\",\"@id\":\"https:\\\/\\\/www.reclamador.es\\\/blog\\\/#organization\",\"name\":\"reclamador.es\",\"url\":\"https:\\\/\\\/www.reclamador.es\\\/blog\\\/\",\"logo\":{\"@type\":\"ImageObject\",\"inLanguage\":\"es\",\"@id\":\"https:\\\/\\\/www.reclamador.es\\\/blog\\\/#\\\/schema\\\/logo\\\/image\\\/\",\"url\":\"https:\\\/\\\/i0.wp.com\\\/www.reclamador.es\\\/blog\\\/wp-content\\\/uploads\\\/2020\\\/01\\\/logo-reclamador.png?fit=1200%2C144&ssl=1\",\"contentUrl\":\"https:\\\/\\\/i0.wp.com\\\/www.reclamador.es\\\/blog\\\/wp-content\\\/uploads\\\/2020\\\/01\\\/logo-reclamador.png?fit=1200%2C144&ssl=1\",\"width\":1200,\"height\":144,\"caption\":\"reclamador.es\"},\"image\":{\"@id\":\"https:\\\/\\\/www.reclamador.es\\\/blog\\\/#\\\/schema\\\/logo\\\/image\\\/\"},\"sameAs\":[\"https:\\\/\\\/www.facebook.com\\\/reclamador.es\",\"https:\\\/\\\/x.com\\\/reclamador\",\"https:\\\/\\\/www.instagram.com\\\/reclamador.es\\\/\",\"https:\\\/\\\/www.linkedin.com\\\/company\\\/reclamador-es\",\"https:\\\/\\\/www.youtube.com\\\/user\\\/Reclamadores\"]},{\"@type\":\"Person\",\"@id\":\"https:\\\/\\\/www.reclamador.es\\\/blog\\\/#\\\/schema\\\/person\\\/c446a02b3fcf1607a8a2139c36fbe583\",\"name\":\"Cristina Naveda\",\"image\":{\"@type\":\"ImageObject\",\"inLanguage\":\"es\",\"@id\":\"https:\\\/\\\/secure.gravatar.com\\\/avatar\\\/1df04000ab560ffd4824a3ce70f826eb8bd6a9bfc6cc9097a363e6cd67f07ec0?s=96&d=mm&r=g\",\"url\":\"https:\\\/\\\/secure.gravatar.com\\\/avatar\\\/1df04000ab560ffd4824a3ce70f826eb8bd6a9bfc6cc9097a363e6cd67f07ec0?s=96&d=mm&r=g\",\"contentUrl\":\"https:\\\/\\\/secure.gravatar.com\\\/avatar\\\/1df04000ab560ffd4824a3ce70f826eb8bd6a9bfc6cc9097a363e6cd67f07ec0?s=96&d=mm&r=g\",\"caption\":\"Cristina Naveda\"},\"description\":\"Me encanta unir la informaci\u00f3n con las personas. Me esfuerzo para que reclamador haga bien esa uni\u00f3n desde el equipo de comunicaci\u00f3n.\",\"url\":\"https:\\\/\\\/www.reclamador.es\\\/blog\\\/author\\\/cristina\\\/\"}]}<\/script>\n<!-- \/ Yoast SEO plugin. -->","yoast_head_json":{"title":"Principales funciones del Tesoro P\u00fablico | reclamador.es","description":"Conoce de la mano de El Reclamador, descubre cu\u00e1les son las principales funciones del Tesoro P\u00fablico y c\u00f3mo nos afectan | reclamador.es","robots":{"index":"index","follow":"follow","max-snippet":"max-snippet:-1","max-image-preview":"max-image-preview:large","max-video-preview":"max-video-preview:-1"},"canonical":"https:\/\/www.reclamador.es\/blog\/tesoro-publico\/","og_locale":"es_ES","og_type":"article","og_title":"Principales funciones del Tesoro P\u00fablico | reclamador.es","og_description":"Conoce de la mano de El Reclamador, descubre cu\u00e1les son las principales funciones del Tesoro P\u00fablico y c\u00f3mo nos afectan | reclamador.es","og_url":"https:\/\/www.reclamador.es\/blog\/tesoro-publico\/","og_site_name":"Rebeldes con causa, el blog de reclamador.es","article_publisher":"https:\/\/www.facebook.com\/reclamador.es","article_published_time":"2016-12-26T09:19:36+00:00","article_modified_time":"2025-01-20T10:33:01+00:00","og_image":[{"width":1200,"height":630,"url":"https:\/\/www.reclamador.es\/blog\/wp-content\/uploads\/2016\/12\/tesoro-publico-2-1-1.jpg","type":"image\/jpeg"}],"author":"Cristina Naveda","twitter_card":"summary_large_image","twitter_creator":"@reclamador","twitter_site":"@reclamador","twitter_misc":{"Escrito por":"Cristina Naveda","Tiempo de lectura":"3 minutos"},"schema":{"@context":"https:\/\/schema.org","@graph":[{"@type":"Article","@id":"https:\/\/www.reclamador.es\/blog\/tesoro-publico\/#article","isPartOf":{"@id":"https:\/\/www.reclamador.es\/blog\/tesoro-publico\/"},"author":{"name":"Cristina Naveda","@id":"https:\/\/www.reclamador.es\/blog\/#\/schema\/person\/c446a02b3fcf1607a8a2139c36fbe583"},"headline":"Principales funciones del Tesoro P\u00fablico","datePublished":"2016-12-26T09:19:36+00:00","dateModified":"2025-01-20T10:33:01+00:00","mainEntityOfPage":{"@id":"https:\/\/www.reclamador.es\/blog\/tesoro-publico\/"},"wordCount":546,"commentCount":1,"publisher":{"@id":"https:\/\/www.reclamador.es\/blog\/#organization"},"image":{"@id":"https:\/\/www.reclamador.es\/blog\/tesoro-publico\/#primaryimage"},"thumbnailUrl":"https:\/\/i0.wp.com\/www.reclamador.es\/blog\/wp-content\/uploads\/2016\/12\/tesoro-publico-2-1-1.jpg?fit=1200%2C630&ssl=1","keywords":["servicios"],"articleSection":["Consejos legales"],"inLanguage":"es","potentialAction":[{"@type":"CommentAction","name":"Comment","target":["https:\/\/www.reclamador.es\/blog\/tesoro-publico\/#respond"]}]},{"@type":"WebPage","@id":"https:\/\/www.reclamador.es\/blog\/tesoro-publico\/","url":"https:\/\/www.reclamador.es\/blog\/tesoro-publico\/","name":"Principales funciones del Tesoro P\u00fablico | reclamador.es","isPartOf":{"@id":"https:\/\/www.reclamador.es\/blog\/#website"},"primaryImageOfPage":{"@id":"https:\/\/www.reclamador.es\/blog\/tesoro-publico\/#primaryimage"},"image":{"@id":"https:\/\/www.reclamador.es\/blog\/tesoro-publico\/#primaryimage"},"thumbnailUrl":"https:\/\/i0.wp.com\/www.reclamador.es\/blog\/wp-content\/uploads\/2016\/12\/tesoro-publico-2-1-1.jpg?fit=1200%2C630&ssl=1","datePublished":"2016-12-26T09:19:36+00:00","dateModified":"2025-01-20T10:33:01+00:00","description":"Conoce de la mano de El Reclamador, descubre cu\u00e1les son las principales funciones del Tesoro P\u00fablico y c\u00f3mo nos afectan | reclamador.es","breadcrumb":{"@id":"https:\/\/www.reclamador.es\/blog\/tesoro-publico\/#breadcrumb"},"inLanguage":"es","potentialAction":[{"@type":"ReadAction","target":["https:\/\/www.reclamador.es\/blog\/tesoro-publico\/"]}]},{"@type":"ImageObject","inLanguage":"es","@id":"https:\/\/www.reclamador.es\/blog\/tesoro-publico\/#primaryimage","url":"https:\/\/i0.wp.com\/www.reclamador.es\/blog\/wp-content\/uploads\/2016\/12\/tesoro-publico-2-1-1.jpg?fit=1200%2C630&ssl=1","contentUrl":"https:\/\/i0.wp.com\/www.reclamador.es\/blog\/wp-content\/uploads\/2016\/12\/tesoro-publico-2-1-1.jpg?fit=1200%2C630&ssl=1","width":1200,"height":630,"caption":"Tesoro P\u00fablico - cosas que saber"},{"@type":"BreadcrumbList","@id":"https:\/\/www.reclamador.es\/blog\/tesoro-publico\/#breadcrumb","itemListElement":[{"@type":"ListItem","position":1,"name":"Portada","item":"https:\/\/www.reclamador.es\/blog\/"},{"@type":"ListItem","position":2,"name":"Principales funciones del Tesoro P\u00fablico"}]},{"@type":"WebSite","@id":"https:\/\/www.reclamador.es\/blog\/#website","url":"https:\/\/www.reclamador.es\/blog\/","name":"Rebeldes con causa, el blog de reclamador.es","description":"Noticias, entrevistas y consejos sobre reclamaciones","publisher":{"@id":"https:\/\/www.reclamador.es\/blog\/#organization"},"potentialAction":[{"@type":"SearchAction","target":{"@type":"EntryPoint","urlTemplate":"https:\/\/www.reclamador.es\/blog\/?s={search_term_string}"},"query-input":{"@type":"PropertyValueSpecification","valueRequired":true,"valueName":"search_term_string"}}],"inLanguage":"es"},{"@type":"Organization","@id":"https:\/\/www.reclamador.es\/blog\/#organization","name":"reclamador.es","url":"https:\/\/www.reclamador.es\/blog\/","logo":{"@type":"ImageObject","inLanguage":"es","@id":"https:\/\/www.reclamador.es\/blog\/#\/schema\/logo\/image\/","url":"https:\/\/i0.wp.com\/www.reclamador.es\/blog\/wp-content\/uploads\/2020\/01\/logo-reclamador.png?fit=1200%2C144&ssl=1","contentUrl":"https:\/\/i0.wp.com\/www.reclamador.es\/blog\/wp-content\/uploads\/2020\/01\/logo-reclamador.png?fit=1200%2C144&ssl=1","width":1200,"height":144,"caption":"reclamador.es"},"image":{"@id":"https:\/\/www.reclamador.es\/blog\/#\/schema\/logo\/image\/"},"sameAs":["https:\/\/www.facebook.com\/reclamador.es","https:\/\/x.com\/reclamador","https:\/\/www.instagram.com\/reclamador.es\/","https:\/\/www.linkedin.com\/company\/reclamador-es","https:\/\/www.youtube.com\/user\/Reclamadores"]},{"@type":"Person","@id":"https:\/\/www.reclamador.es\/blog\/#\/schema\/person\/c446a02b3fcf1607a8a2139c36fbe583","name":"Cristina Naveda","image":{"@type":"ImageObject","inLanguage":"es","@id":"https:\/\/secure.gravatar.com\/avatar\/1df04000ab560ffd4824a3ce70f826eb8bd6a9bfc6cc9097a363e6cd67f07ec0?s=96&d=mm&r=g","url":"https:\/\/secure.gravatar.com\/avatar\/1df04000ab560ffd4824a3ce70f826eb8bd6a9bfc6cc9097a363e6cd67f07ec0?s=96&d=mm&r=g","contentUrl":"https:\/\/secure.gravatar.com\/avatar\/1df04000ab560ffd4824a3ce70f826eb8bd6a9bfc6cc9097a363e6cd67f07ec0?s=96&d=mm&r=g","caption":"Cristina Naveda"},"description":"Me encanta unir la informaci\u00f3n con las personas. Me esfuerzo para que reclamador haga bien esa uni\u00f3n desde el equipo de comunicaci\u00f3n.","url":"https:\/\/www.reclamador.es\/blog\/author\/cristina\/"}]}},"jetpack_featured_media_url":"https:\/\/i0.wp.com\/www.reclamador.es\/blog\/wp-content\/uploads\/2016\/12\/tesoro-publico-2-1-1.jpg?fit=1200%2C630&ssl=1","jetpack-related-posts":[{"id":5339,"url":"https:\/\/www.reclamador.es\/blog\/sicav\/","url_meta":{"origin":5373,"position":0},"title":"\u00bfQu\u00e9 son las SICAV?","author":"Equipo reclamador","date":"8 octubre, 2018","format":false,"excerpt":"En los \u00faltimos a\u00f1os hemos le\u00eddo y escuchado la palabra SICAV en m\u00faltiples medios de comunicaci\u00f3n. Tambi\u00e9n unido al discurso de algunos colectivos sociales que ped\u00edan una mayor regulaci\u00f3n de estos instrumentos financieros. El elemento cuestionado o puesto a debate era el sistema de tributaci\u00f3n que ten\u00edan. Pero estas figuras\u2026","rel":"","context":"En \u00abConsejos legales\u00bb","block_context":{"text":"Consejos legales","link":"https:\/\/www.reclamador.es\/blog\/consejos\/"},"img":{"alt_text":"","src":"https:\/\/i0.wp.com\/www.reclamador.es\/blog\/wp-content\/uploads\/2016\/12\/stock.jpg?fit=1200%2C800&ssl=1&resize=350%2C200","width":350,"height":200,"srcset":"https:\/\/i0.wp.com\/www.reclamador.es\/blog\/wp-content\/uploads\/2016\/12\/stock.jpg?fit=1200%2C800&ssl=1&resize=350%2C200 1x, https:\/\/i0.wp.com\/www.reclamador.es\/blog\/wp-content\/uploads\/2016\/12\/stock.jpg?fit=1200%2C800&ssl=1&resize=525%2C300 1.5x, https:\/\/i0.wp.com\/www.reclamador.es\/blog\/wp-content\/uploads\/2016\/12\/stock.jpg?fit=1200%2C800&ssl=1&resize=700%2C400 2x, https:\/\/i0.wp.com\/www.reclamador.es\/blog\/wp-content\/uploads\/2016\/12\/stock.jpg?fit=1200%2C800&ssl=1&resize=1050%2C600 3x"},"classes":[]},{"id":29228,"url":"https:\/\/www.reclamador.es\/blog\/que-pasa-si-heredero-no-paga-impuestos\/","url_meta":{"origin":5373,"position":1},"title":"\u00bfQu\u00e9 pasa si un heredero no paga los impuestos correspondientes al heredar?","author":"Equipo reclamador","date":"10 febrero, 2022","format":false,"excerpt":"El impuesto de sucesiones -y tambi\u00e9n la plusval\u00eda municipal si hay una vivienda en la herencia- supone el mayor desembolso para los herederos que, en funci\u00f3n del grado de parentesco y la comunidad aut\u00f3noma donde se liquide el impuesto de sucesiones y los bienes a heredar, conlleva una cuant\u00eda mayor\u2026","rel":"","context":"En \u00abConsejos legales\u00bb","block_context":{"text":"Consejos legales","link":"https:\/\/www.reclamador.es\/blog\/consejos\/"},"img":{"alt_text":"\u00bfQu\u00e9 pasa si un heredero no paga los impuestos correspondientes al heredar?","src":"https:\/\/i0.wp.com\/www.reclamador.es\/blog\/wp-content\/uploads\/2022\/02\/heredero-no-paga-impuestos.jpg?fit=1200%2C688&ssl=1&resize=350%2C200","width":350,"height":200,"srcset":"https:\/\/i0.wp.com\/www.reclamador.es\/blog\/wp-content\/uploads\/2022\/02\/heredero-no-paga-impuestos.jpg?fit=1200%2C688&ssl=1&resize=350%2C200 1x, https:\/\/i0.wp.com\/www.reclamador.es\/blog\/wp-content\/uploads\/2022\/02\/heredero-no-paga-impuestos.jpg?fit=1200%2C688&ssl=1&resize=525%2C300 1.5x, https:\/\/i0.wp.com\/www.reclamador.es\/blog\/wp-content\/uploads\/2022\/02\/heredero-no-paga-impuestos.jpg?fit=1200%2C688&ssl=1&resize=700%2C400 2x, https:\/\/i0.wp.com\/www.reclamador.es\/blog\/wp-content\/uploads\/2022\/02\/heredero-no-paga-impuestos.jpg?fit=1200%2C688&ssl=1&resize=1050%2C600 3x"},"classes":[]},{"id":4749,"url":"https:\/\/www.reclamador.es\/blog\/iprem\/","url_meta":{"origin":5373,"position":2},"title":"\u00bfQu\u00e9 es el IPREM? Todo sobre el IPREM 2021","author":"Equipo reclamador","date":"31 mayo, 2021","format":false,"excerpt":"El IPREM es uno de los \u00edndices de renta menos conocidos para la poblaci\u00f3n espa\u00f1ola, aunque desempe\u00f1a un papel muy importante a la hora de solicitar ciertas prestaciones, como las ayudas para el empleo. Tambi\u00e9n se tendr\u00e1 en cuenta este \u00edndice como requisito a la hora de solicitar, por ejemplo,\u2026","rel":"","context":"En \u00abConsejos legales\u00bb","block_context":{"text":"Consejos legales","link":"https:\/\/www.reclamador.es\/blog\/consejos\/"},"img":{"alt_text":"iprem 2021","src":"https:\/\/i0.wp.com\/www.reclamador.es\/blog\/wp-content\/uploads\/2021\/05\/iprem-2021.jpg?fit=1200%2C614&ssl=1&resize=350%2C200","width":350,"height":200,"srcset":"https:\/\/i0.wp.com\/www.reclamador.es\/blog\/wp-content\/uploads\/2021\/05\/iprem-2021.jpg?fit=1200%2C614&ssl=1&resize=350%2C200 1x, https:\/\/i0.wp.com\/www.reclamador.es\/blog\/wp-content\/uploads\/2021\/05\/iprem-2021.jpg?fit=1200%2C614&ssl=1&resize=525%2C300 1.5x, https:\/\/i0.wp.com\/www.reclamador.es\/blog\/wp-content\/uploads\/2021\/05\/iprem-2021.jpg?fit=1200%2C614&ssl=1&resize=700%2C400 2x, https:\/\/i0.wp.com\/www.reclamador.es\/blog\/wp-content\/uploads\/2021\/05\/iprem-2021.jpg?fit=1200%2C614&ssl=1&resize=1050%2C600 3x"},"classes":[]},{"id":30981,"url":"https:\/\/www.reclamador.es\/blog\/legislacion-sobre-el-reciclaje\/","url_meta":{"origin":5373,"position":3},"title":"Legislaci\u00f3n sobre el reciclaje. Posibles infracciones que no conoc\u00edas","author":"Equipo reclamador","date":"18 mayo, 2023","format":false,"excerpt":"Cada vez estamos m\u00e1s concienciados de la importancia del cuidado del medioambiente para garantizar la supervivencia de las especies, reducir la contaminaci\u00f3n y, en general, mejorar y aumentar la calidad de vida de todos los seres que habitamos en el planeta. El cambio clim\u00e1tico es una realidad que cada vez\u2026","rel":"","context":"En \u00abNoticias y actualidad\u00bb","block_context":{"text":"Noticias y actualidad","link":"https:\/\/www.reclamador.es\/blog\/noticias\/"},"img":{"alt_text":"Legislaci\u00f3n sobre el reciclaje","src":"https:\/\/i0.wp.com\/www.reclamador.es\/blog\/wp-content\/uploads\/2023\/05\/Legislacion-sobre-el-reciclaje.jpg?fit=1200%2C675&ssl=1&resize=350%2C200","width":350,"height":200,"srcset":"https:\/\/i0.wp.com\/www.reclamador.es\/blog\/wp-content\/uploads\/2023\/05\/Legislacion-sobre-el-reciclaje.jpg?fit=1200%2C675&ssl=1&resize=350%2C200 1x, https:\/\/i0.wp.com\/www.reclamador.es\/blog\/wp-content\/uploads\/2023\/05\/Legislacion-sobre-el-reciclaje.jpg?fit=1200%2C675&ssl=1&resize=525%2C300 1.5x, https:\/\/i0.wp.com\/www.reclamador.es\/blog\/wp-content\/uploads\/2023\/05\/Legislacion-sobre-el-reciclaje.jpg?fit=1200%2C675&ssl=1&resize=700%2C400 2x, https:\/\/i0.wp.com\/www.reclamador.es\/blog\/wp-content\/uploads\/2023\/05\/Legislacion-sobre-el-reciclaje.jpg?fit=1200%2C675&ssl=1&resize=1050%2C600 3x"},"classes":[]},{"id":22493,"url":"https:\/\/www.reclamador.es\/blog\/redes-sociales-verano-cosas-no-publicar\/","url_meta":{"origin":5373,"position":4},"title":"Tres cosas que no debes publicar en redes sociales en vacaciones","author":"Alicia Ria\u00f1o","date":"21 junio, 2024","format":false,"excerpt":"Seguro que muchos ya est\u00e1is de vacaciones o deseando que se lleguen esos d\u00edas para pasarlos lejos de casa, o en ella, pero descansando y disfrutando de familia o amigos. Con las redes sociales, ahora, adem\u00e1s, se cuenta a los seguidores todo lo que ocurre en vacaciones. Pero esto tiene,\u2026","rel":"","context":"En \u00abConsejos legales\u00bb","block_context":{"text":"Consejos legales","link":"https:\/\/www.reclamador.es\/blog\/consejos\/"},"img":{"alt_text":"Qu\u00e9 no publicar en redes sociales foto familia vacaciones redes sociales","src":"https:\/\/i0.wp.com\/www.reclamador.es\/blog\/wp-content\/uploads\/2021\/07\/publicar-en-redes-sociales.jpg?fit=1200%2C630&ssl=1&resize=350%2C200","width":350,"height":200,"srcset":"https:\/\/i0.wp.com\/www.reclamador.es\/blog\/wp-content\/uploads\/2021\/07\/publicar-en-redes-sociales.jpg?fit=1200%2C630&ssl=1&resize=350%2C200 1x, https:\/\/i0.wp.com\/www.reclamador.es\/blog\/wp-content\/uploads\/2021\/07\/publicar-en-redes-sociales.jpg?fit=1200%2C630&ssl=1&resize=525%2C300 1.5x, https:\/\/i0.wp.com\/www.reclamador.es\/blog\/wp-content\/uploads\/2021\/07\/publicar-en-redes-sociales.jpg?fit=1200%2C630&ssl=1&resize=700%2C400 2x, https:\/\/i0.wp.com\/www.reclamador.es\/blog\/wp-content\/uploads\/2021\/07\/publicar-en-redes-sociales.jpg?fit=1200%2C630&ssl=1&resize=1050%2C600 3x"},"classes":[]},{"id":17526,"url":"https:\/\/www.reclamador.es\/blog\/abogado-negligencias-medicas\/","url_meta":{"origin":5373,"position":5},"title":"Abogado de Negligencias: \u00bfc\u00f3mo te puede ayudar?","author":"Equipo reclamador","date":"6 diciembre, 2019","format":false,"excerpt":"El art\u00edculo 43 de la Constituci\u00f3n Espa\u00f1ola reconoce \u201cel derecho a la protecci\u00f3n de la salud\u201d. Pero no queda ah\u00ed, ya que encomienda a los poderes p\u00fablicos que tienen que organizar y tutelar dicha salud p\u00fablica a trav\u00e9s de medidas preventivas y dotando de prestaciones y servicios necesarios. Adem\u00e1s, el\u2026","rel":"","context":"En \u00abConsejos legales\u00bb","block_context":{"text":"Consejos legales","link":"https:\/\/www.reclamador.es\/blog\/consejos\/"},"img":{"alt_text":"","src":"https:\/\/i0.wp.com\/www.reclamador.es\/blog\/wp-content\/uploads\/2018\/03\/lucia-ramirez-reclamador.png?fit=600%2C400&ssl=1&resize=350%2C200","width":350,"height":200,"srcset":"https:\/\/i0.wp.com\/www.reclamador.es\/blog\/wp-content\/uploads\/2018\/03\/lucia-ramirez-reclamador.png?fit=600%2C400&ssl=1&resize=350%2C200 1x, https:\/\/i0.wp.com\/www.reclamador.es\/blog\/wp-content\/uploads\/2018\/03\/lucia-ramirez-reclamador.png?fit=600%2C400&ssl=1&resize=525%2C300 1.5x"},"classes":[]}],"jetpack_sharing_enabled":true,"_links":{"self":[{"href":"https:\/\/www.reclamador.es\/blog\/wp-json\/wp\/v2\/posts\/5373","targetHints":{"allow":["GET"]}}],"collection":[{"href":"https:\/\/www.reclamador.es\/blog\/wp-json\/wp\/v2\/posts"}],"about":[{"href":"https:\/\/www.reclamador.es\/blog\/wp-json\/wp\/v2\/types\/post"}],"author":[{"embeddable":true,"href":"https:\/\/www.reclamador.es\/blog\/wp-json\/wp\/v2\/users\/3"}],"replies":[{"embeddable":true,"href":"https:\/\/www.reclamador.es\/blog\/wp-json\/wp\/v2\/comments?post=5373"}],"version-history":[{"count":11,"href":"https:\/\/www.reclamador.es\/blog\/wp-json\/wp\/v2\/posts\/5373\/revisions"}],"predecessor-version":[{"id":33625,"href":"https:\/\/www.reclamador.es\/blog\/wp-json\/wp\/v2\/posts\/5373\/revisions\/33625"}],"wp:featuredmedia":[{"embeddable":true,"href":"https:\/\/www.reclamador.es\/blog\/wp-json\/wp\/v2\/media\/33624"}],"wp:attachment":[{"href":"https:\/\/www.reclamador.es\/blog\/wp-json\/wp\/v2\/media?parent=5373"}],"wp:term":[{"taxonomy":"category","embeddable":true,"href":"https:\/\/www.reclamador.es\/blog\/wp-json\/wp\/v2\/categories?post=5373"},{"taxonomy":"post_tag","embeddable":true,"href":"https:\/\/www.reclamador.es\/blog\/wp-json\/wp\/v2\/tags?post=5373"}],"curies":[{"name":"wp","href":"https:\/\/api.w.org\/{rel}","templated":true}]}}