{"id":5345,"date":"2022-01-14T10:30:51","date_gmt":"2022-01-14T09:30:51","guid":{"rendered":"https:\/\/www.reclamador.es\/blog\/?p=5345"},"modified":"2025-03-07T12:20:22","modified_gmt":"2025-03-07T11:20:22","slug":"permiso-de-paternidad","status":"publish","type":"post","link":"https:\/\/www.reclamador.es\/blog\/permiso-de-paternidad\/","title":{"rendered":"El permiso de paternidad en 2022"},"content":{"rendered":"<div class=\"ttr_start\"><\/div>\n\n<div class=\"kk-star-ratings kksr-auto kksr-align-right kksr-valign-top\"\n    data-payload='{&quot;align&quot;:&quot;right&quot;,&quot;id&quot;:&quot;5345&quot;,&quot;slug&quot;:&quot;default&quot;,&quot;valign&quot;:&quot;top&quot;,&quot;ignore&quot;:&quot;&quot;,&quot;reference&quot;:&quot;auto&quot;,&quot;class&quot;:&quot;&quot;,&quot;count&quot;:&quot;1&quot;,&quot;legendonly&quot;:&quot;&quot;,&quot;readonly&quot;:&quot;&quot;,&quot;score&quot;:&quot;5&quot;,&quot;starsonly&quot;:&quot;&quot;,&quot;best&quot;:&quot;5&quot;,&quot;gap&quot;:&quot;3&quot;,&quot;greet&quot;:&quot;Valora este art\u00edculo&quot;,&quot;legend&quot;:&quot;5\\\/5 - (1 voto)&quot;,&quot;size&quot;:&quot;20&quot;,&quot;title&quot;:&quot;El permiso de paternidad en 2022&quot;,&quot;width&quot;:&quot;113.5&quot;,&quot;_legend&quot;:&quot;{score}\\\/{best} - ({count} {votes})&quot;,&quot;font_factor&quot;:&quot;1.25&quot;}'>\n            \n<div class=\"kksr-stars\">\n    \n<div class=\"kksr-stars-inactive\">\n            <div class=\"kksr-star\" data-star=\"1\" style=\"padding-right: 3px\">\n            \n\n<div class=\"kksr-icon\" style=\"width: 20px; height: 20px;\"><\/div>\n        <\/div>\n            <div class=\"kksr-star\" data-star=\"2\" style=\"padding-right: 3px\">\n            \n\n<div class=\"kksr-icon\" style=\"width: 20px; height: 20px;\"><\/div>\n        <\/div>\n            <div class=\"kksr-star\" data-star=\"3\" style=\"padding-right: 3px\">\n            \n\n<div class=\"kksr-icon\" style=\"width: 20px; height: 20px;\"><\/div>\n        <\/div>\n            <div class=\"kksr-star\" data-star=\"4\" style=\"padding-right: 3px\">\n            \n\n<div class=\"kksr-icon\" style=\"width: 20px; height: 20px;\"><\/div>\n        <\/div>\n            <div class=\"kksr-star\" data-star=\"5\" style=\"padding-right: 3px\">\n            \n\n<div class=\"kksr-icon\" style=\"width: 20px; height: 20px;\"><\/div>\n        <\/div>\n    <\/div>\n    \n<div class=\"kksr-stars-active\" style=\"width: 113.5px;\">\n            <div class=\"kksr-star\" style=\"padding-right: 3px\">\n            \n\n<div class=\"kksr-icon\" style=\"width: 20px; height: 20px;\"><\/div>\n        <\/div>\n            <div class=\"kksr-star\" style=\"padding-right: 3px\">\n            \n\n<div class=\"kksr-icon\" style=\"width: 20px; height: 20px;\"><\/div>\n        <\/div>\n            <div class=\"kksr-star\" style=\"padding-right: 3px\">\n            \n\n<div class=\"kksr-icon\" style=\"width: 20px; height: 20px;\"><\/div>\n        <\/div>\n            <div class=\"kksr-star\" style=\"padding-right: 3px\">\n            \n\n<div class=\"kksr-icon\" style=\"width: 20px; height: 20px;\"><\/div>\n        <\/div>\n            <div class=\"kksr-star\" style=\"padding-right: 3px\">\n            \n\n<div class=\"kksr-icon\" style=\"width: 20px; height: 20px;\"><\/div>\n        <\/div>\n    <\/div>\n<\/div>\n                \n\n<div class=\"kksr-legend\" style=\"font-size: 16px;\">\n            5\/5 - (1 voto)    <\/div>\n    <\/div>\n<figure id=\"attachment_5644\" aria-describedby=\"caption-attachment-5644\" style=\"width: 1200px\" class=\"wp-caption aligncenter\"><img data-recalc-dims=\"1\" loading=\"lazy\" decoding=\"async\" class=\"wp-image-5644 size-full\" src=\"https:\/\/i0.wp.com\/www.reclamador.es\/blog\/wp-content\/uploads\/2016\/12\/father.jpg?resize=1200%2C800&#038;ssl=1\" alt=\"Todos los datos sobre en qu\u00e9 consiste el permiso de paternidad, c\u00f3mo se solicita y qu\u00e9 documentos son necesarios para poder solicitarlo.\" width=\"1200\" height=\"800\" srcset=\"https:\/\/i0.wp.com\/www.reclamador.es\/blog\/wp-content\/uploads\/2016\/12\/father.jpg?w=1200&amp;ssl=1 1200w, https:\/\/i0.wp.com\/www.reclamador.es\/blog\/wp-content\/uploads\/2016\/12\/father.jpg?resize=300%2C200&amp;ssl=1 300w, https:\/\/i0.wp.com\/www.reclamador.es\/blog\/wp-content\/uploads\/2016\/12\/father.jpg?resize=768%2C512&amp;ssl=1 768w\" sizes=\"auto, (max-width: 1000px) 100vw, 1000px\" \/><figcaption id=\"caption-attachment-5644\" class=\"wp-caption-text\">Todos los datos sobre en qu\u00e9 consiste el permiso de paternidad, c\u00f3mo se solicita y qu\u00e9 documentos son necesarios para poder solicitarlo.<\/figcaption><\/figure>\n<p>En la actualidad, tanto hombres como mujeres tienen derecho a una <strong>baja por paternidad \/ maternidad<\/strong>.<\/p>\n<p>En los \u00faltimos a\u00f1os se han ido ampliando las <strong>ayudas a familias<\/strong> y la posibilidad de disfrutar de un <strong>descanso por ambos progenitores<\/strong> para mejorar la <strong>conciliaci\u00f3n familiar<\/strong>.<\/p>\n<p>Antes de continuar, pese a que hablemos de prestaci\u00f3n por paternidad o maternidad, su nombre t\u00e9cnico actual es <a href=\"https:\/\/www.seg-social.es\/wps\/portal\/wss\/internet\/FAQ\/48581\/3a6243be-9024-451b-afd8-90c0450edba9\" target=\"_blank\" rel=\"noopener noreferrer\">prestaci\u00f3n por nacimiento y cuidado del menor<\/a>, que sustituye y unifica en una \u00fanica modalidad a las de\u00a0<strong>maternidad y paternidad\u00a0<\/strong>desde abril del a\u00f1o 2019.<\/p>\n<p>En 2022, el permiso de paternidad se establece en <strong>16 semanas, de las cuales, 6 semanas de permiso son obligatorias<\/strong> tras el nacimiento, adopci\u00f3n o acogimiento. Esto es id\u00e9ntico tanto en el permiso de maternidad como de paternidad.\u00a0<\/p>\n<h2><strong>\u00bfD\u00f3nde se solicita?<\/strong><\/h2>\n<p>La prestaci\u00f3n por paternidad (prestaci\u00f3n por nacimiento y cuidado del menor) puede solicitarse online (con o sin certificado digital), mediante correo ordinario y en las oficinas del Instituto Nacional de la Seguridad Social.\u00a0<\/p>\n<h2><strong>Documentaci\u00f3n para solicitar la prestaci\u00f3n por paternidad por nacimiento de hijo<\/strong><\/h2>\n<p>Como se recoge en la p\u00e1gina web de la Seguridad Social, los documentos ser\u00e1n los siguientes:<\/p>\n<ul>\n<li>Solicitud de la prestaci\u00f3n.<\/li>\n<li>Acreditaci\u00f3n de identidad de los progenitores (DNI, pasaporte o NIE).<\/li>\n<li>Para trabajadores por cuenta ajena: Certificado de empresa en el que conste la fecha de inicio del descanso laboral por nacimiento y cuidado del menor. Si este ya ha sido enviado por la empresa, no har\u00e1 falta.<\/li>\n<li>Informe de maternidad expedido por el Servicio P\u00fablico de Salud.<\/li>\n<li>Libro de Familia o certificado de la inscripci\u00f3n en el Registro Civil de su hijo.<\/li>\n<\/ul>\n<p>Si se solicitara la prestaci\u00f3n por adopci\u00f3n o acogimiento, los 3 primeros documentos se\u00f1alados tambi\u00e9n ser\u00e1n necesarios, sin embargo, los dos \u00faltimos se sustituyen por:<\/p>\n<ul>\n<li>Libro de Familia o certificado de la inscripci\u00f3n en el Registro Civil de su hijo.<\/li>\n<li>Resoluci\u00f3n judicial por la que se constituye la adopci\u00f3n o resoluci\u00f3n administrativa o judicial por la que se concede el acogimiento familiar.<\/li>\n<li>Cuando sea necesario el desplazamiento previo al pa\u00eds de origen del ni\u00f1o adoptado, deber\u00e1 aportar la documentaci\u00f3n emitida por el \u00f3rgano competente de su comunidad aut\u00f3noma, en la que se justifique el inicio de los tr\u00e1mites para la adopci\u00f3n.<\/li>\n<\/ul>\n\n<div class=\"ttr_end\"><\/div>","protected":false},"excerpt":{"rendered":"<p>En la actualidad, tanto hombres como mujeres tienen derecho a una baja por paternidad \/ maternidad. En los \u00faltimos a\u00f1os se han ido ampliando las ayudas a familias y la posibilidad de disfrutar de un descanso por ambos progenitores para mejorar la conciliaci\u00f3n familiar. Antes de continuar, pese a que hablemos de prestaci\u00f3n por paternidad [&hellip;]<\/p>\n","protected":false},"author":1,"featured_media":5644,"comment_status":"closed","ping_status":"open","sticky":false,"template":"","format":"standard","meta":{"_acf_changed":false,"_genesis_hide_title":false,"_genesis_hide_breadcrumbs":false,"_genesis_hide_singular_image":false,"_genesis_hide_footer_widgets":false,"_genesis_custom_body_class":"","_genesis_custom_post_class":"","_genesis_layout":"","_jetpack_newsletter_access":"","_jetpack_dont_email_post_to_subs":true,"_jetpack_newsletter_tier_id":0,"_jetpack_memberships_contains_paywalled_content":false,"_jetpack_memberships_contains_paid_content":false,"footnotes":""},"categories":[393],"tags":[266],"class_list":{"0":"post-5345","1":"post","2":"type-post","3":"status-publish","4":"format-standard","5":"has-post-thumbnail","7":"category-consejos","8":"tag-laboral","9":"entry"},"acf":[],"yoast_head":"<!-- This site is optimized with the Yoast SEO plugin v27.4 - https:\/\/yoast.com\/product\/yoast-seo-wordpress\/ -->\n<title>\u00bfQu\u00e9 es el permiso de paternidad? Prestaci\u00f3n por nacimiento<\/title>\n<meta name=\"description\" content=\"Todos los datos sobre el permiso de paternidad (prestaci\u00f3n por nacimiento y cuidado del menor) en Espa\u00f1a para 2022.\" \/>\n<meta name=\"robots\" content=\"index, follow, max-snippet:-1, max-image-preview:large, max-video-preview:-1\" \/>\n<link rel=\"canonical\" href=\"https:\/\/www.reclamador.es\/blog\/permiso-de-paternidad\/\" \/>\n<meta property=\"og:locale\" content=\"es_ES\" \/>\n<meta property=\"og:type\" content=\"article\" \/>\n<meta property=\"og:title\" content=\"\u00bfQu\u00e9 es el permiso de paternidad? Prestaci\u00f3n por nacimiento\" \/>\n<meta property=\"og:description\" content=\"Todos los datos sobre el permiso de paternidad (prestaci\u00f3n por nacimiento y cuidado del menor) en Espa\u00f1a para 2022.\" \/>\n<meta property=\"og:url\" content=\"https:\/\/www.reclamador.es\/blog\/permiso-de-paternidad\/\" \/>\n<meta property=\"og:site_name\" content=\"Rebeldes con causa, el blog de reclamador.es\" \/>\n<meta property=\"article:publisher\" content=\"https:\/\/www.facebook.com\/reclamador.es\" \/>\n<meta property=\"article:published_time\" content=\"2022-01-14T09:30:51+00:00\" \/>\n<meta property=\"article:modified_time\" content=\"2025-03-07T11:20:22+00:00\" \/>\n<meta property=\"og:image\" content=\"https:\/\/www.reclamador.es\/blog\/wp-content\/uploads\/2016\/12\/father.jpg\" \/>\n\t<meta property=\"og:image:width\" content=\"1200\" \/>\n\t<meta property=\"og:image:height\" content=\"800\" \/>\n\t<meta property=\"og:image:type\" content=\"image\/jpeg\" \/>\n<meta name=\"author\" content=\"Equipo reclamador\" \/>\n<meta name=\"twitter:card\" content=\"summary_large_image\" \/>\n<meta name=\"twitter:creator\" content=\"@reclamador\" \/>\n<meta name=\"twitter:site\" content=\"@reclamador\" \/>\n<meta name=\"twitter:label1\" content=\"Escrito por\" \/>\n\t<meta name=\"twitter:data1\" content=\"Equipo reclamador\" \/>\n\t<meta name=\"twitter:label2\" content=\"Tiempo de lectura\" \/>\n\t<meta name=\"twitter:data2\" content=\"3 minutos\" \/>\n<script type=\"application\/ld+json\" class=\"yoast-schema-graph\">{\"@context\":\"https:\\\/\\\/schema.org\",\"@graph\":[{\"@type\":\"Article\",\"@id\":\"https:\\\/\\\/www.reclamador.es\\\/blog\\\/permiso-de-paternidad\\\/#article\",\"isPartOf\":{\"@id\":\"https:\\\/\\\/www.reclamador.es\\\/blog\\\/permiso-de-paternidad\\\/\"},\"author\":{\"name\":\"Equipo reclamador\",\"@id\":\"https:\\\/\\\/www.reclamador.es\\\/blog\\\/#\\\/schema\\\/person\\\/1ed83eef8b6566cb5e4c812d9bc5c4bf\"},\"headline\":\"El permiso de paternidad en 2022\",\"datePublished\":\"2022-01-14T09:30:51+00:00\",\"dateModified\":\"2025-03-07T11:20:22+00:00\",\"mainEntityOfPage\":{\"@id\":\"https:\\\/\\\/www.reclamador.es\\\/blog\\\/permiso-de-paternidad\\\/\"},\"wordCount\":429,\"publisher\":{\"@id\":\"https:\\\/\\\/www.reclamador.es\\\/blog\\\/#organization\"},\"image\":{\"@id\":\"https:\\\/\\\/www.reclamador.es\\\/blog\\\/permiso-de-paternidad\\\/#primaryimage\"},\"thumbnailUrl\":\"https:\\\/\\\/i0.wp.com\\\/www.reclamador.es\\\/blog\\\/wp-content\\\/uploads\\\/2016\\\/12\\\/father.jpg?fit=1200%2C800&ssl=1\",\"keywords\":[\"laboral\"],\"articleSection\":[\"Consejos legales\"],\"inLanguage\":\"es\"},{\"@type\":\"WebPage\",\"@id\":\"https:\\\/\\\/www.reclamador.es\\\/blog\\\/permiso-de-paternidad\\\/\",\"url\":\"https:\\\/\\\/www.reclamador.es\\\/blog\\\/permiso-de-paternidad\\\/\",\"name\":\"\u00bfQu\u00e9 es el permiso de paternidad? Prestaci\u00f3n por nacimiento\",\"isPartOf\":{\"@id\":\"https:\\\/\\\/www.reclamador.es\\\/blog\\\/#website\"},\"primaryImageOfPage\":{\"@id\":\"https:\\\/\\\/www.reclamador.es\\\/blog\\\/permiso-de-paternidad\\\/#primaryimage\"},\"image\":{\"@id\":\"https:\\\/\\\/www.reclamador.es\\\/blog\\\/permiso-de-paternidad\\\/#primaryimage\"},\"thumbnailUrl\":\"https:\\\/\\\/i0.wp.com\\\/www.reclamador.es\\\/blog\\\/wp-content\\\/uploads\\\/2016\\\/12\\\/father.jpg?fit=1200%2C800&ssl=1\",\"datePublished\":\"2022-01-14T09:30:51+00:00\",\"dateModified\":\"2025-03-07T11:20:22+00:00\",\"description\":\"Todos los datos sobre el permiso de paternidad (prestaci\u00f3n por nacimiento y cuidado del menor) en Espa\u00f1a para 2022.\",\"breadcrumb\":{\"@id\":\"https:\\\/\\\/www.reclamador.es\\\/blog\\\/permiso-de-paternidad\\\/#breadcrumb\"},\"inLanguage\":\"es\",\"potentialAction\":[{\"@type\":\"ReadAction\",\"target\":[\"https:\\\/\\\/www.reclamador.es\\\/blog\\\/permiso-de-paternidad\\\/\"]}]},{\"@type\":\"ImageObject\",\"inLanguage\":\"es\",\"@id\":\"https:\\\/\\\/www.reclamador.es\\\/blog\\\/permiso-de-paternidad\\\/#primaryimage\",\"url\":\"https:\\\/\\\/i0.wp.com\\\/www.reclamador.es\\\/blog\\\/wp-content\\\/uploads\\\/2016\\\/12\\\/father.jpg?fit=1200%2C800&ssl=1\",\"contentUrl\":\"https:\\\/\\\/i0.wp.com\\\/www.reclamador.es\\\/blog\\\/wp-content\\\/uploads\\\/2016\\\/12\\\/father.jpg?fit=1200%2C800&ssl=1\",\"width\":1200,\"height\":800},{\"@type\":\"BreadcrumbList\",\"@id\":\"https:\\\/\\\/www.reclamador.es\\\/blog\\\/permiso-de-paternidad\\\/#breadcrumb\",\"itemListElement\":[{\"@type\":\"ListItem\",\"position\":1,\"name\":\"Portada\",\"item\":\"https:\\\/\\\/www.reclamador.es\\\/blog\\\/\"},{\"@type\":\"ListItem\",\"position\":2,\"name\":\"El permiso de paternidad en 2022\"}]},{\"@type\":\"WebSite\",\"@id\":\"https:\\\/\\\/www.reclamador.es\\\/blog\\\/#website\",\"url\":\"https:\\\/\\\/www.reclamador.es\\\/blog\\\/\",\"name\":\"Rebeldes con causa, el blog de reclamador.es\",\"description\":\"Noticias, entrevistas y consejos sobre reclamaciones\",\"publisher\":{\"@id\":\"https:\\\/\\\/www.reclamador.es\\\/blog\\\/#organization\"},\"potentialAction\":[{\"@type\":\"SearchAction\",\"target\":{\"@type\":\"EntryPoint\",\"urlTemplate\":\"https:\\\/\\\/www.reclamador.es\\\/blog\\\/?s={search_term_string}\"},\"query-input\":{\"@type\":\"PropertyValueSpecification\",\"valueRequired\":true,\"valueName\":\"search_term_string\"}}],\"inLanguage\":\"es\"},{\"@type\":\"Organization\",\"@id\":\"https:\\\/\\\/www.reclamador.es\\\/blog\\\/#organization\",\"name\":\"reclamador.es\",\"url\":\"https:\\\/\\\/www.reclamador.es\\\/blog\\\/\",\"logo\":{\"@type\":\"ImageObject\",\"inLanguage\":\"es\",\"@id\":\"https:\\\/\\\/www.reclamador.es\\\/blog\\\/#\\\/schema\\\/logo\\\/image\\\/\",\"url\":\"https:\\\/\\\/i0.wp.com\\\/www.reclamador.es\\\/blog\\\/wp-content\\\/uploads\\\/2020\\\/01\\\/logo-reclamador.png?fit=1200%2C144&ssl=1\",\"contentUrl\":\"https:\\\/\\\/i0.wp.com\\\/www.reclamador.es\\\/blog\\\/wp-content\\\/uploads\\\/2020\\\/01\\\/logo-reclamador.png?fit=1200%2C144&ssl=1\",\"width\":1200,\"height\":144,\"caption\":\"reclamador.es\"},\"image\":{\"@id\":\"https:\\\/\\\/www.reclamador.es\\\/blog\\\/#\\\/schema\\\/logo\\\/image\\\/\"},\"sameAs\":[\"https:\\\/\\\/www.facebook.com\\\/reclamador.es\",\"https:\\\/\\\/x.com\\\/reclamador\",\"https:\\\/\\\/www.instagram.com\\\/reclamador.es\\\/\",\"https:\\\/\\\/www.linkedin.com\\\/company\\\/reclamador-es\",\"https:\\\/\\\/www.youtube.com\\\/user\\\/Reclamadores\"]},{\"@type\":\"Person\",\"@id\":\"https:\\\/\\\/www.reclamador.es\\\/blog\\\/#\\\/schema\\\/person\\\/1ed83eef8b6566cb5e4c812d9bc5c4bf\",\"name\":\"Equipo reclamador\",\"image\":{\"@type\":\"ImageObject\",\"inLanguage\":\"es\",\"@id\":\"https:\\\/\\\/secure.gravatar.com\\\/avatar\\\/6442ecdc2c4472c600c113f34d340feca47107d6aa4f42f1e3e75a2a8e28a760?s=96&d=mm&r=g\",\"url\":\"https:\\\/\\\/secure.gravatar.com\\\/avatar\\\/6442ecdc2c4472c600c113f34d340feca47107d6aa4f42f1e3e75a2a8e28a760?s=96&d=mm&r=g\",\"contentUrl\":\"https:\\\/\\\/secure.gravatar.com\\\/avatar\\\/6442ecdc2c4472c600c113f34d340feca47107d6aa4f42f1e3e75a2a8e28a760?s=96&d=mm&r=g\",\"caption\":\"Equipo reclamador\"},\"description\":\"Las personas que hacen posible reclamador.es\",\"url\":\"https:\\\/\\\/www.reclamador.es\\\/blog\\\/author\\\/administrador\\\/\"}]}<\/script>\n<!-- \/ Yoast SEO plugin. -->","yoast_head_json":{"title":"\u00bfQu\u00e9 es el permiso de paternidad? Prestaci\u00f3n por nacimiento","description":"Todos los datos sobre el permiso de paternidad (prestaci\u00f3n por nacimiento y cuidado del menor) en Espa\u00f1a para 2022.","robots":{"index":"index","follow":"follow","max-snippet":"max-snippet:-1","max-image-preview":"max-image-preview:large","max-video-preview":"max-video-preview:-1"},"canonical":"https:\/\/www.reclamador.es\/blog\/permiso-de-paternidad\/","og_locale":"es_ES","og_type":"article","og_title":"\u00bfQu\u00e9 es el permiso de paternidad? Prestaci\u00f3n por nacimiento","og_description":"Todos los datos sobre el permiso de paternidad (prestaci\u00f3n por nacimiento y cuidado del menor) en Espa\u00f1a para 2022.","og_url":"https:\/\/www.reclamador.es\/blog\/permiso-de-paternidad\/","og_site_name":"Rebeldes con causa, el blog de reclamador.es","article_publisher":"https:\/\/www.facebook.com\/reclamador.es","article_published_time":"2022-01-14T09:30:51+00:00","article_modified_time":"2025-03-07T11:20:22+00:00","og_image":[{"width":1200,"height":800,"url":"https:\/\/www.reclamador.es\/blog\/wp-content\/uploads\/2016\/12\/father.jpg","type":"image\/jpeg"}],"author":"Equipo reclamador","twitter_card":"summary_large_image","twitter_creator":"@reclamador","twitter_site":"@reclamador","twitter_misc":{"Escrito por":"Equipo reclamador","Tiempo de lectura":"3 minutos"},"schema":{"@context":"https:\/\/schema.org","@graph":[{"@type":"Article","@id":"https:\/\/www.reclamador.es\/blog\/permiso-de-paternidad\/#article","isPartOf":{"@id":"https:\/\/www.reclamador.es\/blog\/permiso-de-paternidad\/"},"author":{"name":"Equipo reclamador","@id":"https:\/\/www.reclamador.es\/blog\/#\/schema\/person\/1ed83eef8b6566cb5e4c812d9bc5c4bf"},"headline":"El permiso de paternidad en 2022","datePublished":"2022-01-14T09:30:51+00:00","dateModified":"2025-03-07T11:20:22+00:00","mainEntityOfPage":{"@id":"https:\/\/www.reclamador.es\/blog\/permiso-de-paternidad\/"},"wordCount":429,"publisher":{"@id":"https:\/\/www.reclamador.es\/blog\/#organization"},"image":{"@id":"https:\/\/www.reclamador.es\/blog\/permiso-de-paternidad\/#primaryimage"},"thumbnailUrl":"https:\/\/i0.wp.com\/www.reclamador.es\/blog\/wp-content\/uploads\/2016\/12\/father.jpg?fit=1200%2C800&ssl=1","keywords":["laboral"],"articleSection":["Consejos legales"],"inLanguage":"es"},{"@type":"WebPage","@id":"https:\/\/www.reclamador.es\/blog\/permiso-de-paternidad\/","url":"https:\/\/www.reclamador.es\/blog\/permiso-de-paternidad\/","name":"\u00bfQu\u00e9 es el permiso de paternidad? Prestaci\u00f3n por nacimiento","isPartOf":{"@id":"https:\/\/www.reclamador.es\/blog\/#website"},"primaryImageOfPage":{"@id":"https:\/\/www.reclamador.es\/blog\/permiso-de-paternidad\/#primaryimage"},"image":{"@id":"https:\/\/www.reclamador.es\/blog\/permiso-de-paternidad\/#primaryimage"},"thumbnailUrl":"https:\/\/i0.wp.com\/www.reclamador.es\/blog\/wp-content\/uploads\/2016\/12\/father.jpg?fit=1200%2C800&ssl=1","datePublished":"2022-01-14T09:30:51+00:00","dateModified":"2025-03-07T11:20:22+00:00","description":"Todos los datos sobre el permiso de paternidad (prestaci\u00f3n por nacimiento y cuidado del menor) en Espa\u00f1a para 2022.","breadcrumb":{"@id":"https:\/\/www.reclamador.es\/blog\/permiso-de-paternidad\/#breadcrumb"},"inLanguage":"es","potentialAction":[{"@type":"ReadAction","target":["https:\/\/www.reclamador.es\/blog\/permiso-de-paternidad\/"]}]},{"@type":"ImageObject","inLanguage":"es","@id":"https:\/\/www.reclamador.es\/blog\/permiso-de-paternidad\/#primaryimage","url":"https:\/\/i0.wp.com\/www.reclamador.es\/blog\/wp-content\/uploads\/2016\/12\/father.jpg?fit=1200%2C800&ssl=1","contentUrl":"https:\/\/i0.wp.com\/www.reclamador.es\/blog\/wp-content\/uploads\/2016\/12\/father.jpg?fit=1200%2C800&ssl=1","width":1200,"height":800},{"@type":"BreadcrumbList","@id":"https:\/\/www.reclamador.es\/blog\/permiso-de-paternidad\/#breadcrumb","itemListElement":[{"@type":"ListItem","position":1,"name":"Portada","item":"https:\/\/www.reclamador.es\/blog\/"},{"@type":"ListItem","position":2,"name":"El permiso de paternidad en 2022"}]},{"@type":"WebSite","@id":"https:\/\/www.reclamador.es\/blog\/#website","url":"https:\/\/www.reclamador.es\/blog\/","name":"Rebeldes con causa, el blog de reclamador.es","description":"Noticias, entrevistas y consejos sobre reclamaciones","publisher":{"@id":"https:\/\/www.reclamador.es\/blog\/#organization"},"potentialAction":[{"@type":"SearchAction","target":{"@type":"EntryPoint","urlTemplate":"https:\/\/www.reclamador.es\/blog\/?s={search_term_string}"},"query-input":{"@type":"PropertyValueSpecification","valueRequired":true,"valueName":"search_term_string"}}],"inLanguage":"es"},{"@type":"Organization","@id":"https:\/\/www.reclamador.es\/blog\/#organization","name":"reclamador.es","url":"https:\/\/www.reclamador.es\/blog\/","logo":{"@type":"ImageObject","inLanguage":"es","@id":"https:\/\/www.reclamador.es\/blog\/#\/schema\/logo\/image\/","url":"https:\/\/i0.wp.com\/www.reclamador.es\/blog\/wp-content\/uploads\/2020\/01\/logo-reclamador.png?fit=1200%2C144&ssl=1","contentUrl":"https:\/\/i0.wp.com\/www.reclamador.es\/blog\/wp-content\/uploads\/2020\/01\/logo-reclamador.png?fit=1200%2C144&ssl=1","width":1200,"height":144,"caption":"reclamador.es"},"image":{"@id":"https:\/\/www.reclamador.es\/blog\/#\/schema\/logo\/image\/"},"sameAs":["https:\/\/www.facebook.com\/reclamador.es","https:\/\/x.com\/reclamador","https:\/\/www.instagram.com\/reclamador.es\/","https:\/\/www.linkedin.com\/company\/reclamador-es","https:\/\/www.youtube.com\/user\/Reclamadores"]},{"@type":"Person","@id":"https:\/\/www.reclamador.es\/blog\/#\/schema\/person\/1ed83eef8b6566cb5e4c812d9bc5c4bf","name":"Equipo reclamador","image":{"@type":"ImageObject","inLanguage":"es","@id":"https:\/\/secure.gravatar.com\/avatar\/6442ecdc2c4472c600c113f34d340feca47107d6aa4f42f1e3e75a2a8e28a760?s=96&d=mm&r=g","url":"https:\/\/secure.gravatar.com\/avatar\/6442ecdc2c4472c600c113f34d340feca47107d6aa4f42f1e3e75a2a8e28a760?s=96&d=mm&r=g","contentUrl":"https:\/\/secure.gravatar.com\/avatar\/6442ecdc2c4472c600c113f34d340feca47107d6aa4f42f1e3e75a2a8e28a760?s=96&d=mm&r=g","caption":"Equipo reclamador"},"description":"Las personas que hacen posible reclamador.es","url":"https:\/\/www.reclamador.es\/blog\/author\/administrador\/"}]}},"jetpack_featured_media_url":"https:\/\/i0.wp.com\/www.reclamador.es\/blog\/wp-content\/uploads\/2016\/12\/father.jpg?fit=1200%2C800&ssl=1","jetpack-related-posts":[{"id":29970,"url":"https:\/\/www.reclamador.es\/blog\/trabajar-durante-la-baja-de-paternidad\/","url_meta":{"origin":5345,"position":0},"title":"\u00bfSe puede trabajar durante la baja de paternidad?","author":"Equipo reclamador","date":"2 agosto, 2022","format":false,"excerpt":"Sin entrar en los motivos que pueden llevar a pensar \u00bfse puede trabajar durante la baja de paternidad? en reclamador.es vamos a abordar este tema desde el punto de vista legal.\u00a0 Mientras el trabajador se encuentre de baja por paternidad, cobrando la correspondiente prestaci\u00f3n, no puede trabajar. Es decir, a\u2026","rel":"","context":"En \u00abConsejos legales\u00bb","block_context":{"text":"Consejos legales","link":"https:\/\/www.reclamador.es\/blog\/consejos\/"},"img":{"alt_text":"consultas legales - trabajar durante la baja de paternidad","src":"https:\/\/i0.wp.com\/www.reclamador.es\/blog\/wp-content\/uploads\/2022\/08\/trabajar-durante-la-baja-de-paternidad.jpg?fit=1199%2C689&ssl=1&resize=350%2C200","width":350,"height":200,"srcset":"https:\/\/i0.wp.com\/www.reclamador.es\/blog\/wp-content\/uploads\/2022\/08\/trabajar-durante-la-baja-de-paternidad.jpg?fit=1199%2C689&ssl=1&resize=350%2C200 1x, https:\/\/i0.wp.com\/www.reclamador.es\/blog\/wp-content\/uploads\/2022\/08\/trabajar-durante-la-baja-de-paternidad.jpg?fit=1199%2C689&ssl=1&resize=525%2C300 1.5x, https:\/\/i0.wp.com\/www.reclamador.es\/blog\/wp-content\/uploads\/2022\/08\/trabajar-durante-la-baja-de-paternidad.jpg?fit=1199%2C689&ssl=1&resize=700%2C400 2x, https:\/\/i0.wp.com\/www.reclamador.es\/blog\/wp-content\/uploads\/2022\/08\/trabajar-durante-la-baja-de-paternidad.jpg?fit=1199%2C689&ssl=1&resize=1050%2C600 3x"},"classes":[]},{"id":4974,"url":"https:\/\/www.reclamador.es\/blog\/permiso-de-lactancia\/","url_meta":{"origin":5345,"position":1},"title":"Lactancia acumulada: \u00bfSe puede acumular el permiso de lactancia?","author":"Equipo reclamador","date":"13 marzo, 2023","format":false,"excerpt":"Permiso lactancia, un derecho de los trabajadores: conoce c\u00f3mo funciona","rel":"","context":"En \u00abConsejos legales\u00bb","block_context":{"text":"Consejos legales","link":"https:\/\/www.reclamador.es\/blog\/consejos\/"},"img":{"alt_text":"Permiso lactancia, un derecho de los trabajadores","src":"https:\/\/i0.wp.com\/www.reclamador.es\/blog\/wp-content\/uploads\/2020\/09\/permiso-lactancia.jpg?fit=1200%2C675&ssl=1&resize=350%2C200","width":350,"height":200,"srcset":"https:\/\/i0.wp.com\/www.reclamador.es\/blog\/wp-content\/uploads\/2020\/09\/permiso-lactancia.jpg?fit=1200%2C675&ssl=1&resize=350%2C200 1x, https:\/\/i0.wp.com\/www.reclamador.es\/blog\/wp-content\/uploads\/2020\/09\/permiso-lactancia.jpg?fit=1200%2C675&ssl=1&resize=525%2C300 1.5x, https:\/\/i0.wp.com\/www.reclamador.es\/blog\/wp-content\/uploads\/2020\/09\/permiso-lactancia.jpg?fit=1200%2C675&ssl=1&resize=700%2C400 2x, https:\/\/i0.wp.com\/www.reclamador.es\/blog\/wp-content\/uploads\/2020\/09\/permiso-lactancia.jpg?fit=1200%2C675&ssl=1&resize=1050%2C600 3x"},"classes":[]},{"id":4229,"url":"https:\/\/www.reclamador.es\/blog\/despido-nulo-causas-y-consecuencias\/","url_meta":{"origin":5345,"position":2},"title":"Despido Nulo \u00a1Causas y Consecuencias!","author":"Equipo reclamador","date":"1 junio, 2016","format":false,"excerpt":"Cuando se produce el despido de un empleado, dicho despido puede ser calificado de procedente, si la decisi\u00f3n se ha tomado por causas correctamente justificadas; de improcedente, si no se han cumplido los requisitos formales o no est\u00e1 adecuadamente argumentado; o despido nulo. En este post, nos vamos a centrar\u2026","rel":"","context":"En \u00abConsejos legales\u00bb","block_context":{"text":"Consejos legales","link":"https:\/\/www.reclamador.es\/blog\/consejos\/"},"img":{"alt_text":"despido nulo","src":"https:\/\/i0.wp.com\/www.reclamador.es\/blog\/wp-content\/uploads\/2016\/06\/guia-despido-nulo-reclamador.jpg?fit=1200%2C630&ssl=1&resize=350%2C200","width":350,"height":200,"srcset":"https:\/\/i0.wp.com\/www.reclamador.es\/blog\/wp-content\/uploads\/2016\/06\/guia-despido-nulo-reclamador.jpg?fit=1200%2C630&ssl=1&resize=350%2C200 1x, https:\/\/i0.wp.com\/www.reclamador.es\/blog\/wp-content\/uploads\/2016\/06\/guia-despido-nulo-reclamador.jpg?fit=1200%2C630&ssl=1&resize=525%2C300 1.5x, https:\/\/i0.wp.com\/www.reclamador.es\/blog\/wp-content\/uploads\/2016\/06\/guia-despido-nulo-reclamador.jpg?fit=1200%2C630&ssl=1&resize=700%2C400 2x, https:\/\/i0.wp.com\/www.reclamador.es\/blog\/wp-content\/uploads\/2016\/06\/guia-despido-nulo-reclamador.jpg?fit=1200%2C630&ssl=1&resize=1050%2C600 3x"},"classes":[]},{"id":4962,"url":"https:\/\/www.reclamador.es\/blog\/prestacion-por-maternidad\/","url_meta":{"origin":5345,"position":3},"title":"Prestaci\u00f3n por maternidad (Nacimiento y cuidado de menor): \u00bfc\u00f3mo se solicita?","author":"Equipo reclamador","date":"19 febrero, 2021","format":false,"excerpt":"Si has llegado hasta este post de nuestro blog, posiblemente sea porque est\u00e1s cobrando la prestaci\u00f3n por maternidad o est\u00e1s buscando informaci\u00f3n para cobrarla en las pr\u00f3ximas semanas o meses. Incluso, es posible que tengas dudas sobre si tienes derecho a cobrar la prestaci\u00f3n por maternidad si est\u00e1s en el\u2026","rel":"","context":"En \u00abConsejos legales\u00bb","block_context":{"text":"Consejos legales","link":"https:\/\/www.reclamador.es\/blog\/consejos\/"},"img":{"alt_text":"","src":"https:\/\/i0.wp.com\/www.reclamador.es\/blog\/wp-content\/uploads\/2016\/10\/andrew-branch-191921.jpg?fit=1200%2C800&ssl=1&resize=350%2C200","width":350,"height":200,"srcset":"https:\/\/i0.wp.com\/www.reclamador.es\/blog\/wp-content\/uploads\/2016\/10\/andrew-branch-191921.jpg?fit=1200%2C800&ssl=1&resize=350%2C200 1x, https:\/\/i0.wp.com\/www.reclamador.es\/blog\/wp-content\/uploads\/2016\/10\/andrew-branch-191921.jpg?fit=1200%2C800&ssl=1&resize=525%2C300 1.5x, https:\/\/i0.wp.com\/www.reclamador.es\/blog\/wp-content\/uploads\/2016\/10\/andrew-branch-191921.jpg?fit=1200%2C800&ssl=1&resize=700%2C400 2x, https:\/\/i0.wp.com\/www.reclamador.es\/blog\/wp-content\/uploads\/2016\/10\/andrew-branch-191921.jpg?fit=1200%2C800&ssl=1&resize=1050%2C600 3x"},"classes":[]},{"id":17483,"url":"https:\/\/www.reclamador.es\/blog\/permisos-conciliar-vida-familiar-laboral\/","url_meta":{"origin":5345,"position":4},"title":"D\u00eda del Padre: 7 permisos para conciliar vida laboral y familiar","author":"Equipo reclamador","date":"18 marzo, 2021","format":false,"excerpt":"Cada 19 de marzo, se celebra el D\u00eda del Padre, una fecha en la que conviene recordar los principales derechos y permisos de los padres para poder compaginar su trabajo con el cuidado de sus hijos. En reclamador.es repasamos esos derechos que van desde los m\u00e1s conocidos, como puede ser\u2026","rel":"","context":"En \u00abNoticias y actualidad\u00bb","block_context":{"text":"Noticias y actualidad","link":"https:\/\/www.reclamador.es\/blog\/noticias\/"},"img":{"alt_text":"padre e hijo playa - derechos padre trabajador","src":"https:\/\/i0.wp.com\/www.reclamador.es\/blog\/wp-content\/uploads\/2021\/03\/derechos-del-padre-trabajador-dia-del-padre.jpg?fit=1200%2C630&ssl=1&resize=350%2C200","width":350,"height":200,"srcset":"https:\/\/i0.wp.com\/www.reclamador.es\/blog\/wp-content\/uploads\/2021\/03\/derechos-del-padre-trabajador-dia-del-padre.jpg?fit=1200%2C630&ssl=1&resize=350%2C200 1x, https:\/\/i0.wp.com\/www.reclamador.es\/blog\/wp-content\/uploads\/2021\/03\/derechos-del-padre-trabajador-dia-del-padre.jpg?fit=1200%2C630&ssl=1&resize=525%2C300 1.5x, https:\/\/i0.wp.com\/www.reclamador.es\/blog\/wp-content\/uploads\/2021\/03\/derechos-del-padre-trabajador-dia-del-padre.jpg?fit=1200%2C630&ssl=1&resize=700%2C400 2x, https:\/\/i0.wp.com\/www.reclamador.es\/blog\/wp-content\/uploads\/2021\/03\/derechos-del-padre-trabajador-dia-del-padre.jpg?fit=1200%2C630&ssl=1&resize=1050%2C600 3x"},"classes":[]},{"id":21901,"url":"https:\/\/www.reclamador.es\/blog\/permisos-retribuidos-trabajadores\/","url_meta":{"origin":5345,"position":5},"title":"8 permisos retribuidos poco conocidos por los trabajadores en Espa\u00f1a","author":"Equipo reclamador","date":"20 mayo, 2019","format":false,"excerpt":"*Contenido revisado julio 2025 Los permisos retribuidos son licencias a las que tienen derecho los trabajadores, ya sea por estar recogidas en el Estatuto de los Trabajadores o en el convenio colectivo de aplicaci\u00f3n. Durante esos d\u00edas, el empleado no est\u00e1 obligado a acudir a su puesto de trabajo y\u2026","rel":"","context":"En \u00abConsejos legales\u00bb","block_context":{"text":"Consejos legales","link":"https:\/\/www.reclamador.es\/blog\/consejos\/"},"img":{"alt_text":"permisos retribuidos para trabajadores reclamador","src":"https:\/\/i0.wp.com\/www.reclamador.es\/blog\/wp-content\/uploads\/2019\/05\/permisos-retribuidos-trabajadores.jpg?fit=1200%2C799&ssl=1&resize=350%2C200","width":350,"height":200,"srcset":"https:\/\/i0.wp.com\/www.reclamador.es\/blog\/wp-content\/uploads\/2019\/05\/permisos-retribuidos-trabajadores.jpg?fit=1200%2C799&ssl=1&resize=350%2C200 1x, https:\/\/i0.wp.com\/www.reclamador.es\/blog\/wp-content\/uploads\/2019\/05\/permisos-retribuidos-trabajadores.jpg?fit=1200%2C799&ssl=1&resize=525%2C300 1.5x, https:\/\/i0.wp.com\/www.reclamador.es\/blog\/wp-content\/uploads\/2019\/05\/permisos-retribuidos-trabajadores.jpg?fit=1200%2C799&ssl=1&resize=700%2C400 2x, https:\/\/i0.wp.com\/www.reclamador.es\/blog\/wp-content\/uploads\/2019\/05\/permisos-retribuidos-trabajadores.jpg?fit=1200%2C799&ssl=1&resize=1050%2C600 3x"},"classes":[]}],"jetpack_sharing_enabled":true,"_links":{"self":[{"href":"https:\/\/www.reclamador.es\/blog\/wp-json\/wp\/v2\/posts\/5345","targetHints":{"allow":["GET"]}}],"collection":[{"href":"https:\/\/www.reclamador.es\/blog\/wp-json\/wp\/v2\/posts"}],"about":[{"href":"https:\/\/www.reclamador.es\/blog\/wp-json\/wp\/v2\/types\/post"}],"author":[{"embeddable":true,"href":"https:\/\/www.reclamador.es\/blog\/wp-json\/wp\/v2\/users\/1"}],"replies":[{"embeddable":true,"href":"https:\/\/www.reclamador.es\/blog\/wp-json\/wp\/v2\/comments?post=5345"}],"version-history":[{"count":12,"href":"https:\/\/www.reclamador.es\/blog\/wp-json\/wp\/v2\/posts\/5345\/revisions"}],"predecessor-version":[{"id":32440,"href":"https:\/\/www.reclamador.es\/blog\/wp-json\/wp\/v2\/posts\/5345\/revisions\/32440"}],"wp:featuredmedia":[{"embeddable":true,"href":"https:\/\/www.reclamador.es\/blog\/wp-json\/wp\/v2\/media\/5644"}],"wp:attachment":[{"href":"https:\/\/www.reclamador.es\/blog\/wp-json\/wp\/v2\/media?parent=5345"}],"wp:term":[{"taxonomy":"category","embeddable":true,"href":"https:\/\/www.reclamador.es\/blog\/wp-json\/wp\/v2\/categories?post=5345"},{"taxonomy":"post_tag","embeddable":true,"href":"https:\/\/www.reclamador.es\/blog\/wp-json\/wp\/v2\/tags?post=5345"}],"curies":[{"name":"wp","href":"https:\/\/api.w.org\/{rel}","templated":true}]}}