{"id":4974,"date":"2023-03-13T12:03:00","date_gmt":"2023-03-13T11:03:00","guid":{"rendered":"https:\/\/www.reclamador.es\/blog\/?p=4974"},"modified":"2025-04-03T10:46:11","modified_gmt":"2025-04-03T08:46:11","slug":"permiso-de-lactancia","status":"publish","type":"post","link":"https:\/\/www.reclamador.es\/blog\/permiso-de-lactancia\/","title":{"rendered":"Lactancia acumulada: \u00bfSe puede acumular el permiso de lactancia?"},"content":{"rendered":"<div class=\"ttr_start\"><\/div>\n\n<div class=\"kk-star-ratings kksr-auto kksr-align-right kksr-valign-top\"\n    data-payload='{&quot;align&quot;:&quot;right&quot;,&quot;id&quot;:&quot;4974&quot;,&quot;slug&quot;:&quot;default&quot;,&quot;valign&quot;:&quot;top&quot;,&quot;ignore&quot;:&quot;&quot;,&quot;reference&quot;:&quot;auto&quot;,&quot;class&quot;:&quot;&quot;,&quot;count&quot;:&quot;17&quot;,&quot;legendonly&quot;:&quot;&quot;,&quot;readonly&quot;:&quot;&quot;,&quot;score&quot;:&quot;4.1&quot;,&quot;starsonly&quot;:&quot;&quot;,&quot;best&quot;:&quot;5&quot;,&quot;gap&quot;:&quot;3&quot;,&quot;greet&quot;:&quot;Valora este art\u00edculo&quot;,&quot;legend&quot;:&quot;4.1\\\/5 - (17 votos)&quot;,&quot;size&quot;:&quot;20&quot;,&quot;title&quot;:&quot;Lactancia acumulada: \u00bfSe puede acumular el permiso de lactancia?&quot;,&quot;width&quot;:&quot;92.8&quot;,&quot;_legend&quot;:&quot;{score}\\\/{best} - ({count} {votes})&quot;,&quot;font_factor&quot;:&quot;1.25&quot;}'>\n            \n<div class=\"kksr-stars\">\n    \n<div class=\"kksr-stars-inactive\">\n            <div class=\"kksr-star\" data-star=\"1\" style=\"padding-right: 3px\">\n            \n\n<div class=\"kksr-icon\" style=\"width: 20px; height: 20px;\"><\/div>\n        <\/div>\n            <div class=\"kksr-star\" data-star=\"2\" style=\"padding-right: 3px\">\n            \n\n<div class=\"kksr-icon\" style=\"width: 20px; height: 20px;\"><\/div>\n        <\/div>\n            <div class=\"kksr-star\" data-star=\"3\" style=\"padding-right: 3px\">\n            \n\n<div class=\"kksr-icon\" style=\"width: 20px; height: 20px;\"><\/div>\n        <\/div>\n            <div class=\"kksr-star\" data-star=\"4\" style=\"padding-right: 3px\">\n            \n\n<div class=\"kksr-icon\" style=\"width: 20px; height: 20px;\"><\/div>\n        <\/div>\n            <div class=\"kksr-star\" data-star=\"5\" style=\"padding-right: 3px\">\n            \n\n<div class=\"kksr-icon\" style=\"width: 20px; height: 20px;\"><\/div>\n        <\/div>\n    <\/div>\n    \n<div class=\"kksr-stars-active\" style=\"width: 92.8px;\">\n            <div class=\"kksr-star\" style=\"padding-right: 3px\">\n            \n\n<div class=\"kksr-icon\" style=\"width: 20px; height: 20px;\"><\/div>\n        <\/div>\n            <div class=\"kksr-star\" style=\"padding-right: 3px\">\n            \n\n<div class=\"kksr-icon\" style=\"width: 20px; height: 20px;\"><\/div>\n        <\/div>\n            <div class=\"kksr-star\" style=\"padding-right: 3px\">\n            \n\n<div class=\"kksr-icon\" style=\"width: 20px; height: 20px;\"><\/div>\n        <\/div>\n            <div class=\"kksr-star\" style=\"padding-right: 3px\">\n            \n\n<div class=\"kksr-icon\" style=\"width: 20px; height: 20px;\"><\/div>\n        <\/div>\n            <div class=\"kksr-star\" style=\"padding-right: 3px\">\n            \n\n<div class=\"kksr-icon\" style=\"width: 20px; height: 20px;\"><\/div>\n        <\/div>\n    <\/div>\n<\/div>\n                \n\n<div class=\"kksr-legend\" style=\"font-size: 16px;\">\n            4.1\/5 - (17 votos)    <\/div>\n    <\/div>\n<figure id=\"attachment_30839\" aria-describedby=\"caption-attachment-30839\" style=\"width: 1200px\" class=\"wp-caption aligncenter\"><img data-recalc-dims=\"1\" loading=\"lazy\" decoding=\"async\" class=\"size-full wp-image-30839\" src=\"https:\/\/i0.wp.com\/www.reclamador.es\/blog\/wp-content\/uploads\/2020\/09\/permiso-lactancia.jpg?resize=1200%2C675&#038;ssl=1\" alt=\"Permiso lactancia, un derecho de los trabajadores\" width=\"1200\" height=\"675\" srcset=\"https:\/\/i0.wp.com\/www.reclamador.es\/blog\/wp-content\/uploads\/2020\/09\/permiso-lactancia.jpg?w=1200&amp;ssl=1 1200w, https:\/\/i0.wp.com\/www.reclamador.es\/blog\/wp-content\/uploads\/2020\/09\/permiso-lactancia.jpg?resize=800%2C450&amp;ssl=1 800w, https:\/\/i0.wp.com\/www.reclamador.es\/blog\/wp-content\/uploads\/2020\/09\/permiso-lactancia.jpg?resize=150%2C84&amp;ssl=1 150w, https:\/\/i0.wp.com\/www.reclamador.es\/blog\/wp-content\/uploads\/2020\/09\/permiso-lactancia.jpg?resize=768%2C432&amp;ssl=1 768w\" sizes=\"auto, (max-width: 1000px) 100vw, 1000px\" \/><figcaption id=\"caption-attachment-30839\" class=\"wp-caption-text\"><em>Permiso lactancia, un derecho de los trabajadores<\/em><\/figcaption><\/figure>\n<p><strong>*Contenido modificado en 2025<\/strong><\/p>\n<p><span style=\"font-weight: 400;\">El <\/span><b>permiso de lactancia<\/b><span style=\"font-weight: 400;\">, ahora llamado <strong>\u201cpermiso para el cuidado del beb\u00e9 lactante\u201d<\/strong>, es un derecho que tienen aquellos <\/span><b>trabajadores y trabajadoras que hayan sido madres\/padres<\/b><span style=\"font-weight: 400;\">, tanto si es de forma natural como si es por adopci\u00f3n. Concretamente, <\/span><a href=\"https:\/\/www.boe.es\/buscar\/act.php?id=BOE-A-2015-11430#a37\" target=\"_blank\" rel=\"noopener noreferrer\"><span style=\"font-weight: 400;\">el art. 37.4 del Estatuto de los Trabajadores se\u00f1ala que se trata de un derecho individual de los trabajadores<\/span><\/a><span style=\"font-weight: 400;\">, reconocido tanto a la madre como al padre y no se puede ceder el derecho de uno a otro.\u00a0<\/span><\/p>\n<p><span style=\"font-weight: 400;\">Consiste en aplicar el <\/span><b>derecho a ausentarse del puesto de trabajo durante una hora diaria<\/b><span style=\"font-weight: 400;\"> para la lactancia del reci\u00e9n nacido. Como acabamos de se\u00f1alar, este derecho puede ser disfrutado tanto por el padre como por la madre. <\/span><span style=\"font-weight: 400;\">El <\/span><span style=\"font-weight: 400;\">permiso de lactancia tiene una <strong>duraci\u00f3n de 9 meses<\/strong><\/span><span style=\"font-weight: 400;\"><strong> (hasta que tu hijo cumple dichos meses)<\/strong>.<\/span> <span style=\"font-weight: 400;\">Este permiso se disfruta tras la reincorporaci\u00f3n al puesto de trabajo y consiste en 1 hora diaria de ausencia del trabajo o bien en dos fracciones de media hora cada una. La duraci\u00f3n del permiso se incrementar\u00e1 proporcionalmente en los casos de nacimiento, adopci\u00f3n, guarda con fines de adopci\u00f3n o acogimiento m\u00faltiples.<\/span><\/p>\n<h2><b>\u00bfC\u00f3mo se solicita el permiso de lactancia?<\/b><\/h2>\n<p><span style=\"font-weight: 400;\">El permiso de lactancia se debe solicitar <\/span><b>con 15 d\u00edas de antelaci\u00f3n en la empresa a la incorporaci\u00f3n en el puesto de trabajo tras la baja de maternidad o paternidad . <\/b><span style=\"font-weight: 400;\">Es habitual que los convenios colectivos fijen un periodo o plazo para informar a la empresa sobre el permiso de lactancia que se va a disfrutar.<\/span><\/p>\n<p><span style=\"font-weight: 400;\">En la comunicaci\u00f3n del mismo,<\/span> <span style=\"font-weight: 400;\">debes<\/span> <span style=\"font-weight: 400;\">dejar constancia del <\/span><b>d\u00eda que se empieza<\/b><span style=\"font-weight: 400;\"> y <\/span><b>acaba el permiso de lactancia.<\/b><\/p>\n<p><span style=\"font-weight: 400;\">Si a lo que est\u00e1s optando es a la <\/span><b>reducci\u00f3n de jornada o lactancia acumulada<\/b><span style=\"font-weight: 400;\">, esto debe ser especificado. A modo de recomendaci\u00f3n, <strong>p\u00eddelo<\/strong><\/span><b>\u00a0por escrito<\/b><span style=\"font-weight: 400;\"> y deja constancia de ello, pidiendo a la empresa que lo env\u00ede de vuelta sellado.\u00a0<\/span><span style=\"font-weight: 400;\">En ning\u00fan caso la empresa puede restringir este derecho ni el modo en que lo puedes disfrutar. <\/span><\/p>\n<h6 style=\"text-align: center;\"><strong>Hay que ser consciente de que dentro de los primeros 9 meses de maternidad <b>hay una <\/b><a href=\"https:\/\/www.reclamador.es\/blog\/demanda-despido-improcedente\/\"><b>protecci\u00f3n contra el despido<\/b><\/a><span style=\"font-weight: 400;\">.<\/span><\/strong><\/h6>\n<p><span style=\"font-weight: 400;\">La empresa, adem\u00e1s, no tiene que aceptar la solicitud para disfrutar de la hora de ausencia por este permiso, ya que es un <\/span>derecho<span style=\"font-weight: 400;\">, pero s\u00ed que ser\u00eda recomendable conseguir la aceptaci\u00f3n.<\/span><\/p>\n<p><span style=\"font-weight: 400;\">Si la empresa te\u00a0<\/span><b>deniega el permiso de lactancia<\/b><span style=\"font-weight: 400;\">, <\/span><b>puedes demandar<\/b><span style=\"font-weight: 400;\"> a la misma en un plazo de 20 d\u00edas h\u00e1biles desde el momento en que deniegan.<\/span><\/p>\n<h2><b>\u00bfQui\u00e9n paga el permiso de lactancia y cu\u00e1nto se cobra?<\/b><\/h2>\n<p><span style=\"font-weight: 400;\">Es la <\/span><span style=\"font-weight: 400;\">empresa<\/span><span style=\"font-weight: 400;\"> quien paga la baja por lactancia, ya que le corresponde a \u00e9sta pagar al trabajador durante este tipo de permisos retributivos.\u00a0<\/span><\/p>\n<p><span style=\"font-weight: 400;\">Adem\u00e1s, como se trata de <\/span><b>un permiso retributivo<\/b><span style=\"font-weight: 400;\">, si te acoges a \u00e9l, tienes derecho a percibir el mismo salario, pese a trabajar menos tiempo. En contra, la empresa puede <\/span><b>descontar o disminuir pluses<\/b><span style=\"font-weight: 400;\"> que est\u00e9n <\/span><b>vinculados<\/b><span style=\"font-weight: 400;\"> a la <\/span><b>productividad<\/b><span style=\"font-weight: 400;\"> o a la <\/span><b>asistencia al puesto laboral<\/b><span style=\"font-weight: 400;\">.<\/span><\/p>\n<h2><b>\u00bfQu\u00e9 es la lactancia acumulada?<\/b><\/h2>\n<p><span style=\"font-weight: 400;\">La <\/span><b>lactancia acumulada<\/b><span style=\"font-weight: 400;\"> consiste en <\/span><b>agrupar<\/b> <b>seguido todo el tiempo de lactancia<\/b><span style=\"font-weight: 400;\"> del que el trabajador puede disfrutar. Para ello, se cuentan las horas que se dejan de trabajar por el permiso, descontando los d\u00edas de descanso y los festivos, desde que se solicita la lactancia hasta que se cumplen los 9 meses.<\/span><\/p>\n<p>A la lactancia acumulada en algunas zonas tambi\u00e9n se le conoce como lactancia compactada, pero a nivel legal, ambos t\u00e9rminos, es decir, lactancia acumulada y lactancia compactada se refieren a lo mismo (agrupar todo el tiempo de lactancia que como trabajador o trabajadora puedes disfrutar).<\/p>\n<h3>Ejemplo de lactancia acumulada<\/h3>\n<p><span style=\"font-weight: 400;\">Si, por ejemplo, se trata de 120 horas de lactancia, las podr\u00e1s\u00a0<\/span><b>acumular en jornadas completas de trabajo<\/b><span style=\"font-weight: 400;\">. As\u00ed, si realizas 6 horas diarias y tienes derecho a 120 d\u00edas, te corresponden 20 d\u00edas laborables (120\/6=20).<\/span><\/p>\n<p><span style=\"font-weight: 400;\">Al igual que te indic\u00e1bamos en el caso de c\u00f3mo solicitar el permiso de lactancia, el convenio colectivo tambi\u00e9n puede fijar al respecto una duraci\u00f3n del permiso de lactancia. Recuerda que el convenio colectivo nunca puede empeorar las condiciones laborales fijadas en las diferentes legislaciones. Esto quiere decir que, por norma general, los convenios colectivos vienen a mejorar lo expuesto. Por tanto, cuando solicites un permiso de lactancia acude a este para comprobar si se dice algo al respecto.<\/span><\/p>\n<h2><b>\u00bfEs compatible el permiso de lactancia con una <\/b><b>excedencia<\/b><b>?\u00a0<\/b><\/h2>\n<p><span style=\"font-weight: 400;\">Por lo expuesto, el permiso de lactancia no es compatible con una excedencia por cuidado de un menor de 3 a\u00f1os, porque durante la <\/span><span style=\"font-weight: 400;\">excedencia<\/span><span style=\"font-weight: 400;\">, la relaci\u00f3n con la empresa est\u00e1 suspendida, por lo tanto no se genera dicho <\/span><span style=\"font-weight: 400;\">derecho<\/span><span style=\"font-weight: 400;\"> a lactancia (no existe jornada <\/span><span style=\"font-weight: 400;\">efectiva<\/span><span style=\"font-weight: 400;\"> de trabajo). <\/span><\/p>\n<h2><b>\u00bfSe considera nulo un despido durante el permiso de lactancia?<\/b><\/h2>\n<p><span style=\"font-weight: 400;\">S\u00ed, salvo que la empresa demuestre que el trabajador ha cometido alguna infracci\u00f3n digna de despido disciplinario. <\/span><\/p>\n<p><span style=\"font-weight: 400;\"> El Estatuto de los Trabajadores protege especialmente a aquellas personas que se encuentren en un periodo de suspensi\u00f3n de contrato por maternidad, paternidad, adopci\u00f3n, etc\u00e9tera. Tambi\u00e9n hace referencia expresa a esa protecci\u00f3n durante el permiso de lactancia.<\/span><\/p>\n<p><span style=\"font-weight: 400;\">Concretamente, el<\/span><a href=\"https:\/\/www.boe.es\/buscar\/act.php?id=BOE-A-2015-11430\" target=\"_blank\" rel=\"noopener noreferrer\"><span style=\"font-weight: 400;\"> art\u00edculo 55.5.C de esta normativa<\/span><\/a><span style=\"font-weight: 400;\"> se\u00f1ala que se considerar\u00e1 nulo el despido <\/span><i><span style=\"font-weight: 400;\">\u201cde los trabajadores despu\u00e9s de haberse reintegrado al trabajo al finalizar los periodos de suspensi\u00f3n del contrato por maternidad, adopci\u00f3n, delegaci\u00f3n de guarda, acogimiento, o paternidad [\u2026], siempre que no hubieran transcurrido m\u00e1s de doce meses desde la fecha de nacimiento, adopci\u00f3n, delegaci\u00f3n de guarda o acogimiento del hijo o del menor\u201d.<\/span><\/i><\/p>\n<h6 style=\"text-align: center;\"><strong><a href=\"https:\/\/www.reclamador.es\/blog\/abogado-laboralista\/\">Funciones del abogado laboralista<\/a><\/strong><\/h6>\n<div class=\"ttr_end\"><\/div>","protected":false},"excerpt":{"rendered":"<p>Permiso lactancia, un derecho de los trabajadores: conoce c\u00f3mo funciona<\/p>\n","protected":false},"author":1,"featured_media":30839,"comment_status":"open","ping_status":"open","sticky":false,"template":"","format":"standard","meta":{"_acf_changed":false,"_genesis_hide_title":false,"_genesis_hide_breadcrumbs":false,"_genesis_hide_singular_image":false,"_genesis_hide_footer_widgets":false,"_genesis_custom_body_class":"","_genesis_custom_post_class":"","_genesis_layout":"","_jetpack_newsletter_access":"","_jetpack_dont_email_post_to_subs":true,"_jetpack_newsletter_tier_id":0,"_jetpack_memberships_contains_paywalled_content":false,"_jetpack_memberships_contains_paid_content":false,"footnotes":""},"categories":[393],"tags":[266],"class_list":{"0":"post-4974","1":"post","2":"type-post","3":"status-publish","4":"format-standard","5":"has-post-thumbnail","7":"category-consejos","8":"tag-laboral","9":"entry"},"acf":[],"yoast_head":"<!-- This site is optimized with the Yoast SEO plugin v27.4 - https:\/\/yoast.com\/product\/yoast-seo-wordpress\/ -->\n<title>Permiso lactancia 2025: \u00bfC\u00f3mo solicitarlo? \u00bfSe puede acumular?<\/title>\n<meta name=\"description\" content=\"El permiso de lactancia acumulado es un derecho de trabajadores y trabajadoras. Consiste en agrupar el tiempo de lactancia.\" \/>\n<meta name=\"robots\" content=\"index, follow, max-snippet:-1, max-image-preview:large, max-video-preview:-1\" \/>\n<link rel=\"canonical\" href=\"https:\/\/www.reclamador.es\/blog\/permiso-de-lactancia\/\" \/>\n<meta property=\"og:locale\" content=\"es_ES\" \/>\n<meta property=\"og:type\" content=\"article\" \/>\n<meta property=\"og:title\" content=\"Permiso lactancia 2025: \u00bfC\u00f3mo solicitarlo? \u00bfSe puede acumular?\" \/>\n<meta property=\"og:description\" content=\"El permiso de lactancia acumulado es un derecho de trabajadores y trabajadoras. Consiste en agrupar el tiempo de lactancia.\" \/>\n<meta property=\"og:url\" content=\"https:\/\/www.reclamador.es\/blog\/permiso-de-lactancia\/\" \/>\n<meta property=\"og:site_name\" content=\"Rebeldes con causa, el blog de reclamador.es\" \/>\n<meta property=\"article:publisher\" content=\"https:\/\/www.facebook.com\/reclamador.es\" \/>\n<meta property=\"article:published_time\" content=\"2023-03-13T11:03:00+00:00\" \/>\n<meta property=\"article:modified_time\" content=\"2025-04-03T08:46:11+00:00\" \/>\n<meta property=\"og:image\" content=\"https:\/\/www.reclamador.es\/blog\/wp-content\/uploads\/2020\/09\/permiso-lactancia.jpg\" \/>\n\t<meta property=\"og:image:width\" content=\"1200\" \/>\n\t<meta property=\"og:image:height\" content=\"675\" \/>\n\t<meta property=\"og:image:type\" content=\"image\/jpeg\" \/>\n<meta name=\"author\" content=\"Equipo reclamador\" \/>\n<meta name=\"twitter:card\" content=\"summary_large_image\" \/>\n<meta name=\"twitter:creator\" content=\"@reclamador\" \/>\n<meta name=\"twitter:site\" content=\"@reclamador\" \/>\n<meta name=\"twitter:label1\" content=\"Escrito por\" \/>\n\t<meta name=\"twitter:data1\" content=\"Equipo reclamador\" \/>\n\t<meta name=\"twitter:label2\" content=\"Tiempo de lectura\" \/>\n\t<meta name=\"twitter:data2\" content=\"5 minutos\" \/>\n<script type=\"application\/ld+json\" class=\"yoast-schema-graph\">{\"@context\":\"https:\\\/\\\/schema.org\",\"@graph\":[{\"@type\":\"Article\",\"@id\":\"https:\\\/\\\/www.reclamador.es\\\/blog\\\/permiso-de-lactancia\\\/#article\",\"isPartOf\":{\"@id\":\"https:\\\/\\\/www.reclamador.es\\\/blog\\\/permiso-de-lactancia\\\/\"},\"author\":{\"name\":\"Equipo reclamador\",\"@id\":\"https:\\\/\\\/www.reclamador.es\\\/blog\\\/#\\\/schema\\\/person\\\/1ed83eef8b6566cb5e4c812d9bc5c4bf\"},\"headline\":\"Lactancia acumulada: \u00bfSe puede acumular el permiso de lactancia?\",\"datePublished\":\"2023-03-13T11:03:00+00:00\",\"dateModified\":\"2025-04-03T08:46:11+00:00\",\"mainEntityOfPage\":{\"@id\":\"https:\\\/\\\/www.reclamador.es\\\/blog\\\/permiso-de-lactancia\\\/\"},\"wordCount\":968,\"commentCount\":197,\"publisher\":{\"@id\":\"https:\\\/\\\/www.reclamador.es\\\/blog\\\/#organization\"},\"image\":{\"@id\":\"https:\\\/\\\/www.reclamador.es\\\/blog\\\/permiso-de-lactancia\\\/#primaryimage\"},\"thumbnailUrl\":\"https:\\\/\\\/i0.wp.com\\\/www.reclamador.es\\\/blog\\\/wp-content\\\/uploads\\\/2020\\\/09\\\/permiso-lactancia.jpg?fit=1200%2C675&ssl=1\",\"keywords\":[\"laboral\"],\"articleSection\":[\"Consejos legales\"],\"inLanguage\":\"es\",\"potentialAction\":[{\"@type\":\"CommentAction\",\"name\":\"Comment\",\"target\":[\"https:\\\/\\\/www.reclamador.es\\\/blog\\\/permiso-de-lactancia\\\/#respond\"]}]},{\"@type\":\"WebPage\",\"@id\":\"https:\\\/\\\/www.reclamador.es\\\/blog\\\/permiso-de-lactancia\\\/\",\"url\":\"https:\\\/\\\/www.reclamador.es\\\/blog\\\/permiso-de-lactancia\\\/\",\"name\":\"Permiso lactancia 2025: \u00bfC\u00f3mo solicitarlo? \u00bfSe puede acumular?\",\"isPartOf\":{\"@id\":\"https:\\\/\\\/www.reclamador.es\\\/blog\\\/#website\"},\"primaryImageOfPage\":{\"@id\":\"https:\\\/\\\/www.reclamador.es\\\/blog\\\/permiso-de-lactancia\\\/#primaryimage\"},\"image\":{\"@id\":\"https:\\\/\\\/www.reclamador.es\\\/blog\\\/permiso-de-lactancia\\\/#primaryimage\"},\"thumbnailUrl\":\"https:\\\/\\\/i0.wp.com\\\/www.reclamador.es\\\/blog\\\/wp-content\\\/uploads\\\/2020\\\/09\\\/permiso-lactancia.jpg?fit=1200%2C675&ssl=1\",\"datePublished\":\"2023-03-13T11:03:00+00:00\",\"dateModified\":\"2025-04-03T08:46:11+00:00\",\"description\":\"El permiso de lactancia acumulado es un derecho de trabajadores y trabajadoras. Consiste en agrupar el tiempo de lactancia.\",\"breadcrumb\":{\"@id\":\"https:\\\/\\\/www.reclamador.es\\\/blog\\\/permiso-de-lactancia\\\/#breadcrumb\"},\"inLanguage\":\"es\",\"potentialAction\":[{\"@type\":\"ReadAction\",\"target\":[\"https:\\\/\\\/www.reclamador.es\\\/blog\\\/permiso-de-lactancia\\\/\"]}]},{\"@type\":\"ImageObject\",\"inLanguage\":\"es\",\"@id\":\"https:\\\/\\\/www.reclamador.es\\\/blog\\\/permiso-de-lactancia\\\/#primaryimage\",\"url\":\"https:\\\/\\\/i0.wp.com\\\/www.reclamador.es\\\/blog\\\/wp-content\\\/uploads\\\/2020\\\/09\\\/permiso-lactancia.jpg?fit=1200%2C675&ssl=1\",\"contentUrl\":\"https:\\\/\\\/i0.wp.com\\\/www.reclamador.es\\\/blog\\\/wp-content\\\/uploads\\\/2020\\\/09\\\/permiso-lactancia.jpg?fit=1200%2C675&ssl=1\",\"width\":1200,\"height\":675,\"caption\":\"Permiso lactancia, un derecho de los trabajadores\"},{\"@type\":\"BreadcrumbList\",\"@id\":\"https:\\\/\\\/www.reclamador.es\\\/blog\\\/permiso-de-lactancia\\\/#breadcrumb\",\"itemListElement\":[{\"@type\":\"ListItem\",\"position\":1,\"name\":\"Portada\",\"item\":\"https:\\\/\\\/www.reclamador.es\\\/blog\\\/\"},{\"@type\":\"ListItem\",\"position\":2,\"name\":\"Lactancia acumulada: \u00bfSe puede acumular el permiso de lactancia?\"}]},{\"@type\":\"WebSite\",\"@id\":\"https:\\\/\\\/www.reclamador.es\\\/blog\\\/#website\",\"url\":\"https:\\\/\\\/www.reclamador.es\\\/blog\\\/\",\"name\":\"Rebeldes con causa, el blog de reclamador.es\",\"description\":\"Noticias, entrevistas y consejos sobre reclamaciones\",\"publisher\":{\"@id\":\"https:\\\/\\\/www.reclamador.es\\\/blog\\\/#organization\"},\"potentialAction\":[{\"@type\":\"SearchAction\",\"target\":{\"@type\":\"EntryPoint\",\"urlTemplate\":\"https:\\\/\\\/www.reclamador.es\\\/blog\\\/?s={search_term_string}\"},\"query-input\":{\"@type\":\"PropertyValueSpecification\",\"valueRequired\":true,\"valueName\":\"search_term_string\"}}],\"inLanguage\":\"es\"},{\"@type\":\"Organization\",\"@id\":\"https:\\\/\\\/www.reclamador.es\\\/blog\\\/#organization\",\"name\":\"reclamador.es\",\"url\":\"https:\\\/\\\/www.reclamador.es\\\/blog\\\/\",\"logo\":{\"@type\":\"ImageObject\",\"inLanguage\":\"es\",\"@id\":\"https:\\\/\\\/www.reclamador.es\\\/blog\\\/#\\\/schema\\\/logo\\\/image\\\/\",\"url\":\"https:\\\/\\\/i0.wp.com\\\/www.reclamador.es\\\/blog\\\/wp-content\\\/uploads\\\/2020\\\/01\\\/logo-reclamador.png?fit=1200%2C144&ssl=1\",\"contentUrl\":\"https:\\\/\\\/i0.wp.com\\\/www.reclamador.es\\\/blog\\\/wp-content\\\/uploads\\\/2020\\\/01\\\/logo-reclamador.png?fit=1200%2C144&ssl=1\",\"width\":1200,\"height\":144,\"caption\":\"reclamador.es\"},\"image\":{\"@id\":\"https:\\\/\\\/www.reclamador.es\\\/blog\\\/#\\\/schema\\\/logo\\\/image\\\/\"},\"sameAs\":[\"https:\\\/\\\/www.facebook.com\\\/reclamador.es\",\"https:\\\/\\\/x.com\\\/reclamador\",\"https:\\\/\\\/www.instagram.com\\\/reclamador.es\\\/\",\"https:\\\/\\\/www.linkedin.com\\\/company\\\/reclamador-es\",\"https:\\\/\\\/www.youtube.com\\\/user\\\/Reclamadores\"]},{\"@type\":\"Person\",\"@id\":\"https:\\\/\\\/www.reclamador.es\\\/blog\\\/#\\\/schema\\\/person\\\/1ed83eef8b6566cb5e4c812d9bc5c4bf\",\"name\":\"Equipo reclamador\",\"image\":{\"@type\":\"ImageObject\",\"inLanguage\":\"es\",\"@id\":\"https:\\\/\\\/secure.gravatar.com\\\/avatar\\\/6442ecdc2c4472c600c113f34d340feca47107d6aa4f42f1e3e75a2a8e28a760?s=96&d=mm&r=g\",\"url\":\"https:\\\/\\\/secure.gravatar.com\\\/avatar\\\/6442ecdc2c4472c600c113f34d340feca47107d6aa4f42f1e3e75a2a8e28a760?s=96&d=mm&r=g\",\"contentUrl\":\"https:\\\/\\\/secure.gravatar.com\\\/avatar\\\/6442ecdc2c4472c600c113f34d340feca47107d6aa4f42f1e3e75a2a8e28a760?s=96&d=mm&r=g\",\"caption\":\"Equipo reclamador\"},\"description\":\"Las personas que hacen posible reclamador.es\",\"url\":\"https:\\\/\\\/www.reclamador.es\\\/blog\\\/author\\\/administrador\\\/\"}]}<\/script>\n<!-- \/ Yoast SEO plugin. -->","yoast_head_json":{"title":"Permiso lactancia 2025: \u00bfC\u00f3mo solicitarlo? \u00bfSe puede acumular?","description":"El permiso de lactancia acumulado es un derecho de trabajadores y trabajadoras. Consiste en agrupar el tiempo de lactancia.","robots":{"index":"index","follow":"follow","max-snippet":"max-snippet:-1","max-image-preview":"max-image-preview:large","max-video-preview":"max-video-preview:-1"},"canonical":"https:\/\/www.reclamador.es\/blog\/permiso-de-lactancia\/","og_locale":"es_ES","og_type":"article","og_title":"Permiso lactancia 2025: \u00bfC\u00f3mo solicitarlo? \u00bfSe puede acumular?","og_description":"El permiso de lactancia acumulado es un derecho de trabajadores y trabajadoras. Consiste en agrupar el tiempo de lactancia.","og_url":"https:\/\/www.reclamador.es\/blog\/permiso-de-lactancia\/","og_site_name":"Rebeldes con causa, el blog de reclamador.es","article_publisher":"https:\/\/www.facebook.com\/reclamador.es","article_published_time":"2023-03-13T11:03:00+00:00","article_modified_time":"2025-04-03T08:46:11+00:00","og_image":[{"width":1200,"height":675,"url":"https:\/\/www.reclamador.es\/blog\/wp-content\/uploads\/2020\/09\/permiso-lactancia.jpg","type":"image\/jpeg"}],"author":"Equipo reclamador","twitter_card":"summary_large_image","twitter_creator":"@reclamador","twitter_site":"@reclamador","twitter_misc":{"Escrito por":"Equipo reclamador","Tiempo de lectura":"5 minutos"},"schema":{"@context":"https:\/\/schema.org","@graph":[{"@type":"Article","@id":"https:\/\/www.reclamador.es\/blog\/permiso-de-lactancia\/#article","isPartOf":{"@id":"https:\/\/www.reclamador.es\/blog\/permiso-de-lactancia\/"},"author":{"name":"Equipo reclamador","@id":"https:\/\/www.reclamador.es\/blog\/#\/schema\/person\/1ed83eef8b6566cb5e4c812d9bc5c4bf"},"headline":"Lactancia acumulada: \u00bfSe puede acumular el permiso de lactancia?","datePublished":"2023-03-13T11:03:00+00:00","dateModified":"2025-04-03T08:46:11+00:00","mainEntityOfPage":{"@id":"https:\/\/www.reclamador.es\/blog\/permiso-de-lactancia\/"},"wordCount":968,"commentCount":197,"publisher":{"@id":"https:\/\/www.reclamador.es\/blog\/#organization"},"image":{"@id":"https:\/\/www.reclamador.es\/blog\/permiso-de-lactancia\/#primaryimage"},"thumbnailUrl":"https:\/\/i0.wp.com\/www.reclamador.es\/blog\/wp-content\/uploads\/2020\/09\/permiso-lactancia.jpg?fit=1200%2C675&ssl=1","keywords":["laboral"],"articleSection":["Consejos legales"],"inLanguage":"es","potentialAction":[{"@type":"CommentAction","name":"Comment","target":["https:\/\/www.reclamador.es\/blog\/permiso-de-lactancia\/#respond"]}]},{"@type":"WebPage","@id":"https:\/\/www.reclamador.es\/blog\/permiso-de-lactancia\/","url":"https:\/\/www.reclamador.es\/blog\/permiso-de-lactancia\/","name":"Permiso lactancia 2025: \u00bfC\u00f3mo solicitarlo? \u00bfSe puede acumular?","isPartOf":{"@id":"https:\/\/www.reclamador.es\/blog\/#website"},"primaryImageOfPage":{"@id":"https:\/\/www.reclamador.es\/blog\/permiso-de-lactancia\/#primaryimage"},"image":{"@id":"https:\/\/www.reclamador.es\/blog\/permiso-de-lactancia\/#primaryimage"},"thumbnailUrl":"https:\/\/i0.wp.com\/www.reclamador.es\/blog\/wp-content\/uploads\/2020\/09\/permiso-lactancia.jpg?fit=1200%2C675&ssl=1","datePublished":"2023-03-13T11:03:00+00:00","dateModified":"2025-04-03T08:46:11+00:00","description":"El permiso de lactancia acumulado es un derecho de trabajadores y trabajadoras. Consiste en agrupar el tiempo de lactancia.","breadcrumb":{"@id":"https:\/\/www.reclamador.es\/blog\/permiso-de-lactancia\/#breadcrumb"},"inLanguage":"es","potentialAction":[{"@type":"ReadAction","target":["https:\/\/www.reclamador.es\/blog\/permiso-de-lactancia\/"]}]},{"@type":"ImageObject","inLanguage":"es","@id":"https:\/\/www.reclamador.es\/blog\/permiso-de-lactancia\/#primaryimage","url":"https:\/\/i0.wp.com\/www.reclamador.es\/blog\/wp-content\/uploads\/2020\/09\/permiso-lactancia.jpg?fit=1200%2C675&ssl=1","contentUrl":"https:\/\/i0.wp.com\/www.reclamador.es\/blog\/wp-content\/uploads\/2020\/09\/permiso-lactancia.jpg?fit=1200%2C675&ssl=1","width":1200,"height":675,"caption":"Permiso lactancia, un derecho de los trabajadores"},{"@type":"BreadcrumbList","@id":"https:\/\/www.reclamador.es\/blog\/permiso-de-lactancia\/#breadcrumb","itemListElement":[{"@type":"ListItem","position":1,"name":"Portada","item":"https:\/\/www.reclamador.es\/blog\/"},{"@type":"ListItem","position":2,"name":"Lactancia acumulada: \u00bfSe puede acumular el permiso de lactancia?"}]},{"@type":"WebSite","@id":"https:\/\/www.reclamador.es\/blog\/#website","url":"https:\/\/www.reclamador.es\/blog\/","name":"Rebeldes con causa, el blog de reclamador.es","description":"Noticias, entrevistas y consejos sobre reclamaciones","publisher":{"@id":"https:\/\/www.reclamador.es\/blog\/#organization"},"potentialAction":[{"@type":"SearchAction","target":{"@type":"EntryPoint","urlTemplate":"https:\/\/www.reclamador.es\/blog\/?s={search_term_string}"},"query-input":{"@type":"PropertyValueSpecification","valueRequired":true,"valueName":"search_term_string"}}],"inLanguage":"es"},{"@type":"Organization","@id":"https:\/\/www.reclamador.es\/blog\/#organization","name":"reclamador.es","url":"https:\/\/www.reclamador.es\/blog\/","logo":{"@type":"ImageObject","inLanguage":"es","@id":"https:\/\/www.reclamador.es\/blog\/#\/schema\/logo\/image\/","url":"https:\/\/i0.wp.com\/www.reclamador.es\/blog\/wp-content\/uploads\/2020\/01\/logo-reclamador.png?fit=1200%2C144&ssl=1","contentUrl":"https:\/\/i0.wp.com\/www.reclamador.es\/blog\/wp-content\/uploads\/2020\/01\/logo-reclamador.png?fit=1200%2C144&ssl=1","width":1200,"height":144,"caption":"reclamador.es"},"image":{"@id":"https:\/\/www.reclamador.es\/blog\/#\/schema\/logo\/image\/"},"sameAs":["https:\/\/www.facebook.com\/reclamador.es","https:\/\/x.com\/reclamador","https:\/\/www.instagram.com\/reclamador.es\/","https:\/\/www.linkedin.com\/company\/reclamador-es","https:\/\/www.youtube.com\/user\/Reclamadores"]},{"@type":"Person","@id":"https:\/\/www.reclamador.es\/blog\/#\/schema\/person\/1ed83eef8b6566cb5e4c812d9bc5c4bf","name":"Equipo reclamador","image":{"@type":"ImageObject","inLanguage":"es","@id":"https:\/\/secure.gravatar.com\/avatar\/6442ecdc2c4472c600c113f34d340feca47107d6aa4f42f1e3e75a2a8e28a760?s=96&d=mm&r=g","url":"https:\/\/secure.gravatar.com\/avatar\/6442ecdc2c4472c600c113f34d340feca47107d6aa4f42f1e3e75a2a8e28a760?s=96&d=mm&r=g","contentUrl":"https:\/\/secure.gravatar.com\/avatar\/6442ecdc2c4472c600c113f34d340feca47107d6aa4f42f1e3e75a2a8e28a760?s=96&d=mm&r=g","caption":"Equipo reclamador"},"description":"Las personas que hacen posible reclamador.es","url":"https:\/\/www.reclamador.es\/blog\/author\/administrador\/"}]}},"jetpack_featured_media_url":"https:\/\/i0.wp.com\/www.reclamador.es\/blog\/wp-content\/uploads\/2020\/09\/permiso-lactancia.jpg?fit=1200%2C675&ssl=1","jetpack-related-posts":[{"id":17483,"url":"https:\/\/www.reclamador.es\/blog\/permisos-conciliar-vida-familiar-laboral\/","url_meta":{"origin":4974,"position":0},"title":"D\u00eda del Padre: 7 permisos para conciliar vida laboral y familiar","author":"Equipo reclamador","date":"18 marzo, 2021","format":false,"excerpt":"Cada 19 de marzo, se celebra el D\u00eda del Padre, una fecha en la que conviene recordar los principales derechos y permisos de los padres para poder compaginar su trabajo con el cuidado de sus hijos. En reclamador.es repasamos esos derechos que van desde los m\u00e1s conocidos, como puede ser\u2026","rel":"","context":"En \u00abNoticias y actualidad\u00bb","block_context":{"text":"Noticias y actualidad","link":"https:\/\/www.reclamador.es\/blog\/noticias\/"},"img":{"alt_text":"padre e hijo playa - derechos padre trabajador","src":"https:\/\/i0.wp.com\/www.reclamador.es\/blog\/wp-content\/uploads\/2021\/03\/derechos-del-padre-trabajador-dia-del-padre.jpg?fit=1200%2C630&ssl=1&resize=350%2C200","width":350,"height":200,"srcset":"https:\/\/i0.wp.com\/www.reclamador.es\/blog\/wp-content\/uploads\/2021\/03\/derechos-del-padre-trabajador-dia-del-padre.jpg?fit=1200%2C630&ssl=1&resize=350%2C200 1x, https:\/\/i0.wp.com\/www.reclamador.es\/blog\/wp-content\/uploads\/2021\/03\/derechos-del-padre-trabajador-dia-del-padre.jpg?fit=1200%2C630&ssl=1&resize=525%2C300 1.5x, https:\/\/i0.wp.com\/www.reclamador.es\/blog\/wp-content\/uploads\/2021\/03\/derechos-del-padre-trabajador-dia-del-padre.jpg?fit=1200%2C630&ssl=1&resize=700%2C400 2x, https:\/\/i0.wp.com\/www.reclamador.es\/blog\/wp-content\/uploads\/2021\/03\/derechos-del-padre-trabajador-dia-del-padre.jpg?fit=1200%2C630&ssl=1&resize=1050%2C600 3x"},"classes":[]},{"id":21901,"url":"https:\/\/www.reclamador.es\/blog\/permisos-retribuidos-trabajadores\/","url_meta":{"origin":4974,"position":1},"title":"8 permisos retribuidos poco conocidos por los trabajadores en Espa\u00f1a","author":"Equipo reclamador","date":"20 mayo, 2019","format":false,"excerpt":"*Contenido revisado julio 2025 Los permisos retribuidos son licencias a las que tienen derecho los trabajadores, ya sea por estar recogidas en el Estatuto de los Trabajadores o en el convenio colectivo de aplicaci\u00f3n. Durante esos d\u00edas, el empleado no est\u00e1 obligado a acudir a su puesto de trabajo y\u2026","rel":"","context":"En \u00abConsejos legales\u00bb","block_context":{"text":"Consejos legales","link":"https:\/\/www.reclamador.es\/blog\/consejos\/"},"img":{"alt_text":"permisos retribuidos para trabajadores reclamador","src":"https:\/\/i0.wp.com\/www.reclamador.es\/blog\/wp-content\/uploads\/2019\/05\/permisos-retribuidos-trabajadores.jpg?fit=1200%2C799&ssl=1&resize=350%2C200","width":350,"height":200,"srcset":"https:\/\/i0.wp.com\/www.reclamador.es\/blog\/wp-content\/uploads\/2019\/05\/permisos-retribuidos-trabajadores.jpg?fit=1200%2C799&ssl=1&resize=350%2C200 1x, https:\/\/i0.wp.com\/www.reclamador.es\/blog\/wp-content\/uploads\/2019\/05\/permisos-retribuidos-trabajadores.jpg?fit=1200%2C799&ssl=1&resize=525%2C300 1.5x, https:\/\/i0.wp.com\/www.reclamador.es\/blog\/wp-content\/uploads\/2019\/05\/permisos-retribuidos-trabajadores.jpg?fit=1200%2C799&ssl=1&resize=700%2C400 2x, https:\/\/i0.wp.com\/www.reclamador.es\/blog\/wp-content\/uploads\/2019\/05\/permisos-retribuidos-trabajadores.jpg?fit=1200%2C799&ssl=1&resize=1050%2C600 3x"},"classes":[]},{"id":4229,"url":"https:\/\/www.reclamador.es\/blog\/despido-nulo-causas-y-consecuencias\/","url_meta":{"origin":4974,"position":2},"title":"Despido Nulo \u00a1Causas y Consecuencias!","author":"Equipo reclamador","date":"1 junio, 2016","format":false,"excerpt":"Cuando se produce el despido de un empleado, dicho despido puede ser calificado de procedente, si la decisi\u00f3n se ha tomado por causas correctamente justificadas; de improcedente, si no se han cumplido los requisitos formales o no est\u00e1 adecuadamente argumentado; o despido nulo. En este post, nos vamos a centrar\u2026","rel":"","context":"En \u00abConsejos legales\u00bb","block_context":{"text":"Consejos legales","link":"https:\/\/www.reclamador.es\/blog\/consejos\/"},"img":{"alt_text":"despido nulo","src":"https:\/\/i0.wp.com\/www.reclamador.es\/blog\/wp-content\/uploads\/2016\/06\/guia-despido-nulo-reclamador.jpg?fit=1200%2C630&ssl=1&resize=350%2C200","width":350,"height":200,"srcset":"https:\/\/i0.wp.com\/www.reclamador.es\/blog\/wp-content\/uploads\/2016\/06\/guia-despido-nulo-reclamador.jpg?fit=1200%2C630&ssl=1&resize=350%2C200 1x, https:\/\/i0.wp.com\/www.reclamador.es\/blog\/wp-content\/uploads\/2016\/06\/guia-despido-nulo-reclamador.jpg?fit=1200%2C630&ssl=1&resize=525%2C300 1.5x, https:\/\/i0.wp.com\/www.reclamador.es\/blog\/wp-content\/uploads\/2016\/06\/guia-despido-nulo-reclamador.jpg?fit=1200%2C630&ssl=1&resize=700%2C400 2x, https:\/\/i0.wp.com\/www.reclamador.es\/blog\/wp-content\/uploads\/2016\/06\/guia-despido-nulo-reclamador.jpg?fit=1200%2C630&ssl=1&resize=1050%2C600 3x"},"classes":[]},{"id":8937,"url":"https:\/\/www.reclamador.es\/blog\/baja-por-embarazo-de-riesgo\/","url_meta":{"origin":4974,"position":3},"title":"Baja por embarazo de riesgo, \u00bfqu\u00e9 te corresponde como prestaci\u00f3n?","author":"Equipo reclamador","date":"11 julio, 2017","format":false,"excerpt":"Si has sido madre y estabas trabajando sabr\u00e1s que tienes derecho a descansar durante 16 semanas a partir del parto. Tambi\u00e9n es importante conocer que tanto este derecho como todos los derivados de la maternidad se aplican cuando tienes un hijo de forma biol\u00f3gica, como cuando llevas a cabo una\u2026","rel":"","context":"En \u00abConsejos legales\u00bb","block_context":{"text":"Consejos legales","link":"https:\/\/www.reclamador.es\/blog\/consejos\/"},"img":{"alt_text":"guia Baja por embarazo de riesgo","src":"https:\/\/i0.wp.com\/www.reclamador.es\/blog\/wp-content\/uploads\/2017\/07\/art-3824668_1280.jpg?fit=1200%2C648&ssl=1&resize=350%2C200","width":350,"height":200,"srcset":"https:\/\/i0.wp.com\/www.reclamador.es\/blog\/wp-content\/uploads\/2017\/07\/art-3824668_1280.jpg?fit=1200%2C648&ssl=1&resize=350%2C200 1x, https:\/\/i0.wp.com\/www.reclamador.es\/blog\/wp-content\/uploads\/2017\/07\/art-3824668_1280.jpg?fit=1200%2C648&ssl=1&resize=525%2C300 1.5x, https:\/\/i0.wp.com\/www.reclamador.es\/blog\/wp-content\/uploads\/2017\/07\/art-3824668_1280.jpg?fit=1200%2C648&ssl=1&resize=700%2C400 2x, https:\/\/i0.wp.com\/www.reclamador.es\/blog\/wp-content\/uploads\/2017\/07\/art-3824668_1280.jpg?fit=1200%2C648&ssl=1&resize=1050%2C600 3x"},"classes":[]},{"id":26624,"url":"https:\/\/www.reclamador.es\/blog\/permiso-para-votar-dia-laborable\/","url_meta":{"origin":4974,"position":4},"title":"Acudir a votar en d\u00eda laborable: \u00bfcu\u00e1ntas horas de permiso corresponden?","author":"Equipo reclamador","date":"12 abril, 2021","format":false,"excerpt":"Las pr\u00f3ximas elecciones a la Comunidad de Madrid se celebrar\u00e1n un martes laborable. Por este motivo, en reclamador.es hemos analizado el Estatuto de los Trabajadores y la Resoluci\u00f3n publicada en el BOCAM para explicar a todos los trabajadores qu\u00e9 derechos tienen para acudir a votar el pr\u00f3ximo 4 de mayo.\u00a0\u2026","rel":"","context":"En \u00abConsejos legales\u00bb","block_context":{"text":"Consejos legales","link":"https:\/\/www.reclamador.es\/blog\/consejos\/"},"img":{"alt_text":"cu\u00e1ntas horas de permiso para ir a votar corresponde al trabajador","src":"https:\/\/i0.wp.com\/www.reclamador.es\/blog\/wp-content\/uploads\/2021\/04\/4M-permiso-para-votar.jpg?fit=1200%2C900&ssl=1&resize=350%2C200","width":350,"height":200,"srcset":"https:\/\/i0.wp.com\/www.reclamador.es\/blog\/wp-content\/uploads\/2021\/04\/4M-permiso-para-votar.jpg?fit=1200%2C900&ssl=1&resize=350%2C200 1x, https:\/\/i0.wp.com\/www.reclamador.es\/blog\/wp-content\/uploads\/2021\/04\/4M-permiso-para-votar.jpg?fit=1200%2C900&ssl=1&resize=525%2C300 1.5x, https:\/\/i0.wp.com\/www.reclamador.es\/blog\/wp-content\/uploads\/2021\/04\/4M-permiso-para-votar.jpg?fit=1200%2C900&ssl=1&resize=700%2C400 2x, https:\/\/i0.wp.com\/www.reclamador.es\/blog\/wp-content\/uploads\/2021\/04\/4M-permiso-para-votar.jpg?fit=1200%2C900&ssl=1&resize=1050%2C600 3x"},"classes":[]},{"id":30908,"url":"https:\/\/www.reclamador.es\/blog\/cuantos-dias-me-corresponden-por-mudanza-en-el-trabajo\/","url_meta":{"origin":4974,"position":5},"title":"Permiso por mudanza: \u00bfcu\u00e1ntos d\u00edas corresponden?","author":"Equipo reclamador","date":"5 enero, 2025","format":false,"excerpt":"Como trabajadores hay muchos derechos que tenemos pero que desconocemos, en ocasiones, ya el simple hecho de una visita m\u00e9dica o un familiar ingresado en el hospital genera dudas\u2026 Pues que sepas que tienes derecho a un permiso retribuido en caso de mudanza.\u00a0 Sigue leyendo y te lo contamos m\u00e1s\u2026","rel":"","context":"En \u00abNoticias y actualidad\u00bb","block_context":{"text":"Noticias y actualidad","link":"https:\/\/www.reclamador.es\/blog\/noticias\/"},"img":{"alt_text":"Cuantos d\u00edas me corresponden por mudanza en el trabajo","src":"https:\/\/i0.wp.com\/www.reclamador.es\/blog\/wp-content\/uploads\/2023\/04\/Cuantos-dias-me-corresponden-por-mudanza-en-el-trabajo.jpg?fit=1200%2C675&ssl=1&resize=350%2C200","width":350,"height":200,"srcset":"https:\/\/i0.wp.com\/www.reclamador.es\/blog\/wp-content\/uploads\/2023\/04\/Cuantos-dias-me-corresponden-por-mudanza-en-el-trabajo.jpg?fit=1200%2C675&ssl=1&resize=350%2C200 1x, https:\/\/i0.wp.com\/www.reclamador.es\/blog\/wp-content\/uploads\/2023\/04\/Cuantos-dias-me-corresponden-por-mudanza-en-el-trabajo.jpg?fit=1200%2C675&ssl=1&resize=525%2C300 1.5x, https:\/\/i0.wp.com\/www.reclamador.es\/blog\/wp-content\/uploads\/2023\/04\/Cuantos-dias-me-corresponden-por-mudanza-en-el-trabajo.jpg?fit=1200%2C675&ssl=1&resize=700%2C400 2x, https:\/\/i0.wp.com\/www.reclamador.es\/blog\/wp-content\/uploads\/2023\/04\/Cuantos-dias-me-corresponden-por-mudanza-en-el-trabajo.jpg?fit=1200%2C675&ssl=1&resize=1050%2C600 3x"},"classes":[]}],"jetpack_sharing_enabled":true,"_links":{"self":[{"href":"https:\/\/www.reclamador.es\/blog\/wp-json\/wp\/v2\/posts\/4974","targetHints":{"allow":["GET"]}}],"collection":[{"href":"https:\/\/www.reclamador.es\/blog\/wp-json\/wp\/v2\/posts"}],"about":[{"href":"https:\/\/www.reclamador.es\/blog\/wp-json\/wp\/v2\/types\/post"}],"author":[{"embeddable":true,"href":"https:\/\/www.reclamador.es\/blog\/wp-json\/wp\/v2\/users\/1"}],"replies":[{"embeddable":true,"href":"https:\/\/www.reclamador.es\/blog\/wp-json\/wp\/v2\/comments?post=4974"}],"version-history":[{"count":19,"href":"https:\/\/www.reclamador.es\/blog\/wp-json\/wp\/v2\/posts\/4974\/revisions"}],"predecessor-version":[{"id":33913,"href":"https:\/\/www.reclamador.es\/blog\/wp-json\/wp\/v2\/posts\/4974\/revisions\/33913"}],"wp:featuredmedia":[{"embeddable":true,"href":"https:\/\/www.reclamador.es\/blog\/wp-json\/wp\/v2\/media\/30839"}],"wp:attachment":[{"href":"https:\/\/www.reclamador.es\/blog\/wp-json\/wp\/v2\/media?parent=4974"}],"wp:term":[{"taxonomy":"category","embeddable":true,"href":"https:\/\/www.reclamador.es\/blog\/wp-json\/wp\/v2\/categories?post=4974"},{"taxonomy":"post_tag","embeddable":true,"href":"https:\/\/www.reclamador.es\/blog\/wp-json\/wp\/v2\/tags?post=4974"}],"curies":[{"name":"wp","href":"https:\/\/api.w.org\/{rel}","templated":true}]}}