{"id":4962,"date":"2021-02-19T16:00:00","date_gmt":"2021-02-19T15:00:00","guid":{"rendered":"https:\/\/www.reclamador.es\/blog\/?p=4962"},"modified":"2023-10-23T11:11:48","modified_gmt":"2023-10-23T09:11:48","slug":"prestacion-por-maternidad","status":"publish","type":"post","link":"https:\/\/www.reclamador.es\/blog\/prestacion-por-maternidad\/","title":{"rendered":"Prestaci\u00f3n por maternidad (Nacimiento y cuidado de menor): \u00bfc\u00f3mo se solicita?"},"content":{"rendered":"<div class=\"ttr_start\"><\/div>\n\n<div class=\"kk-star-ratings kksr-auto kksr-align-right kksr-valign-top\"\n    data-payload='{&quot;align&quot;:&quot;right&quot;,&quot;id&quot;:&quot;4962&quot;,&quot;slug&quot;:&quot;default&quot;,&quot;valign&quot;:&quot;top&quot;,&quot;ignore&quot;:&quot;&quot;,&quot;reference&quot;:&quot;auto&quot;,&quot;class&quot;:&quot;&quot;,&quot;count&quot;:&quot;4&quot;,&quot;legendonly&quot;:&quot;&quot;,&quot;readonly&quot;:&quot;&quot;,&quot;score&quot;:&quot;4&quot;,&quot;starsonly&quot;:&quot;&quot;,&quot;best&quot;:&quot;5&quot;,&quot;gap&quot;:&quot;3&quot;,&quot;greet&quot;:&quot;Valora este art\u00edculo&quot;,&quot;legend&quot;:&quot;4\\\/5 - (4 votos)&quot;,&quot;size&quot;:&quot;20&quot;,&quot;title&quot;:&quot;Prestaci\u00f3n por maternidad (Nacimiento y cuidado de menor): \u00bfc\u00f3mo se solicita?&quot;,&quot;width&quot;:&quot;90.5&quot;,&quot;_legend&quot;:&quot;{score}\\\/{best} - ({count} {votes})&quot;,&quot;font_factor&quot;:&quot;1.25&quot;}'>\n            \n<div class=\"kksr-stars\">\n    \n<div class=\"kksr-stars-inactive\">\n            <div class=\"kksr-star\" data-star=\"1\" style=\"padding-right: 3px\">\n            \n\n<div class=\"kksr-icon\" style=\"width: 20px; height: 20px;\"><\/div>\n        <\/div>\n            <div class=\"kksr-star\" data-star=\"2\" style=\"padding-right: 3px\">\n            \n\n<div class=\"kksr-icon\" style=\"width: 20px; height: 20px;\"><\/div>\n        <\/div>\n            <div class=\"kksr-star\" data-star=\"3\" style=\"padding-right: 3px\">\n            \n\n<div class=\"kksr-icon\" style=\"width: 20px; height: 20px;\"><\/div>\n        <\/div>\n            <div class=\"kksr-star\" data-star=\"4\" style=\"padding-right: 3px\">\n            \n\n<div class=\"kksr-icon\" style=\"width: 20px; height: 20px;\"><\/div>\n        <\/div>\n            <div class=\"kksr-star\" data-star=\"5\" style=\"padding-right: 3px\">\n            \n\n<div class=\"kksr-icon\" style=\"width: 20px; height: 20px;\"><\/div>\n        <\/div>\n    <\/div>\n    \n<div class=\"kksr-stars-active\" style=\"width: 90.5px;\">\n            <div class=\"kksr-star\" style=\"padding-right: 3px\">\n            \n\n<div class=\"kksr-icon\" style=\"width: 20px; height: 20px;\"><\/div>\n        <\/div>\n            <div class=\"kksr-star\" style=\"padding-right: 3px\">\n            \n\n<div class=\"kksr-icon\" style=\"width: 20px; height: 20px;\"><\/div>\n        <\/div>\n            <div class=\"kksr-star\" style=\"padding-right: 3px\">\n            \n\n<div class=\"kksr-icon\" style=\"width: 20px; height: 20px;\"><\/div>\n        <\/div>\n            <div class=\"kksr-star\" style=\"padding-right: 3px\">\n            \n\n<div class=\"kksr-icon\" style=\"width: 20px; height: 20px;\"><\/div>\n        <\/div>\n            <div class=\"kksr-star\" style=\"padding-right: 3px\">\n            \n\n<div class=\"kksr-icon\" style=\"width: 20px; height: 20px;\"><\/div>\n        <\/div>\n    <\/div>\n<\/div>\n                \n\n<div class=\"kksr-legend\" style=\"font-size: 16px;\">\n            4\/5 - (4 votos)    <\/div>\n    <\/div>\n<figure id=\"attachment_6457\" aria-describedby=\"caption-attachment-6457\" style=\"width: 1200px\" class=\"wp-caption alignnone\"><img data-recalc-dims=\"1\" loading=\"lazy\" decoding=\"async\" class=\"size-full wp-image-6457\" src=\"https:\/\/i0.wp.com\/www.reclamador.es\/blog\/wp-content\/uploads\/2016\/10\/andrew-branch-191921.jpg?resize=1200%2C800&#038;ssl=1\" alt=\"\" width=\"1200\" height=\"800\" srcset=\"https:\/\/i0.wp.com\/www.reclamador.es\/blog\/wp-content\/uploads\/2016\/10\/andrew-branch-191921.jpg?w=1200&amp;ssl=1 1200w, https:\/\/i0.wp.com\/www.reclamador.es\/blog\/wp-content\/uploads\/2016\/10\/andrew-branch-191921.jpg?resize=300%2C200&amp;ssl=1 300w, https:\/\/i0.wp.com\/www.reclamador.es\/blog\/wp-content\/uploads\/2016\/10\/andrew-branch-191921.jpg?resize=768%2C512&amp;ssl=1 768w\" sizes=\"auto, (max-width: 1000px) 100vw, 1000px\" \/><figcaption id=\"caption-attachment-6457\" class=\"wp-caption-text\"><em>Descubre c\u00f3mo solicitar la prestaci\u00f3n por maternidad (Prestaci\u00f3n por nacimiento y cuidado de menor)<\/em><\/figcaption><\/figure>\n<p><span style=\"font-weight: 400;\">Si has llegado hasta este post de nuestro blog, posiblemente sea porque est\u00e1s cobrando la prestaci\u00f3n por maternidad o est\u00e1s buscando informaci\u00f3n para cobrarla en las pr\u00f3ximas semanas o meses. Incluso, es posible que tengas dudas sobre si tienes derecho a cobrar la prestaci\u00f3n por maternidad si est\u00e1s en el paro. Pues bien, en reclamador.es vamos a explicar <strong>en qu\u00e9 consiste la prestaci\u00f3n por maternidad<\/strong>. Tambi\u00e9n cu\u00e1ndo se percibe y por cu\u00e1nto tiempo, sin olvidarnos de explicar c\u00f3mo se debe solicitar.<\/span><\/p>\n<p>Es importante que sepas que, desde el 01 de abril de 2019, las prestaciones por maternidad \u00a0y paternidad se unifican\u00a0 en una \u00fanica <strong>prestaci\u00f3n denominada \"NACIMIENTO Y CUIDADO DE MENOR\" y escuchar\u00e1s o leer\u00e1s este nombre en lugar de \"prestaci\u00f3n por maternidad\".<\/strong><\/p>\n<h2><strong>\u00bfQu\u00e9 es la prestaci\u00f3n por maternidad?<\/strong><\/h2>\n<p><span style=\"font-weight: 400;\">Como dec\u00edamos, lo primero que se debe ahora saber es que ha pasado a llamarse Prestaci\u00f3n por nacimiento y cuidado del menor.\u00a0<\/span><\/p>\n<p><span style=\"font-weight: 400;\">La perciben los trabajadores, por cuenta propia o ajena, cualquiera que sea su sexo siempre que acrediten estar afiliados y en alta o en situaci\u00f3n asimilada en alg\u00fan r\u00e9gimen del sistema de la Seguridad Social y cuenten con los periodos m\u00ednimos de cotizaci\u00f3n exigibles en cada caso. En la <a href=\"https:\/\/www.seg-social.es\/wps\/portal\/wss\/internet\/Trabajadores\/PrestacionesPensionesTrabajadores\/6b96a085-4dc0-47af-b2cb-97e00716791e\" target=\"_blank\" rel=\"noopener noreferrer\">p\u00e1gina web oficial del Ministerio de Seguridad Social<\/a>, se cita que: <em>\"tambi\u00e9n\u00a0ser\u00e1n beneficiarias del subsidio por nacimiento las trabajadoras por cuenta ajena o propia que,\u00a0en caso de parto, re\u00fanan todos los requisitos establecidos para acceder a la prestaci\u00f3n por nacimiento y cuidado de menor, salvo el per\u00edodo m\u00ednimo de cotizaci\u00f3n\".<\/em><\/span><\/p>\n<h2><span style=\"font-weight: 400;\"><strong>Los principales requisitos para recibir la prestaci\u00f3n por maternidad o la conocida ya como \"prestaci\u00f3n por nacimiento y cuidado del menor\"<\/strong><\/span><\/h2>\n<ol style=\"list-style-type: lower-alpha;\">\n<li><span style=\"font-weight: 400;\">Estar dado de alta en la Seguridad Social, o en situaci\u00f3n asimilada al alta<\/span><\/li>\n<li><span style=\"font-weight: 400;\">Otro requisito es estar al corriente en el pago de las cuotas, de las que sean responsables directos los trabajadores que soliciten la prestaci\u00f3n.<\/span><\/li>\n<li>En funci\u00f3n de la edad, hay que tener cubierto un cierto periodo de cotizaci\u00f3n. As\u00ed, se desglosa de la siguiente manera:<\/li>\n<\/ol>\n<h3><strong>Menores de 21 a\u00f1os: cobro de la prestaci\u00f3n por nacimiento y cuidado del menor<\/strong><\/h3>\n<p><span style=\"font-weight: 400;\">Los menores de 21 a\u00f1os que quieran percibir la prestaci\u00f3n por maternidad o paternidad -unificada ahora en la prestaci\u00f3n por nacimiento y cuidado del menor no les ser\u00e1 exigible un periodo m\u00ednimo de cotizaci\u00f3n para cobrar las cantidades que correspondan.<\/span><\/p>\n<h3><strong>Cumplidos 21 a\u00f1os de edad y son menores de 26<\/strong><strong>\u00a0<\/strong>en la fecha del parto o en la fecha de la decisi\u00f3n administrativa o judicial de acogimiento o de la resoluci\u00f3n\u00a0judicial por la que se constituye la adopci\u00f3n<\/h3>\n<p>Aqu\u00ed, los requisitos para estas personas trabajadoras ser\u00e1n, bien tener cotizados 90 d\u00edas dentro de los 7 a\u00f1os inmediatamente anteriores al momento del inicio del descanso o, alternativamente, contar con 180 d\u00edas cotizados a lo largo de su vida laboral con anterioridad a dicha fecha.<\/p>\n<h3><strong>Cumplidos los 26 a\u00f1os<br \/>\n<\/strong><\/h3>\n<p>El requisito de d\u00edas cotizados queda de la siguiente manera para aquellos que quieran percibir la prestaci\u00f3n:<\/p>\n<p>Disponer de un m\u00ednimo de 180 d\u00edas cotizados dentro de los 7 a\u00f1os inmediatamente anteriores al momento del inicio del descanso o, alternativamente, tener 360 d\u00edas cotizados a lo largo de su vida laboral con anterioridad a dicha fecha.<\/p>\n<h2><strong>\u00bfCu\u00e1nto se cobra por nacimiento y cuidado de menor?<\/strong><\/h2>\n<p><span style=\"font-weight: 400;\">En cuanto a la cantidad a percibir como prestaci\u00f3n por maternidad, el trabajador que tenga derecho a este subsidio percibir\u00e1 el 100% de su base reguladora<\/span><\/p>\n<h2><b>C\u00f3mo se solicita la prestaci\u00f3n\u00a0<\/b><b><br \/>\n<\/b><\/h2>\n<p><span style=\"font-weight: 400;\">El trabajador debe solicitar su prestaci\u00f3n por maternidad (ahora conocida como por nacimiento y cuidado de menor) en la oficina de la Seguridad Social que corresponda. Para hacerlo, es necesario presentar el DNI, junto con el certificado de empresa sobre la situaci\u00f3n laboral, el justificante de cotizaci\u00f3n, libro de familia y el informe de maternidad expedido por el Sistema P\u00fablico de Salud.<\/span><span style=\"font-weight: 400;\"><br \/>\n<\/span><span style=\"font-weight: 400;\"><br \/>\n<\/span><span style=\"font-weight: 400;\">Una vez aceptada la solicitud, el Instituto Nacional de la Seguridad Social abonar\u00e1 a mes vencido la prestaci\u00f3n en la cuenta bancaria del beneficiario.<\/span><\/p>\n<h2><b>Casos de prestaci\u00f3n por maternidad<\/b><\/h2>\n<p><span style=\"font-weight: 400;\">Si un trabajador o trabajadora que est\u00e1 de baja por maternidad es despedido de su empresa, <\/span><span style=\"font-weight: 400;\">su <a href=\"https:\/\/www.reclamador.es\/blog\/me-pueden-despedir-estando-de-baja\/\">despido se considerar\u00eda nulo<\/a>. Adem\u00e1s,\u00a0<\/span><span style=\"font-weight: 400;\">recibir\u00e1 su prestaci\u00f3n hasta el final del periodo de descanso que le corresponder\u00eda. Cuando acabe esta situaci\u00f3n, pasar\u00e1 a considerarse administrativamente como desempleada.<\/span><span style=\"font-weight: 400;\"><br \/>\n<\/span><span style=\"font-weight: 400;\"><br \/>\n<\/span><span style=\"font-weight: 400;\">En cambio, una mujer sin empleo que se quede embarazada, podr\u00e1 pedir su prestaci\u00f3n por maternidad. En este caso, su subsidio por desempleo quedar\u00e1 en suspenso hasta que acabe su per\u00edodo de baja maternal.<\/span><span style=\"font-weight: 400;\"><br \/>\n<\/span><\/p>\n<div class=\"ttr_end\"><\/div>","protected":false},"excerpt":{"rendered":"<p>Si has llegado hasta este post de nuestro blog, posiblemente sea porque est\u00e1s cobrando la prestaci\u00f3n por maternidad o est\u00e1s buscando informaci\u00f3n para cobrarla en las pr\u00f3ximas semanas o meses. Incluso, es posible que tengas dudas sobre si tienes derecho a cobrar la prestaci\u00f3n por maternidad si est\u00e1s en el paro. Pues bien, en reclamador.es [&hellip;]<\/p>\n","protected":false},"author":1,"featured_media":6457,"comment_status":"open","ping_status":"open","sticky":false,"template":"","format":"standard","meta":{"_acf_changed":false,"_genesis_hide_title":false,"_genesis_hide_breadcrumbs":false,"_genesis_hide_singular_image":false,"_genesis_hide_footer_widgets":false,"_genesis_custom_body_class":"","_genesis_custom_post_class":"","_genesis_layout":"","_jetpack_newsletter_access":"","_jetpack_dont_email_post_to_subs":true,"_jetpack_newsletter_tier_id":0,"_jetpack_memberships_contains_paywalled_content":false,"_jetpack_memberships_contains_paid_content":false,"footnotes":""},"categories":[393],"tags":[266],"class_list":{"0":"post-4962","1":"post","2":"type-post","3":"status-publish","4":"format-standard","5":"has-post-thumbnail","7":"category-consejos","8":"tag-laboral","9":"entry"},"acf":[],"yoast_head":"<!-- This site is optimized with the Yoast SEO plugin v27.4 - https:\/\/yoast.com\/product\/yoast-seo-wordpress\/ -->\n<title>Solicitar prestaci\u00f3n por maternidad (Nacimiento y cuidado de menor)<\/title>\n<meta name=\"description\" content=\"\u00bfEst\u00e1s a punto de tener un beb\u00e9? Conoce los pasos para obtener la prestaci\u00f3n por maternidad, ahora denominada por nacimiento y cuidado de menor.\" \/>\n<meta name=\"robots\" content=\"index, follow, max-snippet:-1, max-image-preview:large, max-video-preview:-1\" \/>\n<link rel=\"canonical\" href=\"https:\/\/www.reclamador.es\/blog\/prestacion-por-maternidad\/\" \/>\n<meta property=\"og:locale\" content=\"es_ES\" \/>\n<meta property=\"og:type\" content=\"article\" \/>\n<meta property=\"og:title\" content=\"Solicitar prestaci\u00f3n por maternidad (Nacimiento y cuidado de menor)\" \/>\n<meta property=\"og:description\" content=\"\u00bfEst\u00e1s a punto de tener un beb\u00e9? Conoce los pasos para obtener la prestaci\u00f3n por maternidad, ahora denominada por nacimiento y cuidado de menor.\" \/>\n<meta property=\"og:url\" content=\"https:\/\/www.reclamador.es\/blog\/prestacion-por-maternidad\/\" \/>\n<meta property=\"og:site_name\" content=\"Rebeldes con causa, el blog de reclamador.es\" \/>\n<meta property=\"article:publisher\" content=\"https:\/\/www.facebook.com\/reclamador.es\" \/>\n<meta property=\"article:published_time\" content=\"2021-02-19T15:00:00+00:00\" \/>\n<meta property=\"article:modified_time\" content=\"2023-10-23T09:11:48+00:00\" \/>\n<meta property=\"og:image\" content=\"https:\/\/i0.wp.com\/www.reclamador.es\/blog\/wp-content\/uploads\/2016\/10\/andrew-branch-191921.jpg?fit=1200%2C800&ssl=1\" \/>\n\t<meta property=\"og:image:width\" content=\"1200\" \/>\n\t<meta property=\"og:image:height\" content=\"800\" \/>\n\t<meta property=\"og:image:type\" content=\"image\/jpeg\" \/>\n<meta name=\"author\" content=\"Equipo reclamador\" \/>\n<meta name=\"twitter:card\" content=\"summary_large_image\" \/>\n<meta name=\"twitter:creator\" content=\"@reclamador\" \/>\n<meta name=\"twitter:site\" content=\"@reclamador\" \/>\n<meta name=\"twitter:label1\" content=\"Escrito por\" \/>\n\t<meta name=\"twitter:data1\" content=\"Equipo reclamador\" \/>\n\t<meta name=\"twitter:label2\" content=\"Tiempo de lectura\" \/>\n\t<meta name=\"twitter:data2\" content=\"4 minutos\" \/>\n<script type=\"application\/ld+json\" class=\"yoast-schema-graph\">{\"@context\":\"https:\\\/\\\/schema.org\",\"@graph\":[{\"@type\":\"Article\",\"@id\":\"https:\\\/\\\/www.reclamador.es\\\/blog\\\/prestacion-por-maternidad\\\/#article\",\"isPartOf\":{\"@id\":\"https:\\\/\\\/www.reclamador.es\\\/blog\\\/prestacion-por-maternidad\\\/\"},\"author\":{\"name\":\"Equipo reclamador\",\"@id\":\"https:\\\/\\\/www.reclamador.es\\\/blog\\\/#\\\/schema\\\/person\\\/1ed83eef8b6566cb5e4c812d9bc5c4bf\"},\"headline\":\"Prestaci\u00f3n por maternidad (Nacimiento y cuidado de menor): \u00bfc\u00f3mo se solicita?\",\"datePublished\":\"2021-02-19T15:00:00+00:00\",\"dateModified\":\"2023-10-23T09:11:48+00:00\",\"mainEntityOfPage\":{\"@id\":\"https:\\\/\\\/www.reclamador.es\\\/blog\\\/prestacion-por-maternidad\\\/\"},\"wordCount\":841,\"commentCount\":6,\"publisher\":{\"@id\":\"https:\\\/\\\/www.reclamador.es\\\/blog\\\/#organization\"},\"image\":{\"@id\":\"https:\\\/\\\/www.reclamador.es\\\/blog\\\/prestacion-por-maternidad\\\/#primaryimage\"},\"thumbnailUrl\":\"https:\\\/\\\/i0.wp.com\\\/www.reclamador.es\\\/blog\\\/wp-content\\\/uploads\\\/2016\\\/10\\\/andrew-branch-191921.jpg?fit=1200%2C800&ssl=1\",\"keywords\":[\"laboral\"],\"articleSection\":[\"Consejos legales\"],\"inLanguage\":\"es\",\"potentialAction\":[{\"@type\":\"CommentAction\",\"name\":\"Comment\",\"target\":[\"https:\\\/\\\/www.reclamador.es\\\/blog\\\/prestacion-por-maternidad\\\/#respond\"]}]},{\"@type\":\"WebPage\",\"@id\":\"https:\\\/\\\/www.reclamador.es\\\/blog\\\/prestacion-por-maternidad\\\/\",\"url\":\"https:\\\/\\\/www.reclamador.es\\\/blog\\\/prestacion-por-maternidad\\\/\",\"name\":\"Solicitar prestaci\u00f3n por maternidad (Nacimiento y cuidado de menor)\",\"isPartOf\":{\"@id\":\"https:\\\/\\\/www.reclamador.es\\\/blog\\\/#website\"},\"primaryImageOfPage\":{\"@id\":\"https:\\\/\\\/www.reclamador.es\\\/blog\\\/prestacion-por-maternidad\\\/#primaryimage\"},\"image\":{\"@id\":\"https:\\\/\\\/www.reclamador.es\\\/blog\\\/prestacion-por-maternidad\\\/#primaryimage\"},\"thumbnailUrl\":\"https:\\\/\\\/i0.wp.com\\\/www.reclamador.es\\\/blog\\\/wp-content\\\/uploads\\\/2016\\\/10\\\/andrew-branch-191921.jpg?fit=1200%2C800&ssl=1\",\"datePublished\":\"2021-02-19T15:00:00+00:00\",\"dateModified\":\"2023-10-23T09:11:48+00:00\",\"description\":\"\u00bfEst\u00e1s a punto de tener un beb\u00e9? Conoce los pasos para obtener la prestaci\u00f3n por maternidad, ahora denominada por nacimiento y cuidado de menor.\",\"breadcrumb\":{\"@id\":\"https:\\\/\\\/www.reclamador.es\\\/blog\\\/prestacion-por-maternidad\\\/#breadcrumb\"},\"inLanguage\":\"es\",\"potentialAction\":[{\"@type\":\"ReadAction\",\"target\":[\"https:\\\/\\\/www.reclamador.es\\\/blog\\\/prestacion-por-maternidad\\\/\"]}]},{\"@type\":\"ImageObject\",\"inLanguage\":\"es\",\"@id\":\"https:\\\/\\\/www.reclamador.es\\\/blog\\\/prestacion-por-maternidad\\\/#primaryimage\",\"url\":\"https:\\\/\\\/i0.wp.com\\\/www.reclamador.es\\\/blog\\\/wp-content\\\/uploads\\\/2016\\\/10\\\/andrew-branch-191921.jpg?fit=1200%2C800&ssl=1\",\"contentUrl\":\"https:\\\/\\\/i0.wp.com\\\/www.reclamador.es\\\/blog\\\/wp-content\\\/uploads\\\/2016\\\/10\\\/andrew-branch-191921.jpg?fit=1200%2C800&ssl=1\",\"width\":1200,\"height\":800,\"caption\":\"Descubre c\u00f3mo solicitar la prestaci\u00f3n por maternidad.\"},{\"@type\":\"BreadcrumbList\",\"@id\":\"https:\\\/\\\/www.reclamador.es\\\/blog\\\/prestacion-por-maternidad\\\/#breadcrumb\",\"itemListElement\":[{\"@type\":\"ListItem\",\"position\":1,\"name\":\"Portada\",\"item\":\"https:\\\/\\\/www.reclamador.es\\\/blog\\\/\"},{\"@type\":\"ListItem\",\"position\":2,\"name\":\"Prestaci\u00f3n por maternidad (Nacimiento y cuidado de menor): \u00bfc\u00f3mo se solicita?\"}]},{\"@type\":\"WebSite\",\"@id\":\"https:\\\/\\\/www.reclamador.es\\\/blog\\\/#website\",\"url\":\"https:\\\/\\\/www.reclamador.es\\\/blog\\\/\",\"name\":\"Rebeldes con causa, el blog de reclamador.es\",\"description\":\"Noticias, entrevistas y consejos sobre reclamaciones\",\"publisher\":{\"@id\":\"https:\\\/\\\/www.reclamador.es\\\/blog\\\/#organization\"},\"potentialAction\":[{\"@type\":\"SearchAction\",\"target\":{\"@type\":\"EntryPoint\",\"urlTemplate\":\"https:\\\/\\\/www.reclamador.es\\\/blog\\\/?s={search_term_string}\"},\"query-input\":{\"@type\":\"PropertyValueSpecification\",\"valueRequired\":true,\"valueName\":\"search_term_string\"}}],\"inLanguage\":\"es\"},{\"@type\":\"Organization\",\"@id\":\"https:\\\/\\\/www.reclamador.es\\\/blog\\\/#organization\",\"name\":\"reclamador.es\",\"url\":\"https:\\\/\\\/www.reclamador.es\\\/blog\\\/\",\"logo\":{\"@type\":\"ImageObject\",\"inLanguage\":\"es\",\"@id\":\"https:\\\/\\\/www.reclamador.es\\\/blog\\\/#\\\/schema\\\/logo\\\/image\\\/\",\"url\":\"https:\\\/\\\/i0.wp.com\\\/www.reclamador.es\\\/blog\\\/wp-content\\\/uploads\\\/2020\\\/01\\\/logo-reclamador.png?fit=1200%2C144&ssl=1\",\"contentUrl\":\"https:\\\/\\\/i0.wp.com\\\/www.reclamador.es\\\/blog\\\/wp-content\\\/uploads\\\/2020\\\/01\\\/logo-reclamador.png?fit=1200%2C144&ssl=1\",\"width\":1200,\"height\":144,\"caption\":\"reclamador.es\"},\"image\":{\"@id\":\"https:\\\/\\\/www.reclamador.es\\\/blog\\\/#\\\/schema\\\/logo\\\/image\\\/\"},\"sameAs\":[\"https:\\\/\\\/www.facebook.com\\\/reclamador.es\",\"https:\\\/\\\/x.com\\\/reclamador\",\"https:\\\/\\\/www.instagram.com\\\/reclamador.es\\\/\",\"https:\\\/\\\/www.linkedin.com\\\/company\\\/reclamador-es\",\"https:\\\/\\\/www.youtube.com\\\/user\\\/Reclamadores\"]},{\"@type\":\"Person\",\"@id\":\"https:\\\/\\\/www.reclamador.es\\\/blog\\\/#\\\/schema\\\/person\\\/1ed83eef8b6566cb5e4c812d9bc5c4bf\",\"name\":\"Equipo reclamador\",\"image\":{\"@type\":\"ImageObject\",\"inLanguage\":\"es\",\"@id\":\"https:\\\/\\\/secure.gravatar.com\\\/avatar\\\/6442ecdc2c4472c600c113f34d340feca47107d6aa4f42f1e3e75a2a8e28a760?s=96&d=mm&r=g\",\"url\":\"https:\\\/\\\/secure.gravatar.com\\\/avatar\\\/6442ecdc2c4472c600c113f34d340feca47107d6aa4f42f1e3e75a2a8e28a760?s=96&d=mm&r=g\",\"contentUrl\":\"https:\\\/\\\/secure.gravatar.com\\\/avatar\\\/6442ecdc2c4472c600c113f34d340feca47107d6aa4f42f1e3e75a2a8e28a760?s=96&d=mm&r=g\",\"caption\":\"Equipo reclamador\"},\"description\":\"Las personas que hacen posible reclamador.es\",\"url\":\"https:\\\/\\\/www.reclamador.es\\\/blog\\\/author\\\/administrador\\\/\"}]}<\/script>\n<!-- \/ Yoast SEO plugin. -->","yoast_head_json":{"title":"Solicitar prestaci\u00f3n por maternidad (Nacimiento y cuidado de menor)","description":"\u00bfEst\u00e1s a punto de tener un beb\u00e9? Conoce los pasos para obtener la prestaci\u00f3n por maternidad, ahora denominada por nacimiento y cuidado de menor.","robots":{"index":"index","follow":"follow","max-snippet":"max-snippet:-1","max-image-preview":"max-image-preview:large","max-video-preview":"max-video-preview:-1"},"canonical":"https:\/\/www.reclamador.es\/blog\/prestacion-por-maternidad\/","og_locale":"es_ES","og_type":"article","og_title":"Solicitar prestaci\u00f3n por maternidad (Nacimiento y cuidado de menor)","og_description":"\u00bfEst\u00e1s a punto de tener un beb\u00e9? Conoce los pasos para obtener la prestaci\u00f3n por maternidad, ahora denominada por nacimiento y cuidado de menor.","og_url":"https:\/\/www.reclamador.es\/blog\/prestacion-por-maternidad\/","og_site_name":"Rebeldes con causa, el blog de reclamador.es","article_publisher":"https:\/\/www.facebook.com\/reclamador.es","article_published_time":"2021-02-19T15:00:00+00:00","article_modified_time":"2023-10-23T09:11:48+00:00","og_image":[{"width":1200,"height":800,"url":"https:\/\/i0.wp.com\/www.reclamador.es\/blog\/wp-content\/uploads\/2016\/10\/andrew-branch-191921.jpg?fit=1200%2C800&ssl=1","type":"image\/jpeg"}],"author":"Equipo reclamador","twitter_card":"summary_large_image","twitter_creator":"@reclamador","twitter_site":"@reclamador","twitter_misc":{"Escrito por":"Equipo reclamador","Tiempo de lectura":"4 minutos"},"schema":{"@context":"https:\/\/schema.org","@graph":[{"@type":"Article","@id":"https:\/\/www.reclamador.es\/blog\/prestacion-por-maternidad\/#article","isPartOf":{"@id":"https:\/\/www.reclamador.es\/blog\/prestacion-por-maternidad\/"},"author":{"name":"Equipo reclamador","@id":"https:\/\/www.reclamador.es\/blog\/#\/schema\/person\/1ed83eef8b6566cb5e4c812d9bc5c4bf"},"headline":"Prestaci\u00f3n por maternidad (Nacimiento y cuidado de menor): \u00bfc\u00f3mo se solicita?","datePublished":"2021-02-19T15:00:00+00:00","dateModified":"2023-10-23T09:11:48+00:00","mainEntityOfPage":{"@id":"https:\/\/www.reclamador.es\/blog\/prestacion-por-maternidad\/"},"wordCount":841,"commentCount":6,"publisher":{"@id":"https:\/\/www.reclamador.es\/blog\/#organization"},"image":{"@id":"https:\/\/www.reclamador.es\/blog\/prestacion-por-maternidad\/#primaryimage"},"thumbnailUrl":"https:\/\/i0.wp.com\/www.reclamador.es\/blog\/wp-content\/uploads\/2016\/10\/andrew-branch-191921.jpg?fit=1200%2C800&ssl=1","keywords":["laboral"],"articleSection":["Consejos legales"],"inLanguage":"es","potentialAction":[{"@type":"CommentAction","name":"Comment","target":["https:\/\/www.reclamador.es\/blog\/prestacion-por-maternidad\/#respond"]}]},{"@type":"WebPage","@id":"https:\/\/www.reclamador.es\/blog\/prestacion-por-maternidad\/","url":"https:\/\/www.reclamador.es\/blog\/prestacion-por-maternidad\/","name":"Solicitar prestaci\u00f3n por maternidad (Nacimiento y cuidado de menor)","isPartOf":{"@id":"https:\/\/www.reclamador.es\/blog\/#website"},"primaryImageOfPage":{"@id":"https:\/\/www.reclamador.es\/blog\/prestacion-por-maternidad\/#primaryimage"},"image":{"@id":"https:\/\/www.reclamador.es\/blog\/prestacion-por-maternidad\/#primaryimage"},"thumbnailUrl":"https:\/\/i0.wp.com\/www.reclamador.es\/blog\/wp-content\/uploads\/2016\/10\/andrew-branch-191921.jpg?fit=1200%2C800&ssl=1","datePublished":"2021-02-19T15:00:00+00:00","dateModified":"2023-10-23T09:11:48+00:00","description":"\u00bfEst\u00e1s a punto de tener un beb\u00e9? Conoce los pasos para obtener la prestaci\u00f3n por maternidad, ahora denominada por nacimiento y cuidado de menor.","breadcrumb":{"@id":"https:\/\/www.reclamador.es\/blog\/prestacion-por-maternidad\/#breadcrumb"},"inLanguage":"es","potentialAction":[{"@type":"ReadAction","target":["https:\/\/www.reclamador.es\/blog\/prestacion-por-maternidad\/"]}]},{"@type":"ImageObject","inLanguage":"es","@id":"https:\/\/www.reclamador.es\/blog\/prestacion-por-maternidad\/#primaryimage","url":"https:\/\/i0.wp.com\/www.reclamador.es\/blog\/wp-content\/uploads\/2016\/10\/andrew-branch-191921.jpg?fit=1200%2C800&ssl=1","contentUrl":"https:\/\/i0.wp.com\/www.reclamador.es\/blog\/wp-content\/uploads\/2016\/10\/andrew-branch-191921.jpg?fit=1200%2C800&ssl=1","width":1200,"height":800,"caption":"Descubre c\u00f3mo solicitar la prestaci\u00f3n por maternidad."},{"@type":"BreadcrumbList","@id":"https:\/\/www.reclamador.es\/blog\/prestacion-por-maternidad\/#breadcrumb","itemListElement":[{"@type":"ListItem","position":1,"name":"Portada","item":"https:\/\/www.reclamador.es\/blog\/"},{"@type":"ListItem","position":2,"name":"Prestaci\u00f3n por maternidad (Nacimiento y cuidado de menor): \u00bfc\u00f3mo se solicita?"}]},{"@type":"WebSite","@id":"https:\/\/www.reclamador.es\/blog\/#website","url":"https:\/\/www.reclamador.es\/blog\/","name":"Rebeldes con causa, el blog de reclamador.es","description":"Noticias, entrevistas y consejos sobre reclamaciones","publisher":{"@id":"https:\/\/www.reclamador.es\/blog\/#organization"},"potentialAction":[{"@type":"SearchAction","target":{"@type":"EntryPoint","urlTemplate":"https:\/\/www.reclamador.es\/blog\/?s={search_term_string}"},"query-input":{"@type":"PropertyValueSpecification","valueRequired":true,"valueName":"search_term_string"}}],"inLanguage":"es"},{"@type":"Organization","@id":"https:\/\/www.reclamador.es\/blog\/#organization","name":"reclamador.es","url":"https:\/\/www.reclamador.es\/blog\/","logo":{"@type":"ImageObject","inLanguage":"es","@id":"https:\/\/www.reclamador.es\/blog\/#\/schema\/logo\/image\/","url":"https:\/\/i0.wp.com\/www.reclamador.es\/blog\/wp-content\/uploads\/2020\/01\/logo-reclamador.png?fit=1200%2C144&ssl=1","contentUrl":"https:\/\/i0.wp.com\/www.reclamador.es\/blog\/wp-content\/uploads\/2020\/01\/logo-reclamador.png?fit=1200%2C144&ssl=1","width":1200,"height":144,"caption":"reclamador.es"},"image":{"@id":"https:\/\/www.reclamador.es\/blog\/#\/schema\/logo\/image\/"},"sameAs":["https:\/\/www.facebook.com\/reclamador.es","https:\/\/x.com\/reclamador","https:\/\/www.instagram.com\/reclamador.es\/","https:\/\/www.linkedin.com\/company\/reclamador-es","https:\/\/www.youtube.com\/user\/Reclamadores"]},{"@type":"Person","@id":"https:\/\/www.reclamador.es\/blog\/#\/schema\/person\/1ed83eef8b6566cb5e4c812d9bc5c4bf","name":"Equipo reclamador","image":{"@type":"ImageObject","inLanguage":"es","@id":"https:\/\/secure.gravatar.com\/avatar\/6442ecdc2c4472c600c113f34d340feca47107d6aa4f42f1e3e75a2a8e28a760?s=96&d=mm&r=g","url":"https:\/\/secure.gravatar.com\/avatar\/6442ecdc2c4472c600c113f34d340feca47107d6aa4f42f1e3e75a2a8e28a760?s=96&d=mm&r=g","contentUrl":"https:\/\/secure.gravatar.com\/avatar\/6442ecdc2c4472c600c113f34d340feca47107d6aa4f42f1e3e75a2a8e28a760?s=96&d=mm&r=g","caption":"Equipo reclamador"},"description":"Las personas que hacen posible reclamador.es","url":"https:\/\/www.reclamador.es\/blog\/author\/administrador\/"}]}},"jetpack_featured_media_url":"https:\/\/i0.wp.com\/www.reclamador.es\/blog\/wp-content\/uploads\/2016\/10\/andrew-branch-191921.jpg?fit=1200%2C800&ssl=1","jetpack-related-posts":[{"id":5345,"url":"https:\/\/www.reclamador.es\/blog\/permiso-de-paternidad\/","url_meta":{"origin":4962,"position":0},"title":"El permiso de paternidad en 2022","author":"Equipo reclamador","date":"14 enero, 2022","format":false,"excerpt":"En la actualidad, tanto hombres como mujeres tienen derecho a una baja por paternidad \/ maternidad. En los \u00faltimos a\u00f1os se han ido ampliando las ayudas a familias y la posibilidad de disfrutar de un descanso por ambos progenitores para mejorar la conciliaci\u00f3n familiar. Antes de continuar, pese a que\u2026","rel":"","context":"En \u00abConsejos legales\u00bb","block_context":{"text":"Consejos legales","link":"https:\/\/www.reclamador.es\/blog\/consejos\/"},"img":{"alt_text":"","src":"https:\/\/i0.wp.com\/www.reclamador.es\/blog\/wp-content\/uploads\/2016\/12\/father.jpg?fit=1200%2C800&ssl=1&resize=350%2C200","width":350,"height":200,"srcset":"https:\/\/i0.wp.com\/www.reclamador.es\/blog\/wp-content\/uploads\/2016\/12\/father.jpg?fit=1200%2C800&ssl=1&resize=350%2C200 1x, https:\/\/i0.wp.com\/www.reclamador.es\/blog\/wp-content\/uploads\/2016\/12\/father.jpg?fit=1200%2C800&ssl=1&resize=525%2C300 1.5x, https:\/\/i0.wp.com\/www.reclamador.es\/blog\/wp-content\/uploads\/2016\/12\/father.jpg?fit=1200%2C800&ssl=1&resize=700%2C400 2x, https:\/\/i0.wp.com\/www.reclamador.es\/blog\/wp-content\/uploads\/2016\/12\/father.jpg?fit=1200%2C800&ssl=1&resize=1050%2C600 3x"},"classes":[]},{"id":16473,"url":"https:\/\/www.reclamador.es\/blog\/baja-laboral-depresion\/","url_meta":{"origin":4962,"position":1},"title":"Depresi\u00f3n postvacacional y baja laboral","author":"Equipo reclamador","date":"6 septiembre, 2019","format":false,"excerpt":"Lo bueno si breve, dos veces bueno. O, al menos, eso dice el refr\u00e1n. Sin embargo, este dicho popular no consuela a quienes se incorporan al trabajo despu\u00e9s de haber disfrutado del Puente de Diciembre en su totalidad. Y es que, al final de un periodo de descanso, los h\u00e1bitos\u2026","rel":"","context":"En \u00abConsejos legales\u00bb","block_context":{"text":"Consejos legales","link":"https:\/\/www.reclamador.es\/blog\/consejos\/"},"img":{"alt_text":"baja laboral trabajador","src":"https:\/\/i0.wp.com\/www.reclamador.es\/blog\/wp-content\/uploads\/2019\/09\/depresion-postvacacional-baja-laboral.jpg?fit=1200%2C624&ssl=1&resize=350%2C200","width":350,"height":200,"srcset":"https:\/\/i0.wp.com\/www.reclamador.es\/blog\/wp-content\/uploads\/2019\/09\/depresion-postvacacional-baja-laboral.jpg?fit=1200%2C624&ssl=1&resize=350%2C200 1x, https:\/\/i0.wp.com\/www.reclamador.es\/blog\/wp-content\/uploads\/2019\/09\/depresion-postvacacional-baja-laboral.jpg?fit=1200%2C624&ssl=1&resize=525%2C300 1.5x, https:\/\/i0.wp.com\/www.reclamador.es\/blog\/wp-content\/uploads\/2019\/09\/depresion-postvacacional-baja-laboral.jpg?fit=1200%2C624&ssl=1&resize=700%2C400 2x, https:\/\/i0.wp.com\/www.reclamador.es\/blog\/wp-content\/uploads\/2019\/09\/depresion-postvacacional-baja-laboral.jpg?fit=1200%2C624&ssl=1&resize=1050%2C600 3x"},"classes":[]},{"id":8937,"url":"https:\/\/www.reclamador.es\/blog\/baja-por-embarazo-de-riesgo\/","url_meta":{"origin":4962,"position":2},"title":"Baja por embarazo de riesgo, \u00bfqu\u00e9 te corresponde como prestaci\u00f3n?","author":"Equipo reclamador","date":"11 julio, 2017","format":false,"excerpt":"Si has sido madre y estabas trabajando sabr\u00e1s que tienes derecho a descansar durante 16 semanas a partir del parto. Tambi\u00e9n es importante conocer que tanto este derecho como todos los derivados de la maternidad se aplican cuando tienes un hijo de forma biol\u00f3gica, como cuando llevas a cabo una\u2026","rel":"","context":"En \u00abConsejos legales\u00bb","block_context":{"text":"Consejos legales","link":"https:\/\/www.reclamador.es\/blog\/consejos\/"},"img":{"alt_text":"guia Baja por embarazo de riesgo","src":"https:\/\/i0.wp.com\/www.reclamador.es\/blog\/wp-content\/uploads\/2017\/07\/art-3824668_1280.jpg?fit=1200%2C648&ssl=1&resize=350%2C200","width":350,"height":200,"srcset":"https:\/\/i0.wp.com\/www.reclamador.es\/blog\/wp-content\/uploads\/2017\/07\/art-3824668_1280.jpg?fit=1200%2C648&ssl=1&resize=350%2C200 1x, https:\/\/i0.wp.com\/www.reclamador.es\/blog\/wp-content\/uploads\/2017\/07\/art-3824668_1280.jpg?fit=1200%2C648&ssl=1&resize=525%2C300 1.5x, https:\/\/i0.wp.com\/www.reclamador.es\/blog\/wp-content\/uploads\/2017\/07\/art-3824668_1280.jpg?fit=1200%2C648&ssl=1&resize=700%2C400 2x, https:\/\/i0.wp.com\/www.reclamador.es\/blog\/wp-content\/uploads\/2017\/07\/art-3824668_1280.jpg?fit=1200%2C648&ssl=1&resize=1050%2C600 3x"},"classes":[]},{"id":4229,"url":"https:\/\/www.reclamador.es\/blog\/despido-nulo-causas-y-consecuencias\/","url_meta":{"origin":4962,"position":3},"title":"Despido Nulo \u00a1Causas y Consecuencias!","author":"Equipo reclamador","date":"1 junio, 2016","format":false,"excerpt":"Cuando se produce el despido de un empleado, dicho despido puede ser calificado de procedente, si la decisi\u00f3n se ha tomado por causas correctamente justificadas; de improcedente, si no se han cumplido los requisitos formales o no est\u00e1 adecuadamente argumentado; o despido nulo. En este post, nos vamos a centrar\u2026","rel":"","context":"En \u00abConsejos legales\u00bb","block_context":{"text":"Consejos legales","link":"https:\/\/www.reclamador.es\/blog\/consejos\/"},"img":{"alt_text":"despido nulo","src":"https:\/\/i0.wp.com\/www.reclamador.es\/blog\/wp-content\/uploads\/2016\/06\/guia-despido-nulo-reclamador.jpg?fit=1200%2C630&ssl=1&resize=350%2C200","width":350,"height":200,"srcset":"https:\/\/i0.wp.com\/www.reclamador.es\/blog\/wp-content\/uploads\/2016\/06\/guia-despido-nulo-reclamador.jpg?fit=1200%2C630&ssl=1&resize=350%2C200 1x, https:\/\/i0.wp.com\/www.reclamador.es\/blog\/wp-content\/uploads\/2016\/06\/guia-despido-nulo-reclamador.jpg?fit=1200%2C630&ssl=1&resize=525%2C300 1.5x, https:\/\/i0.wp.com\/www.reclamador.es\/blog\/wp-content\/uploads\/2016\/06\/guia-despido-nulo-reclamador.jpg?fit=1200%2C630&ssl=1&resize=700%2C400 2x, https:\/\/i0.wp.com\/www.reclamador.es\/blog\/wp-content\/uploads\/2016\/06\/guia-despido-nulo-reclamador.jpg?fit=1200%2C630&ssl=1&resize=1050%2C600 3x"},"classes":[]},{"id":21807,"url":"https:\/\/www.reclamador.es\/blog\/trabajar-y-cobrar-el-paro\/","url_meta":{"origin":4962,"position":4},"title":"\u00bfPuedo trabajar y estar cobrando el paro?","author":"Equipo reclamador","date":"7 mayo, 2019","format":false,"excerpt":"La prestaci\u00f3n y el subsidio por desempleo son dos medidas que tiene el Estado para paliar que una persona se encuentre en situaci\u00f3n de no estar trabajando, y por tanto, con una falta de ingresos m\u00ednimos para poder vivir. No todas las personas que no est\u00e1n trabajando tienen derecho a\u2026","rel":"","context":"En \u00abConsejos legales\u00bb","block_context":{"text":"Consejos legales","link":"https:\/\/www.reclamador.es\/blog\/consejos\/"},"img":{"alt_text":"Trabajar y cobrar el paro","src":"https:\/\/i0.wp.com\/www.reclamador.es\/blog\/wp-content\/uploads\/2019\/05\/trabajar-y-cobrar-el-paro.jpg?fit=1200%2C630&ssl=1&resize=350%2C200","width":350,"height":200,"srcset":"https:\/\/i0.wp.com\/www.reclamador.es\/blog\/wp-content\/uploads\/2019\/05\/trabajar-y-cobrar-el-paro.jpg?fit=1200%2C630&ssl=1&resize=350%2C200 1x, https:\/\/i0.wp.com\/www.reclamador.es\/blog\/wp-content\/uploads\/2019\/05\/trabajar-y-cobrar-el-paro.jpg?fit=1200%2C630&ssl=1&resize=525%2C300 1.5x, https:\/\/i0.wp.com\/www.reclamador.es\/blog\/wp-content\/uploads\/2019\/05\/trabajar-y-cobrar-el-paro.jpg?fit=1200%2C630&ssl=1&resize=700%2C400 2x, https:\/\/i0.wp.com\/www.reclamador.es\/blog\/wp-content\/uploads\/2019\/05\/trabajar-y-cobrar-el-paro.jpg?fit=1200%2C630&ssl=1&resize=1050%2C600 3x"},"classes":[]},{"id":29970,"url":"https:\/\/www.reclamador.es\/blog\/trabajar-durante-la-baja-de-paternidad\/","url_meta":{"origin":4962,"position":5},"title":"\u00bfSe puede trabajar durante la baja de paternidad?","author":"Equipo reclamador","date":"2 agosto, 2022","format":false,"excerpt":"Sin entrar en los motivos que pueden llevar a pensar \u00bfse puede trabajar durante la baja de paternidad? en reclamador.es vamos a abordar este tema desde el punto de vista legal.\u00a0 Mientras el trabajador se encuentre de baja por paternidad, cobrando la correspondiente prestaci\u00f3n, no puede trabajar. Es decir, a\u2026","rel":"","context":"En \u00abConsejos legales\u00bb","block_context":{"text":"Consejos legales","link":"https:\/\/www.reclamador.es\/blog\/consejos\/"},"img":{"alt_text":"consultas legales - trabajar durante la baja de paternidad","src":"https:\/\/i0.wp.com\/www.reclamador.es\/blog\/wp-content\/uploads\/2022\/08\/trabajar-durante-la-baja-de-paternidad.jpg?fit=1199%2C689&ssl=1&resize=350%2C200","width":350,"height":200,"srcset":"https:\/\/i0.wp.com\/www.reclamador.es\/blog\/wp-content\/uploads\/2022\/08\/trabajar-durante-la-baja-de-paternidad.jpg?fit=1199%2C689&ssl=1&resize=350%2C200 1x, https:\/\/i0.wp.com\/www.reclamador.es\/blog\/wp-content\/uploads\/2022\/08\/trabajar-durante-la-baja-de-paternidad.jpg?fit=1199%2C689&ssl=1&resize=525%2C300 1.5x, https:\/\/i0.wp.com\/www.reclamador.es\/blog\/wp-content\/uploads\/2022\/08\/trabajar-durante-la-baja-de-paternidad.jpg?fit=1199%2C689&ssl=1&resize=700%2C400 2x, https:\/\/i0.wp.com\/www.reclamador.es\/blog\/wp-content\/uploads\/2022\/08\/trabajar-durante-la-baja-de-paternidad.jpg?fit=1199%2C689&ssl=1&resize=1050%2C600 3x"},"classes":[]}],"jetpack_sharing_enabled":true,"_links":{"self":[{"href":"https:\/\/www.reclamador.es\/blog\/wp-json\/wp\/v2\/posts\/4962","targetHints":{"allow":["GET"]}}],"collection":[{"href":"https:\/\/www.reclamador.es\/blog\/wp-json\/wp\/v2\/posts"}],"about":[{"href":"https:\/\/www.reclamador.es\/blog\/wp-json\/wp\/v2\/types\/post"}],"author":[{"embeddable":true,"href":"https:\/\/www.reclamador.es\/blog\/wp-json\/wp\/v2\/users\/1"}],"replies":[{"embeddable":true,"href":"https:\/\/www.reclamador.es\/blog\/wp-json\/wp\/v2\/comments?post=4962"}],"version-history":[{"count":18,"href":"https:\/\/www.reclamador.es\/blog\/wp-json\/wp\/v2\/posts\/4962\/revisions"}],"predecessor-version":[{"id":31617,"href":"https:\/\/www.reclamador.es\/blog\/wp-json\/wp\/v2\/posts\/4962\/revisions\/31617"}],"wp:featuredmedia":[{"embeddable":true,"href":"https:\/\/www.reclamador.es\/blog\/wp-json\/wp\/v2\/media\/6457"}],"wp:attachment":[{"href":"https:\/\/www.reclamador.es\/blog\/wp-json\/wp\/v2\/media?parent=4962"}],"wp:term":[{"taxonomy":"category","embeddable":true,"href":"https:\/\/www.reclamador.es\/blog\/wp-json\/wp\/v2\/categories?post=4962"},{"taxonomy":"post_tag","embeddable":true,"href":"https:\/\/www.reclamador.es\/blog\/wp-json\/wp\/v2\/tags?post=4962"}],"curies":[{"name":"wp","href":"https:\/\/api.w.org\/{rel}","templated":true}]}}