{"id":4568,"date":"2020-11-21T11:20:00","date_gmt":"2020-11-21T10:20:00","guid":{"rendered":"https:\/\/www.reclamador.es\/blog\/?p=4568"},"modified":"2024-05-16T13:08:03","modified_gmt":"2024-05-16T11:08:03","slug":"capitalizar-el-paro","status":"publish","type":"post","link":"https:\/\/www.reclamador.es\/blog\/capitalizar-el-paro\/","title":{"rendered":"\u00bfEst\u00e1s pensando en emprender? Te contamos todo sobre la capitalizaci\u00f3n del paro"},"content":{"rendered":"<div class=\"ttr_start\"><\/div>\n\n<div class=\"kk-star-ratings kksr-auto kksr-align-right kksr-valign-top\"\n    data-payload='{&quot;align&quot;:&quot;right&quot;,&quot;id&quot;:&quot;4568&quot;,&quot;slug&quot;:&quot;default&quot;,&quot;valign&quot;:&quot;top&quot;,&quot;ignore&quot;:&quot;&quot;,&quot;reference&quot;:&quot;auto&quot;,&quot;class&quot;:&quot;&quot;,&quot;count&quot;:&quot;9&quot;,&quot;legendonly&quot;:&quot;&quot;,&quot;readonly&quot;:&quot;&quot;,&quot;score&quot;:&quot;4.6&quot;,&quot;starsonly&quot;:&quot;&quot;,&quot;best&quot;:&quot;5&quot;,&quot;gap&quot;:&quot;3&quot;,&quot;greet&quot;:&quot;Valora este art\u00edculo&quot;,&quot;legend&quot;:&quot;4.6\\\/5 - (9 votos)&quot;,&quot;size&quot;:&quot;20&quot;,&quot;title&quot;:&quot;\u00bfEst\u00e1s pensando en emprender? Te contamos todo sobre la capitalizaci\u00f3n del paro&quot;,&quot;width&quot;:&quot;104.3&quot;,&quot;_legend&quot;:&quot;{score}\\\/{best} - ({count} {votes})&quot;,&quot;font_factor&quot;:&quot;1.25&quot;}'>\n            \n<div class=\"kksr-stars\">\n    \n<div class=\"kksr-stars-inactive\">\n            <div class=\"kksr-star\" data-star=\"1\" style=\"padding-right: 3px\">\n            \n\n<div class=\"kksr-icon\" style=\"width: 20px; height: 20px;\"><\/div>\n        <\/div>\n            <div class=\"kksr-star\" data-star=\"2\" style=\"padding-right: 3px\">\n            \n\n<div class=\"kksr-icon\" style=\"width: 20px; height: 20px;\"><\/div>\n        <\/div>\n            <div class=\"kksr-star\" data-star=\"3\" style=\"padding-right: 3px\">\n            \n\n<div class=\"kksr-icon\" style=\"width: 20px; height: 20px;\"><\/div>\n        <\/div>\n            <div class=\"kksr-star\" data-star=\"4\" style=\"padding-right: 3px\">\n            \n\n<div class=\"kksr-icon\" style=\"width: 20px; height: 20px;\"><\/div>\n        <\/div>\n            <div class=\"kksr-star\" data-star=\"5\" style=\"padding-right: 3px\">\n            \n\n<div class=\"kksr-icon\" style=\"width: 20px; height: 20px;\"><\/div>\n        <\/div>\n    <\/div>\n    \n<div class=\"kksr-stars-active\" style=\"width: 104.3px;\">\n            <div class=\"kksr-star\" style=\"padding-right: 3px\">\n            \n\n<div class=\"kksr-icon\" style=\"width: 20px; height: 20px;\"><\/div>\n        <\/div>\n            <div class=\"kksr-star\" style=\"padding-right: 3px\">\n            \n\n<div class=\"kksr-icon\" style=\"width: 20px; height: 20px;\"><\/div>\n        <\/div>\n            <div class=\"kksr-star\" style=\"padding-right: 3px\">\n            \n\n<div class=\"kksr-icon\" style=\"width: 20px; height: 20px;\"><\/div>\n        <\/div>\n            <div class=\"kksr-star\" style=\"padding-right: 3px\">\n            \n\n<div class=\"kksr-icon\" style=\"width: 20px; height: 20px;\"><\/div>\n        <\/div>\n            <div class=\"kksr-star\" style=\"padding-right: 3px\">\n            \n\n<div class=\"kksr-icon\" style=\"width: 20px; height: 20px;\"><\/div>\n        <\/div>\n    <\/div>\n<\/div>\n                \n\n<div class=\"kksr-legend\" style=\"font-size: 16px;\">\n            4.6\/5 - (9 votos)    <\/div>\n    <\/div>\n<figure id=\"attachment_27882\" aria-describedby=\"caption-attachment-27882\" style=\"width: 1280px\" class=\"wp-caption aligncenter\"><img data-recalc-dims=\"1\" loading=\"lazy\" decoding=\"async\" class=\"wp-image-27882 size-full\" src=\"https:\/\/i0.wp.com\/www.reclamador.es\/blog\/wp-content\/uploads\/2018\/09\/capitalizar-paro.jpg?resize=1280%2C853&#038;ssl=1\" alt=\"Capitalizar el paro: \u00bfc\u00f3mo se puede realizar? \u00bfQu\u00e9 requisitos hay que cumplir? \u00bfY las obligaciones?\" width=\"1280\" height=\"853\" srcset=\"https:\/\/i0.wp.com\/www.reclamador.es\/blog\/wp-content\/uploads\/2018\/09\/capitalizar-paro.jpg?w=1280&amp;ssl=1 1280w, https:\/\/i0.wp.com\/www.reclamador.es\/blog\/wp-content\/uploads\/2018\/09\/capitalizar-paro.jpg?resize=800%2C533&amp;ssl=1 800w, https:\/\/i0.wp.com\/www.reclamador.es\/blog\/wp-content\/uploads\/2018\/09\/capitalizar-paro.jpg?resize=150%2C100&amp;ssl=1 150w, https:\/\/i0.wp.com\/www.reclamador.es\/blog\/wp-content\/uploads\/2018\/09\/capitalizar-paro.jpg?resize=768%2C512&amp;ssl=1 768w\" sizes=\"auto, (max-width: 1000px) 100vw, 1000px\" \/><figcaption id=\"caption-attachment-27882\" class=\"wp-caption-text\"><em>Capitalizar el paro: \u00bfC\u00f3mo\u00a0se realiza? \u00bfQu\u00e9 requisitos hay que cumplir? \u00bfY las obligaciones?<\/em><\/figcaption><\/figure>\n<p><span style=\"font-weight: 400;\">Durante el a\u00f1o 2017, 90.000 personas solicitaron la capitalizaci\u00f3n del paro, seg\u00fan el Ministerio de Empleo. \u00bfQu\u00e9 es o en qu\u00e9 consiste la capitalizaci\u00f3n? Supongamos que te has quedado en paro y quieres <a href=\"https:\/\/www.sepe.es\/HomeSepe\/autonomos\/prestaciones-para-emprendedores-y-autonomos\/capitaliza-tu-prestacion.html\">montar tu propia empresa<\/a> pero no tienes la financiaci\u00f3n necesaria para hacerlo. Si tienes derecho a <a href=\"https:\/\/www.reclamador.es\/blog\/prestacion-por-desempleo\/\">prestaci\u00f3n por desempleo<\/a> (lo que com\u00fanmente denominamos \u201cel paro\u201d), <strong>la Administraci\u00f3n ha dispuesto una medida para que puedas tener m\u00e1s oportunidades como emprendedor<\/strong>. Es lo que se llama \u201ccapitalizaci\u00f3n del paro\u201d, com\u00fanmente conocido como <strong>\"cobrar el paro de golpe\"<\/strong>.\u00a0<\/span><\/p>\n<ol class=\"boxed\">\n<li><a href=\"#que\">\u00bfQu\u00e9 es la capitalizaci\u00f3n del paro?<\/a><\/li>\n<li><a href=\"#para\">\u00bfPara qu\u00e9 solicitar la capitalizaci\u00f3n del paro?<br \/><\/a><\/li>\n<li><a href=\"#requisitos\">Requisitos para solicitar la capitalizaci\u00f3n del paro<\/a><\/li>\n<li><a href=\"#como\">C\u00f3mo solicitar la capitalizaci\u00f3n de la prestaci\u00f3n por desempleo<\/a><\/li>\n<li><a href=\"#documentacion\">Documentaci\u00f3n necesaria para solicitar la capitalizaci\u00f3n del paro<\/a><\/li>\n<li><a href=\"#obligaciones\">\u00bfQu\u00e9 obligaciones se desprenden de la obtenci\u00f3n de esta capitalizaci\u00f3n?<\/a><\/li>\n<\/ol>\n<h2 id=\"que\"><strong>\u00bfA qu\u00e9 se llama capitalizar el paro?<\/strong><\/h2>\n<p><span style=\"font-weight: 400;\">Seg\u00fan la propia web del Servicio P\u00fablico de Empleo Estatal (SEPE), esta medida tiene como finalidad <\/span><i><span style=\"font-weight: 400;\">\u201cfomentar y facilitar iniciativas de empleo aut\u00f3nomo entre personas que est\u00e9n percibiendo la prestaci\u00f3n por desempleo de nivel contributivo\u201d<\/span><\/i><span style=\"font-weight: 400;\">. <\/span><\/p>\n<p><span style=\"font-weight: 400;\">Consiste en el <strong>abono total o parcial de la cantidad que el ciudadano tiene derecho a cobrar<\/strong> por la prestaci\u00f3n por desempleo. De aqu\u00ed que coloquialmente se conozca como \"cobrar el paro de golpe\".\u00a0<\/span><\/p>\n<h6 style=\"text-align: center;\"><strong><a href=\"https:\/\/www.reclamador.es\/blog\/como-calcular-paro\/\">\u00bfC\u00f3mo se calcula el paro?<\/a><\/strong><\/h6>\n<h2 id=\"para\"><strong>\u00bfPara qu\u00e9 solicitar la capitalizaci\u00f3n del paro?<\/strong><\/h2>\n<p><span style=\"font-weight: 400;\">Esta cantidad puede solicitarse para tres fines fundamentales:<\/span><\/p>\n<ul>\n<li style=\"font-weight: 400;\"><b>Si te vas a incorporar a una cooperativa o sociedad laboral ya constituida como socio trabajador<\/b><span style=\"font-weight: 400;\">. Tiene que ser de una forma estable y no importa que hayas tenido un contrato previo con la misma.<\/span><\/li>\n<li style=\"font-weight: 400;\"><span style=\"font-weight: 400;\">Puedes solicitarla tambi\u00e9n si vas a <\/span><b>destinar el dinero al capital social de una entidad mercantil que no haya sido creada hace m\u00e1s de doce meses<\/b><span style=\"font-weight: 400;\">. Es importante tener en cuenta que adem\u00e1s, tienes que poseer el control efectivo de la sociedad.<\/span><\/li>\n<li style=\"font-weight: 400;\"><span style=\"font-weight: 400;\">Por \u00faltimo, tambi\u00e9n puede solicitarse si vas a <\/span><b>iniciar una actividad como trabajador aut\u00f3nomo<\/b><span style=\"font-weight: 400;\"> (si es como <\/span><a href=\"https:\/\/www.reclamador.es\/blog\/que-es-trade\/\"><span style=\"font-weight: 400;\">TRADE<\/span><\/a><span style=\"font-weight: 400;\"> no vas a poder solicitarla).<\/span><\/li>\n<\/ul>\n<h2 id=\"requisitos\"><strong>Requisitos para solicitar la capitalizaci\u00f3n del paro<\/strong><\/h2>\n<p><span style=\"font-weight: 400;\">Todas aquellas personas que cuenten con una <\/span><strong>prestaci\u00f3n contributiva por desempleo<\/strong><span style=\"font-weight: 400;\"><strong> pueden solicitar el pago \u00fanico de la misma<\/strong>, siempre y cuando no hayan iniciado ya la actividad econ\u00f3mica o est\u00e9n dados de alta en la Seguridad Social. Tampoco podr\u00e1n optar a ella quienes tengan pendientes de percibir menos de cuatro mensualidades o hayan optado al pago \u00fanico en los 4 a\u00f1os anteriores.<\/span><\/p>\n<p><span style=\"font-weight: 400;\">Adem\u00e1s, <strong>deben acreditar el alta como aut\u00f3nomo o la incorporaci\u00f3n a una sociedad laboral o mercantil<\/strong> o bien como socio trabajador de una cooperativa, iniciando la actividad en un plazo m\u00e1ximo de un mes tras haber recibido la aprobaci\u00f3n de la capitalizaci\u00f3n del paro.<\/span><\/p>\n<p><span style=\"font-weight: 400;\">Por \u00faltimo, las personas que hayan impugnado el despido que dio lugar a su situaci\u00f3n de desempleo tampoco podr\u00e1n solicitar la capitalizaci\u00f3n hasta que se haya resuelto dicho litigio.\u201d<\/span><\/p>\n<h2 id=\"como\"><strong>C\u00f3mo solicitar la capitalizaci\u00f3n de la prestaci\u00f3n por desempleo<\/strong><\/h2>\n<p><span style=\"font-weight: 400;\">Para solicitar esta medida puedes hacerlo a trav\u00e9s de cuatro v\u00edas:<\/span><\/p>\n<ul>\n<li style=\"font-weight: 400;\"><span style=\"font-weight: 400;\">En la oficina de prestaciones (hay que pedir cita previa).<\/span><\/li>\n<li style=\"font-weight: 400;\"><span style=\"font-weight: 400;\">En la sede electr\u00f3nica del SEPE.<\/span><\/li>\n<li style=\"font-weight: 400;\"><span style=\"font-weight: 400;\">Por correo administrativo.<\/span><\/li>\n<li style=\"font-weight: 400;\"><span style=\"font-weight: 400;\">Tambi\u00e9n en una oficina de registro p\u00fablico.<\/span><\/li>\n<\/ul>\n<p><span style=\"font-weight: 400;\">Si tu intenci\u00f3n es incorporarte a una cooperativa, la fecha en la que se ha solicitado tiene que ser anterior a la de incorporaci\u00f3n a la misma. Para tener en cuenta esta fecha se considerar\u00e1 la que figure como alta en la Seguridad Social.<\/span><\/p>\n<p><span style=\"font-weight: 400;\">Puedes solicitar el pago \u00fanico siempre y cuando te falten, al menos, tres mensualidades por percibir. Es decir, puedes cobrar el paro durante unos meses y luego solicitar la capitalizaci\u00f3n de lo que te quede por percibir.<\/span><\/p>\n<h2 id=\"domentacion\"><strong>Documentaci\u00f3n necesaria para solicitar la capitalizaci\u00f3n del paro<\/strong><\/h2>\n<p><span style=\"font-weight: 400;\">Para solicitar la capitalizaci\u00f3n del paro debes presentar esta documentaci\u00f3n:<\/span><\/p>\n<ul>\n<li style=\"font-weight: 400;\"><span style=\"font-weight: 400;\">Modelo oficial del impreso de solicitud del pago \u00fanico.<\/span><\/li>\n<li style=\"font-weight: 400;\"><span style=\"font-weight: 400;\">Para personas con nacionalidad espa\u00f1ola el DNI o pasaporte.<\/span><\/li>\n<li style=\"font-weight: 400;\"><span style=\"font-weight: 400;\">Si es una persona extranjera con residencia legal en Espa\u00f1a depender\u00e1 de si son nacionales de la Uni\u00f3n Europea. \u00c9stos tendr\u00e1n que presentar un certificado de registro de ciudadan\u00eda de la UE en el que consta el NIE, adem\u00e1s de su pasaporte y documento acreditativo del pa\u00eds de origen. Para el resto tendr\u00e1n que presentar el TIE (tarjeta de Identidad de Extranjero) en la que debe constar el NIE, y adem\u00e1s, el pasaporte.<\/span><\/li>\n<li style=\"font-weight: 400;\"><span style=\"font-weight: 400;\">Tambi\u00e9n ser\u00e1 necesario presentar una memoria en la que se recojan los puntos fundamentales de la actividad en la que se va a invertir el dinero.<\/span><\/li>\n<\/ul>\n<h2 id=\"obligaciones\">Capitalizar el paro: \u00bf<span style=\"font-size: 31.2px;\">cu\u00e1les<\/span> son las obligaciones?<\/h2>\n<p><span style=\"font-weight: 400;\">Ser beneficiario de la prestaci\u00f3n en esta modalidad de pago tambi\u00e9n te hace contraer una serie de obligaciones. Son las siguientes:<\/span><\/p>\n<ul>\n<li style=\"font-weight: 400;\"><span style=\"font-weight: 400;\">Tienes que presentar en el SEPE la documentaci\u00f3n que acredite el inicio de la actividad. Adem\u00e1s tendr\u00e1s un mes para iniciarla.<\/span><\/li>\n<li style=\"font-weight: 400;\"><span style=\"font-weight: 400;\">Si eres aut\u00f3nomo, tienes que destinar la cantidad a la inversi\u00f3n para desarrollar la actividad. Si se trata de cooperativas, sociedades laborales o mercantiles tendr\u00e1s que destinarla a la aportaci\u00f3n social obligatoria.<\/span><\/li>\n<\/ul>\n<p><span style=\"font-weight: 400;\">Si te ha gustado el contenido de este post, no dudes en compartirlo en tus redes y de contarnos tu experiencia en los comentarios<\/span><\/p>\n<p><span style=\"font-weight: 400;\"> \ud83d\ude09<\/span><\/p>\n\n<div class=\"ttr_end\"><\/div>","protected":false},"excerpt":{"rendered":"<p>Durante el a\u00f1o 2017, 90.000 personas solicitaron la capitalizaci\u00f3n del paro, seg\u00fan el Ministerio de Empleo. \u00bfQu\u00e9 es o en qu\u00e9 consiste la capitalizaci\u00f3n? Supongamos que te has quedado en paro y quieres montar tu propia empresa pero no tienes la financiaci\u00f3n necesaria para hacerlo. Si tienes derecho a prestaci\u00f3n por desempleo (lo que com\u00fanmente [&hellip;]<\/p>\n","protected":false},"author":1,"featured_media":27882,"comment_status":"closed","ping_status":"open","sticky":false,"template":"","format":"standard","meta":{"_acf_changed":false,"_genesis_hide_title":false,"_genesis_hide_breadcrumbs":false,"_genesis_hide_singular_image":false,"_genesis_hide_footer_widgets":false,"_genesis_custom_body_class":"","_genesis_custom_post_class":"","_genesis_layout":"","_jetpack_newsletter_access":"","_jetpack_dont_email_post_to_subs":true,"_jetpack_newsletter_tier_id":0,"_jetpack_memberships_contains_paywalled_content":false,"_jetpack_memberships_contains_paid_content":false,"footnotes":""},"categories":[393],"tags":[266],"class_list":{"0":"post-4568","1":"post","2":"type-post","3":"status-publish","4":"format-standard","5":"has-post-thumbnail","7":"category-consejos","8":"tag-laboral","9":"entry"},"acf":[],"yoast_head":"<!-- This site is optimized with the Yoast SEO plugin v27.4 - https:\/\/yoast.com\/product\/yoast-seo-wordpress\/ -->\n<title>Capitalizar paro | Requisitos y pasos para su realizaci\u00f3n<\/title>\n<meta name=\"description\" content=\"\u00bfEst\u00e1s en el paro y quieres montar un negocio con el dinero de tu prestaci\u00f3n? Te informamos sobre c\u00f3mo capitalizar el paro.\" \/>\n<meta name=\"robots\" content=\"index, follow, max-snippet:-1, max-image-preview:large, max-video-preview:-1\" \/>\n<link rel=\"canonical\" href=\"https:\/\/www.reclamador.es\/blog\/capitalizar-el-paro\/\" \/>\n<meta property=\"og:locale\" content=\"es_ES\" \/>\n<meta property=\"og:type\" content=\"article\" \/>\n<meta property=\"og:title\" content=\"Capitalizar paro | Requisitos y pasos para su realizaci\u00f3n\" \/>\n<meta property=\"og:description\" content=\"\u00bfEst\u00e1s en el paro y quieres montar un negocio con el dinero de tu prestaci\u00f3n? Te informamos sobre c\u00f3mo capitalizar el paro.\" \/>\n<meta property=\"og:url\" content=\"https:\/\/www.reclamador.es\/blog\/capitalizar-el-paro\/\" \/>\n<meta property=\"og:site_name\" content=\"Rebeldes con causa, el blog de reclamador.es\" \/>\n<meta property=\"article:publisher\" content=\"https:\/\/www.facebook.com\/reclamador.es\" \/>\n<meta property=\"article:published_time\" content=\"2020-11-21T10:20:00+00:00\" \/>\n<meta property=\"article:modified_time\" content=\"2024-05-16T11:08:03+00:00\" \/>\n<meta property=\"og:image\" content=\"https:\/\/www.reclamador.es\/blog\/wp-content\/uploads\/2018\/09\/capitalizar-paro.jpg\" \/>\n\t<meta property=\"og:image:width\" content=\"1280\" \/>\n\t<meta property=\"og:image:height\" content=\"853\" \/>\n\t<meta property=\"og:image:type\" content=\"image\/jpeg\" \/>\n<meta name=\"author\" content=\"Equipo reclamador\" \/>\n<meta name=\"twitter:card\" content=\"summary_large_image\" \/>\n<meta name=\"twitter:creator\" content=\"@reclamador\" \/>\n<meta name=\"twitter:site\" content=\"@reclamador\" \/>\n<meta name=\"twitter:label1\" content=\"Escrito por\" \/>\n\t<meta name=\"twitter:data1\" content=\"Equipo reclamador\" \/>\n\t<meta name=\"twitter:label2\" content=\"Tiempo de lectura\" \/>\n\t<meta name=\"twitter:data2\" content=\"5 minutos\" \/>\n<script type=\"application\/ld+json\" class=\"yoast-schema-graph\">{\"@context\":\"https:\\\/\\\/schema.org\",\"@graph\":[{\"@type\":\"Article\",\"@id\":\"https:\\\/\\\/www.reclamador.es\\\/blog\\\/capitalizar-el-paro\\\/#article\",\"isPartOf\":{\"@id\":\"https:\\\/\\\/www.reclamador.es\\\/blog\\\/capitalizar-el-paro\\\/\"},\"author\":{\"name\":\"Equipo reclamador\",\"@id\":\"https:\\\/\\\/www.reclamador.es\\\/blog\\\/#\\\/schema\\\/person\\\/1ed83eef8b6566cb5e4c812d9bc5c4bf\"},\"headline\":\"\u00bfEst\u00e1s pensando en emprender? Te contamos todo sobre la capitalizaci\u00f3n del paro\",\"datePublished\":\"2020-11-21T10:20:00+00:00\",\"dateModified\":\"2024-05-16T11:08:03+00:00\",\"mainEntityOfPage\":{\"@id\":\"https:\\\/\\\/www.reclamador.es\\\/blog\\\/capitalizar-el-paro\\\/\"},\"wordCount\":958,\"publisher\":{\"@id\":\"https:\\\/\\\/www.reclamador.es\\\/blog\\\/#organization\"},\"image\":{\"@id\":\"https:\\\/\\\/www.reclamador.es\\\/blog\\\/capitalizar-el-paro\\\/#primaryimage\"},\"thumbnailUrl\":\"https:\\\/\\\/i0.wp.com\\\/www.reclamador.es\\\/blog\\\/wp-content\\\/uploads\\\/2018\\\/09\\\/capitalizar-paro.jpg?fit=1280%2C853&ssl=1\",\"keywords\":[\"laboral\"],\"articleSection\":[\"Consejos legales\"],\"inLanguage\":\"es\"},{\"@type\":\"WebPage\",\"@id\":\"https:\\\/\\\/www.reclamador.es\\\/blog\\\/capitalizar-el-paro\\\/\",\"url\":\"https:\\\/\\\/www.reclamador.es\\\/blog\\\/capitalizar-el-paro\\\/\",\"name\":\"Capitalizar paro | Requisitos y pasos para su realizaci\u00f3n\",\"isPartOf\":{\"@id\":\"https:\\\/\\\/www.reclamador.es\\\/blog\\\/#website\"},\"primaryImageOfPage\":{\"@id\":\"https:\\\/\\\/www.reclamador.es\\\/blog\\\/capitalizar-el-paro\\\/#primaryimage\"},\"image\":{\"@id\":\"https:\\\/\\\/www.reclamador.es\\\/blog\\\/capitalizar-el-paro\\\/#primaryimage\"},\"thumbnailUrl\":\"https:\\\/\\\/i0.wp.com\\\/www.reclamador.es\\\/blog\\\/wp-content\\\/uploads\\\/2018\\\/09\\\/capitalizar-paro.jpg?fit=1280%2C853&ssl=1\",\"datePublished\":\"2020-11-21T10:20:00+00:00\",\"dateModified\":\"2024-05-16T11:08:03+00:00\",\"description\":\"\u00bfEst\u00e1s en el paro y quieres montar un negocio con el dinero de tu prestaci\u00f3n? Te informamos sobre c\u00f3mo capitalizar el paro.\",\"breadcrumb\":{\"@id\":\"https:\\\/\\\/www.reclamador.es\\\/blog\\\/capitalizar-el-paro\\\/#breadcrumb\"},\"inLanguage\":\"es\",\"potentialAction\":[{\"@type\":\"ReadAction\",\"target\":[\"https:\\\/\\\/www.reclamador.es\\\/blog\\\/capitalizar-el-paro\\\/\"]}]},{\"@type\":\"ImageObject\",\"inLanguage\":\"es\",\"@id\":\"https:\\\/\\\/www.reclamador.es\\\/blog\\\/capitalizar-el-paro\\\/#primaryimage\",\"url\":\"https:\\\/\\\/i0.wp.com\\\/www.reclamador.es\\\/blog\\\/wp-content\\\/uploads\\\/2018\\\/09\\\/capitalizar-paro.jpg?fit=1280%2C853&ssl=1\",\"contentUrl\":\"https:\\\/\\\/i0.wp.com\\\/www.reclamador.es\\\/blog\\\/wp-content\\\/uploads\\\/2018\\\/09\\\/capitalizar-paro.jpg?fit=1280%2C853&ssl=1\",\"width\":1280,\"height\":853,\"caption\":\"Capitalizar el paro: \u00bfc\u00f3mo se puede realizar? \u00bfQu\u00e9 requisitos hay que cumplir? \u00bfY las obligaciones?\"},{\"@type\":\"BreadcrumbList\",\"@id\":\"https:\\\/\\\/www.reclamador.es\\\/blog\\\/capitalizar-el-paro\\\/#breadcrumb\",\"itemListElement\":[{\"@type\":\"ListItem\",\"position\":1,\"name\":\"Portada\",\"item\":\"https:\\\/\\\/www.reclamador.es\\\/blog\\\/\"},{\"@type\":\"ListItem\",\"position\":2,\"name\":\"\u00bfEst\u00e1s pensando en emprender? Te contamos todo sobre la capitalizaci\u00f3n del paro\"}]},{\"@type\":\"WebSite\",\"@id\":\"https:\\\/\\\/www.reclamador.es\\\/blog\\\/#website\",\"url\":\"https:\\\/\\\/www.reclamador.es\\\/blog\\\/\",\"name\":\"Rebeldes con causa, el blog de reclamador.es\",\"description\":\"Noticias, entrevistas y consejos sobre reclamaciones\",\"publisher\":{\"@id\":\"https:\\\/\\\/www.reclamador.es\\\/blog\\\/#organization\"},\"potentialAction\":[{\"@type\":\"SearchAction\",\"target\":{\"@type\":\"EntryPoint\",\"urlTemplate\":\"https:\\\/\\\/www.reclamador.es\\\/blog\\\/?s={search_term_string}\"},\"query-input\":{\"@type\":\"PropertyValueSpecification\",\"valueRequired\":true,\"valueName\":\"search_term_string\"}}],\"inLanguage\":\"es\"},{\"@type\":\"Organization\",\"@id\":\"https:\\\/\\\/www.reclamador.es\\\/blog\\\/#organization\",\"name\":\"reclamador.es\",\"url\":\"https:\\\/\\\/www.reclamador.es\\\/blog\\\/\",\"logo\":{\"@type\":\"ImageObject\",\"inLanguage\":\"es\",\"@id\":\"https:\\\/\\\/www.reclamador.es\\\/blog\\\/#\\\/schema\\\/logo\\\/image\\\/\",\"url\":\"https:\\\/\\\/i0.wp.com\\\/www.reclamador.es\\\/blog\\\/wp-content\\\/uploads\\\/2020\\\/01\\\/logo-reclamador.png?fit=1200%2C144&ssl=1\",\"contentUrl\":\"https:\\\/\\\/i0.wp.com\\\/www.reclamador.es\\\/blog\\\/wp-content\\\/uploads\\\/2020\\\/01\\\/logo-reclamador.png?fit=1200%2C144&ssl=1\",\"width\":1200,\"height\":144,\"caption\":\"reclamador.es\"},\"image\":{\"@id\":\"https:\\\/\\\/www.reclamador.es\\\/blog\\\/#\\\/schema\\\/logo\\\/image\\\/\"},\"sameAs\":[\"https:\\\/\\\/www.facebook.com\\\/reclamador.es\",\"https:\\\/\\\/x.com\\\/reclamador\",\"https:\\\/\\\/www.instagram.com\\\/reclamador.es\\\/\",\"https:\\\/\\\/www.linkedin.com\\\/company\\\/reclamador-es\",\"https:\\\/\\\/www.youtube.com\\\/user\\\/Reclamadores\"]},{\"@type\":\"Person\",\"@id\":\"https:\\\/\\\/www.reclamador.es\\\/blog\\\/#\\\/schema\\\/person\\\/1ed83eef8b6566cb5e4c812d9bc5c4bf\",\"name\":\"Equipo reclamador\",\"image\":{\"@type\":\"ImageObject\",\"inLanguage\":\"es\",\"@id\":\"https:\\\/\\\/secure.gravatar.com\\\/avatar\\\/6442ecdc2c4472c600c113f34d340feca47107d6aa4f42f1e3e75a2a8e28a760?s=96&d=mm&r=g\",\"url\":\"https:\\\/\\\/secure.gravatar.com\\\/avatar\\\/6442ecdc2c4472c600c113f34d340feca47107d6aa4f42f1e3e75a2a8e28a760?s=96&d=mm&r=g\",\"contentUrl\":\"https:\\\/\\\/secure.gravatar.com\\\/avatar\\\/6442ecdc2c4472c600c113f34d340feca47107d6aa4f42f1e3e75a2a8e28a760?s=96&d=mm&r=g\",\"caption\":\"Equipo reclamador\"},\"description\":\"Las personas que hacen posible reclamador.es\",\"url\":\"https:\\\/\\\/www.reclamador.es\\\/blog\\\/author\\\/administrador\\\/\"}]}<\/script>\n<!-- \/ Yoast SEO plugin. -->","yoast_head_json":{"title":"Capitalizar paro | Requisitos y pasos para su realizaci\u00f3n","description":"\u00bfEst\u00e1s en el paro y quieres montar un negocio con el dinero de tu prestaci\u00f3n? Te informamos sobre c\u00f3mo capitalizar el paro.","robots":{"index":"index","follow":"follow","max-snippet":"max-snippet:-1","max-image-preview":"max-image-preview:large","max-video-preview":"max-video-preview:-1"},"canonical":"https:\/\/www.reclamador.es\/blog\/capitalizar-el-paro\/","og_locale":"es_ES","og_type":"article","og_title":"Capitalizar paro | Requisitos y pasos para su realizaci\u00f3n","og_description":"\u00bfEst\u00e1s en el paro y quieres montar un negocio con el dinero de tu prestaci\u00f3n? Te informamos sobre c\u00f3mo capitalizar el paro.","og_url":"https:\/\/www.reclamador.es\/blog\/capitalizar-el-paro\/","og_site_name":"Rebeldes con causa, el blog de reclamador.es","article_publisher":"https:\/\/www.facebook.com\/reclamador.es","article_published_time":"2020-11-21T10:20:00+00:00","article_modified_time":"2024-05-16T11:08:03+00:00","og_image":[{"width":1280,"height":853,"url":"https:\/\/www.reclamador.es\/blog\/wp-content\/uploads\/2018\/09\/capitalizar-paro.jpg","type":"image\/jpeg"}],"author":"Equipo reclamador","twitter_card":"summary_large_image","twitter_creator":"@reclamador","twitter_site":"@reclamador","twitter_misc":{"Escrito por":"Equipo reclamador","Tiempo de lectura":"5 minutos"},"schema":{"@context":"https:\/\/schema.org","@graph":[{"@type":"Article","@id":"https:\/\/www.reclamador.es\/blog\/capitalizar-el-paro\/#article","isPartOf":{"@id":"https:\/\/www.reclamador.es\/blog\/capitalizar-el-paro\/"},"author":{"name":"Equipo reclamador","@id":"https:\/\/www.reclamador.es\/blog\/#\/schema\/person\/1ed83eef8b6566cb5e4c812d9bc5c4bf"},"headline":"\u00bfEst\u00e1s pensando en emprender? Te contamos todo sobre la capitalizaci\u00f3n del paro","datePublished":"2020-11-21T10:20:00+00:00","dateModified":"2024-05-16T11:08:03+00:00","mainEntityOfPage":{"@id":"https:\/\/www.reclamador.es\/blog\/capitalizar-el-paro\/"},"wordCount":958,"publisher":{"@id":"https:\/\/www.reclamador.es\/blog\/#organization"},"image":{"@id":"https:\/\/www.reclamador.es\/blog\/capitalizar-el-paro\/#primaryimage"},"thumbnailUrl":"https:\/\/i0.wp.com\/www.reclamador.es\/blog\/wp-content\/uploads\/2018\/09\/capitalizar-paro.jpg?fit=1280%2C853&ssl=1","keywords":["laboral"],"articleSection":["Consejos legales"],"inLanguage":"es"},{"@type":"WebPage","@id":"https:\/\/www.reclamador.es\/blog\/capitalizar-el-paro\/","url":"https:\/\/www.reclamador.es\/blog\/capitalizar-el-paro\/","name":"Capitalizar paro | Requisitos y pasos para su realizaci\u00f3n","isPartOf":{"@id":"https:\/\/www.reclamador.es\/blog\/#website"},"primaryImageOfPage":{"@id":"https:\/\/www.reclamador.es\/blog\/capitalizar-el-paro\/#primaryimage"},"image":{"@id":"https:\/\/www.reclamador.es\/blog\/capitalizar-el-paro\/#primaryimage"},"thumbnailUrl":"https:\/\/i0.wp.com\/www.reclamador.es\/blog\/wp-content\/uploads\/2018\/09\/capitalizar-paro.jpg?fit=1280%2C853&ssl=1","datePublished":"2020-11-21T10:20:00+00:00","dateModified":"2024-05-16T11:08:03+00:00","description":"\u00bfEst\u00e1s en el paro y quieres montar un negocio con el dinero de tu prestaci\u00f3n? Te informamos sobre c\u00f3mo capitalizar el paro.","breadcrumb":{"@id":"https:\/\/www.reclamador.es\/blog\/capitalizar-el-paro\/#breadcrumb"},"inLanguage":"es","potentialAction":[{"@type":"ReadAction","target":["https:\/\/www.reclamador.es\/blog\/capitalizar-el-paro\/"]}]},{"@type":"ImageObject","inLanguage":"es","@id":"https:\/\/www.reclamador.es\/blog\/capitalizar-el-paro\/#primaryimage","url":"https:\/\/i0.wp.com\/www.reclamador.es\/blog\/wp-content\/uploads\/2018\/09\/capitalizar-paro.jpg?fit=1280%2C853&ssl=1","contentUrl":"https:\/\/i0.wp.com\/www.reclamador.es\/blog\/wp-content\/uploads\/2018\/09\/capitalizar-paro.jpg?fit=1280%2C853&ssl=1","width":1280,"height":853,"caption":"Capitalizar el paro: \u00bfc\u00f3mo se puede realizar? \u00bfQu\u00e9 requisitos hay que cumplir? \u00bfY las obligaciones?"},{"@type":"BreadcrumbList","@id":"https:\/\/www.reclamador.es\/blog\/capitalizar-el-paro\/#breadcrumb","itemListElement":[{"@type":"ListItem","position":1,"name":"Portada","item":"https:\/\/www.reclamador.es\/blog\/"},{"@type":"ListItem","position":2,"name":"\u00bfEst\u00e1s pensando en emprender? Te contamos todo sobre la capitalizaci\u00f3n del paro"}]},{"@type":"WebSite","@id":"https:\/\/www.reclamador.es\/blog\/#website","url":"https:\/\/www.reclamador.es\/blog\/","name":"Rebeldes con causa, el blog de reclamador.es","description":"Noticias, entrevistas y consejos sobre reclamaciones","publisher":{"@id":"https:\/\/www.reclamador.es\/blog\/#organization"},"potentialAction":[{"@type":"SearchAction","target":{"@type":"EntryPoint","urlTemplate":"https:\/\/www.reclamador.es\/blog\/?s={search_term_string}"},"query-input":{"@type":"PropertyValueSpecification","valueRequired":true,"valueName":"search_term_string"}}],"inLanguage":"es"},{"@type":"Organization","@id":"https:\/\/www.reclamador.es\/blog\/#organization","name":"reclamador.es","url":"https:\/\/www.reclamador.es\/blog\/","logo":{"@type":"ImageObject","inLanguage":"es","@id":"https:\/\/www.reclamador.es\/blog\/#\/schema\/logo\/image\/","url":"https:\/\/i0.wp.com\/www.reclamador.es\/blog\/wp-content\/uploads\/2020\/01\/logo-reclamador.png?fit=1200%2C144&ssl=1","contentUrl":"https:\/\/i0.wp.com\/www.reclamador.es\/blog\/wp-content\/uploads\/2020\/01\/logo-reclamador.png?fit=1200%2C144&ssl=1","width":1200,"height":144,"caption":"reclamador.es"},"image":{"@id":"https:\/\/www.reclamador.es\/blog\/#\/schema\/logo\/image\/"},"sameAs":["https:\/\/www.facebook.com\/reclamador.es","https:\/\/x.com\/reclamador","https:\/\/www.instagram.com\/reclamador.es\/","https:\/\/www.linkedin.com\/company\/reclamador-es","https:\/\/www.youtube.com\/user\/Reclamadores"]},{"@type":"Person","@id":"https:\/\/www.reclamador.es\/blog\/#\/schema\/person\/1ed83eef8b6566cb5e4c812d9bc5c4bf","name":"Equipo reclamador","image":{"@type":"ImageObject","inLanguage":"es","@id":"https:\/\/secure.gravatar.com\/avatar\/6442ecdc2c4472c600c113f34d340feca47107d6aa4f42f1e3e75a2a8e28a760?s=96&d=mm&r=g","url":"https:\/\/secure.gravatar.com\/avatar\/6442ecdc2c4472c600c113f34d340feca47107d6aa4f42f1e3e75a2a8e28a760?s=96&d=mm&r=g","contentUrl":"https:\/\/secure.gravatar.com\/avatar\/6442ecdc2c4472c600c113f34d340feca47107d6aa4f42f1e3e75a2a8e28a760?s=96&d=mm&r=g","caption":"Equipo reclamador"},"description":"Las personas que hacen posible reclamador.es","url":"https:\/\/www.reclamador.es\/blog\/author\/administrador\/"}]}},"jetpack_featured_media_url":"https:\/\/i0.wp.com\/www.reclamador.es\/blog\/wp-content\/uploads\/2018\/09\/capitalizar-paro.jpg?fit=1280%2C853&ssl=1","jetpack-related-posts":[{"id":22513,"url":"https:\/\/www.reclamador.es\/blog\/como-calcular-paro\/","url_meta":{"origin":4568,"position":0},"title":"\u00bfC\u00f3mo se calcula el paro? Claves para saber a qu\u00e9 cantidad tienes derecho","author":"Equipo reclamador","date":"2 junio, 2020","format":false,"excerpt":"*Contenido actualizado noviembre 2022 Alrededor de 3\u00a0millones de personas reciben la prestaciones por desempleo en nuestro pa\u00eds, seg\u00fan datos del el Instituto Nacional de Estad\u00edstica. Ante esta situaci\u00f3n, que puede ser debida a un\u00a0despido,\u00a0no se hace extra\u00f1o que muchas personas se pregunten qu\u00e9 cantidad de paro tienen derecho a recibir\u2026","rel":"","context":"En \u00abConsejos legales\u00bb","block_context":{"text":"Consejos legales","link":"https:\/\/www.reclamador.es\/blog\/consejos\/"},"img":{"alt_text":"calcular el paro 2022","src":"https:\/\/i0.wp.com\/www.reclamador.es\/blog\/wp-content\/uploads\/2020\/06\/calcular-el-paro-maximo-y-minimo-desempleo-2022.jpg?fit=1200%2C722&ssl=1&resize=350%2C200","width":350,"height":200,"srcset":"https:\/\/i0.wp.com\/www.reclamador.es\/blog\/wp-content\/uploads\/2020\/06\/calcular-el-paro-maximo-y-minimo-desempleo-2022.jpg?fit=1200%2C722&ssl=1&resize=350%2C200 1x, https:\/\/i0.wp.com\/www.reclamador.es\/blog\/wp-content\/uploads\/2020\/06\/calcular-el-paro-maximo-y-minimo-desempleo-2022.jpg?fit=1200%2C722&ssl=1&resize=525%2C300 1.5x, https:\/\/i0.wp.com\/www.reclamador.es\/blog\/wp-content\/uploads\/2020\/06\/calcular-el-paro-maximo-y-minimo-desempleo-2022.jpg?fit=1200%2C722&ssl=1&resize=700%2C400 2x, https:\/\/i0.wp.com\/www.reclamador.es\/blog\/wp-content\/uploads\/2020\/06\/calcular-el-paro-maximo-y-minimo-desempleo-2022.jpg?fit=1200%2C722&ssl=1&resize=1050%2C600 3x"},"classes":[]},{"id":22902,"url":"https:\/\/www.reclamador.es\/blog\/renovar-demanda-empleo-internet-por-comunidades-autonomas\/","url_meta":{"origin":4568,"position":1},"title":"Webs donde renovar la demanda de empleo online por comunidades aut\u00f3nomas","author":"Equipo reclamador","date":"2 julio, 2021","format":false,"excerpt":"El paro se debe renovar. Es m\u00e1s, se trata de una de los principales deberes de los demandantes de empleo. Para ello, no hace falta desplazarse hasta las oficinas de lo servicios de empleo correspondientes. Se puede hacer online. Eso s\u00ed, seg\u00fan en la comunidad aut\u00f3noma que debas sellar el\u2026","rel":"","context":"En \u00abConsejos legales\u00bb","block_context":{"text":"Consejos legales","link":"https:\/\/www.reclamador.es\/blog\/consejos\/"},"img":{"alt_text":"renovar paro por internet en cada comunidad autonoma","src":"https:\/\/i0.wp.com\/www.reclamador.es\/blog\/wp-content\/uploads\/2019\/10\/renovar-paro-por-internet-en-cada-comunidad-autonoma_destacada.jpg?fit=800%2C419&ssl=1&resize=350%2C200","width":350,"height":200,"srcset":"https:\/\/i0.wp.com\/www.reclamador.es\/blog\/wp-content\/uploads\/2019\/10\/renovar-paro-por-internet-en-cada-comunidad-autonoma_destacada.jpg?fit=800%2C419&ssl=1&resize=350%2C200 1x, https:\/\/i0.wp.com\/www.reclamador.es\/blog\/wp-content\/uploads\/2019\/10\/renovar-paro-por-internet-en-cada-comunidad-autonoma_destacada.jpg?fit=800%2C419&ssl=1&resize=525%2C300 1.5x, https:\/\/i0.wp.com\/www.reclamador.es\/blog\/wp-content\/uploads\/2019\/10\/renovar-paro-por-internet-en-cada-comunidad-autonoma_destacada.jpg?fit=800%2C419&ssl=1&resize=700%2C400 2x"},"classes":[]},{"id":19105,"url":"https:\/\/www.reclamador.es\/blog\/sellar-el-paro-por-internet\/","url_meta":{"origin":4568,"position":2},"title":"Todo lo que debes saber antes de sellar el paro online","author":"Equipo reclamador","date":"4 febrero, 2023","format":false,"excerpt":"Lo que hasta hace relativamente se conoc\u00eda como \u201csellar la cartilla del paro\u201d ahora tambi\u00e9n puede hacerse por Internet. Si te manejas fluidamente con las nuevas tecnolog\u00edas y eres demandante de empleo, ya no es necesario que te desplaces hasta la sede del SEPE (antiguo INEM) para que el funcionario\u2026","rel":"","context":"En \u00abConsejos legales\u00bb","block_context":{"text":"Consejos legales","link":"https:\/\/www.reclamador.es\/blog\/consejos\/"},"img":{"alt_text":"renovando la demanda de empleo - sellar el paro online","src":"https:\/\/i0.wp.com\/www.reclamador.es\/blog\/wp-content\/uploads\/2020\/10\/sellar-el-paro-online.jpg?fit=1200%2C630&ssl=1&resize=350%2C200","width":350,"height":200,"srcset":"https:\/\/i0.wp.com\/www.reclamador.es\/blog\/wp-content\/uploads\/2020\/10\/sellar-el-paro-online.jpg?fit=1200%2C630&ssl=1&resize=350%2C200 1x, https:\/\/i0.wp.com\/www.reclamador.es\/blog\/wp-content\/uploads\/2020\/10\/sellar-el-paro-online.jpg?fit=1200%2C630&ssl=1&resize=525%2C300 1.5x, https:\/\/i0.wp.com\/www.reclamador.es\/blog\/wp-content\/uploads\/2020\/10\/sellar-el-paro-online.jpg?fit=1200%2C630&ssl=1&resize=700%2C400 2x, https:\/\/i0.wp.com\/www.reclamador.es\/blog\/wp-content\/uploads\/2020\/10\/sellar-el-paro-online.jpg?fit=1200%2C630&ssl=1&resize=1050%2C600 3x"},"classes":[]},{"id":33666,"url":"https:\/\/www.reclamador.es\/blog\/sentencias-tribunal-supremo-revolving-2025\/","url_meta":{"origin":4568,"position":3},"title":"Sentencia del Tribunal Supremo sobre revolving: Establece los criterios para que se puedan declarar nulos los intereses","author":"Leticia Grande","date":"4 febrero, 2025","format":false,"excerpt":"La \u00faltima hora, las \u00faltimas noticias son muy buenas para los y las afectadas por tarjetas de cr\u00e9dito revolving en Espa\u00f1a. En la tarde del 3 de febrero de 2025 hemos conocido dos importantes sentencias del Tribunal Supremo sobre revolving, en las que se establecen los criterios que determinan la\u2026","rel":"","context":"En \u00abNoticias y actualidad\u00bb","block_context":{"text":"Noticias y actualidad","link":"https:\/\/www.reclamador.es\/blog\/noticias\/"},"img":{"alt_text":"tribunal supremo declara los criterios para que se puedan declarar nulas las tarjetas de cr\u00e9dito revolving","src":"https:\/\/i0.wp.com\/www.reclamador.es\/blog\/wp-content\/uploads\/2025\/02\/sentencia-del-Supremo-tarjetas-revolving-1200x630-1.jpg?fit=1200%2C630&ssl=1&resize=350%2C200","width":350,"height":200,"srcset":"https:\/\/i0.wp.com\/www.reclamador.es\/blog\/wp-content\/uploads\/2025\/02\/sentencia-del-Supremo-tarjetas-revolving-1200x630-1.jpg?fit=1200%2C630&ssl=1&resize=350%2C200 1x, https:\/\/i0.wp.com\/www.reclamador.es\/blog\/wp-content\/uploads\/2025\/02\/sentencia-del-Supremo-tarjetas-revolving-1200x630-1.jpg?fit=1200%2C630&ssl=1&resize=525%2C300 1.5x, https:\/\/i0.wp.com\/www.reclamador.es\/blog\/wp-content\/uploads\/2025\/02\/sentencia-del-Supremo-tarjetas-revolving-1200x630-1.jpg?fit=1200%2C630&ssl=1&resize=700%2C400 2x, https:\/\/i0.wp.com\/www.reclamador.es\/blog\/wp-content\/uploads\/2025\/02\/sentencia-del-Supremo-tarjetas-revolving-1200x630-1.jpg?fit=1200%2C630&ssl=1&resize=1050%2C600 3x"},"classes":[]},{"id":21807,"url":"https:\/\/www.reclamador.es\/blog\/trabajar-y-cobrar-el-paro\/","url_meta":{"origin":4568,"position":4},"title":"\u00bfPuedo trabajar y estar cobrando el paro?","author":"Equipo reclamador","date":"7 mayo, 2019","format":false,"excerpt":"La prestaci\u00f3n y el subsidio por desempleo son dos medidas que tiene el Estado para paliar que una persona se encuentre en situaci\u00f3n de no estar trabajando, y por tanto, con una falta de ingresos m\u00ednimos para poder vivir. No todas las personas que no est\u00e1n trabajando tienen derecho a\u2026","rel":"","context":"En \u00abConsejos legales\u00bb","block_context":{"text":"Consejos legales","link":"https:\/\/www.reclamador.es\/blog\/consejos\/"},"img":{"alt_text":"Trabajar y cobrar el paro","src":"https:\/\/i0.wp.com\/www.reclamador.es\/blog\/wp-content\/uploads\/2019\/05\/trabajar-y-cobrar-el-paro.jpg?fit=1200%2C630&ssl=1&resize=350%2C200","width":350,"height":200,"srcset":"https:\/\/i0.wp.com\/www.reclamador.es\/blog\/wp-content\/uploads\/2019\/05\/trabajar-y-cobrar-el-paro.jpg?fit=1200%2C630&ssl=1&resize=350%2C200 1x, https:\/\/i0.wp.com\/www.reclamador.es\/blog\/wp-content\/uploads\/2019\/05\/trabajar-y-cobrar-el-paro.jpg?fit=1200%2C630&ssl=1&resize=525%2C300 1.5x, https:\/\/i0.wp.com\/www.reclamador.es\/blog\/wp-content\/uploads\/2019\/05\/trabajar-y-cobrar-el-paro.jpg?fit=1200%2C630&ssl=1&resize=700%2C400 2x, https:\/\/i0.wp.com\/www.reclamador.es\/blog\/wp-content\/uploads\/2019\/05\/trabajar-y-cobrar-el-paro.jpg?fit=1200%2C630&ssl=1&resize=1050%2C600 3x"},"classes":[]},{"id":4175,"url":"https:\/\/www.reclamador.es\/blog\/derecho-paro-tras-despido-siempre-posible\/","url_meta":{"origin":4568,"position":5},"title":"Derecho a paro tras un despido, \u00bfsiempre es posible?","author":"Equipo reclamador","date":"18 mayo, 2016","format":false,"excerpt":"Contrariamente a lo que la gente cree, en los casos de despido siempre se tiene derecho a paro. El \u00fanico requisito es haber cotizado 360 d\u00edas durante 6 a\u00f1os. La \u00fanica casu\u00edstica en la que no se tiene derecho a paro, aun habiendo cotizado el m\u00ednimo establecido, es cuando un\u2026","rel":"","context":"En \u00abConsejos legales\u00bb","block_context":{"text":"Consejos legales","link":"https:\/\/www.reclamador.es\/blog\/consejos\/"},"img":{"alt_text":"paro despido","src":"https:\/\/i0.wp.com\/www.reclamador.es\/blog\/wp-content\/uploads\/2016\/05\/derecho-a-paro-despues-de-despido.jpg?fit=1200%2C630&ssl=1&resize=350%2C200","width":350,"height":200,"srcset":"https:\/\/i0.wp.com\/www.reclamador.es\/blog\/wp-content\/uploads\/2016\/05\/derecho-a-paro-despues-de-despido.jpg?fit=1200%2C630&ssl=1&resize=350%2C200 1x, https:\/\/i0.wp.com\/www.reclamador.es\/blog\/wp-content\/uploads\/2016\/05\/derecho-a-paro-despues-de-despido.jpg?fit=1200%2C630&ssl=1&resize=525%2C300 1.5x, https:\/\/i0.wp.com\/www.reclamador.es\/blog\/wp-content\/uploads\/2016\/05\/derecho-a-paro-despues-de-despido.jpg?fit=1200%2C630&ssl=1&resize=700%2C400 2x, https:\/\/i0.wp.com\/www.reclamador.es\/blog\/wp-content\/uploads\/2016\/05\/derecho-a-paro-despues-de-despido.jpg?fit=1200%2C630&ssl=1&resize=1050%2C600 3x"},"classes":[]}],"jetpack_sharing_enabled":true,"_links":{"self":[{"href":"https:\/\/www.reclamador.es\/blog\/wp-json\/wp\/v2\/posts\/4568","targetHints":{"allow":["GET"]}}],"collection":[{"href":"https:\/\/www.reclamador.es\/blog\/wp-json\/wp\/v2\/posts"}],"about":[{"href":"https:\/\/www.reclamador.es\/blog\/wp-json\/wp\/v2\/types\/post"}],"author":[{"embeddable":true,"href":"https:\/\/www.reclamador.es\/blog\/wp-json\/wp\/v2\/users\/1"}],"replies":[{"embeddable":true,"href":"https:\/\/www.reclamador.es\/blog\/wp-json\/wp\/v2\/comments?post=4568"}],"version-history":[{"count":21,"href":"https:\/\/www.reclamador.es\/blog\/wp-json\/wp\/v2\/posts\/4568\/revisions"}],"predecessor-version":[{"id":32335,"href":"https:\/\/www.reclamador.es\/blog\/wp-json\/wp\/v2\/posts\/4568\/revisions\/32335"}],"wp:featuredmedia":[{"embeddable":true,"href":"https:\/\/www.reclamador.es\/blog\/wp-json\/wp\/v2\/media\/27882"}],"wp:attachment":[{"href":"https:\/\/www.reclamador.es\/blog\/wp-json\/wp\/v2\/media?parent=4568"}],"wp:term":[{"taxonomy":"category","embeddable":true,"href":"https:\/\/www.reclamador.es\/blog\/wp-json\/wp\/v2\/categories?post=4568"},{"taxonomy":"post_tag","embeddable":true,"href":"https:\/\/www.reclamador.es\/blog\/wp-json\/wp\/v2\/tags?post=4568"}],"curies":[{"name":"wp","href":"https:\/\/api.w.org\/{rel}","templated":true}]}}