{"id":440,"date":"2022-08-25T09:22:00","date_gmt":"2022-08-25T07:22:00","guid":{"rendered":"http:\/\/blog.reclamador.es\/?p=440"},"modified":"2023-11-20T13:20:04","modified_gmt":"2023-11-20T12:20:04","slug":"viajes-en-avion-de-embarazadas-bebes-y-ancianos","status":"publish","type":"post","link":"https:\/\/www.reclamador.es\/blog\/viajes-en-avion-de-embarazadas-bebes-y-ancianos\/","title":{"rendered":"Viajes en avi\u00f3n: beb\u00e9s, embarazadas y ancianos"},"content":{"rendered":"<div class=\"ttr_start\"><\/div>\n\n<div class=\"kk-star-ratings kksr-auto kksr-align-right kksr-valign-top\"\n    data-payload='{&quot;align&quot;:&quot;right&quot;,&quot;id&quot;:&quot;440&quot;,&quot;slug&quot;:&quot;default&quot;,&quot;valign&quot;:&quot;top&quot;,&quot;ignore&quot;:&quot;&quot;,&quot;reference&quot;:&quot;auto&quot;,&quot;class&quot;:&quot;&quot;,&quot;count&quot;:&quot;5&quot;,&quot;legendonly&quot;:&quot;&quot;,&quot;readonly&quot;:&quot;&quot;,&quot;score&quot;:&quot;4.2&quot;,&quot;starsonly&quot;:&quot;&quot;,&quot;best&quot;:&quot;5&quot;,&quot;gap&quot;:&quot;3&quot;,&quot;greet&quot;:&quot;Valora este art\u00edculo&quot;,&quot;legend&quot;:&quot;4.2\\\/5 - (5 votos)&quot;,&quot;size&quot;:&quot;20&quot;,&quot;title&quot;:&quot;Viajes en avi\u00f3n: beb\u00e9s, embarazadas y ancianos&quot;,&quot;width&quot;:&quot;95.1&quot;,&quot;_legend&quot;:&quot;{score}\\\/{best} - ({count} {votes})&quot;,&quot;font_factor&quot;:&quot;1.25&quot;}'>\n            \n<div class=\"kksr-stars\">\n    \n<div class=\"kksr-stars-inactive\">\n            <div class=\"kksr-star\" data-star=\"1\" style=\"padding-right: 3px\">\n            \n\n<div class=\"kksr-icon\" style=\"width: 20px; height: 20px;\"><\/div>\n        <\/div>\n            <div class=\"kksr-star\" data-star=\"2\" style=\"padding-right: 3px\">\n            \n\n<div class=\"kksr-icon\" style=\"width: 20px; height: 20px;\"><\/div>\n        <\/div>\n            <div class=\"kksr-star\" data-star=\"3\" style=\"padding-right: 3px\">\n            \n\n<div class=\"kksr-icon\" style=\"width: 20px; height: 20px;\"><\/div>\n        <\/div>\n            <div class=\"kksr-star\" data-star=\"4\" style=\"padding-right: 3px\">\n            \n\n<div class=\"kksr-icon\" style=\"width: 20px; height: 20px;\"><\/div>\n        <\/div>\n            <div class=\"kksr-star\" data-star=\"5\" style=\"padding-right: 3px\">\n            \n\n<div class=\"kksr-icon\" style=\"width: 20px; height: 20px;\"><\/div>\n        <\/div>\n    <\/div>\n    \n<div class=\"kksr-stars-active\" style=\"width: 95.1px;\">\n            <div class=\"kksr-star\" style=\"padding-right: 3px\">\n            \n\n<div class=\"kksr-icon\" style=\"width: 20px; height: 20px;\"><\/div>\n        <\/div>\n            <div class=\"kksr-star\" style=\"padding-right: 3px\">\n            \n\n<div class=\"kksr-icon\" style=\"width: 20px; height: 20px;\"><\/div>\n        <\/div>\n            <div class=\"kksr-star\" style=\"padding-right: 3px\">\n            \n\n<div class=\"kksr-icon\" style=\"width: 20px; height: 20px;\"><\/div>\n        <\/div>\n            <div class=\"kksr-star\" style=\"padding-right: 3px\">\n            \n\n<div class=\"kksr-icon\" style=\"width: 20px; height: 20px;\"><\/div>\n        <\/div>\n            <div class=\"kksr-star\" style=\"padding-right: 3px\">\n            \n\n<div class=\"kksr-icon\" style=\"width: 20px; height: 20px;\"><\/div>\n        <\/div>\n    <\/div>\n<\/div>\n                \n\n<div class=\"kksr-legend\" style=\"font-size: 16px;\">\n            4.2\/5 - (5 votos)    <\/div>\n    <\/div>\n\n<figure id=\"attachment_30015\" aria-describedby=\"caption-attachment-30015\" style=\"width: 1200px\" class=\"wp-caption aligncenter\"><img data-recalc-dims=\"1\" loading=\"lazy\" decoding=\"async\" class=\"size-full wp-image-30015\" src=\"https:\/\/i0.wp.com\/www.reclamador.es\/blog\/wp-content\/uploads\/2020\/01\/Viajar-en-avion-embarazada.jpg?resize=1200%2C693&#038;ssl=1\" alt=\"Viajar en avi\u00f3n embarazada\" width=\"1200\" height=\"693\" srcset=\"https:\/\/i0.wp.com\/www.reclamador.es\/blog\/wp-content\/uploads\/2020\/01\/Viajar-en-avion-embarazada.jpg?w=1200&amp;ssl=1 1200w, https:\/\/i0.wp.com\/www.reclamador.es\/blog\/wp-content\/uploads\/2020\/01\/Viajar-en-avion-embarazada.jpg?resize=800%2C462&amp;ssl=1 800w, https:\/\/i0.wp.com\/www.reclamador.es\/blog\/wp-content\/uploads\/2020\/01\/Viajar-en-avion-embarazada.jpg?resize=150%2C87&amp;ssl=1 150w, https:\/\/i0.wp.com\/www.reclamador.es\/blog\/wp-content\/uploads\/2020\/01\/Viajar-en-avion-embarazada.jpg?resize=768%2C444&amp;ssl=1 768w\" sizes=\"auto, (max-width: 1000px) 100vw, 1000px\" \/><figcaption id=\"caption-attachment-30015\" class=\"wp-caption-text\"><em>\u00bfHasta qu\u00e9 semana se puede viajar en avi\u00f3n embarazada?<\/em><\/figcaption><\/figure>\n<p><span style=\"font-weight: 400;\">En reclamador.es queremos resolver algunas dudas que se plantea a aquellos que van a coger un avi\u00f3n, como, por ejemplo, si pueden impedir el embarque de una embarazada, prohibir volar a beb\u00e9s o si est\u00e1n obligadas las <strong><a href=\"https:\/\/www.reclamador.es\/aerolineas\/\">aerol\u00edneas<\/a><\/strong> a ayudar a ancianos. <\/span><\/p>\n<h2><b>Viajar en avi\u00f3n embarazada<\/b><\/h2>\n<p><span style=\"font-weight: 400;\">Los trayectos en avi\u00f3n, seg\u00fan distintos estudios, <\/span><b>no suponen incremento del riesgo para el beb\u00e9 o<\/b><span style=\"font-weight: 400;\"><strong>&nbsp;para la madre ni precipitan el parto<\/strong>. Sin embargo, deben evitarse viajes largos o que resulten pesados para embarazadas, fundamentalmente en el primer trimestre y cuatro semanas antes de la fecha prevista del parto. <\/span><\/p>\n<h6 style=\"text-align: center;\"><strong>El mejor periodo para viajar es el segundo trimestre del embarazo.<\/strong><\/h6>\n<h3><strong>\u00bfHasta qu\u00e9 semana se puede viajar en avi\u00f3n estando embarazada?<\/strong><\/h3>\n<p><span style=\"font-weight: 400;\">La duda surge por la autorizaci\u00f3n m\u00e9dica para viajar en avi\u00f3n embarazada. <strong>Antes de la semana 28<\/strong>, explica AENA, las compa\u00f1\u00edas a\u00e9reas no piden que se aporte un certificado m\u00e9dico en el que se acredite que la embarazada puede viajar. A partir de ese periodo de gestaci\u00f3n, s\u00ed es recomendable que aquellas mujeres que se disponga a coger un avi\u00f3n soliciten a su m\u00e9dico una autorizaci\u00f3n.<\/span><\/p>\n<p><span style=\"font-weight: 400;\">Esta autorizaci\u00f3n ser\u00e1 entregada en el aeropuerto al personal de la compa\u00f1\u00eda a\u00e9rea y, seg\u00fan las condiciones particulares del condicionado de cada compa\u00f1\u00eda, <\/span><b>ser\u00e1 requisito imprescindible para poder coger un avi\u00f3n pasadas las 28 semanas de gestaci\u00f3n.<\/b><\/p>\n<p><span style=\"font-weight: 400;\">Como dec\u00edamos, este es un requisito que se debe estudiar concretamente con cada compa\u00f1\u00eda, aunque es la norma general aplicada. Ryanair, por ejemplo, facilita en su <a href=\"https:\/\/help.ryanair.com\/hc\/es-es\/articles\/360017825518-Viajar-mientras-est%C3%A1-embarazada\" target=\"_blank\" rel=\"noopener noreferrer\">p\u00e1gina web<\/a> un formulario que se debe presentar obligatoriamente pasadas las 28 semanas de embarazo con la declaraci\u00f3n de <\/span><span style=\"font-weight: 400;\">\u201capto para volar\u201d<\/span><span style=\"font-weight: 400;\"> de un m\u00e9dico.<\/span><\/p>\n<h3><strong>Prohibici\u00f3n de volar a embarazadas<\/strong><\/h3>\n<p><span style=\"font-weight: 400;\">En general, las compa\u00f1\u00edas a\u00e9reas proh\u00edben volar a embarazadas:<\/span><\/p>\n<ul>\n<li style=\"font-weight: 400;\"><span style=\"font-weight: 400;\">A partir de la semana 36 de gestaci\u00f3n si se trata de un embarazo sin complicaciones.<\/span><\/li>\n<li style=\"font-weight: 400;\"><span style=\"font-weight: 400;\">A partir de la semana 32 de gestaci\u00f3n si se trata de un embarazado gemelar o de trillizos sin complicaciones.<\/span><\/li>\n<\/ul>\n<p><span style=\"font-weight: 400;\">Llegados a este punto es importante recalcar que, por norma general, <strong>l<\/strong><\/span><b>as aerol\u00edneas no pedir\u00e1n informaci\u00f3n sobre el embarazo en el momento de la compra del billete<\/b><span style=\"font-weight: 400;\">. Son los interesados los que consulten la pol\u00edtica de cada empresa al respecto y reunir la documentaci\u00f3n necesaria para volar.<\/span><\/p>\n<p><span style=\"font-weight: 400;\">Ahora que ya sabes los requisitos para viajar en avi\u00f3n embarazada, <strong>qu\u00e9 pasa nada m\u00e1s dar a luz<\/strong>. En cuanto al momento despu\u00e9s del cual puede la nueva mam\u00e1 coger un avi\u00f3n, lo habitual es que las aerol\u00edneas lo permitan <strong>48 horas despu\u00e9s del parto<\/strong>. Esto es as\u00ed siempre y cuando hubiera sido un parto natural sin complicaciones. En el caso de ces\u00e1reas o alumbramiento con complicaciones, el plazo para poder coger un avi\u00f3n asciende a 10 d\u00edas.<\/span><\/p>\n<p><span style=\"font-weight: 400;\">Se trata de lo m\u00e1s habitual, pero se debe estudiar detalladamente cada condici\u00f3n de la aerol\u00ednea, pues es posible que los plazos y requisitos aumenten seg\u00fan cada compa\u00f1\u00eda.<\/span><\/p>\n<p style=\"text-align: center;\"><iframe loading=\"lazy\" src=\"https:\/\/www.facebook.com\/plugins\/post.php?href=https%3A%2F%2Fwww.facebook.com%2Freclamador.es%2Fposts%2Fpfbid0o4rdmA29BLeKs7vpXAMjXv3GsHrQ17vicoM3vKBXLBEpiNxVfh2aVSrQezbzJYG2l&amp;show_text=true&amp;width=500\" width=\"500\" height=\"812\" style=\"border:none;overflow:hidden\" scrolling=\"no\" frameborder=\"0\" allowfullscreen=\"true\" allow=\"autoplay; clipboard-write; encrypted-media; picture-in-picture; web-share\"><\/iframe><\/p>\n<h2><b>\u00bfPueden los reci\u00e9n nacidos viajar en avi\u00f3n?<\/b><\/h2>\n<p><span style=\"font-weight: 400;\">En la p\u00e1gina web de<\/span> <span style=\"font-weight: 400;\">AENA<\/span><span style=\"font-weight: 400;\"> se se\u00f1ala que<\/span><em> \u201c<span style=\"font-weight: 400;\">los beb\u00e9s pueden volar a partir de las 48 horas de su nacimiento, pero es recomendable que no lo hagan hasta pasada una semana para vuelos cortos y al menos tres semanas para vuelos de larga duraci\u00f3n\u201d.<\/span><\/em><\/p>\n<p><span style=\"font-weight: 400;\">Al igual que en el caso de embarazadas, se recomienda consultar la pol\u00edtica de la aerol\u00ednea. Por ejemplo, Ryanair o Vueling, impiden volar a beb\u00e9s menores de 8 d\u00edas.<\/span><\/p>\n<h6 style=\"text-align: center;\"><strong><a href=\"https:\/\/www.reclamador.es\/blog\/llevar-comida-equipaje-mano\/\">\u00bfSe pueden llevar papillas y alimentos infantiles dentro del avi\u00f3n?<\/a><\/strong><\/h6>\n<h2><b>Tercera edad<\/b><\/h2>\n<p><span style=\"font-weight: 400;\">No hay impedimentos para que los pasajeros de vuelos de la tercera edad viajen en avi\u00f3n. Si necesitara asistencia a la llegada al aeropuerto, <a href=\"https:\/\/www.aena.es\/es\/personas-movilidad-reducida-discapacidad.html\" target=\"_blank\" rel=\"noopener noreferrer\">AENA<\/a> ofrece un servicio de asistencia sin coste alguno para el pasajero. Para ello, explican desde su web que <em>\u201c<\/em><\/span><em><span style=\"font-weight: 400;\">a trav\u00e9s de su web p\u00fablica, Aena pone a disposici\u00f3n de cualquier pasajero con movilidad reducida la posibilidad de realizar una solicitud de asistencia, sin coste alguno, en sus aeropuertos espa\u00f1oles.\u201d<\/span><\/em><\/p>\n<h2><strong>Derechos de los pasajeros a\u00e9reos<\/strong><\/h2>\n<p><span style=\"font-weight: 400;\">Ya conoces las condiciones habituales para volar personas de mujeres embarazadas o beb\u00e9s y el grupo de la tercera edad. Desde reclamador.es te recordamos que <strong><a href=\"https:\/\/www.reclamador.es\/tus-derechos\/derechos-del-pasajero\/\">como pasajero a\u00e9reo tienes unos derechos<\/a><\/strong>. Entre ellos el de compensaci\u00f3n econ\u00f3mica en caso de <a href=\"https:\/\/www.reclamador.es\/aerolineas\/cancelacion-vuelo\/\">cancelaci\u00f3n<\/a> o <a href=\"https:\/\/www.reclamador.es\/aerolineas\/retraso-vuelo\/\">retraso<\/a> si el vuelo llega a su destino m\u00e1s de tres horas despu\u00e9s del momento fijado. Esa indemnizaci\u00f3n ir\u00e1 de los 250 a los 600 euros, en funci\u00f3n de la distancia de tu vuelo, m\u00e1s los gastos derivados de la incidencia. Consulta con nuestros abogados expertos.<\/span><\/p>\n<h2 style=\"text-align: center;\"><strong><a class=\"button-lead\" href=\"https:\/\/www.reclamador.es\/aerolineas\/\">\u00bfHas sufrido un problema en un vuelo? Consulta con un abogado<\/a><\/strong><\/h2>\n<p>Si te ha parecido interesante este contenido, comp\u00e1rtelo en tus redes \ud83d\ude42<\/p>\n<div class=\"ttr_end\"><\/div>","protected":false},"excerpt":{"rendered":"<p>En reclamador.es queremos resolver algunas dudas que se plantea a aquellos que van a coger un avi\u00f3n, como, por ejemplo, si pueden impedir el embarque de una embarazada, prohibir volar a beb\u00e9s o si est\u00e1n obligadas las aerol\u00edneas a ayudar a ancianos. Viajar en avi\u00f3n embarazada Los trayectos en avi\u00f3n, seg\u00fan distintos estudios, no suponen [&hellip;]<\/p>\n","protected":false},"author":1,"featured_media":30015,"comment_status":"closed","ping_status":"open","sticky":false,"template":"","format":"standard","meta":{"_acf_changed":false,"_genesis_hide_title":false,"_genesis_hide_breadcrumbs":false,"_genesis_hide_singular_image":false,"_genesis_hide_footer_widgets":false,"_genesis_custom_body_class":"","_genesis_custom_post_class":"","_genesis_layout":"","_jetpack_newsletter_access":"","_jetpack_dont_email_post_to_subs":false,"_jetpack_newsletter_tier_id":0,"_jetpack_memberships_contains_paywalled_content":false,"_jetpack_memberships_contains_paid_content":false,"footnotes":""},"categories":[393],"tags":[380,506],"class_list":{"0":"post-440","1":"post","2":"type-post","3":"status-publish","4":"format-standard","5":"has-post-thumbnail","7":"category-consejos","8":"tag-aerolineas","9":"tag-aeropuerto","10":"entry"},"acf":[],"yoast_head":"<!-- This site is optimized with the Yoast SEO plugin v27.4 - https:\/\/yoast.com\/product\/yoast-seo-wordpress\/ -->\n<title>Viajar en avi\u00f3n embarazada y otros viajeros especiales<\/title>\n<meta name=\"description\" content=\"\u00bfSabes si los viajes en avi\u00f3n de embarazadas, reci\u00e9n nacidos o de ancianos son de riesgo o necesitan a alguien que los ayude? Te lo explicamos aqu\u00ed.\" \/>\n<meta name=\"robots\" content=\"index, follow, max-snippet:-1, max-image-preview:large, max-video-preview:-1\" \/>\n<link rel=\"canonical\" href=\"https:\/\/www.reclamador.es\/blog\/viajes-en-avion-de-embarazadas-bebes-y-ancianos\/\" \/>\n<meta property=\"og:locale\" content=\"es_ES\" \/>\n<meta property=\"og:type\" content=\"article\" \/>\n<meta property=\"og:title\" content=\"Viajar en avi\u00f3n embarazada y otros viajeros especiales\" \/>\n<meta property=\"og:description\" content=\"\u00bfSabes si los viajes en avi\u00f3n de embarazadas, reci\u00e9n nacidos o de ancianos son de riesgo o necesitan a alguien que los ayude? Te lo explicamos aqu\u00ed.\" \/>\n<meta property=\"og:url\" content=\"https:\/\/www.reclamador.es\/blog\/viajes-en-avion-de-embarazadas-bebes-y-ancianos\/\" \/>\n<meta property=\"og:site_name\" content=\"Rebeldes con causa, el blog de reclamador.es\" \/>\n<meta property=\"article:publisher\" content=\"https:\/\/www.facebook.com\/reclamador.es\" \/>\n<meta property=\"article:published_time\" content=\"2022-08-25T07:22:00+00:00\" \/>\n<meta property=\"article:modified_time\" content=\"2023-11-20T12:20:04+00:00\" \/>\n<meta property=\"og:image\" content=\"https:\/\/i0.wp.com\/www.reclamador.es\/blog\/wp-content\/uploads\/2020\/01\/derechos-pasajeros-europeos.jpg?fit=1200%2C628&ssl=1\" \/>\n\t<meta property=\"og:image:width\" content=\"1200\" \/>\n\t<meta property=\"og:image:height\" content=\"628\" \/>\n\t<meta property=\"og:image:type\" content=\"image\/jpeg\" \/>\n<meta name=\"author\" content=\"Equipo reclamador\" \/>\n<meta name=\"twitter:card\" content=\"summary_large_image\" \/>\n<meta name=\"twitter:image\" content=\"https:\/\/i0.wp.com\/www.reclamador.es\/blog\/wp-content\/uploads\/2020\/01\/derechos-pasajeros-europeos.jpg?fit=1200%2C628&ssl=1\" \/>\n<meta name=\"twitter:creator\" content=\"@reclamador\" \/>\n<meta name=\"twitter:site\" content=\"@reclamador\" \/>\n<meta name=\"twitter:label1\" content=\"Escrito por\" \/>\n\t<meta name=\"twitter:data1\" content=\"Equipo reclamador\" \/>\n\t<meta name=\"twitter:label2\" content=\"Tiempo de lectura\" \/>\n\t<meta name=\"twitter:data2\" content=\"4 minutos\" \/>\n<script type=\"application\/ld+json\" class=\"yoast-schema-graph\">{\"@context\":\"https:\\\/\\\/schema.org\",\"@graph\":[{\"@type\":\"Article\",\"@id\":\"https:\\\/\\\/www.reclamador.es\\\/blog\\\/viajes-en-avion-de-embarazadas-bebes-y-ancianos\\\/#article\",\"isPartOf\":{\"@id\":\"https:\\\/\\\/www.reclamador.es\\\/blog\\\/viajes-en-avion-de-embarazadas-bebes-y-ancianos\\\/\"},\"author\":{\"name\":\"Equipo reclamador\",\"@id\":\"https:\\\/\\\/www.reclamador.es\\\/blog\\\/#\\\/schema\\\/person\\\/1ed83eef8b6566cb5e4c812d9bc5c4bf\"},\"headline\":\"Viajes en avi\u00f3n: beb\u00e9s, embarazadas y ancianos\",\"datePublished\":\"2022-08-25T07:22:00+00:00\",\"dateModified\":\"2023-11-20T12:20:04+00:00\",\"mainEntityOfPage\":{\"@id\":\"https:\\\/\\\/www.reclamador.es\\\/blog\\\/viajes-en-avion-de-embarazadas-bebes-y-ancianos\\\/\"},\"wordCount\":859,\"publisher\":{\"@id\":\"https:\\\/\\\/www.reclamador.es\\\/blog\\\/#organization\"},\"image\":{\"@id\":\"https:\\\/\\\/www.reclamador.es\\\/blog\\\/viajes-en-avion-de-embarazadas-bebes-y-ancianos\\\/#primaryimage\"},\"thumbnailUrl\":\"https:\\\/\\\/i0.wp.com\\\/www.reclamador.es\\\/blog\\\/wp-content\\\/uploads\\\/2020\\\/01\\\/Viajar-en-avion-embarazada.jpg?fit=1200%2C693&ssl=1\",\"keywords\":[\"aerol\u00edneas\",\"aeropuerto\"],\"articleSection\":[\"Consejos legales\"],\"inLanguage\":\"es\"},{\"@type\":\"WebPage\",\"@id\":\"https:\\\/\\\/www.reclamador.es\\\/blog\\\/viajes-en-avion-de-embarazadas-bebes-y-ancianos\\\/\",\"url\":\"https:\\\/\\\/www.reclamador.es\\\/blog\\\/viajes-en-avion-de-embarazadas-bebes-y-ancianos\\\/\",\"name\":\"Viajar en avi\u00f3n embarazada y otros viajeros especiales\",\"isPartOf\":{\"@id\":\"https:\\\/\\\/www.reclamador.es\\\/blog\\\/#website\"},\"primaryImageOfPage\":{\"@id\":\"https:\\\/\\\/www.reclamador.es\\\/blog\\\/viajes-en-avion-de-embarazadas-bebes-y-ancianos\\\/#primaryimage\"},\"image\":{\"@id\":\"https:\\\/\\\/www.reclamador.es\\\/blog\\\/viajes-en-avion-de-embarazadas-bebes-y-ancianos\\\/#primaryimage\"},\"thumbnailUrl\":\"https:\\\/\\\/i0.wp.com\\\/www.reclamador.es\\\/blog\\\/wp-content\\\/uploads\\\/2020\\\/01\\\/Viajar-en-avion-embarazada.jpg?fit=1200%2C693&ssl=1\",\"datePublished\":\"2022-08-25T07:22:00+00:00\",\"dateModified\":\"2023-11-20T12:20:04+00:00\",\"description\":\"\u00bfSabes si los viajes en avi\u00f3n de embarazadas, reci\u00e9n nacidos o de ancianos son de riesgo o necesitan a alguien que los ayude? Te lo explicamos aqu\u00ed.\",\"breadcrumb\":{\"@id\":\"https:\\\/\\\/www.reclamador.es\\\/blog\\\/viajes-en-avion-de-embarazadas-bebes-y-ancianos\\\/#breadcrumb\"},\"inLanguage\":\"es\",\"potentialAction\":[{\"@type\":\"ReadAction\",\"target\":[\"https:\\\/\\\/www.reclamador.es\\\/blog\\\/viajes-en-avion-de-embarazadas-bebes-y-ancianos\\\/\"]}]},{\"@type\":\"ImageObject\",\"inLanguage\":\"es\",\"@id\":\"https:\\\/\\\/www.reclamador.es\\\/blog\\\/viajes-en-avion-de-embarazadas-bebes-y-ancianos\\\/#primaryimage\",\"url\":\"https:\\\/\\\/i0.wp.com\\\/www.reclamador.es\\\/blog\\\/wp-content\\\/uploads\\\/2020\\\/01\\\/Viajar-en-avion-embarazada.jpg?fit=1200%2C693&ssl=1\",\"contentUrl\":\"https:\\\/\\\/i0.wp.com\\\/www.reclamador.es\\\/blog\\\/wp-content\\\/uploads\\\/2020\\\/01\\\/Viajar-en-avion-embarazada.jpg?fit=1200%2C693&ssl=1\",\"width\":1200,\"height\":693,\"caption\":\"\u00bfHasta qu\u00e9 semana se puede viajar en avi\u00f3n embarazada?\"},{\"@type\":\"BreadcrumbList\",\"@id\":\"https:\\\/\\\/www.reclamador.es\\\/blog\\\/viajes-en-avion-de-embarazadas-bebes-y-ancianos\\\/#breadcrumb\",\"itemListElement\":[{\"@type\":\"ListItem\",\"position\":1,\"name\":\"Portada\",\"item\":\"https:\\\/\\\/www.reclamador.es\\\/blog\\\/\"},{\"@type\":\"ListItem\",\"position\":2,\"name\":\"Viajes en avi\u00f3n: beb\u00e9s, embarazadas y ancianos\"}]},{\"@type\":\"WebSite\",\"@id\":\"https:\\\/\\\/www.reclamador.es\\\/blog\\\/#website\",\"url\":\"https:\\\/\\\/www.reclamador.es\\\/blog\\\/\",\"name\":\"Rebeldes con causa, el blog de reclamador.es\",\"description\":\"Noticias, entrevistas y consejos sobre reclamaciones\",\"publisher\":{\"@id\":\"https:\\\/\\\/www.reclamador.es\\\/blog\\\/#organization\"},\"potentialAction\":[{\"@type\":\"SearchAction\",\"target\":{\"@type\":\"EntryPoint\",\"urlTemplate\":\"https:\\\/\\\/www.reclamador.es\\\/blog\\\/?s={search_term_string}\"},\"query-input\":{\"@type\":\"PropertyValueSpecification\",\"valueRequired\":true,\"valueName\":\"search_term_string\"}}],\"inLanguage\":\"es\"},{\"@type\":\"Organization\",\"@id\":\"https:\\\/\\\/www.reclamador.es\\\/blog\\\/#organization\",\"name\":\"reclamador.es\",\"url\":\"https:\\\/\\\/www.reclamador.es\\\/blog\\\/\",\"logo\":{\"@type\":\"ImageObject\",\"inLanguage\":\"es\",\"@id\":\"https:\\\/\\\/www.reclamador.es\\\/blog\\\/#\\\/schema\\\/logo\\\/image\\\/\",\"url\":\"https:\\\/\\\/i0.wp.com\\\/www.reclamador.es\\\/blog\\\/wp-content\\\/uploads\\\/2020\\\/01\\\/logo-reclamador.png?fit=1200%2C144&ssl=1\",\"contentUrl\":\"https:\\\/\\\/i0.wp.com\\\/www.reclamador.es\\\/blog\\\/wp-content\\\/uploads\\\/2020\\\/01\\\/logo-reclamador.png?fit=1200%2C144&ssl=1\",\"width\":1200,\"height\":144,\"caption\":\"reclamador.es\"},\"image\":{\"@id\":\"https:\\\/\\\/www.reclamador.es\\\/blog\\\/#\\\/schema\\\/logo\\\/image\\\/\"},\"sameAs\":[\"https:\\\/\\\/www.facebook.com\\\/reclamador.es\",\"https:\\\/\\\/x.com\\\/reclamador\",\"https:\\\/\\\/www.instagram.com\\\/reclamador.es\\\/\",\"https:\\\/\\\/www.linkedin.com\\\/company\\\/reclamador-es\",\"https:\\\/\\\/www.youtube.com\\\/user\\\/Reclamadores\"]},{\"@type\":\"Person\",\"@id\":\"https:\\\/\\\/www.reclamador.es\\\/blog\\\/#\\\/schema\\\/person\\\/1ed83eef8b6566cb5e4c812d9bc5c4bf\",\"name\":\"Equipo reclamador\",\"image\":{\"@type\":\"ImageObject\",\"inLanguage\":\"es\",\"@id\":\"https:\\\/\\\/secure.gravatar.com\\\/avatar\\\/6442ecdc2c4472c600c113f34d340feca47107d6aa4f42f1e3e75a2a8e28a760?s=96&d=mm&r=g\",\"url\":\"https:\\\/\\\/secure.gravatar.com\\\/avatar\\\/6442ecdc2c4472c600c113f34d340feca47107d6aa4f42f1e3e75a2a8e28a760?s=96&d=mm&r=g\",\"contentUrl\":\"https:\\\/\\\/secure.gravatar.com\\\/avatar\\\/6442ecdc2c4472c600c113f34d340feca47107d6aa4f42f1e3e75a2a8e28a760?s=96&d=mm&r=g\",\"caption\":\"Equipo reclamador\"},\"description\":\"Las personas que hacen posible reclamador.es\",\"url\":\"https:\\\/\\\/www.reclamador.es\\\/blog\\\/author\\\/administrador\\\/\"}]}<\/script>\n<!-- \/ Yoast SEO plugin. -->","yoast_head_json":{"title":"Viajar en avi\u00f3n embarazada y otros viajeros especiales","description":"\u00bfSabes si los viajes en avi\u00f3n de embarazadas, reci\u00e9n nacidos o de ancianos son de riesgo o necesitan a alguien que los ayude? Te lo explicamos aqu\u00ed.","robots":{"index":"index","follow":"follow","max-snippet":"max-snippet:-1","max-image-preview":"max-image-preview:large","max-video-preview":"max-video-preview:-1"},"canonical":"https:\/\/www.reclamador.es\/blog\/viajes-en-avion-de-embarazadas-bebes-y-ancianos\/","og_locale":"es_ES","og_type":"article","og_title":"Viajar en avi\u00f3n embarazada y otros viajeros especiales","og_description":"\u00bfSabes si los viajes en avi\u00f3n de embarazadas, reci\u00e9n nacidos o de ancianos son de riesgo o necesitan a alguien que los ayude? Te lo explicamos aqu\u00ed.","og_url":"https:\/\/www.reclamador.es\/blog\/viajes-en-avion-de-embarazadas-bebes-y-ancianos\/","og_site_name":"Rebeldes con causa, el blog de reclamador.es","article_publisher":"https:\/\/www.facebook.com\/reclamador.es","article_published_time":"2022-08-25T07:22:00+00:00","article_modified_time":"2023-11-20T12:20:04+00:00","og_image":[{"width":1200,"height":628,"url":"https:\/\/i0.wp.com\/www.reclamador.es\/blog\/wp-content\/uploads\/2020\/01\/derechos-pasajeros-europeos.jpg?fit=1200%2C628&ssl=1","type":"image\/jpeg"}],"author":"Equipo reclamador","twitter_card":"summary_large_image","twitter_image":"https:\/\/i0.wp.com\/www.reclamador.es\/blog\/wp-content\/uploads\/2020\/01\/derechos-pasajeros-europeos.jpg?fit=1200%2C628&ssl=1","twitter_creator":"@reclamador","twitter_site":"@reclamador","twitter_misc":{"Escrito por":"Equipo reclamador","Tiempo de lectura":"4 minutos"},"schema":{"@context":"https:\/\/schema.org","@graph":[{"@type":"Article","@id":"https:\/\/www.reclamador.es\/blog\/viajes-en-avion-de-embarazadas-bebes-y-ancianos\/#article","isPartOf":{"@id":"https:\/\/www.reclamador.es\/blog\/viajes-en-avion-de-embarazadas-bebes-y-ancianos\/"},"author":{"name":"Equipo reclamador","@id":"https:\/\/www.reclamador.es\/blog\/#\/schema\/person\/1ed83eef8b6566cb5e4c812d9bc5c4bf"},"headline":"Viajes en avi\u00f3n: beb\u00e9s, embarazadas y ancianos","datePublished":"2022-08-25T07:22:00+00:00","dateModified":"2023-11-20T12:20:04+00:00","mainEntityOfPage":{"@id":"https:\/\/www.reclamador.es\/blog\/viajes-en-avion-de-embarazadas-bebes-y-ancianos\/"},"wordCount":859,"publisher":{"@id":"https:\/\/www.reclamador.es\/blog\/#organization"},"image":{"@id":"https:\/\/www.reclamador.es\/blog\/viajes-en-avion-de-embarazadas-bebes-y-ancianos\/#primaryimage"},"thumbnailUrl":"https:\/\/i0.wp.com\/www.reclamador.es\/blog\/wp-content\/uploads\/2020\/01\/Viajar-en-avion-embarazada.jpg?fit=1200%2C693&ssl=1","keywords":["aerol\u00edneas","aeropuerto"],"articleSection":["Consejos legales"],"inLanguage":"es"},{"@type":"WebPage","@id":"https:\/\/www.reclamador.es\/blog\/viajes-en-avion-de-embarazadas-bebes-y-ancianos\/","url":"https:\/\/www.reclamador.es\/blog\/viajes-en-avion-de-embarazadas-bebes-y-ancianos\/","name":"Viajar en avi\u00f3n embarazada y otros viajeros especiales","isPartOf":{"@id":"https:\/\/www.reclamador.es\/blog\/#website"},"primaryImageOfPage":{"@id":"https:\/\/www.reclamador.es\/blog\/viajes-en-avion-de-embarazadas-bebes-y-ancianos\/#primaryimage"},"image":{"@id":"https:\/\/www.reclamador.es\/blog\/viajes-en-avion-de-embarazadas-bebes-y-ancianos\/#primaryimage"},"thumbnailUrl":"https:\/\/i0.wp.com\/www.reclamador.es\/blog\/wp-content\/uploads\/2020\/01\/Viajar-en-avion-embarazada.jpg?fit=1200%2C693&ssl=1","datePublished":"2022-08-25T07:22:00+00:00","dateModified":"2023-11-20T12:20:04+00:00","description":"\u00bfSabes si los viajes en avi\u00f3n de embarazadas, reci\u00e9n nacidos o de ancianos son de riesgo o necesitan a alguien que los ayude? Te lo explicamos aqu\u00ed.","breadcrumb":{"@id":"https:\/\/www.reclamador.es\/blog\/viajes-en-avion-de-embarazadas-bebes-y-ancianos\/#breadcrumb"},"inLanguage":"es","potentialAction":[{"@type":"ReadAction","target":["https:\/\/www.reclamador.es\/blog\/viajes-en-avion-de-embarazadas-bebes-y-ancianos\/"]}]},{"@type":"ImageObject","inLanguage":"es","@id":"https:\/\/www.reclamador.es\/blog\/viajes-en-avion-de-embarazadas-bebes-y-ancianos\/#primaryimage","url":"https:\/\/i0.wp.com\/www.reclamador.es\/blog\/wp-content\/uploads\/2020\/01\/Viajar-en-avion-embarazada.jpg?fit=1200%2C693&ssl=1","contentUrl":"https:\/\/i0.wp.com\/www.reclamador.es\/blog\/wp-content\/uploads\/2020\/01\/Viajar-en-avion-embarazada.jpg?fit=1200%2C693&ssl=1","width":1200,"height":693,"caption":"\u00bfHasta qu\u00e9 semana se puede viajar en avi\u00f3n embarazada?"},{"@type":"BreadcrumbList","@id":"https:\/\/www.reclamador.es\/blog\/viajes-en-avion-de-embarazadas-bebes-y-ancianos\/#breadcrumb","itemListElement":[{"@type":"ListItem","position":1,"name":"Portada","item":"https:\/\/www.reclamador.es\/blog\/"},{"@type":"ListItem","position":2,"name":"Viajes en avi\u00f3n: beb\u00e9s, embarazadas y ancianos"}]},{"@type":"WebSite","@id":"https:\/\/www.reclamador.es\/blog\/#website","url":"https:\/\/www.reclamador.es\/blog\/","name":"Rebeldes con causa, el blog de reclamador.es","description":"Noticias, entrevistas y consejos sobre reclamaciones","publisher":{"@id":"https:\/\/www.reclamador.es\/blog\/#organization"},"potentialAction":[{"@type":"SearchAction","target":{"@type":"EntryPoint","urlTemplate":"https:\/\/www.reclamador.es\/blog\/?s={search_term_string}"},"query-input":{"@type":"PropertyValueSpecification","valueRequired":true,"valueName":"search_term_string"}}],"inLanguage":"es"},{"@type":"Organization","@id":"https:\/\/www.reclamador.es\/blog\/#organization","name":"reclamador.es","url":"https:\/\/www.reclamador.es\/blog\/","logo":{"@type":"ImageObject","inLanguage":"es","@id":"https:\/\/www.reclamador.es\/blog\/#\/schema\/logo\/image\/","url":"https:\/\/i0.wp.com\/www.reclamador.es\/blog\/wp-content\/uploads\/2020\/01\/logo-reclamador.png?fit=1200%2C144&ssl=1","contentUrl":"https:\/\/i0.wp.com\/www.reclamador.es\/blog\/wp-content\/uploads\/2020\/01\/logo-reclamador.png?fit=1200%2C144&ssl=1","width":1200,"height":144,"caption":"reclamador.es"},"image":{"@id":"https:\/\/www.reclamador.es\/blog\/#\/schema\/logo\/image\/"},"sameAs":["https:\/\/www.facebook.com\/reclamador.es","https:\/\/x.com\/reclamador","https:\/\/www.instagram.com\/reclamador.es\/","https:\/\/www.linkedin.com\/company\/reclamador-es","https:\/\/www.youtube.com\/user\/Reclamadores"]},{"@type":"Person","@id":"https:\/\/www.reclamador.es\/blog\/#\/schema\/person\/1ed83eef8b6566cb5e4c812d9bc5c4bf","name":"Equipo reclamador","image":{"@type":"ImageObject","inLanguage":"es","@id":"https:\/\/secure.gravatar.com\/avatar\/6442ecdc2c4472c600c113f34d340feca47107d6aa4f42f1e3e75a2a8e28a760?s=96&d=mm&r=g","url":"https:\/\/secure.gravatar.com\/avatar\/6442ecdc2c4472c600c113f34d340feca47107d6aa4f42f1e3e75a2a8e28a760?s=96&d=mm&r=g","contentUrl":"https:\/\/secure.gravatar.com\/avatar\/6442ecdc2c4472c600c113f34d340feca47107d6aa4f42f1e3e75a2a8e28a760?s=96&d=mm&r=g","caption":"Equipo reclamador"},"description":"Las personas que hacen posible reclamador.es","url":"https:\/\/www.reclamador.es\/blog\/author\/administrador\/"}]}},"jetpack_featured_media_url":"https:\/\/i0.wp.com\/www.reclamador.es\/blog\/wp-content\/uploads\/2020\/01\/Viajar-en-avion-embarazada.jpg?fit=1200%2C693&ssl=1","jetpack-related-posts":[{"id":22836,"url":"https:\/\/www.reclamador.es\/blog\/denegacion-de-embarque-no-reclamable\/","url_meta":{"origin":440,"position":0},"title":"Viajar bajo los efectos del alcohol o llegar con la puerta de embarque cerrada: Denegaciones de embarque no reclamables","author":"Alicia Ria\u00f1o","date":"3 diciembre, 2020","format":false,"excerpt":"*Texto modificado septiembre 2025 La denegaci\u00f3n de embarque m\u00e1s conocida es el overbooking. Una pr\u00e1ctica que, pese a ser legal, es indemnizable cuando no te presentas como voluntario para no embarcar. El overbooking se produce porque la aerol\u00ednea vende m\u00e1s billetes que plazas tiene la aeronave y, si todo el\u2026","rel":"","context":"En \u00abConsejos legales\u00bb","block_context":{"text":"Consejos legales","link":"https:\/\/www.reclamador.es\/blog\/consejos\/"},"img":{"alt_text":"aerolineas denegaciones de embarque","src":"https:\/\/i0.wp.com\/www.reclamador.es\/blog\/wp-content\/uploads\/2020\/09\/denegacion-de-embarque-no-reclamable.jpg?fit=1200%2C630&ssl=1&resize=350%2C200","width":350,"height":200,"srcset":"https:\/\/i0.wp.com\/www.reclamador.es\/blog\/wp-content\/uploads\/2020\/09\/denegacion-de-embarque-no-reclamable.jpg?fit=1200%2C630&ssl=1&resize=350%2C200 1x, https:\/\/i0.wp.com\/www.reclamador.es\/blog\/wp-content\/uploads\/2020\/09\/denegacion-de-embarque-no-reclamable.jpg?fit=1200%2C630&ssl=1&resize=525%2C300 1.5x, https:\/\/i0.wp.com\/www.reclamador.es\/blog\/wp-content\/uploads\/2020\/09\/denegacion-de-embarque-no-reclamable.jpg?fit=1200%2C630&ssl=1&resize=700%2C400 2x, https:\/\/i0.wp.com\/www.reclamador.es\/blog\/wp-content\/uploads\/2020\/09\/denegacion-de-embarque-no-reclamable.jpg?fit=1200%2C630&ssl=1&resize=1050%2C600 3x"},"classes":[]},{"id":20573,"url":"https:\/\/www.reclamador.es\/blog\/viajar-ninos-avion\/","url_meta":{"origin":440,"position":1},"title":"Consejos b\u00e1sicos para viajar en avi\u00f3n con ni\u00f1os y beb\u00e9s","author":"Equipo reclamador","date":"15 mayo, 2024","format":false,"excerpt":"A la hora de planear una escapada con los m\u00e1s chiquitines, pueden surgir algunas dudas. \u00bfA partir de qu\u00e9 edad deben pagar el billete de avi\u00f3n? \u00bfSe deben facturar los carritos de beb\u00e9? \u00bfC\u00f3mo se hace? \u00bfPuedo reclamar una indemnizaci\u00f3n por retraso o cancelaci\u00f3n por ellos? En este post vamos\u2026","rel":"","context":"En \u00abConsejos legales\u00bb","block_context":{"text":"Consejos legales","link":"https:\/\/www.reclamador.es\/blog\/consejos\/"},"img":{"alt_text":"viajar con ni\u00f1os en avi\u00f3n","src":"https:\/\/i0.wp.com\/www.reclamador.es\/blog\/wp-content\/uploads\/2022\/09\/viajar-con-ninos-en-avion-2.jpg?fit=1200%2C630&ssl=1&resize=350%2C200","width":350,"height":200,"srcset":"https:\/\/i0.wp.com\/www.reclamador.es\/blog\/wp-content\/uploads\/2022\/09\/viajar-con-ninos-en-avion-2.jpg?fit=1200%2C630&ssl=1&resize=350%2C200 1x, https:\/\/i0.wp.com\/www.reclamador.es\/blog\/wp-content\/uploads\/2022\/09\/viajar-con-ninos-en-avion-2.jpg?fit=1200%2C630&ssl=1&resize=525%2C300 1.5x, https:\/\/i0.wp.com\/www.reclamador.es\/blog\/wp-content\/uploads\/2022\/09\/viajar-con-ninos-en-avion-2.jpg?fit=1200%2C630&ssl=1&resize=700%2C400 2x, https:\/\/i0.wp.com\/www.reclamador.es\/blog\/wp-content\/uploads\/2022\/09\/viajar-con-ninos-en-avion-2.jpg?fit=1200%2C630&ssl=1&resize=1050%2C600 3x"},"classes":[]},{"id":15801,"url":"https:\/\/www.reclamador.es\/blog\/entrevista-alberto-retraso-aerolineas\/","url_meta":{"origin":440,"position":2},"title":"Alberto Benbunan: \u201cLas compa\u00f1\u00edas a\u00e9reas no son transparentes con los pasajeros\u201d","author":"Equipo reclamador","date":"25 octubre, 2017","format":false,"excerpt":"Cuando planeas un viaje en avi\u00f3n pueden pasarte varias cosas. Lo deseable, que tu vuelo salga puntual y llegues a tu destino en el tiempo previsto, o que, por ejemplo, se retrase y pises tierra horas m\u00e1s tarde. Este \u00faltimo caso fue, precisamente, lo que le pas\u00f3 al reclamador que\u2026","rel":"","context":"En \u00abConoce todo lo que sucede en reclamador.es\u00bb","block_context":{"text":"Conoce todo lo que sucede en reclamador.es","link":"https:\/\/www.reclamador.es\/blog\/reclamadores\/"},"img":{"alt_text":"","src":"https:\/\/i0.wp.com\/www.reclamador.es\/blog\/wp-content\/uploads\/2017\/10\/Alberto-Benbunan-reclamador.png?fit=1200%2C800&ssl=1&resize=350%2C200","width":350,"height":200,"srcset":"https:\/\/i0.wp.com\/www.reclamador.es\/blog\/wp-content\/uploads\/2017\/10\/Alberto-Benbunan-reclamador.png?fit=1200%2C800&ssl=1&resize=350%2C200 1x, https:\/\/i0.wp.com\/www.reclamador.es\/blog\/wp-content\/uploads\/2017\/10\/Alberto-Benbunan-reclamador.png?fit=1200%2C800&ssl=1&resize=525%2C300 1.5x, https:\/\/i0.wp.com\/www.reclamador.es\/blog\/wp-content\/uploads\/2017\/10\/Alberto-Benbunan-reclamador.png?fit=1200%2C800&ssl=1&resize=700%2C400 2x, https:\/\/i0.wp.com\/www.reclamador.es\/blog\/wp-content\/uploads\/2017\/10\/Alberto-Benbunan-reclamador.png?fit=1200%2C800&ssl=1&resize=1050%2C600 3x"},"classes":[]},{"id":22319,"url":"https:\/\/www.reclamador.es\/blog\/cosas-que-hacer-en-viaje-largo\/","url_meta":{"origin":440,"position":3},"title":"\u00bfQu\u00e9 hacer en un viaje largo en avi\u00f3n? 6 recomendaciones para combatir el aburrimiento","author":"Alicia Ria\u00f1o","date":"30 agosto, 2024","format":false,"excerpt":"\u00bfEst\u00e1s planificando tu pr\u00f3ximo viaje y temes que al pasar muchas horas dentro de un avi\u00f3n puedas aburrirte? En reclamador.es hemos preparado este art\u00edculo donde te damos ideas para que se te haga m\u00e1s ameno el trayecto. \u00a0A continuaci\u00f3n te mostramos 6 cosas que hacer en el avi\u00f3n para no\u2026","rel":"","context":"En \u00abConsejos legales\u00bb","block_context":{"text":"Consejos legales","link":"https:\/\/www.reclamador.es\/blog\/consejos\/"},"img":{"alt_text":"que es viaje largo en avion - que hacer - reclador","src":"https:\/\/i0.wp.com\/www.reclamador.es\/blog\/wp-content\/uploads\/2020\/03\/que-hacer-durante-un-viaje-largo-en-avion-1200x630-1.jpg?fit=1200%2C630&ssl=1&resize=350%2C200","width":350,"height":200,"srcset":"https:\/\/i0.wp.com\/www.reclamador.es\/blog\/wp-content\/uploads\/2020\/03\/que-hacer-durante-un-viaje-largo-en-avion-1200x630-1.jpg?fit=1200%2C630&ssl=1&resize=350%2C200 1x, https:\/\/i0.wp.com\/www.reclamador.es\/blog\/wp-content\/uploads\/2020\/03\/que-hacer-durante-un-viaje-largo-en-avion-1200x630-1.jpg?fit=1200%2C630&ssl=1&resize=525%2C300 1.5x, https:\/\/i0.wp.com\/www.reclamador.es\/blog\/wp-content\/uploads\/2020\/03\/que-hacer-durante-un-viaje-largo-en-avion-1200x630-1.jpg?fit=1200%2C630&ssl=1&resize=700%2C400 2x, https:\/\/i0.wp.com\/www.reclamador.es\/blog\/wp-content\/uploads\/2020\/03\/que-hacer-durante-un-viaje-largo-en-avion-1200x630-1.jpg?fit=1200%2C630&ssl=1&resize=1050%2C600 3x"},"classes":[]},{"id":24002,"url":"https:\/\/www.reclamador.es\/blog\/consejos-para-dormir-en-el-avion\/","url_meta":{"origin":440,"position":4},"title":"Trucos para dormir en el avi\u00f3n en viajes largos","author":"Alicia Ria\u00f1o","date":"6 diciembre, 2024","format":false,"excerpt":"Una de las premisas en los viajes largos en avi\u00f3n es intentar dormir unas horas para que ese trayecto se haga m\u00e1s ameno. Incluso en los viajes de media distancia, esos que duran entre 2 y 3 horas, la mayor\u00eda de pasajeros a\u00e9reos intenta \u201cdar una cabezadita\u201d para no aburrirse\u2026","rel":"","context":"En \u00abConsejos legales\u00bb","block_context":{"text":"Consejos legales","link":"https:\/\/www.reclamador.es\/blog\/consejos\/"},"img":{"alt_text":"Consejos para saber c\u00f3mo dormir o descansar en el avi\u00f3n","src":"https:\/\/i0.wp.com\/www.reclamador.es\/blog\/wp-content\/uploads\/2019\/12\/consejos-para-dormir-en-el-avion.jpg?fit=1200%2C630&ssl=1&resize=350%2C200","width":350,"height":200,"srcset":"https:\/\/i0.wp.com\/www.reclamador.es\/blog\/wp-content\/uploads\/2019\/12\/consejos-para-dormir-en-el-avion.jpg?fit=1200%2C630&ssl=1&resize=350%2C200 1x, https:\/\/i0.wp.com\/www.reclamador.es\/blog\/wp-content\/uploads\/2019\/12\/consejos-para-dormir-en-el-avion.jpg?fit=1200%2C630&ssl=1&resize=525%2C300 1.5x, https:\/\/i0.wp.com\/www.reclamador.es\/blog\/wp-content\/uploads\/2019\/12\/consejos-para-dormir-en-el-avion.jpg?fit=1200%2C630&ssl=1&resize=700%2C400 2x, https:\/\/i0.wp.com\/www.reclamador.es\/blog\/wp-content\/uploads\/2019\/12\/consejos-para-dormir-en-el-avion.jpg?fit=1200%2C630&ssl=1&resize=1050%2C600 3x"},"classes":[]},{"id":32077,"url":"https:\/\/www.reclamador.es\/blog\/viajar-avion-presupuesto-limitado\/","url_meta":{"origin":440,"position":5},"title":"Vuelos baratos: trucos para viajar en avi\u00f3n con poco presupuesto","author":"Alicia Ria\u00f1o","date":"9 mayo, 2025","format":false,"excerpt":"\u00bfEst\u00e1s buscando viajes con las 3 \u201cb\u201d? \u00bfBueno, bonito y barato? Viajar en avi\u00f3n con presupuesto limitado es posible. \u00bfC\u00f3mo? Con planificaci\u00f3n y algunos trucos que en este post hemos recopilado. A continuaci\u00f3n te contamos qu\u00e9 puedes hacer para conseguir un viaje en avi\u00f3n barato.\u00a0 Trucos para viajar en avi\u00f3n\u2026","rel":"","context":"En \u00abConsejos legales\u00bb","block_context":{"text":"Consejos legales","link":"https:\/\/www.reclamador.es\/blog\/consejos\/"},"img":{"alt_text":"viajar barato en avi\u00f3n","src":"https:\/\/i0.wp.com\/www.reclamador.es\/blog\/wp-content\/uploads\/2024\/03\/trucos-viajar-en-avion-con-presupuesto-limitado-1200x630-1.jpg?fit=1200%2C630&ssl=1&resize=350%2C200","width":350,"height":200,"srcset":"https:\/\/i0.wp.com\/www.reclamador.es\/blog\/wp-content\/uploads\/2024\/03\/trucos-viajar-en-avion-con-presupuesto-limitado-1200x630-1.jpg?fit=1200%2C630&ssl=1&resize=350%2C200 1x, https:\/\/i0.wp.com\/www.reclamador.es\/blog\/wp-content\/uploads\/2024\/03\/trucos-viajar-en-avion-con-presupuesto-limitado-1200x630-1.jpg?fit=1200%2C630&ssl=1&resize=525%2C300 1.5x, https:\/\/i0.wp.com\/www.reclamador.es\/blog\/wp-content\/uploads\/2024\/03\/trucos-viajar-en-avion-con-presupuesto-limitado-1200x630-1.jpg?fit=1200%2C630&ssl=1&resize=700%2C400 2x, https:\/\/i0.wp.com\/www.reclamador.es\/blog\/wp-content\/uploads\/2024\/03\/trucos-viajar-en-avion-con-presupuesto-limitado-1200x630-1.jpg?fit=1200%2C630&ssl=1&resize=1050%2C600 3x"},"classes":[]}],"jetpack_sharing_enabled":true,"_links":{"self":[{"href":"https:\/\/www.reclamador.es\/blog\/wp-json\/wp\/v2\/posts\/440","targetHints":{"allow":["GET"]}}],"collection":[{"href":"https:\/\/www.reclamador.es\/blog\/wp-json\/wp\/v2\/posts"}],"about":[{"href":"https:\/\/www.reclamador.es\/blog\/wp-json\/wp\/v2\/types\/post"}],"author":[{"embeddable":true,"href":"https:\/\/www.reclamador.es\/blog\/wp-json\/wp\/v2\/users\/1"}],"replies":[{"embeddable":true,"href":"https:\/\/www.reclamador.es\/blog\/wp-json\/wp\/v2\/comments?post=440"}],"version-history":[{"count":23,"href":"https:\/\/www.reclamador.es\/blog\/wp-json\/wp\/v2\/posts\/440\/revisions"}],"predecessor-version":[{"id":31732,"href":"https:\/\/www.reclamador.es\/blog\/wp-json\/wp\/v2\/posts\/440\/revisions\/31732"}],"wp:featuredmedia":[{"embeddable":true,"href":"https:\/\/www.reclamador.es\/blog\/wp-json\/wp\/v2\/media\/30015"}],"wp:attachment":[{"href":"https:\/\/www.reclamador.es\/blog\/wp-json\/wp\/v2\/media?parent=440"}],"wp:term":[{"taxonomy":"category","embeddable":true,"href":"https:\/\/www.reclamador.es\/blog\/wp-json\/wp\/v2\/categories?post=440"},{"taxonomy":"post_tag","embeddable":true,"href":"https:\/\/www.reclamador.es\/blog\/wp-json\/wp\/v2\/tags?post=440"}],"curies":[{"name":"wp","href":"https:\/\/api.w.org\/{rel}","templated":true}]}}