{"id":4229,"date":"2016-06-01T10:21:39","date_gmt":"2016-06-01T08:21:39","guid":{"rendered":"https:\/\/www.reclamador.es\/blog\/?p=4229"},"modified":"2024-09-10T13:38:35","modified_gmt":"2024-09-10T11:38:35","slug":"despido-nulo-causas-y-consecuencias","status":"publish","type":"post","link":"https:\/\/www.reclamador.es\/blog\/despido-nulo-causas-y-consecuencias\/","title":{"rendered":"Despido Nulo \u00a1Causas y Consecuencias!"},"content":{"rendered":"<div class=\"ttr_start\"><\/div>\n\n<div class=\"kk-star-ratings kksr-auto kksr-align-right kksr-valign-top\"\n    data-payload='{&quot;align&quot;:&quot;right&quot;,&quot;id&quot;:&quot;4229&quot;,&quot;slug&quot;:&quot;default&quot;,&quot;valign&quot;:&quot;top&quot;,&quot;ignore&quot;:&quot;&quot;,&quot;reference&quot;:&quot;auto&quot;,&quot;class&quot;:&quot;&quot;,&quot;count&quot;:&quot;3&quot;,&quot;legendonly&quot;:&quot;&quot;,&quot;readonly&quot;:&quot;&quot;,&quot;score&quot;:&quot;4.7&quot;,&quot;starsonly&quot;:&quot;&quot;,&quot;best&quot;:&quot;5&quot;,&quot;gap&quot;:&quot;3&quot;,&quot;greet&quot;:&quot;Valora este art\u00edculo&quot;,&quot;legend&quot;:&quot;4.7\\\/5 - (3 votos)&quot;,&quot;size&quot;:&quot;20&quot;,&quot;title&quot;:&quot;Despido Nulo \u00a1Causas y Consecuencias!&quot;,&quot;width&quot;:&quot;106.6&quot;,&quot;_legend&quot;:&quot;{score}\\\/{best} - ({count} {votes})&quot;,&quot;font_factor&quot;:&quot;1.25&quot;}'>\n            \n<div class=\"kksr-stars\">\n    \n<div class=\"kksr-stars-inactive\">\n            <div class=\"kksr-star\" data-star=\"1\" style=\"padding-right: 3px\">\n            \n\n<div class=\"kksr-icon\" style=\"width: 20px; height: 20px;\"><\/div>\n        <\/div>\n            <div class=\"kksr-star\" data-star=\"2\" style=\"padding-right: 3px\">\n            \n\n<div class=\"kksr-icon\" style=\"width: 20px; height: 20px;\"><\/div>\n        <\/div>\n            <div class=\"kksr-star\" data-star=\"3\" style=\"padding-right: 3px\">\n            \n\n<div class=\"kksr-icon\" style=\"width: 20px; height: 20px;\"><\/div>\n        <\/div>\n            <div class=\"kksr-star\" data-star=\"4\" style=\"padding-right: 3px\">\n            \n\n<div class=\"kksr-icon\" style=\"width: 20px; height: 20px;\"><\/div>\n        <\/div>\n            <div class=\"kksr-star\" data-star=\"5\" style=\"padding-right: 3px\">\n            \n\n<div class=\"kksr-icon\" style=\"width: 20px; height: 20px;\"><\/div>\n        <\/div>\n    <\/div>\n    \n<div class=\"kksr-stars-active\" style=\"width: 106.6px;\">\n            <div class=\"kksr-star\" style=\"padding-right: 3px\">\n            \n\n<div class=\"kksr-icon\" style=\"width: 20px; height: 20px;\"><\/div>\n        <\/div>\n            <div class=\"kksr-star\" style=\"padding-right: 3px\">\n            \n\n<div class=\"kksr-icon\" style=\"width: 20px; height: 20px;\"><\/div>\n        <\/div>\n            <div class=\"kksr-star\" style=\"padding-right: 3px\">\n            \n\n<div class=\"kksr-icon\" style=\"width: 20px; height: 20px;\"><\/div>\n        <\/div>\n            <div class=\"kksr-star\" style=\"padding-right: 3px\">\n            \n\n<div class=\"kksr-icon\" style=\"width: 20px; height: 20px;\"><\/div>\n        <\/div>\n            <div class=\"kksr-star\" style=\"padding-right: 3px\">\n            \n\n<div class=\"kksr-icon\" style=\"width: 20px; height: 20px;\"><\/div>\n        <\/div>\n    <\/div>\n<\/div>\n                \n\n<div class=\"kksr-legend\" style=\"font-size: 16px;\">\n            4.7\/5 - (3 votos)    <\/div>\n    <\/div>\n<figure id=\"attachment_32752\" aria-describedby=\"caption-attachment-32752\" style=\"width: 1200px\" class=\"wp-caption aligncenter\"><img data-recalc-dims=\"1\" loading=\"lazy\" decoding=\"async\" class=\"size-full wp-image-32752\" src=\"https:\/\/i0.wp.com\/www.reclamador.es\/blog\/wp-content\/uploads\/2016\/06\/guia-despido-nulo-reclamador.jpg?resize=1200%2C630&#038;ssl=1\" alt=\"despido nulo \" width=\"1200\" height=\"630\" srcset=\"https:\/\/i0.wp.com\/www.reclamador.es\/blog\/wp-content\/uploads\/2016\/06\/guia-despido-nulo-reclamador.jpg?w=1200&amp;ssl=1 1200w, https:\/\/i0.wp.com\/www.reclamador.es\/blog\/wp-content\/uploads\/2016\/06\/guia-despido-nulo-reclamador.jpg?resize=800%2C420&amp;ssl=1 800w, https:\/\/i0.wp.com\/www.reclamador.es\/blog\/wp-content\/uploads\/2016\/06\/guia-despido-nulo-reclamador.jpg?resize=150%2C79&amp;ssl=1 150w, https:\/\/i0.wp.com\/www.reclamador.es\/blog\/wp-content\/uploads\/2016\/06\/guia-despido-nulo-reclamador.jpg?resize=768%2C403&amp;ssl=1 768w\" sizes=\"auto, (max-width: 1000px) 100vw, 1000px\" \/><figcaption id=\"caption-attachment-32752\" class=\"wp-caption-text\"><em>Gu\u00eda sobre el despido nulo<\/em><\/figcaption><\/figure>\n<p class=\"p1\">Cuando se produce el <b>despido de un empleado<\/b>, dicho despido puede ser calificado de <b>procedente<\/b>, si la decisi\u00f3n se ha tomado por causas correctamente justificadas; de <b>improcedente<\/b>, si no se han cumplido los requisitos formales o no est\u00e1 adecuadamente argumentado; o despido <b>nulo<\/b><span class=\"s1\">.<\/span><\/p>\n<p class=\"p1\">En este post, nos vamos a centrar en conocer un poco m\u00e1s en las causas y las consecuencias de un los despidos nulos. En este sentido, se habla de <a href=\"https:\/\/www.mites.gob.es\/es\/Guia\/texto\/guia_7\/contenidos\/guia_7_17_3.htm\" target=\"_blank\" rel=\"noopener\"><b>despido nulo<\/b><\/a> cuando la decisi\u00f3n del empresario se hace en base a una serie de <b>aspectos discriminatorios<\/b> recogidos en la Constituci\u00f3n Espa\u00f1ola o en otras leyes, o cuando <b>atenta contra los derechos fundamentales<\/b> o las libertades p\u00fablicas de ese empleado.<\/p>\n<h2 class=\"p1\" style=\"text-align: left;\"><strong>\u00bfQu\u00e9 se considera Despido Nulo?<\/strong><\/h2>\n<ul class=\"ul1\">\n<li class=\"li1\"><b>Al estar en suspensi\u00f3n del contrato por maternidad y paternidad<\/b>, por riesgo en el embarazo o periodo de lactancia, por enfermedades relacionadas con el embarazo, o por acogimiento o adopci\u00f3n. Tambi\u00e9n al despedir a una embarazada antes de dicha suspensi\u00f3n.<\/li>\n<li class=\"li1\"><b>Al solicitar o disfrutar de un permiso de lactancia<\/b> por hijo menor de nueve meses o por nacimiento de hijo prematuro que necesite de hospitalizaci\u00f3n. Tambi\u00e9n por solicitar o disfrutar de reducci\u00f3n de jornada por motivos de guardia legal o enfermedad grave del menor que requiera tratamiento continuado.<\/li>\n<li class=\"li1\"><b>Al solicitar o disfrutar de excedencia<\/b> con el fin de cuidar a hijos u otros familiares.<\/li>\n<li class=\"li1\"><b>Al finalizar la suspensi\u00f3n del contrato por maternidad, paternidad, adopci\u00f3n o acogimiento<\/b>, si no han pasado m\u00e1s de nueve meses de la fecha de llegada del menor.<\/li>\n<li class=\"li1\">Al <b>ejercer el derecho de los trabajadores v\u00edctimas de violencia de g\u00e9nero.<\/b><\/li>\n<\/ul>\n<p class=\"p1\">Si el despido se justifica por motivos diferentes al embarazo o a los permisos y excedencias que se mencionan en los anteriores apartados, entonces el despido no podr\u00e1 ser calificado como nulo.<\/p>\n<h2 class=\"p1\" style=\"text-align: left;\"><b>Consecuencias de un Despido Nulo<\/b><\/h2>\n<p class=\"p1\">Las principales <b>consecuencias de un despido nulo<\/b> son las siguientes:<\/p>\n<ul class=\"ul1\">\n<li class=\"li1\">El empresario debe <b>readmitir al empleado<\/b> y <b>darle los salarios que ha dejado de percibir<\/b> desde la fecha de despido. Si el trabajador estuvo trabajando durante ese periodo o percibi\u00f3 la prestaci\u00f3n por desempleo, se deducir\u00e1 ese dinero de la cantidad a recibir por el empleado.<\/li>\n<li class=\"li1\">Adem\u00e1s, el empresario tambi\u00e9n tiene que <b>volver a inscribir al trabajador en la Seguridad Social con efectos desde el d\u00eda que se procedi\u00f3 a su despido<\/b>, para que quede reflejado como tiempo cotizado en todos los aspectos.<\/li>\n<\/ul>\n<p class=\"p1\">En caso de que el empleado considere que su despido se encuentra entre estos supuestos, deber\u00e1 <b>demandar a la empresa por despido nulo en el plazo de 20 d\u00edas<\/b>.<\/p>\n<h6 style=\"text-align: center;\"><a href=\"https:\/\/www.reclamador.es\/ayuda\/laboral\/primeros-pasos-para-reclamar-un-despido\/\"><strong>Primeros pasos para reclamar un despido<\/strong><\/a><\/h6>\n<p class=\"p1\">Para ello, deber\u00e1 presentar una papeleta de conciliaci\u00f3n en el <span class=\"s4\"><b>Servicio de Mediaci\u00f3n, Arbitraje y Conciliaci\u00f3n<\/b><\/span> (SMAC), con el fin de concertar una cita para el <b>Acto de Conciliaci\u00f3n<\/b>. Si durante el acto no se llega a ning\u00fan acuerdo, el trabajador deber\u00e1 acudir al Juzgado de lo Social para solicitar un juicio donde su despido pueda ser declarado como nulo.<\/p>\n<div class=\"ttr_end\"><\/div>","protected":false},"excerpt":{"rendered":"<p>Cuando se produce el despido de un empleado, dicho despido puede ser calificado de procedente, si la decisi\u00f3n se ha tomado por causas correctamente justificadas; de improcedente, si no se han cumplido los requisitos formales o no est\u00e1 adecuadamente argumentado; o despido nulo. En este post, nos vamos a centrar en conocer un poco m\u00e1s [&hellip;]<\/p>\n","protected":false},"author":1,"featured_media":32752,"comment_status":"open","ping_status":"open","sticky":false,"template":"","format":"standard","meta":{"_acf_changed":false,"_genesis_hide_title":false,"_genesis_hide_breadcrumbs":false,"_genesis_hide_singular_image":false,"_genesis_hide_footer_widgets":false,"_genesis_custom_body_class":"","_genesis_custom_post_class":"","_genesis_layout":"","_jetpack_newsletter_access":"","_jetpack_dont_email_post_to_subs":true,"_jetpack_newsletter_tier_id":0,"_jetpack_memberships_contains_paywalled_content":false,"_jetpack_memberships_contains_paid_content":false,"footnotes":""},"categories":[393],"tags":[266,289],"class_list":{"0":"post-4229","1":"post","2":"type-post","3":"status-publish","4":"format-standard","5":"has-post-thumbnail","7":"category-consejos","8":"tag-laboral","9":"tag-reclamacion","10":"entry"},"acf":[],"yoast_head":"<!-- This site is optimized with the Yoast SEO plugin v27.4 - https:\/\/yoast.com\/product\/yoast-seo-wordpress\/ -->\n<title>Despido Nulo - Causas y Consecuencias<\/title>\n<meta name=\"description\" content=\"Descubre las causas y las consecuencias que tiene la declaraci\u00f3n de un despido nulo. \u00a1Defiende tus derechos como trabajador!\" \/>\n<meta name=\"robots\" content=\"index, follow, max-snippet:-1, max-image-preview:large, max-video-preview:-1\" \/>\n<link rel=\"canonical\" href=\"https:\/\/www.reclamador.es\/blog\/despido-nulo-causas-y-consecuencias\/\" \/>\n<meta property=\"og:locale\" content=\"es_ES\" \/>\n<meta property=\"og:type\" content=\"article\" \/>\n<meta property=\"og:title\" content=\"Despido Nulo - Causas y Consecuencias\" \/>\n<meta property=\"og:description\" content=\"Descubre las causas y las consecuencias que tiene la declaraci\u00f3n de un despido nulo. \u00a1Defiende tus derechos como trabajador!\" \/>\n<meta property=\"og:url\" content=\"https:\/\/www.reclamador.es\/blog\/despido-nulo-causas-y-consecuencias\/\" \/>\n<meta property=\"og:site_name\" content=\"Rebeldes con causa, el blog de reclamador.es\" \/>\n<meta property=\"article:publisher\" content=\"https:\/\/www.facebook.com\/reclamador.es\" \/>\n<meta property=\"article:published_time\" content=\"2016-06-01T08:21:39+00:00\" \/>\n<meta property=\"article:modified_time\" content=\"2024-09-10T11:38:35+00:00\" \/>\n<meta property=\"og:image\" content=\"https:\/\/www.reclamador.es\/blog\/wp-content\/uploads\/2016\/06\/guia-despido-nulo-reclamador.jpg\" \/>\n\t<meta property=\"og:image:width\" content=\"1200\" \/>\n\t<meta property=\"og:image:height\" content=\"630\" \/>\n\t<meta property=\"og:image:type\" content=\"image\/jpeg\" \/>\n<meta name=\"author\" content=\"Equipo reclamador\" \/>\n<meta name=\"twitter:card\" content=\"summary_large_image\" \/>\n<meta name=\"twitter:creator\" content=\"@reclamador\" \/>\n<meta name=\"twitter:site\" content=\"@reclamador\" \/>\n<meta name=\"twitter:label1\" content=\"Escrito por\" \/>\n\t<meta name=\"twitter:data1\" content=\"Equipo reclamador\" \/>\n\t<meta name=\"twitter:label2\" content=\"Tiempo de lectura\" \/>\n\t<meta name=\"twitter:data2\" content=\"3 minutos\" \/>\n<script type=\"application\/ld+json\" class=\"yoast-schema-graph\">{\"@context\":\"https:\\\/\\\/schema.org\",\"@graph\":[{\"@type\":\"Article\",\"@id\":\"https:\\\/\\\/www.reclamador.es\\\/blog\\\/despido-nulo-causas-y-consecuencias\\\/#article\",\"isPartOf\":{\"@id\":\"https:\\\/\\\/www.reclamador.es\\\/blog\\\/despido-nulo-causas-y-consecuencias\\\/\"},\"author\":{\"name\":\"Equipo reclamador\",\"@id\":\"https:\\\/\\\/www.reclamador.es\\\/blog\\\/#\\\/schema\\\/person\\\/1ed83eef8b6566cb5e4c812d9bc5c4bf\"},\"headline\":\"Despido Nulo \u00a1Causas y Consecuencias!\",\"datePublished\":\"2016-06-01T08:21:39+00:00\",\"dateModified\":\"2024-09-10T11:38:35+00:00\",\"mainEntityOfPage\":{\"@id\":\"https:\\\/\\\/www.reclamador.es\\\/blog\\\/despido-nulo-causas-y-consecuencias\\\/\"},\"wordCount\":530,\"commentCount\":7,\"publisher\":{\"@id\":\"https:\\\/\\\/www.reclamador.es\\\/blog\\\/#organization\"},\"image\":{\"@id\":\"https:\\\/\\\/www.reclamador.es\\\/blog\\\/despido-nulo-causas-y-consecuencias\\\/#primaryimage\"},\"thumbnailUrl\":\"https:\\\/\\\/i0.wp.com\\\/www.reclamador.es\\\/blog\\\/wp-content\\\/uploads\\\/2016\\\/06\\\/guia-despido-nulo-reclamador.jpg?fit=1200%2C630&ssl=1\",\"keywords\":[\"laboral\",\"reclamaci\u00f3n\"],\"articleSection\":[\"Consejos legales\"],\"inLanguage\":\"es\",\"potentialAction\":[{\"@type\":\"CommentAction\",\"name\":\"Comment\",\"target\":[\"https:\\\/\\\/www.reclamador.es\\\/blog\\\/despido-nulo-causas-y-consecuencias\\\/#respond\"]}]},{\"@type\":\"WebPage\",\"@id\":\"https:\\\/\\\/www.reclamador.es\\\/blog\\\/despido-nulo-causas-y-consecuencias\\\/\",\"url\":\"https:\\\/\\\/www.reclamador.es\\\/blog\\\/despido-nulo-causas-y-consecuencias\\\/\",\"name\":\"Despido Nulo - Causas y Consecuencias\",\"isPartOf\":{\"@id\":\"https:\\\/\\\/www.reclamador.es\\\/blog\\\/#website\"},\"primaryImageOfPage\":{\"@id\":\"https:\\\/\\\/www.reclamador.es\\\/blog\\\/despido-nulo-causas-y-consecuencias\\\/#primaryimage\"},\"image\":{\"@id\":\"https:\\\/\\\/www.reclamador.es\\\/blog\\\/despido-nulo-causas-y-consecuencias\\\/#primaryimage\"},\"thumbnailUrl\":\"https:\\\/\\\/i0.wp.com\\\/www.reclamador.es\\\/blog\\\/wp-content\\\/uploads\\\/2016\\\/06\\\/guia-despido-nulo-reclamador.jpg?fit=1200%2C630&ssl=1\",\"datePublished\":\"2016-06-01T08:21:39+00:00\",\"dateModified\":\"2024-09-10T11:38:35+00:00\",\"description\":\"Descubre las causas y las consecuencias que tiene la declaraci\u00f3n de un despido nulo. \u00a1Defiende tus derechos como trabajador!\",\"breadcrumb\":{\"@id\":\"https:\\\/\\\/www.reclamador.es\\\/blog\\\/despido-nulo-causas-y-consecuencias\\\/#breadcrumb\"},\"inLanguage\":\"es\",\"potentialAction\":[{\"@type\":\"ReadAction\",\"target\":[\"https:\\\/\\\/www.reclamador.es\\\/blog\\\/despido-nulo-causas-y-consecuencias\\\/\"]}]},{\"@type\":\"ImageObject\",\"inLanguage\":\"es\",\"@id\":\"https:\\\/\\\/www.reclamador.es\\\/blog\\\/despido-nulo-causas-y-consecuencias\\\/#primaryimage\",\"url\":\"https:\\\/\\\/i0.wp.com\\\/www.reclamador.es\\\/blog\\\/wp-content\\\/uploads\\\/2016\\\/06\\\/guia-despido-nulo-reclamador.jpg?fit=1200%2C630&ssl=1\",\"contentUrl\":\"https:\\\/\\\/i0.wp.com\\\/www.reclamador.es\\\/blog\\\/wp-content\\\/uploads\\\/2016\\\/06\\\/guia-despido-nulo-reclamador.jpg?fit=1200%2C630&ssl=1\",\"width\":1200,\"height\":630,\"caption\":\"Gu\u00eda sobre el despido nulo\"},{\"@type\":\"BreadcrumbList\",\"@id\":\"https:\\\/\\\/www.reclamador.es\\\/blog\\\/despido-nulo-causas-y-consecuencias\\\/#breadcrumb\",\"itemListElement\":[{\"@type\":\"ListItem\",\"position\":1,\"name\":\"Portada\",\"item\":\"https:\\\/\\\/www.reclamador.es\\\/blog\\\/\"},{\"@type\":\"ListItem\",\"position\":2,\"name\":\"Despido Nulo \u00a1Causas y Consecuencias!\"}]},{\"@type\":\"WebSite\",\"@id\":\"https:\\\/\\\/www.reclamador.es\\\/blog\\\/#website\",\"url\":\"https:\\\/\\\/www.reclamador.es\\\/blog\\\/\",\"name\":\"Rebeldes con causa, el blog de reclamador.es\",\"description\":\"Noticias, entrevistas y consejos sobre reclamaciones\",\"publisher\":{\"@id\":\"https:\\\/\\\/www.reclamador.es\\\/blog\\\/#organization\"},\"potentialAction\":[{\"@type\":\"SearchAction\",\"target\":{\"@type\":\"EntryPoint\",\"urlTemplate\":\"https:\\\/\\\/www.reclamador.es\\\/blog\\\/?s={search_term_string}\"},\"query-input\":{\"@type\":\"PropertyValueSpecification\",\"valueRequired\":true,\"valueName\":\"search_term_string\"}}],\"inLanguage\":\"es\"},{\"@type\":\"Organization\",\"@id\":\"https:\\\/\\\/www.reclamador.es\\\/blog\\\/#organization\",\"name\":\"reclamador.es\",\"url\":\"https:\\\/\\\/www.reclamador.es\\\/blog\\\/\",\"logo\":{\"@type\":\"ImageObject\",\"inLanguage\":\"es\",\"@id\":\"https:\\\/\\\/www.reclamador.es\\\/blog\\\/#\\\/schema\\\/logo\\\/image\\\/\",\"url\":\"https:\\\/\\\/i0.wp.com\\\/www.reclamador.es\\\/blog\\\/wp-content\\\/uploads\\\/2020\\\/01\\\/logo-reclamador.png?fit=1200%2C144&ssl=1\",\"contentUrl\":\"https:\\\/\\\/i0.wp.com\\\/www.reclamador.es\\\/blog\\\/wp-content\\\/uploads\\\/2020\\\/01\\\/logo-reclamador.png?fit=1200%2C144&ssl=1\",\"width\":1200,\"height\":144,\"caption\":\"reclamador.es\"},\"image\":{\"@id\":\"https:\\\/\\\/www.reclamador.es\\\/blog\\\/#\\\/schema\\\/logo\\\/image\\\/\"},\"sameAs\":[\"https:\\\/\\\/www.facebook.com\\\/reclamador.es\",\"https:\\\/\\\/x.com\\\/reclamador\",\"https:\\\/\\\/www.instagram.com\\\/reclamador.es\\\/\",\"https:\\\/\\\/www.linkedin.com\\\/company\\\/reclamador-es\",\"https:\\\/\\\/www.youtube.com\\\/user\\\/Reclamadores\"]},{\"@type\":\"Person\",\"@id\":\"https:\\\/\\\/www.reclamador.es\\\/blog\\\/#\\\/schema\\\/person\\\/1ed83eef8b6566cb5e4c812d9bc5c4bf\",\"name\":\"Equipo reclamador\",\"image\":{\"@type\":\"ImageObject\",\"inLanguage\":\"es\",\"@id\":\"https:\\\/\\\/secure.gravatar.com\\\/avatar\\\/6442ecdc2c4472c600c113f34d340feca47107d6aa4f42f1e3e75a2a8e28a760?s=96&d=mm&r=g\",\"url\":\"https:\\\/\\\/secure.gravatar.com\\\/avatar\\\/6442ecdc2c4472c600c113f34d340feca47107d6aa4f42f1e3e75a2a8e28a760?s=96&d=mm&r=g\",\"contentUrl\":\"https:\\\/\\\/secure.gravatar.com\\\/avatar\\\/6442ecdc2c4472c600c113f34d340feca47107d6aa4f42f1e3e75a2a8e28a760?s=96&d=mm&r=g\",\"caption\":\"Equipo reclamador\"},\"description\":\"Las personas que hacen posible reclamador.es\",\"url\":\"https:\\\/\\\/www.reclamador.es\\\/blog\\\/author\\\/administrador\\\/\"}]}<\/script>\n<!-- \/ Yoast SEO plugin. -->","yoast_head_json":{"title":"Despido Nulo - Causas y Consecuencias","description":"Descubre las causas y las consecuencias que tiene la declaraci\u00f3n de un despido nulo. \u00a1Defiende tus derechos como trabajador!","robots":{"index":"index","follow":"follow","max-snippet":"max-snippet:-1","max-image-preview":"max-image-preview:large","max-video-preview":"max-video-preview:-1"},"canonical":"https:\/\/www.reclamador.es\/blog\/despido-nulo-causas-y-consecuencias\/","og_locale":"es_ES","og_type":"article","og_title":"Despido Nulo - Causas y Consecuencias","og_description":"Descubre las causas y las consecuencias que tiene la declaraci\u00f3n de un despido nulo. \u00a1Defiende tus derechos como trabajador!","og_url":"https:\/\/www.reclamador.es\/blog\/despido-nulo-causas-y-consecuencias\/","og_site_name":"Rebeldes con causa, el blog de reclamador.es","article_publisher":"https:\/\/www.facebook.com\/reclamador.es","article_published_time":"2016-06-01T08:21:39+00:00","article_modified_time":"2024-09-10T11:38:35+00:00","og_image":[{"width":1200,"height":630,"url":"https:\/\/www.reclamador.es\/blog\/wp-content\/uploads\/2016\/06\/guia-despido-nulo-reclamador.jpg","type":"image\/jpeg"}],"author":"Equipo reclamador","twitter_card":"summary_large_image","twitter_creator":"@reclamador","twitter_site":"@reclamador","twitter_misc":{"Escrito por":"Equipo reclamador","Tiempo de lectura":"3 minutos"},"schema":{"@context":"https:\/\/schema.org","@graph":[{"@type":"Article","@id":"https:\/\/www.reclamador.es\/blog\/despido-nulo-causas-y-consecuencias\/#article","isPartOf":{"@id":"https:\/\/www.reclamador.es\/blog\/despido-nulo-causas-y-consecuencias\/"},"author":{"name":"Equipo reclamador","@id":"https:\/\/www.reclamador.es\/blog\/#\/schema\/person\/1ed83eef8b6566cb5e4c812d9bc5c4bf"},"headline":"Despido Nulo \u00a1Causas y Consecuencias!","datePublished":"2016-06-01T08:21:39+00:00","dateModified":"2024-09-10T11:38:35+00:00","mainEntityOfPage":{"@id":"https:\/\/www.reclamador.es\/blog\/despido-nulo-causas-y-consecuencias\/"},"wordCount":530,"commentCount":7,"publisher":{"@id":"https:\/\/www.reclamador.es\/blog\/#organization"},"image":{"@id":"https:\/\/www.reclamador.es\/blog\/despido-nulo-causas-y-consecuencias\/#primaryimage"},"thumbnailUrl":"https:\/\/i0.wp.com\/www.reclamador.es\/blog\/wp-content\/uploads\/2016\/06\/guia-despido-nulo-reclamador.jpg?fit=1200%2C630&ssl=1","keywords":["laboral","reclamaci\u00f3n"],"articleSection":["Consejos legales"],"inLanguage":"es","potentialAction":[{"@type":"CommentAction","name":"Comment","target":["https:\/\/www.reclamador.es\/blog\/despido-nulo-causas-y-consecuencias\/#respond"]}]},{"@type":"WebPage","@id":"https:\/\/www.reclamador.es\/blog\/despido-nulo-causas-y-consecuencias\/","url":"https:\/\/www.reclamador.es\/blog\/despido-nulo-causas-y-consecuencias\/","name":"Despido Nulo - Causas y Consecuencias","isPartOf":{"@id":"https:\/\/www.reclamador.es\/blog\/#website"},"primaryImageOfPage":{"@id":"https:\/\/www.reclamador.es\/blog\/despido-nulo-causas-y-consecuencias\/#primaryimage"},"image":{"@id":"https:\/\/www.reclamador.es\/blog\/despido-nulo-causas-y-consecuencias\/#primaryimage"},"thumbnailUrl":"https:\/\/i0.wp.com\/www.reclamador.es\/blog\/wp-content\/uploads\/2016\/06\/guia-despido-nulo-reclamador.jpg?fit=1200%2C630&ssl=1","datePublished":"2016-06-01T08:21:39+00:00","dateModified":"2024-09-10T11:38:35+00:00","description":"Descubre las causas y las consecuencias que tiene la declaraci\u00f3n de un despido nulo. \u00a1Defiende tus derechos como trabajador!","breadcrumb":{"@id":"https:\/\/www.reclamador.es\/blog\/despido-nulo-causas-y-consecuencias\/#breadcrumb"},"inLanguage":"es","potentialAction":[{"@type":"ReadAction","target":["https:\/\/www.reclamador.es\/blog\/despido-nulo-causas-y-consecuencias\/"]}]},{"@type":"ImageObject","inLanguage":"es","@id":"https:\/\/www.reclamador.es\/blog\/despido-nulo-causas-y-consecuencias\/#primaryimage","url":"https:\/\/i0.wp.com\/www.reclamador.es\/blog\/wp-content\/uploads\/2016\/06\/guia-despido-nulo-reclamador.jpg?fit=1200%2C630&ssl=1","contentUrl":"https:\/\/i0.wp.com\/www.reclamador.es\/blog\/wp-content\/uploads\/2016\/06\/guia-despido-nulo-reclamador.jpg?fit=1200%2C630&ssl=1","width":1200,"height":630,"caption":"Gu\u00eda sobre el despido nulo"},{"@type":"BreadcrumbList","@id":"https:\/\/www.reclamador.es\/blog\/despido-nulo-causas-y-consecuencias\/#breadcrumb","itemListElement":[{"@type":"ListItem","position":1,"name":"Portada","item":"https:\/\/www.reclamador.es\/blog\/"},{"@type":"ListItem","position":2,"name":"Despido Nulo \u00a1Causas y Consecuencias!"}]},{"@type":"WebSite","@id":"https:\/\/www.reclamador.es\/blog\/#website","url":"https:\/\/www.reclamador.es\/blog\/","name":"Rebeldes con causa, el blog de reclamador.es","description":"Noticias, entrevistas y consejos sobre reclamaciones","publisher":{"@id":"https:\/\/www.reclamador.es\/blog\/#organization"},"potentialAction":[{"@type":"SearchAction","target":{"@type":"EntryPoint","urlTemplate":"https:\/\/www.reclamador.es\/blog\/?s={search_term_string}"},"query-input":{"@type":"PropertyValueSpecification","valueRequired":true,"valueName":"search_term_string"}}],"inLanguage":"es"},{"@type":"Organization","@id":"https:\/\/www.reclamador.es\/blog\/#organization","name":"reclamador.es","url":"https:\/\/www.reclamador.es\/blog\/","logo":{"@type":"ImageObject","inLanguage":"es","@id":"https:\/\/www.reclamador.es\/blog\/#\/schema\/logo\/image\/","url":"https:\/\/i0.wp.com\/www.reclamador.es\/blog\/wp-content\/uploads\/2020\/01\/logo-reclamador.png?fit=1200%2C144&ssl=1","contentUrl":"https:\/\/i0.wp.com\/www.reclamador.es\/blog\/wp-content\/uploads\/2020\/01\/logo-reclamador.png?fit=1200%2C144&ssl=1","width":1200,"height":144,"caption":"reclamador.es"},"image":{"@id":"https:\/\/www.reclamador.es\/blog\/#\/schema\/logo\/image\/"},"sameAs":["https:\/\/www.facebook.com\/reclamador.es","https:\/\/x.com\/reclamador","https:\/\/www.instagram.com\/reclamador.es\/","https:\/\/www.linkedin.com\/company\/reclamador-es","https:\/\/www.youtube.com\/user\/Reclamadores"]},{"@type":"Person","@id":"https:\/\/www.reclamador.es\/blog\/#\/schema\/person\/1ed83eef8b6566cb5e4c812d9bc5c4bf","name":"Equipo reclamador","image":{"@type":"ImageObject","inLanguage":"es","@id":"https:\/\/secure.gravatar.com\/avatar\/6442ecdc2c4472c600c113f34d340feca47107d6aa4f42f1e3e75a2a8e28a760?s=96&d=mm&r=g","url":"https:\/\/secure.gravatar.com\/avatar\/6442ecdc2c4472c600c113f34d340feca47107d6aa4f42f1e3e75a2a8e28a760?s=96&d=mm&r=g","contentUrl":"https:\/\/secure.gravatar.com\/avatar\/6442ecdc2c4472c600c113f34d340feca47107d6aa4f42f1e3e75a2a8e28a760?s=96&d=mm&r=g","caption":"Equipo reclamador"},"description":"Las personas que hacen posible reclamador.es","url":"https:\/\/www.reclamador.es\/blog\/author\/administrador\/"}]}},"jetpack_featured_media_url":"https:\/\/i0.wp.com\/www.reclamador.es\/blog\/wp-content\/uploads\/2016\/06\/guia-despido-nulo-reclamador.jpg?fit=1200%2C630&ssl=1","jetpack-related-posts":[{"id":3841,"url":"https:\/\/www.reclamador.es\/blog\/despido-nulo-que-es\/","url_meta":{"origin":4229,"position":0},"title":"Despido nulo: \u00bfqu\u00e9 es?","author":"Equipo reclamador","date":"16 marzo, 2016","format":false,"excerpt":"En la situaci\u00f3n econ\u00f3mica actual en la que nos encontramos en la que los despidos est\u00e1n al orden del d\u00eda, tenemos que estar atentos sobre cu\u00e1les son nuestros derechos en materia laboral. En este sentido, nada mejor que comenzar por conocer los tipos de despedido que existen. As\u00ed, en este\u2026","rel":"","context":"En \u00abConsejos legales\u00bb","block_context":{"text":"Consejos legales","link":"https:\/\/www.reclamador.es\/blog\/consejos\/"},"img":{"alt_text":"fases para que un despido se considere como nulo","src":"https:\/\/i0.wp.com\/www.reclamador.es\/blog\/wp-content\/uploads\/2016\/03\/ai-generated-8694039_1280-despido-nulo.jpg?fit=1200%2C630&ssl=1&resize=350%2C200","width":350,"height":200,"srcset":"https:\/\/i0.wp.com\/www.reclamador.es\/blog\/wp-content\/uploads\/2016\/03\/ai-generated-8694039_1280-despido-nulo.jpg?fit=1200%2C630&ssl=1&resize=350%2C200 1x, https:\/\/i0.wp.com\/www.reclamador.es\/blog\/wp-content\/uploads\/2016\/03\/ai-generated-8694039_1280-despido-nulo.jpg?fit=1200%2C630&ssl=1&resize=525%2C300 1.5x, https:\/\/i0.wp.com\/www.reclamador.es\/blog\/wp-content\/uploads\/2016\/03\/ai-generated-8694039_1280-despido-nulo.jpg?fit=1200%2C630&ssl=1&resize=700%2C400 2x, https:\/\/i0.wp.com\/www.reclamador.es\/blog\/wp-content\/uploads\/2016\/03\/ai-generated-8694039_1280-despido-nulo.jpg?fit=1200%2C630&ssl=1&resize=1050%2C600 3x"},"classes":[]},{"id":4004,"url":"https:\/\/www.reclamador.es\/blog\/despido-procedente-causas\/","url_meta":{"origin":4229,"position":1},"title":"\u00bfCu\u00e1ndo un despido es considerado procedente?","author":"Equipo reclamador","date":"1 septiembre, 2018","format":false,"excerpt":"El Estatuto de los Trabajadores regula, en su cap\u00edtulo III secci\u00f3n 4\u00aa, las causas de la extinci\u00f3n del contrato de trabajo. M\u00e1s concretamente, desde el art\u00edculo 51 al 56 del Estatuto de los Trabajadores, podremos analizar las causas y efectos de los diferentes tipos de despido. Con \u00e1nimo de informar\u2026","rel":"","context":"En \u00abConsejos legales\u00bb","block_context":{"text":"Consejos legales","link":"https:\/\/www.reclamador.es\/blog\/consejos\/"},"img":{"alt_text":"abogado laboralista despido procedente","src":"https:\/\/i0.wp.com\/www.reclamador.es\/blog\/wp-content\/uploads\/2018\/09\/despido-procedente.jpg?fit=1200%2C675&ssl=1&resize=350%2C200","width":350,"height":200,"srcset":"https:\/\/i0.wp.com\/www.reclamador.es\/blog\/wp-content\/uploads\/2018\/09\/despido-procedente.jpg?fit=1200%2C675&ssl=1&resize=350%2C200 1x, https:\/\/i0.wp.com\/www.reclamador.es\/blog\/wp-content\/uploads\/2018\/09\/despido-procedente.jpg?fit=1200%2C675&ssl=1&resize=525%2C300 1.5x, https:\/\/i0.wp.com\/www.reclamador.es\/blog\/wp-content\/uploads\/2018\/09\/despido-procedente.jpg?fit=1200%2C675&ssl=1&resize=700%2C400 2x, https:\/\/i0.wp.com\/www.reclamador.es\/blog\/wp-content\/uploads\/2018\/09\/despido-procedente.jpg?fit=1200%2C675&ssl=1&resize=1050%2C600 3x"},"classes":[]},{"id":6300,"url":"https:\/\/www.reclamador.es\/blog\/despido-procedente-o-improcedente-tipos-despido\/","url_meta":{"origin":4229,"position":2},"title":"Conoce los tipos de despido que existen en Espa\u00f1a","author":"Equipo reclamador","date":"22 febrero, 2019","format":false,"excerpt":"*Contenido revisado septiembre 2022 En otro post de nuestro blog, os dej\u00e1bamos un art\u00edculo con tres consejos muy b\u00e1sicos en el que os cont\u00e1bamos qu\u00e9 hacer si te despiden. Somos conscientes de que existe mucha confusi\u00f3n sobre los tipos de despido y lo que implica cada uno. Por eso hoy\u2026","rel":"","context":"En \u00abConsejos legales\u00bb","block_context":{"text":"Consejos legales","link":"https:\/\/www.reclamador.es\/blog\/consejos\/"},"img":{"alt_text":"","src":"https:\/\/i0.wp.com\/www.reclamador.es\/blog\/wp-content\/uploads\/2017\/02\/GettyImages-522795920-min.jpg?fit=1200%2C600&ssl=1&resize=350%2C200","width":350,"height":200,"srcset":"https:\/\/i0.wp.com\/www.reclamador.es\/blog\/wp-content\/uploads\/2017\/02\/GettyImages-522795920-min.jpg?fit=1200%2C600&ssl=1&resize=350%2C200 1x, https:\/\/i0.wp.com\/www.reclamador.es\/blog\/wp-content\/uploads\/2017\/02\/GettyImages-522795920-min.jpg?fit=1200%2C600&ssl=1&resize=525%2C300 1.5x, https:\/\/i0.wp.com\/www.reclamador.es\/blog\/wp-content\/uploads\/2017\/02\/GettyImages-522795920-min.jpg?fit=1200%2C600&ssl=1&resize=700%2C400 2x, https:\/\/i0.wp.com\/www.reclamador.es\/blog\/wp-content\/uploads\/2017\/02\/GettyImages-522795920-min.jpg?fit=1200%2C600&ssl=1&resize=1050%2C600 3x"},"classes":[]},{"id":3803,"url":"https:\/\/www.reclamador.es\/blog\/consecuencias-despido-procedente\/","url_meta":{"origin":4229,"position":3},"title":"Consecuencias de un despido procedente","author":"Equipo reclamador","date":"9 marzo, 2016","format":false,"excerpt":"El momento del despido es uno de los m\u00e1s temidos por el trabajador debido al desamparo econ\u00f3mico que puede llegar a ocasionarle. Sin embargo, las empresas, amparadas por la legalidad, se guardan el derecho de prescindir de sus empleados en momentos determinados por motivos disciplinarios ejecutando un despido procedente que,\u2026","rel":"","context":"En \u00abConsejos legales\u00bb","block_context":{"text":"Consejos legales","link":"https:\/\/www.reclamador.es\/blog\/consejos\/"},"img":{"alt_text":"","src":"https:\/\/i0.wp.com\/www.reclamador.es\/blog\/wp-content\/uploads\/2016\/03\/GettyImages-516392301.jpg?fit=1200%2C800&ssl=1&resize=350%2C200","width":350,"height":200,"srcset":"https:\/\/i0.wp.com\/www.reclamador.es\/blog\/wp-content\/uploads\/2016\/03\/GettyImages-516392301.jpg?fit=1200%2C800&ssl=1&resize=350%2C200 1x, https:\/\/i0.wp.com\/www.reclamador.es\/blog\/wp-content\/uploads\/2016\/03\/GettyImages-516392301.jpg?fit=1200%2C800&ssl=1&resize=525%2C300 1.5x, https:\/\/i0.wp.com\/www.reclamador.es\/blog\/wp-content\/uploads\/2016\/03\/GettyImages-516392301.jpg?fit=1200%2C800&ssl=1&resize=700%2C400 2x, https:\/\/i0.wp.com\/www.reclamador.es\/blog\/wp-content\/uploads\/2016\/03\/GettyImages-516392301.jpg?fit=1200%2C800&ssl=1&resize=1050%2C600 3x"},"classes":[]},{"id":22658,"url":"https:\/\/www.reclamador.es\/blog\/que-son-los-salarios-de-tramitacion\/","url_meta":{"origin":4229,"position":4},"title":"\u00bfQu\u00e9 son los salarios de tramitaci\u00f3n?","author":"Equipo reclamador","date":"16 noviembre, 2021","format":false,"excerpt":"Cuando un juez declara un despido como improcedente, el empresario tiene dos opciones. La primera de ellas es abonar la indemnizaci\u00f3n por despido improcedente fijada por ley. Con esto, ese trabajador deja de formar parte de la plantilla de la compa\u00f1\u00eda. O bien, tiene la alternativa de readmitir al trabajador\u2026","rel":"","context":"En \u00abConsejos legales\u00bb","block_context":{"text":"Consejos legales","link":"https:\/\/www.reclamador.es\/blog\/consejos\/"},"img":{"alt_text":"abogados laborales - salarios de tramitacion","src":"https:\/\/i0.wp.com\/www.reclamador.es\/blog\/wp-content\/uploads\/2019\/08\/salarios-de-tramitacion-abogados-laborales.jpg?fit=1200%2C686&ssl=1&resize=350%2C200","width":350,"height":200,"srcset":"https:\/\/i0.wp.com\/www.reclamador.es\/blog\/wp-content\/uploads\/2019\/08\/salarios-de-tramitacion-abogados-laborales.jpg?fit=1200%2C686&ssl=1&resize=350%2C200 1x, https:\/\/i0.wp.com\/www.reclamador.es\/blog\/wp-content\/uploads\/2019\/08\/salarios-de-tramitacion-abogados-laborales.jpg?fit=1200%2C686&ssl=1&resize=525%2C300 1.5x, https:\/\/i0.wp.com\/www.reclamador.es\/blog\/wp-content\/uploads\/2019\/08\/salarios-de-tramitacion-abogados-laborales.jpg?fit=1200%2C686&ssl=1&resize=700%2C400 2x, https:\/\/i0.wp.com\/www.reclamador.es\/blog\/wp-content\/uploads\/2019\/08\/salarios-de-tramitacion-abogados-laborales.jpg?fit=1200%2C686&ssl=1&resize=1050%2C600 3x"},"classes":[]},{"id":4175,"url":"https:\/\/www.reclamador.es\/blog\/derecho-paro-tras-despido-siempre-posible\/","url_meta":{"origin":4229,"position":5},"title":"Derecho a paro tras un despido, \u00bfsiempre es posible?","author":"Equipo reclamador","date":"18 mayo, 2016","format":false,"excerpt":"Contrariamente a lo que la gente cree, en los casos de despido siempre se tiene derecho a paro. El \u00fanico requisito es haber cotizado 360 d\u00edas durante 6 a\u00f1os. La \u00fanica casu\u00edstica en la que no se tiene derecho a paro, aun habiendo cotizado el m\u00ednimo establecido, es cuando un\u2026","rel":"","context":"En \u00abConsejos legales\u00bb","block_context":{"text":"Consejos legales","link":"https:\/\/www.reclamador.es\/blog\/consejos\/"},"img":{"alt_text":"paro despido","src":"https:\/\/i0.wp.com\/www.reclamador.es\/blog\/wp-content\/uploads\/2016\/05\/derecho-a-paro-despues-de-despido.jpg?fit=1200%2C630&ssl=1&resize=350%2C200","width":350,"height":200,"srcset":"https:\/\/i0.wp.com\/www.reclamador.es\/blog\/wp-content\/uploads\/2016\/05\/derecho-a-paro-despues-de-despido.jpg?fit=1200%2C630&ssl=1&resize=350%2C200 1x, https:\/\/i0.wp.com\/www.reclamador.es\/blog\/wp-content\/uploads\/2016\/05\/derecho-a-paro-despues-de-despido.jpg?fit=1200%2C630&ssl=1&resize=525%2C300 1.5x, https:\/\/i0.wp.com\/www.reclamador.es\/blog\/wp-content\/uploads\/2016\/05\/derecho-a-paro-despues-de-despido.jpg?fit=1200%2C630&ssl=1&resize=700%2C400 2x, https:\/\/i0.wp.com\/www.reclamador.es\/blog\/wp-content\/uploads\/2016\/05\/derecho-a-paro-despues-de-despido.jpg?fit=1200%2C630&ssl=1&resize=1050%2C600 3x"},"classes":[]}],"jetpack_sharing_enabled":true,"_links":{"self":[{"href":"https:\/\/www.reclamador.es\/blog\/wp-json\/wp\/v2\/posts\/4229","targetHints":{"allow":["GET"]}}],"collection":[{"href":"https:\/\/www.reclamador.es\/blog\/wp-json\/wp\/v2\/posts"}],"about":[{"href":"https:\/\/www.reclamador.es\/blog\/wp-json\/wp\/v2\/types\/post"}],"author":[{"embeddable":true,"href":"https:\/\/www.reclamador.es\/blog\/wp-json\/wp\/v2\/users\/1"}],"replies":[{"embeddable":true,"href":"https:\/\/www.reclamador.es\/blog\/wp-json\/wp\/v2\/comments?post=4229"}],"version-history":[{"count":14,"href":"https:\/\/www.reclamador.es\/blog\/wp-json\/wp\/v2\/posts\/4229\/revisions"}],"predecessor-version":[{"id":32755,"href":"https:\/\/www.reclamador.es\/blog\/wp-json\/wp\/v2\/posts\/4229\/revisions\/32755"}],"wp:featuredmedia":[{"embeddable":true,"href":"https:\/\/www.reclamador.es\/blog\/wp-json\/wp\/v2\/media\/32752"}],"wp:attachment":[{"href":"https:\/\/www.reclamador.es\/blog\/wp-json\/wp\/v2\/media?parent=4229"}],"wp:term":[{"taxonomy":"category","embeddable":true,"href":"https:\/\/www.reclamador.es\/blog\/wp-json\/wp\/v2\/categories?post=4229"},{"taxonomy":"post_tag","embeddable":true,"href":"https:\/\/www.reclamador.es\/blog\/wp-json\/wp\/v2\/tags?post=4229"}],"curies":[{"name":"wp","href":"https:\/\/api.w.org\/{rel}","templated":true}]}}