{"id":4004,"date":"2018-09-01T10:30:26","date_gmt":"2018-09-01T08:30:26","guid":{"rendered":"https:\/\/www.reclamador.es\/blog\/?p=4004"},"modified":"2023-10-23T11:12:17","modified_gmt":"2023-10-23T09:12:17","slug":"despido-procedente-causas","status":"publish","type":"post","link":"https:\/\/www.reclamador.es\/blog\/despido-procedente-causas\/","title":{"rendered":"\u00bfCu\u00e1ndo un despido es considerado procedente?"},"content":{"rendered":"<div class=\"ttr_start\"><\/div>\n\n<div class=\"kk-star-ratings kksr-auto kksr-align-right kksr-valign-top\"\n    data-payload='{&quot;align&quot;:&quot;right&quot;,&quot;id&quot;:&quot;4004&quot;,&quot;slug&quot;:&quot;default&quot;,&quot;valign&quot;:&quot;top&quot;,&quot;ignore&quot;:&quot;&quot;,&quot;reference&quot;:&quot;auto&quot;,&quot;class&quot;:&quot;&quot;,&quot;count&quot;:&quot;95&quot;,&quot;legendonly&quot;:&quot;&quot;,&quot;readonly&quot;:&quot;&quot;,&quot;score&quot;:&quot;4&quot;,&quot;starsonly&quot;:&quot;&quot;,&quot;best&quot;:&quot;5&quot;,&quot;gap&quot;:&quot;3&quot;,&quot;greet&quot;:&quot;Valora este art\u00edculo&quot;,&quot;legend&quot;:&quot;4\\\/5 - (95 votos)&quot;,&quot;size&quot;:&quot;20&quot;,&quot;title&quot;:&quot;\u00bfCu\u00e1ndo un despido es considerado procedente?&quot;,&quot;width&quot;:&quot;90.5&quot;,&quot;_legend&quot;:&quot;{score}\\\/{best} - ({count} {votes})&quot;,&quot;font_factor&quot;:&quot;1.25&quot;}'>\n            \n<div class=\"kksr-stars\">\n    \n<div class=\"kksr-stars-inactive\">\n            <div class=\"kksr-star\" data-star=\"1\" style=\"padding-right: 3px\">\n            \n\n<div class=\"kksr-icon\" style=\"width: 20px; height: 20px;\"><\/div>\n        <\/div>\n            <div class=\"kksr-star\" data-star=\"2\" style=\"padding-right: 3px\">\n            \n\n<div class=\"kksr-icon\" style=\"width: 20px; height: 20px;\"><\/div>\n        <\/div>\n            <div class=\"kksr-star\" data-star=\"3\" style=\"padding-right: 3px\">\n            \n\n<div class=\"kksr-icon\" style=\"width: 20px; height: 20px;\"><\/div>\n        <\/div>\n            <div class=\"kksr-star\" data-star=\"4\" style=\"padding-right: 3px\">\n            \n\n<div class=\"kksr-icon\" style=\"width: 20px; height: 20px;\"><\/div>\n        <\/div>\n            <div class=\"kksr-star\" data-star=\"5\" style=\"padding-right: 3px\">\n            \n\n<div class=\"kksr-icon\" style=\"width: 20px; height: 20px;\"><\/div>\n        <\/div>\n    <\/div>\n    \n<div class=\"kksr-stars-active\" style=\"width: 90.5px;\">\n            <div class=\"kksr-star\" style=\"padding-right: 3px\">\n            \n\n<div class=\"kksr-icon\" style=\"width: 20px; height: 20px;\"><\/div>\n        <\/div>\n            <div class=\"kksr-star\" style=\"padding-right: 3px\">\n            \n\n<div class=\"kksr-icon\" style=\"width: 20px; height: 20px;\"><\/div>\n        <\/div>\n            <div class=\"kksr-star\" style=\"padding-right: 3px\">\n            \n\n<div class=\"kksr-icon\" style=\"width: 20px; height: 20px;\"><\/div>\n        <\/div>\n            <div class=\"kksr-star\" style=\"padding-right: 3px\">\n            \n\n<div class=\"kksr-icon\" style=\"width: 20px; height: 20px;\"><\/div>\n        <\/div>\n            <div class=\"kksr-star\" style=\"padding-right: 3px\">\n            \n\n<div class=\"kksr-icon\" style=\"width: 20px; height: 20px;\"><\/div>\n        <\/div>\n    <\/div>\n<\/div>\n                \n\n<div class=\"kksr-legend\" style=\"font-size: 16px;\">\n            4\/5 - (95 votos)    <\/div>\n    <\/div>\n<figure id=\"attachment_27777\" aria-describedby=\"caption-attachment-27777\" style=\"width: 1200px\" class=\"wp-caption aligncenter\"><img data-recalc-dims=\"1\" loading=\"lazy\" decoding=\"async\" class=\"size-full wp-image-27777\" src=\"https:\/\/i0.wp.com\/www.reclamador.es\/blog\/wp-content\/uploads\/2018\/09\/despido-procedente.jpg?resize=1200%2C675&#038;ssl=1\" alt=\"abogado laboralista despido procedente\" width=\"1200\" height=\"675\" srcset=\"https:\/\/i0.wp.com\/www.reclamador.es\/blog\/wp-content\/uploads\/2018\/09\/despido-procedente.jpg?w=1200&amp;ssl=1 1200w, https:\/\/i0.wp.com\/www.reclamador.es\/blog\/wp-content\/uploads\/2018\/09\/despido-procedente.jpg?resize=800%2C450&amp;ssl=1 800w, https:\/\/i0.wp.com\/www.reclamador.es\/blog\/wp-content\/uploads\/2018\/09\/despido-procedente.jpg?resize=150%2C84&amp;ssl=1 150w, https:\/\/i0.wp.com\/www.reclamador.es\/blog\/wp-content\/uploads\/2018\/09\/despido-procedente.jpg?resize=768%2C432&amp;ssl=1 768w\" sizes=\"auto, (max-width: 1000px) 100vw, 1000px\" \/><figcaption id=\"caption-attachment-27777\" class=\"wp-caption-text\"><em>El despido procedente en Espa\u00f1a<\/em><\/figcaption><\/figure>\n<p><span style=\"font-weight: 400;\">El <\/span><b>Estatuto de los Trabajadores<\/b><span style=\"font-weight: 400;\"> regula, en su cap\u00edtulo III secci\u00f3n 4\u00aa, las causas de la extinci\u00f3n del contrato de trabajo. M\u00e1s concretamente, desde el art\u00edculo 51 al 56 del <a href=\"https:\/\/www.boe.es\/buscar\/act.php?id=BOE-A-2015-11430\" target=\"_blank\" rel=\"noopener noreferrer\">Estatuto de los Trabajadores<\/a>, podremos analizar las causas y efectos de los diferentes tipos de despido. <\/span><span style=\"font-weight: 400;\">Con \u00e1nimo de informar acerca del <\/span><b>despido procedente,<\/b><span style=\"font-weight: 400;\"> os detallamos la informaci\u00f3n m\u00e1s relevante.<\/span><\/p>\n<h2><strong>\u00bfCu\u00e1ndo se considera un despido procedente?<\/strong><\/h2>\n<p><span style=\"font-weight: 400;\">El despido es calificado como <\/span><b>procedente <\/b><span style=\"font-weight: 400;\">por la Sentencia del Juzgado de lo Social cuando existe una causa cierta y justificada para que se produzca dicho despido. Cualquier despido -disciplinario, por causas objetivas o un despido colectivo-, puede ser calificado como procedente, improcedente o nulo.<\/span><\/p>\n<p><span style=\"font-weight: 400;\">Hay que tener en cuenta que la consecuencia principal del despido es la <\/span><b>extinci\u00f3n de la relaci\u00f3n laboral<\/b><span style=\"font-weight: 400;\"> entre el trabajador y la empresa por decisi\u00f3n de \u00e9sta. Para que sea legal, ha de ser <\/span><a href=\"https:\/\/www.reclamador.es\/blog\/tienes-firmar-la-carta-despido-finiquito\/\"><span style=\"font-weight: 400;\">notificado por escrito<\/span><\/a><span style=\"font-weight: 400;\">, incluyendo los <\/span><b>motivos<\/b><span style=\"font-weight: 400;\"> que justifican la decisi\u00f3n y la <\/span><b>fecha<\/b><span style=\"font-weight: 400;\"> en la que tiene lugar el mismo.<\/span><\/p>\n<p><span style=\"font-weight: 400;\">Como hemos dicho anteriormente, la justificaci\u00f3n y explicaci\u00f3n de los motivos es muy importante para que el despido sea considerado procedente. Tanto si <a href=\"https:\/\/www.reclamador.es\/ayuda\/laboral\/como-puedo-reclamar-un-despido-disciplinario\/\">el despido es disciplinario<\/a> -cuando hay un incumplimiento grave del trabajador- como si es un despido por causas objetivas -econ\u00f3micas, t\u00e9cnicas o de producci\u00f3n-, puede ser declarado procedente, siempre y cuando las causas del despido queden demostradas y se hayan seguido todos los requisitos formales.<\/span><\/p>\n<h6 style=\"text-align: center;\"><strong><a href=\"https:\/\/www.reclamador.es\/blog\/abogado-laboralista\/\">\u00bfCu\u00e1les son las funciones de un abogado laboralista?<\/a><\/strong><\/h6>\n<h2><strong>Causas de un despido disciplinario<\/strong><\/h2>\n<p><span style=\"font-weight: 400;\">En este sentido, el art\u00edculo 54 del Estatuto de los Trabajadores establece que las <\/span><b>principales causas de un despido disciplinario <\/b><span style=\"font-weight: 400;\">pueden ser:<\/span><\/p>\n<ol>\n<li style=\"font-weight: 400;\"><b>Falta de asistencia o de puntualidad en el trabajo de forma repetida e injustificada<\/b><span style=\"font-weight: 400;\">: Los convenios colectivos regulan m\u00e1s detalladamente este apartado, pero la jurisprudencia indica que puede considerarse que, a partir de <\/span><b>tres faltas de asistencia al mes<\/b><span style=\"font-weight: 400;\">, siendo estas injustificadas, procede la consideraci\u00f3n de incumplimiento.<\/span><\/li>\n<li style=\"font-weight: 400;\"><b>Indisciplina o desobediencia<\/b><span style=\"font-weight: 400;\">: Es posible la oposici\u00f3n a una orden si \u00e9sta obliga a realizar un acto ilegal, pues no todas las desobediencias pueden ser castigadas con despido; habr\u00e1 que ver el caso concreto.<\/span><\/li>\n<li style=\"font-weight: 400;\"><b>Ofender verbal o f\u00edsicamente al empresario, otros trabajadores o sus familiares<\/b><span style=\"font-weight: 400;\">: En estos casos se requiere un estudio pormenorizado de los hechos acontecidos para determinar si son lo suficientemente graves.<\/span><\/li>\n<li style=\"font-weight: 400;\"><b>Abusar de la confianza o transgredir la buena fe contractual<\/b><span style=\"font-weight: 400;\">: Aqu\u00ed est\u00e1n incluidos los enga\u00f1os, la deslealtad, etc.<\/span><\/li>\n<li style=\"font-weight: 400;\"><b>Disminuir el rendimiento continuada y voluntariamente<\/b><span style=\"font-weight: 400;\">: Esta causa tiene que ser producida por <\/span><b>razones no coyunturales<\/b><span style=\"font-weight: 400;\">, y a ella debe a\u00f1adirse la <\/span><b>falta de diligencia <\/b><span style=\"font-weight: 400;\">como motivo de despido.<\/span><\/li>\n<li style=\"font-weight: 400;\"><b>Toxicoman\u00eda o embriaguez habitual: <\/b><span style=\"font-weight: 400;\">Estas circunstancias deben influir negativamente en el puesto de trabajo desempe\u00f1ado por el empleado.<\/span><\/li>\n<li style=\"font-weight: 400;\"><b>Acosar a compa\u00f1eros o al empresario<\/b><span style=\"font-weight: 400;\">: Acosar y discriminar a otras personas por razones de raciales, \u00e9tnicas, religiosas, de g\u00e9nero o orientaci\u00f3n sexual.<\/span><\/li>\n<\/ol>\n<p><span style=\"font-weight: 400;\">Los analizados anteriormente, son los motivos m\u00e1s habituales de <\/span><a href=\"https:\/\/www.reclamador.es\/blog\/despido-procedente-o-improcedente-tipos-despido\/\"><span style=\"font-weight: 400;\">despidos <\/span><span style=\"font-weight: 400;\">disciplinarios declarados procedentes<\/span><\/a><span style=\"font-weight: 400;\">.<\/span> <span style=\"font-weight: 400;\">N<\/span><span style=\"font-weight: 400;\">o obstante, los convenios colectivos contienen listas m\u00e1s detalladas co<\/span><span style=\"font-weight: 400;\">n<\/span><span style=\"font-weight: 400;\"> circunstancias que dan lugar a faltas y sanciones. Hay que tener en cuenta que<\/span><span style=\"font-weight: 400;\"> las faltas consideradas <\/span><span style=\"font-weight: 400;\">muy graves pueden dar lugar a sanci\u00f3n o despido<\/span><span style=\"font-weight: 400;\"> disciplinario del trabajador<\/span><span style=\"font-weight: 400;\">.<\/span><\/p>\n<p>Si te ha parecido interesante este post sobre despido procedente, comp\u00e1rtelo en tus redes sociales.<\/p>\n<p>\ud83d\ude42<\/p>\n<div class=\"ttr_end\"><\/div>","protected":false},"excerpt":{"rendered":"<p>El Estatuto de los Trabajadores regula, en su cap\u00edtulo III secci\u00f3n 4\u00aa, las causas de la extinci\u00f3n del contrato de trabajo. M\u00e1s concretamente, desde el art\u00edculo 51 al 56 del Estatuto de los Trabajadores, podremos analizar las causas y efectos de los diferentes tipos de despido. Con \u00e1nimo de informar acerca del despido procedente, os [&hellip;]<\/p>\n","protected":false},"author":1,"featured_media":27777,"comment_status":"open","ping_status":"open","sticky":false,"template":"","format":"standard","meta":{"_acf_changed":false,"_genesis_hide_title":false,"_genesis_hide_breadcrumbs":false,"_genesis_hide_singular_image":false,"_genesis_hide_footer_widgets":false,"_genesis_custom_body_class":"","_genesis_custom_post_class":"","_genesis_layout":"","_jetpack_newsletter_access":"","_jetpack_dont_email_post_to_subs":true,"_jetpack_newsletter_tier_id":0,"_jetpack_memberships_contains_paywalled_content":false,"_jetpack_memberships_contains_paid_content":false,"footnotes":""},"categories":[393],"tags":[266],"class_list":{"0":"post-4004","1":"post","2":"type-post","3":"status-publish","4":"format-standard","5":"has-post-thumbnail","7":"category-consejos","8":"tag-laboral","9":"entry"},"acf":[],"yoast_head":"<!-- This site is optimized with the Yoast SEO plugin v27.4 - https:\/\/yoast.com\/product\/yoast-seo-wordpress\/ -->\n<title>Despido Procedente: \u00bfQu\u00e9 causas pueden poner para echarte?<\/title>\n<meta name=\"description\" content=\"Descubre las principales causas que pueden alegar los empresarios para un despido procedente. Inf\u00f3rmate y reclama tus derechos laborales.\" \/>\n<meta name=\"robots\" content=\"index, follow, max-snippet:-1, max-image-preview:large, max-video-preview:-1\" \/>\n<link rel=\"canonical\" href=\"https:\/\/www.reclamador.es\/blog\/despido-procedente-causas\/\" \/>\n<meta property=\"og:locale\" content=\"es_ES\" \/>\n<meta property=\"og:type\" content=\"article\" \/>\n<meta property=\"og:title\" content=\"Despido Procedente: \u00bfQu\u00e9 causas pueden poner para echarte?\" \/>\n<meta property=\"og:description\" content=\"Descubre las principales causas que pueden alegar los empresarios para un despido procedente. Inf\u00f3rmate y reclama tus derechos laborales.\" \/>\n<meta property=\"og:url\" content=\"https:\/\/www.reclamador.es\/blog\/despido-procedente-causas\/\" \/>\n<meta property=\"og:site_name\" content=\"Rebeldes con causa, el blog de reclamador.es\" \/>\n<meta property=\"article:publisher\" content=\"https:\/\/www.facebook.com\/reclamador.es\" \/>\n<meta property=\"article:published_time\" content=\"2018-09-01T08:30:26+00:00\" \/>\n<meta property=\"article:modified_time\" content=\"2023-10-23T09:12:17+00:00\" \/>\n<meta property=\"og:image\" content=\"https:\/\/i0.wp.com\/www.reclamador.es\/blog\/wp-content\/uploads\/2018\/09\/despido-procedente.jpg?fit=1200%2C675&ssl=1\" \/>\n\t<meta property=\"og:image:width\" content=\"1200\" \/>\n\t<meta property=\"og:image:height\" content=\"675\" \/>\n\t<meta property=\"og:image:type\" content=\"image\/jpeg\" \/>\n<meta name=\"author\" content=\"Equipo reclamador\" \/>\n<meta name=\"twitter:card\" content=\"summary_large_image\" \/>\n<meta name=\"twitter:creator\" content=\"@reclamador\" \/>\n<meta name=\"twitter:site\" content=\"@reclamador\" \/>\n<meta name=\"twitter:label1\" content=\"Escrito por\" \/>\n\t<meta name=\"twitter:data1\" content=\"Equipo reclamador\" \/>\n\t<meta name=\"twitter:label2\" content=\"Tiempo de lectura\" \/>\n\t<meta name=\"twitter:data2\" content=\"3 minutos\" \/>\n<script type=\"application\/ld+json\" class=\"yoast-schema-graph\">{\"@context\":\"https:\\\/\\\/schema.org\",\"@graph\":[{\"@type\":\"Article\",\"@id\":\"https:\\\/\\\/www.reclamador.es\\\/blog\\\/despido-procedente-causas\\\/#article\",\"isPartOf\":{\"@id\":\"https:\\\/\\\/www.reclamador.es\\\/blog\\\/despido-procedente-causas\\\/\"},\"author\":{\"name\":\"Equipo reclamador\",\"@id\":\"https:\\\/\\\/www.reclamador.es\\\/blog\\\/#\\\/schema\\\/person\\\/1ed83eef8b6566cb5e4c812d9bc5c4bf\"},\"headline\":\"\u00bfCu\u00e1ndo un despido es considerado procedente?\",\"datePublished\":\"2018-09-01T08:30:26+00:00\",\"dateModified\":\"2023-10-23T09:12:17+00:00\",\"mainEntityOfPage\":{\"@id\":\"https:\\\/\\\/www.reclamador.es\\\/blog\\\/despido-procedente-causas\\\/\"},\"wordCount\":588,\"commentCount\":1,\"publisher\":{\"@id\":\"https:\\\/\\\/www.reclamador.es\\\/blog\\\/#organization\"},\"image\":{\"@id\":\"https:\\\/\\\/www.reclamador.es\\\/blog\\\/despido-procedente-causas\\\/#primaryimage\"},\"thumbnailUrl\":\"https:\\\/\\\/i0.wp.com\\\/www.reclamador.es\\\/blog\\\/wp-content\\\/uploads\\\/2018\\\/09\\\/despido-procedente.jpg?fit=1200%2C675&ssl=1\",\"keywords\":[\"laboral\"],\"articleSection\":[\"Consejos legales\"],\"inLanguage\":\"es\",\"potentialAction\":[{\"@type\":\"CommentAction\",\"name\":\"Comment\",\"target\":[\"https:\\\/\\\/www.reclamador.es\\\/blog\\\/despido-procedente-causas\\\/#respond\"]}]},{\"@type\":\"WebPage\",\"@id\":\"https:\\\/\\\/www.reclamador.es\\\/blog\\\/despido-procedente-causas\\\/\",\"url\":\"https:\\\/\\\/www.reclamador.es\\\/blog\\\/despido-procedente-causas\\\/\",\"name\":\"Despido Procedente: \u00bfQu\u00e9 causas pueden poner para echarte?\",\"isPartOf\":{\"@id\":\"https:\\\/\\\/www.reclamador.es\\\/blog\\\/#website\"},\"primaryImageOfPage\":{\"@id\":\"https:\\\/\\\/www.reclamador.es\\\/blog\\\/despido-procedente-causas\\\/#primaryimage\"},\"image\":{\"@id\":\"https:\\\/\\\/www.reclamador.es\\\/blog\\\/despido-procedente-causas\\\/#primaryimage\"},\"thumbnailUrl\":\"https:\\\/\\\/i0.wp.com\\\/www.reclamador.es\\\/blog\\\/wp-content\\\/uploads\\\/2018\\\/09\\\/despido-procedente.jpg?fit=1200%2C675&ssl=1\",\"datePublished\":\"2018-09-01T08:30:26+00:00\",\"dateModified\":\"2023-10-23T09:12:17+00:00\",\"description\":\"Descubre las principales causas que pueden alegar los empresarios para un despido procedente. Inf\u00f3rmate y reclama tus derechos laborales.\",\"breadcrumb\":{\"@id\":\"https:\\\/\\\/www.reclamador.es\\\/blog\\\/despido-procedente-causas\\\/#breadcrumb\"},\"inLanguage\":\"es\",\"potentialAction\":[{\"@type\":\"ReadAction\",\"target\":[\"https:\\\/\\\/www.reclamador.es\\\/blog\\\/despido-procedente-causas\\\/\"]}]},{\"@type\":\"ImageObject\",\"inLanguage\":\"es\",\"@id\":\"https:\\\/\\\/www.reclamador.es\\\/blog\\\/despido-procedente-causas\\\/#primaryimage\",\"url\":\"https:\\\/\\\/i0.wp.com\\\/www.reclamador.es\\\/blog\\\/wp-content\\\/uploads\\\/2018\\\/09\\\/despido-procedente.jpg?fit=1200%2C675&ssl=1\",\"contentUrl\":\"https:\\\/\\\/i0.wp.com\\\/www.reclamador.es\\\/blog\\\/wp-content\\\/uploads\\\/2018\\\/09\\\/despido-procedente.jpg?fit=1200%2C675&ssl=1\",\"width\":1200,\"height\":675,\"caption\":\"El despido procedente en Espa\u00f1a\"},{\"@type\":\"BreadcrumbList\",\"@id\":\"https:\\\/\\\/www.reclamador.es\\\/blog\\\/despido-procedente-causas\\\/#breadcrumb\",\"itemListElement\":[{\"@type\":\"ListItem\",\"position\":1,\"name\":\"Portada\",\"item\":\"https:\\\/\\\/www.reclamador.es\\\/blog\\\/\"},{\"@type\":\"ListItem\",\"position\":2,\"name\":\"\u00bfCu\u00e1ndo un despido es considerado procedente?\"}]},{\"@type\":\"WebSite\",\"@id\":\"https:\\\/\\\/www.reclamador.es\\\/blog\\\/#website\",\"url\":\"https:\\\/\\\/www.reclamador.es\\\/blog\\\/\",\"name\":\"Rebeldes con causa, el blog de reclamador.es\",\"description\":\"Noticias, entrevistas y consejos sobre reclamaciones\",\"publisher\":{\"@id\":\"https:\\\/\\\/www.reclamador.es\\\/blog\\\/#organization\"},\"potentialAction\":[{\"@type\":\"SearchAction\",\"target\":{\"@type\":\"EntryPoint\",\"urlTemplate\":\"https:\\\/\\\/www.reclamador.es\\\/blog\\\/?s={search_term_string}\"},\"query-input\":{\"@type\":\"PropertyValueSpecification\",\"valueRequired\":true,\"valueName\":\"search_term_string\"}}],\"inLanguage\":\"es\"},{\"@type\":\"Organization\",\"@id\":\"https:\\\/\\\/www.reclamador.es\\\/blog\\\/#organization\",\"name\":\"reclamador.es\",\"url\":\"https:\\\/\\\/www.reclamador.es\\\/blog\\\/\",\"logo\":{\"@type\":\"ImageObject\",\"inLanguage\":\"es\",\"@id\":\"https:\\\/\\\/www.reclamador.es\\\/blog\\\/#\\\/schema\\\/logo\\\/image\\\/\",\"url\":\"https:\\\/\\\/i0.wp.com\\\/www.reclamador.es\\\/blog\\\/wp-content\\\/uploads\\\/2020\\\/01\\\/logo-reclamador.png?fit=1200%2C144&ssl=1\",\"contentUrl\":\"https:\\\/\\\/i0.wp.com\\\/www.reclamador.es\\\/blog\\\/wp-content\\\/uploads\\\/2020\\\/01\\\/logo-reclamador.png?fit=1200%2C144&ssl=1\",\"width\":1200,\"height\":144,\"caption\":\"reclamador.es\"},\"image\":{\"@id\":\"https:\\\/\\\/www.reclamador.es\\\/blog\\\/#\\\/schema\\\/logo\\\/image\\\/\"},\"sameAs\":[\"https:\\\/\\\/www.facebook.com\\\/reclamador.es\",\"https:\\\/\\\/x.com\\\/reclamador\",\"https:\\\/\\\/www.instagram.com\\\/reclamador.es\\\/\",\"https:\\\/\\\/www.linkedin.com\\\/company\\\/reclamador-es\",\"https:\\\/\\\/www.youtube.com\\\/user\\\/Reclamadores\"]},{\"@type\":\"Person\",\"@id\":\"https:\\\/\\\/www.reclamador.es\\\/blog\\\/#\\\/schema\\\/person\\\/1ed83eef8b6566cb5e4c812d9bc5c4bf\",\"name\":\"Equipo reclamador\",\"image\":{\"@type\":\"ImageObject\",\"inLanguage\":\"es\",\"@id\":\"https:\\\/\\\/secure.gravatar.com\\\/avatar\\\/6442ecdc2c4472c600c113f34d340feca47107d6aa4f42f1e3e75a2a8e28a760?s=96&d=mm&r=g\",\"url\":\"https:\\\/\\\/secure.gravatar.com\\\/avatar\\\/6442ecdc2c4472c600c113f34d340feca47107d6aa4f42f1e3e75a2a8e28a760?s=96&d=mm&r=g\",\"contentUrl\":\"https:\\\/\\\/secure.gravatar.com\\\/avatar\\\/6442ecdc2c4472c600c113f34d340feca47107d6aa4f42f1e3e75a2a8e28a760?s=96&d=mm&r=g\",\"caption\":\"Equipo reclamador\"},\"description\":\"Las personas que hacen posible reclamador.es\",\"url\":\"https:\\\/\\\/www.reclamador.es\\\/blog\\\/author\\\/administrador\\\/\"}]}<\/script>\n<!-- \/ Yoast SEO plugin. -->","yoast_head_json":{"title":"Despido Procedente: \u00bfQu\u00e9 causas pueden poner para echarte?","description":"Descubre las principales causas que pueden alegar los empresarios para un despido procedente. Inf\u00f3rmate y reclama tus derechos laborales.","robots":{"index":"index","follow":"follow","max-snippet":"max-snippet:-1","max-image-preview":"max-image-preview:large","max-video-preview":"max-video-preview:-1"},"canonical":"https:\/\/www.reclamador.es\/blog\/despido-procedente-causas\/","og_locale":"es_ES","og_type":"article","og_title":"Despido Procedente: \u00bfQu\u00e9 causas pueden poner para echarte?","og_description":"Descubre las principales causas que pueden alegar los empresarios para un despido procedente. Inf\u00f3rmate y reclama tus derechos laborales.","og_url":"https:\/\/www.reclamador.es\/blog\/despido-procedente-causas\/","og_site_name":"Rebeldes con causa, el blog de reclamador.es","article_publisher":"https:\/\/www.facebook.com\/reclamador.es","article_published_time":"2018-09-01T08:30:26+00:00","article_modified_time":"2023-10-23T09:12:17+00:00","og_image":[{"width":1200,"height":675,"url":"https:\/\/i0.wp.com\/www.reclamador.es\/blog\/wp-content\/uploads\/2018\/09\/despido-procedente.jpg?fit=1200%2C675&ssl=1","type":"image\/jpeg"}],"author":"Equipo reclamador","twitter_card":"summary_large_image","twitter_creator":"@reclamador","twitter_site":"@reclamador","twitter_misc":{"Escrito por":"Equipo reclamador","Tiempo de lectura":"3 minutos"},"schema":{"@context":"https:\/\/schema.org","@graph":[{"@type":"Article","@id":"https:\/\/www.reclamador.es\/blog\/despido-procedente-causas\/#article","isPartOf":{"@id":"https:\/\/www.reclamador.es\/blog\/despido-procedente-causas\/"},"author":{"name":"Equipo reclamador","@id":"https:\/\/www.reclamador.es\/blog\/#\/schema\/person\/1ed83eef8b6566cb5e4c812d9bc5c4bf"},"headline":"\u00bfCu\u00e1ndo un despido es considerado procedente?","datePublished":"2018-09-01T08:30:26+00:00","dateModified":"2023-10-23T09:12:17+00:00","mainEntityOfPage":{"@id":"https:\/\/www.reclamador.es\/blog\/despido-procedente-causas\/"},"wordCount":588,"commentCount":1,"publisher":{"@id":"https:\/\/www.reclamador.es\/blog\/#organization"},"image":{"@id":"https:\/\/www.reclamador.es\/blog\/despido-procedente-causas\/#primaryimage"},"thumbnailUrl":"https:\/\/i0.wp.com\/www.reclamador.es\/blog\/wp-content\/uploads\/2018\/09\/despido-procedente.jpg?fit=1200%2C675&ssl=1","keywords":["laboral"],"articleSection":["Consejos legales"],"inLanguage":"es","potentialAction":[{"@type":"CommentAction","name":"Comment","target":["https:\/\/www.reclamador.es\/blog\/despido-procedente-causas\/#respond"]}]},{"@type":"WebPage","@id":"https:\/\/www.reclamador.es\/blog\/despido-procedente-causas\/","url":"https:\/\/www.reclamador.es\/blog\/despido-procedente-causas\/","name":"Despido Procedente: \u00bfQu\u00e9 causas pueden poner para echarte?","isPartOf":{"@id":"https:\/\/www.reclamador.es\/blog\/#website"},"primaryImageOfPage":{"@id":"https:\/\/www.reclamador.es\/blog\/despido-procedente-causas\/#primaryimage"},"image":{"@id":"https:\/\/www.reclamador.es\/blog\/despido-procedente-causas\/#primaryimage"},"thumbnailUrl":"https:\/\/i0.wp.com\/www.reclamador.es\/blog\/wp-content\/uploads\/2018\/09\/despido-procedente.jpg?fit=1200%2C675&ssl=1","datePublished":"2018-09-01T08:30:26+00:00","dateModified":"2023-10-23T09:12:17+00:00","description":"Descubre las principales causas que pueden alegar los empresarios para un despido procedente. Inf\u00f3rmate y reclama tus derechos laborales.","breadcrumb":{"@id":"https:\/\/www.reclamador.es\/blog\/despido-procedente-causas\/#breadcrumb"},"inLanguage":"es","potentialAction":[{"@type":"ReadAction","target":["https:\/\/www.reclamador.es\/blog\/despido-procedente-causas\/"]}]},{"@type":"ImageObject","inLanguage":"es","@id":"https:\/\/www.reclamador.es\/blog\/despido-procedente-causas\/#primaryimage","url":"https:\/\/i0.wp.com\/www.reclamador.es\/blog\/wp-content\/uploads\/2018\/09\/despido-procedente.jpg?fit=1200%2C675&ssl=1","contentUrl":"https:\/\/i0.wp.com\/www.reclamador.es\/blog\/wp-content\/uploads\/2018\/09\/despido-procedente.jpg?fit=1200%2C675&ssl=1","width":1200,"height":675,"caption":"El despido procedente en Espa\u00f1a"},{"@type":"BreadcrumbList","@id":"https:\/\/www.reclamador.es\/blog\/despido-procedente-causas\/#breadcrumb","itemListElement":[{"@type":"ListItem","position":1,"name":"Portada","item":"https:\/\/www.reclamador.es\/blog\/"},{"@type":"ListItem","position":2,"name":"\u00bfCu\u00e1ndo un despido es considerado procedente?"}]},{"@type":"WebSite","@id":"https:\/\/www.reclamador.es\/blog\/#website","url":"https:\/\/www.reclamador.es\/blog\/","name":"Rebeldes con causa, el blog de reclamador.es","description":"Noticias, entrevistas y consejos sobre reclamaciones","publisher":{"@id":"https:\/\/www.reclamador.es\/blog\/#organization"},"potentialAction":[{"@type":"SearchAction","target":{"@type":"EntryPoint","urlTemplate":"https:\/\/www.reclamador.es\/blog\/?s={search_term_string}"},"query-input":{"@type":"PropertyValueSpecification","valueRequired":true,"valueName":"search_term_string"}}],"inLanguage":"es"},{"@type":"Organization","@id":"https:\/\/www.reclamador.es\/blog\/#organization","name":"reclamador.es","url":"https:\/\/www.reclamador.es\/blog\/","logo":{"@type":"ImageObject","inLanguage":"es","@id":"https:\/\/www.reclamador.es\/blog\/#\/schema\/logo\/image\/","url":"https:\/\/i0.wp.com\/www.reclamador.es\/blog\/wp-content\/uploads\/2020\/01\/logo-reclamador.png?fit=1200%2C144&ssl=1","contentUrl":"https:\/\/i0.wp.com\/www.reclamador.es\/blog\/wp-content\/uploads\/2020\/01\/logo-reclamador.png?fit=1200%2C144&ssl=1","width":1200,"height":144,"caption":"reclamador.es"},"image":{"@id":"https:\/\/www.reclamador.es\/blog\/#\/schema\/logo\/image\/"},"sameAs":["https:\/\/www.facebook.com\/reclamador.es","https:\/\/x.com\/reclamador","https:\/\/www.instagram.com\/reclamador.es\/","https:\/\/www.linkedin.com\/company\/reclamador-es","https:\/\/www.youtube.com\/user\/Reclamadores"]},{"@type":"Person","@id":"https:\/\/www.reclamador.es\/blog\/#\/schema\/person\/1ed83eef8b6566cb5e4c812d9bc5c4bf","name":"Equipo reclamador","image":{"@type":"ImageObject","inLanguage":"es","@id":"https:\/\/secure.gravatar.com\/avatar\/6442ecdc2c4472c600c113f34d340feca47107d6aa4f42f1e3e75a2a8e28a760?s=96&d=mm&r=g","url":"https:\/\/secure.gravatar.com\/avatar\/6442ecdc2c4472c600c113f34d340feca47107d6aa4f42f1e3e75a2a8e28a760?s=96&d=mm&r=g","contentUrl":"https:\/\/secure.gravatar.com\/avatar\/6442ecdc2c4472c600c113f34d340feca47107d6aa4f42f1e3e75a2a8e28a760?s=96&d=mm&r=g","caption":"Equipo reclamador"},"description":"Las personas que hacen posible reclamador.es","url":"https:\/\/www.reclamador.es\/blog\/author\/administrador\/"}]}},"jetpack_featured_media_url":"https:\/\/i0.wp.com\/www.reclamador.es\/blog\/wp-content\/uploads\/2018\/09\/despido-procedente.jpg?fit=1200%2C675&ssl=1","jetpack-related-posts":[{"id":6300,"url":"https:\/\/www.reclamador.es\/blog\/despido-procedente-o-improcedente-tipos-despido\/","url_meta":{"origin":4004,"position":0},"title":"Conoce los tipos de despido que existen en Espa\u00f1a","author":"Equipo reclamador","date":"22 febrero, 2019","format":false,"excerpt":"*Contenido revisado septiembre 2022 En otro post de nuestro blog, os dej\u00e1bamos un art\u00edculo con tres consejos muy b\u00e1sicos en el que os cont\u00e1bamos qu\u00e9 hacer si te despiden. Somos conscientes de que existe mucha confusi\u00f3n sobre los tipos de despido y lo que implica cada uno. Por eso hoy\u2026","rel":"","context":"En \u00abConsejos legales\u00bb","block_context":{"text":"Consejos legales","link":"https:\/\/www.reclamador.es\/blog\/consejos\/"},"img":{"alt_text":"","src":"https:\/\/i0.wp.com\/www.reclamador.es\/blog\/wp-content\/uploads\/2017\/02\/GettyImages-522795920-min.jpg?fit=1200%2C600&ssl=1&resize=350%2C200","width":350,"height":200,"srcset":"https:\/\/i0.wp.com\/www.reclamador.es\/blog\/wp-content\/uploads\/2017\/02\/GettyImages-522795920-min.jpg?fit=1200%2C600&ssl=1&resize=350%2C200 1x, https:\/\/i0.wp.com\/www.reclamador.es\/blog\/wp-content\/uploads\/2017\/02\/GettyImages-522795920-min.jpg?fit=1200%2C600&ssl=1&resize=525%2C300 1.5x, https:\/\/i0.wp.com\/www.reclamador.es\/blog\/wp-content\/uploads\/2017\/02\/GettyImages-522795920-min.jpg?fit=1200%2C600&ssl=1&resize=700%2C400 2x, https:\/\/i0.wp.com\/www.reclamador.es\/blog\/wp-content\/uploads\/2017\/02\/GettyImages-522795920-min.jpg?fit=1200%2C600&ssl=1&resize=1050%2C600 3x"},"classes":[]},{"id":3803,"url":"https:\/\/www.reclamador.es\/blog\/consecuencias-despido-procedente\/","url_meta":{"origin":4004,"position":1},"title":"Consecuencias de un despido procedente","author":"Equipo reclamador","date":"9 marzo, 2016","format":false,"excerpt":"El momento del despido es uno de los m\u00e1s temidos por el trabajador debido al desamparo econ\u00f3mico que puede llegar a ocasionarle. Sin embargo, las empresas, amparadas por la legalidad, se guardan el derecho de prescindir de sus empleados en momentos determinados por motivos disciplinarios ejecutando un despido procedente que,\u2026","rel":"","context":"En \u00abConsejos legales\u00bb","block_context":{"text":"Consejos legales","link":"https:\/\/www.reclamador.es\/blog\/consejos\/"},"img":{"alt_text":"","src":"https:\/\/i0.wp.com\/www.reclamador.es\/blog\/wp-content\/uploads\/2016\/03\/GettyImages-516392301.jpg?fit=1200%2C800&ssl=1&resize=350%2C200","width":350,"height":200,"srcset":"https:\/\/i0.wp.com\/www.reclamador.es\/blog\/wp-content\/uploads\/2016\/03\/GettyImages-516392301.jpg?fit=1200%2C800&ssl=1&resize=350%2C200 1x, https:\/\/i0.wp.com\/www.reclamador.es\/blog\/wp-content\/uploads\/2016\/03\/GettyImages-516392301.jpg?fit=1200%2C800&ssl=1&resize=525%2C300 1.5x, https:\/\/i0.wp.com\/www.reclamador.es\/blog\/wp-content\/uploads\/2016\/03\/GettyImages-516392301.jpg?fit=1200%2C800&ssl=1&resize=700%2C400 2x, https:\/\/i0.wp.com\/www.reclamador.es\/blog\/wp-content\/uploads\/2016\/03\/GettyImages-516392301.jpg?fit=1200%2C800&ssl=1&resize=1050%2C600 3x"},"classes":[]},{"id":4322,"url":"https:\/\/www.reclamador.es\/blog\/principales-tipos-demandas-laborales\/","url_meta":{"origin":4004,"position":2},"title":"Cosas a saber de las demandas laborales despu\u00e9s de un despido","author":"Equipo reclamador","date":"22 junio, 2016","format":false,"excerpt":"El despido laboral es la forma en que se rescinde una relaci\u00f3n profesional entre un empresario y el empleado mediante la decisi\u00f3n unilateral del primero. Precisamente, para evitar situaciones de desigualdad, el Estatuto de los Trabajadores establece distintas tipolog\u00edas de despido. Por ello, tambi\u00e9n existen distintos tipos de demandas laborales,\u2026","rel":"","context":"En \u00abConsejos legales\u00bb","block_context":{"text":"Consejos legales","link":"https:\/\/www.reclamador.es\/blog\/consejos\/"},"img":{"alt_text":"trabajador - Demandas laborales ante un despido","src":"https:\/\/i0.wp.com\/www.reclamador.es\/blog\/wp-content\/uploads\/2016\/06\/demandas-laborales-trabajadores-ante-despido.jpg?fit=1200%2C630&ssl=1&resize=350%2C200","width":350,"height":200,"srcset":"https:\/\/i0.wp.com\/www.reclamador.es\/blog\/wp-content\/uploads\/2016\/06\/demandas-laborales-trabajadores-ante-despido.jpg?fit=1200%2C630&ssl=1&resize=350%2C200 1x, https:\/\/i0.wp.com\/www.reclamador.es\/blog\/wp-content\/uploads\/2016\/06\/demandas-laborales-trabajadores-ante-despido.jpg?fit=1200%2C630&ssl=1&resize=525%2C300 1.5x, https:\/\/i0.wp.com\/www.reclamador.es\/blog\/wp-content\/uploads\/2016\/06\/demandas-laborales-trabajadores-ante-despido.jpg?fit=1200%2C630&ssl=1&resize=700%2C400 2x, https:\/\/i0.wp.com\/www.reclamador.es\/blog\/wp-content\/uploads\/2016\/06\/demandas-laborales-trabajadores-ante-despido.jpg?fit=1200%2C630&ssl=1&resize=1050%2C600 3x"},"classes":[]},{"id":17173,"url":"https:\/\/www.reclamador.es\/blog\/me-pueden-despedir-estando-de-baja\/","url_meta":{"origin":4004,"position":3},"title":"\u00bfEs legal un despido estando de baja?","author":"Equipo reclamador","date":"5 marzo, 2021","format":false,"excerpt":"Esta es una de las dudas m\u00e1s recurrentes entre los trabajadores que se encuentran en situaci\u00f3n de incapacidad temporal. En reuniones con familiares y amigos, cuando contamos que alg\u00fan conocido est\u00e1 de baja por cualquier motivo, suele salir el tema \u00bfme pueden despedir estando de baja?, \u00bfse puede reclamar el\u2026","rel":"","context":"En \u00abConsejos legales\u00bb","block_context":{"text":"Consejos legales","link":"https:\/\/www.reclamador.es\/blog\/consejos\/"},"img":{"alt_text":"despido incapacidad temporal","src":"https:\/\/i0.wp.com\/www.reclamador.es\/blog\/wp-content\/uploads\/2018\/02\/despedir-estando-de-baja-reclamador.jpg?fit=1188%2C800&ssl=1&resize=350%2C200","width":350,"height":200,"srcset":"https:\/\/i0.wp.com\/www.reclamador.es\/blog\/wp-content\/uploads\/2018\/02\/despedir-estando-de-baja-reclamador.jpg?fit=1188%2C800&ssl=1&resize=350%2C200 1x, https:\/\/i0.wp.com\/www.reclamador.es\/blog\/wp-content\/uploads\/2018\/02\/despedir-estando-de-baja-reclamador.jpg?fit=1188%2C800&ssl=1&resize=525%2C300 1.5x, https:\/\/i0.wp.com\/www.reclamador.es\/blog\/wp-content\/uploads\/2018\/02\/despedir-estando-de-baja-reclamador.jpg?fit=1188%2C800&ssl=1&resize=700%2C400 2x, https:\/\/i0.wp.com\/www.reclamador.es\/blog\/wp-content\/uploads\/2018\/02\/despedir-estando-de-baja-reclamador.jpg?fit=1188%2C800&ssl=1&resize=1050%2C600 3x"},"classes":[]},{"id":20142,"url":"https:\/\/www.reclamador.es\/blog\/despido-por-whatsapp\/","url_meta":{"origin":4004,"position":4},"title":"Despido por WhatsApp: \u00bfes legal?","author":"Equipo reclamador","date":"27 mayo, 2021","format":false,"excerpt":"Si cualquier situaci\u00f3n de despido es complicada, que lo comuniquen por WhatsApp (o cualquier otra aplicaci\u00f3n de mensajer\u00eda instant\u00e1nea) supone una doble inseguridad. Primero, por quedarte sin trabajo y, segundo, por desconocer si esa forma de comunicaci\u00f3n del despido es acorde a la ley. Es aqu\u00ed cuando el trabajador se\u2026","rel":"","context":"En \u00abConsejos legales\u00bb","block_context":{"text":"Consejos legales","link":"https:\/\/www.reclamador.es\/blog\/consejos\/"},"img":{"alt_text":"despido por whatsapp","src":"https:\/\/i0.wp.com\/www.reclamador.es\/blog\/wp-content\/uploads\/2018\/11\/despido-por-whatsapp-reclamador.jpg?fit=1200%2C800&ssl=1&resize=350%2C200","width":350,"height":200,"srcset":"https:\/\/i0.wp.com\/www.reclamador.es\/blog\/wp-content\/uploads\/2018\/11\/despido-por-whatsapp-reclamador.jpg?fit=1200%2C800&ssl=1&resize=350%2C200 1x, https:\/\/i0.wp.com\/www.reclamador.es\/blog\/wp-content\/uploads\/2018\/11\/despido-por-whatsapp-reclamador.jpg?fit=1200%2C800&ssl=1&resize=525%2C300 1.5x, https:\/\/i0.wp.com\/www.reclamador.es\/blog\/wp-content\/uploads\/2018\/11\/despido-por-whatsapp-reclamador.jpg?fit=1200%2C800&ssl=1&resize=700%2C400 2x, https:\/\/i0.wp.com\/www.reclamador.es\/blog\/wp-content\/uploads\/2018\/11\/despido-por-whatsapp-reclamador.jpg?fit=1200%2C800&ssl=1&resize=1050%2C600 3x"},"classes":[]},{"id":4229,"url":"https:\/\/www.reclamador.es\/blog\/despido-nulo-causas-y-consecuencias\/","url_meta":{"origin":4004,"position":5},"title":"Despido Nulo \u00a1Causas y Consecuencias!","author":"Equipo reclamador","date":"1 junio, 2016","format":false,"excerpt":"Cuando se produce el despido de un empleado, dicho despido puede ser calificado de procedente, si la decisi\u00f3n se ha tomado por causas correctamente justificadas; de improcedente, si no se han cumplido los requisitos formales o no est\u00e1 adecuadamente argumentado; o despido nulo. En este post, nos vamos a centrar\u2026","rel":"","context":"En \u00abConsejos legales\u00bb","block_context":{"text":"Consejos legales","link":"https:\/\/www.reclamador.es\/blog\/consejos\/"},"img":{"alt_text":"despido nulo","src":"https:\/\/i0.wp.com\/www.reclamador.es\/blog\/wp-content\/uploads\/2016\/06\/guia-despido-nulo-reclamador.jpg?fit=1200%2C630&ssl=1&resize=350%2C200","width":350,"height":200,"srcset":"https:\/\/i0.wp.com\/www.reclamador.es\/blog\/wp-content\/uploads\/2016\/06\/guia-despido-nulo-reclamador.jpg?fit=1200%2C630&ssl=1&resize=350%2C200 1x, https:\/\/i0.wp.com\/www.reclamador.es\/blog\/wp-content\/uploads\/2016\/06\/guia-despido-nulo-reclamador.jpg?fit=1200%2C630&ssl=1&resize=525%2C300 1.5x, https:\/\/i0.wp.com\/www.reclamador.es\/blog\/wp-content\/uploads\/2016\/06\/guia-despido-nulo-reclamador.jpg?fit=1200%2C630&ssl=1&resize=700%2C400 2x, https:\/\/i0.wp.com\/www.reclamador.es\/blog\/wp-content\/uploads\/2016\/06\/guia-despido-nulo-reclamador.jpg?fit=1200%2C630&ssl=1&resize=1050%2C600 3x"},"classes":[]}],"jetpack_sharing_enabled":true,"_links":{"self":[{"href":"https:\/\/www.reclamador.es\/blog\/wp-json\/wp\/v2\/posts\/4004","targetHints":{"allow":["GET"]}}],"collection":[{"href":"https:\/\/www.reclamador.es\/blog\/wp-json\/wp\/v2\/posts"}],"about":[{"href":"https:\/\/www.reclamador.es\/blog\/wp-json\/wp\/v2\/types\/post"}],"author":[{"embeddable":true,"href":"https:\/\/www.reclamador.es\/blog\/wp-json\/wp\/v2\/users\/1"}],"replies":[{"embeddable":true,"href":"https:\/\/www.reclamador.es\/blog\/wp-json\/wp\/v2\/comments?post=4004"}],"version-history":[{"count":15,"href":"https:\/\/www.reclamador.es\/blog\/wp-json\/wp\/v2\/posts\/4004\/revisions"}],"predecessor-version":[{"id":31618,"href":"https:\/\/www.reclamador.es\/blog\/wp-json\/wp\/v2\/posts\/4004\/revisions\/31618"}],"wp:featuredmedia":[{"embeddable":true,"href":"https:\/\/www.reclamador.es\/blog\/wp-json\/wp\/v2\/media\/27777"}],"wp:attachment":[{"href":"https:\/\/www.reclamador.es\/blog\/wp-json\/wp\/v2\/media?parent=4004"}],"wp:term":[{"taxonomy":"category","embeddable":true,"href":"https:\/\/www.reclamador.es\/blog\/wp-json\/wp\/v2\/categories?post=4004"},{"taxonomy":"post_tag","embeddable":true,"href":"https:\/\/www.reclamador.es\/blog\/wp-json\/wp\/v2\/tags?post=4004"}],"curies":[{"name":"wp","href":"https:\/\/api.w.org\/{rel}","templated":true}]}}