{"id":3980,"date":"2024-03-03T10:32:00","date_gmt":"2024-03-03T09:32:00","guid":{"rendered":"https:\/\/www.reclamador.es\/blog\/?p=3980"},"modified":"2025-04-07T13:16:18","modified_gmt":"2025-04-07T11:16:18","slug":"indemnizacion-por-despido-tras-cerrar-empresa","status":"publish","type":"post","link":"https:\/\/www.reclamador.es\/blog\/indemnizacion-por-despido-tras-cerrar-empresa\/","title":{"rendered":"\u00bfQui\u00e9n paga la indemnizaci\u00f3n por despido tras cerrar una empresa?"},"content":{"rendered":"<div class=\"ttr_start\"><\/div>\n\n<div class=\"kk-star-ratings kksr-auto kksr-align-right kksr-valign-top\"\n    data-payload='{&quot;align&quot;:&quot;right&quot;,&quot;id&quot;:&quot;3980&quot;,&quot;slug&quot;:&quot;default&quot;,&quot;valign&quot;:&quot;top&quot;,&quot;ignore&quot;:&quot;&quot;,&quot;reference&quot;:&quot;auto&quot;,&quot;class&quot;:&quot;&quot;,&quot;count&quot;:&quot;25&quot;,&quot;legendonly&quot;:&quot;&quot;,&quot;readonly&quot;:&quot;&quot;,&quot;score&quot;:&quot;4.6&quot;,&quot;starsonly&quot;:&quot;&quot;,&quot;best&quot;:&quot;5&quot;,&quot;gap&quot;:&quot;3&quot;,&quot;greet&quot;:&quot;Valora este art\u00edculo&quot;,&quot;legend&quot;:&quot;4.6\\\/5 - (25 votos)&quot;,&quot;size&quot;:&quot;20&quot;,&quot;title&quot;:&quot;\u00bfQui\u00e9n paga la indemnizaci\u00f3n por despido tras cerrar una empresa?&quot;,&quot;width&quot;:&quot;104.3&quot;,&quot;_legend&quot;:&quot;{score}\\\/{best} - ({count} {votes})&quot;,&quot;font_factor&quot;:&quot;1.25&quot;}'>\n            \n<div class=\"kksr-stars\">\n    \n<div class=\"kksr-stars-inactive\">\n            <div class=\"kksr-star\" data-star=\"1\" style=\"padding-right: 3px\">\n            \n\n<div class=\"kksr-icon\" style=\"width: 20px; height: 20px;\"><\/div>\n        <\/div>\n            <div class=\"kksr-star\" data-star=\"2\" style=\"padding-right: 3px\">\n            \n\n<div class=\"kksr-icon\" style=\"width: 20px; height: 20px;\"><\/div>\n        <\/div>\n            <div class=\"kksr-star\" data-star=\"3\" style=\"padding-right: 3px\">\n            \n\n<div class=\"kksr-icon\" style=\"width: 20px; height: 20px;\"><\/div>\n        <\/div>\n            <div class=\"kksr-star\" data-star=\"4\" style=\"padding-right: 3px\">\n            \n\n<div class=\"kksr-icon\" style=\"width: 20px; height: 20px;\"><\/div>\n        <\/div>\n            <div class=\"kksr-star\" data-star=\"5\" style=\"padding-right: 3px\">\n            \n\n<div class=\"kksr-icon\" style=\"width: 20px; height: 20px;\"><\/div>\n        <\/div>\n    <\/div>\n    \n<div class=\"kksr-stars-active\" style=\"width: 104.3px;\">\n            <div class=\"kksr-star\" style=\"padding-right: 3px\">\n            \n\n<div class=\"kksr-icon\" style=\"width: 20px; height: 20px;\"><\/div>\n        <\/div>\n            <div class=\"kksr-star\" style=\"padding-right: 3px\">\n            \n\n<div class=\"kksr-icon\" style=\"width: 20px; height: 20px;\"><\/div>\n        <\/div>\n            <div class=\"kksr-star\" style=\"padding-right: 3px\">\n            \n\n<div class=\"kksr-icon\" style=\"width: 20px; height: 20px;\"><\/div>\n        <\/div>\n            <div class=\"kksr-star\" style=\"padding-right: 3px\">\n            \n\n<div class=\"kksr-icon\" style=\"width: 20px; height: 20px;\"><\/div>\n        <\/div>\n            <div class=\"kksr-star\" style=\"padding-right: 3px\">\n            \n\n<div class=\"kksr-icon\" style=\"width: 20px; height: 20px;\"><\/div>\n        <\/div>\n    <\/div>\n<\/div>\n                \n\n<div class=\"kksr-legend\" style=\"font-size: 16px;\">\n            4.6\/5 - (25 votos)    <\/div>\n    <\/div>\n<figure id=\"attachment_28244\" aria-describedby=\"caption-attachment-28244\" style=\"width: 1200px\" class=\"wp-caption aligncenter\"><img data-recalc-dims=\"1\" loading=\"lazy\" decoding=\"async\" class=\"size-full wp-image-28244\" src=\"https:\/\/i0.wp.com\/www.reclamador.es\/blog\/wp-content\/uploads\/2017\/04\/indemnizacion-despido-por-cierre-de-empresa.jpg?resize=1200%2C660&#038;ssl=1\" alt=\"derechos trabajadores despido por cierre de empresa\" width=\"1200\" height=\"660\" srcset=\"https:\/\/i0.wp.com\/www.reclamador.es\/blog\/wp-content\/uploads\/2017\/04\/indemnizacion-despido-por-cierre-de-empresa.jpg?w=1200&amp;ssl=1 1200w, https:\/\/i0.wp.com\/www.reclamador.es\/blog\/wp-content\/uploads\/2017\/04\/indemnizacion-despido-por-cierre-de-empresa.jpg?resize=800%2C440&amp;ssl=1 800w, https:\/\/i0.wp.com\/www.reclamador.es\/blog\/wp-content\/uploads\/2017\/04\/indemnizacion-despido-por-cierre-de-empresa.jpg?resize=150%2C83&amp;ssl=1 150w, https:\/\/i0.wp.com\/www.reclamador.es\/blog\/wp-content\/uploads\/2017\/04\/indemnizacion-despido-por-cierre-de-empresa.jpg?resize=768%2C422&amp;ssl=1 768w\" sizes=\"auto, (max-width: 1000px) 100vw, 1000px\" \/><figcaption id=\"caption-attachment-28244\" class=\"wp-caption-text\"><em>Indemnizaci\u00f3n por despido por cierre de empresa<\/em><\/figcaption><\/figure>\n<p><strong>*Contenido ampliado abril 2025<\/strong><\/p>\n<p class=\"p1\" style=\"text-align: justify;\">La <b>indemnizaci\u00f3n por despido<\/b> en general y los derechos del trabajador tras el despido en el cierre de una empresa generan mucha confusi\u00f3n. La compleja casu\u00edstica alrededor de este asunto y la mara\u00f1a legal que lo rodea no facilitan las cosas. Intentemos aportar luz en este art\u00edculo donde explicamos tus derechos ante un <strong>despido por cierre de empresa<\/strong>.<\/p>\n<h2><strong>Indemnizaci\u00f3n por despido por cierre de empresa<\/strong><\/h2>\n<p class=\"p1\" style=\"text-align: justify;\">Para ello, la primera pregunta que se realiza el trabajar despedido por el cierre de su empresa es <strong>\u00bftengo<\/strong> <b>derecho a indemnizaci\u00f3n si cierra la compa\u00f1\u00eda<\/b>? La respuesta es clara: S\u00ed. <strong>El trabajador tiene derecho a indemnizaci\u00f3n por cierre de empresa.<\/strong><\/p>\n<p class=\"p1\" style=\"text-align: justify;\">Los cierres de compa\u00f1\u00edas vienen regulados por el <a href=\"https:\/\/www.boe.es\/buscar\/act.php?id=BOE-A-2015-11430\" target=\"_blank\" rel=\"noopener noreferrer\"><b>Estatuto de los Trabajadores<\/b><\/a>. Y esta normativa, en sus art\u00edculos 49 y 51 (este hace referencia al despido colectivo) lo deja bien claro: el asalariado despedido por el fin de actividad de una firma tiene derecho a <b>20 d\u00edas de sueldo por a\u00f1o trabajado<\/b> con un <b>l\u00edmite m\u00e1ximo de 12 mensualidades<\/b>. Los per\u00edodos inferiores a un a\u00f1o se prorratean.<\/p>\n<h2><strong>\u00bfY si la empresa no tiene dinero para pagar la indemnizaci\u00f3n por despido?<\/strong><\/h2>\n<p class=\"p1\" style=\"text-align: justify;\">La siguiente pregunta es <strong>\u00bfy si la empresa no tiene dinero<\/strong> <b>qui\u00e9n paga la indemnizaci\u00f3n<\/b>? Aqu\u00ed depende de cu\u00e1l sea el caso. As\u00ed, se debe a un <b>plan estrat\u00e9gico de la firma<\/b>, por ejemplo, una multinacional que decide cerrar su planta en Espa\u00f1a para producir en pa\u00edses m\u00e1s baratos, en ese caso es <b>la empresa la que se tiene que hacer cargo.<\/b><\/p>\n<p class=\"p1\" style=\"text-align: justify;\">Si el cierre se debe a su <b>inviabilidad<\/b> (p\u00e9rdidas recurrentes) habr\u00e1 que ver la causa de la falta de capital. Si se sospecha que el dinero se ha acabado debido a alguna <b>pr\u00e1ctica ilegal<\/b> -desv\u00edo de fondos de las cuentas de la empresa a las de sus accionistas, por ejemplo- se podr\u00e1 <b>recurrir<\/b> el monto de las <b>indemnizaciones<\/b> adeudadas <b>por v\u00eda judicial<\/b>. Es un procedimiento lento, penoso y caro. Por otro lado, si se demuestra que es por <b>falta de dinero justificada<\/b> se tendr\u00e1 que acudir a la red de protecci\u00f3n del Estado: El <b>FOGASA<\/b><span class=\"s1\">.<\/span><\/p>\n<p>En situaciones donde <strong>una empresa cierra y no dispone de fondos suficientes para abonar las indemnizaciones por despido, el Fondo de Garant\u00eda Salarial (FOGASA)<\/strong> entra en juego. El FOGASA es un organismo p\u00fablico que <span class=\"citation-0 citation-end-0 interactive-span-selected-v2\">garantiza a los trabajadores el cobro de salarios e indemnizaciones pendientes en casos de insolvencia o concurso de acreedores.<\/span><\/p>\n<h6 class=\"entry-title\" style=\"text-align: center;\"><a href=\"https:\/\/www.reclamador.es\/blog\/que-pasa-empleados-cuando-fallece-empleador\/\">Te interesa: \u00bfQu\u00e9 ocurre con los trabajadores si fallece el titular de la empresa?<\/a><\/h6>\n<h2 class=\"p1\" style=\"text-align: left;\"><b>\u00bfQu\u00e9 es el FOGASA y c\u00f3mo act\u00faa?<\/b><\/h2>\n<p class=\"p1\" style=\"text-align: justify;\">El <a href=\"https:\/\/www.reclamador.es\/blog\/que-es-el-fogasa\/\"><b>FOGASA<\/b><\/a> o Fondo de Garant\u00eda Salarial, un <b>organismo<\/b> del Ministerio de Empleo y Seguridad Social que <em>\"garantiza a los trabajadores la percepci\u00f3n de salarios, as\u00ed como las indemnizaciones por despido o extinci\u00f3n de la relaci\u00f3n laboral, pendientes de pago a causa de insolvencia o procedimiento concursal del empresario\".<\/em><\/p>\n<p class=\"p1\" style=\"text-align: justify;\">El FOGASA est\u00e1 <b>financiado con dinero p\u00fablico<\/b>, <b>pagar\u00e1 la indemnizaci\u00f3n<\/b> cuando el empresario no cumpla. Eso s\u00ed, <b>con condiciones<\/b>. Por ejemplo, que el montante m\u00e1ximo es una anualidad, sin que el salario diario, como base de c\u00e1lculo utilizada, \"pueda exceder del doble del salario m\u00ednimo interprofesional fijado por el Gobierno, incluyendo la parte proporcional de las pagas extraordinarias\".<\/p>\n<p class=\"p1\" style=\"text-align: justify;\">Hay que tener en cuenta que muchas veces, el cierre de una empresa y el despido de sus trabajadores va precedido de <a href=\"https:\/\/www.reclamador.es\/ayuda\/gestiones\/que-hacer-impago-salario\/\"><b>impagos de salarios<\/b><\/a>. Si es el caso, el FOGASA tambi\u00e9n acude al rescate para <b>abonar salarios pendientes de pago<\/b> por <b>insolvencia<\/b> o <b>concurso de acreedores<\/b> en la empresa. El m\u00e1ximo asumible en este supuesto se corresponde con el salario equivalente a <b>120 d\u00edas de trabajo<\/b><span class=\"s1\">.<\/span><\/p>\n<h2>\u00bfY si estando de baja cierra la empresa?<\/h2>\n<p>Otra pregunta cuando se produce el cierre de una compa\u00f1\u00eda es \u00bfsi estoy de baja y cierra la empresa qui\u00e9n me paga? Si te encuentras de baja m\u00e9dica en el momento en que la empresa cierra, la responsabilidad del pago de la prestaci\u00f3n por incapacidad temporal (IT) puede variar:<\/p>\n<ul data-sourcepos=\"17:1-21:0\">\n<li data-sourcepos=\"17:1-17:167\"><strong>Durante la baja<\/strong>: Inicialmente, la empresa sigue siendo responsable del pago delegado de la prestaci\u00f3n por IT, generalmente hasta el d\u00eda del cese de la actividad.<\/li>\n<li data-sourcepos=\"18:1-18:267\"><strong>Despu\u00e9s del cierre<\/strong>: Una vez que la empresa cierra, la responsabilidad del pago de la prestaci\u00f3n por IT pasa a la Seguridad Social o a la mutua colaboradora con la Seguridad Social, dependiendo de la contingencia que haya originado la baja (com\u00fan o profesional).<\/li>\n<li data-sourcepos=\"19:1-19:204\"><strong>Despido y baja<\/strong>: El cierre de la empresa implica el despido del trabajador. En este caso, se debe proceder a liquidar las cantidades pendientes y, si corresponde, abonar la indemnizaci\u00f3n por despido.<\/li>\n<li data-sourcepos=\"20:1-21:0\"><strong>Prestaci\u00f3n por desempleo<\/strong>: Si tras el cierre de la empresa y el fin de la baja m\u00e9dica, el trabajador se encuentra en situaci\u00f3n de desempleo, podr\u00e1 solicitar la prestaci\u00f3n correspondiente al Servicio P\u00fablico de Empleo Estatal (SEPE).<\/li>\n<\/ul>\n<div class=\"ttr_end\"><\/div>","protected":false},"excerpt":{"rendered":"<p>*Contenido ampliado abril 2025 La indemnizaci\u00f3n por despido en general y los derechos del trabajador tras el despido en el cierre de una empresa generan mucha confusi\u00f3n. La compleja casu\u00edstica alrededor de este asunto y la mara\u00f1a legal que lo rodea no facilitan las cosas. Intentemos aportar luz en este art\u00edculo donde explicamos tus derechos [&hellip;]<\/p>\n","protected":false},"author":1,"featured_media":28244,"comment_status":"open","ping_status":"open","sticky":false,"template":"","format":"standard","meta":{"_acf_changed":false,"_genesis_hide_title":false,"_genesis_hide_breadcrumbs":false,"_genesis_hide_singular_image":false,"_genesis_hide_footer_widgets":false,"_genesis_custom_body_class":"","_genesis_custom_post_class":"","_genesis_layout":"","_jetpack_newsletter_access":"","_jetpack_dont_email_post_to_subs":true,"_jetpack_newsletter_tier_id":0,"_jetpack_memberships_contains_paywalled_content":false,"_jetpack_memberships_contains_paid_content":false,"footnotes":""},"categories":[393],"tags":[289],"class_list":{"0":"post-3980","1":"post","2":"type-post","3":"status-publish","4":"format-standard","5":"has-post-thumbnail","7":"category-consejos","8":"tag-reclamacion","9":"entry"},"acf":[],"yoast_head":"<!-- This site is optimized with the Yoast SEO plugin v27.4 - https:\/\/yoast.com\/product\/yoast-seo-wordpress\/ -->\n<title>\u00bfQu\u00e9 pasa con la indemnizaci\u00f3n por despido si cierra la empresa?<\/title>\n<meta name=\"description\" content=\"Despido por cierre de empresa. Descubre c\u00f3mo conseguir tu indemnizaci\u00f3n por despido en caso de cierre y qu\u00e9 es el Fogasa.\" \/>\n<meta name=\"robots\" content=\"index, follow, max-snippet:-1, max-image-preview:large, max-video-preview:-1\" \/>\n<link rel=\"canonical\" href=\"https:\/\/www.reclamador.es\/blog\/indemnizacion-por-despido-tras-cerrar-empresa\/\" \/>\n<meta property=\"og:locale\" content=\"es_ES\" \/>\n<meta property=\"og:type\" content=\"article\" \/>\n<meta property=\"og:title\" content=\"\u00bfQu\u00e9 pasa con la indemnizaci\u00f3n por despido si cierra la empresa?\" \/>\n<meta property=\"og:description\" content=\"Despido por cierre de empresa. Descubre c\u00f3mo conseguir tu indemnizaci\u00f3n por despido en caso de cierre y qu\u00e9 es el Fogasa.\" \/>\n<meta property=\"og:url\" content=\"https:\/\/www.reclamador.es\/blog\/indemnizacion-por-despido-tras-cerrar-empresa\/\" \/>\n<meta property=\"og:site_name\" content=\"Rebeldes con causa, el blog de reclamador.es\" \/>\n<meta property=\"article:publisher\" content=\"https:\/\/www.facebook.com\/reclamador.es\" \/>\n<meta property=\"article:published_time\" content=\"2024-03-03T09:32:00+00:00\" \/>\n<meta property=\"article:modified_time\" content=\"2025-04-07T11:16:18+00:00\" \/>\n<meta property=\"og:image\" content=\"https:\/\/www.reclamador.es\/blog\/wp-content\/uploads\/2017\/04\/indemnizacion-despido-por-cierre-de-empresa.jpg\" \/>\n\t<meta property=\"og:image:width\" content=\"1200\" \/>\n\t<meta property=\"og:image:height\" content=\"660\" \/>\n\t<meta property=\"og:image:type\" content=\"image\/jpeg\" \/>\n<meta name=\"author\" content=\"Equipo reclamador\" \/>\n<meta name=\"twitter:card\" content=\"summary_large_image\" \/>\n<meta name=\"twitter:creator\" content=\"@reclamador\" \/>\n<meta name=\"twitter:site\" content=\"@reclamador\" \/>\n<meta name=\"twitter:label1\" content=\"Escrito por\" \/>\n\t<meta name=\"twitter:data1\" content=\"Equipo reclamador\" \/>\n\t<meta name=\"twitter:label2\" content=\"Tiempo de lectura\" \/>\n\t<meta name=\"twitter:data2\" content=\"5 minutos\" \/>\n<script type=\"application\/ld+json\" class=\"yoast-schema-graph\">{\"@context\":\"https:\\\/\\\/schema.org\",\"@graph\":[{\"@type\":\"Article\",\"@id\":\"https:\\\/\\\/www.reclamador.es\\\/blog\\\/indemnizacion-por-despido-tras-cerrar-empresa\\\/#article\",\"isPartOf\":{\"@id\":\"https:\\\/\\\/www.reclamador.es\\\/blog\\\/indemnizacion-por-despido-tras-cerrar-empresa\\\/\"},\"author\":{\"name\":\"Equipo reclamador\",\"@id\":\"https:\\\/\\\/www.reclamador.es\\\/blog\\\/#\\\/schema\\\/person\\\/1ed83eef8b6566cb5e4c812d9bc5c4bf\"},\"headline\":\"\u00bfQui\u00e9n paga la indemnizaci\u00f3n por despido tras cerrar una empresa?\",\"datePublished\":\"2024-03-03T09:32:00+00:00\",\"dateModified\":\"2025-04-07T11:16:18+00:00\",\"mainEntityOfPage\":{\"@id\":\"https:\\\/\\\/www.reclamador.es\\\/blog\\\/indemnizacion-por-despido-tras-cerrar-empresa\\\/\"},\"wordCount\":874,\"commentCount\":220,\"publisher\":{\"@id\":\"https:\\\/\\\/www.reclamador.es\\\/blog\\\/#organization\"},\"image\":{\"@id\":\"https:\\\/\\\/www.reclamador.es\\\/blog\\\/indemnizacion-por-despido-tras-cerrar-empresa\\\/#primaryimage\"},\"thumbnailUrl\":\"https:\\\/\\\/i0.wp.com\\\/www.reclamador.es\\\/blog\\\/wp-content\\\/uploads\\\/2017\\\/04\\\/indemnizacion-despido-por-cierre-de-empresa.jpg?fit=1200%2C660&ssl=1\",\"keywords\":[\"reclamaci\u00f3n\"],\"articleSection\":[\"Consejos legales\"],\"inLanguage\":\"es\",\"potentialAction\":[{\"@type\":\"CommentAction\",\"name\":\"Comment\",\"target\":[\"https:\\\/\\\/www.reclamador.es\\\/blog\\\/indemnizacion-por-despido-tras-cerrar-empresa\\\/#respond\"]}]},{\"@type\":\"WebPage\",\"@id\":\"https:\\\/\\\/www.reclamador.es\\\/blog\\\/indemnizacion-por-despido-tras-cerrar-empresa\\\/\",\"url\":\"https:\\\/\\\/www.reclamador.es\\\/blog\\\/indemnizacion-por-despido-tras-cerrar-empresa\\\/\",\"name\":\"\u00bfQu\u00e9 pasa con la indemnizaci\u00f3n por despido si cierra la empresa?\",\"isPartOf\":{\"@id\":\"https:\\\/\\\/www.reclamador.es\\\/blog\\\/#website\"},\"primaryImageOfPage\":{\"@id\":\"https:\\\/\\\/www.reclamador.es\\\/blog\\\/indemnizacion-por-despido-tras-cerrar-empresa\\\/#primaryimage\"},\"image\":{\"@id\":\"https:\\\/\\\/www.reclamador.es\\\/blog\\\/indemnizacion-por-despido-tras-cerrar-empresa\\\/#primaryimage\"},\"thumbnailUrl\":\"https:\\\/\\\/i0.wp.com\\\/www.reclamador.es\\\/blog\\\/wp-content\\\/uploads\\\/2017\\\/04\\\/indemnizacion-despido-por-cierre-de-empresa.jpg?fit=1200%2C660&ssl=1\",\"datePublished\":\"2024-03-03T09:32:00+00:00\",\"dateModified\":\"2025-04-07T11:16:18+00:00\",\"description\":\"Despido por cierre de empresa. Descubre c\u00f3mo conseguir tu indemnizaci\u00f3n por despido en caso de cierre y qu\u00e9 es el Fogasa.\",\"breadcrumb\":{\"@id\":\"https:\\\/\\\/www.reclamador.es\\\/blog\\\/indemnizacion-por-despido-tras-cerrar-empresa\\\/#breadcrumb\"},\"inLanguage\":\"es\",\"potentialAction\":[{\"@type\":\"ReadAction\",\"target\":[\"https:\\\/\\\/www.reclamador.es\\\/blog\\\/indemnizacion-por-despido-tras-cerrar-empresa\\\/\"]}]},{\"@type\":\"ImageObject\",\"inLanguage\":\"es\",\"@id\":\"https:\\\/\\\/www.reclamador.es\\\/blog\\\/indemnizacion-por-despido-tras-cerrar-empresa\\\/#primaryimage\",\"url\":\"https:\\\/\\\/i0.wp.com\\\/www.reclamador.es\\\/blog\\\/wp-content\\\/uploads\\\/2017\\\/04\\\/indemnizacion-despido-por-cierre-de-empresa.jpg?fit=1200%2C660&ssl=1\",\"contentUrl\":\"https:\\\/\\\/i0.wp.com\\\/www.reclamador.es\\\/blog\\\/wp-content\\\/uploads\\\/2017\\\/04\\\/indemnizacion-despido-por-cierre-de-empresa.jpg?fit=1200%2C660&ssl=1\",\"width\":1200,\"height\":660,\"caption\":\"Indemnizaci\u00f3n por despido por cierre de empresa\"},{\"@type\":\"BreadcrumbList\",\"@id\":\"https:\\\/\\\/www.reclamador.es\\\/blog\\\/indemnizacion-por-despido-tras-cerrar-empresa\\\/#breadcrumb\",\"itemListElement\":[{\"@type\":\"ListItem\",\"position\":1,\"name\":\"Portada\",\"item\":\"https:\\\/\\\/www.reclamador.es\\\/blog\\\/\"},{\"@type\":\"ListItem\",\"position\":2,\"name\":\"\u00bfQui\u00e9n paga la indemnizaci\u00f3n por despido tras cerrar una empresa?\"}]},{\"@type\":\"WebSite\",\"@id\":\"https:\\\/\\\/www.reclamador.es\\\/blog\\\/#website\",\"url\":\"https:\\\/\\\/www.reclamador.es\\\/blog\\\/\",\"name\":\"Rebeldes con causa, el blog de reclamador.es\",\"description\":\"Noticias, entrevistas y consejos sobre reclamaciones\",\"publisher\":{\"@id\":\"https:\\\/\\\/www.reclamador.es\\\/blog\\\/#organization\"},\"potentialAction\":[{\"@type\":\"SearchAction\",\"target\":{\"@type\":\"EntryPoint\",\"urlTemplate\":\"https:\\\/\\\/www.reclamador.es\\\/blog\\\/?s={search_term_string}\"},\"query-input\":{\"@type\":\"PropertyValueSpecification\",\"valueRequired\":true,\"valueName\":\"search_term_string\"}}],\"inLanguage\":\"es\"},{\"@type\":\"Organization\",\"@id\":\"https:\\\/\\\/www.reclamador.es\\\/blog\\\/#organization\",\"name\":\"reclamador.es\",\"url\":\"https:\\\/\\\/www.reclamador.es\\\/blog\\\/\",\"logo\":{\"@type\":\"ImageObject\",\"inLanguage\":\"es\",\"@id\":\"https:\\\/\\\/www.reclamador.es\\\/blog\\\/#\\\/schema\\\/logo\\\/image\\\/\",\"url\":\"https:\\\/\\\/i0.wp.com\\\/www.reclamador.es\\\/blog\\\/wp-content\\\/uploads\\\/2020\\\/01\\\/logo-reclamador.png?fit=1200%2C144&ssl=1\",\"contentUrl\":\"https:\\\/\\\/i0.wp.com\\\/www.reclamador.es\\\/blog\\\/wp-content\\\/uploads\\\/2020\\\/01\\\/logo-reclamador.png?fit=1200%2C144&ssl=1\",\"width\":1200,\"height\":144,\"caption\":\"reclamador.es\"},\"image\":{\"@id\":\"https:\\\/\\\/www.reclamador.es\\\/blog\\\/#\\\/schema\\\/logo\\\/image\\\/\"},\"sameAs\":[\"https:\\\/\\\/www.facebook.com\\\/reclamador.es\",\"https:\\\/\\\/x.com\\\/reclamador\",\"https:\\\/\\\/www.instagram.com\\\/reclamador.es\\\/\",\"https:\\\/\\\/www.linkedin.com\\\/company\\\/reclamador-es\",\"https:\\\/\\\/www.youtube.com\\\/user\\\/Reclamadores\"]},{\"@type\":\"Person\",\"@id\":\"https:\\\/\\\/www.reclamador.es\\\/blog\\\/#\\\/schema\\\/person\\\/1ed83eef8b6566cb5e4c812d9bc5c4bf\",\"name\":\"Equipo reclamador\",\"image\":{\"@type\":\"ImageObject\",\"inLanguage\":\"es\",\"@id\":\"https:\\\/\\\/secure.gravatar.com\\\/avatar\\\/6442ecdc2c4472c600c113f34d340feca47107d6aa4f42f1e3e75a2a8e28a760?s=96&d=mm&r=g\",\"url\":\"https:\\\/\\\/secure.gravatar.com\\\/avatar\\\/6442ecdc2c4472c600c113f34d340feca47107d6aa4f42f1e3e75a2a8e28a760?s=96&d=mm&r=g\",\"contentUrl\":\"https:\\\/\\\/secure.gravatar.com\\\/avatar\\\/6442ecdc2c4472c600c113f34d340feca47107d6aa4f42f1e3e75a2a8e28a760?s=96&d=mm&r=g\",\"caption\":\"Equipo reclamador\"},\"description\":\"Las personas que hacen posible reclamador.es\",\"url\":\"https:\\\/\\\/www.reclamador.es\\\/blog\\\/author\\\/administrador\\\/\"}]}<\/script>\n<!-- \/ Yoast SEO plugin. -->","yoast_head_json":{"title":"\u00bfQu\u00e9 pasa con la indemnizaci\u00f3n por despido si cierra la empresa?","description":"Despido por cierre de empresa. Descubre c\u00f3mo conseguir tu indemnizaci\u00f3n por despido en caso de cierre y qu\u00e9 es el Fogasa.","robots":{"index":"index","follow":"follow","max-snippet":"max-snippet:-1","max-image-preview":"max-image-preview:large","max-video-preview":"max-video-preview:-1"},"canonical":"https:\/\/www.reclamador.es\/blog\/indemnizacion-por-despido-tras-cerrar-empresa\/","og_locale":"es_ES","og_type":"article","og_title":"\u00bfQu\u00e9 pasa con la indemnizaci\u00f3n por despido si cierra la empresa?","og_description":"Despido por cierre de empresa. Descubre c\u00f3mo conseguir tu indemnizaci\u00f3n por despido en caso de cierre y qu\u00e9 es el Fogasa.","og_url":"https:\/\/www.reclamador.es\/blog\/indemnizacion-por-despido-tras-cerrar-empresa\/","og_site_name":"Rebeldes con causa, el blog de reclamador.es","article_publisher":"https:\/\/www.facebook.com\/reclamador.es","article_published_time":"2024-03-03T09:32:00+00:00","article_modified_time":"2025-04-07T11:16:18+00:00","og_image":[{"width":1200,"height":660,"url":"https:\/\/www.reclamador.es\/blog\/wp-content\/uploads\/2017\/04\/indemnizacion-despido-por-cierre-de-empresa.jpg","type":"image\/jpeg"}],"author":"Equipo reclamador","twitter_card":"summary_large_image","twitter_creator":"@reclamador","twitter_site":"@reclamador","twitter_misc":{"Escrito por":"Equipo reclamador","Tiempo de lectura":"5 minutos"},"schema":{"@context":"https:\/\/schema.org","@graph":[{"@type":"Article","@id":"https:\/\/www.reclamador.es\/blog\/indemnizacion-por-despido-tras-cerrar-empresa\/#article","isPartOf":{"@id":"https:\/\/www.reclamador.es\/blog\/indemnizacion-por-despido-tras-cerrar-empresa\/"},"author":{"name":"Equipo reclamador","@id":"https:\/\/www.reclamador.es\/blog\/#\/schema\/person\/1ed83eef8b6566cb5e4c812d9bc5c4bf"},"headline":"\u00bfQui\u00e9n paga la indemnizaci\u00f3n por despido tras cerrar una empresa?","datePublished":"2024-03-03T09:32:00+00:00","dateModified":"2025-04-07T11:16:18+00:00","mainEntityOfPage":{"@id":"https:\/\/www.reclamador.es\/blog\/indemnizacion-por-despido-tras-cerrar-empresa\/"},"wordCount":874,"commentCount":220,"publisher":{"@id":"https:\/\/www.reclamador.es\/blog\/#organization"},"image":{"@id":"https:\/\/www.reclamador.es\/blog\/indemnizacion-por-despido-tras-cerrar-empresa\/#primaryimage"},"thumbnailUrl":"https:\/\/i0.wp.com\/www.reclamador.es\/blog\/wp-content\/uploads\/2017\/04\/indemnizacion-despido-por-cierre-de-empresa.jpg?fit=1200%2C660&ssl=1","keywords":["reclamaci\u00f3n"],"articleSection":["Consejos legales"],"inLanguage":"es","potentialAction":[{"@type":"CommentAction","name":"Comment","target":["https:\/\/www.reclamador.es\/blog\/indemnizacion-por-despido-tras-cerrar-empresa\/#respond"]}]},{"@type":"WebPage","@id":"https:\/\/www.reclamador.es\/blog\/indemnizacion-por-despido-tras-cerrar-empresa\/","url":"https:\/\/www.reclamador.es\/blog\/indemnizacion-por-despido-tras-cerrar-empresa\/","name":"\u00bfQu\u00e9 pasa con la indemnizaci\u00f3n por despido si cierra la empresa?","isPartOf":{"@id":"https:\/\/www.reclamador.es\/blog\/#website"},"primaryImageOfPage":{"@id":"https:\/\/www.reclamador.es\/blog\/indemnizacion-por-despido-tras-cerrar-empresa\/#primaryimage"},"image":{"@id":"https:\/\/www.reclamador.es\/blog\/indemnizacion-por-despido-tras-cerrar-empresa\/#primaryimage"},"thumbnailUrl":"https:\/\/i0.wp.com\/www.reclamador.es\/blog\/wp-content\/uploads\/2017\/04\/indemnizacion-despido-por-cierre-de-empresa.jpg?fit=1200%2C660&ssl=1","datePublished":"2024-03-03T09:32:00+00:00","dateModified":"2025-04-07T11:16:18+00:00","description":"Despido por cierre de empresa. Descubre c\u00f3mo conseguir tu indemnizaci\u00f3n por despido en caso de cierre y qu\u00e9 es el Fogasa.","breadcrumb":{"@id":"https:\/\/www.reclamador.es\/blog\/indemnizacion-por-despido-tras-cerrar-empresa\/#breadcrumb"},"inLanguage":"es","potentialAction":[{"@type":"ReadAction","target":["https:\/\/www.reclamador.es\/blog\/indemnizacion-por-despido-tras-cerrar-empresa\/"]}]},{"@type":"ImageObject","inLanguage":"es","@id":"https:\/\/www.reclamador.es\/blog\/indemnizacion-por-despido-tras-cerrar-empresa\/#primaryimage","url":"https:\/\/i0.wp.com\/www.reclamador.es\/blog\/wp-content\/uploads\/2017\/04\/indemnizacion-despido-por-cierre-de-empresa.jpg?fit=1200%2C660&ssl=1","contentUrl":"https:\/\/i0.wp.com\/www.reclamador.es\/blog\/wp-content\/uploads\/2017\/04\/indemnizacion-despido-por-cierre-de-empresa.jpg?fit=1200%2C660&ssl=1","width":1200,"height":660,"caption":"Indemnizaci\u00f3n por despido por cierre de empresa"},{"@type":"BreadcrumbList","@id":"https:\/\/www.reclamador.es\/blog\/indemnizacion-por-despido-tras-cerrar-empresa\/#breadcrumb","itemListElement":[{"@type":"ListItem","position":1,"name":"Portada","item":"https:\/\/www.reclamador.es\/blog\/"},{"@type":"ListItem","position":2,"name":"\u00bfQui\u00e9n paga la indemnizaci\u00f3n por despido tras cerrar una empresa?"}]},{"@type":"WebSite","@id":"https:\/\/www.reclamador.es\/blog\/#website","url":"https:\/\/www.reclamador.es\/blog\/","name":"Rebeldes con causa, el blog de reclamador.es","description":"Noticias, entrevistas y consejos sobre reclamaciones","publisher":{"@id":"https:\/\/www.reclamador.es\/blog\/#organization"},"potentialAction":[{"@type":"SearchAction","target":{"@type":"EntryPoint","urlTemplate":"https:\/\/www.reclamador.es\/blog\/?s={search_term_string}"},"query-input":{"@type":"PropertyValueSpecification","valueRequired":true,"valueName":"search_term_string"}}],"inLanguage":"es"},{"@type":"Organization","@id":"https:\/\/www.reclamador.es\/blog\/#organization","name":"reclamador.es","url":"https:\/\/www.reclamador.es\/blog\/","logo":{"@type":"ImageObject","inLanguage":"es","@id":"https:\/\/www.reclamador.es\/blog\/#\/schema\/logo\/image\/","url":"https:\/\/i0.wp.com\/www.reclamador.es\/blog\/wp-content\/uploads\/2020\/01\/logo-reclamador.png?fit=1200%2C144&ssl=1","contentUrl":"https:\/\/i0.wp.com\/www.reclamador.es\/blog\/wp-content\/uploads\/2020\/01\/logo-reclamador.png?fit=1200%2C144&ssl=1","width":1200,"height":144,"caption":"reclamador.es"},"image":{"@id":"https:\/\/www.reclamador.es\/blog\/#\/schema\/logo\/image\/"},"sameAs":["https:\/\/www.facebook.com\/reclamador.es","https:\/\/x.com\/reclamador","https:\/\/www.instagram.com\/reclamador.es\/","https:\/\/www.linkedin.com\/company\/reclamador-es","https:\/\/www.youtube.com\/user\/Reclamadores"]},{"@type":"Person","@id":"https:\/\/www.reclamador.es\/blog\/#\/schema\/person\/1ed83eef8b6566cb5e4c812d9bc5c4bf","name":"Equipo reclamador","image":{"@type":"ImageObject","inLanguage":"es","@id":"https:\/\/secure.gravatar.com\/avatar\/6442ecdc2c4472c600c113f34d340feca47107d6aa4f42f1e3e75a2a8e28a760?s=96&d=mm&r=g","url":"https:\/\/secure.gravatar.com\/avatar\/6442ecdc2c4472c600c113f34d340feca47107d6aa4f42f1e3e75a2a8e28a760?s=96&d=mm&r=g","contentUrl":"https:\/\/secure.gravatar.com\/avatar\/6442ecdc2c4472c600c113f34d340feca47107d6aa4f42f1e3e75a2a8e28a760?s=96&d=mm&r=g","caption":"Equipo reclamador"},"description":"Las personas que hacen posible reclamador.es","url":"https:\/\/www.reclamador.es\/blog\/author\/administrador\/"}]}},"jetpack_featured_media_url":"https:\/\/i0.wp.com\/www.reclamador.es\/blog\/wp-content\/uploads\/2017\/04\/indemnizacion-despido-por-cierre-de-empresa.jpg?fit=1200%2C660&ssl=1","jetpack-related-posts":[{"id":4158,"url":"https:\/\/www.reclamador.es\/blog\/indemnizacion-por-despido\/","url_meta":{"origin":3980,"position":0},"title":"\u00bfEs igual indemnizaci\u00f3n por despido objetivo que disciplinario?","author":"Equipo reclamador","date":"11 mayo, 2016","format":false,"excerpt":"Cuando un trabajador pierde su empleo y tiene que enfrentarse a un despido, debe enfrentarse a numerosos aspectos burocr\u00e1ticos que desconoce a priori. Uno de los m\u00e1s habituales es el derecho, o no, de recibir una indemnizaci\u00f3n por despido y la cantidad a percibir. Hay que tener en cuenta que\u2026","rel":"","context":"En \u00abConsejos legales\u00bb","block_context":{"text":"Consejos legales","link":"https:\/\/www.reclamador.es\/blog\/consejos\/"},"img":{"alt_text":"Indemnizaci\u00f3n por despido - consulta - reclamador","src":"https:\/\/i0.wp.com\/www.reclamador.es\/blog\/wp-content\/uploads\/2016\/05\/indemnizacion-despido-saber.jpg?fit=1200%2C630&ssl=1&resize=350%2C200","width":350,"height":200,"srcset":"https:\/\/i0.wp.com\/www.reclamador.es\/blog\/wp-content\/uploads\/2016\/05\/indemnizacion-despido-saber.jpg?fit=1200%2C630&ssl=1&resize=350%2C200 1x, https:\/\/i0.wp.com\/www.reclamador.es\/blog\/wp-content\/uploads\/2016\/05\/indemnizacion-despido-saber.jpg?fit=1200%2C630&ssl=1&resize=525%2C300 1.5x, https:\/\/i0.wp.com\/www.reclamador.es\/blog\/wp-content\/uploads\/2016\/05\/indemnizacion-despido-saber.jpg?fit=1200%2C630&ssl=1&resize=700%2C400 2x, https:\/\/i0.wp.com\/www.reclamador.es\/blog\/wp-content\/uploads\/2016\/05\/indemnizacion-despido-saber.jpg?fit=1200%2C630&ssl=1&resize=1050%2C600 3x"},"classes":[]},{"id":22374,"url":"https:\/\/www.reclamador.es\/blog\/que-pasa-empleados-cuando-fallece-empleador\/","url_meta":{"origin":3980,"position":1},"title":"\u00bfQu\u00e9 ocurre con los trabajadores si fallece el titular de la empresa?","author":"Equipo reclamador","date":"13 marzo, 2020","format":false,"excerpt":"*Contenido modificado abril 2025 Se trata de un momento de gran incertidumbre que genera numerosas dudas entre los trabajadores. \u00bfQu\u00e9 pasar\u00e1 con la empresa tras la muerte del empresario? \u00bfY con los empleados? Pues bien, en caso de encontrarte en esta situaci\u00f3n, debes saber que tras el fallecimiento del\u00a0empresario -\u201cPersona\u2026","rel":"","context":"En \u00abConsejos legales\u00bb","block_context":{"text":"Consejos legales","link":"https:\/\/www.reclamador.es\/blog\/consejos\/"},"img":{"alt_text":"indemnizacion, paro, despido, qu\u00e9 pasa con los trabajadores cuando fallece el empleador","src":"https:\/\/i0.wp.com\/www.reclamador.es\/blog\/wp-content\/uploads\/2020\/03\/que-pasa-con-los-trabajadores-cuando-muere-el-jefe-indemnizacion-paro-muerte-del-empresario.jpg?fit=1200%2C630&ssl=1&resize=350%2C200","width":350,"height":200,"srcset":"https:\/\/i0.wp.com\/www.reclamador.es\/blog\/wp-content\/uploads\/2020\/03\/que-pasa-con-los-trabajadores-cuando-muere-el-jefe-indemnizacion-paro-muerte-del-empresario.jpg?fit=1200%2C630&ssl=1&resize=350%2C200 1x, https:\/\/i0.wp.com\/www.reclamador.es\/blog\/wp-content\/uploads\/2020\/03\/que-pasa-con-los-trabajadores-cuando-muere-el-jefe-indemnizacion-paro-muerte-del-empresario.jpg?fit=1200%2C630&ssl=1&resize=525%2C300 1.5x, https:\/\/i0.wp.com\/www.reclamador.es\/blog\/wp-content\/uploads\/2020\/03\/que-pasa-con-los-trabajadores-cuando-muere-el-jefe-indemnizacion-paro-muerte-del-empresario.jpg?fit=1200%2C630&ssl=1&resize=700%2C400 2x, https:\/\/i0.wp.com\/www.reclamador.es\/blog\/wp-content\/uploads\/2020\/03\/que-pasa-con-los-trabajadores-cuando-muere-el-jefe-indemnizacion-paro-muerte-del-empresario.jpg?fit=1200%2C630&ssl=1&resize=1050%2C600 3x"},"classes":[]},{"id":22658,"url":"https:\/\/www.reclamador.es\/blog\/que-son-los-salarios-de-tramitacion\/","url_meta":{"origin":3980,"position":2},"title":"\u00bfQu\u00e9 son los salarios de tramitaci\u00f3n?","author":"Equipo reclamador","date":"16 noviembre, 2021","format":false,"excerpt":"Cuando un juez declara un despido como improcedente, el empresario tiene dos opciones. La primera de ellas es abonar la indemnizaci\u00f3n por despido improcedente fijada por ley. Con esto, ese trabajador deja de formar parte de la plantilla de la compa\u00f1\u00eda. O bien, tiene la alternativa de readmitir al trabajador\u2026","rel":"","context":"En \u00abConsejos legales\u00bb","block_context":{"text":"Consejos legales","link":"https:\/\/www.reclamador.es\/blog\/consejos\/"},"img":{"alt_text":"abogados laborales - salarios de tramitacion","src":"https:\/\/i0.wp.com\/www.reclamador.es\/blog\/wp-content\/uploads\/2019\/08\/salarios-de-tramitacion-abogados-laborales.jpg?fit=1200%2C686&ssl=1&resize=350%2C200","width":350,"height":200,"srcset":"https:\/\/i0.wp.com\/www.reclamador.es\/blog\/wp-content\/uploads\/2019\/08\/salarios-de-tramitacion-abogados-laborales.jpg?fit=1200%2C686&ssl=1&resize=350%2C200 1x, https:\/\/i0.wp.com\/www.reclamador.es\/blog\/wp-content\/uploads\/2019\/08\/salarios-de-tramitacion-abogados-laborales.jpg?fit=1200%2C686&ssl=1&resize=525%2C300 1.5x, https:\/\/i0.wp.com\/www.reclamador.es\/blog\/wp-content\/uploads\/2019\/08\/salarios-de-tramitacion-abogados-laborales.jpg?fit=1200%2C686&ssl=1&resize=700%2C400 2x, https:\/\/i0.wp.com\/www.reclamador.es\/blog\/wp-content\/uploads\/2019\/08\/salarios-de-tramitacion-abogados-laborales.jpg?fit=1200%2C686&ssl=1&resize=1050%2C600 3x"},"classes":[]},{"id":18225,"url":"https:\/\/www.reclamador.es\/blog\/clientes-empleados-afectados-cierre-idental\/","url_meta":{"origin":3980,"position":3},"title":"Clientes y empleados: qu\u00e9 pueden reclamar ante el cierre de una cl\u00ednica dental","author":"Equipo reclamador","date":"18 mayo, 2018","format":false,"excerpt":"Las cl\u00ednicas dentales low cost iDental vuelven a ser portada en los medios. En esta ocasi\u00f3n, ha sido la cl\u00ednica de Santander, que ha cerrado sin avisar a empleados ni clientes. Desde\u00a0reclamador.es\u00a0informamos a los afectados de sus derechos, tanto si son trabajadores del centro, como pacientes que se encuentran ahora\u2026","rel":"","context":"En \u00abNoticias y actualidad\u00bb","block_context":{"text":"Noticias y actualidad","link":"https:\/\/www.reclamador.es\/blog\/noticias\/"},"img":{"alt_text":"Muchos de los afectados por el cierre de iDental pueden reclamar una indemnizaci\u00f3n.","src":"https:\/\/i0.wp.com\/www.reclamador.es\/blog\/wp-content\/uploads\/2018\/05\/clinica-dental.jpg?fit=1200%2C800&ssl=1&resize=350%2C200","width":350,"height":200,"srcset":"https:\/\/i0.wp.com\/www.reclamador.es\/blog\/wp-content\/uploads\/2018\/05\/clinica-dental.jpg?fit=1200%2C800&ssl=1&resize=350%2C200 1x, https:\/\/i0.wp.com\/www.reclamador.es\/blog\/wp-content\/uploads\/2018\/05\/clinica-dental.jpg?fit=1200%2C800&ssl=1&resize=525%2C300 1.5x, https:\/\/i0.wp.com\/www.reclamador.es\/blog\/wp-content\/uploads\/2018\/05\/clinica-dental.jpg?fit=1200%2C800&ssl=1&resize=700%2C400 2x, https:\/\/i0.wp.com\/www.reclamador.es\/blog\/wp-content\/uploads\/2018\/05\/clinica-dental.jpg?fit=1200%2C800&ssl=1&resize=1050%2C600 3x"},"classes":[]},{"id":4175,"url":"https:\/\/www.reclamador.es\/blog\/derecho-paro-tras-despido-siempre-posible\/","url_meta":{"origin":3980,"position":4},"title":"Derecho a paro tras un despido, \u00bfsiempre es posible?","author":"Equipo reclamador","date":"18 mayo, 2016","format":false,"excerpt":"Contrariamente a lo que la gente cree, en los casos de despido siempre se tiene derecho a paro. El \u00fanico requisito es haber cotizado 360 d\u00edas durante 6 a\u00f1os. La \u00fanica casu\u00edstica en la que no se tiene derecho a paro, aun habiendo cotizado el m\u00ednimo establecido, es cuando un\u2026","rel":"","context":"En \u00abConsejos legales\u00bb","block_context":{"text":"Consejos legales","link":"https:\/\/www.reclamador.es\/blog\/consejos\/"},"img":{"alt_text":"paro despido","src":"https:\/\/i0.wp.com\/www.reclamador.es\/blog\/wp-content\/uploads\/2016\/05\/derecho-a-paro-despues-de-despido.jpg?fit=1200%2C630&ssl=1&resize=350%2C200","width":350,"height":200,"srcset":"https:\/\/i0.wp.com\/www.reclamador.es\/blog\/wp-content\/uploads\/2016\/05\/derecho-a-paro-despues-de-despido.jpg?fit=1200%2C630&ssl=1&resize=350%2C200 1x, https:\/\/i0.wp.com\/www.reclamador.es\/blog\/wp-content\/uploads\/2016\/05\/derecho-a-paro-despues-de-despido.jpg?fit=1200%2C630&ssl=1&resize=525%2C300 1.5x, https:\/\/i0.wp.com\/www.reclamador.es\/blog\/wp-content\/uploads\/2016\/05\/derecho-a-paro-despues-de-despido.jpg?fit=1200%2C630&ssl=1&resize=700%2C400 2x, https:\/\/i0.wp.com\/www.reclamador.es\/blog\/wp-content\/uploads\/2016\/05\/derecho-a-paro-despues-de-despido.jpg?fit=1200%2C630&ssl=1&resize=1050%2C600 3x"},"classes":[]},{"id":20142,"url":"https:\/\/www.reclamador.es\/blog\/despido-por-whatsapp\/","url_meta":{"origin":3980,"position":5},"title":"Despido por WhatsApp: \u00bfes legal?","author":"Equipo reclamador","date":"27 mayo, 2021","format":false,"excerpt":"Si cualquier situaci\u00f3n de despido es complicada, que lo comuniquen por WhatsApp (o cualquier otra aplicaci\u00f3n de mensajer\u00eda instant\u00e1nea) supone una doble inseguridad. Primero, por quedarte sin trabajo y, segundo, por desconocer si esa forma de comunicaci\u00f3n del despido es acorde a la ley. Es aqu\u00ed cuando el trabajador se\u2026","rel":"","context":"En \u00abConsejos legales\u00bb","block_context":{"text":"Consejos legales","link":"https:\/\/www.reclamador.es\/blog\/consejos\/"},"img":{"alt_text":"despido por whatsapp","src":"https:\/\/i0.wp.com\/www.reclamador.es\/blog\/wp-content\/uploads\/2018\/11\/despido-por-whatsapp-reclamador.jpg?fit=1200%2C800&ssl=1&resize=350%2C200","width":350,"height":200,"srcset":"https:\/\/i0.wp.com\/www.reclamador.es\/blog\/wp-content\/uploads\/2018\/11\/despido-por-whatsapp-reclamador.jpg?fit=1200%2C800&ssl=1&resize=350%2C200 1x, https:\/\/i0.wp.com\/www.reclamador.es\/blog\/wp-content\/uploads\/2018\/11\/despido-por-whatsapp-reclamador.jpg?fit=1200%2C800&ssl=1&resize=525%2C300 1.5x, https:\/\/i0.wp.com\/www.reclamador.es\/blog\/wp-content\/uploads\/2018\/11\/despido-por-whatsapp-reclamador.jpg?fit=1200%2C800&ssl=1&resize=700%2C400 2x, https:\/\/i0.wp.com\/www.reclamador.es\/blog\/wp-content\/uploads\/2018\/11\/despido-por-whatsapp-reclamador.jpg?fit=1200%2C800&ssl=1&resize=1050%2C600 3x"},"classes":[]}],"jetpack_sharing_enabled":true,"_links":{"self":[{"href":"https:\/\/www.reclamador.es\/blog\/wp-json\/wp\/v2\/posts\/3980","targetHints":{"allow":["GET"]}}],"collection":[{"href":"https:\/\/www.reclamador.es\/blog\/wp-json\/wp\/v2\/posts"}],"about":[{"href":"https:\/\/www.reclamador.es\/blog\/wp-json\/wp\/v2\/types\/post"}],"author":[{"embeddable":true,"href":"https:\/\/www.reclamador.es\/blog\/wp-json\/wp\/v2\/users\/1"}],"replies":[{"embeddable":true,"href":"https:\/\/www.reclamador.es\/blog\/wp-json\/wp\/v2\/comments?post=3980"}],"version-history":[{"count":23,"href":"https:\/\/www.reclamador.es\/blog\/wp-json\/wp\/v2\/posts\/3980\/revisions"}],"predecessor-version":[{"id":33950,"href":"https:\/\/www.reclamador.es\/blog\/wp-json\/wp\/v2\/posts\/3980\/revisions\/33950"}],"wp:featuredmedia":[{"embeddable":true,"href":"https:\/\/www.reclamador.es\/blog\/wp-json\/wp\/v2\/media\/28244"}],"wp:attachment":[{"href":"https:\/\/www.reclamador.es\/blog\/wp-json\/wp\/v2\/media?parent=3980"}],"wp:term":[{"taxonomy":"category","embeddable":true,"href":"https:\/\/www.reclamador.es\/blog\/wp-json\/wp\/v2\/categories?post=3980"},{"taxonomy":"post_tag","embeddable":true,"href":"https:\/\/www.reclamador.es\/blog\/wp-json\/wp\/v2\/tags?post=3980"}],"curies":[{"name":"wp","href":"https:\/\/api.w.org\/{rel}","templated":true}]}}