{"id":3960,"date":"2019-04-01T10:30:24","date_gmt":"2019-04-01T08:30:24","guid":{"rendered":"https:\/\/www.reclamador.es\/blog\/?p=3960"},"modified":"2023-10-23T10:37:36","modified_gmt":"2023-10-23T08:37:36","slug":"dar-de-baja-un-movil","status":"publish","type":"post","link":"https:\/\/www.reclamador.es\/blog\/dar-de-baja-un-movil\/","title":{"rendered":"\u00bfQu\u00e9 tr\u00e1mites hay que realizar para dar de baja un m\u00f3vil?"},"content":{"rendered":"<div class=\"ttr_start\"><\/div>\n\n<div class=\"kk-star-ratings kksr-auto kksr-align-right kksr-valign-top\"\n    data-payload='{&quot;align&quot;:&quot;right&quot;,&quot;id&quot;:&quot;3960&quot;,&quot;slug&quot;:&quot;default&quot;,&quot;valign&quot;:&quot;top&quot;,&quot;ignore&quot;:&quot;&quot;,&quot;reference&quot;:&quot;auto&quot;,&quot;class&quot;:&quot;&quot;,&quot;count&quot;:&quot;6&quot;,&quot;legendonly&quot;:&quot;&quot;,&quot;readonly&quot;:&quot;&quot;,&quot;score&quot;:&quot;2.7&quot;,&quot;starsonly&quot;:&quot;&quot;,&quot;best&quot;:&quot;5&quot;,&quot;gap&quot;:&quot;3&quot;,&quot;greet&quot;:&quot;Valora este art\u00edculo&quot;,&quot;legend&quot;:&quot;2.7\\\/5 - (6 votos)&quot;,&quot;size&quot;:&quot;20&quot;,&quot;title&quot;:&quot;\u00bfQu\u00e9 tr\u00e1mites hay que realizar para dar de baja un m\u00f3vil?&quot;,&quot;width&quot;:&quot;60.6&quot;,&quot;_legend&quot;:&quot;{score}\\\/{best} - ({count} {votes})&quot;,&quot;font_factor&quot;:&quot;1.25&quot;}'>\n            \n<div class=\"kksr-stars\">\n    \n<div class=\"kksr-stars-inactive\">\n            <div class=\"kksr-star\" data-star=\"1\" style=\"padding-right: 3px\">\n            \n\n<div class=\"kksr-icon\" style=\"width: 20px; height: 20px;\"><\/div>\n        <\/div>\n            <div class=\"kksr-star\" data-star=\"2\" style=\"padding-right: 3px\">\n            \n\n<div class=\"kksr-icon\" style=\"width: 20px; height: 20px;\"><\/div>\n        <\/div>\n            <div class=\"kksr-star\" data-star=\"3\" style=\"padding-right: 3px\">\n            \n\n<div class=\"kksr-icon\" style=\"width: 20px; height: 20px;\"><\/div>\n        <\/div>\n            <div class=\"kksr-star\" data-star=\"4\" style=\"padding-right: 3px\">\n            \n\n<div class=\"kksr-icon\" style=\"width: 20px; height: 20px;\"><\/div>\n        <\/div>\n            <div class=\"kksr-star\" data-star=\"5\" style=\"padding-right: 3px\">\n            \n\n<div class=\"kksr-icon\" style=\"width: 20px; height: 20px;\"><\/div>\n        <\/div>\n    <\/div>\n    \n<div class=\"kksr-stars-active\" style=\"width: 60.6px;\">\n            <div class=\"kksr-star\" style=\"padding-right: 3px\">\n            \n\n<div class=\"kksr-icon\" style=\"width: 20px; height: 20px;\"><\/div>\n        <\/div>\n            <div class=\"kksr-star\" style=\"padding-right: 3px\">\n            \n\n<div class=\"kksr-icon\" style=\"width: 20px; height: 20px;\"><\/div>\n        <\/div>\n            <div class=\"kksr-star\" style=\"padding-right: 3px\">\n            \n\n<div class=\"kksr-icon\" style=\"width: 20px; height: 20px;\"><\/div>\n        <\/div>\n            <div class=\"kksr-star\" style=\"padding-right: 3px\">\n            \n\n<div class=\"kksr-icon\" style=\"width: 20px; height: 20px;\"><\/div>\n        <\/div>\n            <div class=\"kksr-star\" style=\"padding-right: 3px\">\n            \n\n<div class=\"kksr-icon\" style=\"width: 20px; height: 20px;\"><\/div>\n        <\/div>\n    <\/div>\n<\/div>\n                \n\n<div class=\"kksr-legend\" style=\"font-size: 16px;\">\n            2.7\/5 - (6 votos)    <\/div>\n    <\/div>\n<figure id=\"attachment_29567\" aria-describedby=\"caption-attachment-29567\" style=\"width: 1200px\" class=\"wp-caption aligncenter\"><img data-recalc-dims=\"1\" loading=\"lazy\" decoding=\"async\" class=\"size-full wp-image-29567\" src=\"https:\/\/i0.wp.com\/www.reclamador.es\/blog\/wp-content\/uploads\/2016\/04\/dar-de-baja-el-movil.jpg?resize=1200%2C689&#038;ssl=1\" alt=\"dar de baja compa\u00f1\u00eda del movil\" width=\"1200\" height=\"689\" srcset=\"https:\/\/i0.wp.com\/www.reclamador.es\/blog\/wp-content\/uploads\/2016\/04\/dar-de-baja-el-movil.jpg?w=1200&amp;ssl=1 1200w, https:\/\/i0.wp.com\/www.reclamador.es\/blog\/wp-content\/uploads\/2016\/04\/dar-de-baja-el-movil.jpg?resize=800%2C459&amp;ssl=1 800w, https:\/\/i0.wp.com\/www.reclamador.es\/blog\/wp-content\/uploads\/2016\/04\/dar-de-baja-el-movil.jpg?resize=150%2C86&amp;ssl=1 150w, https:\/\/i0.wp.com\/www.reclamador.es\/blog\/wp-content\/uploads\/2016\/04\/dar-de-baja-el-movil.jpg?resize=768%2C441&amp;ssl=1 768w\" sizes=\"auto, (max-width: 1000px) 100vw, 1000px\" \/><figcaption id=\"caption-attachment-29567\" class=\"wp-caption-text\"><em>Dar de baja un m\u00f3vil de la compa\u00f1\u00eda<\/em><\/figcaption><\/figure>\n<p><em>*Contenido modificado abril 2022<\/em><\/p>\n<p class=\"p1\" style=\"text-align: left;\"><b><\/b>Todos los usuarios est\u00e1n en su derecho en dar por concluido en cualquier momento su contrato con una compa\u00f1\u00eda de telefon\u00eda m\u00f3vil y para <b>dar de baja su m\u00f3vil <\/b>-aqu\u00ed, como consejo, el usuario deber\u00eda estar atento a una posible <a href=\"https:\/\/www.reclamador.es\/blog\/permanencia\/\">permanencia<\/a>-. Se trata de un <b>derecho<\/b> que siempre ha de estar <b>reflejado en el contrato<\/b>, adem\u00e1s de cada una de las causas de la cancelaci\u00f3n del servicio.<\/p>\n<h2>Comunicaci\u00f3n para dar de baja un m\u00f3vil de la compa\u00f1\u00eda contratada<\/h2>\n<p class=\"p1\">El <b>proceso<\/b> para <b>comunicar la baja de un m\u00f3vil<\/b> es el que <b>se contempla en el contrato<\/b> de abono del servicio que figurar\u00e1 junto a la f\u00f3rmula que se emple\u00f3 para contratar el servicio.<\/p>\n<p class=\"p1\">En cada contrato ha de constar un <b>tel\u00e9fono de atenci\u00f3n al cliente<\/b>, una d<b>irecci\u00f3n de correo electr\u00f3nico v\u00e1lida <\/b>y espec\u00edfica para comunicarse con la empresa de telefon\u00eda, para \u00e9ste y para otros casos, as\u00ed como el <b>dominio de la web del operador<\/b> y una <b>direcci\u00f3n postal<\/b>.<\/p>\n<p class=\"p1\">Esta \u00faltima ser\u00e1 la de la sede de los servicios comerciales de la compa\u00f1\u00eda o, en su caso, la de la localizaci\u00f3n del departamento de atenci\u00f3n al cliente.<\/p>\n<p class=\"p1\">Si el modelo para dar de baja el m\u00f3vil incluye la <b>tramitaci\u00f3n telef\u00f3nica<\/b>, el servicio comercial de la compa\u00f1\u00eda ha de entregar al abonado un <b>n\u00famero con una referencia<\/b> con la que podr\u00e1 comprobar la fecha de la solicitud de la baja de su l\u00ednea y tener constancia fehaciente de ello. El abonado podr\u00e1, adem\u00e1s, exigir <b>que se le env\u00ede un documento v\u00e1lido y f\u00edsico<\/b> con el que poder acreditar su <b>solicitud de baja<\/b><span class=\"s1\">.<\/span><\/p>\n<p class=\"p1\">Cuando se tramita una baja de m\u00f3vil por <b>v\u00eda telem\u00e1tica<\/b>, el usuario ha de <b>rellenar un formulario tipo<\/b> que ofrece la operadora, en el que ha de figurar el <b>n\u00famero de referencia<\/b> de la tramitaci\u00f3n de la baja. Se ha de acompa\u00f1ar con una <b>copia escaneada del DNI<\/b> (Documento Nacional de Identidad) del contratante del servicio, copia que ha de incluir las dos caras del documento en la misma hoja. Tambi\u00e9n han de a\u00f1adirse los datos <b>del n\u00famero de la l\u00ednea<\/b> a la que se quiere dar de baja. El <b>documento ha de estar firmado<\/b> con una r\u00fabrica reconocida.<\/p>\n<p class=\"p1\">Una vez presentada la baja a la compa\u00f1\u00eda, esta remitir\u00e1 una <b>factura final <\/b>que se corresponder\u00e1 con el cierre definitivo del periodo de facturaci\u00f3n.<\/p>\n<h6 style=\"text-align: center;\"><a href=\"https:\/\/www.reclamador.es\/blog\/dar-baja-telefono-fijo\/\"><strong>Aqu\u00ed te explicamos c\u00f3mo dar de baja el tel\u00e9fono fijo<\/strong><\/a><\/h6>\n<h2 class=\"p1\" style=\"text-align: left;\"><b>Algunas peculiaridades que no son de obligado cumplimiento al dar de baja el m\u00f3vil<\/b><\/h2>\n<p class=\"p1\">Algunos operadores de telefon\u00eda, cuando tramitan bajas de m\u00f3vil incluyen apartados en sus formularios en los que se pide al usuario detallar los <b>motivos de la anulaci\u00f3n del contrato<\/b> y de cualquier incidencia que la haya motivado. Un tr\u00e1mite que no representa una obligaci\u00f3n contractual y al que el <b>usuario no est\u00e1 obligado<\/b><span class=\"s1\">.<\/span><\/p>\n<p class=\"p1\">En algunos casos, se solicita <b>informaci\u00f3n extra<\/b> para solventar cualquier incidencia con el cliente con la intenci\u00f3n de <b>proponerle cambios de <a href=\"https:\/\/www.reclamador.es\/blog\/reclamar-una-subida-tarifas-telefonia\/\">tarifas<\/a><\/b> o <b>sustituciones de modelos de tel\u00e9fonos.<\/b><\/p>\n<p class=\"p1\">El <b>procedimiento<\/b> analizado anteriormente es el <b>est\u00e1ndar para dar de baja un m\u00f3vil<\/b><span class=\"s1\">.<\/span> No obstante, pueden existir algunas variaciones puntuales seg\u00fan las compa\u00f1\u00edas telef\u00f3nicas.<\/p>\n<div class=\"ttr_end\"><\/div>","protected":false},"excerpt":{"rendered":"<p>*Contenido modificado abril 2022 Todos los usuarios est\u00e1n en su derecho en dar por concluido en cualquier momento su contrato con una compa\u00f1\u00eda de telefon\u00eda m\u00f3vil y para dar de baja su m\u00f3vil -aqu\u00ed, como consejo, el usuario deber\u00eda estar atento a una posible permanencia-. Se trata de un derecho que siempre ha de estar [&hellip;]<\/p>\n","protected":false},"author":1,"featured_media":29567,"comment_status":"closed","ping_status":"open","sticky":false,"template":"","format":"standard","meta":{"_acf_changed":false,"_genesis_hide_title":false,"_genesis_hide_breadcrumbs":false,"_genesis_hide_singular_image":false,"_genesis_hide_footer_widgets":false,"_genesis_custom_body_class":"","_genesis_custom_post_class":"","_genesis_layout":"","_jetpack_newsletter_access":"","_jetpack_dont_email_post_to_subs":true,"_jetpack_newsletter_tier_id":0,"_jetpack_memberships_contains_paywalled_content":false,"_jetpack_memberships_contains_paid_content":false,"footnotes":""},"categories":[393],"tags":[267],"class_list":{"0":"post-3960","1":"post","2":"type-post","3":"status-publish","4":"format-standard","5":"has-post-thumbnail","7":"category-consejos","8":"tag-telefonia","9":"entry"},"acf":[],"yoast_head":"<!-- This site is optimized with the Yoast SEO plugin v27.4 - https:\/\/yoast.com\/product\/yoast-seo-wordpress\/ -->\n<title>\u00bfCu\u00e1l es el proceso para Dar de Baja un Tel\u00e9fono M\u00f3vil?<\/title>\n<meta name=\"description\" content=\"\u00bfQuieres dar de baja tu m\u00f3vil? Te explicamos todos los tr\u00e1mites que tienes que realizar con tu compa\u00f1\u00eda telef\u00f3nica para que sea r\u00e1pido y f\u00e1cil.\" \/>\n<meta name=\"robots\" content=\"index, follow, max-snippet:-1, max-image-preview:large, max-video-preview:-1\" \/>\n<link rel=\"canonical\" href=\"https:\/\/www.reclamador.es\/blog\/dar-de-baja-un-movil\/\" \/>\n<meta property=\"og:locale\" content=\"es_ES\" \/>\n<meta property=\"og:type\" content=\"article\" \/>\n<meta property=\"og:title\" content=\"\u00bfCu\u00e1l es el proceso para Dar de Baja un Tel\u00e9fono M\u00f3vil?\" \/>\n<meta property=\"og:description\" content=\"\u00bfQuieres dar de baja tu m\u00f3vil? Te explicamos todos los tr\u00e1mites que tienes que realizar con tu compa\u00f1\u00eda telef\u00f3nica para que sea r\u00e1pido y f\u00e1cil.\" \/>\n<meta property=\"og:url\" content=\"https:\/\/www.reclamador.es\/blog\/dar-de-baja-un-movil\/\" \/>\n<meta property=\"og:site_name\" content=\"Rebeldes con causa, el blog de reclamador.es\" \/>\n<meta property=\"article:publisher\" content=\"https:\/\/www.facebook.com\/reclamador.es\" \/>\n<meta property=\"article:published_time\" content=\"2019-04-01T08:30:24+00:00\" \/>\n<meta property=\"article:modified_time\" content=\"2023-10-23T08:37:36+00:00\" \/>\n<meta property=\"og:image\" content=\"https:\/\/i0.wp.com\/www.reclamador.es\/blog\/wp-content\/uploads\/2016\/04\/dar-de-baja-el-movil.jpg?fit=1200%2C689&ssl=1\" \/>\n\t<meta property=\"og:image:width\" content=\"1200\" \/>\n\t<meta property=\"og:image:height\" content=\"689\" \/>\n\t<meta property=\"og:image:type\" content=\"image\/jpeg\" \/>\n<meta name=\"author\" content=\"Equipo reclamador\" \/>\n<meta name=\"twitter:card\" content=\"summary_large_image\" \/>\n<meta name=\"twitter:creator\" content=\"@reclamador\" \/>\n<meta name=\"twitter:site\" content=\"@reclamador\" \/>\n<meta name=\"twitter:label1\" content=\"Escrito por\" \/>\n\t<meta name=\"twitter:data1\" content=\"Equipo reclamador\" \/>\n\t<meta name=\"twitter:label2\" content=\"Tiempo de lectura\" \/>\n\t<meta name=\"twitter:data2\" content=\"3 minutos\" \/>\n<script type=\"application\/ld+json\" class=\"yoast-schema-graph\">{\"@context\":\"https:\\\/\\\/schema.org\",\"@graph\":[{\"@type\":\"Article\",\"@id\":\"https:\\\/\\\/www.reclamador.es\\\/blog\\\/dar-de-baja-un-movil\\\/#article\",\"isPartOf\":{\"@id\":\"https:\\\/\\\/www.reclamador.es\\\/blog\\\/dar-de-baja-un-movil\\\/\"},\"author\":{\"name\":\"Equipo reclamador\",\"@id\":\"https:\\\/\\\/www.reclamador.es\\\/blog\\\/#\\\/schema\\\/person\\\/1ed83eef8b6566cb5e4c812d9bc5c4bf\"},\"headline\":\"\u00bfQu\u00e9 tr\u00e1mites hay que realizar para dar de baja un m\u00f3vil?\",\"datePublished\":\"2019-04-01T08:30:24+00:00\",\"dateModified\":\"2023-10-23T08:37:36+00:00\",\"mainEntityOfPage\":{\"@id\":\"https:\\\/\\\/www.reclamador.es\\\/blog\\\/dar-de-baja-un-movil\\\/\"},\"wordCount\":608,\"publisher\":{\"@id\":\"https:\\\/\\\/www.reclamador.es\\\/blog\\\/#organization\"},\"image\":{\"@id\":\"https:\\\/\\\/www.reclamador.es\\\/blog\\\/dar-de-baja-un-movil\\\/#primaryimage\"},\"thumbnailUrl\":\"https:\\\/\\\/i0.wp.com\\\/www.reclamador.es\\\/blog\\\/wp-content\\\/uploads\\\/2016\\\/04\\\/dar-de-baja-el-movil.jpg?fit=1200%2C689&ssl=1\",\"keywords\":[\"telefon\u00eda\"],\"articleSection\":[\"Consejos legales\"],\"inLanguage\":\"es\"},{\"@type\":\"WebPage\",\"@id\":\"https:\\\/\\\/www.reclamador.es\\\/blog\\\/dar-de-baja-un-movil\\\/\",\"url\":\"https:\\\/\\\/www.reclamador.es\\\/blog\\\/dar-de-baja-un-movil\\\/\",\"name\":\"\u00bfCu\u00e1l es el proceso para Dar de Baja un Tel\u00e9fono M\u00f3vil?\",\"isPartOf\":{\"@id\":\"https:\\\/\\\/www.reclamador.es\\\/blog\\\/#website\"},\"primaryImageOfPage\":{\"@id\":\"https:\\\/\\\/www.reclamador.es\\\/blog\\\/dar-de-baja-un-movil\\\/#primaryimage\"},\"image\":{\"@id\":\"https:\\\/\\\/www.reclamador.es\\\/blog\\\/dar-de-baja-un-movil\\\/#primaryimage\"},\"thumbnailUrl\":\"https:\\\/\\\/i0.wp.com\\\/www.reclamador.es\\\/blog\\\/wp-content\\\/uploads\\\/2016\\\/04\\\/dar-de-baja-el-movil.jpg?fit=1200%2C689&ssl=1\",\"datePublished\":\"2019-04-01T08:30:24+00:00\",\"dateModified\":\"2023-10-23T08:37:36+00:00\",\"description\":\"\u00bfQuieres dar de baja tu m\u00f3vil? Te explicamos todos los tr\u00e1mites que tienes que realizar con tu compa\u00f1\u00eda telef\u00f3nica para que sea r\u00e1pido y f\u00e1cil.\",\"breadcrumb\":{\"@id\":\"https:\\\/\\\/www.reclamador.es\\\/blog\\\/dar-de-baja-un-movil\\\/#breadcrumb\"},\"inLanguage\":\"es\",\"potentialAction\":[{\"@type\":\"ReadAction\",\"target\":[\"https:\\\/\\\/www.reclamador.es\\\/blog\\\/dar-de-baja-un-movil\\\/\"]}]},{\"@type\":\"ImageObject\",\"inLanguage\":\"es\",\"@id\":\"https:\\\/\\\/www.reclamador.es\\\/blog\\\/dar-de-baja-un-movil\\\/#primaryimage\",\"url\":\"https:\\\/\\\/i0.wp.com\\\/www.reclamador.es\\\/blog\\\/wp-content\\\/uploads\\\/2016\\\/04\\\/dar-de-baja-el-movil.jpg?fit=1200%2C689&ssl=1\",\"contentUrl\":\"https:\\\/\\\/i0.wp.com\\\/www.reclamador.es\\\/blog\\\/wp-content\\\/uploads\\\/2016\\\/04\\\/dar-de-baja-el-movil.jpg?fit=1200%2C689&ssl=1\",\"width\":1200,\"height\":689,\"caption\":\"Dar de baja un m\u00f3vil de la compa\u00f1\u00eda\"},{\"@type\":\"BreadcrumbList\",\"@id\":\"https:\\\/\\\/www.reclamador.es\\\/blog\\\/dar-de-baja-un-movil\\\/#breadcrumb\",\"itemListElement\":[{\"@type\":\"ListItem\",\"position\":1,\"name\":\"Portada\",\"item\":\"https:\\\/\\\/www.reclamador.es\\\/blog\\\/\"},{\"@type\":\"ListItem\",\"position\":2,\"name\":\"\u00bfQu\u00e9 tr\u00e1mites hay que realizar para dar de baja un m\u00f3vil?\"}]},{\"@type\":\"WebSite\",\"@id\":\"https:\\\/\\\/www.reclamador.es\\\/blog\\\/#website\",\"url\":\"https:\\\/\\\/www.reclamador.es\\\/blog\\\/\",\"name\":\"Rebeldes con causa, el blog de reclamador.es\",\"description\":\"Noticias, entrevistas y consejos sobre reclamaciones\",\"publisher\":{\"@id\":\"https:\\\/\\\/www.reclamador.es\\\/blog\\\/#organization\"},\"potentialAction\":[{\"@type\":\"SearchAction\",\"target\":{\"@type\":\"EntryPoint\",\"urlTemplate\":\"https:\\\/\\\/www.reclamador.es\\\/blog\\\/?s={search_term_string}\"},\"query-input\":{\"@type\":\"PropertyValueSpecification\",\"valueRequired\":true,\"valueName\":\"search_term_string\"}}],\"inLanguage\":\"es\"},{\"@type\":\"Organization\",\"@id\":\"https:\\\/\\\/www.reclamador.es\\\/blog\\\/#organization\",\"name\":\"reclamador.es\",\"url\":\"https:\\\/\\\/www.reclamador.es\\\/blog\\\/\",\"logo\":{\"@type\":\"ImageObject\",\"inLanguage\":\"es\",\"@id\":\"https:\\\/\\\/www.reclamador.es\\\/blog\\\/#\\\/schema\\\/logo\\\/image\\\/\",\"url\":\"https:\\\/\\\/i0.wp.com\\\/www.reclamador.es\\\/blog\\\/wp-content\\\/uploads\\\/2020\\\/01\\\/logo-reclamador.png?fit=1200%2C144&ssl=1\",\"contentUrl\":\"https:\\\/\\\/i0.wp.com\\\/www.reclamador.es\\\/blog\\\/wp-content\\\/uploads\\\/2020\\\/01\\\/logo-reclamador.png?fit=1200%2C144&ssl=1\",\"width\":1200,\"height\":144,\"caption\":\"reclamador.es\"},\"image\":{\"@id\":\"https:\\\/\\\/www.reclamador.es\\\/blog\\\/#\\\/schema\\\/logo\\\/image\\\/\"},\"sameAs\":[\"https:\\\/\\\/www.facebook.com\\\/reclamador.es\",\"https:\\\/\\\/x.com\\\/reclamador\",\"https:\\\/\\\/www.instagram.com\\\/reclamador.es\\\/\",\"https:\\\/\\\/www.linkedin.com\\\/company\\\/reclamador-es\",\"https:\\\/\\\/www.youtube.com\\\/user\\\/Reclamadores\"]},{\"@type\":\"Person\",\"@id\":\"https:\\\/\\\/www.reclamador.es\\\/blog\\\/#\\\/schema\\\/person\\\/1ed83eef8b6566cb5e4c812d9bc5c4bf\",\"name\":\"Equipo reclamador\",\"image\":{\"@type\":\"ImageObject\",\"inLanguage\":\"es\",\"@id\":\"https:\\\/\\\/secure.gravatar.com\\\/avatar\\\/6442ecdc2c4472c600c113f34d340feca47107d6aa4f42f1e3e75a2a8e28a760?s=96&d=mm&r=g\",\"url\":\"https:\\\/\\\/secure.gravatar.com\\\/avatar\\\/6442ecdc2c4472c600c113f34d340feca47107d6aa4f42f1e3e75a2a8e28a760?s=96&d=mm&r=g\",\"contentUrl\":\"https:\\\/\\\/secure.gravatar.com\\\/avatar\\\/6442ecdc2c4472c600c113f34d340feca47107d6aa4f42f1e3e75a2a8e28a760?s=96&d=mm&r=g\",\"caption\":\"Equipo reclamador\"},\"description\":\"Las personas que hacen posible reclamador.es\",\"url\":\"https:\\\/\\\/www.reclamador.es\\\/blog\\\/author\\\/administrador\\\/\"}]}<\/script>\n<!-- \/ Yoast SEO plugin. -->","yoast_head_json":{"title":"\u00bfCu\u00e1l es el proceso para Dar de Baja un Tel\u00e9fono M\u00f3vil?","description":"\u00bfQuieres dar de baja tu m\u00f3vil? Te explicamos todos los tr\u00e1mites que tienes que realizar con tu compa\u00f1\u00eda telef\u00f3nica para que sea r\u00e1pido y f\u00e1cil.","robots":{"index":"index","follow":"follow","max-snippet":"max-snippet:-1","max-image-preview":"max-image-preview:large","max-video-preview":"max-video-preview:-1"},"canonical":"https:\/\/www.reclamador.es\/blog\/dar-de-baja-un-movil\/","og_locale":"es_ES","og_type":"article","og_title":"\u00bfCu\u00e1l es el proceso para Dar de Baja un Tel\u00e9fono M\u00f3vil?","og_description":"\u00bfQuieres dar de baja tu m\u00f3vil? Te explicamos todos los tr\u00e1mites que tienes que realizar con tu compa\u00f1\u00eda telef\u00f3nica para que sea r\u00e1pido y f\u00e1cil.","og_url":"https:\/\/www.reclamador.es\/blog\/dar-de-baja-un-movil\/","og_site_name":"Rebeldes con causa, el blog de reclamador.es","article_publisher":"https:\/\/www.facebook.com\/reclamador.es","article_published_time":"2019-04-01T08:30:24+00:00","article_modified_time":"2023-10-23T08:37:36+00:00","og_image":[{"width":1200,"height":689,"url":"https:\/\/i0.wp.com\/www.reclamador.es\/blog\/wp-content\/uploads\/2016\/04\/dar-de-baja-el-movil.jpg?fit=1200%2C689&ssl=1","type":"image\/jpeg"}],"author":"Equipo reclamador","twitter_card":"summary_large_image","twitter_creator":"@reclamador","twitter_site":"@reclamador","twitter_misc":{"Escrito por":"Equipo reclamador","Tiempo de lectura":"3 minutos"},"schema":{"@context":"https:\/\/schema.org","@graph":[{"@type":"Article","@id":"https:\/\/www.reclamador.es\/blog\/dar-de-baja-un-movil\/#article","isPartOf":{"@id":"https:\/\/www.reclamador.es\/blog\/dar-de-baja-un-movil\/"},"author":{"name":"Equipo reclamador","@id":"https:\/\/www.reclamador.es\/blog\/#\/schema\/person\/1ed83eef8b6566cb5e4c812d9bc5c4bf"},"headline":"\u00bfQu\u00e9 tr\u00e1mites hay que realizar para dar de baja un m\u00f3vil?","datePublished":"2019-04-01T08:30:24+00:00","dateModified":"2023-10-23T08:37:36+00:00","mainEntityOfPage":{"@id":"https:\/\/www.reclamador.es\/blog\/dar-de-baja-un-movil\/"},"wordCount":608,"publisher":{"@id":"https:\/\/www.reclamador.es\/blog\/#organization"},"image":{"@id":"https:\/\/www.reclamador.es\/blog\/dar-de-baja-un-movil\/#primaryimage"},"thumbnailUrl":"https:\/\/i0.wp.com\/www.reclamador.es\/blog\/wp-content\/uploads\/2016\/04\/dar-de-baja-el-movil.jpg?fit=1200%2C689&ssl=1","keywords":["telefon\u00eda"],"articleSection":["Consejos legales"],"inLanguage":"es"},{"@type":"WebPage","@id":"https:\/\/www.reclamador.es\/blog\/dar-de-baja-un-movil\/","url":"https:\/\/www.reclamador.es\/blog\/dar-de-baja-un-movil\/","name":"\u00bfCu\u00e1l es el proceso para Dar de Baja un Tel\u00e9fono M\u00f3vil?","isPartOf":{"@id":"https:\/\/www.reclamador.es\/blog\/#website"},"primaryImageOfPage":{"@id":"https:\/\/www.reclamador.es\/blog\/dar-de-baja-un-movil\/#primaryimage"},"image":{"@id":"https:\/\/www.reclamador.es\/blog\/dar-de-baja-un-movil\/#primaryimage"},"thumbnailUrl":"https:\/\/i0.wp.com\/www.reclamador.es\/blog\/wp-content\/uploads\/2016\/04\/dar-de-baja-el-movil.jpg?fit=1200%2C689&ssl=1","datePublished":"2019-04-01T08:30:24+00:00","dateModified":"2023-10-23T08:37:36+00:00","description":"\u00bfQuieres dar de baja tu m\u00f3vil? Te explicamos todos los tr\u00e1mites que tienes que realizar con tu compa\u00f1\u00eda telef\u00f3nica para que sea r\u00e1pido y f\u00e1cil.","breadcrumb":{"@id":"https:\/\/www.reclamador.es\/blog\/dar-de-baja-un-movil\/#breadcrumb"},"inLanguage":"es","potentialAction":[{"@type":"ReadAction","target":["https:\/\/www.reclamador.es\/blog\/dar-de-baja-un-movil\/"]}]},{"@type":"ImageObject","inLanguage":"es","@id":"https:\/\/www.reclamador.es\/blog\/dar-de-baja-un-movil\/#primaryimage","url":"https:\/\/i0.wp.com\/www.reclamador.es\/blog\/wp-content\/uploads\/2016\/04\/dar-de-baja-el-movil.jpg?fit=1200%2C689&ssl=1","contentUrl":"https:\/\/i0.wp.com\/www.reclamador.es\/blog\/wp-content\/uploads\/2016\/04\/dar-de-baja-el-movil.jpg?fit=1200%2C689&ssl=1","width":1200,"height":689,"caption":"Dar de baja un m\u00f3vil de la compa\u00f1\u00eda"},{"@type":"BreadcrumbList","@id":"https:\/\/www.reclamador.es\/blog\/dar-de-baja-un-movil\/#breadcrumb","itemListElement":[{"@type":"ListItem","position":1,"name":"Portada","item":"https:\/\/www.reclamador.es\/blog\/"},{"@type":"ListItem","position":2,"name":"\u00bfQu\u00e9 tr\u00e1mites hay que realizar para dar de baja un m\u00f3vil?"}]},{"@type":"WebSite","@id":"https:\/\/www.reclamador.es\/blog\/#website","url":"https:\/\/www.reclamador.es\/blog\/","name":"Rebeldes con causa, el blog de reclamador.es","description":"Noticias, entrevistas y consejos sobre reclamaciones","publisher":{"@id":"https:\/\/www.reclamador.es\/blog\/#organization"},"potentialAction":[{"@type":"SearchAction","target":{"@type":"EntryPoint","urlTemplate":"https:\/\/www.reclamador.es\/blog\/?s={search_term_string}"},"query-input":{"@type":"PropertyValueSpecification","valueRequired":true,"valueName":"search_term_string"}}],"inLanguage":"es"},{"@type":"Organization","@id":"https:\/\/www.reclamador.es\/blog\/#organization","name":"reclamador.es","url":"https:\/\/www.reclamador.es\/blog\/","logo":{"@type":"ImageObject","inLanguage":"es","@id":"https:\/\/www.reclamador.es\/blog\/#\/schema\/logo\/image\/","url":"https:\/\/i0.wp.com\/www.reclamador.es\/blog\/wp-content\/uploads\/2020\/01\/logo-reclamador.png?fit=1200%2C144&ssl=1","contentUrl":"https:\/\/i0.wp.com\/www.reclamador.es\/blog\/wp-content\/uploads\/2020\/01\/logo-reclamador.png?fit=1200%2C144&ssl=1","width":1200,"height":144,"caption":"reclamador.es"},"image":{"@id":"https:\/\/www.reclamador.es\/blog\/#\/schema\/logo\/image\/"},"sameAs":["https:\/\/www.facebook.com\/reclamador.es","https:\/\/x.com\/reclamador","https:\/\/www.instagram.com\/reclamador.es\/","https:\/\/www.linkedin.com\/company\/reclamador-es","https:\/\/www.youtube.com\/user\/Reclamadores"]},{"@type":"Person","@id":"https:\/\/www.reclamador.es\/blog\/#\/schema\/person\/1ed83eef8b6566cb5e4c812d9bc5c4bf","name":"Equipo reclamador","image":{"@type":"ImageObject","inLanguage":"es","@id":"https:\/\/secure.gravatar.com\/avatar\/6442ecdc2c4472c600c113f34d340feca47107d6aa4f42f1e3e75a2a8e28a760?s=96&d=mm&r=g","url":"https:\/\/secure.gravatar.com\/avatar\/6442ecdc2c4472c600c113f34d340feca47107d6aa4f42f1e3e75a2a8e28a760?s=96&d=mm&r=g","contentUrl":"https:\/\/secure.gravatar.com\/avatar\/6442ecdc2c4472c600c113f34d340feca47107d6aa4f42f1e3e75a2a8e28a760?s=96&d=mm&r=g","caption":"Equipo reclamador"},"description":"Las personas que hacen posible reclamador.es","url":"https:\/\/www.reclamador.es\/blog\/author\/administrador\/"}]}},"jetpack_featured_media_url":"https:\/\/i0.wp.com\/www.reclamador.es\/blog\/wp-content\/uploads\/2016\/04\/dar-de-baja-el-movil.jpg?fit=1200%2C689&ssl=1","jetpack-related-posts":[{"id":4200,"url":"https:\/\/www.reclamador.es\/blog\/fraudes-telefonia-movil\/","url_meta":{"origin":3960,"position":0},"title":"Principales fraudes de las compa\u00f1\u00edas de telefon\u00eda m\u00f3vil","author":"Equipo reclamador","date":"27 mayo, 2016","format":false,"excerpt":"Los fraudes de compa\u00f1\u00edas telef\u00f3nicas denunciados por los consumidores aumentan cada a\u00f1o que pasa batiendo r\u00e9cords. Hace a\u00f1os que las denuncias incluso superan a las correspondientes a la telefon\u00eda fija. Las operadoras act\u00faan impunemente, convirtiendo estas pr\u00e1cticas abusivas en una costumbre generalizada dentro del sector. En este sentido, las principales\u2026","rel":"","context":"En \u00abConsejos legales\u00bb","block_context":{"text":"Consejos legales","link":"https:\/\/www.reclamador.es\/blog\/consejos\/"},"img":{"alt_text":"Principales fraudes de las companias de telefonia movil","src":"https:\/\/i0.wp.com\/www.reclamador.es\/blog\/wp-content\/uploads\/2016\/04\/Principales-fraudes-de-las-companias-de-telefonia-movil.jpg?fit=1200%2C800&ssl=1&resize=350%2C200","width":350,"height":200,"srcset":"https:\/\/i0.wp.com\/www.reclamador.es\/blog\/wp-content\/uploads\/2016\/04\/Principales-fraudes-de-las-companias-de-telefonia-movil.jpg?fit=1200%2C800&ssl=1&resize=350%2C200 1x, https:\/\/i0.wp.com\/www.reclamador.es\/blog\/wp-content\/uploads\/2016\/04\/Principales-fraudes-de-las-companias-de-telefonia-movil.jpg?fit=1200%2C800&ssl=1&resize=525%2C300 1.5x, https:\/\/i0.wp.com\/www.reclamador.es\/blog\/wp-content\/uploads\/2016\/04\/Principales-fraudes-de-las-companias-de-telefonia-movil.jpg?fit=1200%2C800&ssl=1&resize=700%2C400 2x, https:\/\/i0.wp.com\/www.reclamador.es\/blog\/wp-content\/uploads\/2016\/04\/Principales-fraudes-de-las-companias-de-telefonia-movil.jpg?fit=1200%2C800&ssl=1&resize=1050%2C600 3x"},"classes":[]},{"id":3766,"url":"https:\/\/www.reclamador.es\/blog\/principales-reclamaciones-telefonia\/","url_meta":{"origin":3960,"position":1},"title":"\u00bfCu\u00e1les son las principales reclamaciones de telefon\u00eda?","author":"Equipo reclamador","date":"4 marzo, 2016","format":false,"excerpt":"Actualmente, las empresas de telecomunicaciones son las que reciben un mayor n\u00famero de reclamaciones.Esta circunstancia las coloca entre las peor valoradas por los consumidores, debido a sus pr\u00e1cticas y metodolog\u00edas. Principales reclamaciones que han recibido las empresas de telefon\u00eda Quejas por los terminales: Muchas de las quejas formuladas por los\u2026","rel":"","context":"En \u00abConsejos legales\u00bb","block_context":{"text":"Consejos legales","link":"https:\/\/www.reclamador.es\/blog\/consejos\/"},"img":{"alt_text":"","src":"https:\/\/i0.wp.com\/www.reclamador.es\/blog\/wp-content\/uploads\/2016\/03\/IMG_0789.jpg?fit=1200%2C800&ssl=1&resize=350%2C200","width":350,"height":200,"srcset":"https:\/\/i0.wp.com\/www.reclamador.es\/blog\/wp-content\/uploads\/2016\/03\/IMG_0789.jpg?fit=1200%2C800&ssl=1&resize=350%2C200 1x, https:\/\/i0.wp.com\/www.reclamador.es\/blog\/wp-content\/uploads\/2016\/03\/IMG_0789.jpg?fit=1200%2C800&ssl=1&resize=525%2C300 1.5x, https:\/\/i0.wp.com\/www.reclamador.es\/blog\/wp-content\/uploads\/2016\/03\/IMG_0789.jpg?fit=1200%2C800&ssl=1&resize=700%2C400 2x, https:\/\/i0.wp.com\/www.reclamador.es\/blog\/wp-content\/uploads\/2016\/03\/IMG_0789.jpg?fit=1200%2C800&ssl=1&resize=1050%2C600 3x"},"classes":[]},{"id":4269,"url":"https:\/\/www.reclamador.es\/blog\/operadores-moviles-reclamacion-servicio\/","url_meta":{"origin":3960,"position":2},"title":"Operadores M\u00f3viles \u00a1Reclamaci\u00f3n por falta de servicio!","author":"Equipo reclamador","date":"10 junio, 2016","format":false,"excerpt":"Las reclamaciones por la ausencia de servicio de los operadores m\u00f3viles acumulan un alto porcentaje de las quejas que anualmente vierten los consumidores que mantienen contratos con estas compa\u00f1\u00edas. En este sentido, hay que tener en cuenta que como en toda relaci\u00f3n contractual, la prestaci\u00f3n de servicios de los operadores\u2026","rel":"","context":"En \u00abConsejos legales\u00bb","block_context":{"text":"Consejos legales","link":"https:\/\/www.reclamador.es\/blog\/consejos\/"},"img":{"alt_text":"","src":"https:\/\/i0.wp.com\/www.reclamador.es\/blog\/wp-content\/uploads\/2016\/06\/jonathan-velasquez-1187.jpg?fit=1200%2C800&ssl=1&resize=350%2C200","width":350,"height":200,"srcset":"https:\/\/i0.wp.com\/www.reclamador.es\/blog\/wp-content\/uploads\/2016\/06\/jonathan-velasquez-1187.jpg?fit=1200%2C800&ssl=1&resize=350%2C200 1x, https:\/\/i0.wp.com\/www.reclamador.es\/blog\/wp-content\/uploads\/2016\/06\/jonathan-velasquez-1187.jpg?fit=1200%2C800&ssl=1&resize=525%2C300 1.5x, https:\/\/i0.wp.com\/www.reclamador.es\/blog\/wp-content\/uploads\/2016\/06\/jonathan-velasquez-1187.jpg?fit=1200%2C800&ssl=1&resize=700%2C400 2x, https:\/\/i0.wp.com\/www.reclamador.es\/blog\/wp-content\/uploads\/2016\/06\/jonathan-velasquez-1187.jpg?fit=1200%2C800&ssl=1&resize=1050%2C600 3x"},"classes":[]},{"id":3988,"url":"https:\/\/www.reclamador.es\/blog\/reclamaciones-telefonia-movil\/","url_meta":{"origin":3960,"position":3},"title":"Reclamaciones telefon\u00eda m\u00f3vil \u00bfC\u00f3mo puedo reclamar?","author":"Equipo reclamador","date":"8 abril, 2016","format":false,"excerpt":"La telefon\u00eda m\u00f3vil es uno de los servicios que m\u00e1s quejas generan en Espa\u00f1a, aunque estas quejas no siempre se traducen en reclamaciones formales, dados los obst\u00e1culos que la mayor\u00eda de operadores de telefon\u00eda impone a sus usuarios a la hora de intentarlo. De esta manera, las reclamaciones de telefon\u00eda\u2026","rel":"","context":"En \u00abConsejos legales\u00bb","block_context":{"text":"Consejos legales","link":"https:\/\/www.reclamador.es\/blog\/consejos\/"},"img":{"alt_text":"","src":"https:\/\/i0.wp.com\/www.reclamador.es\/blog\/wp-content\/uploads\/2016\/04\/luke-porter-203637.jpg?fit=1200%2C800&ssl=1&resize=350%2C200","width":350,"height":200,"srcset":"https:\/\/i0.wp.com\/www.reclamador.es\/blog\/wp-content\/uploads\/2016\/04\/luke-porter-203637.jpg?fit=1200%2C800&ssl=1&resize=350%2C200 1x, https:\/\/i0.wp.com\/www.reclamador.es\/blog\/wp-content\/uploads\/2016\/04\/luke-porter-203637.jpg?fit=1200%2C800&ssl=1&resize=525%2C300 1.5x, https:\/\/i0.wp.com\/www.reclamador.es\/blog\/wp-content\/uploads\/2016\/04\/luke-porter-203637.jpg?fit=1200%2C800&ssl=1&resize=700%2C400 2x, https:\/\/i0.wp.com\/www.reclamador.es\/blog\/wp-content\/uploads\/2016\/04\/luke-porter-203637.jpg?fit=1200%2C800&ssl=1&resize=1050%2C600 3x"},"classes":[]},{"id":4970,"url":"https:\/\/www.reclamador.es\/blog\/llamadas-internacionales\/","url_meta":{"origin":3960,"position":4},"title":"Llamadas Internacionales: \u00bfC\u00f3mo funcionan?","author":"Equipo reclamador","date":"14 octubre, 2022","format":false,"excerpt":"*Contenido modificado julio 2025 La globalizaci\u00f3n y las nuevas tecnolog\u00edas nos permiten vivir en una sociedad intercomunicada. La telefon\u00eda actual ha evolucionado tanto que nos podemos conectar a Internet y realizar llamadas internacionales a cualquier lugar del planeta con nuestro smartphone. En este sentido y estas circunstancias, nos llevan a\u2026","rel":"","context":"En \u00abConsejos legales\u00bb","block_context":{"text":"Consejos legales","link":"https:\/\/www.reclamador.es\/blog\/consejos\/"},"img":{"alt_text":"","src":"https:\/\/i0.wp.com\/www.reclamador.es\/blog\/wp-content\/uploads\/2016\/10\/i-m-priscilla-181916.jpg?fit=1200%2C800&ssl=1&resize=350%2C200","width":350,"height":200,"srcset":"https:\/\/i0.wp.com\/www.reclamador.es\/blog\/wp-content\/uploads\/2016\/10\/i-m-priscilla-181916.jpg?fit=1200%2C800&ssl=1&resize=350%2C200 1x, https:\/\/i0.wp.com\/www.reclamador.es\/blog\/wp-content\/uploads\/2016\/10\/i-m-priscilla-181916.jpg?fit=1200%2C800&ssl=1&resize=525%2C300 1.5x, https:\/\/i0.wp.com\/www.reclamador.es\/blog\/wp-content\/uploads\/2016\/10\/i-m-priscilla-181916.jpg?fit=1200%2C800&ssl=1&resize=700%2C400 2x, https:\/\/i0.wp.com\/www.reclamador.es\/blog\/wp-content\/uploads\/2016\/10\/i-m-priscilla-181916.jpg?fit=1200%2C800&ssl=1&resize=1050%2C600 3x"},"classes":[]},{"id":4595,"url":"https:\/\/www.reclamador.es\/blog\/operador-telefonia-preseleccion\/","url_meta":{"origin":3960,"position":5},"title":"Preselecci\u00f3n de operador de telefon\u00eda: \u00bfen qu\u00e9 consiste?","author":"Equipo reclamador","date":"29 julio, 2016","format":false,"excerpt":"La preselecci\u00f3n de operador de telefon\u00eda hace referencia a la facultad que tienen todos los usuarios de elegir la compa\u00f1\u00eda que prefieran, ya sea debido a que les ofrece unos beneficios u otros, por precios, etc. Desde 2004, el usuario puede decidir siempre y cuando mantenga el contrato de abono\u2026","rel":"","context":"En \u00abConsejos legales\u00bb","block_context":{"text":"Consejos legales","link":"https:\/\/www.reclamador.es\/blog\/consejos\/"},"img":{"alt_text":"","src":"https:\/\/i0.wp.com\/www.reclamador.es\/blog\/wp-content\/uploads\/2016\/07\/i-m-priscilla-181916_1.jpg?fit=1200%2C800&ssl=1&resize=350%2C200","width":350,"height":200,"srcset":"https:\/\/i0.wp.com\/www.reclamador.es\/blog\/wp-content\/uploads\/2016\/07\/i-m-priscilla-181916_1.jpg?fit=1200%2C800&ssl=1&resize=350%2C200 1x, https:\/\/i0.wp.com\/www.reclamador.es\/blog\/wp-content\/uploads\/2016\/07\/i-m-priscilla-181916_1.jpg?fit=1200%2C800&ssl=1&resize=525%2C300 1.5x, https:\/\/i0.wp.com\/www.reclamador.es\/blog\/wp-content\/uploads\/2016\/07\/i-m-priscilla-181916_1.jpg?fit=1200%2C800&ssl=1&resize=700%2C400 2x, https:\/\/i0.wp.com\/www.reclamador.es\/blog\/wp-content\/uploads\/2016\/07\/i-m-priscilla-181916_1.jpg?fit=1200%2C800&ssl=1&resize=1050%2C600 3x"},"classes":[]}],"jetpack_sharing_enabled":true,"_links":{"self":[{"href":"https:\/\/www.reclamador.es\/blog\/wp-json\/wp\/v2\/posts\/3960","targetHints":{"allow":["GET"]}}],"collection":[{"href":"https:\/\/www.reclamador.es\/blog\/wp-json\/wp\/v2\/posts"}],"about":[{"href":"https:\/\/www.reclamador.es\/blog\/wp-json\/wp\/v2\/types\/post"}],"author":[{"embeddable":true,"href":"https:\/\/www.reclamador.es\/blog\/wp-json\/wp\/v2\/users\/1"}],"replies":[{"embeddable":true,"href":"https:\/\/www.reclamador.es\/blog\/wp-json\/wp\/v2\/comments?post=3960"}],"version-history":[{"count":15,"href":"https:\/\/www.reclamador.es\/blog\/wp-json\/wp\/v2\/posts\/3960\/revisions"}],"predecessor-version":[{"id":31588,"href":"https:\/\/www.reclamador.es\/blog\/wp-json\/wp\/v2\/posts\/3960\/revisions\/31588"}],"wp:featuredmedia":[{"embeddable":true,"href":"https:\/\/www.reclamador.es\/blog\/wp-json\/wp\/v2\/media\/29567"}],"wp:attachment":[{"href":"https:\/\/www.reclamador.es\/blog\/wp-json\/wp\/v2\/media?parent=3960"}],"wp:term":[{"taxonomy":"category","embeddable":true,"href":"https:\/\/www.reclamador.es\/blog\/wp-json\/wp\/v2\/categories?post=3960"},{"taxonomy":"post_tag","embeddable":true,"href":"https:\/\/www.reclamador.es\/blog\/wp-json\/wp\/v2\/tags?post=3960"}],"curies":[{"name":"wp","href":"https:\/\/api.w.org\/{rel}","templated":true}]}}