{"id":3892,"date":"2019-03-15T10:30:25","date_gmt":"2019-03-15T09:30:25","guid":{"rendered":"https:\/\/www.reclamador.es\/blog\/?p=3892"},"modified":"2025-08-26T11:39:26","modified_gmt":"2025-08-26T09:39:26","slug":"como-hacer-una-reclamacion-en-consumo","status":"publish","type":"post","link":"https:\/\/www.reclamador.es\/blog\/como-hacer-una-reclamacion-en-consumo\/","title":{"rendered":"Reclamaciones de los consumidores: en qu\u00e9 consisten y qu\u00e9 se puede conseguir"},"content":{"rendered":"<div class=\"ttr_start\"><\/div>\n\n<div class=\"kk-star-ratings kksr-auto kksr-align-right kksr-valign-top\"\n    data-payload='{&quot;align&quot;:&quot;right&quot;,&quot;id&quot;:&quot;3892&quot;,&quot;slug&quot;:&quot;default&quot;,&quot;valign&quot;:&quot;top&quot;,&quot;ignore&quot;:&quot;&quot;,&quot;reference&quot;:&quot;auto&quot;,&quot;class&quot;:&quot;&quot;,&quot;count&quot;:&quot;33&quot;,&quot;legendonly&quot;:&quot;&quot;,&quot;readonly&quot;:&quot;&quot;,&quot;score&quot;:&quot;4.1&quot;,&quot;starsonly&quot;:&quot;&quot;,&quot;best&quot;:&quot;5&quot;,&quot;gap&quot;:&quot;3&quot;,&quot;greet&quot;:&quot;Valora este art\u00edculo&quot;,&quot;legend&quot;:&quot;4.1\\\/5 - (33 votos)&quot;,&quot;size&quot;:&quot;20&quot;,&quot;title&quot;:&quot;Reclamaciones de los consumidores: en qu\u00e9 consisten y qu\u00e9 se puede conseguir&quot;,&quot;width&quot;:&quot;92.8&quot;,&quot;_legend&quot;:&quot;{score}\\\/{best} - ({count} {votes})&quot;,&quot;font_factor&quot;:&quot;1.25&quot;}'>\n            \n<div class=\"kksr-stars\">\n    \n<div class=\"kksr-stars-inactive\">\n            <div class=\"kksr-star\" data-star=\"1\" style=\"padding-right: 3px\">\n            \n\n<div class=\"kksr-icon\" style=\"width: 20px; height: 20px;\"><\/div>\n        <\/div>\n            <div class=\"kksr-star\" data-star=\"2\" style=\"padding-right: 3px\">\n            \n\n<div class=\"kksr-icon\" style=\"width: 20px; height: 20px;\"><\/div>\n        <\/div>\n            <div class=\"kksr-star\" data-star=\"3\" style=\"padding-right: 3px\">\n            \n\n<div class=\"kksr-icon\" style=\"width: 20px; height: 20px;\"><\/div>\n        <\/div>\n            <div class=\"kksr-star\" data-star=\"4\" style=\"padding-right: 3px\">\n            \n\n<div class=\"kksr-icon\" style=\"width: 20px; height: 20px;\"><\/div>\n        <\/div>\n            <div class=\"kksr-star\" data-star=\"5\" style=\"padding-right: 3px\">\n            \n\n<div class=\"kksr-icon\" style=\"width: 20px; height: 20px;\"><\/div>\n        <\/div>\n    <\/div>\n    \n<div class=\"kksr-stars-active\" style=\"width: 92.8px;\">\n            <div class=\"kksr-star\" style=\"padding-right: 3px\">\n            \n\n<div class=\"kksr-icon\" style=\"width: 20px; height: 20px;\"><\/div>\n        <\/div>\n            <div class=\"kksr-star\" style=\"padding-right: 3px\">\n            \n\n<div class=\"kksr-icon\" style=\"width: 20px; height: 20px;\"><\/div>\n        <\/div>\n            <div class=\"kksr-star\" style=\"padding-right: 3px\">\n            \n\n<div class=\"kksr-icon\" style=\"width: 20px; height: 20px;\"><\/div>\n        <\/div>\n            <div class=\"kksr-star\" style=\"padding-right: 3px\">\n            \n\n<div class=\"kksr-icon\" style=\"width: 20px; height: 20px;\"><\/div>\n        <\/div>\n            <div class=\"kksr-star\" style=\"padding-right: 3px\">\n            \n\n<div class=\"kksr-icon\" style=\"width: 20px; height: 20px;\"><\/div>\n        <\/div>\n    <\/div>\n<\/div>\n                \n\n<div class=\"kksr-legend\" style=\"font-size: 16px;\">\n            4.1\/5 - (33 votos)    <\/div>\n    <\/div>\n<figure id=\"attachment_16313\" aria-describedby=\"caption-attachment-16313\" style=\"width: 1058px\" class=\"wp-caption aligncenter\"><img data-recalc-dims=\"1\" loading=\"lazy\" decoding=\"async\" class=\"size-full wp-image-16313\" src=\"https:\/\/i0.wp.com\/www.reclamador.es\/blog\/wp-content\/uploads\/2016\/03\/reclamacion-consumo-reclamador.jpg?resize=1058%2C800&#038;ssl=1\" alt=\"persona haciendo una reclamador a consumo en la que reclamador.es le ha ense\u00f1ado\" width=\"1058\" height=\"800\" srcset=\"https:\/\/i0.wp.com\/www.reclamador.es\/blog\/wp-content\/uploads\/2016\/03\/reclamacion-consumo-reclamador.jpg?w=1058&amp;ssl=1 1058w, https:\/\/i0.wp.com\/www.reclamador.es\/blog\/wp-content\/uploads\/2016\/03\/reclamacion-consumo-reclamador.jpg?resize=150%2C113&amp;ssl=1 150w, https:\/\/i0.wp.com\/www.reclamador.es\/blog\/wp-content\/uploads\/2016\/03\/reclamacion-consumo-reclamador.jpg?resize=300%2C227&amp;ssl=1 300w, https:\/\/i0.wp.com\/www.reclamador.es\/blog\/wp-content\/uploads\/2016\/03\/reclamacion-consumo-reclamador.jpg?resize=768%2C581&amp;ssl=1 768w, https:\/\/i0.wp.com\/www.reclamador.es\/blog\/wp-content\/uploads\/2016\/03\/reclamacion-consumo-reclamador.jpg?resize=1024%2C774&amp;ssl=1 1024w, https:\/\/i0.wp.com\/www.reclamador.es\/blog\/wp-content\/uploads\/2016\/03\/reclamacion-consumo-reclamador.jpg?resize=205%2C155&amp;ssl=1 205w\" sizes=\"auto, (max-width: 1000px) 100vw, 1000px\" \/><figcaption id=\"caption-attachment-16313\" class=\"wp-caption-text\"><em>Te ense\u00f1amos a hacer una reclamaci\u00f3n en Consumo<\/em><\/figcaption><\/figure>\n<p>Actualmente, nos encontramos en una \u00e9poca complicada que han hecho que crezcan las reclamaciones de los consumidores debido a que hay muchos abusos: las cl\u00e1usulas suelo, las constantes denuncias de telefon\u00eda, internet, etc\u00e9tera.<\/p>\n<p>Con motivo de la celebraci\u00f3n del <strong>D\u00eda Mundial de los Derechos del Consumidor<\/strong>, hoy 15 de marzo, en reclamador.es vamos a explicarte en qu\u00e9 consiste una reclamaci\u00f3n en consumo y su importancia para una mayor protecci\u00f3n de los derechos fundamentales que asisten a los usuarios en todo el mundo. Derechos como a acceder a productos y servicios de calidad, derecho a recibir informaci\u00f3n veraz y derecho a compensaciones econ\u00f3micas que est\u00e1n recogidos en el Texto Refundido de la Ley General de Defensa de Consumidores y Usuarios y que una gran mayor\u00eda de las veces se ven vulnerados por las pr\u00e1cticas desleales del mercado y los abusos de las compa\u00f1\u00edas.<\/p>\n<p>En ese sentido, en reclamador.es hemos gestionado un total de 266.000 reclamaciones desde 2012. Fundamentalmente a\u00e9reas y bancarias, dos de los sectores donde se producen m\u00e1s injusticias en nuestro pa\u00eds junto con las telecomunicaciones y aseguradoras. As\u00ed se desprende de un estudio que hemos realizado recientemente.<\/p>\n<h6 style=\"text-align: center;\"><a href=\"https:\/\/www.reclamador.es\/blog\/bancos-mas-reclamados-2018\/\"><strong>Estos son los bancos m\u00e1s reclamados en 2018 por reclamador.es<\/strong><\/a><\/h6>\n<h2><strong>\u00bfEn qu\u00e9 consiste una reclamaci\u00f3n en consumo?<\/strong><\/h2>\n<p>Sirve para reclamar aquellos intereses del consumidor que hayan podido verse vulnerados o efectuar una reclamaci\u00f3n referente a una empresa que est\u00e1 infringiendo la normativa vigente en materia de consumo. Respecto al hecho de reclamar, este debe ser entendido como una solicitud por parte del consumidor con la intenci\u00f3n de resarcir, reparar o restituir un da\u00f1o o un bien.<\/p>\n<p>Todos los establecimientos est\u00e1n obligados a tener hojas de reclamaci\u00f3n a disposici\u00f3n de los clientes. Estas hojas tienen que cumplimentarse por el consumidor y el establecimiento o empresa y el consumidor ha de presentar dos ejemplares sellados o firmados ante las oficinas de consumo del Ayuntamiento o Comunidad Aut\u00f3noma.<\/p>\n<h2><strong>C\u00f3mo realizar la reclamaci\u00f3n<\/strong><\/h2>\n<p>El <strong>procedimiento de reclamaci\u00f3n en consumo<\/strong> se inicia tras <strong>no llegar a acuerdo<\/strong> con la empresa que nos ha vulnerado a trav\u00e9s de su departamento de Atenci\u00f3n al cliente o sus empresas suministradoras.<\/p>\n<p>Primero, la <strong>reclamaci\u00f3n es presentada ante la empresa<\/strong>. De no conseguir el resultado satisfactorio, hay que proceder a <strong>reclamar ante la Oficina Municipal de informaci\u00f3n al Consumidor <\/strong>(OMIC).<\/p>\n<p>Para realizarlo, en la OMIC, facilitan un <strong>impreso oficial de reclamaci\u00f3n<\/strong>. Hay que rellenarlo con los datos personales junto a los de la empresa y <strong>acompa\u00f1arlo<\/strong> de todos los <strong>documentos<\/strong> posibles que justifiquen el <strong>motivo de la reclamaci\u00f3n<\/strong> y pretensi\u00f3n de realizarla. Estos documentos pueden ser facturas, publicidad, presupuestos, etc.<\/p>\n<p>Habr\u00e1 que rellenar la publicaci\u00f3n de forma clara, concisa y con referencia exclusiva a los elementos <strong>objetivos<\/strong> y aquellos que justifican el motivo por el que se efect\u00faa (con toda la informaci\u00f3n adicional que pueda ayudar), adem\u00e1s de a las <strong>comunicaciones<\/strong> que hayan sido efectuadas con la empresa (correos, cartas, telegramas u otras).<\/p>\n<p>Recibida la reclamaci\u00f3n, la Administraci\u00f3n tiene un <strong>plazo de alegaciones<\/strong> durante el cual solicita a la empresa una proposici\u00f3n de soluci\u00f3n al problema planteado. En el caso de que la empresa acceda a las peticiones del consumidor, hay notificaci\u00f3n y el expediente es archivado. En caso de no ser favorable, el Ayuntamiento intentar\u00e1 que lleguen a un <strong>acuerdo<\/strong>.<\/p>\n<h2><strong>\u00bfQu\u00e9 puedes conseguir con una reclamaci\u00f3n?<\/strong><\/h2>\n<p>Con la reclamaci\u00f3n se abre un procedimiento de comprobaci\u00f3n y sanci\u00f3n, en su caso, del establecimiento o empresa. Normalmente, con ese procedimiento se suele resarcir al consumidor, pero no siempre es as\u00ed, puesto que no es obligatorio.<\/p>\n<p>Ahora bien, si lo que se quiere es que nos devuelvan el dinero o cancelar un contrato, hay que acudir al sistema arbitral de consumo. Se tramita desde las Juntas Arbitrales de Consumo de los Ayuntamientos y de las Comunidades Aut\u00f3nomas, seg\u00fan la competencia.<\/p>\n<h6 style=\"text-align: center;\"><strong>Te interesa: En reclamador.es te ayudamos a reclamar lo pagado de m\u00e1s por tu <a href=\"https:\/\/www.reclamador.es\/banco\/revolving\/\">tarjeta revolving<\/a><\/strong><\/h6>\n<p>Se trata de un procedimiento muy sencillo, gratuito y antiformalista. El consumidor cumplimenta la solicitud, aporta toda la documentaci\u00f3n en la que se basa y asiste despu\u00e9s a una vista con la empresa (si acude, que no es obligatorio). Tras esto se dicta un laudo. Tiene la misma validez que una Sentencia para las dos partes (consumidor y empresa).\u00a0 Es firme desde el momento en que se notifica y puede ejecutarse en caso de no cumplirse por parte de la empresa.<\/p>\n<p>El arbitraje es voluntario para las empresas. Esto quiere decir que pueden no someterse al mismo cuando son citadas. En este caso, o en aquellas materias excluidas de este procedimiento (por ejemplo las reclamaciones contra los bancos), la soluci\u00f3n es acudir a los tribunales mediante demanda. No se puede simultanear un procedimiento u otro, porque ambos son excluyentes, al tener los mismos efectos.<\/p>\n<h2>Las compras online tambi\u00e9n son reclamables<\/h2>\n<p>S\u00ed, los <a href=\"https:\/\/www.reclamador.es\/blog\/problemas-del-comercio-electronico\/\">problemas en las compras online<\/a> tambi\u00e9n se pueden reclamar. Para ello, lo m\u00e1s importante a determinar es el vendedor y la sede de este. As\u00ed, si la compra online es en establecimientos con sede en Espa\u00f1a, lo mejor es enviar un escrito a la direcci\u00f3n que debe aparecer obligatoriamente en la web de la p\u00e1gina vendedora. Si esa respuesta no convence, las formas de reclamaci\u00f3n son las ya explicadas.<\/p>\n<p>Tambi\u00e9n es posible, dependiendo del problema, acudir a la justicia. Siempre que la empresa vendedora a trav\u00e9s de Internet tenga sede en nuestro pa\u00eds.<\/p>\n<p>Si la empresa tuviera sede en un pa\u00eds miembro de la Uni\u00f3n Europea, existe la posibilidad de reclamar en la plataforma ODR del Centro Europeo del Consumidor.<\/p>\n<p>El problema lo encontramos en las compras online en web de China, Estados Unidos, etc\u00e9tera. \u00bfPor qu\u00e9? Porque la reclamaci\u00f3n se debe dirigir ante los organismos competentes de estos pa\u00edses o bien ante los juzgados de estos Estados. Esto nos hace pensar que la reclamaci\u00f3n ser\u00e1 m\u00e1s lenta y costosa.<\/p>\n<div class=\"ttr_end\"><\/div>","protected":false},"excerpt":{"rendered":"<p>Actualmente, nos encontramos en una \u00e9poca complicada que han hecho que crezcan las reclamaciones de los consumidores debido a que hay muchos abusos: las cl\u00e1usulas suelo, las constantes denuncias de telefon\u00eda, internet, etc\u00e9tera. Con motivo de la celebraci\u00f3n del D\u00eda Mundial de los Derechos del Consumidor, hoy 15 de marzo, en reclamador.es vamos a explicarte [&hellip;]<\/p>\n","protected":false},"author":1,"featured_media":16313,"comment_status":"open","ping_status":"open","sticky":false,"template":"","format":"standard","meta":{"_acf_changed":false,"_genesis_hide_title":false,"_genesis_hide_breadcrumbs":false,"_genesis_hide_singular_image":false,"_genesis_hide_footer_widgets":false,"_genesis_custom_body_class":"","_genesis_custom_post_class":"","_genesis_layout":"","_jetpack_newsletter_access":"","_jetpack_dont_email_post_to_subs":true,"_jetpack_newsletter_tier_id":0,"_jetpack_memberships_contains_paywalled_content":false,"_jetpack_memberships_contains_paid_content":false,"footnotes":""},"categories":[393],"tags":[289],"class_list":{"0":"post-3892","1":"post","2":"type-post","3":"status-publish","4":"format-standard","5":"has-post-thumbnail","7":"category-consejos","8":"tag-reclamacion","9":"entry"},"acf":[],"yoast_head":"<!-- This site is optimized with the Yoast SEO plugin v27.4 - https:\/\/yoast.com\/product\/yoast-seo-wordpress\/ -->\n<title>\u00bfC\u00f3mo se hace una reclamaci\u00f3n de consumo efectiva?<\/title>\n<meta name=\"description\" content=\"\u00bfTienes un problema con alguna empresa y quieres reclamar? Te ense\u00f1amos c\u00f3mo hacer una reclamaci\u00f3n en consumo. \u00a1Defiende tus derechos!\" \/>\n<meta name=\"robots\" content=\"index, follow, max-snippet:-1, max-image-preview:large, max-video-preview:-1\" \/>\n<link rel=\"canonical\" href=\"https:\/\/www.reclamador.es\/blog\/como-hacer-una-reclamacion-en-consumo\/\" \/>\n<meta property=\"og:locale\" content=\"es_ES\" \/>\n<meta property=\"og:type\" content=\"article\" \/>\n<meta property=\"og:title\" content=\"\u00bfC\u00f3mo se hace una reclamaci\u00f3n de consumo efectiva?\" \/>\n<meta property=\"og:description\" content=\"\u00bfTienes un problema con alguna empresa y quieres reclamar? Te ense\u00f1amos c\u00f3mo hacer una reclamaci\u00f3n en consumo. \u00a1Defiende tus derechos!\" \/>\n<meta property=\"og:url\" content=\"https:\/\/www.reclamador.es\/blog\/como-hacer-una-reclamacion-en-consumo\/\" \/>\n<meta property=\"og:site_name\" content=\"Rebeldes con causa, el blog de reclamador.es\" \/>\n<meta property=\"article:publisher\" content=\"https:\/\/www.facebook.com\/reclamador.es\" \/>\n<meta property=\"article:published_time\" content=\"2019-03-15T09:30:25+00:00\" \/>\n<meta property=\"article:modified_time\" content=\"2025-08-26T09:39:26+00:00\" \/>\n<meta property=\"og:image\" content=\"https:\/\/www.reclamador.es\/blog\/wp-content\/uploads\/2016\/03\/reclamacion-consumo-reclamador.jpg\" \/>\n\t<meta property=\"og:image:width\" content=\"1058\" \/>\n\t<meta property=\"og:image:height\" content=\"800\" \/>\n\t<meta property=\"og:image:type\" content=\"image\/jpeg\" \/>\n<meta name=\"author\" content=\"Equipo reclamador\" \/>\n<meta name=\"twitter:card\" content=\"summary_large_image\" \/>\n<meta name=\"twitter:creator\" content=\"@reclamador\" \/>\n<meta name=\"twitter:site\" content=\"@reclamador\" \/>\n<meta name=\"twitter:label1\" content=\"Escrito por\" \/>\n\t<meta name=\"twitter:data1\" content=\"Equipo reclamador\" \/>\n\t<meta name=\"twitter:label2\" content=\"Tiempo de lectura\" \/>\n\t<meta name=\"twitter:data2\" content=\"5 minutos\" \/>\n<script type=\"application\/ld+json\" class=\"yoast-schema-graph\">{\"@context\":\"https:\\\/\\\/schema.org\",\"@graph\":[{\"@type\":\"Article\",\"@id\":\"https:\\\/\\\/www.reclamador.es\\\/blog\\\/como-hacer-una-reclamacion-en-consumo\\\/#article\",\"isPartOf\":{\"@id\":\"https:\\\/\\\/www.reclamador.es\\\/blog\\\/como-hacer-una-reclamacion-en-consumo\\\/\"},\"author\":{\"name\":\"Equipo reclamador\",\"@id\":\"https:\\\/\\\/www.reclamador.es\\\/blog\\\/#\\\/schema\\\/person\\\/1ed83eef8b6566cb5e4c812d9bc5c4bf\"},\"headline\":\"Reclamaciones de los consumidores: en qu\u00e9 consisten y qu\u00e9 se puede conseguir\",\"datePublished\":\"2019-03-15T09:30:25+00:00\",\"dateModified\":\"2025-08-26T09:39:26+00:00\",\"mainEntityOfPage\":{\"@id\":\"https:\\\/\\\/www.reclamador.es\\\/blog\\\/como-hacer-una-reclamacion-en-consumo\\\/\"},\"wordCount\":1065,\"commentCount\":2,\"publisher\":{\"@id\":\"https:\\\/\\\/www.reclamador.es\\\/blog\\\/#organization\"},\"image\":{\"@id\":\"https:\\\/\\\/www.reclamador.es\\\/blog\\\/como-hacer-una-reclamacion-en-consumo\\\/#primaryimage\"},\"thumbnailUrl\":\"https:\\\/\\\/i0.wp.com\\\/www.reclamador.es\\\/blog\\\/wp-content\\\/uploads\\\/2016\\\/03\\\/reclamacion-consumo-reclamador.jpg?fit=1058%2C800&ssl=1\",\"keywords\":[\"reclamaci\u00f3n\"],\"articleSection\":[\"Consejos legales\"],\"inLanguage\":\"es\",\"potentialAction\":[{\"@type\":\"CommentAction\",\"name\":\"Comment\",\"target\":[\"https:\\\/\\\/www.reclamador.es\\\/blog\\\/como-hacer-una-reclamacion-en-consumo\\\/#respond\"]}]},{\"@type\":\"WebPage\",\"@id\":\"https:\\\/\\\/www.reclamador.es\\\/blog\\\/como-hacer-una-reclamacion-en-consumo\\\/\",\"url\":\"https:\\\/\\\/www.reclamador.es\\\/blog\\\/como-hacer-una-reclamacion-en-consumo\\\/\",\"name\":\"\u00bfC\u00f3mo se hace una reclamaci\u00f3n de consumo efectiva?\",\"isPartOf\":{\"@id\":\"https:\\\/\\\/www.reclamador.es\\\/blog\\\/#website\"},\"primaryImageOfPage\":{\"@id\":\"https:\\\/\\\/www.reclamador.es\\\/blog\\\/como-hacer-una-reclamacion-en-consumo\\\/#primaryimage\"},\"image\":{\"@id\":\"https:\\\/\\\/www.reclamador.es\\\/blog\\\/como-hacer-una-reclamacion-en-consumo\\\/#primaryimage\"},\"thumbnailUrl\":\"https:\\\/\\\/i0.wp.com\\\/www.reclamador.es\\\/blog\\\/wp-content\\\/uploads\\\/2016\\\/03\\\/reclamacion-consumo-reclamador.jpg?fit=1058%2C800&ssl=1\",\"datePublished\":\"2019-03-15T09:30:25+00:00\",\"dateModified\":\"2025-08-26T09:39:26+00:00\",\"description\":\"\u00bfTienes un problema con alguna empresa y quieres reclamar? Te ense\u00f1amos c\u00f3mo hacer una reclamaci\u00f3n en consumo. \u00a1Defiende tus derechos!\",\"breadcrumb\":{\"@id\":\"https:\\\/\\\/www.reclamador.es\\\/blog\\\/como-hacer-una-reclamacion-en-consumo\\\/#breadcrumb\"},\"inLanguage\":\"es\",\"potentialAction\":[{\"@type\":\"ReadAction\",\"target\":[\"https:\\\/\\\/www.reclamador.es\\\/blog\\\/como-hacer-una-reclamacion-en-consumo\\\/\"]}]},{\"@type\":\"ImageObject\",\"inLanguage\":\"es\",\"@id\":\"https:\\\/\\\/www.reclamador.es\\\/blog\\\/como-hacer-una-reclamacion-en-consumo\\\/#primaryimage\",\"url\":\"https:\\\/\\\/i0.wp.com\\\/www.reclamador.es\\\/blog\\\/wp-content\\\/uploads\\\/2016\\\/03\\\/reclamacion-consumo-reclamador.jpg?fit=1058%2C800&ssl=1\",\"contentUrl\":\"https:\\\/\\\/i0.wp.com\\\/www.reclamador.es\\\/blog\\\/wp-content\\\/uploads\\\/2016\\\/03\\\/reclamacion-consumo-reclamador.jpg?fit=1058%2C800&ssl=1\",\"width\":1058,\"height\":800,\"caption\":\"Te ense\u00f1amos a hacer una reclamaci\u00f3n a Consumo\"},{\"@type\":\"BreadcrumbList\",\"@id\":\"https:\\\/\\\/www.reclamador.es\\\/blog\\\/como-hacer-una-reclamacion-en-consumo\\\/#breadcrumb\",\"itemListElement\":[{\"@type\":\"ListItem\",\"position\":1,\"name\":\"Portada\",\"item\":\"https:\\\/\\\/www.reclamador.es\\\/blog\\\/\"},{\"@type\":\"ListItem\",\"position\":2,\"name\":\"Reclamaciones de los consumidores: en qu\u00e9 consisten y qu\u00e9 se puede conseguir\"}]},{\"@type\":\"WebSite\",\"@id\":\"https:\\\/\\\/www.reclamador.es\\\/blog\\\/#website\",\"url\":\"https:\\\/\\\/www.reclamador.es\\\/blog\\\/\",\"name\":\"Rebeldes con causa, el blog de reclamador.es\",\"description\":\"Noticias, entrevistas y consejos sobre reclamaciones\",\"publisher\":{\"@id\":\"https:\\\/\\\/www.reclamador.es\\\/blog\\\/#organization\"},\"potentialAction\":[{\"@type\":\"SearchAction\",\"target\":{\"@type\":\"EntryPoint\",\"urlTemplate\":\"https:\\\/\\\/www.reclamador.es\\\/blog\\\/?s={search_term_string}\"},\"query-input\":{\"@type\":\"PropertyValueSpecification\",\"valueRequired\":true,\"valueName\":\"search_term_string\"}}],\"inLanguage\":\"es\"},{\"@type\":\"Organization\",\"@id\":\"https:\\\/\\\/www.reclamador.es\\\/blog\\\/#organization\",\"name\":\"reclamador.es\",\"url\":\"https:\\\/\\\/www.reclamador.es\\\/blog\\\/\",\"logo\":{\"@type\":\"ImageObject\",\"inLanguage\":\"es\",\"@id\":\"https:\\\/\\\/www.reclamador.es\\\/blog\\\/#\\\/schema\\\/logo\\\/image\\\/\",\"url\":\"https:\\\/\\\/i0.wp.com\\\/www.reclamador.es\\\/blog\\\/wp-content\\\/uploads\\\/2020\\\/01\\\/logo-reclamador.png?fit=1200%2C144&ssl=1\",\"contentUrl\":\"https:\\\/\\\/i0.wp.com\\\/www.reclamador.es\\\/blog\\\/wp-content\\\/uploads\\\/2020\\\/01\\\/logo-reclamador.png?fit=1200%2C144&ssl=1\",\"width\":1200,\"height\":144,\"caption\":\"reclamador.es\"},\"image\":{\"@id\":\"https:\\\/\\\/www.reclamador.es\\\/blog\\\/#\\\/schema\\\/logo\\\/image\\\/\"},\"sameAs\":[\"https:\\\/\\\/www.facebook.com\\\/reclamador.es\",\"https:\\\/\\\/x.com\\\/reclamador\",\"https:\\\/\\\/www.instagram.com\\\/reclamador.es\\\/\",\"https:\\\/\\\/www.linkedin.com\\\/company\\\/reclamador-es\",\"https:\\\/\\\/www.youtube.com\\\/user\\\/Reclamadores\"]},{\"@type\":\"Person\",\"@id\":\"https:\\\/\\\/www.reclamador.es\\\/blog\\\/#\\\/schema\\\/person\\\/1ed83eef8b6566cb5e4c812d9bc5c4bf\",\"name\":\"Equipo reclamador\",\"image\":{\"@type\":\"ImageObject\",\"inLanguage\":\"es\",\"@id\":\"https:\\\/\\\/secure.gravatar.com\\\/avatar\\\/6442ecdc2c4472c600c113f34d340feca47107d6aa4f42f1e3e75a2a8e28a760?s=96&d=mm&r=g\",\"url\":\"https:\\\/\\\/secure.gravatar.com\\\/avatar\\\/6442ecdc2c4472c600c113f34d340feca47107d6aa4f42f1e3e75a2a8e28a760?s=96&d=mm&r=g\",\"contentUrl\":\"https:\\\/\\\/secure.gravatar.com\\\/avatar\\\/6442ecdc2c4472c600c113f34d340feca47107d6aa4f42f1e3e75a2a8e28a760?s=96&d=mm&r=g\",\"caption\":\"Equipo reclamador\"},\"description\":\"Las personas que hacen posible reclamador.es\",\"url\":\"https:\\\/\\\/www.reclamador.es\\\/blog\\\/author\\\/administrador\\\/\"}]}<\/script>\n<!-- \/ Yoast SEO plugin. -->","yoast_head_json":{"title":"\u00bfC\u00f3mo se hace una reclamaci\u00f3n de consumo efectiva?","description":"\u00bfTienes un problema con alguna empresa y quieres reclamar? Te ense\u00f1amos c\u00f3mo hacer una reclamaci\u00f3n en consumo. \u00a1Defiende tus derechos!","robots":{"index":"index","follow":"follow","max-snippet":"max-snippet:-1","max-image-preview":"max-image-preview:large","max-video-preview":"max-video-preview:-1"},"canonical":"https:\/\/www.reclamador.es\/blog\/como-hacer-una-reclamacion-en-consumo\/","og_locale":"es_ES","og_type":"article","og_title":"\u00bfC\u00f3mo se hace una reclamaci\u00f3n de consumo efectiva?","og_description":"\u00bfTienes un problema con alguna empresa y quieres reclamar? Te ense\u00f1amos c\u00f3mo hacer una reclamaci\u00f3n en consumo. \u00a1Defiende tus derechos!","og_url":"https:\/\/www.reclamador.es\/blog\/como-hacer-una-reclamacion-en-consumo\/","og_site_name":"Rebeldes con causa, el blog de reclamador.es","article_publisher":"https:\/\/www.facebook.com\/reclamador.es","article_published_time":"2019-03-15T09:30:25+00:00","article_modified_time":"2025-08-26T09:39:26+00:00","og_image":[{"width":1058,"height":800,"url":"https:\/\/www.reclamador.es\/blog\/wp-content\/uploads\/2016\/03\/reclamacion-consumo-reclamador.jpg","type":"image\/jpeg"}],"author":"Equipo reclamador","twitter_card":"summary_large_image","twitter_creator":"@reclamador","twitter_site":"@reclamador","twitter_misc":{"Escrito por":"Equipo reclamador","Tiempo de lectura":"5 minutos"},"schema":{"@context":"https:\/\/schema.org","@graph":[{"@type":"Article","@id":"https:\/\/www.reclamador.es\/blog\/como-hacer-una-reclamacion-en-consumo\/#article","isPartOf":{"@id":"https:\/\/www.reclamador.es\/blog\/como-hacer-una-reclamacion-en-consumo\/"},"author":{"name":"Equipo reclamador","@id":"https:\/\/www.reclamador.es\/blog\/#\/schema\/person\/1ed83eef8b6566cb5e4c812d9bc5c4bf"},"headline":"Reclamaciones de los consumidores: en qu\u00e9 consisten y qu\u00e9 se puede conseguir","datePublished":"2019-03-15T09:30:25+00:00","dateModified":"2025-08-26T09:39:26+00:00","mainEntityOfPage":{"@id":"https:\/\/www.reclamador.es\/blog\/como-hacer-una-reclamacion-en-consumo\/"},"wordCount":1065,"commentCount":2,"publisher":{"@id":"https:\/\/www.reclamador.es\/blog\/#organization"},"image":{"@id":"https:\/\/www.reclamador.es\/blog\/como-hacer-una-reclamacion-en-consumo\/#primaryimage"},"thumbnailUrl":"https:\/\/i0.wp.com\/www.reclamador.es\/blog\/wp-content\/uploads\/2016\/03\/reclamacion-consumo-reclamador.jpg?fit=1058%2C800&ssl=1","keywords":["reclamaci\u00f3n"],"articleSection":["Consejos legales"],"inLanguage":"es","potentialAction":[{"@type":"CommentAction","name":"Comment","target":["https:\/\/www.reclamador.es\/blog\/como-hacer-una-reclamacion-en-consumo\/#respond"]}]},{"@type":"WebPage","@id":"https:\/\/www.reclamador.es\/blog\/como-hacer-una-reclamacion-en-consumo\/","url":"https:\/\/www.reclamador.es\/blog\/como-hacer-una-reclamacion-en-consumo\/","name":"\u00bfC\u00f3mo se hace una reclamaci\u00f3n de consumo efectiva?","isPartOf":{"@id":"https:\/\/www.reclamador.es\/blog\/#website"},"primaryImageOfPage":{"@id":"https:\/\/www.reclamador.es\/blog\/como-hacer-una-reclamacion-en-consumo\/#primaryimage"},"image":{"@id":"https:\/\/www.reclamador.es\/blog\/como-hacer-una-reclamacion-en-consumo\/#primaryimage"},"thumbnailUrl":"https:\/\/i0.wp.com\/www.reclamador.es\/blog\/wp-content\/uploads\/2016\/03\/reclamacion-consumo-reclamador.jpg?fit=1058%2C800&ssl=1","datePublished":"2019-03-15T09:30:25+00:00","dateModified":"2025-08-26T09:39:26+00:00","description":"\u00bfTienes un problema con alguna empresa y quieres reclamar? Te ense\u00f1amos c\u00f3mo hacer una reclamaci\u00f3n en consumo. \u00a1Defiende tus derechos!","breadcrumb":{"@id":"https:\/\/www.reclamador.es\/blog\/como-hacer-una-reclamacion-en-consumo\/#breadcrumb"},"inLanguage":"es","potentialAction":[{"@type":"ReadAction","target":["https:\/\/www.reclamador.es\/blog\/como-hacer-una-reclamacion-en-consumo\/"]}]},{"@type":"ImageObject","inLanguage":"es","@id":"https:\/\/www.reclamador.es\/blog\/como-hacer-una-reclamacion-en-consumo\/#primaryimage","url":"https:\/\/i0.wp.com\/www.reclamador.es\/blog\/wp-content\/uploads\/2016\/03\/reclamacion-consumo-reclamador.jpg?fit=1058%2C800&ssl=1","contentUrl":"https:\/\/i0.wp.com\/www.reclamador.es\/blog\/wp-content\/uploads\/2016\/03\/reclamacion-consumo-reclamador.jpg?fit=1058%2C800&ssl=1","width":1058,"height":800,"caption":"Te ense\u00f1amos a hacer una reclamaci\u00f3n a Consumo"},{"@type":"BreadcrumbList","@id":"https:\/\/www.reclamador.es\/blog\/como-hacer-una-reclamacion-en-consumo\/#breadcrumb","itemListElement":[{"@type":"ListItem","position":1,"name":"Portada","item":"https:\/\/www.reclamador.es\/blog\/"},{"@type":"ListItem","position":2,"name":"Reclamaciones de los consumidores: en qu\u00e9 consisten y qu\u00e9 se puede conseguir"}]},{"@type":"WebSite","@id":"https:\/\/www.reclamador.es\/blog\/#website","url":"https:\/\/www.reclamador.es\/blog\/","name":"Rebeldes con causa, el blog de reclamador.es","description":"Noticias, entrevistas y consejos sobre reclamaciones","publisher":{"@id":"https:\/\/www.reclamador.es\/blog\/#organization"},"potentialAction":[{"@type":"SearchAction","target":{"@type":"EntryPoint","urlTemplate":"https:\/\/www.reclamador.es\/blog\/?s={search_term_string}"},"query-input":{"@type":"PropertyValueSpecification","valueRequired":true,"valueName":"search_term_string"}}],"inLanguage":"es"},{"@type":"Organization","@id":"https:\/\/www.reclamador.es\/blog\/#organization","name":"reclamador.es","url":"https:\/\/www.reclamador.es\/blog\/","logo":{"@type":"ImageObject","inLanguage":"es","@id":"https:\/\/www.reclamador.es\/blog\/#\/schema\/logo\/image\/","url":"https:\/\/i0.wp.com\/www.reclamador.es\/blog\/wp-content\/uploads\/2020\/01\/logo-reclamador.png?fit=1200%2C144&ssl=1","contentUrl":"https:\/\/i0.wp.com\/www.reclamador.es\/blog\/wp-content\/uploads\/2020\/01\/logo-reclamador.png?fit=1200%2C144&ssl=1","width":1200,"height":144,"caption":"reclamador.es"},"image":{"@id":"https:\/\/www.reclamador.es\/blog\/#\/schema\/logo\/image\/"},"sameAs":["https:\/\/www.facebook.com\/reclamador.es","https:\/\/x.com\/reclamador","https:\/\/www.instagram.com\/reclamador.es\/","https:\/\/www.linkedin.com\/company\/reclamador-es","https:\/\/www.youtube.com\/user\/Reclamadores"]},{"@type":"Person","@id":"https:\/\/www.reclamador.es\/blog\/#\/schema\/person\/1ed83eef8b6566cb5e4c812d9bc5c4bf","name":"Equipo reclamador","image":{"@type":"ImageObject","inLanguage":"es","@id":"https:\/\/secure.gravatar.com\/avatar\/6442ecdc2c4472c600c113f34d340feca47107d6aa4f42f1e3e75a2a8e28a760?s=96&d=mm&r=g","url":"https:\/\/secure.gravatar.com\/avatar\/6442ecdc2c4472c600c113f34d340feca47107d6aa4f42f1e3e75a2a8e28a760?s=96&d=mm&r=g","contentUrl":"https:\/\/secure.gravatar.com\/avatar\/6442ecdc2c4472c600c113f34d340feca47107d6aa4f42f1e3e75a2a8e28a760?s=96&d=mm&r=g","caption":"Equipo reclamador"},"description":"Las personas que hacen posible reclamador.es","url":"https:\/\/www.reclamador.es\/blog\/author\/administrador\/"}]}},"jetpack_featured_media_url":"https:\/\/i0.wp.com\/www.reclamador.es\/blog\/wp-content\/uploads\/2016\/03\/reclamacion-consumo-reclamador.jpg?fit=1058%2C800&ssl=1","jetpack-related-posts":[{"id":16900,"url":"https:\/\/www.reclamador.es\/blog\/como-reclamar-factura-de-luz\/","url_meta":{"origin":3892,"position":0},"title":"De la oscuridad a la luz: C\u00f3mo reclamar una factura de electricidad","author":"Equipo reclamador","date":"31 enero, 2020","format":false,"excerpt":"\u00bfAlguna vez has pensado que la \u00faltima factura de la luz era demasiado elevada para lo poco que hab\u00edas estado en casa? o \u00bfQu\u00e9 puedes hacer cuando se producen reiterados cortes del servicio? En reclamador.es vamos a \u201cdar luz\u201d sobre los problemas habituales de los consumidores y las compa\u00f1\u00edas el\u00e9ctricas.\u2026","rel":"","context":"En \u00abConsejos legales\u00bb","block_context":{"text":"Consejos legales","link":"https:\/\/www.reclamador.es\/blog\/consejos\/"},"img":{"alt_text":"reclamaciones a compa\u00f1\u00edas el\u00e9ctricas","src":"https:\/\/i0.wp.com\/www.reclamador.es\/blog\/wp-content\/uploads\/2018\/01\/reclamar-factura-de-la-luz-reclamador.es_.jpg?fit=1200%2C834&ssl=1&resize=350%2C200","width":350,"height":200,"srcset":"https:\/\/i0.wp.com\/www.reclamador.es\/blog\/wp-content\/uploads\/2018\/01\/reclamar-factura-de-la-luz-reclamador.es_.jpg?fit=1200%2C834&ssl=1&resize=350%2C200 1x, https:\/\/i0.wp.com\/www.reclamador.es\/blog\/wp-content\/uploads\/2018\/01\/reclamar-factura-de-la-luz-reclamador.es_.jpg?fit=1200%2C834&ssl=1&resize=525%2C300 1.5x, https:\/\/i0.wp.com\/www.reclamador.es\/blog\/wp-content\/uploads\/2018\/01\/reclamar-factura-de-la-luz-reclamador.es_.jpg?fit=1200%2C834&ssl=1&resize=700%2C400 2x, https:\/\/i0.wp.com\/www.reclamador.es\/blog\/wp-content\/uploads\/2018\/01\/reclamar-factura-de-la-luz-reclamador.es_.jpg?fit=1200%2C834&ssl=1&resize=1050%2C600 3x"},"classes":[]},{"id":17611,"url":"https:\/\/www.reclamador.es\/blog\/tv-de-pago-reclamar-caida-servicio\/","url_meta":{"origin":3892,"position":1},"title":"TV de pago: \u00bfqu\u00e9 se puede reclamar por ca\u00edda del servicio?","author":"Equipo reclamador","date":"26 marzo, 2018","format":false,"excerpt":"Son ya m\u00e1s de 6 millones los abonados que en Espa\u00f1a cuentan con servicios de televisi\u00f3n de pago, seg\u00fan la Comisi\u00f3n Nacional de los Mercados y la Competencia (CNMC). El auge de la tv de pago es evidente, pero lo que muchos consumidores desconocen son sus derechos frente a las\u2026","rel":"","context":"En \u00abNoticias y actualidad\u00bb","block_context":{"text":"Noticias y actualidad","link":"https:\/\/www.reclamador.es\/blog\/noticias\/"},"img":{"alt_text":"tv pago reclamador.es","src":"https:\/\/i0.wp.com\/www.reclamador.es\/blog\/wp-content\/uploads\/2018\/03\/tv-pago-reclamador.jpg?fit=1200%2C800&ssl=1&resize=350%2C200","width":350,"height":200,"srcset":"https:\/\/i0.wp.com\/www.reclamador.es\/blog\/wp-content\/uploads\/2018\/03\/tv-pago-reclamador.jpg?fit=1200%2C800&ssl=1&resize=350%2C200 1x, https:\/\/i0.wp.com\/www.reclamador.es\/blog\/wp-content\/uploads\/2018\/03\/tv-pago-reclamador.jpg?fit=1200%2C800&ssl=1&resize=525%2C300 1.5x, https:\/\/i0.wp.com\/www.reclamador.es\/blog\/wp-content\/uploads\/2018\/03\/tv-pago-reclamador.jpg?fit=1200%2C800&ssl=1&resize=700%2C400 2x, https:\/\/i0.wp.com\/www.reclamador.es\/blog\/wp-content\/uploads\/2018\/03\/tv-pago-reclamador.jpg?fit=1200%2C800&ssl=1&resize=1050%2C600 3x"},"classes":[]},{"id":30841,"url":"https:\/\/www.reclamador.es\/blog\/dia-internacional-de-los-consumidores\/","url_meta":{"origin":3892,"position":2},"title":"D\u00eda Internacional del Consumidor: \u00bfCu\u00e1les son tus derechos?","author":"Equipo reclamador","date":"15 marzo, 2023","format":false,"excerpt":"D\u00eda Internacional de los Consumidores","rel":"","context":"En \u00abNoticias y actualidad\u00bb","block_context":{"text":"Noticias y actualidad","link":"https:\/\/www.reclamador.es\/blog\/noticias\/"},"img":{"alt_text":"D\u00eda Internacional de los Consumidores","src":"https:\/\/i0.wp.com\/www.reclamador.es\/blog\/wp-content\/uploads\/2023\/03\/Dia-Internacional-de-los-Consumidores.jpg?fit=1200%2C675&ssl=1&resize=350%2C200","width":350,"height":200,"srcset":"https:\/\/i0.wp.com\/www.reclamador.es\/blog\/wp-content\/uploads\/2023\/03\/Dia-Internacional-de-los-Consumidores.jpg?fit=1200%2C675&ssl=1&resize=350%2C200 1x, https:\/\/i0.wp.com\/www.reclamador.es\/blog\/wp-content\/uploads\/2023\/03\/Dia-Internacional-de-los-Consumidores.jpg?fit=1200%2C675&ssl=1&resize=525%2C300 1.5x, https:\/\/i0.wp.com\/www.reclamador.es\/blog\/wp-content\/uploads\/2023\/03\/Dia-Internacional-de-los-Consumidores.jpg?fit=1200%2C675&ssl=1&resize=700%2C400 2x, https:\/\/i0.wp.com\/www.reclamador.es\/blog\/wp-content\/uploads\/2023\/03\/Dia-Internacional-de-los-Consumidores.jpg?fit=1200%2C675&ssl=1&resize=1050%2C600 3x"},"classes":[]},{"id":4011,"url":"https:\/\/www.reclamador.es\/blog\/como-reclamar-a-una-compania-telefonica\/","url_meta":{"origin":3892,"position":3},"title":"\u00bfC\u00f3mo reclamar a una compa\u00f1\u00eda telef\u00f3nica?","author":"Equipo reclamador","date":"15 abril, 2016","format":false,"excerpt":"*Contenido modificado mayo 2025. Si necesitas hacer una reclamaci\u00f3n a un operador de telefon\u00eda y no sabes por d\u00f3nde empezar, en reclamador.es hemos elaborado esta gu\u00eda donde ofrecemos las claves sobre c\u00f3mo reclamar a una compa\u00f1\u00eda telef\u00f3nica. C\u00f3mo reclamar a una compa\u00f1\u00eda telef\u00f3nica: pasos a seguir Ante abusos de las\u2026","rel":"","context":"En \u00abConsejos legales\u00bb","block_context":{"text":"Consejos legales","link":"https:\/\/www.reclamador.es\/blog\/consejos\/"},"img":{"alt_text":"C\u00f3mo reclamar a una compa\u00f1\u00eda telef\u00f3nica","src":"https:\/\/i0.wp.com\/www.reclamador.es\/blog\/wp-content\/uploads\/2016\/04\/Como-reclamar-a-una-compania-telefonica.jpg?fit=1200%2C675&ssl=1&resize=350%2C200","width":350,"height":200,"srcset":"https:\/\/i0.wp.com\/www.reclamador.es\/blog\/wp-content\/uploads\/2016\/04\/Como-reclamar-a-una-compania-telefonica.jpg?fit=1200%2C675&ssl=1&resize=350%2C200 1x, https:\/\/i0.wp.com\/www.reclamador.es\/blog\/wp-content\/uploads\/2016\/04\/Como-reclamar-a-una-compania-telefonica.jpg?fit=1200%2C675&ssl=1&resize=525%2C300 1.5x, https:\/\/i0.wp.com\/www.reclamador.es\/blog\/wp-content\/uploads\/2016\/04\/Como-reclamar-a-una-compania-telefonica.jpg?fit=1200%2C675&ssl=1&resize=700%2C400 2x, https:\/\/i0.wp.com\/www.reclamador.es\/blog\/wp-content\/uploads\/2016\/04\/Como-reclamar-a-una-compania-telefonica.jpg?fit=1200%2C675&ssl=1&resize=1050%2C600 3x"},"classes":[]},{"id":4581,"url":"https:\/\/www.reclamador.es\/blog\/derechos-del-usuario-de-telecomunicaciones\/","url_meta":{"origin":3892,"position":4},"title":"\u00bfCu\u00e1les son los derechos del usuario de telecomunicaciones?","author":"Equipo reclamador","date":"22 julio, 2016","format":false,"excerpt":"En esta gu\u00eda encontrar\u00e1s todo lo necesario para hacer la reclamaci\u00f3n por tu cuenta. Nosotros no tramitamos este tipo de reclamaciones. La alta competencia generada por la introducci\u00f3n de nuevos operadores hacen que se produzcan de forma habitual portabilidades, cambios de tarifas, ofertas que agrupan telefon\u00eda m\u00f3vil, fija, internet e\u2026","rel":"","context":"En \u00abConsejos legales\u00bb","block_context":{"text":"Consejos legales","link":"https:\/\/www.reclamador.es\/blog\/consejos\/"},"img":{"alt_text":"","src":"https:\/\/i0.wp.com\/www.reclamador.es\/blog\/wp-content\/uploads\/2016\/07\/cesar-guadarrama-cantu-207325-1.jpg?fit=1200%2C800&ssl=1&resize=350%2C200","width":350,"height":200,"srcset":"https:\/\/i0.wp.com\/www.reclamador.es\/blog\/wp-content\/uploads\/2016\/07\/cesar-guadarrama-cantu-207325-1.jpg?fit=1200%2C800&ssl=1&resize=350%2C200 1x, https:\/\/i0.wp.com\/www.reclamador.es\/blog\/wp-content\/uploads\/2016\/07\/cesar-guadarrama-cantu-207325-1.jpg?fit=1200%2C800&ssl=1&resize=525%2C300 1.5x, https:\/\/i0.wp.com\/www.reclamador.es\/blog\/wp-content\/uploads\/2016\/07\/cesar-guadarrama-cantu-207325-1.jpg?fit=1200%2C800&ssl=1&resize=700%2C400 2x, https:\/\/i0.wp.com\/www.reclamador.es\/blog\/wp-content\/uploads\/2016\/07\/cesar-guadarrama-cantu-207325-1.jpg?fit=1200%2C800&ssl=1&resize=1050%2C600 3x"},"classes":[]},{"id":26283,"url":"https:\/\/www.reclamador.es\/blog\/tjue-avala-cesion-derechos-reclamar-terceros\/","url_meta":{"origin":3892,"position":5},"title":"Europa avala la cesi\u00f3n de derechos para reclamar por terceros","author":"Equipo reclamador","date":"24 noviembre, 2020","format":false,"excerpt":"El Tribunal de Justicia de la Uni\u00f3n Europea se ha pronunciado sobre la cesi\u00f3n de derechos de cobro de los viajeros que sufren grandes retrasos de vuelos o cancelaciones. La Sentencia dictada por el Tribunal de Justicia de la Uni\u00f3n Europea (TJUE) en la cuesti\u00f3n prejudicial 519\/19 marca un importante\u2026","rel":"","context":"En \u00abNoticias y actualidad\u00bb","block_context":{"text":"Noticias y actualidad","link":"https:\/\/www.reclamador.es\/blog\/noticias\/"},"img":{"alt_text":"sentencia tjue cesion de derechos","src":"https:\/\/i0.wp.com\/www.reclamador.es\/blog\/wp-content\/uploads\/2020\/11\/ryanair-sentencia-europa-cesion-de-derechos-terceros-reclamar.jpg?fit=1200%2C630&ssl=1&resize=350%2C200","width":350,"height":200,"srcset":"https:\/\/i0.wp.com\/www.reclamador.es\/blog\/wp-content\/uploads\/2020\/11\/ryanair-sentencia-europa-cesion-de-derechos-terceros-reclamar.jpg?fit=1200%2C630&ssl=1&resize=350%2C200 1x, https:\/\/i0.wp.com\/www.reclamador.es\/blog\/wp-content\/uploads\/2020\/11\/ryanair-sentencia-europa-cesion-de-derechos-terceros-reclamar.jpg?fit=1200%2C630&ssl=1&resize=525%2C300 1.5x, https:\/\/i0.wp.com\/www.reclamador.es\/blog\/wp-content\/uploads\/2020\/11\/ryanair-sentencia-europa-cesion-de-derechos-terceros-reclamar.jpg?fit=1200%2C630&ssl=1&resize=700%2C400 2x, https:\/\/i0.wp.com\/www.reclamador.es\/blog\/wp-content\/uploads\/2020\/11\/ryanair-sentencia-europa-cesion-de-derechos-terceros-reclamar.jpg?fit=1200%2C630&ssl=1&resize=1050%2C600 3x"},"classes":[]}],"jetpack_sharing_enabled":true,"_links":{"self":[{"href":"https:\/\/www.reclamador.es\/blog\/wp-json\/wp\/v2\/posts\/3892","targetHints":{"allow":["GET"]}}],"collection":[{"href":"https:\/\/www.reclamador.es\/blog\/wp-json\/wp\/v2\/posts"}],"about":[{"href":"https:\/\/www.reclamador.es\/blog\/wp-json\/wp\/v2\/types\/post"}],"author":[{"embeddable":true,"href":"https:\/\/www.reclamador.es\/blog\/wp-json\/wp\/v2\/users\/1"}],"replies":[{"embeddable":true,"href":"https:\/\/www.reclamador.es\/blog\/wp-json\/wp\/v2\/comments?post=3892"}],"version-history":[{"count":19,"href":"https:\/\/www.reclamador.es\/blog\/wp-json\/wp\/v2\/posts\/3892\/revisions"}],"predecessor-version":[{"id":34881,"href":"https:\/\/www.reclamador.es\/blog\/wp-json\/wp\/v2\/posts\/3892\/revisions\/34881"}],"wp:featuredmedia":[{"embeddable":true,"href":"https:\/\/www.reclamador.es\/blog\/wp-json\/wp\/v2\/media\/16313"}],"wp:attachment":[{"href":"https:\/\/www.reclamador.es\/blog\/wp-json\/wp\/v2\/media?parent=3892"}],"wp:term":[{"taxonomy":"category","embeddable":true,"href":"https:\/\/www.reclamador.es\/blog\/wp-json\/wp\/v2\/categories?post=3892"},{"taxonomy":"post_tag","embeddable":true,"href":"https:\/\/www.reclamador.es\/blog\/wp-json\/wp\/v2\/tags?post=3892"}],"curies":[{"name":"wp","href":"https:\/\/api.w.org\/{rel}","templated":true}]}}