{"id":3841,"date":"2016-03-16T10:30:46","date_gmt":"2016-03-16T09:30:46","guid":{"rendered":"https:\/\/www.reclamador.es\/blog\/?p=3841"},"modified":"2024-09-13T12:37:48","modified_gmt":"2024-09-13T10:37:48","slug":"despido-nulo-que-es","status":"publish","type":"post","link":"https:\/\/www.reclamador.es\/blog\/despido-nulo-que-es\/","title":{"rendered":"Despido nulo: \u00bfqu\u00e9 es?"},"content":{"rendered":"<div class=\"ttr_start\"><\/div>\n\n<div class=\"kk-star-ratings kksr-auto kksr-align-right kksr-valign-top\"\n    data-payload='{&quot;align&quot;:&quot;right&quot;,&quot;id&quot;:&quot;3841&quot;,&quot;slug&quot;:&quot;default&quot;,&quot;valign&quot;:&quot;top&quot;,&quot;ignore&quot;:&quot;&quot;,&quot;reference&quot;:&quot;auto&quot;,&quot;class&quot;:&quot;&quot;,&quot;count&quot;:&quot;3&quot;,&quot;legendonly&quot;:&quot;&quot;,&quot;readonly&quot;:&quot;&quot;,&quot;score&quot;:&quot;5&quot;,&quot;starsonly&quot;:&quot;&quot;,&quot;best&quot;:&quot;5&quot;,&quot;gap&quot;:&quot;3&quot;,&quot;greet&quot;:&quot;Valora este art\u00edculo&quot;,&quot;legend&quot;:&quot;5\\\/5 - (3 votos)&quot;,&quot;size&quot;:&quot;20&quot;,&quot;title&quot;:&quot;Despido nulo: \u00bfqu\u00e9 es?&quot;,&quot;width&quot;:&quot;113.5&quot;,&quot;_legend&quot;:&quot;{score}\\\/{best} - ({count} {votes})&quot;,&quot;font_factor&quot;:&quot;1.25&quot;}'>\n            \n<div class=\"kksr-stars\">\n    \n<div class=\"kksr-stars-inactive\">\n            <div class=\"kksr-star\" data-star=\"1\" style=\"padding-right: 3px\">\n            \n\n<div class=\"kksr-icon\" style=\"width: 20px; height: 20px;\"><\/div>\n        <\/div>\n            <div class=\"kksr-star\" data-star=\"2\" style=\"padding-right: 3px\">\n            \n\n<div class=\"kksr-icon\" style=\"width: 20px; height: 20px;\"><\/div>\n        <\/div>\n            <div class=\"kksr-star\" data-star=\"3\" style=\"padding-right: 3px\">\n            \n\n<div class=\"kksr-icon\" style=\"width: 20px; height: 20px;\"><\/div>\n        <\/div>\n            <div class=\"kksr-star\" data-star=\"4\" style=\"padding-right: 3px\">\n            \n\n<div class=\"kksr-icon\" style=\"width: 20px; height: 20px;\"><\/div>\n        <\/div>\n            <div class=\"kksr-star\" data-star=\"5\" style=\"padding-right: 3px\">\n            \n\n<div class=\"kksr-icon\" style=\"width: 20px; height: 20px;\"><\/div>\n        <\/div>\n    <\/div>\n    \n<div class=\"kksr-stars-active\" style=\"width: 113.5px;\">\n            <div class=\"kksr-star\" style=\"padding-right: 3px\">\n            \n\n<div class=\"kksr-icon\" style=\"width: 20px; height: 20px;\"><\/div>\n        <\/div>\n            <div class=\"kksr-star\" style=\"padding-right: 3px\">\n            \n\n<div class=\"kksr-icon\" style=\"width: 20px; height: 20px;\"><\/div>\n        <\/div>\n            <div class=\"kksr-star\" style=\"padding-right: 3px\">\n            \n\n<div class=\"kksr-icon\" style=\"width: 20px; height: 20px;\"><\/div>\n        <\/div>\n            <div class=\"kksr-star\" style=\"padding-right: 3px\">\n            \n\n<div class=\"kksr-icon\" style=\"width: 20px; height: 20px;\"><\/div>\n        <\/div>\n            <div class=\"kksr-star\" style=\"padding-right: 3px\">\n            \n\n<div class=\"kksr-icon\" style=\"width: 20px; height: 20px;\"><\/div>\n        <\/div>\n    <\/div>\n<\/div>\n                \n\n<div class=\"kksr-legend\" style=\"font-size: 16px;\">\n            5\/5 - (3 votos)    <\/div>\n    <\/div>\n<figure>\n<p><figure id=\"attachment_32809\" aria-describedby=\"caption-attachment-32809\" style=\"width: 1200px\" class=\"wp-caption aligncenter\"><img data-recalc-dims=\"1\" loading=\"lazy\" decoding=\"async\" class=\"size-full wp-image-32809\" src=\"https:\/\/i0.wp.com\/www.reclamador.es\/blog\/wp-content\/uploads\/2016\/03\/ai-generated-8694039_1280-despido-nulo.jpg?resize=1200%2C630&#038;ssl=1\" alt=\"fases para que un despido se considere como nulo\" width=\"1200\" height=\"630\" srcset=\"https:\/\/i0.wp.com\/www.reclamador.es\/blog\/wp-content\/uploads\/2016\/03\/ai-generated-8694039_1280-despido-nulo.jpg?w=1200&amp;ssl=1 1200w, https:\/\/i0.wp.com\/www.reclamador.es\/blog\/wp-content\/uploads\/2016\/03\/ai-generated-8694039_1280-despido-nulo.jpg?resize=800%2C420&amp;ssl=1 800w, https:\/\/i0.wp.com\/www.reclamador.es\/blog\/wp-content\/uploads\/2016\/03\/ai-generated-8694039_1280-despido-nulo.jpg?resize=150%2C79&amp;ssl=1 150w, https:\/\/i0.wp.com\/www.reclamador.es\/blog\/wp-content\/uploads\/2016\/03\/ai-generated-8694039_1280-despido-nulo.jpg?resize=768%2C403&amp;ssl=1 768w\" sizes=\"auto, (max-width: 1000px) 100vw, 1000px\" \/><figcaption id=\"caption-attachment-32809\" class=\"wp-caption-text\"><em>Despido nulo<\/em><\/figcaption><\/figure><\/figure>\n<p>En la situaci\u00f3n econ\u00f3mica actual en la que nos encontramos en la que los <strong>despidos est\u00e1n al orden del d\u00eda<\/strong>, tenemos que estar atentos sobre cu\u00e1les son <strong>nuestros derechos<\/strong> en materia laboral. En este sentido, nada mejor que comenzar por conocer los <a href=\"https:\/\/www.reclamador.es\/blog\/despido-procedente-o-improcedente-tipos-despido\/\"><strong>tipos de despedido<\/strong><\/a> que existen. As\u00ed, en este post vamos a comenzar explicando <strong>qu\u00e9 es el <a href=\"https:\/\/www.reclamador.es\/blog\/despido-nulo-causas-y-consecuencias\/\">despido nulo<\/a><\/strong>, qu\u00e9 fases hay que realizar para conseguir que un despido sea considerado nulo y qu\u00e9 consecuencias tiene. \u00a1Comenzamos!<\/p>\n<p>Hay que tener en cuenta que el despido nulo es <strong>uno de los tipos de despido m\u00e1s extendidos<\/strong> en nuestro pa\u00eds. Para que un despido sea definitivamente declarado nulo, debe intervenir una sentencia judicial que as\u00ed lo atestig\u00fce tras la exposici\u00f3n de cada parte: empresa y trabajador.<\/p>\n<h2>Fases hasta llegar a un despido nulo<\/h2>\n<p>Hasta llegar a conseguir que nuestro despido sea considerado nulo hay que realizar una serie de fases. Son las siguientes:<\/p>\n<ol>\n<li><strong>Carta de la empresa:<\/strong><strong>\u00a0<\/strong>La compa\u00f1\u00eda debe hacer saber al empleado su intenci\u00f3n de despedirle a trav\u00e9s de una <strong>comunicaci\u00f3n<\/strong> que incluya la <strong>fecha<\/strong> en la que se facilita y, si no se trata de un despido autom\u00e1tico, la fecha en la que obliga al trabajador a desligarse definitivamente de la misma. Asimismo, debe arrojar una <strong>explicaci\u00f3n<\/strong> de los hechos que motivan la <strong>decisi\u00f3n de despido<\/strong>. En este caso, el trabajador firmar\u00e1 y escribir\u00e1 <strong>\u201c<em>no conforme<\/em>\u201d,<\/strong> tanto en la carta como en el finiquito (si este tambi\u00e9n es proporcionado), reserv\u00e1ndose el derecho a llevar a cabo las siguientes reclamaciones.<\/li>\n<\/ol>\n<ol start=\"2\">\n<li><strong>Papeleta de conciliaci\u00f3n:<\/strong> El trabajador tiene <strong>20 d\u00edas<\/strong> (no cuentan s\u00e1bados, domingos ni festivos) desde el momento en que es despedido para acudir a la magistratura laboral e interponer a sus empleadores una <strong>papeleta de conciliaci\u00f3n<\/strong>. A continuaci\u00f3n, la Administraci\u00f3n convocar\u00e1 a las partes y fijar\u00e1 una <strong>vista<\/strong> con el objetivo de <strong>alcanzar un acuerdo<\/strong> y evitar llegar a un juicio. En este caso, conviene que el empleado se haya puesto previamente en manos de abogados laboralistas o diplomados en relaciones laborales, los cuales habr\u00e1n tratado de negociar las condiciones del despido previamente con la empresa protagonista. Si no es posible rubricar la vista con un acuerdo que contente a las dos partes, el empleado despedido deber\u00e1 tramitar el proceso para enjuiciar la decisi\u00f3n de la compa\u00f1\u00eda.<\/li>\n<\/ol>\n<ol start=\"3\">\n<li><strong>Juicio:<\/strong> Llegado el momento, un <strong>juez determinar\u00e1 si el despido es procedente<\/strong>, <strong>improcedente o nulo<\/strong>. En este \u00faltimo caso, las principales razones que motivan su declaraci\u00f3n es que el magistrado observe <strong>actos discriminatorios<\/strong>, como por ejemplo:<\/li>\n<\/ol>\n<ul>\n<li>Mujeres embarazadas.<\/li>\n<li>Trabajadores que soliciten una excedencia.<\/li>\n<li>Mujeres que piden la reducci\u00f3n de jornada por lactancia.<\/li>\n<li>Trabajadores discriminados por g\u00e9nero, orientaci\u00f3n sexual o raza.<\/li>\n<li>Afectados por un despido colectivo.<\/li>\n<\/ul>\n<p>Casos, todos ellos, que nunca pueden motivar la p\u00e9rdida de una posici\u00f3n de trabajo y que, por tanto, anular\u00e1n autom\u00e1ticamente el despido. Un despido tambi\u00e9n se declarar\u00e1 nulo cuando se hayan <strong>incumplido o no cumplido con todo el rigor<\/strong> los <strong>requisitos formales y legales<\/strong> que se establecen.<\/p>\n<h2 style=\"text-align: left;\">Consecuencias del despido nulo<\/h2>\n<p>Las <strong>principales consecuencias<\/strong> de que un despido sea considerado nulo son:<\/p>\n<ul>\n<li>La <strong>readmisi\u00f3n<\/strong> en su puesto de trabajo<\/li>\n<li><strong>Mantenimiento de la categor\u00eda<\/strong> ostentada antes del despido.<\/li>\n<li><strong>Pago de los \u201csalarios de tramitaci\u00f3n\u201d<\/strong>: son aquellos salarios que el trabajador no ha percibido desde el despido hasta la reincorporaci\u00f3n a la plantilla.<\/li>\n<\/ul>\n<div class=\"ttr_end\"><\/div>","protected":false},"excerpt":{"rendered":"<p>En la situaci\u00f3n econ\u00f3mica actual en la que nos encontramos en la que los despidos est\u00e1n al orden del d\u00eda, tenemos que estar atentos sobre cu\u00e1les son nuestros derechos en materia laboral. En este sentido, nada mejor que comenzar por conocer los tipos de despedido que existen. As\u00ed, en este post vamos a comenzar explicando [&hellip;]<\/p>\n","protected":false},"author":1,"featured_media":32809,"comment_status":"open","ping_status":"open","sticky":false,"template":"","format":"standard","meta":{"_acf_changed":false,"_genesis_hide_title":false,"_genesis_hide_breadcrumbs":false,"_genesis_hide_singular_image":false,"_genesis_hide_footer_widgets":false,"_genesis_custom_body_class":"","_genesis_custom_post_class":"","_genesis_layout":"","_jetpack_newsletter_access":"","_jetpack_dont_email_post_to_subs":true,"_jetpack_newsletter_tier_id":0,"_jetpack_memberships_contains_paywalled_content":false,"_jetpack_memberships_contains_paid_content":false,"footnotes":""},"categories":[393],"tags":[266],"class_list":{"0":"post-3841","1":"post","2":"type-post","3":"status-publish","4":"format-standard","5":"has-post-thumbnail","7":"category-consejos","8":"tag-laboral","9":"entry"},"acf":[],"yoast_head":"<!-- This site is optimized with the Yoast SEO plugin v27.4 - https:\/\/yoast.com\/product\/yoast-seo-wordpress\/ -->\n<title>Fases hasta que se considera un despido nulo<\/title>\n<meta name=\"description\" content=\"\u00bfTe han despedido y crees que ha sido discriminatorio y puede ser declarado nulo? Descubre qu\u00e9 es un despido nulo y sus consecuencias.\" \/>\n<meta name=\"robots\" content=\"index, follow, max-snippet:-1, max-image-preview:large, max-video-preview:-1\" \/>\n<link rel=\"canonical\" href=\"https:\/\/www.reclamador.es\/blog\/despido-nulo-que-es\/\" \/>\n<meta property=\"og:locale\" content=\"es_ES\" \/>\n<meta property=\"og:type\" content=\"article\" \/>\n<meta property=\"og:title\" content=\"Fases hasta que se considera un despido nulo\" \/>\n<meta property=\"og:description\" content=\"\u00bfTe han despedido y crees que ha sido discriminatorio y puede ser declarado nulo? Descubre qu\u00e9 es un despido nulo y sus consecuencias.\" \/>\n<meta property=\"og:url\" content=\"https:\/\/www.reclamador.es\/blog\/despido-nulo-que-es\/\" \/>\n<meta property=\"og:site_name\" content=\"Rebeldes con causa, el blog de reclamador.es\" \/>\n<meta property=\"article:publisher\" content=\"https:\/\/www.facebook.com\/reclamador.es\" \/>\n<meta property=\"article:published_time\" content=\"2016-03-16T09:30:46+00:00\" \/>\n<meta property=\"article:modified_time\" content=\"2024-09-13T10:37:48+00:00\" \/>\n<meta property=\"og:image\" content=\"https:\/\/www.reclamador.es\/blog\/wp-content\/uploads\/2016\/03\/ai-generated-8694039_1280-despido-nulo.jpg\" \/>\n\t<meta property=\"og:image:width\" content=\"1200\" \/>\n\t<meta property=\"og:image:height\" content=\"630\" \/>\n\t<meta property=\"og:image:type\" content=\"image\/jpeg\" \/>\n<meta name=\"author\" content=\"Equipo reclamador\" \/>\n<meta name=\"twitter:card\" content=\"summary_large_image\" \/>\n<meta name=\"twitter:creator\" content=\"@reclamador\" \/>\n<meta name=\"twitter:site\" content=\"@reclamador\" \/>\n<meta name=\"twitter:label1\" content=\"Escrito por\" \/>\n\t<meta name=\"twitter:data1\" content=\"Equipo reclamador\" \/>\n\t<meta name=\"twitter:label2\" content=\"Tiempo de lectura\" \/>\n\t<meta name=\"twitter:data2\" content=\"3 minutos\" \/>\n<script type=\"application\/ld+json\" class=\"yoast-schema-graph\">{\"@context\":\"https:\\\/\\\/schema.org\",\"@graph\":[{\"@type\":\"Article\",\"@id\":\"https:\\\/\\\/www.reclamador.es\\\/blog\\\/despido-nulo-que-es\\\/#article\",\"isPartOf\":{\"@id\":\"https:\\\/\\\/www.reclamador.es\\\/blog\\\/despido-nulo-que-es\\\/\"},\"author\":{\"name\":\"Equipo reclamador\",\"@id\":\"https:\\\/\\\/www.reclamador.es\\\/blog\\\/#\\\/schema\\\/person\\\/1ed83eef8b6566cb5e4c812d9bc5c4bf\"},\"headline\":\"Despido nulo: \u00bfqu\u00e9 es?\",\"datePublished\":\"2016-03-16T09:30:46+00:00\",\"dateModified\":\"2024-09-13T10:37:48+00:00\",\"mainEntityOfPage\":{\"@id\":\"https:\\\/\\\/www.reclamador.es\\\/blog\\\/despido-nulo-que-es\\\/\"},\"wordCount\":596,\"commentCount\":0,\"publisher\":{\"@id\":\"https:\\\/\\\/www.reclamador.es\\\/blog\\\/#organization\"},\"image\":{\"@id\":\"https:\\\/\\\/www.reclamador.es\\\/blog\\\/despido-nulo-que-es\\\/#primaryimage\"},\"thumbnailUrl\":\"https:\\\/\\\/i0.wp.com\\\/www.reclamador.es\\\/blog\\\/wp-content\\\/uploads\\\/2016\\\/03\\\/ai-generated-8694039_1280-despido-nulo.jpg?fit=1200%2C630&ssl=1\",\"keywords\":[\"laboral\"],\"articleSection\":[\"Consejos legales\"],\"inLanguage\":\"es\",\"potentialAction\":[{\"@type\":\"CommentAction\",\"name\":\"Comment\",\"target\":[\"https:\\\/\\\/www.reclamador.es\\\/blog\\\/despido-nulo-que-es\\\/#respond\"]}]},{\"@type\":\"WebPage\",\"@id\":\"https:\\\/\\\/www.reclamador.es\\\/blog\\\/despido-nulo-que-es\\\/\",\"url\":\"https:\\\/\\\/www.reclamador.es\\\/blog\\\/despido-nulo-que-es\\\/\",\"name\":\"Fases hasta que se considera un despido nulo\",\"isPartOf\":{\"@id\":\"https:\\\/\\\/www.reclamador.es\\\/blog\\\/#website\"},\"primaryImageOfPage\":{\"@id\":\"https:\\\/\\\/www.reclamador.es\\\/blog\\\/despido-nulo-que-es\\\/#primaryimage\"},\"image\":{\"@id\":\"https:\\\/\\\/www.reclamador.es\\\/blog\\\/despido-nulo-que-es\\\/#primaryimage\"},\"thumbnailUrl\":\"https:\\\/\\\/i0.wp.com\\\/www.reclamador.es\\\/blog\\\/wp-content\\\/uploads\\\/2016\\\/03\\\/ai-generated-8694039_1280-despido-nulo.jpg?fit=1200%2C630&ssl=1\",\"datePublished\":\"2016-03-16T09:30:46+00:00\",\"dateModified\":\"2024-09-13T10:37:48+00:00\",\"description\":\"\u00bfTe han despedido y crees que ha sido discriminatorio y puede ser declarado nulo? Descubre qu\u00e9 es un despido nulo y sus consecuencias.\",\"breadcrumb\":{\"@id\":\"https:\\\/\\\/www.reclamador.es\\\/blog\\\/despido-nulo-que-es\\\/#breadcrumb\"},\"inLanguage\":\"es\",\"potentialAction\":[{\"@type\":\"ReadAction\",\"target\":[\"https:\\\/\\\/www.reclamador.es\\\/blog\\\/despido-nulo-que-es\\\/\"]}]},{\"@type\":\"ImageObject\",\"inLanguage\":\"es\",\"@id\":\"https:\\\/\\\/www.reclamador.es\\\/blog\\\/despido-nulo-que-es\\\/#primaryimage\",\"url\":\"https:\\\/\\\/i0.wp.com\\\/www.reclamador.es\\\/blog\\\/wp-content\\\/uploads\\\/2016\\\/03\\\/ai-generated-8694039_1280-despido-nulo.jpg?fit=1200%2C630&ssl=1\",\"contentUrl\":\"https:\\\/\\\/i0.wp.com\\\/www.reclamador.es\\\/blog\\\/wp-content\\\/uploads\\\/2016\\\/03\\\/ai-generated-8694039_1280-despido-nulo.jpg?fit=1200%2C630&ssl=1\",\"width\":1200,\"height\":630,\"caption\":\"Despido nulo\"},{\"@type\":\"BreadcrumbList\",\"@id\":\"https:\\\/\\\/www.reclamador.es\\\/blog\\\/despido-nulo-que-es\\\/#breadcrumb\",\"itemListElement\":[{\"@type\":\"ListItem\",\"position\":1,\"name\":\"Portada\",\"item\":\"https:\\\/\\\/www.reclamador.es\\\/blog\\\/\"},{\"@type\":\"ListItem\",\"position\":2,\"name\":\"Despido nulo: \u00bfqu\u00e9 es?\"}]},{\"@type\":\"WebSite\",\"@id\":\"https:\\\/\\\/www.reclamador.es\\\/blog\\\/#website\",\"url\":\"https:\\\/\\\/www.reclamador.es\\\/blog\\\/\",\"name\":\"Rebeldes con causa, el blog de reclamador.es\",\"description\":\"Noticias, entrevistas y consejos sobre reclamaciones\",\"publisher\":{\"@id\":\"https:\\\/\\\/www.reclamador.es\\\/blog\\\/#organization\"},\"potentialAction\":[{\"@type\":\"SearchAction\",\"target\":{\"@type\":\"EntryPoint\",\"urlTemplate\":\"https:\\\/\\\/www.reclamador.es\\\/blog\\\/?s={search_term_string}\"},\"query-input\":{\"@type\":\"PropertyValueSpecification\",\"valueRequired\":true,\"valueName\":\"search_term_string\"}}],\"inLanguage\":\"es\"},{\"@type\":\"Organization\",\"@id\":\"https:\\\/\\\/www.reclamador.es\\\/blog\\\/#organization\",\"name\":\"reclamador.es\",\"url\":\"https:\\\/\\\/www.reclamador.es\\\/blog\\\/\",\"logo\":{\"@type\":\"ImageObject\",\"inLanguage\":\"es\",\"@id\":\"https:\\\/\\\/www.reclamador.es\\\/blog\\\/#\\\/schema\\\/logo\\\/image\\\/\",\"url\":\"https:\\\/\\\/i0.wp.com\\\/www.reclamador.es\\\/blog\\\/wp-content\\\/uploads\\\/2020\\\/01\\\/logo-reclamador.png?fit=1200%2C144&ssl=1\",\"contentUrl\":\"https:\\\/\\\/i0.wp.com\\\/www.reclamador.es\\\/blog\\\/wp-content\\\/uploads\\\/2020\\\/01\\\/logo-reclamador.png?fit=1200%2C144&ssl=1\",\"width\":1200,\"height\":144,\"caption\":\"reclamador.es\"},\"image\":{\"@id\":\"https:\\\/\\\/www.reclamador.es\\\/blog\\\/#\\\/schema\\\/logo\\\/image\\\/\"},\"sameAs\":[\"https:\\\/\\\/www.facebook.com\\\/reclamador.es\",\"https:\\\/\\\/x.com\\\/reclamador\",\"https:\\\/\\\/www.instagram.com\\\/reclamador.es\\\/\",\"https:\\\/\\\/www.linkedin.com\\\/company\\\/reclamador-es\",\"https:\\\/\\\/www.youtube.com\\\/user\\\/Reclamadores\"]},{\"@type\":\"Person\",\"@id\":\"https:\\\/\\\/www.reclamador.es\\\/blog\\\/#\\\/schema\\\/person\\\/1ed83eef8b6566cb5e4c812d9bc5c4bf\",\"name\":\"Equipo reclamador\",\"image\":{\"@type\":\"ImageObject\",\"inLanguage\":\"es\",\"@id\":\"https:\\\/\\\/secure.gravatar.com\\\/avatar\\\/6442ecdc2c4472c600c113f34d340feca47107d6aa4f42f1e3e75a2a8e28a760?s=96&d=mm&r=g\",\"url\":\"https:\\\/\\\/secure.gravatar.com\\\/avatar\\\/6442ecdc2c4472c600c113f34d340feca47107d6aa4f42f1e3e75a2a8e28a760?s=96&d=mm&r=g\",\"contentUrl\":\"https:\\\/\\\/secure.gravatar.com\\\/avatar\\\/6442ecdc2c4472c600c113f34d340feca47107d6aa4f42f1e3e75a2a8e28a760?s=96&d=mm&r=g\",\"caption\":\"Equipo reclamador\"},\"description\":\"Las personas que hacen posible reclamador.es\",\"url\":\"https:\\\/\\\/www.reclamador.es\\\/blog\\\/author\\\/administrador\\\/\"}]}<\/script>\n<!-- \/ Yoast SEO plugin. -->","yoast_head_json":{"title":"Fases hasta que se considera un despido nulo","description":"\u00bfTe han despedido y crees que ha sido discriminatorio y puede ser declarado nulo? Descubre qu\u00e9 es un despido nulo y sus consecuencias.","robots":{"index":"index","follow":"follow","max-snippet":"max-snippet:-1","max-image-preview":"max-image-preview:large","max-video-preview":"max-video-preview:-1"},"canonical":"https:\/\/www.reclamador.es\/blog\/despido-nulo-que-es\/","og_locale":"es_ES","og_type":"article","og_title":"Fases hasta que se considera un despido nulo","og_description":"\u00bfTe han despedido y crees que ha sido discriminatorio y puede ser declarado nulo? Descubre qu\u00e9 es un despido nulo y sus consecuencias.","og_url":"https:\/\/www.reclamador.es\/blog\/despido-nulo-que-es\/","og_site_name":"Rebeldes con causa, el blog de reclamador.es","article_publisher":"https:\/\/www.facebook.com\/reclamador.es","article_published_time":"2016-03-16T09:30:46+00:00","article_modified_time":"2024-09-13T10:37:48+00:00","og_image":[{"width":1200,"height":630,"url":"https:\/\/www.reclamador.es\/blog\/wp-content\/uploads\/2016\/03\/ai-generated-8694039_1280-despido-nulo.jpg","type":"image\/jpeg"}],"author":"Equipo reclamador","twitter_card":"summary_large_image","twitter_creator":"@reclamador","twitter_site":"@reclamador","twitter_misc":{"Escrito por":"Equipo reclamador","Tiempo de lectura":"3 minutos"},"schema":{"@context":"https:\/\/schema.org","@graph":[{"@type":"Article","@id":"https:\/\/www.reclamador.es\/blog\/despido-nulo-que-es\/#article","isPartOf":{"@id":"https:\/\/www.reclamador.es\/blog\/despido-nulo-que-es\/"},"author":{"name":"Equipo reclamador","@id":"https:\/\/www.reclamador.es\/blog\/#\/schema\/person\/1ed83eef8b6566cb5e4c812d9bc5c4bf"},"headline":"Despido nulo: \u00bfqu\u00e9 es?","datePublished":"2016-03-16T09:30:46+00:00","dateModified":"2024-09-13T10:37:48+00:00","mainEntityOfPage":{"@id":"https:\/\/www.reclamador.es\/blog\/despido-nulo-que-es\/"},"wordCount":596,"commentCount":0,"publisher":{"@id":"https:\/\/www.reclamador.es\/blog\/#organization"},"image":{"@id":"https:\/\/www.reclamador.es\/blog\/despido-nulo-que-es\/#primaryimage"},"thumbnailUrl":"https:\/\/i0.wp.com\/www.reclamador.es\/blog\/wp-content\/uploads\/2016\/03\/ai-generated-8694039_1280-despido-nulo.jpg?fit=1200%2C630&ssl=1","keywords":["laboral"],"articleSection":["Consejos legales"],"inLanguage":"es","potentialAction":[{"@type":"CommentAction","name":"Comment","target":["https:\/\/www.reclamador.es\/blog\/despido-nulo-que-es\/#respond"]}]},{"@type":"WebPage","@id":"https:\/\/www.reclamador.es\/blog\/despido-nulo-que-es\/","url":"https:\/\/www.reclamador.es\/blog\/despido-nulo-que-es\/","name":"Fases hasta que se considera un despido nulo","isPartOf":{"@id":"https:\/\/www.reclamador.es\/blog\/#website"},"primaryImageOfPage":{"@id":"https:\/\/www.reclamador.es\/blog\/despido-nulo-que-es\/#primaryimage"},"image":{"@id":"https:\/\/www.reclamador.es\/blog\/despido-nulo-que-es\/#primaryimage"},"thumbnailUrl":"https:\/\/i0.wp.com\/www.reclamador.es\/blog\/wp-content\/uploads\/2016\/03\/ai-generated-8694039_1280-despido-nulo.jpg?fit=1200%2C630&ssl=1","datePublished":"2016-03-16T09:30:46+00:00","dateModified":"2024-09-13T10:37:48+00:00","description":"\u00bfTe han despedido y crees que ha sido discriminatorio y puede ser declarado nulo? Descubre qu\u00e9 es un despido nulo y sus consecuencias.","breadcrumb":{"@id":"https:\/\/www.reclamador.es\/blog\/despido-nulo-que-es\/#breadcrumb"},"inLanguage":"es","potentialAction":[{"@type":"ReadAction","target":["https:\/\/www.reclamador.es\/blog\/despido-nulo-que-es\/"]}]},{"@type":"ImageObject","inLanguage":"es","@id":"https:\/\/www.reclamador.es\/blog\/despido-nulo-que-es\/#primaryimage","url":"https:\/\/i0.wp.com\/www.reclamador.es\/blog\/wp-content\/uploads\/2016\/03\/ai-generated-8694039_1280-despido-nulo.jpg?fit=1200%2C630&ssl=1","contentUrl":"https:\/\/i0.wp.com\/www.reclamador.es\/blog\/wp-content\/uploads\/2016\/03\/ai-generated-8694039_1280-despido-nulo.jpg?fit=1200%2C630&ssl=1","width":1200,"height":630,"caption":"Despido nulo"},{"@type":"BreadcrumbList","@id":"https:\/\/www.reclamador.es\/blog\/despido-nulo-que-es\/#breadcrumb","itemListElement":[{"@type":"ListItem","position":1,"name":"Portada","item":"https:\/\/www.reclamador.es\/blog\/"},{"@type":"ListItem","position":2,"name":"Despido nulo: \u00bfqu\u00e9 es?"}]},{"@type":"WebSite","@id":"https:\/\/www.reclamador.es\/blog\/#website","url":"https:\/\/www.reclamador.es\/blog\/","name":"Rebeldes con causa, el blog de reclamador.es","description":"Noticias, entrevistas y consejos sobre reclamaciones","publisher":{"@id":"https:\/\/www.reclamador.es\/blog\/#organization"},"potentialAction":[{"@type":"SearchAction","target":{"@type":"EntryPoint","urlTemplate":"https:\/\/www.reclamador.es\/blog\/?s={search_term_string}"},"query-input":{"@type":"PropertyValueSpecification","valueRequired":true,"valueName":"search_term_string"}}],"inLanguage":"es"},{"@type":"Organization","@id":"https:\/\/www.reclamador.es\/blog\/#organization","name":"reclamador.es","url":"https:\/\/www.reclamador.es\/blog\/","logo":{"@type":"ImageObject","inLanguage":"es","@id":"https:\/\/www.reclamador.es\/blog\/#\/schema\/logo\/image\/","url":"https:\/\/i0.wp.com\/www.reclamador.es\/blog\/wp-content\/uploads\/2020\/01\/logo-reclamador.png?fit=1200%2C144&ssl=1","contentUrl":"https:\/\/i0.wp.com\/www.reclamador.es\/blog\/wp-content\/uploads\/2020\/01\/logo-reclamador.png?fit=1200%2C144&ssl=1","width":1200,"height":144,"caption":"reclamador.es"},"image":{"@id":"https:\/\/www.reclamador.es\/blog\/#\/schema\/logo\/image\/"},"sameAs":["https:\/\/www.facebook.com\/reclamador.es","https:\/\/x.com\/reclamador","https:\/\/www.instagram.com\/reclamador.es\/","https:\/\/www.linkedin.com\/company\/reclamador-es","https:\/\/www.youtube.com\/user\/Reclamadores"]},{"@type":"Person","@id":"https:\/\/www.reclamador.es\/blog\/#\/schema\/person\/1ed83eef8b6566cb5e4c812d9bc5c4bf","name":"Equipo reclamador","image":{"@type":"ImageObject","inLanguage":"es","@id":"https:\/\/secure.gravatar.com\/avatar\/6442ecdc2c4472c600c113f34d340feca47107d6aa4f42f1e3e75a2a8e28a760?s=96&d=mm&r=g","url":"https:\/\/secure.gravatar.com\/avatar\/6442ecdc2c4472c600c113f34d340feca47107d6aa4f42f1e3e75a2a8e28a760?s=96&d=mm&r=g","contentUrl":"https:\/\/secure.gravatar.com\/avatar\/6442ecdc2c4472c600c113f34d340feca47107d6aa4f42f1e3e75a2a8e28a760?s=96&d=mm&r=g","caption":"Equipo reclamador"},"description":"Las personas que hacen posible reclamador.es","url":"https:\/\/www.reclamador.es\/blog\/author\/administrador\/"}]}},"jetpack_featured_media_url":"https:\/\/i0.wp.com\/www.reclamador.es\/blog\/wp-content\/uploads\/2016\/03\/ai-generated-8694039_1280-despido-nulo.jpg?fit=1200%2C630&ssl=1","jetpack-related-posts":[{"id":4229,"url":"https:\/\/www.reclamador.es\/blog\/despido-nulo-causas-y-consecuencias\/","url_meta":{"origin":3841,"position":0},"title":"Despido Nulo \u00a1Causas y Consecuencias!","author":"Equipo reclamador","date":"1 junio, 2016","format":false,"excerpt":"Cuando se produce el despido de un empleado, dicho despido puede ser calificado de procedente, si la decisi\u00f3n se ha tomado por causas correctamente justificadas; de improcedente, si no se han cumplido los requisitos formales o no est\u00e1 adecuadamente argumentado; o despido nulo. En este post, nos vamos a centrar\u2026","rel":"","context":"En \u00abConsejos legales\u00bb","block_context":{"text":"Consejos legales","link":"https:\/\/www.reclamador.es\/blog\/consejos\/"},"img":{"alt_text":"despido nulo","src":"https:\/\/i0.wp.com\/www.reclamador.es\/blog\/wp-content\/uploads\/2016\/06\/guia-despido-nulo-reclamador.jpg?fit=1200%2C630&ssl=1&resize=350%2C200","width":350,"height":200,"srcset":"https:\/\/i0.wp.com\/www.reclamador.es\/blog\/wp-content\/uploads\/2016\/06\/guia-despido-nulo-reclamador.jpg?fit=1200%2C630&ssl=1&resize=350%2C200 1x, https:\/\/i0.wp.com\/www.reclamador.es\/blog\/wp-content\/uploads\/2016\/06\/guia-despido-nulo-reclamador.jpg?fit=1200%2C630&ssl=1&resize=525%2C300 1.5x, https:\/\/i0.wp.com\/www.reclamador.es\/blog\/wp-content\/uploads\/2016\/06\/guia-despido-nulo-reclamador.jpg?fit=1200%2C630&ssl=1&resize=700%2C400 2x, https:\/\/i0.wp.com\/www.reclamador.es\/blog\/wp-content\/uploads\/2016\/06\/guia-despido-nulo-reclamador.jpg?fit=1200%2C630&ssl=1&resize=1050%2C600 3x"},"classes":[]},{"id":22658,"url":"https:\/\/www.reclamador.es\/blog\/que-son-los-salarios-de-tramitacion\/","url_meta":{"origin":3841,"position":1},"title":"\u00bfQu\u00e9 son los salarios de tramitaci\u00f3n?","author":"Equipo reclamador","date":"16 noviembre, 2021","format":false,"excerpt":"Cuando un juez declara un despido como improcedente, el empresario tiene dos opciones. La primera de ellas es abonar la indemnizaci\u00f3n por despido improcedente fijada por ley. Con esto, ese trabajador deja de formar parte de la plantilla de la compa\u00f1\u00eda. O bien, tiene la alternativa de readmitir al trabajador\u2026","rel":"","context":"En \u00abConsejos legales\u00bb","block_context":{"text":"Consejos legales","link":"https:\/\/www.reclamador.es\/blog\/consejos\/"},"img":{"alt_text":"abogados laborales - salarios de tramitacion","src":"https:\/\/i0.wp.com\/www.reclamador.es\/blog\/wp-content\/uploads\/2019\/08\/salarios-de-tramitacion-abogados-laborales.jpg?fit=1200%2C686&ssl=1&resize=350%2C200","width":350,"height":200,"srcset":"https:\/\/i0.wp.com\/www.reclamador.es\/blog\/wp-content\/uploads\/2019\/08\/salarios-de-tramitacion-abogados-laborales.jpg?fit=1200%2C686&ssl=1&resize=350%2C200 1x, https:\/\/i0.wp.com\/www.reclamador.es\/blog\/wp-content\/uploads\/2019\/08\/salarios-de-tramitacion-abogados-laborales.jpg?fit=1200%2C686&ssl=1&resize=525%2C300 1.5x, https:\/\/i0.wp.com\/www.reclamador.es\/blog\/wp-content\/uploads\/2019\/08\/salarios-de-tramitacion-abogados-laborales.jpg?fit=1200%2C686&ssl=1&resize=700%2C400 2x, https:\/\/i0.wp.com\/www.reclamador.es\/blog\/wp-content\/uploads\/2019\/08\/salarios-de-tramitacion-abogados-laborales.jpg?fit=1200%2C686&ssl=1&resize=1050%2C600 3x"},"classes":[]},{"id":6300,"url":"https:\/\/www.reclamador.es\/blog\/despido-procedente-o-improcedente-tipos-despido\/","url_meta":{"origin":3841,"position":2},"title":"Conoce los tipos de despido que existen en Espa\u00f1a","author":"Equipo reclamador","date":"22 febrero, 2019","format":false,"excerpt":"*Contenido revisado septiembre 2022 En otro post de nuestro blog, os dej\u00e1bamos un art\u00edculo con tres consejos muy b\u00e1sicos en el que os cont\u00e1bamos qu\u00e9 hacer si te despiden. Somos conscientes de que existe mucha confusi\u00f3n sobre los tipos de despido y lo que implica cada uno. Por eso hoy\u2026","rel":"","context":"En \u00abConsejos legales\u00bb","block_context":{"text":"Consejos legales","link":"https:\/\/www.reclamador.es\/blog\/consejos\/"},"img":{"alt_text":"","src":"https:\/\/i0.wp.com\/www.reclamador.es\/blog\/wp-content\/uploads\/2017\/02\/GettyImages-522795920-min.jpg?fit=1200%2C600&ssl=1&resize=350%2C200","width":350,"height":200,"srcset":"https:\/\/i0.wp.com\/www.reclamador.es\/blog\/wp-content\/uploads\/2017\/02\/GettyImages-522795920-min.jpg?fit=1200%2C600&ssl=1&resize=350%2C200 1x, https:\/\/i0.wp.com\/www.reclamador.es\/blog\/wp-content\/uploads\/2017\/02\/GettyImages-522795920-min.jpg?fit=1200%2C600&ssl=1&resize=525%2C300 1.5x, https:\/\/i0.wp.com\/www.reclamador.es\/blog\/wp-content\/uploads\/2017\/02\/GettyImages-522795920-min.jpg?fit=1200%2C600&ssl=1&resize=700%2C400 2x, https:\/\/i0.wp.com\/www.reclamador.es\/blog\/wp-content\/uploads\/2017\/02\/GettyImages-522795920-min.jpg?fit=1200%2C600&ssl=1&resize=1050%2C600 3x"},"classes":[]},{"id":4322,"url":"https:\/\/www.reclamador.es\/blog\/principales-tipos-demandas-laborales\/","url_meta":{"origin":3841,"position":3},"title":"Cosas a saber de las demandas laborales despu\u00e9s de un despido","author":"Equipo reclamador","date":"22 junio, 2016","format":false,"excerpt":"El despido laboral es la forma en que se rescinde una relaci\u00f3n profesional entre un empresario y el empleado mediante la decisi\u00f3n unilateral del primero. Precisamente, para evitar situaciones de desigualdad, el Estatuto de los Trabajadores establece distintas tipolog\u00edas de despido. Por ello, tambi\u00e9n existen distintos tipos de demandas laborales,\u2026","rel":"","context":"En \u00abConsejos legales\u00bb","block_context":{"text":"Consejos legales","link":"https:\/\/www.reclamador.es\/blog\/consejos\/"},"img":{"alt_text":"trabajador - Demandas laborales ante un despido","src":"https:\/\/i0.wp.com\/www.reclamador.es\/blog\/wp-content\/uploads\/2016\/06\/demandas-laborales-trabajadores-ante-despido.jpg?fit=1200%2C630&ssl=1&resize=350%2C200","width":350,"height":200,"srcset":"https:\/\/i0.wp.com\/www.reclamador.es\/blog\/wp-content\/uploads\/2016\/06\/demandas-laborales-trabajadores-ante-despido.jpg?fit=1200%2C630&ssl=1&resize=350%2C200 1x, https:\/\/i0.wp.com\/www.reclamador.es\/blog\/wp-content\/uploads\/2016\/06\/demandas-laborales-trabajadores-ante-despido.jpg?fit=1200%2C630&ssl=1&resize=525%2C300 1.5x, https:\/\/i0.wp.com\/www.reclamador.es\/blog\/wp-content\/uploads\/2016\/06\/demandas-laborales-trabajadores-ante-despido.jpg?fit=1200%2C630&ssl=1&resize=700%2C400 2x, https:\/\/i0.wp.com\/www.reclamador.es\/blog\/wp-content\/uploads\/2016\/06\/demandas-laborales-trabajadores-ante-despido.jpg?fit=1200%2C630&ssl=1&resize=1050%2C600 3x"},"classes":[]},{"id":3803,"url":"https:\/\/www.reclamador.es\/blog\/consecuencias-despido-procedente\/","url_meta":{"origin":3841,"position":4},"title":"Consecuencias de un despido procedente","author":"Equipo reclamador","date":"9 marzo, 2016","format":false,"excerpt":"El momento del despido es uno de los m\u00e1s temidos por el trabajador debido al desamparo econ\u00f3mico que puede llegar a ocasionarle. Sin embargo, las empresas, amparadas por la legalidad, se guardan el derecho de prescindir de sus empleados en momentos determinados por motivos disciplinarios ejecutando un despido procedente que,\u2026","rel":"","context":"En \u00abConsejos legales\u00bb","block_context":{"text":"Consejos legales","link":"https:\/\/www.reclamador.es\/blog\/consejos\/"},"img":{"alt_text":"","src":"https:\/\/i0.wp.com\/www.reclamador.es\/blog\/wp-content\/uploads\/2016\/03\/GettyImages-516392301.jpg?fit=1200%2C800&ssl=1&resize=350%2C200","width":350,"height":200,"srcset":"https:\/\/i0.wp.com\/www.reclamador.es\/blog\/wp-content\/uploads\/2016\/03\/GettyImages-516392301.jpg?fit=1200%2C800&ssl=1&resize=350%2C200 1x, https:\/\/i0.wp.com\/www.reclamador.es\/blog\/wp-content\/uploads\/2016\/03\/GettyImages-516392301.jpg?fit=1200%2C800&ssl=1&resize=525%2C300 1.5x, https:\/\/i0.wp.com\/www.reclamador.es\/blog\/wp-content\/uploads\/2016\/03\/GettyImages-516392301.jpg?fit=1200%2C800&ssl=1&resize=700%2C400 2x, https:\/\/i0.wp.com\/www.reclamador.es\/blog\/wp-content\/uploads\/2016\/03\/GettyImages-516392301.jpg?fit=1200%2C800&ssl=1&resize=1050%2C600 3x"},"classes":[]},{"id":4004,"url":"https:\/\/www.reclamador.es\/blog\/despido-procedente-causas\/","url_meta":{"origin":3841,"position":5},"title":"\u00bfCu\u00e1ndo un despido es considerado procedente?","author":"Equipo reclamador","date":"1 septiembre, 2018","format":false,"excerpt":"El Estatuto de los Trabajadores regula, en su cap\u00edtulo III secci\u00f3n 4\u00aa, las causas de la extinci\u00f3n del contrato de trabajo. M\u00e1s concretamente, desde el art\u00edculo 51 al 56 del Estatuto de los Trabajadores, podremos analizar las causas y efectos de los diferentes tipos de despido. Con \u00e1nimo de informar\u2026","rel":"","context":"En \u00abConsejos legales\u00bb","block_context":{"text":"Consejos legales","link":"https:\/\/www.reclamador.es\/blog\/consejos\/"},"img":{"alt_text":"abogado laboralista despido procedente","src":"https:\/\/i0.wp.com\/www.reclamador.es\/blog\/wp-content\/uploads\/2018\/09\/despido-procedente.jpg?fit=1200%2C675&ssl=1&resize=350%2C200","width":350,"height":200,"srcset":"https:\/\/i0.wp.com\/www.reclamador.es\/blog\/wp-content\/uploads\/2018\/09\/despido-procedente.jpg?fit=1200%2C675&ssl=1&resize=350%2C200 1x, https:\/\/i0.wp.com\/www.reclamador.es\/blog\/wp-content\/uploads\/2018\/09\/despido-procedente.jpg?fit=1200%2C675&ssl=1&resize=525%2C300 1.5x, https:\/\/i0.wp.com\/www.reclamador.es\/blog\/wp-content\/uploads\/2018\/09\/despido-procedente.jpg?fit=1200%2C675&ssl=1&resize=700%2C400 2x, https:\/\/i0.wp.com\/www.reclamador.es\/blog\/wp-content\/uploads\/2018\/09\/despido-procedente.jpg?fit=1200%2C675&ssl=1&resize=1050%2C600 3x"},"classes":[]}],"jetpack_sharing_enabled":true,"_links":{"self":[{"href":"https:\/\/www.reclamador.es\/blog\/wp-json\/wp\/v2\/posts\/3841","targetHints":{"allow":["GET"]}}],"collection":[{"href":"https:\/\/www.reclamador.es\/blog\/wp-json\/wp\/v2\/posts"}],"about":[{"href":"https:\/\/www.reclamador.es\/blog\/wp-json\/wp\/v2\/types\/post"}],"author":[{"embeddable":true,"href":"https:\/\/www.reclamador.es\/blog\/wp-json\/wp\/v2\/users\/1"}],"replies":[{"embeddable":true,"href":"https:\/\/www.reclamador.es\/blog\/wp-json\/wp\/v2\/comments?post=3841"}],"version-history":[{"count":20,"href":"https:\/\/www.reclamador.es\/blog\/wp-json\/wp\/v2\/posts\/3841\/revisions"}],"predecessor-version":[{"id":32810,"href":"https:\/\/www.reclamador.es\/blog\/wp-json\/wp\/v2\/posts\/3841\/revisions\/32810"}],"wp:featuredmedia":[{"embeddable":true,"href":"https:\/\/www.reclamador.es\/blog\/wp-json\/wp\/v2\/media\/32809"}],"wp:attachment":[{"href":"https:\/\/www.reclamador.es\/blog\/wp-json\/wp\/v2\/media?parent=3841"}],"wp:term":[{"taxonomy":"category","embeddable":true,"href":"https:\/\/www.reclamador.es\/blog\/wp-json\/wp\/v2\/categories?post=3841"},{"taxonomy":"post_tag","embeddable":true,"href":"https:\/\/www.reclamador.es\/blog\/wp-json\/wp\/v2\/tags?post=3841"}],"curies":[{"name":"wp","href":"https:\/\/api.w.org\/{rel}","templated":true}]}}