{"id":35948,"date":"2026-04-30T13:51:29","date_gmt":"2026-04-30T11:51:29","guid":{"rendered":"https:\/\/www.reclamador.es\/blog\/?p=35948"},"modified":"2026-04-30T13:51:30","modified_gmt":"2026-04-30T11:51:30","slug":"se-pueden-llevar-los-productos-del-skincare-en-el-avion","status":"publish","type":"post","link":"https:\/\/www.reclamador.es\/blog\/se-pueden-llevar-los-productos-del-skincare-en-el-avion\/","title":{"rendered":"\u00bfSe pueden llevar los productos del skincare en el avi\u00f3n? Gu\u00eda para pasar el control de seguridad"},"content":{"rendered":"<div class=\"ttr_start\"><\/div>\n\n<div class=\"kk-star-ratings kksr-auto kksr-align-right kksr-valign-top\"\n    data-payload='{&quot;align&quot;:&quot;right&quot;,&quot;id&quot;:&quot;35948&quot;,&quot;slug&quot;:&quot;default&quot;,&quot;valign&quot;:&quot;top&quot;,&quot;ignore&quot;:&quot;&quot;,&quot;reference&quot;:&quot;auto&quot;,&quot;class&quot;:&quot;&quot;,&quot;count&quot;:&quot;0&quot;,&quot;legendonly&quot;:&quot;&quot;,&quot;readonly&quot;:&quot;&quot;,&quot;score&quot;:&quot;0&quot;,&quot;starsonly&quot;:&quot;&quot;,&quot;best&quot;:&quot;5&quot;,&quot;gap&quot;:&quot;3&quot;,&quot;greet&quot;:&quot;Valora este art\u00edculo&quot;,&quot;legend&quot;:&quot;0\\\/5 - (0 votos)&quot;,&quot;size&quot;:&quot;20&quot;,&quot;title&quot;:&quot;\u00bfSe pueden llevar los productos del skincare en el avi\u00f3n? Gu\u00eda para pasar el control de seguridad&quot;,&quot;width&quot;:&quot;0&quot;,&quot;_legend&quot;:&quot;{score}\\\/{best} - ({count} {votes})&quot;,&quot;font_factor&quot;:&quot;1.25&quot;}'>\n            \n<div class=\"kksr-stars\">\n    \n<div class=\"kksr-stars-inactive\">\n            <div class=\"kksr-star\" data-star=\"1\" style=\"padding-right: 3px\">\n            \n\n<div class=\"kksr-icon\" style=\"width: 20px; height: 20px;\"><\/div>\n        <\/div>\n            <div class=\"kksr-star\" data-star=\"2\" style=\"padding-right: 3px\">\n            \n\n<div class=\"kksr-icon\" style=\"width: 20px; height: 20px;\"><\/div>\n        <\/div>\n            <div class=\"kksr-star\" data-star=\"3\" style=\"padding-right: 3px\">\n            \n\n<div class=\"kksr-icon\" style=\"width: 20px; height: 20px;\"><\/div>\n        <\/div>\n            <div class=\"kksr-star\" data-star=\"4\" style=\"padding-right: 3px\">\n            \n\n<div class=\"kksr-icon\" style=\"width: 20px; height: 20px;\"><\/div>\n        <\/div>\n            <div class=\"kksr-star\" data-star=\"5\" style=\"padding-right: 3px\">\n            \n\n<div class=\"kksr-icon\" style=\"width: 20px; height: 20px;\"><\/div>\n        <\/div>\n    <\/div>\n    \n<div class=\"kksr-stars-active\" style=\"width: 0px;\">\n            <div class=\"kksr-star\" style=\"padding-right: 3px\">\n            \n\n<div class=\"kksr-icon\" style=\"width: 20px; height: 20px;\"><\/div>\n        <\/div>\n            <div class=\"kksr-star\" style=\"padding-right: 3px\">\n            \n\n<div class=\"kksr-icon\" style=\"width: 20px; height: 20px;\"><\/div>\n        <\/div>\n            <div class=\"kksr-star\" style=\"padding-right: 3px\">\n            \n\n<div class=\"kksr-icon\" style=\"width: 20px; height: 20px;\"><\/div>\n        <\/div>\n            <div class=\"kksr-star\" style=\"padding-right: 3px\">\n            \n\n<div class=\"kksr-icon\" style=\"width: 20px; height: 20px;\"><\/div>\n        <\/div>\n            <div class=\"kksr-star\" style=\"padding-right: 3px\">\n            \n\n<div class=\"kksr-icon\" style=\"width: 20px; height: 20px;\"><\/div>\n        <\/div>\n    <\/div>\n<\/div>\n                \n\n<div class=\"kksr-legend\" style=\"font-size: 16px;\">\n            <span class=\"kksr-muted\">Valora este art\u00edculo<\/span>\n    <\/div>\n    <\/div>\n\n<figure id=\"attachment_35951\" aria-describedby=\"caption-attachment-35951\" style=\"width: 800px\" class=\"wp-caption alignnone\"><img data-recalc-dims=\"1\" loading=\"lazy\" decoding=\"async\" class=\"size-medium wp-image-35951\" src=\"https:\/\/i0.wp.com\/www.reclamador.es\/blog\/wp-content\/uploads\/2026\/04\/RECLAMADORaeropuertos-skincare-maletas-control-de-seguridad-1.jpg?resize=800%2C445&#038;ssl=1\" alt=\"Skincare en la maleta - control de seguridad\" width=\"800\" height=\"445\" srcset=\"https:\/\/i0.wp.com\/www.reclamador.es\/blog\/wp-content\/uploads\/2026\/04\/RECLAMADORaeropuertos-skincare-maletas-control-de-seguridad-1.jpg?resize=800%2C445&amp;ssl=1 800w, https:\/\/i0.wp.com\/www.reclamador.es\/blog\/wp-content\/uploads\/2026\/04\/RECLAMADORaeropuertos-skincare-maletas-control-de-seguridad-1.jpg?resize=150%2C84&amp;ssl=1 150w, https:\/\/i0.wp.com\/www.reclamador.es\/blog\/wp-content\/uploads\/2026\/04\/RECLAMADORaeropuertos-skincare-maletas-control-de-seguridad-1.jpg?resize=768%2C428&amp;ssl=1 768w, https:\/\/i0.wp.com\/www.reclamador.es\/blog\/wp-content\/uploads\/2026\/04\/RECLAMADORaeropuertos-skincare-maletas-control-de-seguridad-1.jpg?resize=1536%2C855&amp;ssl=1 1536w, https:\/\/i0.wp.com\/www.reclamador.es\/blog\/wp-content\/uploads\/2026\/04\/RECLAMADORaeropuertos-skincare-maletas-control-de-seguridad-1.jpg?w=1920&amp;ssl=1 1920w\" sizes=\"auto, (max-width: 800px) 100vw, 800px\" \/><figcaption id=\"caption-attachment-35951\" class=\"wp-caption-text\"><em>Skincare en la maleta &#8211; control de seguridad<\/em><\/figcaption><\/figure>\n<p data-path-to-node=\"4\">Hacer la maleta de mano es, para muchos, un ejercicio de ingenier\u00eda. Pero hay un momento que genera m\u00e1s ansiedad que el propio despegue: el <a href=\"https:\/\/www.reclamador.es\/blog\/trucos-pasar-rapido-control-de-seguridad-aeropuerto\/\">control de seguridad<\/a>. Ves la cinta, las bandejas y, de repente, recuerdas ese s\u00e9rum car\u00edsimo o esa crema hidratante que supera (por poco) los l\u00edmites permitidos.<\/p>\n<p data-path-to-node=\"5\">\u00bfAcabar\u00e1 tu rutina de belleza en el contenedor de objetos confiscados? En <b data-path-to-node=\"5\" data-index-in-node=\"74\">reclamador.es<\/b> queremos que viajes sin estr\u00e9s y, sobre todo, que no pierdas dinero. Aqu\u00ed tienes todo lo que necesitas saber sobre el <i data-path-to-node=\"5\" data-index-in-node=\"206\">skincare<\/i> y los l\u00edquidos en 2026.<\/p>\n<h2 data-path-to-node=\"5\">Skincare en la maleta: tama\u00f1o de los envases<\/h2>\n<p>Lo fundamental es el tama\u00f1o de los envases, no cu\u00e1nto l\u00edquido llevas dentro. Pese a que en algunos <a href=\"https:\/\/www.reclamador.es\/blog\/liquidos-avion-100ml-aeropuertos-espana\/\">aeropuertos espa\u00f1oles ya te puedes olvidar de los 100ml<\/a> de envase, lo cierto es que no est\u00e1 instaurado en todos los aeropuertos de Espa\u00f1a ni del resto del mundo, por lo que lo primero que debes comprobar es si en tu origen y destino ya est\u00e1n instaurados los nuevos esc\u00e1neres de seguridad. Si no lo est\u00e1n a la ida o la vuelta, tendr\u00e1s que buscar recipientes de m\u00e1ximo 100ml o bien buscar esos art\u00edculos en tama\u00f1o viaje.\u00a0<\/p>\n<p>Tambi\u00e9n debes tener en cuenta a la hora de meter tus productos de <em>skincare<\/em> en la maleta lo siguiente:<\/p>\n<ul>\n<li>\n<p data-path-to-node=\"8,0,0\"><b data-path-to-node=\"8,0,0\" data-index-in-node=\"0\">El transporte:<\/b> Todos deben ir dentro de una bolsa de pl\u00e1stico transparente con autocierre (tipo zip) de unos 20&#215;20 cm.<\/p>\n<\/li>\n<li>\n<p data-path-to-node=\"8,1,0\"><b data-path-to-node=\"8,1,0\" data-index-in-node=\"0\">El total:<\/b> La suma de tus l\u00edquidos no puede superar el litro.<\/p>\n<\/li>\n<\/ul>\n<p><strong>Si facturas la maleta<\/strong>, no tendr\u00e1s problemas con el tama\u00f1o de los envases de tu skincare, pero si son productos peque\u00f1os y de gran valor, siempre conviene que los lleves contigo en tu maleta de mano, por si la aerol\u00ednea pierde o rompe tu equipaje facturado.<\/p>\n<h2>\u00bfQu\u00e9 se considera exactamente l\u00edquido para viajar en avi\u00f3n?<\/h2>\n<p>Adem\u00e1s de los habituales, como pueden ser botellas de agua, champ\u00fas, gel, etc\u00e9tera, debes tener en cuenta que tambi\u00e9n entra en esta limitaci\u00f3n art\u00edculos como:<\/p>\n<ul>\n<li>\n<p data-path-to-node=\"12,0,0\">Pasta de dientes y gloss de labios.<\/p>\n<\/li>\n<li>\n<p data-path-to-node=\"12,1,0\">M\u00e1scara de pesta\u00f1as (r\u00edmel).<\/p>\n<\/li>\n<li>\n<p data-path-to-node=\"12,2,0\">Desodorantes de spray o roll-on.<\/p>\n<\/li>\n<li>\n<p data-path-to-node=\"12,3,0\">Cremas, solares y aceites faciales.<\/p>\n<\/li>\n<\/ul>\n<h2>\u00bfQu\u00e9 pasa si da\u00f1an los productos de tu <em>skincare<\/em> durante el control de seguridad?<\/h2>\n<p data-path-to-node=\"17\">Si durante una inspecci\u00f3n manual el personal de seguridad manipula tu equipaje de forma negligente y rompe un perfume o un dispositivo electr\u00f3nico, tienes derecho a reclamar.<\/p>\n<ol start=\"1\" data-path-to-node=\"18\">\n<li>\n<p data-path-to-node=\"18,0,0\"><b data-path-to-node=\"18,0,0\" data-index-in-node=\"0\">No salgas de la zona de control:<\/b> Pide hablar con un supervisor de seguridad o con la Guardia Civil si es necesario.<\/p>\n<\/li>\n<li>\n<p data-path-to-node=\"18,1,0\"><b data-path-to-node=\"18,1,0\" data-index-in-node=\"0\">Hoja de reclamaciones:<\/b> Solicita la hoja de reclamaciones de Aena en el mismo momento.<\/p>\n<\/li>\n<li>\n<p data-path-to-node=\"18,2,0\"><b data-path-to-node=\"18,2,0\" data-index-in-node=\"0\">Fotos:<\/b> Haz fotos del da\u00f1o y del estado en que ha quedado el producto.<\/p>\n<\/li>\n<\/ol>\n<h2>\u00bfY si la aerol\u00ednea pierde la maleta donde llevabas tus productos de <em>skincare<\/em>?<\/h2>\n<p>Si la aerol\u00ednea pierde o entrega con d\u00edas de retraso tu equipaje, puedes reclamar una indemnizaci\u00f3n a la aerol\u00ednea. Para ello, es fundamental que no salgas del aeropuerto sin rellenar el parte de irregularidad de equipaje. Si no pudieras en ese momento, puedes completarlo en menos de 7 d\u00edas en la web de la aerol\u00ednea.\u00a0<\/p>\n<p>Con el parte de irregularidad de equipaje completado, completa nuestro formulario y te ayudamos a <a href=\"https:\/\/www.reclamador.es\/aerolineas\/problemas-equipaje\/\">reclamar a la aerol\u00ednea una indemnizaci\u00f3n de hasta 1.800 \u20ac<\/a>. Para recuperar la m\u00e1xima cantidad posible, ser\u00eda conveniente disponer de facturas o pruebas que puedan tambi\u00e9n valorar el contenido de tu equipaje que no han entregado o han roto.\u00a0<\/p>\n<p>No te quede con la duda. Si sufres problemas con tu equipaje en un viaje en avi\u00f3n, inicia tu reclamaci\u00f3n en reclamador.es. No tienes que adelantar nada para reclamar, cobramos nuestros honorarios al final y solo un porcentaje de lo que conseguimos que la aerol\u00ednea te pague.\u00a0<\/p>\n<h2 style=\"text-align: center;\"><a class=\"button-lead\" href=\"https:\/\/www.reclamador.es\/form\/complaint\/luggage\/\"><strong>Consulta aqu\u00ed gratis tu caso<\/strong><\/a><\/h2>\n\n\n<div class=\"ttr_end\"><\/div>","protected":false},"excerpt":{"rendered":"<p>Hacer la maleta de mano es, para muchos, un ejercicio de ingenier\u00eda. Pero hay un momento que genera m\u00e1s ansiedad que el propio despegue: el control de seguridad. Ves la cinta, las bandejas y, de repente, recuerdas ese s\u00e9rum car\u00edsimo o esa crema hidratante que supera (por poco) los l\u00edmites permitidos. \u00bfAcabar\u00e1 tu rutina de [&hellip;]<\/p>\n","protected":false},"author":28,"featured_media":35951,"comment_status":"open","ping_status":"open","sticky":false,"template":"","format":"standard","meta":{"_acf_changed":false,"_genesis_hide_title":false,"_genesis_hide_breadcrumbs":false,"_genesis_hide_singular_image":false,"_genesis_hide_footer_widgets":false,"_genesis_custom_body_class":"","_genesis_custom_post_class":"","_genesis_layout":"","_jetpack_newsletter_access":"","_jetpack_dont_email_post_to_subs":false,"_jetpack_newsletter_tier_id":0,"_jetpack_memberships_contains_paywalled_content":false,"_jetpack_memberships_contains_paid_content":false,"footnotes":""},"categories":[393],"tags":[380,654],"class_list":{"0":"post-35948","1":"post","2":"type-post","3":"status-publish","4":"format-standard","5":"has-post-thumbnail","7":"category-consejos","8":"tag-aerolineas","9":"tag-equipaje","10":"entry"},"acf":[],"yoast_head":"<!-- This site is optimized with the Yoast SEO plugin v27.4 - https:\/\/yoast.com\/product\/yoast-seo-wordpress\/ -->\n<title>Los productos del skincare en la maleta: control de seguridad<\/title>\n<meta name=\"description\" content=\"\u00bfViajas en avi\u00f3n y no quieres renunciar a llevar los productos de tu skincare? Te contamos qu\u00e9 debes tener en cuenta al hacer la maleta.\" \/>\n<meta name=\"robots\" content=\"index, follow, max-snippet:-1, max-image-preview:large, max-video-preview:-1\" \/>\n<link rel=\"canonical\" href=\"https:\/\/www.reclamador.es\/blog\/se-pueden-llevar-los-productos-del-skincare-en-el-avion\/\" \/>\n<meta property=\"og:locale\" content=\"es_ES\" \/>\n<meta property=\"og:type\" content=\"article\" \/>\n<meta property=\"og:title\" content=\"Los productos del skincare en la maleta: control de seguridad\" \/>\n<meta property=\"og:description\" content=\"\u00bfViajas en avi\u00f3n y no quieres renunciar a llevar los productos de tu skincare? Te contamos qu\u00e9 debes tener en cuenta al hacer la maleta.\" \/>\n<meta property=\"og:url\" content=\"https:\/\/www.reclamador.es\/blog\/se-pueden-llevar-los-productos-del-skincare-en-el-avion\/\" \/>\n<meta property=\"og:site_name\" content=\"Rebeldes con causa, el blog de reclamador.es\" \/>\n<meta property=\"article:publisher\" content=\"https:\/\/www.facebook.com\/reclamador.es\" \/>\n<meta property=\"article:published_time\" content=\"2026-04-30T11:51:29+00:00\" \/>\n<meta property=\"article:modified_time\" content=\"2026-04-30T11:51:30+00:00\" \/>\n<meta property=\"og:image\" content=\"https:\/\/www.reclamador.es\/blog\/wp-content\/uploads\/2026\/04\/RECLAMADORaeropuertos-skincare-maletas-control-de-seguridad-1.jpg\" \/>\n\t<meta property=\"og:image:width\" content=\"1920\" \/>\n\t<meta property=\"og:image:height\" content=\"1069\" \/>\n\t<meta property=\"og:image:type\" content=\"image\/jpeg\" \/>\n<meta name=\"author\" content=\"Alicia Ria\u00f1o\" \/>\n<meta name=\"twitter:card\" content=\"summary_large_image\" \/>\n<meta name=\"twitter:creator\" content=\"@reclamador\" \/>\n<meta name=\"twitter:site\" content=\"@reclamador\" \/>\n<meta name=\"twitter:label1\" content=\"Escrito por\" \/>\n\t<meta name=\"twitter:data1\" content=\"Alicia Ria\u00f1o\" \/>\n\t<meta name=\"twitter:label2\" content=\"Tiempo de lectura\" \/>\n\t<meta name=\"twitter:data2\" content=\"4 minutos\" \/>\n<script type=\"application\/ld+json\" class=\"yoast-schema-graph\">{\"@context\":\"https:\\\/\\\/schema.org\",\"@graph\":[{\"@type\":\"Article\",\"@id\":\"https:\\\/\\\/www.reclamador.es\\\/blog\\\/se-pueden-llevar-los-productos-del-skincare-en-el-avion\\\/#article\",\"isPartOf\":{\"@id\":\"https:\\\/\\\/www.reclamador.es\\\/blog\\\/se-pueden-llevar-los-productos-del-skincare-en-el-avion\\\/\"},\"author\":{\"name\":\"Alicia Ria\u00f1o\",\"@id\":\"https:\\\/\\\/www.reclamador.es\\\/blog\\\/#\\\/schema\\\/person\\\/2a9d121a6362255b8129c6fda9caffd5\"},\"headline\":\"\u00bfSe pueden llevar los productos del skincare en el avi\u00f3n? Gu\u00eda para pasar el control de seguridad\",\"datePublished\":\"2026-04-30T11:51:29+00:00\",\"dateModified\":\"2026-04-30T11:51:30+00:00\",\"mainEntityOfPage\":{\"@id\":\"https:\\\/\\\/www.reclamador.es\\\/blog\\\/se-pueden-llevar-los-productos-del-skincare-en-el-avion\\\/\"},\"wordCount\":700,\"commentCount\":0,\"publisher\":{\"@id\":\"https:\\\/\\\/www.reclamador.es\\\/blog\\\/#organization\"},\"image\":{\"@id\":\"https:\\\/\\\/www.reclamador.es\\\/blog\\\/se-pueden-llevar-los-productos-del-skincare-en-el-avion\\\/#primaryimage\"},\"thumbnailUrl\":\"https:\\\/\\\/i0.wp.com\\\/www.reclamador.es\\\/blog\\\/wp-content\\\/uploads\\\/2026\\\/04\\\/RECLAMADORaeropuertos-skincare-maletas-control-de-seguridad-1.jpg?fit=1920%2C1069&ssl=1\",\"keywords\":[\"aerol\u00edneas\",\"equipaje\"],\"articleSection\":[\"Consejos legales\"],\"inLanguage\":\"es\",\"potentialAction\":[{\"@type\":\"CommentAction\",\"name\":\"Comment\",\"target\":[\"https:\\\/\\\/www.reclamador.es\\\/blog\\\/se-pueden-llevar-los-productos-del-skincare-en-el-avion\\\/#respond\"]}]},{\"@type\":\"WebPage\",\"@id\":\"https:\\\/\\\/www.reclamador.es\\\/blog\\\/se-pueden-llevar-los-productos-del-skincare-en-el-avion\\\/\",\"url\":\"https:\\\/\\\/www.reclamador.es\\\/blog\\\/se-pueden-llevar-los-productos-del-skincare-en-el-avion\\\/\",\"name\":\"Los productos del skincare en la maleta: control de seguridad\",\"isPartOf\":{\"@id\":\"https:\\\/\\\/www.reclamador.es\\\/blog\\\/#website\"},\"primaryImageOfPage\":{\"@id\":\"https:\\\/\\\/www.reclamador.es\\\/blog\\\/se-pueden-llevar-los-productos-del-skincare-en-el-avion\\\/#primaryimage\"},\"image\":{\"@id\":\"https:\\\/\\\/www.reclamador.es\\\/blog\\\/se-pueden-llevar-los-productos-del-skincare-en-el-avion\\\/#primaryimage\"},\"thumbnailUrl\":\"https:\\\/\\\/i0.wp.com\\\/www.reclamador.es\\\/blog\\\/wp-content\\\/uploads\\\/2026\\\/04\\\/RECLAMADORaeropuertos-skincare-maletas-control-de-seguridad-1.jpg?fit=1920%2C1069&ssl=1\",\"datePublished\":\"2026-04-30T11:51:29+00:00\",\"dateModified\":\"2026-04-30T11:51:30+00:00\",\"description\":\"\u00bfViajas en avi\u00f3n y no quieres renunciar a llevar los productos de tu skincare? Te contamos qu\u00e9 debes tener en cuenta al hacer la maleta.\",\"breadcrumb\":{\"@id\":\"https:\\\/\\\/www.reclamador.es\\\/blog\\\/se-pueden-llevar-los-productos-del-skincare-en-el-avion\\\/#breadcrumb\"},\"inLanguage\":\"es\",\"potentialAction\":[{\"@type\":\"ReadAction\",\"target\":[\"https:\\\/\\\/www.reclamador.es\\\/blog\\\/se-pueden-llevar-los-productos-del-skincare-en-el-avion\\\/\"]}]},{\"@type\":\"ImageObject\",\"inLanguage\":\"es\",\"@id\":\"https:\\\/\\\/www.reclamador.es\\\/blog\\\/se-pueden-llevar-los-productos-del-skincare-en-el-avion\\\/#primaryimage\",\"url\":\"https:\\\/\\\/i0.wp.com\\\/www.reclamador.es\\\/blog\\\/wp-content\\\/uploads\\\/2026\\\/04\\\/RECLAMADORaeropuertos-skincare-maletas-control-de-seguridad-1.jpg?fit=1920%2C1069&ssl=1\",\"contentUrl\":\"https:\\\/\\\/i0.wp.com\\\/www.reclamador.es\\\/blog\\\/wp-content\\\/uploads\\\/2026\\\/04\\\/RECLAMADORaeropuertos-skincare-maletas-control-de-seguridad-1.jpg?fit=1920%2C1069&ssl=1\",\"width\":1920,\"height\":1069,\"caption\":\"Skincare en la maleta - control de seguridad\"},{\"@type\":\"BreadcrumbList\",\"@id\":\"https:\\\/\\\/www.reclamador.es\\\/blog\\\/se-pueden-llevar-los-productos-del-skincare-en-el-avion\\\/#breadcrumb\",\"itemListElement\":[{\"@type\":\"ListItem\",\"position\":1,\"name\":\"Portada\",\"item\":\"https:\\\/\\\/www.reclamador.es\\\/blog\\\/\"},{\"@type\":\"ListItem\",\"position\":2,\"name\":\"\u00bfSe pueden llevar los productos del skincare en el avi\u00f3n? Gu\u00eda para pasar el control de seguridad\"}]},{\"@type\":\"WebSite\",\"@id\":\"https:\\\/\\\/www.reclamador.es\\\/blog\\\/#website\",\"url\":\"https:\\\/\\\/www.reclamador.es\\\/blog\\\/\",\"name\":\"Rebeldes con causa, el blog de reclamador.es\",\"description\":\"Noticias, entrevistas y consejos sobre reclamaciones\",\"publisher\":{\"@id\":\"https:\\\/\\\/www.reclamador.es\\\/blog\\\/#organization\"},\"potentialAction\":[{\"@type\":\"SearchAction\",\"target\":{\"@type\":\"EntryPoint\",\"urlTemplate\":\"https:\\\/\\\/www.reclamador.es\\\/blog\\\/?s={search_term_string}\"},\"query-input\":{\"@type\":\"PropertyValueSpecification\",\"valueRequired\":true,\"valueName\":\"search_term_string\"}}],\"inLanguage\":\"es\"},{\"@type\":\"Organization\",\"@id\":\"https:\\\/\\\/www.reclamador.es\\\/blog\\\/#organization\",\"name\":\"reclamador.es\",\"url\":\"https:\\\/\\\/www.reclamador.es\\\/blog\\\/\",\"logo\":{\"@type\":\"ImageObject\",\"inLanguage\":\"es\",\"@id\":\"https:\\\/\\\/www.reclamador.es\\\/blog\\\/#\\\/schema\\\/logo\\\/image\\\/\",\"url\":\"https:\\\/\\\/i0.wp.com\\\/www.reclamador.es\\\/blog\\\/wp-content\\\/uploads\\\/2020\\\/01\\\/logo-reclamador.png?fit=1200%2C144&ssl=1\",\"contentUrl\":\"https:\\\/\\\/i0.wp.com\\\/www.reclamador.es\\\/blog\\\/wp-content\\\/uploads\\\/2020\\\/01\\\/logo-reclamador.png?fit=1200%2C144&ssl=1\",\"width\":1200,\"height\":144,\"caption\":\"reclamador.es\"},\"image\":{\"@id\":\"https:\\\/\\\/www.reclamador.es\\\/blog\\\/#\\\/schema\\\/logo\\\/image\\\/\"},\"sameAs\":[\"https:\\\/\\\/www.facebook.com\\\/reclamador.es\",\"https:\\\/\\\/x.com\\\/reclamador\",\"https:\\\/\\\/www.instagram.com\\\/reclamador.es\\\/\",\"https:\\\/\\\/www.linkedin.com\\\/company\\\/reclamador-es\",\"https:\\\/\\\/www.youtube.com\\\/user\\\/Reclamadores\"]},{\"@type\":\"Person\",\"@id\":\"https:\\\/\\\/www.reclamador.es\\\/blog\\\/#\\\/schema\\\/person\\\/2a9d121a6362255b8129c6fda9caffd5\",\"name\":\"Alicia Ria\u00f1o\",\"image\":{\"@type\":\"ImageObject\",\"inLanguage\":\"es\",\"@id\":\"https:\\\/\\\/secure.gravatar.com\\\/avatar\\\/2915f7664bf5ed4baf932328fabfe761f32f21ec1b577e7d54a7fee6613de25f?s=96&d=mm&r=g\",\"url\":\"https:\\\/\\\/secure.gravatar.com\\\/avatar\\\/2915f7664bf5ed4baf932328fabfe761f32f21ec1b577e7d54a7fee6613de25f?s=96&d=mm&r=g\",\"contentUrl\":\"https:\\\/\\\/secure.gravatar.com\\\/avatar\\\/2915f7664bf5ed4baf932328fabfe761f32f21ec1b577e7d54a7fee6613de25f?s=96&d=mm&r=g\",\"caption\":\"Alicia Ria\u00f1o\"},\"description\":\"Periodista experta en comunicaci\u00f3n y marketing digital. Escribo para acercar la informaci\u00f3n legal de forma sencilla y comprensible a las personas.\",\"sameAs\":[\"https:\\\/\\\/www.linkedin.com\\\/in\\\/alicia-r-932a2959\"],\"url\":\"https:\\\/\\\/www.reclamador.es\\\/blog\\\/author\\\/alicia-riano\\\/\"}]}<\/script>\n<!-- \/ Yoast SEO plugin. -->","yoast_head_json":{"title":"Los productos del skincare en la maleta: control de seguridad","description":"\u00bfViajas en avi\u00f3n y no quieres renunciar a llevar los productos de tu skincare? Te contamos qu\u00e9 debes tener en cuenta al hacer la maleta.","robots":{"index":"index","follow":"follow","max-snippet":"max-snippet:-1","max-image-preview":"max-image-preview:large","max-video-preview":"max-video-preview:-1"},"canonical":"https:\/\/www.reclamador.es\/blog\/se-pueden-llevar-los-productos-del-skincare-en-el-avion\/","og_locale":"es_ES","og_type":"article","og_title":"Los productos del skincare en la maleta: control de seguridad","og_description":"\u00bfViajas en avi\u00f3n y no quieres renunciar a llevar los productos de tu skincare? Te contamos qu\u00e9 debes tener en cuenta al hacer la maleta.","og_url":"https:\/\/www.reclamador.es\/blog\/se-pueden-llevar-los-productos-del-skincare-en-el-avion\/","og_site_name":"Rebeldes con causa, el blog de reclamador.es","article_publisher":"https:\/\/www.facebook.com\/reclamador.es","article_published_time":"2026-04-30T11:51:29+00:00","article_modified_time":"2026-04-30T11:51:30+00:00","og_image":[{"width":1920,"height":1069,"url":"https:\/\/www.reclamador.es\/blog\/wp-content\/uploads\/2026\/04\/RECLAMADORaeropuertos-skincare-maletas-control-de-seguridad-1.jpg","type":"image\/jpeg"}],"author":"Alicia Ria\u00f1o","twitter_card":"summary_large_image","twitter_creator":"@reclamador","twitter_site":"@reclamador","twitter_misc":{"Escrito por":"Alicia Ria\u00f1o","Tiempo de lectura":"4 minutos"},"schema":{"@context":"https:\/\/schema.org","@graph":[{"@type":"Article","@id":"https:\/\/www.reclamador.es\/blog\/se-pueden-llevar-los-productos-del-skincare-en-el-avion\/#article","isPartOf":{"@id":"https:\/\/www.reclamador.es\/blog\/se-pueden-llevar-los-productos-del-skincare-en-el-avion\/"},"author":{"name":"Alicia Ria\u00f1o","@id":"https:\/\/www.reclamador.es\/blog\/#\/schema\/person\/2a9d121a6362255b8129c6fda9caffd5"},"headline":"\u00bfSe pueden llevar los productos del skincare en el avi\u00f3n? Gu\u00eda para pasar el control de seguridad","datePublished":"2026-04-30T11:51:29+00:00","dateModified":"2026-04-30T11:51:30+00:00","mainEntityOfPage":{"@id":"https:\/\/www.reclamador.es\/blog\/se-pueden-llevar-los-productos-del-skincare-en-el-avion\/"},"wordCount":700,"commentCount":0,"publisher":{"@id":"https:\/\/www.reclamador.es\/blog\/#organization"},"image":{"@id":"https:\/\/www.reclamador.es\/blog\/se-pueden-llevar-los-productos-del-skincare-en-el-avion\/#primaryimage"},"thumbnailUrl":"https:\/\/i0.wp.com\/www.reclamador.es\/blog\/wp-content\/uploads\/2026\/04\/RECLAMADORaeropuertos-skincare-maletas-control-de-seguridad-1.jpg?fit=1920%2C1069&ssl=1","keywords":["aerol\u00edneas","equipaje"],"articleSection":["Consejos legales"],"inLanguage":"es","potentialAction":[{"@type":"CommentAction","name":"Comment","target":["https:\/\/www.reclamador.es\/blog\/se-pueden-llevar-los-productos-del-skincare-en-el-avion\/#respond"]}]},{"@type":"WebPage","@id":"https:\/\/www.reclamador.es\/blog\/se-pueden-llevar-los-productos-del-skincare-en-el-avion\/","url":"https:\/\/www.reclamador.es\/blog\/se-pueden-llevar-los-productos-del-skincare-en-el-avion\/","name":"Los productos del skincare en la maleta: control de seguridad","isPartOf":{"@id":"https:\/\/www.reclamador.es\/blog\/#website"},"primaryImageOfPage":{"@id":"https:\/\/www.reclamador.es\/blog\/se-pueden-llevar-los-productos-del-skincare-en-el-avion\/#primaryimage"},"image":{"@id":"https:\/\/www.reclamador.es\/blog\/se-pueden-llevar-los-productos-del-skincare-en-el-avion\/#primaryimage"},"thumbnailUrl":"https:\/\/i0.wp.com\/www.reclamador.es\/blog\/wp-content\/uploads\/2026\/04\/RECLAMADORaeropuertos-skincare-maletas-control-de-seguridad-1.jpg?fit=1920%2C1069&ssl=1","datePublished":"2026-04-30T11:51:29+00:00","dateModified":"2026-04-30T11:51:30+00:00","description":"\u00bfViajas en avi\u00f3n y no quieres renunciar a llevar los productos de tu skincare? Te contamos qu\u00e9 debes tener en cuenta al hacer la maleta.","breadcrumb":{"@id":"https:\/\/www.reclamador.es\/blog\/se-pueden-llevar-los-productos-del-skincare-en-el-avion\/#breadcrumb"},"inLanguage":"es","potentialAction":[{"@type":"ReadAction","target":["https:\/\/www.reclamador.es\/blog\/se-pueden-llevar-los-productos-del-skincare-en-el-avion\/"]}]},{"@type":"ImageObject","inLanguage":"es","@id":"https:\/\/www.reclamador.es\/blog\/se-pueden-llevar-los-productos-del-skincare-en-el-avion\/#primaryimage","url":"https:\/\/i0.wp.com\/www.reclamador.es\/blog\/wp-content\/uploads\/2026\/04\/RECLAMADORaeropuertos-skincare-maletas-control-de-seguridad-1.jpg?fit=1920%2C1069&ssl=1","contentUrl":"https:\/\/i0.wp.com\/www.reclamador.es\/blog\/wp-content\/uploads\/2026\/04\/RECLAMADORaeropuertos-skincare-maletas-control-de-seguridad-1.jpg?fit=1920%2C1069&ssl=1","width":1920,"height":1069,"caption":"Skincare en la maleta - control de seguridad"},{"@type":"BreadcrumbList","@id":"https:\/\/www.reclamador.es\/blog\/se-pueden-llevar-los-productos-del-skincare-en-el-avion\/#breadcrumb","itemListElement":[{"@type":"ListItem","position":1,"name":"Portada","item":"https:\/\/www.reclamador.es\/blog\/"},{"@type":"ListItem","position":2,"name":"\u00bfSe pueden llevar los productos del skincare en el avi\u00f3n? Gu\u00eda para pasar el control de seguridad"}]},{"@type":"WebSite","@id":"https:\/\/www.reclamador.es\/blog\/#website","url":"https:\/\/www.reclamador.es\/blog\/","name":"Rebeldes con causa, el blog de reclamador.es","description":"Noticias, entrevistas y consejos sobre reclamaciones","publisher":{"@id":"https:\/\/www.reclamador.es\/blog\/#organization"},"potentialAction":[{"@type":"SearchAction","target":{"@type":"EntryPoint","urlTemplate":"https:\/\/www.reclamador.es\/blog\/?s={search_term_string}"},"query-input":{"@type":"PropertyValueSpecification","valueRequired":true,"valueName":"search_term_string"}}],"inLanguage":"es"},{"@type":"Organization","@id":"https:\/\/www.reclamador.es\/blog\/#organization","name":"reclamador.es","url":"https:\/\/www.reclamador.es\/blog\/","logo":{"@type":"ImageObject","inLanguage":"es","@id":"https:\/\/www.reclamador.es\/blog\/#\/schema\/logo\/image\/","url":"https:\/\/i0.wp.com\/www.reclamador.es\/blog\/wp-content\/uploads\/2020\/01\/logo-reclamador.png?fit=1200%2C144&ssl=1","contentUrl":"https:\/\/i0.wp.com\/www.reclamador.es\/blog\/wp-content\/uploads\/2020\/01\/logo-reclamador.png?fit=1200%2C144&ssl=1","width":1200,"height":144,"caption":"reclamador.es"},"image":{"@id":"https:\/\/www.reclamador.es\/blog\/#\/schema\/logo\/image\/"},"sameAs":["https:\/\/www.facebook.com\/reclamador.es","https:\/\/x.com\/reclamador","https:\/\/www.instagram.com\/reclamador.es\/","https:\/\/www.linkedin.com\/company\/reclamador-es","https:\/\/www.youtube.com\/user\/Reclamadores"]},{"@type":"Person","@id":"https:\/\/www.reclamador.es\/blog\/#\/schema\/person\/2a9d121a6362255b8129c6fda9caffd5","name":"Alicia Ria\u00f1o","image":{"@type":"ImageObject","inLanguage":"es","@id":"https:\/\/secure.gravatar.com\/avatar\/2915f7664bf5ed4baf932328fabfe761f32f21ec1b577e7d54a7fee6613de25f?s=96&d=mm&r=g","url":"https:\/\/secure.gravatar.com\/avatar\/2915f7664bf5ed4baf932328fabfe761f32f21ec1b577e7d54a7fee6613de25f?s=96&d=mm&r=g","contentUrl":"https:\/\/secure.gravatar.com\/avatar\/2915f7664bf5ed4baf932328fabfe761f32f21ec1b577e7d54a7fee6613de25f?s=96&d=mm&r=g","caption":"Alicia Ria\u00f1o"},"description":"Periodista experta en comunicaci\u00f3n y marketing digital. Escribo para acercar la informaci\u00f3n legal de forma sencilla y comprensible a las personas.","sameAs":["https:\/\/www.linkedin.com\/in\/alicia-r-932a2959"],"url":"https:\/\/www.reclamador.es\/blog\/author\/alicia-riano\/"}]}},"jetpack_featured_media_url":"https:\/\/i0.wp.com\/www.reclamador.es\/blog\/wp-content\/uploads\/2026\/04\/RECLAMADORaeropuertos-skincare-maletas-control-de-seguridad-1.jpg?fit=1920%2C1069&ssl=1","jetpack-related-posts":[{"id":7185,"url":"https:\/\/www.reclamador.es\/blog\/que-puedo-llevar-en-una-maleta-de-mano\/","url_meta":{"origin":35948,"position":0},"title":"\u00bfQu\u00e9 se puede llevar en una maleta de mano?","author":"Equipo reclamador","date":"24 diciembre, 2024","format":false,"excerpt":"\u00bfVas a viajar en avi\u00f3n y no sabes si ese objeto que necesitas llevar contigo lo puedes meter en tu equipaje de mano?\u00a0Tienes que tener en cuenta que hay art\u00edculos que puede que no te dejen llevar en tu maleta de mano. Esto depende del juicio del responsable de seguridad\u2026","rel":"","context":"En \u00abConsejos legales\u00bb","block_context":{"text":"Consejos legales","link":"https:\/\/www.reclamador.es\/blog\/consejos\/"},"img":{"alt_text":"Qu\u00e9 se puede llevar dentro del equipaje de mano","src":"https:\/\/i0.wp.com\/www.reclamador.es\/blog\/wp-content\/uploads\/2017\/03\/que-se-puede-llevar-de-equipaje-de-mano.jpg?fit=1200%2C630&ssl=1&resize=350%2C200","width":350,"height":200,"srcset":"https:\/\/i0.wp.com\/www.reclamador.es\/blog\/wp-content\/uploads\/2017\/03\/que-se-puede-llevar-de-equipaje-de-mano.jpg?fit=1200%2C630&ssl=1&resize=350%2C200 1x, https:\/\/i0.wp.com\/www.reclamador.es\/blog\/wp-content\/uploads\/2017\/03\/que-se-puede-llevar-de-equipaje-de-mano.jpg?fit=1200%2C630&ssl=1&resize=525%2C300 1.5x, https:\/\/i0.wp.com\/www.reclamador.es\/blog\/wp-content\/uploads\/2017\/03\/que-se-puede-llevar-de-equipaje-de-mano.jpg?fit=1200%2C630&ssl=1&resize=700%2C400 2x, https:\/\/i0.wp.com\/www.reclamador.es\/blog\/wp-content\/uploads\/2017\/03\/que-se-puede-llevar-de-equipaje-de-mano.jpg?fit=1200%2C630&ssl=1&resize=1050%2C600 3x"},"classes":[]},{"id":22747,"url":"https:\/\/www.reclamador.es\/blog\/trucos-pasar-rapido-control-de-seguridad-aeropuerto\/","url_meta":{"origin":35948,"position":1},"title":"Consejos para pasar m\u00e1s r\u00e1pido el control de seguridad del aeropuerto","author":"Alicia Ria\u00f1o","date":"17 junio, 2023","format":false,"excerpt":"A los viajes en avi\u00f3n, hay que llegar con tiempo suficiente para pasar el control de seguridad del aeropuerto. Si pierdes tu vuelo por esa interminable espera en la zona de seguridad, no podr\u00e1s reclamar una compensaci\u00f3n a la aerol\u00ednea y, si quieres volar, deber\u00e1s comprar un nuevo billete de\u2026","rel":"","context":"En \u00abConsejos legales\u00bb","block_context":{"text":"Consejos legales","link":"https:\/\/www.reclamador.es\/blog\/consejos\/"},"img":{"alt_text":"control de seguridad del aeropuerto","src":"https:\/\/i0.wp.com\/www.reclamador.es\/blog\/wp-content\/uploads\/2022\/05\/pasar-rapido-control-de-seguridad-aeropuerto-1200x630-1.jpg?fit=1200%2C630&ssl=1&resize=350%2C200","width":350,"height":200,"srcset":"https:\/\/i0.wp.com\/www.reclamador.es\/blog\/wp-content\/uploads\/2022\/05\/pasar-rapido-control-de-seguridad-aeropuerto-1200x630-1.jpg?fit=1200%2C630&ssl=1&resize=350%2C200 1x, https:\/\/i0.wp.com\/www.reclamador.es\/blog\/wp-content\/uploads\/2022\/05\/pasar-rapido-control-de-seguridad-aeropuerto-1200x630-1.jpg?fit=1200%2C630&ssl=1&resize=525%2C300 1.5x, https:\/\/i0.wp.com\/www.reclamador.es\/blog\/wp-content\/uploads\/2022\/05\/pasar-rapido-control-de-seguridad-aeropuerto-1200x630-1.jpg?fit=1200%2C630&ssl=1&resize=700%2C400 2x, https:\/\/i0.wp.com\/www.reclamador.es\/blog\/wp-content\/uploads\/2022\/05\/pasar-rapido-control-de-seguridad-aeropuerto-1200x630-1.jpg?fit=1200%2C630&ssl=1&resize=1050%2C600 3x"},"classes":[]},{"id":17453,"url":"https:\/\/www.reclamador.es\/blog\/llevar-comida-equipaje-mano\/","url_meta":{"origin":35948,"position":2},"title":"Comida en el equipaje de mano: \u00bfqu\u00e9 se puede llevar?","author":"Alicia Ria\u00f1o","date":"14 abril, 2024","format":false,"excerpt":"Seguramente, cuando has preparado tu maleta para realizar un viaje te has preguntado si se puede llevar comida en el equipaje de mano o si existe alg\u00fan tipo de restricci\u00f3n, como con los l\u00edquidos. Llevar comida en el avi\u00f3n, ya sea para picar algo durante el vuelo o para tener\u2026","rel":"","context":"En \u00abConsejos legales\u00bb","block_context":{"text":"Consejos legales","link":"https:\/\/www.reclamador.es\/blog\/consejos\/"},"img":{"alt_text":"que comida se puede llevar en el equipaje de mano","src":"https:\/\/i0.wp.com\/www.reclamador.es\/blog\/wp-content\/uploads\/2020\/02\/comida-en-el-equipaje-de-mano.jpg?fit=1198%2C676&ssl=1&resize=350%2C200","width":350,"height":200,"srcset":"https:\/\/i0.wp.com\/www.reclamador.es\/blog\/wp-content\/uploads\/2020\/02\/comida-en-el-equipaje-de-mano.jpg?fit=1198%2C676&ssl=1&resize=350%2C200 1x, https:\/\/i0.wp.com\/www.reclamador.es\/blog\/wp-content\/uploads\/2020\/02\/comida-en-el-equipaje-de-mano.jpg?fit=1198%2C676&ssl=1&resize=525%2C300 1.5x, https:\/\/i0.wp.com\/www.reclamador.es\/blog\/wp-content\/uploads\/2020\/02\/comida-en-el-equipaje-de-mano.jpg?fit=1198%2C676&ssl=1&resize=700%2C400 2x, https:\/\/i0.wp.com\/www.reclamador.es\/blog\/wp-content\/uploads\/2020\/02\/comida-en-el-equipaje-de-mano.jpg?fit=1198%2C676&ssl=1&resize=1050%2C600 3x"},"classes":[]},{"id":35195,"url":"https:\/\/www.reclamador.es\/blog\/se-pueden-llevar-cuchillas-de-afeitar-en-el-avion-equipaje-de-mano-vs-equipaje-facturado\/","url_meta":{"origin":35948,"position":3},"title":"\u00bfSe pueden llevar cuchillas de afeitar en el avi\u00f3n? Equipaje de mano vs equipaje facturado","author":"Alicia Ria\u00f1o","date":"30 octubre, 2025","format":false,"excerpt":"La respuesta a la pregunta \u00bfse pueden llevar cuchillas de afeitar en el avi\u00f3n? es s\u00ed, pero depende del tipo de cuchilla de afeitar, podr\u00e1 ir en el equipaje de mano o tendr\u00e1s que llevarla obligatoriamente en la maleta facturada. Vamos ahora a ver qu\u00e9 tipo de cuchillas de afeitar\u2026","rel":"","context":"En \u00abConsejos legales\u00bb","block_context":{"text":"Consejos legales","link":"https:\/\/www.reclamador.es\/blog\/consejos\/"},"img":{"alt_text":"cuchillas de afeitar equipaje de mano","src":"https:\/\/i0.wp.com\/www.reclamador.es\/blog\/wp-content\/uploads\/2025\/10\/cuchillas-de-afeitar-en-el-avion-equipaje-de-mano.jpg?fit=1200%2C630&ssl=1&resize=350%2C200","width":350,"height":200,"srcset":"https:\/\/i0.wp.com\/www.reclamador.es\/blog\/wp-content\/uploads\/2025\/10\/cuchillas-de-afeitar-en-el-avion-equipaje-de-mano.jpg?fit=1200%2C630&ssl=1&resize=350%2C200 1x, https:\/\/i0.wp.com\/www.reclamador.es\/blog\/wp-content\/uploads\/2025\/10\/cuchillas-de-afeitar-en-el-avion-equipaje-de-mano.jpg?fit=1200%2C630&ssl=1&resize=525%2C300 1.5x, https:\/\/i0.wp.com\/www.reclamador.es\/blog\/wp-content\/uploads\/2025\/10\/cuchillas-de-afeitar-en-el-avion-equipaje-de-mano.jpg?fit=1200%2C630&ssl=1&resize=700%2C400 2x, https:\/\/i0.wp.com\/www.reclamador.es\/blog\/wp-content\/uploads\/2025\/10\/cuchillas-de-afeitar-en-el-avion-equipaje-de-mano.jpg?fit=1200%2C630&ssl=1&resize=1050%2C600 3x"},"classes":[]},{"id":35722,"url":"https:\/\/www.reclamador.es\/blog\/liquidos-avion-100ml-aeropuertos-espana\/","url_meta":{"origin":35948,"position":4},"title":"L\u00edquidos en el avi\u00f3n 2026: \u00bfSigue prohibido llevar l\u00edquidos de m\u00e1s de 100ml en los aeropuertos de Espa\u00f1a?","author":"Alicia Ria\u00f1o","date":"6 marzo, 2026","format":false,"excerpt":"\u00bfPensando ya en tu pr\u00f3ximo viaje en avi\u00f3n? \u00bfHas le\u00eddo en las noticias, visto en v\u00eddeos de Tiktok o Instagram o visto en televisi\u00f3n que ya no ser\u00e1 obligatorio llevar los l\u00edquidos en el avi\u00f3n en 2026 en frascos de m\u00e1ximo 100 ml? Pues debes saber que esto ya est\u00e1\u2026","rel":"","context":"En \u00abNoticias y actualidad\u00bb","block_context":{"text":"Noticias y actualidad","link":"https:\/\/www.reclamador.es\/blog\/noticias\/"},"img":{"alt_text":"restriccion 100ml aeropuertos de espa\u00f1a - guia por aeropuertos","src":"https:\/\/i0.wp.com\/www.reclamador.es\/blog\/wp-content\/uploads\/2026\/03\/liquidos-en-el-avion-100ml-aeropuertos-de-espana.jpg?fit=1201%2C630&ssl=1&resize=350%2C200","width":350,"height":200,"srcset":"https:\/\/i0.wp.com\/www.reclamador.es\/blog\/wp-content\/uploads\/2026\/03\/liquidos-en-el-avion-100ml-aeropuertos-de-espana.jpg?fit=1201%2C630&ssl=1&resize=350%2C200 1x, https:\/\/i0.wp.com\/www.reclamador.es\/blog\/wp-content\/uploads\/2026\/03\/liquidos-en-el-avion-100ml-aeropuertos-de-espana.jpg?fit=1201%2C630&ssl=1&resize=525%2C300 1.5x, https:\/\/i0.wp.com\/www.reclamador.es\/blog\/wp-content\/uploads\/2026\/03\/liquidos-en-el-avion-100ml-aeropuertos-de-espana.jpg?fit=1201%2C630&ssl=1&resize=700%2C400 2x, https:\/\/i0.wp.com\/www.reclamador.es\/blog\/wp-content\/uploads\/2026\/03\/liquidos-en-el-avion-100ml-aeropuertos-de-espana.jpg?fit=1201%2C630&ssl=1&resize=1050%2C600 3x"},"classes":[]},{"id":18816,"url":"https:\/\/www.reclamador.es\/blog\/consejos-para-tu-equipaje-antes-de-volar\/","url_meta":{"origin":35948,"position":5},"title":"Consejos para preparar el equipaje antes de un vuelo","author":"Equipo reclamador","date":"8 agosto, 2023","format":false,"excerpt":"*Contenido revisado mayo 2025 La tarea de hacer la maleta para viajar en avi\u00f3n y\u00a0preparar todo el equipaje, es de esas cosas que pueden parecer muy sencillas, pero que no lo son tanto. Ya sea por espacio en la maleta o por las restricciones que existan, antes de volar, es\u2026","rel":"","context":"En \u00abConsejos legales\u00bb","block_context":{"text":"Consejos legales","link":"https:\/\/www.reclamador.es\/blog\/consejos\/"},"img":{"alt_text":"hacer la maleta reclamador","src":"https:\/\/i0.wp.com\/www.reclamador.es\/blog\/wp-content\/uploads\/2019\/08\/hacer-la-maleta-viaje-avion_destacada.jpg?fit=800%2C419&ssl=1&resize=350%2C200","width":350,"height":200,"srcset":"https:\/\/i0.wp.com\/www.reclamador.es\/blog\/wp-content\/uploads\/2019\/08\/hacer-la-maleta-viaje-avion_destacada.jpg?fit=800%2C419&ssl=1&resize=350%2C200 1x, https:\/\/i0.wp.com\/www.reclamador.es\/blog\/wp-content\/uploads\/2019\/08\/hacer-la-maleta-viaje-avion_destacada.jpg?fit=800%2C419&ssl=1&resize=525%2C300 1.5x, https:\/\/i0.wp.com\/www.reclamador.es\/blog\/wp-content\/uploads\/2019\/08\/hacer-la-maleta-viaje-avion_destacada.jpg?fit=800%2C419&ssl=1&resize=700%2C400 2x"},"classes":[]}],"jetpack_sharing_enabled":true,"_links":{"self":[{"href":"https:\/\/www.reclamador.es\/blog\/wp-json\/wp\/v2\/posts\/35948","targetHints":{"allow":["GET"]}}],"collection":[{"href":"https:\/\/www.reclamador.es\/blog\/wp-json\/wp\/v2\/posts"}],"about":[{"href":"https:\/\/www.reclamador.es\/blog\/wp-json\/wp\/v2\/types\/post"}],"author":[{"embeddable":true,"href":"https:\/\/www.reclamador.es\/blog\/wp-json\/wp\/v2\/users\/28"}],"replies":[{"embeddable":true,"href":"https:\/\/www.reclamador.es\/blog\/wp-json\/wp\/v2\/comments?post=35948"}],"version-history":[{"count":3,"href":"https:\/\/www.reclamador.es\/blog\/wp-json\/wp\/v2\/posts\/35948\/revisions"}],"predecessor-version":[{"id":35952,"href":"https:\/\/www.reclamador.es\/blog\/wp-json\/wp\/v2\/posts\/35948\/revisions\/35952"}],"wp:featuredmedia":[{"embeddable":true,"href":"https:\/\/www.reclamador.es\/blog\/wp-json\/wp\/v2\/media\/35951"}],"wp:attachment":[{"href":"https:\/\/www.reclamador.es\/blog\/wp-json\/wp\/v2\/media?parent=35948"}],"wp:term":[{"taxonomy":"category","embeddable":true,"href":"https:\/\/www.reclamador.es\/blog\/wp-json\/wp\/v2\/categories?post=35948"},{"taxonomy":"post_tag","embeddable":true,"href":"https:\/\/www.reclamador.es\/blog\/wp-json\/wp\/v2\/tags?post=35948"}],"curies":[{"name":"wp","href":"https:\/\/api.w.org\/{rel}","templated":true}]}}