{"id":35937,"date":"2026-04-29T15:48:15","date_gmt":"2026-04-29T13:48:15","guid":{"rendered":"https:\/\/www.reclamador.es\/blog\/?p=35937"},"modified":"2026-04-29T15:48:16","modified_gmt":"2026-04-29T13:48:16","slug":"vuelos-verano-2026-cancelaciones-plazo-reclamar","status":"publish","type":"post","link":"https:\/\/www.reclamador.es\/blog\/vuelos-verano-2026-cancelaciones-plazo-reclamar\/","title":{"rendered":"\u00bfYa tienes los vuelos contratados para este verano 2026? Ojo con las cancelaciones"},"content":{"rendered":"<div class=\"ttr_start\"><\/div>\n\n<div class=\"kk-star-ratings kksr-auto kksr-align-right kksr-valign-top\"\n    data-payload='{&quot;align&quot;:&quot;right&quot;,&quot;id&quot;:&quot;35937&quot;,&quot;slug&quot;:&quot;default&quot;,&quot;valign&quot;:&quot;top&quot;,&quot;ignore&quot;:&quot;&quot;,&quot;reference&quot;:&quot;auto&quot;,&quot;class&quot;:&quot;&quot;,&quot;count&quot;:&quot;0&quot;,&quot;legendonly&quot;:&quot;&quot;,&quot;readonly&quot;:&quot;&quot;,&quot;score&quot;:&quot;0&quot;,&quot;starsonly&quot;:&quot;&quot;,&quot;best&quot;:&quot;5&quot;,&quot;gap&quot;:&quot;3&quot;,&quot;greet&quot;:&quot;Valora este art\u00edculo&quot;,&quot;legend&quot;:&quot;0\\\/5 - (0 votos)&quot;,&quot;size&quot;:&quot;20&quot;,&quot;title&quot;:&quot;\u00bfYa tienes los vuelos contratados para este verano 2026? Ojo con las cancelaciones&quot;,&quot;width&quot;:&quot;0&quot;,&quot;_legend&quot;:&quot;{score}\\\/{best} - ({count} {votes})&quot;,&quot;font_factor&quot;:&quot;1.25&quot;}'>\n            \n<div class=\"kksr-stars\">\n    \n<div class=\"kksr-stars-inactive\">\n            <div class=\"kksr-star\" data-star=\"1\" style=\"padding-right: 3px\">\n            \n\n<div class=\"kksr-icon\" style=\"width: 20px; height: 20px;\"><\/div>\n        <\/div>\n            <div class=\"kksr-star\" data-star=\"2\" style=\"padding-right: 3px\">\n            \n\n<div class=\"kksr-icon\" style=\"width: 20px; height: 20px;\"><\/div>\n        <\/div>\n            <div class=\"kksr-star\" data-star=\"3\" style=\"padding-right: 3px\">\n            \n\n<div class=\"kksr-icon\" style=\"width: 20px; height: 20px;\"><\/div>\n        <\/div>\n            <div class=\"kksr-star\" data-star=\"4\" style=\"padding-right: 3px\">\n            \n\n<div class=\"kksr-icon\" style=\"width: 20px; height: 20px;\"><\/div>\n        <\/div>\n            <div class=\"kksr-star\" data-star=\"5\" style=\"padding-right: 3px\">\n            \n\n<div class=\"kksr-icon\" style=\"width: 20px; height: 20px;\"><\/div>\n        <\/div>\n    <\/div>\n    \n<div class=\"kksr-stars-active\" style=\"width: 0px;\">\n            <div class=\"kksr-star\" style=\"padding-right: 3px\">\n            \n\n<div class=\"kksr-icon\" style=\"width: 20px; height: 20px;\"><\/div>\n        <\/div>\n            <div class=\"kksr-star\" style=\"padding-right: 3px\">\n            \n\n<div class=\"kksr-icon\" style=\"width: 20px; height: 20px;\"><\/div>\n        <\/div>\n            <div class=\"kksr-star\" style=\"padding-right: 3px\">\n            \n\n<div class=\"kksr-icon\" style=\"width: 20px; height: 20px;\"><\/div>\n        <\/div>\n            <div class=\"kksr-star\" style=\"padding-right: 3px\">\n            \n\n<div class=\"kksr-icon\" style=\"width: 20px; height: 20px;\"><\/div>\n        <\/div>\n            <div class=\"kksr-star\" style=\"padding-right: 3px\">\n            \n\n<div class=\"kksr-icon\" style=\"width: 20px; height: 20px;\"><\/div>\n        <\/div>\n    <\/div>\n<\/div>\n                \n\n<div class=\"kksr-legend\" style=\"font-size: 16px;\">\n            <span class=\"kksr-muted\">Valora este art\u00edculo<\/span>\n    <\/div>\n    <\/div>\n\n<figure id=\"attachment_35945\" aria-describedby=\"caption-attachment-35945\" style=\"width: 800px\" class=\"wp-caption alignnone\"><img data-recalc-dims=\"1\" loading=\"lazy\" decoding=\"async\" class=\"size-medium wp-image-35945\" src=\"https:\/\/i0.wp.com\/www.reclamador.es\/blog\/wp-content\/uploads\/2026\/04\/vuelos-verano-2026-cancelaciones-por-combustible.jpg?resize=800%2C448&#038;ssl=1\" alt=\"vuelos verano 2026 - cancelacion vuelo precio combustible\" width=\"800\" height=\"448\" srcset=\"https:\/\/i0.wp.com\/www.reclamador.es\/blog\/wp-content\/uploads\/2026\/04\/vuelos-verano-2026-cancelaciones-por-combustible.jpg?resize=800%2C448&amp;ssl=1 800w, https:\/\/i0.wp.com\/www.reclamador.es\/blog\/wp-content\/uploads\/2026\/04\/vuelos-verano-2026-cancelaciones-por-combustible.jpg?resize=150%2C84&amp;ssl=1 150w, https:\/\/i0.wp.com\/www.reclamador.es\/blog\/wp-content\/uploads\/2026\/04\/vuelos-verano-2026-cancelaciones-por-combustible.jpg?resize=768%2C430&amp;ssl=1 768w, https:\/\/i0.wp.com\/www.reclamador.es\/blog\/wp-content\/uploads\/2026\/04\/vuelos-verano-2026-cancelaciones-por-combustible.jpg?w=1280&amp;ssl=1 1280w\" sizes=\"auto, (max-width: 800px) 100vw, 800px\" \/><figcaption id=\"caption-attachment-35945\" class=\"wp-caption-text\"><em>Vuelos verano 2026<\/em><\/figcaption><\/figure>\n<p>Despu\u00e9s de Semana Santa son muchas las personas que dan el paso de contratar sus vacaciones de verano. Este 2026 viene marcado por la clara subida de precios y la inestabilidad geopol\u00edtica en zonas que antes serv\u00edan no solo como destino vacacional sino tambi\u00e9n como nudo de comunicaciones y escalas, por lo que es posible que tus ideas iniciales de destino se est\u00e9n viendo modificadas.\u00a0<\/p>\n<p>Otro asunto que preocupa entre los futuros veraneantes es la posible <a href=\"https:\/\/www.reclamador.es\/blog\/cancelacion-de-vuelo-por-subida-de-combustible-reclamaciones\/\">cancelaci\u00f3n de vuelos debido a la subida del precio del combustible<\/a> para los aviones. Y es que son much\u00edsimas las personas que, previsoras de los precios seg\u00fan se acercan las fechas de temporada alta, contratan los vuelos no solo ahora, tambi\u00e9n varios meses atr\u00e1s. Y, ahora, el miedo es la incertidumbre ante posibles cancelaciones de esos vuelo ya contratados.\u00a0<\/p>\n<h2>\u00bfQu\u00e9 pasa si te cancelan con mucha antelaci\u00f3n el vuelo de tus vacaciones de verano?<\/h2>\n<p>Hay un margen cr\u00edtico para los viajeros y viajeras, cuando cancelan el vuelo con m\u00e1s de dos semanas de antelaci\u00f3n pero solo uno o dos meses antes de la fecha prevista de salida. \u00bfPor qu\u00e9? Porque si la cancelaci\u00f3n de vuelo se avisa con m\u00e1s de dos semanas de antelaci\u00f3n no corresponde compensaci\u00f3n econ\u00f3mica adicional. Si se avisa con menos de dos semanas s\u00ed, salvo caso de fuerza mayor (y la subida del combustible no es una causa de fuerza mayor).\u00a0<\/p>\n<p><strong>\u00bfLa realidad de los viajeros y viajeras?<\/strong> Pues que, adem\u00e1s de no corresponder indemnizaci\u00f3n, pese a que devuelvan el coste del billete, adquirir otro billete a falta de un mes suele suponer un gran incremento econ\u00f3mico.\u00a0<\/p>\n<h3>Derecho a devoluci\u00f3n del billete o transporte alternativo cuando avisan con m\u00e1s de dos semanas de antelaci\u00f3n<\/h3>\n<p>Las personas afectadas por cancelaci\u00f3n de vuelo, sea cuando sea y por el motivo que sea, siempre <strong>tendr\u00e1n derecho a la devoluci\u00f3n del billete o bien a que se le ofrezca un transporte alternativo<\/strong>. A elegir una de ambas opciones.<\/p>\n<p>Quiz\u00e1s, en estos casos, si la aerol\u00ednea propone una reubicaci\u00f3n un d\u00eda antes o un d\u00eda despu\u00e9s, puede compensar econ\u00f3micamente. Depender\u00e1 de otros gastos que tenga que asumir, como noches de hotel o eventos perdidos.\u00a0<\/p>\n<p>Llegados a este punto, cabe recordar que, adem\u00e1s de lo anterior, la persona afectada por vuelo cancelado por subida del combustible <strong>tambi\u00e9n podr\u00eda reclamar los gastos extras no reembolsables<\/strong> que le suponga la cancelaci\u00f3n.\u00a0<\/p>\n<h3>Vuelos verano 2026: Y si avisan con menos de dos semanas de antelaci\u00f3n, adem\u00e1s de lo anterior, tambi\u00e9n corresponde compensaci\u00f3n de hasta 600 \u20ac<\/h3>\n<p>Como dec\u00edamos, que cancelen un vuelo por la subida del precio del combustible no es una causa de fuerza mayor y si dicha cancelaci\u00f3n se avisa con menos de dos semanas de antelaci\u00f3n a la salida del vuelo, corresponde una indemnizaci\u00f3n de hasta 600 \u20ac m\u00e1s los gastos extras acreditables y m\u00e1s el reembolso del billete o un transporte alternativo.\u00a0<\/p>\n<p>Y esta compensaci\u00f3n casi nunca es ofrecida de \"buena voluntad\" por la aerol\u00ednea. Pero en reclamador.es conseguimos que las <a href=\"https:\/\/www.reclamador.es\/aerolineas\/cancelacion-vuelo\/\">compa\u00f1\u00edas indemnicen a sus pasajeros por la cancelaci\u00f3n de sus vuelos<\/a>.\u00a0<\/p>\n<p>Si te ocurre, si la aerol\u00ednea cancela tu vuelo, consulta siempre tu caso con nosotros. Te informaremos sin compromiso si tu reclamaci\u00f3n es viable y te diremos cu\u00e1nto puedes recuperar.\u00a0<\/p>\n<h2 style=\"text-align: center;\"><strong><a class=\"button-lead\" href=\"https:\/\/www.reclamador.es\/form\/complaint\/cancellation\/\" rel=\"nofollow noopener\">Completa nuestro formulario y descubre gratis si puedes reclamar<\/a><\/strong><\/h2>\n<p>\u00a0<\/p>\n<p>\u00a0<\/p>\n\n\n<div class=\"ttr_end\"><\/div>","protected":false},"excerpt":{"rendered":"<p>Despu\u00e9s de Semana Santa son muchas las personas que dan el paso de contratar sus vacaciones de verano. Este 2026 viene marcado por la clara subida de precios y la inestabilidad geopol\u00edtica en zonas que antes serv\u00edan no solo como destino vacacional sino tambi\u00e9n como nudo de comunicaciones y escalas, por lo que es posible [&hellip;]<\/p>\n","protected":false},"author":28,"featured_media":35945,"comment_status":"open","ping_status":"open","sticky":false,"template":"","format":"standard","meta":{"_acf_changed":false,"_genesis_hide_title":false,"_genesis_hide_breadcrumbs":false,"_genesis_hide_singular_image":false,"_genesis_hide_footer_widgets":false,"_genesis_custom_body_class":"","_genesis_custom_post_class":"","_genesis_layout":"","_jetpack_newsletter_access":"","_jetpack_dont_email_post_to_subs":false,"_jetpack_newsletter_tier_id":0,"_jetpack_memberships_contains_paywalled_content":false,"_jetpack_memberships_contains_paid_content":false,"footnotes":""},"categories":[393],"tags":[380,664],"class_list":{"0":"post-35937","1":"post","2":"type-post","3":"status-publish","4":"format-standard","5":"has-post-thumbnail","7":"category-consejos","8":"tag-aerolineas","9":"tag-cancelacion","10":"entry"},"acf":[],"yoast_head":"<!-- This site is optimized with the Yoast SEO plugin v27.4 - https:\/\/yoast.com\/product\/yoast-seo-wordpress\/ -->\n<title>Vuelos verano 2026: \u00bfCu\u00e1l es la fecha tope para reclamar si cancelan?<\/title>\n<meta name=\"description\" content=\"Si ya tienes los vuelos del verano 2026 y temes que te los cancelen por el precio del combustible, te contamos cu\u00e1l es la fecha que importa para reclamar.\" \/>\n<meta name=\"robots\" content=\"index, follow, max-snippet:-1, max-image-preview:large, max-video-preview:-1\" \/>\n<link rel=\"canonical\" href=\"https:\/\/www.reclamador.es\/blog\/vuelos-verano-2026-cancelaciones-plazo-reclamar\/\" \/>\n<meta property=\"og:locale\" content=\"es_ES\" \/>\n<meta property=\"og:type\" content=\"article\" \/>\n<meta property=\"og:title\" content=\"Vuelos verano 2026: \u00bfCu\u00e1l es la fecha tope para reclamar si cancelan?\" \/>\n<meta property=\"og:description\" content=\"Si ya tienes los vuelos del verano 2026 y temes que te los cancelen por el precio del combustible, te contamos cu\u00e1l es la fecha que importa para reclamar.\" \/>\n<meta property=\"og:url\" content=\"https:\/\/www.reclamador.es\/blog\/vuelos-verano-2026-cancelaciones-plazo-reclamar\/\" \/>\n<meta property=\"og:site_name\" content=\"Rebeldes con causa, el blog de reclamador.es\" \/>\n<meta property=\"article:publisher\" content=\"https:\/\/www.facebook.com\/reclamador.es\" \/>\n<meta property=\"article:published_time\" content=\"2026-04-29T13:48:15+00:00\" \/>\n<meta property=\"article:modified_time\" content=\"2026-04-29T13:48:16+00:00\" \/>\n<meta property=\"og:image\" content=\"https:\/\/www.reclamador.es\/blog\/wp-content\/uploads\/2026\/04\/vuelos-verano-2026-cancelaciones-por-combustible.jpg\" \/>\n\t<meta property=\"og:image:width\" content=\"1280\" \/>\n\t<meta property=\"og:image:height\" content=\"717\" \/>\n\t<meta property=\"og:image:type\" content=\"image\/jpeg\" \/>\n<meta name=\"author\" content=\"Alicia Ria\u00f1o\" \/>\n<meta name=\"twitter:card\" content=\"summary_large_image\" \/>\n<meta name=\"twitter:creator\" content=\"@reclamador\" \/>\n<meta name=\"twitter:site\" content=\"@reclamador\" \/>\n<meta name=\"twitter:label1\" content=\"Escrito por\" \/>\n\t<meta name=\"twitter:data1\" content=\"Alicia Ria\u00f1o\" \/>\n\t<meta name=\"twitter:label2\" content=\"Tiempo de lectura\" \/>\n\t<meta name=\"twitter:data2\" content=\"3 minutos\" \/>\n<script type=\"application\/ld+json\" class=\"yoast-schema-graph\">{\"@context\":\"https:\\\/\\\/schema.org\",\"@graph\":[{\"@type\":\"Article\",\"@id\":\"https:\\\/\\\/www.reclamador.es\\\/blog\\\/vuelos-verano-2026-cancelaciones-plazo-reclamar\\\/#article\",\"isPartOf\":{\"@id\":\"https:\\\/\\\/www.reclamador.es\\\/blog\\\/vuelos-verano-2026-cancelaciones-plazo-reclamar\\\/\"},\"author\":{\"name\":\"Alicia Ria\u00f1o\",\"@id\":\"https:\\\/\\\/www.reclamador.es\\\/blog\\\/#\\\/schema\\\/person\\\/2a9d121a6362255b8129c6fda9caffd5\"},\"headline\":\"\u00bfYa tienes los vuelos contratados para este verano 2026? Ojo con las cancelaciones\",\"datePublished\":\"2026-04-29T13:48:15+00:00\",\"dateModified\":\"2026-04-29T13:48:16+00:00\",\"mainEntityOfPage\":{\"@id\":\"https:\\\/\\\/www.reclamador.es\\\/blog\\\/vuelos-verano-2026-cancelaciones-plazo-reclamar\\\/\"},\"wordCount\":618,\"commentCount\":0,\"publisher\":{\"@id\":\"https:\\\/\\\/www.reclamador.es\\\/blog\\\/#organization\"},\"image\":{\"@id\":\"https:\\\/\\\/www.reclamador.es\\\/blog\\\/vuelos-verano-2026-cancelaciones-plazo-reclamar\\\/#primaryimage\"},\"thumbnailUrl\":\"https:\\\/\\\/i0.wp.com\\\/www.reclamador.es\\\/blog\\\/wp-content\\\/uploads\\\/2026\\\/04\\\/vuelos-verano-2026-cancelaciones-por-combustible.jpg?fit=1280%2C717&ssl=1\",\"keywords\":[\"aerol\u00edneas\",\"cancelaci\u00f3n\"],\"articleSection\":[\"Consejos legales\"],\"inLanguage\":\"es\",\"potentialAction\":[{\"@type\":\"CommentAction\",\"name\":\"Comment\",\"target\":[\"https:\\\/\\\/www.reclamador.es\\\/blog\\\/vuelos-verano-2026-cancelaciones-plazo-reclamar\\\/#respond\"]}]},{\"@type\":\"WebPage\",\"@id\":\"https:\\\/\\\/www.reclamador.es\\\/blog\\\/vuelos-verano-2026-cancelaciones-plazo-reclamar\\\/\",\"url\":\"https:\\\/\\\/www.reclamador.es\\\/blog\\\/vuelos-verano-2026-cancelaciones-plazo-reclamar\\\/\",\"name\":\"Vuelos verano 2026: \u00bfCu\u00e1l es la fecha tope para reclamar si cancelan?\",\"isPartOf\":{\"@id\":\"https:\\\/\\\/www.reclamador.es\\\/blog\\\/#website\"},\"primaryImageOfPage\":{\"@id\":\"https:\\\/\\\/www.reclamador.es\\\/blog\\\/vuelos-verano-2026-cancelaciones-plazo-reclamar\\\/#primaryimage\"},\"image\":{\"@id\":\"https:\\\/\\\/www.reclamador.es\\\/blog\\\/vuelos-verano-2026-cancelaciones-plazo-reclamar\\\/#primaryimage\"},\"thumbnailUrl\":\"https:\\\/\\\/i0.wp.com\\\/www.reclamador.es\\\/blog\\\/wp-content\\\/uploads\\\/2026\\\/04\\\/vuelos-verano-2026-cancelaciones-por-combustible.jpg?fit=1280%2C717&ssl=1\",\"datePublished\":\"2026-04-29T13:48:15+00:00\",\"dateModified\":\"2026-04-29T13:48:16+00:00\",\"description\":\"Si ya tienes los vuelos del verano 2026 y temes que te los cancelen por el precio del combustible, te contamos cu\u00e1l es la fecha que importa para reclamar.\",\"breadcrumb\":{\"@id\":\"https:\\\/\\\/www.reclamador.es\\\/blog\\\/vuelos-verano-2026-cancelaciones-plazo-reclamar\\\/#breadcrumb\"},\"inLanguage\":\"es\",\"potentialAction\":[{\"@type\":\"ReadAction\",\"target\":[\"https:\\\/\\\/www.reclamador.es\\\/blog\\\/vuelos-verano-2026-cancelaciones-plazo-reclamar\\\/\"]}]},{\"@type\":\"ImageObject\",\"inLanguage\":\"es\",\"@id\":\"https:\\\/\\\/www.reclamador.es\\\/blog\\\/vuelos-verano-2026-cancelaciones-plazo-reclamar\\\/#primaryimage\",\"url\":\"https:\\\/\\\/i0.wp.com\\\/www.reclamador.es\\\/blog\\\/wp-content\\\/uploads\\\/2026\\\/04\\\/vuelos-verano-2026-cancelaciones-por-combustible.jpg?fit=1280%2C717&ssl=1\",\"contentUrl\":\"https:\\\/\\\/i0.wp.com\\\/www.reclamador.es\\\/blog\\\/wp-content\\\/uploads\\\/2026\\\/04\\\/vuelos-verano-2026-cancelaciones-por-combustible.jpg?fit=1280%2C717&ssl=1\",\"width\":1280,\"height\":717,\"caption\":\"Vuelos verano 2026\"},{\"@type\":\"BreadcrumbList\",\"@id\":\"https:\\\/\\\/www.reclamador.es\\\/blog\\\/vuelos-verano-2026-cancelaciones-plazo-reclamar\\\/#breadcrumb\",\"itemListElement\":[{\"@type\":\"ListItem\",\"position\":1,\"name\":\"Portada\",\"item\":\"https:\\\/\\\/www.reclamador.es\\\/blog\\\/\"},{\"@type\":\"ListItem\",\"position\":2,\"name\":\"\u00bfYa tienes los vuelos contratados para este verano 2026? Ojo con las cancelaciones\"}]},{\"@type\":\"WebSite\",\"@id\":\"https:\\\/\\\/www.reclamador.es\\\/blog\\\/#website\",\"url\":\"https:\\\/\\\/www.reclamador.es\\\/blog\\\/\",\"name\":\"Rebeldes con causa, el blog de reclamador.es\",\"description\":\"Noticias, entrevistas y consejos sobre reclamaciones\",\"publisher\":{\"@id\":\"https:\\\/\\\/www.reclamador.es\\\/blog\\\/#organization\"},\"potentialAction\":[{\"@type\":\"SearchAction\",\"target\":{\"@type\":\"EntryPoint\",\"urlTemplate\":\"https:\\\/\\\/www.reclamador.es\\\/blog\\\/?s={search_term_string}\"},\"query-input\":{\"@type\":\"PropertyValueSpecification\",\"valueRequired\":true,\"valueName\":\"search_term_string\"}}],\"inLanguage\":\"es\"},{\"@type\":\"Organization\",\"@id\":\"https:\\\/\\\/www.reclamador.es\\\/blog\\\/#organization\",\"name\":\"reclamador.es\",\"url\":\"https:\\\/\\\/www.reclamador.es\\\/blog\\\/\",\"logo\":{\"@type\":\"ImageObject\",\"inLanguage\":\"es\",\"@id\":\"https:\\\/\\\/www.reclamador.es\\\/blog\\\/#\\\/schema\\\/logo\\\/image\\\/\",\"url\":\"https:\\\/\\\/i0.wp.com\\\/www.reclamador.es\\\/blog\\\/wp-content\\\/uploads\\\/2020\\\/01\\\/logo-reclamador.png?fit=1200%2C144&ssl=1\",\"contentUrl\":\"https:\\\/\\\/i0.wp.com\\\/www.reclamador.es\\\/blog\\\/wp-content\\\/uploads\\\/2020\\\/01\\\/logo-reclamador.png?fit=1200%2C144&ssl=1\",\"width\":1200,\"height\":144,\"caption\":\"reclamador.es\"},\"image\":{\"@id\":\"https:\\\/\\\/www.reclamador.es\\\/blog\\\/#\\\/schema\\\/logo\\\/image\\\/\"},\"sameAs\":[\"https:\\\/\\\/www.facebook.com\\\/reclamador.es\",\"https:\\\/\\\/x.com\\\/reclamador\",\"https:\\\/\\\/www.instagram.com\\\/reclamador.es\\\/\",\"https:\\\/\\\/www.linkedin.com\\\/company\\\/reclamador-es\",\"https:\\\/\\\/www.youtube.com\\\/user\\\/Reclamadores\"]},{\"@type\":\"Person\",\"@id\":\"https:\\\/\\\/www.reclamador.es\\\/blog\\\/#\\\/schema\\\/person\\\/2a9d121a6362255b8129c6fda9caffd5\",\"name\":\"Alicia Ria\u00f1o\",\"image\":{\"@type\":\"ImageObject\",\"inLanguage\":\"es\",\"@id\":\"https:\\\/\\\/secure.gravatar.com\\\/avatar\\\/2915f7664bf5ed4baf932328fabfe761f32f21ec1b577e7d54a7fee6613de25f?s=96&d=mm&r=g\",\"url\":\"https:\\\/\\\/secure.gravatar.com\\\/avatar\\\/2915f7664bf5ed4baf932328fabfe761f32f21ec1b577e7d54a7fee6613de25f?s=96&d=mm&r=g\",\"contentUrl\":\"https:\\\/\\\/secure.gravatar.com\\\/avatar\\\/2915f7664bf5ed4baf932328fabfe761f32f21ec1b577e7d54a7fee6613de25f?s=96&d=mm&r=g\",\"caption\":\"Alicia Ria\u00f1o\"},\"description\":\"Periodista experta en comunicaci\u00f3n y marketing digital. Escribo para acercar la informaci\u00f3n legal de forma sencilla y comprensible a las personas.\",\"sameAs\":[\"https:\\\/\\\/www.linkedin.com\\\/in\\\/alicia-r-932a2959\"],\"url\":\"https:\\\/\\\/www.reclamador.es\\\/blog\\\/author\\\/alicia-riano\\\/\"}]}<\/script>\n<!-- \/ Yoast SEO plugin. -->","yoast_head_json":{"title":"Vuelos verano 2026: \u00bfCu\u00e1l es la fecha tope para reclamar si cancelan?","description":"Si ya tienes los vuelos del verano 2026 y temes que te los cancelen por el precio del combustible, te contamos cu\u00e1l es la fecha que importa para reclamar.","robots":{"index":"index","follow":"follow","max-snippet":"max-snippet:-1","max-image-preview":"max-image-preview:large","max-video-preview":"max-video-preview:-1"},"canonical":"https:\/\/www.reclamador.es\/blog\/vuelos-verano-2026-cancelaciones-plazo-reclamar\/","og_locale":"es_ES","og_type":"article","og_title":"Vuelos verano 2026: \u00bfCu\u00e1l es la fecha tope para reclamar si cancelan?","og_description":"Si ya tienes los vuelos del verano 2026 y temes que te los cancelen por el precio del combustible, te contamos cu\u00e1l es la fecha que importa para reclamar.","og_url":"https:\/\/www.reclamador.es\/blog\/vuelos-verano-2026-cancelaciones-plazo-reclamar\/","og_site_name":"Rebeldes con causa, el blog de reclamador.es","article_publisher":"https:\/\/www.facebook.com\/reclamador.es","article_published_time":"2026-04-29T13:48:15+00:00","article_modified_time":"2026-04-29T13:48:16+00:00","og_image":[{"width":1280,"height":717,"url":"https:\/\/www.reclamador.es\/blog\/wp-content\/uploads\/2026\/04\/vuelos-verano-2026-cancelaciones-por-combustible.jpg","type":"image\/jpeg"}],"author":"Alicia Ria\u00f1o","twitter_card":"summary_large_image","twitter_creator":"@reclamador","twitter_site":"@reclamador","twitter_misc":{"Escrito por":"Alicia Ria\u00f1o","Tiempo de lectura":"3 minutos"},"schema":{"@context":"https:\/\/schema.org","@graph":[{"@type":"Article","@id":"https:\/\/www.reclamador.es\/blog\/vuelos-verano-2026-cancelaciones-plazo-reclamar\/#article","isPartOf":{"@id":"https:\/\/www.reclamador.es\/blog\/vuelos-verano-2026-cancelaciones-plazo-reclamar\/"},"author":{"name":"Alicia Ria\u00f1o","@id":"https:\/\/www.reclamador.es\/blog\/#\/schema\/person\/2a9d121a6362255b8129c6fda9caffd5"},"headline":"\u00bfYa tienes los vuelos contratados para este verano 2026? Ojo con las cancelaciones","datePublished":"2026-04-29T13:48:15+00:00","dateModified":"2026-04-29T13:48:16+00:00","mainEntityOfPage":{"@id":"https:\/\/www.reclamador.es\/blog\/vuelos-verano-2026-cancelaciones-plazo-reclamar\/"},"wordCount":618,"commentCount":0,"publisher":{"@id":"https:\/\/www.reclamador.es\/blog\/#organization"},"image":{"@id":"https:\/\/www.reclamador.es\/blog\/vuelos-verano-2026-cancelaciones-plazo-reclamar\/#primaryimage"},"thumbnailUrl":"https:\/\/i0.wp.com\/www.reclamador.es\/blog\/wp-content\/uploads\/2026\/04\/vuelos-verano-2026-cancelaciones-por-combustible.jpg?fit=1280%2C717&ssl=1","keywords":["aerol\u00edneas","cancelaci\u00f3n"],"articleSection":["Consejos legales"],"inLanguage":"es","potentialAction":[{"@type":"CommentAction","name":"Comment","target":["https:\/\/www.reclamador.es\/blog\/vuelos-verano-2026-cancelaciones-plazo-reclamar\/#respond"]}]},{"@type":"WebPage","@id":"https:\/\/www.reclamador.es\/blog\/vuelos-verano-2026-cancelaciones-plazo-reclamar\/","url":"https:\/\/www.reclamador.es\/blog\/vuelos-verano-2026-cancelaciones-plazo-reclamar\/","name":"Vuelos verano 2026: \u00bfCu\u00e1l es la fecha tope para reclamar si cancelan?","isPartOf":{"@id":"https:\/\/www.reclamador.es\/blog\/#website"},"primaryImageOfPage":{"@id":"https:\/\/www.reclamador.es\/blog\/vuelos-verano-2026-cancelaciones-plazo-reclamar\/#primaryimage"},"image":{"@id":"https:\/\/www.reclamador.es\/blog\/vuelos-verano-2026-cancelaciones-plazo-reclamar\/#primaryimage"},"thumbnailUrl":"https:\/\/i0.wp.com\/www.reclamador.es\/blog\/wp-content\/uploads\/2026\/04\/vuelos-verano-2026-cancelaciones-por-combustible.jpg?fit=1280%2C717&ssl=1","datePublished":"2026-04-29T13:48:15+00:00","dateModified":"2026-04-29T13:48:16+00:00","description":"Si ya tienes los vuelos del verano 2026 y temes que te los cancelen por el precio del combustible, te contamos cu\u00e1l es la fecha que importa para reclamar.","breadcrumb":{"@id":"https:\/\/www.reclamador.es\/blog\/vuelos-verano-2026-cancelaciones-plazo-reclamar\/#breadcrumb"},"inLanguage":"es","potentialAction":[{"@type":"ReadAction","target":["https:\/\/www.reclamador.es\/blog\/vuelos-verano-2026-cancelaciones-plazo-reclamar\/"]}]},{"@type":"ImageObject","inLanguage":"es","@id":"https:\/\/www.reclamador.es\/blog\/vuelos-verano-2026-cancelaciones-plazo-reclamar\/#primaryimage","url":"https:\/\/i0.wp.com\/www.reclamador.es\/blog\/wp-content\/uploads\/2026\/04\/vuelos-verano-2026-cancelaciones-por-combustible.jpg?fit=1280%2C717&ssl=1","contentUrl":"https:\/\/i0.wp.com\/www.reclamador.es\/blog\/wp-content\/uploads\/2026\/04\/vuelos-verano-2026-cancelaciones-por-combustible.jpg?fit=1280%2C717&ssl=1","width":1280,"height":717,"caption":"Vuelos verano 2026"},{"@type":"BreadcrumbList","@id":"https:\/\/www.reclamador.es\/blog\/vuelos-verano-2026-cancelaciones-plazo-reclamar\/#breadcrumb","itemListElement":[{"@type":"ListItem","position":1,"name":"Portada","item":"https:\/\/www.reclamador.es\/blog\/"},{"@type":"ListItem","position":2,"name":"\u00bfYa tienes los vuelos contratados para este verano 2026? Ojo con las cancelaciones"}]},{"@type":"WebSite","@id":"https:\/\/www.reclamador.es\/blog\/#website","url":"https:\/\/www.reclamador.es\/blog\/","name":"Rebeldes con causa, el blog de reclamador.es","description":"Noticias, entrevistas y consejos sobre reclamaciones","publisher":{"@id":"https:\/\/www.reclamador.es\/blog\/#organization"},"potentialAction":[{"@type":"SearchAction","target":{"@type":"EntryPoint","urlTemplate":"https:\/\/www.reclamador.es\/blog\/?s={search_term_string}"},"query-input":{"@type":"PropertyValueSpecification","valueRequired":true,"valueName":"search_term_string"}}],"inLanguage":"es"},{"@type":"Organization","@id":"https:\/\/www.reclamador.es\/blog\/#organization","name":"reclamador.es","url":"https:\/\/www.reclamador.es\/blog\/","logo":{"@type":"ImageObject","inLanguage":"es","@id":"https:\/\/www.reclamador.es\/blog\/#\/schema\/logo\/image\/","url":"https:\/\/i0.wp.com\/www.reclamador.es\/blog\/wp-content\/uploads\/2020\/01\/logo-reclamador.png?fit=1200%2C144&ssl=1","contentUrl":"https:\/\/i0.wp.com\/www.reclamador.es\/blog\/wp-content\/uploads\/2020\/01\/logo-reclamador.png?fit=1200%2C144&ssl=1","width":1200,"height":144,"caption":"reclamador.es"},"image":{"@id":"https:\/\/www.reclamador.es\/blog\/#\/schema\/logo\/image\/"},"sameAs":["https:\/\/www.facebook.com\/reclamador.es","https:\/\/x.com\/reclamador","https:\/\/www.instagram.com\/reclamador.es\/","https:\/\/www.linkedin.com\/company\/reclamador-es","https:\/\/www.youtube.com\/user\/Reclamadores"]},{"@type":"Person","@id":"https:\/\/www.reclamador.es\/blog\/#\/schema\/person\/2a9d121a6362255b8129c6fda9caffd5","name":"Alicia Ria\u00f1o","image":{"@type":"ImageObject","inLanguage":"es","@id":"https:\/\/secure.gravatar.com\/avatar\/2915f7664bf5ed4baf932328fabfe761f32f21ec1b577e7d54a7fee6613de25f?s=96&d=mm&r=g","url":"https:\/\/secure.gravatar.com\/avatar\/2915f7664bf5ed4baf932328fabfe761f32f21ec1b577e7d54a7fee6613de25f?s=96&d=mm&r=g","contentUrl":"https:\/\/secure.gravatar.com\/avatar\/2915f7664bf5ed4baf932328fabfe761f32f21ec1b577e7d54a7fee6613de25f?s=96&d=mm&r=g","caption":"Alicia Ria\u00f1o"},"description":"Periodista experta en comunicaci\u00f3n y marketing digital. Escribo para acercar la informaci\u00f3n legal de forma sencilla y comprensible a las personas.","sameAs":["https:\/\/www.linkedin.com\/in\/alicia-r-932a2959"],"url":"https:\/\/www.reclamador.es\/blog\/author\/alicia-riano\/"}]}},"jetpack_featured_media_url":"https:\/\/i0.wp.com\/www.reclamador.es\/blog\/wp-content\/uploads\/2026\/04\/vuelos-verano-2026-cancelaciones-por-combustible.jpg?fit=1280%2C717&ssl=1","jetpack-related-posts":[{"id":35897,"url":"https:\/\/www.reclamador.es\/blog\/cancelacion-de-vuelo-por-subida-de-combustible-reclamaciones\/","url_meta":{"origin":35937,"position":0},"title":"\u00bfCorresponde compensaci\u00f3n econ\u00f3mica si te cancelan el vuelo por la subida del combustible?","author":"Leticia Grande","date":"26 abril, 2026","format":false,"excerpt":"La inestabilidad pol\u00edtica y econ\u00f3mica derivada del cierre del estrecho de Ormuz tiene implicaciones directas en el sector tur\u00edstico. Primeramente, vimos la cancelaci\u00f3n de vuelos masiva en Oriente Medio y, ahora, los problemas con los suministros de combustibles dada la situaci\u00f3n geopol\u00edtica de la zona. Aerol\u00edneas como Lufthansa o Volotea\u2026","rel":"","context":"En \u00abNoticias y actualidad\u00bb","block_context":{"text":"Noticias y actualidad","link":"https:\/\/www.reclamador.es\/blog\/noticias\/"},"img":{"alt_text":"reclamar vuelo cancelado por subida de precio de combustible 2026","src":"https:\/\/i0.wp.com\/www.reclamador.es\/blog\/wp-content\/uploads\/2026\/04\/reclamar-cancelacion-de-vuelo-por-falta-de-combustible.jpg?fit=1200%2C630&ssl=1&resize=350%2C200","width":350,"height":200,"srcset":"https:\/\/i0.wp.com\/www.reclamador.es\/blog\/wp-content\/uploads\/2026\/04\/reclamar-cancelacion-de-vuelo-por-falta-de-combustible.jpg?fit=1200%2C630&ssl=1&resize=350%2C200 1x, https:\/\/i0.wp.com\/www.reclamador.es\/blog\/wp-content\/uploads\/2026\/04\/reclamar-cancelacion-de-vuelo-por-falta-de-combustible.jpg?fit=1200%2C630&ssl=1&resize=525%2C300 1.5x, https:\/\/i0.wp.com\/www.reclamador.es\/blog\/wp-content\/uploads\/2026\/04\/reclamar-cancelacion-de-vuelo-por-falta-de-combustible.jpg?fit=1200%2C630&ssl=1&resize=700%2C400 2x, https:\/\/i0.wp.com\/www.reclamador.es\/blog\/wp-content\/uploads\/2026\/04\/reclamar-cancelacion-de-vuelo-por-falta-de-combustible.jpg?fit=1200%2C630&ssl=1&resize=1050%2C600 3x"},"classes":[]},{"id":25547,"url":"https:\/\/www.reclamador.es\/blog\/consejos-para-reservar-vacaciones-verano-covid-19\/","url_meta":{"origin":35937,"position":1},"title":"4 consejos para reservar las vacaciones del \"verano del Covid-19&#8243;","author":"Alicia Ria\u00f1o","date":"11 junio, 2020","format":false,"excerpt":"El verano 2020 ser\u00e1 el verano del Covid-19. Un periodo muy deseado por muchos y que traer\u00e1 consigo importantes medidas de seguridad sanitarias y que deparar\u00e1 un verano inusual para muchos, con cambios en los destinos y sin actividades como podr\u00edan ser los grandes festivales musicales, uno de los sectores\u2026","rel":"","context":"En \u00abConsejos legales\u00bb","block_context":{"text":"Consejos legales","link":"https:\/\/www.reclamador.es\/blog\/consejos\/"},"img":{"alt_text":"consejos reservar vacaciones verano covid 19","src":"https:\/\/i0.wp.com\/www.reclamador.es\/blog\/wp-content\/uploads\/2020\/06\/reservar-vacaciones-verano-covid19_destacada.jpg?fit=1200%2C629&ssl=1&resize=350%2C200","width":350,"height":200,"srcset":"https:\/\/i0.wp.com\/www.reclamador.es\/blog\/wp-content\/uploads\/2020\/06\/reservar-vacaciones-verano-covid19_destacada.jpg?fit=1200%2C629&ssl=1&resize=350%2C200 1x, https:\/\/i0.wp.com\/www.reclamador.es\/blog\/wp-content\/uploads\/2020\/06\/reservar-vacaciones-verano-covid19_destacada.jpg?fit=1200%2C629&ssl=1&resize=525%2C300 1.5x, https:\/\/i0.wp.com\/www.reclamador.es\/blog\/wp-content\/uploads\/2020\/06\/reservar-vacaciones-verano-covid19_destacada.jpg?fit=1200%2C629&ssl=1&resize=700%2C400 2x, https:\/\/i0.wp.com\/www.reclamador.es\/blog\/wp-content\/uploads\/2020\/06\/reservar-vacaciones-verano-covid19_destacada.jpg?fit=1200%2C629&ssl=1&resize=1050%2C600 3x"},"classes":[]},{"id":35797,"url":"https:\/\/www.reclamador.es\/blog\/guia-sobre-derechos-de-los-viajeros-semana-santa-2026\/","url_meta":{"origin":35937,"position":2},"title":"Gu\u00eda sobre derechos de los viajeros esta Semana Santa 2026","author":"Alicia Ria\u00f1o","date":"23 marzo, 2026","format":false,"excerpt":"A pocos d\u00edas de la Semana Santa 2026, el sector tur\u00edstico est\u00e1 expectante por las \"turbulencias\" geopol\u00edticas que, con casi total seguridad, alterar\u00e1n los planes de viajes de los turistas y las rutas de numerosas aerol\u00edneas. Adem\u00e1s, recientemente, hemos conocido tambi\u00e9n que los sindicatos de varias empresas de handling de\u2026","rel":"","context":"En \u00abNoticias y actualidad\u00bb","block_context":{"text":"Noticias y actualidad","link":"https:\/\/www.reclamador.es\/blog\/noticias\/"},"img":{"alt_text":"derechos viajeros semana santa 2026","src":"https:\/\/i0.wp.com\/www.reclamador.es\/blog\/wp-content\/uploads\/2026\/03\/viajes-semana-santa-2026.jpg?fit=1200%2C630&ssl=1&resize=350%2C200","width":350,"height":200,"srcset":"https:\/\/i0.wp.com\/www.reclamador.es\/blog\/wp-content\/uploads\/2026\/03\/viajes-semana-santa-2026.jpg?fit=1200%2C630&ssl=1&resize=350%2C200 1x, https:\/\/i0.wp.com\/www.reclamador.es\/blog\/wp-content\/uploads\/2026\/03\/viajes-semana-santa-2026.jpg?fit=1200%2C630&ssl=1&resize=525%2C300 1.5x, https:\/\/i0.wp.com\/www.reclamador.es\/blog\/wp-content\/uploads\/2026\/03\/viajes-semana-santa-2026.jpg?fit=1200%2C630&ssl=1&resize=700%2C400 2x, https:\/\/i0.wp.com\/www.reclamador.es\/blog\/wp-content\/uploads\/2026\/03\/viajes-semana-santa-2026.jpg?fit=1200%2C630&ssl=1&resize=1050%2C600 3x"},"classes":[]},{"id":30985,"url":"https:\/\/www.reclamador.es\/blog\/destinos-mas-demandados-para-viajar-en-verano-2023\/","url_meta":{"origin":35937,"position":3},"title":"Destinos m\u00e1s demandados para viajar en 2023","author":"Equipo reclamador","date":"23 mayo, 2023","format":false,"excerpt":"Cada a\u00f1o esperamos ansiosos las vacaciones de verano porque es cuantos m\u00e1s d\u00edas solemos cogernos todos para disfrutar del tiempo libre y, por supuesto, para viajar. Adem\u00e1s, tras la pandemia, parece que todos tenemos muchas m\u00e1s ganas de viajar que antes, tanto a nivel nacional como internacional.\u00a0 Aunque con la\u2026","rel":"","context":"En \u00abNoticias y actualidad\u00bb","block_context":{"text":"Noticias y actualidad","link":"https:\/\/www.reclamador.es\/blog\/noticias\/"},"img":{"alt_text":"Destinos m\u00e1s demandados para viajar en 2023","src":"https:\/\/i0.wp.com\/www.reclamador.es\/blog\/wp-content\/uploads\/2023\/05\/Destinos-mas-demandados-para-viajar-en-2023.jpg?fit=1200%2C675&ssl=1&resize=350%2C200","width":350,"height":200,"srcset":"https:\/\/i0.wp.com\/www.reclamador.es\/blog\/wp-content\/uploads\/2023\/05\/Destinos-mas-demandados-para-viajar-en-2023.jpg?fit=1200%2C675&ssl=1&resize=350%2C200 1x, https:\/\/i0.wp.com\/www.reclamador.es\/blog\/wp-content\/uploads\/2023\/05\/Destinos-mas-demandados-para-viajar-en-2023.jpg?fit=1200%2C675&ssl=1&resize=525%2C300 1.5x, https:\/\/i0.wp.com\/www.reclamador.es\/blog\/wp-content\/uploads\/2023\/05\/Destinos-mas-demandados-para-viajar-en-2023.jpg?fit=1200%2C675&ssl=1&resize=700%2C400 2x, https:\/\/i0.wp.com\/www.reclamador.es\/blog\/wp-content\/uploads\/2023\/05\/Destinos-mas-demandados-para-viajar-en-2023.jpg?fit=1200%2C675&ssl=1&resize=1050%2C600 3x"},"classes":[]},{"id":21336,"url":"https:\/\/www.reclamador.es\/blog\/que-son-vuelos-con-ciudad-oculta\/","url_meta":{"origin":35937,"position":4},"title":"\u00bfQu\u00e9 son los vuelos con ciudad oculta?","author":"Equipo reclamador","date":"11 marzo, 2019","format":false,"excerpt":"Planificar un viaje para obtener la mejor relaci\u00f3n calidad-precio requiere de paciencia -y un poco de suerte- para encontrar la mejor combinaci\u00f3n posible. Horas de b\u00fasqueda que permitan conseguir los d\u00edas y horas deseados para volar a un precio dentro del presupuesto. Ese gran precio se puede encontrar en un\u2026","rel":"","context":"En \u00abConsejos legales\u00bb","block_context":{"text":"Consejos legales","link":"https:\/\/www.reclamador.es\/blog\/consejos\/"},"img":{"alt_text":"vuelos conciudad oculta derechos del pasajero reclamador","src":"https:\/\/i0.wp.com\/www.reclamador.es\/blog\/wp-content\/uploads\/2019\/03\/vuelos-con-ciudad-oculta-reclamador.jpg?fit=1200%2C775&ssl=1&resize=350%2C200","width":350,"height":200,"srcset":"https:\/\/i0.wp.com\/www.reclamador.es\/blog\/wp-content\/uploads\/2019\/03\/vuelos-con-ciudad-oculta-reclamador.jpg?fit=1200%2C775&ssl=1&resize=350%2C200 1x, https:\/\/i0.wp.com\/www.reclamador.es\/blog\/wp-content\/uploads\/2019\/03\/vuelos-con-ciudad-oculta-reclamador.jpg?fit=1200%2C775&ssl=1&resize=525%2C300 1.5x, https:\/\/i0.wp.com\/www.reclamador.es\/blog\/wp-content\/uploads\/2019\/03\/vuelos-con-ciudad-oculta-reclamador.jpg?fit=1200%2C775&ssl=1&resize=700%2C400 2x, https:\/\/i0.wp.com\/www.reclamador.es\/blog\/wp-content\/uploads\/2019\/03\/vuelos-con-ciudad-oculta-reclamador.jpg?fit=1200%2C775&ssl=1&resize=1050%2C600 3x"},"classes":[]},{"id":35485,"url":"https:\/\/www.reclamador.es\/blog\/cancelaciones-de-trenes-en-malaga-sevilla-alternativa-vuelos-iberia-air-europa\/","url_meta":{"origin":35937,"position":5},"title":"Afectados por cancelaciones de trenes en M\u00e1laga y Sevilla: la alternativa de vuelos de Iberia y Air Europa","author":"Equipo reclamador","date":"20 enero, 2026","format":false,"excerpt":"Tras el tr\u00e1gico accidente de alta velocidad que se produjo el 18 de enero de este 2026 a la altura de la localidad de Adamuz, en C\u00f3rdoba, la l\u00ednea ferroviaria que conecta Madrid con Andaluc\u00eda est\u00e1 temporalmente cerrada, al menos, hasta el pr\u00f3ximo 2 de febrero, seg\u00fan fuentes oficiales. \u00bfQu\u00e9\u2026","rel":"","context":"En \u00abNoticias y actualidad\u00bb","block_context":{"text":"Noticias y actualidad","link":"https:\/\/www.reclamador.es\/blog\/noticias\/"},"img":{"alt_text":"trenes cancelados en malaga y sevilla - vuelos alternativos","src":"https:\/\/i0.wp.com\/www.reclamador.es\/blog\/wp-content\/uploads\/2026\/01\/Diseno-sin-titulo-8.jpg?fit=1200%2C630&ssl=1&resize=350%2C200","width":350,"height":200,"srcset":"https:\/\/i0.wp.com\/www.reclamador.es\/blog\/wp-content\/uploads\/2026\/01\/Diseno-sin-titulo-8.jpg?fit=1200%2C630&ssl=1&resize=350%2C200 1x, https:\/\/i0.wp.com\/www.reclamador.es\/blog\/wp-content\/uploads\/2026\/01\/Diseno-sin-titulo-8.jpg?fit=1200%2C630&ssl=1&resize=525%2C300 1.5x, https:\/\/i0.wp.com\/www.reclamador.es\/blog\/wp-content\/uploads\/2026\/01\/Diseno-sin-titulo-8.jpg?fit=1200%2C630&ssl=1&resize=700%2C400 2x, https:\/\/i0.wp.com\/www.reclamador.es\/blog\/wp-content\/uploads\/2026\/01\/Diseno-sin-titulo-8.jpg?fit=1200%2C630&ssl=1&resize=1050%2C600 3x"},"classes":[]}],"jetpack_sharing_enabled":true,"_links":{"self":[{"href":"https:\/\/www.reclamador.es\/blog\/wp-json\/wp\/v2\/posts\/35937","targetHints":{"allow":["GET"]}}],"collection":[{"href":"https:\/\/www.reclamador.es\/blog\/wp-json\/wp\/v2\/posts"}],"about":[{"href":"https:\/\/www.reclamador.es\/blog\/wp-json\/wp\/v2\/types\/post"}],"author":[{"embeddable":true,"href":"https:\/\/www.reclamador.es\/blog\/wp-json\/wp\/v2\/users\/28"}],"replies":[{"embeddable":true,"href":"https:\/\/www.reclamador.es\/blog\/wp-json\/wp\/v2\/comments?post=35937"}],"version-history":[{"count":8,"href":"https:\/\/www.reclamador.es\/blog\/wp-json\/wp\/v2\/posts\/35937\/revisions"}],"predecessor-version":[{"id":35946,"href":"https:\/\/www.reclamador.es\/blog\/wp-json\/wp\/v2\/posts\/35937\/revisions\/35946"}],"wp:featuredmedia":[{"embeddable":true,"href":"https:\/\/www.reclamador.es\/blog\/wp-json\/wp\/v2\/media\/35945"}],"wp:attachment":[{"href":"https:\/\/www.reclamador.es\/blog\/wp-json\/wp\/v2\/media?parent=35937"}],"wp:term":[{"taxonomy":"category","embeddable":true,"href":"https:\/\/www.reclamador.es\/blog\/wp-json\/wp\/v2\/categories?post=35937"},{"taxonomy":"post_tag","embeddable":true,"href":"https:\/\/www.reclamador.es\/blog\/wp-json\/wp\/v2\/tags?post=35937"}],"curies":[{"name":"wp","href":"https:\/\/api.w.org\/{rel}","templated":true}]}}