{"id":35897,"date":"2026-04-26T11:08:00","date_gmt":"2026-04-26T09:08:00","guid":{"rendered":"https:\/\/www.reclamador.es\/blog\/?p=35897"},"modified":"2026-04-24T11:25:42","modified_gmt":"2026-04-24T09:25:42","slug":"cancelacion-de-vuelo-por-subida-de-combustible-reclamaciones","status":"publish","type":"post","link":"https:\/\/www.reclamador.es\/blog\/cancelacion-de-vuelo-por-subida-de-combustible-reclamaciones\/","title":{"rendered":"\u00bfCorresponde compensaci\u00f3n econ\u00f3mica si te cancelan el vuelo por la subida del combustible?"},"content":{"rendered":"<div class=\"ttr_start\"><\/div>\n\n<div class=\"kk-star-ratings kksr-auto kksr-align-right kksr-valign-top\"\n    data-payload='{&quot;align&quot;:&quot;right&quot;,&quot;id&quot;:&quot;35897&quot;,&quot;slug&quot;:&quot;default&quot;,&quot;valign&quot;:&quot;top&quot;,&quot;ignore&quot;:&quot;&quot;,&quot;reference&quot;:&quot;auto&quot;,&quot;class&quot;:&quot;&quot;,&quot;count&quot;:&quot;0&quot;,&quot;legendonly&quot;:&quot;&quot;,&quot;readonly&quot;:&quot;&quot;,&quot;score&quot;:&quot;0&quot;,&quot;starsonly&quot;:&quot;&quot;,&quot;best&quot;:&quot;5&quot;,&quot;gap&quot;:&quot;3&quot;,&quot;greet&quot;:&quot;Valora este art\u00edculo&quot;,&quot;legend&quot;:&quot;0\\\/5 - (0 votos)&quot;,&quot;size&quot;:&quot;20&quot;,&quot;title&quot;:&quot;\u00bfCorresponde compensaci\u00f3n econ\u00f3mica si te cancelan el vuelo por la subida del combustible?&quot;,&quot;width&quot;:&quot;0&quot;,&quot;_legend&quot;:&quot;{score}\\\/{best} - ({count} {votes})&quot;,&quot;font_factor&quot;:&quot;1.25&quot;}'>\n            \n<div class=\"kksr-stars\">\n    \n<div class=\"kksr-stars-inactive\">\n            <div class=\"kksr-star\" data-star=\"1\" style=\"padding-right: 3px\">\n            \n\n<div class=\"kksr-icon\" style=\"width: 20px; height: 20px;\"><\/div>\n        <\/div>\n            <div class=\"kksr-star\" data-star=\"2\" style=\"padding-right: 3px\">\n            \n\n<div class=\"kksr-icon\" style=\"width: 20px; height: 20px;\"><\/div>\n        <\/div>\n            <div class=\"kksr-star\" data-star=\"3\" style=\"padding-right: 3px\">\n            \n\n<div class=\"kksr-icon\" style=\"width: 20px; height: 20px;\"><\/div>\n        <\/div>\n            <div class=\"kksr-star\" data-star=\"4\" style=\"padding-right: 3px\">\n            \n\n<div class=\"kksr-icon\" style=\"width: 20px; height: 20px;\"><\/div>\n        <\/div>\n            <div class=\"kksr-star\" data-star=\"5\" style=\"padding-right: 3px\">\n            \n\n<div class=\"kksr-icon\" style=\"width: 20px; height: 20px;\"><\/div>\n        <\/div>\n    <\/div>\n    \n<div class=\"kksr-stars-active\" style=\"width: 0px;\">\n            <div class=\"kksr-star\" style=\"padding-right: 3px\">\n            \n\n<div class=\"kksr-icon\" style=\"width: 20px; height: 20px;\"><\/div>\n        <\/div>\n            <div class=\"kksr-star\" style=\"padding-right: 3px\">\n            \n\n<div class=\"kksr-icon\" style=\"width: 20px; height: 20px;\"><\/div>\n        <\/div>\n            <div class=\"kksr-star\" style=\"padding-right: 3px\">\n            \n\n<div class=\"kksr-icon\" style=\"width: 20px; height: 20px;\"><\/div>\n        <\/div>\n            <div class=\"kksr-star\" style=\"padding-right: 3px\">\n            \n\n<div class=\"kksr-icon\" style=\"width: 20px; height: 20px;\"><\/div>\n        <\/div>\n            <div class=\"kksr-star\" style=\"padding-right: 3px\">\n            \n\n<div class=\"kksr-icon\" style=\"width: 20px; height: 20px;\"><\/div>\n        <\/div>\n    <\/div>\n<\/div>\n                \n\n<div class=\"kksr-legend\" style=\"font-size: 16px;\">\n            <span class=\"kksr-muted\">Valora este art\u00edculo<\/span>\n    <\/div>\n    <\/div>\n\n<figure id=\"attachment_35909\" aria-describedby=\"caption-attachment-35909\" style=\"width: 800px\" class=\"wp-caption alignnone\"><img data-recalc-dims=\"1\" loading=\"lazy\" decoding=\"async\" class=\"size-medium wp-image-35909\" src=\"https:\/\/i0.wp.com\/www.reclamador.es\/blog\/wp-content\/uploads\/2026\/04\/reclamar-cancelacion-de-vuelo-por-falta-de-combustible.jpg?resize=800%2C420&#038;ssl=1\" alt=\"reclamar vuelo cancelado por subida de precio de combustible 2026 \" width=\"800\" height=\"420\" srcset=\"https:\/\/i0.wp.com\/www.reclamador.es\/blog\/wp-content\/uploads\/2026\/04\/reclamar-cancelacion-de-vuelo-por-falta-de-combustible.jpg?resize=800%2C420&amp;ssl=1 800w, https:\/\/i0.wp.com\/www.reclamador.es\/blog\/wp-content\/uploads\/2026\/04\/reclamar-cancelacion-de-vuelo-por-falta-de-combustible.jpg?resize=150%2C79&amp;ssl=1 150w, https:\/\/i0.wp.com\/www.reclamador.es\/blog\/wp-content\/uploads\/2026\/04\/reclamar-cancelacion-de-vuelo-por-falta-de-combustible.jpg?resize=768%2C403&amp;ssl=1 768w, https:\/\/i0.wp.com\/www.reclamador.es\/blog\/wp-content\/uploads\/2026\/04\/reclamar-cancelacion-de-vuelo-por-falta-de-combustible.jpg?w=1200&amp;ssl=1 1200w\" sizes=\"auto, (max-width: 800px) 100vw, 800px\" \/><figcaption id=\"caption-attachment-35909\" class=\"wp-caption-text\"><em>Reclamaciones por cancelaci\u00f3n de vuelo por subida de combustible<\/em><\/figcaption><\/figure>\n<p>La inestabilidad pol\u00edtica y econ\u00f3mica derivada del cierre del estrecho de Ormuz tiene implicaciones directas en el sector tur\u00edstico. Primeramente, vimos la <a href=\"https:\/\/www.reclamador.es\/blog\/cancelaciones-de-vuelos-en-oriente-medio-iran\/\">cancelaci\u00f3n de vuelos masiva en Oriente Medio<\/a> y, ahora, los problemas con los suministros de combustibles dada la situaci\u00f3n geopol\u00edtica de la zona. Aerol\u00edneas como <a href=\"https:\/\/www.reclamador.es\/aerolineas\/cancelacion-vuelo\/lufthansa\/\">Lufthansa<\/a> o <a href=\"https:\/\/www.reclamador.es\/aerolineas\/volotea\/\">Volotea<\/a> han anunciado ya la cancelaci\u00f3n o reprogramaci\u00f3n de muchos de sus vuelos debido a la subida del precio del combustible o la previsi\u00f3n de falta del mismo en fechas no muy lejanas si la situaci\u00f3n no se desbloquea.&nbsp;<\/p>\n<p>\u00bfSon estas <a href=\"https:\/\/www.reclamador.es\/aerolineas\/cancelacion-vuelo\/\">cancelaciones de vuelos<\/a> por subida del combustible reclamables por los viajeros y viajeras? Vamos a abordar este asunto porque aqu\u00ed, principalmente, hay que tener en cuenta los plazos con los que avise la aerol\u00ednea de la cancelaci\u00f3n del vuelo.&nbsp;<\/p>\n<h2>Cancelaci\u00f3n de vuelo por subida del precio del combustible<\/h2>\n<p>Este tipo de cancelaciones de vuelos no se pueden considerar causa ajena a la compa\u00f1\u00eda a\u00e9rea, realizan estas acciones para reprogramar su operativa o centrarse en unos determinados trayectos, protegi\u00e9ndose as\u00ed de la posible falta de combustible o subida del precio del mismo. En reclamador.es consideramos que esto no se puede considerar una causa de fuerza mayor y, por tanto, en funci\u00f3n del tiempo con el que informe la aerol\u00ednea de la cancelaci\u00f3n del vuelo, la persona afectada podr\u00eda tener derecho a reclamar una compensaci\u00f3n econ\u00f3mica de hasta 600 \u20ac.&nbsp;<\/p>\n<h3>Si informa con m\u00e1s de dos semanas de antelaci\u00f3n de la cancelaci\u00f3n del vuelo<\/h3>\n<p>En estos casos, no existe derecho a reclamar una compensaci\u00f3n econ\u00f3mica adicional a la compa\u00f1\u00eda a\u00e9rea por la cancelaci\u00f3n del vuelo.&nbsp;<\/p>\n<h3>Si la aerol\u00ednea avisa de que el vuelo ha sido cancelado con menos de dos semanas de antelaci\u00f3n<\/h3>\n<p>Si la compa\u00f1\u00eda a\u00e9rea avisa de la cancelaci\u00f3n del vuelo con menos de dos semanas de antelaci\u00f3n a la salida del mismo, entonces el pasajero o pasajera a\u00e9reo s\u00ed tendr\u00eda derecho a reclamar una compensaci\u00f3n econ\u00f3mica de hasta 600 \u20ac.&nbsp;<\/p>\n<p>Ejemplos:<\/p>\n<table style=\"border-collapse: collapse; width: 100%; height: 92px;\">\n<tbody>\n<tr style=\"height: 23px;\">\n<td style=\"width: 33.3333%; height: 23px;\"><strong>Distancia del vuelo<\/strong><\/td>\n<td style=\"width: 33.3333%; height: 23px;\"><strong>Compensaci\u00f3n<\/strong><\/td>\n<\/tr>\n<tr style=\"height: 23px;\">\n<td style=\"width: 33.3333%; height: 23px;\">Hasta 1.500 km (Barcelona-Palma)<\/td>\n<td style=\"width: 33.3333%; height: 23px;\">250 \u20ac<\/td>\n<\/tr>\n<tr style=\"height: 23px;\">\n<td style=\"width: 33.3333%; height: 23px;\">Entre 1.500 y 3.500 km (Barcelona-Fuerteventura)<\/td>\n<td style=\"width: 33.3333%; height: 23px;\">400 \u20ac<\/td>\n<\/tr>\n<tr style=\"height: 23px;\">\n<td style=\"width: 33.3333%; height: 23px;\">M\u00e1s de 3.500 km (Madrid-Nueva York)&nbsp;<\/td>\n<td style=\"width: 33.3333%; height: 23px;\">600 \u20ac<\/td>\n<\/tr>\n<\/tbody>\n<\/table>\n\n\n\n<h2>Otros derechos por la cancelaci\u00f3n del vuelo a causa de la subida del combustible<\/h2>\n<p>Independientemente de cu\u00e1ndo avisen de la cancelaci\u00f3n del vuelo, la persona afectada por una cancelaci\u00f3n tiene derecho a que le ofrezcan un transporte alternativo a ese vuelo cancelado o bien que le reembolsen el coste \u00edntegro de se billete de avi\u00f3n. Y, adem\u00e1s, podr\u00eda tener derecho a que la aerol\u00ednea le reembolse otros gastos extras que no ha podido recuperar o ha tenido que realizar como consecuencia de la cancelaci\u00f3n de su vuelo.\u00a0<\/p>\n<h2>Reclama con reclamador.es tu vuelo cancelado<\/h2>\n<p>Si te avisan de la cancelaci\u00f3n del vuelo con menos de dos semanas de antelaci\u00f3n y la causa de dicha situaci\u00f3n no es una causa de fuerza mayor, puedes reclamar una indemnizaci\u00f3n por vuelo cancelado con reclamador.es. \u00bfPor qu\u00e9 elegir reclamador.es para proteger tus derechos y conseguir tu dinero?<\/p>\n<ul>\n<li>Porque llevamos ya m\u00e1s de 10 a\u00f1os defendiendo los derechos de los viajeros y viajeras.\u00a0<\/li>\n<li>Nuestra tasa de \u00e9xito en reclamaciones a aerol\u00edneas est\u00e1 cerca del 100 %.<\/li>\n<li>Porque ya hemos ganado m\u00e1s de 100.000 reclamaciones a\u00e9reas.<\/li>\n<li>Tambi\u00e9n, porque no tienes que adelantar ni un solo euro para reclamar, cobramos nuestros honorarios al final, cuando ganamos tu reclamaci\u00f3n a la aerol\u00edneas.<\/li>\n<li>Y porque contamos con un amplio equipo de abogados expertos que cada mes gestionan cientos y cientos de reclamaciones frente a compa\u00f1\u00edas a\u00e9reas.<\/li>\n<\/ul>\n<h2 style=\"text-align: center;\"><strong><a class=\"button-lead\" href=\"https:\/\/www.reclamador.es\/form\/complaint\/cancellation\/\" rel=\"nofollow noopener\">Completa nuestro formulario y descubre gratis si puedes reclamar<\/a>\u00a0<\/strong><\/h2>\n<p>\u00a0<\/p>\n<div class=\"ttr_end\"><\/div>","protected":false},"excerpt":{"rendered":"<p>La inestabilidad pol\u00edtica y econ\u00f3mica derivada del cierre del estrecho de Ormuz tiene implicaciones directas en el sector tur\u00edstico. Primeramente, vimos la cancelaci\u00f3n de vuelos masiva en Oriente Medio y, ahora, los problemas con los suministros de combustibles dada la situaci\u00f3n geopol\u00edtica de la zona. Aerol\u00edneas como Lufthansa o Volotea han anunciado ya la cancelaci\u00f3n [&hellip;]<\/p>\n","protected":false},"author":46,"featured_media":35909,"comment_status":"open","ping_status":"open","sticky":false,"template":"","format":"standard","meta":{"_acf_changed":false,"_genesis_hide_title":false,"_genesis_hide_breadcrumbs":false,"_genesis_hide_singular_image":false,"_genesis_hide_footer_widgets":false,"_genesis_custom_body_class":"","_genesis_custom_post_class":"","_genesis_layout":"","_jetpack_newsletter_access":"","_jetpack_dont_email_post_to_subs":false,"_jetpack_newsletter_tier_id":0,"_jetpack_memberships_contains_paywalled_content":false,"_jetpack_memberships_contains_paid_content":false,"footnotes":""},"categories":[392],"tags":[380,664],"class_list":{"0":"post-35897","1":"post","2":"type-post","3":"status-publish","4":"format-standard","5":"has-post-thumbnail","7":"category-noticias","8":"tag-aerolineas","9":"tag-cancelacion","10":"entry"},"acf":[],"yoast_head":"<!-- This site is optimized with the Yoast SEO plugin v27.4 - https:\/\/yoast.com\/product\/yoast-seo-wordpress\/ -->\n<title>Cancelaci\u00f3n de vuelo por subida de combustible: reclamaciones<\/title>\n<meta name=\"description\" content=\"Aerol\u00edneas han anunciado posibles cancelaciones de vuelos por subida del precio del combustible. Te contamos cu\u00e1ndo puedes reclamar una compensaci\u00f3n.\" \/>\n<meta name=\"robots\" content=\"index, follow, max-snippet:-1, max-image-preview:large, max-video-preview:-1\" \/>\n<link rel=\"canonical\" href=\"https:\/\/www.reclamador.es\/blog\/cancelacion-de-vuelo-por-subida-de-combustible-reclamaciones\/\" \/>\n<meta property=\"og:locale\" content=\"es_ES\" \/>\n<meta property=\"og:type\" content=\"article\" \/>\n<meta property=\"og:title\" content=\"Cancelaci\u00f3n de vuelo por subida de combustible: reclamaciones\" \/>\n<meta property=\"og:description\" content=\"Aerol\u00edneas han anunciado posibles cancelaciones de vuelos por subida del precio del combustible. Te contamos cu\u00e1ndo puedes reclamar una compensaci\u00f3n.\" \/>\n<meta property=\"og:url\" content=\"https:\/\/www.reclamador.es\/blog\/cancelacion-de-vuelo-por-subida-de-combustible-reclamaciones\/\" \/>\n<meta property=\"og:site_name\" content=\"Rebeldes con causa, el blog de reclamador.es\" \/>\n<meta property=\"article:publisher\" content=\"https:\/\/www.facebook.com\/reclamador.es\" \/>\n<meta property=\"article:published_time\" content=\"2026-04-26T09:08:00+00:00\" \/>\n<meta property=\"og:image\" content=\"https:\/\/i0.wp.com\/www.reclamador.es\/blog\/wp-content\/uploads\/2026\/04\/reclamar-cancelacion-de-vuelo-por-falta-de-combustible.jpg?fit=1200%2C630&ssl=1\" \/>\n\t<meta property=\"og:image:width\" content=\"1200\" \/>\n\t<meta property=\"og:image:height\" content=\"630\" \/>\n\t<meta property=\"og:image:type\" content=\"image\/jpeg\" \/>\n<meta name=\"author\" content=\"Leticia Grande\" \/>\n<meta name=\"twitter:card\" content=\"summary_large_image\" \/>\n<meta name=\"twitter:creator\" content=\"@reclamador\" \/>\n<meta name=\"twitter:site\" content=\"@reclamador\" \/>\n<meta name=\"twitter:label1\" content=\"Escrito por\" \/>\n\t<meta name=\"twitter:data1\" content=\"Leticia Grande\" \/>\n\t<meta name=\"twitter:label2\" content=\"Tiempo de lectura\" \/>\n\t<meta name=\"twitter:data2\" content=\"4 minutos\" \/>\n<script type=\"application\/ld+json\" class=\"yoast-schema-graph\">{\"@context\":\"https:\\\/\\\/schema.org\",\"@graph\":[{\"@type\":\"Article\",\"@id\":\"https:\\\/\\\/www.reclamador.es\\\/blog\\\/cancelacion-de-vuelo-por-subida-de-combustible-reclamaciones\\\/#article\",\"isPartOf\":{\"@id\":\"https:\\\/\\\/www.reclamador.es\\\/blog\\\/cancelacion-de-vuelo-por-subida-de-combustible-reclamaciones\\\/\"},\"author\":{\"name\":\"Leticia Grande\",\"@id\":\"https:\\\/\\\/www.reclamador.es\\\/blog\\\/#\\\/schema\\\/person\\\/2ed9dcf20d87eaee32754fa17dc9cde0\"},\"headline\":\"\u00bfCorresponde compensaci\u00f3n econ\u00f3mica si te cancelan el vuelo por la subida del combustible?\",\"datePublished\":\"2026-04-26T09:08:00+00:00\",\"mainEntityOfPage\":{\"@id\":\"https:\\\/\\\/www.reclamador.es\\\/blog\\\/cancelacion-de-vuelo-por-subida-de-combustible-reclamaciones\\\/\"},\"wordCount\":673,\"commentCount\":0,\"publisher\":{\"@id\":\"https:\\\/\\\/www.reclamador.es\\\/blog\\\/#organization\"},\"image\":{\"@id\":\"https:\\\/\\\/www.reclamador.es\\\/blog\\\/cancelacion-de-vuelo-por-subida-de-combustible-reclamaciones\\\/#primaryimage\"},\"thumbnailUrl\":\"https:\\\/\\\/i0.wp.com\\\/www.reclamador.es\\\/blog\\\/wp-content\\\/uploads\\\/2026\\\/04\\\/reclamar-cancelacion-de-vuelo-por-falta-de-combustible.jpg?fit=1200%2C630&ssl=1\",\"keywords\":[\"aerol\u00edneas\",\"cancelaci\u00f3n\"],\"articleSection\":[\"Noticias y actualidad\"],\"inLanguage\":\"es\",\"potentialAction\":[{\"@type\":\"CommentAction\",\"name\":\"Comment\",\"target\":[\"https:\\\/\\\/www.reclamador.es\\\/blog\\\/cancelacion-de-vuelo-por-subida-de-combustible-reclamaciones\\\/#respond\"]}]},{\"@type\":\"WebPage\",\"@id\":\"https:\\\/\\\/www.reclamador.es\\\/blog\\\/cancelacion-de-vuelo-por-subida-de-combustible-reclamaciones\\\/\",\"url\":\"https:\\\/\\\/www.reclamador.es\\\/blog\\\/cancelacion-de-vuelo-por-subida-de-combustible-reclamaciones\\\/\",\"name\":\"Cancelaci\u00f3n de vuelo por subida de combustible: reclamaciones\",\"isPartOf\":{\"@id\":\"https:\\\/\\\/www.reclamador.es\\\/blog\\\/#website\"},\"primaryImageOfPage\":{\"@id\":\"https:\\\/\\\/www.reclamador.es\\\/blog\\\/cancelacion-de-vuelo-por-subida-de-combustible-reclamaciones\\\/#primaryimage\"},\"image\":{\"@id\":\"https:\\\/\\\/www.reclamador.es\\\/blog\\\/cancelacion-de-vuelo-por-subida-de-combustible-reclamaciones\\\/#primaryimage\"},\"thumbnailUrl\":\"https:\\\/\\\/i0.wp.com\\\/www.reclamador.es\\\/blog\\\/wp-content\\\/uploads\\\/2026\\\/04\\\/reclamar-cancelacion-de-vuelo-por-falta-de-combustible.jpg?fit=1200%2C630&ssl=1\",\"datePublished\":\"2026-04-26T09:08:00+00:00\",\"description\":\"Aerol\u00edneas han anunciado posibles cancelaciones de vuelos por subida del precio del combustible. Te contamos cu\u00e1ndo puedes reclamar una compensaci\u00f3n.\",\"breadcrumb\":{\"@id\":\"https:\\\/\\\/www.reclamador.es\\\/blog\\\/cancelacion-de-vuelo-por-subida-de-combustible-reclamaciones\\\/#breadcrumb\"},\"inLanguage\":\"es\",\"potentialAction\":[{\"@type\":\"ReadAction\",\"target\":[\"https:\\\/\\\/www.reclamador.es\\\/blog\\\/cancelacion-de-vuelo-por-subida-de-combustible-reclamaciones\\\/\"]}]},{\"@type\":\"ImageObject\",\"inLanguage\":\"es\",\"@id\":\"https:\\\/\\\/www.reclamador.es\\\/blog\\\/cancelacion-de-vuelo-por-subida-de-combustible-reclamaciones\\\/#primaryimage\",\"url\":\"https:\\\/\\\/i0.wp.com\\\/www.reclamador.es\\\/blog\\\/wp-content\\\/uploads\\\/2026\\\/04\\\/reclamar-cancelacion-de-vuelo-por-falta-de-combustible.jpg?fit=1200%2C630&ssl=1\",\"contentUrl\":\"https:\\\/\\\/i0.wp.com\\\/www.reclamador.es\\\/blog\\\/wp-content\\\/uploads\\\/2026\\\/04\\\/reclamar-cancelacion-de-vuelo-por-falta-de-combustible.jpg?fit=1200%2C630&ssl=1\",\"width\":1200,\"height\":630,\"caption\":\"Reclamaciones por cancelaci\u00f3n de vuelo por subida de combustible\"},{\"@type\":\"BreadcrumbList\",\"@id\":\"https:\\\/\\\/www.reclamador.es\\\/blog\\\/cancelacion-de-vuelo-por-subida-de-combustible-reclamaciones\\\/#breadcrumb\",\"itemListElement\":[{\"@type\":\"ListItem\",\"position\":1,\"name\":\"Portada\",\"item\":\"https:\\\/\\\/www.reclamador.es\\\/blog\\\/\"},{\"@type\":\"ListItem\",\"position\":2,\"name\":\"\u00bfCorresponde compensaci\u00f3n econ\u00f3mica si te cancelan el vuelo por la subida del combustible?\"}]},{\"@type\":\"WebSite\",\"@id\":\"https:\\\/\\\/www.reclamador.es\\\/blog\\\/#website\",\"url\":\"https:\\\/\\\/www.reclamador.es\\\/blog\\\/\",\"name\":\"Rebeldes con causa, el blog de reclamador.es\",\"description\":\"Noticias, entrevistas y consejos sobre reclamaciones\",\"publisher\":{\"@id\":\"https:\\\/\\\/www.reclamador.es\\\/blog\\\/#organization\"},\"potentialAction\":[{\"@type\":\"SearchAction\",\"target\":{\"@type\":\"EntryPoint\",\"urlTemplate\":\"https:\\\/\\\/www.reclamador.es\\\/blog\\\/?s={search_term_string}\"},\"query-input\":{\"@type\":\"PropertyValueSpecification\",\"valueRequired\":true,\"valueName\":\"search_term_string\"}}],\"inLanguage\":\"es\"},{\"@type\":\"Organization\",\"@id\":\"https:\\\/\\\/www.reclamador.es\\\/blog\\\/#organization\",\"name\":\"reclamador.es\",\"url\":\"https:\\\/\\\/www.reclamador.es\\\/blog\\\/\",\"logo\":{\"@type\":\"ImageObject\",\"inLanguage\":\"es\",\"@id\":\"https:\\\/\\\/www.reclamador.es\\\/blog\\\/#\\\/schema\\\/logo\\\/image\\\/\",\"url\":\"https:\\\/\\\/i0.wp.com\\\/www.reclamador.es\\\/blog\\\/wp-content\\\/uploads\\\/2020\\\/01\\\/logo-reclamador.png?fit=1200%2C144&ssl=1\",\"contentUrl\":\"https:\\\/\\\/i0.wp.com\\\/www.reclamador.es\\\/blog\\\/wp-content\\\/uploads\\\/2020\\\/01\\\/logo-reclamador.png?fit=1200%2C144&ssl=1\",\"width\":1200,\"height\":144,\"caption\":\"reclamador.es\"},\"image\":{\"@id\":\"https:\\\/\\\/www.reclamador.es\\\/blog\\\/#\\\/schema\\\/logo\\\/image\\\/\"},\"sameAs\":[\"https:\\\/\\\/www.facebook.com\\\/reclamador.es\",\"https:\\\/\\\/x.com\\\/reclamador\",\"https:\\\/\\\/www.instagram.com\\\/reclamador.es\\\/\",\"https:\\\/\\\/www.linkedin.com\\\/company\\\/reclamador-es\",\"https:\\\/\\\/www.youtube.com\\\/user\\\/Reclamadores\"]},{\"@type\":\"Person\",\"@id\":\"https:\\\/\\\/www.reclamador.es\\\/blog\\\/#\\\/schema\\\/person\\\/2ed9dcf20d87eaee32754fa17dc9cde0\",\"name\":\"Leticia Grande\",\"image\":{\"@type\":\"ImageObject\",\"inLanguage\":\"es\",\"@id\":\"https:\\\/\\\/secure.gravatar.com\\\/avatar\\\/234f19001e214dc2b9bf1f787d820eb69e2b21df3615eaf55e682a44b3c8bbd8?s=96&d=mm&r=g\",\"url\":\"https:\\\/\\\/secure.gravatar.com\\\/avatar\\\/234f19001e214dc2b9bf1f787d820eb69e2b21df3615eaf55e682a44b3c8bbd8?s=96&d=mm&r=g\",\"contentUrl\":\"https:\\\/\\\/secure.gravatar.com\\\/avatar\\\/234f19001e214dc2b9bf1f787d820eb69e2b21df3615eaf55e682a44b3c8bbd8?s=96&d=mm&r=g\",\"caption\":\"Leticia Grande\"},\"description\":\"Especialista en banca y asesor\u00eda de empresa. Me gusta aprender de cada d\u00eda que vivo y de las personas que me rodean. Entusiasta, perfeccionista y apasionada del Derecho y de la Literatura.\",\"sameAs\":[\"https:\\\/\\\/www.linkedin.com\\\/in\\\/leticia-grande-valiente-05277927\\\/\"],\"url\":\"https:\\\/\\\/www.reclamador.es\\\/blog\\\/author\\\/leticia-grande\\\/\"}]}<\/script>\n<!-- \/ Yoast SEO plugin. -->","yoast_head_json":{"title":"Cancelaci\u00f3n de vuelo por subida de combustible: reclamaciones","description":"Aerol\u00edneas han anunciado posibles cancelaciones de vuelos por subida del precio del combustible. Te contamos cu\u00e1ndo puedes reclamar una compensaci\u00f3n.","robots":{"index":"index","follow":"follow","max-snippet":"max-snippet:-1","max-image-preview":"max-image-preview:large","max-video-preview":"max-video-preview:-1"},"canonical":"https:\/\/www.reclamador.es\/blog\/cancelacion-de-vuelo-por-subida-de-combustible-reclamaciones\/","og_locale":"es_ES","og_type":"article","og_title":"Cancelaci\u00f3n de vuelo por subida de combustible: reclamaciones","og_description":"Aerol\u00edneas han anunciado posibles cancelaciones de vuelos por subida del precio del combustible. Te contamos cu\u00e1ndo puedes reclamar una compensaci\u00f3n.","og_url":"https:\/\/www.reclamador.es\/blog\/cancelacion-de-vuelo-por-subida-de-combustible-reclamaciones\/","og_site_name":"Rebeldes con causa, el blog de reclamador.es","article_publisher":"https:\/\/www.facebook.com\/reclamador.es","article_published_time":"2026-04-26T09:08:00+00:00","og_image":[{"width":1200,"height":630,"url":"https:\/\/i0.wp.com\/www.reclamador.es\/blog\/wp-content\/uploads\/2026\/04\/reclamar-cancelacion-de-vuelo-por-falta-de-combustible.jpg?fit=1200%2C630&ssl=1","type":"image\/jpeg"}],"author":"Leticia Grande","twitter_card":"summary_large_image","twitter_creator":"@reclamador","twitter_site":"@reclamador","twitter_misc":{"Escrito por":"Leticia Grande","Tiempo de lectura":"4 minutos"},"schema":{"@context":"https:\/\/schema.org","@graph":[{"@type":"Article","@id":"https:\/\/www.reclamador.es\/blog\/cancelacion-de-vuelo-por-subida-de-combustible-reclamaciones\/#article","isPartOf":{"@id":"https:\/\/www.reclamador.es\/blog\/cancelacion-de-vuelo-por-subida-de-combustible-reclamaciones\/"},"author":{"name":"Leticia Grande","@id":"https:\/\/www.reclamador.es\/blog\/#\/schema\/person\/2ed9dcf20d87eaee32754fa17dc9cde0"},"headline":"\u00bfCorresponde compensaci\u00f3n econ\u00f3mica si te cancelan el vuelo por la subida del combustible?","datePublished":"2026-04-26T09:08:00+00:00","mainEntityOfPage":{"@id":"https:\/\/www.reclamador.es\/blog\/cancelacion-de-vuelo-por-subida-de-combustible-reclamaciones\/"},"wordCount":673,"commentCount":0,"publisher":{"@id":"https:\/\/www.reclamador.es\/blog\/#organization"},"image":{"@id":"https:\/\/www.reclamador.es\/blog\/cancelacion-de-vuelo-por-subida-de-combustible-reclamaciones\/#primaryimage"},"thumbnailUrl":"https:\/\/i0.wp.com\/www.reclamador.es\/blog\/wp-content\/uploads\/2026\/04\/reclamar-cancelacion-de-vuelo-por-falta-de-combustible.jpg?fit=1200%2C630&ssl=1","keywords":["aerol\u00edneas","cancelaci\u00f3n"],"articleSection":["Noticias y actualidad"],"inLanguage":"es","potentialAction":[{"@type":"CommentAction","name":"Comment","target":["https:\/\/www.reclamador.es\/blog\/cancelacion-de-vuelo-por-subida-de-combustible-reclamaciones\/#respond"]}]},{"@type":"WebPage","@id":"https:\/\/www.reclamador.es\/blog\/cancelacion-de-vuelo-por-subida-de-combustible-reclamaciones\/","url":"https:\/\/www.reclamador.es\/blog\/cancelacion-de-vuelo-por-subida-de-combustible-reclamaciones\/","name":"Cancelaci\u00f3n de vuelo por subida de combustible: reclamaciones","isPartOf":{"@id":"https:\/\/www.reclamador.es\/blog\/#website"},"primaryImageOfPage":{"@id":"https:\/\/www.reclamador.es\/blog\/cancelacion-de-vuelo-por-subida-de-combustible-reclamaciones\/#primaryimage"},"image":{"@id":"https:\/\/www.reclamador.es\/blog\/cancelacion-de-vuelo-por-subida-de-combustible-reclamaciones\/#primaryimage"},"thumbnailUrl":"https:\/\/i0.wp.com\/www.reclamador.es\/blog\/wp-content\/uploads\/2026\/04\/reclamar-cancelacion-de-vuelo-por-falta-de-combustible.jpg?fit=1200%2C630&ssl=1","datePublished":"2026-04-26T09:08:00+00:00","description":"Aerol\u00edneas han anunciado posibles cancelaciones de vuelos por subida del precio del combustible. Te contamos cu\u00e1ndo puedes reclamar una compensaci\u00f3n.","breadcrumb":{"@id":"https:\/\/www.reclamador.es\/blog\/cancelacion-de-vuelo-por-subida-de-combustible-reclamaciones\/#breadcrumb"},"inLanguage":"es","potentialAction":[{"@type":"ReadAction","target":["https:\/\/www.reclamador.es\/blog\/cancelacion-de-vuelo-por-subida-de-combustible-reclamaciones\/"]}]},{"@type":"ImageObject","inLanguage":"es","@id":"https:\/\/www.reclamador.es\/blog\/cancelacion-de-vuelo-por-subida-de-combustible-reclamaciones\/#primaryimage","url":"https:\/\/i0.wp.com\/www.reclamador.es\/blog\/wp-content\/uploads\/2026\/04\/reclamar-cancelacion-de-vuelo-por-falta-de-combustible.jpg?fit=1200%2C630&ssl=1","contentUrl":"https:\/\/i0.wp.com\/www.reclamador.es\/blog\/wp-content\/uploads\/2026\/04\/reclamar-cancelacion-de-vuelo-por-falta-de-combustible.jpg?fit=1200%2C630&ssl=1","width":1200,"height":630,"caption":"Reclamaciones por cancelaci\u00f3n de vuelo por subida de combustible"},{"@type":"BreadcrumbList","@id":"https:\/\/www.reclamador.es\/blog\/cancelacion-de-vuelo-por-subida-de-combustible-reclamaciones\/#breadcrumb","itemListElement":[{"@type":"ListItem","position":1,"name":"Portada","item":"https:\/\/www.reclamador.es\/blog\/"},{"@type":"ListItem","position":2,"name":"\u00bfCorresponde compensaci\u00f3n econ\u00f3mica si te cancelan el vuelo por la subida del combustible?"}]},{"@type":"WebSite","@id":"https:\/\/www.reclamador.es\/blog\/#website","url":"https:\/\/www.reclamador.es\/blog\/","name":"Rebeldes con causa, el blog de reclamador.es","description":"Noticias, entrevistas y consejos sobre reclamaciones","publisher":{"@id":"https:\/\/www.reclamador.es\/blog\/#organization"},"potentialAction":[{"@type":"SearchAction","target":{"@type":"EntryPoint","urlTemplate":"https:\/\/www.reclamador.es\/blog\/?s={search_term_string}"},"query-input":{"@type":"PropertyValueSpecification","valueRequired":true,"valueName":"search_term_string"}}],"inLanguage":"es"},{"@type":"Organization","@id":"https:\/\/www.reclamador.es\/blog\/#organization","name":"reclamador.es","url":"https:\/\/www.reclamador.es\/blog\/","logo":{"@type":"ImageObject","inLanguage":"es","@id":"https:\/\/www.reclamador.es\/blog\/#\/schema\/logo\/image\/","url":"https:\/\/i0.wp.com\/www.reclamador.es\/blog\/wp-content\/uploads\/2020\/01\/logo-reclamador.png?fit=1200%2C144&ssl=1","contentUrl":"https:\/\/i0.wp.com\/www.reclamador.es\/blog\/wp-content\/uploads\/2020\/01\/logo-reclamador.png?fit=1200%2C144&ssl=1","width":1200,"height":144,"caption":"reclamador.es"},"image":{"@id":"https:\/\/www.reclamador.es\/blog\/#\/schema\/logo\/image\/"},"sameAs":["https:\/\/www.facebook.com\/reclamador.es","https:\/\/x.com\/reclamador","https:\/\/www.instagram.com\/reclamador.es\/","https:\/\/www.linkedin.com\/company\/reclamador-es","https:\/\/www.youtube.com\/user\/Reclamadores"]},{"@type":"Person","@id":"https:\/\/www.reclamador.es\/blog\/#\/schema\/person\/2ed9dcf20d87eaee32754fa17dc9cde0","name":"Leticia Grande","image":{"@type":"ImageObject","inLanguage":"es","@id":"https:\/\/secure.gravatar.com\/avatar\/234f19001e214dc2b9bf1f787d820eb69e2b21df3615eaf55e682a44b3c8bbd8?s=96&d=mm&r=g","url":"https:\/\/secure.gravatar.com\/avatar\/234f19001e214dc2b9bf1f787d820eb69e2b21df3615eaf55e682a44b3c8bbd8?s=96&d=mm&r=g","contentUrl":"https:\/\/secure.gravatar.com\/avatar\/234f19001e214dc2b9bf1f787d820eb69e2b21df3615eaf55e682a44b3c8bbd8?s=96&d=mm&r=g","caption":"Leticia Grande"},"description":"Especialista en banca y asesor\u00eda de empresa. Me gusta aprender de cada d\u00eda que vivo y de las personas que me rodean. Entusiasta, perfeccionista y apasionada del Derecho y de la Literatura.","sameAs":["https:\/\/www.linkedin.com\/in\/leticia-grande-valiente-05277927\/"],"url":"https:\/\/www.reclamador.es\/blog\/author\/leticia-grande\/"}]}},"jetpack_featured_media_url":"https:\/\/i0.wp.com\/www.reclamador.es\/blog\/wp-content\/uploads\/2026\/04\/reclamar-cancelacion-de-vuelo-por-falta-de-combustible.jpg?fit=1200%2C630&ssl=1","jetpack-related-posts":[{"id":34723,"url":"https:\/\/www.reclamador.es\/blog\/clausula-no-show-perder-primer-vuelo-cancelar-resto\/","url_meta":{"origin":35897,"position":0},"title":"\u00bfPerdiste un vuelo y ten\u00edas otro en la misma reserva? Cuidado con la cl\u00e1usula no show","author":"Equipo reclamador","date":"8 agosto, 2025","format":false,"excerpt":"\u00bfSabes qu\u00e9 es la cl\u00e1usula no show de algunas aerol\u00edneas o por qu\u00e9 algunas compa\u00f1\u00edas a\u00e9reas si pierdes el primer vuelo autom\u00e1ticamente te cancelan el resto de vuelos? En este art\u00edculo te vamos a explicar los riesgos del no show y tus derechos como pasajero ante un vuelo cancelado por\u2026","rel":"","context":"En \u00abConsejos legales\u00bb","block_context":{"text":"Consejos legales","link":"https:\/\/www.reclamador.es\/blog\/consejos\/"},"img":{"alt_text":"reclamar cancelacion automatica vuelo por no hacer un trayecto","src":"https:\/\/i0.wp.com\/www.reclamador.es\/blog\/wp-content\/uploads\/2025\/08\/clausula-no-show-cancelacion-vuelo.png?fit=1200%2C630&ssl=1&resize=350%2C200","width":350,"height":200,"srcset":"https:\/\/i0.wp.com\/www.reclamador.es\/blog\/wp-content\/uploads\/2025\/08\/clausula-no-show-cancelacion-vuelo.png?fit=1200%2C630&ssl=1&resize=350%2C200 1x, https:\/\/i0.wp.com\/www.reclamador.es\/blog\/wp-content\/uploads\/2025\/08\/clausula-no-show-cancelacion-vuelo.png?fit=1200%2C630&ssl=1&resize=525%2C300 1.5x, https:\/\/i0.wp.com\/www.reclamador.es\/blog\/wp-content\/uploads\/2025\/08\/clausula-no-show-cancelacion-vuelo.png?fit=1200%2C630&ssl=1&resize=700%2C400 2x, https:\/\/i0.wp.com\/www.reclamador.es\/blog\/wp-content\/uploads\/2025\/08\/clausula-no-show-cancelacion-vuelo.png?fit=1200%2C630&ssl=1&resize=1050%2C600 3x"},"classes":[]},{"id":32026,"url":"https:\/\/www.reclamador.es\/blog\/entrevista-pedro-cliente-de-aerolineas-de-reclamador\/","url_meta":{"origin":35897,"position":1},"title":"Pedro, reclamador de aerol\u00edneas: \u201cdespu\u00e9s de la frustraci\u00f3n que es quedarte en tierra, nunca pens\u00e9 que podr\u00eda recuperar parte del dinero invertido\u201d","author":"Cristina Naveda","date":"29 febrero, 2024","format":false,"excerpt":"Hoy, en nuestra secci\u00f3n de entrevistas charlamos con Pedro, quien sufri\u00f3 una cancelaci\u00f3n en un viaje a Estados Unidos. Un viaje muy especial, bien preparado, nos cuenta, donde hab\u00eda puesto muchas ganas e ilusi\u00f3n, y lo m\u00e1s importante, con una compa\u00f1\u00eda fant\u00e1stica: sus hijas.\u00a0 Sin embargo, ni siquiera mimando todos\u2026","rel":"","context":"En \u00abConoce todo lo que sucede en reclamador.es\u00bb","block_context":{"text":"Conoce todo lo que sucede en reclamador.es","link":"https:\/\/www.reclamador.es\/blog\/reclamadores\/"},"img":{"alt_text":"entrevista cliente aerolineas cancelacion vuelo","src":"https:\/\/i0.wp.com\/www.reclamador.es\/blog\/wp-content\/uploads\/2024\/02\/entrevista-cliente-aerolineas-Pedro-1200x630-1.jpg?fit=1200%2C630&ssl=1&resize=350%2C200","width":350,"height":200,"srcset":"https:\/\/i0.wp.com\/www.reclamador.es\/blog\/wp-content\/uploads\/2024\/02\/entrevista-cliente-aerolineas-Pedro-1200x630-1.jpg?fit=1200%2C630&ssl=1&resize=350%2C200 1x, https:\/\/i0.wp.com\/www.reclamador.es\/blog\/wp-content\/uploads\/2024\/02\/entrevista-cliente-aerolineas-Pedro-1200x630-1.jpg?fit=1200%2C630&ssl=1&resize=525%2C300 1.5x, https:\/\/i0.wp.com\/www.reclamador.es\/blog\/wp-content\/uploads\/2024\/02\/entrevista-cliente-aerolineas-Pedro-1200x630-1.jpg?fit=1200%2C630&ssl=1&resize=700%2C400 2x, https:\/\/i0.wp.com\/www.reclamador.es\/blog\/wp-content\/uploads\/2024\/02\/entrevista-cliente-aerolineas-Pedro-1200x630-1.jpg?fit=1200%2C630&ssl=1&resize=1050%2C600 3x"},"classes":[]},{"id":22670,"url":"https:\/\/www.reclamador.es\/blog\/aerolineas-huelgas-de-personal-informar-de-cancelaciones-vuelos-15-dias\/","url_meta":{"origin":35897,"position":2},"title":"Pasajeros frente a huelgas de personal de aerol\u00edneas: \u00bfCu\u00e1ndo te han avisado de los cambios en tu vuelo?","author":"Equipo reclamador","date":"26 enero, 2024","format":false,"excerpt":"Las huelgas del personal de aerol\u00edneas son uno de los mayores dolores de cabeza para los pasajeros. Cancelaciones y retrasos de vuelos se convierten en una pesadilla cuando las aerol\u00edneas se ven afectadas por paros laborales. Si bien la situaci\u00f3n es frustrante, como pasajero tienes derechos y puedes reclamar compensaciones.\u2026","rel":"","context":"En \u00abConsejos legales\u00bb","block_context":{"text":"Consejos legales","link":"https:\/\/www.reclamador.es\/blog\/consejos\/"},"img":{"alt_text":"huelgas personal de las aerolineas - plazos reclamar - reclamador","src":"https:\/\/i0.wp.com\/www.reclamador.es\/blog\/wp-content\/uploads\/2019\/08\/huelgas-personal-de-las-aerolineas-plazos-reclamar-reclamador.jpg?fit=1199%2C630&ssl=1&resize=350%2C200","width":350,"height":200,"srcset":"https:\/\/i0.wp.com\/www.reclamador.es\/blog\/wp-content\/uploads\/2019\/08\/huelgas-personal-de-las-aerolineas-plazos-reclamar-reclamador.jpg?fit=1199%2C630&ssl=1&resize=350%2C200 1x, https:\/\/i0.wp.com\/www.reclamador.es\/blog\/wp-content\/uploads\/2019\/08\/huelgas-personal-de-las-aerolineas-plazos-reclamar-reclamador.jpg?fit=1199%2C630&ssl=1&resize=525%2C300 1.5x, https:\/\/i0.wp.com\/www.reclamador.es\/blog\/wp-content\/uploads\/2019\/08\/huelgas-personal-de-las-aerolineas-plazos-reclamar-reclamador.jpg?fit=1199%2C630&ssl=1&resize=700%2C400 2x, https:\/\/i0.wp.com\/www.reclamador.es\/blog\/wp-content\/uploads\/2019\/08\/huelgas-personal-de-las-aerolineas-plazos-reclamar-reclamador.jpg?fit=1199%2C630&ssl=1&resize=1050%2C600 3x"},"classes":[]},{"id":26538,"url":"https:\/\/www.reclamador.es\/blog\/cancelacion-vuelo-por-calima\/","url_meta":{"origin":35897,"position":3},"title":"Cancelaci\u00f3n de vuelo por calima: qu\u00e9 le corresponde al viajero","author":"Equipo reclamador","date":"26 febrero, 2021","format":false,"excerpt":"Los episodios de calima, es decir, la presencia en la atm\u00f3sfera de part\u00edculas de polvo o arena, que peri\u00f3dicamente sufren diferentes territorios espa\u00f1oles, pueden dar lugar a diversos problemas climatol\u00f3gicos y que, paralelamente, tambi\u00e9n causa problemas en otros \u00e1mbitos, como por ejemplo, la actividad a\u00e9rea. Si la presencia de este\u2026","rel":"","context":"En \u00abConsejos legales\u00bb","block_context":{"text":"Consejos legales","link":"https:\/\/www.reclamador.es\/blog\/consejos\/"},"img":{"alt_text":"cancelaciones por calima","src":"https:\/\/i0.wp.com\/www.reclamador.es\/blog\/wp-content\/uploads\/2021\/02\/cancelacion-de-vuelo-por-calima.jpg?fit=1200%2C675&ssl=1&resize=350%2C200","width":350,"height":200,"srcset":"https:\/\/i0.wp.com\/www.reclamador.es\/blog\/wp-content\/uploads\/2021\/02\/cancelacion-de-vuelo-por-calima.jpg?fit=1200%2C675&ssl=1&resize=350%2C200 1x, https:\/\/i0.wp.com\/www.reclamador.es\/blog\/wp-content\/uploads\/2021\/02\/cancelacion-de-vuelo-por-calima.jpg?fit=1200%2C675&ssl=1&resize=525%2C300 1.5x, https:\/\/i0.wp.com\/www.reclamador.es\/blog\/wp-content\/uploads\/2021\/02\/cancelacion-de-vuelo-por-calima.jpg?fit=1200%2C675&ssl=1&resize=700%2C400 2x, https:\/\/i0.wp.com\/www.reclamador.es\/blog\/wp-content\/uploads\/2021\/02\/cancelacion-de-vuelo-por-calima.jpg?fit=1200%2C675&ssl=1&resize=1050%2C600 3x"},"classes":[]},{"id":32321,"url":"https:\/\/www.reclamador.es\/blog\/retraso-cancelacion-vuelo-viaje-de-trabajo-indemnizacion-trabajador\/","url_meta":{"origin":35897,"position":4},"title":"Retraso o cancelaci\u00f3n de vuelo en un viaje de trabajo: \u00bfPara qui\u00e9n es la indemnizaci\u00f3n?","author":"Equipo reclamador","date":"14 mayo, 2024","format":false,"excerpt":"Los conocidos como viajes de negocio o viajes de trabajo no est\u00e1n exentos de sufrir incidencias, al igual que cuando se viaja por ocio. Ante esta situaci\u00f3n, cuando el vuelo ha sido contratado por la empresa para que el trabajador se desplace en avi\u00f3n a una reuni\u00f3n o evento, la\u2026","rel":"","context":"En \u00abConsejos legales\u00bb","block_context":{"text":"Consejos legales","link":"https:\/\/www.reclamador.es\/blog\/consejos\/"},"img":{"alt_text":"viaje de trabajo - reclamar indemnizacion trabajador","src":"https:\/\/i0.wp.com\/www.reclamador.es\/blog\/wp-content\/uploads\/2024\/05\/indemnizacion-viaje-de-trabajo-1200x630-1.jpg?fit=1200%2C630&ssl=1&resize=350%2C200","width":350,"height":200,"srcset":"https:\/\/i0.wp.com\/www.reclamador.es\/blog\/wp-content\/uploads\/2024\/05\/indemnizacion-viaje-de-trabajo-1200x630-1.jpg?fit=1200%2C630&ssl=1&resize=350%2C200 1x, https:\/\/i0.wp.com\/www.reclamador.es\/blog\/wp-content\/uploads\/2024\/05\/indemnizacion-viaje-de-trabajo-1200x630-1.jpg?fit=1200%2C630&ssl=1&resize=525%2C300 1.5x, https:\/\/i0.wp.com\/www.reclamador.es\/blog\/wp-content\/uploads\/2024\/05\/indemnizacion-viaje-de-trabajo-1200x630-1.jpg?fit=1200%2C630&ssl=1&resize=700%2C400 2x, https:\/\/i0.wp.com\/www.reclamador.es\/blog\/wp-content\/uploads\/2024\/05\/indemnizacion-viaje-de-trabajo-1200x630-1.jpg?fit=1200%2C630&ssl=1&resize=1050%2C600 3x"},"classes":[]},{"id":29873,"url":"https:\/\/www.reclamador.es\/blog\/numerosas-cancelaciones-vuelo-easyjet-reclamaciones-afectados\/","url_meta":{"origin":35897,"position":5},"title":"\u00bfAfectado por las cerca de 450 cancelaciones de vuelos de easyJet en solo 10 d\u00edas?","author":"Equipo reclamador","date":"3 junio, 2022","format":false,"excerpt":"Los \u00faltimos d\u00edas podr\u00edan calificarse de \u201cca\u00f3ticos\u201d en la operativa de una de las principales aerol\u00edneas low cost de Europa. La compa\u00f1\u00eda easyJet cancel\u00f3 unos 200 vuelos durante la semana pasada y para los pr\u00f3ximos d\u00edas se espera la cancelaci\u00f3n de otros 240 vuelos. Por tanto, en menos de dos\u2026","rel":"","context":"En \u00abNoticias y actualidad\u00bb","block_context":{"text":"Noticias y actualidad","link":"https:\/\/www.reclamador.es\/blog\/noticias\/"},"img":{"alt_text":"easyjet 450 cancelaciones de vuelos","src":"https:\/\/i0.wp.com\/www.reclamador.es\/blog\/wp-content\/uploads\/2022\/06\/cancelaciones-de-vuelo-de-easyjet-afectados-reclamar.jpg?fit=1200%2C682&ssl=1&resize=350%2C200","width":350,"height":200,"srcset":"https:\/\/i0.wp.com\/www.reclamador.es\/blog\/wp-content\/uploads\/2022\/06\/cancelaciones-de-vuelo-de-easyjet-afectados-reclamar.jpg?fit=1200%2C682&ssl=1&resize=350%2C200 1x, https:\/\/i0.wp.com\/www.reclamador.es\/blog\/wp-content\/uploads\/2022\/06\/cancelaciones-de-vuelo-de-easyjet-afectados-reclamar.jpg?fit=1200%2C682&ssl=1&resize=525%2C300 1.5x, https:\/\/i0.wp.com\/www.reclamador.es\/blog\/wp-content\/uploads\/2022\/06\/cancelaciones-de-vuelo-de-easyjet-afectados-reclamar.jpg?fit=1200%2C682&ssl=1&resize=700%2C400 2x, https:\/\/i0.wp.com\/www.reclamador.es\/blog\/wp-content\/uploads\/2022\/06\/cancelaciones-de-vuelo-de-easyjet-afectados-reclamar.jpg?fit=1200%2C682&ssl=1&resize=1050%2C600 3x"},"classes":[]}],"jetpack_sharing_enabled":true,"_links":{"self":[{"href":"https:\/\/www.reclamador.es\/blog\/wp-json\/wp\/v2\/posts\/35897","targetHints":{"allow":["GET"]}}],"collection":[{"href":"https:\/\/www.reclamador.es\/blog\/wp-json\/wp\/v2\/posts"}],"about":[{"href":"https:\/\/www.reclamador.es\/blog\/wp-json\/wp\/v2\/types\/post"}],"author":[{"embeddable":true,"href":"https:\/\/www.reclamador.es\/blog\/wp-json\/wp\/v2\/users\/46"}],"replies":[{"embeddable":true,"href":"https:\/\/www.reclamador.es\/blog\/wp-json\/wp\/v2\/comments?post=35897"}],"version-history":[{"count":8,"href":"https:\/\/www.reclamador.es\/blog\/wp-json\/wp\/v2\/posts\/35897\/revisions"}],"predecessor-version":[{"id":35926,"href":"https:\/\/www.reclamador.es\/blog\/wp-json\/wp\/v2\/posts\/35897\/revisions\/35926"}],"wp:featuredmedia":[{"embeddable":true,"href":"https:\/\/www.reclamador.es\/blog\/wp-json\/wp\/v2\/media\/35909"}],"wp:attachment":[{"href":"https:\/\/www.reclamador.es\/blog\/wp-json\/wp\/v2\/media?parent=35897"}],"wp:term":[{"taxonomy":"category","embeddable":true,"href":"https:\/\/www.reclamador.es\/blog\/wp-json\/wp\/v2\/categories?post=35897"},{"taxonomy":"post_tag","embeddable":true,"href":"https:\/\/www.reclamador.es\/blog\/wp-json\/wp\/v2\/tags?post=35897"}],"curies":[{"name":"wp","href":"https:\/\/api.w.org\/{rel}","templated":true}]}}