{"id":35745,"date":"2026-03-11T11:34:31","date_gmt":"2026-03-11T10:34:31","guid":{"rendered":"https:\/\/www.reclamador.es\/blog\/?p=35745"},"modified":"2026-03-11T13:57:56","modified_gmt":"2026-03-11T12:57:56","slug":"reclamador-mejor-empresa-para-reclamar-vuelo","status":"publish","type":"post","link":"https:\/\/www.reclamador.es\/blog\/reclamador-mejor-empresa-para-reclamar-vuelo\/","title":{"rendered":"\u00bfPor qu\u00e9 reclamador.es es la mejor empresa para reclamar tu vuelo?"},"content":{"rendered":"<div class=\"ttr_start\"><\/div>\n\n<div class=\"kk-star-ratings kksr-auto kksr-align-right kksr-valign-top\"\n    data-payload='{&quot;align&quot;:&quot;right&quot;,&quot;id&quot;:&quot;35745&quot;,&quot;slug&quot;:&quot;default&quot;,&quot;valign&quot;:&quot;top&quot;,&quot;ignore&quot;:&quot;&quot;,&quot;reference&quot;:&quot;auto&quot;,&quot;class&quot;:&quot;&quot;,&quot;count&quot;:&quot;1&quot;,&quot;legendonly&quot;:&quot;&quot;,&quot;readonly&quot;:&quot;&quot;,&quot;score&quot;:&quot;5&quot;,&quot;starsonly&quot;:&quot;&quot;,&quot;best&quot;:&quot;5&quot;,&quot;gap&quot;:&quot;3&quot;,&quot;greet&quot;:&quot;Valora este art\u00edculo&quot;,&quot;legend&quot;:&quot;5\\\/5 - (1 voto)&quot;,&quot;size&quot;:&quot;20&quot;,&quot;title&quot;:&quot;\u00bfPor qu\u00e9 reclamador.es es la mejor empresa para reclamar tu vuelo?&quot;,&quot;width&quot;:&quot;113.5&quot;,&quot;_legend&quot;:&quot;{score}\\\/{best} - ({count} {votes})&quot;,&quot;font_factor&quot;:&quot;1.25&quot;}'>\n            \n<div class=\"kksr-stars\">\n    \n<div class=\"kksr-stars-inactive\">\n            <div class=\"kksr-star\" data-star=\"1\" style=\"padding-right: 3px\">\n            \n\n<div class=\"kksr-icon\" style=\"width: 20px; height: 20px;\"><\/div>\n        <\/div>\n            <div class=\"kksr-star\" data-star=\"2\" style=\"padding-right: 3px\">\n            \n\n<div class=\"kksr-icon\" style=\"width: 20px; height: 20px;\"><\/div>\n        <\/div>\n            <div class=\"kksr-star\" data-star=\"3\" style=\"padding-right: 3px\">\n            \n\n<div class=\"kksr-icon\" style=\"width: 20px; height: 20px;\"><\/div>\n        <\/div>\n            <div class=\"kksr-star\" data-star=\"4\" style=\"padding-right: 3px\">\n            \n\n<div class=\"kksr-icon\" style=\"width: 20px; height: 20px;\"><\/div>\n        <\/div>\n            <div class=\"kksr-star\" data-star=\"5\" style=\"padding-right: 3px\">\n            \n\n<div class=\"kksr-icon\" style=\"width: 20px; height: 20px;\"><\/div>\n        <\/div>\n    <\/div>\n    \n<div class=\"kksr-stars-active\" style=\"width: 113.5px;\">\n            <div class=\"kksr-star\" style=\"padding-right: 3px\">\n            \n\n<div class=\"kksr-icon\" style=\"width: 20px; height: 20px;\"><\/div>\n        <\/div>\n            <div class=\"kksr-star\" style=\"padding-right: 3px\">\n            \n\n<div class=\"kksr-icon\" style=\"width: 20px; height: 20px;\"><\/div>\n        <\/div>\n            <div class=\"kksr-star\" style=\"padding-right: 3px\">\n            \n\n<div class=\"kksr-icon\" style=\"width: 20px; height: 20px;\"><\/div>\n        <\/div>\n            <div class=\"kksr-star\" style=\"padding-right: 3px\">\n            \n\n<div class=\"kksr-icon\" style=\"width: 20px; height: 20px;\"><\/div>\n        <\/div>\n            <div class=\"kksr-star\" style=\"padding-right: 3px\">\n            \n\n<div class=\"kksr-icon\" style=\"width: 20px; height: 20px;\"><\/div>\n        <\/div>\n    <\/div>\n<\/div>\n                \n\n<div class=\"kksr-legend\" style=\"font-size: 16px;\">\n            5\/5 - (1 voto)    <\/div>\n    <\/div>\n\n<figure id=\"attachment_35750\" aria-describedby=\"caption-attachment-35750\" style=\"width: 800px\" class=\"wp-caption alignnone\"><img data-recalc-dims=\"1\" loading=\"lazy\" decoding=\"async\" class=\"size-medium wp-image-35750\" src=\"https:\/\/i0.wp.com\/www.reclamador.es\/blog\/wp-content\/uploads\/2026\/03\/trabajadores-oficina-reclamador-2.jpg?resize=800%2C437&#038;ssl=1\" alt=\"por qu\u00e9 reclamador es la mejor empresa para reclamaciones de vuelos\" width=\"800\" height=\"437\" srcset=\"https:\/\/i0.wp.com\/www.reclamador.es\/blog\/wp-content\/uploads\/2026\/03\/trabajadores-oficina-reclamador-2.jpg?resize=800%2C437&amp;ssl=1 800w, https:\/\/i0.wp.com\/www.reclamador.es\/blog\/wp-content\/uploads\/2026\/03\/trabajadores-oficina-reclamador-2.jpg?resize=150%2C82&amp;ssl=1 150w, https:\/\/i0.wp.com\/www.reclamador.es\/blog\/wp-content\/uploads\/2026\/03\/trabajadores-oficina-reclamador-2.jpg?resize=768%2C419&amp;ssl=1 768w, https:\/\/i0.wp.com\/www.reclamador.es\/blog\/wp-content\/uploads\/2026\/03\/trabajadores-oficina-reclamador-2.jpg?resize=1536%2C838&amp;ssl=1 1536w, https:\/\/i0.wp.com\/www.reclamador.es\/blog\/wp-content\/uploads\/2026\/03\/trabajadores-oficina-reclamador-2.jpg?w=1920&amp;ssl=1 1920w\" sizes=\"auto, (max-width: 800px) 100vw, 800px\" \/><figcaption id=\"caption-attachment-35750\" class=\"wp-caption-text\"><em>Oficina reclamador.es en Madrid &#8211; reclamador.es mejor empresa para reclamar tu vuelo<\/em><\/figcaption><\/figure>\n<p>Somos tu mejor aliado para defender tus derechos como pasajero o pasajera a\u00e9rea frente a las trampas y trabas de las aerol\u00edneas para no compensarte cuando tu vuelo se retrasa, se cancela, te deniegan el embarque por overbooking o pierden tu maleta. Y lo decimos porque as\u00ed lo dicen nuestros clientes.\u00a0<\/p>\n<p>Son nuestros propios clientes, los m\u00e1s de 100.000 que ya han ganado su reclamaci\u00f3n a la aerol\u00ednea gracias al trabajo del equipo de reclamador.es, quienes con sus valoraciones en plataformas como Google o Trustpilot nos valoran con m\u00e1s de 4.5\/5. Y no hablamos de un par o decenas de rese\u00f1as, hablamos de miles y miles de opiniones que se encuentran publicadas en ambas p\u00e1ginas.\u00a0<\/p>\n<p>Nuestro trabajo nos avala y, para que siga siendo as\u00ed, trabajamos con la confianza de la experiencia que nos da gestionar cada mes miles de reclamaciones frente a grandes compa\u00f1\u00edas como Ryanair, Vueling, Air Europa o Iberia, entre much\u00edsimas otras.<\/p>\n<h2>reclamador.es, referente en medios de comunicaci\u00f3n<\/h2>\n<p>Y tambi\u00e9n decimos que reclamador.es es el mejor equipo legal que puedes contratar para <a href=\"https:\/\/www.reclamador.es\/aerolineas\/\">reclamar tu vuelo<\/a> porque as\u00ed lo consideran tambi\u00e9n los medios de comunicaci\u00f3n m\u00e1s importantes tanto a nivel nacional como auton\u00f3mico y comarcal.\u00a0<\/p>\n<p>Prensa, radio, televisi\u00f3n&#8230; es habitual que puedas ver sentencias publicadas o comentadas en los medios de comunicaci\u00f3n que han sido conseguidas por reclamador.es. Tambi\u00e9n es habitual que leas en medios digitales o impresos, a nuestros abogados y expertos valorando sentencias de inter\u00e9s para los consumidores o explicando los derechos de los consumidores ante noticias de actualidad en el sector aeron\u00e1utico.\u00a0<\/p>\n<h2>\u00bfPor qu\u00e9 reclamador.es es la mejor empresa para reclamar tu vuelo? M\u00e1s de 100.000 casos ganados nos avalan<\/h2>\n<p>Los datos nos avalan. El equipo legal de reclamador.es, compuesto por decenas de abogados y abogadas, ha conseguido ya que se resuelvan con \u00e9xito m\u00e1s de 100.000 reclamaciones a aerol\u00edneas. Y no solo eso, pues de todos las decenas de miles de casos frente a compa\u00f1\u00edas a\u00e9reas que gestionamos cada a\u00f1o, un porcentaje muy pr\u00f3ximo al 100 % terminan en \u00e9xito.\u00a0<\/p>\n<p>Confiamos tanto en nuestro trabajo y en nuestros profesionales que en reclamador.es no cobramos nada a los clientes que no obtienen una sentencia favorable (salvo incumplimiento por su parte de nuestras CCGG).<\/p>\n<p>Y, por si esto fuera poco, cobramos nuestros honorarios cuando ganamos la reclamaci\u00f3n, es decir, realizamos toda la defensa de los derechos de nuestros clientes sin pedir ning\u00fan anticipo o cantidad fija para tramitar toda la reclamaci\u00f3n a\u00e9rea, tarde el tiempo que tarde en resolverse el caso.\u00a0<\/p>\n<p>Por todo esto, reclamador.es es la mejor compa\u00f1\u00eda para reclamar tu vuelo con \u00e9xito.\u00a0<\/p>\n<h2>\u00bfQu\u00e9 reclamaciones a\u00e9reas gestionamos en reclamador.es?<\/h2>\n<p>En reclamador.es ayudamos a los viajeros a reclamar:<\/p>\n<ul>\n<li><a href=\"https:\/\/www.reclamador.es\/aerolineas\/retraso-vuelo\/\">Retrasos de vuelos<\/a> superiores a 180 minutos en la llegada (salvo que sea por una causa de fuerza mayor)<\/li>\n<li><a href=\"https:\/\/www.reclamador.es\/aerolineas\/cancelacion-vuelo\/\">Cancelaciones de vuelos<\/a> avisadas con menos de dos semanas de antelaci\u00f3n y que la cancelaci\u00f3n no sea consecuencia de una causa de fuerza mayor ajena a la aerol\u00ednea.\u00a0<\/li>\n<li><a href=\"https:\/\/www.reclamador.es\/aerolineas\/overbooking\/\">Denegaciones de embarque por overbooking<\/a>, es decir, reclamaciones a aerol\u00edneas por dejar en tierra a pasajeros porque han vendido m\u00e1s billetes que asientos tiene el avi\u00f3n.\u00a0<\/li>\n<li><a href=\"https:\/\/www.reclamador.es\/aerolineas\/problemas-equipaje\/\">Problemas con el equipaje<\/a>, como puede ser que se extrav\u00ede, se pierda definitivamente o llegue roto al aeropuerto de destino.<\/li>\n<\/ul>\n<h2 style=\"text-align: center;\"><a class=\"button-lead\" href=\"https:\/\/www.reclamador.es\/form\/complaint\/delay\/\" rel=\"nofollow\"><strong>Consulta aqu\u00ed gratis tu caso<\/strong><\/a><\/h2>\n\n\n<div class=\"ttr_end\"><\/div>","protected":false},"excerpt":{"rendered":"<p>Somos tu mejor aliado para defender tus derechos como pasajero o pasajera a\u00e9rea frente a las trampas y trabas de las aerol\u00edneas para no compensarte cuando tu vuelo se retrasa, se cancela, te deniegan el embarque por overbooking o pierden tu maleta. Y lo decimos porque as\u00ed lo dicen nuestros clientes.\u00a0 Son nuestros propios clientes, [&hellip;]<\/p>\n","protected":false},"author":7,"featured_media":35750,"comment_status":"open","ping_status":"open","sticky":false,"template":"","format":"standard","meta":{"_acf_changed":false,"_genesis_hide_title":false,"_genesis_hide_breadcrumbs":false,"_genesis_hide_singular_image":false,"_genesis_hide_footer_widgets":false,"_genesis_custom_body_class":"","_genesis_custom_post_class":"","_genesis_layout":"","_jetpack_newsletter_access":"","_jetpack_dont_email_post_to_subs":false,"_jetpack_newsletter_tier_id":0,"_jetpack_memberships_contains_paywalled_content":false,"_jetpack_memberships_contains_paid_content":false,"footnotes":""},"categories":[392],"tags":[380,648],"class_list":{"0":"post-35745","1":"post","2":"type-post","3":"status-publish","4":"format-standard","5":"has-post-thumbnail","7":"category-noticias","8":"tag-aerolineas","9":"tag-branding","10":"entry"},"acf":[],"yoast_head":"<!-- This site is optimized with the Yoast SEO plugin v27.4 - https:\/\/yoast.com\/product\/yoast-seo-wordpress\/ -->\n<title>\u00bfPor qu\u00e9 reclamador.es es la mejor empresa para reclamar tu vuelo?<\/title>\n<meta name=\"description\" content=\"S\u00ed, reclamador.es es la mejor empresa para reclamar tu vuelo. \u00bfPor qu\u00e9? Porque lo dicen nuestros clientes, la prensa y nuestros +100.000 casos ganados.\" \/>\n<meta name=\"robots\" content=\"index, follow, max-snippet:-1, max-image-preview:large, max-video-preview:-1\" \/>\n<link rel=\"canonical\" href=\"https:\/\/www.reclamador.es\/blog\/reclamador-mejor-empresa-para-reclamar-vuelo\/\" \/>\n<meta property=\"og:locale\" content=\"es_ES\" \/>\n<meta property=\"og:type\" content=\"article\" \/>\n<meta property=\"og:title\" content=\"\u00bfPor qu\u00e9 reclamador.es es la mejor empresa para reclamar tu vuelo?\" \/>\n<meta property=\"og:description\" content=\"S\u00ed, reclamador.es es la mejor empresa para reclamar tu vuelo. \u00bfPor qu\u00e9? Porque lo dicen nuestros clientes, la prensa y nuestros +100.000 casos ganados.\" \/>\n<meta property=\"og:url\" content=\"https:\/\/www.reclamador.es\/blog\/reclamador-mejor-empresa-para-reclamar-vuelo\/\" \/>\n<meta property=\"og:site_name\" content=\"Rebeldes con causa, el blog de reclamador.es\" \/>\n<meta property=\"article:publisher\" content=\"https:\/\/www.facebook.com\/reclamador.es\" \/>\n<meta property=\"article:published_time\" content=\"2026-03-11T10:34:31+00:00\" \/>\n<meta property=\"article:modified_time\" content=\"2026-03-11T12:57:56+00:00\" \/>\n<meta property=\"og:image\" content=\"https:\/\/www.reclamador.es\/blog\/wp-content\/uploads\/2026\/03\/trabajadores-oficina-reclamador-2.jpg\" \/>\n\t<meta property=\"og:image:width\" content=\"1920\" \/>\n\t<meta property=\"og:image:height\" content=\"1048\" \/>\n\t<meta property=\"og:image:type\" content=\"image\/jpeg\" \/>\n<meta name=\"author\" content=\"Pablo Rabanal\" \/>\n<meta name=\"twitter:card\" content=\"summary_large_image\" \/>\n<meta name=\"twitter:creator\" content=\"@reclamador\" \/>\n<meta name=\"twitter:site\" content=\"@reclamador\" \/>\n<meta name=\"twitter:label1\" content=\"Escrito por\" \/>\n\t<meta name=\"twitter:data1\" content=\"Pablo Rabanal\" \/>\n\t<meta name=\"twitter:label2\" content=\"Tiempo de lectura\" \/>\n\t<meta name=\"twitter:data2\" content=\"3 minutos\" \/>\n<script type=\"application\/ld+json\" class=\"yoast-schema-graph\">{\"@context\":\"https:\\\/\\\/schema.org\",\"@graph\":[{\"@type\":\"Article\",\"@id\":\"https:\\\/\\\/www.reclamador.es\\\/blog\\\/reclamador-mejor-empresa-para-reclamar-vuelo\\\/#article\",\"isPartOf\":{\"@id\":\"https:\\\/\\\/www.reclamador.es\\\/blog\\\/reclamador-mejor-empresa-para-reclamar-vuelo\\\/\"},\"author\":{\"name\":\"Pablo Rabanal\",\"@id\":\"https:\\\/\\\/www.reclamador.es\\\/blog\\\/#\\\/schema\\\/person\\\/039e0824785d8cf2df48eec20dc93f58\"},\"headline\":\"\u00bfPor qu\u00e9 reclamador.es es la mejor empresa para reclamar tu vuelo?\",\"datePublished\":\"2026-03-11T10:34:31+00:00\",\"dateModified\":\"2026-03-11T12:57:56+00:00\",\"mainEntityOfPage\":{\"@id\":\"https:\\\/\\\/www.reclamador.es\\\/blog\\\/reclamador-mejor-empresa-para-reclamar-vuelo\\\/\"},\"wordCount\":618,\"commentCount\":0,\"publisher\":{\"@id\":\"https:\\\/\\\/www.reclamador.es\\\/blog\\\/#organization\"},\"image\":{\"@id\":\"https:\\\/\\\/www.reclamador.es\\\/blog\\\/reclamador-mejor-empresa-para-reclamar-vuelo\\\/#primaryimage\"},\"thumbnailUrl\":\"https:\\\/\\\/i0.wp.com\\\/www.reclamador.es\\\/blog\\\/wp-content\\\/uploads\\\/2026\\\/03\\\/trabajadores-oficina-reclamador-2.jpg?fit=1920%2C1048&ssl=1\",\"keywords\":[\"aerol\u00edneas\",\"branding\"],\"articleSection\":[\"Noticias y actualidad\"],\"inLanguage\":\"es\",\"potentialAction\":[{\"@type\":\"CommentAction\",\"name\":\"Comment\",\"target\":[\"https:\\\/\\\/www.reclamador.es\\\/blog\\\/reclamador-mejor-empresa-para-reclamar-vuelo\\\/#respond\"]}]},{\"@type\":\"WebPage\",\"@id\":\"https:\\\/\\\/www.reclamador.es\\\/blog\\\/reclamador-mejor-empresa-para-reclamar-vuelo\\\/\",\"url\":\"https:\\\/\\\/www.reclamador.es\\\/blog\\\/reclamador-mejor-empresa-para-reclamar-vuelo\\\/\",\"name\":\"\u00bfPor qu\u00e9 reclamador.es es la mejor empresa para reclamar tu vuelo?\",\"isPartOf\":{\"@id\":\"https:\\\/\\\/www.reclamador.es\\\/blog\\\/#website\"},\"primaryImageOfPage\":{\"@id\":\"https:\\\/\\\/www.reclamador.es\\\/blog\\\/reclamador-mejor-empresa-para-reclamar-vuelo\\\/#primaryimage\"},\"image\":{\"@id\":\"https:\\\/\\\/www.reclamador.es\\\/blog\\\/reclamador-mejor-empresa-para-reclamar-vuelo\\\/#primaryimage\"},\"thumbnailUrl\":\"https:\\\/\\\/i0.wp.com\\\/www.reclamador.es\\\/blog\\\/wp-content\\\/uploads\\\/2026\\\/03\\\/trabajadores-oficina-reclamador-2.jpg?fit=1920%2C1048&ssl=1\",\"datePublished\":\"2026-03-11T10:34:31+00:00\",\"dateModified\":\"2026-03-11T12:57:56+00:00\",\"description\":\"S\u00ed, reclamador.es es la mejor empresa para reclamar tu vuelo. \u00bfPor qu\u00e9? Porque lo dicen nuestros clientes, la prensa y nuestros +100.000 casos ganados.\",\"breadcrumb\":{\"@id\":\"https:\\\/\\\/www.reclamador.es\\\/blog\\\/reclamador-mejor-empresa-para-reclamar-vuelo\\\/#breadcrumb\"},\"inLanguage\":\"es\",\"potentialAction\":[{\"@type\":\"ReadAction\",\"target\":[\"https:\\\/\\\/www.reclamador.es\\\/blog\\\/reclamador-mejor-empresa-para-reclamar-vuelo\\\/\"]}]},{\"@type\":\"ImageObject\",\"inLanguage\":\"es\",\"@id\":\"https:\\\/\\\/www.reclamador.es\\\/blog\\\/reclamador-mejor-empresa-para-reclamar-vuelo\\\/#primaryimage\",\"url\":\"https:\\\/\\\/i0.wp.com\\\/www.reclamador.es\\\/blog\\\/wp-content\\\/uploads\\\/2026\\\/03\\\/trabajadores-oficina-reclamador-2.jpg?fit=1920%2C1048&ssl=1\",\"contentUrl\":\"https:\\\/\\\/i0.wp.com\\\/www.reclamador.es\\\/blog\\\/wp-content\\\/uploads\\\/2026\\\/03\\\/trabajadores-oficina-reclamador-2.jpg?fit=1920%2C1048&ssl=1\",\"width\":1920,\"height\":1048,\"caption\":\"Oficina reclamador.es en Madrid - reclamador.es mejor empresa para reclamar tu vuelo\"},{\"@type\":\"BreadcrumbList\",\"@id\":\"https:\\\/\\\/www.reclamador.es\\\/blog\\\/reclamador-mejor-empresa-para-reclamar-vuelo\\\/#breadcrumb\",\"itemListElement\":[{\"@type\":\"ListItem\",\"position\":1,\"name\":\"Portada\",\"item\":\"https:\\\/\\\/www.reclamador.es\\\/blog\\\/\"},{\"@type\":\"ListItem\",\"position\":2,\"name\":\"\u00bfPor qu\u00e9 reclamador.es es la mejor empresa para reclamar tu vuelo?\"}]},{\"@type\":\"WebSite\",\"@id\":\"https:\\\/\\\/www.reclamador.es\\\/blog\\\/#website\",\"url\":\"https:\\\/\\\/www.reclamador.es\\\/blog\\\/\",\"name\":\"Rebeldes con causa, el blog de reclamador.es\",\"description\":\"Noticias, entrevistas y consejos sobre reclamaciones\",\"publisher\":{\"@id\":\"https:\\\/\\\/www.reclamador.es\\\/blog\\\/#organization\"},\"potentialAction\":[{\"@type\":\"SearchAction\",\"target\":{\"@type\":\"EntryPoint\",\"urlTemplate\":\"https:\\\/\\\/www.reclamador.es\\\/blog\\\/?s={search_term_string}\"},\"query-input\":{\"@type\":\"PropertyValueSpecification\",\"valueRequired\":true,\"valueName\":\"search_term_string\"}}],\"inLanguage\":\"es\"},{\"@type\":\"Organization\",\"@id\":\"https:\\\/\\\/www.reclamador.es\\\/blog\\\/#organization\",\"name\":\"reclamador.es\",\"url\":\"https:\\\/\\\/www.reclamador.es\\\/blog\\\/\",\"logo\":{\"@type\":\"ImageObject\",\"inLanguage\":\"es\",\"@id\":\"https:\\\/\\\/www.reclamador.es\\\/blog\\\/#\\\/schema\\\/logo\\\/image\\\/\",\"url\":\"https:\\\/\\\/i0.wp.com\\\/www.reclamador.es\\\/blog\\\/wp-content\\\/uploads\\\/2020\\\/01\\\/logo-reclamador.png?fit=1200%2C144&ssl=1\",\"contentUrl\":\"https:\\\/\\\/i0.wp.com\\\/www.reclamador.es\\\/blog\\\/wp-content\\\/uploads\\\/2020\\\/01\\\/logo-reclamador.png?fit=1200%2C144&ssl=1\",\"width\":1200,\"height\":144,\"caption\":\"reclamador.es\"},\"image\":{\"@id\":\"https:\\\/\\\/www.reclamador.es\\\/blog\\\/#\\\/schema\\\/logo\\\/image\\\/\"},\"sameAs\":[\"https:\\\/\\\/www.facebook.com\\\/reclamador.es\",\"https:\\\/\\\/x.com\\\/reclamador\",\"https:\\\/\\\/www.instagram.com\\\/reclamador.es\\\/\",\"https:\\\/\\\/www.linkedin.com\\\/company\\\/reclamador-es\",\"https:\\\/\\\/www.youtube.com\\\/user\\\/Reclamadores\"]},{\"@type\":\"Person\",\"@id\":\"https:\\\/\\\/www.reclamador.es\\\/blog\\\/#\\\/schema\\\/person\\\/039e0824785d8cf2df48eec20dc93f58\",\"name\":\"Pablo Rabanal\",\"image\":{\"@type\":\"ImageObject\",\"inLanguage\":\"es\",\"@id\":\"https:\\\/\\\/secure.gravatar.com\\\/avatar\\\/5d4521c7ac52eba8b6a27c8f4ae2360a6b8b387f805ab017d79ce21f822788f4?s=96&d=mm&r=g\",\"url\":\"https:\\\/\\\/secure.gravatar.com\\\/avatar\\\/5d4521c7ac52eba8b6a27c8f4ae2360a6b8b387f805ab017d79ce21f822788f4?s=96&d=mm&r=g\",\"contentUrl\":\"https:\\\/\\\/secure.gravatar.com\\\/avatar\\\/5d4521c7ac52eba8b6a27c8f4ae2360a6b8b387f805ab017d79ce21f822788f4?s=96&d=mm&r=g\",\"caption\":\"Pablo Rabanal\"},\"description\":\"Intento contribuir a un mundo mejor desde lo profesional y lo personal. Me encanta hacer deporte (hago yoga, boxeo y baloncesto), viajar, ir al cine y disfrutar de mi familia y amigos.\",\"sameAs\":[\"https:\\\/\\\/www.linkedin.com\\\/in\\\/pablo-rabanal-41135524\\\/\"],\"url\":\"https:\\\/\\\/www.reclamador.es\\\/blog\\\/author\\\/pablo-rabanal\\\/\"}]}<\/script>\n<!-- \/ Yoast SEO plugin. -->","yoast_head_json":{"title":"\u00bfPor qu\u00e9 reclamador.es es la mejor empresa para reclamar tu vuelo?","description":"S\u00ed, reclamador.es es la mejor empresa para reclamar tu vuelo. \u00bfPor qu\u00e9? Porque lo dicen nuestros clientes, la prensa y nuestros +100.000 casos ganados.","robots":{"index":"index","follow":"follow","max-snippet":"max-snippet:-1","max-image-preview":"max-image-preview:large","max-video-preview":"max-video-preview:-1"},"canonical":"https:\/\/www.reclamador.es\/blog\/reclamador-mejor-empresa-para-reclamar-vuelo\/","og_locale":"es_ES","og_type":"article","og_title":"\u00bfPor qu\u00e9 reclamador.es es la mejor empresa para reclamar tu vuelo?","og_description":"S\u00ed, reclamador.es es la mejor empresa para reclamar tu vuelo. \u00bfPor qu\u00e9? Porque lo dicen nuestros clientes, la prensa y nuestros +100.000 casos ganados.","og_url":"https:\/\/www.reclamador.es\/blog\/reclamador-mejor-empresa-para-reclamar-vuelo\/","og_site_name":"Rebeldes con causa, el blog de reclamador.es","article_publisher":"https:\/\/www.facebook.com\/reclamador.es","article_published_time":"2026-03-11T10:34:31+00:00","article_modified_time":"2026-03-11T12:57:56+00:00","og_image":[{"width":1920,"height":1048,"url":"https:\/\/www.reclamador.es\/blog\/wp-content\/uploads\/2026\/03\/trabajadores-oficina-reclamador-2.jpg","type":"image\/jpeg"}],"author":"Pablo Rabanal","twitter_card":"summary_large_image","twitter_creator":"@reclamador","twitter_site":"@reclamador","twitter_misc":{"Escrito por":"Pablo Rabanal","Tiempo de lectura":"3 minutos"},"schema":{"@context":"https:\/\/schema.org","@graph":[{"@type":"Article","@id":"https:\/\/www.reclamador.es\/blog\/reclamador-mejor-empresa-para-reclamar-vuelo\/#article","isPartOf":{"@id":"https:\/\/www.reclamador.es\/blog\/reclamador-mejor-empresa-para-reclamar-vuelo\/"},"author":{"name":"Pablo Rabanal","@id":"https:\/\/www.reclamador.es\/blog\/#\/schema\/person\/039e0824785d8cf2df48eec20dc93f58"},"headline":"\u00bfPor qu\u00e9 reclamador.es es la mejor empresa para reclamar tu vuelo?","datePublished":"2026-03-11T10:34:31+00:00","dateModified":"2026-03-11T12:57:56+00:00","mainEntityOfPage":{"@id":"https:\/\/www.reclamador.es\/blog\/reclamador-mejor-empresa-para-reclamar-vuelo\/"},"wordCount":618,"commentCount":0,"publisher":{"@id":"https:\/\/www.reclamador.es\/blog\/#organization"},"image":{"@id":"https:\/\/www.reclamador.es\/blog\/reclamador-mejor-empresa-para-reclamar-vuelo\/#primaryimage"},"thumbnailUrl":"https:\/\/i0.wp.com\/www.reclamador.es\/blog\/wp-content\/uploads\/2026\/03\/trabajadores-oficina-reclamador-2.jpg?fit=1920%2C1048&ssl=1","keywords":["aerol\u00edneas","branding"],"articleSection":["Noticias y actualidad"],"inLanguage":"es","potentialAction":[{"@type":"CommentAction","name":"Comment","target":["https:\/\/www.reclamador.es\/blog\/reclamador-mejor-empresa-para-reclamar-vuelo\/#respond"]}]},{"@type":"WebPage","@id":"https:\/\/www.reclamador.es\/blog\/reclamador-mejor-empresa-para-reclamar-vuelo\/","url":"https:\/\/www.reclamador.es\/blog\/reclamador-mejor-empresa-para-reclamar-vuelo\/","name":"\u00bfPor qu\u00e9 reclamador.es es la mejor empresa para reclamar tu vuelo?","isPartOf":{"@id":"https:\/\/www.reclamador.es\/blog\/#website"},"primaryImageOfPage":{"@id":"https:\/\/www.reclamador.es\/blog\/reclamador-mejor-empresa-para-reclamar-vuelo\/#primaryimage"},"image":{"@id":"https:\/\/www.reclamador.es\/blog\/reclamador-mejor-empresa-para-reclamar-vuelo\/#primaryimage"},"thumbnailUrl":"https:\/\/i0.wp.com\/www.reclamador.es\/blog\/wp-content\/uploads\/2026\/03\/trabajadores-oficina-reclamador-2.jpg?fit=1920%2C1048&ssl=1","datePublished":"2026-03-11T10:34:31+00:00","dateModified":"2026-03-11T12:57:56+00:00","description":"S\u00ed, reclamador.es es la mejor empresa para reclamar tu vuelo. \u00bfPor qu\u00e9? Porque lo dicen nuestros clientes, la prensa y nuestros +100.000 casos ganados.","breadcrumb":{"@id":"https:\/\/www.reclamador.es\/blog\/reclamador-mejor-empresa-para-reclamar-vuelo\/#breadcrumb"},"inLanguage":"es","potentialAction":[{"@type":"ReadAction","target":["https:\/\/www.reclamador.es\/blog\/reclamador-mejor-empresa-para-reclamar-vuelo\/"]}]},{"@type":"ImageObject","inLanguage":"es","@id":"https:\/\/www.reclamador.es\/blog\/reclamador-mejor-empresa-para-reclamar-vuelo\/#primaryimage","url":"https:\/\/i0.wp.com\/www.reclamador.es\/blog\/wp-content\/uploads\/2026\/03\/trabajadores-oficina-reclamador-2.jpg?fit=1920%2C1048&ssl=1","contentUrl":"https:\/\/i0.wp.com\/www.reclamador.es\/blog\/wp-content\/uploads\/2026\/03\/trabajadores-oficina-reclamador-2.jpg?fit=1920%2C1048&ssl=1","width":1920,"height":1048,"caption":"Oficina reclamador.es en Madrid - reclamador.es mejor empresa para reclamar tu vuelo"},{"@type":"BreadcrumbList","@id":"https:\/\/www.reclamador.es\/blog\/reclamador-mejor-empresa-para-reclamar-vuelo\/#breadcrumb","itemListElement":[{"@type":"ListItem","position":1,"name":"Portada","item":"https:\/\/www.reclamador.es\/blog\/"},{"@type":"ListItem","position":2,"name":"\u00bfPor qu\u00e9 reclamador.es es la mejor empresa para reclamar tu vuelo?"}]},{"@type":"WebSite","@id":"https:\/\/www.reclamador.es\/blog\/#website","url":"https:\/\/www.reclamador.es\/blog\/","name":"Rebeldes con causa, el blog de reclamador.es","description":"Noticias, entrevistas y consejos sobre reclamaciones","publisher":{"@id":"https:\/\/www.reclamador.es\/blog\/#organization"},"potentialAction":[{"@type":"SearchAction","target":{"@type":"EntryPoint","urlTemplate":"https:\/\/www.reclamador.es\/blog\/?s={search_term_string}"},"query-input":{"@type":"PropertyValueSpecification","valueRequired":true,"valueName":"search_term_string"}}],"inLanguage":"es"},{"@type":"Organization","@id":"https:\/\/www.reclamador.es\/blog\/#organization","name":"reclamador.es","url":"https:\/\/www.reclamador.es\/blog\/","logo":{"@type":"ImageObject","inLanguage":"es","@id":"https:\/\/www.reclamador.es\/blog\/#\/schema\/logo\/image\/","url":"https:\/\/i0.wp.com\/www.reclamador.es\/blog\/wp-content\/uploads\/2020\/01\/logo-reclamador.png?fit=1200%2C144&ssl=1","contentUrl":"https:\/\/i0.wp.com\/www.reclamador.es\/blog\/wp-content\/uploads\/2020\/01\/logo-reclamador.png?fit=1200%2C144&ssl=1","width":1200,"height":144,"caption":"reclamador.es"},"image":{"@id":"https:\/\/www.reclamador.es\/blog\/#\/schema\/logo\/image\/"},"sameAs":["https:\/\/www.facebook.com\/reclamador.es","https:\/\/x.com\/reclamador","https:\/\/www.instagram.com\/reclamador.es\/","https:\/\/www.linkedin.com\/company\/reclamador-es","https:\/\/www.youtube.com\/user\/Reclamadores"]},{"@type":"Person","@id":"https:\/\/www.reclamador.es\/blog\/#\/schema\/person\/039e0824785d8cf2df48eec20dc93f58","name":"Pablo Rabanal","image":{"@type":"ImageObject","inLanguage":"es","@id":"https:\/\/secure.gravatar.com\/avatar\/5d4521c7ac52eba8b6a27c8f4ae2360a6b8b387f805ab017d79ce21f822788f4?s=96&d=mm&r=g","url":"https:\/\/secure.gravatar.com\/avatar\/5d4521c7ac52eba8b6a27c8f4ae2360a6b8b387f805ab017d79ce21f822788f4?s=96&d=mm&r=g","contentUrl":"https:\/\/secure.gravatar.com\/avatar\/5d4521c7ac52eba8b6a27c8f4ae2360a6b8b387f805ab017d79ce21f822788f4?s=96&d=mm&r=g","caption":"Pablo Rabanal"},"description":"Intento contribuir a un mundo mejor desde lo profesional y lo personal. Me encanta hacer deporte (hago yoga, boxeo y baloncesto), viajar, ir al cine y disfrutar de mi familia y amigos.","sameAs":["https:\/\/www.linkedin.com\/in\/pablo-rabanal-41135524\/"],"url":"https:\/\/www.reclamador.es\/blog\/author\/pablo-rabanal\/"}]}},"jetpack_featured_media_url":"https:\/\/i0.wp.com\/www.reclamador.es\/blog\/wp-content\/uploads\/2026\/03\/trabajadores-oficina-reclamador-2.jpg?fit=1920%2C1048&ssl=1","jetpack-related-posts":[{"id":35549,"url":"https:\/\/www.reclamador.es\/blog\/retrasos-y-cancelaciones-de-vuelos-suman-el-90-incidencias-viajes-avion\/","url_meta":{"origin":35745,"position":0},"title":"Retrasos y cancelaciones de vuelos suman el 90,5 % de las incidencias en viajes en avi\u00f3n","author":"Equipo reclamador","date":"3 febrero, 2026","format":false,"excerpt":"Como cada a\u00f1o, en reclamador.es hemos elaborado un informe para analizar c\u00f3mo han sido las reclamaciones a aerol\u00edneas en el curso que recientemente hemos dejado atr\u00e1s. En esta ocasi\u00f3n, hemos podido comprobar como los retrasos de vuelos superiores a 180 minutos en la llegada y las cancelaciones de vuelos de\u2026","rel":"","context":"En \u00abNoticias y actualidad\u00bb","block_context":{"text":"Noticias y actualidad","link":"https:\/\/www.reclamador.es\/blog\/noticias\/"},"img":{"alt_text":"Datos retrasos y cancelaciones de vuelos 2025","src":"https:\/\/i0.wp.com\/www.reclamador.es\/blog\/wp-content\/uploads\/2026\/02\/Diseno-sin-titulo-10.jpg?fit=1200%2C630&ssl=1&resize=350%2C200","width":350,"height":200,"srcset":"https:\/\/i0.wp.com\/www.reclamador.es\/blog\/wp-content\/uploads\/2026\/02\/Diseno-sin-titulo-10.jpg?fit=1200%2C630&ssl=1&resize=350%2C200 1x, https:\/\/i0.wp.com\/www.reclamador.es\/blog\/wp-content\/uploads\/2026\/02\/Diseno-sin-titulo-10.jpg?fit=1200%2C630&ssl=1&resize=525%2C300 1.5x, https:\/\/i0.wp.com\/www.reclamador.es\/blog\/wp-content\/uploads\/2026\/02\/Diseno-sin-titulo-10.jpg?fit=1200%2C630&ssl=1&resize=700%2C400 2x, https:\/\/i0.wp.com\/www.reclamador.es\/blog\/wp-content\/uploads\/2026\/02\/Diseno-sin-titulo-10.jpg?fit=1200%2C630&ssl=1&resize=1050%2C600 3x"},"classes":[]},{"id":20199,"url":"https:\/\/www.reclamador.es\/blog\/vuelos-retrasados-estudio-derechos-pasajeros\/","url_meta":{"origin":35745,"position":1},"title":"Vuelos retrasados o cancelados y los derechos de los pasajeros: an\u00e1lisis de la efectividad del Reglamento 261","author":"Equipo reclamador","date":"13 noviembre, 2020","format":false,"excerpt":"Si has sufrido un retraso o cancelaci\u00f3n de vuelo es posible que sepas qu\u00e9 es el Reglamento 261. Pues entre otras muchas cosas, regula la compensaci\u00f3n econ\u00f3mica que corresponde a los pasajeros a\u00e9reos en estos casos. Con este reglamento en la mano, cuando la aerol\u00ednea cancela tu vuelo o sufres\u2026","rel":"","context":"En \u00abNoticias y actualidad\u00bb","block_context":{"text":"Noticias y actualidad","link":"https:\/\/www.reclamador.es\/blog\/noticias\/"},"img":{"alt_text":"aerolineas reclamaciones reclamador","src":"https:\/\/i0.wp.com\/www.reclamador.es\/blog\/wp-content\/uploads\/2020\/11\/aerolineas-reglamento-261-reclamador.jpg?fit=1200%2C696&ssl=1&resize=350%2C200","width":350,"height":200,"srcset":"https:\/\/i0.wp.com\/www.reclamador.es\/blog\/wp-content\/uploads\/2020\/11\/aerolineas-reglamento-261-reclamador.jpg?fit=1200%2C696&ssl=1&resize=350%2C200 1x, https:\/\/i0.wp.com\/www.reclamador.es\/blog\/wp-content\/uploads\/2020\/11\/aerolineas-reglamento-261-reclamador.jpg?fit=1200%2C696&ssl=1&resize=525%2C300 1.5x, https:\/\/i0.wp.com\/www.reclamador.es\/blog\/wp-content\/uploads\/2020\/11\/aerolineas-reglamento-261-reclamador.jpg?fit=1200%2C696&ssl=1&resize=700%2C400 2x, https:\/\/i0.wp.com\/www.reclamador.es\/blog\/wp-content\/uploads\/2020\/11\/aerolineas-reglamento-261-reclamador.jpg?fit=1200%2C696&ssl=1&resize=1050%2C600 3x"},"classes":[]},{"id":34723,"url":"https:\/\/www.reclamador.es\/blog\/clausula-no-show-perder-primer-vuelo-cancelar-resto\/","url_meta":{"origin":35745,"position":2},"title":"\u00bfPerdiste un vuelo y ten\u00edas otro en la misma reserva? Cuidado con la cl\u00e1usula no show","author":"Equipo reclamador","date":"8 agosto, 2025","format":false,"excerpt":"\u00bfSabes qu\u00e9 es la cl\u00e1usula no show de algunas aerol\u00edneas o por qu\u00e9 algunas compa\u00f1\u00edas a\u00e9reas si pierdes el primer vuelo autom\u00e1ticamente te cancelan el resto de vuelos? En este art\u00edculo te vamos a explicar los riesgos del no show y tus derechos como pasajero ante un vuelo cancelado por\u2026","rel":"","context":"En \u00abConsejos legales\u00bb","block_context":{"text":"Consejos legales","link":"https:\/\/www.reclamador.es\/blog\/consejos\/"},"img":{"alt_text":"reclamar cancelacion automatica vuelo por no hacer un trayecto","src":"https:\/\/i0.wp.com\/www.reclamador.es\/blog\/wp-content\/uploads\/2025\/08\/clausula-no-show-cancelacion-vuelo.png?fit=1200%2C630&ssl=1&resize=350%2C200","width":350,"height":200,"srcset":"https:\/\/i0.wp.com\/www.reclamador.es\/blog\/wp-content\/uploads\/2025\/08\/clausula-no-show-cancelacion-vuelo.png?fit=1200%2C630&ssl=1&resize=350%2C200 1x, https:\/\/i0.wp.com\/www.reclamador.es\/blog\/wp-content\/uploads\/2025\/08\/clausula-no-show-cancelacion-vuelo.png?fit=1200%2C630&ssl=1&resize=525%2C300 1.5x, https:\/\/i0.wp.com\/www.reclamador.es\/blog\/wp-content\/uploads\/2025\/08\/clausula-no-show-cancelacion-vuelo.png?fit=1200%2C630&ssl=1&resize=700%2C400 2x, https:\/\/i0.wp.com\/www.reclamador.es\/blog\/wp-content\/uploads\/2025\/08\/clausula-no-show-cancelacion-vuelo.png?fit=1200%2C630&ssl=1&resize=1050%2C600 3x"},"classes":[]},{"id":33594,"url":"https:\/\/www.reclamador.es\/blog\/entrevista-ruben-reclamador-de-aerolineas-retraso\/","url_meta":{"origin":35745,"position":3},"title":"Rub\u00e9n, reclamador de aerol\u00edneas: \"Me han mantenido informado en todo momento y han sido \u00e1giles y efectivos en su respuesta\"","author":"Cristina Naveda","date":"13 enero, 2025","format":false,"excerpt":"Hoy tenemos el placer de charlar con Rub\u00e9n Figueras (Barcelona, 1964). Abogado en ejercicio, a sus 60 a\u00f1os, nos cuenta que dedica su tiempo libre a \u201ccomer bien\u201d, a escaparse a casas rurales y a descansar junto a sus seres queridos. Ha conseguido, de la mano del equipo legal de\u2026","rel":"","context":"En \u00abConoce todo lo que sucede en reclamador.es\u00bb","block_context":{"text":"Conoce todo lo que sucede en reclamador.es","link":"https:\/\/www.reclamador.es\/blog\/reclamadores\/"},"img":{"alt_text":"entrevista a reclamador de aerolineas por retraso de vuelo","src":"https:\/\/i0.wp.com\/www.reclamador.es\/blog\/wp-content\/uploads\/2025\/01\/entrevista-cliente-aerolineas-Ruben-Figueras-1200x630-1.jpg?fit=1200%2C630&ssl=1&resize=350%2C200","width":350,"height":200,"srcset":"https:\/\/i0.wp.com\/www.reclamador.es\/blog\/wp-content\/uploads\/2025\/01\/entrevista-cliente-aerolineas-Ruben-Figueras-1200x630-1.jpg?fit=1200%2C630&ssl=1&resize=350%2C200 1x, https:\/\/i0.wp.com\/www.reclamador.es\/blog\/wp-content\/uploads\/2025\/01\/entrevista-cliente-aerolineas-Ruben-Figueras-1200x630-1.jpg?fit=1200%2C630&ssl=1&resize=525%2C300 1.5x, https:\/\/i0.wp.com\/www.reclamador.es\/blog\/wp-content\/uploads\/2025\/01\/entrevista-cliente-aerolineas-Ruben-Figueras-1200x630-1.jpg?fit=1200%2C630&ssl=1&resize=700%2C400 2x, https:\/\/i0.wp.com\/www.reclamador.es\/blog\/wp-content\/uploads\/2025\/01\/entrevista-cliente-aerolineas-Ruben-Figueras-1200x630-1.jpg?fit=1200%2C630&ssl=1&resize=1050%2C600 3x"},"classes":[]},{"id":33731,"url":"https:\/\/www.reclamador.es\/blog\/entrevista-clienta-reclamadora-de-vueling-con-reclamador\/","url_meta":{"origin":35745,"position":4},"title":"Camilla Ribeiro, reclamadora de aerol\u00edneas: \u201cLa plataforma reclamador.es es muy completa y funciona muy bien\u201d","author":"Cristina Naveda","date":"20 febrero, 2025","format":false,"excerpt":"Hoy hemos hablado con Camilla Ribeiro (Brasil, 1996), una de nuestras clientas reclamadoras de aerol\u00edneas. Camilla nos cuenta que teletrabaja para una empresa de ingenier\u00eda y energ\u00edas y que tiene la costumbre de viajar mucho. Vive en Tenerife y tiene una segunda residencia en Asturias. Entrevista a reclamadora de Vueling\u2026","rel":"","context":"En \u00abConoce todo lo que sucede en reclamador.es\u00bb","block_context":{"text":"Conoce todo lo que sucede en reclamador.es","link":"https:\/\/www.reclamador.es\/blog\/reclamadores\/"},"img":{"alt_text":"vuelo cancelado reclamador de vueling","src":"https:\/\/i0.wp.com\/www.reclamador.es\/blog\/wp-content\/uploads\/2025\/02\/entrevista-cliente-aerolineas-Camilla-Ribeiro-1200x630-1.jpg?fit=1200%2C630&ssl=1&resize=350%2C200","width":350,"height":200,"srcset":"https:\/\/i0.wp.com\/www.reclamador.es\/blog\/wp-content\/uploads\/2025\/02\/entrevista-cliente-aerolineas-Camilla-Ribeiro-1200x630-1.jpg?fit=1200%2C630&ssl=1&resize=350%2C200 1x, https:\/\/i0.wp.com\/www.reclamador.es\/blog\/wp-content\/uploads\/2025\/02\/entrevista-cliente-aerolineas-Camilla-Ribeiro-1200x630-1.jpg?fit=1200%2C630&ssl=1&resize=525%2C300 1.5x, https:\/\/i0.wp.com\/www.reclamador.es\/blog\/wp-content\/uploads\/2025\/02\/entrevista-cliente-aerolineas-Camilla-Ribeiro-1200x630-1.jpg?fit=1200%2C630&ssl=1&resize=700%2C400 2x, https:\/\/i0.wp.com\/www.reclamador.es\/blog\/wp-content\/uploads\/2025\/02\/entrevista-cliente-aerolineas-Camilla-Ribeiro-1200x630-1.jpg?fit=1200%2C630&ssl=1&resize=1050%2C600 3x"},"classes":[]},{"id":32026,"url":"https:\/\/www.reclamador.es\/blog\/entrevista-pedro-cliente-de-aerolineas-de-reclamador\/","url_meta":{"origin":35745,"position":5},"title":"Pedro, reclamador de aerol\u00edneas: \u201cdespu\u00e9s de la frustraci\u00f3n que es quedarte en tierra, nunca pens\u00e9 que podr\u00eda recuperar parte del dinero invertido\u201d","author":"Cristina Naveda","date":"29 febrero, 2024","format":false,"excerpt":"Hoy, en nuestra secci\u00f3n de entrevistas charlamos con Pedro, quien sufri\u00f3 una cancelaci\u00f3n en un viaje a Estados Unidos. Un viaje muy especial, bien preparado, nos cuenta, donde hab\u00eda puesto muchas ganas e ilusi\u00f3n, y lo m\u00e1s importante, con una compa\u00f1\u00eda fant\u00e1stica: sus hijas.\u00a0 Sin embargo, ni siquiera mimando todos\u2026","rel":"","context":"En \u00abConoce todo lo que sucede en reclamador.es\u00bb","block_context":{"text":"Conoce todo lo que sucede en reclamador.es","link":"https:\/\/www.reclamador.es\/blog\/reclamadores\/"},"img":{"alt_text":"entrevista cliente aerolineas cancelacion vuelo","src":"https:\/\/i0.wp.com\/www.reclamador.es\/blog\/wp-content\/uploads\/2024\/02\/entrevista-cliente-aerolineas-Pedro-1200x630-1.jpg?fit=1200%2C630&ssl=1&resize=350%2C200","width":350,"height":200,"srcset":"https:\/\/i0.wp.com\/www.reclamador.es\/blog\/wp-content\/uploads\/2024\/02\/entrevista-cliente-aerolineas-Pedro-1200x630-1.jpg?fit=1200%2C630&ssl=1&resize=350%2C200 1x, https:\/\/i0.wp.com\/www.reclamador.es\/blog\/wp-content\/uploads\/2024\/02\/entrevista-cliente-aerolineas-Pedro-1200x630-1.jpg?fit=1200%2C630&ssl=1&resize=525%2C300 1.5x, https:\/\/i0.wp.com\/www.reclamador.es\/blog\/wp-content\/uploads\/2024\/02\/entrevista-cliente-aerolineas-Pedro-1200x630-1.jpg?fit=1200%2C630&ssl=1&resize=700%2C400 2x, https:\/\/i0.wp.com\/www.reclamador.es\/blog\/wp-content\/uploads\/2024\/02\/entrevista-cliente-aerolineas-Pedro-1200x630-1.jpg?fit=1200%2C630&ssl=1&resize=1050%2C600 3x"},"classes":[]}],"jetpack_sharing_enabled":true,"_links":{"self":[{"href":"https:\/\/www.reclamador.es\/blog\/wp-json\/wp\/v2\/posts\/35745","targetHints":{"allow":["GET"]}}],"collection":[{"href":"https:\/\/www.reclamador.es\/blog\/wp-json\/wp\/v2\/posts"}],"about":[{"href":"https:\/\/www.reclamador.es\/blog\/wp-json\/wp\/v2\/types\/post"}],"author":[{"embeddable":true,"href":"https:\/\/www.reclamador.es\/blog\/wp-json\/wp\/v2\/users\/7"}],"replies":[{"embeddable":true,"href":"https:\/\/www.reclamador.es\/blog\/wp-json\/wp\/v2\/comments?post=35745"}],"version-history":[{"count":7,"href":"https:\/\/www.reclamador.es\/blog\/wp-json\/wp\/v2\/posts\/35745\/revisions"}],"predecessor-version":[{"id":35755,"href":"https:\/\/www.reclamador.es\/blog\/wp-json\/wp\/v2\/posts\/35745\/revisions\/35755"}],"wp:featuredmedia":[{"embeddable":true,"href":"https:\/\/www.reclamador.es\/blog\/wp-json\/wp\/v2\/media\/35750"}],"wp:attachment":[{"href":"https:\/\/www.reclamador.es\/blog\/wp-json\/wp\/v2\/media?parent=35745"}],"wp:term":[{"taxonomy":"category","embeddable":true,"href":"https:\/\/www.reclamador.es\/blog\/wp-json\/wp\/v2\/categories?post=35745"},{"taxonomy":"post_tag","embeddable":true,"href":"https:\/\/www.reclamador.es\/blog\/wp-json\/wp\/v2\/tags?post=35745"}],"curies":[{"name":"wp","href":"https:\/\/api.w.org\/{rel}","templated":true}]}}