{"id":35531,"date":"2026-01-30T12:56:22","date_gmt":"2026-01-30T11:56:22","guid":{"rendered":"https:\/\/www.reclamador.es\/blog\/?p=35531"},"modified":"2026-02-02T11:35:08","modified_gmt":"2026-02-02T10:35:08","slug":"cuantos-aeropuertos-hay-en-espana","status":"publish","type":"post","link":"https:\/\/www.reclamador.es\/blog\/cuantos-aeropuertos-hay-en-espana\/","title":{"rendered":"\u00bfCu\u00e1ntos aeropuertos hay en Espa\u00f1a?"},"content":{"rendered":"<div class=\"ttr_start\"><\/div>\n\n<div class=\"kk-star-ratings kksr-auto kksr-align-right kksr-valign-top\"\n    data-payload='{&quot;align&quot;:&quot;right&quot;,&quot;id&quot;:&quot;35531&quot;,&quot;slug&quot;:&quot;default&quot;,&quot;valign&quot;:&quot;top&quot;,&quot;ignore&quot;:&quot;&quot;,&quot;reference&quot;:&quot;auto&quot;,&quot;class&quot;:&quot;&quot;,&quot;count&quot;:&quot;1&quot;,&quot;legendonly&quot;:&quot;&quot;,&quot;readonly&quot;:&quot;&quot;,&quot;score&quot;:&quot;5&quot;,&quot;starsonly&quot;:&quot;&quot;,&quot;best&quot;:&quot;5&quot;,&quot;gap&quot;:&quot;3&quot;,&quot;greet&quot;:&quot;Valora este art\u00edculo&quot;,&quot;legend&quot;:&quot;5\\\/5 - (1 voto)&quot;,&quot;size&quot;:&quot;20&quot;,&quot;title&quot;:&quot;\u00bfCu\u00e1ntos aeropuertos hay en Espa\u00f1a?&quot;,&quot;width&quot;:&quot;113.5&quot;,&quot;_legend&quot;:&quot;{score}\\\/{best} - ({count} {votes})&quot;,&quot;font_factor&quot;:&quot;1.25&quot;}'>\n            \n<div class=\"kksr-stars\">\n    \n<div class=\"kksr-stars-inactive\">\n            <div class=\"kksr-star\" data-star=\"1\" style=\"padding-right: 3px\">\n            \n\n<div class=\"kksr-icon\" style=\"width: 20px; height: 20px;\"><\/div>\n        <\/div>\n            <div class=\"kksr-star\" data-star=\"2\" style=\"padding-right: 3px\">\n            \n\n<div class=\"kksr-icon\" style=\"width: 20px; height: 20px;\"><\/div>\n        <\/div>\n            <div class=\"kksr-star\" data-star=\"3\" style=\"padding-right: 3px\">\n            \n\n<div class=\"kksr-icon\" style=\"width: 20px; height: 20px;\"><\/div>\n        <\/div>\n            <div class=\"kksr-star\" data-star=\"4\" style=\"padding-right: 3px\">\n            \n\n<div class=\"kksr-icon\" style=\"width: 20px; height: 20px;\"><\/div>\n        <\/div>\n            <div class=\"kksr-star\" data-star=\"5\" style=\"padding-right: 3px\">\n            \n\n<div class=\"kksr-icon\" style=\"width: 20px; height: 20px;\"><\/div>\n        <\/div>\n    <\/div>\n    \n<div class=\"kksr-stars-active\" style=\"width: 113.5px;\">\n            <div class=\"kksr-star\" style=\"padding-right: 3px\">\n            \n\n<div class=\"kksr-icon\" style=\"width: 20px; height: 20px;\"><\/div>\n        <\/div>\n            <div class=\"kksr-star\" style=\"padding-right: 3px\">\n            \n\n<div class=\"kksr-icon\" style=\"width: 20px; height: 20px;\"><\/div>\n        <\/div>\n            <div class=\"kksr-star\" style=\"padding-right: 3px\">\n            \n\n<div class=\"kksr-icon\" style=\"width: 20px; height: 20px;\"><\/div>\n        <\/div>\n            <div class=\"kksr-star\" style=\"padding-right: 3px\">\n            \n\n<div class=\"kksr-icon\" style=\"width: 20px; height: 20px;\"><\/div>\n        <\/div>\n            <div class=\"kksr-star\" style=\"padding-right: 3px\">\n            \n\n<div class=\"kksr-icon\" style=\"width: 20px; height: 20px;\"><\/div>\n        <\/div>\n    <\/div>\n<\/div>\n                \n\n<div class=\"kksr-legend\" style=\"font-size: 16px;\">\n            5\/5 - (1 voto)    <\/div>\n    <\/div>\n\n<figure id=\"attachment_35538\" aria-describedby=\"caption-attachment-35538\" style=\"width: 1200px\" class=\"wp-caption aligncenter\"><img data-recalc-dims=\"1\" loading=\"lazy\" decoding=\"async\" class=\"size-full wp-image-35538\" src=\"https:\/\/i0.wp.com\/www.reclamador.es\/blog\/wp-content\/uploads\/2026\/01\/aeropuertos-de-espana-barajas.jpg?resize=1200%2C630&#038;ssl=1\" alt=\"cuantos aeropuertos hay en Espa\u00f1a\" width=\"1200\" height=\"630\" srcset=\"https:\/\/i0.wp.com\/www.reclamador.es\/blog\/wp-content\/uploads\/2026\/01\/aeropuertos-de-espana-barajas.jpg?w=1200&amp;ssl=1 1200w, https:\/\/i0.wp.com\/www.reclamador.es\/blog\/wp-content\/uploads\/2026\/01\/aeropuertos-de-espana-barajas.jpg?resize=800%2C420&amp;ssl=1 800w, https:\/\/i0.wp.com\/www.reclamador.es\/blog\/wp-content\/uploads\/2026\/01\/aeropuertos-de-espana-barajas.jpg?resize=150%2C79&amp;ssl=1 150w, https:\/\/i0.wp.com\/www.reclamador.es\/blog\/wp-content\/uploads\/2026\/01\/aeropuertos-de-espana-barajas.jpg?resize=768%2C403&amp;ssl=1 768w\" sizes=\"auto, (max-width: 1000px) 100vw, 1000px\" \/><figcaption id=\"caption-attachment-35538\" class=\"wp-caption-text\"><em>Aeropuertos en Espa\u00f1a<\/em><\/figcaption><\/figure>\n<p>En 2026, En Espa\u00f1a hay un total de 46 aeropuertos p\u00fablicos estatales, gestionados por AENA, m\u00e1s 2 helipuertos (Helipuerto de Algeciras y Helipuerto de Ceuta) gestionados tambi\u00e9n por AENA. Adem\u00e1s, en Espa\u00f1a existen aeropuertos p\u00fablicos pero gestionadas por empresas auton\u00f3micas, como pueden ser el Aeropuerto de Castell\u00f3n, el Aeropuerto de Teruel o el Aeropuerto de Lleida-Alguaire. Y tambi\u00e9n hay peque\u00f1os aer\u00f3dromos de gesti\u00f3n privada, por ejemplo, el Aer\u00f3dromo de Casarrubios.&nbsp;<\/p>\n<h2>\u00bfCu\u00e1ntos aeropuertos hay en Espa\u00f1a? Listado completo de aeropuertos y helipuertos gestionados por AENA<\/h2>\n<ul>\n<li style=\"list-style-type: none;\">\n<ul>\n<li>Aeropuerto de A Coru\u00f1a (LCG)<\/li>\n<li><a href=\"https:\/\/www.reclamador.es\/aerolineas\/aeropuertos\/madrid-barajas\/\">Adolfo Su\u00e1rez Madrid-Barajas (MAD)<\/a><\/li>\n<li>Aeropuerto de Albacete (ABC)<\/li>\n<li>Helipuerto de Algeciras (AEI)<\/li>\n<li>Alicante-Elche Miguel Hern\u00e1ndez (ALC)<\/li>\n<li>Almer\u00eda (LEI)<\/li>\n<li>Aeropuerto de Asturias (OVD)<\/li>\n<li>Badajoz (BJZ)<\/li>\n<li><a href=\"https:\/\/www.reclamador.es\/aerolineas\/aeropuertos\/bilbao\/\">Aeropuerto de Bilbao (BIO)<\/a><\/li>\n<li>Burgos (RGS)<\/li>\n<li>Helipuerto de Ceuta (JCU)<\/li>\n<li>Aeropuerto C\u00e9sar Manrique-Lanzarote (ACE)<\/li>\n<li>C\u00f3rdoba (ODB)<\/li>\n<li>El Hierro (VDE)<\/li>\n<li>Aeropuerto Federico Garc\u00eda Lorca Granada-Ja\u00e9n (GRX)<\/li>\n<li>Aeropuerto de Fuerteventura (FUE)<\/li>\n<li>Girona-Costa Brava (GRO)<\/li>\n<li><a href=\"https:\/\/www.reclamador.es\/aerolineas\/aeropuertos\/gran-canaria\/\">Aeropuerto de Gran Canaria (LPA)<\/a><\/li>\n<li>Huesca-Pirineos (HSK)<\/li>\n<li><a href=\"https:\/\/www.reclamador.es\/aerolineas\/aeropuertos\/ibiza\/\">Aeropuerto de Ibiza (IBZ)<\/a><\/li>\n<li>Aeropuerto Internacional Regi\u00f3n de Murcia (RMU)<\/li>\n<li>Jerez (XRY)<\/li>\n<li><a href=\"https:\/\/www.reclamador.es\/aerolineas\/aeropuertos\/barcelona-el-prat\/\">Aeropuerto Josep Tarradellas Barcelona-El Prat (BCN)<\/a><\/li>\n<li>La Gomera (GMZ)<\/li>\n<li>La Palma (SPC)<\/li>\n<li>Aeropuerto de Le\u00f3n (LEN)<\/li>\n<li>Logro\u00f1o-Agoncillo (RJL)<\/li>\n<li>Madrid-Cuatro Vientos (LECU)<\/li>\n<li>Melilla (MLN)<\/li>\n<li>Menorca (MAH)<\/li>\n<li><a href=\"https:\/\/www.reclamador.es\/aerolineas\/aeropuertos\/malaga-costa-del-sol\/\">Aeropuerto M\u00e1laga-Costa del Sol (AGP)<\/a><\/li>\n<li><a href=\"https:\/\/www.reclamador.es\/aerolineas\/aeropuertos\/palma-de-mallorca-son-sant-joan\/\">Aeropuerto Palma de Mallorca &#8211; Son Sant Joan (PMI)<\/a><\/li>\n<li>Pamplona (PNA)<\/li>\n<li>Reus (REU)<\/li>\n<li>Sabadell (QSA)<\/li>\n<li>Salamanca (SLM)<\/li>\n<li>San Sebasti\u00e1n (EAS)<\/li>\n<li>Aeropuerto de Santiago-Rosal\u00eda de Castro (SCQ)<\/li>\n<li>Seve Ballesteros-Santander (SDR)<\/li>\n<li><a href=\"https:\/\/www.reclamador.es\/aerolineas\/aeropuertos\/sevilla\/\">Aeropuerto de Sevilla (SVQ)<\/a><\/li>\n<li>Son Bonet (LESB)<\/li>\n<li>Tenerife Norte-Ciudad de La Laguna (TFN)<\/li>\n<li>Tenerife Sur (TFS)<\/li>\n<li><a href=\"https:\/\/www.reclamador.es\/aerolineas\/aeropuertos\/valencia\/\">Aeropuerto de Valencia (VLC)<\/a><\/li>\n<li>Valladolid (VLL)<\/li>\n<li>Aeropuerto de Vigo (VGO)<\/li>\n<li>Vitoria (VIT)<\/li>\n<li>Aeropuerto de Zaragoza (ZAZ)<\/li>\n<\/ul>\n<\/li>\n<\/ul>\n\n\n\n<p>Pese a este largo listado, lo cierto es que no en todos los aeropuertos de la red de AENA se realizan diariamente operaciones comerciales y son realmente utilizados para aviaci\u00f3n privada o escuelas de aviaci\u00f3n, como por ejemplo, Cuatro Vientos en Madrid o Son Bonet en la isla de Mallorca.\u00a0<\/p>\n<p>Tambi\u00e9n hay otros aeropuertos que s\u00ed tienen operaciones comerciales semanales pero con pocas rutas o conexiones, como es el caso del Aeropuerto de C\u00f3rdoba, donde opera Vueling una ruta con Barcelona y Binter, con el Aeropuerto de Gran Canaria. Otro caso similar es el Aeropuerto de Valladolid, donde \u00fanicamente operan Vueling y Binter, con rutas a Barcelona, Gran Canaria y el Aeropuerto de Tenerife Norte.<\/p>\n<h2>\u00bfHas sufrido una incidencia en tu vuelo en uno de los aeropuertos de Espa\u00f1a?\u00a0<\/h2>\n<p>Retrasos superiores a 180 minutos en la llegada del vuelo y cancelaciones informadas con menos de dos semanas de antelaci\u00f3n pueden dar derecho a reclamar a la aerol\u00ednea una indemnizaci\u00f3n de hasta 600 \u20ac m\u00e1s gastos, siempre y cuando esa incidencia en el viaje en avi\u00f3n no se deba a una causa de fuerza mayor, como puede ser una gran nevada o fuertes rachas de viento.\u00a0<\/p>\n<p>Misma indemnizaci\u00f3n (hasta 600 \u20ac m\u00e1s gastos) corresponde en casos de denegaci\u00f3n de embarque por overbooking en uno de estos aeropuertos. Y en los casos de p\u00e9rdida, extrav\u00edo o da\u00f1os en el equipaje, la indemnizaci\u00f3n asciende hasta los 1.813 \u20ac en 2026.<\/p>\n<h2 style=\"text-align: center;\"><a class=\"button-lead\" href=\"https:\/\/www.reclamador.es\/aerolineas\/\"><b>Descubre aqu\u00ed c\u00f3mo te ayuda reclamador.es frente a las aerol\u00edneas<\/b><\/a><\/h2>\n<div class=\"ttr_end\"><\/div>","protected":false},"excerpt":{"rendered":"<p>En 2026, En Espa\u00f1a hay un total de 46 aeropuertos p\u00fablicos estatales, gestionados por AENA, m\u00e1s 2 helipuertos (Helipuerto de Algeciras y Helipuerto de Ceuta) gestionados tambi\u00e9n por AENA. Adem\u00e1s, en Espa\u00f1a existen aeropuertos p\u00fablicos pero gestionadas por empresas auton\u00f3micas, como pueden ser el Aeropuerto de Castell\u00f3n, el Aeropuerto de Teruel o el Aeropuerto de [&hellip;]<\/p>\n","protected":false},"author":50,"featured_media":35538,"comment_status":"open","ping_status":"open","sticky":false,"template":"","format":"standard","meta":{"_acf_changed":false,"_genesis_hide_title":false,"_genesis_hide_breadcrumbs":false,"_genesis_hide_singular_image":false,"_genesis_hide_footer_widgets":false,"_genesis_custom_body_class":"","_genesis_custom_post_class":"","_genesis_layout":"","_jetpack_newsletter_access":"","_jetpack_dont_email_post_to_subs":false,"_jetpack_newsletter_tier_id":0,"_jetpack_memberships_contains_paywalled_content":false,"_jetpack_memberships_contains_paid_content":false,"footnotes":""},"categories":[392],"tags":[380,506],"class_list":{"0":"post-35531","1":"post","2":"type-post","3":"status-publish","4":"format-standard","5":"has-post-thumbnail","7":"category-noticias","8":"tag-aerolineas","9":"tag-aeropuerto","10":"entry"},"acf":[],"yoast_head":"<!-- This site is optimized with the Yoast SEO plugin v27.4 - https:\/\/yoast.com\/product\/yoast-seo-wordpress\/ -->\n<title>\u00bfCu\u00e1ntos aeropuertos hay en Espa\u00f1a?<\/title>\n<meta name=\"robots\" content=\"index, follow, max-snippet:-1, max-image-preview:large, max-video-preview:-1\" \/>\n<link rel=\"canonical\" href=\"https:\/\/www.reclamador.es\/blog\/cuantos-aeropuertos-hay-en-espana\/\" \/>\n<meta property=\"og:locale\" content=\"es_ES\" \/>\n<meta property=\"og:type\" content=\"article\" \/>\n<meta property=\"og:title\" content=\"\u00bfCu\u00e1ntos aeropuertos hay en Espa\u00f1a?\" \/>\n<meta property=\"og:description\" content=\"En 2026, En Espa\u00f1a hay un total de 46 aeropuertos p\u00fablicos estatales, gestionados por AENA, m\u00e1s 2 helipuertos (Helipuerto de Algeciras y Helipuerto de Ceuta) gestionados tambi\u00e9n por AENA. Adem\u00e1s, en Espa\u00f1a existen aeropuertos p\u00fablicos pero gestionadas por empresas auton\u00f3micas, como pueden ser el Aeropuerto de Castell\u00f3n, el Aeropuerto de Teruel o el Aeropuerto de [&hellip;]\" \/>\n<meta property=\"og:url\" content=\"https:\/\/www.reclamador.es\/blog\/cuantos-aeropuertos-hay-en-espana\/\" \/>\n<meta property=\"og:site_name\" content=\"Rebeldes con causa, el blog de reclamador.es\" \/>\n<meta property=\"article:publisher\" content=\"https:\/\/www.facebook.com\/reclamador.es\" \/>\n<meta property=\"article:published_time\" content=\"2026-01-30T11:56:22+00:00\" \/>\n<meta property=\"article:modified_time\" content=\"2026-02-02T10:35:08+00:00\" \/>\n<meta property=\"og:image\" content=\"https:\/\/www.reclamador.es\/blog\/wp-content\/uploads\/2026\/01\/aeropuertos-de-espana-barajas.jpg\" \/>\n\t<meta property=\"og:image:width\" content=\"1200\" \/>\n\t<meta property=\"og:image:height\" content=\"630\" \/>\n\t<meta property=\"og:image:type\" content=\"image\/jpeg\" \/>\n<meta name=\"author\" content=\"Itziar Sanchez\" \/>\n<meta name=\"twitter:card\" content=\"summary_large_image\" \/>\n<meta name=\"twitter:creator\" content=\"@reclamador\" \/>\n<meta name=\"twitter:site\" content=\"@reclamador\" \/>\n<meta name=\"twitter:label1\" content=\"Escrito por\" \/>\n\t<meta name=\"twitter:data1\" content=\"Itziar Sanchez\" \/>\n\t<meta name=\"twitter:label2\" content=\"Tiempo de lectura\" \/>\n\t<meta name=\"twitter:data2\" content=\"3 minutos\" \/>\n<script type=\"application\/ld+json\" class=\"yoast-schema-graph\">{\"@context\":\"https:\\\/\\\/schema.org\",\"@graph\":[{\"@type\":\"Article\",\"@id\":\"https:\\\/\\\/www.reclamador.es\\\/blog\\\/cuantos-aeropuertos-hay-en-espana\\\/#article\",\"isPartOf\":{\"@id\":\"https:\\\/\\\/www.reclamador.es\\\/blog\\\/cuantos-aeropuertos-hay-en-espana\\\/\"},\"author\":{\"name\":\"Itziar Sanchez\",\"@id\":\"https:\\\/\\\/www.reclamador.es\\\/blog\\\/#\\\/schema\\\/person\\\/9866a35a508146c5465b34990352baaa\"},\"headline\":\"\u00bfCu\u00e1ntos aeropuertos hay en Espa\u00f1a?\",\"datePublished\":\"2026-01-30T11:56:22+00:00\",\"dateModified\":\"2026-02-02T10:35:08+00:00\",\"mainEntityOfPage\":{\"@id\":\"https:\\\/\\\/www.reclamador.es\\\/blog\\\/cuantos-aeropuertos-hay-en-espana\\\/\"},\"wordCount\":560,\"commentCount\":0,\"publisher\":{\"@id\":\"https:\\\/\\\/www.reclamador.es\\\/blog\\\/#organization\"},\"image\":{\"@id\":\"https:\\\/\\\/www.reclamador.es\\\/blog\\\/cuantos-aeropuertos-hay-en-espana\\\/#primaryimage\"},\"thumbnailUrl\":\"https:\\\/\\\/i0.wp.com\\\/www.reclamador.es\\\/blog\\\/wp-content\\\/uploads\\\/2026\\\/01\\\/aeropuertos-de-espana-barajas.jpg?fit=1200%2C630&ssl=1\",\"keywords\":[\"aerol\u00edneas\",\"aeropuerto\"],\"articleSection\":[\"Noticias y actualidad\"],\"inLanguage\":\"es\",\"potentialAction\":[{\"@type\":\"CommentAction\",\"name\":\"Comment\",\"target\":[\"https:\\\/\\\/www.reclamador.es\\\/blog\\\/cuantos-aeropuertos-hay-en-espana\\\/#respond\"]}]},{\"@type\":\"WebPage\",\"@id\":\"https:\\\/\\\/www.reclamador.es\\\/blog\\\/cuantos-aeropuertos-hay-en-espana\\\/\",\"url\":\"https:\\\/\\\/www.reclamador.es\\\/blog\\\/cuantos-aeropuertos-hay-en-espana\\\/\",\"name\":\"\u00bfCu\u00e1ntos aeropuertos hay en Espa\u00f1a?\",\"isPartOf\":{\"@id\":\"https:\\\/\\\/www.reclamador.es\\\/blog\\\/#website\"},\"primaryImageOfPage\":{\"@id\":\"https:\\\/\\\/www.reclamador.es\\\/blog\\\/cuantos-aeropuertos-hay-en-espana\\\/#primaryimage\"},\"image\":{\"@id\":\"https:\\\/\\\/www.reclamador.es\\\/blog\\\/cuantos-aeropuertos-hay-en-espana\\\/#primaryimage\"},\"thumbnailUrl\":\"https:\\\/\\\/i0.wp.com\\\/www.reclamador.es\\\/blog\\\/wp-content\\\/uploads\\\/2026\\\/01\\\/aeropuertos-de-espana-barajas.jpg?fit=1200%2C630&ssl=1\",\"datePublished\":\"2026-01-30T11:56:22+00:00\",\"dateModified\":\"2026-02-02T10:35:08+00:00\",\"breadcrumb\":{\"@id\":\"https:\\\/\\\/www.reclamador.es\\\/blog\\\/cuantos-aeropuertos-hay-en-espana\\\/#breadcrumb\"},\"inLanguage\":\"es\",\"potentialAction\":[{\"@type\":\"ReadAction\",\"target\":[\"https:\\\/\\\/www.reclamador.es\\\/blog\\\/cuantos-aeropuertos-hay-en-espana\\\/\"]}]},{\"@type\":\"ImageObject\",\"inLanguage\":\"es\",\"@id\":\"https:\\\/\\\/www.reclamador.es\\\/blog\\\/cuantos-aeropuertos-hay-en-espana\\\/#primaryimage\",\"url\":\"https:\\\/\\\/i0.wp.com\\\/www.reclamador.es\\\/blog\\\/wp-content\\\/uploads\\\/2026\\\/01\\\/aeropuertos-de-espana-barajas.jpg?fit=1200%2C630&ssl=1\",\"contentUrl\":\"https:\\\/\\\/i0.wp.com\\\/www.reclamador.es\\\/blog\\\/wp-content\\\/uploads\\\/2026\\\/01\\\/aeropuertos-de-espana-barajas.jpg?fit=1200%2C630&ssl=1\",\"width\":1200,\"height\":630,\"caption\":\"Aeropuertos en Espa\u00f1a\"},{\"@type\":\"BreadcrumbList\",\"@id\":\"https:\\\/\\\/www.reclamador.es\\\/blog\\\/cuantos-aeropuertos-hay-en-espana\\\/#breadcrumb\",\"itemListElement\":[{\"@type\":\"ListItem\",\"position\":1,\"name\":\"Portada\",\"item\":\"https:\\\/\\\/www.reclamador.es\\\/blog\\\/\"},{\"@type\":\"ListItem\",\"position\":2,\"name\":\"\u00bfCu\u00e1ntos aeropuertos hay en Espa\u00f1a?\"}]},{\"@type\":\"WebSite\",\"@id\":\"https:\\\/\\\/www.reclamador.es\\\/blog\\\/#website\",\"url\":\"https:\\\/\\\/www.reclamador.es\\\/blog\\\/\",\"name\":\"Rebeldes con causa, el blog de reclamador.es\",\"description\":\"Noticias, entrevistas y consejos sobre reclamaciones\",\"publisher\":{\"@id\":\"https:\\\/\\\/www.reclamador.es\\\/blog\\\/#organization\"},\"potentialAction\":[{\"@type\":\"SearchAction\",\"target\":{\"@type\":\"EntryPoint\",\"urlTemplate\":\"https:\\\/\\\/www.reclamador.es\\\/blog\\\/?s={search_term_string}\"},\"query-input\":{\"@type\":\"PropertyValueSpecification\",\"valueRequired\":true,\"valueName\":\"search_term_string\"}}],\"inLanguage\":\"es\"},{\"@type\":\"Organization\",\"@id\":\"https:\\\/\\\/www.reclamador.es\\\/blog\\\/#organization\",\"name\":\"reclamador.es\",\"url\":\"https:\\\/\\\/www.reclamador.es\\\/blog\\\/\",\"logo\":{\"@type\":\"ImageObject\",\"inLanguage\":\"es\",\"@id\":\"https:\\\/\\\/www.reclamador.es\\\/blog\\\/#\\\/schema\\\/logo\\\/image\\\/\",\"url\":\"https:\\\/\\\/i0.wp.com\\\/www.reclamador.es\\\/blog\\\/wp-content\\\/uploads\\\/2020\\\/01\\\/logo-reclamador.png?fit=1200%2C144&ssl=1\",\"contentUrl\":\"https:\\\/\\\/i0.wp.com\\\/www.reclamador.es\\\/blog\\\/wp-content\\\/uploads\\\/2020\\\/01\\\/logo-reclamador.png?fit=1200%2C144&ssl=1\",\"width\":1200,\"height\":144,\"caption\":\"reclamador.es\"},\"image\":{\"@id\":\"https:\\\/\\\/www.reclamador.es\\\/blog\\\/#\\\/schema\\\/logo\\\/image\\\/\"},\"sameAs\":[\"https:\\\/\\\/www.facebook.com\\\/reclamador.es\",\"https:\\\/\\\/x.com\\\/reclamador\",\"https:\\\/\\\/www.instagram.com\\\/reclamador.es\\\/\",\"https:\\\/\\\/www.linkedin.com\\\/company\\\/reclamador-es\",\"https:\\\/\\\/www.youtube.com\\\/user\\\/Reclamadores\"]},{\"@type\":\"Person\",\"@id\":\"https:\\\/\\\/www.reclamador.es\\\/blog\\\/#\\\/schema\\\/person\\\/9866a35a508146c5465b34990352baaa\",\"name\":\"Itziar Sanchez\",\"image\":{\"@type\":\"ImageObject\",\"inLanguage\":\"es\",\"@id\":\"https:\\\/\\\/secure.gravatar.com\\\/avatar\\\/00bba08793c6b1495ec608452cdadddb2eb2ef53a65a2b51695f8bc5b66d7880?s=96&d=mm&r=g\",\"url\":\"https:\\\/\\\/secure.gravatar.com\\\/avatar\\\/00bba08793c6b1495ec608452cdadddb2eb2ef53a65a2b51695f8bc5b66d7880?s=96&d=mm&r=g\",\"contentUrl\":\"https:\\\/\\\/secure.gravatar.com\\\/avatar\\\/00bba08793c6b1495ec608452cdadddb2eb2ef53a65a2b51695f8bc5b66d7880?s=96&d=mm&r=g\",\"caption\":\"Itziar Sanchez\"},\"description\":\"Optimista, alegre y so\u00f1adora. Comprometida con nuestros clientes, siempre trato de buscar la mejor soluci\u00f3n para su caso.\",\"sameAs\":[\"https:\\\/\\\/www.linkedin.com\\\/in\\\/itziarss\\\/\"],\"url\":\"https:\\\/\\\/www.reclamador.es\\\/blog\\\/author\\\/itziar-sanchez\\\/\"}]}<\/script>\n<!-- \/ Yoast SEO plugin. -->","yoast_head_json":{"title":"\u00bfCu\u00e1ntos aeropuertos hay en Espa\u00f1a?","robots":{"index":"index","follow":"follow","max-snippet":"max-snippet:-1","max-image-preview":"max-image-preview:large","max-video-preview":"max-video-preview:-1"},"canonical":"https:\/\/www.reclamador.es\/blog\/cuantos-aeropuertos-hay-en-espana\/","og_locale":"es_ES","og_type":"article","og_title":"\u00bfCu\u00e1ntos aeropuertos hay en Espa\u00f1a?","og_description":"En 2026, En Espa\u00f1a hay un total de 46 aeropuertos p\u00fablicos estatales, gestionados por AENA, m\u00e1s 2 helipuertos (Helipuerto de Algeciras y Helipuerto de Ceuta) gestionados tambi\u00e9n por AENA. Adem\u00e1s, en Espa\u00f1a existen aeropuertos p\u00fablicos pero gestionadas por empresas auton\u00f3micas, como pueden ser el Aeropuerto de Castell\u00f3n, el Aeropuerto de Teruel o el Aeropuerto de [&hellip;]","og_url":"https:\/\/www.reclamador.es\/blog\/cuantos-aeropuertos-hay-en-espana\/","og_site_name":"Rebeldes con causa, el blog de reclamador.es","article_publisher":"https:\/\/www.facebook.com\/reclamador.es","article_published_time":"2026-01-30T11:56:22+00:00","article_modified_time":"2026-02-02T10:35:08+00:00","og_image":[{"width":1200,"height":630,"url":"https:\/\/www.reclamador.es\/blog\/wp-content\/uploads\/2026\/01\/aeropuertos-de-espana-barajas.jpg","type":"image\/jpeg"}],"author":"Itziar Sanchez","twitter_card":"summary_large_image","twitter_creator":"@reclamador","twitter_site":"@reclamador","twitter_misc":{"Escrito por":"Itziar Sanchez","Tiempo de lectura":"3 minutos"},"schema":{"@context":"https:\/\/schema.org","@graph":[{"@type":"Article","@id":"https:\/\/www.reclamador.es\/blog\/cuantos-aeropuertos-hay-en-espana\/#article","isPartOf":{"@id":"https:\/\/www.reclamador.es\/blog\/cuantos-aeropuertos-hay-en-espana\/"},"author":{"name":"Itziar Sanchez","@id":"https:\/\/www.reclamador.es\/blog\/#\/schema\/person\/9866a35a508146c5465b34990352baaa"},"headline":"\u00bfCu\u00e1ntos aeropuertos hay en Espa\u00f1a?","datePublished":"2026-01-30T11:56:22+00:00","dateModified":"2026-02-02T10:35:08+00:00","mainEntityOfPage":{"@id":"https:\/\/www.reclamador.es\/blog\/cuantos-aeropuertos-hay-en-espana\/"},"wordCount":560,"commentCount":0,"publisher":{"@id":"https:\/\/www.reclamador.es\/blog\/#organization"},"image":{"@id":"https:\/\/www.reclamador.es\/blog\/cuantos-aeropuertos-hay-en-espana\/#primaryimage"},"thumbnailUrl":"https:\/\/i0.wp.com\/www.reclamador.es\/blog\/wp-content\/uploads\/2026\/01\/aeropuertos-de-espana-barajas.jpg?fit=1200%2C630&ssl=1","keywords":["aerol\u00edneas","aeropuerto"],"articleSection":["Noticias y actualidad"],"inLanguage":"es","potentialAction":[{"@type":"CommentAction","name":"Comment","target":["https:\/\/www.reclamador.es\/blog\/cuantos-aeropuertos-hay-en-espana\/#respond"]}]},{"@type":"WebPage","@id":"https:\/\/www.reclamador.es\/blog\/cuantos-aeropuertos-hay-en-espana\/","url":"https:\/\/www.reclamador.es\/blog\/cuantos-aeropuertos-hay-en-espana\/","name":"\u00bfCu\u00e1ntos aeropuertos hay en Espa\u00f1a?","isPartOf":{"@id":"https:\/\/www.reclamador.es\/blog\/#website"},"primaryImageOfPage":{"@id":"https:\/\/www.reclamador.es\/blog\/cuantos-aeropuertos-hay-en-espana\/#primaryimage"},"image":{"@id":"https:\/\/www.reclamador.es\/blog\/cuantos-aeropuertos-hay-en-espana\/#primaryimage"},"thumbnailUrl":"https:\/\/i0.wp.com\/www.reclamador.es\/blog\/wp-content\/uploads\/2026\/01\/aeropuertos-de-espana-barajas.jpg?fit=1200%2C630&ssl=1","datePublished":"2026-01-30T11:56:22+00:00","dateModified":"2026-02-02T10:35:08+00:00","breadcrumb":{"@id":"https:\/\/www.reclamador.es\/blog\/cuantos-aeropuertos-hay-en-espana\/#breadcrumb"},"inLanguage":"es","potentialAction":[{"@type":"ReadAction","target":["https:\/\/www.reclamador.es\/blog\/cuantos-aeropuertos-hay-en-espana\/"]}]},{"@type":"ImageObject","inLanguage":"es","@id":"https:\/\/www.reclamador.es\/blog\/cuantos-aeropuertos-hay-en-espana\/#primaryimage","url":"https:\/\/i0.wp.com\/www.reclamador.es\/blog\/wp-content\/uploads\/2026\/01\/aeropuertos-de-espana-barajas.jpg?fit=1200%2C630&ssl=1","contentUrl":"https:\/\/i0.wp.com\/www.reclamador.es\/blog\/wp-content\/uploads\/2026\/01\/aeropuertos-de-espana-barajas.jpg?fit=1200%2C630&ssl=1","width":1200,"height":630,"caption":"Aeropuertos en Espa\u00f1a"},{"@type":"BreadcrumbList","@id":"https:\/\/www.reclamador.es\/blog\/cuantos-aeropuertos-hay-en-espana\/#breadcrumb","itemListElement":[{"@type":"ListItem","position":1,"name":"Portada","item":"https:\/\/www.reclamador.es\/blog\/"},{"@type":"ListItem","position":2,"name":"\u00bfCu\u00e1ntos aeropuertos hay en Espa\u00f1a?"}]},{"@type":"WebSite","@id":"https:\/\/www.reclamador.es\/blog\/#website","url":"https:\/\/www.reclamador.es\/blog\/","name":"Rebeldes con causa, el blog de reclamador.es","description":"Noticias, entrevistas y consejos sobre reclamaciones","publisher":{"@id":"https:\/\/www.reclamador.es\/blog\/#organization"},"potentialAction":[{"@type":"SearchAction","target":{"@type":"EntryPoint","urlTemplate":"https:\/\/www.reclamador.es\/blog\/?s={search_term_string}"},"query-input":{"@type":"PropertyValueSpecification","valueRequired":true,"valueName":"search_term_string"}}],"inLanguage":"es"},{"@type":"Organization","@id":"https:\/\/www.reclamador.es\/blog\/#organization","name":"reclamador.es","url":"https:\/\/www.reclamador.es\/blog\/","logo":{"@type":"ImageObject","inLanguage":"es","@id":"https:\/\/www.reclamador.es\/blog\/#\/schema\/logo\/image\/","url":"https:\/\/i0.wp.com\/www.reclamador.es\/blog\/wp-content\/uploads\/2020\/01\/logo-reclamador.png?fit=1200%2C144&ssl=1","contentUrl":"https:\/\/i0.wp.com\/www.reclamador.es\/blog\/wp-content\/uploads\/2020\/01\/logo-reclamador.png?fit=1200%2C144&ssl=1","width":1200,"height":144,"caption":"reclamador.es"},"image":{"@id":"https:\/\/www.reclamador.es\/blog\/#\/schema\/logo\/image\/"},"sameAs":["https:\/\/www.facebook.com\/reclamador.es","https:\/\/x.com\/reclamador","https:\/\/www.instagram.com\/reclamador.es\/","https:\/\/www.linkedin.com\/company\/reclamador-es","https:\/\/www.youtube.com\/user\/Reclamadores"]},{"@type":"Person","@id":"https:\/\/www.reclamador.es\/blog\/#\/schema\/person\/9866a35a508146c5465b34990352baaa","name":"Itziar Sanchez","image":{"@type":"ImageObject","inLanguage":"es","@id":"https:\/\/secure.gravatar.com\/avatar\/00bba08793c6b1495ec608452cdadddb2eb2ef53a65a2b51695f8bc5b66d7880?s=96&d=mm&r=g","url":"https:\/\/secure.gravatar.com\/avatar\/00bba08793c6b1495ec608452cdadddb2eb2ef53a65a2b51695f8bc5b66d7880?s=96&d=mm&r=g","contentUrl":"https:\/\/secure.gravatar.com\/avatar\/00bba08793c6b1495ec608452cdadddb2eb2ef53a65a2b51695f8bc5b66d7880?s=96&d=mm&r=g","caption":"Itziar Sanchez"},"description":"Optimista, alegre y so\u00f1adora. Comprometida con nuestros clientes, siempre trato de buscar la mejor soluci\u00f3n para su caso.","sameAs":["https:\/\/www.linkedin.com\/in\/itziarss\/"],"url":"https:\/\/www.reclamador.es\/blog\/author\/itziar-sanchez\/"}]}},"jetpack_featured_media_url":"https:\/\/i0.wp.com\/www.reclamador.es\/blog\/wp-content\/uploads\/2026\/01\/aeropuertos-de-espana-barajas.jpg?fit=1200%2C630&ssl=1","jetpack-related-posts":[{"id":22608,"url":"https:\/\/www.reclamador.es\/blog\/ranking-aeropuertos-conflictivos-verano-espana\/","url_meta":{"origin":35531,"position":0},"title":"Los aeropuertos de Barcelona, Madrid y Palma de Mallorca, los m\u00e1s conflictivos en verano 2019","author":"Equipo reclamador","date":"1 agosto, 2019","format":false,"excerpt":"En reclamador.es hemos elaborado un ranking con los 10 aeropuertos m\u00e1s problem\u00e1ticos durante los meses de junio, julio y agosto del pasado a\u00f1o. Ahora que ya est\u00e1 aqu\u00ed agosto y el n\u00famero de pasajeros a\u00e9reos crece de manera significativa, queremos contarte, seg\u00fan los datos de nuestros clientes, cu\u00e1les fueron los\u2026","rel":"","context":"En \u00abNoticias y actualidad\u00bb","block_context":{"text":"Noticias y actualidad","link":"https:\/\/www.reclamador.es\/blog\/noticias\/"},"img":{"alt_text":"aeropuertos problematicos en verano reclamador","src":"https:\/\/i0.wp.com\/www.reclamador.es\/blog\/wp-content\/uploads\/2019\/08\/aeropuertos-problematicos-espa%C3%B1a-reclamador.jpg?fit=1200%2C799&ssl=1&resize=350%2C200","width":350,"height":200,"srcset":"https:\/\/i0.wp.com\/www.reclamador.es\/blog\/wp-content\/uploads\/2019\/08\/aeropuertos-problematicos-espa%C3%B1a-reclamador.jpg?fit=1200%2C799&ssl=1&resize=350%2C200 1x, https:\/\/i0.wp.com\/www.reclamador.es\/blog\/wp-content\/uploads\/2019\/08\/aeropuertos-problematicos-espa%C3%B1a-reclamador.jpg?fit=1200%2C799&ssl=1&resize=525%2C300 1.5x, https:\/\/i0.wp.com\/www.reclamador.es\/blog\/wp-content\/uploads\/2019\/08\/aeropuertos-problematicos-espa%C3%B1a-reclamador.jpg?fit=1200%2C799&ssl=1&resize=700%2C400 2x, https:\/\/i0.wp.com\/www.reclamador.es\/blog\/wp-content\/uploads\/2019\/08\/aeropuertos-problematicos-espa%C3%B1a-reclamador.jpg?fit=1200%2C799&ssl=1&resize=1050%2C600 3x"},"classes":[]},{"id":35722,"url":"https:\/\/www.reclamador.es\/blog\/liquidos-avion-100ml-aeropuertos-espana\/","url_meta":{"origin":35531,"position":1},"title":"L\u00edquidos en el avi\u00f3n 2026: \u00bfSigue prohibido llevar l\u00edquidos de m\u00e1s de 100ml en los aeropuertos de Espa\u00f1a?","author":"Alicia Ria\u00f1o","date":"6 marzo, 2026","format":false,"excerpt":"\u00bfPensando ya en tu pr\u00f3ximo viaje en avi\u00f3n? \u00bfHas le\u00eddo en las noticias, visto en v\u00eddeos de Tiktok o Instagram o visto en televisi\u00f3n que ya no ser\u00e1 obligatorio llevar los l\u00edquidos en el avi\u00f3n en 2026 en frascos de m\u00e1ximo 100 ml? Pues debes saber que esto ya est\u00e1\u2026","rel":"","context":"En \u00abNoticias y actualidad\u00bb","block_context":{"text":"Noticias y actualidad","link":"https:\/\/www.reclamador.es\/blog\/noticias\/"},"img":{"alt_text":"restriccion 100ml aeropuertos de espa\u00f1a - guia por aeropuertos","src":"https:\/\/i0.wp.com\/www.reclamador.es\/blog\/wp-content\/uploads\/2026\/03\/liquidos-en-el-avion-100ml-aeropuertos-de-espana.jpg?fit=1201%2C630&ssl=1&resize=350%2C200","width":350,"height":200,"srcset":"https:\/\/i0.wp.com\/www.reclamador.es\/blog\/wp-content\/uploads\/2026\/03\/liquidos-en-el-avion-100ml-aeropuertos-de-espana.jpg?fit=1201%2C630&ssl=1&resize=350%2C200 1x, https:\/\/i0.wp.com\/www.reclamador.es\/blog\/wp-content\/uploads\/2026\/03\/liquidos-en-el-avion-100ml-aeropuertos-de-espana.jpg?fit=1201%2C630&ssl=1&resize=525%2C300 1.5x, https:\/\/i0.wp.com\/www.reclamador.es\/blog\/wp-content\/uploads\/2026\/03\/liquidos-en-el-avion-100ml-aeropuertos-de-espana.jpg?fit=1201%2C630&ssl=1&resize=700%2C400 2x, https:\/\/i0.wp.com\/www.reclamador.es\/blog\/wp-content\/uploads\/2026\/03\/liquidos-en-el-avion-100ml-aeropuertos-de-espana.jpg?fit=1201%2C630&ssl=1&resize=1050%2C600 3x"},"classes":[]},{"id":9315,"url":"https:\/\/www.reclamador.es\/blog\/que-puedo-hacer-por-huelga-del-aeropuerto-del-prat\/","url_meta":{"origin":35531,"position":2},"title":"\u00bfPuedo reclamar por la huelga de vigilantes de seguridad en el Aeropuerto de El Prat?","author":"Equipo reclamador","date":"9 agosto, 2019","format":false,"excerpt":"El Aeropuerto Josep Tarradellas Barcelona-El Prat vive una nueva huelga. En esta ocasi\u00f3n de los vigilantes de seguridad. Se trata de una huelga indefinida que se espera provoque aglomeraciones en los controles de seguridad del aer\u00f3dromo de la Ciudad Condal. Ante esto, queremos darte tres\u00a0consejos para que, en la medida\u2026","rel":"","context":"En \u00abNoticias y actualidad\u00bb","block_context":{"text":"Noticias y actualidad","link":"https:\/\/www.reclamador.es\/blog\/noticias\/"},"img":{"alt_text":"pasajeros haciendo cola en el control de seguridad del aeropuerto de El Prat","src":"https:\/\/i0.wp.com\/www.reclamador.es\/blog\/wp-content\/uploads\/2019\/08\/Colas-en-El-Prat-26_07_2017_destacada.jpg?fit=800%2C419&ssl=1&resize=350%2C200","width":350,"height":200,"srcset":"https:\/\/i0.wp.com\/www.reclamador.es\/blog\/wp-content\/uploads\/2019\/08\/Colas-en-El-Prat-26_07_2017_destacada.jpg?fit=800%2C419&ssl=1&resize=350%2C200 1x, https:\/\/i0.wp.com\/www.reclamador.es\/blog\/wp-content\/uploads\/2019\/08\/Colas-en-El-Prat-26_07_2017_destacada.jpg?fit=800%2C419&ssl=1&resize=525%2C300 1.5x, https:\/\/i0.wp.com\/www.reclamador.es\/blog\/wp-content\/uploads\/2019\/08\/Colas-en-El-Prat-26_07_2017_destacada.jpg?fit=800%2C419&ssl=1&resize=700%2C400 2x"},"classes":[]},{"id":29958,"url":"https:\/\/www.reclamador.es\/blog\/problemas-en-los-aeropuertos\/","url_meta":{"origin":35531,"position":3},"title":"Problemas en los aeropuertos por falta de personal y otras incidencias","author":"Alicia Ria\u00f1o","date":"16 junio, 2025","format":false,"excerpt":"Llevamos varios veranos\u00a0escuchando c\u00f3mo el caos se apodera de aeropuertos tan importantes como el de Heathrow, en Londres, o el Aeropuerto Schiphol de \u00c1msterdam, incluso problemas de enormes retrasos en los controles de pasaportes de numerosos aer\u00f3dromos espa\u00f1oles, destacando las eternas filas en el Aeropuerto Adolfo Su\u00e1rez Madrid-Barajas o el\u2026","rel":"","context":"En \u00abConsejos legales\u00bb","block_context":{"text":"Consejos legales","link":"https:\/\/www.reclamador.es\/blog\/consejos\/"},"img":{"alt_text":"verano - problemas en los aeropuertos","src":"https:\/\/i0.wp.com\/www.reclamador.es\/blog\/wp-content\/uploads\/2022\/07\/problemas-en-los-aeropuertos-reclamador.jpg?fit=1200%2C661&ssl=1&resize=350%2C200","width":350,"height":200,"srcset":"https:\/\/i0.wp.com\/www.reclamador.es\/blog\/wp-content\/uploads\/2022\/07\/problemas-en-los-aeropuertos-reclamador.jpg?fit=1200%2C661&ssl=1&resize=350%2C200 1x, https:\/\/i0.wp.com\/www.reclamador.es\/blog\/wp-content\/uploads\/2022\/07\/problemas-en-los-aeropuertos-reclamador.jpg?fit=1200%2C661&ssl=1&resize=525%2C300 1.5x, https:\/\/i0.wp.com\/www.reclamador.es\/blog\/wp-content\/uploads\/2022\/07\/problemas-en-los-aeropuertos-reclamador.jpg?fit=1200%2C661&ssl=1&resize=700%2C400 2x, https:\/\/i0.wp.com\/www.reclamador.es\/blog\/wp-content\/uploads\/2022\/07\/problemas-en-los-aeropuertos-reclamador.jpg?fit=1200%2C661&ssl=1&resize=1050%2C600 3x"},"classes":[]},{"id":32702,"url":"https:\/\/www.reclamador.es\/blog\/curiosidades-vuelos-ibiza\/","url_meta":{"origin":35531,"position":4},"title":"Curiosidades sobre vuelos a Ibiza","author":"Alicia Ria\u00f1o","date":"5 septiembre, 2024","format":false,"excerpt":"Ibiza es uno de los destinos de moda en Espa\u00f1a, tanto para hacer una escapada de pocos d\u00edas como para pasar todas las vacaciones de verano. Es un destino cuya temporada alta va desde Semana Santa hasta finales de septiembre, siendo los meses estivales los m\u00e1s punteros de visitantes en\u2026","rel":"","context":"En \u00abConsejos legales\u00bb","block_context":{"text":"Consejos legales","link":"https:\/\/www.reclamador.es\/blog\/consejos\/"},"img":{"alt_text":"viaje a ibiza - vuelos","src":"https:\/\/i0.wp.com\/www.reclamador.es\/blog\/wp-content\/uploads\/2024\/09\/cosas-que-debes-conocer-en-un-viaje-a-ibiza-1200x630-1.jpg?fit=1200%2C630&ssl=1&resize=350%2C200","width":350,"height":200,"srcset":"https:\/\/i0.wp.com\/www.reclamador.es\/blog\/wp-content\/uploads\/2024\/09\/cosas-que-debes-conocer-en-un-viaje-a-ibiza-1200x630-1.jpg?fit=1200%2C630&ssl=1&resize=350%2C200 1x, https:\/\/i0.wp.com\/www.reclamador.es\/blog\/wp-content\/uploads\/2024\/09\/cosas-que-debes-conocer-en-un-viaje-a-ibiza-1200x630-1.jpg?fit=1200%2C630&ssl=1&resize=525%2C300 1.5x, https:\/\/i0.wp.com\/www.reclamador.es\/blog\/wp-content\/uploads\/2024\/09\/cosas-que-debes-conocer-en-un-viaje-a-ibiza-1200x630-1.jpg?fit=1200%2C630&ssl=1&resize=700%2C400 2x, https:\/\/i0.wp.com\/www.reclamador.es\/blog\/wp-content\/uploads\/2024\/09\/cosas-que-debes-conocer-en-un-viaje-a-ibiza-1200x630-1.jpg?fit=1200%2C630&ssl=1&resize=1050%2C600 3x"},"classes":[]},{"id":31393,"url":"https:\/\/www.reclamador.es\/blog\/aeropuerto-de-malaga-como-llegar\/","url_meta":{"origin":35531,"position":5},"title":"C\u00f3mo llegar del Aeropuerto de M\u00e1laga-Costa del Sol al centro de la ciudad","author":"Equipo reclamador","date":"14 julio, 2025","format":false,"excerpt":"El Aeropuerto de M\u00e1laga-Costa del Sol es uno de los m\u00e1s transitados de Espa\u00f1a. Es el punto de llegada a una de las zonas preferidas de Espa\u00f1a de los turistas internacionales, la Costa del Sol. Se encuentra a 8 kil\u00f3metros de la ciudad andaluza, entre las localidades de Torremolinos y\u2026","rel":"","context":"En \u00abConsejos legales\u00bb","block_context":{"text":"Consejos legales","link":"https:\/\/www.reclamador.es\/blog\/consejos\/"},"img":{"alt_text":"reclamaciones m\u00e1laga aeropuerto - guia transporte","src":"https:\/\/i0.wp.com\/www.reclamador.es\/blog\/wp-content\/uploads\/2023\/10\/como-llegar-del-aeropuerto-de-malaga-al-centro-de-la-ciudad-1200x630-1.jpg?fit=1200%2C630&ssl=1&resize=350%2C200","width":350,"height":200,"srcset":"https:\/\/i0.wp.com\/www.reclamador.es\/blog\/wp-content\/uploads\/2023\/10\/como-llegar-del-aeropuerto-de-malaga-al-centro-de-la-ciudad-1200x630-1.jpg?fit=1200%2C630&ssl=1&resize=350%2C200 1x, https:\/\/i0.wp.com\/www.reclamador.es\/blog\/wp-content\/uploads\/2023\/10\/como-llegar-del-aeropuerto-de-malaga-al-centro-de-la-ciudad-1200x630-1.jpg?fit=1200%2C630&ssl=1&resize=525%2C300 1.5x, https:\/\/i0.wp.com\/www.reclamador.es\/blog\/wp-content\/uploads\/2023\/10\/como-llegar-del-aeropuerto-de-malaga-al-centro-de-la-ciudad-1200x630-1.jpg?fit=1200%2C630&ssl=1&resize=700%2C400 2x, https:\/\/i0.wp.com\/www.reclamador.es\/blog\/wp-content\/uploads\/2023\/10\/como-llegar-del-aeropuerto-de-malaga-al-centro-de-la-ciudad-1200x630-1.jpg?fit=1200%2C630&ssl=1&resize=1050%2C600 3x"},"classes":[]}],"jetpack_sharing_enabled":true,"_links":{"self":[{"href":"https:\/\/www.reclamador.es\/blog\/wp-json\/wp\/v2\/posts\/35531","targetHints":{"allow":["GET"]}}],"collection":[{"href":"https:\/\/www.reclamador.es\/blog\/wp-json\/wp\/v2\/posts"}],"about":[{"href":"https:\/\/www.reclamador.es\/blog\/wp-json\/wp\/v2\/types\/post"}],"author":[{"embeddable":true,"href":"https:\/\/www.reclamador.es\/blog\/wp-json\/wp\/v2\/users\/50"}],"replies":[{"embeddable":true,"href":"https:\/\/www.reclamador.es\/blog\/wp-json\/wp\/v2\/comments?post=35531"}],"version-history":[{"count":8,"href":"https:\/\/www.reclamador.es\/blog\/wp-json\/wp\/v2\/posts\/35531\/revisions"}],"predecessor-version":[{"id":35540,"href":"https:\/\/www.reclamador.es\/blog\/wp-json\/wp\/v2\/posts\/35531\/revisions\/35540"}],"wp:featuredmedia":[{"embeddable":true,"href":"https:\/\/www.reclamador.es\/blog\/wp-json\/wp\/v2\/media\/35538"}],"wp:attachment":[{"href":"https:\/\/www.reclamador.es\/blog\/wp-json\/wp\/v2\/media?parent=35531"}],"wp:term":[{"taxonomy":"category","embeddable":true,"href":"https:\/\/www.reclamador.es\/blog\/wp-json\/wp\/v2\/categories?post=35531"},{"taxonomy":"post_tag","embeddable":true,"href":"https:\/\/www.reclamador.es\/blog\/wp-json\/wp\/v2\/tags?post=35531"}],"curies":[{"name":"wp","href":"https:\/\/api.w.org\/{rel}","templated":true}]}}