{"id":35195,"date":"2025-10-30T12:14:34","date_gmt":"2025-10-30T11:14:34","guid":{"rendered":"https:\/\/www.reclamador.es\/blog\/?p=35195"},"modified":"2025-10-30T12:34:53","modified_gmt":"2025-10-30T11:34:53","slug":"se-pueden-llevar-cuchillas-de-afeitar-en-el-avion-equipaje-de-mano-vs-equipaje-facturado","status":"publish","type":"post","link":"https:\/\/www.reclamador.es\/blog\/se-pueden-llevar-cuchillas-de-afeitar-en-el-avion-equipaje-de-mano-vs-equipaje-facturado\/","title":{"rendered":"\u00bfSe pueden llevar cuchillas de afeitar en el avi\u00f3n? Equipaje de mano vs equipaje facturado"},"content":{"rendered":"<div class=\"ttr_start\"><\/div>\n\n<div class=\"kk-star-ratings kksr-auto kksr-align-right kksr-valign-top\"\n    data-payload='{&quot;align&quot;:&quot;right&quot;,&quot;id&quot;:&quot;35195&quot;,&quot;slug&quot;:&quot;default&quot;,&quot;valign&quot;:&quot;top&quot;,&quot;ignore&quot;:&quot;&quot;,&quot;reference&quot;:&quot;auto&quot;,&quot;class&quot;:&quot;&quot;,&quot;count&quot;:&quot;1&quot;,&quot;legendonly&quot;:&quot;&quot;,&quot;readonly&quot;:&quot;&quot;,&quot;score&quot;:&quot;5&quot;,&quot;starsonly&quot;:&quot;&quot;,&quot;best&quot;:&quot;5&quot;,&quot;gap&quot;:&quot;3&quot;,&quot;greet&quot;:&quot;Valora este art\u00edculo&quot;,&quot;legend&quot;:&quot;5\\\/5 - (1 voto)&quot;,&quot;size&quot;:&quot;20&quot;,&quot;title&quot;:&quot;\u00bfSe pueden llevar cuchillas de afeitar en el avi\u00f3n? Equipaje de mano vs equipaje facturado&quot;,&quot;width&quot;:&quot;113.5&quot;,&quot;_legend&quot;:&quot;{score}\\\/{best} - ({count} {votes})&quot;,&quot;font_factor&quot;:&quot;1.25&quot;}'>\n            \n<div class=\"kksr-stars\">\n    \n<div class=\"kksr-stars-inactive\">\n            <div class=\"kksr-star\" data-star=\"1\" style=\"padding-right: 3px\">\n            \n\n<div class=\"kksr-icon\" style=\"width: 20px; height: 20px;\"><\/div>\n        <\/div>\n            <div class=\"kksr-star\" data-star=\"2\" style=\"padding-right: 3px\">\n            \n\n<div class=\"kksr-icon\" style=\"width: 20px; height: 20px;\"><\/div>\n        <\/div>\n            <div class=\"kksr-star\" data-star=\"3\" style=\"padding-right: 3px\">\n            \n\n<div class=\"kksr-icon\" style=\"width: 20px; height: 20px;\"><\/div>\n        <\/div>\n            <div class=\"kksr-star\" data-star=\"4\" style=\"padding-right: 3px\">\n            \n\n<div class=\"kksr-icon\" style=\"width: 20px; height: 20px;\"><\/div>\n        <\/div>\n            <div class=\"kksr-star\" data-star=\"5\" style=\"padding-right: 3px\">\n            \n\n<div class=\"kksr-icon\" style=\"width: 20px; height: 20px;\"><\/div>\n        <\/div>\n    <\/div>\n    \n<div class=\"kksr-stars-active\" style=\"width: 113.5px;\">\n            <div class=\"kksr-star\" style=\"padding-right: 3px\">\n            \n\n<div class=\"kksr-icon\" style=\"width: 20px; height: 20px;\"><\/div>\n        <\/div>\n            <div class=\"kksr-star\" style=\"padding-right: 3px\">\n            \n\n<div class=\"kksr-icon\" style=\"width: 20px; height: 20px;\"><\/div>\n        <\/div>\n            <div class=\"kksr-star\" style=\"padding-right: 3px\">\n            \n\n<div class=\"kksr-icon\" style=\"width: 20px; height: 20px;\"><\/div>\n        <\/div>\n            <div class=\"kksr-star\" style=\"padding-right: 3px\">\n            \n\n<div class=\"kksr-icon\" style=\"width: 20px; height: 20px;\"><\/div>\n        <\/div>\n            <div class=\"kksr-star\" style=\"padding-right: 3px\">\n            \n\n<div class=\"kksr-icon\" style=\"width: 20px; height: 20px;\"><\/div>\n        <\/div>\n    <\/div>\n<\/div>\n                \n\n<div class=\"kksr-legend\" style=\"font-size: 16px;\">\n            5\/5 - (1 voto)    <\/div>\n    <\/div>\n\n<figure id=\"attachment_35204\" aria-describedby=\"caption-attachment-35204\" style=\"width: 1200px\" class=\"wp-caption aligncenter\"><img data-recalc-dims=\"1\" loading=\"lazy\" decoding=\"async\" class=\"size-full wp-image-35204\" src=\"https:\/\/i0.wp.com\/www.reclamador.es\/blog\/wp-content\/uploads\/2025\/10\/cuchillas-de-afeitar-en-el-avion-equipaje-de-mano.jpg?resize=1200%2C630&#038;ssl=1\" alt=\"\" width=\"1200\" height=\"630\" srcset=\"https:\/\/i0.wp.com\/www.reclamador.es\/blog\/wp-content\/uploads\/2025\/10\/cuchillas-de-afeitar-en-el-avion-equipaje-de-mano.jpg?w=1200&amp;ssl=1 1200w, https:\/\/i0.wp.com\/www.reclamador.es\/blog\/wp-content\/uploads\/2025\/10\/cuchillas-de-afeitar-en-el-avion-equipaje-de-mano.jpg?resize=800%2C420&amp;ssl=1 800w, https:\/\/i0.wp.com\/www.reclamador.es\/blog\/wp-content\/uploads\/2025\/10\/cuchillas-de-afeitar-en-el-avion-equipaje-de-mano.jpg?resize=150%2C79&amp;ssl=1 150w, https:\/\/i0.wp.com\/www.reclamador.es\/blog\/wp-content\/uploads\/2025\/10\/cuchillas-de-afeitar-en-el-avion-equipaje-de-mano.jpg?resize=768%2C403&amp;ssl=1 768w\" sizes=\"auto, (max-width: 1000px) 100vw, 1000px\" \/><figcaption id=\"caption-attachment-35204\" class=\"wp-caption-text\"><em>Cuchillas de afeitar en el avi\u00f3n: equipaje de mano o facturado<\/em><\/figcaption><\/figure>\n<p>La respuesta a la pregunta <strong>\u00bfse pueden llevar cuchillas de afeitar en el avi\u00f3n? <\/strong>es<strong> s\u00ed,<\/strong> pero <strong>depende del tipo de cuchilla de afeitar, podr\u00e1 ir en el equipaje de mano o tendr\u00e1s que llevarla obligatoriamente en la maleta facturada<\/strong>. Vamos ahora a ver qu\u00e9 tipo de cuchillas de afeitar puedes llevar como equipaje de mano y cu\u00e1les no.\u00a0<\/p>\n<h2>Cuchillas de afeitar en el avi\u00f3n como equipaje de mano<\/h2>\n<p>Entre los objetos que puedes pasar por el <a href=\"https:\/\/www.reclamador.es\/blog\/trucos-pasar-rapido-control-de-seguridad-aeropuerto\/\">control de seguridad del aeropuerto<\/a> est\u00e1n:<\/p>\n<ul>\n<li><strong>Cuchillas de afeitar desechables.<\/strong> Con este tipo de art\u00edculo no deber\u00edas tener problemas para pasar el control de seguridad del aeropuerto y podr\u00edas, por tanto, llevar una cuchilla de afeitar desechable en tu maleta o mochila de mano dentro de la cabina del avi\u00f3n.\u00a0<\/li>\n<li><strong>Las cuchillas el\u00e9ctricas.<\/strong> Siempre que est\u00e9n protegidas, este tipo de art\u00edculos tambi\u00e9n suelen ser permitidos en los controles de seguridad de los aeropuertos.\u00a0<\/li>\n<\/ul>\n<h2>Cuchillas de afeitar en el equipaje facturado<\/h2>\n<p>Fuera de esos dos tipos de cuchillas de afeitar, lo mejor es que lleves tu navaja o cuchilla en el equipaje facturado, de lo contrario, puedes tener problemas a la hora de pasar los controles de seguridad aeroportuarios y es muy probable que para permitirte el paso a la zona de embarque te obliguen a tirar ese elemento.<\/p>\n<p>Por tanto, <strong>navajas de afeitar, cuchillas desmontables o los recambios de cuchillas de estos elementos es conveniente llevarlos siempre en el equipaje facturado<\/strong>. Si viajas \u00fanicamente con maleta de mano o mochila, lo mejor es que lleves cuchillas de afeitar desechables o el\u00e9ctricas y no navajas ni cuchillas desmontables.\u00a0<\/p>\n<h6 style=\"text-align: center;\"><strong>Te interesa: <a href=\"https:\/\/www.reclamador.es\/blog\/que-puedo-llevar-en-una-maleta-de-mano\/\">\u00bfQu\u00e9 puedes llevar en el equipaje de mano?<\/a><\/strong><\/h6>\n<h2>\u00bfSe puede llevar gel o espuma de afeitar en el avi\u00f3n?<\/h2>\n<p>La respuesta a la pregunta de si <strong>est\u00e1 permitido llevar gel de afeitar o espuma de afeitado en el avi\u00f3n<\/strong> es s\u00ed, pero <strong>igualmente habr\u00e1 diferencias entre lo que puedes llevar como equipaje de mano y lo que tendr\u00e1s que meter en tu maleta facturada<\/strong>.\u00a0<\/p>\n<p>Respecto a llevar gel de afeitar en el avi\u00f3n, para que puedas llevarlo como equipaje de mano, debe cumplir con las restricciones de l\u00edquidos, es decir, no puede superar los 100 ml y llevar este art\u00edculo (junto con otros l\u00edquidos) en bolsas transparentes.\u00a0<\/p>\n<p>Para botes de gel o espuma de afeitar superiores a 100 ml, podr\u00e1s llevar el art\u00edculo o art\u00edculos en tu equipaje facturado. Aqu\u00ed no tendr\u00e1s limitaciones de capacidad o tama\u00f1o y podr\u00e1s incluir en tu maleta o bolsa facturada l\u00edquidos que superen los 100 ml.\u00a0<\/p>\n<h2>\u00bfProblemas con tu equipaje en un vuelo?<\/h2>\n<p>Si una aerol\u00ednea pierde o rompe tu maleta, podemos ayudarte a reclamar. Porque s\u00ed, tienes derecho a <a href=\"https:\/\/www.reclamador.es\/aerolineas\/problemas-equipaje\/\">reclamar una indemnizaci\u00f3n por problemas con tu equipaje<\/a> a la aerol\u00ednea. Y la cifra que puedes conseguir reclamando no es como para no hacer nada: 1.813 \u20ac, esa es la m\u00e1xima cantidad fijada actualmente por ley para conseguir como indemnizaci\u00f3n si la aerol\u00ednea extrav\u00eda, rompe o pierde tu maleta facturada (o la maleta de mano que baja a bodega del avi\u00f3n).<\/p>\n<p>Para reclamar a una compa\u00f1\u00eda a\u00e9rea por problemas de equipaje lo primero que tienes que hacer el rellenar en el propio aeropuerto o en la web de la aerol\u00ednea el <a href=\"https:\/\/www.reclamador.es\/ayuda\/aerolineas\/que-documentacion-es-necesaria-para-una-reclamacion-por-equipaje\/\">parte de irregularidad de equipaje (PIR)<\/a> donde dejes constancia de lo sucedido. Cuando tengas el PIR, solo tendr\u00e1s que completar nuestro formulario y nos encargaremos de todos para conseguir la m\u00e1xima indemnizaci\u00f3n posible en tu caso.\u00a0<\/p>\n<h2 style=\"text-align: center;\"><a class=\"button-lead\" href=\"https:\/\/www.reclamador.es\/form\/complaint\/luggage\/\" rel=\"nofollow noopener\"><b>Consulta aqu\u00ed tu caso<\/b><\/a><\/h2>\n<p>\u00a0<\/p>\n\n\n<div class=\"ttr_end\"><\/div>","protected":false},"excerpt":{"rendered":"<p>La respuesta a la pregunta \u00bfse pueden llevar cuchillas de afeitar en el avi\u00f3n? es s\u00ed, pero depende del tipo de cuchilla de afeitar, podr\u00e1 ir en el equipaje de mano o tendr\u00e1s que llevarla obligatoriamente en la maleta facturada. Vamos ahora a ver qu\u00e9 tipo de cuchillas de afeitar puedes llevar como equipaje de [&hellip;]<\/p>\n","protected":false},"author":28,"featured_media":35204,"comment_status":"open","ping_status":"open","sticky":false,"template":"","format":"standard","meta":{"_acf_changed":false,"_genesis_hide_title":false,"_genesis_hide_breadcrumbs":false,"_genesis_hide_singular_image":false,"_genesis_hide_footer_widgets":false,"_genesis_custom_body_class":"","_genesis_custom_post_class":"","_genesis_layout":"","_jetpack_newsletter_access":"","_jetpack_dont_email_post_to_subs":false,"_jetpack_newsletter_tier_id":0,"_jetpack_memberships_contains_paywalled_content":false,"_jetpack_memberships_contains_paid_content":false,"footnotes":""},"categories":[393],"tags":[380,654],"class_list":{"0":"post-35195","1":"post","2":"type-post","3":"status-publish","4":"format-standard","5":"has-post-thumbnail","7":"category-consejos","8":"tag-aerolineas","9":"tag-equipaje","10":"entry"},"acf":[],"yoast_head":"<!-- This site is optimized with the Yoast SEO plugin v27.4 - https:\/\/yoast.com\/product\/yoast-seo-wordpress\/ -->\n<title>\u00bfSe pueden llevar cuchillas de afeitar en el avi\u00f3n?<\/title>\n<meta name=\"description\" content=\"S\u00ed, se pueden llevar cuchillas de afeitar en el avi\u00f3n, pero seg\u00fan el tipo podr\u00e1s llevarla en el equipaje de mano o bien en el facturado.\" \/>\n<meta name=\"robots\" content=\"index, follow, max-snippet:-1, max-image-preview:large, max-video-preview:-1\" \/>\n<link rel=\"canonical\" href=\"https:\/\/www.reclamador.es\/blog\/se-pueden-llevar-cuchillas-de-afeitar-en-el-avion-equipaje-de-mano-vs-equipaje-facturado\/\" \/>\n<meta property=\"og:locale\" content=\"es_ES\" \/>\n<meta property=\"og:type\" content=\"article\" \/>\n<meta property=\"og:title\" content=\"\u00bfSe pueden llevar cuchillas de afeitar en el avi\u00f3n?\" \/>\n<meta property=\"og:description\" content=\"S\u00ed, se pueden llevar cuchillas de afeitar en el avi\u00f3n, pero seg\u00fan el tipo podr\u00e1s llevarla en el equipaje de mano o bien en el facturado.\" \/>\n<meta property=\"og:url\" content=\"https:\/\/www.reclamador.es\/blog\/se-pueden-llevar-cuchillas-de-afeitar-en-el-avion-equipaje-de-mano-vs-equipaje-facturado\/\" \/>\n<meta property=\"og:site_name\" content=\"Rebeldes con causa, el blog de reclamador.es\" \/>\n<meta property=\"article:publisher\" content=\"https:\/\/www.facebook.com\/reclamador.es\" \/>\n<meta property=\"article:published_time\" content=\"2025-10-30T11:14:34+00:00\" \/>\n<meta property=\"article:modified_time\" content=\"2025-10-30T11:34:53+00:00\" \/>\n<meta property=\"og:image\" content=\"https:\/\/www.reclamador.es\/blog\/wp-content\/uploads\/2025\/10\/cuchillas-de-afeitar-en-el-avion-equipaje-de-mano.jpg\" \/>\n\t<meta property=\"og:image:width\" content=\"1200\" \/>\n\t<meta property=\"og:image:height\" content=\"630\" \/>\n\t<meta property=\"og:image:type\" content=\"image\/jpeg\" \/>\n<meta name=\"author\" content=\"Alicia Ria\u00f1o\" \/>\n<meta name=\"twitter:card\" content=\"summary_large_image\" \/>\n<meta name=\"twitter:creator\" content=\"@reclamador\" \/>\n<meta name=\"twitter:site\" content=\"@reclamador\" \/>\n<meta name=\"twitter:label1\" content=\"Escrito por\" \/>\n\t<meta name=\"twitter:data1\" content=\"Alicia Ria\u00f1o\" \/>\n\t<meta name=\"twitter:label2\" content=\"Tiempo de lectura\" \/>\n\t<meta name=\"twitter:data2\" content=\"4 minutos\" \/>\n<script type=\"application\/ld+json\" class=\"yoast-schema-graph\">{\"@context\":\"https:\\\/\\\/schema.org\",\"@graph\":[{\"@type\":\"Article\",\"@id\":\"https:\\\/\\\/www.reclamador.es\\\/blog\\\/se-pueden-llevar-cuchillas-de-afeitar-en-el-avion-equipaje-de-mano-vs-equipaje-facturado\\\/#article\",\"isPartOf\":{\"@id\":\"https:\\\/\\\/www.reclamador.es\\\/blog\\\/se-pueden-llevar-cuchillas-de-afeitar-en-el-avion-equipaje-de-mano-vs-equipaje-facturado\\\/\"},\"author\":{\"name\":\"Alicia Ria\u00f1o\",\"@id\":\"https:\\\/\\\/www.reclamador.es\\\/blog\\\/#\\\/schema\\\/person\\\/2a9d121a6362255b8129c6fda9caffd5\"},\"headline\":\"\u00bfSe pueden llevar cuchillas de afeitar en el avi\u00f3n? Equipaje de mano vs equipaje facturado\",\"datePublished\":\"2025-10-30T11:14:34+00:00\",\"dateModified\":\"2025-10-30T11:34:53+00:00\",\"mainEntityOfPage\":{\"@id\":\"https:\\\/\\\/www.reclamador.es\\\/blog\\\/se-pueden-llevar-cuchillas-de-afeitar-en-el-avion-equipaje-de-mano-vs-equipaje-facturado\\\/\"},\"wordCount\":645,\"commentCount\":0,\"publisher\":{\"@id\":\"https:\\\/\\\/www.reclamador.es\\\/blog\\\/#organization\"},\"image\":{\"@id\":\"https:\\\/\\\/www.reclamador.es\\\/blog\\\/se-pueden-llevar-cuchillas-de-afeitar-en-el-avion-equipaje-de-mano-vs-equipaje-facturado\\\/#primaryimage\"},\"thumbnailUrl\":\"https:\\\/\\\/i0.wp.com\\\/www.reclamador.es\\\/blog\\\/wp-content\\\/uploads\\\/2025\\\/10\\\/cuchillas-de-afeitar-en-el-avion-equipaje-de-mano.jpg?fit=1200%2C630&ssl=1\",\"keywords\":[\"aerol\u00edneas\",\"equipaje\"],\"articleSection\":[\"Consejos legales\"],\"inLanguage\":\"es\",\"potentialAction\":[{\"@type\":\"CommentAction\",\"name\":\"Comment\",\"target\":[\"https:\\\/\\\/www.reclamador.es\\\/blog\\\/se-pueden-llevar-cuchillas-de-afeitar-en-el-avion-equipaje-de-mano-vs-equipaje-facturado\\\/#respond\"]}]},{\"@type\":\"WebPage\",\"@id\":\"https:\\\/\\\/www.reclamador.es\\\/blog\\\/se-pueden-llevar-cuchillas-de-afeitar-en-el-avion-equipaje-de-mano-vs-equipaje-facturado\\\/\",\"url\":\"https:\\\/\\\/www.reclamador.es\\\/blog\\\/se-pueden-llevar-cuchillas-de-afeitar-en-el-avion-equipaje-de-mano-vs-equipaje-facturado\\\/\",\"name\":\"\u00bfSe pueden llevar cuchillas de afeitar en el avi\u00f3n?\",\"isPartOf\":{\"@id\":\"https:\\\/\\\/www.reclamador.es\\\/blog\\\/#website\"},\"primaryImageOfPage\":{\"@id\":\"https:\\\/\\\/www.reclamador.es\\\/blog\\\/se-pueden-llevar-cuchillas-de-afeitar-en-el-avion-equipaje-de-mano-vs-equipaje-facturado\\\/#primaryimage\"},\"image\":{\"@id\":\"https:\\\/\\\/www.reclamador.es\\\/blog\\\/se-pueden-llevar-cuchillas-de-afeitar-en-el-avion-equipaje-de-mano-vs-equipaje-facturado\\\/#primaryimage\"},\"thumbnailUrl\":\"https:\\\/\\\/i0.wp.com\\\/www.reclamador.es\\\/blog\\\/wp-content\\\/uploads\\\/2025\\\/10\\\/cuchillas-de-afeitar-en-el-avion-equipaje-de-mano.jpg?fit=1200%2C630&ssl=1\",\"datePublished\":\"2025-10-30T11:14:34+00:00\",\"dateModified\":\"2025-10-30T11:34:53+00:00\",\"description\":\"S\u00ed, se pueden llevar cuchillas de afeitar en el avi\u00f3n, pero seg\u00fan el tipo podr\u00e1s llevarla en el equipaje de mano o bien en el facturado.\",\"breadcrumb\":{\"@id\":\"https:\\\/\\\/www.reclamador.es\\\/blog\\\/se-pueden-llevar-cuchillas-de-afeitar-en-el-avion-equipaje-de-mano-vs-equipaje-facturado\\\/#breadcrumb\"},\"inLanguage\":\"es\",\"potentialAction\":[{\"@type\":\"ReadAction\",\"target\":[\"https:\\\/\\\/www.reclamador.es\\\/blog\\\/se-pueden-llevar-cuchillas-de-afeitar-en-el-avion-equipaje-de-mano-vs-equipaje-facturado\\\/\"]}]},{\"@type\":\"ImageObject\",\"inLanguage\":\"es\",\"@id\":\"https:\\\/\\\/www.reclamador.es\\\/blog\\\/se-pueden-llevar-cuchillas-de-afeitar-en-el-avion-equipaje-de-mano-vs-equipaje-facturado\\\/#primaryimage\",\"url\":\"https:\\\/\\\/i0.wp.com\\\/www.reclamador.es\\\/blog\\\/wp-content\\\/uploads\\\/2025\\\/10\\\/cuchillas-de-afeitar-en-el-avion-equipaje-de-mano.jpg?fit=1200%2C630&ssl=1\",\"contentUrl\":\"https:\\\/\\\/i0.wp.com\\\/www.reclamador.es\\\/blog\\\/wp-content\\\/uploads\\\/2025\\\/10\\\/cuchillas-de-afeitar-en-el-avion-equipaje-de-mano.jpg?fit=1200%2C630&ssl=1\",\"width\":1200,\"height\":630,\"caption\":\"Cuchillas de afeitar en el avi\u00f3n: equipaje de mano o facturado\"},{\"@type\":\"BreadcrumbList\",\"@id\":\"https:\\\/\\\/www.reclamador.es\\\/blog\\\/se-pueden-llevar-cuchillas-de-afeitar-en-el-avion-equipaje-de-mano-vs-equipaje-facturado\\\/#breadcrumb\",\"itemListElement\":[{\"@type\":\"ListItem\",\"position\":1,\"name\":\"Portada\",\"item\":\"https:\\\/\\\/www.reclamador.es\\\/blog\\\/\"},{\"@type\":\"ListItem\",\"position\":2,\"name\":\"\u00bfSe pueden llevar cuchillas de afeitar en el avi\u00f3n? Equipaje de mano vs equipaje facturado\"}]},{\"@type\":\"WebSite\",\"@id\":\"https:\\\/\\\/www.reclamador.es\\\/blog\\\/#website\",\"url\":\"https:\\\/\\\/www.reclamador.es\\\/blog\\\/\",\"name\":\"Rebeldes con causa, el blog de reclamador.es\",\"description\":\"Noticias, entrevistas y consejos sobre reclamaciones\",\"publisher\":{\"@id\":\"https:\\\/\\\/www.reclamador.es\\\/blog\\\/#organization\"},\"potentialAction\":[{\"@type\":\"SearchAction\",\"target\":{\"@type\":\"EntryPoint\",\"urlTemplate\":\"https:\\\/\\\/www.reclamador.es\\\/blog\\\/?s={search_term_string}\"},\"query-input\":{\"@type\":\"PropertyValueSpecification\",\"valueRequired\":true,\"valueName\":\"search_term_string\"}}],\"inLanguage\":\"es\"},{\"@type\":\"Organization\",\"@id\":\"https:\\\/\\\/www.reclamador.es\\\/blog\\\/#organization\",\"name\":\"reclamador.es\",\"url\":\"https:\\\/\\\/www.reclamador.es\\\/blog\\\/\",\"logo\":{\"@type\":\"ImageObject\",\"inLanguage\":\"es\",\"@id\":\"https:\\\/\\\/www.reclamador.es\\\/blog\\\/#\\\/schema\\\/logo\\\/image\\\/\",\"url\":\"https:\\\/\\\/i0.wp.com\\\/www.reclamador.es\\\/blog\\\/wp-content\\\/uploads\\\/2020\\\/01\\\/logo-reclamador.png?fit=1200%2C144&ssl=1\",\"contentUrl\":\"https:\\\/\\\/i0.wp.com\\\/www.reclamador.es\\\/blog\\\/wp-content\\\/uploads\\\/2020\\\/01\\\/logo-reclamador.png?fit=1200%2C144&ssl=1\",\"width\":1200,\"height\":144,\"caption\":\"reclamador.es\"},\"image\":{\"@id\":\"https:\\\/\\\/www.reclamador.es\\\/blog\\\/#\\\/schema\\\/logo\\\/image\\\/\"},\"sameAs\":[\"https:\\\/\\\/www.facebook.com\\\/reclamador.es\",\"https:\\\/\\\/x.com\\\/reclamador\",\"https:\\\/\\\/www.instagram.com\\\/reclamador.es\\\/\",\"https:\\\/\\\/www.linkedin.com\\\/company\\\/reclamador-es\",\"https:\\\/\\\/www.youtube.com\\\/user\\\/Reclamadores\"]},{\"@type\":\"Person\",\"@id\":\"https:\\\/\\\/www.reclamador.es\\\/blog\\\/#\\\/schema\\\/person\\\/2a9d121a6362255b8129c6fda9caffd5\",\"name\":\"Alicia Ria\u00f1o\",\"image\":{\"@type\":\"ImageObject\",\"inLanguage\":\"es\",\"@id\":\"https:\\\/\\\/secure.gravatar.com\\\/avatar\\\/2915f7664bf5ed4baf932328fabfe761f32f21ec1b577e7d54a7fee6613de25f?s=96&d=mm&r=g\",\"url\":\"https:\\\/\\\/secure.gravatar.com\\\/avatar\\\/2915f7664bf5ed4baf932328fabfe761f32f21ec1b577e7d54a7fee6613de25f?s=96&d=mm&r=g\",\"contentUrl\":\"https:\\\/\\\/secure.gravatar.com\\\/avatar\\\/2915f7664bf5ed4baf932328fabfe761f32f21ec1b577e7d54a7fee6613de25f?s=96&d=mm&r=g\",\"caption\":\"Alicia Ria\u00f1o\"},\"description\":\"Periodista experta en comunicaci\u00f3n y marketing digital. Escribo para acercar la informaci\u00f3n legal de forma sencilla y comprensible a las personas.\",\"sameAs\":[\"https:\\\/\\\/www.linkedin.com\\\/in\\\/alicia-r-932a2959\"],\"url\":\"https:\\\/\\\/www.reclamador.es\\\/blog\\\/author\\\/alicia-riano\\\/\"}]}<\/script>\n<!-- \/ Yoast SEO plugin. -->","yoast_head_json":{"title":"\u00bfSe pueden llevar cuchillas de afeitar en el avi\u00f3n?","description":"S\u00ed, se pueden llevar cuchillas de afeitar en el avi\u00f3n, pero seg\u00fan el tipo podr\u00e1s llevarla en el equipaje de mano o bien en el facturado.","robots":{"index":"index","follow":"follow","max-snippet":"max-snippet:-1","max-image-preview":"max-image-preview:large","max-video-preview":"max-video-preview:-1"},"canonical":"https:\/\/www.reclamador.es\/blog\/se-pueden-llevar-cuchillas-de-afeitar-en-el-avion-equipaje-de-mano-vs-equipaje-facturado\/","og_locale":"es_ES","og_type":"article","og_title":"\u00bfSe pueden llevar cuchillas de afeitar en el avi\u00f3n?","og_description":"S\u00ed, se pueden llevar cuchillas de afeitar en el avi\u00f3n, pero seg\u00fan el tipo podr\u00e1s llevarla en el equipaje de mano o bien en el facturado.","og_url":"https:\/\/www.reclamador.es\/blog\/se-pueden-llevar-cuchillas-de-afeitar-en-el-avion-equipaje-de-mano-vs-equipaje-facturado\/","og_site_name":"Rebeldes con causa, el blog de reclamador.es","article_publisher":"https:\/\/www.facebook.com\/reclamador.es","article_published_time":"2025-10-30T11:14:34+00:00","article_modified_time":"2025-10-30T11:34:53+00:00","og_image":[{"width":1200,"height":630,"url":"https:\/\/www.reclamador.es\/blog\/wp-content\/uploads\/2025\/10\/cuchillas-de-afeitar-en-el-avion-equipaje-de-mano.jpg","type":"image\/jpeg"}],"author":"Alicia Ria\u00f1o","twitter_card":"summary_large_image","twitter_creator":"@reclamador","twitter_site":"@reclamador","twitter_misc":{"Escrito por":"Alicia Ria\u00f1o","Tiempo de lectura":"4 minutos"},"schema":{"@context":"https:\/\/schema.org","@graph":[{"@type":"Article","@id":"https:\/\/www.reclamador.es\/blog\/se-pueden-llevar-cuchillas-de-afeitar-en-el-avion-equipaje-de-mano-vs-equipaje-facturado\/#article","isPartOf":{"@id":"https:\/\/www.reclamador.es\/blog\/se-pueden-llevar-cuchillas-de-afeitar-en-el-avion-equipaje-de-mano-vs-equipaje-facturado\/"},"author":{"name":"Alicia Ria\u00f1o","@id":"https:\/\/www.reclamador.es\/blog\/#\/schema\/person\/2a9d121a6362255b8129c6fda9caffd5"},"headline":"\u00bfSe pueden llevar cuchillas de afeitar en el avi\u00f3n? Equipaje de mano vs equipaje facturado","datePublished":"2025-10-30T11:14:34+00:00","dateModified":"2025-10-30T11:34:53+00:00","mainEntityOfPage":{"@id":"https:\/\/www.reclamador.es\/blog\/se-pueden-llevar-cuchillas-de-afeitar-en-el-avion-equipaje-de-mano-vs-equipaje-facturado\/"},"wordCount":645,"commentCount":0,"publisher":{"@id":"https:\/\/www.reclamador.es\/blog\/#organization"},"image":{"@id":"https:\/\/www.reclamador.es\/blog\/se-pueden-llevar-cuchillas-de-afeitar-en-el-avion-equipaje-de-mano-vs-equipaje-facturado\/#primaryimage"},"thumbnailUrl":"https:\/\/i0.wp.com\/www.reclamador.es\/blog\/wp-content\/uploads\/2025\/10\/cuchillas-de-afeitar-en-el-avion-equipaje-de-mano.jpg?fit=1200%2C630&ssl=1","keywords":["aerol\u00edneas","equipaje"],"articleSection":["Consejos legales"],"inLanguage":"es","potentialAction":[{"@type":"CommentAction","name":"Comment","target":["https:\/\/www.reclamador.es\/blog\/se-pueden-llevar-cuchillas-de-afeitar-en-el-avion-equipaje-de-mano-vs-equipaje-facturado\/#respond"]}]},{"@type":"WebPage","@id":"https:\/\/www.reclamador.es\/blog\/se-pueden-llevar-cuchillas-de-afeitar-en-el-avion-equipaje-de-mano-vs-equipaje-facturado\/","url":"https:\/\/www.reclamador.es\/blog\/se-pueden-llevar-cuchillas-de-afeitar-en-el-avion-equipaje-de-mano-vs-equipaje-facturado\/","name":"\u00bfSe pueden llevar cuchillas de afeitar en el avi\u00f3n?","isPartOf":{"@id":"https:\/\/www.reclamador.es\/blog\/#website"},"primaryImageOfPage":{"@id":"https:\/\/www.reclamador.es\/blog\/se-pueden-llevar-cuchillas-de-afeitar-en-el-avion-equipaje-de-mano-vs-equipaje-facturado\/#primaryimage"},"image":{"@id":"https:\/\/www.reclamador.es\/blog\/se-pueden-llevar-cuchillas-de-afeitar-en-el-avion-equipaje-de-mano-vs-equipaje-facturado\/#primaryimage"},"thumbnailUrl":"https:\/\/i0.wp.com\/www.reclamador.es\/blog\/wp-content\/uploads\/2025\/10\/cuchillas-de-afeitar-en-el-avion-equipaje-de-mano.jpg?fit=1200%2C630&ssl=1","datePublished":"2025-10-30T11:14:34+00:00","dateModified":"2025-10-30T11:34:53+00:00","description":"S\u00ed, se pueden llevar cuchillas de afeitar en el avi\u00f3n, pero seg\u00fan el tipo podr\u00e1s llevarla en el equipaje de mano o bien en el facturado.","breadcrumb":{"@id":"https:\/\/www.reclamador.es\/blog\/se-pueden-llevar-cuchillas-de-afeitar-en-el-avion-equipaje-de-mano-vs-equipaje-facturado\/#breadcrumb"},"inLanguage":"es","potentialAction":[{"@type":"ReadAction","target":["https:\/\/www.reclamador.es\/blog\/se-pueden-llevar-cuchillas-de-afeitar-en-el-avion-equipaje-de-mano-vs-equipaje-facturado\/"]}]},{"@type":"ImageObject","inLanguage":"es","@id":"https:\/\/www.reclamador.es\/blog\/se-pueden-llevar-cuchillas-de-afeitar-en-el-avion-equipaje-de-mano-vs-equipaje-facturado\/#primaryimage","url":"https:\/\/i0.wp.com\/www.reclamador.es\/blog\/wp-content\/uploads\/2025\/10\/cuchillas-de-afeitar-en-el-avion-equipaje-de-mano.jpg?fit=1200%2C630&ssl=1","contentUrl":"https:\/\/i0.wp.com\/www.reclamador.es\/blog\/wp-content\/uploads\/2025\/10\/cuchillas-de-afeitar-en-el-avion-equipaje-de-mano.jpg?fit=1200%2C630&ssl=1","width":1200,"height":630,"caption":"Cuchillas de afeitar en el avi\u00f3n: equipaje de mano o facturado"},{"@type":"BreadcrumbList","@id":"https:\/\/www.reclamador.es\/blog\/se-pueden-llevar-cuchillas-de-afeitar-en-el-avion-equipaje-de-mano-vs-equipaje-facturado\/#breadcrumb","itemListElement":[{"@type":"ListItem","position":1,"name":"Portada","item":"https:\/\/www.reclamador.es\/blog\/"},{"@type":"ListItem","position":2,"name":"\u00bfSe pueden llevar cuchillas de afeitar en el avi\u00f3n? Equipaje de mano vs equipaje facturado"}]},{"@type":"WebSite","@id":"https:\/\/www.reclamador.es\/blog\/#website","url":"https:\/\/www.reclamador.es\/blog\/","name":"Rebeldes con causa, el blog de reclamador.es","description":"Noticias, entrevistas y consejos sobre reclamaciones","publisher":{"@id":"https:\/\/www.reclamador.es\/blog\/#organization"},"potentialAction":[{"@type":"SearchAction","target":{"@type":"EntryPoint","urlTemplate":"https:\/\/www.reclamador.es\/blog\/?s={search_term_string}"},"query-input":{"@type":"PropertyValueSpecification","valueRequired":true,"valueName":"search_term_string"}}],"inLanguage":"es"},{"@type":"Organization","@id":"https:\/\/www.reclamador.es\/blog\/#organization","name":"reclamador.es","url":"https:\/\/www.reclamador.es\/blog\/","logo":{"@type":"ImageObject","inLanguage":"es","@id":"https:\/\/www.reclamador.es\/blog\/#\/schema\/logo\/image\/","url":"https:\/\/i0.wp.com\/www.reclamador.es\/blog\/wp-content\/uploads\/2020\/01\/logo-reclamador.png?fit=1200%2C144&ssl=1","contentUrl":"https:\/\/i0.wp.com\/www.reclamador.es\/blog\/wp-content\/uploads\/2020\/01\/logo-reclamador.png?fit=1200%2C144&ssl=1","width":1200,"height":144,"caption":"reclamador.es"},"image":{"@id":"https:\/\/www.reclamador.es\/blog\/#\/schema\/logo\/image\/"},"sameAs":["https:\/\/www.facebook.com\/reclamador.es","https:\/\/x.com\/reclamador","https:\/\/www.instagram.com\/reclamador.es\/","https:\/\/www.linkedin.com\/company\/reclamador-es","https:\/\/www.youtube.com\/user\/Reclamadores"]},{"@type":"Person","@id":"https:\/\/www.reclamador.es\/blog\/#\/schema\/person\/2a9d121a6362255b8129c6fda9caffd5","name":"Alicia Ria\u00f1o","image":{"@type":"ImageObject","inLanguage":"es","@id":"https:\/\/secure.gravatar.com\/avatar\/2915f7664bf5ed4baf932328fabfe761f32f21ec1b577e7d54a7fee6613de25f?s=96&d=mm&r=g","url":"https:\/\/secure.gravatar.com\/avatar\/2915f7664bf5ed4baf932328fabfe761f32f21ec1b577e7d54a7fee6613de25f?s=96&d=mm&r=g","contentUrl":"https:\/\/secure.gravatar.com\/avatar\/2915f7664bf5ed4baf932328fabfe761f32f21ec1b577e7d54a7fee6613de25f?s=96&d=mm&r=g","caption":"Alicia Ria\u00f1o"},"description":"Periodista experta en comunicaci\u00f3n y marketing digital. Escribo para acercar la informaci\u00f3n legal de forma sencilla y comprensible a las personas.","sameAs":["https:\/\/www.linkedin.com\/in\/alicia-r-932a2959"],"url":"https:\/\/www.reclamador.es\/blog\/author\/alicia-riano\/"}]}},"jetpack_featured_media_url":"https:\/\/i0.wp.com\/www.reclamador.es\/blog\/wp-content\/uploads\/2025\/10\/cuchillas-de-afeitar-en-el-avion-equipaje-de-mano.jpg?fit=1200%2C630&ssl=1","jetpack-related-posts":[{"id":7185,"url":"https:\/\/www.reclamador.es\/blog\/que-puedo-llevar-en-una-maleta-de-mano\/","url_meta":{"origin":35195,"position":0},"title":"\u00bfQu\u00e9 se puede llevar en una maleta de mano?","author":"Equipo reclamador","date":"24 diciembre, 2024","format":false,"excerpt":"\u00bfVas a viajar en avi\u00f3n y no sabes si ese objeto que necesitas llevar contigo lo puedes meter en tu equipaje de mano?\u00a0Tienes que tener en cuenta que hay art\u00edculos que puede que no te dejen llevar en tu maleta de mano. Esto depende del juicio del responsable de seguridad\u2026","rel":"","context":"En \u00abConsejos legales\u00bb","block_context":{"text":"Consejos legales","link":"https:\/\/www.reclamador.es\/blog\/consejos\/"},"img":{"alt_text":"Qu\u00e9 se puede llevar dentro del equipaje de mano","src":"https:\/\/i0.wp.com\/www.reclamador.es\/blog\/wp-content\/uploads\/2017\/03\/que-se-puede-llevar-de-equipaje-de-mano.jpg?fit=1200%2C630&ssl=1&resize=350%2C200","width":350,"height":200,"srcset":"https:\/\/i0.wp.com\/www.reclamador.es\/blog\/wp-content\/uploads\/2017\/03\/que-se-puede-llevar-de-equipaje-de-mano.jpg?fit=1200%2C630&ssl=1&resize=350%2C200 1x, https:\/\/i0.wp.com\/www.reclamador.es\/blog\/wp-content\/uploads\/2017\/03\/que-se-puede-llevar-de-equipaje-de-mano.jpg?fit=1200%2C630&ssl=1&resize=525%2C300 1.5x, https:\/\/i0.wp.com\/www.reclamador.es\/blog\/wp-content\/uploads\/2017\/03\/que-se-puede-llevar-de-equipaje-de-mano.jpg?fit=1200%2C630&ssl=1&resize=700%2C400 2x, https:\/\/i0.wp.com\/www.reclamador.es\/blog\/wp-content\/uploads\/2017\/03\/que-se-puede-llevar-de-equipaje-de-mano.jpg?fit=1200%2C630&ssl=1&resize=1050%2C600 3x"},"classes":[]},{"id":35452,"url":"https:\/\/www.reclamador.es\/blog\/cepillo-de-dientes-electrico-en-avion\/","url_meta":{"origin":35195,"position":1},"title":"\u00bfSe puede llevar cepillo de dientes el\u00e9ctrico en el avi\u00f3n?","author":"Alicia Ria\u00f1o","date":"8 enero, 2026","format":false,"excerpt":"Estudios recientes revelan que algo menos del 50 % de los adultos usan hoy en d\u00eda cepillos de dientes el\u00e9ctricos, los m\u00e1s recomendados por dentistas e higienistas dentales. Ya sea un viaje de trabajo o un viaje por ocio, todas las personas llevan consigo su cepillo de dientes, ya sea\u2026","rel":"","context":"En \u00abConsejos legales\u00bb","block_context":{"text":"Consejos legales","link":"https:\/\/www.reclamador.es\/blog\/consejos\/"},"img":{"alt_text":"equipaje de mano o equipaje facturado - cepillo de dientes electrico en avion","src":"https:\/\/i0.wp.com\/www.reclamador.es\/blog\/wp-content\/uploads\/2026\/01\/cepillo-de-dientes-electrico-avion.jpg?fit=1200%2C630&ssl=1&resize=350%2C200","width":350,"height":200,"srcset":"https:\/\/i0.wp.com\/www.reclamador.es\/blog\/wp-content\/uploads\/2026\/01\/cepillo-de-dientes-electrico-avion.jpg?fit=1200%2C630&ssl=1&resize=350%2C200 1x, https:\/\/i0.wp.com\/www.reclamador.es\/blog\/wp-content\/uploads\/2026\/01\/cepillo-de-dientes-electrico-avion.jpg?fit=1200%2C630&ssl=1&resize=525%2C300 1.5x, https:\/\/i0.wp.com\/www.reclamador.es\/blog\/wp-content\/uploads\/2026\/01\/cepillo-de-dientes-electrico-avion.jpg?fit=1200%2C630&ssl=1&resize=700%2C400 2x, https:\/\/i0.wp.com\/www.reclamador.es\/blog\/wp-content\/uploads\/2026\/01\/cepillo-de-dientes-electrico-avion.jpg?fit=1200%2C630&ssl=1&resize=1050%2C600 3x"},"classes":[]},{"id":33953,"url":"https:\/\/www.reclamador.es\/blog\/se-puede-llevar-paraguas-en-el-avion-equipaje-de-mano-y-facturado\/","url_meta":{"origin":35195,"position":2},"title":"\u00bfSe puede llevar paraguas en el avi\u00f3n? Equipaje de mano y facturado","author":"Equipo reclamador","date":"8 abril, 2025","format":false,"excerpt":"\u00bfQui\u00e9n no se ha ido de viaje y ha pensado en llevarse un paraguas porque en el destino la previsi\u00f3n meteorol\u00f3gica da altas probabilidades de lluvia? Cuando el trayecto es en coche, tren o autob\u00fas no hay dudas, pero cuando se trata de un viaje en avi\u00f3n s\u00ed surge la\u2026","rel":"","context":"En \u00abConsejos legales\u00bb","block_context":{"text":"Consejos legales","link":"https:\/\/www.reclamador.es\/blog\/consejos\/"},"img":{"alt_text":"se puede llevar paraguas en el equipaje de mano","src":"https:\/\/i0.wp.com\/www.reclamador.es\/blog\/wp-content\/uploads\/2025\/04\/paraguas-en-el-avion-1200x630-1.jpg?fit=1200%2C630&ssl=1&resize=350%2C200","width":350,"height":200,"srcset":"https:\/\/i0.wp.com\/www.reclamador.es\/blog\/wp-content\/uploads\/2025\/04\/paraguas-en-el-avion-1200x630-1.jpg?fit=1200%2C630&ssl=1&resize=350%2C200 1x, https:\/\/i0.wp.com\/www.reclamador.es\/blog\/wp-content\/uploads\/2025\/04\/paraguas-en-el-avion-1200x630-1.jpg?fit=1200%2C630&ssl=1&resize=525%2C300 1.5x, https:\/\/i0.wp.com\/www.reclamador.es\/blog\/wp-content\/uploads\/2025\/04\/paraguas-en-el-avion-1200x630-1.jpg?fit=1200%2C630&ssl=1&resize=700%2C400 2x, https:\/\/i0.wp.com\/www.reclamador.es\/blog\/wp-content\/uploads\/2025\/04\/paraguas-en-el-avion-1200x630-1.jpg?fit=1200%2C630&ssl=1&resize=1050%2C600 3x"},"classes":[]},{"id":34771,"url":"https:\/\/www.reclamador.es\/blog\/como-llevar-una-sombrilla-de-playa-en-el-avion\/","url_meta":{"origin":35195,"position":3},"title":"\u00bfC\u00f3mo llevar una sombrilla de playa en el avi\u00f3n?","author":"Itziar Sanchez","date":"20 agosto, 2025","format":false,"excerpt":"Seguro que si te vas de vacaciones en avi\u00f3n a un destino de playa o vas a volver de tus vacaciones donde te has comprado una sombrilla para resguardarte del sol en la playa, te has planteado c\u00f3mo llevar una sombrilla en el avi\u00f3n. En este blog ya explicamos que,\u2026","rel":"","context":"En \u00abConsejos legales\u00bb","block_context":{"text":"Consejos legales","link":"https:\/\/www.reclamador.es\/blog\/consejos\/"},"img":{"alt_text":"sombrilla de playa en el avi\u00f3n","src":"https:\/\/i0.wp.com\/www.reclamador.es\/blog\/wp-content\/uploads\/2025\/08\/se-puede-llevar-una-sombrilla-en-el-avion-reclamador.jpg?fit=1200%2C630&ssl=1&resize=350%2C200","width":350,"height":200,"srcset":"https:\/\/i0.wp.com\/www.reclamador.es\/blog\/wp-content\/uploads\/2025\/08\/se-puede-llevar-una-sombrilla-en-el-avion-reclamador.jpg?fit=1200%2C630&ssl=1&resize=350%2C200 1x, https:\/\/i0.wp.com\/www.reclamador.es\/blog\/wp-content\/uploads\/2025\/08\/se-puede-llevar-una-sombrilla-en-el-avion-reclamador.jpg?fit=1200%2C630&ssl=1&resize=525%2C300 1.5x, https:\/\/i0.wp.com\/www.reclamador.es\/blog\/wp-content\/uploads\/2025\/08\/se-puede-llevar-una-sombrilla-en-el-avion-reclamador.jpg?fit=1200%2C630&ssl=1&resize=700%2C400 2x, https:\/\/i0.wp.com\/www.reclamador.es\/blog\/wp-content\/uploads\/2025\/08\/se-puede-llevar-una-sombrilla-en-el-avion-reclamador.jpg?fit=1200%2C630&ssl=1&resize=1050%2C600 3x"},"classes":[]},{"id":33651,"url":"https:\/\/www.reclamador.es\/blog\/raquetas-de-tenis-en-avion-pala-de-padel\/","url_meta":{"origin":35195,"position":4},"title":"\u00bfRaquetas de tenis o palas de p\u00e1del como equipaje de mano o facturado para volar?","author":"Equipo reclamador","date":"30 enero, 2025","format":false,"excerpt":"\u00bfSe puede llevar una raqueta como equipaje de mano en un vuelo? \u00bfY una pala de p\u00e1del? Puede parecer algo anecd\u00f3tico, pero no lo es. La afici\u00f3n por estos deportes es cada vez mayor y muchos aficionados y aficionadas a los deportes de raqueta planean viajes y vacaciones en lugares\u2026","rel":"","context":"En \u00abConsejos legales\u00bb","block_context":{"text":"Consejos legales","link":"https:\/\/www.reclamador.es\/blog\/consejos\/"},"img":{"alt_text":"equipaje de mano o equipaje facturado raquetas de tenis y palas de padel - aerolineas - reclamador.es","src":"https:\/\/i0.wp.com\/www.reclamador.es\/blog\/wp-content\/uploads\/2025\/01\/raqueta-de-tenis-equipaje-de-mano-1200x630-1.jpg?fit=1200%2C630&ssl=1&resize=350%2C200","width":350,"height":200,"srcset":"https:\/\/i0.wp.com\/www.reclamador.es\/blog\/wp-content\/uploads\/2025\/01\/raqueta-de-tenis-equipaje-de-mano-1200x630-1.jpg?fit=1200%2C630&ssl=1&resize=350%2C200 1x, https:\/\/i0.wp.com\/www.reclamador.es\/blog\/wp-content\/uploads\/2025\/01\/raqueta-de-tenis-equipaje-de-mano-1200x630-1.jpg?fit=1200%2C630&ssl=1&resize=525%2C300 1.5x, https:\/\/i0.wp.com\/www.reclamador.es\/blog\/wp-content\/uploads\/2025\/01\/raqueta-de-tenis-equipaje-de-mano-1200x630-1.jpg?fit=1200%2C630&ssl=1&resize=700%2C400 2x, https:\/\/i0.wp.com\/www.reclamador.es\/blog\/wp-content\/uploads\/2025\/01\/raqueta-de-tenis-equipaje-de-mano-1200x630-1.jpg?fit=1200%2C630&ssl=1&resize=1050%2C600 3x"},"classes":[]},{"id":35561,"url":"https:\/\/www.reclamador.es\/blog\/llevar-plancha-de-pelo-en-el-avion-rizador\/","url_meta":{"origin":35195,"position":5},"title":"\u00bfSe puede llevar una plancha de pelo en el avi\u00f3n?","author":"Alicia Ria\u00f1o","date":"4 febrero, 2026","format":false,"excerpt":"La pancha de pelo es un art\u00edculo indispensable para muchas personas. Cuando se viaje en coche, tren o autob\u00fas parece que no hay dudas de que s\u00ed se puede llevar una plancha de pelo en la maleta, pero \u00bfy cu\u00e1ndo el viaje es en avi\u00f3n? La respuesta es que tambi\u00e9n\u2026","rel":"","context":"En \u00abConsejos legales\u00bb","block_context":{"text":"Consejos legales","link":"https:\/\/www.reclamador.es\/blog\/consejos\/"},"img":{"alt_text":"se puede llevar plancha de pelo en el avion","src":"https:\/\/i0.wp.com\/www.reclamador.es\/blog\/wp-content\/uploads\/2026\/02\/plancha-de-pelo-en-el-avion.jpg?fit=1200%2C630&ssl=1&resize=350%2C200","width":350,"height":200,"srcset":"https:\/\/i0.wp.com\/www.reclamador.es\/blog\/wp-content\/uploads\/2026\/02\/plancha-de-pelo-en-el-avion.jpg?fit=1200%2C630&ssl=1&resize=350%2C200 1x, https:\/\/i0.wp.com\/www.reclamador.es\/blog\/wp-content\/uploads\/2026\/02\/plancha-de-pelo-en-el-avion.jpg?fit=1200%2C630&ssl=1&resize=525%2C300 1.5x, https:\/\/i0.wp.com\/www.reclamador.es\/blog\/wp-content\/uploads\/2026\/02\/plancha-de-pelo-en-el-avion.jpg?fit=1200%2C630&ssl=1&resize=700%2C400 2x, https:\/\/i0.wp.com\/www.reclamador.es\/blog\/wp-content\/uploads\/2026\/02\/plancha-de-pelo-en-el-avion.jpg?fit=1200%2C630&ssl=1&resize=1050%2C600 3x"},"classes":[]}],"jetpack_sharing_enabled":true,"_links":{"self":[{"href":"https:\/\/www.reclamador.es\/blog\/wp-json\/wp\/v2\/posts\/35195","targetHints":{"allow":["GET"]}}],"collection":[{"href":"https:\/\/www.reclamador.es\/blog\/wp-json\/wp\/v2\/posts"}],"about":[{"href":"https:\/\/www.reclamador.es\/blog\/wp-json\/wp\/v2\/types\/post"}],"author":[{"embeddable":true,"href":"https:\/\/www.reclamador.es\/blog\/wp-json\/wp\/v2\/users\/28"}],"replies":[{"embeddable":true,"href":"https:\/\/www.reclamador.es\/blog\/wp-json\/wp\/v2\/comments?post=35195"}],"version-history":[{"count":11,"href":"https:\/\/www.reclamador.es\/blog\/wp-json\/wp\/v2\/posts\/35195\/revisions"}],"predecessor-version":[{"id":35210,"href":"https:\/\/www.reclamador.es\/blog\/wp-json\/wp\/v2\/posts\/35195\/revisions\/35210"}],"wp:featuredmedia":[{"embeddable":true,"href":"https:\/\/www.reclamador.es\/blog\/wp-json\/wp\/v2\/media\/35204"}],"wp:attachment":[{"href":"https:\/\/www.reclamador.es\/blog\/wp-json\/wp\/v2\/media?parent=35195"}],"wp:term":[{"taxonomy":"category","embeddable":true,"href":"https:\/\/www.reclamador.es\/blog\/wp-json\/wp\/v2\/categories?post=35195"},{"taxonomy":"post_tag","embeddable":true,"href":"https:\/\/www.reclamador.es\/blog\/wp-json\/wp\/v2\/tags?post=35195"}],"curies":[{"name":"wp","href":"https:\/\/api.w.org\/{rel}","templated":true}]}}