{"id":34985,"date":"2025-09-15T11:00:41","date_gmt":"2025-09-15T09:00:41","guid":{"rendered":"https:\/\/www.reclamador.es\/blog\/?p=34985"},"modified":"2025-10-02T11:31:41","modified_gmt":"2025-10-02T09:31:41","slug":"cual-es-el-vuelo-comercial-mas-corto-y-mas-largo-del-mundo","status":"publish","type":"post","link":"https:\/\/www.reclamador.es\/blog\/cual-es-el-vuelo-comercial-mas-corto-y-mas-largo-del-mundo\/","title":{"rendered":"\u00bfCu\u00e1l es el vuelo (comercial) m\u00e1s corto y m\u00e1s largo del mundo?"},"content":{"rendered":"<div class=\"ttr_start\"><\/div>\n\n<div class=\"kk-star-ratings kksr-auto kksr-align-right kksr-valign-top\"\n    data-payload='{&quot;align&quot;:&quot;right&quot;,&quot;id&quot;:&quot;34985&quot;,&quot;slug&quot;:&quot;default&quot;,&quot;valign&quot;:&quot;top&quot;,&quot;ignore&quot;:&quot;&quot;,&quot;reference&quot;:&quot;auto&quot;,&quot;class&quot;:&quot;&quot;,&quot;count&quot;:&quot;1&quot;,&quot;legendonly&quot;:&quot;&quot;,&quot;readonly&quot;:&quot;&quot;,&quot;score&quot;:&quot;5&quot;,&quot;starsonly&quot;:&quot;&quot;,&quot;best&quot;:&quot;5&quot;,&quot;gap&quot;:&quot;3&quot;,&quot;greet&quot;:&quot;Valora este art\u00edculo&quot;,&quot;legend&quot;:&quot;5\\\/5 - (1 voto)&quot;,&quot;size&quot;:&quot;20&quot;,&quot;title&quot;:&quot;\u00bfCu\u00e1l es el vuelo (comercial) m\u00e1s corto y m\u00e1s largo del mundo?&quot;,&quot;width&quot;:&quot;113.5&quot;,&quot;_legend&quot;:&quot;{score}\\\/{best} - ({count} {votes})&quot;,&quot;font_factor&quot;:&quot;1.25&quot;}'>\n            \n<div class=\"kksr-stars\">\n    \n<div class=\"kksr-stars-inactive\">\n            <div class=\"kksr-star\" data-star=\"1\" style=\"padding-right: 3px\">\n            \n\n<div class=\"kksr-icon\" style=\"width: 20px; height: 20px;\"><\/div>\n        <\/div>\n            <div class=\"kksr-star\" data-star=\"2\" style=\"padding-right: 3px\">\n            \n\n<div class=\"kksr-icon\" style=\"width: 20px; height: 20px;\"><\/div>\n        <\/div>\n            <div class=\"kksr-star\" data-star=\"3\" style=\"padding-right: 3px\">\n            \n\n<div class=\"kksr-icon\" style=\"width: 20px; height: 20px;\"><\/div>\n        <\/div>\n            <div class=\"kksr-star\" data-star=\"4\" style=\"padding-right: 3px\">\n            \n\n<div class=\"kksr-icon\" style=\"width: 20px; height: 20px;\"><\/div>\n        <\/div>\n            <div class=\"kksr-star\" data-star=\"5\" style=\"padding-right: 3px\">\n            \n\n<div class=\"kksr-icon\" style=\"width: 20px; height: 20px;\"><\/div>\n        <\/div>\n    <\/div>\n    \n<div class=\"kksr-stars-active\" style=\"width: 113.5px;\">\n            <div class=\"kksr-star\" style=\"padding-right: 3px\">\n            \n\n<div class=\"kksr-icon\" style=\"width: 20px; height: 20px;\"><\/div>\n        <\/div>\n            <div class=\"kksr-star\" style=\"padding-right: 3px\">\n            \n\n<div class=\"kksr-icon\" style=\"width: 20px; height: 20px;\"><\/div>\n        <\/div>\n            <div class=\"kksr-star\" style=\"padding-right: 3px\">\n            \n\n<div class=\"kksr-icon\" style=\"width: 20px; height: 20px;\"><\/div>\n        <\/div>\n            <div class=\"kksr-star\" style=\"padding-right: 3px\">\n            \n\n<div class=\"kksr-icon\" style=\"width: 20px; height: 20px;\"><\/div>\n        <\/div>\n            <div class=\"kksr-star\" style=\"padding-right: 3px\">\n            \n\n<div class=\"kksr-icon\" style=\"width: 20px; height: 20px;\"><\/div>\n        <\/div>\n    <\/div>\n<\/div>\n                \n\n<div class=\"kksr-legend\" style=\"font-size: 16px;\">\n            5\/5 - (1 voto)    <\/div>\n    <\/div>\n\n<figure id=\"attachment_34993\" aria-describedby=\"caption-attachment-34993\" style=\"width: 1200px\" class=\"wp-caption aligncenter\"><img data-recalc-dims=\"1\" loading=\"lazy\" decoding=\"async\" class=\"size-full wp-image-34993\" src=\"https:\/\/i0.wp.com\/www.reclamador.es\/blog\/wp-content\/uploads\/2025\/09\/vuelo-comercial-mas-corto-y-mas-largo-del-mundo.jpg?resize=1200%2C630&#038;ssl=1\" alt=\"vuelo comercial mas corto del mundo, vuelo comercial mas corto de espa\u00f1a, vuelo comercial mas largo del mundo, vuelo comercial mas largo desde espa\u00f1a\" width=\"1200\" height=\"630\" srcset=\"https:\/\/i0.wp.com\/www.reclamador.es\/blog\/wp-content\/uploads\/2025\/09\/vuelo-comercial-mas-corto-y-mas-largo-del-mundo.jpg?w=1200&amp;ssl=1 1200w, https:\/\/i0.wp.com\/www.reclamador.es\/blog\/wp-content\/uploads\/2025\/09\/vuelo-comercial-mas-corto-y-mas-largo-del-mundo.jpg?resize=800%2C420&amp;ssl=1 800w, https:\/\/i0.wp.com\/www.reclamador.es\/blog\/wp-content\/uploads\/2025\/09\/vuelo-comercial-mas-corto-y-mas-largo-del-mundo.jpg?resize=150%2C79&amp;ssl=1 150w, https:\/\/i0.wp.com\/www.reclamador.es\/blog\/wp-content\/uploads\/2025\/09\/vuelo-comercial-mas-corto-y-mas-largo-del-mundo.jpg?resize=768%2C403&amp;ssl=1 768w\" sizes=\"auto, (max-width: 1000px) 100vw, 1000px\" \/><figcaption id=\"caption-attachment-34993\" class=\"wp-caption-text\"><em>Vuelo comercial m\u00e1s corto y m\u00e1s largo del mundo<\/em><\/figcaption><\/figure>\n<p>Vamos hoy con un post curioso. Queremos hablar de la distancia de los vuelos y, para ello, vamos a responder varias preguntas: <strong>\u00bfCu\u00e1l es el vuelo comercial m\u00e1s largo del mundo? y \u00bfCu\u00e1l es el vuelo (comercial) m\u00e1s largo?<\/strong> <strong>\u00bfY el vuelo m\u00e1s corto y m\u00e1s largo desde Espa\u00f1a?<\/strong> Tras responder estas cuestiones, posteriormente hablaremos de la importancia de los kil\u00f3metros de un viaje en avi\u00f3n en relaci\u00f3n a tus derechos como pasajero a\u00e9reo.\u00a0<\/p>\n<h2>\u00bfCu\u00e1l es el vuelo comercial m\u00e1s corto del mundo?<\/h2>\n<p>El vuelo comercial m\u00e1s corto es el trayecto entre Westray y Papa Westray, en Escocia. La distancia de este trayecto es inferior a 3 km y la duraci\u00f3n media es de 80 segundos, si bien, seg\u00fan las condiciones meteorol\u00f3gicas (del viento), el vuelo comercial m\u00e1s corto del mundo puede durar entre 53 y 120 segundos.\u00a0<\/p>\n<p>La aerol\u00ednea que opera el considerado como vuelo comercial m\u00e1s corto del mundo es Loganair, una compa\u00f1\u00eda a\u00e9rea regional que opera vuelos en esa zona y para este trayecto cuentan con una peque\u00f1a aeronave de, apenas, 8 plazas.<\/p>\n<h3>\u00bfCu\u00e1l es el vuelo m\u00e1s corto en Espa\u00f1a?<\/h3>\n<p>Y si tras este curioso datos te preguntas \u00bfY el vuelo comercial m\u00e1s corto que se puede realizar en Espa\u00f1a?\u00a0En este caso, vamos a hablar de dos trayectos: <strong>Tenerife Norte &#8211; La Gomera y Tenerife Norte La Palma.<\/strong> Ambos trayectos operados por Binter Canarias y con una duraci\u00f3n, seg\u00fan la web de la compa\u00f1\u00eda a\u00e9rea, de 30 minutos en ambos viajes.\u00a0<\/p>\n<p>Aqu\u00ed, tambi\u00e9n se\u00f1alar que hay una compa\u00f1\u00eda de <strong>helic\u00f3pteros que conecta Algeciras y Ceuta<\/strong> de manera regular en un trayecto que dura apenas 10 minutos y cuyo coste es de aproximadamente 88 \u20ac por persona y trayecto.\u00a0<\/p>\n<h2>\u00bfCu\u00e1l es el vuelo comercial m\u00e1s largo del mundo?<\/h2>\n<p>El vuelo comercial m\u00e1s largo del mundo es el que une <strong>Nueva York y Singapur. Operado por la aerol\u00ednea Singapore Airlines<\/strong>, tiene una duraci\u00f3n de aproximadamente 19 horas (+ 15.000 km) y su coste puede superar los 7.000 \u20ac.\u00a0<\/p>\n<p>Pero este dato puede cambiar en los pr\u00f3ximos meses, pues se espera que la aerol\u00ednea Qantas lance la ruta Sidney-Londres, con una distancia de aproximadamente 17.000 km y una duraci\u00f3n de 20 horas de vuelo (sin escala).\u00a0<\/p>\n<h2>\u00bfCu\u00e1l es el vuelo comercial m\u00e1s largo desde Espa\u00f1a?<\/h2>\n<p>En lo que se refiere a Espa\u00f1a, los trayectos m\u00e1s largos que se puede realizar sin escalas son el que une el <a href=\"https:\/\/www.reclamador.es\/aerolineas\/aeropuertos\/barcelona-el-prat\/\">Aeropuerto Josep Tarradellas Barcelona-El Prat<\/a> con Santiago de Chile, cuya duraci\u00f3n supera las 14 horas de vuelo. Esta ruta es cubierta por las aerol\u00edneas Level e <a href=\"https:\/\/www.reclamador.es\/aerolineas\/iberia\/\">Iberia<\/a> y su coste puede superar los 1.600 \u20ac. Y el que realiza Iberia entre Madrid y Tokio, cuya duraci\u00f3n tambi\u00e9n supera las 14 horas de vuelo.<\/p>\n<p>Ambos trayectos superan los 10.000 km de distancia en l\u00ednea recta.\u00a0<\/p>\n<h2>La distancia del vuelo marca la indemnizaci\u00f3n en caso de tener que reclamar<\/h2>\n<p><a href=\"https:\/\/www.reclamador.es\/aerolineas\/retraso-vuelo\/\">Retrasos superiores a 180 minutos<\/a> en la llegada del vuelo, <a href=\"https:\/\/www.reclamador.es\/aerolineas\/cancelacion-vuelo\/\">cancelaciones<\/a> informadas con menos de dos semanas de antelaci\u00f3n o denegaciones de embarque por <a href=\"https:\/\/www.reclamador.es\/aerolineas\/overbooking\/\">overbooking<\/a> pueden dan <strong>derecho a reclamar una indemnizaci\u00f3n a la aerol\u00ednea.<\/strong> Esa compensaci\u00f3n econ\u00f3mica variar\u00e1 en funci\u00f3n de la distancia del vuelo. Quedando fijados los siguiente criterios:<\/p>\n<ul>\n<li><strong>Vuelos inferiores a 1.500 km<\/strong>: 250 \u20ac de compensaci\u00f3n.<\/li>\n<li><strong>Trayecto de entre 1.500 km y 3.500 km<\/strong>: 400 \u20ac.<\/li>\n<li><strong>Vuelos superiores a 3.500 km<\/strong>: 600 \u20ac de compensaci\u00f3n.\u00a0<\/li>\n<\/ul>\n<p>Por ello, si el vuelo m\u00e1s corto de Espa\u00f1a sufre, por ejemplo, una cancelaci\u00f3n de \u00faltima hora (y esa cancelaci\u00f3n no se deriva de una circunstancia extraordinaria), la persona afectada podr\u00e1 reclamar una compensaci\u00f3n por cancelaci\u00f3n de vuelo de 250 \u20ac (m\u00e1s los gastos extras que pueda acreditar).\u00a0<\/p>\n<p>Y, por otro lado, si, por ejemplo, el vuelo Barcelona-Santiago de Chile es cancelado sin casi tiempo de preaviso, la persona afectada puede reclamar una compensaci\u00f3n de 600 \u20ac. Un vuelo de media distancia ser\u00eda, por ejemplo, un trayecto Madrid-Fuerteventura y un problema en ese vuelo podr\u00eda dar derecho a reclamar a la aerol\u00ednea 400 \u20ac m\u00e1s los gastos extras.\u00a0<\/p>\n<p>\u00a0<\/p>\n\n\n<div class=\"ttr_end\"><\/div>","protected":false},"excerpt":{"rendered":"<p>Vamos hoy con un post curioso. Queremos hablar de la distancia de los vuelos y, para ello, vamos a responder varias preguntas: \u00bfCu\u00e1l es el vuelo comercial m\u00e1s largo del mundo? y \u00bfCu\u00e1l es el vuelo (comercial) m\u00e1s largo? \u00bfY el vuelo m\u00e1s corto y m\u00e1s largo desde Espa\u00f1a? Tras responder estas cuestiones, posteriormente hablaremos [&hellip;]<\/p>\n","protected":false},"author":28,"featured_media":34993,"comment_status":"open","ping_status":"open","sticky":false,"template":"","format":"standard","meta":{"_acf_changed":false,"_genesis_hide_title":false,"_genesis_hide_breadcrumbs":false,"_genesis_hide_singular_image":false,"_genesis_hide_footer_widgets":false,"_genesis_custom_body_class":"","_genesis_custom_post_class":"","_genesis_layout":"","_jetpack_newsletter_access":"","_jetpack_dont_email_post_to_subs":false,"_jetpack_newsletter_tier_id":0,"_jetpack_memberships_contains_paywalled_content":false,"_jetpack_memberships_contains_paid_content":false,"footnotes":""},"categories":[392],"tags":[380],"class_list":{"0":"post-34985","1":"post","2":"type-post","3":"status-publish","4":"format-standard","5":"has-post-thumbnail","7":"category-noticias","8":"tag-aerolineas","9":"entry"},"acf":[],"yoast_head":"<!-- This site is optimized with the Yoast SEO plugin v27.4 - https:\/\/yoast.com\/product\/yoast-seo-wordpress\/ -->\n<title>\u00bfCu\u00e1l es el vuelo comercial m\u00e1s corto y m\u00e1s largo del mundo?<\/title>\n<meta name=\"description\" content=\"El vuelo comercial m\u00e1s corto es entre Westray y Papa Westray, en Escocia. Nueva York-Singapur es el vuelo m\u00e1s largo. \u00bfY en Espa\u00f1a? Te lo contamos\" \/>\n<meta name=\"robots\" content=\"index, follow, max-snippet:-1, max-image-preview:large, max-video-preview:-1\" \/>\n<link rel=\"canonical\" href=\"https:\/\/www.reclamador.es\/blog\/cual-es-el-vuelo-comercial-mas-corto-y-mas-largo-del-mundo\/\" \/>\n<meta property=\"og:locale\" content=\"es_ES\" \/>\n<meta property=\"og:type\" content=\"article\" \/>\n<meta property=\"og:title\" content=\"\u00bfCu\u00e1l es el vuelo comercial m\u00e1s corto y m\u00e1s largo del mundo?\" \/>\n<meta property=\"og:description\" content=\"El vuelo comercial m\u00e1s corto es entre Westray y Papa Westray, en Escocia. Nueva York-Singapur es el vuelo m\u00e1s largo. \u00bfY en Espa\u00f1a? Te lo contamos\" \/>\n<meta property=\"og:url\" content=\"https:\/\/www.reclamador.es\/blog\/cual-es-el-vuelo-comercial-mas-corto-y-mas-largo-del-mundo\/\" \/>\n<meta property=\"og:site_name\" content=\"Rebeldes con causa, el blog de reclamador.es\" \/>\n<meta property=\"article:publisher\" content=\"https:\/\/www.facebook.com\/reclamador.es\" \/>\n<meta property=\"article:published_time\" content=\"2025-09-15T09:00:41+00:00\" \/>\n<meta property=\"article:modified_time\" content=\"2025-10-02T09:31:41+00:00\" \/>\n<meta property=\"og:image\" content=\"https:\/\/www.reclamador.es\/blog\/wp-content\/uploads\/2025\/09\/vuelo-comercial-mas-corto-y-mas-largo-del-mundo.jpg\" \/>\n\t<meta property=\"og:image:width\" content=\"1200\" \/>\n\t<meta property=\"og:image:height\" content=\"630\" \/>\n\t<meta property=\"og:image:type\" content=\"image\/jpeg\" \/>\n<meta name=\"author\" content=\"Alicia Ria\u00f1o\" \/>\n<meta name=\"twitter:card\" content=\"summary_large_image\" \/>\n<meta name=\"twitter:creator\" content=\"@reclamador\" \/>\n<meta name=\"twitter:site\" content=\"@reclamador\" \/>\n<meta name=\"twitter:label1\" content=\"Escrito por\" \/>\n\t<meta name=\"twitter:data1\" content=\"Alicia Ria\u00f1o\" \/>\n\t<meta name=\"twitter:label2\" content=\"Tiempo de lectura\" \/>\n\t<meta name=\"twitter:data2\" content=\"4 minutos\" \/>\n<script type=\"application\/ld+json\" class=\"yoast-schema-graph\">{\"@context\":\"https:\\\/\\\/schema.org\",\"@graph\":[{\"@type\":\"Article\",\"@id\":\"https:\\\/\\\/www.reclamador.es\\\/blog\\\/cual-es-el-vuelo-comercial-mas-corto-y-mas-largo-del-mundo\\\/#article\",\"isPartOf\":{\"@id\":\"https:\\\/\\\/www.reclamador.es\\\/blog\\\/cual-es-el-vuelo-comercial-mas-corto-y-mas-largo-del-mundo\\\/\"},\"author\":{\"name\":\"Alicia Ria\u00f1o\",\"@id\":\"https:\\\/\\\/www.reclamador.es\\\/blog\\\/#\\\/schema\\\/person\\\/2a9d121a6362255b8129c6fda9caffd5\"},\"headline\":\"\u00bfCu\u00e1l es el vuelo (comercial) m\u00e1s corto y m\u00e1s largo del mundo?\",\"datePublished\":\"2025-09-15T09:00:41+00:00\",\"dateModified\":\"2025-10-02T09:31:41+00:00\",\"mainEntityOfPage\":{\"@id\":\"https:\\\/\\\/www.reclamador.es\\\/blog\\\/cual-es-el-vuelo-comercial-mas-corto-y-mas-largo-del-mundo\\\/\"},\"wordCount\":733,\"commentCount\":0,\"publisher\":{\"@id\":\"https:\\\/\\\/www.reclamador.es\\\/blog\\\/#organization\"},\"image\":{\"@id\":\"https:\\\/\\\/www.reclamador.es\\\/blog\\\/cual-es-el-vuelo-comercial-mas-corto-y-mas-largo-del-mundo\\\/#primaryimage\"},\"thumbnailUrl\":\"https:\\\/\\\/i0.wp.com\\\/www.reclamador.es\\\/blog\\\/wp-content\\\/uploads\\\/2025\\\/09\\\/vuelo-comercial-mas-corto-y-mas-largo-del-mundo.jpg?fit=1200%2C630&ssl=1\",\"keywords\":[\"aerol\u00edneas\"],\"articleSection\":[\"Noticias y actualidad\"],\"inLanguage\":\"es\",\"potentialAction\":[{\"@type\":\"CommentAction\",\"name\":\"Comment\",\"target\":[\"https:\\\/\\\/www.reclamador.es\\\/blog\\\/cual-es-el-vuelo-comercial-mas-corto-y-mas-largo-del-mundo\\\/#respond\"]}]},{\"@type\":\"WebPage\",\"@id\":\"https:\\\/\\\/www.reclamador.es\\\/blog\\\/cual-es-el-vuelo-comercial-mas-corto-y-mas-largo-del-mundo\\\/\",\"url\":\"https:\\\/\\\/www.reclamador.es\\\/blog\\\/cual-es-el-vuelo-comercial-mas-corto-y-mas-largo-del-mundo\\\/\",\"name\":\"\u00bfCu\u00e1l es el vuelo comercial m\u00e1s corto y m\u00e1s largo del mundo?\",\"isPartOf\":{\"@id\":\"https:\\\/\\\/www.reclamador.es\\\/blog\\\/#website\"},\"primaryImageOfPage\":{\"@id\":\"https:\\\/\\\/www.reclamador.es\\\/blog\\\/cual-es-el-vuelo-comercial-mas-corto-y-mas-largo-del-mundo\\\/#primaryimage\"},\"image\":{\"@id\":\"https:\\\/\\\/www.reclamador.es\\\/blog\\\/cual-es-el-vuelo-comercial-mas-corto-y-mas-largo-del-mundo\\\/#primaryimage\"},\"thumbnailUrl\":\"https:\\\/\\\/i0.wp.com\\\/www.reclamador.es\\\/blog\\\/wp-content\\\/uploads\\\/2025\\\/09\\\/vuelo-comercial-mas-corto-y-mas-largo-del-mundo.jpg?fit=1200%2C630&ssl=1\",\"datePublished\":\"2025-09-15T09:00:41+00:00\",\"dateModified\":\"2025-10-02T09:31:41+00:00\",\"description\":\"El vuelo comercial m\u00e1s corto es entre Westray y Papa Westray, en Escocia. Nueva York-Singapur es el vuelo m\u00e1s largo. \u00bfY en Espa\u00f1a? Te lo contamos\",\"breadcrumb\":{\"@id\":\"https:\\\/\\\/www.reclamador.es\\\/blog\\\/cual-es-el-vuelo-comercial-mas-corto-y-mas-largo-del-mundo\\\/#breadcrumb\"},\"inLanguage\":\"es\",\"potentialAction\":[{\"@type\":\"ReadAction\",\"target\":[\"https:\\\/\\\/www.reclamador.es\\\/blog\\\/cual-es-el-vuelo-comercial-mas-corto-y-mas-largo-del-mundo\\\/\"]}]},{\"@type\":\"ImageObject\",\"inLanguage\":\"es\",\"@id\":\"https:\\\/\\\/www.reclamador.es\\\/blog\\\/cual-es-el-vuelo-comercial-mas-corto-y-mas-largo-del-mundo\\\/#primaryimage\",\"url\":\"https:\\\/\\\/i0.wp.com\\\/www.reclamador.es\\\/blog\\\/wp-content\\\/uploads\\\/2025\\\/09\\\/vuelo-comercial-mas-corto-y-mas-largo-del-mundo.jpg?fit=1200%2C630&ssl=1\",\"contentUrl\":\"https:\\\/\\\/i0.wp.com\\\/www.reclamador.es\\\/blog\\\/wp-content\\\/uploads\\\/2025\\\/09\\\/vuelo-comercial-mas-corto-y-mas-largo-del-mundo.jpg?fit=1200%2C630&ssl=1\",\"width\":1200,\"height\":630,\"caption\":\"Vuelo comercial m\u00e1s corto y m\u00e1s largo del mundo\"},{\"@type\":\"BreadcrumbList\",\"@id\":\"https:\\\/\\\/www.reclamador.es\\\/blog\\\/cual-es-el-vuelo-comercial-mas-corto-y-mas-largo-del-mundo\\\/#breadcrumb\",\"itemListElement\":[{\"@type\":\"ListItem\",\"position\":1,\"name\":\"Portada\",\"item\":\"https:\\\/\\\/www.reclamador.es\\\/blog\\\/\"},{\"@type\":\"ListItem\",\"position\":2,\"name\":\"\u00bfCu\u00e1l es el vuelo (comercial) m\u00e1s corto y m\u00e1s largo del mundo?\"}]},{\"@type\":\"WebSite\",\"@id\":\"https:\\\/\\\/www.reclamador.es\\\/blog\\\/#website\",\"url\":\"https:\\\/\\\/www.reclamador.es\\\/blog\\\/\",\"name\":\"Rebeldes con causa, el blog de reclamador.es\",\"description\":\"Noticias, entrevistas y consejos sobre reclamaciones\",\"publisher\":{\"@id\":\"https:\\\/\\\/www.reclamador.es\\\/blog\\\/#organization\"},\"potentialAction\":[{\"@type\":\"SearchAction\",\"target\":{\"@type\":\"EntryPoint\",\"urlTemplate\":\"https:\\\/\\\/www.reclamador.es\\\/blog\\\/?s={search_term_string}\"},\"query-input\":{\"@type\":\"PropertyValueSpecification\",\"valueRequired\":true,\"valueName\":\"search_term_string\"}}],\"inLanguage\":\"es\"},{\"@type\":\"Organization\",\"@id\":\"https:\\\/\\\/www.reclamador.es\\\/blog\\\/#organization\",\"name\":\"reclamador.es\",\"url\":\"https:\\\/\\\/www.reclamador.es\\\/blog\\\/\",\"logo\":{\"@type\":\"ImageObject\",\"inLanguage\":\"es\",\"@id\":\"https:\\\/\\\/www.reclamador.es\\\/blog\\\/#\\\/schema\\\/logo\\\/image\\\/\",\"url\":\"https:\\\/\\\/i0.wp.com\\\/www.reclamador.es\\\/blog\\\/wp-content\\\/uploads\\\/2020\\\/01\\\/logo-reclamador.png?fit=1200%2C144&ssl=1\",\"contentUrl\":\"https:\\\/\\\/i0.wp.com\\\/www.reclamador.es\\\/blog\\\/wp-content\\\/uploads\\\/2020\\\/01\\\/logo-reclamador.png?fit=1200%2C144&ssl=1\",\"width\":1200,\"height\":144,\"caption\":\"reclamador.es\"},\"image\":{\"@id\":\"https:\\\/\\\/www.reclamador.es\\\/blog\\\/#\\\/schema\\\/logo\\\/image\\\/\"},\"sameAs\":[\"https:\\\/\\\/www.facebook.com\\\/reclamador.es\",\"https:\\\/\\\/x.com\\\/reclamador\",\"https:\\\/\\\/www.instagram.com\\\/reclamador.es\\\/\",\"https:\\\/\\\/www.linkedin.com\\\/company\\\/reclamador-es\",\"https:\\\/\\\/www.youtube.com\\\/user\\\/Reclamadores\"]},{\"@type\":\"Person\",\"@id\":\"https:\\\/\\\/www.reclamador.es\\\/blog\\\/#\\\/schema\\\/person\\\/2a9d121a6362255b8129c6fda9caffd5\",\"name\":\"Alicia Ria\u00f1o\",\"image\":{\"@type\":\"ImageObject\",\"inLanguage\":\"es\",\"@id\":\"https:\\\/\\\/secure.gravatar.com\\\/avatar\\\/2915f7664bf5ed4baf932328fabfe761f32f21ec1b577e7d54a7fee6613de25f?s=96&d=mm&r=g\",\"url\":\"https:\\\/\\\/secure.gravatar.com\\\/avatar\\\/2915f7664bf5ed4baf932328fabfe761f32f21ec1b577e7d54a7fee6613de25f?s=96&d=mm&r=g\",\"contentUrl\":\"https:\\\/\\\/secure.gravatar.com\\\/avatar\\\/2915f7664bf5ed4baf932328fabfe761f32f21ec1b577e7d54a7fee6613de25f?s=96&d=mm&r=g\",\"caption\":\"Alicia Ria\u00f1o\"},\"description\":\"Periodista experta en comunicaci\u00f3n y marketing digital. Escribo para acercar la informaci\u00f3n legal de forma sencilla y comprensible a las personas.\",\"sameAs\":[\"https:\\\/\\\/www.linkedin.com\\\/in\\\/alicia-r-932a2959\"],\"url\":\"https:\\\/\\\/www.reclamador.es\\\/blog\\\/author\\\/alicia-riano\\\/\"}]}<\/script>\n<!-- \/ Yoast SEO plugin. -->","yoast_head_json":{"title":"\u00bfCu\u00e1l es el vuelo comercial m\u00e1s corto y m\u00e1s largo del mundo?","description":"El vuelo comercial m\u00e1s corto es entre Westray y Papa Westray, en Escocia. Nueva York-Singapur es el vuelo m\u00e1s largo. \u00bfY en Espa\u00f1a? Te lo contamos","robots":{"index":"index","follow":"follow","max-snippet":"max-snippet:-1","max-image-preview":"max-image-preview:large","max-video-preview":"max-video-preview:-1"},"canonical":"https:\/\/www.reclamador.es\/blog\/cual-es-el-vuelo-comercial-mas-corto-y-mas-largo-del-mundo\/","og_locale":"es_ES","og_type":"article","og_title":"\u00bfCu\u00e1l es el vuelo comercial m\u00e1s corto y m\u00e1s largo del mundo?","og_description":"El vuelo comercial m\u00e1s corto es entre Westray y Papa Westray, en Escocia. Nueva York-Singapur es el vuelo m\u00e1s largo. \u00bfY en Espa\u00f1a? Te lo contamos","og_url":"https:\/\/www.reclamador.es\/blog\/cual-es-el-vuelo-comercial-mas-corto-y-mas-largo-del-mundo\/","og_site_name":"Rebeldes con causa, el blog de reclamador.es","article_publisher":"https:\/\/www.facebook.com\/reclamador.es","article_published_time":"2025-09-15T09:00:41+00:00","article_modified_time":"2025-10-02T09:31:41+00:00","og_image":[{"width":1200,"height":630,"url":"https:\/\/www.reclamador.es\/blog\/wp-content\/uploads\/2025\/09\/vuelo-comercial-mas-corto-y-mas-largo-del-mundo.jpg","type":"image\/jpeg"}],"author":"Alicia Ria\u00f1o","twitter_card":"summary_large_image","twitter_creator":"@reclamador","twitter_site":"@reclamador","twitter_misc":{"Escrito por":"Alicia Ria\u00f1o","Tiempo de lectura":"4 minutos"},"schema":{"@context":"https:\/\/schema.org","@graph":[{"@type":"Article","@id":"https:\/\/www.reclamador.es\/blog\/cual-es-el-vuelo-comercial-mas-corto-y-mas-largo-del-mundo\/#article","isPartOf":{"@id":"https:\/\/www.reclamador.es\/blog\/cual-es-el-vuelo-comercial-mas-corto-y-mas-largo-del-mundo\/"},"author":{"name":"Alicia Ria\u00f1o","@id":"https:\/\/www.reclamador.es\/blog\/#\/schema\/person\/2a9d121a6362255b8129c6fda9caffd5"},"headline":"\u00bfCu\u00e1l es el vuelo (comercial) m\u00e1s corto y m\u00e1s largo del mundo?","datePublished":"2025-09-15T09:00:41+00:00","dateModified":"2025-10-02T09:31:41+00:00","mainEntityOfPage":{"@id":"https:\/\/www.reclamador.es\/blog\/cual-es-el-vuelo-comercial-mas-corto-y-mas-largo-del-mundo\/"},"wordCount":733,"commentCount":0,"publisher":{"@id":"https:\/\/www.reclamador.es\/blog\/#organization"},"image":{"@id":"https:\/\/www.reclamador.es\/blog\/cual-es-el-vuelo-comercial-mas-corto-y-mas-largo-del-mundo\/#primaryimage"},"thumbnailUrl":"https:\/\/i0.wp.com\/www.reclamador.es\/blog\/wp-content\/uploads\/2025\/09\/vuelo-comercial-mas-corto-y-mas-largo-del-mundo.jpg?fit=1200%2C630&ssl=1","keywords":["aerol\u00edneas"],"articleSection":["Noticias y actualidad"],"inLanguage":"es","potentialAction":[{"@type":"CommentAction","name":"Comment","target":["https:\/\/www.reclamador.es\/blog\/cual-es-el-vuelo-comercial-mas-corto-y-mas-largo-del-mundo\/#respond"]}]},{"@type":"WebPage","@id":"https:\/\/www.reclamador.es\/blog\/cual-es-el-vuelo-comercial-mas-corto-y-mas-largo-del-mundo\/","url":"https:\/\/www.reclamador.es\/blog\/cual-es-el-vuelo-comercial-mas-corto-y-mas-largo-del-mundo\/","name":"\u00bfCu\u00e1l es el vuelo comercial m\u00e1s corto y m\u00e1s largo del mundo?","isPartOf":{"@id":"https:\/\/www.reclamador.es\/blog\/#website"},"primaryImageOfPage":{"@id":"https:\/\/www.reclamador.es\/blog\/cual-es-el-vuelo-comercial-mas-corto-y-mas-largo-del-mundo\/#primaryimage"},"image":{"@id":"https:\/\/www.reclamador.es\/blog\/cual-es-el-vuelo-comercial-mas-corto-y-mas-largo-del-mundo\/#primaryimage"},"thumbnailUrl":"https:\/\/i0.wp.com\/www.reclamador.es\/blog\/wp-content\/uploads\/2025\/09\/vuelo-comercial-mas-corto-y-mas-largo-del-mundo.jpg?fit=1200%2C630&ssl=1","datePublished":"2025-09-15T09:00:41+00:00","dateModified":"2025-10-02T09:31:41+00:00","description":"El vuelo comercial m\u00e1s corto es entre Westray y Papa Westray, en Escocia. Nueva York-Singapur es el vuelo m\u00e1s largo. \u00bfY en Espa\u00f1a? Te lo contamos","breadcrumb":{"@id":"https:\/\/www.reclamador.es\/blog\/cual-es-el-vuelo-comercial-mas-corto-y-mas-largo-del-mundo\/#breadcrumb"},"inLanguage":"es","potentialAction":[{"@type":"ReadAction","target":["https:\/\/www.reclamador.es\/blog\/cual-es-el-vuelo-comercial-mas-corto-y-mas-largo-del-mundo\/"]}]},{"@type":"ImageObject","inLanguage":"es","@id":"https:\/\/www.reclamador.es\/blog\/cual-es-el-vuelo-comercial-mas-corto-y-mas-largo-del-mundo\/#primaryimage","url":"https:\/\/i0.wp.com\/www.reclamador.es\/blog\/wp-content\/uploads\/2025\/09\/vuelo-comercial-mas-corto-y-mas-largo-del-mundo.jpg?fit=1200%2C630&ssl=1","contentUrl":"https:\/\/i0.wp.com\/www.reclamador.es\/blog\/wp-content\/uploads\/2025\/09\/vuelo-comercial-mas-corto-y-mas-largo-del-mundo.jpg?fit=1200%2C630&ssl=1","width":1200,"height":630,"caption":"Vuelo comercial m\u00e1s corto y m\u00e1s largo del mundo"},{"@type":"BreadcrumbList","@id":"https:\/\/www.reclamador.es\/blog\/cual-es-el-vuelo-comercial-mas-corto-y-mas-largo-del-mundo\/#breadcrumb","itemListElement":[{"@type":"ListItem","position":1,"name":"Portada","item":"https:\/\/www.reclamador.es\/blog\/"},{"@type":"ListItem","position":2,"name":"\u00bfCu\u00e1l es el vuelo (comercial) m\u00e1s corto y m\u00e1s largo del mundo?"}]},{"@type":"WebSite","@id":"https:\/\/www.reclamador.es\/blog\/#website","url":"https:\/\/www.reclamador.es\/blog\/","name":"Rebeldes con causa, el blog de reclamador.es","description":"Noticias, entrevistas y consejos sobre reclamaciones","publisher":{"@id":"https:\/\/www.reclamador.es\/blog\/#organization"},"potentialAction":[{"@type":"SearchAction","target":{"@type":"EntryPoint","urlTemplate":"https:\/\/www.reclamador.es\/blog\/?s={search_term_string}"},"query-input":{"@type":"PropertyValueSpecification","valueRequired":true,"valueName":"search_term_string"}}],"inLanguage":"es"},{"@type":"Organization","@id":"https:\/\/www.reclamador.es\/blog\/#organization","name":"reclamador.es","url":"https:\/\/www.reclamador.es\/blog\/","logo":{"@type":"ImageObject","inLanguage":"es","@id":"https:\/\/www.reclamador.es\/blog\/#\/schema\/logo\/image\/","url":"https:\/\/i0.wp.com\/www.reclamador.es\/blog\/wp-content\/uploads\/2020\/01\/logo-reclamador.png?fit=1200%2C144&ssl=1","contentUrl":"https:\/\/i0.wp.com\/www.reclamador.es\/blog\/wp-content\/uploads\/2020\/01\/logo-reclamador.png?fit=1200%2C144&ssl=1","width":1200,"height":144,"caption":"reclamador.es"},"image":{"@id":"https:\/\/www.reclamador.es\/blog\/#\/schema\/logo\/image\/"},"sameAs":["https:\/\/www.facebook.com\/reclamador.es","https:\/\/x.com\/reclamador","https:\/\/www.instagram.com\/reclamador.es\/","https:\/\/www.linkedin.com\/company\/reclamador-es","https:\/\/www.youtube.com\/user\/Reclamadores"]},{"@type":"Person","@id":"https:\/\/www.reclamador.es\/blog\/#\/schema\/person\/2a9d121a6362255b8129c6fda9caffd5","name":"Alicia Ria\u00f1o","image":{"@type":"ImageObject","inLanguage":"es","@id":"https:\/\/secure.gravatar.com\/avatar\/2915f7664bf5ed4baf932328fabfe761f32f21ec1b577e7d54a7fee6613de25f?s=96&d=mm&r=g","url":"https:\/\/secure.gravatar.com\/avatar\/2915f7664bf5ed4baf932328fabfe761f32f21ec1b577e7d54a7fee6613de25f?s=96&d=mm&r=g","contentUrl":"https:\/\/secure.gravatar.com\/avatar\/2915f7664bf5ed4baf932328fabfe761f32f21ec1b577e7d54a7fee6613de25f?s=96&d=mm&r=g","caption":"Alicia Ria\u00f1o"},"description":"Periodista experta en comunicaci\u00f3n y marketing digital. Escribo para acercar la informaci\u00f3n legal de forma sencilla y comprensible a las personas.","sameAs":["https:\/\/www.linkedin.com\/in\/alicia-r-932a2959"],"url":"https:\/\/www.reclamador.es\/blog\/author\/alicia-riano\/"}]}},"jetpack_featured_media_url":"https:\/\/i0.wp.com\/www.reclamador.es\/blog\/wp-content\/uploads\/2025\/09\/vuelo-comercial-mas-corto-y-mas-largo-del-mundo.jpg?fit=1200%2C630&ssl=1","jetpack-related-posts":[{"id":32940,"url":"https:\/\/www.reclamador.es\/blog\/vuelos-interinsulares\/","url_meta":{"origin":34985,"position":0},"title":"Curiosidades sobre los vuelos interinsulares en las Islas Canarias","author":"Equipo reclamador","date":"1 octubre, 2024","format":false,"excerpt":"Los vuelos interinsularesen las Islas Canarias son una experiencia \u00fanica por diversas razones. Estas conexiones son esenciales para la movilidad entre las islas, ya que los ferris pueden ser m\u00e1s lentos y menos frecuentes. Ya sea porque vives en Gran Canaria (o cualquiera de las islas de este archipi\u00e9lago) o\u2026","rel":"","context":"En \u00abConsejos legales\u00bb","block_context":{"text":"Consejos legales","link":"https:\/\/www.reclamador.es\/blog\/consejos\/"},"img":{"alt_text":"aeropuerto de gran canaria - vuelos interinsulares","src":"https:\/\/i0.wp.com\/www.reclamador.es\/blog\/wp-content\/uploads\/2024\/09\/vuelos-interinsulares-desde-el-aeropuerto-de-gran-canaria-1200x630-1.jpg?fit=1200%2C630&ssl=1&resize=350%2C200","width":350,"height":200,"srcset":"https:\/\/i0.wp.com\/www.reclamador.es\/blog\/wp-content\/uploads\/2024\/09\/vuelos-interinsulares-desde-el-aeropuerto-de-gran-canaria-1200x630-1.jpg?fit=1200%2C630&ssl=1&resize=350%2C200 1x, https:\/\/i0.wp.com\/www.reclamador.es\/blog\/wp-content\/uploads\/2024\/09\/vuelos-interinsulares-desde-el-aeropuerto-de-gran-canaria-1200x630-1.jpg?fit=1200%2C630&ssl=1&resize=525%2C300 1.5x, https:\/\/i0.wp.com\/www.reclamador.es\/blog\/wp-content\/uploads\/2024\/09\/vuelos-interinsulares-desde-el-aeropuerto-de-gran-canaria-1200x630-1.jpg?fit=1200%2C630&ssl=1&resize=700%2C400 2x, https:\/\/i0.wp.com\/www.reclamador.es\/blog\/wp-content\/uploads\/2024\/09\/vuelos-interinsulares-desde-el-aeropuerto-de-gran-canaria-1200x630-1.jpg?fit=1200%2C630&ssl=1&resize=1050%2C600 3x"},"classes":[]},{"id":35114,"url":"https:\/\/www.reclamador.es\/blog\/que-es-un-vuelo-charter\/","url_meta":{"origin":34985,"position":1},"title":"\u00bfQu\u00e9 es un vuelo ch\u00e1rter?","author":"Equipo reclamador","date":"13 octubre, 2025","format":false,"excerpt":"Un vuelo ch\u00e1rter es un vuelo privado contratado por una agencia, tour operador o grupo para realizar un trayecto. En otras palabras, son vuelos, o servicios, que no entran dentro de la programaci\u00f3n habitual de vuelo de una aerol\u00ednea. Seguro que has o\u00eddo hablar de viajes ch\u00e1rter en muchas ocasiones,\u2026","rel":"","context":"En \u00abConsejos legales\u00bb","block_context":{"text":"Consejos legales","link":"https:\/\/www.reclamador.es\/blog\/consejos\/"},"img":{"alt_text":"vuelo charter aeropuerto - viaje regular o comercial","src":"https:\/\/i0.wp.com\/www.reclamador.es\/blog\/wp-content\/uploads\/2025\/10\/vuelo-charter-vuelo-regular.jpg?fit=1200%2C630&ssl=1&resize=350%2C200","width":350,"height":200,"srcset":"https:\/\/i0.wp.com\/www.reclamador.es\/blog\/wp-content\/uploads\/2025\/10\/vuelo-charter-vuelo-regular.jpg?fit=1200%2C630&ssl=1&resize=350%2C200 1x, https:\/\/i0.wp.com\/www.reclamador.es\/blog\/wp-content\/uploads\/2025\/10\/vuelo-charter-vuelo-regular.jpg?fit=1200%2C630&ssl=1&resize=525%2C300 1.5x, https:\/\/i0.wp.com\/www.reclamador.es\/blog\/wp-content\/uploads\/2025\/10\/vuelo-charter-vuelo-regular.jpg?fit=1200%2C630&ssl=1&resize=700%2C400 2x, https:\/\/i0.wp.com\/www.reclamador.es\/blog\/wp-content\/uploads\/2025\/10\/vuelo-charter-vuelo-regular.jpg?fit=1200%2C630&ssl=1&resize=1050%2C600 3x"},"classes":[]},{"id":34629,"url":"https:\/\/www.reclamador.es\/blog\/que-hacer-en-barcelona-lloviendo\/","url_meta":{"origin":34985,"position":2},"title":"Viajes a Barcelona: \u00bfQu\u00e9 hacer en Barcelona lloviendo?","author":"Equipo reclamador","date":"28 julio, 2025","format":false,"excerpt":"\u00a0 La Ciudad Condal ofrece un sinf\u00edn de planes en cualquier \u00e9poca del a\u00f1o y si bien es cierto que poca gente preferir\u00eda escoger conocer Barcelona con lluvia, s\u00ed que es cierto que hay muchas cosas que hacer en Barcelona lloviendo.\u00a0 A continuaci\u00f3n, te dejamos planes para hacer un d\u00eda\u2026","rel":"","context":"En \u00abConsejos legales\u00bb","block_context":{"text":"Consejos legales","link":"https:\/\/www.reclamador.es\/blog\/consejos\/"},"img":{"alt_text":"barcelona en un d\u00eda de lluvia","src":"https:\/\/i0.wp.com\/www.reclamador.es\/blog\/wp-content\/uploads\/2025\/07\/Subtitulo.jpg?fit=1200%2C630&ssl=1&resize=350%2C200","width":350,"height":200,"srcset":"https:\/\/i0.wp.com\/www.reclamador.es\/blog\/wp-content\/uploads\/2025\/07\/Subtitulo.jpg?fit=1200%2C630&ssl=1&resize=350%2C200 1x, https:\/\/i0.wp.com\/www.reclamador.es\/blog\/wp-content\/uploads\/2025\/07\/Subtitulo.jpg?fit=1200%2C630&ssl=1&resize=525%2C300 1.5x, https:\/\/i0.wp.com\/www.reclamador.es\/blog\/wp-content\/uploads\/2025\/07\/Subtitulo.jpg?fit=1200%2C630&ssl=1&resize=700%2C400 2x, https:\/\/i0.wp.com\/www.reclamador.es\/blog\/wp-content\/uploads\/2025\/07\/Subtitulo.jpg?fit=1200%2C630&ssl=1&resize=1050%2C600 3x"},"classes":[]},{"id":7165,"url":"https:\/\/www.reclamador.es\/blog\/como-reclamar-vuelo-con-escala\/","url_meta":{"origin":34985,"position":3},"title":"\u00bfC\u00f3mo reclamar un vuelo con escala?","author":"Equipo reclamador","date":"25 mayo, 2022","format":false,"excerpt":"Es posible que para llegar a tu destino en avi\u00f3n tengas que coger, al menos, un vuelo con escala, bien porque no existan enlaces directos o porque te salga m\u00e1s barato. Hacer una conexi\u00f3n de este tipo suele conllevar dudas entre los viajeros. Por lo general, quienes realizan vuelos con\u2026","rel":"","context":"En \u00abConsejos legales\u00bb","block_context":{"text":"Consejos legales","link":"https:\/\/www.reclamador.es\/blog\/consejos\/"},"img":{"alt_text":"Consejos para reclamar incidentes en un vuelo con escala","src":"https:\/\/i0.wp.com\/www.reclamador.es\/blog\/wp-content\/uploads\/2018\/07\/airport-1543009_1920.jpg?fit=1200%2C900&ssl=1&resize=350%2C200","width":350,"height":200,"srcset":"https:\/\/i0.wp.com\/www.reclamador.es\/blog\/wp-content\/uploads\/2018\/07\/airport-1543009_1920.jpg?fit=1200%2C900&ssl=1&resize=350%2C200 1x, https:\/\/i0.wp.com\/www.reclamador.es\/blog\/wp-content\/uploads\/2018\/07\/airport-1543009_1920.jpg?fit=1200%2C900&ssl=1&resize=525%2C300 1.5x, https:\/\/i0.wp.com\/www.reclamador.es\/blog\/wp-content\/uploads\/2018\/07\/airport-1543009_1920.jpg?fit=1200%2C900&ssl=1&resize=700%2C400 2x, https:\/\/i0.wp.com\/www.reclamador.es\/blog\/wp-content\/uploads\/2018\/07\/airport-1543009_1920.jpg?fit=1200%2C900&ssl=1&resize=1050%2C600 3x"},"classes":[]},{"id":35012,"url":"https:\/\/www.reclamador.es\/blog\/que-son-los-vuelos-stopover-y-con-que-aerolineas-los-puedes-hacer\/","url_meta":{"origin":34985,"position":4},"title":"\u00bfQu\u00e9 son los vuelos stopover y con qu\u00e9 aerol\u00edneas los puedes hacer?","author":"Alicia Ria\u00f1o","date":"17 septiembre, 2025","format":false,"excerpt":"El stopover en vuelos se refiere a escalas largas (superiores a 24 horas) que permite a las personas disfrutar de la ciudad intermedia en su viaje. En otras palabras, disfrutar de la ciudad de escala en un vuelo. Imagina que contratas un viaje Madrid-Ciudad del Cabo con Emirates con escala\u2026","rel":"","context":"En \u00abConsejos legales\u00bb","block_context":{"text":"Consejos legales","link":"https:\/\/www.reclamador.es\/blog\/consejos\/"},"img":{"alt_text":"stopover Iberia stopover turkish stopover tap portugal stopover binter","src":"https:\/\/i0.wp.com\/www.reclamador.es\/blog\/wp-content\/uploads\/2025\/09\/stopover-vuelos-iberia-emirates-tap-turkish.jpg?fit=1200%2C630&ssl=1&resize=350%2C200","width":350,"height":200,"srcset":"https:\/\/i0.wp.com\/www.reclamador.es\/blog\/wp-content\/uploads\/2025\/09\/stopover-vuelos-iberia-emirates-tap-turkish.jpg?fit=1200%2C630&ssl=1&resize=350%2C200 1x, https:\/\/i0.wp.com\/www.reclamador.es\/blog\/wp-content\/uploads\/2025\/09\/stopover-vuelos-iberia-emirates-tap-turkish.jpg?fit=1200%2C630&ssl=1&resize=525%2C300 1.5x, https:\/\/i0.wp.com\/www.reclamador.es\/blog\/wp-content\/uploads\/2025\/09\/stopover-vuelos-iberia-emirates-tap-turkish.jpg?fit=1200%2C630&ssl=1&resize=700%2C400 2x, https:\/\/i0.wp.com\/www.reclamador.es\/blog\/wp-content\/uploads\/2025\/09\/stopover-vuelos-iberia-emirates-tap-turkish.jpg?fit=1200%2C630&ssl=1&resize=1050%2C600 3x"},"classes":[]},{"id":34415,"url":"https:\/\/www.reclamador.es\/blog\/vuelos-nocturnos-ventajas-inconvenientes-viajar-noche\/","url_meta":{"origin":34985,"position":5},"title":"Vuelos nocturnos: ventajas e inconvenientes de viajar de noche","author":"Alicia Ria\u00f1o","date":"9 junio, 2025","format":false,"excerpt":"\u00bfHas encontrado el t\u00edpico anuncio de vuelos baratos nocturnos o, directamente, al hacer una b\u00fasqueda te encuentras con la opci\u00f3n entre poder elegir entre un vuelo por la noche y otro que sale a lo largo del d\u00eda y no sabes qu\u00e9 opci\u00f3n escoger? En este art\u00edculo vamos a hablar\u2026","rel":"","context":"En \u00abConsejos legales\u00bb","block_context":{"text":"Consejos legales","link":"https:\/\/www.reclamador.es\/blog\/consejos\/"},"img":{"alt_text":"vuelos nocturnos - volar de noche - reclamador","src":"https:\/\/i0.wp.com\/www.reclamador.es\/blog\/wp-content\/uploads\/2025\/06\/vuelos-nocturnos-reclamador.jpg?fit=1200%2C630&ssl=1&resize=350%2C200","width":350,"height":200,"srcset":"https:\/\/i0.wp.com\/www.reclamador.es\/blog\/wp-content\/uploads\/2025\/06\/vuelos-nocturnos-reclamador.jpg?fit=1200%2C630&ssl=1&resize=350%2C200 1x, https:\/\/i0.wp.com\/www.reclamador.es\/blog\/wp-content\/uploads\/2025\/06\/vuelos-nocturnos-reclamador.jpg?fit=1200%2C630&ssl=1&resize=525%2C300 1.5x, https:\/\/i0.wp.com\/www.reclamador.es\/blog\/wp-content\/uploads\/2025\/06\/vuelos-nocturnos-reclamador.jpg?fit=1200%2C630&ssl=1&resize=700%2C400 2x, https:\/\/i0.wp.com\/www.reclamador.es\/blog\/wp-content\/uploads\/2025\/06\/vuelos-nocturnos-reclamador.jpg?fit=1200%2C630&ssl=1&resize=1050%2C600 3x"},"classes":[]}],"jetpack_sharing_enabled":true,"_links":{"self":[{"href":"https:\/\/www.reclamador.es\/blog\/wp-json\/wp\/v2\/posts\/34985","targetHints":{"allow":["GET"]}}],"collection":[{"href":"https:\/\/www.reclamador.es\/blog\/wp-json\/wp\/v2\/posts"}],"about":[{"href":"https:\/\/www.reclamador.es\/blog\/wp-json\/wp\/v2\/types\/post"}],"author":[{"embeddable":true,"href":"https:\/\/www.reclamador.es\/blog\/wp-json\/wp\/v2\/users\/28"}],"replies":[{"embeddable":true,"href":"https:\/\/www.reclamador.es\/blog\/wp-json\/wp\/v2\/comments?post=34985"}],"version-history":[{"count":11,"href":"https:\/\/www.reclamador.es\/blog\/wp-json\/wp\/v2\/posts\/34985\/revisions"}],"predecessor-version":[{"id":34998,"href":"https:\/\/www.reclamador.es\/blog\/wp-json\/wp\/v2\/posts\/34985\/revisions\/34998"}],"wp:featuredmedia":[{"embeddable":true,"href":"https:\/\/www.reclamador.es\/blog\/wp-json\/wp\/v2\/media\/34993"}],"wp:attachment":[{"href":"https:\/\/www.reclamador.es\/blog\/wp-json\/wp\/v2\/media?parent=34985"}],"wp:term":[{"taxonomy":"category","embeddable":true,"href":"https:\/\/www.reclamador.es\/blog\/wp-json\/wp\/v2\/categories?post=34985"},{"taxonomy":"post_tag","embeddable":true,"href":"https:\/\/www.reclamador.es\/blog\/wp-json\/wp\/v2\/tags?post=34985"}],"curies":[{"name":"wp","href":"https:\/\/api.w.org\/{rel}","templated":true}]}}