{"id":34601,"date":"2025-07-21T11:22:15","date_gmt":"2025-07-21T09:22:15","guid":{"rendered":"https:\/\/www.reclamador.es\/blog\/?p=34601"},"modified":"2025-07-21T11:22:16","modified_gmt":"2025-07-21T09:22:16","slug":"viajes-malaga-en-avion-que-hacer-en-malaga-sin-coche","status":"publish","type":"post","link":"https:\/\/www.reclamador.es\/blog\/viajes-malaga-en-avion-que-hacer-en-malaga-sin-coche\/","title":{"rendered":"Viajes a M\u00e1laga en avi\u00f3n: \u00bfQu\u00e9 hacer en M\u00e1laga sin coche?"},"content":{"rendered":"<div class=\"ttr_start\"><\/div>\n\n<div class=\"kk-star-ratings kksr-auto kksr-align-right kksr-valign-top\"\n    data-payload='{&quot;align&quot;:&quot;right&quot;,&quot;id&quot;:&quot;34601&quot;,&quot;slug&quot;:&quot;default&quot;,&quot;valign&quot;:&quot;top&quot;,&quot;ignore&quot;:&quot;&quot;,&quot;reference&quot;:&quot;auto&quot;,&quot;class&quot;:&quot;&quot;,&quot;count&quot;:&quot;0&quot;,&quot;legendonly&quot;:&quot;&quot;,&quot;readonly&quot;:&quot;&quot;,&quot;score&quot;:&quot;0&quot;,&quot;starsonly&quot;:&quot;&quot;,&quot;best&quot;:&quot;5&quot;,&quot;gap&quot;:&quot;3&quot;,&quot;greet&quot;:&quot;Valora este art\u00edculo&quot;,&quot;legend&quot;:&quot;0\\\/5 - (0 votos)&quot;,&quot;size&quot;:&quot;20&quot;,&quot;title&quot;:&quot;Viajes a M\u00e1laga en avi\u00f3n: \u00bfQu\u00e9 hacer en M\u00e1laga sin coche?&quot;,&quot;width&quot;:&quot;0&quot;,&quot;_legend&quot;:&quot;{score}\\\/{best} - ({count} {votes})&quot;,&quot;font_factor&quot;:&quot;1.25&quot;}'>\n            \n<div class=\"kksr-stars\">\n    \n<div class=\"kksr-stars-inactive\">\n            <div class=\"kksr-star\" data-star=\"1\" style=\"padding-right: 3px\">\n            \n\n<div class=\"kksr-icon\" style=\"width: 20px; height: 20px;\"><\/div>\n        <\/div>\n            <div class=\"kksr-star\" data-star=\"2\" style=\"padding-right: 3px\">\n            \n\n<div class=\"kksr-icon\" style=\"width: 20px; height: 20px;\"><\/div>\n        <\/div>\n            <div class=\"kksr-star\" data-star=\"3\" style=\"padding-right: 3px\">\n            \n\n<div class=\"kksr-icon\" style=\"width: 20px; height: 20px;\"><\/div>\n        <\/div>\n            <div class=\"kksr-star\" data-star=\"4\" style=\"padding-right: 3px\">\n            \n\n<div class=\"kksr-icon\" style=\"width: 20px; height: 20px;\"><\/div>\n        <\/div>\n            <div class=\"kksr-star\" data-star=\"5\" style=\"padding-right: 3px\">\n            \n\n<div class=\"kksr-icon\" style=\"width: 20px; height: 20px;\"><\/div>\n        <\/div>\n    <\/div>\n    \n<div class=\"kksr-stars-active\" style=\"width: 0px;\">\n            <div class=\"kksr-star\" style=\"padding-right: 3px\">\n            \n\n<div class=\"kksr-icon\" style=\"width: 20px; height: 20px;\"><\/div>\n        <\/div>\n            <div class=\"kksr-star\" style=\"padding-right: 3px\">\n            \n\n<div class=\"kksr-icon\" style=\"width: 20px; height: 20px;\"><\/div>\n        <\/div>\n            <div class=\"kksr-star\" style=\"padding-right: 3px\">\n            \n\n<div class=\"kksr-icon\" style=\"width: 20px; height: 20px;\"><\/div>\n        <\/div>\n            <div class=\"kksr-star\" style=\"padding-right: 3px\">\n            \n\n<div class=\"kksr-icon\" style=\"width: 20px; height: 20px;\"><\/div>\n        <\/div>\n            <div class=\"kksr-star\" style=\"padding-right: 3px\">\n            \n\n<div class=\"kksr-icon\" style=\"width: 20px; height: 20px;\"><\/div>\n        <\/div>\n    <\/div>\n<\/div>\n                \n\n<div class=\"kksr-legend\" style=\"font-size: 16px;\">\n            <span class=\"kksr-muted\">Valora este art\u00edculo<\/span>\n    <\/div>\n    <\/div>\n\n<figure id=\"attachment_34602\" aria-describedby=\"caption-attachment-34602\" style=\"width: 1200px\" class=\"wp-caption aligncenter\"><img data-recalc-dims=\"1\" loading=\"lazy\" decoding=\"async\" class=\"size-full wp-image-34602\" src=\"https:\/\/i0.wp.com\/www.reclamador.es\/blog\/wp-content\/uploads\/2025\/07\/que-hacer-en-malaga-sin-coche-reclamador.jpg?resize=1200%2C630&#038;ssl=1\" alt=\"viajar en avi\u00f3n a M\u00e1laga y no alquilar coche\" width=\"1200\" height=\"630\" srcset=\"https:\/\/i0.wp.com\/www.reclamador.es\/blog\/wp-content\/uploads\/2025\/07\/que-hacer-en-malaga-sin-coche-reclamador.jpg?w=1200&amp;ssl=1 1200w, https:\/\/i0.wp.com\/www.reclamador.es\/blog\/wp-content\/uploads\/2025\/07\/que-hacer-en-malaga-sin-coche-reclamador.jpg?resize=800%2C420&amp;ssl=1 800w, https:\/\/i0.wp.com\/www.reclamador.es\/blog\/wp-content\/uploads\/2025\/07\/que-hacer-en-malaga-sin-coche-reclamador.jpg?resize=150%2C79&amp;ssl=1 150w, https:\/\/i0.wp.com\/www.reclamador.es\/blog\/wp-content\/uploads\/2025\/07\/que-hacer-en-malaga-sin-coche-reclamador.jpg?resize=768%2C403&amp;ssl=1 768w\" sizes=\"auto, (max-width: 1000px) 100vw, 1000px\" \/><figcaption id=\"caption-attachment-34602\" class=\"wp-caption-text\"><em>Qu\u00e9 hacer en M\u00e1laga sin coche<\/em><\/figcaption><\/figure>\n<p>En avi\u00f3n o en tren\u2026 porque M\u00e1laga est\u00e1 muy bien comunicada y cada d\u00eda llegan a la ciudad andaluza miles de viajeros y viajeras por tierra, mar y aire. Como las opciones son muy amplias, en este art\u00edculo, os dejamos planes para que disfrut\u00e9is al m\u00e1ximo de la ciudad y la provincia si hab\u00e9is viajado a M\u00e1laga en avi\u00f3n y no hab\u00e9is alquilado un coche.\u00a0<\/p>\n<h2><b>\u00bfQu\u00e9 hacer en M\u00e1laga sin coche?<\/b><\/h2>\n<p>Si llegas al <a href=\"https:\/\/www.reclamador.es\/aerolineas\/aeropuertos\/malaga-costa-del-sol\/\">Aeropuerto de M\u00e1laga Costa del Sol<\/a> y no tienes coche o transfer, no te preocupes, pues adem\u00e1s de taxi que te lleva a cualquier rinc\u00f3n de la provincia, tienes la opci\u00f3n del tren de cercan\u00edas, con parada en el aeropuerto\u00a0 (y tambi\u00e9n en la estaci\u00f3n del tren de alta velocidad), que te lleva tanto al centro de la ciudad como a puntos tur\u00edsticos como Torremolinos, Benalm\u00e1dena o Fuengirola.\u00a0<\/p>\n<p><span style=\"font-weight: 400;\">Dicho esto, si te alojas en uno de estos puntos, podr\u00e1s usar el tren para moverte a esos destinos y conocer estos municipios o, desde estos pueblos, acercarte a M\u00e1laga capital y descubrir todos sus encantos.\u00a0<\/span><\/p>\n<h6 style=\"text-align: center;\"><strong>Te interesa: <a href=\"https:\/\/www.reclamador.es\/blog\/aeropuerto-de-malaga-como-llegar\/\">\u00bfC\u00f3mo llegar del aeropuerto al centro de M\u00e1laga?<\/a><\/strong><\/h6>\n<h3>Caminando por M\u00e1laga<\/h3>\n<p><span class=\"yoast-text-mark\">Si te alojas en el centro de M\u00e1laga o en sus inmediaciones y te preguntas qu\u00e9 hacer en M\u00e1laga sin moto o coche, debes saber que la oferta cultural, gastron\u00f3mica e hist\u00f3rica de la ciudad es espectacular. As\u00ed, puedes recorrer a pie todo el casco hist\u00f3rico de M\u00e1laga, llegando andando a puntos emblem\u00e1ticos como la <strong>Catedral, la Alcazaba, el Teatro Romano, la Casa Natal de Picasso o la famosa calle Larios.<\/strong><\/span><\/p>\n<p><span style=\"font-weight: 400;\">Y si lo que quieres es disfrutar de la playa y el mar, tambi\u00e9n lo puedes hacer en M\u00e1laga sin coche, pues puedes acceder a la famosa <strong>playa de La Malagueta<\/strong> andando o en transporte p\u00fablico. Y si quieres conocer otras playas, como la de Torremolinos, en poco m\u00e1s de 15 minutos en tren, llegar\u00e1s a esta localidad.\u00a0<\/span><\/p>\n<p><span style=\"font-weight: 400;\">La <strong>zona del puerto<\/strong> es una de las m\u00e1s animadas y conocidas de M\u00e1laga y, al igual que a los anteriores puntos, podr\u00e1s llegar desde casi cualquier ubicaci\u00f3n en la ciudad dando un agradable paseo.\u00a0<\/span><\/p>\n<p><span style=\"font-weight: 400;\">En M\u00e1laga tambi\u00e9n puedes contratar interesantes<strong> excursiones que te contar\u00e1n la historia y or\u00edgenes de la ciudad andaluza<\/strong> y te descubrir\u00e1n curiosidades que seguro desconoc\u00edas de M\u00e1laga.\u00a0<\/span><\/p>\n<h3><strong>Autobuses M\u00e1laga para moverse por la provincia<\/strong><\/h3>\n<p><span style=\"font-weight: 400;\">Y donde no puedas llegar en tren o caminando, lo podr\u00e1s hacer casi con total seguridad en autob\u00fas. Uno de los puntos m\u00e1s emblem\u00e1ticos de la provincia malague\u00f1a es <strong>Nerja<\/strong>. Municipio famoso por sus bonitas calles y playas, puedes llegar hasta esta localidad en autob\u00fas desde la estaci\u00f3n de autobuses de M\u00e1laga en, aproximadamente, 45 minutos directo o de 1h 30 minutos si tiene paradas intermedias.\u00a0<\/span><\/p>\n<p><span style=\"font-weight: 400;\">Tambi\u00e9n puedes llegar en transporte p\u00fablico desde M\u00e1laga al bonito pueblo de <strong>Marbella<\/strong>. Hay numerosas conexiones directas desde la capital hasta Marbella en autob\u00fas. Los trayectos van desde los 45 minutos hasta los 60, dependiendo de las paradas que realice.\u00a0<\/span><\/p>\n<p><span style=\"font-weight: 400;\">Y a pocos minutos en autob\u00fas del centro de la capital de la provincia puedes llegar al <strong>Jard\u00edn bot\u00e1nico Hist\u00f3rico La Concepci\u00f3n<\/strong>. Incluso, en la propia ciudad de M\u00e1laga, <strong>\u00bfpor qu\u00e9 no disfrutar de un Hammam?<\/strong> En el centro de la localidad encontrar\u00e1s uno de los m\u00e1s famosos de Espa\u00f1a, donde disfrutar de piscinas templadas, masajes y un ambiente totalmente relajante donde evadirse del ruido y el fr\u00edo o el calor.\u00a0<\/span><\/p>\n<h2><b>Y si sufres una cancelaci\u00f3n o retraso de vuelo a M\u00e1laga, podemos ayudarte a reclamar<\/b><\/h2>\n<p><span style=\"font-weight: 400;\">Ahora que ya sabes qu\u00e9 hacer en M\u00e1laga si no tienes coche, queremos darte otra informaci\u00f3n de gran valor en tu escapada a esta bonita zona: Si tu <a href=\"https:\/\/www.reclamador.es\/aerolineas\/retraso-vuelo\/\">vuelo se retrasa<\/a> en su llegada m\u00e1s de 3 horas o la aerol\u00ednea te <a href=\"https:\/\/www.reclamador.es\/aerolineas\/cancelacion-vuelo\/\">cancela el viaje a M\u00e1laga<\/a> (o desde all\u00ed a tu ciudad) a \u00faltima hora o hasta 14 d\u00edas antes de la salida, tienes derecho a reclamar una indemnizaci\u00f3n de hasta 600 \u20ac + gastos. Y si la aerol\u00ednea te dice que te reubica en otro vuelo o te reembolsa el billete, tambi\u00e9n tienes derecho a reclamar esa indemnizaci\u00f3n, \u00a1no te dejes enga\u00f1ar!\u00a0<\/span><\/p>\n<p><span style=\"font-weight: 400;\">Adem\u00e1s de retrasos y cancelaciones en M\u00e1laga, en <\/span><span style=\"font-weight: 400;\">reclamador.es<\/span><span style=\"font-weight: 400;\"> te ayudamos a reclamar si te han denegado el embarque por <a href=\"https:\/\/www.reclamador.es\/aerolineas\/overbooking\/\">overbooking<\/a> o bien si la aerol\u00ednea te rompe o pierde el equipaje. En este \u00faltimo caso, es decir, en los <a href=\"https:\/\/www.reclamador.es\/aerolineas\/problemas-equipaje\/\">problemas con el equipaje<\/a>, la indemnizaci\u00f3n que te corresponde es de hasta 1.813 \u20ac.\u00a0<\/span><\/p>\n<h2 style=\"text-align: center;\"><a class=\"button-lead\" href=\"https:\/\/www.reclamador.es\/aerolineas\/\"><b>\u00bfNecesitas ayuda para hacer una reclamaci\u00f3n de vuelo?<\/b><\/a><\/h2>\n\n\n<div class=\"ttr_end\"><\/div>","protected":false},"excerpt":{"rendered":"<p>En avi\u00f3n o en tren\u2026 porque M\u00e1laga est\u00e1 muy bien comunicada y cada d\u00eda llegan a la ciudad andaluza miles de viajeros y viajeras por tierra, mar y aire. Como las opciones son muy amplias, en este art\u00edculo, os dejamos planes para que disfrut\u00e9is al m\u00e1ximo de la ciudad y la provincia si hab\u00e9is viajado [&hellip;]<\/p>\n","protected":false},"author":1,"featured_media":34602,"comment_status":"open","ping_status":"open","sticky":false,"template":"","format":"standard","meta":{"_acf_changed":false,"_genesis_hide_title":false,"_genesis_hide_breadcrumbs":false,"_genesis_hide_singular_image":false,"_genesis_hide_footer_widgets":false,"_genesis_custom_body_class":"","_genesis_custom_post_class":"","_genesis_layout":"","_jetpack_newsletter_access":"","_jetpack_dont_email_post_to_subs":false,"_jetpack_newsletter_tier_id":0,"_jetpack_memberships_contains_paywalled_content":false,"_jetpack_memberships_contains_paid_content":false,"footnotes":""},"categories":[393],"tags":[380,506,770],"class_list":{"0":"post-34601","1":"post","2":"type-post","3":"status-publish","4":"format-standard","5":"has-post-thumbnail","7":"category-consejos","8":"tag-aerolineas","9":"tag-aeropuerto","10":"tag-malaga-aeropuerto","11":"entry"},"acf":[],"yoast_head":"<!-- This site is optimized with the Yoast SEO plugin v27.4 - https:\/\/yoast.com\/product\/yoast-seo-wordpress\/ -->\n<title>Viaje en avi\u00f3n o tren: \u00bfQu\u00e9 hacer en M\u00e1laga sin coche?<\/title>\n<meta name=\"description\" content=\"Si viajas a M\u00e1laga en tren, bus o avi\u00f3n y no vas a alquiler un veh\u00edculo, te dejamos numerosos planes para hacer en toda M\u00e1laga sin coche.\" \/>\n<meta name=\"robots\" content=\"index, follow, max-snippet:-1, max-image-preview:large, max-video-preview:-1\" \/>\n<link rel=\"canonical\" href=\"https:\/\/www.reclamador.es\/blog\/viajes-malaga-en-avion-que-hacer-en-malaga-sin-coche\/\" \/>\n<meta property=\"og:locale\" content=\"es_ES\" \/>\n<meta property=\"og:type\" content=\"article\" \/>\n<meta property=\"og:title\" content=\"Viaje en avi\u00f3n o tren: \u00bfQu\u00e9 hacer en M\u00e1laga sin coche?\" \/>\n<meta property=\"og:description\" content=\"Si viajas a M\u00e1laga en tren, bus o avi\u00f3n y no vas a alquiler un veh\u00edculo, te dejamos numerosos planes para hacer en toda M\u00e1laga sin coche.\" \/>\n<meta property=\"og:url\" content=\"https:\/\/www.reclamador.es\/blog\/viajes-malaga-en-avion-que-hacer-en-malaga-sin-coche\/\" \/>\n<meta property=\"og:site_name\" content=\"Rebeldes con causa, el blog de reclamador.es\" \/>\n<meta property=\"article:publisher\" content=\"https:\/\/www.facebook.com\/reclamador.es\" \/>\n<meta property=\"article:published_time\" content=\"2025-07-21T09:22:15+00:00\" \/>\n<meta property=\"article:modified_time\" content=\"2025-07-21T09:22:16+00:00\" \/>\n<meta property=\"og:image\" content=\"https:\/\/www.reclamador.es\/blog\/wp-content\/uploads\/2025\/07\/que-hacer-en-malaga-sin-coche-reclamador.jpg\" \/>\n\t<meta property=\"og:image:width\" content=\"1200\" \/>\n\t<meta property=\"og:image:height\" content=\"630\" \/>\n\t<meta property=\"og:image:type\" content=\"image\/jpeg\" \/>\n<meta name=\"author\" content=\"Equipo reclamador\" \/>\n<meta name=\"twitter:card\" content=\"summary_large_image\" \/>\n<meta name=\"twitter:creator\" content=\"@reclamador\" \/>\n<meta name=\"twitter:site\" content=\"@reclamador\" \/>\n<meta name=\"twitter:label1\" content=\"Escrito por\" \/>\n\t<meta name=\"twitter:data1\" content=\"Equipo reclamador\" \/>\n\t<meta name=\"twitter:label2\" content=\"Tiempo de lectura\" \/>\n\t<meta name=\"twitter:data2\" content=\"4 minutos\" \/>\n<script type=\"application\/ld+json\" class=\"yoast-schema-graph\">{\"@context\":\"https:\\\/\\\/schema.org\",\"@graph\":[{\"@type\":\"Article\",\"@id\":\"https:\\\/\\\/www.reclamador.es\\\/blog\\\/viajes-malaga-en-avion-que-hacer-en-malaga-sin-coche\\\/#article\",\"isPartOf\":{\"@id\":\"https:\\\/\\\/www.reclamador.es\\\/blog\\\/viajes-malaga-en-avion-que-hacer-en-malaga-sin-coche\\\/\"},\"author\":{\"name\":\"Equipo reclamador\",\"@id\":\"https:\\\/\\\/www.reclamador.es\\\/blog\\\/#\\\/schema\\\/person\\\/1ed83eef8b6566cb5e4c812d9bc5c4bf\"},\"headline\":\"Viajes a M\u00e1laga en avi\u00f3n: \u00bfQu\u00e9 hacer en M\u00e1laga sin coche?\",\"datePublished\":\"2025-07-21T09:22:15+00:00\",\"dateModified\":\"2025-07-21T09:22:16+00:00\",\"mainEntityOfPage\":{\"@id\":\"https:\\\/\\\/www.reclamador.es\\\/blog\\\/viajes-malaga-en-avion-que-hacer-en-malaga-sin-coche\\\/\"},\"wordCount\":853,\"commentCount\":0,\"publisher\":{\"@id\":\"https:\\\/\\\/www.reclamador.es\\\/blog\\\/#organization\"},\"image\":{\"@id\":\"https:\\\/\\\/www.reclamador.es\\\/blog\\\/viajes-malaga-en-avion-que-hacer-en-malaga-sin-coche\\\/#primaryimage\"},\"thumbnailUrl\":\"https:\\\/\\\/i0.wp.com\\\/www.reclamador.es\\\/blog\\\/wp-content\\\/uploads\\\/2025\\\/07\\\/que-hacer-en-malaga-sin-coche-reclamador.jpg?fit=1200%2C630&ssl=1\",\"keywords\":[\"aerol\u00edneas\",\"aeropuerto\",\"malaga aeropuerto\"],\"articleSection\":[\"Consejos legales\"],\"inLanguage\":\"es\",\"potentialAction\":[{\"@type\":\"CommentAction\",\"name\":\"Comment\",\"target\":[\"https:\\\/\\\/www.reclamador.es\\\/blog\\\/viajes-malaga-en-avion-que-hacer-en-malaga-sin-coche\\\/#respond\"]}]},{\"@type\":\"WebPage\",\"@id\":\"https:\\\/\\\/www.reclamador.es\\\/blog\\\/viajes-malaga-en-avion-que-hacer-en-malaga-sin-coche\\\/\",\"url\":\"https:\\\/\\\/www.reclamador.es\\\/blog\\\/viajes-malaga-en-avion-que-hacer-en-malaga-sin-coche\\\/\",\"name\":\"Viaje en avi\u00f3n o tren: \u00bfQu\u00e9 hacer en M\u00e1laga sin coche?\",\"isPartOf\":{\"@id\":\"https:\\\/\\\/www.reclamador.es\\\/blog\\\/#website\"},\"primaryImageOfPage\":{\"@id\":\"https:\\\/\\\/www.reclamador.es\\\/blog\\\/viajes-malaga-en-avion-que-hacer-en-malaga-sin-coche\\\/#primaryimage\"},\"image\":{\"@id\":\"https:\\\/\\\/www.reclamador.es\\\/blog\\\/viajes-malaga-en-avion-que-hacer-en-malaga-sin-coche\\\/#primaryimage\"},\"thumbnailUrl\":\"https:\\\/\\\/i0.wp.com\\\/www.reclamador.es\\\/blog\\\/wp-content\\\/uploads\\\/2025\\\/07\\\/que-hacer-en-malaga-sin-coche-reclamador.jpg?fit=1200%2C630&ssl=1\",\"datePublished\":\"2025-07-21T09:22:15+00:00\",\"dateModified\":\"2025-07-21T09:22:16+00:00\",\"description\":\"Si viajas a M\u00e1laga en tren, bus o avi\u00f3n y no vas a alquiler un veh\u00edculo, te dejamos numerosos planes para hacer en toda M\u00e1laga sin coche.\",\"breadcrumb\":{\"@id\":\"https:\\\/\\\/www.reclamador.es\\\/blog\\\/viajes-malaga-en-avion-que-hacer-en-malaga-sin-coche\\\/#breadcrumb\"},\"inLanguage\":\"es\",\"potentialAction\":[{\"@type\":\"ReadAction\",\"target\":[\"https:\\\/\\\/www.reclamador.es\\\/blog\\\/viajes-malaga-en-avion-que-hacer-en-malaga-sin-coche\\\/\"]}]},{\"@type\":\"ImageObject\",\"inLanguage\":\"es\",\"@id\":\"https:\\\/\\\/www.reclamador.es\\\/blog\\\/viajes-malaga-en-avion-que-hacer-en-malaga-sin-coche\\\/#primaryimage\",\"url\":\"https:\\\/\\\/i0.wp.com\\\/www.reclamador.es\\\/blog\\\/wp-content\\\/uploads\\\/2025\\\/07\\\/que-hacer-en-malaga-sin-coche-reclamador.jpg?fit=1200%2C630&ssl=1\",\"contentUrl\":\"https:\\\/\\\/i0.wp.com\\\/www.reclamador.es\\\/blog\\\/wp-content\\\/uploads\\\/2025\\\/07\\\/que-hacer-en-malaga-sin-coche-reclamador.jpg?fit=1200%2C630&ssl=1\",\"width\":1200,\"height\":630,\"caption\":\"Qu\u00e9 hacer en M\u00e1laga sin coche\"},{\"@type\":\"BreadcrumbList\",\"@id\":\"https:\\\/\\\/www.reclamador.es\\\/blog\\\/viajes-malaga-en-avion-que-hacer-en-malaga-sin-coche\\\/#breadcrumb\",\"itemListElement\":[{\"@type\":\"ListItem\",\"position\":1,\"name\":\"Portada\",\"item\":\"https:\\\/\\\/www.reclamador.es\\\/blog\\\/\"},{\"@type\":\"ListItem\",\"position\":2,\"name\":\"Viajes a M\u00e1laga en avi\u00f3n: \u00bfQu\u00e9 hacer en M\u00e1laga sin coche?\"}]},{\"@type\":\"WebSite\",\"@id\":\"https:\\\/\\\/www.reclamador.es\\\/blog\\\/#website\",\"url\":\"https:\\\/\\\/www.reclamador.es\\\/blog\\\/\",\"name\":\"Rebeldes con causa, el blog de reclamador.es\",\"description\":\"Noticias, entrevistas y consejos sobre reclamaciones\",\"publisher\":{\"@id\":\"https:\\\/\\\/www.reclamador.es\\\/blog\\\/#organization\"},\"potentialAction\":[{\"@type\":\"SearchAction\",\"target\":{\"@type\":\"EntryPoint\",\"urlTemplate\":\"https:\\\/\\\/www.reclamador.es\\\/blog\\\/?s={search_term_string}\"},\"query-input\":{\"@type\":\"PropertyValueSpecification\",\"valueRequired\":true,\"valueName\":\"search_term_string\"}}],\"inLanguage\":\"es\"},{\"@type\":\"Organization\",\"@id\":\"https:\\\/\\\/www.reclamador.es\\\/blog\\\/#organization\",\"name\":\"reclamador.es\",\"url\":\"https:\\\/\\\/www.reclamador.es\\\/blog\\\/\",\"logo\":{\"@type\":\"ImageObject\",\"inLanguage\":\"es\",\"@id\":\"https:\\\/\\\/www.reclamador.es\\\/blog\\\/#\\\/schema\\\/logo\\\/image\\\/\",\"url\":\"https:\\\/\\\/i0.wp.com\\\/www.reclamador.es\\\/blog\\\/wp-content\\\/uploads\\\/2020\\\/01\\\/logo-reclamador.png?fit=1200%2C144&ssl=1\",\"contentUrl\":\"https:\\\/\\\/i0.wp.com\\\/www.reclamador.es\\\/blog\\\/wp-content\\\/uploads\\\/2020\\\/01\\\/logo-reclamador.png?fit=1200%2C144&ssl=1\",\"width\":1200,\"height\":144,\"caption\":\"reclamador.es\"},\"image\":{\"@id\":\"https:\\\/\\\/www.reclamador.es\\\/blog\\\/#\\\/schema\\\/logo\\\/image\\\/\"},\"sameAs\":[\"https:\\\/\\\/www.facebook.com\\\/reclamador.es\",\"https:\\\/\\\/x.com\\\/reclamador\",\"https:\\\/\\\/www.instagram.com\\\/reclamador.es\\\/\",\"https:\\\/\\\/www.linkedin.com\\\/company\\\/reclamador-es\",\"https:\\\/\\\/www.youtube.com\\\/user\\\/Reclamadores\"]},{\"@type\":\"Person\",\"@id\":\"https:\\\/\\\/www.reclamador.es\\\/blog\\\/#\\\/schema\\\/person\\\/1ed83eef8b6566cb5e4c812d9bc5c4bf\",\"name\":\"Equipo reclamador\",\"image\":{\"@type\":\"ImageObject\",\"inLanguage\":\"es\",\"@id\":\"https:\\\/\\\/secure.gravatar.com\\\/avatar\\\/6442ecdc2c4472c600c113f34d340feca47107d6aa4f42f1e3e75a2a8e28a760?s=96&d=mm&r=g\",\"url\":\"https:\\\/\\\/secure.gravatar.com\\\/avatar\\\/6442ecdc2c4472c600c113f34d340feca47107d6aa4f42f1e3e75a2a8e28a760?s=96&d=mm&r=g\",\"contentUrl\":\"https:\\\/\\\/secure.gravatar.com\\\/avatar\\\/6442ecdc2c4472c600c113f34d340feca47107d6aa4f42f1e3e75a2a8e28a760?s=96&d=mm&r=g\",\"caption\":\"Equipo reclamador\"},\"description\":\"Las personas que hacen posible reclamador.es\",\"url\":\"https:\\\/\\\/www.reclamador.es\\\/blog\\\/author\\\/administrador\\\/\"}]}<\/script>\n<!-- \/ Yoast SEO plugin. -->","yoast_head_json":{"title":"Viaje en avi\u00f3n o tren: \u00bfQu\u00e9 hacer en M\u00e1laga sin coche?","description":"Si viajas a M\u00e1laga en tren, bus o avi\u00f3n y no vas a alquiler un veh\u00edculo, te dejamos numerosos planes para hacer en toda M\u00e1laga sin coche.","robots":{"index":"index","follow":"follow","max-snippet":"max-snippet:-1","max-image-preview":"max-image-preview:large","max-video-preview":"max-video-preview:-1"},"canonical":"https:\/\/www.reclamador.es\/blog\/viajes-malaga-en-avion-que-hacer-en-malaga-sin-coche\/","og_locale":"es_ES","og_type":"article","og_title":"Viaje en avi\u00f3n o tren: \u00bfQu\u00e9 hacer en M\u00e1laga sin coche?","og_description":"Si viajas a M\u00e1laga en tren, bus o avi\u00f3n y no vas a alquiler un veh\u00edculo, te dejamos numerosos planes para hacer en toda M\u00e1laga sin coche.","og_url":"https:\/\/www.reclamador.es\/blog\/viajes-malaga-en-avion-que-hacer-en-malaga-sin-coche\/","og_site_name":"Rebeldes con causa, el blog de reclamador.es","article_publisher":"https:\/\/www.facebook.com\/reclamador.es","article_published_time":"2025-07-21T09:22:15+00:00","article_modified_time":"2025-07-21T09:22:16+00:00","og_image":[{"width":1200,"height":630,"url":"https:\/\/www.reclamador.es\/blog\/wp-content\/uploads\/2025\/07\/que-hacer-en-malaga-sin-coche-reclamador.jpg","type":"image\/jpeg"}],"author":"Equipo reclamador","twitter_card":"summary_large_image","twitter_creator":"@reclamador","twitter_site":"@reclamador","twitter_misc":{"Escrito por":"Equipo reclamador","Tiempo de lectura":"4 minutos"},"schema":{"@context":"https:\/\/schema.org","@graph":[{"@type":"Article","@id":"https:\/\/www.reclamador.es\/blog\/viajes-malaga-en-avion-que-hacer-en-malaga-sin-coche\/#article","isPartOf":{"@id":"https:\/\/www.reclamador.es\/blog\/viajes-malaga-en-avion-que-hacer-en-malaga-sin-coche\/"},"author":{"name":"Equipo reclamador","@id":"https:\/\/www.reclamador.es\/blog\/#\/schema\/person\/1ed83eef8b6566cb5e4c812d9bc5c4bf"},"headline":"Viajes a M\u00e1laga en avi\u00f3n: \u00bfQu\u00e9 hacer en M\u00e1laga sin coche?","datePublished":"2025-07-21T09:22:15+00:00","dateModified":"2025-07-21T09:22:16+00:00","mainEntityOfPage":{"@id":"https:\/\/www.reclamador.es\/blog\/viajes-malaga-en-avion-que-hacer-en-malaga-sin-coche\/"},"wordCount":853,"commentCount":0,"publisher":{"@id":"https:\/\/www.reclamador.es\/blog\/#organization"},"image":{"@id":"https:\/\/www.reclamador.es\/blog\/viajes-malaga-en-avion-que-hacer-en-malaga-sin-coche\/#primaryimage"},"thumbnailUrl":"https:\/\/i0.wp.com\/www.reclamador.es\/blog\/wp-content\/uploads\/2025\/07\/que-hacer-en-malaga-sin-coche-reclamador.jpg?fit=1200%2C630&ssl=1","keywords":["aerol\u00edneas","aeropuerto","malaga aeropuerto"],"articleSection":["Consejos legales"],"inLanguage":"es","potentialAction":[{"@type":"CommentAction","name":"Comment","target":["https:\/\/www.reclamador.es\/blog\/viajes-malaga-en-avion-que-hacer-en-malaga-sin-coche\/#respond"]}]},{"@type":"WebPage","@id":"https:\/\/www.reclamador.es\/blog\/viajes-malaga-en-avion-que-hacer-en-malaga-sin-coche\/","url":"https:\/\/www.reclamador.es\/blog\/viajes-malaga-en-avion-que-hacer-en-malaga-sin-coche\/","name":"Viaje en avi\u00f3n o tren: \u00bfQu\u00e9 hacer en M\u00e1laga sin coche?","isPartOf":{"@id":"https:\/\/www.reclamador.es\/blog\/#website"},"primaryImageOfPage":{"@id":"https:\/\/www.reclamador.es\/blog\/viajes-malaga-en-avion-que-hacer-en-malaga-sin-coche\/#primaryimage"},"image":{"@id":"https:\/\/www.reclamador.es\/blog\/viajes-malaga-en-avion-que-hacer-en-malaga-sin-coche\/#primaryimage"},"thumbnailUrl":"https:\/\/i0.wp.com\/www.reclamador.es\/blog\/wp-content\/uploads\/2025\/07\/que-hacer-en-malaga-sin-coche-reclamador.jpg?fit=1200%2C630&ssl=1","datePublished":"2025-07-21T09:22:15+00:00","dateModified":"2025-07-21T09:22:16+00:00","description":"Si viajas a M\u00e1laga en tren, bus o avi\u00f3n y no vas a alquiler un veh\u00edculo, te dejamos numerosos planes para hacer en toda M\u00e1laga sin coche.","breadcrumb":{"@id":"https:\/\/www.reclamador.es\/blog\/viajes-malaga-en-avion-que-hacer-en-malaga-sin-coche\/#breadcrumb"},"inLanguage":"es","potentialAction":[{"@type":"ReadAction","target":["https:\/\/www.reclamador.es\/blog\/viajes-malaga-en-avion-que-hacer-en-malaga-sin-coche\/"]}]},{"@type":"ImageObject","inLanguage":"es","@id":"https:\/\/www.reclamador.es\/blog\/viajes-malaga-en-avion-que-hacer-en-malaga-sin-coche\/#primaryimage","url":"https:\/\/i0.wp.com\/www.reclamador.es\/blog\/wp-content\/uploads\/2025\/07\/que-hacer-en-malaga-sin-coche-reclamador.jpg?fit=1200%2C630&ssl=1","contentUrl":"https:\/\/i0.wp.com\/www.reclamador.es\/blog\/wp-content\/uploads\/2025\/07\/que-hacer-en-malaga-sin-coche-reclamador.jpg?fit=1200%2C630&ssl=1","width":1200,"height":630,"caption":"Qu\u00e9 hacer en M\u00e1laga sin coche"},{"@type":"BreadcrumbList","@id":"https:\/\/www.reclamador.es\/blog\/viajes-malaga-en-avion-que-hacer-en-malaga-sin-coche\/#breadcrumb","itemListElement":[{"@type":"ListItem","position":1,"name":"Portada","item":"https:\/\/www.reclamador.es\/blog\/"},{"@type":"ListItem","position":2,"name":"Viajes a M\u00e1laga en avi\u00f3n: \u00bfQu\u00e9 hacer en M\u00e1laga sin coche?"}]},{"@type":"WebSite","@id":"https:\/\/www.reclamador.es\/blog\/#website","url":"https:\/\/www.reclamador.es\/blog\/","name":"Rebeldes con causa, el blog de reclamador.es","description":"Noticias, entrevistas y consejos sobre reclamaciones","publisher":{"@id":"https:\/\/www.reclamador.es\/blog\/#organization"},"potentialAction":[{"@type":"SearchAction","target":{"@type":"EntryPoint","urlTemplate":"https:\/\/www.reclamador.es\/blog\/?s={search_term_string}"},"query-input":{"@type":"PropertyValueSpecification","valueRequired":true,"valueName":"search_term_string"}}],"inLanguage":"es"},{"@type":"Organization","@id":"https:\/\/www.reclamador.es\/blog\/#organization","name":"reclamador.es","url":"https:\/\/www.reclamador.es\/blog\/","logo":{"@type":"ImageObject","inLanguage":"es","@id":"https:\/\/www.reclamador.es\/blog\/#\/schema\/logo\/image\/","url":"https:\/\/i0.wp.com\/www.reclamador.es\/blog\/wp-content\/uploads\/2020\/01\/logo-reclamador.png?fit=1200%2C144&ssl=1","contentUrl":"https:\/\/i0.wp.com\/www.reclamador.es\/blog\/wp-content\/uploads\/2020\/01\/logo-reclamador.png?fit=1200%2C144&ssl=1","width":1200,"height":144,"caption":"reclamador.es"},"image":{"@id":"https:\/\/www.reclamador.es\/blog\/#\/schema\/logo\/image\/"},"sameAs":["https:\/\/www.facebook.com\/reclamador.es","https:\/\/x.com\/reclamador","https:\/\/www.instagram.com\/reclamador.es\/","https:\/\/www.linkedin.com\/company\/reclamador-es","https:\/\/www.youtube.com\/user\/Reclamadores"]},{"@type":"Person","@id":"https:\/\/www.reclamador.es\/blog\/#\/schema\/person\/1ed83eef8b6566cb5e4c812d9bc5c4bf","name":"Equipo reclamador","image":{"@type":"ImageObject","inLanguage":"es","@id":"https:\/\/secure.gravatar.com\/avatar\/6442ecdc2c4472c600c113f34d340feca47107d6aa4f42f1e3e75a2a8e28a760?s=96&d=mm&r=g","url":"https:\/\/secure.gravatar.com\/avatar\/6442ecdc2c4472c600c113f34d340feca47107d6aa4f42f1e3e75a2a8e28a760?s=96&d=mm&r=g","contentUrl":"https:\/\/secure.gravatar.com\/avatar\/6442ecdc2c4472c600c113f34d340feca47107d6aa4f42f1e3e75a2a8e28a760?s=96&d=mm&r=g","caption":"Equipo reclamador"},"description":"Las personas que hacen posible reclamador.es","url":"https:\/\/www.reclamador.es\/blog\/author\/administrador\/"}]}},"jetpack_featured_media_url":"https:\/\/i0.wp.com\/www.reclamador.es\/blog\/wp-content\/uploads\/2025\/07\/que-hacer-en-malaga-sin-coche-reclamador.jpg?fit=1200%2C630&ssl=1","jetpack-related-posts":[{"id":35485,"url":"https:\/\/www.reclamador.es\/blog\/cancelaciones-de-trenes-en-malaga-sevilla-alternativa-vuelos-iberia-air-europa\/","url_meta":{"origin":34601,"position":0},"title":"Afectados por cancelaciones de trenes en M\u00e1laga y Sevilla: la alternativa de vuelos de Iberia y Air Europa","author":"Equipo reclamador","date":"20 enero, 2026","format":false,"excerpt":"Tras el tr\u00e1gico accidente de alta velocidad que se produjo el 18 de enero de este 2026 a la altura de la localidad de Adamuz, en C\u00f3rdoba, la l\u00ednea ferroviaria que conecta Madrid con Andaluc\u00eda est\u00e1 temporalmente cerrada, al menos, hasta el pr\u00f3ximo 2 de febrero, seg\u00fan fuentes oficiales. \u00bfQu\u00e9\u2026","rel":"","context":"En \u00abNoticias y actualidad\u00bb","block_context":{"text":"Noticias y actualidad","link":"https:\/\/www.reclamador.es\/blog\/noticias\/"},"img":{"alt_text":"trenes cancelados en malaga y sevilla - vuelos alternativos","src":"https:\/\/i0.wp.com\/www.reclamador.es\/blog\/wp-content\/uploads\/2026\/01\/Diseno-sin-titulo-8.jpg?fit=1200%2C630&ssl=1&resize=350%2C200","width":350,"height":200,"srcset":"https:\/\/i0.wp.com\/www.reclamador.es\/blog\/wp-content\/uploads\/2026\/01\/Diseno-sin-titulo-8.jpg?fit=1200%2C630&ssl=1&resize=350%2C200 1x, https:\/\/i0.wp.com\/www.reclamador.es\/blog\/wp-content\/uploads\/2026\/01\/Diseno-sin-titulo-8.jpg?fit=1200%2C630&ssl=1&resize=525%2C300 1.5x, https:\/\/i0.wp.com\/www.reclamador.es\/blog\/wp-content\/uploads\/2026\/01\/Diseno-sin-titulo-8.jpg?fit=1200%2C630&ssl=1&resize=700%2C400 2x, https:\/\/i0.wp.com\/www.reclamador.es\/blog\/wp-content\/uploads\/2026\/01\/Diseno-sin-titulo-8.jpg?fit=1200%2C630&ssl=1&resize=1050%2C600 3x"},"classes":[]},{"id":31393,"url":"https:\/\/www.reclamador.es\/blog\/aeropuerto-de-malaga-como-llegar\/","url_meta":{"origin":34601,"position":1},"title":"C\u00f3mo llegar del Aeropuerto de M\u00e1laga-Costa del Sol al centro de la ciudad","author":"Equipo reclamador","date":"14 julio, 2025","format":false,"excerpt":"El Aeropuerto de M\u00e1laga-Costa del Sol es uno de los m\u00e1s transitados de Espa\u00f1a. Es el punto de llegada a una de las zonas preferidas de Espa\u00f1a de los turistas internacionales, la Costa del Sol. Se encuentra a 8 kil\u00f3metros de la ciudad andaluza, entre las localidades de Torremolinos y\u2026","rel":"","context":"En \u00abConsejos legales\u00bb","block_context":{"text":"Consejos legales","link":"https:\/\/www.reclamador.es\/blog\/consejos\/"},"img":{"alt_text":"reclamaciones m\u00e1laga aeropuerto - guia transporte","src":"https:\/\/i0.wp.com\/www.reclamador.es\/blog\/wp-content\/uploads\/2023\/10\/como-llegar-del-aeropuerto-de-malaga-al-centro-de-la-ciudad-1200x630-1.jpg?fit=1200%2C630&ssl=1&resize=350%2C200","width":350,"height":200,"srcset":"https:\/\/i0.wp.com\/www.reclamador.es\/blog\/wp-content\/uploads\/2023\/10\/como-llegar-del-aeropuerto-de-malaga-al-centro-de-la-ciudad-1200x630-1.jpg?fit=1200%2C630&ssl=1&resize=350%2C200 1x, https:\/\/i0.wp.com\/www.reclamador.es\/blog\/wp-content\/uploads\/2023\/10\/como-llegar-del-aeropuerto-de-malaga-al-centro-de-la-ciudad-1200x630-1.jpg?fit=1200%2C630&ssl=1&resize=525%2C300 1.5x, https:\/\/i0.wp.com\/www.reclamador.es\/blog\/wp-content\/uploads\/2023\/10\/como-llegar-del-aeropuerto-de-malaga-al-centro-de-la-ciudad-1200x630-1.jpg?fit=1200%2C630&ssl=1&resize=700%2C400 2x, https:\/\/i0.wp.com\/www.reclamador.es\/blog\/wp-content\/uploads\/2023\/10\/como-llegar-del-aeropuerto-de-malaga-al-centro-de-la-ciudad-1200x630-1.jpg?fit=1200%2C630&ssl=1&resize=1050%2C600 3x"},"classes":[]},{"id":32626,"url":"https:\/\/www.reclamador.es\/blog\/que-hacer-malaga-24-horas\/","url_meta":{"origin":34601,"position":2},"title":"\u00bfQu\u00e9 hacer en M\u00e1laga en 24 horas si cancelan tu vuelo?","author":"Equipo reclamador","date":"14 agosto, 2024","format":false,"excerpt":"Si tu vuelo se cancela y te encuentras en M\u00e1laga con tiempo libre, \u00a1no te preocupes! Esta ciudad andaluza ofrece una variedad de actividades y lugares para disfrutar. Aqu\u00ed te proponemos un itinerario de un d\u00eda para que aproveches al m\u00e1ximo tu estancia inesperada en M\u00e1laga.\u00a0 Y no solo eso.\u2026","rel":"","context":"En \u00abConsejos legales\u00bb","block_context":{"text":"Consejos legales","link":"https:\/\/www.reclamador.es\/blog\/consejos\/"},"img":{"alt_text":"qu\u00e9 hacer en m\u00e1laga en un d\u00eda","src":"https:\/\/i0.wp.com\/www.reclamador.es\/blog\/wp-content\/uploads\/2024\/08\/que-hacer-en-malaga-en-24h-1200x630-1.jpg?fit=1200%2C630&ssl=1&resize=350%2C200","width":350,"height":200,"srcset":"https:\/\/i0.wp.com\/www.reclamador.es\/blog\/wp-content\/uploads\/2024\/08\/que-hacer-en-malaga-en-24h-1200x630-1.jpg?fit=1200%2C630&ssl=1&resize=350%2C200 1x, https:\/\/i0.wp.com\/www.reclamador.es\/blog\/wp-content\/uploads\/2024\/08\/que-hacer-en-malaga-en-24h-1200x630-1.jpg?fit=1200%2C630&ssl=1&resize=525%2C300 1.5x, https:\/\/i0.wp.com\/www.reclamador.es\/blog\/wp-content\/uploads\/2024\/08\/que-hacer-en-malaga-en-24h-1200x630-1.jpg?fit=1200%2C630&ssl=1&resize=700%2C400 2x, https:\/\/i0.wp.com\/www.reclamador.es\/blog\/wp-content\/uploads\/2024\/08\/que-hacer-en-malaga-en-24h-1200x630-1.jpg?fit=1200%2C630&ssl=1&resize=1050%2C600 3x"},"classes":[]},{"id":1261,"url":"https:\/\/www.reclamador.es\/blog\/luis-tudela-nos-cuenta-como-vueling-le-expulso-del-avion-injustificadamente\/","url_meta":{"origin":34601,"position":3},"title":"Luis Tudela nos cuenta c\u00f3mo Vueling le expuls\u00f3 del avi\u00f3n injustificadamente","author":"Equipo reclamador","date":"6 agosto, 2014","format":false,"excerpt":"\u00a1Sentencia favorable! Esto es lo que tenemos en nuestras manos ahora mismo en el caso de Luis Tudela, uno de nuestros clientes al que Vueling le\u00a0expuls\u00f3 injustificadamente de un vuelo\u00a0el pasado septiembre\u00a0en el Aeropuerto de El Prat (Barcelona). Tras haber embarcado, y sin razones que demuestren lo contrario, Luis tuvo\u2026","rel":"","context":"En \u00abConoce todo lo que sucede en reclamador.es\u00bb","block_context":{"text":"Conoce todo lo que sucede en reclamador.es","link":"https:\/\/www.reclamador.es\/blog\/reclamadores\/"},"img":{"alt_text":"","src":"https:\/\/i0.wp.com\/www.reclamador.es\/blog\/wp-content\/uploads\/2015\/09\/ccfo0o_ltsy-kychan.jpg?fit=1200%2C800&ssl=1&resize=350%2C200","width":350,"height":200,"srcset":"https:\/\/i0.wp.com\/www.reclamador.es\/blog\/wp-content\/uploads\/2015\/09\/ccfo0o_ltsy-kychan.jpg?fit=1200%2C800&ssl=1&resize=350%2C200 1x, https:\/\/i0.wp.com\/www.reclamador.es\/blog\/wp-content\/uploads\/2015\/09\/ccfo0o_ltsy-kychan.jpg?fit=1200%2C800&ssl=1&resize=525%2C300 1.5x, https:\/\/i0.wp.com\/www.reclamador.es\/blog\/wp-content\/uploads\/2015\/09\/ccfo0o_ltsy-kychan.jpg?fit=1200%2C800&ssl=1&resize=700%2C400 2x, https:\/\/i0.wp.com\/www.reclamador.es\/blog\/wp-content\/uploads\/2015\/09\/ccfo0o_ltsy-kychan.jpg?fit=1200%2C800&ssl=1&resize=1050%2C600 3x"},"classes":[]},{"id":20351,"url":"https:\/\/www.reclamador.es\/blog\/guia-aeropuertos-estocolmo\/","url_meta":{"origin":34601,"position":4},"title":"Viajar a Estocolmo: todo lo que tienes que saber sobre sus 4 aeropuertos","author":"Equipo reclamador","date":"2 enero, 2025","format":false,"excerpt":"Estocolmo es la ciudad m\u00e1s grande de Suecia. Adem\u00e1s de la capital de este pa\u00eds. Y, s\u00ed, un interesante lugar para visitar. Con su alma vikinga y sus casitas de colores, esta Venecia del Norte acoge, anualmente, a unos 12 millones de turistas que se desplazan hasta el pa\u00eds para\u2026","rel":"","context":"En \u00abConsejos legales\u00bb","block_context":{"text":"Consejos legales","link":"https:\/\/www.reclamador.es\/blog\/consejos\/"},"img":{"alt_text":"Aeropuertos de Estocolmo como llegar al centro desde cada uno de ellos","src":"https:\/\/i0.wp.com\/www.reclamador.es\/blog\/wp-content\/uploads\/2018\/11\/sweden-guia-aeropuertos-estocolmo-como-llegar-al-centro-desde-ellos.jpg?fit=1200%2C630&ssl=1&resize=350%2C200","width":350,"height":200,"srcset":"https:\/\/i0.wp.com\/www.reclamador.es\/blog\/wp-content\/uploads\/2018\/11\/sweden-guia-aeropuertos-estocolmo-como-llegar-al-centro-desde-ellos.jpg?fit=1200%2C630&ssl=1&resize=350%2C200 1x, https:\/\/i0.wp.com\/www.reclamador.es\/blog\/wp-content\/uploads\/2018\/11\/sweden-guia-aeropuertos-estocolmo-como-llegar-al-centro-desde-ellos.jpg?fit=1200%2C630&ssl=1&resize=525%2C300 1.5x, https:\/\/i0.wp.com\/www.reclamador.es\/blog\/wp-content\/uploads\/2018\/11\/sweden-guia-aeropuertos-estocolmo-como-llegar-al-centro-desde-ellos.jpg?fit=1200%2C630&ssl=1&resize=700%2C400 2x, https:\/\/i0.wp.com\/www.reclamador.es\/blog\/wp-content\/uploads\/2018\/11\/sweden-guia-aeropuertos-estocolmo-como-llegar-al-centro-desde-ellos.jpg?fit=1200%2C630&ssl=1&resize=1050%2C600 3x"},"classes":[]},{"id":21790,"url":"https:\/\/www.reclamador.es\/blog\/accidente-coche-de-caballos-indemnizacion\/","url_meta":{"origin":34601,"position":5},"title":"Reclamaciones e indemnizaciones por accidente en coche de caballos","author":"Equipo reclamador","date":"6 mayo, 2019","format":false,"excerpt":"En muchos n\u00facleos urbanos del sur de Espa\u00f1a conviven veh\u00edculos a motor y coches de caballos como medio de transporte de viajeros. Este segundo, un medio de transporte que en estas fechas se multiplica en el sur de Espa\u00f1a, pues tienen lugar las famosas ferias. Una de las m\u00e1s conocidas\u2026","rel":"","context":"En \u00abConsejos legales\u00bb","block_context":{"text":"Consejos legales","link":"https:\/\/www.reclamador.es\/blog\/consejos\/"},"img":{"alt_text":"Accidente en coche de caballos - espa\u00f1a","src":"https:\/\/i0.wp.com\/www.reclamador.es\/blog\/wp-content\/uploads\/2019\/05\/sevilla-accidente-coche-de-caballos.jpg?fit=1200%2C630&ssl=1&resize=350%2C200","width":350,"height":200,"srcset":"https:\/\/i0.wp.com\/www.reclamador.es\/blog\/wp-content\/uploads\/2019\/05\/sevilla-accidente-coche-de-caballos.jpg?fit=1200%2C630&ssl=1&resize=350%2C200 1x, https:\/\/i0.wp.com\/www.reclamador.es\/blog\/wp-content\/uploads\/2019\/05\/sevilla-accidente-coche-de-caballos.jpg?fit=1200%2C630&ssl=1&resize=525%2C300 1.5x, https:\/\/i0.wp.com\/www.reclamador.es\/blog\/wp-content\/uploads\/2019\/05\/sevilla-accidente-coche-de-caballos.jpg?fit=1200%2C630&ssl=1&resize=700%2C400 2x, https:\/\/i0.wp.com\/www.reclamador.es\/blog\/wp-content\/uploads\/2019\/05\/sevilla-accidente-coche-de-caballos.jpg?fit=1200%2C630&ssl=1&resize=1050%2C600 3x"},"classes":[]}],"jetpack_sharing_enabled":true,"_links":{"self":[{"href":"https:\/\/www.reclamador.es\/blog\/wp-json\/wp\/v2\/posts\/34601","targetHints":{"allow":["GET"]}}],"collection":[{"href":"https:\/\/www.reclamador.es\/blog\/wp-json\/wp\/v2\/posts"}],"about":[{"href":"https:\/\/www.reclamador.es\/blog\/wp-json\/wp\/v2\/types\/post"}],"author":[{"embeddable":true,"href":"https:\/\/www.reclamador.es\/blog\/wp-json\/wp\/v2\/users\/1"}],"replies":[{"embeddable":true,"href":"https:\/\/www.reclamador.es\/blog\/wp-json\/wp\/v2\/comments?post=34601"}],"version-history":[{"count":4,"href":"https:\/\/www.reclamador.es\/blog\/wp-json\/wp\/v2\/posts\/34601\/revisions"}],"predecessor-version":[{"id":34608,"href":"https:\/\/www.reclamador.es\/blog\/wp-json\/wp\/v2\/posts\/34601\/revisions\/34608"}],"wp:featuredmedia":[{"embeddable":true,"href":"https:\/\/www.reclamador.es\/blog\/wp-json\/wp\/v2\/media\/34602"}],"wp:attachment":[{"href":"https:\/\/www.reclamador.es\/blog\/wp-json\/wp\/v2\/media?parent=34601"}],"wp:term":[{"taxonomy":"category","embeddable":true,"href":"https:\/\/www.reclamador.es\/blog\/wp-json\/wp\/v2\/categories?post=34601"},{"taxonomy":"post_tag","embeddable":true,"href":"https:\/\/www.reclamador.es\/blog\/wp-json\/wp\/v2\/tags?post=34601"}],"curies":[{"name":"wp","href":"https:\/\/api.w.org\/{rel}","templated":true}]}}