{"id":34577,"date":"2025-07-15T09:00:00","date_gmt":"2025-07-15T07:00:00","guid":{"rendered":"https:\/\/www.reclamador.es\/blog\/?p=34577"},"modified":"2025-06-26T12:57:22","modified_gmt":"2025-06-26T10:57:22","slug":"que-hacer-gran-canaria-lluvia","status":"publish","type":"post","link":"https:\/\/www.reclamador.es\/blog\/que-hacer-gran-canaria-lluvia\/","title":{"rendered":"\u00bfQu\u00e9 hacer en Gran Canaria si llueve?\u00a0"},"content":{"rendered":"<div class=\"ttr_start\"><\/div>\n\n<div class=\"kk-star-ratings kksr-auto kksr-align-right kksr-valign-top\"\n    data-payload='{&quot;align&quot;:&quot;right&quot;,&quot;id&quot;:&quot;34577&quot;,&quot;slug&quot;:&quot;default&quot;,&quot;valign&quot;:&quot;top&quot;,&quot;ignore&quot;:&quot;&quot;,&quot;reference&quot;:&quot;auto&quot;,&quot;class&quot;:&quot;&quot;,&quot;count&quot;:&quot;1&quot;,&quot;legendonly&quot;:&quot;&quot;,&quot;readonly&quot;:&quot;&quot;,&quot;score&quot;:&quot;5&quot;,&quot;starsonly&quot;:&quot;&quot;,&quot;best&quot;:&quot;5&quot;,&quot;gap&quot;:&quot;3&quot;,&quot;greet&quot;:&quot;Valora este art\u00edculo&quot;,&quot;legend&quot;:&quot;5\\\/5 - (1 voto)&quot;,&quot;size&quot;:&quot;20&quot;,&quot;title&quot;:&quot;\u00bfQu\u00e9 hacer en Gran Canaria si llueve?\u00a0&quot;,&quot;width&quot;:&quot;113.5&quot;,&quot;_legend&quot;:&quot;{score}\\\/{best} - ({count} {votes})&quot;,&quot;font_factor&quot;:&quot;1.25&quot;}'>\n            \n<div class=\"kksr-stars\">\n    \n<div class=\"kksr-stars-inactive\">\n            <div class=\"kksr-star\" data-star=\"1\" style=\"padding-right: 3px\">\n            \n\n<div class=\"kksr-icon\" style=\"width: 20px; height: 20px;\"><\/div>\n        <\/div>\n            <div class=\"kksr-star\" data-star=\"2\" style=\"padding-right: 3px\">\n            \n\n<div class=\"kksr-icon\" style=\"width: 20px; height: 20px;\"><\/div>\n        <\/div>\n            <div class=\"kksr-star\" data-star=\"3\" style=\"padding-right: 3px\">\n            \n\n<div class=\"kksr-icon\" style=\"width: 20px; height: 20px;\"><\/div>\n        <\/div>\n            <div class=\"kksr-star\" data-star=\"4\" style=\"padding-right: 3px\">\n            \n\n<div class=\"kksr-icon\" style=\"width: 20px; height: 20px;\"><\/div>\n        <\/div>\n            <div class=\"kksr-star\" data-star=\"5\" style=\"padding-right: 3px\">\n            \n\n<div class=\"kksr-icon\" style=\"width: 20px; height: 20px;\"><\/div>\n        <\/div>\n    <\/div>\n    \n<div class=\"kksr-stars-active\" style=\"width: 113.5px;\">\n            <div class=\"kksr-star\" style=\"padding-right: 3px\">\n            \n\n<div class=\"kksr-icon\" style=\"width: 20px; height: 20px;\"><\/div>\n        <\/div>\n            <div class=\"kksr-star\" style=\"padding-right: 3px\">\n            \n\n<div class=\"kksr-icon\" style=\"width: 20px; height: 20px;\"><\/div>\n        <\/div>\n            <div class=\"kksr-star\" style=\"padding-right: 3px\">\n            \n\n<div class=\"kksr-icon\" style=\"width: 20px; height: 20px;\"><\/div>\n        <\/div>\n            <div class=\"kksr-star\" style=\"padding-right: 3px\">\n            \n\n<div class=\"kksr-icon\" style=\"width: 20px; height: 20px;\"><\/div>\n        <\/div>\n            <div class=\"kksr-star\" style=\"padding-right: 3px\">\n            \n\n<div class=\"kksr-icon\" style=\"width: 20px; height: 20px;\"><\/div>\n        <\/div>\n    <\/div>\n<\/div>\n                \n\n<div class=\"kksr-legend\" style=\"font-size: 16px;\">\n            5\/5 - (1 voto)    <\/div>\n    <\/div>\n\n<figure id=\"attachment_34578\" aria-describedby=\"caption-attachment-34578\" style=\"width: 1200px\" class=\"wp-caption aligncenter\"><img data-recalc-dims=\"1\" loading=\"lazy\" decoding=\"async\" class=\"size-full wp-image-34578\" src=\"https:\/\/i0.wp.com\/www.reclamador.es\/blog\/wp-content\/uploads\/2025\/06\/que-hacer-en-Gran-Canaria-si-llueve.jpg?resize=1200%2C630&#038;ssl=1\" alt=\"d\u00eda nublado o lluvia en Las Palmas de Gran Canaria\" width=\"1200\" height=\"630\" srcset=\"https:\/\/i0.wp.com\/www.reclamador.es\/blog\/wp-content\/uploads\/2025\/06\/que-hacer-en-Gran-Canaria-si-llueve.jpg?w=1200&amp;ssl=1 1200w, https:\/\/i0.wp.com\/www.reclamador.es\/blog\/wp-content\/uploads\/2025\/06\/que-hacer-en-Gran-Canaria-si-llueve.jpg?resize=800%2C420&amp;ssl=1 800w, https:\/\/i0.wp.com\/www.reclamador.es\/blog\/wp-content\/uploads\/2025\/06\/que-hacer-en-Gran-Canaria-si-llueve.jpg?resize=150%2C79&amp;ssl=1 150w, https:\/\/i0.wp.com\/www.reclamador.es\/blog\/wp-content\/uploads\/2025\/06\/que-hacer-en-Gran-Canaria-si-llueve.jpg?resize=768%2C403&amp;ssl=1 768w\" sizes=\"auto, (max-width: 1000px) 100vw, 1000px\" \/><figcaption id=\"caption-attachment-34578\" class=\"wp-caption-text\"><em>Planes para hacer en Gran Canaria si llueve<\/em><\/figcaption><\/figure>\n<p><span style=\"font-weight: 400;\">Pese a que los meses de verano suelen ser muy secos en la <\/span><a href=\"https:\/\/www.reclamador.es\/blog\/guia-vacaciones-gran-canaria-overbooking\/\"><span style=\"font-weight: 400;\">isla de Gran Canaria<\/span><\/a><span style=\"font-weight: 400;\">, consider\u00e1ndose julio como el mes con menos lluvias del a\u00f1o en Gran Canaria, el tiempo es impredecible y todo puede pasar. Igualmente, dado su espectacular clima, la isla recibe turismo durante todo el a\u00f1o, por lo que si tu viaje aqu\u00ed no es en verano y s\u00ed en otra \u00e9poca, por ejemplo en octubre (considerado el mes m\u00e1s lluvioso de Gran Canaria), te contamos <\/span><b>qu\u00e9 hacer en Gran Canaria si llueve<\/b><span style=\"font-weight: 400;\">. \u00a1Sigue leyendo!<\/span><\/p>\n<h2><b>\u00bfQu\u00e9 hacer en Gran Canaria si llueve o no hace d\u00eda de playa?<\/b><\/h2>\n<p><span style=\"font-weight: 400;\">Esta isla canaria tiene preciosas playas, pero es mucho m\u00e1s que eso.\u00a0<\/span><\/p>\n<h3><b>Visita el centro hist\u00f3rico de la capital de la isla<\/b><\/h3>\n<p><span style=\"font-weight: 400;\">Las Palmas de Gran Canaria tiene un centro hist\u00f3rico precioso, incluso con lluvia. Pasea por el <strong>barrio de Vegueta, visita la Casa de Col\u00f3n, la Catedral de Santa Ana<\/strong> y los museos cercanos. Adem\u00e1s, muchas calles tienen soportales y cafeter\u00edas con encanto donde resguardarse del agua.<\/span><\/p>\n<h3><b>Un d\u00eda de relax en un spa o centro de bienestar<\/b><\/h3>\n<p><span style=\"font-weight: 400;\">Muchos de los grandes hoteles de la isla cuentan con centro de bienestar, donde poder recibir un relajante masaje o bien disfrutar de una piscina interior o spa. Rel\u00e1jate mientras llueve, los viajes son para descansar y desconectar del ruido y el estr\u00e9s del d\u00eda a d\u00eda.\u00a0<\/span><\/p>\n<h3><b>Los museos en la isla de Gran Canaria<\/b><\/h3>\n<p><span style=\"font-weight: 400;\">Si te gusta el arte, la historia, la ciencia\u2026 y te preguntas qu\u00e9 hacer en Gran Canaria si llueve, la respuesta es: visita uno de sus muchos museos. Aqu\u00ed una breve propuesta:<\/span><\/p>\n<ul>\n<li style=\"font-weight: 400;\" aria-level=\"1\"><b>Museo Elder de la Ciencia y la Tecnolog\u00eda<\/b><span style=\"font-weight: 400;\"> (Las Palmas): interactivo, ideal si viajas con ni\u00f1os.<\/span><\/li>\n<li style=\"font-weight: 400;\" aria-level=\"1\"><b>Centro Atl\u00e1ntico de Arte Moderno (CAAM)<\/b><span style=\"font-weight: 400;\">: arte contempor\u00e1neo en el coraz\u00f3n de Vegueta.<\/span><\/li>\n<li style=\"font-weight: 400;\" aria-level=\"1\"><b>Museo Canario<\/b><span style=\"font-weight: 400;\">: descubre la cultura aborigen canaria.<\/span><\/li>\n<\/ul>\n<h3><b>Enoturismo en Gran Canaria<\/b><\/h3>\n<p><span style=\"font-weight: 400;\">Si te gusta el vino,\u00a0<strong> \u00bfpor qu\u00e9 no visitar una bodega en la isla de Gran Canaria?<\/strong> En el centro y este de la isla, principalmente, encontrar\u00e1s numerosas bodegas con vinos propios, catas y visitas guiadas a sus terrenos.\u00a0<\/span><\/p>\n<h3><b>Disfruta de la gastronom\u00eda de la isla<\/b><\/h3>\n<p><span style=\"font-weight: 400;\">Y, por supuesto, puedes aprovechar si llueve (y si no llueve tambi\u00e9n), para disfrutar de la gran variedad de platos aut\u00f3ctonos canarios. Aprovecha para comer sin prisas. Algunos platos t\u00edpicos para saborear en un d\u00eda gris son la <strong>ropa vieja canaria, el sancocho o el queso de flor de gu\u00eda.<\/strong> Puedes aprovechar aqu\u00ed tambi\u00e9n para acompa\u00f1ar tu comida con un vino de Gran Canaria.\u00a0<\/span><\/p>\n<p><span style=\"font-weight: 400;\">Adem\u00e1s, te recomendamos ir a <strong>mercados tradicionales como el de Vegueta o el de Teror<\/strong>, o disfrutar de un almuerzo en una casa rural en el interior.<\/span><\/p>\n<h2><b>\u00bfY si cancelan o retrasan tu vuelo en Gran Canaria por la lluvia?<\/b><\/h2>\n<p><span style=\"font-weight: 400;\">En estas situaciones, debes comprobar si tienes derecho a recibir una <\/span><a href=\"https:\/\/www.reclamador.es\/aerolineas\/aeropuertos\/gran-canaria\/\"><span style=\"font-weight: 400;\">indemnizaci\u00f3n por cancelaci\u00f3n o retraso de vuelo en Gran Canaria<\/span><\/a><span style=\"font-weight: 400;\">, ya que si se trata de una DANA o problemas por la calima, no te corresponder\u00eda indemnizaci\u00f3n (s\u00ed el reembolso del billete o la reubicaci\u00f3n), pero si de lo que se trata es de una tormenta sin gran fuerza, una lluvia normal que la aerol\u00ednea aprovecha para tapar sus problemas operativos y cancelar o retrasar tu vuelo, entonces s\u00ed tendr\u00edas derecho a reclamar una indemnizaci\u00f3n.\u00a0<\/span><\/p>\n<p><b>\u00bfC\u00f3mo saber si te corresponde o no una indemnizaci\u00f3n de hasta 600 \u20ac m\u00e1s gastos por problemas en tu vuelo a Gran Canaria?<\/b><span style=\"font-weight: 400;\"> Entrando en nuestra p\u00e1gina web y comprobando gratis en nuestro buscador si el retraso o la cancelaci\u00f3n de vuelo que has sufrido te da derecho a reclamar una indemnizaci\u00f3n.\u00a0<\/span><\/p>\n<p><span style=\"font-weight: 400;\">O bien, directamente, completa nuestro formulario y te informaremos si tu reclamaci\u00f3n es viable.\u00a0<\/span><\/p>\n<h2 style=\"text-align: center;\"><strong><a class=\"button-lead\" href=\"https:\/\/www.reclamador.es\/form\/complaint\/cancellation\/\" rel=\"nofollow noopener\">Completa nuestro formulario y reclama tu vuelo cancelado<\/a><\/strong><\/h2>\n<p><br \/><br \/><\/p>\n<div class=\"ttr_end\"><\/div>","protected":false},"excerpt":{"rendered":"<p>Pese a que los meses de verano suelen ser muy secos en la isla de Gran Canaria, consider\u00e1ndose julio como el mes con menos lluvias del a\u00f1o en Gran Canaria, el tiempo es impredecible y todo puede pasar. Igualmente, dado su espectacular clima, la isla recibe turismo durante todo el a\u00f1o, por lo que si [&hellip;]<\/p>\n","protected":false},"author":1,"featured_media":34578,"comment_status":"open","ping_status":"open","sticky":false,"template":"","format":"standard","meta":{"_acf_changed":false,"_genesis_hide_title":false,"_genesis_hide_breadcrumbs":false,"_genesis_hide_singular_image":false,"_genesis_hide_footer_widgets":false,"_genesis_custom_body_class":"","_genesis_custom_post_class":"","_genesis_layout":"","_jetpack_newsletter_access":"","_jetpack_dont_email_post_to_subs":false,"_jetpack_newsletter_tier_id":0,"_jetpack_memberships_contains_paywalled_content":false,"_jetpack_memberships_contains_paid_content":false,"footnotes":""},"categories":[393],"tags":[380,768],"class_list":{"0":"post-34577","1":"post","2":"type-post","3":"status-publish","4":"format-standard","5":"has-post-thumbnail","7":"category-consejos","8":"tag-aerolineas","9":"tag-gran-canaria-aeropuerto","10":"entry"},"acf":[],"yoast_head":"<!-- This site is optimized with the Yoast SEO plugin v27.4 - https:\/\/yoast.com\/product\/yoast-seo-wordpress\/ -->\n<title>\u00bfQu\u00e9 hacer en Gran Canaria si llueve? \u00a1Muchos planes!<\/title>\n<meta name=\"description\" content=\"Museos, enoturismo, spa y bienestar... Te contamos qu\u00e9 hacer en Gran Canaria si llueve. Numerosos planes en esta bonita isla.\" \/>\n<meta name=\"robots\" content=\"index, follow, max-snippet:-1, max-image-preview:large, max-video-preview:-1\" \/>\n<link rel=\"canonical\" href=\"https:\/\/www.reclamador.es\/blog\/que-hacer-gran-canaria-lluvia\/\" \/>\n<meta property=\"og:locale\" content=\"es_ES\" \/>\n<meta property=\"og:type\" content=\"article\" \/>\n<meta property=\"og:title\" content=\"\u00bfQu\u00e9 hacer en Gran Canaria si llueve? \u00a1Muchos planes!\" \/>\n<meta property=\"og:description\" content=\"Museos, enoturismo, spa y bienestar... Te contamos qu\u00e9 hacer en Gran Canaria si llueve. Numerosos planes en esta bonita isla.\" \/>\n<meta property=\"og:url\" content=\"https:\/\/www.reclamador.es\/blog\/que-hacer-gran-canaria-lluvia\/\" \/>\n<meta property=\"og:site_name\" content=\"Rebeldes con causa, el blog de reclamador.es\" \/>\n<meta property=\"article:publisher\" content=\"https:\/\/www.facebook.com\/reclamador.es\" \/>\n<meta property=\"article:published_time\" content=\"2025-07-15T07:00:00+00:00\" \/>\n<meta property=\"og:image\" content=\"https:\/\/i0.wp.com\/www.reclamador.es\/blog\/wp-content\/uploads\/2025\/06\/que-hacer-en-Gran-Canaria-si-llueve.jpg?fit=1200%2C630&ssl=1\" \/>\n\t<meta property=\"og:image:width\" content=\"1200\" \/>\n\t<meta property=\"og:image:height\" content=\"630\" \/>\n\t<meta property=\"og:image:type\" content=\"image\/jpeg\" \/>\n<meta name=\"author\" content=\"Equipo reclamador\" \/>\n<meta name=\"twitter:card\" content=\"summary_large_image\" \/>\n<meta name=\"twitter:creator\" content=\"@reclamador\" \/>\n<meta name=\"twitter:site\" content=\"@reclamador\" \/>\n<meta name=\"twitter:label1\" content=\"Escrito por\" \/>\n\t<meta name=\"twitter:data1\" content=\"Equipo reclamador\" \/>\n\t<meta name=\"twitter:label2\" content=\"Tiempo de lectura\" \/>\n\t<meta name=\"twitter:data2\" content=\"4 minutos\" \/>\n<script type=\"application\/ld+json\" class=\"yoast-schema-graph\">{\"@context\":\"https:\\\/\\\/schema.org\",\"@graph\":[{\"@type\":\"Article\",\"@id\":\"https:\\\/\\\/www.reclamador.es\\\/blog\\\/que-hacer-gran-canaria-lluvia\\\/#article\",\"isPartOf\":{\"@id\":\"https:\\\/\\\/www.reclamador.es\\\/blog\\\/que-hacer-gran-canaria-lluvia\\\/\"},\"author\":{\"name\":\"Equipo reclamador\",\"@id\":\"https:\\\/\\\/www.reclamador.es\\\/blog\\\/#\\\/schema\\\/person\\\/1ed83eef8b6566cb5e4c812d9bc5c4bf\"},\"headline\":\"\u00bfQu\u00e9 hacer en Gran Canaria si llueve?\u00a0\",\"datePublished\":\"2025-07-15T07:00:00+00:00\",\"mainEntityOfPage\":{\"@id\":\"https:\\\/\\\/www.reclamador.es\\\/blog\\\/que-hacer-gran-canaria-lluvia\\\/\"},\"wordCount\":685,\"commentCount\":0,\"publisher\":{\"@id\":\"https:\\\/\\\/www.reclamador.es\\\/blog\\\/#organization\"},\"image\":{\"@id\":\"https:\\\/\\\/www.reclamador.es\\\/blog\\\/que-hacer-gran-canaria-lluvia\\\/#primaryimage\"},\"thumbnailUrl\":\"https:\\\/\\\/i0.wp.com\\\/www.reclamador.es\\\/blog\\\/wp-content\\\/uploads\\\/2025\\\/06\\\/que-hacer-en-Gran-Canaria-si-llueve.jpg?fit=1200%2C630&ssl=1\",\"keywords\":[\"aerol\u00edneas\",\"gran canaria aeropuerto\"],\"articleSection\":[\"Consejos legales\"],\"inLanguage\":\"es\",\"potentialAction\":[{\"@type\":\"CommentAction\",\"name\":\"Comment\",\"target\":[\"https:\\\/\\\/www.reclamador.es\\\/blog\\\/que-hacer-gran-canaria-lluvia\\\/#respond\"]}]},{\"@type\":\"WebPage\",\"@id\":\"https:\\\/\\\/www.reclamador.es\\\/blog\\\/que-hacer-gran-canaria-lluvia\\\/\",\"url\":\"https:\\\/\\\/www.reclamador.es\\\/blog\\\/que-hacer-gran-canaria-lluvia\\\/\",\"name\":\"\u00bfQu\u00e9 hacer en Gran Canaria si llueve? \u00a1Muchos planes!\",\"isPartOf\":{\"@id\":\"https:\\\/\\\/www.reclamador.es\\\/blog\\\/#website\"},\"primaryImageOfPage\":{\"@id\":\"https:\\\/\\\/www.reclamador.es\\\/blog\\\/que-hacer-gran-canaria-lluvia\\\/#primaryimage\"},\"image\":{\"@id\":\"https:\\\/\\\/www.reclamador.es\\\/blog\\\/que-hacer-gran-canaria-lluvia\\\/#primaryimage\"},\"thumbnailUrl\":\"https:\\\/\\\/i0.wp.com\\\/www.reclamador.es\\\/blog\\\/wp-content\\\/uploads\\\/2025\\\/06\\\/que-hacer-en-Gran-Canaria-si-llueve.jpg?fit=1200%2C630&ssl=1\",\"datePublished\":\"2025-07-15T07:00:00+00:00\",\"description\":\"Museos, enoturismo, spa y bienestar... Te contamos qu\u00e9 hacer en Gran Canaria si llueve. Numerosos planes en esta bonita isla.\",\"breadcrumb\":{\"@id\":\"https:\\\/\\\/www.reclamador.es\\\/blog\\\/que-hacer-gran-canaria-lluvia\\\/#breadcrumb\"},\"inLanguage\":\"es\",\"potentialAction\":[{\"@type\":\"ReadAction\",\"target\":[\"https:\\\/\\\/www.reclamador.es\\\/blog\\\/que-hacer-gran-canaria-lluvia\\\/\"]}]},{\"@type\":\"ImageObject\",\"inLanguage\":\"es\",\"@id\":\"https:\\\/\\\/www.reclamador.es\\\/blog\\\/que-hacer-gran-canaria-lluvia\\\/#primaryimage\",\"url\":\"https:\\\/\\\/i0.wp.com\\\/www.reclamador.es\\\/blog\\\/wp-content\\\/uploads\\\/2025\\\/06\\\/que-hacer-en-Gran-Canaria-si-llueve.jpg?fit=1200%2C630&ssl=1\",\"contentUrl\":\"https:\\\/\\\/i0.wp.com\\\/www.reclamador.es\\\/blog\\\/wp-content\\\/uploads\\\/2025\\\/06\\\/que-hacer-en-Gran-Canaria-si-llueve.jpg?fit=1200%2C630&ssl=1\",\"width\":1200,\"height\":630,\"caption\":\"Planes para hacer en Gran Canaria si llueve\"},{\"@type\":\"BreadcrumbList\",\"@id\":\"https:\\\/\\\/www.reclamador.es\\\/blog\\\/que-hacer-gran-canaria-lluvia\\\/#breadcrumb\",\"itemListElement\":[{\"@type\":\"ListItem\",\"position\":1,\"name\":\"Portada\",\"item\":\"https:\\\/\\\/www.reclamador.es\\\/blog\\\/\"},{\"@type\":\"ListItem\",\"position\":2,\"name\":\"\u00bfQu\u00e9 hacer en Gran Canaria si llueve?\u00a0\"}]},{\"@type\":\"WebSite\",\"@id\":\"https:\\\/\\\/www.reclamador.es\\\/blog\\\/#website\",\"url\":\"https:\\\/\\\/www.reclamador.es\\\/blog\\\/\",\"name\":\"Rebeldes con causa, el blog de reclamador.es\",\"description\":\"Noticias, entrevistas y consejos sobre reclamaciones\",\"publisher\":{\"@id\":\"https:\\\/\\\/www.reclamador.es\\\/blog\\\/#organization\"},\"potentialAction\":[{\"@type\":\"SearchAction\",\"target\":{\"@type\":\"EntryPoint\",\"urlTemplate\":\"https:\\\/\\\/www.reclamador.es\\\/blog\\\/?s={search_term_string}\"},\"query-input\":{\"@type\":\"PropertyValueSpecification\",\"valueRequired\":true,\"valueName\":\"search_term_string\"}}],\"inLanguage\":\"es\"},{\"@type\":\"Organization\",\"@id\":\"https:\\\/\\\/www.reclamador.es\\\/blog\\\/#organization\",\"name\":\"reclamador.es\",\"url\":\"https:\\\/\\\/www.reclamador.es\\\/blog\\\/\",\"logo\":{\"@type\":\"ImageObject\",\"inLanguage\":\"es\",\"@id\":\"https:\\\/\\\/www.reclamador.es\\\/blog\\\/#\\\/schema\\\/logo\\\/image\\\/\",\"url\":\"https:\\\/\\\/i0.wp.com\\\/www.reclamador.es\\\/blog\\\/wp-content\\\/uploads\\\/2020\\\/01\\\/logo-reclamador.png?fit=1200%2C144&ssl=1\",\"contentUrl\":\"https:\\\/\\\/i0.wp.com\\\/www.reclamador.es\\\/blog\\\/wp-content\\\/uploads\\\/2020\\\/01\\\/logo-reclamador.png?fit=1200%2C144&ssl=1\",\"width\":1200,\"height\":144,\"caption\":\"reclamador.es\"},\"image\":{\"@id\":\"https:\\\/\\\/www.reclamador.es\\\/blog\\\/#\\\/schema\\\/logo\\\/image\\\/\"},\"sameAs\":[\"https:\\\/\\\/www.facebook.com\\\/reclamador.es\",\"https:\\\/\\\/x.com\\\/reclamador\",\"https:\\\/\\\/www.instagram.com\\\/reclamador.es\\\/\",\"https:\\\/\\\/www.linkedin.com\\\/company\\\/reclamador-es\",\"https:\\\/\\\/www.youtube.com\\\/user\\\/Reclamadores\"]},{\"@type\":\"Person\",\"@id\":\"https:\\\/\\\/www.reclamador.es\\\/blog\\\/#\\\/schema\\\/person\\\/1ed83eef8b6566cb5e4c812d9bc5c4bf\",\"name\":\"Equipo reclamador\",\"image\":{\"@type\":\"ImageObject\",\"inLanguage\":\"es\",\"@id\":\"https:\\\/\\\/secure.gravatar.com\\\/avatar\\\/6442ecdc2c4472c600c113f34d340feca47107d6aa4f42f1e3e75a2a8e28a760?s=96&d=mm&r=g\",\"url\":\"https:\\\/\\\/secure.gravatar.com\\\/avatar\\\/6442ecdc2c4472c600c113f34d340feca47107d6aa4f42f1e3e75a2a8e28a760?s=96&d=mm&r=g\",\"contentUrl\":\"https:\\\/\\\/secure.gravatar.com\\\/avatar\\\/6442ecdc2c4472c600c113f34d340feca47107d6aa4f42f1e3e75a2a8e28a760?s=96&d=mm&r=g\",\"caption\":\"Equipo reclamador\"},\"description\":\"Las personas que hacen posible reclamador.es\",\"url\":\"https:\\\/\\\/www.reclamador.es\\\/blog\\\/author\\\/administrador\\\/\"}]}<\/script>\n<!-- \/ Yoast SEO plugin. -->","yoast_head_json":{"title":"\u00bfQu\u00e9 hacer en Gran Canaria si llueve? \u00a1Muchos planes!","description":"Museos, enoturismo, spa y bienestar... Te contamos qu\u00e9 hacer en Gran Canaria si llueve. Numerosos planes en esta bonita isla.","robots":{"index":"index","follow":"follow","max-snippet":"max-snippet:-1","max-image-preview":"max-image-preview:large","max-video-preview":"max-video-preview:-1"},"canonical":"https:\/\/www.reclamador.es\/blog\/que-hacer-gran-canaria-lluvia\/","og_locale":"es_ES","og_type":"article","og_title":"\u00bfQu\u00e9 hacer en Gran Canaria si llueve? \u00a1Muchos planes!","og_description":"Museos, enoturismo, spa y bienestar... Te contamos qu\u00e9 hacer en Gran Canaria si llueve. Numerosos planes en esta bonita isla.","og_url":"https:\/\/www.reclamador.es\/blog\/que-hacer-gran-canaria-lluvia\/","og_site_name":"Rebeldes con causa, el blog de reclamador.es","article_publisher":"https:\/\/www.facebook.com\/reclamador.es","article_published_time":"2025-07-15T07:00:00+00:00","og_image":[{"width":1200,"height":630,"url":"https:\/\/i0.wp.com\/www.reclamador.es\/blog\/wp-content\/uploads\/2025\/06\/que-hacer-en-Gran-Canaria-si-llueve.jpg?fit=1200%2C630&ssl=1","type":"image\/jpeg"}],"author":"Equipo reclamador","twitter_card":"summary_large_image","twitter_creator":"@reclamador","twitter_site":"@reclamador","twitter_misc":{"Escrito por":"Equipo reclamador","Tiempo de lectura":"4 minutos"},"schema":{"@context":"https:\/\/schema.org","@graph":[{"@type":"Article","@id":"https:\/\/www.reclamador.es\/blog\/que-hacer-gran-canaria-lluvia\/#article","isPartOf":{"@id":"https:\/\/www.reclamador.es\/blog\/que-hacer-gran-canaria-lluvia\/"},"author":{"name":"Equipo reclamador","@id":"https:\/\/www.reclamador.es\/blog\/#\/schema\/person\/1ed83eef8b6566cb5e4c812d9bc5c4bf"},"headline":"\u00bfQu\u00e9 hacer en Gran Canaria si llueve?\u00a0","datePublished":"2025-07-15T07:00:00+00:00","mainEntityOfPage":{"@id":"https:\/\/www.reclamador.es\/blog\/que-hacer-gran-canaria-lluvia\/"},"wordCount":685,"commentCount":0,"publisher":{"@id":"https:\/\/www.reclamador.es\/blog\/#organization"},"image":{"@id":"https:\/\/www.reclamador.es\/blog\/que-hacer-gran-canaria-lluvia\/#primaryimage"},"thumbnailUrl":"https:\/\/i0.wp.com\/www.reclamador.es\/blog\/wp-content\/uploads\/2025\/06\/que-hacer-en-Gran-Canaria-si-llueve.jpg?fit=1200%2C630&ssl=1","keywords":["aerol\u00edneas","gran canaria aeropuerto"],"articleSection":["Consejos legales"],"inLanguage":"es","potentialAction":[{"@type":"CommentAction","name":"Comment","target":["https:\/\/www.reclamador.es\/blog\/que-hacer-gran-canaria-lluvia\/#respond"]}]},{"@type":"WebPage","@id":"https:\/\/www.reclamador.es\/blog\/que-hacer-gran-canaria-lluvia\/","url":"https:\/\/www.reclamador.es\/blog\/que-hacer-gran-canaria-lluvia\/","name":"\u00bfQu\u00e9 hacer en Gran Canaria si llueve? \u00a1Muchos planes!","isPartOf":{"@id":"https:\/\/www.reclamador.es\/blog\/#website"},"primaryImageOfPage":{"@id":"https:\/\/www.reclamador.es\/blog\/que-hacer-gran-canaria-lluvia\/#primaryimage"},"image":{"@id":"https:\/\/www.reclamador.es\/blog\/que-hacer-gran-canaria-lluvia\/#primaryimage"},"thumbnailUrl":"https:\/\/i0.wp.com\/www.reclamador.es\/blog\/wp-content\/uploads\/2025\/06\/que-hacer-en-Gran-Canaria-si-llueve.jpg?fit=1200%2C630&ssl=1","datePublished":"2025-07-15T07:00:00+00:00","description":"Museos, enoturismo, spa y bienestar... Te contamos qu\u00e9 hacer en Gran Canaria si llueve. Numerosos planes en esta bonita isla.","breadcrumb":{"@id":"https:\/\/www.reclamador.es\/blog\/que-hacer-gran-canaria-lluvia\/#breadcrumb"},"inLanguage":"es","potentialAction":[{"@type":"ReadAction","target":["https:\/\/www.reclamador.es\/blog\/que-hacer-gran-canaria-lluvia\/"]}]},{"@type":"ImageObject","inLanguage":"es","@id":"https:\/\/www.reclamador.es\/blog\/que-hacer-gran-canaria-lluvia\/#primaryimage","url":"https:\/\/i0.wp.com\/www.reclamador.es\/blog\/wp-content\/uploads\/2025\/06\/que-hacer-en-Gran-Canaria-si-llueve.jpg?fit=1200%2C630&ssl=1","contentUrl":"https:\/\/i0.wp.com\/www.reclamador.es\/blog\/wp-content\/uploads\/2025\/06\/que-hacer-en-Gran-Canaria-si-llueve.jpg?fit=1200%2C630&ssl=1","width":1200,"height":630,"caption":"Planes para hacer en Gran Canaria si llueve"},{"@type":"BreadcrumbList","@id":"https:\/\/www.reclamador.es\/blog\/que-hacer-gran-canaria-lluvia\/#breadcrumb","itemListElement":[{"@type":"ListItem","position":1,"name":"Portada","item":"https:\/\/www.reclamador.es\/blog\/"},{"@type":"ListItem","position":2,"name":"\u00bfQu\u00e9 hacer en Gran Canaria si llueve?\u00a0"}]},{"@type":"WebSite","@id":"https:\/\/www.reclamador.es\/blog\/#website","url":"https:\/\/www.reclamador.es\/blog\/","name":"Rebeldes con causa, el blog de reclamador.es","description":"Noticias, entrevistas y consejos sobre reclamaciones","publisher":{"@id":"https:\/\/www.reclamador.es\/blog\/#organization"},"potentialAction":[{"@type":"SearchAction","target":{"@type":"EntryPoint","urlTemplate":"https:\/\/www.reclamador.es\/blog\/?s={search_term_string}"},"query-input":{"@type":"PropertyValueSpecification","valueRequired":true,"valueName":"search_term_string"}}],"inLanguage":"es"},{"@type":"Organization","@id":"https:\/\/www.reclamador.es\/blog\/#organization","name":"reclamador.es","url":"https:\/\/www.reclamador.es\/blog\/","logo":{"@type":"ImageObject","inLanguage":"es","@id":"https:\/\/www.reclamador.es\/blog\/#\/schema\/logo\/image\/","url":"https:\/\/i0.wp.com\/www.reclamador.es\/blog\/wp-content\/uploads\/2020\/01\/logo-reclamador.png?fit=1200%2C144&ssl=1","contentUrl":"https:\/\/i0.wp.com\/www.reclamador.es\/blog\/wp-content\/uploads\/2020\/01\/logo-reclamador.png?fit=1200%2C144&ssl=1","width":1200,"height":144,"caption":"reclamador.es"},"image":{"@id":"https:\/\/www.reclamador.es\/blog\/#\/schema\/logo\/image\/"},"sameAs":["https:\/\/www.facebook.com\/reclamador.es","https:\/\/x.com\/reclamador","https:\/\/www.instagram.com\/reclamador.es\/","https:\/\/www.linkedin.com\/company\/reclamador-es","https:\/\/www.youtube.com\/user\/Reclamadores"]},{"@type":"Person","@id":"https:\/\/www.reclamador.es\/blog\/#\/schema\/person\/1ed83eef8b6566cb5e4c812d9bc5c4bf","name":"Equipo reclamador","image":{"@type":"ImageObject","inLanguage":"es","@id":"https:\/\/secure.gravatar.com\/avatar\/6442ecdc2c4472c600c113f34d340feca47107d6aa4f42f1e3e75a2a8e28a760?s=96&d=mm&r=g","url":"https:\/\/secure.gravatar.com\/avatar\/6442ecdc2c4472c600c113f34d340feca47107d6aa4f42f1e3e75a2a8e28a760?s=96&d=mm&r=g","contentUrl":"https:\/\/secure.gravatar.com\/avatar\/6442ecdc2c4472c600c113f34d340feca47107d6aa4f42f1e3e75a2a8e28a760?s=96&d=mm&r=g","caption":"Equipo reclamador"},"description":"Las personas que hacen posible reclamador.es","url":"https:\/\/www.reclamador.es\/blog\/author\/administrador\/"}]}},"jetpack_featured_media_url":"https:\/\/i0.wp.com\/www.reclamador.es\/blog\/wp-content\/uploads\/2025\/06\/que-hacer-en-Gran-Canaria-si-llueve.jpg?fit=1200%2C630&ssl=1","jetpack-related-posts":[{"id":32607,"url":"https:\/\/www.reclamador.es\/blog\/guia-vacaciones-gran-canaria-overbooking\/","url_meta":{"origin":34577,"position":0},"title":"\u00bfVacaciones en Gran Canaria? La gu\u00eda \u00fatil del viaje si sufres un overbooking","author":"Equipo reclamador","date":"1 agosto, 2024","format":false,"excerpt":"El Aeropuerto de Gran Canaria es uno de los m\u00e1s transitados en Canarias. Esta isla, por su fant\u00e1stico clima, recibe un elevado n\u00famero de visitantes durante todo el a\u00f1o. Si tienes planes de visitar esta maravillosa isla, es crucial estar preparado para cualquier eventualidad, incluido el overbooking, una situaci\u00f3n que\u2026","rel":"","context":"En \u00abConsejos legales\u00bb","block_context":{"text":"Consejos legales","link":"https:\/\/www.reclamador.es\/blog\/consejos\/"},"img":{"alt_text":"vacaciones gran canaria guia","src":"https:\/\/i0.wp.com\/www.reclamador.es\/blog\/wp-content\/uploads\/2024\/08\/vacaciones-en-gran-canaria-1200x630-1.jpg?fit=1200%2C630&ssl=1&resize=350%2C200","width":350,"height":200,"srcset":"https:\/\/i0.wp.com\/www.reclamador.es\/blog\/wp-content\/uploads\/2024\/08\/vacaciones-en-gran-canaria-1200x630-1.jpg?fit=1200%2C630&ssl=1&resize=350%2C200 1x, https:\/\/i0.wp.com\/www.reclamador.es\/blog\/wp-content\/uploads\/2024\/08\/vacaciones-en-gran-canaria-1200x630-1.jpg?fit=1200%2C630&ssl=1&resize=525%2C300 1.5x, https:\/\/i0.wp.com\/www.reclamador.es\/blog\/wp-content\/uploads\/2024\/08\/vacaciones-en-gran-canaria-1200x630-1.jpg?fit=1200%2C630&ssl=1&resize=700%2C400 2x, https:\/\/i0.wp.com\/www.reclamador.es\/blog\/wp-content\/uploads\/2024\/08\/vacaciones-en-gran-canaria-1200x630-1.jpg?fit=1200%2C630&ssl=1&resize=1050%2C600 3x"},"classes":[]},{"id":30124,"url":"https:\/\/www.reclamador.es\/blog\/vuelos-cancelados-en-canarias-tormenta-hermine\/","url_meta":{"origin":34577,"position":1},"title":"Vuelos cancelados en las Islas Canarias por la tormenta Hermine","author":"Equipo reclamador","date":"26 septiembre, 2022","format":false,"excerpt":"Desde el fin de semana, en Canarias est\u00e1n sufriendo los estragos de la tormenta \u201cHermine\u201d. Pese a que una de las islas m\u00e1s afectadas es La Palma, el resto de territorios que componen el archipi\u00e9lago tambi\u00e9n est\u00e1n sufriendo importantes inundaciones, cortes de carretera, restricciones del tr\u00e1fico a\u00e9reo y mar\u00edtimo, suspensi\u00f3n\u2026","rel":"","context":"En \u00abNoticias y actualidad\u00bb","block_context":{"text":"Noticias y actualidad","link":"https:\/\/www.reclamador.es\/blog\/noticias\/"},"img":{"alt_text":"reclamaciones tormenta hermine canarias","src":"https:\/\/i0.wp.com\/www.reclamador.es\/blog\/wp-content\/uploads\/2022\/09\/tormenta-hermine-canarias-cancelaciones-vuelos.jpg?fit=1200%2C675&ssl=1&resize=350%2C200","width":350,"height":200,"srcset":"https:\/\/i0.wp.com\/www.reclamador.es\/blog\/wp-content\/uploads\/2022\/09\/tormenta-hermine-canarias-cancelaciones-vuelos.jpg?fit=1200%2C675&ssl=1&resize=350%2C200 1x, https:\/\/i0.wp.com\/www.reclamador.es\/blog\/wp-content\/uploads\/2022\/09\/tormenta-hermine-canarias-cancelaciones-vuelos.jpg?fit=1200%2C675&ssl=1&resize=525%2C300 1.5x, https:\/\/i0.wp.com\/www.reclamador.es\/blog\/wp-content\/uploads\/2022\/09\/tormenta-hermine-canarias-cancelaciones-vuelos.jpg?fit=1200%2C675&ssl=1&resize=700%2C400 2x, https:\/\/i0.wp.com\/www.reclamador.es\/blog\/wp-content\/uploads\/2022\/09\/tormenta-hermine-canarias-cancelaciones-vuelos.jpg?fit=1200%2C675&ssl=1&resize=1050%2C600 3x"},"classes":[]},{"id":32940,"url":"https:\/\/www.reclamador.es\/blog\/vuelos-interinsulares\/","url_meta":{"origin":34577,"position":2},"title":"Curiosidades sobre los vuelos interinsulares en las Islas Canarias","author":"Equipo reclamador","date":"1 octubre, 2024","format":false,"excerpt":"Los vuelos interinsularesen las Islas Canarias son una experiencia \u00fanica por diversas razones. Estas conexiones son esenciales para la movilidad entre las islas, ya que los ferris pueden ser m\u00e1s lentos y menos frecuentes. Ya sea porque vives en Gran Canaria (o cualquiera de las islas de este archipi\u00e9lago) o\u2026","rel":"","context":"En \u00abConsejos legales\u00bb","block_context":{"text":"Consejos legales","link":"https:\/\/www.reclamador.es\/blog\/consejos\/"},"img":{"alt_text":"aeropuerto de gran canaria - vuelos interinsulares","src":"https:\/\/i0.wp.com\/www.reclamador.es\/blog\/wp-content\/uploads\/2024\/09\/vuelos-interinsulares-desde-el-aeropuerto-de-gran-canaria-1200x630-1.jpg?fit=1200%2C630&ssl=1&resize=350%2C200","width":350,"height":200,"srcset":"https:\/\/i0.wp.com\/www.reclamador.es\/blog\/wp-content\/uploads\/2024\/09\/vuelos-interinsulares-desde-el-aeropuerto-de-gran-canaria-1200x630-1.jpg?fit=1200%2C630&ssl=1&resize=350%2C200 1x, https:\/\/i0.wp.com\/www.reclamador.es\/blog\/wp-content\/uploads\/2024\/09\/vuelos-interinsulares-desde-el-aeropuerto-de-gran-canaria-1200x630-1.jpg?fit=1200%2C630&ssl=1&resize=525%2C300 1.5x, https:\/\/i0.wp.com\/www.reclamador.es\/blog\/wp-content\/uploads\/2024\/09\/vuelos-interinsulares-desde-el-aeropuerto-de-gran-canaria-1200x630-1.jpg?fit=1200%2C630&ssl=1&resize=700%2C400 2x, https:\/\/i0.wp.com\/www.reclamador.es\/blog\/wp-content\/uploads\/2024\/09\/vuelos-interinsulares-desde-el-aeropuerto-de-gran-canaria-1200x630-1.jpg?fit=1200%2C630&ssl=1&resize=1050%2C600 3x"},"classes":[]},{"id":35049,"url":"https:\/\/www.reclamador.es\/blog\/ideas-de-viajes-por-espana-en-otono\/","url_meta":{"origin":34577,"position":3},"title":"Ideas de viajes por Espa\u00f1a en oto\u00f1o: \u00bfD\u00f3nde ir en octubre y noviembre?","author":"Alicia Ria\u00f1o","date":"29 septiembre, 2025","format":false,"excerpt":"\u00bfD\u00f3nde viajar en Espa\u00f1a este oto\u00f1o? \u00bfTe apetece hacer un viaje por Espa\u00f1a en oto\u00f1o pero necesitas encontrar destino? En este art\u00edculo hemos recopilado 7 destinos nacionales centrados en la naturaleza, alejados de las grandes ciudades espa\u00f1olas (que tambi\u00e9n tienen su encanto en oto\u00f1o y dan para otro post). Si\u2026","rel":"","context":"En \u00abNoticias y actualidad\u00bb","block_context":{"text":"Noticias y actualidad","link":"https:\/\/www.reclamador.es\/blog\/noticias\/"},"img":{"alt_text":"propuestas y escapadas en oto\u00f1o por espa\u00f1a","src":"https:\/\/i0.wp.com\/www.reclamador.es\/blog\/wp-content\/uploads\/2025\/09\/destinos-en-otono-por-espana-sierra-de-cazorla.jpg?fit=1200%2C630&ssl=1&resize=350%2C200","width":350,"height":200,"srcset":"https:\/\/i0.wp.com\/www.reclamador.es\/blog\/wp-content\/uploads\/2025\/09\/destinos-en-otono-por-espana-sierra-de-cazorla.jpg?fit=1200%2C630&ssl=1&resize=350%2C200 1x, https:\/\/i0.wp.com\/www.reclamador.es\/blog\/wp-content\/uploads\/2025\/09\/destinos-en-otono-por-espana-sierra-de-cazorla.jpg?fit=1200%2C630&ssl=1&resize=525%2C300 1.5x, https:\/\/i0.wp.com\/www.reclamador.es\/blog\/wp-content\/uploads\/2025\/09\/destinos-en-otono-por-espana-sierra-de-cazorla.jpg?fit=1200%2C630&ssl=1&resize=700%2C400 2x, https:\/\/i0.wp.com\/www.reclamador.es\/blog\/wp-content\/uploads\/2025\/09\/destinos-en-otono-por-espana-sierra-de-cazorla.jpg?fit=1200%2C630&ssl=1&resize=1050%2C600 3x"},"classes":[]},{"id":35531,"url":"https:\/\/www.reclamador.es\/blog\/cuantos-aeropuertos-hay-en-espana\/","url_meta":{"origin":34577,"position":4},"title":"\u00bfCu\u00e1ntos aeropuertos hay en Espa\u00f1a?","author":"Itziar Sanchez","date":"30 enero, 2026","format":false,"excerpt":"En 2026, En Espa\u00f1a hay un total de 46 aeropuertos p\u00fablicos estatales, gestionados por AENA, m\u00e1s 2 helipuertos (Helipuerto de Algeciras y Helipuerto de Ceuta) gestionados tambi\u00e9n por AENA. Adem\u00e1s, en Espa\u00f1a existen aeropuertos p\u00fablicos pero gestionadas por empresas auton\u00f3micas, como pueden ser el Aeropuerto de Castell\u00f3n, el Aeropuerto de\u2026","rel":"","context":"En \u00abNoticias y actualidad\u00bb","block_context":{"text":"Noticias y actualidad","link":"https:\/\/www.reclamador.es\/blog\/noticias\/"},"img":{"alt_text":"cuantos aeropuertos hay en Espa\u00f1a","src":"https:\/\/i0.wp.com\/www.reclamador.es\/blog\/wp-content\/uploads\/2026\/01\/aeropuertos-de-espana-barajas.jpg?fit=1200%2C630&ssl=1&resize=350%2C200","width":350,"height":200,"srcset":"https:\/\/i0.wp.com\/www.reclamador.es\/blog\/wp-content\/uploads\/2026\/01\/aeropuertos-de-espana-barajas.jpg?fit=1200%2C630&ssl=1&resize=350%2C200 1x, https:\/\/i0.wp.com\/www.reclamador.es\/blog\/wp-content\/uploads\/2026\/01\/aeropuertos-de-espana-barajas.jpg?fit=1200%2C630&ssl=1&resize=525%2C300 1.5x, https:\/\/i0.wp.com\/www.reclamador.es\/blog\/wp-content\/uploads\/2026\/01\/aeropuertos-de-espana-barajas.jpg?fit=1200%2C630&ssl=1&resize=700%2C400 2x, https:\/\/i0.wp.com\/www.reclamador.es\/blog\/wp-content\/uploads\/2026\/01\/aeropuertos-de-espana-barajas.jpg?fit=1200%2C630&ssl=1&resize=1050%2C600 3x"},"classes":[]},{"id":34242,"url":"https:\/\/www.reclamador.es\/blog\/llevar-tabaco-y-mechero-en-el-avion\/","url_meta":{"origin":34577,"position":5},"title":"\u00bfSe puede llevar tabaco y mechero en el avi\u00f3n?","author":"Equipo reclamador","date":"21 mayo, 2025","format":false,"excerpt":"En principio, puedes llevar contigo en el avi\u00f3n tabaco y mechero, pero existen restricciones tanto de cantidad, en lo que al tabaco se refiere, como de forma o tipo respecto al mechero. Adem\u00e1s, en cuanto a mecheros o encendedores, tambi\u00e9n hay que tener en cuenta d\u00f3nde llevarlos. Si quieres saber\u2026","rel":"","context":"En \u00abConsejos legales\u00bb","block_context":{"text":"Consejos legales","link":"https:\/\/www.reclamador.es\/blog\/consejos\/"},"img":{"alt_text":"tabaco y mecheros permitidos en los aviones","src":"https:\/\/i0.wp.com\/www.reclamador.es\/blog\/wp-content\/uploads\/2025\/05\/se-puede-llevar-tabaco-y-mechero-en-el-avion-1200x630-1.jpg?fit=1200%2C630&ssl=1&resize=350%2C200","width":350,"height":200,"srcset":"https:\/\/i0.wp.com\/www.reclamador.es\/blog\/wp-content\/uploads\/2025\/05\/se-puede-llevar-tabaco-y-mechero-en-el-avion-1200x630-1.jpg?fit=1200%2C630&ssl=1&resize=350%2C200 1x, https:\/\/i0.wp.com\/www.reclamador.es\/blog\/wp-content\/uploads\/2025\/05\/se-puede-llevar-tabaco-y-mechero-en-el-avion-1200x630-1.jpg?fit=1200%2C630&ssl=1&resize=525%2C300 1.5x, https:\/\/i0.wp.com\/www.reclamador.es\/blog\/wp-content\/uploads\/2025\/05\/se-puede-llevar-tabaco-y-mechero-en-el-avion-1200x630-1.jpg?fit=1200%2C630&ssl=1&resize=700%2C400 2x, https:\/\/i0.wp.com\/www.reclamador.es\/blog\/wp-content\/uploads\/2025\/05\/se-puede-llevar-tabaco-y-mechero-en-el-avion-1200x630-1.jpg?fit=1200%2C630&ssl=1&resize=1050%2C600 3x"},"classes":[]}],"jetpack_sharing_enabled":true,"_links":{"self":[{"href":"https:\/\/www.reclamador.es\/blog\/wp-json\/wp\/v2\/posts\/34577","targetHints":{"allow":["GET"]}}],"collection":[{"href":"https:\/\/www.reclamador.es\/blog\/wp-json\/wp\/v2\/posts"}],"about":[{"href":"https:\/\/www.reclamador.es\/blog\/wp-json\/wp\/v2\/types\/post"}],"author":[{"embeddable":true,"href":"https:\/\/www.reclamador.es\/blog\/wp-json\/wp\/v2\/users\/1"}],"replies":[{"embeddable":true,"href":"https:\/\/www.reclamador.es\/blog\/wp-json\/wp\/v2\/comments?post=34577"}],"version-history":[{"count":3,"href":"https:\/\/www.reclamador.es\/blog\/wp-json\/wp\/v2\/posts\/34577\/revisions"}],"predecessor-version":[{"id":34600,"href":"https:\/\/www.reclamador.es\/blog\/wp-json\/wp\/v2\/posts\/34577\/revisions\/34600"}],"wp:featuredmedia":[{"embeddable":true,"href":"https:\/\/www.reclamador.es\/blog\/wp-json\/wp\/v2\/media\/34578"}],"wp:attachment":[{"href":"https:\/\/www.reclamador.es\/blog\/wp-json\/wp\/v2\/media?parent=34577"}],"wp:term":[{"taxonomy":"category","embeddable":true,"href":"https:\/\/www.reclamador.es\/blog\/wp-json\/wp\/v2\/categories?post=34577"},{"taxonomy":"post_tag","embeddable":true,"href":"https:\/\/www.reclamador.es\/blog\/wp-json\/wp\/v2\/tags?post=34577"}],"curies":[{"name":"wp","href":"https:\/\/api.w.org\/{rel}","templated":true}]}}