{"id":34571,"date":"2025-07-09T09:55:00","date_gmt":"2025-07-09T07:55:00","guid":{"rendered":"https:\/\/www.reclamador.es\/blog\/?p=34571"},"modified":"2025-10-27T09:57:34","modified_gmt":"2025-10-27T08:57:34","slug":"planes-en-ibiza-con-lluvia","status":"publish","type":"post","link":"https:\/\/www.reclamador.es\/blog\/planes-en-ibiza-con-lluvia\/","title":{"rendered":"\u00bfQu\u00e9 hacer en Ibiza con lluvia? Los mejores planes"},"content":{"rendered":"<div class=\"ttr_start\"><\/div>\n\n<div class=\"kk-star-ratings kksr-auto kksr-align-right kksr-valign-top\"\n    data-payload='{&quot;align&quot;:&quot;right&quot;,&quot;id&quot;:&quot;34571&quot;,&quot;slug&quot;:&quot;default&quot;,&quot;valign&quot;:&quot;top&quot;,&quot;ignore&quot;:&quot;&quot;,&quot;reference&quot;:&quot;auto&quot;,&quot;class&quot;:&quot;&quot;,&quot;count&quot;:&quot;0&quot;,&quot;legendonly&quot;:&quot;&quot;,&quot;readonly&quot;:&quot;&quot;,&quot;score&quot;:&quot;0&quot;,&quot;starsonly&quot;:&quot;&quot;,&quot;best&quot;:&quot;5&quot;,&quot;gap&quot;:&quot;3&quot;,&quot;greet&quot;:&quot;Valora este art\u00edculo&quot;,&quot;legend&quot;:&quot;0\\\/5 - (0 votos)&quot;,&quot;size&quot;:&quot;20&quot;,&quot;title&quot;:&quot;\u00bfQu\u00e9 hacer en Ibiza con lluvia? Los mejores planes&quot;,&quot;width&quot;:&quot;0&quot;,&quot;_legend&quot;:&quot;{score}\\\/{best} - ({count} {votes})&quot;,&quot;font_factor&quot;:&quot;1.25&quot;}'>\n            \n<div class=\"kksr-stars\">\n    \n<div class=\"kksr-stars-inactive\">\n            <div class=\"kksr-star\" data-star=\"1\" style=\"padding-right: 3px\">\n            \n\n<div class=\"kksr-icon\" style=\"width: 20px; height: 20px;\"><\/div>\n        <\/div>\n            <div class=\"kksr-star\" data-star=\"2\" style=\"padding-right: 3px\">\n            \n\n<div class=\"kksr-icon\" style=\"width: 20px; height: 20px;\"><\/div>\n        <\/div>\n            <div class=\"kksr-star\" data-star=\"3\" style=\"padding-right: 3px\">\n            \n\n<div class=\"kksr-icon\" style=\"width: 20px; height: 20px;\"><\/div>\n        <\/div>\n            <div class=\"kksr-star\" data-star=\"4\" style=\"padding-right: 3px\">\n            \n\n<div class=\"kksr-icon\" style=\"width: 20px; height: 20px;\"><\/div>\n        <\/div>\n            <div class=\"kksr-star\" data-star=\"5\" style=\"padding-right: 3px\">\n            \n\n<div class=\"kksr-icon\" style=\"width: 20px; height: 20px;\"><\/div>\n        <\/div>\n    <\/div>\n    \n<div class=\"kksr-stars-active\" style=\"width: 0px;\">\n            <div class=\"kksr-star\" style=\"padding-right: 3px\">\n            \n\n<div class=\"kksr-icon\" style=\"width: 20px; height: 20px;\"><\/div>\n        <\/div>\n            <div class=\"kksr-star\" style=\"padding-right: 3px\">\n            \n\n<div class=\"kksr-icon\" style=\"width: 20px; height: 20px;\"><\/div>\n        <\/div>\n            <div class=\"kksr-star\" style=\"padding-right: 3px\">\n            \n\n<div class=\"kksr-icon\" style=\"width: 20px; height: 20px;\"><\/div>\n        <\/div>\n            <div class=\"kksr-star\" style=\"padding-right: 3px\">\n            \n\n<div class=\"kksr-icon\" style=\"width: 20px; height: 20px;\"><\/div>\n        <\/div>\n            <div class=\"kksr-star\" style=\"padding-right: 3px\">\n            \n\n<div class=\"kksr-icon\" style=\"width: 20px; height: 20px;\"><\/div>\n        <\/div>\n    <\/div>\n<\/div>\n                \n\n<div class=\"kksr-legend\" style=\"font-size: 16px;\">\n            <span class=\"kksr-muted\">Valora este art\u00edculo<\/span>\n    <\/div>\n    <\/div>\n\n<figure id=\"attachment_34573\" aria-describedby=\"caption-attachment-34573\" style=\"width: 1200px\" class=\"wp-caption aligncenter\"><img data-recalc-dims=\"1\" loading=\"lazy\" decoding=\"async\" class=\"size-full wp-image-34573\" src=\"https:\/\/i0.wp.com\/www.reclamador.es\/blog\/wp-content\/uploads\/2025\/06\/planes-en-Ibiza-con-lluvia.jpg?resize=1200%2C630&#038;ssl=1\" alt=\"Llueve en Ibiza - planes con lluvia\" width=\"1200\" height=\"630\" srcset=\"https:\/\/i0.wp.com\/www.reclamador.es\/blog\/wp-content\/uploads\/2025\/06\/planes-en-Ibiza-con-lluvia.jpg?w=1200&amp;ssl=1 1200w, https:\/\/i0.wp.com\/www.reclamador.es\/blog\/wp-content\/uploads\/2025\/06\/planes-en-Ibiza-con-lluvia.jpg?resize=800%2C420&amp;ssl=1 800w, https:\/\/i0.wp.com\/www.reclamador.es\/blog\/wp-content\/uploads\/2025\/06\/planes-en-Ibiza-con-lluvia.jpg?resize=150%2C79&amp;ssl=1 150w, https:\/\/i0.wp.com\/www.reclamador.es\/blog\/wp-content\/uploads\/2025\/06\/planes-en-Ibiza-con-lluvia.jpg?resize=768%2C403&amp;ssl=1 768w\" sizes=\"auto, (max-width: 1000px) 100vw, 1000px\" \/><figcaption id=\"caption-attachment-34573\" class=\"wp-caption-text\"><em>Planes en Ibiza con lluvia<\/em><\/figcaption><\/figure>\n<p><span style=\"font-weight: 400;\">Ibiza es sin\u00f3nimo de sol, preciosas playas, ambiente distendido\u2026 Pero la isla tiene muchos m\u00e1s encantos y planes para poder hacer. Como muchas personas aprovechan los d\u00edas de lluvia o muy nublados para conocer otros lugares que no sean las playas de Ibiza, en este art\u00edculo hemos recopilado varios planes en Ibiza para un d\u00eda de lluvia. \u00a1Y si no llueve pero quieres conocer otros atractivos de esta preciosa regi\u00f3n, tambi\u00e9n!\u00a0<\/span><\/p>\n<h2><b>Planes en Ibiza con lluvia<\/b><\/h2>\n<p>Vamos ya con esta gu\u00eda para tus vacaciones en Ibiza.\u00a0<\/p>\n<h3><b>Una visita a Dalt Vila<\/b><\/h3>\n<p><span style=\"font-weight: 400;\">Seguramente, si llueve, bajar\u00e1n las temperaturas y pese a que tengas que <a href=\"https:\/\/www.reclamador.es\/blog\/se-puede-llevar-paraguas-en-el-avion-equipaje-de-mano-y-facturado\/\">llevar paraguas<\/a>, puedes <strong>aprovechar el d\u00eda para conocer Dalt Vila, el casco antiguo de Ibiza,<\/strong> con sus bonitas calles empedradas, la Catedral de Santa Mar\u00eda, los bastiones defensivos de la ciudad e, incluso, los museos que se encuentran dentro de la fortaleza.\u00a0<\/span><\/p>\n<h3><b>Disfruta de la aut\u00e9ntica gastronom\u00eda de la isla de Ibiza<\/b><\/h3>\n<p><span style=\"font-weight: 400;\">Sal de los puntos m\u00e1s tur\u00edsticos de la isla, ad\u00e9ntrate en el coraz\u00f3n de Ibiza y prueba su aut\u00e9ntica gastronom\u00eda. \u00bfLlueve en Ibiza? <strong>Prueba un bullit de peix<\/strong> (guiso de pescado) o un <strong>sofrit pag\u00e8s<\/strong>. Visita mercados cubiertos como el <strong>Mercat Vell o el Mercado de Santa Eulalia<\/strong> para comprar productos locales o reserva en alguno de los restaurantes con encanto del interior de la isla.<\/span><\/p>\n<h3><b>Artesan\u00eda y moda local de Ibiza<\/b><\/h3>\n<p><span style=\"font-weight: 400;\">Pasear por las tiendas de dise\u00f1o, artesan\u00eda y moda ibicenca tambi\u00e9n es una forma de conocer la isla. Dir\u00edgete a las zonas de <strong>Marina Botafoch<\/strong>, <strong>Santa Gertrudis<\/strong> o el centro de Ibiza ciudad para encontrar marcas locales y <strong>moda adlib<\/strong>.<\/span><\/p>\n<h3><b>Una visita a las Cuevas de Can Mar\u00e7\u00e0<\/b><\/h3>\n<p><span style=\"font-weight: 400;\">Visitar las Cuevas de Can <\/span><span style=\"font-weight: 400;\">Can Mar\u00e7\u00e0 tambi\u00e9n puede ser una incre\u00edble experiencia en tus <a href=\"https:\/\/www.reclamador.es\/blog\/vacaciones-en-ibiza-guia-en-caso-de-necesidad-problemas-viaje\/\">vacaciones en Ibiza<\/a>, tanto para tener en cuenta como uno de los planes en Ibiza para un d\u00eda de lluvia como si lo que pretendes es escapar del calor de la zona.\u00a0<\/span><\/p>\n<p><span style=\"font-weight: 400;\">Estas cuevas est\u00e1n ubicadas en el Puerto de San Miguel y son ideales tanto para planes en familia en Ibiza como en pareja o con amigos. El precio para este 2025 es de 15 \u20ac por persona para mayores de 12 a\u00f1os y de 9 \u20ac para ni\u00f1os entre 5 y 12 a\u00f1os.\u00a0<\/span><\/p>\n<h2><b>\u00bfY si por la lluvia en Ibiza retrasan o cancelan tu vuelo?<\/b><\/h2>\n<p><span style=\"font-weight: 400;\">Pues si esto ocurre, el primer consejo que te damos en <\/span><span style=\"font-weight: 400;\">reclamador.es<\/span><span style=\"font-weight: 400;\"> es que no te f\u00edes de la excusa de la aerol\u00ednea. Si se trata de una fuerte DANA o tormenta que est\u00e1 impidiendo despegar o aterrizar todos los vuelos, entonces nos encontrar\u00edamos ante un retraso de vuelo o cancelaci\u00f3n por fuerza mayor y pese a que la aerol\u00ednea tiene que reubicarte o reembolsar el precio del billete, no podr\u00edas reclamar una indemnizaci\u00f3n.<\/span><\/p>\n<p><span style=\"font-weight: 400;\">Pero mucho ojo, <strong>no te f\u00edes de la aerol\u00ednea, en <\/strong><\/span><strong>reclamador.es<\/strong><span style=\"font-weight: 400;\"><strong> nos hemos encontrado cientos de casos en los que la excusa de la aerol\u00ednea es mal tiempo para esconder sus problemas operativos y no indemnizar a sus viajeros y viajeras.<\/strong> Por eso, si t\u00fa ves que es una lluvia normal o que se pasa en poco tiempo pero la aerol\u00ednea tu vuelo lo ha retrasado muchas horas o bien est\u00e1s viendo como otros vuelos s\u00ed despegan pero el tuyo no, desconf\u00eda de la aerol\u00ednea.\u00a0<\/span><\/p>\n<p><span style=\"font-weight: 400;\">Lo mejor en estos casos es que <strong>compruebes gratis en nuestro buscador si el retraso o la <a href=\"https:\/\/www.reclamador.es\/aerolineas\/aeropuertos\/ibiza-ibz\/\">cancelaci\u00f3n de tu vuelo en Ibiza<\/a> te da o no derecho a reclamar una compensaci\u00f3n econ\u00f3mica.<\/strong> Nosotros te diremos la verdad y, si puedes reclamar, nos podemos encargar de todo, sin que adelantes dinero para iniciar tu reclamaci\u00f3n, pues cobramos al final un porcentaje de lo que te pague la aerol\u00ednea,\u00a0 \u00a1t\u00fa siempre ganas gracias a <\/span><span style=\"font-weight: 400;\">reclamador.es<\/span><span style=\"font-weight: 400;\">!<\/span><\/p>\n<h2 style=\"text-align: center;\"><strong><a class=\"button-lead\" href=\"https:\/\/www.reclamador.es\/form\/complaint\/cancellation\/\" rel=\"nofollow noopener\">Completa nuestro formulario y reclama tu vuelo cancelado<\/a><\/strong><\/h2>\n\n\n<div class=\"ttr_end\"><\/div>","protected":false},"excerpt":{"rendered":"<p>Ibiza es sin\u00f3nimo de sol, preciosas playas, ambiente distendido\u2026 Pero la isla tiene muchos m\u00e1s encantos y planes para poder hacer. Como muchas personas aprovechan los d\u00edas de lluvia o muy nublados para conocer otros lugares que no sean las playas de Ibiza, en este art\u00edculo hemos recopilado varios planes en Ibiza para un d\u00eda [&hellip;]<\/p>\n","protected":false},"author":1,"featured_media":34573,"comment_status":"open","ping_status":"open","sticky":false,"template":"","format":"standard","meta":{"_acf_changed":false,"_genesis_hide_title":false,"_genesis_hide_breadcrumbs":false,"_genesis_hide_singular_image":false,"_genesis_hide_footer_widgets":false,"_genesis_custom_body_class":"","_genesis_custom_post_class":"","_genesis_layout":"","_jetpack_newsletter_access":"","_jetpack_dont_email_post_to_subs":false,"_jetpack_newsletter_tier_id":0,"_jetpack_memberships_contains_paywalled_content":false,"_jetpack_memberships_contains_paid_content":false,"footnotes":""},"categories":[393],"tags":[380,769],"class_list":{"0":"post-34571","1":"post","2":"type-post","3":"status-publish","4":"format-standard","5":"has-post-thumbnail","7":"category-consejos","8":"tag-aerolineas","9":"tag-ibiza-aeropuerto","10":"entry"},"acf":[],"yoast_head":"<!-- This site is optimized with the Yoast SEO plugin v27.4 - https:\/\/yoast.com\/product\/yoast-seo-wordpress\/ -->\n<title>\u00bfQu\u00e9 hacer en Ibiza con lluvia? Te indicamos los mejores planes<\/title>\n<meta name=\"description\" content=\"\u00bfLlueve en Ibiza? \u00a1No te preocupes! Te dejamos 4 planes en Ibiza con lluvia o por si quieres hacer algo m\u00e1s que sol y playa.\" \/>\n<meta name=\"robots\" content=\"index, follow, max-snippet:-1, max-image-preview:large, max-video-preview:-1\" \/>\n<link rel=\"canonical\" href=\"https:\/\/www.reclamador.es\/blog\/planes-en-ibiza-con-lluvia\/\" \/>\n<meta property=\"og:locale\" content=\"es_ES\" \/>\n<meta property=\"og:type\" content=\"article\" \/>\n<meta property=\"og:title\" content=\"\u00bfQu\u00e9 hacer en Ibiza con lluvia? Te indicamos los mejores planes\" \/>\n<meta property=\"og:description\" content=\"\u00bfLlueve en Ibiza? \u00a1No te preocupes! Te dejamos 4 planes en Ibiza con lluvia o por si quieres hacer algo m\u00e1s que sol y playa.\" \/>\n<meta property=\"og:url\" content=\"https:\/\/www.reclamador.es\/blog\/planes-en-ibiza-con-lluvia\/\" \/>\n<meta property=\"og:site_name\" content=\"Rebeldes con causa, el blog de reclamador.es\" \/>\n<meta property=\"article:publisher\" content=\"https:\/\/www.facebook.com\/reclamador.es\" \/>\n<meta property=\"article:published_time\" content=\"2025-07-09T07:55:00+00:00\" \/>\n<meta property=\"article:modified_time\" content=\"2025-10-27T08:57:34+00:00\" \/>\n<meta property=\"og:image\" content=\"https:\/\/www.reclamador.es\/blog\/wp-content\/uploads\/2025\/06\/planes-en-Ibiza-con-lluvia.jpg\" \/>\n\t<meta property=\"og:image:width\" content=\"1200\" \/>\n\t<meta property=\"og:image:height\" content=\"630\" \/>\n\t<meta property=\"og:image:type\" content=\"image\/jpeg\" \/>\n<meta name=\"author\" content=\"Equipo reclamador\" \/>\n<meta name=\"twitter:card\" content=\"summary_large_image\" \/>\n<meta name=\"twitter:creator\" content=\"@reclamador\" \/>\n<meta name=\"twitter:site\" content=\"@reclamador\" \/>\n<meta name=\"twitter:label1\" content=\"Escrito por\" \/>\n\t<meta name=\"twitter:data1\" content=\"Equipo reclamador\" \/>\n\t<meta name=\"twitter:label2\" content=\"Tiempo de lectura\" \/>\n\t<meta name=\"twitter:data2\" content=\"4 minutos\" \/>\n<script type=\"application\/ld+json\" class=\"yoast-schema-graph\">{\"@context\":\"https:\\\/\\\/schema.org\",\"@graph\":[{\"@type\":\"Article\",\"@id\":\"https:\\\/\\\/www.reclamador.es\\\/blog\\\/planes-en-ibiza-con-lluvia\\\/#article\",\"isPartOf\":{\"@id\":\"https:\\\/\\\/www.reclamador.es\\\/blog\\\/planes-en-ibiza-con-lluvia\\\/\"},\"author\":{\"name\":\"Equipo reclamador\",\"@id\":\"https:\\\/\\\/www.reclamador.es\\\/blog\\\/#\\\/schema\\\/person\\\/1ed83eef8b6566cb5e4c812d9bc5c4bf\"},\"headline\":\"\u00bfQu\u00e9 hacer en Ibiza con lluvia? Los mejores planes\",\"datePublished\":\"2025-07-09T07:55:00+00:00\",\"dateModified\":\"2025-10-27T08:57:34+00:00\",\"mainEntityOfPage\":{\"@id\":\"https:\\\/\\\/www.reclamador.es\\\/blog\\\/planes-en-ibiza-con-lluvia\\\/\"},\"wordCount\":695,\"commentCount\":0,\"publisher\":{\"@id\":\"https:\\\/\\\/www.reclamador.es\\\/blog\\\/#organization\"},\"image\":{\"@id\":\"https:\\\/\\\/www.reclamador.es\\\/blog\\\/planes-en-ibiza-con-lluvia\\\/#primaryimage\"},\"thumbnailUrl\":\"https:\\\/\\\/i0.wp.com\\\/www.reclamador.es\\\/blog\\\/wp-content\\\/uploads\\\/2025\\\/06\\\/planes-en-Ibiza-con-lluvia.jpg?fit=1200%2C630&ssl=1\",\"keywords\":[\"aerol\u00edneas\",\"ibiza aeropuerto\"],\"articleSection\":[\"Consejos legales\"],\"inLanguage\":\"es\",\"potentialAction\":[{\"@type\":\"CommentAction\",\"name\":\"Comment\",\"target\":[\"https:\\\/\\\/www.reclamador.es\\\/blog\\\/planes-en-ibiza-con-lluvia\\\/#respond\"]}]},{\"@type\":\"WebPage\",\"@id\":\"https:\\\/\\\/www.reclamador.es\\\/blog\\\/planes-en-ibiza-con-lluvia\\\/\",\"url\":\"https:\\\/\\\/www.reclamador.es\\\/blog\\\/planes-en-ibiza-con-lluvia\\\/\",\"name\":\"\u00bfQu\u00e9 hacer en Ibiza con lluvia? Te indicamos los mejores planes\",\"isPartOf\":{\"@id\":\"https:\\\/\\\/www.reclamador.es\\\/blog\\\/#website\"},\"primaryImageOfPage\":{\"@id\":\"https:\\\/\\\/www.reclamador.es\\\/blog\\\/planes-en-ibiza-con-lluvia\\\/#primaryimage\"},\"image\":{\"@id\":\"https:\\\/\\\/www.reclamador.es\\\/blog\\\/planes-en-ibiza-con-lluvia\\\/#primaryimage\"},\"thumbnailUrl\":\"https:\\\/\\\/i0.wp.com\\\/www.reclamador.es\\\/blog\\\/wp-content\\\/uploads\\\/2025\\\/06\\\/planes-en-Ibiza-con-lluvia.jpg?fit=1200%2C630&ssl=1\",\"datePublished\":\"2025-07-09T07:55:00+00:00\",\"dateModified\":\"2025-10-27T08:57:34+00:00\",\"description\":\"\u00bfLlueve en Ibiza? \u00a1No te preocupes! Te dejamos 4 planes en Ibiza con lluvia o por si quieres hacer algo m\u00e1s que sol y playa.\",\"breadcrumb\":{\"@id\":\"https:\\\/\\\/www.reclamador.es\\\/blog\\\/planes-en-ibiza-con-lluvia\\\/#breadcrumb\"},\"inLanguage\":\"es\",\"potentialAction\":[{\"@type\":\"ReadAction\",\"target\":[\"https:\\\/\\\/www.reclamador.es\\\/blog\\\/planes-en-ibiza-con-lluvia\\\/\"]}]},{\"@type\":\"ImageObject\",\"inLanguage\":\"es\",\"@id\":\"https:\\\/\\\/www.reclamador.es\\\/blog\\\/planes-en-ibiza-con-lluvia\\\/#primaryimage\",\"url\":\"https:\\\/\\\/i0.wp.com\\\/www.reclamador.es\\\/blog\\\/wp-content\\\/uploads\\\/2025\\\/06\\\/planes-en-Ibiza-con-lluvia.jpg?fit=1200%2C630&ssl=1\",\"contentUrl\":\"https:\\\/\\\/i0.wp.com\\\/www.reclamador.es\\\/blog\\\/wp-content\\\/uploads\\\/2025\\\/06\\\/planes-en-Ibiza-con-lluvia.jpg?fit=1200%2C630&ssl=1\",\"width\":1200,\"height\":630,\"caption\":\"Planes en Ibiza con lluvia\"},{\"@type\":\"BreadcrumbList\",\"@id\":\"https:\\\/\\\/www.reclamador.es\\\/blog\\\/planes-en-ibiza-con-lluvia\\\/#breadcrumb\",\"itemListElement\":[{\"@type\":\"ListItem\",\"position\":1,\"name\":\"Portada\",\"item\":\"https:\\\/\\\/www.reclamador.es\\\/blog\\\/\"},{\"@type\":\"ListItem\",\"position\":2,\"name\":\"\u00bfQu\u00e9 hacer en Ibiza con lluvia? Los mejores planes\"}]},{\"@type\":\"WebSite\",\"@id\":\"https:\\\/\\\/www.reclamador.es\\\/blog\\\/#website\",\"url\":\"https:\\\/\\\/www.reclamador.es\\\/blog\\\/\",\"name\":\"Rebeldes con causa, el blog de reclamador.es\",\"description\":\"Noticias, entrevistas y consejos sobre reclamaciones\",\"publisher\":{\"@id\":\"https:\\\/\\\/www.reclamador.es\\\/blog\\\/#organization\"},\"potentialAction\":[{\"@type\":\"SearchAction\",\"target\":{\"@type\":\"EntryPoint\",\"urlTemplate\":\"https:\\\/\\\/www.reclamador.es\\\/blog\\\/?s={search_term_string}\"},\"query-input\":{\"@type\":\"PropertyValueSpecification\",\"valueRequired\":true,\"valueName\":\"search_term_string\"}}],\"inLanguage\":\"es\"},{\"@type\":\"Organization\",\"@id\":\"https:\\\/\\\/www.reclamador.es\\\/blog\\\/#organization\",\"name\":\"reclamador.es\",\"url\":\"https:\\\/\\\/www.reclamador.es\\\/blog\\\/\",\"logo\":{\"@type\":\"ImageObject\",\"inLanguage\":\"es\",\"@id\":\"https:\\\/\\\/www.reclamador.es\\\/blog\\\/#\\\/schema\\\/logo\\\/image\\\/\",\"url\":\"https:\\\/\\\/i0.wp.com\\\/www.reclamador.es\\\/blog\\\/wp-content\\\/uploads\\\/2020\\\/01\\\/logo-reclamador.png?fit=1200%2C144&ssl=1\",\"contentUrl\":\"https:\\\/\\\/i0.wp.com\\\/www.reclamador.es\\\/blog\\\/wp-content\\\/uploads\\\/2020\\\/01\\\/logo-reclamador.png?fit=1200%2C144&ssl=1\",\"width\":1200,\"height\":144,\"caption\":\"reclamador.es\"},\"image\":{\"@id\":\"https:\\\/\\\/www.reclamador.es\\\/blog\\\/#\\\/schema\\\/logo\\\/image\\\/\"},\"sameAs\":[\"https:\\\/\\\/www.facebook.com\\\/reclamador.es\",\"https:\\\/\\\/x.com\\\/reclamador\",\"https:\\\/\\\/www.instagram.com\\\/reclamador.es\\\/\",\"https:\\\/\\\/www.linkedin.com\\\/company\\\/reclamador-es\",\"https:\\\/\\\/www.youtube.com\\\/user\\\/Reclamadores\"]},{\"@type\":\"Person\",\"@id\":\"https:\\\/\\\/www.reclamador.es\\\/blog\\\/#\\\/schema\\\/person\\\/1ed83eef8b6566cb5e4c812d9bc5c4bf\",\"name\":\"Equipo reclamador\",\"image\":{\"@type\":\"ImageObject\",\"inLanguage\":\"es\",\"@id\":\"https:\\\/\\\/secure.gravatar.com\\\/avatar\\\/6442ecdc2c4472c600c113f34d340feca47107d6aa4f42f1e3e75a2a8e28a760?s=96&d=mm&r=g\",\"url\":\"https:\\\/\\\/secure.gravatar.com\\\/avatar\\\/6442ecdc2c4472c600c113f34d340feca47107d6aa4f42f1e3e75a2a8e28a760?s=96&d=mm&r=g\",\"contentUrl\":\"https:\\\/\\\/secure.gravatar.com\\\/avatar\\\/6442ecdc2c4472c600c113f34d340feca47107d6aa4f42f1e3e75a2a8e28a760?s=96&d=mm&r=g\",\"caption\":\"Equipo reclamador\"},\"description\":\"Las personas que hacen posible reclamador.es\",\"url\":\"https:\\\/\\\/www.reclamador.es\\\/blog\\\/author\\\/administrador\\\/\"}]}<\/script>\n<!-- \/ Yoast SEO plugin. -->","yoast_head_json":{"title":"\u00bfQu\u00e9 hacer en Ibiza con lluvia? Te indicamos los mejores planes","description":"\u00bfLlueve en Ibiza? \u00a1No te preocupes! Te dejamos 4 planes en Ibiza con lluvia o por si quieres hacer algo m\u00e1s que sol y playa.","robots":{"index":"index","follow":"follow","max-snippet":"max-snippet:-1","max-image-preview":"max-image-preview:large","max-video-preview":"max-video-preview:-1"},"canonical":"https:\/\/www.reclamador.es\/blog\/planes-en-ibiza-con-lluvia\/","og_locale":"es_ES","og_type":"article","og_title":"\u00bfQu\u00e9 hacer en Ibiza con lluvia? Te indicamos los mejores planes","og_description":"\u00bfLlueve en Ibiza? \u00a1No te preocupes! Te dejamos 4 planes en Ibiza con lluvia o por si quieres hacer algo m\u00e1s que sol y playa.","og_url":"https:\/\/www.reclamador.es\/blog\/planes-en-ibiza-con-lluvia\/","og_site_name":"Rebeldes con causa, el blog de reclamador.es","article_publisher":"https:\/\/www.facebook.com\/reclamador.es","article_published_time":"2025-07-09T07:55:00+00:00","article_modified_time":"2025-10-27T08:57:34+00:00","og_image":[{"width":1200,"height":630,"url":"https:\/\/www.reclamador.es\/blog\/wp-content\/uploads\/2025\/06\/planes-en-Ibiza-con-lluvia.jpg","type":"image\/jpeg"}],"author":"Equipo reclamador","twitter_card":"summary_large_image","twitter_creator":"@reclamador","twitter_site":"@reclamador","twitter_misc":{"Escrito por":"Equipo reclamador","Tiempo de lectura":"4 minutos"},"schema":{"@context":"https:\/\/schema.org","@graph":[{"@type":"Article","@id":"https:\/\/www.reclamador.es\/blog\/planes-en-ibiza-con-lluvia\/#article","isPartOf":{"@id":"https:\/\/www.reclamador.es\/blog\/planes-en-ibiza-con-lluvia\/"},"author":{"name":"Equipo reclamador","@id":"https:\/\/www.reclamador.es\/blog\/#\/schema\/person\/1ed83eef8b6566cb5e4c812d9bc5c4bf"},"headline":"\u00bfQu\u00e9 hacer en Ibiza con lluvia? Los mejores planes","datePublished":"2025-07-09T07:55:00+00:00","dateModified":"2025-10-27T08:57:34+00:00","mainEntityOfPage":{"@id":"https:\/\/www.reclamador.es\/blog\/planes-en-ibiza-con-lluvia\/"},"wordCount":695,"commentCount":0,"publisher":{"@id":"https:\/\/www.reclamador.es\/blog\/#organization"},"image":{"@id":"https:\/\/www.reclamador.es\/blog\/planes-en-ibiza-con-lluvia\/#primaryimage"},"thumbnailUrl":"https:\/\/i0.wp.com\/www.reclamador.es\/blog\/wp-content\/uploads\/2025\/06\/planes-en-Ibiza-con-lluvia.jpg?fit=1200%2C630&ssl=1","keywords":["aerol\u00edneas","ibiza aeropuerto"],"articleSection":["Consejos legales"],"inLanguage":"es","potentialAction":[{"@type":"CommentAction","name":"Comment","target":["https:\/\/www.reclamador.es\/blog\/planes-en-ibiza-con-lluvia\/#respond"]}]},{"@type":"WebPage","@id":"https:\/\/www.reclamador.es\/blog\/planes-en-ibiza-con-lluvia\/","url":"https:\/\/www.reclamador.es\/blog\/planes-en-ibiza-con-lluvia\/","name":"\u00bfQu\u00e9 hacer en Ibiza con lluvia? Te indicamos los mejores planes","isPartOf":{"@id":"https:\/\/www.reclamador.es\/blog\/#website"},"primaryImageOfPage":{"@id":"https:\/\/www.reclamador.es\/blog\/planes-en-ibiza-con-lluvia\/#primaryimage"},"image":{"@id":"https:\/\/www.reclamador.es\/blog\/planes-en-ibiza-con-lluvia\/#primaryimage"},"thumbnailUrl":"https:\/\/i0.wp.com\/www.reclamador.es\/blog\/wp-content\/uploads\/2025\/06\/planes-en-Ibiza-con-lluvia.jpg?fit=1200%2C630&ssl=1","datePublished":"2025-07-09T07:55:00+00:00","dateModified":"2025-10-27T08:57:34+00:00","description":"\u00bfLlueve en Ibiza? \u00a1No te preocupes! Te dejamos 4 planes en Ibiza con lluvia o por si quieres hacer algo m\u00e1s que sol y playa.","breadcrumb":{"@id":"https:\/\/www.reclamador.es\/blog\/planes-en-ibiza-con-lluvia\/#breadcrumb"},"inLanguage":"es","potentialAction":[{"@type":"ReadAction","target":["https:\/\/www.reclamador.es\/blog\/planes-en-ibiza-con-lluvia\/"]}]},{"@type":"ImageObject","inLanguage":"es","@id":"https:\/\/www.reclamador.es\/blog\/planes-en-ibiza-con-lluvia\/#primaryimage","url":"https:\/\/i0.wp.com\/www.reclamador.es\/blog\/wp-content\/uploads\/2025\/06\/planes-en-Ibiza-con-lluvia.jpg?fit=1200%2C630&ssl=1","contentUrl":"https:\/\/i0.wp.com\/www.reclamador.es\/blog\/wp-content\/uploads\/2025\/06\/planes-en-Ibiza-con-lluvia.jpg?fit=1200%2C630&ssl=1","width":1200,"height":630,"caption":"Planes en Ibiza con lluvia"},{"@type":"BreadcrumbList","@id":"https:\/\/www.reclamador.es\/blog\/planes-en-ibiza-con-lluvia\/#breadcrumb","itemListElement":[{"@type":"ListItem","position":1,"name":"Portada","item":"https:\/\/www.reclamador.es\/blog\/"},{"@type":"ListItem","position":2,"name":"\u00bfQu\u00e9 hacer en Ibiza con lluvia? Los mejores planes"}]},{"@type":"WebSite","@id":"https:\/\/www.reclamador.es\/blog\/#website","url":"https:\/\/www.reclamador.es\/blog\/","name":"Rebeldes con causa, el blog de reclamador.es","description":"Noticias, entrevistas y consejos sobre reclamaciones","publisher":{"@id":"https:\/\/www.reclamador.es\/blog\/#organization"},"potentialAction":[{"@type":"SearchAction","target":{"@type":"EntryPoint","urlTemplate":"https:\/\/www.reclamador.es\/blog\/?s={search_term_string}"},"query-input":{"@type":"PropertyValueSpecification","valueRequired":true,"valueName":"search_term_string"}}],"inLanguage":"es"},{"@type":"Organization","@id":"https:\/\/www.reclamador.es\/blog\/#organization","name":"reclamador.es","url":"https:\/\/www.reclamador.es\/blog\/","logo":{"@type":"ImageObject","inLanguage":"es","@id":"https:\/\/www.reclamador.es\/blog\/#\/schema\/logo\/image\/","url":"https:\/\/i0.wp.com\/www.reclamador.es\/blog\/wp-content\/uploads\/2020\/01\/logo-reclamador.png?fit=1200%2C144&ssl=1","contentUrl":"https:\/\/i0.wp.com\/www.reclamador.es\/blog\/wp-content\/uploads\/2020\/01\/logo-reclamador.png?fit=1200%2C144&ssl=1","width":1200,"height":144,"caption":"reclamador.es"},"image":{"@id":"https:\/\/www.reclamador.es\/blog\/#\/schema\/logo\/image\/"},"sameAs":["https:\/\/www.facebook.com\/reclamador.es","https:\/\/x.com\/reclamador","https:\/\/www.instagram.com\/reclamador.es\/","https:\/\/www.linkedin.com\/company\/reclamador-es","https:\/\/www.youtube.com\/user\/Reclamadores"]},{"@type":"Person","@id":"https:\/\/www.reclamador.es\/blog\/#\/schema\/person\/1ed83eef8b6566cb5e4c812d9bc5c4bf","name":"Equipo reclamador","image":{"@type":"ImageObject","inLanguage":"es","@id":"https:\/\/secure.gravatar.com\/avatar\/6442ecdc2c4472c600c113f34d340feca47107d6aa4f42f1e3e75a2a8e28a760?s=96&d=mm&r=g","url":"https:\/\/secure.gravatar.com\/avatar\/6442ecdc2c4472c600c113f34d340feca47107d6aa4f42f1e3e75a2a8e28a760?s=96&d=mm&r=g","contentUrl":"https:\/\/secure.gravatar.com\/avatar\/6442ecdc2c4472c600c113f34d340feca47107d6aa4f42f1e3e75a2a8e28a760?s=96&d=mm&r=g","caption":"Equipo reclamador"},"description":"Las personas que hacen posible reclamador.es","url":"https:\/\/www.reclamador.es\/blog\/author\/administrador\/"}]}},"jetpack_featured_media_url":"https:\/\/i0.wp.com\/www.reclamador.es\/blog\/wp-content\/uploads\/2025\/06\/planes-en-Ibiza-con-lluvia.jpg?fit=1200%2C630&ssl=1","jetpack-related-posts":[{"id":32559,"url":"https:\/\/www.reclamador.es\/blog\/vacaciones-en-ibiza-guia-en-caso-de-necesidad-problemas-viaje\/","url_meta":{"origin":34571,"position":0},"title":"\u00bfVacaciones en Ibiza? Gu\u00eda en caso de necesidad por problemas en el viaje","author":"Equipo reclamador","date":"10 julio, 2024","format":false,"excerpt":"El verano 2024 ya est\u00e1 en pleno apogeo. Seg\u00fan datos oficiales del Gobierno de las Islas Baleares, en el a\u00f1o 2023, Ibiza y Formentera batieron r\u00e9cord de turismo con 3.712.160 turistas en todo el a\u00f1o. Sin duda, un destino muy atractivo. Y, al tratarse de una isla, la principal v\u00eda\u2026","rel":"","context":"En \u00abConsejos legales\u00bb","block_context":{"text":"Consejos legales","link":"https:\/\/www.reclamador.es\/blog\/consejos\/"},"img":{"alt_text":"guia alternativa vacaciones en Ibiza","src":"https:\/\/i0.wp.com\/www.reclamador.es\/blog\/wp-content\/uploads\/2024\/07\/vacaciones-en-ibiza-guia-1200x630-1.jpg?fit=1200%2C630&ssl=1&resize=350%2C200","width":350,"height":200,"srcset":"https:\/\/i0.wp.com\/www.reclamador.es\/blog\/wp-content\/uploads\/2024\/07\/vacaciones-en-ibiza-guia-1200x630-1.jpg?fit=1200%2C630&ssl=1&resize=350%2C200 1x, https:\/\/i0.wp.com\/www.reclamador.es\/blog\/wp-content\/uploads\/2024\/07\/vacaciones-en-ibiza-guia-1200x630-1.jpg?fit=1200%2C630&ssl=1&resize=525%2C300 1.5x, https:\/\/i0.wp.com\/www.reclamador.es\/blog\/wp-content\/uploads\/2024\/07\/vacaciones-en-ibiza-guia-1200x630-1.jpg?fit=1200%2C630&ssl=1&resize=700%2C400 2x, https:\/\/i0.wp.com\/www.reclamador.es\/blog\/wp-content\/uploads\/2024\/07\/vacaciones-en-ibiza-guia-1200x630-1.jpg?fit=1200%2C630&ssl=1&resize=1050%2C600 3x"},"classes":[]},{"id":32702,"url":"https:\/\/www.reclamador.es\/blog\/curiosidades-vuelos-ibiza\/","url_meta":{"origin":34571,"position":1},"title":"Curiosidades sobre vuelos a Ibiza","author":"Alicia Ria\u00f1o","date":"5 septiembre, 2024","format":false,"excerpt":"Ibiza es uno de los destinos de moda en Espa\u00f1a, tanto para hacer una escapada de pocos d\u00edas como para pasar todas las vacaciones de verano. Es un destino cuya temporada alta va desde Semana Santa hasta finales de septiembre, siendo los meses estivales los m\u00e1s punteros de visitantes en\u2026","rel":"","context":"En \u00abConsejos legales\u00bb","block_context":{"text":"Consejos legales","link":"https:\/\/www.reclamador.es\/blog\/consejos\/"},"img":{"alt_text":"viaje a ibiza - vuelos","src":"https:\/\/i0.wp.com\/www.reclamador.es\/blog\/wp-content\/uploads\/2024\/09\/cosas-que-debes-conocer-en-un-viaje-a-ibiza-1200x630-1.jpg?fit=1200%2C630&ssl=1&resize=350%2C200","width":350,"height":200,"srcset":"https:\/\/i0.wp.com\/www.reclamador.es\/blog\/wp-content\/uploads\/2024\/09\/cosas-que-debes-conocer-en-un-viaje-a-ibiza-1200x630-1.jpg?fit=1200%2C630&ssl=1&resize=350%2C200 1x, https:\/\/i0.wp.com\/www.reclamador.es\/blog\/wp-content\/uploads\/2024\/09\/cosas-que-debes-conocer-en-un-viaje-a-ibiza-1200x630-1.jpg?fit=1200%2C630&ssl=1&resize=525%2C300 1.5x, https:\/\/i0.wp.com\/www.reclamador.es\/blog\/wp-content\/uploads\/2024\/09\/cosas-que-debes-conocer-en-un-viaje-a-ibiza-1200x630-1.jpg?fit=1200%2C630&ssl=1&resize=700%2C400 2x, https:\/\/i0.wp.com\/www.reclamador.es\/blog\/wp-content\/uploads\/2024\/09\/cosas-que-debes-conocer-en-un-viaje-a-ibiza-1200x630-1.jpg?fit=1200%2C630&ssl=1&resize=1050%2C600 3x"},"classes":[]},{"id":34512,"url":"https:\/\/www.reclamador.es\/blog\/regla-5-4-3-2-1-para-hacer-una-maleta\/","url_meta":{"origin":34571,"position":2},"title":"\u00bfQu\u00e9 significa la regla 5-4-3-2-1 para hacer una maleta?","author":"Alicia Ria\u00f1o","date":"23 junio, 2025","format":false,"excerpt":"La regla 5-4-3-2-1 para hacer una maleta la dio a conocer hace ya 10 a\u00f1os la bloguera Vanderzeil, pero sigue de tremenda actualidad y, por supuesto, se considera una de las principales estrategias para preparar el mejor equipaje, especialmente en aquellos en los que no se cuenta con demasiado espacio,\u2026","rel":"","context":"En \u00abConsejos legales\u00bb","block_context":{"text":"Consejos legales","link":"https:\/\/www.reclamador.es\/blog\/consejos\/"},"img":{"alt_text":"Regla 5-4-3-2-1 para hacer una maleta viaje en avi\u00f3n -preparar equipaje","src":"https:\/\/i0.wp.com\/www.reclamador.es\/blog\/wp-content\/uploads\/2025\/06\/regla-5-4-3-2-1-para-hacer-una-maleta.jpg?resize=350%2C200&ssl=1","width":350,"height":200,"srcset":"https:\/\/i0.wp.com\/www.reclamador.es\/blog\/wp-content\/uploads\/2025\/06\/regla-5-4-3-2-1-para-hacer-una-maleta.jpg?resize=350%2C200&ssl=1 1x, https:\/\/i0.wp.com\/www.reclamador.es\/blog\/wp-content\/uploads\/2025\/06\/regla-5-4-3-2-1-para-hacer-una-maleta.jpg?resize=525%2C300&ssl=1 1.5x, https:\/\/i0.wp.com\/www.reclamador.es\/blog\/wp-content\/uploads\/2025\/06\/regla-5-4-3-2-1-para-hacer-una-maleta.jpg?resize=700%2C400&ssl=1 2x, https:\/\/i0.wp.com\/www.reclamador.es\/blog\/wp-content\/uploads\/2025\/06\/regla-5-4-3-2-1-para-hacer-una-maleta.jpg?resize=1050%2C600&ssl=1 3x"},"classes":[]},{"id":22608,"url":"https:\/\/www.reclamador.es\/blog\/ranking-aeropuertos-conflictivos-verano-espana\/","url_meta":{"origin":34571,"position":3},"title":"Los aeropuertos de Barcelona, Madrid y Palma de Mallorca, los m\u00e1s conflictivos en verano 2019","author":"Equipo reclamador","date":"1 agosto, 2019","format":false,"excerpt":"En reclamador.es hemos elaborado un ranking con los 10 aeropuertos m\u00e1s problem\u00e1ticos durante los meses de junio, julio y agosto del pasado a\u00f1o. Ahora que ya est\u00e1 aqu\u00ed agosto y el n\u00famero de pasajeros a\u00e9reos crece de manera significativa, queremos contarte, seg\u00fan los datos de nuestros clientes, cu\u00e1les fueron los\u2026","rel":"","context":"En \u00abNoticias y actualidad\u00bb","block_context":{"text":"Noticias y actualidad","link":"https:\/\/www.reclamador.es\/blog\/noticias\/"},"img":{"alt_text":"aeropuertos problematicos en verano reclamador","src":"https:\/\/i0.wp.com\/www.reclamador.es\/blog\/wp-content\/uploads\/2019\/08\/aeropuertos-problematicos-espa%C3%B1a-reclamador.jpg?fit=1200%2C799&ssl=1&resize=350%2C200","width":350,"height":200,"srcset":"https:\/\/i0.wp.com\/www.reclamador.es\/blog\/wp-content\/uploads\/2019\/08\/aeropuertos-problematicos-espa%C3%B1a-reclamador.jpg?fit=1200%2C799&ssl=1&resize=350%2C200 1x, https:\/\/i0.wp.com\/www.reclamador.es\/blog\/wp-content\/uploads\/2019\/08\/aeropuertos-problematicos-espa%C3%B1a-reclamador.jpg?fit=1200%2C799&ssl=1&resize=525%2C300 1.5x, https:\/\/i0.wp.com\/www.reclamador.es\/blog\/wp-content\/uploads\/2019\/08\/aeropuertos-problematicos-espa%C3%B1a-reclamador.jpg?fit=1200%2C799&ssl=1&resize=700%2C400 2x, https:\/\/i0.wp.com\/www.reclamador.es\/blog\/wp-content\/uploads\/2019\/08\/aeropuertos-problematicos-espa%C3%B1a-reclamador.jpg?fit=1200%2C799&ssl=1&resize=1050%2C600 3x"},"classes":[]},{"id":34577,"url":"https:\/\/www.reclamador.es\/blog\/que-hacer-gran-canaria-lluvia\/","url_meta":{"origin":34571,"position":4},"title":"\u00bfQu\u00e9 hacer en Gran Canaria si llueve?\u00a0","author":"Equipo reclamador","date":"15 julio, 2025","format":false,"excerpt":"Pese a que los meses de verano suelen ser muy secos en la isla de Gran Canaria, consider\u00e1ndose julio como el mes con menos lluvias del a\u00f1o en Gran Canaria, el tiempo es impredecible y todo puede pasar. Igualmente, dado su espectacular clima, la isla recibe turismo durante todo el\u2026","rel":"","context":"En \u00abConsejos legales\u00bb","block_context":{"text":"Consejos legales","link":"https:\/\/www.reclamador.es\/blog\/consejos\/"},"img":{"alt_text":"d\u00eda nublado o lluvia en Las Palmas de Gran Canaria","src":"https:\/\/i0.wp.com\/www.reclamador.es\/blog\/wp-content\/uploads\/2025\/06\/que-hacer-en-Gran-Canaria-si-llueve.jpg?fit=1200%2C630&ssl=1&resize=350%2C200","width":350,"height":200,"srcset":"https:\/\/i0.wp.com\/www.reclamador.es\/blog\/wp-content\/uploads\/2025\/06\/que-hacer-en-Gran-Canaria-si-llueve.jpg?fit=1200%2C630&ssl=1&resize=350%2C200 1x, https:\/\/i0.wp.com\/www.reclamador.es\/blog\/wp-content\/uploads\/2025\/06\/que-hacer-en-Gran-Canaria-si-llueve.jpg?fit=1200%2C630&ssl=1&resize=525%2C300 1.5x, https:\/\/i0.wp.com\/www.reclamador.es\/blog\/wp-content\/uploads\/2025\/06\/que-hacer-en-Gran-Canaria-si-llueve.jpg?fit=1200%2C630&ssl=1&resize=700%2C400 2x, https:\/\/i0.wp.com\/www.reclamador.es\/blog\/wp-content\/uploads\/2025\/06\/que-hacer-en-Gran-Canaria-si-llueve.jpg?fit=1200%2C630&ssl=1&resize=1050%2C600 3x"},"classes":[]},{"id":34186,"url":"https:\/\/www.reclamador.es\/blog\/puede-un-menor-viajar-en-avion-solo\/","url_meta":{"origin":34571,"position":5},"title":"\u00bfCu\u00e1ndo puede un menor viajar solo en avi\u00f3n?","author":"Alicia Ria\u00f1o","date":"12 mayo, 2025","format":false,"excerpt":"Seguramente, a la pregunta \u00bfpuede un menor viajar en avi\u00f3n solo? est\u00e9s pensando que depender\u00e1 de la edad, pues puede no ser lo mismo tener 17 a\u00f1os y querer hacer un viaje con amigos en avi\u00f3n para pasar, por ejemplo, las vacaciones de verano en Ibiza, que hablar de un\u2026","rel":"","context":"En \u00abConsejos legales\u00bb","block_context":{"text":"Consejos legales","link":"https:\/\/www.reclamador.es\/blog\/consejos\/"},"img":{"alt_text":"puede un menor viajar en avion solo Espa\u00f1a internacional","src":"https:\/\/i0.wp.com\/www.reclamador.es\/blog\/wp-content\/uploads\/2025\/05\/cuando-puede-viajar-solo-un-menor-en-un-avion-1200x630-1.jpg?fit=1200%2C630&ssl=1&resize=350%2C200","width":350,"height":200,"srcset":"https:\/\/i0.wp.com\/www.reclamador.es\/blog\/wp-content\/uploads\/2025\/05\/cuando-puede-viajar-solo-un-menor-en-un-avion-1200x630-1.jpg?fit=1200%2C630&ssl=1&resize=350%2C200 1x, https:\/\/i0.wp.com\/www.reclamador.es\/blog\/wp-content\/uploads\/2025\/05\/cuando-puede-viajar-solo-un-menor-en-un-avion-1200x630-1.jpg?fit=1200%2C630&ssl=1&resize=525%2C300 1.5x, https:\/\/i0.wp.com\/www.reclamador.es\/blog\/wp-content\/uploads\/2025\/05\/cuando-puede-viajar-solo-un-menor-en-un-avion-1200x630-1.jpg?fit=1200%2C630&ssl=1&resize=700%2C400 2x, https:\/\/i0.wp.com\/www.reclamador.es\/blog\/wp-content\/uploads\/2025\/05\/cuando-puede-viajar-solo-un-menor-en-un-avion-1200x630-1.jpg?fit=1200%2C630&ssl=1&resize=1050%2C600 3x"},"classes":[]}],"jetpack_sharing_enabled":true,"_links":{"self":[{"href":"https:\/\/www.reclamador.es\/blog\/wp-json\/wp\/v2\/posts\/34571","targetHints":{"allow":["GET"]}}],"collection":[{"href":"https:\/\/www.reclamador.es\/blog\/wp-json\/wp\/v2\/posts"}],"about":[{"href":"https:\/\/www.reclamador.es\/blog\/wp-json\/wp\/v2\/types\/post"}],"author":[{"embeddable":true,"href":"https:\/\/www.reclamador.es\/blog\/wp-json\/wp\/v2\/users\/1"}],"replies":[{"embeddable":true,"href":"https:\/\/www.reclamador.es\/blog\/wp-json\/wp\/v2\/comments?post=34571"}],"version-history":[{"count":3,"href":"https:\/\/www.reclamador.es\/blog\/wp-json\/wp\/v2\/posts\/34571\/revisions"}],"predecessor-version":[{"id":34575,"href":"https:\/\/www.reclamador.es\/blog\/wp-json\/wp\/v2\/posts\/34571\/revisions\/34575"}],"wp:featuredmedia":[{"embeddable":true,"href":"https:\/\/www.reclamador.es\/blog\/wp-json\/wp\/v2\/media\/34573"}],"wp:attachment":[{"href":"https:\/\/www.reclamador.es\/blog\/wp-json\/wp\/v2\/media?parent=34571"}],"wp:term":[{"taxonomy":"category","embeddable":true,"href":"https:\/\/www.reclamador.es\/blog\/wp-json\/wp\/v2\/categories?post=34571"},{"taxonomy":"post_tag","embeddable":true,"href":"https:\/\/www.reclamador.es\/blog\/wp-json\/wp\/v2\/tags?post=34571"}],"curies":[{"name":"wp","href":"https:\/\/api.w.org\/{rel}","templated":true}]}}