{"id":34512,"date":"2025-06-23T11:38:50","date_gmt":"2025-06-23T09:38:50","guid":{"rendered":"https:\/\/www.reclamador.es\/blog\/?p=34512"},"modified":"2025-10-16T09:30:22","modified_gmt":"2025-10-16T07:30:22","slug":"regla-5-4-3-2-1-para-hacer-una-maleta","status":"publish","type":"post","link":"https:\/\/www.reclamador.es\/blog\/regla-5-4-3-2-1-para-hacer-una-maleta\/","title":{"rendered":"\u00bfQu\u00e9 significa la regla 5-4-3-2-1 para hacer una maleta?"},"content":{"rendered":"<div class=\"ttr_start\"><\/div>\n\n<div class=\"kk-star-ratings kksr-auto kksr-align-right kksr-valign-top\"\n    data-payload='{&quot;align&quot;:&quot;right&quot;,&quot;id&quot;:&quot;34512&quot;,&quot;slug&quot;:&quot;default&quot;,&quot;valign&quot;:&quot;top&quot;,&quot;ignore&quot;:&quot;&quot;,&quot;reference&quot;:&quot;auto&quot;,&quot;class&quot;:&quot;&quot;,&quot;count&quot;:&quot;0&quot;,&quot;legendonly&quot;:&quot;&quot;,&quot;readonly&quot;:&quot;&quot;,&quot;score&quot;:&quot;0&quot;,&quot;starsonly&quot;:&quot;&quot;,&quot;best&quot;:&quot;5&quot;,&quot;gap&quot;:&quot;3&quot;,&quot;greet&quot;:&quot;Valora este art\u00edculo&quot;,&quot;legend&quot;:&quot;0\\\/5 - (0 votos)&quot;,&quot;size&quot;:&quot;20&quot;,&quot;title&quot;:&quot;\u00bfQu\u00e9 significa la regla 5-4-3-2-1 para hacer una maleta?&quot;,&quot;width&quot;:&quot;0&quot;,&quot;_legend&quot;:&quot;{score}\\\/{best} - ({count} {votes})&quot;,&quot;font_factor&quot;:&quot;1.25&quot;}'>\n            \n<div class=\"kksr-stars\">\n    \n<div class=\"kksr-stars-inactive\">\n            <div class=\"kksr-star\" data-star=\"1\" style=\"padding-right: 3px\">\n            \n\n<div class=\"kksr-icon\" style=\"width: 20px; height: 20px;\"><\/div>\n        <\/div>\n            <div class=\"kksr-star\" data-star=\"2\" style=\"padding-right: 3px\">\n            \n\n<div class=\"kksr-icon\" style=\"width: 20px; height: 20px;\"><\/div>\n        <\/div>\n            <div class=\"kksr-star\" data-star=\"3\" style=\"padding-right: 3px\">\n            \n\n<div class=\"kksr-icon\" style=\"width: 20px; height: 20px;\"><\/div>\n        <\/div>\n            <div class=\"kksr-star\" data-star=\"4\" style=\"padding-right: 3px\">\n            \n\n<div class=\"kksr-icon\" style=\"width: 20px; height: 20px;\"><\/div>\n        <\/div>\n            <div class=\"kksr-star\" data-star=\"5\" style=\"padding-right: 3px\">\n            \n\n<div class=\"kksr-icon\" style=\"width: 20px; height: 20px;\"><\/div>\n        <\/div>\n    <\/div>\n    \n<div class=\"kksr-stars-active\" style=\"width: 0px;\">\n            <div class=\"kksr-star\" style=\"padding-right: 3px\">\n            \n\n<div class=\"kksr-icon\" style=\"width: 20px; height: 20px;\"><\/div>\n        <\/div>\n            <div class=\"kksr-star\" style=\"padding-right: 3px\">\n            \n\n<div class=\"kksr-icon\" style=\"width: 20px; height: 20px;\"><\/div>\n        <\/div>\n            <div class=\"kksr-star\" style=\"padding-right: 3px\">\n            \n\n<div class=\"kksr-icon\" style=\"width: 20px; height: 20px;\"><\/div>\n        <\/div>\n            <div class=\"kksr-star\" style=\"padding-right: 3px\">\n            \n\n<div class=\"kksr-icon\" style=\"width: 20px; height: 20px;\"><\/div>\n        <\/div>\n            <div class=\"kksr-star\" style=\"padding-right: 3px\">\n            \n\n<div class=\"kksr-icon\" style=\"width: 20px; height: 20px;\"><\/div>\n        <\/div>\n    <\/div>\n<\/div>\n                \n\n<div class=\"kksr-legend\" style=\"font-size: 16px;\">\n            <span class=\"kksr-muted\">Valora este art\u00edculo<\/span>\n    <\/div>\n    <\/div>\n\n<figure id=\"attachment_34523\" aria-describedby=\"caption-attachment-34523\" style=\"width: 1200px\" class=\"wp-caption aligncenter\"><img data-recalc-dims=\"1\" loading=\"lazy\" decoding=\"async\" class=\"size-full wp-image-34523\" src=\"https:\/\/i0.wp.com\/www.reclamador.es\/blog\/wp-content\/uploads\/2025\/06\/regla-5-4-3-2-1-para-hacer-una-maleta.jpg?resize=1200%2C630&#038;ssl=1\" alt=\"Regla 5-4-3-2-1 para hacer una maleta viaje en avi\u00f3n -preparar equipaje\" width=\"1200\" height=\"630\" srcset=\"https:\/\/i0.wp.com\/www.reclamador.es\/blog\/wp-content\/uploads\/2025\/06\/regla-5-4-3-2-1-para-hacer-una-maleta.jpg?w=1200&amp;ssl=1 1200w, https:\/\/i0.wp.com\/www.reclamador.es\/blog\/wp-content\/uploads\/2025\/06\/regla-5-4-3-2-1-para-hacer-una-maleta.jpg?resize=800%2C420&amp;ssl=1 800w, https:\/\/i0.wp.com\/www.reclamador.es\/blog\/wp-content\/uploads\/2025\/06\/regla-5-4-3-2-1-para-hacer-una-maleta.jpg?resize=150%2C79&amp;ssl=1 150w, https:\/\/i0.wp.com\/www.reclamador.es\/blog\/wp-content\/uploads\/2025\/06\/regla-5-4-3-2-1-para-hacer-una-maleta.jpg?resize=768%2C403&amp;ssl=1 768w\" sizes=\"auto, (max-width: 1000px) 100vw, 1000px\" \/><figcaption id=\"caption-attachment-34523\" class=\"wp-caption-text\"><em>Regla 5-4-3-2-1 para hacer una maleta<\/em><\/figcaption><\/figure>\n<p>La <strong>regla 5-4-3-2-1 para hacer una maleta<\/strong> la dio a conocer hace ya 10 a\u00f1os la bloguera Vanderzeil, pero sigue de tremenda actualidad y, por supuesto, se considera una de las principales estrategias para preparar el mejor equipaje, especialmente en aquellos en los que no se cuenta con demasiado espacio, por ejemplo, si viajas \u00fanicamente con una maleta de mano.\u00a0<\/p>\n<h2>\u00bfQu\u00e9 significa o en qu\u00e9 se basa la regla 5-4-3-2-1 para hacer una maleta?<\/h2>\n<ul>\n<li>5 prendas de arriba.<\/li>\n<li>4 de la parte inferior (pantalones, faldas, etc\u00e9tera).<\/li>\n<li>3 pares de zapatos y 3 prendas de cuerpo entero, como pueden ser vestidos.<\/li>\n<li>2 ba\u00f1adores (si el viaje no es de playa o piscina, puedes sustituir los ba\u00f1adores por sueter)\u00a0<\/li>\n<li>1 juego de accesorios y un pijama.\u00a0<\/li>\n<\/ul>\n<p>Con esto, puedes preparar una maleta para, incluso, m\u00e1s de una semana de vacaciones. Se trata de maximizar el espacio en el equipaje y que pienses en prendas que se puedan combinar entre ellas. Eso s\u00ed, no te olvides de la ropa interior.\u00a0<\/p>\n<p>Esta regla te ser\u00e1 de gran utilidad cuando viajas con maletas peque\u00f1as, pues <strong>te ayudar\u00e1 a evitar los \"por si acaso\"<\/strong> y que termines llenando el equipaje de prendas que no usar\u00e1s en tu destino y que te ocupar\u00e1n un espacio realmente valioso.\u00a0<\/p>\n<h2>Otros consejos importantes sobre tu equipaje<\/h2>\n<p>En otras ocasiones, ya hemos hablado en este blog sobre <a href=\"https:\/\/www.reclamador.es\/blog\/consejos-para-tu-equipaje-antes-de-volar\/\">recomendaciones para preparar el equipaje<\/a>, como por ejemplo, enrollar la ropa en lugar de doblar o, incluso aunque se haga la regla 5-4-3-2-1 para hacer una maleta, preparar un listado con todo lo que necesitar\u00e1s en tu viaje, porque seg\u00fan tu destino podr\u00e1s necesitar una u otra cosa. No es lo mismo una escapada en verano a <a href=\"https:\/\/www.reclamador.es\/aerolineas\/aeropuertos\/ibiza-ibz\/\">Ibiza<\/a> que unas vacaciones en <a href=\"https:\/\/www.reclamador.es\/blog\/guia-aeropuertos-londres\/\">Londres<\/a>, por ello, es fundamental ser previsor.<\/p>\n<h3>Los problemas con las maletas se pueden reclamar<\/h3>\n<p>S\u00ed, <a href=\"https:\/\/www.reclamador.es\/aerolineas\/problemas-equipaje\/\">los problemas con el equipaje se pueden reclamar<\/a>. Concretamente, puedes reclamar si tu maleta llega rota o la aerol\u00ednea te la entrega con retraso (hasta 21 d\u00edas despu\u00e9s del viaje) o bien la pierde (nunca aparece o te llega la maleta trascurridos m\u00e1s de 21 d\u00edas).\u00a0<\/p>\n<p>En estos casos de problemas con el equipaje, tienes derecho a <strong>una indemnizaci\u00f3n de hasta 1.813 \u20ac<\/strong>. Para que puedas conseguir este dinero, es fundamental que en el propio aeropuerto (en los stand de AENA o la aerol\u00ednea) completes el <a href=\"https:\/\/www.reclamador.es\/ayuda\/aerolineas\/que-documento-es-el-pir\/\">parte de irregularidad de equipaje<\/a> o bien en la web de la compa\u00f1\u00eda a\u00e9rea en los 7 d\u00edas posteriores a sufrir el problema. Con este documento, conocido como PIR, te aconsejamos que completes nuestro formulario, pues en reclamador.es somos expertos en reclamaciones a aerol\u00edneas y podemos conseguir la m\u00e1xima indemnizaci\u00f3n que te corresponde, seg\u00fan los documentos que nos aportes.\u00a0<\/p>\n<p>No lo dudes, cualquier problema en tu viaje en avi\u00f3n, consulta tus derechos con reclamador.es.\u00a0<\/p>\n<h2 style=\"text-align: center;\"><strong><a class=\"button-lead\" href=\"https:\/\/www.reclamador.es\/form\/complaint\/luggage\/\" rel=\"nofollow noopener\">Completa aqu\u00ed nuestro formulario y reclama<\/a><\/strong><\/h2>\n<p>\u00a0<\/p>\n<p>\u00a0<\/p>\n\n\n<div class=\"ttr_end\"><\/div>","protected":false},"excerpt":{"rendered":"<p>La regla 5-4-3-2-1 para hacer una maleta la dio a conocer hace ya 10 a\u00f1os la bloguera Vanderzeil, pero sigue de tremenda actualidad y, por supuesto, se considera una de las principales estrategias para preparar el mejor equipaje, especialmente en aquellos en los que no se cuenta con demasiado espacio, por ejemplo, si viajas \u00fanicamente [&hellip;]<\/p>\n","protected":false},"author":28,"featured_media":0,"comment_status":"open","ping_status":"open","sticky":false,"template":"","format":"standard","meta":{"_acf_changed":false,"_genesis_hide_title":false,"_genesis_hide_breadcrumbs":false,"_genesis_hide_singular_image":false,"_genesis_hide_footer_widgets":false,"_genesis_custom_body_class":"","_genesis_custom_post_class":"","_genesis_layout":"","_jetpack_newsletter_access":"","_jetpack_dont_email_post_to_subs":false,"_jetpack_newsletter_tier_id":0,"_jetpack_memberships_contains_paywalled_content":false,"_jetpack_memberships_contains_paid_content":false,"footnotes":""},"categories":[393],"tags":[],"class_list":{"0":"post-34512","1":"post","2":"type-post","3":"status-publish","4":"format-standard","6":"category-consejos","7":"entry","8":"has-post-thumbnail"},"acf":[],"yoast_head":"<!-- This site is optimized with the Yoast SEO plugin v27.4 - https:\/\/yoast.com\/product\/yoast-seo-wordpress\/ -->\n<title>Regla 5-4-3-2-1 para hacer una maleta: \u00bfEn qu\u00e9 consiste?<\/title>\n<meta name=\"description\" content=\"Te contamos en qu\u00e9 consiste la regla 5-4-3-2-1 para hacer una maleta, principalmente importante si viajas en avi\u00f3n con poco espacio.\" \/>\n<meta name=\"robots\" content=\"index, follow, max-snippet:-1, max-image-preview:large, max-video-preview:-1\" \/>\n<link rel=\"canonical\" href=\"https:\/\/www.reclamador.es\/blog\/regla-5-4-3-2-1-para-hacer-una-maleta\/\" \/>\n<meta property=\"og:locale\" content=\"es_ES\" \/>\n<meta property=\"og:type\" content=\"article\" \/>\n<meta property=\"og:title\" content=\"Regla 5-4-3-2-1 para hacer una maleta: \u00bfEn qu\u00e9 consiste?\" \/>\n<meta property=\"og:description\" content=\"Te contamos en qu\u00e9 consiste la regla 5-4-3-2-1 para hacer una maleta, principalmente importante si viajas en avi\u00f3n con poco espacio.\" \/>\n<meta property=\"og:url\" content=\"https:\/\/www.reclamador.es\/blog\/regla-5-4-3-2-1-para-hacer-una-maleta\/\" \/>\n<meta property=\"og:site_name\" content=\"Rebeldes con causa, el blog de reclamador.es\" \/>\n<meta property=\"article:publisher\" content=\"https:\/\/www.facebook.com\/reclamador.es\" \/>\n<meta property=\"article:published_time\" content=\"2025-06-23T09:38:50+00:00\" \/>\n<meta property=\"article:modified_time\" content=\"2025-10-16T07:30:22+00:00\" \/>\n<meta property=\"og:image\" content=\"https:\/\/www.reclamador.es\/blog\/wp-content\/uploads\/2025\/06\/regla-5-4-3-2-1-para-hacer-una-maleta.jpg\" \/>\n<meta name=\"author\" content=\"Alicia Ria\u00f1o\" \/>\n<meta name=\"twitter:card\" content=\"summary_large_image\" \/>\n<meta name=\"twitter:creator\" content=\"@reclamador\" \/>\n<meta name=\"twitter:site\" content=\"@reclamador\" \/>\n<meta name=\"twitter:label1\" content=\"Escrito por\" \/>\n\t<meta name=\"twitter:data1\" content=\"Alicia Ria\u00f1o\" \/>\n\t<meta name=\"twitter:label2\" content=\"Tiempo de lectura\" \/>\n\t<meta name=\"twitter:data2\" content=\"3 minutos\" \/>\n<script type=\"application\/ld+json\" class=\"yoast-schema-graph\">{\"@context\":\"https:\\\/\\\/schema.org\",\"@graph\":[{\"@type\":\"Article\",\"@id\":\"https:\\\/\\\/www.reclamador.es\\\/blog\\\/regla-5-4-3-2-1-para-hacer-una-maleta\\\/#article\",\"isPartOf\":{\"@id\":\"https:\\\/\\\/www.reclamador.es\\\/blog\\\/regla-5-4-3-2-1-para-hacer-una-maleta\\\/\"},\"author\":{\"name\":\"Alicia Ria\u00f1o\",\"@id\":\"https:\\\/\\\/www.reclamador.es\\\/blog\\\/#\\\/schema\\\/person\\\/2a9d121a6362255b8129c6fda9caffd5\"},\"headline\":\"\u00bfQu\u00e9 significa la regla 5-4-3-2-1 para hacer una maleta?\",\"datePublished\":\"2025-06-23T09:38:50+00:00\",\"dateModified\":\"2025-10-16T07:30:22+00:00\",\"mainEntityOfPage\":{\"@id\":\"https:\\\/\\\/www.reclamador.es\\\/blog\\\/regla-5-4-3-2-1-para-hacer-una-maleta\\\/\"},\"wordCount\":523,\"commentCount\":0,\"publisher\":{\"@id\":\"https:\\\/\\\/www.reclamador.es\\\/blog\\\/#organization\"},\"image\":{\"@id\":\"https:\\\/\\\/www.reclamador.es\\\/blog\\\/regla-5-4-3-2-1-para-hacer-una-maleta\\\/#primaryimage\"},\"thumbnailUrl\":\"https:\\\/\\\/www.reclamador.es\\\/blog\\\/wp-content\\\/uploads\\\/2025\\\/06\\\/regla-5-4-3-2-1-para-hacer-una-maleta.jpg\",\"articleSection\":[\"Consejos legales\"],\"inLanguage\":\"es\",\"potentialAction\":[{\"@type\":\"CommentAction\",\"name\":\"Comment\",\"target\":[\"https:\\\/\\\/www.reclamador.es\\\/blog\\\/regla-5-4-3-2-1-para-hacer-una-maleta\\\/#respond\"]}]},{\"@type\":\"WebPage\",\"@id\":\"https:\\\/\\\/www.reclamador.es\\\/blog\\\/regla-5-4-3-2-1-para-hacer-una-maleta\\\/\",\"url\":\"https:\\\/\\\/www.reclamador.es\\\/blog\\\/regla-5-4-3-2-1-para-hacer-una-maleta\\\/\",\"name\":\"Regla 5-4-3-2-1 para hacer una maleta: \u00bfEn qu\u00e9 consiste?\",\"isPartOf\":{\"@id\":\"https:\\\/\\\/www.reclamador.es\\\/blog\\\/#website\"},\"primaryImageOfPage\":{\"@id\":\"https:\\\/\\\/www.reclamador.es\\\/blog\\\/regla-5-4-3-2-1-para-hacer-una-maleta\\\/#primaryimage\"},\"image\":{\"@id\":\"https:\\\/\\\/www.reclamador.es\\\/blog\\\/regla-5-4-3-2-1-para-hacer-una-maleta\\\/#primaryimage\"},\"thumbnailUrl\":\"https:\\\/\\\/www.reclamador.es\\\/blog\\\/wp-content\\\/uploads\\\/2025\\\/06\\\/regla-5-4-3-2-1-para-hacer-una-maleta.jpg\",\"datePublished\":\"2025-06-23T09:38:50+00:00\",\"dateModified\":\"2025-10-16T07:30:22+00:00\",\"description\":\"Te contamos en qu\u00e9 consiste la regla 5-4-3-2-1 para hacer una maleta, principalmente importante si viajas en avi\u00f3n con poco espacio.\",\"breadcrumb\":{\"@id\":\"https:\\\/\\\/www.reclamador.es\\\/blog\\\/regla-5-4-3-2-1-para-hacer-una-maleta\\\/#breadcrumb\"},\"inLanguage\":\"es\",\"potentialAction\":[{\"@type\":\"ReadAction\",\"target\":[\"https:\\\/\\\/www.reclamador.es\\\/blog\\\/regla-5-4-3-2-1-para-hacer-una-maleta\\\/\"]}]},{\"@type\":\"ImageObject\",\"inLanguage\":\"es\",\"@id\":\"https:\\\/\\\/www.reclamador.es\\\/blog\\\/regla-5-4-3-2-1-para-hacer-una-maleta\\\/#primaryimage\",\"url\":\"https:\\\/\\\/i0.wp.com\\\/www.reclamador.es\\\/blog\\\/wp-content\\\/uploads\\\/2025\\\/06\\\/regla-5-4-3-2-1-para-hacer-una-maleta.jpg?fit=1200%2C630&ssl=1\",\"contentUrl\":\"https:\\\/\\\/i0.wp.com\\\/www.reclamador.es\\\/blog\\\/wp-content\\\/uploads\\\/2025\\\/06\\\/regla-5-4-3-2-1-para-hacer-una-maleta.jpg?fit=1200%2C630&ssl=1\",\"width\":1200,\"height\":630,\"caption\":\"Regla 5-4-3-2-1 para hacer una maleta\"},{\"@type\":\"BreadcrumbList\",\"@id\":\"https:\\\/\\\/www.reclamador.es\\\/blog\\\/regla-5-4-3-2-1-para-hacer-una-maleta\\\/#breadcrumb\",\"itemListElement\":[{\"@type\":\"ListItem\",\"position\":1,\"name\":\"Portada\",\"item\":\"https:\\\/\\\/www.reclamador.es\\\/blog\\\/\"},{\"@type\":\"ListItem\",\"position\":2,\"name\":\"\u00bfQu\u00e9 significa la regla 5-4-3-2-1 para hacer una maleta?\"}]},{\"@type\":\"WebSite\",\"@id\":\"https:\\\/\\\/www.reclamador.es\\\/blog\\\/#website\",\"url\":\"https:\\\/\\\/www.reclamador.es\\\/blog\\\/\",\"name\":\"Rebeldes con causa, el blog de reclamador.es\",\"description\":\"Noticias, entrevistas y consejos sobre reclamaciones\",\"publisher\":{\"@id\":\"https:\\\/\\\/www.reclamador.es\\\/blog\\\/#organization\"},\"potentialAction\":[{\"@type\":\"SearchAction\",\"target\":{\"@type\":\"EntryPoint\",\"urlTemplate\":\"https:\\\/\\\/www.reclamador.es\\\/blog\\\/?s={search_term_string}\"},\"query-input\":{\"@type\":\"PropertyValueSpecification\",\"valueRequired\":true,\"valueName\":\"search_term_string\"}}],\"inLanguage\":\"es\"},{\"@type\":\"Organization\",\"@id\":\"https:\\\/\\\/www.reclamador.es\\\/blog\\\/#organization\",\"name\":\"reclamador.es\",\"url\":\"https:\\\/\\\/www.reclamador.es\\\/blog\\\/\",\"logo\":{\"@type\":\"ImageObject\",\"inLanguage\":\"es\",\"@id\":\"https:\\\/\\\/www.reclamador.es\\\/blog\\\/#\\\/schema\\\/logo\\\/image\\\/\",\"url\":\"https:\\\/\\\/i0.wp.com\\\/www.reclamador.es\\\/blog\\\/wp-content\\\/uploads\\\/2020\\\/01\\\/logo-reclamador.png?fit=1200%2C144&ssl=1\",\"contentUrl\":\"https:\\\/\\\/i0.wp.com\\\/www.reclamador.es\\\/blog\\\/wp-content\\\/uploads\\\/2020\\\/01\\\/logo-reclamador.png?fit=1200%2C144&ssl=1\",\"width\":1200,\"height\":144,\"caption\":\"reclamador.es\"},\"image\":{\"@id\":\"https:\\\/\\\/www.reclamador.es\\\/blog\\\/#\\\/schema\\\/logo\\\/image\\\/\"},\"sameAs\":[\"https:\\\/\\\/www.facebook.com\\\/reclamador.es\",\"https:\\\/\\\/x.com\\\/reclamador\",\"https:\\\/\\\/www.instagram.com\\\/reclamador.es\\\/\",\"https:\\\/\\\/www.linkedin.com\\\/company\\\/reclamador-es\",\"https:\\\/\\\/www.youtube.com\\\/user\\\/Reclamadores\"]},{\"@type\":\"Person\",\"@id\":\"https:\\\/\\\/www.reclamador.es\\\/blog\\\/#\\\/schema\\\/person\\\/2a9d121a6362255b8129c6fda9caffd5\",\"name\":\"Alicia Ria\u00f1o\",\"image\":{\"@type\":\"ImageObject\",\"inLanguage\":\"es\",\"@id\":\"https:\\\/\\\/secure.gravatar.com\\\/avatar\\\/2915f7664bf5ed4baf932328fabfe761f32f21ec1b577e7d54a7fee6613de25f?s=96&d=mm&r=g\",\"url\":\"https:\\\/\\\/secure.gravatar.com\\\/avatar\\\/2915f7664bf5ed4baf932328fabfe761f32f21ec1b577e7d54a7fee6613de25f?s=96&d=mm&r=g\",\"contentUrl\":\"https:\\\/\\\/secure.gravatar.com\\\/avatar\\\/2915f7664bf5ed4baf932328fabfe761f32f21ec1b577e7d54a7fee6613de25f?s=96&d=mm&r=g\",\"caption\":\"Alicia Ria\u00f1o\"},\"description\":\"Periodista experta en comunicaci\u00f3n y marketing digital. Escribo para acercar la informaci\u00f3n legal de forma sencilla y comprensible a las personas.\",\"sameAs\":[\"https:\\\/\\\/www.linkedin.com\\\/in\\\/alicia-r-932a2959\"],\"url\":\"https:\\\/\\\/www.reclamador.es\\\/blog\\\/author\\\/alicia-riano\\\/\"}]}<\/script>\n<!-- \/ Yoast SEO plugin. -->","yoast_head_json":{"title":"Regla 5-4-3-2-1 para hacer una maleta: \u00bfEn qu\u00e9 consiste?","description":"Te contamos en qu\u00e9 consiste la regla 5-4-3-2-1 para hacer una maleta, principalmente importante si viajas en avi\u00f3n con poco espacio.","robots":{"index":"index","follow":"follow","max-snippet":"max-snippet:-1","max-image-preview":"max-image-preview:large","max-video-preview":"max-video-preview:-1"},"canonical":"https:\/\/www.reclamador.es\/blog\/regla-5-4-3-2-1-para-hacer-una-maleta\/","og_locale":"es_ES","og_type":"article","og_title":"Regla 5-4-3-2-1 para hacer una maleta: \u00bfEn qu\u00e9 consiste?","og_description":"Te contamos en qu\u00e9 consiste la regla 5-4-3-2-1 para hacer una maleta, principalmente importante si viajas en avi\u00f3n con poco espacio.","og_url":"https:\/\/www.reclamador.es\/blog\/regla-5-4-3-2-1-para-hacer-una-maleta\/","og_site_name":"Rebeldes con causa, el blog de reclamador.es","article_publisher":"https:\/\/www.facebook.com\/reclamador.es","article_published_time":"2025-06-23T09:38:50+00:00","article_modified_time":"2025-10-16T07:30:22+00:00","og_image":[{"url":"https:\/\/www.reclamador.es\/blog\/wp-content\/uploads\/2025\/06\/regla-5-4-3-2-1-para-hacer-una-maleta.jpg","type":"","width":"","height":""}],"author":"Alicia Ria\u00f1o","twitter_card":"summary_large_image","twitter_creator":"@reclamador","twitter_site":"@reclamador","twitter_misc":{"Escrito por":"Alicia Ria\u00f1o","Tiempo de lectura":"3 minutos"},"schema":{"@context":"https:\/\/schema.org","@graph":[{"@type":"Article","@id":"https:\/\/www.reclamador.es\/blog\/regla-5-4-3-2-1-para-hacer-una-maleta\/#article","isPartOf":{"@id":"https:\/\/www.reclamador.es\/blog\/regla-5-4-3-2-1-para-hacer-una-maleta\/"},"author":{"name":"Alicia Ria\u00f1o","@id":"https:\/\/www.reclamador.es\/blog\/#\/schema\/person\/2a9d121a6362255b8129c6fda9caffd5"},"headline":"\u00bfQu\u00e9 significa la regla 5-4-3-2-1 para hacer una maleta?","datePublished":"2025-06-23T09:38:50+00:00","dateModified":"2025-10-16T07:30:22+00:00","mainEntityOfPage":{"@id":"https:\/\/www.reclamador.es\/blog\/regla-5-4-3-2-1-para-hacer-una-maleta\/"},"wordCount":523,"commentCount":0,"publisher":{"@id":"https:\/\/www.reclamador.es\/blog\/#organization"},"image":{"@id":"https:\/\/www.reclamador.es\/blog\/regla-5-4-3-2-1-para-hacer-una-maleta\/#primaryimage"},"thumbnailUrl":"https:\/\/www.reclamador.es\/blog\/wp-content\/uploads\/2025\/06\/regla-5-4-3-2-1-para-hacer-una-maleta.jpg","articleSection":["Consejos legales"],"inLanguage":"es","potentialAction":[{"@type":"CommentAction","name":"Comment","target":["https:\/\/www.reclamador.es\/blog\/regla-5-4-3-2-1-para-hacer-una-maleta\/#respond"]}]},{"@type":"WebPage","@id":"https:\/\/www.reclamador.es\/blog\/regla-5-4-3-2-1-para-hacer-una-maleta\/","url":"https:\/\/www.reclamador.es\/blog\/regla-5-4-3-2-1-para-hacer-una-maleta\/","name":"Regla 5-4-3-2-1 para hacer una maleta: \u00bfEn qu\u00e9 consiste?","isPartOf":{"@id":"https:\/\/www.reclamador.es\/blog\/#website"},"primaryImageOfPage":{"@id":"https:\/\/www.reclamador.es\/blog\/regla-5-4-3-2-1-para-hacer-una-maleta\/#primaryimage"},"image":{"@id":"https:\/\/www.reclamador.es\/blog\/regla-5-4-3-2-1-para-hacer-una-maleta\/#primaryimage"},"thumbnailUrl":"https:\/\/www.reclamador.es\/blog\/wp-content\/uploads\/2025\/06\/regla-5-4-3-2-1-para-hacer-una-maleta.jpg","datePublished":"2025-06-23T09:38:50+00:00","dateModified":"2025-10-16T07:30:22+00:00","description":"Te contamos en qu\u00e9 consiste la regla 5-4-3-2-1 para hacer una maleta, principalmente importante si viajas en avi\u00f3n con poco espacio.","breadcrumb":{"@id":"https:\/\/www.reclamador.es\/blog\/regla-5-4-3-2-1-para-hacer-una-maleta\/#breadcrumb"},"inLanguage":"es","potentialAction":[{"@type":"ReadAction","target":["https:\/\/www.reclamador.es\/blog\/regla-5-4-3-2-1-para-hacer-una-maleta\/"]}]},{"@type":"ImageObject","inLanguage":"es","@id":"https:\/\/www.reclamador.es\/blog\/regla-5-4-3-2-1-para-hacer-una-maleta\/#primaryimage","url":"https:\/\/i0.wp.com\/www.reclamador.es\/blog\/wp-content\/uploads\/2025\/06\/regla-5-4-3-2-1-para-hacer-una-maleta.jpg?fit=1200%2C630&ssl=1","contentUrl":"https:\/\/i0.wp.com\/www.reclamador.es\/blog\/wp-content\/uploads\/2025\/06\/regla-5-4-3-2-1-para-hacer-una-maleta.jpg?fit=1200%2C630&ssl=1","width":1200,"height":630,"caption":"Regla 5-4-3-2-1 para hacer una maleta"},{"@type":"BreadcrumbList","@id":"https:\/\/www.reclamador.es\/blog\/regla-5-4-3-2-1-para-hacer-una-maleta\/#breadcrumb","itemListElement":[{"@type":"ListItem","position":1,"name":"Portada","item":"https:\/\/www.reclamador.es\/blog\/"},{"@type":"ListItem","position":2,"name":"\u00bfQu\u00e9 significa la regla 5-4-3-2-1 para hacer una maleta?"}]},{"@type":"WebSite","@id":"https:\/\/www.reclamador.es\/blog\/#website","url":"https:\/\/www.reclamador.es\/blog\/","name":"Rebeldes con causa, el blog de reclamador.es","description":"Noticias, entrevistas y consejos sobre reclamaciones","publisher":{"@id":"https:\/\/www.reclamador.es\/blog\/#organization"},"potentialAction":[{"@type":"SearchAction","target":{"@type":"EntryPoint","urlTemplate":"https:\/\/www.reclamador.es\/blog\/?s={search_term_string}"},"query-input":{"@type":"PropertyValueSpecification","valueRequired":true,"valueName":"search_term_string"}}],"inLanguage":"es"},{"@type":"Organization","@id":"https:\/\/www.reclamador.es\/blog\/#organization","name":"reclamador.es","url":"https:\/\/www.reclamador.es\/blog\/","logo":{"@type":"ImageObject","inLanguage":"es","@id":"https:\/\/www.reclamador.es\/blog\/#\/schema\/logo\/image\/","url":"https:\/\/i0.wp.com\/www.reclamador.es\/blog\/wp-content\/uploads\/2020\/01\/logo-reclamador.png?fit=1200%2C144&ssl=1","contentUrl":"https:\/\/i0.wp.com\/www.reclamador.es\/blog\/wp-content\/uploads\/2020\/01\/logo-reclamador.png?fit=1200%2C144&ssl=1","width":1200,"height":144,"caption":"reclamador.es"},"image":{"@id":"https:\/\/www.reclamador.es\/blog\/#\/schema\/logo\/image\/"},"sameAs":["https:\/\/www.facebook.com\/reclamador.es","https:\/\/x.com\/reclamador","https:\/\/www.instagram.com\/reclamador.es\/","https:\/\/www.linkedin.com\/company\/reclamador-es","https:\/\/www.youtube.com\/user\/Reclamadores"]},{"@type":"Person","@id":"https:\/\/www.reclamador.es\/blog\/#\/schema\/person\/2a9d121a6362255b8129c6fda9caffd5","name":"Alicia Ria\u00f1o","image":{"@type":"ImageObject","inLanguage":"es","@id":"https:\/\/secure.gravatar.com\/avatar\/2915f7664bf5ed4baf932328fabfe761f32f21ec1b577e7d54a7fee6613de25f?s=96&d=mm&r=g","url":"https:\/\/secure.gravatar.com\/avatar\/2915f7664bf5ed4baf932328fabfe761f32f21ec1b577e7d54a7fee6613de25f?s=96&d=mm&r=g","contentUrl":"https:\/\/secure.gravatar.com\/avatar\/2915f7664bf5ed4baf932328fabfe761f32f21ec1b577e7d54a7fee6613de25f?s=96&d=mm&r=g","caption":"Alicia Ria\u00f1o"},"description":"Periodista experta en comunicaci\u00f3n y marketing digital. Escribo para acercar la informaci\u00f3n legal de forma sencilla y comprensible a las personas.","sameAs":["https:\/\/www.linkedin.com\/in\/alicia-r-932a2959"],"url":"https:\/\/www.reclamador.es\/blog\/author\/alicia-riano\/"}]}},"jetpack_featured_media_url":"","jetpack-related-posts":[{"id":34301,"url":"https:\/\/www.reclamador.es\/blog\/mejores-tipos-de-maletas-segun-tu-viaje\/","url_meta":{"origin":34512,"position":0},"title":"Los mejores tipos de maletas seg\u00fan tu viaje","author":"Alicia Ria\u00f1o","date":"23 mayo, 2025","format":false,"excerpt":"Dadas las cada vez m\u00e1s restrictivas pol\u00edticas de equipaje de las aerol\u00edneas, as\u00ed como los diferentes tipos de bolsas, mochilas y maletas existentes y permitidas seg\u00fan cada tarifa y cada compa\u00f1\u00eda a\u00e9rea, vamos a abordar en este art\u00edculo los mejores tipos de maletas seg\u00fan tu viaje.\u00a0 Maleta de mano: la\u2026","rel":"","context":"En \u00abConsejos legales\u00bb","block_context":{"text":"Consejos legales","link":"https:\/\/www.reclamador.es\/blog\/consejos\/"},"img":{"alt_text":"tipos de maletas para volar","src":"https:\/\/i0.wp.com\/www.reclamador.es\/blog\/wp-content\/uploads\/2025\/05\/los-mejores-tipos-de-maletas-segun-tu-viaje-1200x630-1.jpg?fit=1200%2C630&ssl=1&resize=350%2C200","width":350,"height":200,"srcset":"https:\/\/i0.wp.com\/www.reclamador.es\/blog\/wp-content\/uploads\/2025\/05\/los-mejores-tipos-de-maletas-segun-tu-viaje-1200x630-1.jpg?fit=1200%2C630&ssl=1&resize=350%2C200 1x, https:\/\/i0.wp.com\/www.reclamador.es\/blog\/wp-content\/uploads\/2025\/05\/los-mejores-tipos-de-maletas-segun-tu-viaje-1200x630-1.jpg?fit=1200%2C630&ssl=1&resize=525%2C300 1.5x, https:\/\/i0.wp.com\/www.reclamador.es\/blog\/wp-content\/uploads\/2025\/05\/los-mejores-tipos-de-maletas-segun-tu-viaje-1200x630-1.jpg?fit=1200%2C630&ssl=1&resize=700%2C400 2x, https:\/\/i0.wp.com\/www.reclamador.es\/blog\/wp-content\/uploads\/2025\/05\/los-mejores-tipos-de-maletas-segun-tu-viaje-1200x630-1.jpg?fit=1200%2C630&ssl=1&resize=1050%2C600 3x"},"classes":[]},{"id":7847,"url":"https:\/\/www.reclamador.es\/blog\/equipaje-perdido-consejos-reclamar\/","url_meta":{"origin":34512,"position":1},"title":"\u00bfEquipaje perdido? 10 consejos para reclamar","author":"Equipo reclamador","date":"10 septiembre, 2023","format":false,"excerpt":"*Contenido actualizado mayo 2025 Parece casi una pesadilla, empezar las vacaciones, y que no aparezcan las maletas en la cinta del aeropuerto. No te preocupes, porque si esto sucede, te vamos a dejar 10\u00a0 claves para que sepas c\u00f3mo actuar para hacer una reclamaci\u00f3n de equipaje en tu vuelo. Recuerda\u2026","rel":"","context":"En \u00abConsejos legales\u00bb","block_context":{"text":"Consejos legales","link":"https:\/\/www.reclamador.es\/blog\/consejos\/"},"img":{"alt_text":"","src":"https:\/\/i0.wp.com\/www.reclamador.es\/blog\/wp-content\/uploads\/2020\/09\/consejos-equipaje-perdido.jpg?fit=1200%2C675&ssl=1&resize=350%2C200","width":350,"height":200,"srcset":"https:\/\/i0.wp.com\/www.reclamador.es\/blog\/wp-content\/uploads\/2020\/09\/consejos-equipaje-perdido.jpg?fit=1200%2C675&ssl=1&resize=350%2C200 1x, https:\/\/i0.wp.com\/www.reclamador.es\/blog\/wp-content\/uploads\/2020\/09\/consejos-equipaje-perdido.jpg?fit=1200%2C675&ssl=1&resize=525%2C300 1.5x, https:\/\/i0.wp.com\/www.reclamador.es\/blog\/wp-content\/uploads\/2020\/09\/consejos-equipaje-perdido.jpg?fit=1200%2C675&ssl=1&resize=700%2C400 2x, https:\/\/i0.wp.com\/www.reclamador.es\/blog\/wp-content\/uploads\/2020\/09\/consejos-equipaje-perdido.jpg?fit=1200%2C675&ssl=1&resize=1050%2C600 3x"},"classes":[]},{"id":22747,"url":"https:\/\/www.reclamador.es\/blog\/trucos-pasar-rapido-control-de-seguridad-aeropuerto\/","url_meta":{"origin":34512,"position":2},"title":"Consejos para pasar m\u00e1s r\u00e1pido el control de seguridad del aeropuerto","author":"Alicia Ria\u00f1o","date":"17 junio, 2023","format":false,"excerpt":"A los viajes en avi\u00f3n, hay que llegar con tiempo suficiente para pasar el control de seguridad del aeropuerto. Si pierdes tu vuelo por esa interminable espera en la zona de seguridad, no podr\u00e1s reclamar una compensaci\u00f3n a la aerol\u00ednea y, si quieres volar, deber\u00e1s comprar un nuevo billete de\u2026","rel":"","context":"En \u00abConsejos legales\u00bb","block_context":{"text":"Consejos legales","link":"https:\/\/www.reclamador.es\/blog\/consejos\/"},"img":{"alt_text":"control de seguridad del aeropuerto","src":"https:\/\/i0.wp.com\/www.reclamador.es\/blog\/wp-content\/uploads\/2022\/05\/pasar-rapido-control-de-seguridad-aeropuerto-1200x630-1.jpg?fit=1200%2C630&ssl=1&resize=350%2C200","width":350,"height":200,"srcset":"https:\/\/i0.wp.com\/www.reclamador.es\/blog\/wp-content\/uploads\/2022\/05\/pasar-rapido-control-de-seguridad-aeropuerto-1200x630-1.jpg?fit=1200%2C630&ssl=1&resize=350%2C200 1x, https:\/\/i0.wp.com\/www.reclamador.es\/blog\/wp-content\/uploads\/2022\/05\/pasar-rapido-control-de-seguridad-aeropuerto-1200x630-1.jpg?fit=1200%2C630&ssl=1&resize=525%2C300 1.5x, https:\/\/i0.wp.com\/www.reclamador.es\/blog\/wp-content\/uploads\/2022\/05\/pasar-rapido-control-de-seguridad-aeropuerto-1200x630-1.jpg?fit=1200%2C630&ssl=1&resize=700%2C400 2x, https:\/\/i0.wp.com\/www.reclamador.es\/blog\/wp-content\/uploads\/2022\/05\/pasar-rapido-control-de-seguridad-aeropuerto-1200x630-1.jpg?fit=1200%2C630&ssl=1&resize=1050%2C600 3x"},"classes":[]},{"id":1020,"url":"https:\/\/www.reclamador.es\/blog\/recuerda-tus-derechos-esta-semana-santa\/","url_meta":{"origin":34512,"position":3},"title":"Consejos para volar en Semana Santa","author":"Equipo reclamador","date":"15 abril, 2019","format":false,"excerpt":"La Semana Santa ya est\u00e1 aqu\u00ed. Como en a\u00f1os anteriores, se prev\u00e9 que se produzca un elevado n\u00famero de desplazamientos debido fundamentalmente a las vacaciones. Entre los medios de transportes m\u00e1s utilizados en estas fechas sigue encontr\u00e1ndose el avi\u00f3n. Y a\u00f1o tras a\u00f1o durante Semana Santa el n\u00famero de retrasos\u2026","rel":"","context":"En \u00abConsejos legales\u00bb","block_context":{"text":"Consejos legales","link":"https:\/\/www.reclamador.es\/blog\/consejos\/"},"img":{"alt_text":"avion que hace un vuelo en semana santa","src":"https:\/\/i0.wp.com\/www.reclamador.es\/blog\/wp-content\/uploads\/2014\/04\/consejo-volar-semana-santa-min.png?fit=1200%2C800&ssl=1&resize=350%2C200","width":350,"height":200,"srcset":"https:\/\/i0.wp.com\/www.reclamador.es\/blog\/wp-content\/uploads\/2014\/04\/consejo-volar-semana-santa-min.png?fit=1200%2C800&ssl=1&resize=350%2C200 1x, https:\/\/i0.wp.com\/www.reclamador.es\/blog\/wp-content\/uploads\/2014\/04\/consejo-volar-semana-santa-min.png?fit=1200%2C800&ssl=1&resize=525%2C300 1.5x, https:\/\/i0.wp.com\/www.reclamador.es\/blog\/wp-content\/uploads\/2014\/04\/consejo-volar-semana-santa-min.png?fit=1200%2C800&ssl=1&resize=700%2C400 2x, https:\/\/i0.wp.com\/www.reclamador.es\/blog\/wp-content\/uploads\/2014\/04\/consejo-volar-semana-santa-min.png?fit=1200%2C800&ssl=1&resize=1050%2C600 3x"},"classes":[]},{"id":18816,"url":"https:\/\/www.reclamador.es\/blog\/consejos-para-tu-equipaje-antes-de-volar\/","url_meta":{"origin":34512,"position":4},"title":"Consejos para preparar el equipaje antes de un vuelo","author":"Equipo reclamador","date":"8 agosto, 2023","format":false,"excerpt":"*Contenido revisado mayo 2025 La tarea de hacer la maleta para viajar en avi\u00f3n y\u00a0preparar todo el equipaje, es de esas cosas que pueden parecer muy sencillas, pero que no lo son tanto. Ya sea por espacio en la maleta o por las restricciones que existan, antes de volar, es\u2026","rel":"","context":"En \u00abConsejos legales\u00bb","block_context":{"text":"Consejos legales","link":"https:\/\/www.reclamador.es\/blog\/consejos\/"},"img":{"alt_text":"hacer la maleta reclamador","src":"https:\/\/i0.wp.com\/www.reclamador.es\/blog\/wp-content\/uploads\/2019\/08\/hacer-la-maleta-viaje-avion_destacada.jpg?fit=800%2C419&ssl=1&resize=350%2C200","width":350,"height":200,"srcset":"https:\/\/i0.wp.com\/www.reclamador.es\/blog\/wp-content\/uploads\/2019\/08\/hacer-la-maleta-viaje-avion_destacada.jpg?fit=800%2C419&ssl=1&resize=350%2C200 1x, https:\/\/i0.wp.com\/www.reclamador.es\/blog\/wp-content\/uploads\/2019\/08\/hacer-la-maleta-viaje-avion_destacada.jpg?fit=800%2C419&ssl=1&resize=525%2C300 1.5x, https:\/\/i0.wp.com\/www.reclamador.es\/blog\/wp-content\/uploads\/2019\/08\/hacer-la-maleta-viaje-avion_destacada.jpg?fit=800%2C419&ssl=1&resize=700%2C400 2x"},"classes":[]},{"id":35260,"url":"https:\/\/www.reclamador.es\/blog\/equipaje-de-mano-gratuito-aerolineas-medidas-exactas\/","url_meta":{"origin":34512,"position":5},"title":"Equipaje de mano gratuito en Ryanair, Vueling, easyJet, Iberia\u2026 Medidas exactas 2025 y 2026","author":"Alicia Ria\u00f1o","date":"14 noviembre, 2025","format":false,"excerpt":"Las pol\u00edticas de equipaje de mano est\u00e1n cambiando en muchas aerol\u00edneas, especialmente en las de bajo coste. Sin entrar a debatir o analizar sobre el asunto, en este art\u00edculo vamos a informar de las medidas del equipaje de mano gratuito en las aerol\u00edneas que m\u00e1s pasajeros transportan en Espa\u00f1a o\u2026","rel":"","context":"En \u00abConsejos legales\u00bb","block_context":{"text":"Consejos legales","link":"https:\/\/www.reclamador.es\/blog\/consejos\/"},"img":{"alt_text":"medidas equipaje de mano gratis por aerolinea","src":"https:\/\/i0.wp.com\/www.reclamador.es\/blog\/wp-content\/uploads\/2025\/11\/medidas-equipaje-de-mano-gratis-por-aerolinea.jpg?fit=1200%2C630&ssl=1&resize=350%2C200","width":350,"height":200,"srcset":"https:\/\/i0.wp.com\/www.reclamador.es\/blog\/wp-content\/uploads\/2025\/11\/medidas-equipaje-de-mano-gratis-por-aerolinea.jpg?fit=1200%2C630&ssl=1&resize=350%2C200 1x, https:\/\/i0.wp.com\/www.reclamador.es\/blog\/wp-content\/uploads\/2025\/11\/medidas-equipaje-de-mano-gratis-por-aerolinea.jpg?fit=1200%2C630&ssl=1&resize=525%2C300 1.5x, https:\/\/i0.wp.com\/www.reclamador.es\/blog\/wp-content\/uploads\/2025\/11\/medidas-equipaje-de-mano-gratis-por-aerolinea.jpg?fit=1200%2C630&ssl=1&resize=700%2C400 2x, https:\/\/i0.wp.com\/www.reclamador.es\/blog\/wp-content\/uploads\/2025\/11\/medidas-equipaje-de-mano-gratis-por-aerolinea.jpg?fit=1200%2C630&ssl=1&resize=1050%2C600 3x"},"classes":[]}],"jetpack_sharing_enabled":true,"_links":{"self":[{"href":"https:\/\/www.reclamador.es\/blog\/wp-json\/wp\/v2\/posts\/34512","targetHints":{"allow":["GET"]}}],"collection":[{"href":"https:\/\/www.reclamador.es\/blog\/wp-json\/wp\/v2\/posts"}],"about":[{"href":"https:\/\/www.reclamador.es\/blog\/wp-json\/wp\/v2\/types\/post"}],"author":[{"embeddable":true,"href":"https:\/\/www.reclamador.es\/blog\/wp-json\/wp\/v2\/users\/28"}],"replies":[{"embeddable":true,"href":"https:\/\/www.reclamador.es\/blog\/wp-json\/wp\/v2\/comments?post=34512"}],"version-history":[{"count":10,"href":"https:\/\/www.reclamador.es\/blog\/wp-json\/wp\/v2\/posts\/34512\/revisions"}],"predecessor-version":[{"id":35128,"href":"https:\/\/www.reclamador.es\/blog\/wp-json\/wp\/v2\/posts\/34512\/revisions\/35128"}],"wp:attachment":[{"href":"https:\/\/www.reclamador.es\/blog\/wp-json\/wp\/v2\/media?parent=34512"}],"wp:term":[{"taxonomy":"category","embeddable":true,"href":"https:\/\/www.reclamador.es\/blog\/wp-json\/wp\/v2\/categories?post=34512"},{"taxonomy":"post_tag","embeddable":true,"href":"https:\/\/www.reclamador.es\/blog\/wp-json\/wp\/v2\/tags?post=34512"}],"curies":[{"name":"wp","href":"https:\/\/api.w.org\/{rel}","templated":true}]}}