{"id":33896,"date":"2025-04-02T13:51:09","date_gmt":"2025-04-02T11:51:09","guid":{"rendered":"https:\/\/www.reclamador.es\/blog\/?p=33896"},"modified":"2025-05-09T13:47:24","modified_gmt":"2025-05-09T11:47:24","slug":"que-documentacion-necesitan-los-menores-para-volar-dentro-espana","status":"publish","type":"post","link":"https:\/\/www.reclamador.es\/blog\/que-documentacion-necesitan-los-menores-para-volar-dentro-espana\/","title":{"rendered":"\u00bfQu\u00e9 documentaci\u00f3n necesitan los menores para volar dentro de Espa\u00f1a?"},"content":{"rendered":"<div class=\"ttr_start\"><\/div>\n\n<div class=\"kk-star-ratings kksr-auto kksr-align-right kksr-valign-top\"\n    data-payload='{&quot;align&quot;:&quot;right&quot;,&quot;id&quot;:&quot;33896&quot;,&quot;slug&quot;:&quot;default&quot;,&quot;valign&quot;:&quot;top&quot;,&quot;ignore&quot;:&quot;&quot;,&quot;reference&quot;:&quot;auto&quot;,&quot;class&quot;:&quot;&quot;,&quot;count&quot;:&quot;0&quot;,&quot;legendonly&quot;:&quot;&quot;,&quot;readonly&quot;:&quot;&quot;,&quot;score&quot;:&quot;0&quot;,&quot;starsonly&quot;:&quot;&quot;,&quot;best&quot;:&quot;5&quot;,&quot;gap&quot;:&quot;3&quot;,&quot;greet&quot;:&quot;Valora este art\u00edculo&quot;,&quot;legend&quot;:&quot;0\\\/5 - (0 votos)&quot;,&quot;size&quot;:&quot;20&quot;,&quot;title&quot;:&quot;\u00bfQu\u00e9 documentaci\u00f3n necesitan los menores para volar dentro de Espa\u00f1a?&quot;,&quot;width&quot;:&quot;0&quot;,&quot;_legend&quot;:&quot;{score}\\\/{best} - ({count} {votes})&quot;,&quot;font_factor&quot;:&quot;1.25&quot;}'>\n            \n<div class=\"kksr-stars\">\n    \n<div class=\"kksr-stars-inactive\">\n            <div class=\"kksr-star\" data-star=\"1\" style=\"padding-right: 3px\">\n            \n\n<div class=\"kksr-icon\" style=\"width: 20px; height: 20px;\"><\/div>\n        <\/div>\n            <div class=\"kksr-star\" data-star=\"2\" style=\"padding-right: 3px\">\n            \n\n<div class=\"kksr-icon\" style=\"width: 20px; height: 20px;\"><\/div>\n        <\/div>\n            <div class=\"kksr-star\" data-star=\"3\" style=\"padding-right: 3px\">\n            \n\n<div class=\"kksr-icon\" style=\"width: 20px; height: 20px;\"><\/div>\n        <\/div>\n            <div class=\"kksr-star\" data-star=\"4\" style=\"padding-right: 3px\">\n            \n\n<div class=\"kksr-icon\" style=\"width: 20px; height: 20px;\"><\/div>\n        <\/div>\n            <div class=\"kksr-star\" data-star=\"5\" style=\"padding-right: 3px\">\n            \n\n<div class=\"kksr-icon\" style=\"width: 20px; height: 20px;\"><\/div>\n        <\/div>\n    <\/div>\n    \n<div class=\"kksr-stars-active\" style=\"width: 0px;\">\n            <div class=\"kksr-star\" style=\"padding-right: 3px\">\n            \n\n<div class=\"kksr-icon\" style=\"width: 20px; height: 20px;\"><\/div>\n        <\/div>\n            <div class=\"kksr-star\" style=\"padding-right: 3px\">\n            \n\n<div class=\"kksr-icon\" style=\"width: 20px; height: 20px;\"><\/div>\n        <\/div>\n            <div class=\"kksr-star\" style=\"padding-right: 3px\">\n            \n\n<div class=\"kksr-icon\" style=\"width: 20px; height: 20px;\"><\/div>\n        <\/div>\n            <div class=\"kksr-star\" style=\"padding-right: 3px\">\n            \n\n<div class=\"kksr-icon\" style=\"width: 20px; height: 20px;\"><\/div>\n        <\/div>\n            <div class=\"kksr-star\" style=\"padding-right: 3px\">\n            \n\n<div class=\"kksr-icon\" style=\"width: 20px; height: 20px;\"><\/div>\n        <\/div>\n    <\/div>\n<\/div>\n                \n\n<div class=\"kksr-legend\" style=\"font-size: 16px;\">\n            <span class=\"kksr-muted\">Valora este art\u00edculo<\/span>\n    <\/div>\n    <\/div>\n\n<figure id=\"attachment_33900\" aria-describedby=\"caption-attachment-33900\" style=\"width: 1200px\" class=\"wp-caption aligncenter\"><img data-recalc-dims=\"1\" loading=\"lazy\" decoding=\"async\" class=\"size-full wp-image-33900\" src=\"https:\/\/i0.wp.com\/www.reclamador.es\/blog\/wp-content\/uploads\/2025\/04\/documentacion-ninos-para-viajar-en-avion-dentro-de-espana-1200x630-1.jpg?resize=1200%2C630&#038;ssl=1\" alt=\"vuelos nacionales - documentacion ni\u00f1os\" width=\"1200\" height=\"630\" srcset=\"https:\/\/i0.wp.com\/www.reclamador.es\/blog\/wp-content\/uploads\/2025\/04\/documentacion-ninos-para-viajar-en-avion-dentro-de-espana-1200x630-1.jpg?w=1200&amp;ssl=1 1200w, https:\/\/i0.wp.com\/www.reclamador.es\/blog\/wp-content\/uploads\/2025\/04\/documentacion-ninos-para-viajar-en-avion-dentro-de-espana-1200x630-1.jpg?resize=800%2C420&amp;ssl=1 800w, https:\/\/i0.wp.com\/www.reclamador.es\/blog\/wp-content\/uploads\/2025\/04\/documentacion-ninos-para-viajar-en-avion-dentro-de-espana-1200x630-1.jpg?resize=150%2C79&amp;ssl=1 150w, https:\/\/i0.wp.com\/www.reclamador.es\/blog\/wp-content\/uploads\/2025\/04\/documentacion-ninos-para-viajar-en-avion-dentro-de-espana-1200x630-1.jpg?resize=768%2C403&amp;ssl=1 768w\" sizes=\"auto, (max-width: 1000px) 100vw, 1000px\" \/><figcaption id=\"caption-attachment-33900\" class=\"wp-caption-text\"><em>Documentaci\u00f3n ni\u00f1os para viajar en avi\u00f3n dentro de Espa\u00f1a<\/em><\/figcaption><\/figure>\n<p><span style=\"font-weight: 400;\">En el \u00faltimo post de nuestro blog os explic\u00e1bamos la <a href=\"https:\/\/www.reclamador.es\/blog\/documentacion-ninos-viajar-avion-fuera-espana\/\">documentaci\u00f3n para ni\u00f1os para viajar en avi\u00f3n fuera de Espa\u00f1a<\/a>. Y, ahora, vamos a explicar los <strong>documentos que necesita un menor para volar dentro de nuestras fronteras.\u00a0<\/strong><\/span><\/p>\n<h2><span style=\"font-weight: 400;\">Documentaci\u00f3n ni\u00f1os para viajar en avi\u00f3n dentro de Espa\u00f1a<\/span><\/h2>\n<p><span style=\"font-weight: 400;\">Para<\/span><b> viajar en avi\u00f3n dentro de Espa\u00f1a<\/b><span style=\"font-weight: 400;\">, la documentaci\u00f3n exigida depender\u00e1 de:<\/span><\/p>\n<ul>\n<li style=\"font-weight: 400;\" aria-level=\"1\"><span style=\"font-weight: 400;\">La edad del menor.<\/span><\/li>\n<li style=\"font-weight: 400;\" aria-level=\"1\"><span style=\"font-weight: 400;\">Si el menor viaja con sus padres o tutores, con un adulto autorizado o solo.<\/span><\/li>\n<li style=\"font-weight: 400;\" aria-level=\"1\"><span style=\"font-weight: 400;\">La aerol\u00ednea con la que vueles, ya que algunas tienen requisitos adicionales.<\/span><\/li>\n<\/ul>\n<h3><strong>Documentaci\u00f3n para menores de 14 a\u00f1os que viajan en avi\u00f3n con sus progenitores o tutores legales<\/strong><\/h3>\n<p><span style=\"font-weight: 400;\">En vuelos nacionales, los menores de 14 a\u00f1os <\/span><b>no est\u00e1n obligados a llevar DNI o pasaporte<\/b><span style=\"font-weight: 400;\"> si viajan con sus padres o tutores legales. En este caso, la aerol\u00ednea puede requerir que el adulto acredite su parentesco mediante su DNI y el libro de familia.\u00a0<\/span><\/p>\n<p><span style=\"font-weight: 400;\">En estos casos, lo mejor es siempre llevar el libro de familia o inscripci\u00f3n del menor en el Registro Civil.\u00a0<\/span><\/p>\n<h3><strong>Documentos necesarios para ni\u00f1os y ni\u00f1as menores de 14 a\u00f1os que viajan solos<\/strong><\/h3>\n<p><span style=\"font-weight: 400;\">En estos casos, AENA recomienda <\/span><b>consultar directamente con la aerol\u00ednea si tiene permitido realizar el viaje. <\/b><span style=\"font-weight: 400;\">Si permite este tipo de desplazamientos, se solicitar\u00e1 como documentaci\u00f3n para viajar menores de 14 a\u00f1os solos dentro de Espa\u00f1a:<\/span><\/p>\n<ul>\n<li style=\"font-weight: 400;\" aria-level=\"1\"><b>DNI o pasaporte del menor<\/b><span style=\"font-weight: 400;\">.<\/span><\/li>\n<li style=\"font-weight: 400;\" aria-level=\"1\"><span style=\"font-weight: 400;\">Puede que algunas aerol\u00edneas soliciten un autorizaci\u00f3n de viaje firmada por los padres o tutores legales. En estos casos, la recomendaci\u00f3n es consultar a Polic\u00eda Nacional o Guardia Civil.\u00a0<\/span><\/li>\n<\/ul>\n<p><span style=\"font-weight: 400;\">En los casos de viajes de menores solos, las compa\u00f1\u00edas a\u00e9reas suelen ofrecer un servicio de acompa\u00f1amiento. Seg\u00fan explica <\/span><a href=\"https:\/\/www.aena.es\/es\/pasajeros\/viajeros\/personas-con-necesidades-especiales\/bebes-menores-embarazadas\/menores-viajan-solos.html\" target=\"_blank\" rel=\"noopener\"><span style=\"font-weight: 400;\">AENA<\/span><\/a><span style=\"font-weight: 400;\"> en su web, se trata de <\/span><i><span style=\"font-weight: 400;\">\u201cun servicio de acompa\u00f1amiento para menores entre 5 y 12 a\u00f1os que viajan solos (puede que tenga coste adicional). Las personas responsables del menor deber\u00e1n firmar un Descargo de Responsabilidad y garantizar que en el aeropuerto de destino se har\u00e1 cargo de \u00e9l otra persona adulta\u201d<\/span><\/i><span style=\"font-weight: 400;\">.\u00a0<\/span><\/p>\n<h3><strong>Documentaci\u00f3n ni\u00f1os y ni\u00f1as mayores de 14 de a\u00f1os para viajar dentro de Espa\u00f1a en avi\u00f3n<\/strong><\/h3>\n<p><span style=\"font-weight: 400;\">A partir de los 14 a\u00f1os, los menores deben llevar la misma documentaci\u00f3n que los pasajeros adultos.<\/span><\/p>\n<h2><span style=\"font-weight: 400;\">Soluci\u00f3n a problemas en el vuelo<\/span><\/h2>\n<p><span style=\"font-weight: 400;\">Si en ese viaje en avi\u00f3n dentro de Espa\u00f1a sufres incidencias como:<\/span><\/p>\n<ul>\n<li style=\"font-weight: 400;\" aria-level=\"1\"><a href=\"https:\/\/www.reclamador.es\/aerolineas\/retraso-vuelo\/\"><span style=\"font-weight: 400;\">Retrasos<\/span><\/a><span style=\"font-weight: 400;\"> superiores a 180 minutos en la llegada.<\/span><\/li>\n<li style=\"font-weight: 400;\" aria-level=\"1\"><a href=\"https:\/\/www.reclamador.es\/aerolineas\/cancelacion-vuelo\/\"><span style=\"font-weight: 400;\">Cancelaci\u00f3n de vuelo<\/span><\/a><span style=\"font-weight: 400;\"> avisada con menos de 2 semanas de antelaci\u00f3n.\u00a0<\/span><\/li>\n<li style=\"font-weight: 400;\" aria-level=\"1\"><a href=\"https:\/\/www.reclamador.es\/aerolineas\/overbooking\/\"><span style=\"font-weight: 400;\">Denegaci\u00f3n de embarque por overbooking<\/span><\/a><span style=\"font-weight: 400;\">.<\/span><\/li>\n<li style=\"font-weight: 400;\" aria-level=\"1\"><span style=\"font-weight: 400;\">P\u00e9rdida o da\u00f1os en el <\/span><a href=\"https:\/\/www.reclamador.es\/aerolineas\/problemas-equipaje\/\"><span style=\"font-weight: 400;\">equipaje<\/span><\/a><span style=\"font-weight: 400;\">.<\/span><\/li>\n<\/ul>\n<p><span style=\"font-weight: 400;\"><strong>\u00a1Reclama!<\/strong> Salvo que la cancelaci\u00f3n o el retraso del vuelo sea consecuencia de una causa de fuerza mayor (como puede ser una DANA), tienes derecho a reclamar una <\/span><b>indemnizaci\u00f3n de hasta 400 \u20ac<\/b><span style=\"font-weight: 400;\"> (al tratarse de vuelos nacionales, las compensaciones var\u00edan entre 250 \u20ac y 400 \u20ac, seg\u00fan la distancia del vuelo). Y si tu incidencia es con el <\/span><b>equipaje, la indemnizaci\u00f3n puede llegar a los 1.813 \u20ac<\/b><span style=\"font-weight: 400;\">.\u00a0<\/span><\/p>\n<p><span style=\"font-weight: 400;\">En estos casos de vuelos nacionales con menores, ten en cuenta que en reclamador.es tendr\u00e1s que <\/span><a href=\"https:\/\/www.reclamador.es\/ayuda\/aerolineas\/por-que-hay-que-hacer-una-reclamacion-por-persona\/\"><span style=\"font-weight: 400;\">iniciar un formulario e incluir al menos a cargo<\/span><\/a><span style=\"font-weight: 400;\">. Para ello, en el formulario de reclamaci\u00f3n a\u00e9rea podr\u00e1s indicar este supuesto. Y nosotros nos encargamos de conseguir una indemnizaci\u00f3n para el adulto y otra para el menor (siempre que este ocupe asiento).\u00a0<\/span><\/p>\n\n\n<div class=\"ttr_end\"><\/div>","protected":false},"excerpt":{"rendered":"<p>En el \u00faltimo post de nuestro blog os explic\u00e1bamos la documentaci\u00f3n para ni\u00f1os para viajar en avi\u00f3n fuera de Espa\u00f1a. Y, ahora, vamos a explicar los documentos que necesita un menor para volar dentro de nuestras fronteras.\u00a0 Documentaci\u00f3n ni\u00f1os para viajar en avi\u00f3n dentro de Espa\u00f1a Para viajar en avi\u00f3n dentro de Espa\u00f1a, la documentaci\u00f3n [&hellip;]<\/p>\n","protected":false},"author":28,"featured_media":33900,"comment_status":"open","ping_status":"open","sticky":false,"template":"","format":"standard","meta":{"_acf_changed":false,"_genesis_hide_title":false,"_genesis_hide_breadcrumbs":false,"_genesis_hide_singular_image":false,"_genesis_hide_footer_widgets":false,"_genesis_custom_body_class":"","_genesis_custom_post_class":"","_genesis_layout":"","_jetpack_newsletter_access":"","_jetpack_dont_email_post_to_subs":false,"_jetpack_newsletter_tier_id":0,"_jetpack_memberships_contains_paywalled_content":false,"_jetpack_memberships_contains_paid_content":false,"footnotes":""},"categories":[393],"tags":[380],"class_list":{"0":"post-33896","1":"post","2":"type-post","3":"status-publish","4":"format-standard","5":"has-post-thumbnail","7":"category-consejos","8":"tag-aerolineas","9":"entry"},"acf":[],"yoast_head":"<!-- This site is optimized with the Yoast SEO plugin v27.4 - https:\/\/yoast.com\/product\/yoast-seo-wordpress\/ -->\n<title>Documentaci\u00f3n para ni\u00f1os para viajar en avi\u00f3n dentro de Espa\u00f1a<\/title>\n<meta name=\"description\" content=\"Listado de documentaci\u00f3n para los ni\u00f1os para viajar en avi\u00f3n dentro de Espa\u00f1a. Diferencia por edades y si viajan solos o con sus padres.\" \/>\n<meta name=\"robots\" content=\"index, follow, max-snippet:-1, max-image-preview:large, max-video-preview:-1\" \/>\n<link rel=\"canonical\" href=\"https:\/\/www.reclamador.es\/blog\/que-documentacion-necesitan-los-menores-para-volar-dentro-espana\/\" \/>\n<meta property=\"og:locale\" content=\"es_ES\" \/>\n<meta property=\"og:type\" content=\"article\" \/>\n<meta property=\"og:title\" content=\"Documentaci\u00f3n para ni\u00f1os para viajar en avi\u00f3n dentro de Espa\u00f1a\" \/>\n<meta property=\"og:description\" content=\"Listado de documentaci\u00f3n para los ni\u00f1os para viajar en avi\u00f3n dentro de Espa\u00f1a. Diferencia por edades y si viajan solos o con sus padres.\" \/>\n<meta property=\"og:url\" content=\"https:\/\/www.reclamador.es\/blog\/que-documentacion-necesitan-los-menores-para-volar-dentro-espana\/\" \/>\n<meta property=\"og:site_name\" content=\"Rebeldes con causa, el blog de reclamador.es\" \/>\n<meta property=\"article:publisher\" content=\"https:\/\/www.facebook.com\/reclamador.es\" \/>\n<meta property=\"article:published_time\" content=\"2025-04-02T11:51:09+00:00\" \/>\n<meta property=\"article:modified_time\" content=\"2025-05-09T11:47:24+00:00\" \/>\n<meta property=\"og:image\" content=\"https:\/\/www.reclamador.es\/blog\/wp-content\/uploads\/2025\/04\/documentacion-ninos-para-viajar-en-avion-dentro-de-espana-1200x630-1.jpg\" \/>\n\t<meta property=\"og:image:width\" content=\"1200\" \/>\n\t<meta property=\"og:image:height\" content=\"630\" \/>\n\t<meta property=\"og:image:type\" content=\"image\/jpeg\" \/>\n<meta name=\"author\" content=\"Alicia Ria\u00f1o\" \/>\n<meta name=\"twitter:card\" content=\"summary_large_image\" \/>\n<meta name=\"twitter:creator\" content=\"@reclamador\" \/>\n<meta name=\"twitter:site\" content=\"@reclamador\" \/>\n<meta name=\"twitter:label1\" content=\"Escrito por\" \/>\n\t<meta name=\"twitter:data1\" content=\"Alicia Ria\u00f1o\" \/>\n\t<meta name=\"twitter:label2\" content=\"Tiempo de lectura\" \/>\n\t<meta name=\"twitter:data2\" content=\"3 minutos\" \/>\n<script type=\"application\/ld+json\" class=\"yoast-schema-graph\">{\"@context\":\"https:\\\/\\\/schema.org\",\"@graph\":[{\"@type\":\"Article\",\"@id\":\"https:\\\/\\\/www.reclamador.es\\\/blog\\\/que-documentacion-necesitan-los-menores-para-volar-dentro-espana\\\/#article\",\"isPartOf\":{\"@id\":\"https:\\\/\\\/www.reclamador.es\\\/blog\\\/que-documentacion-necesitan-los-menores-para-volar-dentro-espana\\\/\"},\"author\":{\"name\":\"Alicia Ria\u00f1o\",\"@id\":\"https:\\\/\\\/www.reclamador.es\\\/blog\\\/#\\\/schema\\\/person\\\/2a9d121a6362255b8129c6fda9caffd5\"},\"headline\":\"\u00bfQu\u00e9 documentaci\u00f3n necesitan los menores para volar dentro de Espa\u00f1a?\",\"datePublished\":\"2025-04-02T11:51:09+00:00\",\"dateModified\":\"2025-05-09T11:47:24+00:00\",\"mainEntityOfPage\":{\"@id\":\"https:\\\/\\\/www.reclamador.es\\\/blog\\\/que-documentacion-necesitan-los-menores-para-volar-dentro-espana\\\/\"},\"wordCount\":611,\"commentCount\":0,\"publisher\":{\"@id\":\"https:\\\/\\\/www.reclamador.es\\\/blog\\\/#organization\"},\"image\":{\"@id\":\"https:\\\/\\\/www.reclamador.es\\\/blog\\\/que-documentacion-necesitan-los-menores-para-volar-dentro-espana\\\/#primaryimage\"},\"thumbnailUrl\":\"https:\\\/\\\/i0.wp.com\\\/www.reclamador.es\\\/blog\\\/wp-content\\\/uploads\\\/2025\\\/04\\\/documentacion-ninos-para-viajar-en-avion-dentro-de-espana-1200x630-1.jpg?fit=1200%2C630&ssl=1\",\"keywords\":[\"aerol\u00edneas\"],\"articleSection\":[\"Consejos legales\"],\"inLanguage\":\"es\",\"potentialAction\":[{\"@type\":\"CommentAction\",\"name\":\"Comment\",\"target\":[\"https:\\\/\\\/www.reclamador.es\\\/blog\\\/que-documentacion-necesitan-los-menores-para-volar-dentro-espana\\\/#respond\"]}]},{\"@type\":\"WebPage\",\"@id\":\"https:\\\/\\\/www.reclamador.es\\\/blog\\\/que-documentacion-necesitan-los-menores-para-volar-dentro-espana\\\/\",\"url\":\"https:\\\/\\\/www.reclamador.es\\\/blog\\\/que-documentacion-necesitan-los-menores-para-volar-dentro-espana\\\/\",\"name\":\"Documentaci\u00f3n para ni\u00f1os para viajar en avi\u00f3n dentro de Espa\u00f1a\",\"isPartOf\":{\"@id\":\"https:\\\/\\\/www.reclamador.es\\\/blog\\\/#website\"},\"primaryImageOfPage\":{\"@id\":\"https:\\\/\\\/www.reclamador.es\\\/blog\\\/que-documentacion-necesitan-los-menores-para-volar-dentro-espana\\\/#primaryimage\"},\"image\":{\"@id\":\"https:\\\/\\\/www.reclamador.es\\\/blog\\\/que-documentacion-necesitan-los-menores-para-volar-dentro-espana\\\/#primaryimage\"},\"thumbnailUrl\":\"https:\\\/\\\/i0.wp.com\\\/www.reclamador.es\\\/blog\\\/wp-content\\\/uploads\\\/2025\\\/04\\\/documentacion-ninos-para-viajar-en-avion-dentro-de-espana-1200x630-1.jpg?fit=1200%2C630&ssl=1\",\"datePublished\":\"2025-04-02T11:51:09+00:00\",\"dateModified\":\"2025-05-09T11:47:24+00:00\",\"description\":\"Listado de documentaci\u00f3n para los ni\u00f1os para viajar en avi\u00f3n dentro de Espa\u00f1a. Diferencia por edades y si viajan solos o con sus padres.\",\"breadcrumb\":{\"@id\":\"https:\\\/\\\/www.reclamador.es\\\/blog\\\/que-documentacion-necesitan-los-menores-para-volar-dentro-espana\\\/#breadcrumb\"},\"inLanguage\":\"es\",\"potentialAction\":[{\"@type\":\"ReadAction\",\"target\":[\"https:\\\/\\\/www.reclamador.es\\\/blog\\\/que-documentacion-necesitan-los-menores-para-volar-dentro-espana\\\/\"]}]},{\"@type\":\"ImageObject\",\"inLanguage\":\"es\",\"@id\":\"https:\\\/\\\/www.reclamador.es\\\/blog\\\/que-documentacion-necesitan-los-menores-para-volar-dentro-espana\\\/#primaryimage\",\"url\":\"https:\\\/\\\/i0.wp.com\\\/www.reclamador.es\\\/blog\\\/wp-content\\\/uploads\\\/2025\\\/04\\\/documentacion-ninos-para-viajar-en-avion-dentro-de-espana-1200x630-1.jpg?fit=1200%2C630&ssl=1\",\"contentUrl\":\"https:\\\/\\\/i0.wp.com\\\/www.reclamador.es\\\/blog\\\/wp-content\\\/uploads\\\/2025\\\/04\\\/documentacion-ninos-para-viajar-en-avion-dentro-de-espana-1200x630-1.jpg?fit=1200%2C630&ssl=1\",\"width\":1200,\"height\":630,\"caption\":\"Documentaci\u00f3n ni\u00f1os para viajar en avi\u00f3n dentro de Espa\u00f1a\"},{\"@type\":\"BreadcrumbList\",\"@id\":\"https:\\\/\\\/www.reclamador.es\\\/blog\\\/que-documentacion-necesitan-los-menores-para-volar-dentro-espana\\\/#breadcrumb\",\"itemListElement\":[{\"@type\":\"ListItem\",\"position\":1,\"name\":\"Portada\",\"item\":\"https:\\\/\\\/www.reclamador.es\\\/blog\\\/\"},{\"@type\":\"ListItem\",\"position\":2,\"name\":\"\u00bfQu\u00e9 documentaci\u00f3n necesitan los menores para volar dentro de Espa\u00f1a?\"}]},{\"@type\":\"WebSite\",\"@id\":\"https:\\\/\\\/www.reclamador.es\\\/blog\\\/#website\",\"url\":\"https:\\\/\\\/www.reclamador.es\\\/blog\\\/\",\"name\":\"Rebeldes con causa, el blog de reclamador.es\",\"description\":\"Noticias, entrevistas y consejos sobre reclamaciones\",\"publisher\":{\"@id\":\"https:\\\/\\\/www.reclamador.es\\\/blog\\\/#organization\"},\"potentialAction\":[{\"@type\":\"SearchAction\",\"target\":{\"@type\":\"EntryPoint\",\"urlTemplate\":\"https:\\\/\\\/www.reclamador.es\\\/blog\\\/?s={search_term_string}\"},\"query-input\":{\"@type\":\"PropertyValueSpecification\",\"valueRequired\":true,\"valueName\":\"search_term_string\"}}],\"inLanguage\":\"es\"},{\"@type\":\"Organization\",\"@id\":\"https:\\\/\\\/www.reclamador.es\\\/blog\\\/#organization\",\"name\":\"reclamador.es\",\"url\":\"https:\\\/\\\/www.reclamador.es\\\/blog\\\/\",\"logo\":{\"@type\":\"ImageObject\",\"inLanguage\":\"es\",\"@id\":\"https:\\\/\\\/www.reclamador.es\\\/blog\\\/#\\\/schema\\\/logo\\\/image\\\/\",\"url\":\"https:\\\/\\\/i0.wp.com\\\/www.reclamador.es\\\/blog\\\/wp-content\\\/uploads\\\/2020\\\/01\\\/logo-reclamador.png?fit=1200%2C144&ssl=1\",\"contentUrl\":\"https:\\\/\\\/i0.wp.com\\\/www.reclamador.es\\\/blog\\\/wp-content\\\/uploads\\\/2020\\\/01\\\/logo-reclamador.png?fit=1200%2C144&ssl=1\",\"width\":1200,\"height\":144,\"caption\":\"reclamador.es\"},\"image\":{\"@id\":\"https:\\\/\\\/www.reclamador.es\\\/blog\\\/#\\\/schema\\\/logo\\\/image\\\/\"},\"sameAs\":[\"https:\\\/\\\/www.facebook.com\\\/reclamador.es\",\"https:\\\/\\\/x.com\\\/reclamador\",\"https:\\\/\\\/www.instagram.com\\\/reclamador.es\\\/\",\"https:\\\/\\\/www.linkedin.com\\\/company\\\/reclamador-es\",\"https:\\\/\\\/www.youtube.com\\\/user\\\/Reclamadores\"]},{\"@type\":\"Person\",\"@id\":\"https:\\\/\\\/www.reclamador.es\\\/blog\\\/#\\\/schema\\\/person\\\/2a9d121a6362255b8129c6fda9caffd5\",\"name\":\"Alicia Ria\u00f1o\",\"image\":{\"@type\":\"ImageObject\",\"inLanguage\":\"es\",\"@id\":\"https:\\\/\\\/secure.gravatar.com\\\/avatar\\\/2915f7664bf5ed4baf932328fabfe761f32f21ec1b577e7d54a7fee6613de25f?s=96&d=mm&r=g\",\"url\":\"https:\\\/\\\/secure.gravatar.com\\\/avatar\\\/2915f7664bf5ed4baf932328fabfe761f32f21ec1b577e7d54a7fee6613de25f?s=96&d=mm&r=g\",\"contentUrl\":\"https:\\\/\\\/secure.gravatar.com\\\/avatar\\\/2915f7664bf5ed4baf932328fabfe761f32f21ec1b577e7d54a7fee6613de25f?s=96&d=mm&r=g\",\"caption\":\"Alicia Ria\u00f1o\"},\"description\":\"Periodista experta en comunicaci\u00f3n y marketing digital. Escribo para acercar la informaci\u00f3n legal de forma sencilla y comprensible a las personas.\",\"sameAs\":[\"https:\\\/\\\/www.linkedin.com\\\/in\\\/alicia-r-932a2959\"],\"url\":\"https:\\\/\\\/www.reclamador.es\\\/blog\\\/author\\\/alicia-riano\\\/\"}]}<\/script>\n<!-- \/ Yoast SEO plugin. -->","yoast_head_json":{"title":"Documentaci\u00f3n para ni\u00f1os para viajar en avi\u00f3n dentro de Espa\u00f1a","description":"Listado de documentaci\u00f3n para los ni\u00f1os para viajar en avi\u00f3n dentro de Espa\u00f1a. Diferencia por edades y si viajan solos o con sus padres.","robots":{"index":"index","follow":"follow","max-snippet":"max-snippet:-1","max-image-preview":"max-image-preview:large","max-video-preview":"max-video-preview:-1"},"canonical":"https:\/\/www.reclamador.es\/blog\/que-documentacion-necesitan-los-menores-para-volar-dentro-espana\/","og_locale":"es_ES","og_type":"article","og_title":"Documentaci\u00f3n para ni\u00f1os para viajar en avi\u00f3n dentro de Espa\u00f1a","og_description":"Listado de documentaci\u00f3n para los ni\u00f1os para viajar en avi\u00f3n dentro de Espa\u00f1a. Diferencia por edades y si viajan solos o con sus padres.","og_url":"https:\/\/www.reclamador.es\/blog\/que-documentacion-necesitan-los-menores-para-volar-dentro-espana\/","og_site_name":"Rebeldes con causa, el blog de reclamador.es","article_publisher":"https:\/\/www.facebook.com\/reclamador.es","article_published_time":"2025-04-02T11:51:09+00:00","article_modified_time":"2025-05-09T11:47:24+00:00","og_image":[{"width":1200,"height":630,"url":"https:\/\/www.reclamador.es\/blog\/wp-content\/uploads\/2025\/04\/documentacion-ninos-para-viajar-en-avion-dentro-de-espana-1200x630-1.jpg","type":"image\/jpeg"}],"author":"Alicia Ria\u00f1o","twitter_card":"summary_large_image","twitter_creator":"@reclamador","twitter_site":"@reclamador","twitter_misc":{"Escrito por":"Alicia Ria\u00f1o","Tiempo de lectura":"3 minutos"},"schema":{"@context":"https:\/\/schema.org","@graph":[{"@type":"Article","@id":"https:\/\/www.reclamador.es\/blog\/que-documentacion-necesitan-los-menores-para-volar-dentro-espana\/#article","isPartOf":{"@id":"https:\/\/www.reclamador.es\/blog\/que-documentacion-necesitan-los-menores-para-volar-dentro-espana\/"},"author":{"name":"Alicia Ria\u00f1o","@id":"https:\/\/www.reclamador.es\/blog\/#\/schema\/person\/2a9d121a6362255b8129c6fda9caffd5"},"headline":"\u00bfQu\u00e9 documentaci\u00f3n necesitan los menores para volar dentro de Espa\u00f1a?","datePublished":"2025-04-02T11:51:09+00:00","dateModified":"2025-05-09T11:47:24+00:00","mainEntityOfPage":{"@id":"https:\/\/www.reclamador.es\/blog\/que-documentacion-necesitan-los-menores-para-volar-dentro-espana\/"},"wordCount":611,"commentCount":0,"publisher":{"@id":"https:\/\/www.reclamador.es\/blog\/#organization"},"image":{"@id":"https:\/\/www.reclamador.es\/blog\/que-documentacion-necesitan-los-menores-para-volar-dentro-espana\/#primaryimage"},"thumbnailUrl":"https:\/\/i0.wp.com\/www.reclamador.es\/blog\/wp-content\/uploads\/2025\/04\/documentacion-ninos-para-viajar-en-avion-dentro-de-espana-1200x630-1.jpg?fit=1200%2C630&ssl=1","keywords":["aerol\u00edneas"],"articleSection":["Consejos legales"],"inLanguage":"es","potentialAction":[{"@type":"CommentAction","name":"Comment","target":["https:\/\/www.reclamador.es\/blog\/que-documentacion-necesitan-los-menores-para-volar-dentro-espana\/#respond"]}]},{"@type":"WebPage","@id":"https:\/\/www.reclamador.es\/blog\/que-documentacion-necesitan-los-menores-para-volar-dentro-espana\/","url":"https:\/\/www.reclamador.es\/blog\/que-documentacion-necesitan-los-menores-para-volar-dentro-espana\/","name":"Documentaci\u00f3n para ni\u00f1os para viajar en avi\u00f3n dentro de Espa\u00f1a","isPartOf":{"@id":"https:\/\/www.reclamador.es\/blog\/#website"},"primaryImageOfPage":{"@id":"https:\/\/www.reclamador.es\/blog\/que-documentacion-necesitan-los-menores-para-volar-dentro-espana\/#primaryimage"},"image":{"@id":"https:\/\/www.reclamador.es\/blog\/que-documentacion-necesitan-los-menores-para-volar-dentro-espana\/#primaryimage"},"thumbnailUrl":"https:\/\/i0.wp.com\/www.reclamador.es\/blog\/wp-content\/uploads\/2025\/04\/documentacion-ninos-para-viajar-en-avion-dentro-de-espana-1200x630-1.jpg?fit=1200%2C630&ssl=1","datePublished":"2025-04-02T11:51:09+00:00","dateModified":"2025-05-09T11:47:24+00:00","description":"Listado de documentaci\u00f3n para los ni\u00f1os para viajar en avi\u00f3n dentro de Espa\u00f1a. Diferencia por edades y si viajan solos o con sus padres.","breadcrumb":{"@id":"https:\/\/www.reclamador.es\/blog\/que-documentacion-necesitan-los-menores-para-volar-dentro-espana\/#breadcrumb"},"inLanguage":"es","potentialAction":[{"@type":"ReadAction","target":["https:\/\/www.reclamador.es\/blog\/que-documentacion-necesitan-los-menores-para-volar-dentro-espana\/"]}]},{"@type":"ImageObject","inLanguage":"es","@id":"https:\/\/www.reclamador.es\/blog\/que-documentacion-necesitan-los-menores-para-volar-dentro-espana\/#primaryimage","url":"https:\/\/i0.wp.com\/www.reclamador.es\/blog\/wp-content\/uploads\/2025\/04\/documentacion-ninos-para-viajar-en-avion-dentro-de-espana-1200x630-1.jpg?fit=1200%2C630&ssl=1","contentUrl":"https:\/\/i0.wp.com\/www.reclamador.es\/blog\/wp-content\/uploads\/2025\/04\/documentacion-ninos-para-viajar-en-avion-dentro-de-espana-1200x630-1.jpg?fit=1200%2C630&ssl=1","width":1200,"height":630,"caption":"Documentaci\u00f3n ni\u00f1os para viajar en avi\u00f3n dentro de Espa\u00f1a"},{"@type":"BreadcrumbList","@id":"https:\/\/www.reclamador.es\/blog\/que-documentacion-necesitan-los-menores-para-volar-dentro-espana\/#breadcrumb","itemListElement":[{"@type":"ListItem","position":1,"name":"Portada","item":"https:\/\/www.reclamador.es\/blog\/"},{"@type":"ListItem","position":2,"name":"\u00bfQu\u00e9 documentaci\u00f3n necesitan los menores para volar dentro de Espa\u00f1a?"}]},{"@type":"WebSite","@id":"https:\/\/www.reclamador.es\/blog\/#website","url":"https:\/\/www.reclamador.es\/blog\/","name":"Rebeldes con causa, el blog de reclamador.es","description":"Noticias, entrevistas y consejos sobre reclamaciones","publisher":{"@id":"https:\/\/www.reclamador.es\/blog\/#organization"},"potentialAction":[{"@type":"SearchAction","target":{"@type":"EntryPoint","urlTemplate":"https:\/\/www.reclamador.es\/blog\/?s={search_term_string}"},"query-input":{"@type":"PropertyValueSpecification","valueRequired":true,"valueName":"search_term_string"}}],"inLanguage":"es"},{"@type":"Organization","@id":"https:\/\/www.reclamador.es\/blog\/#organization","name":"reclamador.es","url":"https:\/\/www.reclamador.es\/blog\/","logo":{"@type":"ImageObject","inLanguage":"es","@id":"https:\/\/www.reclamador.es\/blog\/#\/schema\/logo\/image\/","url":"https:\/\/i0.wp.com\/www.reclamador.es\/blog\/wp-content\/uploads\/2020\/01\/logo-reclamador.png?fit=1200%2C144&ssl=1","contentUrl":"https:\/\/i0.wp.com\/www.reclamador.es\/blog\/wp-content\/uploads\/2020\/01\/logo-reclamador.png?fit=1200%2C144&ssl=1","width":1200,"height":144,"caption":"reclamador.es"},"image":{"@id":"https:\/\/www.reclamador.es\/blog\/#\/schema\/logo\/image\/"},"sameAs":["https:\/\/www.facebook.com\/reclamador.es","https:\/\/x.com\/reclamador","https:\/\/www.instagram.com\/reclamador.es\/","https:\/\/www.linkedin.com\/company\/reclamador-es","https:\/\/www.youtube.com\/user\/Reclamadores"]},{"@type":"Person","@id":"https:\/\/www.reclamador.es\/blog\/#\/schema\/person\/2a9d121a6362255b8129c6fda9caffd5","name":"Alicia Ria\u00f1o","image":{"@type":"ImageObject","inLanguage":"es","@id":"https:\/\/secure.gravatar.com\/avatar\/2915f7664bf5ed4baf932328fabfe761f32f21ec1b577e7d54a7fee6613de25f?s=96&d=mm&r=g","url":"https:\/\/secure.gravatar.com\/avatar\/2915f7664bf5ed4baf932328fabfe761f32f21ec1b577e7d54a7fee6613de25f?s=96&d=mm&r=g","contentUrl":"https:\/\/secure.gravatar.com\/avatar\/2915f7664bf5ed4baf932328fabfe761f32f21ec1b577e7d54a7fee6613de25f?s=96&d=mm&r=g","caption":"Alicia Ria\u00f1o"},"description":"Periodista experta en comunicaci\u00f3n y marketing digital. Escribo para acercar la informaci\u00f3n legal de forma sencilla y comprensible a las personas.","sameAs":["https:\/\/www.linkedin.com\/in\/alicia-r-932a2959"],"url":"https:\/\/www.reclamador.es\/blog\/author\/alicia-riano\/"}]}},"jetpack_featured_media_url":"https:\/\/i0.wp.com\/www.reclamador.es\/blog\/wp-content\/uploads\/2025\/04\/documentacion-ninos-para-viajar-en-avion-dentro-de-espana-1200x630-1.jpg?fit=1200%2C630&ssl=1","jetpack-related-posts":[{"id":33838,"url":"https:\/\/www.reclamador.es\/blog\/documentacion-ninos-viajar-avion-fuera-espana\/","url_meta":{"origin":33896,"position":0},"title":"Documentaci\u00f3n necesaria para que los menores viajen en avi\u00f3n fuera de Espa\u00f1a","author":"Alicia Ria\u00f1o","date":"1 abril, 2025","format":false,"excerpt":"Por ocio o por necesidad, la realidad es que cada vez aumentan m\u00e1s los viajes en avi\u00f3n con ni\u00f1os y beb\u00e9s. Y de ese incremento en el n\u00famero de menores que viajan en avi\u00f3n en Espa\u00f1a, surge la gran duda entre las familias: \u00bfQu\u00e9 documentos son necesarios para viajar con\u2026","rel":"","context":"En \u00abConsejos legales\u00bb","block_context":{"text":"Consejos legales","link":"https:\/\/www.reclamador.es\/blog\/consejos\/"},"img":{"alt_text":"documentos para que menores viajen fuera de espa\u00f1a","src":"https:\/\/i0.wp.com\/www.reclamador.es\/blog\/wp-content\/uploads\/2025\/04\/documentacion-nin%CC%83os-para-viajar-en-avion-fuera-de-espan%CC%83a-1200x630-1.jpg?fit=1200%2C630&ssl=1&resize=350%2C200","width":350,"height":200,"srcset":"https:\/\/i0.wp.com\/www.reclamador.es\/blog\/wp-content\/uploads\/2025\/04\/documentacion-nin%CC%83os-para-viajar-en-avion-fuera-de-espan%CC%83a-1200x630-1.jpg?fit=1200%2C630&ssl=1&resize=350%2C200 1x, https:\/\/i0.wp.com\/www.reclamador.es\/blog\/wp-content\/uploads\/2025\/04\/documentacion-nin%CC%83os-para-viajar-en-avion-fuera-de-espan%CC%83a-1200x630-1.jpg?fit=1200%2C630&ssl=1&resize=525%2C300 1.5x, https:\/\/i0.wp.com\/www.reclamador.es\/blog\/wp-content\/uploads\/2025\/04\/documentacion-nin%CC%83os-para-viajar-en-avion-fuera-de-espan%CC%83a-1200x630-1.jpg?fit=1200%2C630&ssl=1&resize=700%2C400 2x, https:\/\/i0.wp.com\/www.reclamador.es\/blog\/wp-content\/uploads\/2025\/04\/documentacion-nin%CC%83os-para-viajar-en-avion-fuera-de-espan%CC%83a-1200x630-1.jpg?fit=1200%2C630&ssl=1&resize=1050%2C600 3x"},"classes":[]},{"id":16809,"url":"https:\/\/www.reclamador.es\/blog\/volar-con-carnet-de-conducir\/","url_meta":{"origin":33896,"position":1},"title":"Documentaci\u00f3n para viajar en avi\u00f3n: \u00bfse puede volar con el carnet de conducir?","author":"Alicia Ria\u00f1o","date":"28 diciembre, 2024","format":false,"excerpt":"\u00bfCu\u00e1ntas veces antes de coger un avi\u00f3n te has preguntado si podr\u00e1s volar con el carnet de conducir en lugar del DNI? o \u00bfQu\u00e9 documentaci\u00f3n es obligatoria para poder pasar el control de seguridad? En reclamador.es no queremos que la documentaci\u00f3n a mostrar se sume a los problemas habituales a\u2026","rel":"","context":"En \u00abConsejos legales\u00bb","block_context":{"text":"Consejos legales","link":"https:\/\/www.reclamador.es\/blog\/consejos\/"},"img":{"alt_text":"volar con carne de conducir","src":"https:\/\/i0.wp.com\/www.reclamador.es\/blog\/wp-content\/uploads\/2018\/01\/volar-con-el-carne-de-conducir.jpg?fit=1200%2C797&ssl=1&resize=350%2C200","width":350,"height":200,"srcset":"https:\/\/i0.wp.com\/www.reclamador.es\/blog\/wp-content\/uploads\/2018\/01\/volar-con-el-carne-de-conducir.jpg?fit=1200%2C797&ssl=1&resize=350%2C200 1x, https:\/\/i0.wp.com\/www.reclamador.es\/blog\/wp-content\/uploads\/2018\/01\/volar-con-el-carne-de-conducir.jpg?fit=1200%2C797&ssl=1&resize=525%2C300 1.5x, https:\/\/i0.wp.com\/www.reclamador.es\/blog\/wp-content\/uploads\/2018\/01\/volar-con-el-carne-de-conducir.jpg?fit=1200%2C797&ssl=1&resize=700%2C400 2x, https:\/\/i0.wp.com\/www.reclamador.es\/blog\/wp-content\/uploads\/2018\/01\/volar-con-el-carne-de-conducir.jpg?fit=1200%2C797&ssl=1&resize=1050%2C600 3x"},"classes":[]},{"id":20573,"url":"https:\/\/www.reclamador.es\/blog\/viajar-ninos-avion\/","url_meta":{"origin":33896,"position":2},"title":"Consejos b\u00e1sicos para viajar en avi\u00f3n con ni\u00f1os y beb\u00e9s","author":"Equipo reclamador","date":"15 mayo, 2024","format":false,"excerpt":"A la hora de planear una escapada con los m\u00e1s chiquitines, pueden surgir algunas dudas. \u00bfA partir de qu\u00e9 edad deben pagar el billete de avi\u00f3n? \u00bfSe deben facturar los carritos de beb\u00e9? \u00bfC\u00f3mo se hace? \u00bfPuedo reclamar una indemnizaci\u00f3n por retraso o cancelaci\u00f3n por ellos? En este post vamos\u2026","rel":"","context":"En \u00abConsejos legales\u00bb","block_context":{"text":"Consejos legales","link":"https:\/\/www.reclamador.es\/blog\/consejos\/"},"img":{"alt_text":"viajar con ni\u00f1os en avi\u00f3n","src":"https:\/\/i0.wp.com\/www.reclamador.es\/blog\/wp-content\/uploads\/2022\/09\/viajar-con-ninos-en-avion-2.jpg?fit=1200%2C630&ssl=1&resize=350%2C200","width":350,"height":200,"srcset":"https:\/\/i0.wp.com\/www.reclamador.es\/blog\/wp-content\/uploads\/2022\/09\/viajar-con-ninos-en-avion-2.jpg?fit=1200%2C630&ssl=1&resize=350%2C200 1x, https:\/\/i0.wp.com\/www.reclamador.es\/blog\/wp-content\/uploads\/2022\/09\/viajar-con-ninos-en-avion-2.jpg?fit=1200%2C630&ssl=1&resize=525%2C300 1.5x, https:\/\/i0.wp.com\/www.reclamador.es\/blog\/wp-content\/uploads\/2022\/09\/viajar-con-ninos-en-avion-2.jpg?fit=1200%2C630&ssl=1&resize=700%2C400 2x, https:\/\/i0.wp.com\/www.reclamador.es\/blog\/wp-content\/uploads\/2022\/09\/viajar-con-ninos-en-avion-2.jpg?fit=1200%2C630&ssl=1&resize=1050%2C600 3x"},"classes":[]},{"id":34186,"url":"https:\/\/www.reclamador.es\/blog\/puede-un-menor-viajar-en-avion-solo\/","url_meta":{"origin":33896,"position":3},"title":"\u00bfCu\u00e1ndo puede un menor viajar solo en avi\u00f3n?","author":"Alicia Ria\u00f1o","date":"12 mayo, 2025","format":false,"excerpt":"Seguramente, a la pregunta \u00bfpuede un menor viajar en avi\u00f3n solo? est\u00e9s pensando que depender\u00e1 de la edad, pues puede no ser lo mismo tener 17 a\u00f1os y querer hacer un viaje con amigos en avi\u00f3n para pasar, por ejemplo, las vacaciones de verano en Ibiza, que hablar de un\u2026","rel":"","context":"En \u00abConsejos legales\u00bb","block_context":{"text":"Consejos legales","link":"https:\/\/www.reclamador.es\/blog\/consejos\/"},"img":{"alt_text":"puede un menor viajar en avion solo Espa\u00f1a internacional","src":"https:\/\/i0.wp.com\/www.reclamador.es\/blog\/wp-content\/uploads\/2025\/05\/cuando-puede-viajar-solo-un-menor-en-un-avion-1200x630-1.jpg?fit=1200%2C630&ssl=1&resize=350%2C200","width":350,"height":200,"srcset":"https:\/\/i0.wp.com\/www.reclamador.es\/blog\/wp-content\/uploads\/2025\/05\/cuando-puede-viajar-solo-un-menor-en-un-avion-1200x630-1.jpg?fit=1200%2C630&ssl=1&resize=350%2C200 1x, https:\/\/i0.wp.com\/www.reclamador.es\/blog\/wp-content\/uploads\/2025\/05\/cuando-puede-viajar-solo-un-menor-en-un-avion-1200x630-1.jpg?fit=1200%2C630&ssl=1&resize=525%2C300 1.5x, https:\/\/i0.wp.com\/www.reclamador.es\/blog\/wp-content\/uploads\/2025\/05\/cuando-puede-viajar-solo-un-menor-en-un-avion-1200x630-1.jpg?fit=1200%2C630&ssl=1&resize=700%2C400 2x, https:\/\/i0.wp.com\/www.reclamador.es\/blog\/wp-content\/uploads\/2025\/05\/cuando-puede-viajar-solo-un-menor-en-un-avion-1200x630-1.jpg?fit=1200%2C630&ssl=1&resize=1050%2C600 3x"},"classes":[]},{"id":22836,"url":"https:\/\/www.reclamador.es\/blog\/denegacion-de-embarque-no-reclamable\/","url_meta":{"origin":33896,"position":4},"title":"Viajar bajo los efectos del alcohol o llegar con la puerta de embarque cerrada: Denegaciones de embarque no reclamables","author":"Alicia Ria\u00f1o","date":"3 diciembre, 2020","format":false,"excerpt":"*Texto modificado septiembre 2025 La denegaci\u00f3n de embarque m\u00e1s conocida es el overbooking. Una pr\u00e1ctica que, pese a ser legal, es indemnizable cuando no te presentas como voluntario para no embarcar. El overbooking se produce porque la aerol\u00ednea vende m\u00e1s billetes que plazas tiene la aeronave y, si todo el\u2026","rel":"","context":"En \u00abConsejos legales\u00bb","block_context":{"text":"Consejos legales","link":"https:\/\/www.reclamador.es\/blog\/consejos\/"},"img":{"alt_text":"aerolineas denegaciones de embarque","src":"https:\/\/i0.wp.com\/www.reclamador.es\/blog\/wp-content\/uploads\/2020\/09\/denegacion-de-embarque-no-reclamable.jpg?fit=1200%2C630&ssl=1&resize=350%2C200","width":350,"height":200,"srcset":"https:\/\/i0.wp.com\/www.reclamador.es\/blog\/wp-content\/uploads\/2020\/09\/denegacion-de-embarque-no-reclamable.jpg?fit=1200%2C630&ssl=1&resize=350%2C200 1x, https:\/\/i0.wp.com\/www.reclamador.es\/blog\/wp-content\/uploads\/2020\/09\/denegacion-de-embarque-no-reclamable.jpg?fit=1200%2C630&ssl=1&resize=525%2C300 1.5x, https:\/\/i0.wp.com\/www.reclamador.es\/blog\/wp-content\/uploads\/2020\/09\/denegacion-de-embarque-no-reclamable.jpg?fit=1200%2C630&ssl=1&resize=700%2C400 2x, https:\/\/i0.wp.com\/www.reclamador.es\/blog\/wp-content\/uploads\/2020\/09\/denegacion-de-embarque-no-reclamable.jpg?fit=1200%2C630&ssl=1&resize=1050%2C600 3x"},"classes":[]},{"id":26431,"url":"https:\/\/www.reclamador.es\/blog\/traslado-de-cenizas-en-avion\/","url_meta":{"origin":33896,"position":5},"title":"Traslado de cenizas en avi\u00f3n: \u00bfes posible?","author":"Alicia Ria\u00f1o","date":"28 enero, 2021","format":false,"excerpt":"Las dudas que surgen a lo largo del proceso de despedida de un ser querido son multitudinarias. Por ejemplo, cuando se opta por la incineraci\u00f3n, las posteriores dudas que aparecen es qu\u00e9 hacer con esas cenizas o c\u00f3mo transportarlas si el destino elegido para su reposo requiere del traslado de\u2026","rel":"","context":"En \u00abConsejos legales\u00bb","block_context":{"text":"Consejos legales","link":"https:\/\/www.reclamador.es\/blog\/consejos\/"},"img":{"alt_text":"traslado cenizas en avion","src":"https:\/\/i0.wp.com\/www.reclamador.es\/blog\/wp-content\/uploads\/2021\/01\/aircraft-3239200_1280.jpg?fit=1200%2C769&ssl=1&resize=350%2C200","width":350,"height":200,"srcset":"https:\/\/i0.wp.com\/www.reclamador.es\/blog\/wp-content\/uploads\/2021\/01\/aircraft-3239200_1280.jpg?fit=1200%2C769&ssl=1&resize=350%2C200 1x, https:\/\/i0.wp.com\/www.reclamador.es\/blog\/wp-content\/uploads\/2021\/01\/aircraft-3239200_1280.jpg?fit=1200%2C769&ssl=1&resize=525%2C300 1.5x, https:\/\/i0.wp.com\/www.reclamador.es\/blog\/wp-content\/uploads\/2021\/01\/aircraft-3239200_1280.jpg?fit=1200%2C769&ssl=1&resize=700%2C400 2x, https:\/\/i0.wp.com\/www.reclamador.es\/blog\/wp-content\/uploads\/2021\/01\/aircraft-3239200_1280.jpg?fit=1200%2C769&ssl=1&resize=1050%2C600 3x"},"classes":[]}],"jetpack_sharing_enabled":true,"_links":{"self":[{"href":"https:\/\/www.reclamador.es\/blog\/wp-json\/wp\/v2\/posts\/33896","targetHints":{"allow":["GET"]}}],"collection":[{"href":"https:\/\/www.reclamador.es\/blog\/wp-json\/wp\/v2\/posts"}],"about":[{"href":"https:\/\/www.reclamador.es\/blog\/wp-json\/wp\/v2\/types\/post"}],"author":[{"embeddable":true,"href":"https:\/\/www.reclamador.es\/blog\/wp-json\/wp\/v2\/users\/28"}],"replies":[{"embeddable":true,"href":"https:\/\/www.reclamador.es\/blog\/wp-json\/wp\/v2\/comments?post=33896"}],"version-history":[{"count":4,"href":"https:\/\/www.reclamador.es\/blog\/wp-json\/wp\/v2\/posts\/33896\/revisions"}],"predecessor-version":[{"id":34155,"href":"https:\/\/www.reclamador.es\/blog\/wp-json\/wp\/v2\/posts\/33896\/revisions\/34155"}],"wp:featuredmedia":[{"embeddable":true,"href":"https:\/\/www.reclamador.es\/blog\/wp-json\/wp\/v2\/media\/33900"}],"wp:attachment":[{"href":"https:\/\/www.reclamador.es\/blog\/wp-json\/wp\/v2\/media?parent=33896"}],"wp:term":[{"taxonomy":"category","embeddable":true,"href":"https:\/\/www.reclamador.es\/blog\/wp-json\/wp\/v2\/categories?post=33896"},{"taxonomy":"post_tag","embeddable":true,"href":"https:\/\/www.reclamador.es\/blog\/wp-json\/wp\/v2\/tags?post=33896"}],"curies":[{"name":"wp","href":"https:\/\/api.w.org\/{rel}","templated":true}]}}