{"id":33824,"date":"2025-03-27T12:48:26","date_gmt":"2025-03-27T11:48:26","guid":{"rendered":"https:\/\/www.reclamador.es\/blog\/?p=33824"},"modified":"2025-04-01T13:33:11","modified_gmt":"2025-04-01T11:33:11","slug":"entrevista-elisa-reclamadora-de-aerolineas","status":"publish","type":"post","link":"https:\/\/www.reclamador.es\/blog\/entrevista-elisa-reclamadora-de-aerolineas\/","title":{"rendered":"Elisa del Valle, reclamadora de aerol\u00edneas: \u201cEl servicio de reclamador.es es excelente e impecable y con tiempos m\u00e1s que buenos\u201d"},"content":{"rendered":"<div class=\"ttr_start\"><\/div>\n\n<div class=\"kk-star-ratings kksr-auto kksr-align-right kksr-valign-top\"\n    data-payload='{&quot;align&quot;:&quot;right&quot;,&quot;id&quot;:&quot;33824&quot;,&quot;slug&quot;:&quot;default&quot;,&quot;valign&quot;:&quot;top&quot;,&quot;ignore&quot;:&quot;&quot;,&quot;reference&quot;:&quot;auto&quot;,&quot;class&quot;:&quot;&quot;,&quot;count&quot;:&quot;1&quot;,&quot;legendonly&quot;:&quot;&quot;,&quot;readonly&quot;:&quot;&quot;,&quot;score&quot;:&quot;5&quot;,&quot;starsonly&quot;:&quot;&quot;,&quot;best&quot;:&quot;5&quot;,&quot;gap&quot;:&quot;3&quot;,&quot;greet&quot;:&quot;Valora este art\u00edculo&quot;,&quot;legend&quot;:&quot;5\\\/5 - (1 voto)&quot;,&quot;size&quot;:&quot;20&quot;,&quot;title&quot;:&quot;Elisa del Valle, reclamadora de aerol\u00edneas: \u201cEl servicio de reclamador.es es excelente e impecable y con tiempos m\u00e1s que buenos\u201d&quot;,&quot;width&quot;:&quot;113.5&quot;,&quot;_legend&quot;:&quot;{score}\\\/{best} - ({count} {votes})&quot;,&quot;font_factor&quot;:&quot;1.25&quot;}'>\n            \n<div class=\"kksr-stars\">\n    \n<div class=\"kksr-stars-inactive\">\n            <div class=\"kksr-star\" data-star=\"1\" style=\"padding-right: 3px\">\n            \n\n<div class=\"kksr-icon\" style=\"width: 20px; height: 20px;\"><\/div>\n        <\/div>\n            <div class=\"kksr-star\" data-star=\"2\" style=\"padding-right: 3px\">\n            \n\n<div class=\"kksr-icon\" style=\"width: 20px; height: 20px;\"><\/div>\n        <\/div>\n            <div class=\"kksr-star\" data-star=\"3\" style=\"padding-right: 3px\">\n            \n\n<div class=\"kksr-icon\" style=\"width: 20px; height: 20px;\"><\/div>\n        <\/div>\n            <div class=\"kksr-star\" data-star=\"4\" style=\"padding-right: 3px\">\n            \n\n<div class=\"kksr-icon\" style=\"width: 20px; height: 20px;\"><\/div>\n        <\/div>\n            <div class=\"kksr-star\" data-star=\"5\" style=\"padding-right: 3px\">\n            \n\n<div class=\"kksr-icon\" style=\"width: 20px; height: 20px;\"><\/div>\n        <\/div>\n    <\/div>\n    \n<div class=\"kksr-stars-active\" style=\"width: 113.5px;\">\n            <div class=\"kksr-star\" style=\"padding-right: 3px\">\n            \n\n<div class=\"kksr-icon\" style=\"width: 20px; height: 20px;\"><\/div>\n        <\/div>\n            <div class=\"kksr-star\" style=\"padding-right: 3px\">\n            \n\n<div class=\"kksr-icon\" style=\"width: 20px; height: 20px;\"><\/div>\n        <\/div>\n            <div class=\"kksr-star\" style=\"padding-right: 3px\">\n            \n\n<div class=\"kksr-icon\" style=\"width: 20px; height: 20px;\"><\/div>\n        <\/div>\n            <div class=\"kksr-star\" style=\"padding-right: 3px\">\n            \n\n<div class=\"kksr-icon\" style=\"width: 20px; height: 20px;\"><\/div>\n        <\/div>\n            <div class=\"kksr-star\" style=\"padding-right: 3px\">\n            \n\n<div class=\"kksr-icon\" style=\"width: 20px; height: 20px;\"><\/div>\n        <\/div>\n    <\/div>\n<\/div>\n                \n\n<div class=\"kksr-legend\" style=\"font-size: 16px;\">\n            5\/5 - (1 voto)    <\/div>\n    <\/div>\n\n<p><img data-recalc-dims=\"1\" loading=\"lazy\" decoding=\"async\" class=\"aligncenter size-full wp-image-33827\" src=\"https:\/\/i0.wp.com\/www.reclamador.es\/blog\/wp-content\/uploads\/2025\/03\/entrevista-cliente-aerolineas-Elisa-del-Valle-Cordoba-1200x630-1.jpg?resize=1200%2C630&#038;ssl=1\" alt=\"\" width=\"1200\" height=\"630\" srcset=\"https:\/\/i0.wp.com\/www.reclamador.es\/blog\/wp-content\/uploads\/2025\/03\/entrevista-cliente-aerolineas-Elisa-del-Valle-Cordoba-1200x630-1.jpg?w=1200&amp;ssl=1 1200w, https:\/\/i0.wp.com\/www.reclamador.es\/blog\/wp-content\/uploads\/2025\/03\/entrevista-cliente-aerolineas-Elisa-del-Valle-Cordoba-1200x630-1.jpg?resize=800%2C420&amp;ssl=1 800w, https:\/\/i0.wp.com\/www.reclamador.es\/blog\/wp-content\/uploads\/2025\/03\/entrevista-cliente-aerolineas-Elisa-del-Valle-Cordoba-1200x630-1.jpg?resize=150%2C79&amp;ssl=1 150w, https:\/\/i0.wp.com\/www.reclamador.es\/blog\/wp-content\/uploads\/2025\/03\/entrevista-cliente-aerolineas-Elisa-del-Valle-Cordoba-1200x630-1.jpg?resize=768%2C403&amp;ssl=1 768w\" sizes=\"auto, (max-width: 1000px) 100vw, 1000px\" \/><\/p>\n<p><span style=\"font-weight: 400;\">Esta semana entrevistamos a Elisa del Valle. Charlamos con ella sobre c\u00f3mo consigui\u00f3 ganar la partida a <a href=\"https:\/\/www.reclamador.es\/aerolineas\/iberia\/\">Iberia<\/a>, despu\u00e9s de sufrir un gran retraso en su vuelo que equivale a una cancelaci\u00f3n, despu\u00e9s de muchas horas de espera en el aeropuerto. Es una reclamadora muy valiente, que lejos de amedrentarse cuando la aerol\u00ednea le dijo que no le correspond\u00eda indemnizaci\u00f3n, sigui\u00f3 buscando ayuda hasta llegar a nuestro equipo legal para lograr justicia.\u00a0<\/span><\/p>\n<h2>La historia de Elisa, reclamadora de aerol\u00edneas con reclamador.es<\/h2>\n<p><span style=\"font-weight: 400;\">Como os cont\u00e1bamos, Elisa lleg\u00f3 a nuestra p\u00e1gina web despu\u00e9s de una <a href=\"https:\/\/www.reclamador.es\/aerolineas\/cancelacion-vuelo\/iberia\/\">cancelaci\u00f3n de su vuelo con Iberia<\/a> el pasado noviembre. En concreto, su vuelo de ida Madrid-Nantes se retras\u00f3 por problemas t\u00e9cnicos. Este trayecto se reprogram\u00f3, \u00a1pero 7 horas despu\u00e9s! Lo que le hizo perder la conexi\u00f3n Nantes-Lorient que ten\u00eda contratada, con anterioridad, en un veh\u00edculo privado. Viajaba con una de sus hijas. Finalmente, <strong>hemos conseguido una indemnizaci\u00f3n de 600 \u20ac para cada una de ellas.\u00a0<\/strong><\/span><\/p>\n<p><span style=\"font-weight: 400;\">Cuando le pregunt\u00e9 a Elisa sobre qu\u00e9 fue <strong>lo que m\u00e1s le gust\u00f3 de nosotros me dijo que <\/strong><\/span><span style=\"font-weight: 400;\"><strong>el servicio de reclamador.es era \u201cexcelente\u201d\u00a0 e \u201cimpecable\u201d<\/strong> y que ten\u00eda tiempos m\u00e1s que buenos, una atenci\u00f3n cordial as\u00ed como una magn\u00edfica gesti\u00f3n de confianza.<\/span> <span style=\"font-weight: 400;\">Unas palabras que nos enorgullecen mucho en reclamador.es.\u00a0<\/span><\/p>\n<p><span style=\"font-weight: 400;\">Elisa tiene 58 a\u00f1os y es argentina. Actualmente vive en Buenos Aires, donde trabaja en una empresa de servicios de ambulancias. Adem\u00e1s, es consultora de marketing digital. Nos cuenta que su hobby es la cer\u00e1mica con piezas art\u00edsticas como cuadros en alto relieve y tem\u00e1tica precolombina. Tiene cuatro hijos: tres hijas que viven en Lorient (Francia) y un hijo que vive en la Patagonia argentina.<\/span><\/p>\n<h3>Entrevista en v\u00eddeo\u00a0<\/h3>\n<p><span style=\"font-weight: 400;\">\u00a1Os dejamos con la entrevista!\u00a0<\/span><\/p>\n<p><iframe loading=\"lazy\" src=\"https:\/\/www.youtube-nocookie.com\/embed\/yTns1Hsf3lA?si=pHBN8ar8IEXS7fz7\" width=\"560\" height=\"315\" frameborder=\"0\" allowfullscreen=\"allowfullscreen\">\n<p>\u00a1Y recuerda! Si sufres o has sufrido un problema en tu viaje con Iberia (u otra aerol\u00ednea) en reclamador.es podemos ayudarte a reclamar tu indemnizaci\u00f3n por retraso de vuelo, cancelaci\u00f3n, overbooking o incidencias con tus maletas.\u00a0<\/p><\/iframe><\/p>\n\n\n<div class=\"ttr_end\"><\/div>","protected":false},"excerpt":{"rendered":"<p>Esta semana entrevistamos a Elisa del Valle. Charlamos con ella sobre c\u00f3mo consigui\u00f3 ganar la partida a Iberia, despu\u00e9s de sufrir un gran retraso en su vuelo que equivale a una cancelaci\u00f3n, despu\u00e9s de muchas horas de espera en el aeropuerto. Es una reclamadora muy valiente, que lejos de amedrentarse cuando la aerol\u00ednea le dijo [&hellip;]<\/p>\n","protected":false},"author":3,"featured_media":33827,"comment_status":"open","ping_status":"open","sticky":false,"template":"","format":"standard","meta":{"_acf_changed":false,"_genesis_hide_title":false,"_genesis_hide_breadcrumbs":false,"_genesis_hide_singular_image":false,"_genesis_hide_footer_widgets":false,"_genesis_custom_body_class":"","_genesis_custom_post_class":"","_genesis_layout":"","_jetpack_newsletter_access":"","_jetpack_dont_email_post_to_subs":false,"_jetpack_newsletter_tier_id":0,"_jetpack_memberships_contains_paywalled_content":false,"_jetpack_memberships_contains_paid_content":false,"footnotes":""},"categories":[396],"tags":[380,664],"class_list":{"0":"post-33824","1":"post","2":"type-post","3":"status-publish","4":"format-standard","5":"has-post-thumbnail","7":"category-reclamadores","8":"tag-aerolineas","9":"tag-cancelacion","10":"entry"},"acf":[],"yoast_head":"<!-- This site is optimized with the Yoast SEO plugin v27.4 - https:\/\/yoast.com\/product\/yoast-seo-wordpress\/ -->\n<title>Entrevista en v\u00eddeo a Elisa, reclamadora de aerol\u00edneas<\/title>\n<meta name=\"description\" content=\"Entrevista, caso real de reclamadora de aerol\u00edneas con reclamador.es. Elisa y su hija reclamaron a Iberia la cancelaci\u00f3n de su vuelo. \u00a1Ganaron!\" \/>\n<meta name=\"robots\" content=\"index, follow, max-snippet:-1, max-image-preview:large, max-video-preview:-1\" \/>\n<link rel=\"canonical\" href=\"https:\/\/www.reclamador.es\/blog\/entrevista-elisa-reclamadora-de-aerolineas\/\" \/>\n<meta property=\"og:locale\" content=\"es_ES\" \/>\n<meta property=\"og:type\" content=\"article\" \/>\n<meta property=\"og:title\" content=\"Entrevista en v\u00eddeo a Elisa, reclamadora de aerol\u00edneas\" \/>\n<meta property=\"og:description\" content=\"Entrevista, caso real de reclamadora de aerol\u00edneas con reclamador.es. Elisa y su hija reclamaron a Iberia la cancelaci\u00f3n de su vuelo. \u00a1Ganaron!\" \/>\n<meta property=\"og:url\" content=\"https:\/\/www.reclamador.es\/blog\/entrevista-elisa-reclamadora-de-aerolineas\/\" \/>\n<meta property=\"og:site_name\" content=\"Rebeldes con causa, el blog de reclamador.es\" \/>\n<meta property=\"article:publisher\" content=\"https:\/\/www.facebook.com\/reclamador.es\" \/>\n<meta property=\"article:published_time\" content=\"2025-03-27T11:48:26+00:00\" \/>\n<meta property=\"article:modified_time\" content=\"2025-04-01T11:33:11+00:00\" \/>\n<meta property=\"og:image\" content=\"https:\/\/www.reclamador.es\/blog\/wp-content\/uploads\/2025\/03\/entrevista-cliente-aerolineas-Elisa-del-Valle-Cordoba-1200x630-1.jpg\" \/>\n\t<meta property=\"og:image:width\" content=\"1200\" \/>\n\t<meta property=\"og:image:height\" content=\"630\" \/>\n\t<meta property=\"og:image:type\" content=\"image\/jpeg\" \/>\n<meta name=\"author\" content=\"Cristina Naveda\" \/>\n<meta name=\"twitter:card\" content=\"summary_large_image\" \/>\n<meta name=\"twitter:creator\" content=\"@reclamador\" \/>\n<meta name=\"twitter:site\" content=\"@reclamador\" \/>\n<meta name=\"twitter:label1\" content=\"Escrito por\" \/>\n\t<meta name=\"twitter:data1\" content=\"Cristina Naveda\" \/>\n\t<meta name=\"twitter:label2\" content=\"Tiempo de lectura\" \/>\n\t<meta name=\"twitter:data2\" content=\"2 minutos\" \/>\n<script type=\"application\/ld+json\" class=\"yoast-schema-graph\">{\"@context\":\"https:\\\/\\\/schema.org\",\"@graph\":[{\"@type\":\"Article\",\"@id\":\"https:\\\/\\\/www.reclamador.es\\\/blog\\\/entrevista-elisa-reclamadora-de-aerolineas\\\/#article\",\"isPartOf\":{\"@id\":\"https:\\\/\\\/www.reclamador.es\\\/blog\\\/entrevista-elisa-reclamadora-de-aerolineas\\\/\"},\"author\":{\"name\":\"Cristina Naveda\",\"@id\":\"https:\\\/\\\/www.reclamador.es\\\/blog\\\/#\\\/schema\\\/person\\\/c446a02b3fcf1607a8a2139c36fbe583\"},\"headline\":\"Elisa del Valle, reclamadora de aerol\u00edneas: \u201cEl servicio de reclamador.es es excelente e impecable y con tiempos m\u00e1s que buenos\u201d\",\"datePublished\":\"2025-03-27T11:48:26+00:00\",\"dateModified\":\"2025-04-01T11:33:11+00:00\",\"mainEntityOfPage\":{\"@id\":\"https:\\\/\\\/www.reclamador.es\\\/blog\\\/entrevista-elisa-reclamadora-de-aerolineas\\\/\"},\"wordCount\":374,\"commentCount\":0,\"publisher\":{\"@id\":\"https:\\\/\\\/www.reclamador.es\\\/blog\\\/#organization\"},\"image\":{\"@id\":\"https:\\\/\\\/www.reclamador.es\\\/blog\\\/entrevista-elisa-reclamadora-de-aerolineas\\\/#primaryimage\"},\"thumbnailUrl\":\"https:\\\/\\\/i0.wp.com\\\/www.reclamador.es\\\/blog\\\/wp-content\\\/uploads\\\/2025\\\/03\\\/entrevista-cliente-aerolineas-Elisa-del-Valle-Cordoba-1200x630-1.jpg?fit=1200%2C630&ssl=1\",\"keywords\":[\"aerol\u00edneas\",\"cancelaci\u00f3n\"],\"articleSection\":[\"Conoce todo lo que sucede en reclamador.es\"],\"inLanguage\":\"es\",\"potentialAction\":[{\"@type\":\"CommentAction\",\"name\":\"Comment\",\"target\":[\"https:\\\/\\\/www.reclamador.es\\\/blog\\\/entrevista-elisa-reclamadora-de-aerolineas\\\/#respond\"]}]},{\"@type\":\"WebPage\",\"@id\":\"https:\\\/\\\/www.reclamador.es\\\/blog\\\/entrevista-elisa-reclamadora-de-aerolineas\\\/\",\"url\":\"https:\\\/\\\/www.reclamador.es\\\/blog\\\/entrevista-elisa-reclamadora-de-aerolineas\\\/\",\"name\":\"Entrevista en v\u00eddeo a Elisa, reclamadora de aerol\u00edneas\",\"isPartOf\":{\"@id\":\"https:\\\/\\\/www.reclamador.es\\\/blog\\\/#website\"},\"primaryImageOfPage\":{\"@id\":\"https:\\\/\\\/www.reclamador.es\\\/blog\\\/entrevista-elisa-reclamadora-de-aerolineas\\\/#primaryimage\"},\"image\":{\"@id\":\"https:\\\/\\\/www.reclamador.es\\\/blog\\\/entrevista-elisa-reclamadora-de-aerolineas\\\/#primaryimage\"},\"thumbnailUrl\":\"https:\\\/\\\/i0.wp.com\\\/www.reclamador.es\\\/blog\\\/wp-content\\\/uploads\\\/2025\\\/03\\\/entrevista-cliente-aerolineas-Elisa-del-Valle-Cordoba-1200x630-1.jpg?fit=1200%2C630&ssl=1\",\"datePublished\":\"2025-03-27T11:48:26+00:00\",\"dateModified\":\"2025-04-01T11:33:11+00:00\",\"description\":\"Entrevista, caso real de reclamadora de aerol\u00edneas con reclamador.es. Elisa y su hija reclamaron a Iberia la cancelaci\u00f3n de su vuelo. \u00a1Ganaron!\",\"breadcrumb\":{\"@id\":\"https:\\\/\\\/www.reclamador.es\\\/blog\\\/entrevista-elisa-reclamadora-de-aerolineas\\\/#breadcrumb\"},\"inLanguage\":\"es\",\"potentialAction\":[{\"@type\":\"ReadAction\",\"target\":[\"https:\\\/\\\/www.reclamador.es\\\/blog\\\/entrevista-elisa-reclamadora-de-aerolineas\\\/\"]}]},{\"@type\":\"ImageObject\",\"inLanguage\":\"es\",\"@id\":\"https:\\\/\\\/www.reclamador.es\\\/blog\\\/entrevista-elisa-reclamadora-de-aerolineas\\\/#primaryimage\",\"url\":\"https:\\\/\\\/i0.wp.com\\\/www.reclamador.es\\\/blog\\\/wp-content\\\/uploads\\\/2025\\\/03\\\/entrevista-cliente-aerolineas-Elisa-del-Valle-Cordoba-1200x630-1.jpg?fit=1200%2C630&ssl=1\",\"contentUrl\":\"https:\\\/\\\/i0.wp.com\\\/www.reclamador.es\\\/blog\\\/wp-content\\\/uploads\\\/2025\\\/03\\\/entrevista-cliente-aerolineas-Elisa-del-Valle-Cordoba-1200x630-1.jpg?fit=1200%2C630&ssl=1\",\"width\":1200,\"height\":630},{\"@type\":\"BreadcrumbList\",\"@id\":\"https:\\\/\\\/www.reclamador.es\\\/blog\\\/entrevista-elisa-reclamadora-de-aerolineas\\\/#breadcrumb\",\"itemListElement\":[{\"@type\":\"ListItem\",\"position\":1,\"name\":\"Portada\",\"item\":\"https:\\\/\\\/www.reclamador.es\\\/blog\\\/\"},{\"@type\":\"ListItem\",\"position\":2,\"name\":\"Elisa del Valle, reclamadora de aerol\u00edneas: \u201cEl servicio de reclamador.es es excelente e impecable y con tiempos m\u00e1s que buenos\u201d\"}]},{\"@type\":\"WebSite\",\"@id\":\"https:\\\/\\\/www.reclamador.es\\\/blog\\\/#website\",\"url\":\"https:\\\/\\\/www.reclamador.es\\\/blog\\\/\",\"name\":\"Rebeldes con causa, el blog de reclamador.es\",\"description\":\"Noticias, entrevistas y consejos sobre reclamaciones\",\"publisher\":{\"@id\":\"https:\\\/\\\/www.reclamador.es\\\/blog\\\/#organization\"},\"potentialAction\":[{\"@type\":\"SearchAction\",\"target\":{\"@type\":\"EntryPoint\",\"urlTemplate\":\"https:\\\/\\\/www.reclamador.es\\\/blog\\\/?s={search_term_string}\"},\"query-input\":{\"@type\":\"PropertyValueSpecification\",\"valueRequired\":true,\"valueName\":\"search_term_string\"}}],\"inLanguage\":\"es\"},{\"@type\":\"Organization\",\"@id\":\"https:\\\/\\\/www.reclamador.es\\\/blog\\\/#organization\",\"name\":\"reclamador.es\",\"url\":\"https:\\\/\\\/www.reclamador.es\\\/blog\\\/\",\"logo\":{\"@type\":\"ImageObject\",\"inLanguage\":\"es\",\"@id\":\"https:\\\/\\\/www.reclamador.es\\\/blog\\\/#\\\/schema\\\/logo\\\/image\\\/\",\"url\":\"https:\\\/\\\/i0.wp.com\\\/www.reclamador.es\\\/blog\\\/wp-content\\\/uploads\\\/2020\\\/01\\\/logo-reclamador.png?fit=1200%2C144&ssl=1\",\"contentUrl\":\"https:\\\/\\\/i0.wp.com\\\/www.reclamador.es\\\/blog\\\/wp-content\\\/uploads\\\/2020\\\/01\\\/logo-reclamador.png?fit=1200%2C144&ssl=1\",\"width\":1200,\"height\":144,\"caption\":\"reclamador.es\"},\"image\":{\"@id\":\"https:\\\/\\\/www.reclamador.es\\\/blog\\\/#\\\/schema\\\/logo\\\/image\\\/\"},\"sameAs\":[\"https:\\\/\\\/www.facebook.com\\\/reclamador.es\",\"https:\\\/\\\/x.com\\\/reclamador\",\"https:\\\/\\\/www.instagram.com\\\/reclamador.es\\\/\",\"https:\\\/\\\/www.linkedin.com\\\/company\\\/reclamador-es\",\"https:\\\/\\\/www.youtube.com\\\/user\\\/Reclamadores\"]},{\"@type\":\"Person\",\"@id\":\"https:\\\/\\\/www.reclamador.es\\\/blog\\\/#\\\/schema\\\/person\\\/c446a02b3fcf1607a8a2139c36fbe583\",\"name\":\"Cristina Naveda\",\"image\":{\"@type\":\"ImageObject\",\"inLanguage\":\"es\",\"@id\":\"https:\\\/\\\/secure.gravatar.com\\\/avatar\\\/1df04000ab560ffd4824a3ce70f826eb8bd6a9bfc6cc9097a363e6cd67f07ec0?s=96&d=mm&r=g\",\"url\":\"https:\\\/\\\/secure.gravatar.com\\\/avatar\\\/1df04000ab560ffd4824a3ce70f826eb8bd6a9bfc6cc9097a363e6cd67f07ec0?s=96&d=mm&r=g\",\"contentUrl\":\"https:\\\/\\\/secure.gravatar.com\\\/avatar\\\/1df04000ab560ffd4824a3ce70f826eb8bd6a9bfc6cc9097a363e6cd67f07ec0?s=96&d=mm&r=g\",\"caption\":\"Cristina Naveda\"},\"description\":\"Me encanta unir la informaci\u00f3n con las personas. Me esfuerzo para que reclamador haga bien esa uni\u00f3n desde el equipo de comunicaci\u00f3n.\",\"url\":\"https:\\\/\\\/www.reclamador.es\\\/blog\\\/author\\\/cristina\\\/\"}]}<\/script>\n<!-- \/ Yoast SEO plugin. -->","yoast_head_json":{"title":"Entrevista en v\u00eddeo a Elisa, reclamadora de aerol\u00edneas","description":"Entrevista, caso real de reclamadora de aerol\u00edneas con reclamador.es. Elisa y su hija reclamaron a Iberia la cancelaci\u00f3n de su vuelo. \u00a1Ganaron!","robots":{"index":"index","follow":"follow","max-snippet":"max-snippet:-1","max-image-preview":"max-image-preview:large","max-video-preview":"max-video-preview:-1"},"canonical":"https:\/\/www.reclamador.es\/blog\/entrevista-elisa-reclamadora-de-aerolineas\/","og_locale":"es_ES","og_type":"article","og_title":"Entrevista en v\u00eddeo a Elisa, reclamadora de aerol\u00edneas","og_description":"Entrevista, caso real de reclamadora de aerol\u00edneas con reclamador.es. Elisa y su hija reclamaron a Iberia la cancelaci\u00f3n de su vuelo. \u00a1Ganaron!","og_url":"https:\/\/www.reclamador.es\/blog\/entrevista-elisa-reclamadora-de-aerolineas\/","og_site_name":"Rebeldes con causa, el blog de reclamador.es","article_publisher":"https:\/\/www.facebook.com\/reclamador.es","article_published_time":"2025-03-27T11:48:26+00:00","article_modified_time":"2025-04-01T11:33:11+00:00","og_image":[{"width":1200,"height":630,"url":"https:\/\/www.reclamador.es\/blog\/wp-content\/uploads\/2025\/03\/entrevista-cliente-aerolineas-Elisa-del-Valle-Cordoba-1200x630-1.jpg","type":"image\/jpeg"}],"author":"Cristina Naveda","twitter_card":"summary_large_image","twitter_creator":"@reclamador","twitter_site":"@reclamador","twitter_misc":{"Escrito por":"Cristina Naveda","Tiempo de lectura":"2 minutos"},"schema":{"@context":"https:\/\/schema.org","@graph":[{"@type":"Article","@id":"https:\/\/www.reclamador.es\/blog\/entrevista-elisa-reclamadora-de-aerolineas\/#article","isPartOf":{"@id":"https:\/\/www.reclamador.es\/blog\/entrevista-elisa-reclamadora-de-aerolineas\/"},"author":{"name":"Cristina Naveda","@id":"https:\/\/www.reclamador.es\/blog\/#\/schema\/person\/c446a02b3fcf1607a8a2139c36fbe583"},"headline":"Elisa del Valle, reclamadora de aerol\u00edneas: \u201cEl servicio de reclamador.es es excelente e impecable y con tiempos m\u00e1s que buenos\u201d","datePublished":"2025-03-27T11:48:26+00:00","dateModified":"2025-04-01T11:33:11+00:00","mainEntityOfPage":{"@id":"https:\/\/www.reclamador.es\/blog\/entrevista-elisa-reclamadora-de-aerolineas\/"},"wordCount":374,"commentCount":0,"publisher":{"@id":"https:\/\/www.reclamador.es\/blog\/#organization"},"image":{"@id":"https:\/\/www.reclamador.es\/blog\/entrevista-elisa-reclamadora-de-aerolineas\/#primaryimage"},"thumbnailUrl":"https:\/\/i0.wp.com\/www.reclamador.es\/blog\/wp-content\/uploads\/2025\/03\/entrevista-cliente-aerolineas-Elisa-del-Valle-Cordoba-1200x630-1.jpg?fit=1200%2C630&ssl=1","keywords":["aerol\u00edneas","cancelaci\u00f3n"],"articleSection":["Conoce todo lo que sucede en reclamador.es"],"inLanguage":"es","potentialAction":[{"@type":"CommentAction","name":"Comment","target":["https:\/\/www.reclamador.es\/blog\/entrevista-elisa-reclamadora-de-aerolineas\/#respond"]}]},{"@type":"WebPage","@id":"https:\/\/www.reclamador.es\/blog\/entrevista-elisa-reclamadora-de-aerolineas\/","url":"https:\/\/www.reclamador.es\/blog\/entrevista-elisa-reclamadora-de-aerolineas\/","name":"Entrevista en v\u00eddeo a Elisa, reclamadora de aerol\u00edneas","isPartOf":{"@id":"https:\/\/www.reclamador.es\/blog\/#website"},"primaryImageOfPage":{"@id":"https:\/\/www.reclamador.es\/blog\/entrevista-elisa-reclamadora-de-aerolineas\/#primaryimage"},"image":{"@id":"https:\/\/www.reclamador.es\/blog\/entrevista-elisa-reclamadora-de-aerolineas\/#primaryimage"},"thumbnailUrl":"https:\/\/i0.wp.com\/www.reclamador.es\/blog\/wp-content\/uploads\/2025\/03\/entrevista-cliente-aerolineas-Elisa-del-Valle-Cordoba-1200x630-1.jpg?fit=1200%2C630&ssl=1","datePublished":"2025-03-27T11:48:26+00:00","dateModified":"2025-04-01T11:33:11+00:00","description":"Entrevista, caso real de reclamadora de aerol\u00edneas con reclamador.es. Elisa y su hija reclamaron a Iberia la cancelaci\u00f3n de su vuelo. \u00a1Ganaron!","breadcrumb":{"@id":"https:\/\/www.reclamador.es\/blog\/entrevista-elisa-reclamadora-de-aerolineas\/#breadcrumb"},"inLanguage":"es","potentialAction":[{"@type":"ReadAction","target":["https:\/\/www.reclamador.es\/blog\/entrevista-elisa-reclamadora-de-aerolineas\/"]}]},{"@type":"ImageObject","inLanguage":"es","@id":"https:\/\/www.reclamador.es\/blog\/entrevista-elisa-reclamadora-de-aerolineas\/#primaryimage","url":"https:\/\/i0.wp.com\/www.reclamador.es\/blog\/wp-content\/uploads\/2025\/03\/entrevista-cliente-aerolineas-Elisa-del-Valle-Cordoba-1200x630-1.jpg?fit=1200%2C630&ssl=1","contentUrl":"https:\/\/i0.wp.com\/www.reclamador.es\/blog\/wp-content\/uploads\/2025\/03\/entrevista-cliente-aerolineas-Elisa-del-Valle-Cordoba-1200x630-1.jpg?fit=1200%2C630&ssl=1","width":1200,"height":630},{"@type":"BreadcrumbList","@id":"https:\/\/www.reclamador.es\/blog\/entrevista-elisa-reclamadora-de-aerolineas\/#breadcrumb","itemListElement":[{"@type":"ListItem","position":1,"name":"Portada","item":"https:\/\/www.reclamador.es\/blog\/"},{"@type":"ListItem","position":2,"name":"Elisa del Valle, reclamadora de aerol\u00edneas: \u201cEl servicio de reclamador.es es excelente e impecable y con tiempos m\u00e1s que buenos\u201d"}]},{"@type":"WebSite","@id":"https:\/\/www.reclamador.es\/blog\/#website","url":"https:\/\/www.reclamador.es\/blog\/","name":"Rebeldes con causa, el blog de reclamador.es","description":"Noticias, entrevistas y consejos sobre reclamaciones","publisher":{"@id":"https:\/\/www.reclamador.es\/blog\/#organization"},"potentialAction":[{"@type":"SearchAction","target":{"@type":"EntryPoint","urlTemplate":"https:\/\/www.reclamador.es\/blog\/?s={search_term_string}"},"query-input":{"@type":"PropertyValueSpecification","valueRequired":true,"valueName":"search_term_string"}}],"inLanguage":"es"},{"@type":"Organization","@id":"https:\/\/www.reclamador.es\/blog\/#organization","name":"reclamador.es","url":"https:\/\/www.reclamador.es\/blog\/","logo":{"@type":"ImageObject","inLanguage":"es","@id":"https:\/\/www.reclamador.es\/blog\/#\/schema\/logo\/image\/","url":"https:\/\/i0.wp.com\/www.reclamador.es\/blog\/wp-content\/uploads\/2020\/01\/logo-reclamador.png?fit=1200%2C144&ssl=1","contentUrl":"https:\/\/i0.wp.com\/www.reclamador.es\/blog\/wp-content\/uploads\/2020\/01\/logo-reclamador.png?fit=1200%2C144&ssl=1","width":1200,"height":144,"caption":"reclamador.es"},"image":{"@id":"https:\/\/www.reclamador.es\/blog\/#\/schema\/logo\/image\/"},"sameAs":["https:\/\/www.facebook.com\/reclamador.es","https:\/\/x.com\/reclamador","https:\/\/www.instagram.com\/reclamador.es\/","https:\/\/www.linkedin.com\/company\/reclamador-es","https:\/\/www.youtube.com\/user\/Reclamadores"]},{"@type":"Person","@id":"https:\/\/www.reclamador.es\/blog\/#\/schema\/person\/c446a02b3fcf1607a8a2139c36fbe583","name":"Cristina Naveda","image":{"@type":"ImageObject","inLanguage":"es","@id":"https:\/\/secure.gravatar.com\/avatar\/1df04000ab560ffd4824a3ce70f826eb8bd6a9bfc6cc9097a363e6cd67f07ec0?s=96&d=mm&r=g","url":"https:\/\/secure.gravatar.com\/avatar\/1df04000ab560ffd4824a3ce70f826eb8bd6a9bfc6cc9097a363e6cd67f07ec0?s=96&d=mm&r=g","contentUrl":"https:\/\/secure.gravatar.com\/avatar\/1df04000ab560ffd4824a3ce70f826eb8bd6a9bfc6cc9097a363e6cd67f07ec0?s=96&d=mm&r=g","caption":"Cristina Naveda"},"description":"Me encanta unir la informaci\u00f3n con las personas. Me esfuerzo para que reclamador haga bien esa uni\u00f3n desde el equipo de comunicaci\u00f3n.","url":"https:\/\/www.reclamador.es\/blog\/author\/cristina\/"}]}},"jetpack_featured_media_url":"https:\/\/i0.wp.com\/www.reclamador.es\/blog\/wp-content\/uploads\/2025\/03\/entrevista-cliente-aerolineas-Elisa-del-Valle-Cordoba-1200x630-1.jpg?fit=1200%2C630&ssl=1","jetpack-related-posts":[{"id":32026,"url":"https:\/\/www.reclamador.es\/blog\/entrevista-pedro-cliente-de-aerolineas-de-reclamador\/","url_meta":{"origin":33824,"position":0},"title":"Pedro, reclamador de aerol\u00edneas: \u201cdespu\u00e9s de la frustraci\u00f3n que es quedarte en tierra, nunca pens\u00e9 que podr\u00eda recuperar parte del dinero invertido\u201d","author":"Cristina Naveda","date":"29 febrero, 2024","format":false,"excerpt":"Hoy, en nuestra secci\u00f3n de entrevistas charlamos con Pedro, quien sufri\u00f3 una cancelaci\u00f3n en un viaje a Estados Unidos. Un viaje muy especial, bien preparado, nos cuenta, donde hab\u00eda puesto muchas ganas e ilusi\u00f3n, y lo m\u00e1s importante, con una compa\u00f1\u00eda fant\u00e1stica: sus hijas.\u00a0 Sin embargo, ni siquiera mimando todos\u2026","rel":"","context":"En \u00abConoce todo lo que sucede en reclamador.es\u00bb","block_context":{"text":"Conoce todo lo que sucede en reclamador.es","link":"https:\/\/www.reclamador.es\/blog\/reclamadores\/"},"img":{"alt_text":"entrevista cliente aerolineas cancelacion vuelo","src":"https:\/\/i0.wp.com\/www.reclamador.es\/blog\/wp-content\/uploads\/2024\/02\/entrevista-cliente-aerolineas-Pedro-1200x630-1.jpg?fit=1200%2C630&ssl=1&resize=350%2C200","width":350,"height":200,"srcset":"https:\/\/i0.wp.com\/www.reclamador.es\/blog\/wp-content\/uploads\/2024\/02\/entrevista-cliente-aerolineas-Pedro-1200x630-1.jpg?fit=1200%2C630&ssl=1&resize=350%2C200 1x, https:\/\/i0.wp.com\/www.reclamador.es\/blog\/wp-content\/uploads\/2024\/02\/entrevista-cliente-aerolineas-Pedro-1200x630-1.jpg?fit=1200%2C630&ssl=1&resize=525%2C300 1.5x, https:\/\/i0.wp.com\/www.reclamador.es\/blog\/wp-content\/uploads\/2024\/02\/entrevista-cliente-aerolineas-Pedro-1200x630-1.jpg?fit=1200%2C630&ssl=1&resize=700%2C400 2x, https:\/\/i0.wp.com\/www.reclamador.es\/blog\/wp-content\/uploads\/2024\/02\/entrevista-cliente-aerolineas-Pedro-1200x630-1.jpg?fit=1200%2C630&ssl=1&resize=1050%2C600 3x"},"classes":[]},{"id":34723,"url":"https:\/\/www.reclamador.es\/blog\/clausula-no-show-perder-primer-vuelo-cancelar-resto\/","url_meta":{"origin":33824,"position":1},"title":"\u00bfPerdiste un vuelo y ten\u00edas otro en la misma reserva? Cuidado con la cl\u00e1usula no show","author":"Equipo reclamador","date":"8 agosto, 2025","format":false,"excerpt":"\u00bfSabes qu\u00e9 es la cl\u00e1usula no show de algunas aerol\u00edneas o por qu\u00e9 algunas compa\u00f1\u00edas a\u00e9reas si pierdes el primer vuelo autom\u00e1ticamente te cancelan el resto de vuelos? En este art\u00edculo te vamos a explicar los riesgos del no show y tus derechos como pasajero ante un vuelo cancelado por\u2026","rel":"","context":"En \u00abConsejos legales\u00bb","block_context":{"text":"Consejos legales","link":"https:\/\/www.reclamador.es\/blog\/consejos\/"},"img":{"alt_text":"reclamar cancelacion automatica vuelo por no hacer un trayecto","src":"https:\/\/i0.wp.com\/www.reclamador.es\/blog\/wp-content\/uploads\/2025\/08\/clausula-no-show-cancelacion-vuelo.png?fit=1200%2C630&ssl=1&resize=350%2C200","width":350,"height":200,"srcset":"https:\/\/i0.wp.com\/www.reclamador.es\/blog\/wp-content\/uploads\/2025\/08\/clausula-no-show-cancelacion-vuelo.png?fit=1200%2C630&ssl=1&resize=350%2C200 1x, https:\/\/i0.wp.com\/www.reclamador.es\/blog\/wp-content\/uploads\/2025\/08\/clausula-no-show-cancelacion-vuelo.png?fit=1200%2C630&ssl=1&resize=525%2C300 1.5x, https:\/\/i0.wp.com\/www.reclamador.es\/blog\/wp-content\/uploads\/2025\/08\/clausula-no-show-cancelacion-vuelo.png?fit=1200%2C630&ssl=1&resize=700%2C400 2x, https:\/\/i0.wp.com\/www.reclamador.es\/blog\/wp-content\/uploads\/2025\/08\/clausula-no-show-cancelacion-vuelo.png?fit=1200%2C630&ssl=1&resize=1050%2C600 3x"},"classes":[]},{"id":22670,"url":"https:\/\/www.reclamador.es\/blog\/aerolineas-huelgas-de-personal-informar-de-cancelaciones-vuelos-15-dias\/","url_meta":{"origin":33824,"position":2},"title":"Pasajeros frente a huelgas de personal de aerol\u00edneas: \u00bfCu\u00e1ndo te han avisado de los cambios en tu vuelo?","author":"Equipo reclamador","date":"26 enero, 2024","format":false,"excerpt":"Las huelgas del personal de aerol\u00edneas son uno de los mayores dolores de cabeza para los pasajeros. Cancelaciones y retrasos de vuelos se convierten en una pesadilla cuando las aerol\u00edneas se ven afectadas por paros laborales. Si bien la situaci\u00f3n es frustrante, como pasajero tienes derechos y puedes reclamar compensaciones.\u2026","rel":"","context":"En \u00abConsejos legales\u00bb","block_context":{"text":"Consejos legales","link":"https:\/\/www.reclamador.es\/blog\/consejos\/"},"img":{"alt_text":"huelgas personal de las aerolineas - plazos reclamar - reclamador","src":"https:\/\/i0.wp.com\/www.reclamador.es\/blog\/wp-content\/uploads\/2019\/08\/huelgas-personal-de-las-aerolineas-plazos-reclamar-reclamador.jpg?fit=1199%2C630&ssl=1&resize=350%2C200","width":350,"height":200,"srcset":"https:\/\/i0.wp.com\/www.reclamador.es\/blog\/wp-content\/uploads\/2019\/08\/huelgas-personal-de-las-aerolineas-plazos-reclamar-reclamador.jpg?fit=1199%2C630&ssl=1&resize=350%2C200 1x, https:\/\/i0.wp.com\/www.reclamador.es\/blog\/wp-content\/uploads\/2019\/08\/huelgas-personal-de-las-aerolineas-plazos-reclamar-reclamador.jpg?fit=1199%2C630&ssl=1&resize=525%2C300 1.5x, https:\/\/i0.wp.com\/www.reclamador.es\/blog\/wp-content\/uploads\/2019\/08\/huelgas-personal-de-las-aerolineas-plazos-reclamar-reclamador.jpg?fit=1199%2C630&ssl=1&resize=700%2C400 2x, https:\/\/i0.wp.com\/www.reclamador.es\/blog\/wp-content\/uploads\/2019\/08\/huelgas-personal-de-las-aerolineas-plazos-reclamar-reclamador.jpg?fit=1199%2C630&ssl=1&resize=1050%2C600 3x"},"classes":[]},{"id":32839,"url":"https:\/\/www.reclamador.es\/blog\/ranking-aerolineas-mas-reclamadas-verano\/","url_meta":{"origin":33824,"position":3},"title":"Ranking verano 2024: las aerol\u00edneas m\u00e1s reclamadas","author":"Equipo reclamador","date":"17 septiembre, 2024","format":false,"excerpt":"Durante los meses de junio, julio y agosto de 2024, reclamador.es ha registrado m\u00e1s de 13.000 reclamaciones contra 113 aerol\u00edneas, con Ryanair y Vueling liderando la lista de las m\u00e1s reclamadas por incidentes como retrasos (49 %) y cancelaciones (39,5 %). Las indemnizaciones pueden alcanzar los 600 \u20ac, m\u00e1s los\u2026","rel":"","context":"En \u00abNoticias y actualidad\u00bb","block_context":{"text":"Noticias y actualidad","link":"https:\/\/www.reclamador.es\/blog\/noticias\/"},"img":{"alt_text":"ryanair aeropuerto - aerolinea m\u00e1s reclamada","src":"https:\/\/i0.wp.com\/www.reclamador.es\/blog\/wp-content\/uploads\/2024\/09\/ranking-aerolineas-mas-reclamadas-verano-2024-1200x630-1.jpg?fit=1200%2C630&ssl=1&resize=350%2C200","width":350,"height":200,"srcset":"https:\/\/i0.wp.com\/www.reclamador.es\/blog\/wp-content\/uploads\/2024\/09\/ranking-aerolineas-mas-reclamadas-verano-2024-1200x630-1.jpg?fit=1200%2C630&ssl=1&resize=350%2C200 1x, https:\/\/i0.wp.com\/www.reclamador.es\/blog\/wp-content\/uploads\/2024\/09\/ranking-aerolineas-mas-reclamadas-verano-2024-1200x630-1.jpg?fit=1200%2C630&ssl=1&resize=525%2C300 1.5x, https:\/\/i0.wp.com\/www.reclamador.es\/blog\/wp-content\/uploads\/2024\/09\/ranking-aerolineas-mas-reclamadas-verano-2024-1200x630-1.jpg?fit=1200%2C630&ssl=1&resize=700%2C400 2x, https:\/\/i0.wp.com\/www.reclamador.es\/blog\/wp-content\/uploads\/2024\/09\/ranking-aerolineas-mas-reclamadas-verano-2024-1200x630-1.jpg?fit=1200%2C630&ssl=1&resize=1050%2C600 3x"},"classes":[]},{"id":33731,"url":"https:\/\/www.reclamador.es\/blog\/entrevista-clienta-reclamadora-de-vueling-con-reclamador\/","url_meta":{"origin":33824,"position":4},"title":"Camilla Ribeiro, reclamadora de aerol\u00edneas: \u201cLa plataforma reclamador.es es muy completa y funciona muy bien\u201d","author":"Cristina Naveda","date":"20 febrero, 2025","format":false,"excerpt":"Hoy hemos hablado con Camilla Ribeiro (Brasil, 1996), una de nuestras clientas reclamadoras de aerol\u00edneas. Camilla nos cuenta que teletrabaja para una empresa de ingenier\u00eda y energ\u00edas y que tiene la costumbre de viajar mucho. Vive en Tenerife y tiene una segunda residencia en Asturias. Entrevista a reclamadora de Vueling\u2026","rel":"","context":"En \u00abConoce todo lo que sucede en reclamador.es\u00bb","block_context":{"text":"Conoce todo lo que sucede en reclamador.es","link":"https:\/\/www.reclamador.es\/blog\/reclamadores\/"},"img":{"alt_text":"vuelo cancelado reclamador de vueling","src":"https:\/\/i0.wp.com\/www.reclamador.es\/blog\/wp-content\/uploads\/2025\/02\/entrevista-cliente-aerolineas-Camilla-Ribeiro-1200x630-1.jpg?fit=1200%2C630&ssl=1&resize=350%2C200","width":350,"height":200,"srcset":"https:\/\/i0.wp.com\/www.reclamador.es\/blog\/wp-content\/uploads\/2025\/02\/entrevista-cliente-aerolineas-Camilla-Ribeiro-1200x630-1.jpg?fit=1200%2C630&ssl=1&resize=350%2C200 1x, https:\/\/i0.wp.com\/www.reclamador.es\/blog\/wp-content\/uploads\/2025\/02\/entrevista-cliente-aerolineas-Camilla-Ribeiro-1200x630-1.jpg?fit=1200%2C630&ssl=1&resize=525%2C300 1.5x, https:\/\/i0.wp.com\/www.reclamador.es\/blog\/wp-content\/uploads\/2025\/02\/entrevista-cliente-aerolineas-Camilla-Ribeiro-1200x630-1.jpg?fit=1200%2C630&ssl=1&resize=700%2C400 2x, https:\/\/i0.wp.com\/www.reclamador.es\/blog\/wp-content\/uploads\/2025\/02\/entrevista-cliente-aerolineas-Camilla-Ribeiro-1200x630-1.jpg?fit=1200%2C630&ssl=1&resize=1050%2C600 3x"},"classes":[]},{"id":35897,"url":"https:\/\/www.reclamador.es\/blog\/cancelacion-de-vuelo-por-subida-de-combustible-reclamaciones\/","url_meta":{"origin":33824,"position":5},"title":"\u00bfCorresponde compensaci\u00f3n econ\u00f3mica si te cancelan el vuelo por la subida del combustible?","author":"Leticia Grande","date":"26 abril, 2026","format":false,"excerpt":"La inestabilidad pol\u00edtica y econ\u00f3mica derivada del cierre del estrecho de Ormuz tiene implicaciones directas en el sector tur\u00edstico. Primeramente, vimos la cancelaci\u00f3n de vuelos masiva en Oriente Medio y, ahora, los problemas con los suministros de combustibles dada la situaci\u00f3n geopol\u00edtica de la zona. Aerol\u00edneas como Lufthansa o Volotea\u2026","rel":"","context":"En \u00abNoticias y actualidad\u00bb","block_context":{"text":"Noticias y actualidad","link":"https:\/\/www.reclamador.es\/blog\/noticias\/"},"img":{"alt_text":"reclamar vuelo cancelado por subida de precio de combustible 2026","src":"https:\/\/i0.wp.com\/www.reclamador.es\/blog\/wp-content\/uploads\/2026\/04\/reclamar-cancelacion-de-vuelo-por-falta-de-combustible.jpg?fit=1200%2C630&ssl=1&resize=350%2C200","width":350,"height":200,"srcset":"https:\/\/i0.wp.com\/www.reclamador.es\/blog\/wp-content\/uploads\/2026\/04\/reclamar-cancelacion-de-vuelo-por-falta-de-combustible.jpg?fit=1200%2C630&ssl=1&resize=350%2C200 1x, https:\/\/i0.wp.com\/www.reclamador.es\/blog\/wp-content\/uploads\/2026\/04\/reclamar-cancelacion-de-vuelo-por-falta-de-combustible.jpg?fit=1200%2C630&ssl=1&resize=525%2C300 1.5x, https:\/\/i0.wp.com\/www.reclamador.es\/blog\/wp-content\/uploads\/2026\/04\/reclamar-cancelacion-de-vuelo-por-falta-de-combustible.jpg?fit=1200%2C630&ssl=1&resize=700%2C400 2x, https:\/\/i0.wp.com\/www.reclamador.es\/blog\/wp-content\/uploads\/2026\/04\/reclamar-cancelacion-de-vuelo-por-falta-de-combustible.jpg?fit=1200%2C630&ssl=1&resize=1050%2C600 3x"},"classes":[]}],"jetpack_sharing_enabled":true,"_links":{"self":[{"href":"https:\/\/www.reclamador.es\/blog\/wp-json\/wp\/v2\/posts\/33824","targetHints":{"allow":["GET"]}}],"collection":[{"href":"https:\/\/www.reclamador.es\/blog\/wp-json\/wp\/v2\/posts"}],"about":[{"href":"https:\/\/www.reclamador.es\/blog\/wp-json\/wp\/v2\/types\/post"}],"author":[{"embeddable":true,"href":"https:\/\/www.reclamador.es\/blog\/wp-json\/wp\/v2\/users\/3"}],"replies":[{"embeddable":true,"href":"https:\/\/www.reclamador.es\/blog\/wp-json\/wp\/v2\/comments?post=33824"}],"version-history":[{"count":10,"href":"https:\/\/www.reclamador.es\/blog\/wp-json\/wp\/v2\/posts\/33824\/revisions"}],"predecessor-version":[{"id":33837,"href":"https:\/\/www.reclamador.es\/blog\/wp-json\/wp\/v2\/posts\/33824\/revisions\/33837"}],"wp:featuredmedia":[{"embeddable":true,"href":"https:\/\/www.reclamador.es\/blog\/wp-json\/wp\/v2\/media\/33827"}],"wp:attachment":[{"href":"https:\/\/www.reclamador.es\/blog\/wp-json\/wp\/v2\/media?parent=33824"}],"wp:term":[{"taxonomy":"category","embeddable":true,"href":"https:\/\/www.reclamador.es\/blog\/wp-json\/wp\/v2\/categories?post=33824"},{"taxonomy":"post_tag","embeddable":true,"href":"https:\/\/www.reclamador.es\/blog\/wp-json\/wp\/v2\/tags?post=33824"}],"curies":[{"name":"wp","href":"https:\/\/api.w.org\/{rel}","templated":true}]}}