{"id":33759,"date":"2025-03-05T16:23:52","date_gmt":"2025-03-05T15:23:52","guid":{"rendered":"https:\/\/www.reclamador.es\/blog\/?p=33759"},"modified":"2025-03-05T16:23:53","modified_gmt":"2025-03-05T15:23:53","slug":"excusas-de-las-aerolineas-para-no-indemnizar-retrasos-cancelaciones","status":"publish","type":"post","link":"https:\/\/www.reclamador.es\/blog\/excusas-de-las-aerolineas-para-no-indemnizar-retrasos-cancelaciones\/","title":{"rendered":"Las excusas m\u00e1s usadas por las aerol\u00edneas para no indemnizar a sus viajeros"},"content":{"rendered":"<div class=\"ttr_start\"><\/div>\n\n<div class=\"kk-star-ratings kksr-auto kksr-align-right kksr-valign-top\"\n    data-payload='{&quot;align&quot;:&quot;right&quot;,&quot;id&quot;:&quot;33759&quot;,&quot;slug&quot;:&quot;default&quot;,&quot;valign&quot;:&quot;top&quot;,&quot;ignore&quot;:&quot;&quot;,&quot;reference&quot;:&quot;auto&quot;,&quot;class&quot;:&quot;&quot;,&quot;count&quot;:&quot;0&quot;,&quot;legendonly&quot;:&quot;&quot;,&quot;readonly&quot;:&quot;&quot;,&quot;score&quot;:&quot;0&quot;,&quot;starsonly&quot;:&quot;&quot;,&quot;best&quot;:&quot;5&quot;,&quot;gap&quot;:&quot;3&quot;,&quot;greet&quot;:&quot;Valora este art\u00edculo&quot;,&quot;legend&quot;:&quot;0\\\/5 - (0 votos)&quot;,&quot;size&quot;:&quot;20&quot;,&quot;title&quot;:&quot;Las excusas m\u00e1s usadas por las aerol\u00edneas para no indemnizar a sus viajeros&quot;,&quot;width&quot;:&quot;0&quot;,&quot;_legend&quot;:&quot;{score}\\\/{best} - ({count} {votes})&quot;,&quot;font_factor&quot;:&quot;1.25&quot;}'>\n            \n<div class=\"kksr-stars\">\n    \n<div class=\"kksr-stars-inactive\">\n            <div class=\"kksr-star\" data-star=\"1\" style=\"padding-right: 3px\">\n            \n\n<div class=\"kksr-icon\" style=\"width: 20px; height: 20px;\"><\/div>\n        <\/div>\n            <div class=\"kksr-star\" data-star=\"2\" style=\"padding-right: 3px\">\n            \n\n<div class=\"kksr-icon\" style=\"width: 20px; height: 20px;\"><\/div>\n        <\/div>\n            <div class=\"kksr-star\" data-star=\"3\" style=\"padding-right: 3px\">\n            \n\n<div class=\"kksr-icon\" style=\"width: 20px; height: 20px;\"><\/div>\n        <\/div>\n            <div class=\"kksr-star\" data-star=\"4\" style=\"padding-right: 3px\">\n            \n\n<div class=\"kksr-icon\" style=\"width: 20px; height: 20px;\"><\/div>\n        <\/div>\n            <div class=\"kksr-star\" data-star=\"5\" style=\"padding-right: 3px\">\n            \n\n<div class=\"kksr-icon\" style=\"width: 20px; height: 20px;\"><\/div>\n        <\/div>\n    <\/div>\n    \n<div class=\"kksr-stars-active\" style=\"width: 0px;\">\n            <div class=\"kksr-star\" style=\"padding-right: 3px\">\n            \n\n<div class=\"kksr-icon\" style=\"width: 20px; height: 20px;\"><\/div>\n        <\/div>\n            <div class=\"kksr-star\" style=\"padding-right: 3px\">\n            \n\n<div class=\"kksr-icon\" style=\"width: 20px; height: 20px;\"><\/div>\n        <\/div>\n            <div class=\"kksr-star\" style=\"padding-right: 3px\">\n            \n\n<div class=\"kksr-icon\" style=\"width: 20px; height: 20px;\"><\/div>\n        <\/div>\n            <div class=\"kksr-star\" style=\"padding-right: 3px\">\n            \n\n<div class=\"kksr-icon\" style=\"width: 20px; height: 20px;\"><\/div>\n        <\/div>\n            <div class=\"kksr-star\" style=\"padding-right: 3px\">\n            \n\n<div class=\"kksr-icon\" style=\"width: 20px; height: 20px;\"><\/div>\n        <\/div>\n    <\/div>\n<\/div>\n                \n\n<div class=\"kksr-legend\" style=\"font-size: 16px;\">\n            <span class=\"kksr-muted\">Valora este art\u00edculo<\/span>\n    <\/div>\n    <\/div>\n\n<figure id=\"attachment_33761\" aria-describedby=\"caption-attachment-33761\" style=\"width: 1200px\" class=\"wp-caption aligncenter\"><img data-recalc-dims=\"1\" loading=\"lazy\" decoding=\"async\" class=\"size-full wp-image-33761\" src=\"https:\/\/i0.wp.com\/www.reclamador.es\/blog\/wp-content\/uploads\/2025\/03\/las-excusas-mas-usadas-por-las-aerolineas-1200x630-1.jpg?resize=1200%2C630&#038;ssl=1\" alt=\"excusas de las aerol\u00edneas para no indemnizar a sus viajeris\" width=\"1200\" height=\"630\" srcset=\"https:\/\/i0.wp.com\/www.reclamador.es\/blog\/wp-content\/uploads\/2025\/03\/las-excusas-mas-usadas-por-las-aerolineas-1200x630-1.jpg?w=1200&amp;ssl=1 1200w, https:\/\/i0.wp.com\/www.reclamador.es\/blog\/wp-content\/uploads\/2025\/03\/las-excusas-mas-usadas-por-las-aerolineas-1200x630-1.jpg?resize=800%2C420&amp;ssl=1 800w, https:\/\/i0.wp.com\/www.reclamador.es\/blog\/wp-content\/uploads\/2025\/03\/las-excusas-mas-usadas-por-las-aerolineas-1200x630-1.jpg?resize=150%2C79&amp;ssl=1 150w, https:\/\/i0.wp.com\/www.reclamador.es\/blog\/wp-content\/uploads\/2025\/03\/las-excusas-mas-usadas-por-las-aerolineas-1200x630-1.jpg?resize=768%2C403&amp;ssl=1 768w\" sizes=\"auto, (max-width: 1000px) 100vw, 1000px\" \/><figcaption id=\"caption-attachment-33761\" class=\"wp-caption-text\"><em>Excusas de las aerol\u00edneas<\/em><\/figcaption><\/figure>\n<p><span style=\"font-weight: 400;\">Cuando un <\/span><a href=\"https:\/\/www.reclamador.es\/aerolineas\/retraso-vuelo\/\"><span style=\"font-weight: 400;\">vuelo se retrasa m\u00e1s de 3 horas<\/span><\/a><span style=\"font-weight: 400;\"> en llegar al destino o es cancelado con menos de 14 d\u00edas de antelaci\u00f3n, tienes derecho a una compensaci\u00f3n econ\u00f3mica de hasta 600 \u20ac m\u00e1s gastos extras acreditables, salvo que, ese retraso o esa <\/span><a href=\"https:\/\/www.reclamador.es\/aerolineas\/cancelacion-vuelo\/\"><span style=\"font-weight: 400;\">cancelaci\u00f3n<\/span><\/a><span style=\"font-weight: 400;\"> se derive de una circunstancia ajena a la aerol\u00ednea (causa de fuerza mayor). Y, aqu\u00ed, en esto \u00faltimo, es donde las aerol\u00edneas intentan muchas veces excusarse para no tener que pagar a sus viajeros. Pero, <\/span><b>en un gran porcentaje de esas ocasiones, ni la cancelaci\u00f3n de vuelo ni el retraso se debe a una causa de fuerza mayor, por mucho que diga la aerol\u00ednea<\/b><span style=\"font-weight: 400;\">, siendo, en realidad, una excusa de la compa\u00f1\u00eda a\u00e9rea para no indemnizar a sus viajeros.\u00a0<\/span><\/p>\n<p><span style=\"font-weight: 400;\">Dada nuestra amplia experiencia en gesti\u00f3n de <\/span><a href=\"https:\/\/www.reclamador.es\/aerolineas\/\"><span style=\"font-weight: 400;\">reclamaciones a aerol\u00edneas<\/span><\/a><span style=\"font-weight: 400;\">, nos hemos encontrado un sin fin de excusas para evitar pagar la compensaci\u00f3n econ\u00f3mica que la ley les exige. Por ello, a continuaci\u00f3n vamos a contar las m\u00e1s repetidas y ante las que, por supuesto, en reclamador.es no nos hemos quedado de brazos cruzados y hemos ayudado a nuestros clientes a conseguir su indemnizaci\u00f3n.\u00a0<\/span><\/p>\n<h2><span style=\"font-weight: 400;\">Excusas de las aerol\u00edneas para no indemnizarte: las m\u00e1s usadas<\/span><\/h2>\n<h3><span style=\"font-weight: 400;\">La cancelaci\u00f3n de vuelo es consecuencia de la huelga de nuestro personal y esa circunstancia se considera extraordinaria<\/span><\/h3>\n<p><span style=\"font-weight: 400;\">\u00a1Pues no! La justicia europea y los tribunales espa\u00f1oles ya han reiterado y establecido que los retrasos superiores a 180 minutos o las cancelaciones de vuelos avisadas con menos de dos semanas de antelaci\u00f3n como consecuencia de una <\/span><a href=\"https:\/\/www.reclamador.es\/blog\/aerolineas-huelgas-de-personal-informar-de-cancelaciones-vuelos-15-dias\/\"><span style=\"font-weight: 400;\">huelga<\/span><\/a><span style=\"font-weight: 400;\"> del personal de la aerol\u00ednea no se considera una circunstancia extraordinaria y que, por tanto, da derecho al viajero a reclamar una indemnizaci\u00f3n.\u00a0<\/span><\/p>\n<h3><span style=\"font-weight: 400;\">El retraso es inferior a 3 horas<\/span><\/h3>\n<p><span style=\"font-weight: 400;\">Otra excusa de las compa\u00f1\u00edas a\u00e9reas que en muchas ocasiones descubrimos que no es cierto: el <a href=\"https:\/\/www.reclamador.es\/blog\/cuantas-horas-para-recibir-indemnizacion-retraso-de-vuelo\/\">retraso no lleg\u00f3 a 180 minutos<\/a>. <\/span><\/p>\n<p><span style=\"font-weight: 400;\">Para saber el tiempo de retraso real del vuelo puedes consultar la hora real de aterrizaje de tu vuelo en la p\u00e1gina web del aeropuerto y pide a la aerol\u00ednea un certificado de retraso del vuelo.<\/span><\/p>\n<p><b>En reclamador.es tenemos las herramientas necesarias para comprobar si el tiempo de retraso de tu vuelo es o no superior a 180 minutos<\/b><span style=\"font-weight: 400;\">. Si quieres que te ayudemos, solo tienes que completar el formulario de retraso de vuelo de nuestra p\u00e1gina web.\u00a0<\/span><\/p>\n<h3><span style=\"font-weight: 400;\">El vuelo era operado por otra aerol\u00ednea<\/span><\/h3>\n<p><span style=\"font-weight: 400;\">Vale, el vuelo retrasado era operado por una aerol\u00ednea diferente pero \u00bfsignifica eso que no tienes derecho a reclamar una indemnizaci\u00f3n? No, claro que tienes derecho a solicitar tu compensaci\u00f3n econ\u00f3mica. En los casos en los que el vuelo es operado por una aerol\u00ednea diferente a la que vendi\u00f3 el billete, hay que reclamar a la compa\u00f1\u00eda a\u00e9rea que opera el vuelo.\u00a0<\/span><\/p>\n<h6><b>Te interesa: <\/b><a href=\"https:\/\/www.reclamador.es\/blog\/que-significa-vuelo-operado-por\/\"><b>\u00bfA qui\u00e9n reclamar problemas en un vuelo operado por otra aerol\u00ednea?<\/b><\/a><\/h6>\n<h3><span style=\"font-weight: 400;\">Otra de las excusas m\u00e1s usadas por las aerol\u00edneas para no indemnizar: Si aceptas la reubicaci\u00f3n no te corresponde indemnizaci\u00f3n<\/span><\/h3>\n<p><span style=\"font-weight: 400;\">Salvo que con esa reubicaci\u00f3n llegues a tu destino menos de 3 horas despu\u00e9s del viaje inicialmente previsto, te corresponde indemnizaci\u00f3n aunque seas reubicado. Es decir, si <a href=\"https:\/\/www.reclamador.es\/blog\/reubicacion-en-otro-vuelo\/\">la aerol\u00ednea te reubica<\/a> en un vuelo al d\u00eda siguiente, llegar\u00e1s m\u00e1s de 3 horas tarde y te corresponder\u00e1 indemnizaci\u00f3n. Lo mismo ocurre si esa reubicaci\u00f3n se produce de un vuelo de primera hora del d\u00eda a otro vuelo que sale a \u00faltima hora de la tarde, tambi\u00e9n tienes derecho a reclamar una indemnizaci\u00f3n a la aerol\u00ednea.\u00a0<\/span><\/p>\n<h3><span style=\"font-weight: 400;\">Al aceptar el reembolso del billete cancelado ya no tienes derecho a indemnizaci\u00f3n<\/span><\/h3>\n<p><span style=\"font-weight: 400;\">Pues tampoco es cierto. Salvo que al aceptar el reembolso del billete firmases una cl\u00e1usula en la que rechazas iniciar reclamaciones posteriores (y habr\u00eda que evaluar la legalidad de esa cl\u00e1usula), pese a que la aerol\u00ednea te reembolse el coste del billete cancelado, si te inform\u00f3 de la cancelaci\u00f3n con menos de 2 semanas de antelaci\u00f3n y dicha cancelaci\u00f3n no es como consecuencia de una fuerza mayor, por ejemplo, un conflicto b\u00e9lico, te corresponde indemnizaci\u00f3n y reembolso del billete.\u00a0<\/span><\/p>\n<p><span style=\"font-weight: 400;\">Aqu\u00ed, puntualizar que seg\u00fan la normativa vigente tienes derecho a reubicaci\u00f3n (o transporte alternativo) o reembolso del billete, no podr\u00e1s solicitar ser reembolsado y adem\u00e1s reubicado en otro vuelo.\u00a0<\/span><\/p>\n<h3><span style=\"font-weight: 400;\">Fue una causa extraordinaria<\/span><\/h3>\n<p><span style=\"font-weight: 400;\">Habr\u00e1 que verlo. Con esta frase, sin m\u00e1s explicaciones, rechazan las compa\u00f1\u00edas a\u00e9reas compensar a sus clientes por retrasos o cancelaciones. La realidad es que esta es la gran excusa y no siempre es cierta.\u00a0<\/span><\/p>\n<h6 style=\"text-align: center;\"><b>Te interesa: <\/b><a href=\"https:\/\/www.reclamador.es\/ayuda\/aerolineas\/que-significa-que-hay-fuerza-mayor-en-mi-vuelo\/\"><b>\u00bfQu\u00e9 se considera fuerza mayor en un vuelo?<\/b><\/a><\/h6>\n<h3><span style=\"font-weight: 400;\">El retraso es debido a fuertes rachas de viento<\/span><\/h3>\n<p><span style=\"font-weight: 400;\">Pues habr\u00e1 que comprobar los datos oficiales de velocidad del viento, porque eso tambi\u00e9n est\u00e1 establecido y muchas veces las compa\u00f1\u00edas a\u00e9reas se\u00f1alan este motivo para no indemnizar cuando ni siquiera corr\u00eda el aire en la zona de despegue o, aunque hubiera viento, este no imped\u00eda la operativa en el aeropuerto. Si ves que todos los vuelos salen y el tuyo no y la aerol\u00ednea se niega a pagar tu indemnizaci\u00f3n por \u201cviento\u201d, desconf\u00eda y reclama.\u00a0<\/span><\/p>\n<h2 style=\"text-align: center;\"><strong><a class=\"button-lead\" href=\"https:\/\/www.reclamador.es\/form\/complaint\/delay\/\" rel=\"nofollow noopener\">Completa nuestro formulario y reclama tu vuelo<\/a><\/strong><\/h2>\n<div class=\"ttr_end\"><\/div>","protected":false},"excerpt":{"rendered":"<p>Cuando un vuelo se retrasa m\u00e1s de 3 horas en llegar al destino o es cancelado con menos de 14 d\u00edas de antelaci\u00f3n, tienes derecho a una compensaci\u00f3n econ\u00f3mica de hasta 600 \u20ac m\u00e1s gastos extras acreditables, salvo que, ese retraso o esa cancelaci\u00f3n se derive de una circunstancia ajena a la aerol\u00ednea (causa de [&hellip;]<\/p>\n","protected":false},"author":28,"featured_media":33761,"comment_status":"open","ping_status":"open","sticky":false,"template":"","format":"standard","meta":{"_acf_changed":false,"_genesis_hide_title":false,"_genesis_hide_breadcrumbs":false,"_genesis_hide_singular_image":false,"_genesis_hide_footer_widgets":false,"_genesis_custom_body_class":"","_genesis_custom_post_class":"","_genesis_layout":"","_jetpack_newsletter_access":"","_jetpack_dont_email_post_to_subs":false,"_jetpack_newsletter_tier_id":0,"_jetpack_memberships_contains_paywalled_content":false,"_jetpack_memberships_contains_paid_content":false,"footnotes":""},"categories":[393],"tags":[380,289],"class_list":{"0":"post-33759","1":"post","2":"type-post","3":"status-publish","4":"format-standard","5":"has-post-thumbnail","7":"category-consejos","8":"tag-aerolineas","9":"tag-reclamacion","10":"entry"},"acf":[],"yoast_head":"<!-- This site is optimized with the Yoast SEO plugin v27.4 - https:\/\/yoast.com\/product\/yoast-seo-wordpress\/ -->\n<title>7 excusas de las aerol\u00edneas para no indemnizarte: \u00bfte ha pasado?<\/title>\n<meta name=\"description\" content=\"Recopilatorio de excusas de las aerol\u00edneas para no indemnizar ante retrasos y cancelaciones de vuelo. \u00a1Cuidado con creer que son ciertas!\" \/>\n<meta name=\"robots\" content=\"index, follow, max-snippet:-1, max-image-preview:large, max-video-preview:-1\" \/>\n<link rel=\"canonical\" href=\"https:\/\/www.reclamador.es\/blog\/excusas-de-las-aerolineas-para-no-indemnizar-retrasos-cancelaciones\/\" \/>\n<meta property=\"og:locale\" content=\"es_ES\" \/>\n<meta property=\"og:type\" content=\"article\" \/>\n<meta property=\"og:title\" content=\"7 excusas de las aerol\u00edneas para no indemnizarte: \u00bfte ha pasado?\" \/>\n<meta property=\"og:description\" content=\"Recopilatorio de excusas de las aerol\u00edneas para no indemnizar ante retrasos y cancelaciones de vuelo. \u00a1Cuidado con creer que son ciertas!\" \/>\n<meta property=\"og:url\" content=\"https:\/\/www.reclamador.es\/blog\/excusas-de-las-aerolineas-para-no-indemnizar-retrasos-cancelaciones\/\" \/>\n<meta property=\"og:site_name\" content=\"Rebeldes con causa, el blog de reclamador.es\" \/>\n<meta property=\"article:publisher\" content=\"https:\/\/www.facebook.com\/reclamador.es\" \/>\n<meta property=\"article:published_time\" content=\"2025-03-05T15:23:52+00:00\" \/>\n<meta property=\"article:modified_time\" content=\"2025-03-05T15:23:53+00:00\" \/>\n<meta property=\"og:image\" content=\"https:\/\/www.reclamador.es\/blog\/wp-content\/uploads\/2025\/03\/las-excusas-mas-usadas-por-las-aerolineas-1200x630-1.jpg\" \/>\n\t<meta property=\"og:image:width\" content=\"1200\" \/>\n\t<meta property=\"og:image:height\" content=\"630\" \/>\n\t<meta property=\"og:image:type\" content=\"image\/jpeg\" \/>\n<meta name=\"author\" content=\"Alicia Ria\u00f1o\" \/>\n<meta name=\"twitter:card\" content=\"summary_large_image\" \/>\n<meta name=\"twitter:creator\" content=\"@reclamador\" \/>\n<meta name=\"twitter:site\" content=\"@reclamador\" \/>\n<meta name=\"twitter:label1\" content=\"Escrito por\" \/>\n\t<meta name=\"twitter:data1\" content=\"Alicia Ria\u00f1o\" \/>\n\t<meta name=\"twitter:label2\" content=\"Tiempo de lectura\" \/>\n\t<meta name=\"twitter:data2\" content=\"5 minutos\" \/>\n<script type=\"application\/ld+json\" class=\"yoast-schema-graph\">{\"@context\":\"https:\\\/\\\/schema.org\",\"@graph\":[{\"@type\":\"Article\",\"@id\":\"https:\\\/\\\/www.reclamador.es\\\/blog\\\/excusas-de-las-aerolineas-para-no-indemnizar-retrasos-cancelaciones\\\/#article\",\"isPartOf\":{\"@id\":\"https:\\\/\\\/www.reclamador.es\\\/blog\\\/excusas-de-las-aerolineas-para-no-indemnizar-retrasos-cancelaciones\\\/\"},\"author\":{\"name\":\"Alicia Ria\u00f1o\",\"@id\":\"https:\\\/\\\/www.reclamador.es\\\/blog\\\/#\\\/schema\\\/person\\\/2a9d121a6362255b8129c6fda9caffd5\"},\"headline\":\"Las excusas m\u00e1s usadas por las aerol\u00edneas para no indemnizar a sus viajeros\",\"datePublished\":\"2025-03-05T15:23:52+00:00\",\"dateModified\":\"2025-03-05T15:23:53+00:00\",\"mainEntityOfPage\":{\"@id\":\"https:\\\/\\\/www.reclamador.es\\\/blog\\\/excusas-de-las-aerolineas-para-no-indemnizar-retrasos-cancelaciones\\\/\"},\"wordCount\":935,\"commentCount\":4,\"publisher\":{\"@id\":\"https:\\\/\\\/www.reclamador.es\\\/blog\\\/#organization\"},\"image\":{\"@id\":\"https:\\\/\\\/www.reclamador.es\\\/blog\\\/excusas-de-las-aerolineas-para-no-indemnizar-retrasos-cancelaciones\\\/#primaryimage\"},\"thumbnailUrl\":\"https:\\\/\\\/i0.wp.com\\\/www.reclamador.es\\\/blog\\\/wp-content\\\/uploads\\\/2025\\\/03\\\/las-excusas-mas-usadas-por-las-aerolineas-1200x630-1.jpg?fit=1200%2C630&ssl=1\",\"keywords\":[\"aerol\u00edneas\",\"reclamaci\u00f3n\"],\"articleSection\":[\"Consejos legales\"],\"inLanguage\":\"es\",\"potentialAction\":[{\"@type\":\"CommentAction\",\"name\":\"Comment\",\"target\":[\"https:\\\/\\\/www.reclamador.es\\\/blog\\\/excusas-de-las-aerolineas-para-no-indemnizar-retrasos-cancelaciones\\\/#respond\"]}]},{\"@type\":\"WebPage\",\"@id\":\"https:\\\/\\\/www.reclamador.es\\\/blog\\\/excusas-de-las-aerolineas-para-no-indemnizar-retrasos-cancelaciones\\\/\",\"url\":\"https:\\\/\\\/www.reclamador.es\\\/blog\\\/excusas-de-las-aerolineas-para-no-indemnizar-retrasos-cancelaciones\\\/\",\"name\":\"7 excusas de las aerol\u00edneas para no indemnizarte: \u00bfte ha pasado?\",\"isPartOf\":{\"@id\":\"https:\\\/\\\/www.reclamador.es\\\/blog\\\/#website\"},\"primaryImageOfPage\":{\"@id\":\"https:\\\/\\\/www.reclamador.es\\\/blog\\\/excusas-de-las-aerolineas-para-no-indemnizar-retrasos-cancelaciones\\\/#primaryimage\"},\"image\":{\"@id\":\"https:\\\/\\\/www.reclamador.es\\\/blog\\\/excusas-de-las-aerolineas-para-no-indemnizar-retrasos-cancelaciones\\\/#primaryimage\"},\"thumbnailUrl\":\"https:\\\/\\\/i0.wp.com\\\/www.reclamador.es\\\/blog\\\/wp-content\\\/uploads\\\/2025\\\/03\\\/las-excusas-mas-usadas-por-las-aerolineas-1200x630-1.jpg?fit=1200%2C630&ssl=1\",\"datePublished\":\"2025-03-05T15:23:52+00:00\",\"dateModified\":\"2025-03-05T15:23:53+00:00\",\"description\":\"Recopilatorio de excusas de las aerol\u00edneas para no indemnizar ante retrasos y cancelaciones de vuelo. \u00a1Cuidado con creer que son ciertas!\",\"breadcrumb\":{\"@id\":\"https:\\\/\\\/www.reclamador.es\\\/blog\\\/excusas-de-las-aerolineas-para-no-indemnizar-retrasos-cancelaciones\\\/#breadcrumb\"},\"inLanguage\":\"es\",\"potentialAction\":[{\"@type\":\"ReadAction\",\"target\":[\"https:\\\/\\\/www.reclamador.es\\\/blog\\\/excusas-de-las-aerolineas-para-no-indemnizar-retrasos-cancelaciones\\\/\"]}]},{\"@type\":\"ImageObject\",\"inLanguage\":\"es\",\"@id\":\"https:\\\/\\\/www.reclamador.es\\\/blog\\\/excusas-de-las-aerolineas-para-no-indemnizar-retrasos-cancelaciones\\\/#primaryimage\",\"url\":\"https:\\\/\\\/i0.wp.com\\\/www.reclamador.es\\\/blog\\\/wp-content\\\/uploads\\\/2025\\\/03\\\/las-excusas-mas-usadas-por-las-aerolineas-1200x630-1.jpg?fit=1200%2C630&ssl=1\",\"contentUrl\":\"https:\\\/\\\/i0.wp.com\\\/www.reclamador.es\\\/blog\\\/wp-content\\\/uploads\\\/2025\\\/03\\\/las-excusas-mas-usadas-por-las-aerolineas-1200x630-1.jpg?fit=1200%2C630&ssl=1\",\"width\":1200,\"height\":630,\"caption\":\"Excusas de las aerol\u00edneas\"},{\"@type\":\"BreadcrumbList\",\"@id\":\"https:\\\/\\\/www.reclamador.es\\\/blog\\\/excusas-de-las-aerolineas-para-no-indemnizar-retrasos-cancelaciones\\\/#breadcrumb\",\"itemListElement\":[{\"@type\":\"ListItem\",\"position\":1,\"name\":\"Portada\",\"item\":\"https:\\\/\\\/www.reclamador.es\\\/blog\\\/\"},{\"@type\":\"ListItem\",\"position\":2,\"name\":\"Las excusas m\u00e1s usadas por las aerol\u00edneas para no indemnizar a sus viajeros\"}]},{\"@type\":\"WebSite\",\"@id\":\"https:\\\/\\\/www.reclamador.es\\\/blog\\\/#website\",\"url\":\"https:\\\/\\\/www.reclamador.es\\\/blog\\\/\",\"name\":\"Rebeldes con causa, el blog de reclamador.es\",\"description\":\"Noticias, entrevistas y consejos sobre reclamaciones\",\"publisher\":{\"@id\":\"https:\\\/\\\/www.reclamador.es\\\/blog\\\/#organization\"},\"potentialAction\":[{\"@type\":\"SearchAction\",\"target\":{\"@type\":\"EntryPoint\",\"urlTemplate\":\"https:\\\/\\\/www.reclamador.es\\\/blog\\\/?s={search_term_string}\"},\"query-input\":{\"@type\":\"PropertyValueSpecification\",\"valueRequired\":true,\"valueName\":\"search_term_string\"}}],\"inLanguage\":\"es\"},{\"@type\":\"Organization\",\"@id\":\"https:\\\/\\\/www.reclamador.es\\\/blog\\\/#organization\",\"name\":\"reclamador.es\",\"url\":\"https:\\\/\\\/www.reclamador.es\\\/blog\\\/\",\"logo\":{\"@type\":\"ImageObject\",\"inLanguage\":\"es\",\"@id\":\"https:\\\/\\\/www.reclamador.es\\\/blog\\\/#\\\/schema\\\/logo\\\/image\\\/\",\"url\":\"https:\\\/\\\/i0.wp.com\\\/www.reclamador.es\\\/blog\\\/wp-content\\\/uploads\\\/2020\\\/01\\\/logo-reclamador.png?fit=1200%2C144&ssl=1\",\"contentUrl\":\"https:\\\/\\\/i0.wp.com\\\/www.reclamador.es\\\/blog\\\/wp-content\\\/uploads\\\/2020\\\/01\\\/logo-reclamador.png?fit=1200%2C144&ssl=1\",\"width\":1200,\"height\":144,\"caption\":\"reclamador.es\"},\"image\":{\"@id\":\"https:\\\/\\\/www.reclamador.es\\\/blog\\\/#\\\/schema\\\/logo\\\/image\\\/\"},\"sameAs\":[\"https:\\\/\\\/www.facebook.com\\\/reclamador.es\",\"https:\\\/\\\/x.com\\\/reclamador\",\"https:\\\/\\\/www.instagram.com\\\/reclamador.es\\\/\",\"https:\\\/\\\/www.linkedin.com\\\/company\\\/reclamador-es\",\"https:\\\/\\\/www.youtube.com\\\/user\\\/Reclamadores\"]},{\"@type\":\"Person\",\"@id\":\"https:\\\/\\\/www.reclamador.es\\\/blog\\\/#\\\/schema\\\/person\\\/2a9d121a6362255b8129c6fda9caffd5\",\"name\":\"Alicia Ria\u00f1o\",\"image\":{\"@type\":\"ImageObject\",\"inLanguage\":\"es\",\"@id\":\"https:\\\/\\\/secure.gravatar.com\\\/avatar\\\/2915f7664bf5ed4baf932328fabfe761f32f21ec1b577e7d54a7fee6613de25f?s=96&d=mm&r=g\",\"url\":\"https:\\\/\\\/secure.gravatar.com\\\/avatar\\\/2915f7664bf5ed4baf932328fabfe761f32f21ec1b577e7d54a7fee6613de25f?s=96&d=mm&r=g\",\"contentUrl\":\"https:\\\/\\\/secure.gravatar.com\\\/avatar\\\/2915f7664bf5ed4baf932328fabfe761f32f21ec1b577e7d54a7fee6613de25f?s=96&d=mm&r=g\",\"caption\":\"Alicia Ria\u00f1o\"},\"description\":\"Periodista experta en comunicaci\u00f3n y marketing digital. Escribo para acercar la informaci\u00f3n legal de forma sencilla y comprensible a las personas.\",\"sameAs\":[\"https:\\\/\\\/www.linkedin.com\\\/in\\\/alicia-r-932a2959\"],\"url\":\"https:\\\/\\\/www.reclamador.es\\\/blog\\\/author\\\/alicia-riano\\\/\"}]}<\/script>\n<!-- \/ Yoast SEO plugin. -->","yoast_head_json":{"title":"7 excusas de las aerol\u00edneas para no indemnizarte: \u00bfte ha pasado?","description":"Recopilatorio de excusas de las aerol\u00edneas para no indemnizar ante retrasos y cancelaciones de vuelo. \u00a1Cuidado con creer que son ciertas!","robots":{"index":"index","follow":"follow","max-snippet":"max-snippet:-1","max-image-preview":"max-image-preview:large","max-video-preview":"max-video-preview:-1"},"canonical":"https:\/\/www.reclamador.es\/blog\/excusas-de-las-aerolineas-para-no-indemnizar-retrasos-cancelaciones\/","og_locale":"es_ES","og_type":"article","og_title":"7 excusas de las aerol\u00edneas para no indemnizarte: \u00bfte ha pasado?","og_description":"Recopilatorio de excusas de las aerol\u00edneas para no indemnizar ante retrasos y cancelaciones de vuelo. \u00a1Cuidado con creer que son ciertas!","og_url":"https:\/\/www.reclamador.es\/blog\/excusas-de-las-aerolineas-para-no-indemnizar-retrasos-cancelaciones\/","og_site_name":"Rebeldes con causa, el blog de reclamador.es","article_publisher":"https:\/\/www.facebook.com\/reclamador.es","article_published_time":"2025-03-05T15:23:52+00:00","article_modified_time":"2025-03-05T15:23:53+00:00","og_image":[{"width":1200,"height":630,"url":"https:\/\/www.reclamador.es\/blog\/wp-content\/uploads\/2025\/03\/las-excusas-mas-usadas-por-las-aerolineas-1200x630-1.jpg","type":"image\/jpeg"}],"author":"Alicia Ria\u00f1o","twitter_card":"summary_large_image","twitter_creator":"@reclamador","twitter_site":"@reclamador","twitter_misc":{"Escrito por":"Alicia Ria\u00f1o","Tiempo de lectura":"5 minutos"},"schema":{"@context":"https:\/\/schema.org","@graph":[{"@type":"Article","@id":"https:\/\/www.reclamador.es\/blog\/excusas-de-las-aerolineas-para-no-indemnizar-retrasos-cancelaciones\/#article","isPartOf":{"@id":"https:\/\/www.reclamador.es\/blog\/excusas-de-las-aerolineas-para-no-indemnizar-retrasos-cancelaciones\/"},"author":{"name":"Alicia Ria\u00f1o","@id":"https:\/\/www.reclamador.es\/blog\/#\/schema\/person\/2a9d121a6362255b8129c6fda9caffd5"},"headline":"Las excusas m\u00e1s usadas por las aerol\u00edneas para no indemnizar a sus viajeros","datePublished":"2025-03-05T15:23:52+00:00","dateModified":"2025-03-05T15:23:53+00:00","mainEntityOfPage":{"@id":"https:\/\/www.reclamador.es\/blog\/excusas-de-las-aerolineas-para-no-indemnizar-retrasos-cancelaciones\/"},"wordCount":935,"commentCount":4,"publisher":{"@id":"https:\/\/www.reclamador.es\/blog\/#organization"},"image":{"@id":"https:\/\/www.reclamador.es\/blog\/excusas-de-las-aerolineas-para-no-indemnizar-retrasos-cancelaciones\/#primaryimage"},"thumbnailUrl":"https:\/\/i0.wp.com\/www.reclamador.es\/blog\/wp-content\/uploads\/2025\/03\/las-excusas-mas-usadas-por-las-aerolineas-1200x630-1.jpg?fit=1200%2C630&ssl=1","keywords":["aerol\u00edneas","reclamaci\u00f3n"],"articleSection":["Consejos legales"],"inLanguage":"es","potentialAction":[{"@type":"CommentAction","name":"Comment","target":["https:\/\/www.reclamador.es\/blog\/excusas-de-las-aerolineas-para-no-indemnizar-retrasos-cancelaciones\/#respond"]}]},{"@type":"WebPage","@id":"https:\/\/www.reclamador.es\/blog\/excusas-de-las-aerolineas-para-no-indemnizar-retrasos-cancelaciones\/","url":"https:\/\/www.reclamador.es\/blog\/excusas-de-las-aerolineas-para-no-indemnizar-retrasos-cancelaciones\/","name":"7 excusas de las aerol\u00edneas para no indemnizarte: \u00bfte ha pasado?","isPartOf":{"@id":"https:\/\/www.reclamador.es\/blog\/#website"},"primaryImageOfPage":{"@id":"https:\/\/www.reclamador.es\/blog\/excusas-de-las-aerolineas-para-no-indemnizar-retrasos-cancelaciones\/#primaryimage"},"image":{"@id":"https:\/\/www.reclamador.es\/blog\/excusas-de-las-aerolineas-para-no-indemnizar-retrasos-cancelaciones\/#primaryimage"},"thumbnailUrl":"https:\/\/i0.wp.com\/www.reclamador.es\/blog\/wp-content\/uploads\/2025\/03\/las-excusas-mas-usadas-por-las-aerolineas-1200x630-1.jpg?fit=1200%2C630&ssl=1","datePublished":"2025-03-05T15:23:52+00:00","dateModified":"2025-03-05T15:23:53+00:00","description":"Recopilatorio de excusas de las aerol\u00edneas para no indemnizar ante retrasos y cancelaciones de vuelo. \u00a1Cuidado con creer que son ciertas!","breadcrumb":{"@id":"https:\/\/www.reclamador.es\/blog\/excusas-de-las-aerolineas-para-no-indemnizar-retrasos-cancelaciones\/#breadcrumb"},"inLanguage":"es","potentialAction":[{"@type":"ReadAction","target":["https:\/\/www.reclamador.es\/blog\/excusas-de-las-aerolineas-para-no-indemnizar-retrasos-cancelaciones\/"]}]},{"@type":"ImageObject","inLanguage":"es","@id":"https:\/\/www.reclamador.es\/blog\/excusas-de-las-aerolineas-para-no-indemnizar-retrasos-cancelaciones\/#primaryimage","url":"https:\/\/i0.wp.com\/www.reclamador.es\/blog\/wp-content\/uploads\/2025\/03\/las-excusas-mas-usadas-por-las-aerolineas-1200x630-1.jpg?fit=1200%2C630&ssl=1","contentUrl":"https:\/\/i0.wp.com\/www.reclamador.es\/blog\/wp-content\/uploads\/2025\/03\/las-excusas-mas-usadas-por-las-aerolineas-1200x630-1.jpg?fit=1200%2C630&ssl=1","width":1200,"height":630,"caption":"Excusas de las aerol\u00edneas"},{"@type":"BreadcrumbList","@id":"https:\/\/www.reclamador.es\/blog\/excusas-de-las-aerolineas-para-no-indemnizar-retrasos-cancelaciones\/#breadcrumb","itemListElement":[{"@type":"ListItem","position":1,"name":"Portada","item":"https:\/\/www.reclamador.es\/blog\/"},{"@type":"ListItem","position":2,"name":"Las excusas m\u00e1s usadas por las aerol\u00edneas para no indemnizar a sus viajeros"}]},{"@type":"WebSite","@id":"https:\/\/www.reclamador.es\/blog\/#website","url":"https:\/\/www.reclamador.es\/blog\/","name":"Rebeldes con causa, el blog de reclamador.es","description":"Noticias, entrevistas y consejos sobre reclamaciones","publisher":{"@id":"https:\/\/www.reclamador.es\/blog\/#organization"},"potentialAction":[{"@type":"SearchAction","target":{"@type":"EntryPoint","urlTemplate":"https:\/\/www.reclamador.es\/blog\/?s={search_term_string}"},"query-input":{"@type":"PropertyValueSpecification","valueRequired":true,"valueName":"search_term_string"}}],"inLanguage":"es"},{"@type":"Organization","@id":"https:\/\/www.reclamador.es\/blog\/#organization","name":"reclamador.es","url":"https:\/\/www.reclamador.es\/blog\/","logo":{"@type":"ImageObject","inLanguage":"es","@id":"https:\/\/www.reclamador.es\/blog\/#\/schema\/logo\/image\/","url":"https:\/\/i0.wp.com\/www.reclamador.es\/blog\/wp-content\/uploads\/2020\/01\/logo-reclamador.png?fit=1200%2C144&ssl=1","contentUrl":"https:\/\/i0.wp.com\/www.reclamador.es\/blog\/wp-content\/uploads\/2020\/01\/logo-reclamador.png?fit=1200%2C144&ssl=1","width":1200,"height":144,"caption":"reclamador.es"},"image":{"@id":"https:\/\/www.reclamador.es\/blog\/#\/schema\/logo\/image\/"},"sameAs":["https:\/\/www.facebook.com\/reclamador.es","https:\/\/x.com\/reclamador","https:\/\/www.instagram.com\/reclamador.es\/","https:\/\/www.linkedin.com\/company\/reclamador-es","https:\/\/www.youtube.com\/user\/Reclamadores"]},{"@type":"Person","@id":"https:\/\/www.reclamador.es\/blog\/#\/schema\/person\/2a9d121a6362255b8129c6fda9caffd5","name":"Alicia Ria\u00f1o","image":{"@type":"ImageObject","inLanguage":"es","@id":"https:\/\/secure.gravatar.com\/avatar\/2915f7664bf5ed4baf932328fabfe761f32f21ec1b577e7d54a7fee6613de25f?s=96&d=mm&r=g","url":"https:\/\/secure.gravatar.com\/avatar\/2915f7664bf5ed4baf932328fabfe761f32f21ec1b577e7d54a7fee6613de25f?s=96&d=mm&r=g","contentUrl":"https:\/\/secure.gravatar.com\/avatar\/2915f7664bf5ed4baf932328fabfe761f32f21ec1b577e7d54a7fee6613de25f?s=96&d=mm&r=g","caption":"Alicia Ria\u00f1o"},"description":"Periodista experta en comunicaci\u00f3n y marketing digital. Escribo para acercar la informaci\u00f3n legal de forma sencilla y comprensible a las personas.","sameAs":["https:\/\/www.linkedin.com\/in\/alicia-r-932a2959"],"url":"https:\/\/www.reclamador.es\/blog\/author\/alicia-riano\/"}]}},"jetpack_featured_media_url":"https:\/\/i0.wp.com\/www.reclamador.es\/blog\/wp-content\/uploads\/2025\/03\/las-excusas-mas-usadas-por-las-aerolineas-1200x630-1.jpg?fit=1200%2C630&ssl=1","jetpack-related-posts":[{"id":35822,"url":"https:\/\/www.reclamador.es\/blog\/las-trampas-de-las-aerolineas-en-semana-santa\/","url_meta":{"origin":33759,"position":0},"title":"Las trampas de las aerol\u00edneas en Semana Santa","author":"Itziar Sanchez","date":"27 marzo, 2026","format":false,"excerpt":"Vamos a ir directos al grano. Debido a la alta demanda y el elevado volumen de pasajeros que se concentran en los pr\u00f3ximos d\u00edas debido a la Semana Santa, queremos explicar las tres trampas m\u00e1s habituales de las aerol\u00edneas para no asumir sus obligaciones contigo, como viajero, si sufres un\u2026","rel":"","context":"En \u00abNoticias y actualidad\u00bb","block_context":{"text":"Noticias y actualidad","link":"https:\/\/www.reclamador.es\/blog\/noticias\/"},"img":{"alt_text":"trampas para no indemnizar vuelos semana santa","src":"https:\/\/i0.wp.com\/www.reclamador.es\/blog\/wp-content\/uploads\/2026\/03\/reclamar-vuelos-semana-santa.jpg?fit=1200%2C630&ssl=1&resize=350%2C200","width":350,"height":200,"srcset":"https:\/\/i0.wp.com\/www.reclamador.es\/blog\/wp-content\/uploads\/2026\/03\/reclamar-vuelos-semana-santa.jpg?fit=1200%2C630&ssl=1&resize=350%2C200 1x, https:\/\/i0.wp.com\/www.reclamador.es\/blog\/wp-content\/uploads\/2026\/03\/reclamar-vuelos-semana-santa.jpg?fit=1200%2C630&ssl=1&resize=525%2C300 1.5x, https:\/\/i0.wp.com\/www.reclamador.es\/blog\/wp-content\/uploads\/2026\/03\/reclamar-vuelos-semana-santa.jpg?fit=1200%2C630&ssl=1&resize=700%2C400 2x, https:\/\/i0.wp.com\/www.reclamador.es\/blog\/wp-content\/uploads\/2026\/03\/reclamar-vuelos-semana-santa.jpg?fit=1200%2C630&ssl=1&resize=1050%2C600 3x"},"classes":[]},{"id":2990,"url":"https:\/\/www.reclamador.es\/blog\/que-se-considera-fuerza-mayor-y-que-no\/","url_meta":{"origin":33759,"position":1},"title":"\u00bfQu\u00e9 se considera fuerza mayor y qu\u00e9 no en la cancelaci\u00f3n de un vuelo?","author":"Equipo reclamador","date":"11 mayo, 2016","format":false,"excerpt":"*Contenido revisado septiembre 2025 Hay situaciones que pueden parecer ins\u00f3litas, incre\u00edbles, pero que de verdad pasan. Por ejemplo, en un avi\u00f3n ya embarcado y que va a comenzar con las maniobras de despegue, tiene que ser evacuado porque un tel\u00e9fono m\u00f3vil comienza a arder y el vuelo sufre un gran\u2026","rel":"","context":"En \u00abConsejos legales\u00bb","block_context":{"text":"Consejos legales","link":"https:\/\/www.reclamador.es\/blog\/consejos\/"},"img":{"alt_text":"","src":"https:\/\/i0.wp.com\/www.reclamador.es\/blog\/wp-content\/uploads\/2015\/05\/IMG_5241.jpg?fit=1200%2C800&ssl=1&resize=350%2C200","width":350,"height":200,"srcset":"https:\/\/i0.wp.com\/www.reclamador.es\/blog\/wp-content\/uploads\/2015\/05\/IMG_5241.jpg?fit=1200%2C800&ssl=1&resize=350%2C200 1x, https:\/\/i0.wp.com\/www.reclamador.es\/blog\/wp-content\/uploads\/2015\/05\/IMG_5241.jpg?fit=1200%2C800&ssl=1&resize=525%2C300 1.5x, https:\/\/i0.wp.com\/www.reclamador.es\/blog\/wp-content\/uploads\/2015\/05\/IMG_5241.jpg?fit=1200%2C800&ssl=1&resize=700%2C400 2x, https:\/\/i0.wp.com\/www.reclamador.es\/blog\/wp-content\/uploads\/2015\/05\/IMG_5241.jpg?fit=1200%2C800&ssl=1&resize=1050%2C600 3x"},"classes":[]},{"id":23282,"url":"https:\/\/www.reclamador.es\/blog\/tjue-sentencia-tarjeta-de-embarque-no-es-obligatoria-para-reclamar\/","url_meta":{"origin":33759,"position":2},"title":"Sentencia TJUE: la tarjeta de embarque no es obligatoria para reclamar","author":"Esperanza Palacio","date":"4 noviembre, 2019","format":false,"excerpt":"El Tribunal de Justicia de la Uni\u00f3n Europea se ha pronunciado sobre la necesidad de disponer de la tarjeta de embarque para realizar una reclamaci\u00f3n frente a una compa\u00f1\u00eda a\u00e9rea por retrasos o cancelaciones de vuelos. En la sentencia, el TJUE\u00a0determina que los pasajeros a\u00e9reos podr\u00e1n reclamar las compensaciones econ\u00f3micas\u2026","rel":"","context":"En \u00abNoticias y actualidad\u00bb","block_context":{"text":"Noticias y actualidad","link":"https:\/\/www.reclamador.es\/blog\/noticias\/"},"img":{"alt_text":"TJUE tarjeta de embarque reclamador","src":"https:\/\/i0.wp.com\/www.reclamador.es\/blog\/wp-content\/uploads\/2019\/11\/191104_tarjeta_embarque_destacada.jpg?fit=800%2C419&ssl=1&resize=350%2C200","width":350,"height":200,"srcset":"https:\/\/i0.wp.com\/www.reclamador.es\/blog\/wp-content\/uploads\/2019\/11\/191104_tarjeta_embarque_destacada.jpg?fit=800%2C419&ssl=1&resize=350%2C200 1x, https:\/\/i0.wp.com\/www.reclamador.es\/blog\/wp-content\/uploads\/2019\/11\/191104_tarjeta_embarque_destacada.jpg?fit=800%2C419&ssl=1&resize=525%2C300 1.5x, https:\/\/i0.wp.com\/www.reclamador.es\/blog\/wp-content\/uploads\/2019\/11\/191104_tarjeta_embarque_destacada.jpg?fit=800%2C419&ssl=1&resize=700%2C400 2x"},"classes":[]},{"id":32839,"url":"https:\/\/www.reclamador.es\/blog\/ranking-aerolineas-mas-reclamadas-verano\/","url_meta":{"origin":33759,"position":3},"title":"Ranking verano 2024: las aerol\u00edneas m\u00e1s reclamadas","author":"Equipo reclamador","date":"17 septiembre, 2024","format":false,"excerpt":"Durante los meses de junio, julio y agosto de 2024, reclamador.es ha registrado m\u00e1s de 13.000 reclamaciones contra 113 aerol\u00edneas, con Ryanair y Vueling liderando la lista de las m\u00e1s reclamadas por incidentes como retrasos (49 %) y cancelaciones (39,5 %). Las indemnizaciones pueden alcanzar los 600 \u20ac, m\u00e1s los\u2026","rel":"","context":"En \u00abNoticias y actualidad\u00bb","block_context":{"text":"Noticias y actualidad","link":"https:\/\/www.reclamador.es\/blog\/noticias\/"},"img":{"alt_text":"ryanair aeropuerto - aerolinea m\u00e1s reclamada","src":"https:\/\/i0.wp.com\/www.reclamador.es\/blog\/wp-content\/uploads\/2024\/09\/ranking-aerolineas-mas-reclamadas-verano-2024-1200x630-1.jpg?fit=1200%2C630&ssl=1&resize=350%2C200","width":350,"height":200,"srcset":"https:\/\/i0.wp.com\/www.reclamador.es\/blog\/wp-content\/uploads\/2024\/09\/ranking-aerolineas-mas-reclamadas-verano-2024-1200x630-1.jpg?fit=1200%2C630&ssl=1&resize=350%2C200 1x, https:\/\/i0.wp.com\/www.reclamador.es\/blog\/wp-content\/uploads\/2024\/09\/ranking-aerolineas-mas-reclamadas-verano-2024-1200x630-1.jpg?fit=1200%2C630&ssl=1&resize=525%2C300 1.5x, https:\/\/i0.wp.com\/www.reclamador.es\/blog\/wp-content\/uploads\/2024\/09\/ranking-aerolineas-mas-reclamadas-verano-2024-1200x630-1.jpg?fit=1200%2C630&ssl=1&resize=700%2C400 2x, https:\/\/i0.wp.com\/www.reclamador.es\/blog\/wp-content\/uploads\/2024\/09\/ranking-aerolineas-mas-reclamadas-verano-2024-1200x630-1.jpg?fit=1200%2C630&ssl=1&resize=1050%2C600 3x"},"classes":[]},{"id":33265,"url":"https:\/\/www.reclamador.es\/blog\/colas-de-retrasos-aereos-por-congestion-aerea\/","url_meta":{"origin":33759,"position":4},"title":"Colas de retrasos en los aeropuertos por congesti\u00f3n a\u00e9rea: \u00bfSe puede reclamar una indemnizaci\u00f3n?","author":"Equipo reclamador","date":"14 noviembre, 2024","format":false,"excerpt":"\u00bfCu\u00e1ntas veces no has le\u00eddo o escuchado en las noticias informaciones como \u201cr\u00e9cord de vuelos este a\u00f1o\u201d o \u201caumenta en un tanto por ciento el n\u00famero de operaciones en los aeropuertos espa\u00f1oles? Pues bien, estos buenos datos del transporte a\u00e9reo pueden tener alguna que otra consecuencia no tan positiva para\u2026","rel":"","context":"En \u00abConsejos legales\u00bb","block_context":{"text":"Consejos legales","link":"https:\/\/www.reclamador.es\/blog\/consejos\/"},"img":{"alt_text":"colas de retrasos congesti\u00f3n a\u00e9rea","src":"https:\/\/i0.wp.com\/www.reclamador.es\/blog\/wp-content\/uploads\/2024\/11\/colas-de-retraso-en-los-aeropuertos-1200x630-1.jpg?fit=1200%2C630&ssl=1&resize=350%2C200","width":350,"height":200,"srcset":"https:\/\/i0.wp.com\/www.reclamador.es\/blog\/wp-content\/uploads\/2024\/11\/colas-de-retraso-en-los-aeropuertos-1200x630-1.jpg?fit=1200%2C630&ssl=1&resize=350%2C200 1x, https:\/\/i0.wp.com\/www.reclamador.es\/blog\/wp-content\/uploads\/2024\/11\/colas-de-retraso-en-los-aeropuertos-1200x630-1.jpg?fit=1200%2C630&ssl=1&resize=525%2C300 1.5x, https:\/\/i0.wp.com\/www.reclamador.es\/blog\/wp-content\/uploads\/2024\/11\/colas-de-retraso-en-los-aeropuertos-1200x630-1.jpg?fit=1200%2C630&ssl=1&resize=700%2C400 2x, https:\/\/i0.wp.com\/www.reclamador.es\/blog\/wp-content\/uploads\/2024\/11\/colas-de-retraso-en-los-aeropuertos-1200x630-1.jpg?fit=1200%2C630&ssl=1&resize=1050%2C600 3x"},"classes":[]},{"id":33594,"url":"https:\/\/www.reclamador.es\/blog\/entrevista-ruben-reclamador-de-aerolineas-retraso\/","url_meta":{"origin":33759,"position":5},"title":"Rub\u00e9n, reclamador de aerol\u00edneas: \"Me han mantenido informado en todo momento y han sido \u00e1giles y efectivos en su respuesta\"","author":"Cristina Naveda","date":"13 enero, 2025","format":false,"excerpt":"Hoy tenemos el placer de charlar con Rub\u00e9n Figueras (Barcelona, 1964). Abogado en ejercicio, a sus 60 a\u00f1os, nos cuenta que dedica su tiempo libre a \u201ccomer bien\u201d, a escaparse a casas rurales y a descansar junto a sus seres queridos. Ha conseguido, de la mano del equipo legal de\u2026","rel":"","context":"En \u00abConoce todo lo que sucede en reclamador.es\u00bb","block_context":{"text":"Conoce todo lo que sucede en reclamador.es","link":"https:\/\/www.reclamador.es\/blog\/reclamadores\/"},"img":{"alt_text":"entrevista a reclamador de aerolineas por retraso de vuelo","src":"https:\/\/i0.wp.com\/www.reclamador.es\/blog\/wp-content\/uploads\/2025\/01\/entrevista-cliente-aerolineas-Ruben-Figueras-1200x630-1.jpg?fit=1200%2C630&ssl=1&resize=350%2C200","width":350,"height":200,"srcset":"https:\/\/i0.wp.com\/www.reclamador.es\/blog\/wp-content\/uploads\/2025\/01\/entrevista-cliente-aerolineas-Ruben-Figueras-1200x630-1.jpg?fit=1200%2C630&ssl=1&resize=350%2C200 1x, https:\/\/i0.wp.com\/www.reclamador.es\/blog\/wp-content\/uploads\/2025\/01\/entrevista-cliente-aerolineas-Ruben-Figueras-1200x630-1.jpg?fit=1200%2C630&ssl=1&resize=525%2C300 1.5x, https:\/\/i0.wp.com\/www.reclamador.es\/blog\/wp-content\/uploads\/2025\/01\/entrevista-cliente-aerolineas-Ruben-Figueras-1200x630-1.jpg?fit=1200%2C630&ssl=1&resize=700%2C400 2x, https:\/\/i0.wp.com\/www.reclamador.es\/blog\/wp-content\/uploads\/2025\/01\/entrevista-cliente-aerolineas-Ruben-Figueras-1200x630-1.jpg?fit=1200%2C630&ssl=1&resize=1050%2C600 3x"},"classes":[]}],"jetpack_sharing_enabled":true,"_links":{"self":[{"href":"https:\/\/www.reclamador.es\/blog\/wp-json\/wp\/v2\/posts\/33759","targetHints":{"allow":["GET"]}}],"collection":[{"href":"https:\/\/www.reclamador.es\/blog\/wp-json\/wp\/v2\/posts"}],"about":[{"href":"https:\/\/www.reclamador.es\/blog\/wp-json\/wp\/v2\/types\/post"}],"author":[{"embeddable":true,"href":"https:\/\/www.reclamador.es\/blog\/wp-json\/wp\/v2\/users\/28"}],"replies":[{"embeddable":true,"href":"https:\/\/www.reclamador.es\/blog\/wp-json\/wp\/v2\/comments?post=33759"}],"version-history":[{"count":3,"href":"https:\/\/www.reclamador.es\/blog\/wp-json\/wp\/v2\/posts\/33759\/revisions"}],"predecessor-version":[{"id":33763,"href":"https:\/\/www.reclamador.es\/blog\/wp-json\/wp\/v2\/posts\/33759\/revisions\/33763"}],"wp:featuredmedia":[{"embeddable":true,"href":"https:\/\/www.reclamador.es\/blog\/wp-json\/wp\/v2\/media\/33761"}],"wp:attachment":[{"href":"https:\/\/www.reclamador.es\/blog\/wp-json\/wp\/v2\/media?parent=33759"}],"wp:term":[{"taxonomy":"category","embeddable":true,"href":"https:\/\/www.reclamador.es\/blog\/wp-json\/wp\/v2\/categories?post=33759"},{"taxonomy":"post_tag","embeddable":true,"href":"https:\/\/www.reclamador.es\/blog\/wp-json\/wp\/v2\/tags?post=33759"}],"curies":[{"name":"wp","href":"https:\/\/api.w.org\/{rel}","templated":true}]}}