{"id":33632,"date":"2025-01-23T15:53:40","date_gmt":"2025-01-23T14:53:40","guid":{"rendered":"https:\/\/www.reclamador.es\/blog\/?p=33632"},"modified":"2025-05-09T13:49:10","modified_gmt":"2025-05-09T11:49:10","slug":"situaciones-no-puedes-reclamar-una-indemnizacion-aerolinea","status":"publish","type":"post","link":"https:\/\/www.reclamador.es\/blog\/situaciones-no-puedes-reclamar-una-indemnizacion-aerolinea\/","title":{"rendered":"5 situaciones habituales en las que no podr\u00e1s reclamar una indemnizaci\u00f3n a la aerol\u00ednea"},"content":{"rendered":"<div class=\"ttr_start\"><\/div>\n\n<div class=\"kk-star-ratings kksr-auto kksr-align-right kksr-valign-top\"\n    data-payload='{&quot;align&quot;:&quot;right&quot;,&quot;id&quot;:&quot;33632&quot;,&quot;slug&quot;:&quot;default&quot;,&quot;valign&quot;:&quot;top&quot;,&quot;ignore&quot;:&quot;&quot;,&quot;reference&quot;:&quot;auto&quot;,&quot;class&quot;:&quot;&quot;,&quot;count&quot;:&quot;1&quot;,&quot;legendonly&quot;:&quot;&quot;,&quot;readonly&quot;:&quot;&quot;,&quot;score&quot;:&quot;5&quot;,&quot;starsonly&quot;:&quot;&quot;,&quot;best&quot;:&quot;5&quot;,&quot;gap&quot;:&quot;3&quot;,&quot;greet&quot;:&quot;Valora este art\u00edculo&quot;,&quot;legend&quot;:&quot;5\\\/5 - (1 voto)&quot;,&quot;size&quot;:&quot;20&quot;,&quot;title&quot;:&quot;5 situaciones habituales en las que no podr\u00e1s reclamar una indemnizaci\u00f3n a la aerol\u00ednea&quot;,&quot;width&quot;:&quot;113.5&quot;,&quot;_legend&quot;:&quot;{score}\\\/{best} - ({count} {votes})&quot;,&quot;font_factor&quot;:&quot;1.25&quot;}'>\n            \n<div class=\"kksr-stars\">\n    \n<div class=\"kksr-stars-inactive\">\n            <div class=\"kksr-star\" data-star=\"1\" style=\"padding-right: 3px\">\n            \n\n<div class=\"kksr-icon\" style=\"width: 20px; height: 20px;\"><\/div>\n        <\/div>\n            <div class=\"kksr-star\" data-star=\"2\" style=\"padding-right: 3px\">\n            \n\n<div class=\"kksr-icon\" style=\"width: 20px; height: 20px;\"><\/div>\n        <\/div>\n            <div class=\"kksr-star\" data-star=\"3\" style=\"padding-right: 3px\">\n            \n\n<div class=\"kksr-icon\" style=\"width: 20px; height: 20px;\"><\/div>\n        <\/div>\n            <div class=\"kksr-star\" data-star=\"4\" style=\"padding-right: 3px\">\n            \n\n<div class=\"kksr-icon\" style=\"width: 20px; height: 20px;\"><\/div>\n        <\/div>\n            <div class=\"kksr-star\" data-star=\"5\" style=\"padding-right: 3px\">\n            \n\n<div class=\"kksr-icon\" style=\"width: 20px; height: 20px;\"><\/div>\n        <\/div>\n    <\/div>\n    \n<div class=\"kksr-stars-active\" style=\"width: 113.5px;\">\n            <div class=\"kksr-star\" style=\"padding-right: 3px\">\n            \n\n<div class=\"kksr-icon\" style=\"width: 20px; height: 20px;\"><\/div>\n        <\/div>\n            <div class=\"kksr-star\" style=\"padding-right: 3px\">\n            \n\n<div class=\"kksr-icon\" style=\"width: 20px; height: 20px;\"><\/div>\n        <\/div>\n            <div class=\"kksr-star\" style=\"padding-right: 3px\">\n            \n\n<div class=\"kksr-icon\" style=\"width: 20px; height: 20px;\"><\/div>\n        <\/div>\n            <div class=\"kksr-star\" style=\"padding-right: 3px\">\n            \n\n<div class=\"kksr-icon\" style=\"width: 20px; height: 20px;\"><\/div>\n        <\/div>\n            <div class=\"kksr-star\" style=\"padding-right: 3px\">\n            \n\n<div class=\"kksr-icon\" style=\"width: 20px; height: 20px;\"><\/div>\n        <\/div>\n    <\/div>\n<\/div>\n                \n\n<div class=\"kksr-legend\" style=\"font-size: 16px;\">\n            5\/5 - (1 voto)    <\/div>\n    <\/div>\n\n<figure id=\"attachment_33633\" aria-describedby=\"caption-attachment-33633\" style=\"width: 1200px\" class=\"wp-caption aligncenter\"><img data-recalc-dims=\"1\" loading=\"lazy\" decoding=\"async\" class=\"size-full wp-image-33633\" src=\"https:\/\/i0.wp.com\/www.reclamador.es\/blog\/wp-content\/uploads\/2025\/01\/situaciones-en-las-que-no-podras-reclamar-indemnizacion-a-la-aerolinea-1200x630-1.jpg?resize=1200%2C630&#038;ssl=1\" alt=\"situaciones no reclamables a aerol\u00edneas \" width=\"1200\" height=\"630\" srcset=\"https:\/\/i0.wp.com\/www.reclamador.es\/blog\/wp-content\/uploads\/2025\/01\/situaciones-en-las-que-no-podras-reclamar-indemnizacion-a-la-aerolinea-1200x630-1.jpg?w=1200&amp;ssl=1 1200w, https:\/\/i0.wp.com\/www.reclamador.es\/blog\/wp-content\/uploads\/2025\/01\/situaciones-en-las-que-no-podras-reclamar-indemnizacion-a-la-aerolinea-1200x630-1.jpg?resize=800%2C420&amp;ssl=1 800w, https:\/\/i0.wp.com\/www.reclamador.es\/blog\/wp-content\/uploads\/2025\/01\/situaciones-en-las-que-no-podras-reclamar-indemnizacion-a-la-aerolinea-1200x630-1.jpg?resize=150%2C79&amp;ssl=1 150w, https:\/\/i0.wp.com\/www.reclamador.es\/blog\/wp-content\/uploads\/2025\/01\/situaciones-en-las-que-no-podras-reclamar-indemnizacion-a-la-aerolinea-1200x630-1.jpg?resize=768%2C403&amp;ssl=1 768w\" sizes=\"auto, (max-width: 1000px) 100vw, 1000px\" \/><figcaption id=\"caption-attachment-33633\" class=\"wp-caption-text\"><em>Casos en los que no podr\u00e1s reclamar una indemnizaci\u00f3n a la aerol\u00ednea<\/em><\/figcaption><\/figure>\n<p><span style=\"font-weight: 400;\">Cada d\u00eda, en reclamador.es, gestionamos numerosas reclamaciones de viajeros y viajeras que han sufrido un <strong>problema en su vuelo<\/strong>. Pero no siempre esos casos son indemnizables y, por tanto, reclamables. Por eso, en este art\u00edculo hemos recopilado los casos m\u00e1s habituales que llegan a nuestro equipo legal y que no dan derecho a reclamar a la aerol\u00ednea una compensaci\u00f3n econ\u00f3mica.\u00a0<\/span><\/p>\n<h2><span style=\"font-weight: 400;\">Cancelaciones y retrasos de vuelos por circunstancias de fuerza mayor<\/span><\/h2>\n<p><span style=\"font-weight: 400;\">En invierno, y tambi\u00e9n en oto\u00f1o, es m\u00e1s habitual de lo que a cualquier viajero le gustar\u00eda que su vuelo no pueda despegar debido a situaciones climatol\u00f3gicas adversas, como puede ser una fuerte nevada en el aeropuerto de origen o destino, una DANA o fuertes rachas de viento.\u00a0<\/span><\/p>\n<p><span style=\"font-weight: 400;\">Si sufres una cancelaci\u00f3n de vuelo por este motivo, pese a que tienes otros derechos (como asistencia, informaci\u00f3n y reembolso del billete o transporte alternativo) no podr\u00e1s reclamar una indemnizaci\u00f3n a la compa\u00f1\u00eda a\u00e9rea, ya que se trata de una situaci\u00f3n que no se deriva de la operativa de la propia aerol\u00ednea.\u00a0<\/span><\/p>\n<p><span style=\"font-weight: 400;\">Ojo, que la experiencia en reclamaciones a\u00e9reas nos dice que, en numerosas ocasiones, las aerol\u00edneas se escudan en una <a href=\"https:\/\/www.reclamador.es\/blog\/que-se-considera-fuerza-mayor-y-que-no\/\">fuerza mayor<\/a> para no indemnizar a sus clientes cuando en realidad no se trata de tal motivo. Un <\/span><b>truco<\/b><span style=\"font-weight: 400;\"> es comprobar qu\u00e9 pasa con el resto de vuelos en el aeropuerto. Por ejemplo, si solo sufren retrasos los despegues de determinada aerol\u00ednea, pero el resto de vuelos salen puntuales, casi seguro no se trata de una causa de fuerza mayor. O si otros vuelos a tu destino s\u00ed est\u00e1n despegando y es \u00fanicamente tu avi\u00f3n el que aparece retrasado o cancelado, inicia tu reclamaci\u00f3n porque seguramente la incidencia se deba a un problema de la propia aerol\u00ednea.\u00a0<\/span><\/p>\n<h2><span style=\"font-weight: 400;\">Retraso de vuelo de 2 horas<\/span><\/h2>\n<p><span style=\"font-weight: 400;\">Cuando el retraso del vuelo es inferior a 180 minutos (3 horas), seg\u00fan el Reglamento Europeo aplicable a estas reclamaciones a\u00e9reas, no te corresponde indemnizaci\u00f3n (entre 250 \u20ac y 600 \u20ac).\u00a0<\/span><\/p>\n<p><span style=\"font-weight: 400;\">Es decir, si llegas a tu destino con 2 horas o 2 horas y 30 minutos de retraso, la aerol\u00ednea no est\u00e1 obligada por ley a compensarte econ\u00f3micamente por el perjuicio que te ha causado con esa demora.\u00a0<\/span><\/p>\n<h2><span style=\"font-weight: 400;\">Cuando la aerol\u00ednea te informa de la cancelaci\u00f3n de tu vuelo con suficiente antelaci\u00f3n<\/span><\/h2>\n<p><span style=\"font-weight: 400;\">Por suficiente antelaci\u00f3n se entiende (seg\u00fan el Reglamento Europeo 261) m\u00e1s de dos semanas de antelaci\u00f3n. Es decir, si recibes un correo de la aerol\u00ednea con la que tienes contratado tu vuelo para, por ejemplo, dentro de 3 meses, no podr\u00e1s reclamar una indemnizaci\u00f3n por vuelo cancelado a la aerol\u00ednea. S\u00ed podr\u00e1s solicitar el reembolso de ese billete o un vuelo alternativo.<\/span><\/p>\n<h2><span style=\"font-weight: 400;\">Cuando la aerol\u00ednea no tiene sede en Espa\u00f1a, en reclamador.es no podremos ayudarte a reclamar tu indemnizaci\u00f3n<\/span><\/h2>\n<p><span style=\"font-weight: 400;\">Pese a que s\u00ed se trate de una situaci\u00f3n reclamable (retraso superior a 180 minutos o te informan de la cancelaci\u00f3n con menos de dos semanas de antelaci\u00f3n), si la compa\u00f1\u00eda a\u00e9rea con la que sufres el problema no tiene sede en Espa\u00f1a, tu reclamaci\u00f3n se torna realmente complicada puesto que incluso aunque consigui\u00e9ramos una sentencia favorable en tu caso, al no tener sede ni bienes en nuestro pa\u00eds, pese a que un juez disponga el embargo de la compa\u00f1\u00eda, al no tener sede en Espa\u00f1a este no podr\u00eda llevarse a cabo.\u00a0<\/span><\/p>\n<h2><span style=\"font-weight: 400;\">Te deniegan el embarque por no llevar la documentaci\u00f3n necesaria<\/span><\/h2>\n<p><span style=\"font-weight: 400;\">La denegaci\u00f3n de embarque que s\u00ed es reclamable es el overbooking involuntario, es decir, cuando te quedas en tierra porque la compa\u00f1\u00eda a\u00e9rea ha sobrevendido el vuelo y al solicitar voluntarios para no volar t\u00fa no presentas como tal e igualmente el personal de tierra de la aerol\u00ednea te deniega el embarque. Esto es un <a href=\"https:\/\/www.reclamador.es\/aerolineas\/overbooking\/\">overbooking involuntario<\/a> y se puede reclamar una indemnizaci\u00f3n de hasta 600 \u20ac m\u00e1s gastos extras y perjuicios ocasionados.\u00a0<\/span><\/p>\n<p><span style=\"font-weight: 400;\">En otras denegaciones de embarque, por ejemplo, porque necesitas un visado para viajar a tu destino y no lo llevas contigo, el personal de la aerol\u00ednea puede denegar tu embarque y no podr\u00e1s reclamar una indemnizaci\u00f3n, ya que eres t\u00fa quien est\u00e1 obligado a presentar toda la documentaci\u00f3n necesaria para volar. O, por ejemplo, a partir de abril de 2025, para viajar a Londres (y el resto de Reino Unido) los ciudadanos espa\u00f1oles necesitar\u00e1n disponer de una <a href=\"https:\/\/www.reclamador.es\/blog\/documentacion-viajar-reino-unido\/\">Autorizaci\u00f3n Electr\u00f3nica de Viaje (ETA)<\/a> para poder viajar a este territorio y si no se dispone de ella, no permitir\u00e1n volar.<\/span><\/p>\n<p><span style=\"font-weight: 400;\">Tampoco podr\u00e1s reclamar una indemnizaci\u00f3n por denegaci\u00f3n de embarque si llegas a la puerta asignada a tu vuelo y estas ya est\u00e1n cerradas.\u00a0<\/span><\/p>\n<h6 style=\"text-align: center;\"><strong><a href=\"https:\/\/www.reclamador.es\/blog\/denegacion-de-embarque-no-reclamable\/\">Las principales denegaciones de embarque no reclamables<\/a><\/strong><\/h6>\n<h2><span style=\"font-weight: 400;\">\u00bfCu\u00e1ndo s\u00ed puedes reclamar a una aerol\u00ednea una indemnizaci\u00f3n?<\/span><\/h2>\n<p><span style=\"font-weight: 400;\">Te hemos contado \u201clo malo\u201d, pero ahora viene lo bueno. Cuando s\u00ed puedes reclamar una indemnizaci\u00f3n a la aerol\u00ednea:\u00a0<\/span><\/p>\n<ul>\n<li style=\"font-weight: 400;\" aria-level=\"1\"><span style=\"font-weight: 400;\">Cuando sufres un <a href=\"https:\/\/www.reclamador.es\/aerolineas\/retraso-vuelo\/\">retraso superior a 3 horas<\/a> y no es por una causa de fuerza mayor.\u00a0<\/span><\/li>\n<li style=\"font-weight: 400;\" aria-level=\"1\"><span style=\"font-weight: 400;\">Si <a href=\"https:\/\/www.reclamador.es\/aerolineas\/cancelacion-vuelo\/\">cancelan tu vuelo<\/a> con menos de 2 semanas de antelaci\u00f3n (y no es por fuerza mayor, por ejemplo, por una guerra en tu lugar de destino).\u00a0<\/span><\/li>\n<li style=\"font-weight: 400;\" aria-level=\"1\"><span style=\"font-weight: 400;\">Cuando no puedes viajar como consecuencia de un overbooking.\u00a0<\/span><\/li>\n<li style=\"font-weight: 400;\" aria-level=\"1\"><span style=\"font-weight: 400;\">Si <a href=\"https:\/\/www.reclamador.es\/aerolineas\/problemas-equipaje\/\">la aerol\u00ednea pierde o rompe tu equipaje<\/a>.<\/span><\/li>\n<\/ul>\n<h3><span style=\"font-weight: 400;\">\u00bfY cu\u00e1nto se puede reclamar de indemnizaci\u00f3n?<\/span><\/h3>\n<p><span style=\"font-weight: 400;\">En los 3 primeros casos descritos en el punto anterior, la <strong>indemnizaci\u00f3n es de entre 250 \u20ac y 600 \u20ac<\/strong>, en funci\u00f3n de la distancia del vuelo. Adem\u00e1s, se pueden reclamar gastos extras y los perjuicios ocasionados por la incidencia en el viaje en avi\u00f3n.\u00a0<\/span><span style=\"font-weight: 400;\">Incluso, en situaciones como la cancelaci\u00f3n de vuelo, la aerol\u00ednea no solo est\u00e1 obligada a indemnizar, tambi\u00e9n a ofrecerte una reubicaci\u00f3n (o transporte alternativo) o bien a reembolsarte el coste del billete, a tu elecci\u00f3n.\u00a0<\/span><\/p>\n<p>En las reclamaciones por problemas de equipaje la indemnizaci\u00f3n es de <strong>hasta 1.813 \u20ac (novedad 2025)<\/strong>.\u00a0<\/p>\n<h2><span style=\"font-weight: 400;\">Si quieres reclamar a una aerol\u00ednea, conf\u00eda en reclamador.es<\/span><\/h2>\n<p><span style=\"font-weight: 400;\">Ahora que ya tienes mucha informaci\u00f3n, solo nos queda decirte que en reclamador.es te ayudamos a <a href=\"https:\/\/www.reclamador.es\/aerolineas\/\">reclamar a la aerol\u00ednea<\/a> y conseguimos que cumpla con su obligaci\u00f3n y veas protegidos tus derechos.\u00a0<\/span><\/p>\n<p><span style=\"font-weight: 400;\">Contamos con un amplio equipo legal que cada d\u00eda gestiona numerosas reclamaciones frente a compa\u00f1\u00edas a\u00e9reas. \u00a1Y nuestra tasa de \u00e9xito est\u00e1 muy cerca del 100 %! No le des m\u00e1s vueltas, inicia el formulario correspondiente a tu problema y ent\u00e9rate de si puedes reclamar y cu\u00e1nto te corresponde.\u00a0<\/span><\/p>\n<div class=\"ttr_end\"><\/div>","protected":false},"excerpt":{"rendered":"<p>Cada d\u00eda, en reclamador.es, gestionamos numerosas reclamaciones de viajeros y viajeras que han sufrido un problema en su vuelo. Pero no siempre esos casos son indemnizables y, por tanto, reclamables. Por eso, en este art\u00edculo hemos recopilado los casos m\u00e1s habituales que llegan a nuestro equipo legal y que no dan derecho a reclamar a [&hellip;]<\/p>\n","protected":false},"author":28,"featured_media":33633,"comment_status":"open","ping_status":"open","sticky":false,"template":"","format":"standard","meta":{"_acf_changed":false,"_genesis_hide_title":false,"_genesis_hide_breadcrumbs":false,"_genesis_hide_singular_image":false,"_genesis_hide_footer_widgets":false,"_genesis_custom_body_class":"","_genesis_custom_post_class":"","_genesis_layout":"","_jetpack_newsletter_access":"","_jetpack_dont_email_post_to_subs":false,"_jetpack_newsletter_tier_id":0,"_jetpack_memberships_contains_paywalled_content":false,"_jetpack_memberships_contains_paid_content":false,"footnotes":""},"categories":[393],"tags":[380],"class_list":{"0":"post-33632","1":"post","2":"type-post","3":"status-publish","4":"format-standard","5":"has-post-thumbnail","7":"category-consejos","8":"tag-aerolineas","9":"entry"},"acf":[],"yoast_head":"<!-- This site is optimized with the Yoast SEO plugin v27.4 - https:\/\/yoast.com\/product\/yoast-seo-wordpress\/ -->\n<title>Situaciones en las que no podr\u00e1s reclamar una indemnizaci\u00f3n a la aerol\u00ednea<\/title>\n<meta name=\"description\" content=\"No siempre podr\u00e1s reclamar una indemnizaci\u00f3n a la aerol\u00ednea. Descubre cu\u00e1ndo s\u00ed y cu\u00e1ndo no te corresponde compensaci\u00f3n por tus problemas.\" \/>\n<meta name=\"robots\" content=\"index, follow, max-snippet:-1, max-image-preview:large, max-video-preview:-1\" \/>\n<link rel=\"canonical\" href=\"https:\/\/www.reclamador.es\/blog\/situaciones-no-puedes-reclamar-una-indemnizacion-aerolinea\/\" \/>\n<meta property=\"og:locale\" content=\"es_ES\" \/>\n<meta property=\"og:type\" content=\"article\" \/>\n<meta property=\"og:title\" content=\"Situaciones en las que no podr\u00e1s reclamar una indemnizaci\u00f3n a la aerol\u00ednea\" \/>\n<meta property=\"og:description\" content=\"No siempre podr\u00e1s reclamar una indemnizaci\u00f3n a la aerol\u00ednea. Descubre cu\u00e1ndo s\u00ed y cu\u00e1ndo no te corresponde compensaci\u00f3n por tus problemas.\" \/>\n<meta property=\"og:url\" content=\"https:\/\/www.reclamador.es\/blog\/situaciones-no-puedes-reclamar-una-indemnizacion-aerolinea\/\" \/>\n<meta property=\"og:site_name\" content=\"Rebeldes con causa, el blog de reclamador.es\" \/>\n<meta property=\"article:publisher\" content=\"https:\/\/www.facebook.com\/reclamador.es\" \/>\n<meta property=\"article:published_time\" content=\"2025-01-23T14:53:40+00:00\" \/>\n<meta property=\"article:modified_time\" content=\"2025-05-09T11:49:10+00:00\" \/>\n<meta property=\"og:image\" content=\"https:\/\/www.reclamador.es\/blog\/wp-content\/uploads\/2025\/01\/situaciones-en-las-que-no-podras-reclamar-indemnizacion-a-la-aerolinea-1200x630-1.jpg\" \/>\n\t<meta property=\"og:image:width\" content=\"1200\" \/>\n\t<meta property=\"og:image:height\" content=\"630\" \/>\n\t<meta property=\"og:image:type\" content=\"image\/jpeg\" \/>\n<meta name=\"author\" content=\"Alicia Ria\u00f1o\" \/>\n<meta name=\"twitter:card\" content=\"summary_large_image\" \/>\n<meta name=\"twitter:creator\" content=\"@reclamador\" \/>\n<meta name=\"twitter:site\" content=\"@reclamador\" \/>\n<meta name=\"twitter:label1\" content=\"Escrito por\" \/>\n\t<meta name=\"twitter:data1\" content=\"Alicia Ria\u00f1o\" \/>\n\t<meta name=\"twitter:label2\" content=\"Tiempo de lectura\" \/>\n\t<meta name=\"twitter:data2\" content=\"6 minutos\" \/>\n<script type=\"application\/ld+json\" class=\"yoast-schema-graph\">{\"@context\":\"https:\\\/\\\/schema.org\",\"@graph\":[{\"@type\":\"Article\",\"@id\":\"https:\\\/\\\/www.reclamador.es\\\/blog\\\/situaciones-no-puedes-reclamar-una-indemnizacion-aerolinea\\\/#article\",\"isPartOf\":{\"@id\":\"https:\\\/\\\/www.reclamador.es\\\/blog\\\/situaciones-no-puedes-reclamar-una-indemnizacion-aerolinea\\\/\"},\"author\":{\"name\":\"Alicia Ria\u00f1o\",\"@id\":\"https:\\\/\\\/www.reclamador.es\\\/blog\\\/#\\\/schema\\\/person\\\/2a9d121a6362255b8129c6fda9caffd5\"},\"headline\":\"5 situaciones habituales en las que no podr\u00e1s reclamar una indemnizaci\u00f3n a la aerol\u00ednea\",\"datePublished\":\"2025-01-23T14:53:40+00:00\",\"dateModified\":\"2025-05-09T11:49:10+00:00\",\"mainEntityOfPage\":{\"@id\":\"https:\\\/\\\/www.reclamador.es\\\/blog\\\/situaciones-no-puedes-reclamar-una-indemnizacion-aerolinea\\\/\"},\"wordCount\":1161,\"commentCount\":0,\"publisher\":{\"@id\":\"https:\\\/\\\/www.reclamador.es\\\/blog\\\/#organization\"},\"image\":{\"@id\":\"https:\\\/\\\/www.reclamador.es\\\/blog\\\/situaciones-no-puedes-reclamar-una-indemnizacion-aerolinea\\\/#primaryimage\"},\"thumbnailUrl\":\"https:\\\/\\\/i0.wp.com\\\/www.reclamador.es\\\/blog\\\/wp-content\\\/uploads\\\/2025\\\/01\\\/situaciones-en-las-que-no-podras-reclamar-indemnizacion-a-la-aerolinea-1200x630-1.jpg?fit=1200%2C630&ssl=1\",\"keywords\":[\"aerol\u00edneas\"],\"articleSection\":[\"Consejos legales\"],\"inLanguage\":\"es\",\"potentialAction\":[{\"@type\":\"CommentAction\",\"name\":\"Comment\",\"target\":[\"https:\\\/\\\/www.reclamador.es\\\/blog\\\/situaciones-no-puedes-reclamar-una-indemnizacion-aerolinea\\\/#respond\"]}]},{\"@type\":\"WebPage\",\"@id\":\"https:\\\/\\\/www.reclamador.es\\\/blog\\\/situaciones-no-puedes-reclamar-una-indemnizacion-aerolinea\\\/\",\"url\":\"https:\\\/\\\/www.reclamador.es\\\/blog\\\/situaciones-no-puedes-reclamar-una-indemnizacion-aerolinea\\\/\",\"name\":\"Situaciones en las que no podr\u00e1s reclamar una indemnizaci\u00f3n a la aerol\u00ednea\",\"isPartOf\":{\"@id\":\"https:\\\/\\\/www.reclamador.es\\\/blog\\\/#website\"},\"primaryImageOfPage\":{\"@id\":\"https:\\\/\\\/www.reclamador.es\\\/blog\\\/situaciones-no-puedes-reclamar-una-indemnizacion-aerolinea\\\/#primaryimage\"},\"image\":{\"@id\":\"https:\\\/\\\/www.reclamador.es\\\/blog\\\/situaciones-no-puedes-reclamar-una-indemnizacion-aerolinea\\\/#primaryimage\"},\"thumbnailUrl\":\"https:\\\/\\\/i0.wp.com\\\/www.reclamador.es\\\/blog\\\/wp-content\\\/uploads\\\/2025\\\/01\\\/situaciones-en-las-que-no-podras-reclamar-indemnizacion-a-la-aerolinea-1200x630-1.jpg?fit=1200%2C630&ssl=1\",\"datePublished\":\"2025-01-23T14:53:40+00:00\",\"dateModified\":\"2025-05-09T11:49:10+00:00\",\"description\":\"No siempre podr\u00e1s reclamar una indemnizaci\u00f3n a la aerol\u00ednea. Descubre cu\u00e1ndo s\u00ed y cu\u00e1ndo no te corresponde compensaci\u00f3n por tus problemas.\",\"breadcrumb\":{\"@id\":\"https:\\\/\\\/www.reclamador.es\\\/blog\\\/situaciones-no-puedes-reclamar-una-indemnizacion-aerolinea\\\/#breadcrumb\"},\"inLanguage\":\"es\",\"potentialAction\":[{\"@type\":\"ReadAction\",\"target\":[\"https:\\\/\\\/www.reclamador.es\\\/blog\\\/situaciones-no-puedes-reclamar-una-indemnizacion-aerolinea\\\/\"]}]},{\"@type\":\"ImageObject\",\"inLanguage\":\"es\",\"@id\":\"https:\\\/\\\/www.reclamador.es\\\/blog\\\/situaciones-no-puedes-reclamar-una-indemnizacion-aerolinea\\\/#primaryimage\",\"url\":\"https:\\\/\\\/i0.wp.com\\\/www.reclamador.es\\\/blog\\\/wp-content\\\/uploads\\\/2025\\\/01\\\/situaciones-en-las-que-no-podras-reclamar-indemnizacion-a-la-aerolinea-1200x630-1.jpg?fit=1200%2C630&ssl=1\",\"contentUrl\":\"https:\\\/\\\/i0.wp.com\\\/www.reclamador.es\\\/blog\\\/wp-content\\\/uploads\\\/2025\\\/01\\\/situaciones-en-las-que-no-podras-reclamar-indemnizacion-a-la-aerolinea-1200x630-1.jpg?fit=1200%2C630&ssl=1\",\"width\":1200,\"height\":630,\"caption\":\"Casos en los que no podr\u00e1s reclamar una indemnizaci\u00f3n a la aerol\u00ednea\"},{\"@type\":\"BreadcrumbList\",\"@id\":\"https:\\\/\\\/www.reclamador.es\\\/blog\\\/situaciones-no-puedes-reclamar-una-indemnizacion-aerolinea\\\/#breadcrumb\",\"itemListElement\":[{\"@type\":\"ListItem\",\"position\":1,\"name\":\"Portada\",\"item\":\"https:\\\/\\\/www.reclamador.es\\\/blog\\\/\"},{\"@type\":\"ListItem\",\"position\":2,\"name\":\"5 situaciones habituales en las que no podr\u00e1s reclamar una indemnizaci\u00f3n a la aerol\u00ednea\"}]},{\"@type\":\"WebSite\",\"@id\":\"https:\\\/\\\/www.reclamador.es\\\/blog\\\/#website\",\"url\":\"https:\\\/\\\/www.reclamador.es\\\/blog\\\/\",\"name\":\"Rebeldes con causa, el blog de reclamador.es\",\"description\":\"Noticias, entrevistas y consejos sobre reclamaciones\",\"publisher\":{\"@id\":\"https:\\\/\\\/www.reclamador.es\\\/blog\\\/#organization\"},\"potentialAction\":[{\"@type\":\"SearchAction\",\"target\":{\"@type\":\"EntryPoint\",\"urlTemplate\":\"https:\\\/\\\/www.reclamador.es\\\/blog\\\/?s={search_term_string}\"},\"query-input\":{\"@type\":\"PropertyValueSpecification\",\"valueRequired\":true,\"valueName\":\"search_term_string\"}}],\"inLanguage\":\"es\"},{\"@type\":\"Organization\",\"@id\":\"https:\\\/\\\/www.reclamador.es\\\/blog\\\/#organization\",\"name\":\"reclamador.es\",\"url\":\"https:\\\/\\\/www.reclamador.es\\\/blog\\\/\",\"logo\":{\"@type\":\"ImageObject\",\"inLanguage\":\"es\",\"@id\":\"https:\\\/\\\/www.reclamador.es\\\/blog\\\/#\\\/schema\\\/logo\\\/image\\\/\",\"url\":\"https:\\\/\\\/i0.wp.com\\\/www.reclamador.es\\\/blog\\\/wp-content\\\/uploads\\\/2020\\\/01\\\/logo-reclamador.png?fit=1200%2C144&ssl=1\",\"contentUrl\":\"https:\\\/\\\/i0.wp.com\\\/www.reclamador.es\\\/blog\\\/wp-content\\\/uploads\\\/2020\\\/01\\\/logo-reclamador.png?fit=1200%2C144&ssl=1\",\"width\":1200,\"height\":144,\"caption\":\"reclamador.es\"},\"image\":{\"@id\":\"https:\\\/\\\/www.reclamador.es\\\/blog\\\/#\\\/schema\\\/logo\\\/image\\\/\"},\"sameAs\":[\"https:\\\/\\\/www.facebook.com\\\/reclamador.es\",\"https:\\\/\\\/x.com\\\/reclamador\",\"https:\\\/\\\/www.instagram.com\\\/reclamador.es\\\/\",\"https:\\\/\\\/www.linkedin.com\\\/company\\\/reclamador-es\",\"https:\\\/\\\/www.youtube.com\\\/user\\\/Reclamadores\"]},{\"@type\":\"Person\",\"@id\":\"https:\\\/\\\/www.reclamador.es\\\/blog\\\/#\\\/schema\\\/person\\\/2a9d121a6362255b8129c6fda9caffd5\",\"name\":\"Alicia Ria\u00f1o\",\"image\":{\"@type\":\"ImageObject\",\"inLanguage\":\"es\",\"@id\":\"https:\\\/\\\/secure.gravatar.com\\\/avatar\\\/2915f7664bf5ed4baf932328fabfe761f32f21ec1b577e7d54a7fee6613de25f?s=96&d=mm&r=g\",\"url\":\"https:\\\/\\\/secure.gravatar.com\\\/avatar\\\/2915f7664bf5ed4baf932328fabfe761f32f21ec1b577e7d54a7fee6613de25f?s=96&d=mm&r=g\",\"contentUrl\":\"https:\\\/\\\/secure.gravatar.com\\\/avatar\\\/2915f7664bf5ed4baf932328fabfe761f32f21ec1b577e7d54a7fee6613de25f?s=96&d=mm&r=g\",\"caption\":\"Alicia Ria\u00f1o\"},\"description\":\"Periodista experta en comunicaci\u00f3n y marketing digital. Escribo para acercar la informaci\u00f3n legal de forma sencilla y comprensible a las personas.\",\"sameAs\":[\"https:\\\/\\\/www.linkedin.com\\\/in\\\/alicia-r-932a2959\"],\"url\":\"https:\\\/\\\/www.reclamador.es\\\/blog\\\/author\\\/alicia-riano\\\/\"}]}<\/script>\n<!-- \/ Yoast SEO plugin. -->","yoast_head_json":{"title":"Situaciones en las que no podr\u00e1s reclamar una indemnizaci\u00f3n a la aerol\u00ednea","description":"No siempre podr\u00e1s reclamar una indemnizaci\u00f3n a la aerol\u00ednea. Descubre cu\u00e1ndo s\u00ed y cu\u00e1ndo no te corresponde compensaci\u00f3n por tus problemas.","robots":{"index":"index","follow":"follow","max-snippet":"max-snippet:-1","max-image-preview":"max-image-preview:large","max-video-preview":"max-video-preview:-1"},"canonical":"https:\/\/www.reclamador.es\/blog\/situaciones-no-puedes-reclamar-una-indemnizacion-aerolinea\/","og_locale":"es_ES","og_type":"article","og_title":"Situaciones en las que no podr\u00e1s reclamar una indemnizaci\u00f3n a la aerol\u00ednea","og_description":"No siempre podr\u00e1s reclamar una indemnizaci\u00f3n a la aerol\u00ednea. Descubre cu\u00e1ndo s\u00ed y cu\u00e1ndo no te corresponde compensaci\u00f3n por tus problemas.","og_url":"https:\/\/www.reclamador.es\/blog\/situaciones-no-puedes-reclamar-una-indemnizacion-aerolinea\/","og_site_name":"Rebeldes con causa, el blog de reclamador.es","article_publisher":"https:\/\/www.facebook.com\/reclamador.es","article_published_time":"2025-01-23T14:53:40+00:00","article_modified_time":"2025-05-09T11:49:10+00:00","og_image":[{"width":1200,"height":630,"url":"https:\/\/www.reclamador.es\/blog\/wp-content\/uploads\/2025\/01\/situaciones-en-las-que-no-podras-reclamar-indemnizacion-a-la-aerolinea-1200x630-1.jpg","type":"image\/jpeg"}],"author":"Alicia Ria\u00f1o","twitter_card":"summary_large_image","twitter_creator":"@reclamador","twitter_site":"@reclamador","twitter_misc":{"Escrito por":"Alicia Ria\u00f1o","Tiempo de lectura":"6 minutos"},"schema":{"@context":"https:\/\/schema.org","@graph":[{"@type":"Article","@id":"https:\/\/www.reclamador.es\/blog\/situaciones-no-puedes-reclamar-una-indemnizacion-aerolinea\/#article","isPartOf":{"@id":"https:\/\/www.reclamador.es\/blog\/situaciones-no-puedes-reclamar-una-indemnizacion-aerolinea\/"},"author":{"name":"Alicia Ria\u00f1o","@id":"https:\/\/www.reclamador.es\/blog\/#\/schema\/person\/2a9d121a6362255b8129c6fda9caffd5"},"headline":"5 situaciones habituales en las que no podr\u00e1s reclamar una indemnizaci\u00f3n a la aerol\u00ednea","datePublished":"2025-01-23T14:53:40+00:00","dateModified":"2025-05-09T11:49:10+00:00","mainEntityOfPage":{"@id":"https:\/\/www.reclamador.es\/blog\/situaciones-no-puedes-reclamar-una-indemnizacion-aerolinea\/"},"wordCount":1161,"commentCount":0,"publisher":{"@id":"https:\/\/www.reclamador.es\/blog\/#organization"},"image":{"@id":"https:\/\/www.reclamador.es\/blog\/situaciones-no-puedes-reclamar-una-indemnizacion-aerolinea\/#primaryimage"},"thumbnailUrl":"https:\/\/i0.wp.com\/www.reclamador.es\/blog\/wp-content\/uploads\/2025\/01\/situaciones-en-las-que-no-podras-reclamar-indemnizacion-a-la-aerolinea-1200x630-1.jpg?fit=1200%2C630&ssl=1","keywords":["aerol\u00edneas"],"articleSection":["Consejos legales"],"inLanguage":"es","potentialAction":[{"@type":"CommentAction","name":"Comment","target":["https:\/\/www.reclamador.es\/blog\/situaciones-no-puedes-reclamar-una-indemnizacion-aerolinea\/#respond"]}]},{"@type":"WebPage","@id":"https:\/\/www.reclamador.es\/blog\/situaciones-no-puedes-reclamar-una-indemnizacion-aerolinea\/","url":"https:\/\/www.reclamador.es\/blog\/situaciones-no-puedes-reclamar-una-indemnizacion-aerolinea\/","name":"Situaciones en las que no podr\u00e1s reclamar una indemnizaci\u00f3n a la aerol\u00ednea","isPartOf":{"@id":"https:\/\/www.reclamador.es\/blog\/#website"},"primaryImageOfPage":{"@id":"https:\/\/www.reclamador.es\/blog\/situaciones-no-puedes-reclamar-una-indemnizacion-aerolinea\/#primaryimage"},"image":{"@id":"https:\/\/www.reclamador.es\/blog\/situaciones-no-puedes-reclamar-una-indemnizacion-aerolinea\/#primaryimage"},"thumbnailUrl":"https:\/\/i0.wp.com\/www.reclamador.es\/blog\/wp-content\/uploads\/2025\/01\/situaciones-en-las-que-no-podras-reclamar-indemnizacion-a-la-aerolinea-1200x630-1.jpg?fit=1200%2C630&ssl=1","datePublished":"2025-01-23T14:53:40+00:00","dateModified":"2025-05-09T11:49:10+00:00","description":"No siempre podr\u00e1s reclamar una indemnizaci\u00f3n a la aerol\u00ednea. Descubre cu\u00e1ndo s\u00ed y cu\u00e1ndo no te corresponde compensaci\u00f3n por tus problemas.","breadcrumb":{"@id":"https:\/\/www.reclamador.es\/blog\/situaciones-no-puedes-reclamar-una-indemnizacion-aerolinea\/#breadcrumb"},"inLanguage":"es","potentialAction":[{"@type":"ReadAction","target":["https:\/\/www.reclamador.es\/blog\/situaciones-no-puedes-reclamar-una-indemnizacion-aerolinea\/"]}]},{"@type":"ImageObject","inLanguage":"es","@id":"https:\/\/www.reclamador.es\/blog\/situaciones-no-puedes-reclamar-una-indemnizacion-aerolinea\/#primaryimage","url":"https:\/\/i0.wp.com\/www.reclamador.es\/blog\/wp-content\/uploads\/2025\/01\/situaciones-en-las-que-no-podras-reclamar-indemnizacion-a-la-aerolinea-1200x630-1.jpg?fit=1200%2C630&ssl=1","contentUrl":"https:\/\/i0.wp.com\/www.reclamador.es\/blog\/wp-content\/uploads\/2025\/01\/situaciones-en-las-que-no-podras-reclamar-indemnizacion-a-la-aerolinea-1200x630-1.jpg?fit=1200%2C630&ssl=1","width":1200,"height":630,"caption":"Casos en los que no podr\u00e1s reclamar una indemnizaci\u00f3n a la aerol\u00ednea"},{"@type":"BreadcrumbList","@id":"https:\/\/www.reclamador.es\/blog\/situaciones-no-puedes-reclamar-una-indemnizacion-aerolinea\/#breadcrumb","itemListElement":[{"@type":"ListItem","position":1,"name":"Portada","item":"https:\/\/www.reclamador.es\/blog\/"},{"@type":"ListItem","position":2,"name":"5 situaciones habituales en las que no podr\u00e1s reclamar una indemnizaci\u00f3n a la aerol\u00ednea"}]},{"@type":"WebSite","@id":"https:\/\/www.reclamador.es\/blog\/#website","url":"https:\/\/www.reclamador.es\/blog\/","name":"Rebeldes con causa, el blog de reclamador.es","description":"Noticias, entrevistas y consejos sobre reclamaciones","publisher":{"@id":"https:\/\/www.reclamador.es\/blog\/#organization"},"potentialAction":[{"@type":"SearchAction","target":{"@type":"EntryPoint","urlTemplate":"https:\/\/www.reclamador.es\/blog\/?s={search_term_string}"},"query-input":{"@type":"PropertyValueSpecification","valueRequired":true,"valueName":"search_term_string"}}],"inLanguage":"es"},{"@type":"Organization","@id":"https:\/\/www.reclamador.es\/blog\/#organization","name":"reclamador.es","url":"https:\/\/www.reclamador.es\/blog\/","logo":{"@type":"ImageObject","inLanguage":"es","@id":"https:\/\/www.reclamador.es\/blog\/#\/schema\/logo\/image\/","url":"https:\/\/i0.wp.com\/www.reclamador.es\/blog\/wp-content\/uploads\/2020\/01\/logo-reclamador.png?fit=1200%2C144&ssl=1","contentUrl":"https:\/\/i0.wp.com\/www.reclamador.es\/blog\/wp-content\/uploads\/2020\/01\/logo-reclamador.png?fit=1200%2C144&ssl=1","width":1200,"height":144,"caption":"reclamador.es"},"image":{"@id":"https:\/\/www.reclamador.es\/blog\/#\/schema\/logo\/image\/"},"sameAs":["https:\/\/www.facebook.com\/reclamador.es","https:\/\/x.com\/reclamador","https:\/\/www.instagram.com\/reclamador.es\/","https:\/\/www.linkedin.com\/company\/reclamador-es","https:\/\/www.youtube.com\/user\/Reclamadores"]},{"@type":"Person","@id":"https:\/\/www.reclamador.es\/blog\/#\/schema\/person\/2a9d121a6362255b8129c6fda9caffd5","name":"Alicia Ria\u00f1o","image":{"@type":"ImageObject","inLanguage":"es","@id":"https:\/\/secure.gravatar.com\/avatar\/2915f7664bf5ed4baf932328fabfe761f32f21ec1b577e7d54a7fee6613de25f?s=96&d=mm&r=g","url":"https:\/\/secure.gravatar.com\/avatar\/2915f7664bf5ed4baf932328fabfe761f32f21ec1b577e7d54a7fee6613de25f?s=96&d=mm&r=g","contentUrl":"https:\/\/secure.gravatar.com\/avatar\/2915f7664bf5ed4baf932328fabfe761f32f21ec1b577e7d54a7fee6613de25f?s=96&d=mm&r=g","caption":"Alicia Ria\u00f1o"},"description":"Periodista experta en comunicaci\u00f3n y marketing digital. Escribo para acercar la informaci\u00f3n legal de forma sencilla y comprensible a las personas.","sameAs":["https:\/\/www.linkedin.com\/in\/alicia-r-932a2959"],"url":"https:\/\/www.reclamador.es\/blog\/author\/alicia-riano\/"}]}},"jetpack_featured_media_url":"https:\/\/i0.wp.com\/www.reclamador.es\/blog\/wp-content\/uploads\/2025\/01\/situaciones-en-las-que-no-podras-reclamar-indemnizacion-a-la-aerolinea-1200x630-1.jpg?fit=1200%2C630&ssl=1","jetpack-related-posts":[{"id":34003,"url":"https:\/\/www.reclamador.es\/blog\/overbooking-espana-como-y-que-reclamar\/","url_meta":{"origin":33632,"position":0},"title":"Overbooking en Semana Santa: \u00bfc\u00f3mo y qu\u00e9 reclamar?","author":"Equipo reclamador","date":"15 abril, 2025","format":false,"excerpt":"Semana Santa es una de las \u00e9pocas del a\u00f1o con mayor volumen de viajes. Aeropuertos llenos, vuelos completos y, como consecuencia, mayor probabilidad de sufrir un overbooking. Si te quedas en tierra por sobreventa de billetes, \u00a1que no cunda el p\u00e1nico, no todo es malo! Puedes tener derecho a una\u2026","rel":"","context":"En \u00abConsejos legales\u00bb","block_context":{"text":"Consejos legales","link":"https:\/\/www.reclamador.es\/blog\/consejos\/"},"img":{"alt_text":"El overbooking en legal en Espa\u00f1a pero da derecho a reclamar una indemnizaci\u00f3n.","src":"https:\/\/i0.wp.com\/www.reclamador.es\/blog\/wp-content\/uploads\/2025\/04\/overbooking-en-semana-santa-1200x630-1.jpg?resize=350%2C200&ssl=1","width":350,"height":200,"srcset":"https:\/\/i0.wp.com\/www.reclamador.es\/blog\/wp-content\/uploads\/2025\/04\/overbooking-en-semana-santa-1200x630-1.jpg?resize=350%2C200&ssl=1 1x, https:\/\/i0.wp.com\/www.reclamador.es\/blog\/wp-content\/uploads\/2025\/04\/overbooking-en-semana-santa-1200x630-1.jpg?resize=525%2C300&ssl=1 1.5x, https:\/\/i0.wp.com\/www.reclamador.es\/blog\/wp-content\/uploads\/2025\/04\/overbooking-en-semana-santa-1200x630-1.jpg?resize=700%2C400&ssl=1 2x, https:\/\/i0.wp.com\/www.reclamador.es\/blog\/wp-content\/uploads\/2025\/04\/overbooking-en-semana-santa-1200x630-1.jpg?resize=1050%2C600&ssl=1 3x"},"classes":[]},{"id":35729,"url":"https:\/\/www.reclamador.es\/blog\/sirve-el-chat-de-la-aerolinea-o-es-trampa-para-no-reclames\/","url_meta":{"origin":33632,"position":1},"title":"\u00bfSirve de algo el chat de la aerol\u00ednea o es una \"trampa\" para que no reclames?","author":"Itziar Sanchez","date":"9 marzo, 2026","format":false,"excerpt":"\u00bfSab\u00edas que la pregunta sobre si sirve de algo el chat o conversaci\u00f3n con los servicios de atenci\u00f3n al usuario de las aerol\u00edneas es una de las preguntas que m\u00e1s realizan los viajeros a las IA cuando han sufrido un percance en su viaje o van a viajar pr\u00f3ximamente?\u00a0 La\u2026","rel":"","context":"En \u00abConsejos legales\u00bb","block_context":{"text":"Consejos legales","link":"https:\/\/www.reclamador.es\/blog\/consejos\/"},"img":{"alt_text":"chat de la aerolinea - reclamaciones","src":"https:\/\/i0.wp.com\/www.reclamador.es\/blog\/wp-content\/uploads\/2026\/03\/reclamaciones-por-el-chat-de-la-aerolinea.jpg?fit=1200%2C630&ssl=1&resize=350%2C200","width":350,"height":200,"srcset":"https:\/\/i0.wp.com\/www.reclamador.es\/blog\/wp-content\/uploads\/2026\/03\/reclamaciones-por-el-chat-de-la-aerolinea.jpg?fit=1200%2C630&ssl=1&resize=350%2C200 1x, https:\/\/i0.wp.com\/www.reclamador.es\/blog\/wp-content\/uploads\/2026\/03\/reclamaciones-por-el-chat-de-la-aerolinea.jpg?fit=1200%2C630&ssl=1&resize=525%2C300 1.5x, https:\/\/i0.wp.com\/www.reclamador.es\/blog\/wp-content\/uploads\/2026\/03\/reclamaciones-por-el-chat-de-la-aerolinea.jpg?fit=1200%2C630&ssl=1&resize=700%2C400 2x, https:\/\/i0.wp.com\/www.reclamador.es\/blog\/wp-content\/uploads\/2026\/03\/reclamaciones-por-el-chat-de-la-aerolinea.jpg?fit=1200%2C630&ssl=1&resize=1050%2C600 3x"},"classes":[]},{"id":30369,"url":"https:\/\/www.reclamador.es\/blog\/reubicacion-en-otro-vuelo\/","url_meta":{"origin":33632,"position":2},"title":"\u00bfTe han reubicado en otro vuelo que llega m\u00e1s de 3 horas despu\u00e9s al comprado inicialmente? \u00a1Puedes reclamar!","author":"Equipo reclamador","date":"19 abril, 2024","format":false,"excerpt":"Una situaci\u00f3n que se produce m\u00e1s habitualmente de lo esperado es como las aerol\u00edneas, ante una cancelaci\u00f3n de vuelo, por ejemplo con motivo de una huelga de los trabajadores de la compa\u00f1\u00eda a\u00e9rea, est\u00e1n optando por ofrecer a sus viajeros la reubicaci\u00f3n en otros vuelos, bien sea el mismo d\u00eda\u2026","rel":"","context":"En \u00abConsejos legales\u00bb","block_context":{"text":"Consejos legales","link":"https:\/\/www.reclamador.es\/blog\/consejos\/"},"img":{"alt_text":"adem\u00e1s de reubicarte en otro vuelo te tienen que pagar una indemnizacion, reclama","src":"https:\/\/i0.wp.com\/www.reclamador.es\/blog\/wp-content\/uploads\/2022\/11\/te-han-reubicado-en-otro-vuelo-1200x630-1.jpg?fit=1200%2C630&ssl=1&resize=350%2C200","width":350,"height":200,"srcset":"https:\/\/i0.wp.com\/www.reclamador.es\/blog\/wp-content\/uploads\/2022\/11\/te-han-reubicado-en-otro-vuelo-1200x630-1.jpg?fit=1200%2C630&ssl=1&resize=350%2C200 1x, https:\/\/i0.wp.com\/www.reclamador.es\/blog\/wp-content\/uploads\/2022\/11\/te-han-reubicado-en-otro-vuelo-1200x630-1.jpg?fit=1200%2C630&ssl=1&resize=525%2C300 1.5x, https:\/\/i0.wp.com\/www.reclamador.es\/blog\/wp-content\/uploads\/2022\/11\/te-han-reubicado-en-otro-vuelo-1200x630-1.jpg?fit=1200%2C630&ssl=1&resize=700%2C400 2x, https:\/\/i0.wp.com\/www.reclamador.es\/blog\/wp-content\/uploads\/2022\/11\/te-han-reubicado-en-otro-vuelo-1200x630-1.jpg?fit=1200%2C630&ssl=1&resize=1050%2C600 3x"},"classes":[]},{"id":34526,"url":"https:\/\/www.reclamador.es\/blog\/reclamar-indemnizacion-por-retraso-del-tren-pierdes-vuelo\/","url_meta":{"origin":33632,"position":3},"title":"\u00bfSe puede reclamar si por culpa de un problema con el tren pierdes un vuelo?","author":"Equipo reclamador","date":"24 junio, 2025","format":false,"excerpt":"A la aerol\u00ednea no, no podr\u00e1s reclamar una indemnizaci\u00f3n si pierdes el vuelo por culpa de un problema en el tren que te llevaba a la ciudad o localidad del aeropuerto.\u00a0 Lo sabemos, recientemente hemos visto numerosas noticias en medios de comunicaci\u00f3n de problemas en los trenes de alta velocidad\u2026","rel":"","context":"En \u00abConsejos legales\u00bb","block_context":{"text":"Consejos legales","link":"https:\/\/www.reclamador.es\/blog\/consejos\/"},"img":{"alt_text":"Perder un vuelo por culpa del retraso del tren en Espa\u00f1a","src":"https:\/\/i0.wp.com\/www.reclamador.es\/blog\/wp-content\/uploads\/2025\/06\/pierdes-un-vuelo-por-culpa-del-tren.jpg?fit=1200%2C630&ssl=1&resize=350%2C200","width":350,"height":200,"srcset":"https:\/\/i0.wp.com\/www.reclamador.es\/blog\/wp-content\/uploads\/2025\/06\/pierdes-un-vuelo-por-culpa-del-tren.jpg?fit=1200%2C630&ssl=1&resize=350%2C200 1x, https:\/\/i0.wp.com\/www.reclamador.es\/blog\/wp-content\/uploads\/2025\/06\/pierdes-un-vuelo-por-culpa-del-tren.jpg?fit=1200%2C630&ssl=1&resize=525%2C300 1.5x, https:\/\/i0.wp.com\/www.reclamador.es\/blog\/wp-content\/uploads\/2025\/06\/pierdes-un-vuelo-por-culpa-del-tren.jpg?fit=1200%2C630&ssl=1&resize=700%2C400 2x, https:\/\/i0.wp.com\/www.reclamador.es\/blog\/wp-content\/uploads\/2025\/06\/pierdes-un-vuelo-por-culpa-del-tren.jpg?fit=1200%2C630&ssl=1&resize=1050%2C600 3x"},"classes":[]},{"id":33711,"url":"https:\/\/www.reclamador.es\/blog\/que-significa-vuelo-operado-por\/","url_meta":{"origin":33632,"position":4},"title":"\u201cVuelo operado por\u201d, \u201cc\u00f3digo compartido\u201d\u2026 \u00bfQu\u00e9 significan estos t\u00e9rminos y qu\u00e9 supone para el viajero?","author":"Alicia Ria\u00f1o","date":"11 febrero, 2025","format":false,"excerpt":"\u00bfHas comprado un billete de avi\u00f3n, por ejemplo, con Iberia y luego has visto una frase como \u201cvuelo de Iberia operado por Vueling\u201d o \u201cvuelo de Iberia operado por American Airlines\u201d y no sabes qu\u00e9 significa? Se trata de vuelo con c\u00f3digo compartido, en el que ambas aerol\u00edneas estar\u00e1n vendiendo\u2026","rel":"","context":"En \u00abConsejos legales\u00bb","block_context":{"text":"Consejos legales","link":"https:\/\/www.reclamador.es\/blog\/consejos\/"},"img":{"alt_text":"vuelo compartido operado por otra aerol\u00ednea","src":"https:\/\/i0.wp.com\/www.reclamador.es\/blog\/wp-content\/uploads\/2025\/02\/que-hacer-si-tu-vuelo-es-operado-por-una-aerolinea-distinta-a-la-que-compraste-el-billete-1200x630-1.jpg?fit=1200%2C630&ssl=1&resize=350%2C200","width":350,"height":200,"srcset":"https:\/\/i0.wp.com\/www.reclamador.es\/blog\/wp-content\/uploads\/2025\/02\/que-hacer-si-tu-vuelo-es-operado-por-una-aerolinea-distinta-a-la-que-compraste-el-billete-1200x630-1.jpg?fit=1200%2C630&ssl=1&resize=350%2C200 1x, https:\/\/i0.wp.com\/www.reclamador.es\/blog\/wp-content\/uploads\/2025\/02\/que-hacer-si-tu-vuelo-es-operado-por-una-aerolinea-distinta-a-la-que-compraste-el-billete-1200x630-1.jpg?fit=1200%2C630&ssl=1&resize=525%2C300 1.5x, https:\/\/i0.wp.com\/www.reclamador.es\/blog\/wp-content\/uploads\/2025\/02\/que-hacer-si-tu-vuelo-es-operado-por-una-aerolinea-distinta-a-la-que-compraste-el-billete-1200x630-1.jpg?fit=1200%2C630&ssl=1&resize=700%2C400 2x, https:\/\/i0.wp.com\/www.reclamador.es\/blog\/wp-content\/uploads\/2025\/02\/que-hacer-si-tu-vuelo-es-operado-por-una-aerolinea-distinta-a-la-que-compraste-el-billete-1200x630-1.jpg?fit=1200%2C630&ssl=1&resize=1050%2C600 3x"},"classes":[]},{"id":29958,"url":"https:\/\/www.reclamador.es\/blog\/problemas-en-los-aeropuertos\/","url_meta":{"origin":33632,"position":5},"title":"Problemas en los aeropuertos por falta de personal y otras incidencias","author":"Alicia Ria\u00f1o","date":"16 junio, 2025","format":false,"excerpt":"Llevamos varios veranos\u00a0escuchando c\u00f3mo el caos se apodera de aeropuertos tan importantes como el de Heathrow, en Londres, o el Aeropuerto Schiphol de \u00c1msterdam, incluso problemas de enormes retrasos en los controles de pasaportes de numerosos aer\u00f3dromos espa\u00f1oles, destacando las eternas filas en el Aeropuerto Adolfo Su\u00e1rez Madrid-Barajas o el\u2026","rel":"","context":"En \u00abConsejos legales\u00bb","block_context":{"text":"Consejos legales","link":"https:\/\/www.reclamador.es\/blog\/consejos\/"},"img":{"alt_text":"verano - problemas en los aeropuertos","src":"https:\/\/i0.wp.com\/www.reclamador.es\/blog\/wp-content\/uploads\/2022\/07\/problemas-en-los-aeropuertos-reclamador.jpg?fit=1200%2C661&ssl=1&resize=350%2C200","width":350,"height":200,"srcset":"https:\/\/i0.wp.com\/www.reclamador.es\/blog\/wp-content\/uploads\/2022\/07\/problemas-en-los-aeropuertos-reclamador.jpg?fit=1200%2C661&ssl=1&resize=350%2C200 1x, https:\/\/i0.wp.com\/www.reclamador.es\/blog\/wp-content\/uploads\/2022\/07\/problemas-en-los-aeropuertos-reclamador.jpg?fit=1200%2C661&ssl=1&resize=525%2C300 1.5x, https:\/\/i0.wp.com\/www.reclamador.es\/blog\/wp-content\/uploads\/2022\/07\/problemas-en-los-aeropuertos-reclamador.jpg?fit=1200%2C661&ssl=1&resize=700%2C400 2x, https:\/\/i0.wp.com\/www.reclamador.es\/blog\/wp-content\/uploads\/2022\/07\/problemas-en-los-aeropuertos-reclamador.jpg?fit=1200%2C661&ssl=1&resize=1050%2C600 3x"},"classes":[]}],"jetpack_sharing_enabled":true,"_links":{"self":[{"href":"https:\/\/www.reclamador.es\/blog\/wp-json\/wp\/v2\/posts\/33632","targetHints":{"allow":["GET"]}}],"collection":[{"href":"https:\/\/www.reclamador.es\/blog\/wp-json\/wp\/v2\/posts"}],"about":[{"href":"https:\/\/www.reclamador.es\/blog\/wp-json\/wp\/v2\/types\/post"}],"author":[{"embeddable":true,"href":"https:\/\/www.reclamador.es\/blog\/wp-json\/wp\/v2\/users\/28"}],"replies":[{"embeddable":true,"href":"https:\/\/www.reclamador.es\/blog\/wp-json\/wp\/v2\/comments?post=33632"}],"version-history":[{"count":2,"href":"https:\/\/www.reclamador.es\/blog\/wp-json\/wp\/v2\/posts\/33632\/revisions"}],"predecessor-version":[{"id":34157,"href":"https:\/\/www.reclamador.es\/blog\/wp-json\/wp\/v2\/posts\/33632\/revisions\/34157"}],"wp:featuredmedia":[{"embeddable":true,"href":"https:\/\/www.reclamador.es\/blog\/wp-json\/wp\/v2\/media\/33633"}],"wp:attachment":[{"href":"https:\/\/www.reclamador.es\/blog\/wp-json\/wp\/v2\/media?parent=33632"}],"wp:term":[{"taxonomy":"category","embeddable":true,"href":"https:\/\/www.reclamador.es\/blog\/wp-json\/wp\/v2\/categories?post=33632"},{"taxonomy":"post_tag","embeddable":true,"href":"https:\/\/www.reclamador.es\/blog\/wp-json\/wp\/v2\/tags?post=33632"}],"curies":[{"name":"wp","href":"https:\/\/api.w.org\/{rel}","templated":true}]}}