{"id":33265,"date":"2024-11-14T10:41:02","date_gmt":"2024-11-14T09:41:02","guid":{"rendered":"https:\/\/www.reclamador.es\/blog\/?p=33265"},"modified":"2024-11-14T10:43:34","modified_gmt":"2024-11-14T09:43:34","slug":"colas-de-retrasos-aereos-por-congestion-aerea","status":"publish","type":"post","link":"https:\/\/www.reclamador.es\/blog\/colas-de-retrasos-aereos-por-congestion-aerea\/","title":{"rendered":"Colas de retrasos en los aeropuertos por congesti\u00f3n a\u00e9rea: \u00bfSe puede reclamar una indemnizaci\u00f3n?"},"content":{"rendered":"<div class=\"ttr_start\"><\/div>\n\n<div class=\"kk-star-ratings kksr-auto kksr-align-right kksr-valign-top\"\n    data-payload='{&quot;align&quot;:&quot;right&quot;,&quot;id&quot;:&quot;33265&quot;,&quot;slug&quot;:&quot;default&quot;,&quot;valign&quot;:&quot;top&quot;,&quot;ignore&quot;:&quot;&quot;,&quot;reference&quot;:&quot;auto&quot;,&quot;class&quot;:&quot;&quot;,&quot;count&quot;:&quot;1&quot;,&quot;legendonly&quot;:&quot;&quot;,&quot;readonly&quot;:&quot;&quot;,&quot;score&quot;:&quot;5&quot;,&quot;starsonly&quot;:&quot;&quot;,&quot;best&quot;:&quot;5&quot;,&quot;gap&quot;:&quot;3&quot;,&quot;greet&quot;:&quot;Valora este art\u00edculo&quot;,&quot;legend&quot;:&quot;5\\\/5 - (1 voto)&quot;,&quot;size&quot;:&quot;20&quot;,&quot;title&quot;:&quot;Colas de retrasos en los aeropuertos por congesti\u00f3n a\u00e9rea: \u00bfSe puede reclamar una indemnizaci\u00f3n?&quot;,&quot;width&quot;:&quot;113.5&quot;,&quot;_legend&quot;:&quot;{score}\\\/{best} - ({count} {votes})&quot;,&quot;font_factor&quot;:&quot;1.25&quot;}'>\n            \n<div class=\"kksr-stars\">\n    \n<div class=\"kksr-stars-inactive\">\n            <div class=\"kksr-star\" data-star=\"1\" style=\"padding-right: 3px\">\n            \n\n<div class=\"kksr-icon\" style=\"width: 20px; height: 20px;\"><\/div>\n        <\/div>\n            <div class=\"kksr-star\" data-star=\"2\" style=\"padding-right: 3px\">\n            \n\n<div class=\"kksr-icon\" style=\"width: 20px; height: 20px;\"><\/div>\n        <\/div>\n            <div class=\"kksr-star\" data-star=\"3\" style=\"padding-right: 3px\">\n            \n\n<div class=\"kksr-icon\" style=\"width: 20px; height: 20px;\"><\/div>\n        <\/div>\n            <div class=\"kksr-star\" data-star=\"4\" style=\"padding-right: 3px\">\n            \n\n<div class=\"kksr-icon\" style=\"width: 20px; height: 20px;\"><\/div>\n        <\/div>\n            <div class=\"kksr-star\" data-star=\"5\" style=\"padding-right: 3px\">\n            \n\n<div class=\"kksr-icon\" style=\"width: 20px; height: 20px;\"><\/div>\n        <\/div>\n    <\/div>\n    \n<div class=\"kksr-stars-active\" style=\"width: 113.5px;\">\n            <div class=\"kksr-star\" style=\"padding-right: 3px\">\n            \n\n<div class=\"kksr-icon\" style=\"width: 20px; height: 20px;\"><\/div>\n        <\/div>\n            <div class=\"kksr-star\" style=\"padding-right: 3px\">\n            \n\n<div class=\"kksr-icon\" style=\"width: 20px; height: 20px;\"><\/div>\n        <\/div>\n            <div class=\"kksr-star\" style=\"padding-right: 3px\">\n            \n\n<div class=\"kksr-icon\" style=\"width: 20px; height: 20px;\"><\/div>\n        <\/div>\n            <div class=\"kksr-star\" style=\"padding-right: 3px\">\n            \n\n<div class=\"kksr-icon\" style=\"width: 20px; height: 20px;\"><\/div>\n        <\/div>\n            <div class=\"kksr-star\" style=\"padding-right: 3px\">\n            \n\n<div class=\"kksr-icon\" style=\"width: 20px; height: 20px;\"><\/div>\n        <\/div>\n    <\/div>\n<\/div>\n                \n\n<div class=\"kksr-legend\" style=\"font-size: 16px;\">\n            5\/5 - (1 voto)    <\/div>\n    <\/div>\n\n<figure id=\"attachment_33268\" aria-describedby=\"caption-attachment-33268\" style=\"width: 1200px\" class=\"wp-caption aligncenter\"><img data-recalc-dims=\"1\" loading=\"lazy\" decoding=\"async\" class=\"size-full wp-image-33268\" src=\"https:\/\/i0.wp.com\/www.reclamador.es\/blog\/wp-content\/uploads\/2024\/11\/colas-de-retraso-en-los-aeropuertos-1200x630-1.jpg?resize=1200%2C630&#038;ssl=1\" alt=\"colas de retrasos congesti\u00f3n a\u00e9rea\" width=\"1200\" height=\"630\" srcset=\"https:\/\/i0.wp.com\/www.reclamador.es\/blog\/wp-content\/uploads\/2024\/11\/colas-de-retraso-en-los-aeropuertos-1200x630-1.jpg?w=1200&amp;ssl=1 1200w, https:\/\/i0.wp.com\/www.reclamador.es\/blog\/wp-content\/uploads\/2024\/11\/colas-de-retraso-en-los-aeropuertos-1200x630-1.jpg?resize=800%2C420&amp;ssl=1 800w, https:\/\/i0.wp.com\/www.reclamador.es\/blog\/wp-content\/uploads\/2024\/11\/colas-de-retraso-en-los-aeropuertos-1200x630-1.jpg?resize=150%2C79&amp;ssl=1 150w, https:\/\/i0.wp.com\/www.reclamador.es\/blog\/wp-content\/uploads\/2024\/11\/colas-de-retraso-en-los-aeropuertos-1200x630-1.jpg?resize=768%2C403&amp;ssl=1 768w\" sizes=\"auto, (max-width: 1000px) 100vw, 1000px\" \/><figcaption id=\"caption-attachment-33268\" class=\"wp-caption-text\"><em>Colas de retrasos a\u00e9reos<\/em><\/figcaption><\/figure>\n<p><span style=\"font-weight: 400;\">\u00bfCu\u00e1ntas veces no has le\u00eddo o escuchado en las noticias informaciones como \u201cr\u00e9cord de vuelos este a\u00f1o\u201d o \u201caumenta en un tanto por ciento el n\u00famero de operaciones en los aeropuertos espa\u00f1oles? Pues bien, estos buenos datos del transporte a\u00e9reo pueden tener alguna que otra consecuencia no tan positiva para los viajeros y viajeras. Hablamos de la congesti\u00f3n a\u00e9rea o colas de retrasos en los aeropuertos.\u00a0<\/span><\/p>\n<p><span style=\"font-weight: 400;\">En reclamador.es, son cada vez m\u00e1s habituales las consultas que nos llegan sobre retrasos producidos por esta congesti\u00f3n a\u00e9rea, pasajeros y pasajeras a\u00e9reas que sufren retrasos (ya sean de pocos minutos como de varias horas) en el despegue de su vuelo o bien que han aterrizado m\u00e1s tarde de lo esperado porque el avi\u00f3n ha tenido que dar vueltas sobre la ciudad a la espera que, desde la torre de control, le dieran permiso para tomar tierra. Pues bien, vamos a explicar m\u00e1s detalladamente qu\u00e9 se consideran colas de retrasos o congesti\u00f3n a\u00e9rea de los aeropuertos y qu\u00e9 no y si se podr\u00eda <\/span><strong><a href=\"https:\/\/www.reclamador.es\/aerolineas\/retraso-vuelo\/\">reclamar una indemnizaci\u00f3n por retraso de vuelo<\/a><\/strong><span style=\"font-weight: 400;\"> por dicho motivo.\u00a0<\/span><\/p>\n<h2><b>\u00bfQu\u00e9 es la congesti\u00f3n a\u00e9rea y por qu\u00e9 provoca retrasos?<\/b><\/h2>\n<p><span style=\"font-weight: 400;\">La congesti\u00f3n a\u00e9rea se produce cuando hay un exceso de vuelos en un determinado espacio a\u00e9reo o en un <a href=\"https:\/\/www.reclamador.es\/aerolineas\/aeropuertos\/\">aeropuerto<\/a>, lo que limita el flujo de aterrizajes y despegues. Esto puede deberse a varios factores, como:<\/span><\/p>\n<ul>\n<li style=\"font-weight: 400;\" aria-level=\"1\"><span style=\"font-weight: 400;\">Aumento de la demanda de vuelos en temporadas altas.<\/span><\/li>\n<li style=\"font-weight: 400;\" aria-level=\"1\"><span style=\"font-weight: 400;\">Limitaciones de infraestructura en los aeropuertos.<\/span><\/li>\n<li style=\"font-weight: 400;\" aria-level=\"1\"><span style=\"font-weight: 400;\">Restricciones temporales en el espacio a\u00e9reo debido a condiciones clim\u00e1ticas o control militar.<\/span><\/li>\n<\/ul>\n<h2><b>\u00bfEs posible reclamar una indemnizaci\u00f3n por colas de retrasos a\u00e9reos?<\/b><\/h2>\n<p><span style=\"font-weight: 400;\">Como norma general, los retrasos provocados por la congesti\u00f3n a\u00e9rea se consideran una <\/span><b>circunstancia extraordinaria<\/b><span style=\"font-weight: 400;\"> (fuera del control de la aerol\u00ednea). Esto significa que la aerol\u00ednea no estar\u00eda obligada a compensar econ\u00f3micamente por estas colas de retrasos. Pero, llegados a este punto y, dada nuestra experiencia en <a href=\"https:\/\/www.reclamador.es\/aerolineas\/\">reclamaciones a aerol\u00edneas<\/a>, queremos destacar que, en muchas ocasiones, las compa\u00f1\u00edas a\u00e9reas ponen como excusa este tr\u00e1fico en los aeropuertos para ocultar sus problemas de operativa interna y evadir el pago de indemnizaciones por retrasos de vuelos.\u00a0<\/span><\/p>\n<p><span style=\"font-weight: 400;\">Para que puedas diferenciar cu\u00e1ndo te encuentras, de verdad, ante retrasos por congesti\u00f3n a\u00e9rea y cu\u00e1ndo, en realidad, ese retraso de vuelo es por una causa propia de la aerol\u00ednea, te dejamos a continuaci\u00f3n varios tips.<\/span><\/p>\n<h3><b>Retrasos por congesti\u00f3n a\u00e9rea VS retrasos por culpa de la aerol\u00ednea<\/b><\/h3>\n<blockquote class=\"tiktok-embed\" style=\"max-width: 605px; min-width: 325px;\" cite=\"https:\/\/www.tiktok.com\/@reclamador.es\/video\/7429676768388205856\" data-video-id=\"7429676768388205856\">\n<section><a title=\"@reclamador.es\" href=\"https:\/\/www.tiktok.com\/@reclamador.es?refer=embed\" target=\"_blank\" rel=\"noopener\">@reclamador.es<\/a>\n<p>\u00a0<\/p>\n<a title=\"\u266c sonido original - reclamador.es\" href=\"https:\/\/www.tiktok.com\/music\/sonido-original-7429676860268645153?refer=embed\" target=\"_blank\" rel=\"noopener\">\u266c sonido original &#8211; reclamador.es<\/a><\/section>\n<\/blockquote>\n<ul>\n<li style=\"font-weight: 400;\" aria-checked=\"false\" aria-level=\"1\"><span style=\"font-weight: 400;\">Si llegas al aeropuerto y en los paneles informativos ves que gran parte de los vuelos con salida en las pr\u00f3ximas horas se marcan como \u201cretrasado\u201d, independientemente de la compa\u00f1\u00eda a\u00e9rea, seguramente esa <strong>demora sea causada por exceso de vuelos<\/strong> en el aeropuerto o espacio a\u00e9reo.<\/span><\/li>\n<li style=\"font-weight: 400;\" aria-checked=\"false\" aria-level=\"1\"><span style=\"font-weight: 400;\">En cambio, si cuando est\u00e1s en el aeropuerto ves que \u00fanicamente tu vuelo sufre un retraso o bien son varios vuelos pero todos de la aerol\u00ednea con la que t\u00fa viajas, seguramente esa <strong>demora sea causada por un problema de operativa de la aerol\u00ednea<\/strong> y, por tanto, si supera las 3 horas de retraso, podr\u00e1s reclamar una indemnizaci\u00f3n por retraso de vuelo.\u00a0<\/span><\/li>\n<\/ul>\n<p><span style=\"font-weight: 400;\">En cualquier caso, <strong>te aconsejamos que ante un retraso superior a 180 minutos en tu vuelo, nos consultes.<\/strong> Nosotros tenemos las herramientas para analizar tu vuelo y saber si nos encontramos o no ante colas de retrasos a\u00e9reos por congesti\u00f3n o no y, por tanto, te informaremos correctamente de tus derechos. Si consideramos que tu caso es reclamable, te podremos ayudar a conseguir la indemnizaci\u00f3n que la aerol\u00ednea te deniega, que puede ser de hasta 600 \u20ac m\u00e1s gastos extras acreditables.\u00a0<\/span><\/p>\n<p><script async=\"\" src=\"https:\/\/www.tiktok.com\/embed.js\"><\/script><\/p>\n<h2><b>\u00bfC\u00f3mo debes actuar si tu vuelo se retrasa?<\/b><\/h2>\n<p><span style=\"font-weight: 400;\">Si te has visto afectado por un retraso en tu vuelo, como te dec\u00edamos, lo mejor es que consultes con expertos para informarte si el incidente que has sufrido te da derecho o no a reclamar una indemnizaci\u00f3n. Por ello, ante cualquier gran retraso, lo que te recomendamos hacer es:<\/span><\/p>\n<ul>\n<li style=\"list-style-type: none;\">\n<ul>\n<li style=\"font-weight: 400;\" aria-level=\"1\"><b>Solicita informaci\u00f3n a la aerol\u00ednea:<\/b><span style=\"font-weight: 400;\"> Pregunta sobre la causa exacta del retraso. Es importante que la aerol\u00ednea te confirme si la congesti\u00f3n a\u00e9rea es la \u00fanica causa o si existen factores adicionales. Como sabemos que se puede excusar en este motivo, pide un justificante de retraso de vuelo.<\/span><\/li>\n<li style=\"font-weight: 400;\" aria-level=\"1\"><b>Guarda la documentaci\u00f3n del vuelo:<\/b><span style=\"font-weight: 400;\"> Conserva el billete, las tarjetas de embarque y cualquier otra informaci\u00f3n relevante.<\/span><\/li>\n<li style=\"font-weight: 400;\" aria-level=\"1\"><b>Documenta el retraso:<\/b><span style=\"font-weight: 400;\"> Toma nota de la hora de salida y de llegada, y mant\u00e9n cualquier comunicaci\u00f3n que hayas tenido con la aerol\u00ednea sobre el retraso.<\/span><\/li>\n<li style=\"font-weight: 400;\" aria-level=\"1\"><b>Completa nuestro formulario de retraso: <\/b><span style=\"font-weight: 400;\">En menos de 5 minutos podr\u00e1s descubrir si tienes derecho a indemnizaci\u00f3n por retraso de vuelo. Si tu reclamaci\u00f3n es viable, nosotros nos encargamos de todo, hasta que consigues tu dinero por el retraso superior a 3 horas de tu vuelo. Y, adem\u00e1s, sin adelantar nada para iniciar tu reclamaci\u00f3n, porque pagas al final.\u00a0<\/span><\/li>\n<\/ul>\n<\/li>\n<\/ul>\n<h2 style=\"text-align: center;\"><a class=\"button-lead\" href=\"https:\/\/www.reclamador.es\/form\/complaint\/delay\/\" rel=\"nofollow\"><strong>Consulta aqu\u00ed tu caso<\/strong><\/a><\/h2>\n<div class=\"ttr_end\"><\/div>","protected":false},"excerpt":{"rendered":"<p>\u00bfCu\u00e1ntas veces no has le\u00eddo o escuchado en las noticias informaciones como \u201cr\u00e9cord de vuelos este a\u00f1o\u201d o \u201caumenta en un tanto por ciento el n\u00famero de operaciones en los aeropuertos espa\u00f1oles? Pues bien, estos buenos datos del transporte a\u00e9reo pueden tener alguna que otra consecuencia no tan positiva para los viajeros y viajeras. Hablamos [&hellip;]<\/p>\n","protected":false},"author":1,"featured_media":33268,"comment_status":"open","ping_status":"open","sticky":false,"template":"","format":"standard","meta":{"_acf_changed":false,"_genesis_hide_title":false,"_genesis_hide_breadcrumbs":false,"_genesis_hide_singular_image":false,"_genesis_hide_footer_widgets":false,"_genesis_custom_body_class":"","_genesis_custom_post_class":"","_genesis_layout":"","_jetpack_newsletter_access":"","_jetpack_dont_email_post_to_subs":false,"_jetpack_newsletter_tier_id":0,"_jetpack_memberships_contains_paywalled_content":false,"_jetpack_memberships_contains_paid_content":false,"footnotes":""},"categories":[393],"tags":[380,663],"class_list":{"0":"post-33265","1":"post","2":"type-post","3":"status-publish","4":"format-standard","5":"has-post-thumbnail","7":"category-consejos","8":"tag-aerolineas","9":"tag-retraso","10":"entry"},"acf":[],"yoast_head":"<!-- This site is optimized with the Yoast SEO plugin v27.4 - https:\/\/yoast.com\/product\/yoast-seo-wordpress\/ -->\n<title>Colas de retrasos a\u00e9reos: congesti\u00f3n a\u00e9rea y exceso de vuelos<\/title>\n<meta name=\"description\" content=\"Descubre cu\u00e1ndo est\u00e1s ante colas de retrasos a\u00e9reos por congesti\u00f3n en el aeropuerto y cu\u00e1ndo ante un retraso por culpa de la propia aerol\u00ednea. Te explicamos en qu\u00e9 casos puedes reclamar una indemnizaci\u00f3n por retraso de tu vuelo.\" \/>\n<meta name=\"robots\" content=\"index, follow, max-snippet:-1, max-image-preview:large, max-video-preview:-1\" \/>\n<link rel=\"canonical\" href=\"https:\/\/www.reclamador.es\/blog\/colas-de-retrasos-aereos-por-congestion-aerea\/\" \/>\n<meta property=\"og:locale\" content=\"es_ES\" \/>\n<meta property=\"og:type\" content=\"article\" \/>\n<meta property=\"og:title\" content=\"Colas de retrasos a\u00e9reos: congesti\u00f3n a\u00e9rea y exceso de vuelos\" \/>\n<meta property=\"og:description\" content=\"Descubre cu\u00e1ndo est\u00e1s ante colas de retrasos a\u00e9reos por congesti\u00f3n en el aeropuerto y cu\u00e1ndo ante un retraso por culpa de la propia aerol\u00ednea. Te explicamos en qu\u00e9 casos puedes reclamar una indemnizaci\u00f3n por retraso de tu vuelo.\" \/>\n<meta property=\"og:url\" content=\"https:\/\/www.reclamador.es\/blog\/colas-de-retrasos-aereos-por-congestion-aerea\/\" \/>\n<meta property=\"og:site_name\" content=\"Rebeldes con causa, el blog de reclamador.es\" \/>\n<meta property=\"article:publisher\" content=\"https:\/\/www.facebook.com\/reclamador.es\" \/>\n<meta property=\"article:published_time\" content=\"2024-11-14T09:41:02+00:00\" \/>\n<meta property=\"article:modified_time\" content=\"2024-11-14T09:43:34+00:00\" \/>\n<meta property=\"og:image\" content=\"https:\/\/www.reclamador.es\/blog\/wp-content\/uploads\/2024\/11\/colas-de-retraso-en-los-aeropuertos-1200x630-1.jpg\" \/>\n\t<meta property=\"og:image:width\" content=\"1200\" \/>\n\t<meta property=\"og:image:height\" content=\"630\" \/>\n\t<meta property=\"og:image:type\" content=\"image\/jpeg\" \/>\n<meta name=\"author\" content=\"Equipo reclamador\" \/>\n<meta name=\"twitter:card\" content=\"summary_large_image\" \/>\n<meta name=\"twitter:creator\" content=\"@reclamador\" \/>\n<meta name=\"twitter:site\" content=\"@reclamador\" \/>\n<meta name=\"twitter:label1\" content=\"Escrito por\" \/>\n\t<meta name=\"twitter:data1\" content=\"Equipo reclamador\" \/>\n\t<meta name=\"twitter:label2\" content=\"Tiempo de lectura\" \/>\n\t<meta name=\"twitter:data2\" content=\"5 minutos\" \/>\n<script type=\"application\/ld+json\" class=\"yoast-schema-graph\">{\"@context\":\"https:\\\/\\\/schema.org\",\"@graph\":[{\"@type\":\"Article\",\"@id\":\"https:\\\/\\\/www.reclamador.es\\\/blog\\\/colas-de-retrasos-aereos-por-congestion-aerea\\\/#article\",\"isPartOf\":{\"@id\":\"https:\\\/\\\/www.reclamador.es\\\/blog\\\/colas-de-retrasos-aereos-por-congestion-aerea\\\/\"},\"author\":{\"name\":\"Equipo reclamador\",\"@id\":\"https:\\\/\\\/www.reclamador.es\\\/blog\\\/#\\\/schema\\\/person\\\/1ed83eef8b6566cb5e4c812d9bc5c4bf\"},\"headline\":\"Colas de retrasos en los aeropuertos por congesti\u00f3n a\u00e9rea: \u00bfSe puede reclamar una indemnizaci\u00f3n?\",\"datePublished\":\"2024-11-14T09:41:02+00:00\",\"dateModified\":\"2024-11-14T09:43:34+00:00\",\"mainEntityOfPage\":{\"@id\":\"https:\\\/\\\/www.reclamador.es\\\/blog\\\/colas-de-retrasos-aereos-por-congestion-aerea\\\/\"},\"wordCount\":906,\"commentCount\":0,\"publisher\":{\"@id\":\"https:\\\/\\\/www.reclamador.es\\\/blog\\\/#organization\"},\"image\":{\"@id\":\"https:\\\/\\\/www.reclamador.es\\\/blog\\\/colas-de-retrasos-aereos-por-congestion-aerea\\\/#primaryimage\"},\"thumbnailUrl\":\"https:\\\/\\\/i0.wp.com\\\/www.reclamador.es\\\/blog\\\/wp-content\\\/uploads\\\/2024\\\/11\\\/colas-de-retraso-en-los-aeropuertos-1200x630-1.jpg?fit=1200%2C630&ssl=1\",\"keywords\":[\"aerol\u00edneas\",\"retraso\"],\"articleSection\":[\"Consejos legales\"],\"inLanguage\":\"es\",\"potentialAction\":[{\"@type\":\"CommentAction\",\"name\":\"Comment\",\"target\":[\"https:\\\/\\\/www.reclamador.es\\\/blog\\\/colas-de-retrasos-aereos-por-congestion-aerea\\\/#respond\"]}]},{\"@type\":\"WebPage\",\"@id\":\"https:\\\/\\\/www.reclamador.es\\\/blog\\\/colas-de-retrasos-aereos-por-congestion-aerea\\\/\",\"url\":\"https:\\\/\\\/www.reclamador.es\\\/blog\\\/colas-de-retrasos-aereos-por-congestion-aerea\\\/\",\"name\":\"Colas de retrasos a\u00e9reos: congesti\u00f3n a\u00e9rea y exceso de vuelos\",\"isPartOf\":{\"@id\":\"https:\\\/\\\/www.reclamador.es\\\/blog\\\/#website\"},\"primaryImageOfPage\":{\"@id\":\"https:\\\/\\\/www.reclamador.es\\\/blog\\\/colas-de-retrasos-aereos-por-congestion-aerea\\\/#primaryimage\"},\"image\":{\"@id\":\"https:\\\/\\\/www.reclamador.es\\\/blog\\\/colas-de-retrasos-aereos-por-congestion-aerea\\\/#primaryimage\"},\"thumbnailUrl\":\"https:\\\/\\\/i0.wp.com\\\/www.reclamador.es\\\/blog\\\/wp-content\\\/uploads\\\/2024\\\/11\\\/colas-de-retraso-en-los-aeropuertos-1200x630-1.jpg?fit=1200%2C630&ssl=1\",\"datePublished\":\"2024-11-14T09:41:02+00:00\",\"dateModified\":\"2024-11-14T09:43:34+00:00\",\"description\":\"Descubre cu\u00e1ndo est\u00e1s ante colas de retrasos a\u00e9reos por congesti\u00f3n en el aeropuerto y cu\u00e1ndo ante un retraso por culpa de la propia aerol\u00ednea. Te explicamos en qu\u00e9 casos puedes reclamar una indemnizaci\u00f3n por retraso de tu vuelo.\",\"breadcrumb\":{\"@id\":\"https:\\\/\\\/www.reclamador.es\\\/blog\\\/colas-de-retrasos-aereos-por-congestion-aerea\\\/#breadcrumb\"},\"inLanguage\":\"es\",\"potentialAction\":[{\"@type\":\"ReadAction\",\"target\":[\"https:\\\/\\\/www.reclamador.es\\\/blog\\\/colas-de-retrasos-aereos-por-congestion-aerea\\\/\"]}]},{\"@type\":\"ImageObject\",\"inLanguage\":\"es\",\"@id\":\"https:\\\/\\\/www.reclamador.es\\\/blog\\\/colas-de-retrasos-aereos-por-congestion-aerea\\\/#primaryimage\",\"url\":\"https:\\\/\\\/i0.wp.com\\\/www.reclamador.es\\\/blog\\\/wp-content\\\/uploads\\\/2024\\\/11\\\/colas-de-retraso-en-los-aeropuertos-1200x630-1.jpg?fit=1200%2C630&ssl=1\",\"contentUrl\":\"https:\\\/\\\/i0.wp.com\\\/www.reclamador.es\\\/blog\\\/wp-content\\\/uploads\\\/2024\\\/11\\\/colas-de-retraso-en-los-aeropuertos-1200x630-1.jpg?fit=1200%2C630&ssl=1\",\"width\":1200,\"height\":630,\"caption\":\"Colas de retrasos a\u00e9reos\"},{\"@type\":\"BreadcrumbList\",\"@id\":\"https:\\\/\\\/www.reclamador.es\\\/blog\\\/colas-de-retrasos-aereos-por-congestion-aerea\\\/#breadcrumb\",\"itemListElement\":[{\"@type\":\"ListItem\",\"position\":1,\"name\":\"Portada\",\"item\":\"https:\\\/\\\/www.reclamador.es\\\/blog\\\/\"},{\"@type\":\"ListItem\",\"position\":2,\"name\":\"Colas de retrasos en los aeropuertos por congesti\u00f3n a\u00e9rea: \u00bfSe puede reclamar una indemnizaci\u00f3n?\"}]},{\"@type\":\"WebSite\",\"@id\":\"https:\\\/\\\/www.reclamador.es\\\/blog\\\/#website\",\"url\":\"https:\\\/\\\/www.reclamador.es\\\/blog\\\/\",\"name\":\"Rebeldes con causa, el blog de reclamador.es\",\"description\":\"Noticias, entrevistas y consejos sobre reclamaciones\",\"publisher\":{\"@id\":\"https:\\\/\\\/www.reclamador.es\\\/blog\\\/#organization\"},\"potentialAction\":[{\"@type\":\"SearchAction\",\"target\":{\"@type\":\"EntryPoint\",\"urlTemplate\":\"https:\\\/\\\/www.reclamador.es\\\/blog\\\/?s={search_term_string}\"},\"query-input\":{\"@type\":\"PropertyValueSpecification\",\"valueRequired\":true,\"valueName\":\"search_term_string\"}}],\"inLanguage\":\"es\"},{\"@type\":\"Organization\",\"@id\":\"https:\\\/\\\/www.reclamador.es\\\/blog\\\/#organization\",\"name\":\"reclamador.es\",\"url\":\"https:\\\/\\\/www.reclamador.es\\\/blog\\\/\",\"logo\":{\"@type\":\"ImageObject\",\"inLanguage\":\"es\",\"@id\":\"https:\\\/\\\/www.reclamador.es\\\/blog\\\/#\\\/schema\\\/logo\\\/image\\\/\",\"url\":\"https:\\\/\\\/i0.wp.com\\\/www.reclamador.es\\\/blog\\\/wp-content\\\/uploads\\\/2020\\\/01\\\/logo-reclamador.png?fit=1200%2C144&ssl=1\",\"contentUrl\":\"https:\\\/\\\/i0.wp.com\\\/www.reclamador.es\\\/blog\\\/wp-content\\\/uploads\\\/2020\\\/01\\\/logo-reclamador.png?fit=1200%2C144&ssl=1\",\"width\":1200,\"height\":144,\"caption\":\"reclamador.es\"},\"image\":{\"@id\":\"https:\\\/\\\/www.reclamador.es\\\/blog\\\/#\\\/schema\\\/logo\\\/image\\\/\"},\"sameAs\":[\"https:\\\/\\\/www.facebook.com\\\/reclamador.es\",\"https:\\\/\\\/x.com\\\/reclamador\",\"https:\\\/\\\/www.instagram.com\\\/reclamador.es\\\/\",\"https:\\\/\\\/www.linkedin.com\\\/company\\\/reclamador-es\",\"https:\\\/\\\/www.youtube.com\\\/user\\\/Reclamadores\"]},{\"@type\":\"Person\",\"@id\":\"https:\\\/\\\/www.reclamador.es\\\/blog\\\/#\\\/schema\\\/person\\\/1ed83eef8b6566cb5e4c812d9bc5c4bf\",\"name\":\"Equipo reclamador\",\"image\":{\"@type\":\"ImageObject\",\"inLanguage\":\"es\",\"@id\":\"https:\\\/\\\/secure.gravatar.com\\\/avatar\\\/6442ecdc2c4472c600c113f34d340feca47107d6aa4f42f1e3e75a2a8e28a760?s=96&d=mm&r=g\",\"url\":\"https:\\\/\\\/secure.gravatar.com\\\/avatar\\\/6442ecdc2c4472c600c113f34d340feca47107d6aa4f42f1e3e75a2a8e28a760?s=96&d=mm&r=g\",\"contentUrl\":\"https:\\\/\\\/secure.gravatar.com\\\/avatar\\\/6442ecdc2c4472c600c113f34d340feca47107d6aa4f42f1e3e75a2a8e28a760?s=96&d=mm&r=g\",\"caption\":\"Equipo reclamador\"},\"description\":\"Las personas que hacen posible reclamador.es\",\"url\":\"https:\\\/\\\/www.reclamador.es\\\/blog\\\/author\\\/administrador\\\/\"}]}<\/script>\n<!-- \/ Yoast SEO plugin. -->","yoast_head_json":{"title":"Colas de retrasos a\u00e9reos: congesti\u00f3n a\u00e9rea y exceso de vuelos","description":"Descubre cu\u00e1ndo est\u00e1s ante colas de retrasos a\u00e9reos por congesti\u00f3n en el aeropuerto y cu\u00e1ndo ante un retraso por culpa de la propia aerol\u00ednea. Te explicamos en qu\u00e9 casos puedes reclamar una indemnizaci\u00f3n por retraso de tu vuelo.","robots":{"index":"index","follow":"follow","max-snippet":"max-snippet:-1","max-image-preview":"max-image-preview:large","max-video-preview":"max-video-preview:-1"},"canonical":"https:\/\/www.reclamador.es\/blog\/colas-de-retrasos-aereos-por-congestion-aerea\/","og_locale":"es_ES","og_type":"article","og_title":"Colas de retrasos a\u00e9reos: congesti\u00f3n a\u00e9rea y exceso de vuelos","og_description":"Descubre cu\u00e1ndo est\u00e1s ante colas de retrasos a\u00e9reos por congesti\u00f3n en el aeropuerto y cu\u00e1ndo ante un retraso por culpa de la propia aerol\u00ednea. Te explicamos en qu\u00e9 casos puedes reclamar una indemnizaci\u00f3n por retraso de tu vuelo.","og_url":"https:\/\/www.reclamador.es\/blog\/colas-de-retrasos-aereos-por-congestion-aerea\/","og_site_name":"Rebeldes con causa, el blog de reclamador.es","article_publisher":"https:\/\/www.facebook.com\/reclamador.es","article_published_time":"2024-11-14T09:41:02+00:00","article_modified_time":"2024-11-14T09:43:34+00:00","og_image":[{"width":1200,"height":630,"url":"https:\/\/www.reclamador.es\/blog\/wp-content\/uploads\/2024\/11\/colas-de-retraso-en-los-aeropuertos-1200x630-1.jpg","type":"image\/jpeg"}],"author":"Equipo reclamador","twitter_card":"summary_large_image","twitter_creator":"@reclamador","twitter_site":"@reclamador","twitter_misc":{"Escrito por":"Equipo reclamador","Tiempo de lectura":"5 minutos"},"schema":{"@context":"https:\/\/schema.org","@graph":[{"@type":"Article","@id":"https:\/\/www.reclamador.es\/blog\/colas-de-retrasos-aereos-por-congestion-aerea\/#article","isPartOf":{"@id":"https:\/\/www.reclamador.es\/blog\/colas-de-retrasos-aereos-por-congestion-aerea\/"},"author":{"name":"Equipo reclamador","@id":"https:\/\/www.reclamador.es\/blog\/#\/schema\/person\/1ed83eef8b6566cb5e4c812d9bc5c4bf"},"headline":"Colas de retrasos en los aeropuertos por congesti\u00f3n a\u00e9rea: \u00bfSe puede reclamar una indemnizaci\u00f3n?","datePublished":"2024-11-14T09:41:02+00:00","dateModified":"2024-11-14T09:43:34+00:00","mainEntityOfPage":{"@id":"https:\/\/www.reclamador.es\/blog\/colas-de-retrasos-aereos-por-congestion-aerea\/"},"wordCount":906,"commentCount":0,"publisher":{"@id":"https:\/\/www.reclamador.es\/blog\/#organization"},"image":{"@id":"https:\/\/www.reclamador.es\/blog\/colas-de-retrasos-aereos-por-congestion-aerea\/#primaryimage"},"thumbnailUrl":"https:\/\/i0.wp.com\/www.reclamador.es\/blog\/wp-content\/uploads\/2024\/11\/colas-de-retraso-en-los-aeropuertos-1200x630-1.jpg?fit=1200%2C630&ssl=1","keywords":["aerol\u00edneas","retraso"],"articleSection":["Consejos legales"],"inLanguage":"es","potentialAction":[{"@type":"CommentAction","name":"Comment","target":["https:\/\/www.reclamador.es\/blog\/colas-de-retrasos-aereos-por-congestion-aerea\/#respond"]}]},{"@type":"WebPage","@id":"https:\/\/www.reclamador.es\/blog\/colas-de-retrasos-aereos-por-congestion-aerea\/","url":"https:\/\/www.reclamador.es\/blog\/colas-de-retrasos-aereos-por-congestion-aerea\/","name":"Colas de retrasos a\u00e9reos: congesti\u00f3n a\u00e9rea y exceso de vuelos","isPartOf":{"@id":"https:\/\/www.reclamador.es\/blog\/#website"},"primaryImageOfPage":{"@id":"https:\/\/www.reclamador.es\/blog\/colas-de-retrasos-aereos-por-congestion-aerea\/#primaryimage"},"image":{"@id":"https:\/\/www.reclamador.es\/blog\/colas-de-retrasos-aereos-por-congestion-aerea\/#primaryimage"},"thumbnailUrl":"https:\/\/i0.wp.com\/www.reclamador.es\/blog\/wp-content\/uploads\/2024\/11\/colas-de-retraso-en-los-aeropuertos-1200x630-1.jpg?fit=1200%2C630&ssl=1","datePublished":"2024-11-14T09:41:02+00:00","dateModified":"2024-11-14T09:43:34+00:00","description":"Descubre cu\u00e1ndo est\u00e1s ante colas de retrasos a\u00e9reos por congesti\u00f3n en el aeropuerto y cu\u00e1ndo ante un retraso por culpa de la propia aerol\u00ednea. Te explicamos en qu\u00e9 casos puedes reclamar una indemnizaci\u00f3n por retraso de tu vuelo.","breadcrumb":{"@id":"https:\/\/www.reclamador.es\/blog\/colas-de-retrasos-aereos-por-congestion-aerea\/#breadcrumb"},"inLanguage":"es","potentialAction":[{"@type":"ReadAction","target":["https:\/\/www.reclamador.es\/blog\/colas-de-retrasos-aereos-por-congestion-aerea\/"]}]},{"@type":"ImageObject","inLanguage":"es","@id":"https:\/\/www.reclamador.es\/blog\/colas-de-retrasos-aereos-por-congestion-aerea\/#primaryimage","url":"https:\/\/i0.wp.com\/www.reclamador.es\/blog\/wp-content\/uploads\/2024\/11\/colas-de-retraso-en-los-aeropuertos-1200x630-1.jpg?fit=1200%2C630&ssl=1","contentUrl":"https:\/\/i0.wp.com\/www.reclamador.es\/blog\/wp-content\/uploads\/2024\/11\/colas-de-retraso-en-los-aeropuertos-1200x630-1.jpg?fit=1200%2C630&ssl=1","width":1200,"height":630,"caption":"Colas de retrasos a\u00e9reos"},{"@type":"BreadcrumbList","@id":"https:\/\/www.reclamador.es\/blog\/colas-de-retrasos-aereos-por-congestion-aerea\/#breadcrumb","itemListElement":[{"@type":"ListItem","position":1,"name":"Portada","item":"https:\/\/www.reclamador.es\/blog\/"},{"@type":"ListItem","position":2,"name":"Colas de retrasos en los aeropuertos por congesti\u00f3n a\u00e9rea: \u00bfSe puede reclamar una indemnizaci\u00f3n?"}]},{"@type":"WebSite","@id":"https:\/\/www.reclamador.es\/blog\/#website","url":"https:\/\/www.reclamador.es\/blog\/","name":"Rebeldes con causa, el blog de reclamador.es","description":"Noticias, entrevistas y consejos sobre reclamaciones","publisher":{"@id":"https:\/\/www.reclamador.es\/blog\/#organization"},"potentialAction":[{"@type":"SearchAction","target":{"@type":"EntryPoint","urlTemplate":"https:\/\/www.reclamador.es\/blog\/?s={search_term_string}"},"query-input":{"@type":"PropertyValueSpecification","valueRequired":true,"valueName":"search_term_string"}}],"inLanguage":"es"},{"@type":"Organization","@id":"https:\/\/www.reclamador.es\/blog\/#organization","name":"reclamador.es","url":"https:\/\/www.reclamador.es\/blog\/","logo":{"@type":"ImageObject","inLanguage":"es","@id":"https:\/\/www.reclamador.es\/blog\/#\/schema\/logo\/image\/","url":"https:\/\/i0.wp.com\/www.reclamador.es\/blog\/wp-content\/uploads\/2020\/01\/logo-reclamador.png?fit=1200%2C144&ssl=1","contentUrl":"https:\/\/i0.wp.com\/www.reclamador.es\/blog\/wp-content\/uploads\/2020\/01\/logo-reclamador.png?fit=1200%2C144&ssl=1","width":1200,"height":144,"caption":"reclamador.es"},"image":{"@id":"https:\/\/www.reclamador.es\/blog\/#\/schema\/logo\/image\/"},"sameAs":["https:\/\/www.facebook.com\/reclamador.es","https:\/\/x.com\/reclamador","https:\/\/www.instagram.com\/reclamador.es\/","https:\/\/www.linkedin.com\/company\/reclamador-es","https:\/\/www.youtube.com\/user\/Reclamadores"]},{"@type":"Person","@id":"https:\/\/www.reclamador.es\/blog\/#\/schema\/person\/1ed83eef8b6566cb5e4c812d9bc5c4bf","name":"Equipo reclamador","image":{"@type":"ImageObject","inLanguage":"es","@id":"https:\/\/secure.gravatar.com\/avatar\/6442ecdc2c4472c600c113f34d340feca47107d6aa4f42f1e3e75a2a8e28a760?s=96&d=mm&r=g","url":"https:\/\/secure.gravatar.com\/avatar\/6442ecdc2c4472c600c113f34d340feca47107d6aa4f42f1e3e75a2a8e28a760?s=96&d=mm&r=g","contentUrl":"https:\/\/secure.gravatar.com\/avatar\/6442ecdc2c4472c600c113f34d340feca47107d6aa4f42f1e3e75a2a8e28a760?s=96&d=mm&r=g","caption":"Equipo reclamador"},"description":"Las personas que hacen posible reclamador.es","url":"https:\/\/www.reclamador.es\/blog\/author\/administrador\/"}]}},"jetpack_featured_media_url":"https:\/\/i0.wp.com\/www.reclamador.es\/blog\/wp-content\/uploads\/2024\/11\/colas-de-retraso-en-los-aeropuertos-1200x630-1.jpg?fit=1200%2C630&ssl=1","jetpack-related-posts":[{"id":2990,"url":"https:\/\/www.reclamador.es\/blog\/que-se-considera-fuerza-mayor-y-que-no\/","url_meta":{"origin":33265,"position":0},"title":"\u00bfQu\u00e9 se considera fuerza mayor y qu\u00e9 no en la cancelaci\u00f3n de un vuelo?","author":"Equipo reclamador","date":"11 mayo, 2016","format":false,"excerpt":"*Contenido revisado septiembre 2025 Hay situaciones que pueden parecer ins\u00f3litas, incre\u00edbles, pero que de verdad pasan. Por ejemplo, en un avi\u00f3n ya embarcado y que va a comenzar con las maniobras de despegue, tiene que ser evacuado porque un tel\u00e9fono m\u00f3vil comienza a arder y el vuelo sufre un gran\u2026","rel":"","context":"En \u00abConsejos legales\u00bb","block_context":{"text":"Consejos legales","link":"https:\/\/www.reclamador.es\/blog\/consejos\/"},"img":{"alt_text":"","src":"https:\/\/i0.wp.com\/www.reclamador.es\/blog\/wp-content\/uploads\/2015\/05\/IMG_5241.jpg?fit=1200%2C800&ssl=1&resize=350%2C200","width":350,"height":200,"srcset":"https:\/\/i0.wp.com\/www.reclamador.es\/blog\/wp-content\/uploads\/2015\/05\/IMG_5241.jpg?fit=1200%2C800&ssl=1&resize=350%2C200 1x, https:\/\/i0.wp.com\/www.reclamador.es\/blog\/wp-content\/uploads\/2015\/05\/IMG_5241.jpg?fit=1200%2C800&ssl=1&resize=525%2C300 1.5x, https:\/\/i0.wp.com\/www.reclamador.es\/blog\/wp-content\/uploads\/2015\/05\/IMG_5241.jpg?fit=1200%2C800&ssl=1&resize=700%2C400 2x, https:\/\/i0.wp.com\/www.reclamador.es\/blog\/wp-content\/uploads\/2015\/05\/IMG_5241.jpg?fit=1200%2C800&ssl=1&resize=1050%2C600 3x"},"classes":[]},{"id":34426,"url":"https:\/\/www.reclamador.es\/blog\/causas-mas-sorprendentes-retrasos-de-vuelos\/","url_meta":{"origin":33265,"position":1},"title":"Las causas m\u00e1s sorprendentes por las que se retrasa un vuelo","author":"Itziar Sanchez","date":"11 junio, 2025","format":false,"excerpt":"Al pensar en retrasos de vuelos, seguro que entre los motivos que se te vienen a la mente est\u00e1n las causas meteorol\u00f3gicas o alg\u00fan fallo t\u00e9cnico en el avi\u00f3n. Y s\u00ed, estos suelen ser dos de los motivos por los que se retrasan los vuelos, pero hay muchos m\u00e1s. A\u2026","rel":"","context":"En \u00abConsejos legales\u00bb","block_context":{"text":"Consejos legales","link":"https:\/\/www.reclamador.es\/blog\/consejos\/"},"img":{"alt_text":"causas frecuentes o sorprendentes de retrasos de vuelos","src":"https:\/\/i0.wp.com\/www.reclamador.es\/blog\/wp-content\/uploads\/2025\/06\/causas-sorprendentes-retrasos-de-vuelos.jpg?fit=1200%2C630&ssl=1&resize=350%2C200","width":350,"height":200,"srcset":"https:\/\/i0.wp.com\/www.reclamador.es\/blog\/wp-content\/uploads\/2025\/06\/causas-sorprendentes-retrasos-de-vuelos.jpg?fit=1200%2C630&ssl=1&resize=350%2C200 1x, https:\/\/i0.wp.com\/www.reclamador.es\/blog\/wp-content\/uploads\/2025\/06\/causas-sorprendentes-retrasos-de-vuelos.jpg?fit=1200%2C630&ssl=1&resize=525%2C300 1.5x, https:\/\/i0.wp.com\/www.reclamador.es\/blog\/wp-content\/uploads\/2025\/06\/causas-sorprendentes-retrasos-de-vuelos.jpg?fit=1200%2C630&ssl=1&resize=700%2C400 2x, https:\/\/i0.wp.com\/www.reclamador.es\/blog\/wp-content\/uploads\/2025\/06\/causas-sorprendentes-retrasos-de-vuelos.jpg?fit=1200%2C630&ssl=1&resize=1050%2C600 3x"},"classes":[]},{"id":35044,"url":"https:\/\/www.reclamador.es\/blog\/cierre-del-espacio-aereo-dinamarca-derechos-por-retrasos-y-cancelaciones-vuelos\/","url_meta":{"origin":33265,"position":2},"title":"Cierre del espacio a\u00e9reo en Dinamarca: tus derechos por retrasos y cancelaciones de vuelos","author":"Equipo reclamador","date":"25 septiembre, 2025","format":false,"excerpt":"Estos \u00faltimos d\u00edas hemos conocido que el Aeropuerto de Copenhague tuvo que detener su actividad por la presencia de drones no identificados en su espacio a\u00e9reo. Esta madrugada, un hecho similar, ha obligado a cerrar el Aeropuerto de Aalborg, en el norte del pa\u00eds y, adem\u00e1s, hemos conocido que se\u2026","rel":"","context":"En \u00abNoticias y actualidad\u00bb","block_context":{"text":"Noticias y actualidad","link":"https:\/\/www.reclamador.es\/blog\/noticias\/"},"img":{"alt_text":"cierre del espacio aereo derechos de los viajeros","src":"https:\/\/i0.wp.com\/www.reclamador.es\/blog\/wp-content\/uploads\/2025\/09\/espacio-aereo-dinamarca-cierre-aeropuertos.jpg?fit=1200%2C630&ssl=1&resize=350%2C200","width":350,"height":200,"srcset":"https:\/\/i0.wp.com\/www.reclamador.es\/blog\/wp-content\/uploads\/2025\/09\/espacio-aereo-dinamarca-cierre-aeropuertos.jpg?fit=1200%2C630&ssl=1&resize=350%2C200 1x, https:\/\/i0.wp.com\/www.reclamador.es\/blog\/wp-content\/uploads\/2025\/09\/espacio-aereo-dinamarca-cierre-aeropuertos.jpg?fit=1200%2C630&ssl=1&resize=525%2C300 1.5x, https:\/\/i0.wp.com\/www.reclamador.es\/blog\/wp-content\/uploads\/2025\/09\/espacio-aereo-dinamarca-cierre-aeropuertos.jpg?fit=1200%2C630&ssl=1&resize=700%2C400 2x, https:\/\/i0.wp.com\/www.reclamador.es\/blog\/wp-content\/uploads\/2025\/09\/espacio-aereo-dinamarca-cierre-aeropuertos.jpg?fit=1200%2C630&ssl=1&resize=1050%2C600 3x"},"classes":[]},{"id":7560,"url":"https:\/\/www.reclamador.es\/blog\/no-sabia-tenia-derecho-compensacion-retraso-vuelo\/","url_meta":{"origin":33265,"position":3},"title":"\"No sab\u00eda que ten\u00eda derecho a compensaci\u00f3n por el retraso del vuelo\"","author":"Equipo reclamador","date":"7 abril, 2017","format":false,"excerpt":"Ten\u00edamos curiosidad acerca de lo que pensaban y sab\u00edan los pasajeros sobre\u00a0sus derechos. Por eso, nos hemos desplazado hasta el Aeropuerto Adolfo Su\u00e1rez Madrid-Barajas. All\u00ed, hemos preguntado a diferentes viajeros estas cuestiones. Hemos hecho 5 preguntas y esto es lo que nos han respondido: \u00bfQu\u00e9 har\u00edas si la aerol\u00ednea cancela\u2026","rel":"","context":"En \u00abConoce todo lo que sucede en reclamador.es\u00bb","block_context":{"text":"Conoce todo lo que sucede en reclamador.es","link":"https:\/\/www.reclamador.es\/blog\/reclamadores\/"},"img":{"alt_text":"","src":"https:\/\/i0.wp.com\/www.reclamador.es\/blog\/wp-content\/uploads\/2017\/04\/TESTIMONIO-4.jpg?fit=1200%2C675&ssl=1&resize=350%2C200","width":350,"height":200,"srcset":"https:\/\/i0.wp.com\/www.reclamador.es\/blog\/wp-content\/uploads\/2017\/04\/TESTIMONIO-4.jpg?fit=1200%2C675&ssl=1&resize=350%2C200 1x, https:\/\/i0.wp.com\/www.reclamador.es\/blog\/wp-content\/uploads\/2017\/04\/TESTIMONIO-4.jpg?fit=1200%2C675&ssl=1&resize=525%2C300 1.5x, https:\/\/i0.wp.com\/www.reclamador.es\/blog\/wp-content\/uploads\/2017\/04\/TESTIMONIO-4.jpg?fit=1200%2C675&ssl=1&resize=700%2C400 2x, https:\/\/i0.wp.com\/www.reclamador.es\/blog\/wp-content\/uploads\/2017\/04\/TESTIMONIO-4.jpg?fit=1200%2C675&ssl=1&resize=1050%2C600 3x"},"classes":[]},{"id":33750,"url":"https:\/\/www.reclamador.es\/blog\/cuantas-horas-para-recibir-indemnizacion-retraso-de-vuelo\/","url_meta":{"origin":33265,"position":4},"title":"\u00bfCu\u00e1nto tiempo tiene que retrasarse un vuelo para poder pedir indemnizaci\u00f3n?","author":"Alicia Ria\u00f1o","date":"3 marzo, 2025","format":false,"excerpt":"Una situaci\u00f3n muy habitual: est\u00e1s en el aeropuerto y ves en las pantallas de la terminal el mensaje \u201cDelayed\u201d, \u201cRetrasado\u201d. Y, como es l\u00f3gico, te preocupes y te cabreas. Si el retraso es de unos minutos, bueno\u2026 pero cuando ves en las pantallas que la nueva hora de salida de\u2026","rel":"","context":"En \u00abConsejos legales\u00bb","block_context":{"text":"Consejos legales","link":"https:\/\/www.reclamador.es\/blog\/consejos\/"},"img":{"alt_text":"cu\u00e1ntas horas tiene que retrasarse un vuelo para recibir indemnizacion","src":"https:\/\/i0.wp.com\/www.reclamador.es\/blog\/wp-content\/uploads\/2025\/03\/cuantas-horas-tiene-retraso-avion-para-recibir-indemnizacion.jpg?fit=1200%2C630&ssl=1&resize=350%2C200","width":350,"height":200,"srcset":"https:\/\/i0.wp.com\/www.reclamador.es\/blog\/wp-content\/uploads\/2025\/03\/cuantas-horas-tiene-retraso-avion-para-recibir-indemnizacion.jpg?fit=1200%2C630&ssl=1&resize=350%2C200 1x, https:\/\/i0.wp.com\/www.reclamador.es\/blog\/wp-content\/uploads\/2025\/03\/cuantas-horas-tiene-retraso-avion-para-recibir-indemnizacion.jpg?fit=1200%2C630&ssl=1&resize=525%2C300 1.5x, https:\/\/i0.wp.com\/www.reclamador.es\/blog\/wp-content\/uploads\/2025\/03\/cuantas-horas-tiene-retraso-avion-para-recibir-indemnizacion.jpg?fit=1200%2C630&ssl=1&resize=700%2C400 2x, https:\/\/i0.wp.com\/www.reclamador.es\/blog\/wp-content\/uploads\/2025\/03\/cuantas-horas-tiene-retraso-avion-para-recibir-indemnizacion.jpg?fit=1200%2C630&ssl=1&resize=1050%2C600 3x"},"classes":[]},{"id":34958,"url":"https:\/\/www.reclamador.es\/blog\/que-pasa-si-vuelo-aterriza-en-otro-aeropuerto-por-mal-tiempo\/","url_meta":{"origin":33265,"position":5},"title":"\u00bfQu\u00e9 pasa si un avi\u00f3n aterriza en otro aeropuerto por mal tiempo?","author":"Itziar Sanchez","date":"11 septiembre, 2025","format":false,"excerpt":"Si desv\u00edan un vuelo por mal tiempo a otro aeropuerto, t\u00fa como viajero o viajera tienes unos derechos que deben ser respetados. S\u00ed, especialmente durante los meses de oto\u00f1o e invierno, donde se producen fen\u00f3menos meteorol\u00f3gicos adversos, muchos vuelos son desviados a otros aeropuertos donde las condiciones meteorol\u00f3gicas son m\u00e1s\u2026","rel":"","context":"En \u00abConsejos legales\u00bb","block_context":{"text":"Consejos legales","link":"https:\/\/www.reclamador.es\/blog\/consejos\/"},"img":{"alt_text":"que pasa si mi vuelo aterriza en otro aeropuerto por mal tiempo","src":"https:\/\/i0.wp.com\/www.reclamador.es\/blog\/wp-content\/uploads\/2025\/09\/que-pasa-si-el-avion-aterriza-en-otro-aeropuerto-por-mal-tiempo.jpg?fit=1200%2C630&ssl=1&resize=350%2C200","width":350,"height":200,"srcset":"https:\/\/i0.wp.com\/www.reclamador.es\/blog\/wp-content\/uploads\/2025\/09\/que-pasa-si-el-avion-aterriza-en-otro-aeropuerto-por-mal-tiempo.jpg?fit=1200%2C630&ssl=1&resize=350%2C200 1x, https:\/\/i0.wp.com\/www.reclamador.es\/blog\/wp-content\/uploads\/2025\/09\/que-pasa-si-el-avion-aterriza-en-otro-aeropuerto-por-mal-tiempo.jpg?fit=1200%2C630&ssl=1&resize=525%2C300 1.5x, https:\/\/i0.wp.com\/www.reclamador.es\/blog\/wp-content\/uploads\/2025\/09\/que-pasa-si-el-avion-aterriza-en-otro-aeropuerto-por-mal-tiempo.jpg?fit=1200%2C630&ssl=1&resize=700%2C400 2x, https:\/\/i0.wp.com\/www.reclamador.es\/blog\/wp-content\/uploads\/2025\/09\/que-pasa-si-el-avion-aterriza-en-otro-aeropuerto-por-mal-tiempo.jpg?fit=1200%2C630&ssl=1&resize=1050%2C600 3x"},"classes":[]}],"jetpack_sharing_enabled":true,"_links":{"self":[{"href":"https:\/\/www.reclamador.es\/blog\/wp-json\/wp\/v2\/posts\/33265","targetHints":{"allow":["GET"]}}],"collection":[{"href":"https:\/\/www.reclamador.es\/blog\/wp-json\/wp\/v2\/posts"}],"about":[{"href":"https:\/\/www.reclamador.es\/blog\/wp-json\/wp\/v2\/types\/post"}],"author":[{"embeddable":true,"href":"https:\/\/www.reclamador.es\/blog\/wp-json\/wp\/v2\/users\/1"}],"replies":[{"embeddable":true,"href":"https:\/\/www.reclamador.es\/blog\/wp-json\/wp\/v2\/comments?post=33265"}],"version-history":[{"count":8,"href":"https:\/\/www.reclamador.es\/blog\/wp-json\/wp\/v2\/posts\/33265\/revisions"}],"predecessor-version":[{"id":34439,"href":"https:\/\/www.reclamador.es\/blog\/wp-json\/wp\/v2\/posts\/33265\/revisions\/34439"}],"wp:featuredmedia":[{"embeddable":true,"href":"https:\/\/www.reclamador.es\/blog\/wp-json\/wp\/v2\/media\/33268"}],"wp:attachment":[{"href":"https:\/\/www.reclamador.es\/blog\/wp-json\/wp\/v2\/media?parent=33265"}],"wp:term":[{"taxonomy":"category","embeddable":true,"href":"https:\/\/www.reclamador.es\/blog\/wp-json\/wp\/v2\/categories?post=33265"},{"taxonomy":"post_tag","embeddable":true,"href":"https:\/\/www.reclamador.es\/blog\/wp-json\/wp\/v2\/tags?post=33265"}],"curies":[{"name":"wp","href":"https:\/\/api.w.org\/{rel}","templated":true}]}}