{"id":3319,"date":"2020-02-21T10:07:37","date_gmt":"2020-02-21T09:07:37","guid":{"rendered":"https:\/\/www.reclamador.es\/blog\/?p=3319"},"modified":"2024-09-18T10:34:39","modified_gmt":"2024-09-18T08:34:39","slug":"quieres-quejarte-te-dejamos-los-tuits-mas-originales-sobre-reclamaciones","status":"publish","type":"post","link":"https:\/\/www.reclamador.es\/blog\/quieres-quejarte-te-dejamos-los-tuits-mas-originales-sobre-reclamaciones\/","title":{"rendered":"Recopilatorio de tuits originales con quejas y reclamaciones frente a bancos y aerol\u00edneas"},"content":{"rendered":"<div class=\"ttr_start\"><\/div>\n\n<div class=\"kk-star-ratings kksr-auto kksr-align-right kksr-valign-top\"\n    data-payload='{&quot;align&quot;:&quot;right&quot;,&quot;id&quot;:&quot;3319&quot;,&quot;slug&quot;:&quot;default&quot;,&quot;valign&quot;:&quot;top&quot;,&quot;ignore&quot;:&quot;&quot;,&quot;reference&quot;:&quot;auto&quot;,&quot;class&quot;:&quot;&quot;,&quot;count&quot;:&quot;2&quot;,&quot;legendonly&quot;:&quot;&quot;,&quot;readonly&quot;:&quot;&quot;,&quot;score&quot;:&quot;5&quot;,&quot;starsonly&quot;:&quot;&quot;,&quot;best&quot;:&quot;5&quot;,&quot;gap&quot;:&quot;3&quot;,&quot;greet&quot;:&quot;Valora este art\u00edculo&quot;,&quot;legend&quot;:&quot;5\\\/5 - (2 votos)&quot;,&quot;size&quot;:&quot;20&quot;,&quot;title&quot;:&quot;Recopilatorio de tuits originales con quejas y reclamaciones frente a bancos y aerol\u00edneas&quot;,&quot;width&quot;:&quot;113.5&quot;,&quot;_legend&quot;:&quot;{score}\\\/{best} - ({count} {votes})&quot;,&quot;font_factor&quot;:&quot;1.25&quot;}'>\n            \n<div class=\"kksr-stars\">\n    \n<div class=\"kksr-stars-inactive\">\n            <div class=\"kksr-star\" data-star=\"1\" style=\"padding-right: 3px\">\n            \n\n<div class=\"kksr-icon\" style=\"width: 20px; height: 20px;\"><\/div>\n        <\/div>\n            <div class=\"kksr-star\" data-star=\"2\" style=\"padding-right: 3px\">\n            \n\n<div class=\"kksr-icon\" style=\"width: 20px; height: 20px;\"><\/div>\n        <\/div>\n            <div class=\"kksr-star\" data-star=\"3\" style=\"padding-right: 3px\">\n            \n\n<div class=\"kksr-icon\" style=\"width: 20px; height: 20px;\"><\/div>\n        <\/div>\n            <div class=\"kksr-star\" data-star=\"4\" style=\"padding-right: 3px\">\n            \n\n<div class=\"kksr-icon\" style=\"width: 20px; height: 20px;\"><\/div>\n        <\/div>\n            <div class=\"kksr-star\" data-star=\"5\" style=\"padding-right: 3px\">\n            \n\n<div class=\"kksr-icon\" style=\"width: 20px; height: 20px;\"><\/div>\n        <\/div>\n    <\/div>\n    \n<div class=\"kksr-stars-active\" style=\"width: 113.5px;\">\n            <div class=\"kksr-star\" style=\"padding-right: 3px\">\n            \n\n<div class=\"kksr-icon\" style=\"width: 20px; height: 20px;\"><\/div>\n        <\/div>\n            <div class=\"kksr-star\" style=\"padding-right: 3px\">\n            \n\n<div class=\"kksr-icon\" style=\"width: 20px; height: 20px;\"><\/div>\n        <\/div>\n            <div class=\"kksr-star\" style=\"padding-right: 3px\">\n            \n\n<div class=\"kksr-icon\" style=\"width: 20px; height: 20px;\"><\/div>\n        <\/div>\n            <div class=\"kksr-star\" style=\"padding-right: 3px\">\n            \n\n<div class=\"kksr-icon\" style=\"width: 20px; height: 20px;\"><\/div>\n        <\/div>\n            <div class=\"kksr-star\" style=\"padding-right: 3px\">\n            \n\n<div class=\"kksr-icon\" style=\"width: 20px; height: 20px;\"><\/div>\n        <\/div>\n    <\/div>\n<\/div>\n                \n\n<div class=\"kksr-legend\" style=\"font-size: 16px;\">\n            5\/5 - (2 votos)    <\/div>\n    <\/div>\n<figure id=\"attachment_32863\" aria-describedby=\"caption-attachment-32863\" style=\"width: 1195px\" class=\"wp-caption aligncenter\"><img data-recalc-dims=\"1\" loading=\"lazy\" decoding=\"async\" class=\"size-full wp-image-32863\" src=\"https:\/\/i0.wp.com\/www.reclamador.es\/blog\/wp-content\/uploads\/2020\/02\/tuit-quejas-originales.jpg?resize=1195%2C630&#038;ssl=1\" alt=\"quejas reclamaciones redes sociales\" width=\"1195\" height=\"630\" srcset=\"https:\/\/i0.wp.com\/www.reclamador.es\/blog\/wp-content\/uploads\/2020\/02\/tuit-quejas-originales.jpg?w=1195&amp;ssl=1 1195w, https:\/\/i0.wp.com\/www.reclamador.es\/blog\/wp-content\/uploads\/2020\/02\/tuit-quejas-originales.jpg?resize=800%2C422&amp;ssl=1 800w, https:\/\/i0.wp.com\/www.reclamador.es\/blog\/wp-content\/uploads\/2020\/02\/tuit-quejas-originales.jpg?resize=150%2C79&amp;ssl=1 150w, https:\/\/i0.wp.com\/www.reclamador.es\/blog\/wp-content\/uploads\/2020\/02\/tuit-quejas-originales.jpg?resize=768%2C405&amp;ssl=1 768w\" sizes=\"auto, (max-width: 1000px) 100vw, 1000px\" \/><figcaption id=\"caption-attachment-32863\" class=\"wp-caption-text\"><\/em> <em>Tuit originales quejas<\/em><\/figcaption><\/figure>\n<p>La popular red del pajarito azul cuenta ya con 330 millones de usuarios activos al mes que no paran de generar mensajes de 140 caracteres. Los #hashtags y las @respuestas y @menciones de todo tipo forman parte del d\u00eda a d\u00eda de los usuarios. Por eso, hemos reunido en este post varios tuit\u00a0 ingeniosos y divertidos con quejas o<a href=\"https:\/\/www.reclamador.es\/aerolineas\/\"> reclamaciones a aerol\u00edneas<\/a> y bancos, que se han publicado hasta ahora.<\/p>\n<p>Contin\u00faa leyendo para descubrir algunos tuits originales con quejas a compa\u00f1\u00edas a\u00e9reas, <a href=\"https:\/\/www.reclamador.es\/banco\/\">bancos<\/a> o empresas de telecomunicaciones.<\/p>\n<h2><strong>Tuits recientes e ingeniosos con quejas y reclamaciones a bancos y aerol\u00edneas\u00a0<\/strong><\/h2>\n<p>Por ejemplo, y sin ser una queja como tal, queremos destacar en primer lugar el siguiente tuit del Banco de Espa\u00f1a en su cuenta de Twitter.<\/p>\n<p><img data-recalc-dims=\"1\" loading=\"lazy\" decoding=\"async\" class=\"size-full wp-image-24485\" src=\"https:\/\/i0.wp.com\/www.reclamador.es\/blog\/wp-content\/uploads\/2015\/08\/tweet-1.jpg?resize=800%2C516&#038;ssl=1\" alt=\"\" width=\"800\" height=\"516\" srcset=\"https:\/\/i0.wp.com\/www.reclamador.es\/blog\/wp-content\/uploads\/2015\/08\/tweet-1.jpg?w=800&amp;ssl=1 800w, https:\/\/i0.wp.com\/www.reclamador.es\/blog\/wp-content\/uploads\/2015\/08\/tweet-1.jpg?resize=300%2C194&amp;ssl=1 300w, https:\/\/i0.wp.com\/www.reclamador.es\/blog\/wp-content\/uploads\/2015\/08\/tweet-1.jpg?resize=150%2C97&amp;ssl=1 150w, https:\/\/i0.wp.com\/www.reclamador.es\/blog\/wp-content\/uploads\/2015\/08\/tweet-1.jpg?resize=768%2C495&amp;ssl=1 768w\" sizes=\"auto, (max-width: 800px) 100vw, 800px\" \/><\/p>\n<p>A continuaci\u00f3n, os dejamos otros tuits originales con quejas a bancos y aerol\u00edneas, como la cancelaci\u00f3n sufrida por un viajero de <a href=\"https:\/\/www.reclamador.es\/aerolineas\/ryanair\/\">Ryanair<\/a> o los problemas con el equipaje de mano con la compa\u00f1\u00eda irlandesa.<\/p>\n<p><img data-recalc-dims=\"1\" loading=\"lazy\" decoding=\"async\" class=\"size-full wp-image-24486\" src=\"https:\/\/i0.wp.com\/www.reclamador.es\/blog\/wp-content\/uploads\/2015\/08\/tweet-2.jpg?resize=799%2C404&#038;ssl=1\" alt=\"\" width=\"799\" height=\"404\" srcset=\"https:\/\/i0.wp.com\/www.reclamador.es\/blog\/wp-content\/uploads\/2015\/08\/tweet-2.jpg?w=799&amp;ssl=1 799w, https:\/\/i0.wp.com\/www.reclamador.es\/blog\/wp-content\/uploads\/2015\/08\/tweet-2.jpg?resize=300%2C152&amp;ssl=1 300w, https:\/\/i0.wp.com\/www.reclamador.es\/blog\/wp-content\/uploads\/2015\/08\/tweet-2.jpg?resize=150%2C76&amp;ssl=1 150w, https:\/\/i0.wp.com\/www.reclamador.es\/blog\/wp-content\/uploads\/2015\/08\/tweet-2.jpg?resize=768%2C388&amp;ssl=1 768w\" sizes=\"auto, (max-width: 799px) 100vw, 799px\" \/><\/p>\n<p><img data-recalc-dims=\"1\" loading=\"lazy\" decoding=\"async\" class=\"wp-image-24487 size-full\" src=\"https:\/\/i0.wp.com\/www.reclamador.es\/blog\/wp-content\/uploads\/2015\/08\/tweet-3.jpg?resize=659%2C780&#038;ssl=1\" alt=\"\" width=\"659\" height=\"780\" srcset=\"https:\/\/i0.wp.com\/www.reclamador.es\/blog\/wp-content\/uploads\/2015\/08\/tweet-3.jpg?w=659&amp;ssl=1 659w, https:\/\/i0.wp.com\/www.reclamador.es\/blog\/wp-content\/uploads\/2015\/08\/tweet-3.jpg?resize=253%2C300&amp;ssl=1 253w, https:\/\/i0.wp.com\/www.reclamador.es\/blog\/wp-content\/uploads\/2015\/08\/tweet-3.jpg?resize=127%2C150&amp;ssl=1 127w\" sizes=\"auto, (max-width: 659px) 100vw, 659px\" \/><\/p>\n<p><img data-recalc-dims=\"1\" loading=\"lazy\" decoding=\"async\" class=\"aligncenter size-full wp-image-24488\" src=\"https:\/\/i0.wp.com\/www.reclamador.es\/blog\/wp-content\/uploads\/2015\/08\/tweet-4.jpg?resize=725%2C586&#038;ssl=1\" alt=\"\" width=\"725\" height=\"586\" srcset=\"https:\/\/i0.wp.com\/www.reclamador.es\/blog\/wp-content\/uploads\/2015\/08\/tweet-4.jpg?w=725&amp;ssl=1 725w, https:\/\/i0.wp.com\/www.reclamador.es\/blog\/wp-content\/uploads\/2015\/08\/tweet-4.jpg?resize=300%2C242&amp;ssl=1 300w, https:\/\/i0.wp.com\/www.reclamador.es\/blog\/wp-content\/uploads\/2015\/08\/tweet-4.jpg?resize=150%2C121&amp;ssl=1 150w\" sizes=\"auto, (max-width: 725px) 100vw, 725px\" \/><\/p>\n<p>Pero no solo de Ryanair se quejan sus usuarios en Twitter. El espacio entre asientos en los aviones de Vueling o los <a href=\"https:\/\/www.reclamador.es\/aerolineas\/retraso-vuelo\/iberia\/\">retrasos en los vuelos operados por Iberia<\/a> son otras de las quejas originales que se pueden leer en la red social del pajarito y que recopilamos en este post.<\/p>\n<h2><img data-recalc-dims=\"1\" loading=\"lazy\" decoding=\"async\" class=\"aligncenter wp-image-3331 size-full\" src=\"https:\/\/i0.wp.com\/www.reclamador.es\/blog\/wp-content\/uploads\/2015\/08\/12.png?resize=623%2C802&#038;ssl=1\" alt=\"12\" width=\"623\" height=\"802\" srcset=\"https:\/\/i0.wp.com\/www.reclamador.es\/blog\/wp-content\/uploads\/2015\/08\/12.png?w=623&amp;ssl=1 623w, https:\/\/i0.wp.com\/www.reclamador.es\/blog\/wp-content\/uploads\/2015\/08\/12.png?resize=233%2C300&amp;ssl=1 233w\" sizes=\"auto, (max-width: 623px) 100vw, 623px\" \/><\/h2>\n<p><img data-recalc-dims=\"1\" loading=\"lazy\" decoding=\"async\" class=\"aligncenter wp-image-3334\" src=\"https:\/\/i0.wp.com\/www.reclamador.es\/blog\/wp-content\/uploads\/2015\/08\/15.png?resize=399%2C190&#038;ssl=1\" alt=\"15\" width=\"399\" height=\"190\" srcset=\"https:\/\/i0.wp.com\/www.reclamador.es\/blog\/wp-content\/uploads\/2015\/08\/15.png?w=611&amp;ssl=1 611w, https:\/\/i0.wp.com\/www.reclamador.es\/blog\/wp-content\/uploads\/2015\/08\/15.png?resize=300%2C142&amp;ssl=1 300w\" sizes=\"auto, (max-width: 399px) 100vw, 399px\" \/><\/p>\n<h2>Otros tuits originales con quejas en esta red social<\/h2>\n<p>Hasta ahora hemos visto tuits originales con quejas a aerol\u00edneas. Pero las compa\u00f1\u00edas de telecomunicaciones recogen, igualmente, numerosas quejas, muchas de ellas muy ingeniosas, en redes sociales.<\/p>\n<p>A continuaci\u00f3n, os mostramos varios ejemplos de esos tuits originales con quejas a compa\u00f1\u00edas de telefon\u00eda.<\/p>\n<figure><img data-recalc-dims=\"1\" loading=\"lazy\" decoding=\"async\" class=\"aligncenter wp-image-3327\" src=\"https:\/\/i0.wp.com\/www.reclamador.es\/blog\/wp-content\/uploads\/2015\/08\/8.png?resize=408%2C141&#038;ssl=1\" alt=\"8\" width=\"408\" height=\"141\" srcset=\"https:\/\/i0.wp.com\/www.reclamador.es\/blog\/wp-content\/uploads\/2015\/08\/8.png?w=501&amp;ssl=1 501w, https:\/\/i0.wp.com\/www.reclamador.es\/blog\/wp-content\/uploads\/2015\/08\/8.png?resize=300%2C103&amp;ssl=1 300w\" sizes=\"auto, (max-width: 408px) 100vw, 408px\" \/> <img data-recalc-dims=\"1\" loading=\"lazy\" decoding=\"async\" class=\"aligncenter wp-image-3330\" src=\"https:\/\/i0.wp.com\/www.reclamador.es\/blog\/wp-content\/uploads\/2015\/08\/11.jpg?resize=429%2C172&#038;ssl=1\" alt=\"11\" width=\"429\" height=\"172\" srcset=\"https:\/\/i0.wp.com\/www.reclamador.es\/blog\/wp-content\/uploads\/2015\/08\/11.jpg?w=605&amp;ssl=1 605w, https:\/\/i0.wp.com\/www.reclamador.es\/blog\/wp-content\/uploads\/2015\/08\/11.jpg?resize=300%2C120&amp;ssl=1 300w\" sizes=\"auto, (max-width: 429px) 100vw, 429px\" \/><br \/>\n<img data-recalc-dims=\"1\" loading=\"lazy\" decoding=\"async\" class=\"aligncenter wp-image-3326\" src=\"https:\/\/i0.wp.com\/www.reclamador.es\/blog\/wp-content\/uploads\/2015\/08\/7.png?resize=490%2C203&#038;ssl=1\" alt=\"7\" width=\"490\" height=\"203\" srcset=\"https:\/\/i0.wp.com\/www.reclamador.es\/blog\/wp-content\/uploads\/2015\/08\/7.png?w=618&amp;ssl=1 618w, https:\/\/i0.wp.com\/www.reclamador.es\/blog\/wp-content\/uploads\/2015\/08\/7.png?resize=300%2C124&amp;ssl=1 300w\" sizes=\"auto, (max-width: 490px) 100vw, 490px\" \/> <img data-recalc-dims=\"1\" loading=\"lazy\" decoding=\"async\" class=\"aligncenter wp-image-3323\" src=\"https:\/\/i0.wp.com\/www.reclamador.es\/blog\/wp-content\/uploads\/2015\/08\/4.png?resize=433%2C204&#038;ssl=1\" alt=\"4\" width=\"433\" height=\"204\" srcset=\"https:\/\/i0.wp.com\/www.reclamador.es\/blog\/wp-content\/uploads\/2015\/08\/4.png?w=617&amp;ssl=1 617w, https:\/\/i0.wp.com\/www.reclamador.es\/blog\/wp-content\/uploads\/2015\/08\/4.png?resize=300%2C141&amp;ssl=1 300w\" sizes=\"auto, (max-width: 433px) 100vw, 433px\" \/> <img data-recalc-dims=\"1\" loading=\"lazy\" decoding=\"async\" class=\"aligncenter wp-image-3322\" src=\"https:\/\/i0.wp.com\/www.reclamador.es\/blog\/wp-content\/uploads\/2015\/08\/3.png?resize=463%2C167&#038;ssl=1\" alt=\"3\" width=\"463\" height=\"167\" srcset=\"https:\/\/i0.wp.com\/www.reclamador.es\/blog\/wp-content\/uploads\/2015\/08\/3.png?w=618&amp;ssl=1 618w, https:\/\/i0.wp.com\/www.reclamador.es\/blog\/wp-content\/uploads\/2015\/08\/3.png?resize=300%2C108&amp;ssl=1 300w\" sizes=\"auto, (max-width: 463px) 100vw, 463px\" \/> <img data-recalc-dims=\"1\" loading=\"lazy\" decoding=\"async\" class=\"aligncenter wp-image-3320\" src=\"https:\/\/i0.wp.com\/www.reclamador.es\/blog\/wp-content\/uploads\/2015\/08\/1.png?resize=446%2C223&#038;ssl=1\" alt=\"1\" width=\"446\" height=\"223\" srcset=\"https:\/\/i0.wp.com\/www.reclamador.es\/blog\/wp-content\/uploads\/2015\/08\/1.png?w=624&amp;ssl=1 624w, https:\/\/i0.wp.com\/www.reclamador.es\/blog\/wp-content\/uploads\/2015\/08\/1.png?resize=300%2C150&amp;ssl=1 300w\" sizes=\"auto, (max-width: 446px) 100vw, 446px\" \/><\/figure>\n<h2><strong>En reclamador.es te ayudamos con tus reclamaciones a\u00e9reas<\/strong><\/h2>\n<p>Si adem\u00e1s de dejar tu queja en las redes sociales, quieres proteger tus derechos como pasajero a\u00e9reo, en reclamador.es podemos ayudarte.<\/p>\n<p>Estudiamos tu caso y te decimos si tu reclamaci\u00f3n por <a href=\"https:\/\/www.reclamador.es\/aerolineas\/retraso-vuelo\/\">retraso<\/a>, <a href=\"https:\/\/www.reclamador.es\/aerolineas\/cancelacion-vuelo\/ryanair\/\">cancelaci\u00f3n<\/a>, <a href=\"https:\/\/www.reclamador.es\/aerolineas\/overbooking\/\">overbooking<\/a> o <a href=\"https:\/\/www.reclamador.es\/aerolineas\/problemas-equipaje\/\">problemas de equipaje<\/a> es viable y, de serlo, te informaremos de la cantidad que puedes reclamar a la aerol\u00ednea.<\/p>\n<figure><\/figure>\n<figure>\n<h2 style=\"text-align: center;\"><strong><a class=\"button-lead\" href=\"https:\/\/www.reclamador.es\/form\/complaint\/cancellation\/\">Inicia aqu\u00ed tu reclamaci\u00f3n por cancelaci\u00f3n de vuelo<\/a><\/strong><\/h2>\n<\/figure>\n<figure>Si te ha parecido interesante este art\u00edculo, puedes ser original y compartirlo t\u00fa tambi\u00e9n en tus redes sociales \ud83d\ude09<\/figure>\n<div class=\"ttr_end\"><\/div>","protected":false},"excerpt":{"rendered":"<p>La popular red del pajarito azul cuenta ya con 330 millones de usuarios activos al mes que no paran de generar mensajes de 140 caracteres. Los #hashtags y las @respuestas y @menciones de todo tipo forman parte del d\u00eda a d\u00eda de los usuarios. Por eso, hemos reunido en este post varios tuit\u00a0 ingeniosos y [&hellip;]<\/p>\n","protected":false},"author":1,"featured_media":32863,"comment_status":"open","ping_status":"open","sticky":false,"template":"","format":"standard","meta":{"_acf_changed":false,"_genesis_hide_title":false,"_genesis_hide_breadcrumbs":false,"_genesis_hide_singular_image":false,"_genesis_hide_footer_widgets":false,"_genesis_custom_body_class":"","_genesis_custom_post_class":"","_genesis_layout":"","_jetpack_newsletter_access":"","_jetpack_dont_email_post_to_subs":true,"_jetpack_newsletter_tier_id":0,"_jetpack_memberships_contains_paywalled_content":false,"_jetpack_memberships_contains_paid_content":false,"footnotes":""},"categories":[392],"tags":[648],"class_list":{"0":"post-3319","1":"post","2":"type-post","3":"status-publish","4":"format-standard","5":"has-post-thumbnail","7":"category-noticias","8":"tag-branding","9":"entry"},"acf":[],"yoast_head":"<!-- This site is optimized with the Yoast SEO plugin v27.4 - https:\/\/yoast.com\/product\/yoast-seo-wordpress\/ -->\n<title>Recopilatorio de tuits originales con quejas y reclamaciones<\/title>\n<meta name=\"description\" content=\"\u00bfAlguna vez te has sentido frustrado y lo has plasmarlo tus en Twitter? Hemos recopilado algunos tuits originales con quejas. Desc\u00fabrelos!\" \/>\n<meta name=\"robots\" content=\"index, follow, max-snippet:-1, max-image-preview:large, max-video-preview:-1\" \/>\n<link rel=\"canonical\" href=\"https:\/\/www.reclamador.es\/blog\/quieres-quejarte-te-dejamos-los-tuits-mas-originales-sobre-reclamaciones\/\" \/>\n<meta property=\"og:locale\" content=\"es_ES\" \/>\n<meta property=\"og:type\" content=\"article\" \/>\n<meta property=\"og:title\" content=\"Recopilatorio de tuits originales con quejas y reclamaciones\" \/>\n<meta property=\"og:description\" content=\"\u00bfAlguna vez te has sentido frustrado y lo has plasmarlo tus en Twitter? Hemos recopilado algunos tuits originales con quejas. Desc\u00fabrelos!\" \/>\n<meta property=\"og:url\" content=\"https:\/\/www.reclamador.es\/blog\/quieres-quejarte-te-dejamos-los-tuits-mas-originales-sobre-reclamaciones\/\" \/>\n<meta property=\"og:site_name\" content=\"Rebeldes con causa, el blog de reclamador.es\" \/>\n<meta property=\"article:publisher\" content=\"https:\/\/www.facebook.com\/reclamador.es\" \/>\n<meta property=\"article:published_time\" content=\"2020-02-21T09:07:37+00:00\" \/>\n<meta property=\"article:modified_time\" content=\"2024-09-18T08:34:39+00:00\" \/>\n<meta property=\"og:image\" content=\"https:\/\/www.reclamador.es\/blog\/wp-content\/uploads\/2020\/02\/tuit-quejas-originales.jpg\" \/>\n\t<meta property=\"og:image:width\" content=\"1195\" \/>\n\t<meta property=\"og:image:height\" content=\"630\" \/>\n\t<meta property=\"og:image:type\" content=\"image\/jpeg\" \/>\n<meta name=\"author\" content=\"Equipo reclamador\" \/>\n<meta name=\"twitter:card\" content=\"summary_large_image\" \/>\n<meta name=\"twitter:creator\" content=\"@reclamador\" \/>\n<meta name=\"twitter:site\" content=\"@reclamador\" \/>\n<meta name=\"twitter:label1\" content=\"Escrito por\" \/>\n\t<meta name=\"twitter:data1\" content=\"Equipo reclamador\" \/>\n\t<meta name=\"twitter:label2\" content=\"Tiempo de lectura\" \/>\n\t<meta name=\"twitter:data2\" content=\"5 minutos\" \/>\n<script type=\"application\/ld+json\" class=\"yoast-schema-graph\">{\"@context\":\"https:\\\/\\\/schema.org\",\"@graph\":[{\"@type\":\"Article\",\"@id\":\"https:\\\/\\\/www.reclamador.es\\\/blog\\\/quieres-quejarte-te-dejamos-los-tuits-mas-originales-sobre-reclamaciones\\\/#article\",\"isPartOf\":{\"@id\":\"https:\\\/\\\/www.reclamador.es\\\/blog\\\/quieres-quejarte-te-dejamos-los-tuits-mas-originales-sobre-reclamaciones\\\/\"},\"author\":{\"name\":\"Equipo reclamador\",\"@id\":\"https:\\\/\\\/www.reclamador.es\\\/blog\\\/#\\\/schema\\\/person\\\/1ed83eef8b6566cb5e4c812d9bc5c4bf\"},\"headline\":\"Recopilatorio de tuits originales con quejas y reclamaciones frente a bancos y aerol\u00edneas\",\"datePublished\":\"2020-02-21T09:07:37+00:00\",\"dateModified\":\"2024-09-18T08:34:39+00:00\",\"mainEntityOfPage\":{\"@id\":\"https:\\\/\\\/www.reclamador.es\\\/blog\\\/quieres-quejarte-te-dejamos-los-tuits-mas-originales-sobre-reclamaciones\\\/\"},\"wordCount\":401,\"commentCount\":0,\"publisher\":{\"@id\":\"https:\\\/\\\/www.reclamador.es\\\/blog\\\/#organization\"},\"image\":{\"@id\":\"https:\\\/\\\/www.reclamador.es\\\/blog\\\/quieres-quejarte-te-dejamos-los-tuits-mas-originales-sobre-reclamaciones\\\/#primaryimage\"},\"thumbnailUrl\":\"https:\\\/\\\/i0.wp.com\\\/www.reclamador.es\\\/blog\\\/wp-content\\\/uploads\\\/2020\\\/02\\\/tuit-quejas-originales.jpg?fit=1195%2C630&ssl=1\",\"keywords\":[\"branding\"],\"articleSection\":[\"Noticias y actualidad\"],\"inLanguage\":\"es\",\"potentialAction\":[{\"@type\":\"CommentAction\",\"name\":\"Comment\",\"target\":[\"https:\\\/\\\/www.reclamador.es\\\/blog\\\/quieres-quejarte-te-dejamos-los-tuits-mas-originales-sobre-reclamaciones\\\/#respond\"]}]},{\"@type\":\"WebPage\",\"@id\":\"https:\\\/\\\/www.reclamador.es\\\/blog\\\/quieres-quejarte-te-dejamos-los-tuits-mas-originales-sobre-reclamaciones\\\/\",\"url\":\"https:\\\/\\\/www.reclamador.es\\\/blog\\\/quieres-quejarte-te-dejamos-los-tuits-mas-originales-sobre-reclamaciones\\\/\",\"name\":\"Recopilatorio de tuits originales con quejas y reclamaciones\",\"isPartOf\":{\"@id\":\"https:\\\/\\\/www.reclamador.es\\\/blog\\\/#website\"},\"primaryImageOfPage\":{\"@id\":\"https:\\\/\\\/www.reclamador.es\\\/blog\\\/quieres-quejarte-te-dejamos-los-tuits-mas-originales-sobre-reclamaciones\\\/#primaryimage\"},\"image\":{\"@id\":\"https:\\\/\\\/www.reclamador.es\\\/blog\\\/quieres-quejarte-te-dejamos-los-tuits-mas-originales-sobre-reclamaciones\\\/#primaryimage\"},\"thumbnailUrl\":\"https:\\\/\\\/i0.wp.com\\\/www.reclamador.es\\\/blog\\\/wp-content\\\/uploads\\\/2020\\\/02\\\/tuit-quejas-originales.jpg?fit=1195%2C630&ssl=1\",\"datePublished\":\"2020-02-21T09:07:37+00:00\",\"dateModified\":\"2024-09-18T08:34:39+00:00\",\"description\":\"\u00bfAlguna vez te has sentido frustrado y lo has plasmarlo tus en Twitter? Hemos recopilado algunos tuits originales con quejas. Desc\u00fabrelos!\",\"breadcrumb\":{\"@id\":\"https:\\\/\\\/www.reclamador.es\\\/blog\\\/quieres-quejarte-te-dejamos-los-tuits-mas-originales-sobre-reclamaciones\\\/#breadcrumb\"},\"inLanguage\":\"es\",\"potentialAction\":[{\"@type\":\"ReadAction\",\"target\":[\"https:\\\/\\\/www.reclamador.es\\\/blog\\\/quieres-quejarte-te-dejamos-los-tuits-mas-originales-sobre-reclamaciones\\\/\"]}]},{\"@type\":\"ImageObject\",\"inLanguage\":\"es\",\"@id\":\"https:\\\/\\\/www.reclamador.es\\\/blog\\\/quieres-quejarte-te-dejamos-los-tuits-mas-originales-sobre-reclamaciones\\\/#primaryimage\",\"url\":\"https:\\\/\\\/i0.wp.com\\\/www.reclamador.es\\\/blog\\\/wp-content\\\/uploads\\\/2020\\\/02\\\/tuit-quejas-originales.jpg?fit=1195%2C630&ssl=1\",\"contentUrl\":\"https:\\\/\\\/i0.wp.com\\\/www.reclamador.es\\\/blog\\\/wp-content\\\/uploads\\\/2020\\\/02\\\/tuit-quejas-originales.jpg?fit=1195%2C630&ssl=1\",\"width\":1195,\"height\":630,\"caption\":\"tuit originales quejas\"},{\"@type\":\"BreadcrumbList\",\"@id\":\"https:\\\/\\\/www.reclamador.es\\\/blog\\\/quieres-quejarte-te-dejamos-los-tuits-mas-originales-sobre-reclamaciones\\\/#breadcrumb\",\"itemListElement\":[{\"@type\":\"ListItem\",\"position\":1,\"name\":\"Portada\",\"item\":\"https:\\\/\\\/www.reclamador.es\\\/blog\\\/\"},{\"@type\":\"ListItem\",\"position\":2,\"name\":\"Recopilatorio de tuits originales con quejas y reclamaciones frente a bancos y aerol\u00edneas\"}]},{\"@type\":\"WebSite\",\"@id\":\"https:\\\/\\\/www.reclamador.es\\\/blog\\\/#website\",\"url\":\"https:\\\/\\\/www.reclamador.es\\\/blog\\\/\",\"name\":\"Rebeldes con causa, el blog de reclamador.es\",\"description\":\"Noticias, entrevistas y consejos sobre reclamaciones\",\"publisher\":{\"@id\":\"https:\\\/\\\/www.reclamador.es\\\/blog\\\/#organization\"},\"potentialAction\":[{\"@type\":\"SearchAction\",\"target\":{\"@type\":\"EntryPoint\",\"urlTemplate\":\"https:\\\/\\\/www.reclamador.es\\\/blog\\\/?s={search_term_string}\"},\"query-input\":{\"@type\":\"PropertyValueSpecification\",\"valueRequired\":true,\"valueName\":\"search_term_string\"}}],\"inLanguage\":\"es\"},{\"@type\":\"Organization\",\"@id\":\"https:\\\/\\\/www.reclamador.es\\\/blog\\\/#organization\",\"name\":\"reclamador.es\",\"url\":\"https:\\\/\\\/www.reclamador.es\\\/blog\\\/\",\"logo\":{\"@type\":\"ImageObject\",\"inLanguage\":\"es\",\"@id\":\"https:\\\/\\\/www.reclamador.es\\\/blog\\\/#\\\/schema\\\/logo\\\/image\\\/\",\"url\":\"https:\\\/\\\/i0.wp.com\\\/www.reclamador.es\\\/blog\\\/wp-content\\\/uploads\\\/2020\\\/01\\\/logo-reclamador.png?fit=1200%2C144&ssl=1\",\"contentUrl\":\"https:\\\/\\\/i0.wp.com\\\/www.reclamador.es\\\/blog\\\/wp-content\\\/uploads\\\/2020\\\/01\\\/logo-reclamador.png?fit=1200%2C144&ssl=1\",\"width\":1200,\"height\":144,\"caption\":\"reclamador.es\"},\"image\":{\"@id\":\"https:\\\/\\\/www.reclamador.es\\\/blog\\\/#\\\/schema\\\/logo\\\/image\\\/\"},\"sameAs\":[\"https:\\\/\\\/www.facebook.com\\\/reclamador.es\",\"https:\\\/\\\/x.com\\\/reclamador\",\"https:\\\/\\\/www.instagram.com\\\/reclamador.es\\\/\",\"https:\\\/\\\/www.linkedin.com\\\/company\\\/reclamador-es\",\"https:\\\/\\\/www.youtube.com\\\/user\\\/Reclamadores\"]},{\"@type\":\"Person\",\"@id\":\"https:\\\/\\\/www.reclamador.es\\\/blog\\\/#\\\/schema\\\/person\\\/1ed83eef8b6566cb5e4c812d9bc5c4bf\",\"name\":\"Equipo reclamador\",\"image\":{\"@type\":\"ImageObject\",\"inLanguage\":\"es\",\"@id\":\"https:\\\/\\\/secure.gravatar.com\\\/avatar\\\/6442ecdc2c4472c600c113f34d340feca47107d6aa4f42f1e3e75a2a8e28a760?s=96&d=mm&r=g\",\"url\":\"https:\\\/\\\/secure.gravatar.com\\\/avatar\\\/6442ecdc2c4472c600c113f34d340feca47107d6aa4f42f1e3e75a2a8e28a760?s=96&d=mm&r=g\",\"contentUrl\":\"https:\\\/\\\/secure.gravatar.com\\\/avatar\\\/6442ecdc2c4472c600c113f34d340feca47107d6aa4f42f1e3e75a2a8e28a760?s=96&d=mm&r=g\",\"caption\":\"Equipo reclamador\"},\"description\":\"Las personas que hacen posible reclamador.es\",\"url\":\"https:\\\/\\\/www.reclamador.es\\\/blog\\\/author\\\/administrador\\\/\"}]}<\/script>\n<!-- \/ Yoast SEO plugin. -->","yoast_head_json":{"title":"Recopilatorio de tuits originales con quejas y reclamaciones","description":"\u00bfAlguna vez te has sentido frustrado y lo has plasmarlo tus en Twitter? Hemos recopilado algunos tuits originales con quejas. Desc\u00fabrelos!","robots":{"index":"index","follow":"follow","max-snippet":"max-snippet:-1","max-image-preview":"max-image-preview:large","max-video-preview":"max-video-preview:-1"},"canonical":"https:\/\/www.reclamador.es\/blog\/quieres-quejarte-te-dejamos-los-tuits-mas-originales-sobre-reclamaciones\/","og_locale":"es_ES","og_type":"article","og_title":"Recopilatorio de tuits originales con quejas y reclamaciones","og_description":"\u00bfAlguna vez te has sentido frustrado y lo has plasmarlo tus en Twitter? Hemos recopilado algunos tuits originales con quejas. Desc\u00fabrelos!","og_url":"https:\/\/www.reclamador.es\/blog\/quieres-quejarte-te-dejamos-los-tuits-mas-originales-sobre-reclamaciones\/","og_site_name":"Rebeldes con causa, el blog de reclamador.es","article_publisher":"https:\/\/www.facebook.com\/reclamador.es","article_published_time":"2020-02-21T09:07:37+00:00","article_modified_time":"2024-09-18T08:34:39+00:00","og_image":[{"width":1195,"height":630,"url":"https:\/\/www.reclamador.es\/blog\/wp-content\/uploads\/2020\/02\/tuit-quejas-originales.jpg","type":"image\/jpeg"}],"author":"Equipo reclamador","twitter_card":"summary_large_image","twitter_creator":"@reclamador","twitter_site":"@reclamador","twitter_misc":{"Escrito por":"Equipo reclamador","Tiempo de lectura":"5 minutos"},"schema":{"@context":"https:\/\/schema.org","@graph":[{"@type":"Article","@id":"https:\/\/www.reclamador.es\/blog\/quieres-quejarte-te-dejamos-los-tuits-mas-originales-sobre-reclamaciones\/#article","isPartOf":{"@id":"https:\/\/www.reclamador.es\/blog\/quieres-quejarte-te-dejamos-los-tuits-mas-originales-sobre-reclamaciones\/"},"author":{"name":"Equipo reclamador","@id":"https:\/\/www.reclamador.es\/blog\/#\/schema\/person\/1ed83eef8b6566cb5e4c812d9bc5c4bf"},"headline":"Recopilatorio de tuits originales con quejas y reclamaciones frente a bancos y aerol\u00edneas","datePublished":"2020-02-21T09:07:37+00:00","dateModified":"2024-09-18T08:34:39+00:00","mainEntityOfPage":{"@id":"https:\/\/www.reclamador.es\/blog\/quieres-quejarte-te-dejamos-los-tuits-mas-originales-sobre-reclamaciones\/"},"wordCount":401,"commentCount":0,"publisher":{"@id":"https:\/\/www.reclamador.es\/blog\/#organization"},"image":{"@id":"https:\/\/www.reclamador.es\/blog\/quieres-quejarte-te-dejamos-los-tuits-mas-originales-sobre-reclamaciones\/#primaryimage"},"thumbnailUrl":"https:\/\/i0.wp.com\/www.reclamador.es\/blog\/wp-content\/uploads\/2020\/02\/tuit-quejas-originales.jpg?fit=1195%2C630&ssl=1","keywords":["branding"],"articleSection":["Noticias y actualidad"],"inLanguage":"es","potentialAction":[{"@type":"CommentAction","name":"Comment","target":["https:\/\/www.reclamador.es\/blog\/quieres-quejarte-te-dejamos-los-tuits-mas-originales-sobre-reclamaciones\/#respond"]}]},{"@type":"WebPage","@id":"https:\/\/www.reclamador.es\/blog\/quieres-quejarte-te-dejamos-los-tuits-mas-originales-sobre-reclamaciones\/","url":"https:\/\/www.reclamador.es\/blog\/quieres-quejarte-te-dejamos-los-tuits-mas-originales-sobre-reclamaciones\/","name":"Recopilatorio de tuits originales con quejas y reclamaciones","isPartOf":{"@id":"https:\/\/www.reclamador.es\/blog\/#website"},"primaryImageOfPage":{"@id":"https:\/\/www.reclamador.es\/blog\/quieres-quejarte-te-dejamos-los-tuits-mas-originales-sobre-reclamaciones\/#primaryimage"},"image":{"@id":"https:\/\/www.reclamador.es\/blog\/quieres-quejarte-te-dejamos-los-tuits-mas-originales-sobre-reclamaciones\/#primaryimage"},"thumbnailUrl":"https:\/\/i0.wp.com\/www.reclamador.es\/blog\/wp-content\/uploads\/2020\/02\/tuit-quejas-originales.jpg?fit=1195%2C630&ssl=1","datePublished":"2020-02-21T09:07:37+00:00","dateModified":"2024-09-18T08:34:39+00:00","description":"\u00bfAlguna vez te has sentido frustrado y lo has plasmarlo tus en Twitter? Hemos recopilado algunos tuits originales con quejas. Desc\u00fabrelos!","breadcrumb":{"@id":"https:\/\/www.reclamador.es\/blog\/quieres-quejarte-te-dejamos-los-tuits-mas-originales-sobre-reclamaciones\/#breadcrumb"},"inLanguage":"es","potentialAction":[{"@type":"ReadAction","target":["https:\/\/www.reclamador.es\/blog\/quieres-quejarte-te-dejamos-los-tuits-mas-originales-sobre-reclamaciones\/"]}]},{"@type":"ImageObject","inLanguage":"es","@id":"https:\/\/www.reclamador.es\/blog\/quieres-quejarte-te-dejamos-los-tuits-mas-originales-sobre-reclamaciones\/#primaryimage","url":"https:\/\/i0.wp.com\/www.reclamador.es\/blog\/wp-content\/uploads\/2020\/02\/tuit-quejas-originales.jpg?fit=1195%2C630&ssl=1","contentUrl":"https:\/\/i0.wp.com\/www.reclamador.es\/blog\/wp-content\/uploads\/2020\/02\/tuit-quejas-originales.jpg?fit=1195%2C630&ssl=1","width":1195,"height":630,"caption":"tuit originales quejas"},{"@type":"BreadcrumbList","@id":"https:\/\/www.reclamador.es\/blog\/quieres-quejarte-te-dejamos-los-tuits-mas-originales-sobre-reclamaciones\/#breadcrumb","itemListElement":[{"@type":"ListItem","position":1,"name":"Portada","item":"https:\/\/www.reclamador.es\/blog\/"},{"@type":"ListItem","position":2,"name":"Recopilatorio de tuits originales con quejas y reclamaciones frente a bancos y aerol\u00edneas"}]},{"@type":"WebSite","@id":"https:\/\/www.reclamador.es\/blog\/#website","url":"https:\/\/www.reclamador.es\/blog\/","name":"Rebeldes con causa, el blog de reclamador.es","description":"Noticias, entrevistas y consejos sobre reclamaciones","publisher":{"@id":"https:\/\/www.reclamador.es\/blog\/#organization"},"potentialAction":[{"@type":"SearchAction","target":{"@type":"EntryPoint","urlTemplate":"https:\/\/www.reclamador.es\/blog\/?s={search_term_string}"},"query-input":{"@type":"PropertyValueSpecification","valueRequired":true,"valueName":"search_term_string"}}],"inLanguage":"es"},{"@type":"Organization","@id":"https:\/\/www.reclamador.es\/blog\/#organization","name":"reclamador.es","url":"https:\/\/www.reclamador.es\/blog\/","logo":{"@type":"ImageObject","inLanguage":"es","@id":"https:\/\/www.reclamador.es\/blog\/#\/schema\/logo\/image\/","url":"https:\/\/i0.wp.com\/www.reclamador.es\/blog\/wp-content\/uploads\/2020\/01\/logo-reclamador.png?fit=1200%2C144&ssl=1","contentUrl":"https:\/\/i0.wp.com\/www.reclamador.es\/blog\/wp-content\/uploads\/2020\/01\/logo-reclamador.png?fit=1200%2C144&ssl=1","width":1200,"height":144,"caption":"reclamador.es"},"image":{"@id":"https:\/\/www.reclamador.es\/blog\/#\/schema\/logo\/image\/"},"sameAs":["https:\/\/www.facebook.com\/reclamador.es","https:\/\/x.com\/reclamador","https:\/\/www.instagram.com\/reclamador.es\/","https:\/\/www.linkedin.com\/company\/reclamador-es","https:\/\/www.youtube.com\/user\/Reclamadores"]},{"@type":"Person","@id":"https:\/\/www.reclamador.es\/blog\/#\/schema\/person\/1ed83eef8b6566cb5e4c812d9bc5c4bf","name":"Equipo reclamador","image":{"@type":"ImageObject","inLanguage":"es","@id":"https:\/\/secure.gravatar.com\/avatar\/6442ecdc2c4472c600c113f34d340feca47107d6aa4f42f1e3e75a2a8e28a760?s=96&d=mm&r=g","url":"https:\/\/secure.gravatar.com\/avatar\/6442ecdc2c4472c600c113f34d340feca47107d6aa4f42f1e3e75a2a8e28a760?s=96&d=mm&r=g","contentUrl":"https:\/\/secure.gravatar.com\/avatar\/6442ecdc2c4472c600c113f34d340feca47107d6aa4f42f1e3e75a2a8e28a760?s=96&d=mm&r=g","caption":"Equipo reclamador"},"description":"Las personas que hacen posible reclamador.es","url":"https:\/\/www.reclamador.es\/blog\/author\/administrador\/"}]}},"jetpack_featured_media_url":"https:\/\/i0.wp.com\/www.reclamador.es\/blog\/wp-content\/uploads\/2020\/02\/tuit-quejas-originales.jpg?fit=1195%2C630&ssl=1","jetpack-related-posts":[{"id":20465,"url":"https:\/\/www.reclamador.es\/blog\/perfil-reclamador-consumidor-2018\/","url_meta":{"origin":3319,"position":0},"title":"Telecos, bancos y aseguradoras: las compa\u00f1\u00edas m\u00e1s reclamadas en 2018","author":"Equipo reclamador","date":"17 diciembre, 2018","format":false,"excerpt":"Por segundo a\u00f1o consecutivo, en reclamador.es hemos analizado el perfil reclamador del consumidor. Los datos muestran que en Espa\u00f1a nos quejamos, pero casi no reclamamos. En cifras, el\u00a087,3% de los encuestados ha manifestado sentirse en alguna ocasi\u00f3n defraudado o injustamente tratado por una empresa. Y se ha quejado por ello,\u2026","rel":"","context":"En \u00abNoticias y actualidad\u00bb","block_context":{"text":"Noticias y actualidad","link":"https:\/\/www.reclamador.es\/blog\/noticias\/"},"img":{"alt_text":"estudio reclamador.es perfil reclamador del consumidor","src":"https:\/\/i0.wp.com\/www.reclamador.es\/blog\/wp-content\/uploads\/2018\/12\/perfil-reclamador-del-consumidor.jpg?fit=1200%2C800&ssl=1&resize=350%2C200","width":350,"height":200,"srcset":"https:\/\/i0.wp.com\/www.reclamador.es\/blog\/wp-content\/uploads\/2018\/12\/perfil-reclamador-del-consumidor.jpg?fit=1200%2C800&ssl=1&resize=350%2C200 1x, https:\/\/i0.wp.com\/www.reclamador.es\/blog\/wp-content\/uploads\/2018\/12\/perfil-reclamador-del-consumidor.jpg?fit=1200%2C800&ssl=1&resize=525%2C300 1.5x, https:\/\/i0.wp.com\/www.reclamador.es\/blog\/wp-content\/uploads\/2018\/12\/perfil-reclamador-del-consumidor.jpg?fit=1200%2C800&ssl=1&resize=700%2C400 2x, https:\/\/i0.wp.com\/www.reclamador.es\/blog\/wp-content\/uploads\/2018\/12\/perfil-reclamador-del-consumidor.jpg?fit=1200%2C800&ssl=1&resize=1050%2C600 3x"},"classes":[]},{"id":16070,"url":"https:\/\/www.reclamador.es\/blog\/estudio-reclamador-espanol\/","url_meta":{"origin":3319,"position":1},"title":"Y t\u00fa, \u00bfte quejas o reclamas?","author":"Equipo reclamador","date":"14 noviembre, 2017","format":false,"excerpt":"Imagina que, por el motivo que sea, te sientes defraudado o injustamente tratado. \u00bfQu\u00e9 haces? \u00bfTe quedas de brazos cruzados o te quejas a los cuatro vientos? \u00bfEres conformista o decides reclamar lo que no te gusta? Tranquilo, en reclamador.es hemos hecho un estudio en el que se muestra, a\u2026","rel":"","context":"En \u00abNoticias y actualidad\u00bb","block_context":{"text":"Noticias y actualidad","link":"https:\/\/www.reclamador.es\/blog\/noticias\/"},"img":{"alt_text":"Gr\u00e1fico: razones por las que no sigui\u00f3 adelante con la reclamaci\u00f3n. Estudio de reclamador.es, compa\u00f1\u00eda online de reclamaciones","src":"https:\/\/i0.wp.com\/www.reclamador.es\/blog\/wp-content\/uploads\/2017\/11\/reescala-grafico-perfil-reclamador-1.png?resize=350%2C200&ssl=1","width":350,"height":200,"srcset":"https:\/\/i0.wp.com\/www.reclamador.es\/blog\/wp-content\/uploads\/2017\/11\/reescala-grafico-perfil-reclamador-1.png?resize=350%2C200&ssl=1 1x, https:\/\/i0.wp.com\/www.reclamador.es\/blog\/wp-content\/uploads\/2017\/11\/reescala-grafico-perfil-reclamador-1.png?resize=525%2C300&ssl=1 1.5x, https:\/\/i0.wp.com\/www.reclamador.es\/blog\/wp-content\/uploads\/2017\/11\/reescala-grafico-perfil-reclamador-1.png?resize=700%2C400&ssl=1 2x, https:\/\/i0.wp.com\/www.reclamador.es\/blog\/wp-content\/uploads\/2017\/11\/reescala-grafico-perfil-reclamador-1.png?resize=1050%2C600&ssl=1 3x"},"classes":[]},{"id":32839,"url":"https:\/\/www.reclamador.es\/blog\/ranking-aerolineas-mas-reclamadas-verano\/","url_meta":{"origin":3319,"position":2},"title":"Ranking verano 2024: las aerol\u00edneas m\u00e1s reclamadas","author":"Equipo reclamador","date":"17 septiembre, 2024","format":false,"excerpt":"Durante los meses de junio, julio y agosto de 2024, reclamador.es ha registrado m\u00e1s de 13.000 reclamaciones contra 113 aerol\u00edneas, con Ryanair y Vueling liderando la lista de las m\u00e1s reclamadas por incidentes como retrasos (49 %) y cancelaciones (39,5 %). Las indemnizaciones pueden alcanzar los 600 \u20ac, m\u00e1s los\u2026","rel":"","context":"En \u00abNoticias y actualidad\u00bb","block_context":{"text":"Noticias y actualidad","link":"https:\/\/www.reclamador.es\/blog\/noticias\/"},"img":{"alt_text":"ryanair aeropuerto - aerolinea m\u00e1s reclamada","src":"https:\/\/i0.wp.com\/www.reclamador.es\/blog\/wp-content\/uploads\/2024\/09\/ranking-aerolineas-mas-reclamadas-verano-2024-1200x630-1.jpg?fit=1200%2C630&ssl=1&resize=350%2C200","width":350,"height":200,"srcset":"https:\/\/i0.wp.com\/www.reclamador.es\/blog\/wp-content\/uploads\/2024\/09\/ranking-aerolineas-mas-reclamadas-verano-2024-1200x630-1.jpg?fit=1200%2C630&ssl=1&resize=350%2C200 1x, https:\/\/i0.wp.com\/www.reclamador.es\/blog\/wp-content\/uploads\/2024\/09\/ranking-aerolineas-mas-reclamadas-verano-2024-1200x630-1.jpg?fit=1200%2C630&ssl=1&resize=525%2C300 1.5x, https:\/\/i0.wp.com\/www.reclamador.es\/blog\/wp-content\/uploads\/2024\/09\/ranking-aerolineas-mas-reclamadas-verano-2024-1200x630-1.jpg?fit=1200%2C630&ssl=1&resize=700%2C400 2x, https:\/\/i0.wp.com\/www.reclamador.es\/blog\/wp-content\/uploads\/2024\/09\/ranking-aerolineas-mas-reclamadas-verano-2024-1200x630-1.jpg?fit=1200%2C630&ssl=1&resize=1050%2C600 3x"},"classes":[]},{"id":21006,"url":"https:\/\/www.reclamador.es\/blog\/ranking-aerolineas-mas-reclamadas-2018\/","url_meta":{"origin":3319,"position":3},"title":"\u00bfCu\u00e1l fue la aerol\u00ednea m\u00e1s reclamada en 2018?","author":"Equipo reclamador","date":"7 febrero, 2019","format":false,"excerpt":"Vueling, Ryanair e Iberia. Estas son las tres aerol\u00edneas que durante el pasado 2018 recibieron m\u00e1s reclamaciones en nuestra web. Como ya sucediera en 2016, Vueling vuelve a la primera posici\u00f3n del ranking, desbancando a Ryanair a la segunda posici\u00f3n. Iberia, por su parte, mantiene el tercer puesto que ya\u2026","rel":"","context":"En \u00abNoticias y actualidad\u00bb","block_context":{"text":"Noticias y actualidad","link":"https:\/\/www.reclamador.es\/blog\/noticias\/"},"img":{"alt_text":"aerolineas mas reclamadas 2018 reclamador.es","src":"https:\/\/i0.wp.com\/www.reclamador.es\/blog\/wp-content\/uploads\/2019\/02\/aerolineas-mas-reclamadas-en-2018.jpg?fit=1200%2C799&ssl=1&resize=350%2C200","width":350,"height":200,"srcset":"https:\/\/i0.wp.com\/www.reclamador.es\/blog\/wp-content\/uploads\/2019\/02\/aerolineas-mas-reclamadas-en-2018.jpg?fit=1200%2C799&ssl=1&resize=350%2C200 1x, https:\/\/i0.wp.com\/www.reclamador.es\/blog\/wp-content\/uploads\/2019\/02\/aerolineas-mas-reclamadas-en-2018.jpg?fit=1200%2C799&ssl=1&resize=525%2C300 1.5x, https:\/\/i0.wp.com\/www.reclamador.es\/blog\/wp-content\/uploads\/2019\/02\/aerolineas-mas-reclamadas-en-2018.jpg?fit=1200%2C799&ssl=1&resize=700%2C400 2x, https:\/\/i0.wp.com\/www.reclamador.es\/blog\/wp-content\/uploads\/2019\/02\/aerolineas-mas-reclamadas-en-2018.jpg?fit=1200%2C799&ssl=1&resize=1050%2C600 3x"},"classes":[]},{"id":31325,"url":"https:\/\/www.reclamador.es\/blog\/ranking-verano-2023\/","url_meta":{"origin":3319,"position":4},"title":"Ranking verano 2023: Ryanair y Vueling, las aerol\u00edneas m\u00e1s reclamadas","author":"Equipo reclamador","date":"14 septiembre, 2023","format":false,"excerpt":"El verano siempre impacta con fuerza en el sector a\u00e9reo. No en vano, m\u00e1s de 12.000 personas han reclamado contra las aerol\u00edneas en los meses centrales de este verano con reclamador.es. Dado este importante volumen, hemos elaborado un ranking con las aerol\u00edneas m\u00e1s reclamadas entre junio, julio y agosto, para\u2026","rel":"","context":"En \u00abNoticias y actualidad\u00bb","block_context":{"text":"Noticias y actualidad","link":"https:\/\/www.reclamador.es\/blog\/noticias\/"},"img":{"alt_text":"reclamador.es reclamaciones a aerol\u00edneas ranking","src":"https:\/\/i0.wp.com\/www.reclamador.es\/blog\/wp-content\/uploads\/2023\/09\/Ranking-aerolineas-mas-reclamadas-verano-2023.jpg?fit=1200%2C639&ssl=1&resize=350%2C200","width":350,"height":200,"srcset":"https:\/\/i0.wp.com\/www.reclamador.es\/blog\/wp-content\/uploads\/2023\/09\/Ranking-aerolineas-mas-reclamadas-verano-2023.jpg?fit=1200%2C639&ssl=1&resize=350%2C200 1x, https:\/\/i0.wp.com\/www.reclamador.es\/blog\/wp-content\/uploads\/2023\/09\/Ranking-aerolineas-mas-reclamadas-verano-2023.jpg?fit=1200%2C639&ssl=1&resize=525%2C300 1.5x, https:\/\/i0.wp.com\/www.reclamador.es\/blog\/wp-content\/uploads\/2023\/09\/Ranking-aerolineas-mas-reclamadas-verano-2023.jpg?fit=1200%2C639&ssl=1&resize=700%2C400 2x, https:\/\/i0.wp.com\/www.reclamador.es\/blog\/wp-content\/uploads\/2023\/09\/Ranking-aerolineas-mas-reclamadas-verano-2023.jpg?fit=1200%2C639&ssl=1&resize=1050%2C600 3x"},"classes":[]},{"id":8964,"url":"https:\/\/www.reclamador.es\/blog\/como-completar-hoja-reclamaciones\/","url_meta":{"origin":3319,"position":5},"title":"C\u00f3mo hacer una reclamaci\u00f3n en un bar o una discoteca","author":"Equipo reclamador","date":"23 julio, 2023","format":false,"excerpt":"Bares, discotecas o restaurantes son lugares a los que acudimos para pasar nuestro tiempo de ocio. Ya sea por tomar un caf\u00e9, una buena cena o pasar un rato de marcha. Pero hay ocasiones en las que estos lugares no satisfacen nuestras expectativas. Un pelo en la cena, mal trato\u2026","rel":"","context":"En \u00abConsejos legales\u00bb","block_context":{"text":"Consejos legales","link":"https:\/\/www.reclamador.es\/blog\/consejos\/"},"img":{"alt_text":"","src":"https:\/\/i0.wp.com\/www.reclamador.es\/blog\/wp-content\/uploads\/2017\/07\/serge-esteve-5821.jpg?fit=1200%2C800&ssl=1&resize=350%2C200","width":350,"height":200,"srcset":"https:\/\/i0.wp.com\/www.reclamador.es\/blog\/wp-content\/uploads\/2017\/07\/serge-esteve-5821.jpg?fit=1200%2C800&ssl=1&resize=350%2C200 1x, https:\/\/i0.wp.com\/www.reclamador.es\/blog\/wp-content\/uploads\/2017\/07\/serge-esteve-5821.jpg?fit=1200%2C800&ssl=1&resize=525%2C300 1.5x, https:\/\/i0.wp.com\/www.reclamador.es\/blog\/wp-content\/uploads\/2017\/07\/serge-esteve-5821.jpg?fit=1200%2C800&ssl=1&resize=700%2C400 2x, https:\/\/i0.wp.com\/www.reclamador.es\/blog\/wp-content\/uploads\/2017\/07\/serge-esteve-5821.jpg?fit=1200%2C800&ssl=1&resize=1050%2C600 3x"},"classes":[]}],"jetpack_sharing_enabled":true,"_links":{"self":[{"href":"https:\/\/www.reclamador.es\/blog\/wp-json\/wp\/v2\/posts\/3319","targetHints":{"allow":["GET"]}}],"collection":[{"href":"https:\/\/www.reclamador.es\/blog\/wp-json\/wp\/v2\/posts"}],"about":[{"href":"https:\/\/www.reclamador.es\/blog\/wp-json\/wp\/v2\/types\/post"}],"author":[{"embeddable":true,"href":"https:\/\/www.reclamador.es\/blog\/wp-json\/wp\/v2\/users\/1"}],"replies":[{"embeddable":true,"href":"https:\/\/www.reclamador.es\/blog\/wp-json\/wp\/v2\/comments?post=3319"}],"version-history":[{"count":13,"href":"https:\/\/www.reclamador.es\/blog\/wp-json\/wp\/v2\/posts\/3319\/revisions"}],"predecessor-version":[{"id":32865,"href":"https:\/\/www.reclamador.es\/blog\/wp-json\/wp\/v2\/posts\/3319\/revisions\/32865"}],"wp:featuredmedia":[{"embeddable":true,"href":"https:\/\/www.reclamador.es\/blog\/wp-json\/wp\/v2\/media\/32863"}],"wp:attachment":[{"href":"https:\/\/www.reclamador.es\/blog\/wp-json\/wp\/v2\/media?parent=3319"}],"wp:term":[{"taxonomy":"category","embeddable":true,"href":"https:\/\/www.reclamador.es\/blog\/wp-json\/wp\/v2\/categories?post=3319"},{"taxonomy":"post_tag","embeddable":true,"href":"https:\/\/www.reclamador.es\/blog\/wp-json\/wp\/v2\/tags?post=3319"}],"curies":[{"name":"wp","href":"https:\/\/api.w.org\/{rel}","templated":true}]}}