{"id":3303,"date":"2019-07-14T13:39:00","date_gmt":"2019-07-14T11:39:00","guid":{"rendered":"https:\/\/www.reclamador.es\/blog\/?p=3303"},"modified":"2024-10-08T15:19:41","modified_gmt":"2024-10-08T13:19:41","slug":"que-ocurre-si-provocamos-un-accidente-de-trafico-como-consecuencia-de-la-produccion-de-una-causa-de-fuerza-mayor","status":"publish","type":"post","link":"https:\/\/www.reclamador.es\/blog\/que-ocurre-si-provocamos-un-accidente-de-trafico-como-consecuencia-de-la-produccion-de-una-causa-de-fuerza-mayor\/","title":{"rendered":"Accidente de tr\u00e1fico por una causa de fuerza mayor"},"content":{"rendered":"<div class=\"ttr_start\"><\/div>\n\n<div class=\"kk-star-ratings kksr-auto kksr-align-right kksr-valign-top\"\n    data-payload='{&quot;align&quot;:&quot;right&quot;,&quot;id&quot;:&quot;3303&quot;,&quot;slug&quot;:&quot;default&quot;,&quot;valign&quot;:&quot;top&quot;,&quot;ignore&quot;:&quot;&quot;,&quot;reference&quot;:&quot;auto&quot;,&quot;class&quot;:&quot;&quot;,&quot;count&quot;:&quot;1&quot;,&quot;legendonly&quot;:&quot;&quot;,&quot;readonly&quot;:&quot;&quot;,&quot;score&quot;:&quot;5&quot;,&quot;starsonly&quot;:&quot;&quot;,&quot;best&quot;:&quot;5&quot;,&quot;gap&quot;:&quot;3&quot;,&quot;greet&quot;:&quot;Valora este art\u00edculo&quot;,&quot;legend&quot;:&quot;5\\\/5 - (1 voto)&quot;,&quot;size&quot;:&quot;20&quot;,&quot;title&quot;:&quot;Accidente de tr\u00e1fico por una causa de fuerza mayor&quot;,&quot;width&quot;:&quot;113.5&quot;,&quot;_legend&quot;:&quot;{score}\\\/{best} - ({count} {votes})&quot;,&quot;font_factor&quot;:&quot;1.25&quot;}'>\n            \n<div class=\"kksr-stars\">\n    \n<div class=\"kksr-stars-inactive\">\n            <div class=\"kksr-star\" data-star=\"1\" style=\"padding-right: 3px\">\n            \n\n<div class=\"kksr-icon\" style=\"width: 20px; height: 20px;\"><\/div>\n        <\/div>\n            <div class=\"kksr-star\" data-star=\"2\" style=\"padding-right: 3px\">\n            \n\n<div class=\"kksr-icon\" style=\"width: 20px; height: 20px;\"><\/div>\n        <\/div>\n            <div class=\"kksr-star\" data-star=\"3\" style=\"padding-right: 3px\">\n            \n\n<div class=\"kksr-icon\" style=\"width: 20px; height: 20px;\"><\/div>\n        <\/div>\n            <div class=\"kksr-star\" data-star=\"4\" style=\"padding-right: 3px\">\n            \n\n<div class=\"kksr-icon\" style=\"width: 20px; height: 20px;\"><\/div>\n        <\/div>\n            <div class=\"kksr-star\" data-star=\"5\" style=\"padding-right: 3px\">\n            \n\n<div class=\"kksr-icon\" style=\"width: 20px; height: 20px;\"><\/div>\n        <\/div>\n    <\/div>\n    \n<div class=\"kksr-stars-active\" style=\"width: 113.5px;\">\n            <div class=\"kksr-star\" style=\"padding-right: 3px\">\n            \n\n<div class=\"kksr-icon\" style=\"width: 20px; height: 20px;\"><\/div>\n        <\/div>\n            <div class=\"kksr-star\" style=\"padding-right: 3px\">\n            \n\n<div class=\"kksr-icon\" style=\"width: 20px; height: 20px;\"><\/div>\n        <\/div>\n            <div class=\"kksr-star\" style=\"padding-right: 3px\">\n            \n\n<div class=\"kksr-icon\" style=\"width: 20px; height: 20px;\"><\/div>\n        <\/div>\n            <div class=\"kksr-star\" style=\"padding-right: 3px\">\n            \n\n<div class=\"kksr-icon\" style=\"width: 20px; height: 20px;\"><\/div>\n        <\/div>\n            <div class=\"kksr-star\" style=\"padding-right: 3px\">\n            \n\n<div class=\"kksr-icon\" style=\"width: 20px; height: 20px;\"><\/div>\n        <\/div>\n    <\/div>\n<\/div>\n                \n\n<div class=\"kksr-legend\" style=\"font-size: 16px;\">\n            5\/5 - (1 voto)    <\/div>\n    <\/div>\n<figure>\n<p><figure id=\"attachment_33019\" aria-describedby=\"caption-attachment-33019\" style=\"width: 1200px\" class=\"wp-caption aligncenter\"><img data-recalc-dims=\"1\" loading=\"lazy\" decoding=\"async\" class=\"size-full wp-image-33019\" src=\"https:\/\/i0.wp.com\/www.reclamador.es\/blog\/wp-content\/uploads\/2015\/07\/accidente-de-trafico-por-fuerza-mayor.jpg?resize=1200%2C621&#038;ssl=1\" alt=\"Accidente de tr\u00e1fico por fuerza mayor\" width=\"1200\" height=\"621\" srcset=\"https:\/\/i0.wp.com\/www.reclamador.es\/blog\/wp-content\/uploads\/2015\/07\/accidente-de-trafico-por-fuerza-mayor.jpg?w=1200&amp;ssl=1 1200w, https:\/\/i0.wp.com\/www.reclamador.es\/blog\/wp-content\/uploads\/2015\/07\/accidente-de-trafico-por-fuerza-mayor.jpg?resize=800%2C414&amp;ssl=1 800w, https:\/\/i0.wp.com\/www.reclamador.es\/blog\/wp-content\/uploads\/2015\/07\/accidente-de-trafico-por-fuerza-mayor.jpg?resize=150%2C78&amp;ssl=1 150w, https:\/\/i0.wp.com\/www.reclamador.es\/blog\/wp-content\/uploads\/2015\/07\/accidente-de-trafico-por-fuerza-mayor.jpg?resize=768%2C397&amp;ssl=1 768w\" sizes=\"auto, (max-width: 1000px) 100vw, 1000px\" \/><figcaption id=\"caption-attachment-33019\" class=\"wp-caption-text\"><em>Accidente de tr\u00e1fico por fuerza mayor<\/em><\/figcaption><\/figure><\/figure>\n<p style=\"text-align: justify;\">En este art\u00edculo, vamos a abordar los casos de accidentes de circulaci\u00f3n que se producen a consecuencia de una causa de fuerza mayor y a lo que dicen al respecto las cl\u00e1usulas de un contrato de seguro.<\/p>\n<h2 style=\"text-align: justify;\">Accidente de tr\u00e1fico por fuerza mayor<\/h2>\n<p style=\"text-align: justify;\">Entre los casos de da\u00f1os a las personas en <a href=\"https:\/\/www.reclamador.es\/ayuda\/gestiones\/guia-para-empezar-a-reclamar-tras-sufrir-un-accidente\/\">accidentes de circulaci\u00f3n<\/a> con circunstancias exoneratorias de responsabilidad por concurrencia de fuerza mayor, pueden entenderse diferentes supuestos como:<\/p>\n<ul>\n<li style=\"list-style-type: none;\">\n<ul>\n<li style=\"text-align: justify;\">Los relacionados a una enfermedad que sufrimos que, conforme a la ley, nos incapacita para la conducci\u00f3n, enfermedad que como conductor desconocemos y que no ha sido diagnosticada por los m\u00e9dicos.<\/li>\n<li style=\"text-align: justify;\">Accidentes que causen da\u00f1os producidos por un terremoto.<\/li>\n<li style=\"text-align: justify;\">Por causas provocadas por terrorismo o incluso cuando el conductor sufre, sin culpa alguna por su parte y sin tener una enfermedad previa que pueda provocarlo o preverlo, un infarto que le hace perder el control del veh\u00edculo.<\/li>\n<\/ul>\n<\/li>\n<\/ul>\n<p>Todas las circunstancias citadas libran de responsabilidad al conductor por ser\u00a0 imprevisibles e inevitables. Dichos ejemplos son constitutivos de fuerza mayor que exoneran al conductor, tal y como se desprende del art\u00edculo 1, punto 1 de la <a title=\"ley sobre responsabilidad civil y seguro en la circulacion\" href=\"https:\/\/www.boe.es\/buscar\/act.php?id=BOE-A-2004-18911\" target=\"_blank\" rel=\"noopener noreferrer\"><strong>Ley sobre responsabilidad civil y seguro en la circulaci\u00f3n de veh\u00edculos a motor<\/strong><\/a><strong>. <\/strong>En dicho art\u00edculo se establece que:<\/p>\n<p><em>En el caso de da\u00f1os a las personas, de esta responsabilidad s\u00f3lo quedar\u00e1 exonerado cuando pruebe que los da\u00f1os fueron debidos \u00fanicamente a la conducta o la negligencia del perjudicado o a fuerza mayor extra\u00f1a a la conducci\u00f3n o al funcionamiento del veh\u00edculo\u2026En el caso de da\u00f1os en los bienes, el conductor responder\u00e1 frente a terceros cuando resulte civilmente responsable seg\u00fan lo establecido en los<\/em> art\u00edculos<em> 1.902 y siguientes del\u00a0<\/em><strong><a title=\"codigo civil\" href=\"https:\/\/www.boe.es\/buscar\/act.php?id=BOE-A-1889-4763\" target=\"_blank\" rel=\"noopener noreferrer\"><em>C\u00f3digo Civil<\/em><\/a><\/strong><em>, art\u00edculos 109 y siguientes del C\u00f3digo Penal, y seg\u00fan lo dispuesto en esta ley.<\/em><\/p>\n<p style=\"text-align: justify;\">Por tanto, en estos casos, cuando queramos contratar un seguro de coche hay que revisar, antes de firmar una p\u00f3liza, que riesgos est\u00e1n cubiertos por \u00e9sta, y que riesgos est\u00e1n excluidos.<\/p>\n<p style=\"text-align: justify;\">El contrato de seguro puede definirse, seg\u00fan lo dispuesto en el art\u00edculo 1 de la <strong><a title=\"ley contrato de seguro\" href=\"https:\/\/www.boe.es\/buscar\/doc.php?id=BOE-A-1980-22501\" target=\"_blank\" rel=\"noopener noreferrer\">Ley 50\/1980, de 8 de octubre, de Contrato de Seguro<\/a><\/strong>, como:<\/p>\n<p><em>aquel por el que el asegurador se obliga, mediante el cobro de una prima y para el caso de que se produzca el evento cuyo riesgo es objeto de cobertura a indemnizar, dentro de los l\u00edmites pactados, el da\u00f1o producido al asegurado o a satisfacer un capital, una renta u otras prestaciones convenidas<\/em>.<\/p>\n<p style=\"text-align: justify;\">Dicho contrato es un contrato de adhesi\u00f3n, es decir, nosotros como usuarios nos incorporamos a unas condiciones generales prefijadas anteriormente por la compa\u00f1\u00eda aseguradora, por lo que las p\u00f3lizas de seguros incluyen unas cl\u00e1usulas gen\u00e9ricas y estandarizadas que intentan cubrir la mayor parte de los supuestos que pudieran acaecer.<\/p>\n<h2 style=\"text-align: justify;\">Cl\u00e1usulas limitativas y delimitativas del seguro<\/h2>\n<p style=\"text-align: justify;\">Dentro de las cl\u00e1usulas de un seguro podemos distinguir entre las cl\u00e1usulas limitativas y cl\u00e1usulas delimitativas. Dicha distinci\u00f3n es importante, pues <strong>las cl\u00e1usulas limitativas pueden ser abusivas de los derechos del asegurado<\/strong>.<\/p>\n<h3 style=\"text-align: justify;\">Las cl\u00e1usulas delimitativas<\/h3>\n<p style=\"text-align: justify;\">Son aquellas que <strong>tienen por finalidad delimitar el objeto del contrato<\/strong> como son, por ejemplo, los tipos de riesgos, fijando los que, en caso de producirse, hacen surgir el derecho a la prestaci\u00f3n al asegurado; cuant\u00eda; plazo y \u00e1mbito temporal.<br \/>\nComo lo ha establecido la jurisprudencia, estas cl\u00e1usulas tienen por objetivo individualizar el riesgo y establecer su base objetiva gracias a exclusiones objetivas. Tambi\u00e9n se proponen eliminar las ambig\u00fcedades de cara a concretar la naturaleza del riesgo en coherencia con el objeto del contrato o con arreglo al uso establecido.<br \/>\nPor exclusiones contenidas en la p\u00f3liza entendemos las referidas anteriormente en este art\u00edculo y otras que se incluyen, en la pr\u00e1ctica, en dichas p\u00f3lizas, como son:<\/p>\n<ul style=\"text-align: justify;\">\n<li>Los riesgos causados por fen\u00f3menos meteorol\u00f3gicos como inundaci\u00f3n, erupci\u00f3n volc\u00e1nica, tempestad cicl\u00f3nica at\u00edpica, ca\u00edda de cuerpos siderales y aerolitos.<\/li>\n<li>Los riegos causados por mot\u00edn, tumulto popular, hechos o actuaciones en tiempos de paz de las Fuerzas Armadas o Cuerpos de Seguridad, hechos de guerra civil o internacional, por actuaciones tumultuarias en reuniones, manifestaciones o huelgas y hechos declarados por el Gobierno como cat\u00e1strofe o calamidad nacional.<\/li>\n<\/ul>\n<p style=\"text-align: justify;\">Por tanto, <strong>las cl\u00e1usulas delimitativas no restringen derechos de los asegurados<\/strong>, ya que al tratarse de un supuesto no cubierto por el contrato, el derecho no llega a nacer.<\/p>\n<h3 style=\"text-align: justify;\">Las cl\u00e1usulas limitativas<\/h3>\n<p style=\"text-align: justify;\">Estas cl\u00e1usulas deben cumplir con los requisitos del art\u00edculo 3 de la Ley de Contrato de Seguro: <em>\u201cse destacar\u00e1n de modo especial las cl\u00e1usulas limitativas de los derechos de los asegurados, que deber\u00e1n ser espec\u00edficamente aceptadas por escrito\u201d<\/em>. De modo que, si no se siguen con estos requisitos se considerar\u00e1n sin validez.<br \/>\nUn ejemplo de estas cl\u00e1usulas pueden ser:<\/p>\n<ul style=\"text-align: justify;\">\n<li>En casos de seguros a todo riesgo, que s\u00f3lo se tenga cobertura cuando se colisione con un veh\u00edculo identificado.<\/li>\n<li>En caso de que el asegurado sea un conductor joven, que se limite la conducci\u00f3n de \u00e9ste a unas determinadas horas del d\u00eda. Y, que si conduce fuera de esas horas permitidas, en caso de accidente, no tendr\u00eda cobertura.<\/li>\n<\/ul>\n<p style=\"text-align: justify;\">As\u00ed pues, <strong>las cl\u00e1usulas limitativas se pueden considerar como aquellas que restringen condicionan o modifican los derechos del asegurado<\/strong>, y hasta le impiden disfrutar de la indemnizaci\u00f3n que cubre el contrato de seguro.<\/p>\n<div class=\"ttr_end\"><\/div>","protected":false},"excerpt":{"rendered":"<p>En este art\u00edculo, vamos a abordar los casos de accidentes de circulaci\u00f3n que se producen a consecuencia de una causa de fuerza mayor y a lo que dicen al respecto las cl\u00e1usulas de un contrato de seguro. Accidente de tr\u00e1fico por fuerza mayor Entre los casos de da\u00f1os a las personas en accidentes de circulaci\u00f3n [&hellip;]<\/p>\n","protected":false},"author":1,"featured_media":33019,"comment_status":"open","ping_status":"open","sticky":false,"template":"","format":"standard","meta":{"_acf_changed":false,"_genesis_hide_title":false,"_genesis_hide_breadcrumbs":false,"_genesis_hide_singular_image":false,"_genesis_hide_footer_widgets":false,"_genesis_custom_body_class":"","_genesis_custom_post_class":"","_genesis_layout":"","_jetpack_newsletter_access":"","_jetpack_dont_email_post_to_subs":true,"_jetpack_newsletter_tier_id":0,"_jetpack_memberships_contains_paywalled_content":false,"_jetpack_memberships_contains_paid_content":false,"footnotes":""},"categories":[393],"tags":[382],"class_list":{"0":"post-3303","1":"post","2":"type-post","3":"status-publish","4":"format-standard","5":"has-post-thumbnail","7":"category-consejos","8":"tag-accidentes","9":"entry"},"acf":[],"yoast_head":"<!-- This site is optimized with the Yoast SEO plugin v27.4 - https:\/\/yoast.com\/product\/yoast-seo-wordpress\/ -->\n<title>Accidente de tr\u00e1fico por fuerza mayor<\/title>\n<meta name=\"description\" content=\"\u00bfHas sufrido un accidente y crees que es fuerza mayor? Todo lo que necesitas saber sobre accidentes de tr\u00e1fico por fuerza mayor en Espa\u00f1a.\" \/>\n<meta name=\"robots\" content=\"index, follow, max-snippet:-1, max-image-preview:large, max-video-preview:-1\" \/>\n<link rel=\"canonical\" href=\"https:\/\/www.reclamador.es\/blog\/que-ocurre-si-provocamos-un-accidente-de-trafico-como-consecuencia-de-la-produccion-de-una-causa-de-fuerza-mayor\/\" \/>\n<meta property=\"og:locale\" content=\"es_ES\" \/>\n<meta property=\"og:type\" content=\"article\" \/>\n<meta property=\"og:title\" content=\"Accidente de tr\u00e1fico por fuerza mayor\" \/>\n<meta property=\"og:description\" content=\"\u00bfHas sufrido un accidente y crees que es fuerza mayor? Todo lo que necesitas saber sobre accidentes de tr\u00e1fico por fuerza mayor en Espa\u00f1a.\" \/>\n<meta property=\"og:url\" content=\"https:\/\/www.reclamador.es\/blog\/que-ocurre-si-provocamos-un-accidente-de-trafico-como-consecuencia-de-la-produccion-de-una-causa-de-fuerza-mayor\/\" \/>\n<meta property=\"og:site_name\" content=\"Rebeldes con causa, el blog de reclamador.es\" \/>\n<meta property=\"article:publisher\" content=\"https:\/\/www.facebook.com\/reclamador.es\" \/>\n<meta property=\"article:published_time\" content=\"2019-07-14T11:39:00+00:00\" \/>\n<meta property=\"article:modified_time\" content=\"2024-10-08T13:19:41+00:00\" \/>\n<meta property=\"og:image\" content=\"https:\/\/www.reclamador.es\/blog\/wp-content\/uploads\/2015\/07\/accidente-de-trafico-por-fuerza-mayor.jpg\" \/>\n\t<meta property=\"og:image:width\" content=\"1200\" \/>\n\t<meta property=\"og:image:height\" content=\"621\" \/>\n\t<meta property=\"og:image:type\" content=\"image\/jpeg\" \/>\n<meta name=\"author\" content=\"Equipo reclamador\" \/>\n<meta name=\"twitter:card\" content=\"summary_large_image\" \/>\n<meta name=\"twitter:creator\" content=\"@reclamador\" \/>\n<meta name=\"twitter:site\" content=\"@reclamador\" \/>\n<meta name=\"twitter:label1\" content=\"Escrito por\" \/>\n\t<meta name=\"twitter:data1\" content=\"Equipo reclamador\" \/>\n\t<meta name=\"twitter:label2\" content=\"Tiempo de lectura\" \/>\n\t<meta name=\"twitter:data2\" content=\"5 minutos\" \/>\n<script type=\"application\/ld+json\" class=\"yoast-schema-graph\">{\"@context\":\"https:\\\/\\\/schema.org\",\"@graph\":[{\"@type\":\"Article\",\"@id\":\"https:\\\/\\\/www.reclamador.es\\\/blog\\\/que-ocurre-si-provocamos-un-accidente-de-trafico-como-consecuencia-de-la-produccion-de-una-causa-de-fuerza-mayor\\\/#article\",\"isPartOf\":{\"@id\":\"https:\\\/\\\/www.reclamador.es\\\/blog\\\/que-ocurre-si-provocamos-un-accidente-de-trafico-como-consecuencia-de-la-produccion-de-una-causa-de-fuerza-mayor\\\/\"},\"author\":{\"name\":\"Equipo reclamador\",\"@id\":\"https:\\\/\\\/www.reclamador.es\\\/blog\\\/#\\\/schema\\\/person\\\/1ed83eef8b6566cb5e4c812d9bc5c4bf\"},\"headline\":\"Accidente de tr\u00e1fico por una causa de fuerza mayor\",\"datePublished\":\"2019-07-14T11:39:00+00:00\",\"dateModified\":\"2024-10-08T13:19:41+00:00\",\"mainEntityOfPage\":{\"@id\":\"https:\\\/\\\/www.reclamador.es\\\/blog\\\/que-ocurre-si-provocamos-un-accidente-de-trafico-como-consecuencia-de-la-produccion-de-una-causa-de-fuerza-mayor\\\/\"},\"wordCount\":952,\"commentCount\":0,\"publisher\":{\"@id\":\"https:\\\/\\\/www.reclamador.es\\\/blog\\\/#organization\"},\"image\":{\"@id\":\"https:\\\/\\\/www.reclamador.es\\\/blog\\\/que-ocurre-si-provocamos-un-accidente-de-trafico-como-consecuencia-de-la-produccion-de-una-causa-de-fuerza-mayor\\\/#primaryimage\"},\"thumbnailUrl\":\"https:\\\/\\\/i0.wp.com\\\/www.reclamador.es\\\/blog\\\/wp-content\\\/uploads\\\/2015\\\/07\\\/accidente-de-trafico-por-fuerza-mayor.jpg?fit=1200%2C621&ssl=1\",\"keywords\":[\"accidentes\"],\"articleSection\":[\"Consejos legales\"],\"inLanguage\":\"es\",\"potentialAction\":[{\"@type\":\"CommentAction\",\"name\":\"Comment\",\"target\":[\"https:\\\/\\\/www.reclamador.es\\\/blog\\\/que-ocurre-si-provocamos-un-accidente-de-trafico-como-consecuencia-de-la-produccion-de-una-causa-de-fuerza-mayor\\\/#respond\"]}]},{\"@type\":\"WebPage\",\"@id\":\"https:\\\/\\\/www.reclamador.es\\\/blog\\\/que-ocurre-si-provocamos-un-accidente-de-trafico-como-consecuencia-de-la-produccion-de-una-causa-de-fuerza-mayor\\\/\",\"url\":\"https:\\\/\\\/www.reclamador.es\\\/blog\\\/que-ocurre-si-provocamos-un-accidente-de-trafico-como-consecuencia-de-la-produccion-de-una-causa-de-fuerza-mayor\\\/\",\"name\":\"Accidente de tr\u00e1fico por fuerza mayor\",\"isPartOf\":{\"@id\":\"https:\\\/\\\/www.reclamador.es\\\/blog\\\/#website\"},\"primaryImageOfPage\":{\"@id\":\"https:\\\/\\\/www.reclamador.es\\\/blog\\\/que-ocurre-si-provocamos-un-accidente-de-trafico-como-consecuencia-de-la-produccion-de-una-causa-de-fuerza-mayor\\\/#primaryimage\"},\"image\":{\"@id\":\"https:\\\/\\\/www.reclamador.es\\\/blog\\\/que-ocurre-si-provocamos-un-accidente-de-trafico-como-consecuencia-de-la-produccion-de-una-causa-de-fuerza-mayor\\\/#primaryimage\"},\"thumbnailUrl\":\"https:\\\/\\\/i0.wp.com\\\/www.reclamador.es\\\/blog\\\/wp-content\\\/uploads\\\/2015\\\/07\\\/accidente-de-trafico-por-fuerza-mayor.jpg?fit=1200%2C621&ssl=1\",\"datePublished\":\"2019-07-14T11:39:00+00:00\",\"dateModified\":\"2024-10-08T13:19:41+00:00\",\"description\":\"\u00bfHas sufrido un accidente y crees que es fuerza mayor? Todo lo que necesitas saber sobre accidentes de tr\u00e1fico por fuerza mayor en Espa\u00f1a.\",\"breadcrumb\":{\"@id\":\"https:\\\/\\\/www.reclamador.es\\\/blog\\\/que-ocurre-si-provocamos-un-accidente-de-trafico-como-consecuencia-de-la-produccion-de-una-causa-de-fuerza-mayor\\\/#breadcrumb\"},\"inLanguage\":\"es\",\"potentialAction\":[{\"@type\":\"ReadAction\",\"target\":[\"https:\\\/\\\/www.reclamador.es\\\/blog\\\/que-ocurre-si-provocamos-un-accidente-de-trafico-como-consecuencia-de-la-produccion-de-una-causa-de-fuerza-mayor\\\/\"]}]},{\"@type\":\"ImageObject\",\"inLanguage\":\"es\",\"@id\":\"https:\\\/\\\/www.reclamador.es\\\/blog\\\/que-ocurre-si-provocamos-un-accidente-de-trafico-como-consecuencia-de-la-produccion-de-una-causa-de-fuerza-mayor\\\/#primaryimage\",\"url\":\"https:\\\/\\\/i0.wp.com\\\/www.reclamador.es\\\/blog\\\/wp-content\\\/uploads\\\/2015\\\/07\\\/accidente-de-trafico-por-fuerza-mayor.jpg?fit=1200%2C621&ssl=1\",\"contentUrl\":\"https:\\\/\\\/i0.wp.com\\\/www.reclamador.es\\\/blog\\\/wp-content\\\/uploads\\\/2015\\\/07\\\/accidente-de-trafico-por-fuerza-mayor.jpg?fit=1200%2C621&ssl=1\",\"width\":1200,\"height\":621,\"caption\":\"Accidente de tr\u00e1fico por fuerza mayor\"},{\"@type\":\"BreadcrumbList\",\"@id\":\"https:\\\/\\\/www.reclamador.es\\\/blog\\\/que-ocurre-si-provocamos-un-accidente-de-trafico-como-consecuencia-de-la-produccion-de-una-causa-de-fuerza-mayor\\\/#breadcrumb\",\"itemListElement\":[{\"@type\":\"ListItem\",\"position\":1,\"name\":\"Portada\",\"item\":\"https:\\\/\\\/www.reclamador.es\\\/blog\\\/\"},{\"@type\":\"ListItem\",\"position\":2,\"name\":\"Accidente de tr\u00e1fico por una causa de fuerza mayor\"}]},{\"@type\":\"WebSite\",\"@id\":\"https:\\\/\\\/www.reclamador.es\\\/blog\\\/#website\",\"url\":\"https:\\\/\\\/www.reclamador.es\\\/blog\\\/\",\"name\":\"Rebeldes con causa, el blog de reclamador.es\",\"description\":\"Noticias, entrevistas y consejos sobre reclamaciones\",\"publisher\":{\"@id\":\"https:\\\/\\\/www.reclamador.es\\\/blog\\\/#organization\"},\"potentialAction\":[{\"@type\":\"SearchAction\",\"target\":{\"@type\":\"EntryPoint\",\"urlTemplate\":\"https:\\\/\\\/www.reclamador.es\\\/blog\\\/?s={search_term_string}\"},\"query-input\":{\"@type\":\"PropertyValueSpecification\",\"valueRequired\":true,\"valueName\":\"search_term_string\"}}],\"inLanguage\":\"es\"},{\"@type\":\"Organization\",\"@id\":\"https:\\\/\\\/www.reclamador.es\\\/blog\\\/#organization\",\"name\":\"reclamador.es\",\"url\":\"https:\\\/\\\/www.reclamador.es\\\/blog\\\/\",\"logo\":{\"@type\":\"ImageObject\",\"inLanguage\":\"es\",\"@id\":\"https:\\\/\\\/www.reclamador.es\\\/blog\\\/#\\\/schema\\\/logo\\\/image\\\/\",\"url\":\"https:\\\/\\\/i0.wp.com\\\/www.reclamador.es\\\/blog\\\/wp-content\\\/uploads\\\/2020\\\/01\\\/logo-reclamador.png?fit=1200%2C144&ssl=1\",\"contentUrl\":\"https:\\\/\\\/i0.wp.com\\\/www.reclamador.es\\\/blog\\\/wp-content\\\/uploads\\\/2020\\\/01\\\/logo-reclamador.png?fit=1200%2C144&ssl=1\",\"width\":1200,\"height\":144,\"caption\":\"reclamador.es\"},\"image\":{\"@id\":\"https:\\\/\\\/www.reclamador.es\\\/blog\\\/#\\\/schema\\\/logo\\\/image\\\/\"},\"sameAs\":[\"https:\\\/\\\/www.facebook.com\\\/reclamador.es\",\"https:\\\/\\\/x.com\\\/reclamador\",\"https:\\\/\\\/www.instagram.com\\\/reclamador.es\\\/\",\"https:\\\/\\\/www.linkedin.com\\\/company\\\/reclamador-es\",\"https:\\\/\\\/www.youtube.com\\\/user\\\/Reclamadores\"]},{\"@type\":\"Person\",\"@id\":\"https:\\\/\\\/www.reclamador.es\\\/blog\\\/#\\\/schema\\\/person\\\/1ed83eef8b6566cb5e4c812d9bc5c4bf\",\"name\":\"Equipo reclamador\",\"image\":{\"@type\":\"ImageObject\",\"inLanguage\":\"es\",\"@id\":\"https:\\\/\\\/secure.gravatar.com\\\/avatar\\\/6442ecdc2c4472c600c113f34d340feca47107d6aa4f42f1e3e75a2a8e28a760?s=96&d=mm&r=g\",\"url\":\"https:\\\/\\\/secure.gravatar.com\\\/avatar\\\/6442ecdc2c4472c600c113f34d340feca47107d6aa4f42f1e3e75a2a8e28a760?s=96&d=mm&r=g\",\"contentUrl\":\"https:\\\/\\\/secure.gravatar.com\\\/avatar\\\/6442ecdc2c4472c600c113f34d340feca47107d6aa4f42f1e3e75a2a8e28a760?s=96&d=mm&r=g\",\"caption\":\"Equipo reclamador\"},\"description\":\"Las personas que hacen posible reclamador.es\",\"url\":\"https:\\\/\\\/www.reclamador.es\\\/blog\\\/author\\\/administrador\\\/\"}]}<\/script>\n<!-- \/ Yoast SEO plugin. -->","yoast_head_json":{"title":"Accidente de tr\u00e1fico por fuerza mayor","description":"\u00bfHas sufrido un accidente y crees que es fuerza mayor? Todo lo que necesitas saber sobre accidentes de tr\u00e1fico por fuerza mayor en Espa\u00f1a.","robots":{"index":"index","follow":"follow","max-snippet":"max-snippet:-1","max-image-preview":"max-image-preview:large","max-video-preview":"max-video-preview:-1"},"canonical":"https:\/\/www.reclamador.es\/blog\/que-ocurre-si-provocamos-un-accidente-de-trafico-como-consecuencia-de-la-produccion-de-una-causa-de-fuerza-mayor\/","og_locale":"es_ES","og_type":"article","og_title":"Accidente de tr\u00e1fico por fuerza mayor","og_description":"\u00bfHas sufrido un accidente y crees que es fuerza mayor? Todo lo que necesitas saber sobre accidentes de tr\u00e1fico por fuerza mayor en Espa\u00f1a.","og_url":"https:\/\/www.reclamador.es\/blog\/que-ocurre-si-provocamos-un-accidente-de-trafico-como-consecuencia-de-la-produccion-de-una-causa-de-fuerza-mayor\/","og_site_name":"Rebeldes con causa, el blog de reclamador.es","article_publisher":"https:\/\/www.facebook.com\/reclamador.es","article_published_time":"2019-07-14T11:39:00+00:00","article_modified_time":"2024-10-08T13:19:41+00:00","og_image":[{"width":1200,"height":621,"url":"https:\/\/www.reclamador.es\/blog\/wp-content\/uploads\/2015\/07\/accidente-de-trafico-por-fuerza-mayor.jpg","type":"image\/jpeg"}],"author":"Equipo reclamador","twitter_card":"summary_large_image","twitter_creator":"@reclamador","twitter_site":"@reclamador","twitter_misc":{"Escrito por":"Equipo reclamador","Tiempo de lectura":"5 minutos"},"schema":{"@context":"https:\/\/schema.org","@graph":[{"@type":"Article","@id":"https:\/\/www.reclamador.es\/blog\/que-ocurre-si-provocamos-un-accidente-de-trafico-como-consecuencia-de-la-produccion-de-una-causa-de-fuerza-mayor\/#article","isPartOf":{"@id":"https:\/\/www.reclamador.es\/blog\/que-ocurre-si-provocamos-un-accidente-de-trafico-como-consecuencia-de-la-produccion-de-una-causa-de-fuerza-mayor\/"},"author":{"name":"Equipo reclamador","@id":"https:\/\/www.reclamador.es\/blog\/#\/schema\/person\/1ed83eef8b6566cb5e4c812d9bc5c4bf"},"headline":"Accidente de tr\u00e1fico por una causa de fuerza mayor","datePublished":"2019-07-14T11:39:00+00:00","dateModified":"2024-10-08T13:19:41+00:00","mainEntityOfPage":{"@id":"https:\/\/www.reclamador.es\/blog\/que-ocurre-si-provocamos-un-accidente-de-trafico-como-consecuencia-de-la-produccion-de-una-causa-de-fuerza-mayor\/"},"wordCount":952,"commentCount":0,"publisher":{"@id":"https:\/\/www.reclamador.es\/blog\/#organization"},"image":{"@id":"https:\/\/www.reclamador.es\/blog\/que-ocurre-si-provocamos-un-accidente-de-trafico-como-consecuencia-de-la-produccion-de-una-causa-de-fuerza-mayor\/#primaryimage"},"thumbnailUrl":"https:\/\/i0.wp.com\/www.reclamador.es\/blog\/wp-content\/uploads\/2015\/07\/accidente-de-trafico-por-fuerza-mayor.jpg?fit=1200%2C621&ssl=1","keywords":["accidentes"],"articleSection":["Consejos legales"],"inLanguage":"es","potentialAction":[{"@type":"CommentAction","name":"Comment","target":["https:\/\/www.reclamador.es\/blog\/que-ocurre-si-provocamos-un-accidente-de-trafico-como-consecuencia-de-la-produccion-de-una-causa-de-fuerza-mayor\/#respond"]}]},{"@type":"WebPage","@id":"https:\/\/www.reclamador.es\/blog\/que-ocurre-si-provocamos-un-accidente-de-trafico-como-consecuencia-de-la-produccion-de-una-causa-de-fuerza-mayor\/","url":"https:\/\/www.reclamador.es\/blog\/que-ocurre-si-provocamos-un-accidente-de-trafico-como-consecuencia-de-la-produccion-de-una-causa-de-fuerza-mayor\/","name":"Accidente de tr\u00e1fico por fuerza mayor","isPartOf":{"@id":"https:\/\/www.reclamador.es\/blog\/#website"},"primaryImageOfPage":{"@id":"https:\/\/www.reclamador.es\/blog\/que-ocurre-si-provocamos-un-accidente-de-trafico-como-consecuencia-de-la-produccion-de-una-causa-de-fuerza-mayor\/#primaryimage"},"image":{"@id":"https:\/\/www.reclamador.es\/blog\/que-ocurre-si-provocamos-un-accidente-de-trafico-como-consecuencia-de-la-produccion-de-una-causa-de-fuerza-mayor\/#primaryimage"},"thumbnailUrl":"https:\/\/i0.wp.com\/www.reclamador.es\/blog\/wp-content\/uploads\/2015\/07\/accidente-de-trafico-por-fuerza-mayor.jpg?fit=1200%2C621&ssl=1","datePublished":"2019-07-14T11:39:00+00:00","dateModified":"2024-10-08T13:19:41+00:00","description":"\u00bfHas sufrido un accidente y crees que es fuerza mayor? Todo lo que necesitas saber sobre accidentes de tr\u00e1fico por fuerza mayor en Espa\u00f1a.","breadcrumb":{"@id":"https:\/\/www.reclamador.es\/blog\/que-ocurre-si-provocamos-un-accidente-de-trafico-como-consecuencia-de-la-produccion-de-una-causa-de-fuerza-mayor\/#breadcrumb"},"inLanguage":"es","potentialAction":[{"@type":"ReadAction","target":["https:\/\/www.reclamador.es\/blog\/que-ocurre-si-provocamos-un-accidente-de-trafico-como-consecuencia-de-la-produccion-de-una-causa-de-fuerza-mayor\/"]}]},{"@type":"ImageObject","inLanguage":"es","@id":"https:\/\/www.reclamador.es\/blog\/que-ocurre-si-provocamos-un-accidente-de-trafico-como-consecuencia-de-la-produccion-de-una-causa-de-fuerza-mayor\/#primaryimage","url":"https:\/\/i0.wp.com\/www.reclamador.es\/blog\/wp-content\/uploads\/2015\/07\/accidente-de-trafico-por-fuerza-mayor.jpg?fit=1200%2C621&ssl=1","contentUrl":"https:\/\/i0.wp.com\/www.reclamador.es\/blog\/wp-content\/uploads\/2015\/07\/accidente-de-trafico-por-fuerza-mayor.jpg?fit=1200%2C621&ssl=1","width":1200,"height":621,"caption":"Accidente de tr\u00e1fico por fuerza mayor"},{"@type":"BreadcrumbList","@id":"https:\/\/www.reclamador.es\/blog\/que-ocurre-si-provocamos-un-accidente-de-trafico-como-consecuencia-de-la-produccion-de-una-causa-de-fuerza-mayor\/#breadcrumb","itemListElement":[{"@type":"ListItem","position":1,"name":"Portada","item":"https:\/\/www.reclamador.es\/blog\/"},{"@type":"ListItem","position":2,"name":"Accidente de tr\u00e1fico por una causa de fuerza mayor"}]},{"@type":"WebSite","@id":"https:\/\/www.reclamador.es\/blog\/#website","url":"https:\/\/www.reclamador.es\/blog\/","name":"Rebeldes con causa, el blog de reclamador.es","description":"Noticias, entrevistas y consejos sobre reclamaciones","publisher":{"@id":"https:\/\/www.reclamador.es\/blog\/#organization"},"potentialAction":[{"@type":"SearchAction","target":{"@type":"EntryPoint","urlTemplate":"https:\/\/www.reclamador.es\/blog\/?s={search_term_string}"},"query-input":{"@type":"PropertyValueSpecification","valueRequired":true,"valueName":"search_term_string"}}],"inLanguage":"es"},{"@type":"Organization","@id":"https:\/\/www.reclamador.es\/blog\/#organization","name":"reclamador.es","url":"https:\/\/www.reclamador.es\/blog\/","logo":{"@type":"ImageObject","inLanguage":"es","@id":"https:\/\/www.reclamador.es\/blog\/#\/schema\/logo\/image\/","url":"https:\/\/i0.wp.com\/www.reclamador.es\/blog\/wp-content\/uploads\/2020\/01\/logo-reclamador.png?fit=1200%2C144&ssl=1","contentUrl":"https:\/\/i0.wp.com\/www.reclamador.es\/blog\/wp-content\/uploads\/2020\/01\/logo-reclamador.png?fit=1200%2C144&ssl=1","width":1200,"height":144,"caption":"reclamador.es"},"image":{"@id":"https:\/\/www.reclamador.es\/blog\/#\/schema\/logo\/image\/"},"sameAs":["https:\/\/www.facebook.com\/reclamador.es","https:\/\/x.com\/reclamador","https:\/\/www.instagram.com\/reclamador.es\/","https:\/\/www.linkedin.com\/company\/reclamador-es","https:\/\/www.youtube.com\/user\/Reclamadores"]},{"@type":"Person","@id":"https:\/\/www.reclamador.es\/blog\/#\/schema\/person\/1ed83eef8b6566cb5e4c812d9bc5c4bf","name":"Equipo reclamador","image":{"@type":"ImageObject","inLanguage":"es","@id":"https:\/\/secure.gravatar.com\/avatar\/6442ecdc2c4472c600c113f34d340feca47107d6aa4f42f1e3e75a2a8e28a760?s=96&d=mm&r=g","url":"https:\/\/secure.gravatar.com\/avatar\/6442ecdc2c4472c600c113f34d340feca47107d6aa4f42f1e3e75a2a8e28a760?s=96&d=mm&r=g","contentUrl":"https:\/\/secure.gravatar.com\/avatar\/6442ecdc2c4472c600c113f34d340feca47107d6aa4f42f1e3e75a2a8e28a760?s=96&d=mm&r=g","caption":"Equipo reclamador"},"description":"Las personas que hacen posible reclamador.es","url":"https:\/\/www.reclamador.es\/blog\/author\/administrador\/"}]}},"jetpack_featured_media_url":"https:\/\/i0.wp.com\/www.reclamador.es\/blog\/wp-content\/uploads\/2015\/07\/accidente-de-trafico-por-fuerza-mayor.jpg?fit=1200%2C621&ssl=1","jetpack-related-posts":[{"id":1516,"url":"https:\/\/www.reclamador.es\/blog\/reclamacion-accidente-de-trafico-baremo\/","url_meta":{"origin":3303,"position":0},"title":"El baremo para calcular la indemnizaci\u00f3n por accidente de tr\u00e1fico","author":"Equipo reclamador","date":"29 julio, 2021","format":false,"excerpt":"Muchos conductores desconocen qu\u00e9 se puede reclamar a la compa\u00f1\u00eda aseguradora cuando se ha sufrido un accidente de tr\u00e1fico. As\u00ed, qu\u00e9 hacer o qu\u00e9 reclamar cuando sufrimos un siniestro es informaci\u00f3n que suelen buscar las v\u00edctimas de un accidente. Incluso, otra de las dudas habituales que surgen al sufrir este\u2026","rel":"","context":"En \u00abConsejos legales\u00bb","block_context":{"text":"Consejos legales","link":"https:\/\/www.reclamador.es\/blog\/consejos\/"},"img":{"alt_text":"baremo de accidentes de tr\u00e1fico","src":"https:\/\/i0.wp.com\/www.reclamador.es\/blog\/wp-content\/uploads\/2018\/02\/baremo-accidentes-2021-indemnizaciones.jpg?fit=1200%2C797&ssl=1&resize=350%2C200","width":350,"height":200,"srcset":"https:\/\/i0.wp.com\/www.reclamador.es\/blog\/wp-content\/uploads\/2018\/02\/baremo-accidentes-2021-indemnizaciones.jpg?fit=1200%2C797&ssl=1&resize=350%2C200 1x, https:\/\/i0.wp.com\/www.reclamador.es\/blog\/wp-content\/uploads\/2018\/02\/baremo-accidentes-2021-indemnizaciones.jpg?fit=1200%2C797&ssl=1&resize=525%2C300 1.5x, https:\/\/i0.wp.com\/www.reclamador.es\/blog\/wp-content\/uploads\/2018\/02\/baremo-accidentes-2021-indemnizaciones.jpg?fit=1200%2C797&ssl=1&resize=700%2C400 2x, https:\/\/i0.wp.com\/www.reclamador.es\/blog\/wp-content\/uploads\/2018\/02\/baremo-accidentes-2021-indemnizaciones.jpg?fit=1200%2C797&ssl=1&resize=1050%2C600 3x"},"classes":[]},{"id":3097,"url":"https:\/\/www.reclamador.es\/blog\/indemnizaciones-por-accidente-de-trafico-y-tipos-de-lesiones\/","url_meta":{"origin":3303,"position":1},"title":"Indemnizaciones por accidente de tr\u00e1fico y tipos de lesiones","author":"Equipo reclamador","date":"26 mayo, 2015","format":false,"excerpt":"Para calcular la indemnizaci\u00f3n que corresponde tras sufrir un accidente de tr\u00e1fico, una ca\u00edda en la calle o en un establecimiento comercial o un accidente ocurrido por negligencia m\u00e9dica hay que acudir al Baremo de tr\u00e1fico, (recogido en el Anexo del Real Decreto Legislativo 8\/2004, de 29 de octubre, por\u2026","rel":"","context":"En \u00abConsejos legales\u00bb","block_context":{"text":"Consejos legales","link":"https:\/\/www.reclamador.es\/blog\/consejos\/"},"img":{"alt_text":"sesion de rehabilitacion por lesiones en accidentes de trafico","src":"https:\/\/i0.wp.com\/www.reclamador.es\/blog\/wp-content\/uploads\/2015\/05\/lesiones-en-accidentes-de-trafico.jpg?fit=1200%2C630&ssl=1&resize=350%2C200","width":350,"height":200,"srcset":"https:\/\/i0.wp.com\/www.reclamador.es\/blog\/wp-content\/uploads\/2015\/05\/lesiones-en-accidentes-de-trafico.jpg?fit=1200%2C630&ssl=1&resize=350%2C200 1x, https:\/\/i0.wp.com\/www.reclamador.es\/blog\/wp-content\/uploads\/2015\/05\/lesiones-en-accidentes-de-trafico.jpg?fit=1200%2C630&ssl=1&resize=525%2C300 1.5x, https:\/\/i0.wp.com\/www.reclamador.es\/blog\/wp-content\/uploads\/2015\/05\/lesiones-en-accidentes-de-trafico.jpg?fit=1200%2C630&ssl=1&resize=700%2C400 2x, https:\/\/i0.wp.com\/www.reclamador.es\/blog\/wp-content\/uploads\/2015\/05\/lesiones-en-accidentes-de-trafico.jpg?fit=1200%2C630&ssl=1&resize=1050%2C600 3x"},"classes":[]},{"id":1332,"url":"https:\/\/www.reclamador.es\/blog\/como-reclamar-una-indemnizacion-tras-sufrir-un-accidente-de-trafico\/","url_meta":{"origin":3303,"position":2},"title":"\u00bfC\u00f3mo reclamar una indemnizaci\u00f3n tras sufrir un accidente de tr\u00e1fico?","author":"Equipo reclamador","date":"30 marzo, 2023","format":false,"excerpt":"C\u00f3mo reclamar una indemnizaci\u00f3n tras sufrir un accidente de tr\u00e1fico","rel":"","context":"En \u00abConsejos legales\u00bb","block_context":{"text":"Consejos legales","link":"https:\/\/www.reclamador.es\/blog\/consejos\/"},"img":{"alt_text":"C\u00f3mo reclamar una indemnizaci\u00f3n tras sufrir un accidente de tr\u00e1fico","src":"https:\/\/i0.wp.com\/www.reclamador.es\/blog\/wp-content\/uploads\/2015\/03\/Como-reclamar-una-indemnizacion-tras-sufrir-un-accidente-de-trafico.jpg?fit=1200%2C675&ssl=1&resize=350%2C200","width":350,"height":200,"srcset":"https:\/\/i0.wp.com\/www.reclamador.es\/blog\/wp-content\/uploads\/2015\/03\/Como-reclamar-una-indemnizacion-tras-sufrir-un-accidente-de-trafico.jpg?fit=1200%2C675&ssl=1&resize=350%2C200 1x, https:\/\/i0.wp.com\/www.reclamador.es\/blog\/wp-content\/uploads\/2015\/03\/Como-reclamar-una-indemnizacion-tras-sufrir-un-accidente-de-trafico.jpg?fit=1200%2C675&ssl=1&resize=525%2C300 1.5x, https:\/\/i0.wp.com\/www.reclamador.es\/blog\/wp-content\/uploads\/2015\/03\/Como-reclamar-una-indemnizacion-tras-sufrir-un-accidente-de-trafico.jpg?fit=1200%2C675&ssl=1&resize=700%2C400 2x, https:\/\/i0.wp.com\/www.reclamador.es\/blog\/wp-content\/uploads\/2015\/03\/Como-reclamar-una-indemnizacion-tras-sufrir-un-accidente-de-trafico.jpg?fit=1200%2C675&ssl=1&resize=1050%2C600 3x"},"classes":[]},{"id":2451,"url":"https:\/\/www.reclamador.es\/blog\/decalogo-de-cosas-a-saber-tras-un-accidente-de-trafico\/","url_meta":{"origin":3303,"position":3},"title":"\u00bfC\u00f3mo actuar en caso de accidente de tr\u00e1fico?","author":"Equipo reclamador","date":"30 noviembre, 2021","format":false,"excerpt":"Los \u00faltimos datos de a\u00f1o completo ofrecidos por la DGT sobre accidentes de tr\u00e1fico son de 2020. El pasado a\u00f1o, se produjeron en Espa\u00f1a un total de 72.959 accidentes de tr\u00e1fico con v\u00edctimas, en los que, adem\u00e1s 1.370 personas perdieron la vida. As\u00ed, la DGT tambi\u00e9n informa que 94.562 personas\u2026","rel":"","context":"En \u00abConsejos legales\u00bb","block_context":{"text":"Consejos legales","link":"https:\/\/www.reclamador.es\/blog\/consejos\/"},"img":{"alt_text":"reclamador - abogados accidentes de tr\u00e1fico","src":"https:\/\/i0.wp.com\/www.reclamador.es\/blog\/wp-content\/uploads\/2018\/12\/como-actuar-en-caso-de-accidente-de-trafico.jpg?fit=1199%2C687&ssl=1&resize=350%2C200","width":350,"height":200,"srcset":"https:\/\/i0.wp.com\/www.reclamador.es\/blog\/wp-content\/uploads\/2018\/12\/como-actuar-en-caso-de-accidente-de-trafico.jpg?fit=1199%2C687&ssl=1&resize=350%2C200 1x, https:\/\/i0.wp.com\/www.reclamador.es\/blog\/wp-content\/uploads\/2018\/12\/como-actuar-en-caso-de-accidente-de-trafico.jpg?fit=1199%2C687&ssl=1&resize=525%2C300 1.5x, https:\/\/i0.wp.com\/www.reclamador.es\/blog\/wp-content\/uploads\/2018\/12\/como-actuar-en-caso-de-accidente-de-trafico.jpg?fit=1199%2C687&ssl=1&resize=700%2C400 2x, https:\/\/i0.wp.com\/www.reclamador.es\/blog\/wp-content\/uploads\/2018\/12\/como-actuar-en-caso-de-accidente-de-trafico.jpg?fit=1199%2C687&ssl=1&resize=1050%2C600 3x"},"classes":[]},{"id":21262,"url":"https:\/\/www.reclamador.es\/blog\/accidente-trafico-por-alcance-indemnizacion\/","url_meta":{"origin":3303,"position":4},"title":"Accidente de tr\u00e1fico por alcance: \u00bfQu\u00e9 es?, \u00bfqui\u00e9n es el culpable?, \u00bfcu\u00e1ndo corresponde indemnizaci\u00f3n?","author":"Equipo reclamador","date":"10 agosto, 2020","format":false,"excerpt":"*Contenido actualizado abril 2025 Una situaci\u00f3n habitual en las carreteras: un veh\u00edculo llega a una rotonda y frena al ver que una moto se acerca y no puede continuar la marcha. Detr\u00e1s del veh\u00edculo parado llega otra coche que colisiona por detr\u00e1s con el primero, al no darle tiempo a\u2026","rel":"","context":"En \u00abConsejos legales\u00bb","block_context":{"text":"Consejos legales","link":"https:\/\/www.reclamador.es\/blog\/consejos\/"},"img":{"alt_text":"accidente por alcance","src":"https:\/\/i0.wp.com\/www.reclamador.es\/blog\/wp-content\/uploads\/2020\/08\/accidente-por-alcance-colision-trasera-abogados.jpg?fit=1200%2C685&ssl=1&resize=350%2C200","width":350,"height":200,"srcset":"https:\/\/i0.wp.com\/www.reclamador.es\/blog\/wp-content\/uploads\/2020\/08\/accidente-por-alcance-colision-trasera-abogados.jpg?fit=1200%2C685&ssl=1&resize=350%2C200 1x, https:\/\/i0.wp.com\/www.reclamador.es\/blog\/wp-content\/uploads\/2020\/08\/accidente-por-alcance-colision-trasera-abogados.jpg?fit=1200%2C685&ssl=1&resize=525%2C300 1.5x, https:\/\/i0.wp.com\/www.reclamador.es\/blog\/wp-content\/uploads\/2020\/08\/accidente-por-alcance-colision-trasera-abogados.jpg?fit=1200%2C685&ssl=1&resize=700%2C400 2x, https:\/\/i0.wp.com\/www.reclamador.es\/blog\/wp-content\/uploads\/2020\/08\/accidente-por-alcance-colision-trasera-abogados.jpg?fit=1200%2C685&ssl=1&resize=1050%2C600 3x"},"classes":[]},{"id":1683,"url":"https:\/\/www.reclamador.es\/blog\/tipos-de-accidentes\/","url_meta":{"origin":3303,"position":5},"title":"Tipos de accidentes de tr\u00e1fico","author":"Equipo reclamador","date":"3 noviembre, 2016","format":false,"excerpt":"Para hablar propiamente de un accidente de tr\u00e1fico tienen que darse obligatoriamente dos circunstancias sin las cuales no podr\u00edamos definirlo como tal: el siniestro debe producirse en una v\u00eda de circulaci\u00f3n y por otra parte que haya implicado al menos un veh\u00edculo en movimiento. Seg\u00fan la OMS\u00a0el t\u00e9rmino \u201caccidente de\u2026","rel":"","context":"En \u00abConsejos legales\u00bb","block_context":{"text":"Consejos legales","link":"https:\/\/www.reclamador.es\/blog\/consejos\/"},"img":{"alt_text":"accidentes - consultas legales","src":"https:\/\/i0.wp.com\/www.reclamador.es\/blog\/wp-content\/uploads\/2014\/11\/tipos-de-accidentes-reclamador.jpg?fit=1200%2C685&ssl=1&resize=350%2C200","width":350,"height":200,"srcset":"https:\/\/i0.wp.com\/www.reclamador.es\/blog\/wp-content\/uploads\/2014\/11\/tipos-de-accidentes-reclamador.jpg?fit=1200%2C685&ssl=1&resize=350%2C200 1x, https:\/\/i0.wp.com\/www.reclamador.es\/blog\/wp-content\/uploads\/2014\/11\/tipos-de-accidentes-reclamador.jpg?fit=1200%2C685&ssl=1&resize=525%2C300 1.5x, https:\/\/i0.wp.com\/www.reclamador.es\/blog\/wp-content\/uploads\/2014\/11\/tipos-de-accidentes-reclamador.jpg?fit=1200%2C685&ssl=1&resize=700%2C400 2x, https:\/\/i0.wp.com\/www.reclamador.es\/blog\/wp-content\/uploads\/2014\/11\/tipos-de-accidentes-reclamador.jpg?fit=1200%2C685&ssl=1&resize=1050%2C600 3x"},"classes":[]}],"jetpack_sharing_enabled":true,"_links":{"self":[{"href":"https:\/\/www.reclamador.es\/blog\/wp-json\/wp\/v2\/posts\/3303","targetHints":{"allow":["GET"]}}],"collection":[{"href":"https:\/\/www.reclamador.es\/blog\/wp-json\/wp\/v2\/posts"}],"about":[{"href":"https:\/\/www.reclamador.es\/blog\/wp-json\/wp\/v2\/types\/post"}],"author":[{"embeddable":true,"href":"https:\/\/www.reclamador.es\/blog\/wp-json\/wp\/v2\/users\/1"}],"replies":[{"embeddable":true,"href":"https:\/\/www.reclamador.es\/blog\/wp-json\/wp\/v2\/comments?post=3303"}],"version-history":[{"count":20,"href":"https:\/\/www.reclamador.es\/blog\/wp-json\/wp\/v2\/posts\/3303\/revisions"}],"predecessor-version":[{"id":33020,"href":"https:\/\/www.reclamador.es\/blog\/wp-json\/wp\/v2\/posts\/3303\/revisions\/33020"}],"wp:featuredmedia":[{"embeddable":true,"href":"https:\/\/www.reclamador.es\/blog\/wp-json\/wp\/v2\/media\/33019"}],"wp:attachment":[{"href":"https:\/\/www.reclamador.es\/blog\/wp-json\/wp\/v2\/media?parent=3303"}],"wp:term":[{"taxonomy":"category","embeddable":true,"href":"https:\/\/www.reclamador.es\/blog\/wp-json\/wp\/v2\/categories?post=3303"},{"taxonomy":"post_tag","embeddable":true,"href":"https:\/\/www.reclamador.es\/blog\/wp-json\/wp\/v2\/tags?post=3303"}],"curies":[{"name":"wp","href":"https:\/\/api.w.org\/{rel}","templated":true}]}}