{"id":3290,"date":"2015-06-30T17:44:31","date_gmt":"2015-06-30T15:44:31","guid":{"rendered":"https:\/\/www.reclamador.es\/blog\/?p=3290"},"modified":"2024-09-24T17:01:19","modified_gmt":"2024-09-24T15:01:19","slug":"reclamaciones-laborales-responsabilidad-administrador-empresa","status":"publish","type":"post","link":"https:\/\/www.reclamador.es\/blog\/reclamaciones-laborales-responsabilidad-administrador-empresa\/","title":{"rendered":"Reclamaciones laborales: responsabilidad del administrador de empresa"},"content":{"rendered":"<div class=\"ttr_start\"><\/div>\n\n<div class=\"kk-star-ratings kksr-auto kksr-align-right kksr-valign-top\"\n    data-payload='{&quot;align&quot;:&quot;right&quot;,&quot;id&quot;:&quot;3290&quot;,&quot;slug&quot;:&quot;default&quot;,&quot;valign&quot;:&quot;top&quot;,&quot;ignore&quot;:&quot;&quot;,&quot;reference&quot;:&quot;auto&quot;,&quot;class&quot;:&quot;&quot;,&quot;count&quot;:&quot;2&quot;,&quot;legendonly&quot;:&quot;&quot;,&quot;readonly&quot;:&quot;&quot;,&quot;score&quot;:&quot;5&quot;,&quot;starsonly&quot;:&quot;&quot;,&quot;best&quot;:&quot;5&quot;,&quot;gap&quot;:&quot;3&quot;,&quot;greet&quot;:&quot;Valora este art\u00edculo&quot;,&quot;legend&quot;:&quot;5\\\/5 - (2 votos)&quot;,&quot;size&quot;:&quot;20&quot;,&quot;title&quot;:&quot;Reclamaciones laborales: responsabilidad del administrador de empresa&quot;,&quot;width&quot;:&quot;113.5&quot;,&quot;_legend&quot;:&quot;{score}\\\/{best} - ({count} {votes})&quot;,&quot;font_factor&quot;:&quot;1.25&quot;}'>\n            \n<div class=\"kksr-stars\">\n    \n<div class=\"kksr-stars-inactive\">\n            <div class=\"kksr-star\" data-star=\"1\" style=\"padding-right: 3px\">\n            \n\n<div class=\"kksr-icon\" style=\"width: 20px; height: 20px;\"><\/div>\n        <\/div>\n            <div class=\"kksr-star\" data-star=\"2\" style=\"padding-right: 3px\">\n            \n\n<div class=\"kksr-icon\" style=\"width: 20px; height: 20px;\"><\/div>\n        <\/div>\n            <div class=\"kksr-star\" data-star=\"3\" style=\"padding-right: 3px\">\n            \n\n<div class=\"kksr-icon\" style=\"width: 20px; height: 20px;\"><\/div>\n        <\/div>\n            <div class=\"kksr-star\" data-star=\"4\" style=\"padding-right: 3px\">\n            \n\n<div class=\"kksr-icon\" style=\"width: 20px; height: 20px;\"><\/div>\n        <\/div>\n            <div class=\"kksr-star\" data-star=\"5\" style=\"padding-right: 3px\">\n            \n\n<div class=\"kksr-icon\" style=\"width: 20px; height: 20px;\"><\/div>\n        <\/div>\n    <\/div>\n    \n<div class=\"kksr-stars-active\" style=\"width: 113.5px;\">\n            <div class=\"kksr-star\" style=\"padding-right: 3px\">\n            \n\n<div class=\"kksr-icon\" style=\"width: 20px; height: 20px;\"><\/div>\n        <\/div>\n            <div class=\"kksr-star\" style=\"padding-right: 3px\">\n            \n\n<div class=\"kksr-icon\" style=\"width: 20px; height: 20px;\"><\/div>\n        <\/div>\n            <div class=\"kksr-star\" style=\"padding-right: 3px\">\n            \n\n<div class=\"kksr-icon\" style=\"width: 20px; height: 20px;\"><\/div>\n        <\/div>\n            <div class=\"kksr-star\" style=\"padding-right: 3px\">\n            \n\n<div class=\"kksr-icon\" style=\"width: 20px; height: 20px;\"><\/div>\n        <\/div>\n            <div class=\"kksr-star\" style=\"padding-right: 3px\">\n            \n\n<div class=\"kksr-icon\" style=\"width: 20px; height: 20px;\"><\/div>\n        <\/div>\n    <\/div>\n<\/div>\n                \n\n<div class=\"kksr-legend\" style=\"font-size: 16px;\">\n            5\/5 - (2 votos)    <\/div>\n    <\/div>\n<figure>\n<p><figure id=\"attachment_32902\" aria-describedby=\"caption-attachment-32902\" style=\"width: 1200px\" class=\"wp-caption aligncenter\"><img data-recalc-dims=\"1\" loading=\"lazy\" decoding=\"async\" class=\"size-full wp-image-32902\" src=\"https:\/\/i0.wp.com\/www.reclamador.es\/blog\/wp-content\/uploads\/2015\/06\/administrador-de-una-empresa-reclamador.jpg?resize=1200%2C630&#038;ssl=1\" alt=\"Administrador de una empresa\" width=\"1200\" height=\"630\" srcset=\"https:\/\/i0.wp.com\/www.reclamador.es\/blog\/wp-content\/uploads\/2015\/06\/administrador-de-una-empresa-reclamador.jpg?w=1200&amp;ssl=1 1200w, https:\/\/i0.wp.com\/www.reclamador.es\/blog\/wp-content\/uploads\/2015\/06\/administrador-de-una-empresa-reclamador.jpg?resize=800%2C420&amp;ssl=1 800w, https:\/\/i0.wp.com\/www.reclamador.es\/blog\/wp-content\/uploads\/2015\/06\/administrador-de-una-empresa-reclamador.jpg?resize=150%2C79&amp;ssl=1 150w, https:\/\/i0.wp.com\/www.reclamador.es\/blog\/wp-content\/uploads\/2015\/06\/administrador-de-una-empresa-reclamador.jpg?resize=768%2C403&amp;ssl=1 768w\" sizes=\"auto, (max-width: 1000px) 100vw, 1000px\" \/><figcaption id=\"caption-attachment-32902\" class=\"wp-caption-text\"><em>Administrador de una empresa<\/em><\/figcaption><\/figure><\/figure>\n<p style=\"text-align: justify;\">Es habitual desde la \u00faltima reforma del <strong><a title=\"estatuto de los trabajadores\" href=\"https:\/\/www.boe.es\/buscar\/act.php?id=BOE-A-1995-7730\" target=\"_blank\" rel=\"noopener noreferrer\">Estatuto de los Trabajadores<\/a><\/strong>, que el empleador se\u00f1ale que no es posible mantener los contratos de trabajo debido a p\u00e9rdidas o falta de negocios e, incluso, que no tiene capital alguno, para justificar el <strong>despido por causas econ\u00f3micas<\/strong>. En este post vamos a tratar un tema<\/p>\n<h2 style=\"text-align: justify;\">Tendencia de los administradores frente a la Ley<\/h2>\n<p style=\"text-align: justify;\">Si bien en algunos supuestos ser\u00e1 cierta esa situaci\u00f3n apocal\u00edptica, lo cierto es que no es infrecuente que o bien el administrador se despreocupe de sus obligaciones societarias pensando que estaba protegido por la naturaleza jur\u00eddica propia de la sociedad administrada -ya que no le repercutir\u00eda a su patrimonio- o, en el peor de los casos, hac\u00eda que se descapitalizara la mercantil <em>ad hoc<\/em> a fin de presentar cuentas negativas ocultando o desviando el empresario dicho capital a su propio patrimonio, o incluso, el haber creador la empresa contratante para una actividad propia y as\u00ed eludir su responsabilidad.<\/p>\n<p style=\"text-align: justify;\">En estas situaciones la Ley de Sociedades de Capital, en su cap\u00edtulo V, determina el r\u00e9gimen de responsabilidad de los administradores. Ahora bien en caso de querer ejercitar dicha acci\u00f3n, la misma deb\u00eda hacerse mediante una doble v\u00eda, la laboral para reclamar el despido, y la mercantil, a la que hab\u00eda que acudir una vez agotada la anterior -y en el caso de no querer acudir al FOGAA- a fin de conseguir que el administrador respondiera por las deudas laborales. Ello conllevaba a que se alargara la reclamaci\u00f3n y se disgregaran en dos procesos consecutivos (uno la reclamaci\u00f3n contra la mercantil y otro posterior contra el administrador), teniendo como resultado que el trabajador era perjudicado por una duplicidad de procesos y que aceptara con hartazgo la merma que supone\u00a0 aceptar la indemnizaci\u00f3n del FOGASA.<\/p>\n<h2 style=\"text-align: justify;\">Tribunal Supremo y responsabilidad del administrador de una empresa<\/h2>\n<p style=\"text-align: justify;\">Pero ello acab\u00f3 en el a\u00f1o 2012. En dicho a\u00f1o el Tribunal Supremo unific\u00f3 jurisprudencia mediante la sentencia de 10 de septiembre de 2012 (<strong><a title=\"Sentencia STS 27422013\" href=\"https:\/\/www.poderjudicial.es\/search\/doAction?action=contentpdf&amp;databasematch=TS&amp;reference=6737566&amp;links=%22RAFAEL%20SARAZA%20JIMENA%22&amp;optimize=20130607&amp;publicinterface=true\" target=\"_blank\" rel=\"noopener noreferrer\">Sentencia STS 2742\/2013<\/a><\/strong><em>)<\/em> en la que unificaba criterios y establec\u00eda que <strong>en casos de reclamaci\u00f3n contra una mercantil y posibilidad de derivaci\u00f3n de la responsabilidad hacia el administrador<\/strong> <strong>se puede acumular ambas acciones en un s\u00f3lo proceso<\/strong> ya que lo contrario: \"supondr\u00eda imponer al acreedor la necesidad de plantear dos demandas ante juzgados de \u00f3rdenes jurisdiccionales distintos para llevar reclamar la satisfacci\u00f3n de una misma y \u00fanica pretensi\u00f3n\u201d.<\/p>\n<p style=\"text-align: justify;\">Para ejercer dicha acci\u00f3n, <strong>no es necesaria la existencia de da\u00f1o o de relaci\u00f3n de causalidad entre el <\/strong><strong>incumplimiento del administrador y la deuda generada <\/strong><strong>sino que su responsabilidad es la debida <\/strong>como \u201cbuen padre de familia\u201d evitando que sigan existiendo empresas inviables e incumpliendo sus obligaciones explicitadas en el <strong>art\u00edculo 363 de la Ley de Sociedades de Capital<\/strong> y que se resumen en:<\/p>\n<h3><strong>Ley de Sociedad de Capital<\/strong><\/h3>\n<ul style=\"text-align: justify;\">\n<li>Conclusi\u00f3n de la empresa o la imposibilidad manifiesta de conseguir el fin social o por la paralizaci\u00f3n de los \u00f3rganos sociales, de modo que resulte imposible su funcionamiento.<\/li>\n<li>P\u00e9rdidas que dejen reducido el patrimonio neto a una cantidad inferior a la mitad del capital social, a no ser que \u00e9ste se aumente o se reduzca en la medida suficiente.<\/li>\n<li>Reducci\u00f3n del capital social por debajo del m\u00ednimo legal, que no sea consecuencia del cumplimiento de una ley.<\/li>\n<li>Porque el valor nominal de las participaciones sociales sin voto o de las acciones sin voto excediera de la mitad del capital social desembolsado y no se restableciera la proporci\u00f3n en el plazo de dos a\u00f1os.<\/li>\n<li>Cualquier otra causa establecida en los estatutos.<\/li>\n<li>En las sociedades de responsabilidad limitada, en particular tambi\u00e9n existe causa por falta de ejercicio de la actividad o actividades que constituyan el objeto social durante 3 a\u00f1os consecutivos.<\/li>\n<\/ul>\n<h2><strong>Reclamar la responsabilidad del administrador de una empresa<\/strong><\/h2>\n<p style=\"text-align: justify;\">La acci\u00f3n de responsabilidad persigue que <strong>no responsabilizar\u00e1 al administrador de todas las deudas sino aquellas debidas por el incumplimiento de sus obligaciones o por un comportamiento omisivo<\/strong>. La jurisprudencia (sentencias de la Sala 1\u00aa del Tribunal Supremo de 28 de abril de 2006 y 7 de febrero de 2007) explicita que la aplicaci\u00f3n del r\u00e9gimen de responsabilidad del administrador social \"<em>no exige m\u00e1s que el enlace causal preestablecido en la propia norma<\/em>\". Como ense\u00f1a, adem\u00e1s, la sentencia de la Sala 1\u00aa del Tribunal Supremo de 20 de febrero de 2007 (y en el mismo sentido se reiter\u00f3 en la de 14 de mayo de 2007):<br \/>\n\"<strong><em>La acci\u00f3n para reclamar la responsabilidad solidaria de los administradores<\/em><\/strong><em> \u2026 <strong>no depende de la existencia de un nexo causal con el da\u00f1o originado<\/strong> a los acreedores reclamantes, ni siquiera de la existencia del da\u00f1o mismo, pues constituye una responsabilidad formal de car\u00e1cter solidario respecto de las deudas sociales, que (.) <strong>nace de la omisi\u00f3n del deber de promover la disoluci\u00f3n en los supuestos legalmente previstos <\/strong>(SSTS de 3 de abril de 1998, 20 de abril de 1999, 22 de diciembre de 1999, de 20 de diciembre de 2000, 20 de julio de 2001, 25 de abril de 2002 y 14 de noviembre de 2002, entre otras)<\/em>\".<\/p>\n<h2 style=\"text-align: justify;\">Responsabilidad del administrador ante los trabajadores<\/h2>\n<p style=\"text-align: justify;\">En consecuencia <strong>se debe exigir al administrador que se responsabilice tanto de las deudas<\/strong> que impiden a que los trabajadores puedan recibir sus haberes salariales, <strong>como de las indemnizaciones que legalmente le corresponden<\/strong>, con independencia de su buena o mala fe, sino s\u00f3lo por la falta de diligencia al no atender a las obligaciones impuesta por ley ya que ni promovi\u00f3 la disoluci\u00f3n ni adopt\u00f3 ninguna medida efectiva ni id\u00f3nea para reequilibrar la situaci\u00f3n econ\u00f3mica de la empresa que le impulsara a una reestructuraci\u00f3n empresarial, pasando por el proceso concursal, que dotara de garant\u00edas a los acreedores (y entre ellos sus propios trabajadores).<\/p>\n<div class=\"ttr_end\"><\/div>","protected":false},"excerpt":{"rendered":"<p>Es habitual desde la \u00faltima reforma del Estatuto de los Trabajadores, que el empleador se\u00f1ale que no es posible mantener los contratos de trabajo debido a p\u00e9rdidas o falta de negocios e, incluso, que no tiene capital alguno, para justificar el despido por causas econ\u00f3micas. En este post vamos a tratar un tema Tendencia de [&hellip;]<\/p>\n","protected":false},"author":1,"featured_media":32902,"comment_status":"open","ping_status":"open","sticky":false,"template":"","format":"standard","meta":{"_acf_changed":false,"_genesis_hide_title":false,"_genesis_hide_breadcrumbs":false,"_genesis_hide_singular_image":false,"_genesis_hide_footer_widgets":false,"_genesis_custom_body_class":"","_genesis_custom_post_class":"","_genesis_layout":"","_jetpack_newsletter_access":"","_jetpack_dont_email_post_to_subs":true,"_jetpack_newsletter_tier_id":0,"_jetpack_memberships_contains_paywalled_content":false,"_jetpack_memberships_contains_paid_content":false,"footnotes":""},"categories":[393],"tags":[266],"class_list":{"0":"post-3290","1":"post","2":"type-post","3":"status-publish","4":"format-standard","5":"has-post-thumbnail","7":"category-consejos","8":"tag-laboral","9":"entry"},"acf":[],"yoast_head":"<!-- This site is optimized with the Yoast SEO plugin v27.4 - https:\/\/yoast.com\/product\/yoast-seo-wordpress\/ -->\n<title>Responsabilidad del administrador de una empresa<\/title>\n<meta name=\"description\" content=\"\u00bfProblemas laborales? A continuaci\u00f3n encontrar\u00e1s un interesante art\u00edculo sobre las responsabilidades del administrador de una empresa.\" \/>\n<meta name=\"robots\" content=\"index, follow, max-snippet:-1, max-image-preview:large, max-video-preview:-1\" \/>\n<link rel=\"canonical\" href=\"https:\/\/www.reclamador.es\/blog\/reclamaciones-laborales-responsabilidad-administrador-empresa\/\" \/>\n<meta property=\"og:locale\" content=\"es_ES\" \/>\n<meta property=\"og:type\" content=\"article\" \/>\n<meta property=\"og:title\" content=\"Responsabilidad del administrador de una empresa\" \/>\n<meta property=\"og:description\" content=\"\u00bfProblemas laborales? A continuaci\u00f3n encontrar\u00e1s un interesante art\u00edculo sobre las responsabilidades del administrador de una empresa.\" \/>\n<meta property=\"og:url\" content=\"https:\/\/www.reclamador.es\/blog\/reclamaciones-laborales-responsabilidad-administrador-empresa\/\" \/>\n<meta property=\"og:site_name\" content=\"Rebeldes con causa, el blog de reclamador.es\" \/>\n<meta property=\"article:publisher\" content=\"https:\/\/www.facebook.com\/reclamador.es\" \/>\n<meta property=\"article:published_time\" content=\"2015-06-30T15:44:31+00:00\" \/>\n<meta property=\"article:modified_time\" content=\"2024-09-24T15:01:19+00:00\" \/>\n<meta property=\"og:image\" content=\"https:\/\/www.reclamador.es\/blog\/wp-content\/uploads\/2015\/06\/administrador-de-una-empresa-reclamador.jpg\" \/>\n\t<meta property=\"og:image:width\" content=\"1200\" \/>\n\t<meta property=\"og:image:height\" content=\"630\" \/>\n\t<meta property=\"og:image:type\" content=\"image\/jpeg\" \/>\n<meta name=\"author\" content=\"Equipo reclamador\" \/>\n<meta name=\"twitter:card\" content=\"summary_large_image\" \/>\n<meta name=\"twitter:creator\" content=\"@reclamador\" \/>\n<meta name=\"twitter:site\" content=\"@reclamador\" \/>\n<meta name=\"twitter:label1\" content=\"Escrito por\" \/>\n\t<meta name=\"twitter:data1\" content=\"Equipo reclamador\" \/>\n\t<meta name=\"twitter:label2\" content=\"Tiempo de lectura\" \/>\n\t<meta name=\"twitter:data2\" content=\"5 minutos\" \/>\n<script type=\"application\/ld+json\" class=\"yoast-schema-graph\">{\"@context\":\"https:\\\/\\\/schema.org\",\"@graph\":[{\"@type\":\"Article\",\"@id\":\"https:\\\/\\\/www.reclamador.es\\\/blog\\\/reclamaciones-laborales-responsabilidad-administrador-empresa\\\/#article\",\"isPartOf\":{\"@id\":\"https:\\\/\\\/www.reclamador.es\\\/blog\\\/reclamaciones-laborales-responsabilidad-administrador-empresa\\\/\"},\"author\":{\"name\":\"Equipo reclamador\",\"@id\":\"https:\\\/\\\/www.reclamador.es\\\/blog\\\/#\\\/schema\\\/person\\\/1ed83eef8b6566cb5e4c812d9bc5c4bf\"},\"headline\":\"Reclamaciones laborales: responsabilidad del administrador de empresa\",\"datePublished\":\"2015-06-30T15:44:31+00:00\",\"dateModified\":\"2024-09-24T15:01:19+00:00\",\"mainEntityOfPage\":{\"@id\":\"https:\\\/\\\/www.reclamador.es\\\/blog\\\/reclamaciones-laborales-responsabilidad-administrador-empresa\\\/\"},\"wordCount\":986,\"commentCount\":10,\"publisher\":{\"@id\":\"https:\\\/\\\/www.reclamador.es\\\/blog\\\/#organization\"},\"image\":{\"@id\":\"https:\\\/\\\/www.reclamador.es\\\/blog\\\/reclamaciones-laborales-responsabilidad-administrador-empresa\\\/#primaryimage\"},\"thumbnailUrl\":\"https:\\\/\\\/i0.wp.com\\\/www.reclamador.es\\\/blog\\\/wp-content\\\/uploads\\\/2015\\\/06\\\/administrador-de-una-empresa-reclamador.jpg?fit=1200%2C630&ssl=1\",\"keywords\":[\"laboral\"],\"articleSection\":[\"Consejos legales\"],\"inLanguage\":\"es\",\"potentialAction\":[{\"@type\":\"CommentAction\",\"name\":\"Comment\",\"target\":[\"https:\\\/\\\/www.reclamador.es\\\/blog\\\/reclamaciones-laborales-responsabilidad-administrador-empresa\\\/#respond\"]}]},{\"@type\":\"WebPage\",\"@id\":\"https:\\\/\\\/www.reclamador.es\\\/blog\\\/reclamaciones-laborales-responsabilidad-administrador-empresa\\\/\",\"url\":\"https:\\\/\\\/www.reclamador.es\\\/blog\\\/reclamaciones-laborales-responsabilidad-administrador-empresa\\\/\",\"name\":\"Responsabilidad del administrador de una empresa\",\"isPartOf\":{\"@id\":\"https:\\\/\\\/www.reclamador.es\\\/blog\\\/#website\"},\"primaryImageOfPage\":{\"@id\":\"https:\\\/\\\/www.reclamador.es\\\/blog\\\/reclamaciones-laborales-responsabilidad-administrador-empresa\\\/#primaryimage\"},\"image\":{\"@id\":\"https:\\\/\\\/www.reclamador.es\\\/blog\\\/reclamaciones-laborales-responsabilidad-administrador-empresa\\\/#primaryimage\"},\"thumbnailUrl\":\"https:\\\/\\\/i0.wp.com\\\/www.reclamador.es\\\/blog\\\/wp-content\\\/uploads\\\/2015\\\/06\\\/administrador-de-una-empresa-reclamador.jpg?fit=1200%2C630&ssl=1\",\"datePublished\":\"2015-06-30T15:44:31+00:00\",\"dateModified\":\"2024-09-24T15:01:19+00:00\",\"description\":\"\u00bfProblemas laborales? A continuaci\u00f3n encontrar\u00e1s un interesante art\u00edculo sobre las responsabilidades del administrador de una empresa.\",\"breadcrumb\":{\"@id\":\"https:\\\/\\\/www.reclamador.es\\\/blog\\\/reclamaciones-laborales-responsabilidad-administrador-empresa\\\/#breadcrumb\"},\"inLanguage\":\"es\",\"potentialAction\":[{\"@type\":\"ReadAction\",\"target\":[\"https:\\\/\\\/www.reclamador.es\\\/blog\\\/reclamaciones-laborales-responsabilidad-administrador-empresa\\\/\"]}]},{\"@type\":\"ImageObject\",\"inLanguage\":\"es\",\"@id\":\"https:\\\/\\\/www.reclamador.es\\\/blog\\\/reclamaciones-laborales-responsabilidad-administrador-empresa\\\/#primaryimage\",\"url\":\"https:\\\/\\\/i0.wp.com\\\/www.reclamador.es\\\/blog\\\/wp-content\\\/uploads\\\/2015\\\/06\\\/administrador-de-una-empresa-reclamador.jpg?fit=1200%2C630&ssl=1\",\"contentUrl\":\"https:\\\/\\\/i0.wp.com\\\/www.reclamador.es\\\/blog\\\/wp-content\\\/uploads\\\/2015\\\/06\\\/administrador-de-una-empresa-reclamador.jpg?fit=1200%2C630&ssl=1\",\"width\":1200,\"height\":630,\"caption\":\"Administrador de una empresa\"},{\"@type\":\"BreadcrumbList\",\"@id\":\"https:\\\/\\\/www.reclamador.es\\\/blog\\\/reclamaciones-laborales-responsabilidad-administrador-empresa\\\/#breadcrumb\",\"itemListElement\":[{\"@type\":\"ListItem\",\"position\":1,\"name\":\"Portada\",\"item\":\"https:\\\/\\\/www.reclamador.es\\\/blog\\\/\"},{\"@type\":\"ListItem\",\"position\":2,\"name\":\"Reclamaciones laborales: responsabilidad del administrador de empresa\"}]},{\"@type\":\"WebSite\",\"@id\":\"https:\\\/\\\/www.reclamador.es\\\/blog\\\/#website\",\"url\":\"https:\\\/\\\/www.reclamador.es\\\/blog\\\/\",\"name\":\"Rebeldes con causa, el blog de reclamador.es\",\"description\":\"Noticias, entrevistas y consejos sobre reclamaciones\",\"publisher\":{\"@id\":\"https:\\\/\\\/www.reclamador.es\\\/blog\\\/#organization\"},\"potentialAction\":[{\"@type\":\"SearchAction\",\"target\":{\"@type\":\"EntryPoint\",\"urlTemplate\":\"https:\\\/\\\/www.reclamador.es\\\/blog\\\/?s={search_term_string}\"},\"query-input\":{\"@type\":\"PropertyValueSpecification\",\"valueRequired\":true,\"valueName\":\"search_term_string\"}}],\"inLanguage\":\"es\"},{\"@type\":\"Organization\",\"@id\":\"https:\\\/\\\/www.reclamador.es\\\/blog\\\/#organization\",\"name\":\"reclamador.es\",\"url\":\"https:\\\/\\\/www.reclamador.es\\\/blog\\\/\",\"logo\":{\"@type\":\"ImageObject\",\"inLanguage\":\"es\",\"@id\":\"https:\\\/\\\/www.reclamador.es\\\/blog\\\/#\\\/schema\\\/logo\\\/image\\\/\",\"url\":\"https:\\\/\\\/i0.wp.com\\\/www.reclamador.es\\\/blog\\\/wp-content\\\/uploads\\\/2020\\\/01\\\/logo-reclamador.png?fit=1200%2C144&ssl=1\",\"contentUrl\":\"https:\\\/\\\/i0.wp.com\\\/www.reclamador.es\\\/blog\\\/wp-content\\\/uploads\\\/2020\\\/01\\\/logo-reclamador.png?fit=1200%2C144&ssl=1\",\"width\":1200,\"height\":144,\"caption\":\"reclamador.es\"},\"image\":{\"@id\":\"https:\\\/\\\/www.reclamador.es\\\/blog\\\/#\\\/schema\\\/logo\\\/image\\\/\"},\"sameAs\":[\"https:\\\/\\\/www.facebook.com\\\/reclamador.es\",\"https:\\\/\\\/x.com\\\/reclamador\",\"https:\\\/\\\/www.instagram.com\\\/reclamador.es\\\/\",\"https:\\\/\\\/www.linkedin.com\\\/company\\\/reclamador-es\",\"https:\\\/\\\/www.youtube.com\\\/user\\\/Reclamadores\"]},{\"@type\":\"Person\",\"@id\":\"https:\\\/\\\/www.reclamador.es\\\/blog\\\/#\\\/schema\\\/person\\\/1ed83eef8b6566cb5e4c812d9bc5c4bf\",\"name\":\"Equipo reclamador\",\"image\":{\"@type\":\"ImageObject\",\"inLanguage\":\"es\",\"@id\":\"https:\\\/\\\/secure.gravatar.com\\\/avatar\\\/6442ecdc2c4472c600c113f34d340feca47107d6aa4f42f1e3e75a2a8e28a760?s=96&d=mm&r=g\",\"url\":\"https:\\\/\\\/secure.gravatar.com\\\/avatar\\\/6442ecdc2c4472c600c113f34d340feca47107d6aa4f42f1e3e75a2a8e28a760?s=96&d=mm&r=g\",\"contentUrl\":\"https:\\\/\\\/secure.gravatar.com\\\/avatar\\\/6442ecdc2c4472c600c113f34d340feca47107d6aa4f42f1e3e75a2a8e28a760?s=96&d=mm&r=g\",\"caption\":\"Equipo reclamador\"},\"description\":\"Las personas que hacen posible reclamador.es\",\"url\":\"https:\\\/\\\/www.reclamador.es\\\/blog\\\/author\\\/administrador\\\/\"}]}<\/script>\n<!-- \/ Yoast SEO plugin. -->","yoast_head_json":{"title":"Responsabilidad del administrador de una empresa","description":"\u00bfProblemas laborales? A continuaci\u00f3n encontrar\u00e1s un interesante art\u00edculo sobre las responsabilidades del administrador de una empresa.","robots":{"index":"index","follow":"follow","max-snippet":"max-snippet:-1","max-image-preview":"max-image-preview:large","max-video-preview":"max-video-preview:-1"},"canonical":"https:\/\/www.reclamador.es\/blog\/reclamaciones-laborales-responsabilidad-administrador-empresa\/","og_locale":"es_ES","og_type":"article","og_title":"Responsabilidad del administrador de una empresa","og_description":"\u00bfProblemas laborales? A continuaci\u00f3n encontrar\u00e1s un interesante art\u00edculo sobre las responsabilidades del administrador de una empresa.","og_url":"https:\/\/www.reclamador.es\/blog\/reclamaciones-laborales-responsabilidad-administrador-empresa\/","og_site_name":"Rebeldes con causa, el blog de reclamador.es","article_publisher":"https:\/\/www.facebook.com\/reclamador.es","article_published_time":"2015-06-30T15:44:31+00:00","article_modified_time":"2024-09-24T15:01:19+00:00","og_image":[{"width":1200,"height":630,"url":"https:\/\/www.reclamador.es\/blog\/wp-content\/uploads\/2015\/06\/administrador-de-una-empresa-reclamador.jpg","type":"image\/jpeg"}],"author":"Equipo reclamador","twitter_card":"summary_large_image","twitter_creator":"@reclamador","twitter_site":"@reclamador","twitter_misc":{"Escrito por":"Equipo reclamador","Tiempo de lectura":"5 minutos"},"schema":{"@context":"https:\/\/schema.org","@graph":[{"@type":"Article","@id":"https:\/\/www.reclamador.es\/blog\/reclamaciones-laborales-responsabilidad-administrador-empresa\/#article","isPartOf":{"@id":"https:\/\/www.reclamador.es\/blog\/reclamaciones-laborales-responsabilidad-administrador-empresa\/"},"author":{"name":"Equipo reclamador","@id":"https:\/\/www.reclamador.es\/blog\/#\/schema\/person\/1ed83eef8b6566cb5e4c812d9bc5c4bf"},"headline":"Reclamaciones laborales: responsabilidad del administrador de empresa","datePublished":"2015-06-30T15:44:31+00:00","dateModified":"2024-09-24T15:01:19+00:00","mainEntityOfPage":{"@id":"https:\/\/www.reclamador.es\/blog\/reclamaciones-laborales-responsabilidad-administrador-empresa\/"},"wordCount":986,"commentCount":10,"publisher":{"@id":"https:\/\/www.reclamador.es\/blog\/#organization"},"image":{"@id":"https:\/\/www.reclamador.es\/blog\/reclamaciones-laborales-responsabilidad-administrador-empresa\/#primaryimage"},"thumbnailUrl":"https:\/\/i0.wp.com\/www.reclamador.es\/blog\/wp-content\/uploads\/2015\/06\/administrador-de-una-empresa-reclamador.jpg?fit=1200%2C630&ssl=1","keywords":["laboral"],"articleSection":["Consejos legales"],"inLanguage":"es","potentialAction":[{"@type":"CommentAction","name":"Comment","target":["https:\/\/www.reclamador.es\/blog\/reclamaciones-laborales-responsabilidad-administrador-empresa\/#respond"]}]},{"@type":"WebPage","@id":"https:\/\/www.reclamador.es\/blog\/reclamaciones-laborales-responsabilidad-administrador-empresa\/","url":"https:\/\/www.reclamador.es\/blog\/reclamaciones-laborales-responsabilidad-administrador-empresa\/","name":"Responsabilidad del administrador de una empresa","isPartOf":{"@id":"https:\/\/www.reclamador.es\/blog\/#website"},"primaryImageOfPage":{"@id":"https:\/\/www.reclamador.es\/blog\/reclamaciones-laborales-responsabilidad-administrador-empresa\/#primaryimage"},"image":{"@id":"https:\/\/www.reclamador.es\/blog\/reclamaciones-laborales-responsabilidad-administrador-empresa\/#primaryimage"},"thumbnailUrl":"https:\/\/i0.wp.com\/www.reclamador.es\/blog\/wp-content\/uploads\/2015\/06\/administrador-de-una-empresa-reclamador.jpg?fit=1200%2C630&ssl=1","datePublished":"2015-06-30T15:44:31+00:00","dateModified":"2024-09-24T15:01:19+00:00","description":"\u00bfProblemas laborales? A continuaci\u00f3n encontrar\u00e1s un interesante art\u00edculo sobre las responsabilidades del administrador de una empresa.","breadcrumb":{"@id":"https:\/\/www.reclamador.es\/blog\/reclamaciones-laborales-responsabilidad-administrador-empresa\/#breadcrumb"},"inLanguage":"es","potentialAction":[{"@type":"ReadAction","target":["https:\/\/www.reclamador.es\/blog\/reclamaciones-laborales-responsabilidad-administrador-empresa\/"]}]},{"@type":"ImageObject","inLanguage":"es","@id":"https:\/\/www.reclamador.es\/blog\/reclamaciones-laborales-responsabilidad-administrador-empresa\/#primaryimage","url":"https:\/\/i0.wp.com\/www.reclamador.es\/blog\/wp-content\/uploads\/2015\/06\/administrador-de-una-empresa-reclamador.jpg?fit=1200%2C630&ssl=1","contentUrl":"https:\/\/i0.wp.com\/www.reclamador.es\/blog\/wp-content\/uploads\/2015\/06\/administrador-de-una-empresa-reclamador.jpg?fit=1200%2C630&ssl=1","width":1200,"height":630,"caption":"Administrador de una empresa"},{"@type":"BreadcrumbList","@id":"https:\/\/www.reclamador.es\/blog\/reclamaciones-laborales-responsabilidad-administrador-empresa\/#breadcrumb","itemListElement":[{"@type":"ListItem","position":1,"name":"Portada","item":"https:\/\/www.reclamador.es\/blog\/"},{"@type":"ListItem","position":2,"name":"Reclamaciones laborales: responsabilidad del administrador de empresa"}]},{"@type":"WebSite","@id":"https:\/\/www.reclamador.es\/blog\/#website","url":"https:\/\/www.reclamador.es\/blog\/","name":"Rebeldes con causa, el blog de reclamador.es","description":"Noticias, entrevistas y consejos sobre reclamaciones","publisher":{"@id":"https:\/\/www.reclamador.es\/blog\/#organization"},"potentialAction":[{"@type":"SearchAction","target":{"@type":"EntryPoint","urlTemplate":"https:\/\/www.reclamador.es\/blog\/?s={search_term_string}"},"query-input":{"@type":"PropertyValueSpecification","valueRequired":true,"valueName":"search_term_string"}}],"inLanguage":"es"},{"@type":"Organization","@id":"https:\/\/www.reclamador.es\/blog\/#organization","name":"reclamador.es","url":"https:\/\/www.reclamador.es\/blog\/","logo":{"@type":"ImageObject","inLanguage":"es","@id":"https:\/\/www.reclamador.es\/blog\/#\/schema\/logo\/image\/","url":"https:\/\/i0.wp.com\/www.reclamador.es\/blog\/wp-content\/uploads\/2020\/01\/logo-reclamador.png?fit=1200%2C144&ssl=1","contentUrl":"https:\/\/i0.wp.com\/www.reclamador.es\/blog\/wp-content\/uploads\/2020\/01\/logo-reclamador.png?fit=1200%2C144&ssl=1","width":1200,"height":144,"caption":"reclamador.es"},"image":{"@id":"https:\/\/www.reclamador.es\/blog\/#\/schema\/logo\/image\/"},"sameAs":["https:\/\/www.facebook.com\/reclamador.es","https:\/\/x.com\/reclamador","https:\/\/www.instagram.com\/reclamador.es\/","https:\/\/www.linkedin.com\/company\/reclamador-es","https:\/\/www.youtube.com\/user\/Reclamadores"]},{"@type":"Person","@id":"https:\/\/www.reclamador.es\/blog\/#\/schema\/person\/1ed83eef8b6566cb5e4c812d9bc5c4bf","name":"Equipo reclamador","image":{"@type":"ImageObject","inLanguage":"es","@id":"https:\/\/secure.gravatar.com\/avatar\/6442ecdc2c4472c600c113f34d340feca47107d6aa4f42f1e3e75a2a8e28a760?s=96&d=mm&r=g","url":"https:\/\/secure.gravatar.com\/avatar\/6442ecdc2c4472c600c113f34d340feca47107d6aa4f42f1e3e75a2a8e28a760?s=96&d=mm&r=g","contentUrl":"https:\/\/secure.gravatar.com\/avatar\/6442ecdc2c4472c600c113f34d340feca47107d6aa4f42f1e3e75a2a8e28a760?s=96&d=mm&r=g","caption":"Equipo reclamador"},"description":"Las personas que hacen posible reclamador.es","url":"https:\/\/www.reclamador.es\/blog\/author\/administrador\/"}]}},"jetpack_featured_media_url":"https:\/\/i0.wp.com\/www.reclamador.es\/blog\/wp-content\/uploads\/2015\/06\/administrador-de-una-empresa-reclamador.jpg?fit=1200%2C630&ssl=1","jetpack-related-posts":[{"id":5365,"url":"https:\/\/www.reclamador.es\/blog\/arbitraje-y-mediacion\/","url_meta":{"origin":3290,"position":0},"title":"\u00bfEn qu\u00e9 consiste el arbitraje y mediaci\u00f3n laboral?","author":"Equipo reclamador","date":"31 diciembre, 2019","format":false,"excerpt":"En la mayor\u00eda de las empresas surgen conflictos entre la direcci\u00f3n y sus trabajadores en los que se puede intervenir para conseguir solucionarlos sin tener que utilizar la v\u00eda judicial. En este sentido, los conflictos m\u00e1s habituales son: Discrepancias en malas interpretaciones que se hagan de\u00a0obligaciones de las causas contractuales.\u2026","rel":"","context":"En \u00abConsejos legales\u00bb","block_context":{"text":"Consejos legales","link":"https:\/\/www.reclamador.es\/blog\/consejos\/"},"img":{"alt_text":"Problemas con la empresa: arbitraje y mediaci\u00f3n - trabajadores","src":"https:\/\/i0.wp.com\/www.reclamador.es\/blog\/wp-content\/uploads\/2016\/12\/problemas-con-la-empresa-arbitraje-y-mediacion-laboral.jpg?fit=1200%2C630&ssl=1&resize=350%2C200","width":350,"height":200,"srcset":"https:\/\/i0.wp.com\/www.reclamador.es\/blog\/wp-content\/uploads\/2016\/12\/problemas-con-la-empresa-arbitraje-y-mediacion-laboral.jpg?fit=1200%2C630&ssl=1&resize=350%2C200 1x, https:\/\/i0.wp.com\/www.reclamador.es\/blog\/wp-content\/uploads\/2016\/12\/problemas-con-la-empresa-arbitraje-y-mediacion-laboral.jpg?fit=1200%2C630&ssl=1&resize=525%2C300 1.5x, https:\/\/i0.wp.com\/www.reclamador.es\/blog\/wp-content\/uploads\/2016\/12\/problemas-con-la-empresa-arbitraje-y-mediacion-laboral.jpg?fit=1200%2C630&ssl=1&resize=700%2C400 2x, https:\/\/i0.wp.com\/www.reclamador.es\/blog\/wp-content\/uploads\/2016\/12\/problemas-con-la-empresa-arbitraje-y-mediacion-laboral.jpg?fit=1200%2C630&ssl=1&resize=1050%2C600 3x"},"classes":[]},{"id":5139,"url":"https:\/\/www.reclamador.es\/blog\/absentismo-laboral\/","url_meta":{"origin":3290,"position":1},"title":"Absentismo laboral: \u00bfQu\u00e9 es y qu\u00e9 consecuencias tiene?","author":"Equipo reclamador","date":"11 noviembre, 2021","format":false,"excerpt":"El absentismo laboral\u00a0o ausentismo es aquella situaci\u00f3n en la que el trabajador falta en la empresa justificada o injustificadamente. Seg\u00fan los soci\u00f3logos el absentismo laboral puede ser de tres tipos: No previsible y no justificado.\u00a0El trabajador no acude a su puesto de trabajo y no ha avisado antes.\u00a0Deber\u00e1 presentar un\u2026","rel":"","context":"En \u00abConsejos legales\u00bb","block_context":{"text":"Consejos legales","link":"https:\/\/www.reclamador.es\/blog\/consejos\/"},"img":{"alt_text":"Absentismo laboral: consecuencias para el trabajador que falta en la empresa, justificada o injustificadamente.","src":"https:\/\/i0.wp.com\/www.reclamador.es\/blog\/wp-content\/uploads\/2018\/10\/oficina-vacia-2.jpg?fit=1200%2C870&ssl=1&resize=350%2C200","width":350,"height":200,"srcset":"https:\/\/i0.wp.com\/www.reclamador.es\/blog\/wp-content\/uploads\/2018\/10\/oficina-vacia-2.jpg?fit=1200%2C870&ssl=1&resize=350%2C200 1x, https:\/\/i0.wp.com\/www.reclamador.es\/blog\/wp-content\/uploads\/2018\/10\/oficina-vacia-2.jpg?fit=1200%2C870&ssl=1&resize=525%2C300 1.5x, https:\/\/i0.wp.com\/www.reclamador.es\/blog\/wp-content\/uploads\/2018\/10\/oficina-vacia-2.jpg?fit=1200%2C870&ssl=1&resize=700%2C400 2x, https:\/\/i0.wp.com\/www.reclamador.es\/blog\/wp-content\/uploads\/2018\/10\/oficina-vacia-2.jpg?fit=1200%2C870&ssl=1&resize=1050%2C600 3x"},"classes":[]},{"id":18741,"url":"https:\/\/www.reclamador.es\/blog\/accesibilidad-laboral\/","url_meta":{"origin":3290,"position":2},"title":"Accesibilidad laboral: \u00bftengo que informar a mi empresa de que tengo una discapacidad?","author":"Equipo reclamador","date":"6 septiembre, 2018","format":false,"excerpt":"Cada vez con mayor frecuencia, la situaci\u00f3n por la que pasan las personas con discapacidad o movilidad reducida, se ve mejorada considerablemente. Tanto en el plano personal como en el profesional. Por ejemplo, a la hora de volar, ya son muchas las que pueden hacerlo sin toparse con tantos inconvenientes,\u2026","rel":"","context":"En \u00abConsejos legales\u00bb","block_context":{"text":"Consejos legales","link":"https:\/\/www.reclamador.es\/blog\/consejos\/"},"img":{"alt_text":"reclamador accesibilidad laboral","src":"https:\/\/i0.wp.com\/www.reclamador.es\/blog\/wp-content\/uploads\/2018\/06\/accesibilidad-laboral-reclamador.png?fit=1200%2C800&ssl=1&resize=350%2C200","width":350,"height":200,"srcset":"https:\/\/i0.wp.com\/www.reclamador.es\/blog\/wp-content\/uploads\/2018\/06\/accesibilidad-laboral-reclamador.png?fit=1200%2C800&ssl=1&resize=350%2C200 1x, https:\/\/i0.wp.com\/www.reclamador.es\/blog\/wp-content\/uploads\/2018\/06\/accesibilidad-laboral-reclamador.png?fit=1200%2C800&ssl=1&resize=525%2C300 1.5x, https:\/\/i0.wp.com\/www.reclamador.es\/blog\/wp-content\/uploads\/2018\/06\/accesibilidad-laboral-reclamador.png?fit=1200%2C800&ssl=1&resize=700%2C400 2x, https:\/\/i0.wp.com\/www.reclamador.es\/blog\/wp-content\/uploads\/2018\/06\/accesibilidad-laboral-reclamador.png?fit=1200%2C800&ssl=1&resize=1050%2C600 3x"},"classes":[]},{"id":15916,"url":"https:\/\/www.reclamador.es\/blog\/mobbing\/","url_meta":{"origin":3290,"position":3},"title":"\u00bfC\u00f3mo defenderte si sufres mobbing o acoso psicol\u00f3gico laboral?","author":"Equipo reclamador","date":"31 octubre, 2017","format":false,"excerpt":"\u201cToda situaci\u00f3n o conducta que, por su reiteraci\u00f3n en el tiempo, por su car\u00e1cter degradante de las condiciones de trabajo y por la hostilidad o intimidaci\u00f3n del ambiente laboral que genera, tiene por finalidad atentar o poner en peligro la integridad del trabajador\u201d. As\u00ed definen los tribunales el acoso laboral,\u2026","rel":"","context":"En \u00abConsejos legales\u00bb","block_context":{"text":"Consejos legales","link":"https:\/\/www.reclamador.es\/blog\/consejos\/"},"img":{"alt_text":"","src":"https:\/\/i0.wp.com\/www.reclamador.es\/blog\/wp-content\/uploads\/2017\/10\/empleadas-mobbing-reclamador-1.jpg?fit=1200%2C800&ssl=1&resize=350%2C200","width":350,"height":200,"srcset":"https:\/\/i0.wp.com\/www.reclamador.es\/blog\/wp-content\/uploads\/2017\/10\/empleadas-mobbing-reclamador-1.jpg?fit=1200%2C800&ssl=1&resize=350%2C200 1x, https:\/\/i0.wp.com\/www.reclamador.es\/blog\/wp-content\/uploads\/2017\/10\/empleadas-mobbing-reclamador-1.jpg?fit=1200%2C800&ssl=1&resize=525%2C300 1.5x, https:\/\/i0.wp.com\/www.reclamador.es\/blog\/wp-content\/uploads\/2017\/10\/empleadas-mobbing-reclamador-1.jpg?fit=1200%2C800&ssl=1&resize=700%2C400 2x, https:\/\/i0.wp.com\/www.reclamador.es\/blog\/wp-content\/uploads\/2017\/10\/empleadas-mobbing-reclamador-1.jpg?fit=1200%2C800&ssl=1&resize=1050%2C600 3x"},"classes":[]},{"id":4760,"url":"https:\/\/www.reclamador.es\/blog\/finiquito\/","url_meta":{"origin":3290,"position":4},"title":"\u00bfEn qu\u00e9 consiste un finiquito? \u00bfQu\u00e9 tiene que contener?","author":"Equipo reclamador","date":"24 agosto, 2016","format":false,"excerpt":"*Contenido modificado en abril de 2022 El finiquito es el documento que recoge la liquidaci\u00f3n de las cantidades que la empresa debe abonar al trabajador en el momento en el que se produce la extinci\u00f3n de su relaci\u00f3n laboral, sea por la causa que sea (finalizaci\u00f3n de contrato, despido, baja\u2026","rel":"","context":"En \u00abConsejos legales\u00bb","block_context":{"text":"Consejos legales","link":"https:\/\/www.reclamador.es\/blog\/consejos\/"},"img":{"alt_text":"","src":"https:\/\/i0.wp.com\/www.reclamador.es\/blog\/wp-content\/uploads\/2016\/08\/kt9ckzwefcg-blake-wisz-min.jpg?fit=1200%2C801&ssl=1&resize=350%2C200","width":350,"height":200,"srcset":"https:\/\/i0.wp.com\/www.reclamador.es\/blog\/wp-content\/uploads\/2016\/08\/kt9ckzwefcg-blake-wisz-min.jpg?fit=1200%2C801&ssl=1&resize=350%2C200 1x, https:\/\/i0.wp.com\/www.reclamador.es\/blog\/wp-content\/uploads\/2016\/08\/kt9ckzwefcg-blake-wisz-min.jpg?fit=1200%2C801&ssl=1&resize=525%2C300 1.5x, https:\/\/i0.wp.com\/www.reclamador.es\/blog\/wp-content\/uploads\/2016\/08\/kt9ckzwefcg-blake-wisz-min.jpg?fit=1200%2C801&ssl=1&resize=700%2C400 2x, https:\/\/i0.wp.com\/www.reclamador.es\/blog\/wp-content\/uploads\/2016\/08\/kt9ckzwefcg-blake-wisz-min.jpg?fit=1200%2C801&ssl=1&resize=1050%2C600 3x"},"classes":[]},{"id":15707,"url":"https:\/\/www.reclamador.es\/blog\/convenios-colectivos\/","url_meta":{"origin":3290,"position":5},"title":"\u00bfQu\u00e9 son los convenios colectivos?","author":"Equipo reclamador","date":"11 octubre, 2022","format":false,"excerpt":"Cuando hablamos de asuntos laborales hay varias normas que afectan a los derechos de los trabajadores. En primer lugar hay que tener en cuenta lo que dice la Constituci\u00f3n Espa\u00f1ola, que es la norma suprema del ordenamiento jur\u00eddico espa\u00f1ol. Luego, el Estatuto de los trabajadores, que es la normativa en\u2026","rel":"","context":"En \u00abConsejos legales\u00bb","block_context":{"text":"Consejos legales","link":"https:\/\/www.reclamador.es\/blog\/consejos\/"},"img":{"alt_text":"cuando se aplican los convenios colectivos","src":"https:\/\/i0.wp.com\/www.reclamador.es\/blog\/wp-content\/uploads\/2017\/09\/convenios-colectivos.jpg?fit=1200%2C675&ssl=1&resize=350%2C200","width":350,"height":200,"srcset":"https:\/\/i0.wp.com\/www.reclamador.es\/blog\/wp-content\/uploads\/2017\/09\/convenios-colectivos.jpg?fit=1200%2C675&ssl=1&resize=350%2C200 1x, https:\/\/i0.wp.com\/www.reclamador.es\/blog\/wp-content\/uploads\/2017\/09\/convenios-colectivos.jpg?fit=1200%2C675&ssl=1&resize=525%2C300 1.5x, https:\/\/i0.wp.com\/www.reclamador.es\/blog\/wp-content\/uploads\/2017\/09\/convenios-colectivos.jpg?fit=1200%2C675&ssl=1&resize=700%2C400 2x, https:\/\/i0.wp.com\/www.reclamador.es\/blog\/wp-content\/uploads\/2017\/09\/convenios-colectivos.jpg?fit=1200%2C675&ssl=1&resize=1050%2C600 3x"},"classes":[]}],"jetpack_sharing_enabled":true,"_links":{"self":[{"href":"https:\/\/www.reclamador.es\/blog\/wp-json\/wp\/v2\/posts\/3290","targetHints":{"allow":["GET"]}}],"collection":[{"href":"https:\/\/www.reclamador.es\/blog\/wp-json\/wp\/v2\/posts"}],"about":[{"href":"https:\/\/www.reclamador.es\/blog\/wp-json\/wp\/v2\/types\/post"}],"author":[{"embeddable":true,"href":"https:\/\/www.reclamador.es\/blog\/wp-json\/wp\/v2\/users\/1"}],"replies":[{"embeddable":true,"href":"https:\/\/www.reclamador.es\/blog\/wp-json\/wp\/v2\/comments?post=3290"}],"version-history":[{"count":14,"href":"https:\/\/www.reclamador.es\/blog\/wp-json\/wp\/v2\/posts\/3290\/revisions"}],"predecessor-version":[{"id":32903,"href":"https:\/\/www.reclamador.es\/blog\/wp-json\/wp\/v2\/posts\/3290\/revisions\/32903"}],"wp:featuredmedia":[{"embeddable":true,"href":"https:\/\/www.reclamador.es\/blog\/wp-json\/wp\/v2\/media\/32902"}],"wp:attachment":[{"href":"https:\/\/www.reclamador.es\/blog\/wp-json\/wp\/v2\/media?parent=3290"}],"wp:term":[{"taxonomy":"category","embeddable":true,"href":"https:\/\/www.reclamador.es\/blog\/wp-json\/wp\/v2\/categories?post=3290"},{"taxonomy":"post_tag","embeddable":true,"href":"https:\/\/www.reclamador.es\/blog\/wp-json\/wp\/v2\/tags?post=3290"}],"curies":[{"name":"wp","href":"https:\/\/api.w.org\/{rel}","templated":true}]}}