{"id":32638,"date":"2024-08-22T11:12:23","date_gmt":"2024-08-22T09:12:23","guid":{"rendered":"https:\/\/www.reclamador.es\/blog\/?p=32638"},"modified":"2025-08-22T08:15:39","modified_gmt":"2025-08-22T06:15:39","slug":"entrevista-alicia-reclamadora-plusvalia-municipal","status":"publish","type":"post","link":"https:\/\/www.reclamador.es\/blog\/entrevista-alicia-reclamadora-plusvalia-municipal\/","title":{"rendered":"Alicia, reclamadora de plusval\u00eda municipal: \u201cSiento que se ha hecho justicia porque los estamentos p\u00fablicos abusan cruelmente de los usuarios\u201d"},"content":{"rendered":"<div class=\"ttr_start\"><\/div>\n\n<div class=\"kk-star-ratings kksr-auto kksr-align-right kksr-valign-top\"\n    data-payload='{&quot;align&quot;:&quot;right&quot;,&quot;id&quot;:&quot;32638&quot;,&quot;slug&quot;:&quot;default&quot;,&quot;valign&quot;:&quot;top&quot;,&quot;ignore&quot;:&quot;&quot;,&quot;reference&quot;:&quot;auto&quot;,&quot;class&quot;:&quot;&quot;,&quot;count&quot;:&quot;0&quot;,&quot;legendonly&quot;:&quot;&quot;,&quot;readonly&quot;:&quot;&quot;,&quot;score&quot;:&quot;0&quot;,&quot;starsonly&quot;:&quot;&quot;,&quot;best&quot;:&quot;5&quot;,&quot;gap&quot;:&quot;3&quot;,&quot;greet&quot;:&quot;Valora este art\u00edculo&quot;,&quot;legend&quot;:&quot;0\\\/5 - (0 votos)&quot;,&quot;size&quot;:&quot;20&quot;,&quot;title&quot;:&quot;Alicia, reclamadora de plusval\u00eda municipal: \u201cSiento que se ha hecho justicia porque los estamentos p\u00fablicos abusan cruelmente de los usuarios\u201d&quot;,&quot;width&quot;:&quot;0&quot;,&quot;_legend&quot;:&quot;{score}\\\/{best} - ({count} {votes})&quot;,&quot;font_factor&quot;:&quot;1.25&quot;}'>\n            \n<div class=\"kksr-stars\">\n    \n<div class=\"kksr-stars-inactive\">\n            <div class=\"kksr-star\" data-star=\"1\" style=\"padding-right: 3px\">\n            \n\n<div class=\"kksr-icon\" style=\"width: 20px; height: 20px;\"><\/div>\n        <\/div>\n            <div class=\"kksr-star\" data-star=\"2\" style=\"padding-right: 3px\">\n            \n\n<div class=\"kksr-icon\" style=\"width: 20px; height: 20px;\"><\/div>\n        <\/div>\n            <div class=\"kksr-star\" data-star=\"3\" style=\"padding-right: 3px\">\n            \n\n<div class=\"kksr-icon\" style=\"width: 20px; height: 20px;\"><\/div>\n        <\/div>\n            <div class=\"kksr-star\" data-star=\"4\" style=\"padding-right: 3px\">\n            \n\n<div class=\"kksr-icon\" style=\"width: 20px; height: 20px;\"><\/div>\n        <\/div>\n            <div class=\"kksr-star\" data-star=\"5\" style=\"padding-right: 3px\">\n            \n\n<div class=\"kksr-icon\" style=\"width: 20px; height: 20px;\"><\/div>\n        <\/div>\n    <\/div>\n    \n<div class=\"kksr-stars-active\" style=\"width: 0px;\">\n            <div class=\"kksr-star\" style=\"padding-right: 3px\">\n            \n\n<div class=\"kksr-icon\" style=\"width: 20px; height: 20px;\"><\/div>\n        <\/div>\n            <div class=\"kksr-star\" style=\"padding-right: 3px\">\n            \n\n<div class=\"kksr-icon\" style=\"width: 20px; height: 20px;\"><\/div>\n        <\/div>\n            <div class=\"kksr-star\" style=\"padding-right: 3px\">\n            \n\n<div class=\"kksr-icon\" style=\"width: 20px; height: 20px;\"><\/div>\n        <\/div>\n            <div class=\"kksr-star\" style=\"padding-right: 3px\">\n            \n\n<div class=\"kksr-icon\" style=\"width: 20px; height: 20px;\"><\/div>\n        <\/div>\n            <div class=\"kksr-star\" style=\"padding-right: 3px\">\n            \n\n<div class=\"kksr-icon\" style=\"width: 20px; height: 20px;\"><\/div>\n        <\/div>\n    <\/div>\n<\/div>\n                \n\n<div class=\"kksr-legend\" style=\"font-size: 16px;\">\n            <span class=\"kksr-muted\">Valora este art\u00edculo<\/span>\n    <\/div>\n    <\/div>\n\n\n\n<p><img data-recalc-dims=\"1\" loading=\"lazy\" decoding=\"async\" class=\"aligncenter size-full wp-image-32640\" src=\"https:\/\/i0.wp.com\/www.reclamador.es\/blog\/wp-content\/uploads\/2024\/08\/entrevista-cliente-plusvalia-municipal-Alicia-Velasco-1200x630-1.jpg?resize=1200%2C630&#038;ssl=1\" alt=\"reclamadora del impuesto de plusvalia municipal\" width=\"1200\" height=\"630\" srcset=\"https:\/\/i0.wp.com\/www.reclamador.es\/blog\/wp-content\/uploads\/2024\/08\/entrevista-cliente-plusvalia-municipal-Alicia-Velasco-1200x630-1.jpg?w=1200&amp;ssl=1 1200w, https:\/\/i0.wp.com\/www.reclamador.es\/blog\/wp-content\/uploads\/2024\/08\/entrevista-cliente-plusvalia-municipal-Alicia-Velasco-1200x630-1.jpg?resize=800%2C420&amp;ssl=1 800w, https:\/\/i0.wp.com\/www.reclamador.es\/blog\/wp-content\/uploads\/2024\/08\/entrevista-cliente-plusvalia-municipal-Alicia-Velasco-1200x630-1.jpg?resize=150%2C79&amp;ssl=1 150w, https:\/\/i0.wp.com\/www.reclamador.es\/blog\/wp-content\/uploads\/2024\/08\/entrevista-cliente-plusvalia-municipal-Alicia-Velasco-1200x630-1.jpg?resize=768%2C403&amp;ssl=1 768w\" sizes=\"auto, (max-width: 1000px) 100vw, 1000px\" \/><\/p>\n<p><span style=\"font-weight: 400;\">Hoy conocemos a Alicia (Madrid, 1968) una de nuestras clientas del impuesto de plusval\u00eda municipal. Ha recuperado m\u00e1s de 8.000 euros con nosotros. Es de Madrid y actualmente vive en un pueblo \u201cpeque\u00f1o\u201d de Toledo, por trabajo. Nos cuenta que, a sus 56 a\u00f1os, es gestora de punto de venta para una empresa de bebidas. <\/span><i><span style=\"font-weight: 400;\">\u201cMe gusta much\u00edsimo nadar y leer. Actualmente dedico mi tiempo a mi nieto de 15 meses. Estoy disfrutando de mi beb\u00e9, ya que con mis hijos no pude por temas laborales\u201d.\u00a0<\/span><\/i><\/p>\n<h2><strong>\u00bfQu\u00e9 es la plusval\u00eda municipal?<\/strong><\/h2>\n<p><span style=\"font-weight: 400;\">Antes de empezar con la entrevista, vamos a explicar que la <strong>plusval\u00eda municipal es un impuesto que los ayuntamientos han estado cobrando err\u00f3neamente a los contribuyentes<\/strong>, tal y como se reconoci\u00f3 por la justicia en 2021. De ah\u00ed que <strong>reclamar la plusval\u00eda municipal<\/strong> sea posible desde entonces. En concreto, se puede reclamar si has tenido que pagar dicho impuesto por recibir la vivienda a trav\u00e9s de una donaci\u00f3n o herencia o por vender un inmueble.<\/span><\/p>\n<h2><strong>Entrevista a reclamadora de plusval\u00eda municipal<\/strong><\/h2>\n<h3><b>Hola Alicia, compraste un inmueble en el a\u00f1o 2000 y lo vendiste m\u00e1s tarde a un precio superior al de compra. Cuando lo vendiste, en 2018, tuviste que hacer la autoliquidaci\u00f3n del Impuesto sobre el Incremento del Valor de los Terrenos de Naturaleza Urbana, m\u00e1s conocido como plusval\u00eda municipal. \u00bfSab\u00edas entonces que cualquier persona que hubiera vendido un inmueble, con p\u00e9rdidas o ganancias, pod\u00eda solicitar al ayuntamiento la devoluci\u00f3n de este impuesto?<\/b><\/h3>\n<p><span style=\"font-weight: 400;\">No sab\u00eda que pod\u00eda reclamar la plusval\u00eda municipal..\u00a0<\/span><\/p>\n<h3><b>\u00a0\u00bfC\u00f3mo y cu\u00e1ndo te enteraste, Alicia, de que pod\u00edas reclamar este impuesto?\u00a0<\/b><\/h3>\n<p><span style=\"font-weight: 400;\">Me enter\u00e9, por casualidad, por medios informativos en la televisi\u00f3n, despu\u00e9s.<\/span><\/p>\n<h3><b>\u00bfTe sientes estafada por tu ayuntamiento?<\/b><\/h3>\n<p><span style=\"font-weight: 400;\">Totalmente estafada.<\/span><\/p>\n<h3><b>\u00bfMiraste otras opciones aparte de reclamador.es para reclamar?\u00a0<\/b><\/h3>\n<p><span style=\"font-weight: 400;\">Mir\u00e9 varias opciones para reclamar, pero los que me disteis mejor sensaci\u00f3n fuisteis vosotros y gracias a dios no me confund\u00ed.<\/span><\/p>\n<blockquote>\n<p><b><i>\u201cMir\u00e9 varias opciones para reclamar pero los que me disteis mejor sensaci\u00f3n fuisteis vosotros y no me confund\u00ed\u201d<\/i><\/b><\/p>\n<\/blockquote>\n<h3><b>\u00bfQu\u00e9 pensabas de reclamar a trav\u00e9s de una p\u00e1gina web como reclamador.es? \u00bfConfiabas en que pod\u00edas ganar tu reclamaci\u00f3n?<\/b><\/h3>\n<p><span style=\"font-weight: 400;\">Al principio no confiaba. Primero porque no se pudo seguir adelante, pero luego, cuando pas\u00f3 un a\u00f1o, recib\u00ed una llamada vuestra, precisamente el 22 diciembre, para retomar. Imag\u00ednate, el d\u00eda de la fecha del sorteo, \u00a1fue la mejor loter\u00eda! Y en esa llamada me dijisteis que si quer\u00eda, volv\u00edamos a intentarlo.\u00a0<\/span><\/p>\n<h3><b>\u00bfFue la decisi\u00f3n correcta?<\/b><\/h3>\n<p><span style=\"font-weight: 400;\">Fue una maravillosa decisi\u00f3n.\u00a0<\/span><\/p>\n<h3><b>\u00bfC\u00f3mo te sientes al recuperar m\u00e1s de 8.000 \u20ac?<\/b><\/h3>\n<p><span style=\"font-weight: 400;\">Siento que se ha hecho justicia, porque los estamentos p\u00fablicos abusan cruelmente de los usuarios. Mi sensaci\u00f3n, despu\u00e9s de ver c\u00f3mo el ayuntamiento pierde un juicio ante ti, y te hace una devoluci\u00f3n que nunca me ten\u00eda que haber cobrado, es maravillosa.<\/span><\/p>\n<h3><b>Muchas gracias por contarnos tu historia Alicia.<\/b><\/h3>\n<p><span style=\"font-weight: 400;\">Much\u00edsimas gracias a vosotros, reclamador.es, por todas y cada una de las gestiones que hab\u00e9is realizado con mi caso, y en particular, a las personas que han llevado mi caso. No se puede ser m\u00e1s PROFESIONALES (con may\u00fascula).<\/span><\/p>\n<div class=\"ttr_end\"><\/div>","protected":false},"excerpt":{"rendered":"<p>Hoy conocemos a Alicia (Madrid, 1968) una de nuestras clientas del impuesto de plusval\u00eda municipal. Ha recuperado m\u00e1s de 8.000 euros con nosotros. Es de Madrid y actualmente vive en un pueblo \u201cpeque\u00f1o\u201d de Toledo, por trabajo. Nos cuenta que, a sus 56 a\u00f1os, es gestora de punto de venta para una empresa de bebidas. [&hellip;]<\/p>\n","protected":false},"author":3,"featured_media":32640,"comment_status":"open","ping_status":"open","sticky":false,"template":"","format":"standard","meta":{"_acf_changed":false,"_genesis_hide_title":false,"_genesis_hide_breadcrumbs":false,"_genesis_hide_singular_image":false,"_genesis_hide_footer_widgets":false,"_genesis_custom_body_class":"","_genesis_custom_post_class":"","_genesis_layout":"","_jetpack_newsletter_access":"","_jetpack_dont_email_post_to_subs":false,"_jetpack_newsletter_tier_id":0,"_jetpack_memberships_contains_paywalled_content":false,"_jetpack_memberships_contains_paid_content":false,"footnotes":""},"categories":[396],"tags":[701],"class_list":{"0":"post-32638","1":"post","2":"type-post","3":"status-publish","4":"format-standard","5":"has-post-thumbnail","7":"category-reclamadores","8":"tag-plusvalia-municipal","9":"entry"},"acf":[],"yoast_head":"<!-- This site is optimized with the Yoast SEO plugin v27.4 - https:\/\/yoast.com\/product\/yoast-seo-wordpress\/ -->\n<title>Entrevista a Alicia, reclamadora de plusval\u00eda municipal<\/title>\n<meta name=\"description\" content=\"Lee la entrevista a Alicia, reclamadora el impuesto de plusval\u00eda municipal con reclamador.es. Ha recuperado m\u00e1s de 8.000 \u20ac.\" \/>\n<meta name=\"robots\" content=\"index, follow, max-snippet:-1, max-image-preview:large, max-video-preview:-1\" \/>\n<link rel=\"canonical\" href=\"https:\/\/www.reclamador.es\/blog\/entrevista-alicia-reclamadora-plusvalia-municipal\/\" \/>\n<meta property=\"og:locale\" content=\"es_ES\" \/>\n<meta property=\"og:type\" content=\"article\" \/>\n<meta property=\"og:title\" content=\"Entrevista a Alicia, reclamadora de plusval\u00eda municipal\" \/>\n<meta property=\"og:description\" content=\"Lee la entrevista a Alicia, reclamadora el impuesto de plusval\u00eda municipal con reclamador.es. Ha recuperado m\u00e1s de 8.000 \u20ac.\" \/>\n<meta property=\"og:url\" content=\"https:\/\/www.reclamador.es\/blog\/entrevista-alicia-reclamadora-plusvalia-municipal\/\" \/>\n<meta property=\"og:site_name\" content=\"Rebeldes con causa, el blog de reclamador.es\" \/>\n<meta property=\"article:publisher\" content=\"https:\/\/www.facebook.com\/reclamador.es\" \/>\n<meta property=\"article:published_time\" content=\"2024-08-22T09:12:23+00:00\" \/>\n<meta property=\"article:modified_time\" content=\"2025-08-22T06:15:39+00:00\" \/>\n<meta property=\"og:image\" content=\"https:\/\/www.reclamador.es\/blog\/wp-content\/uploads\/2024\/08\/entrevista-cliente-plusvalia-municipal-Alicia-Velasco-1200x630-1.jpg\" \/>\n\t<meta property=\"og:image:width\" content=\"1200\" \/>\n\t<meta property=\"og:image:height\" content=\"630\" \/>\n\t<meta property=\"og:image:type\" content=\"image\/jpeg\" \/>\n<meta name=\"author\" content=\"Cristina Naveda\" \/>\n<meta name=\"twitter:card\" content=\"summary_large_image\" \/>\n<meta name=\"twitter:creator\" content=\"@reclamador\" \/>\n<meta name=\"twitter:site\" content=\"@reclamador\" \/>\n<meta name=\"twitter:label1\" content=\"Escrito por\" \/>\n\t<meta name=\"twitter:data1\" content=\"Cristina Naveda\" \/>\n\t<meta name=\"twitter:label2\" content=\"Tiempo de lectura\" \/>\n\t<meta name=\"twitter:data2\" content=\"3 minutos\" \/>\n<script type=\"application\/ld+json\" class=\"yoast-schema-graph\">{\"@context\":\"https:\\\/\\\/schema.org\",\"@graph\":[{\"@type\":\"Article\",\"@id\":\"https:\\\/\\\/www.reclamador.es\\\/blog\\\/entrevista-alicia-reclamadora-plusvalia-municipal\\\/#article\",\"isPartOf\":{\"@id\":\"https:\\\/\\\/www.reclamador.es\\\/blog\\\/entrevista-alicia-reclamadora-plusvalia-municipal\\\/\"},\"author\":{\"name\":\"Cristina Naveda\",\"@id\":\"https:\\\/\\\/www.reclamador.es\\\/blog\\\/#\\\/schema\\\/person\\\/c446a02b3fcf1607a8a2139c36fbe583\"},\"headline\":\"Alicia, reclamadora de plusval\u00eda municipal: \u201cSiento que se ha hecho justicia porque los estamentos p\u00fablicos abusan cruelmente de los usuarios\u201d\",\"datePublished\":\"2024-08-22T09:12:23+00:00\",\"dateModified\":\"2025-08-22T06:15:39+00:00\",\"mainEntityOfPage\":{\"@id\":\"https:\\\/\\\/www.reclamador.es\\\/blog\\\/entrevista-alicia-reclamadora-plusvalia-municipal\\\/\"},\"wordCount\":574,\"commentCount\":0,\"publisher\":{\"@id\":\"https:\\\/\\\/www.reclamador.es\\\/blog\\\/#organization\"},\"image\":{\"@id\":\"https:\\\/\\\/www.reclamador.es\\\/blog\\\/entrevista-alicia-reclamadora-plusvalia-municipal\\\/#primaryimage\"},\"thumbnailUrl\":\"https:\\\/\\\/i0.wp.com\\\/www.reclamador.es\\\/blog\\\/wp-content\\\/uploads\\\/2024\\\/08\\\/entrevista-cliente-plusvalia-municipal-Alicia-Velasco-1200x630-1.jpg?fit=1200%2C630&ssl=1\",\"keywords\":[\"plusval\u00eda municipal\"],\"articleSection\":[\"Conoce todo lo que sucede en reclamador.es\"],\"inLanguage\":\"es\",\"potentialAction\":[{\"@type\":\"CommentAction\",\"name\":\"Comment\",\"target\":[\"https:\\\/\\\/www.reclamador.es\\\/blog\\\/entrevista-alicia-reclamadora-plusvalia-municipal\\\/#respond\"]}]},{\"@type\":\"WebPage\",\"@id\":\"https:\\\/\\\/www.reclamador.es\\\/blog\\\/entrevista-alicia-reclamadora-plusvalia-municipal\\\/\",\"url\":\"https:\\\/\\\/www.reclamador.es\\\/blog\\\/entrevista-alicia-reclamadora-plusvalia-municipal\\\/\",\"name\":\"Entrevista a Alicia, reclamadora de plusval\u00eda municipal\",\"isPartOf\":{\"@id\":\"https:\\\/\\\/www.reclamador.es\\\/blog\\\/#website\"},\"primaryImageOfPage\":{\"@id\":\"https:\\\/\\\/www.reclamador.es\\\/blog\\\/entrevista-alicia-reclamadora-plusvalia-municipal\\\/#primaryimage\"},\"image\":{\"@id\":\"https:\\\/\\\/www.reclamador.es\\\/blog\\\/entrevista-alicia-reclamadora-plusvalia-municipal\\\/#primaryimage\"},\"thumbnailUrl\":\"https:\\\/\\\/i0.wp.com\\\/www.reclamador.es\\\/blog\\\/wp-content\\\/uploads\\\/2024\\\/08\\\/entrevista-cliente-plusvalia-municipal-Alicia-Velasco-1200x630-1.jpg?fit=1200%2C630&ssl=1\",\"datePublished\":\"2024-08-22T09:12:23+00:00\",\"dateModified\":\"2025-08-22T06:15:39+00:00\",\"description\":\"Lee la entrevista a Alicia, reclamadora el impuesto de plusval\u00eda municipal con reclamador.es. Ha recuperado m\u00e1s de 8.000 \u20ac.\",\"breadcrumb\":{\"@id\":\"https:\\\/\\\/www.reclamador.es\\\/blog\\\/entrevista-alicia-reclamadora-plusvalia-municipal\\\/#breadcrumb\"},\"inLanguage\":\"es\",\"potentialAction\":[{\"@type\":\"ReadAction\",\"target\":[\"https:\\\/\\\/www.reclamador.es\\\/blog\\\/entrevista-alicia-reclamadora-plusvalia-municipal\\\/\"]}]},{\"@type\":\"ImageObject\",\"inLanguage\":\"es\",\"@id\":\"https:\\\/\\\/www.reclamador.es\\\/blog\\\/entrevista-alicia-reclamadora-plusvalia-municipal\\\/#primaryimage\",\"url\":\"https:\\\/\\\/i0.wp.com\\\/www.reclamador.es\\\/blog\\\/wp-content\\\/uploads\\\/2024\\\/08\\\/entrevista-cliente-plusvalia-municipal-Alicia-Velasco-1200x630-1.jpg?fit=1200%2C630&ssl=1\",\"contentUrl\":\"https:\\\/\\\/i0.wp.com\\\/www.reclamador.es\\\/blog\\\/wp-content\\\/uploads\\\/2024\\\/08\\\/entrevista-cliente-plusvalia-municipal-Alicia-Velasco-1200x630-1.jpg?fit=1200%2C630&ssl=1\",\"width\":1200,\"height\":630,\"caption\":\"reclamadora del impuesto de plusvalia municipal\"},{\"@type\":\"BreadcrumbList\",\"@id\":\"https:\\\/\\\/www.reclamador.es\\\/blog\\\/entrevista-alicia-reclamadora-plusvalia-municipal\\\/#breadcrumb\",\"itemListElement\":[{\"@type\":\"ListItem\",\"position\":1,\"name\":\"Portada\",\"item\":\"https:\\\/\\\/www.reclamador.es\\\/blog\\\/\"},{\"@type\":\"ListItem\",\"position\":2,\"name\":\"Alicia, reclamadora de plusval\u00eda municipal: \u201cSiento que se ha hecho justicia porque los estamentos p\u00fablicos abusan cruelmente de los usuarios\u201d\"}]},{\"@type\":\"WebSite\",\"@id\":\"https:\\\/\\\/www.reclamador.es\\\/blog\\\/#website\",\"url\":\"https:\\\/\\\/www.reclamador.es\\\/blog\\\/\",\"name\":\"Rebeldes con causa, el blog de reclamador.es\",\"description\":\"Noticias, entrevistas y consejos sobre reclamaciones\",\"publisher\":{\"@id\":\"https:\\\/\\\/www.reclamador.es\\\/blog\\\/#organization\"},\"potentialAction\":[{\"@type\":\"SearchAction\",\"target\":{\"@type\":\"EntryPoint\",\"urlTemplate\":\"https:\\\/\\\/www.reclamador.es\\\/blog\\\/?s={search_term_string}\"},\"query-input\":{\"@type\":\"PropertyValueSpecification\",\"valueRequired\":true,\"valueName\":\"search_term_string\"}}],\"inLanguage\":\"es\"},{\"@type\":\"Organization\",\"@id\":\"https:\\\/\\\/www.reclamador.es\\\/blog\\\/#organization\",\"name\":\"reclamador.es\",\"url\":\"https:\\\/\\\/www.reclamador.es\\\/blog\\\/\",\"logo\":{\"@type\":\"ImageObject\",\"inLanguage\":\"es\",\"@id\":\"https:\\\/\\\/www.reclamador.es\\\/blog\\\/#\\\/schema\\\/logo\\\/image\\\/\",\"url\":\"https:\\\/\\\/i0.wp.com\\\/www.reclamador.es\\\/blog\\\/wp-content\\\/uploads\\\/2020\\\/01\\\/logo-reclamador.png?fit=1200%2C144&ssl=1\",\"contentUrl\":\"https:\\\/\\\/i0.wp.com\\\/www.reclamador.es\\\/blog\\\/wp-content\\\/uploads\\\/2020\\\/01\\\/logo-reclamador.png?fit=1200%2C144&ssl=1\",\"width\":1200,\"height\":144,\"caption\":\"reclamador.es\"},\"image\":{\"@id\":\"https:\\\/\\\/www.reclamador.es\\\/blog\\\/#\\\/schema\\\/logo\\\/image\\\/\"},\"sameAs\":[\"https:\\\/\\\/www.facebook.com\\\/reclamador.es\",\"https:\\\/\\\/x.com\\\/reclamador\",\"https:\\\/\\\/www.instagram.com\\\/reclamador.es\\\/\",\"https:\\\/\\\/www.linkedin.com\\\/company\\\/reclamador-es\",\"https:\\\/\\\/www.youtube.com\\\/user\\\/Reclamadores\"]},{\"@type\":\"Person\",\"@id\":\"https:\\\/\\\/www.reclamador.es\\\/blog\\\/#\\\/schema\\\/person\\\/c446a02b3fcf1607a8a2139c36fbe583\",\"name\":\"Cristina Naveda\",\"image\":{\"@type\":\"ImageObject\",\"inLanguage\":\"es\",\"@id\":\"https:\\\/\\\/secure.gravatar.com\\\/avatar\\\/1df04000ab560ffd4824a3ce70f826eb8bd6a9bfc6cc9097a363e6cd67f07ec0?s=96&d=mm&r=g\",\"url\":\"https:\\\/\\\/secure.gravatar.com\\\/avatar\\\/1df04000ab560ffd4824a3ce70f826eb8bd6a9bfc6cc9097a363e6cd67f07ec0?s=96&d=mm&r=g\",\"contentUrl\":\"https:\\\/\\\/secure.gravatar.com\\\/avatar\\\/1df04000ab560ffd4824a3ce70f826eb8bd6a9bfc6cc9097a363e6cd67f07ec0?s=96&d=mm&r=g\",\"caption\":\"Cristina Naveda\"},\"description\":\"Me encanta unir la informaci\u00f3n con las personas. Me esfuerzo para que reclamador haga bien esa uni\u00f3n desde el equipo de comunicaci\u00f3n.\",\"url\":\"https:\\\/\\\/www.reclamador.es\\\/blog\\\/author\\\/cristina\\\/\"}]}<\/script>\n<!-- \/ Yoast SEO plugin. -->","yoast_head_json":{"title":"Entrevista a Alicia, reclamadora de plusval\u00eda municipal","description":"Lee la entrevista a Alicia, reclamadora el impuesto de plusval\u00eda municipal con reclamador.es. Ha recuperado m\u00e1s de 8.000 \u20ac.","robots":{"index":"index","follow":"follow","max-snippet":"max-snippet:-1","max-image-preview":"max-image-preview:large","max-video-preview":"max-video-preview:-1"},"canonical":"https:\/\/www.reclamador.es\/blog\/entrevista-alicia-reclamadora-plusvalia-municipal\/","og_locale":"es_ES","og_type":"article","og_title":"Entrevista a Alicia, reclamadora de plusval\u00eda municipal","og_description":"Lee la entrevista a Alicia, reclamadora el impuesto de plusval\u00eda municipal con reclamador.es. Ha recuperado m\u00e1s de 8.000 \u20ac.","og_url":"https:\/\/www.reclamador.es\/blog\/entrevista-alicia-reclamadora-plusvalia-municipal\/","og_site_name":"Rebeldes con causa, el blog de reclamador.es","article_publisher":"https:\/\/www.facebook.com\/reclamador.es","article_published_time":"2024-08-22T09:12:23+00:00","article_modified_time":"2025-08-22T06:15:39+00:00","og_image":[{"width":1200,"height":630,"url":"https:\/\/www.reclamador.es\/blog\/wp-content\/uploads\/2024\/08\/entrevista-cliente-plusvalia-municipal-Alicia-Velasco-1200x630-1.jpg","type":"image\/jpeg"}],"author":"Cristina Naveda","twitter_card":"summary_large_image","twitter_creator":"@reclamador","twitter_site":"@reclamador","twitter_misc":{"Escrito por":"Cristina Naveda","Tiempo de lectura":"3 minutos"},"schema":{"@context":"https:\/\/schema.org","@graph":[{"@type":"Article","@id":"https:\/\/www.reclamador.es\/blog\/entrevista-alicia-reclamadora-plusvalia-municipal\/#article","isPartOf":{"@id":"https:\/\/www.reclamador.es\/blog\/entrevista-alicia-reclamadora-plusvalia-municipal\/"},"author":{"name":"Cristina Naveda","@id":"https:\/\/www.reclamador.es\/blog\/#\/schema\/person\/c446a02b3fcf1607a8a2139c36fbe583"},"headline":"Alicia, reclamadora de plusval\u00eda municipal: \u201cSiento que se ha hecho justicia porque los estamentos p\u00fablicos abusan cruelmente de los usuarios\u201d","datePublished":"2024-08-22T09:12:23+00:00","dateModified":"2025-08-22T06:15:39+00:00","mainEntityOfPage":{"@id":"https:\/\/www.reclamador.es\/blog\/entrevista-alicia-reclamadora-plusvalia-municipal\/"},"wordCount":574,"commentCount":0,"publisher":{"@id":"https:\/\/www.reclamador.es\/blog\/#organization"},"image":{"@id":"https:\/\/www.reclamador.es\/blog\/entrevista-alicia-reclamadora-plusvalia-municipal\/#primaryimage"},"thumbnailUrl":"https:\/\/i0.wp.com\/www.reclamador.es\/blog\/wp-content\/uploads\/2024\/08\/entrevista-cliente-plusvalia-municipal-Alicia-Velasco-1200x630-1.jpg?fit=1200%2C630&ssl=1","keywords":["plusval\u00eda municipal"],"articleSection":["Conoce todo lo que sucede en reclamador.es"],"inLanguage":"es","potentialAction":[{"@type":"CommentAction","name":"Comment","target":["https:\/\/www.reclamador.es\/blog\/entrevista-alicia-reclamadora-plusvalia-municipal\/#respond"]}]},{"@type":"WebPage","@id":"https:\/\/www.reclamador.es\/blog\/entrevista-alicia-reclamadora-plusvalia-municipal\/","url":"https:\/\/www.reclamador.es\/blog\/entrevista-alicia-reclamadora-plusvalia-municipal\/","name":"Entrevista a Alicia, reclamadora de plusval\u00eda municipal","isPartOf":{"@id":"https:\/\/www.reclamador.es\/blog\/#website"},"primaryImageOfPage":{"@id":"https:\/\/www.reclamador.es\/blog\/entrevista-alicia-reclamadora-plusvalia-municipal\/#primaryimage"},"image":{"@id":"https:\/\/www.reclamador.es\/blog\/entrevista-alicia-reclamadora-plusvalia-municipal\/#primaryimage"},"thumbnailUrl":"https:\/\/i0.wp.com\/www.reclamador.es\/blog\/wp-content\/uploads\/2024\/08\/entrevista-cliente-plusvalia-municipal-Alicia-Velasco-1200x630-1.jpg?fit=1200%2C630&ssl=1","datePublished":"2024-08-22T09:12:23+00:00","dateModified":"2025-08-22T06:15:39+00:00","description":"Lee la entrevista a Alicia, reclamadora el impuesto de plusval\u00eda municipal con reclamador.es. Ha recuperado m\u00e1s de 8.000 \u20ac.","breadcrumb":{"@id":"https:\/\/www.reclamador.es\/blog\/entrevista-alicia-reclamadora-plusvalia-municipal\/#breadcrumb"},"inLanguage":"es","potentialAction":[{"@type":"ReadAction","target":["https:\/\/www.reclamador.es\/blog\/entrevista-alicia-reclamadora-plusvalia-municipal\/"]}]},{"@type":"ImageObject","inLanguage":"es","@id":"https:\/\/www.reclamador.es\/blog\/entrevista-alicia-reclamadora-plusvalia-municipal\/#primaryimage","url":"https:\/\/i0.wp.com\/www.reclamador.es\/blog\/wp-content\/uploads\/2024\/08\/entrevista-cliente-plusvalia-municipal-Alicia-Velasco-1200x630-1.jpg?fit=1200%2C630&ssl=1","contentUrl":"https:\/\/i0.wp.com\/www.reclamador.es\/blog\/wp-content\/uploads\/2024\/08\/entrevista-cliente-plusvalia-municipal-Alicia-Velasco-1200x630-1.jpg?fit=1200%2C630&ssl=1","width":1200,"height":630,"caption":"reclamadora del impuesto de plusvalia municipal"},{"@type":"BreadcrumbList","@id":"https:\/\/www.reclamador.es\/blog\/entrevista-alicia-reclamadora-plusvalia-municipal\/#breadcrumb","itemListElement":[{"@type":"ListItem","position":1,"name":"Portada","item":"https:\/\/www.reclamador.es\/blog\/"},{"@type":"ListItem","position":2,"name":"Alicia, reclamadora de plusval\u00eda municipal: \u201cSiento que se ha hecho justicia porque los estamentos p\u00fablicos abusan cruelmente de los usuarios\u201d"}]},{"@type":"WebSite","@id":"https:\/\/www.reclamador.es\/blog\/#website","url":"https:\/\/www.reclamador.es\/blog\/","name":"Rebeldes con causa, el blog de reclamador.es","description":"Noticias, entrevistas y consejos sobre reclamaciones","publisher":{"@id":"https:\/\/www.reclamador.es\/blog\/#organization"},"potentialAction":[{"@type":"SearchAction","target":{"@type":"EntryPoint","urlTemplate":"https:\/\/www.reclamador.es\/blog\/?s={search_term_string}"},"query-input":{"@type":"PropertyValueSpecification","valueRequired":true,"valueName":"search_term_string"}}],"inLanguage":"es"},{"@type":"Organization","@id":"https:\/\/www.reclamador.es\/blog\/#organization","name":"reclamador.es","url":"https:\/\/www.reclamador.es\/blog\/","logo":{"@type":"ImageObject","inLanguage":"es","@id":"https:\/\/www.reclamador.es\/blog\/#\/schema\/logo\/image\/","url":"https:\/\/i0.wp.com\/www.reclamador.es\/blog\/wp-content\/uploads\/2020\/01\/logo-reclamador.png?fit=1200%2C144&ssl=1","contentUrl":"https:\/\/i0.wp.com\/www.reclamador.es\/blog\/wp-content\/uploads\/2020\/01\/logo-reclamador.png?fit=1200%2C144&ssl=1","width":1200,"height":144,"caption":"reclamador.es"},"image":{"@id":"https:\/\/www.reclamador.es\/blog\/#\/schema\/logo\/image\/"},"sameAs":["https:\/\/www.facebook.com\/reclamador.es","https:\/\/x.com\/reclamador","https:\/\/www.instagram.com\/reclamador.es\/","https:\/\/www.linkedin.com\/company\/reclamador-es","https:\/\/www.youtube.com\/user\/Reclamadores"]},{"@type":"Person","@id":"https:\/\/www.reclamador.es\/blog\/#\/schema\/person\/c446a02b3fcf1607a8a2139c36fbe583","name":"Cristina Naveda","image":{"@type":"ImageObject","inLanguage":"es","@id":"https:\/\/secure.gravatar.com\/avatar\/1df04000ab560ffd4824a3ce70f826eb8bd6a9bfc6cc9097a363e6cd67f07ec0?s=96&d=mm&r=g","url":"https:\/\/secure.gravatar.com\/avatar\/1df04000ab560ffd4824a3ce70f826eb8bd6a9bfc6cc9097a363e6cd67f07ec0?s=96&d=mm&r=g","contentUrl":"https:\/\/secure.gravatar.com\/avatar\/1df04000ab560ffd4824a3ce70f826eb8bd6a9bfc6cc9097a363e6cd67f07ec0?s=96&d=mm&r=g","caption":"Cristina Naveda"},"description":"Me encanta unir la informaci\u00f3n con las personas. Me esfuerzo para que reclamador haga bien esa uni\u00f3n desde el equipo de comunicaci\u00f3n.","url":"https:\/\/www.reclamador.es\/blog\/author\/cristina\/"}]}},"jetpack_featured_media_url":"https:\/\/i0.wp.com\/www.reclamador.es\/blog\/wp-content\/uploads\/2024\/08\/entrevista-cliente-plusvalia-municipal-Alicia-Velasco-1200x630-1.jpg?fit=1200%2C630&ssl=1","jetpack-related-posts":[{"id":31296,"url":"https:\/\/www.reclamador.es\/blog\/madrid-debe-millones-plusvalia-municipal\/","url_meta":{"origin":32638,"position":0},"title":"El Ayuntamiento de Madrid debe millones de euros del impuesto de plusval\u00eda a los contribuyentes","author":"Equipo reclamador","date":"5 septiembre, 2023","format":false,"excerpt":"Muchos son los contribuyentes que est\u00e1n recibiendo sentencias y resoluciones favorables donde los ayuntamientos est\u00e1n obligados a la devoluci\u00f3n del Impuesto sobre el Incremento de Valor de los Terrenos de Naturaleza Urbana (IIVTNU), tambi\u00e9n conocido como plusval\u00eda municipal. Sin embargo, a pesar de la inconstitucionalidad del m\u00e9todo de c\u00e1lculo de\u2026","rel":"","context":"En \u00abNoticias y actualidad\u00bb","block_context":{"text":"Noticias y actualidad","link":"https:\/\/www.reclamador.es\/blog\/noticias\/"},"img":{"alt_text":"El ayuntamiento de Madrid debe millones en plusval\u00eda municipal","src":"https:\/\/i0.wp.com\/www.reclamador.es\/blog\/wp-content\/uploads\/2023\/09\/ayuntamiento-de-madrid-debe-millones-en-plusvalia.jpg?fit=1200%2C690&ssl=1&resize=350%2C200","width":350,"height":200,"srcset":"https:\/\/i0.wp.com\/www.reclamador.es\/blog\/wp-content\/uploads\/2023\/09\/ayuntamiento-de-madrid-debe-millones-en-plusvalia.jpg?fit=1200%2C690&ssl=1&resize=350%2C200 1x, https:\/\/i0.wp.com\/www.reclamador.es\/blog\/wp-content\/uploads\/2023\/09\/ayuntamiento-de-madrid-debe-millones-en-plusvalia.jpg?fit=1200%2C690&ssl=1&resize=525%2C300 1.5x, https:\/\/i0.wp.com\/www.reclamador.es\/blog\/wp-content\/uploads\/2023\/09\/ayuntamiento-de-madrid-debe-millones-en-plusvalia.jpg?fit=1200%2C690&ssl=1&resize=700%2C400 2x, https:\/\/i0.wp.com\/www.reclamador.es\/blog\/wp-content\/uploads\/2023\/09\/ayuntamiento-de-madrid-debe-millones-en-plusvalia.jpg?fit=1200%2C690&ssl=1&resize=1050%2C600 3x"},"classes":[]},{"id":31426,"url":"https:\/\/www.reclamador.es\/blog\/entrevista-pedro-caso-real-reclamacion-plusvalia-municipal\/","url_meta":{"origin":32638,"position":1},"title":"\u201cLos ayuntamientos deber\u00edan devolver el dinero de la plusval\u00eda municipal motu proprio, en el momento en que se elimin\u00f3 ese impuesto\u201d","author":"Cristina Naveda","date":"17 octubre, 2023","format":false,"excerpt":"Diplomado en Criminolog\u00eda y con varios cursos de Derecho realizados, carrera que no termin\u00f3, ha sido comercial toda la vida, llegando incluso a montar dos empresas donde trabajan tambi\u00e9n sus hijos actualmente.\u00a0 As\u00ed es Pedro Luis (Madrid, 1959), uno de nuestros rostros reclamadores de la semana del impuesto de la\u2026","rel":"","context":"En \u00abConoce todo lo que sucede en reclamador.es\u00bb","block_context":{"text":"Conoce todo lo que sucede en reclamador.es","link":"https:\/\/www.reclamador.es\/blog\/reclamadores\/"},"img":{"alt_text":"reclamador caso real ganado cliente reclamacion plusvalia municipal","src":"https:\/\/i0.wp.com\/www.reclamador.es\/blog\/wp-content\/uploads\/2023\/10\/entrevista-cliente-plusvalia-municipal-Pedro-1200x630-1.jpg?fit=1200%2C630&ssl=1&resize=350%2C200","width":350,"height":200,"srcset":"https:\/\/i0.wp.com\/www.reclamador.es\/blog\/wp-content\/uploads\/2023\/10\/entrevista-cliente-plusvalia-municipal-Pedro-1200x630-1.jpg?fit=1200%2C630&ssl=1&resize=350%2C200 1x, https:\/\/i0.wp.com\/www.reclamador.es\/blog\/wp-content\/uploads\/2023\/10\/entrevista-cliente-plusvalia-municipal-Pedro-1200x630-1.jpg?fit=1200%2C630&ssl=1&resize=525%2C300 1.5x, https:\/\/i0.wp.com\/www.reclamador.es\/blog\/wp-content\/uploads\/2023\/10\/entrevista-cliente-plusvalia-municipal-Pedro-1200x630-1.jpg?fit=1200%2C630&ssl=1&resize=700%2C400 2x, https:\/\/i0.wp.com\/www.reclamador.es\/blog\/wp-content\/uploads\/2023\/10\/entrevista-cliente-plusvalia-municipal-Pedro-1200x630-1.jpg?fit=1200%2C630&ssl=1&resize=1050%2C600 3x"},"classes":[]},{"id":34349,"url":"https:\/\/www.reclamador.es\/blog\/quien-esta-exento-de-pagar-la-plusvalia-municipal\/","url_meta":{"origin":32638,"position":2},"title":"\u00bfQui\u00e9n est\u00e1 exento de pagar la plusval\u00eda municipal al heredar o vender una vivienda?","author":"Equipo reclamador","date":"30 mayo, 2025","format":false,"excerpt":"Solo aquellos herederos que reciben una vivienda cuyo valor no ha sufrido un aumento desde que el propietario fallecido la adquiri\u00f3 est\u00e1n exentos de pagar la plusval\u00eda municipal al heredar un inmueble. Por otra parte, respecto al pago de la plusval\u00eda municipal al vender una vivienda, \u00fanicamente aquellos propietarios que\u2026","rel":"","context":"En \u00abConsejos legales\u00bb","block_context":{"text":"Consejos legales","link":"https:\/\/www.reclamador.es\/blog\/consejos\/"},"img":{"alt_text":"quien esta exento de pagar la plusvalia municipal","src":"https:\/\/i0.wp.com\/www.reclamador.es\/blog\/wp-content\/uploads\/2025\/05\/quien-esta-exento-de-pagar-la-plusvalia-municipal-al-heredar-o-vender-una-vivienda-1200x630-1.jpg?fit=1200%2C630&ssl=1&resize=350%2C200","width":350,"height":200,"srcset":"https:\/\/i0.wp.com\/www.reclamador.es\/blog\/wp-content\/uploads\/2025\/05\/quien-esta-exento-de-pagar-la-plusvalia-municipal-al-heredar-o-vender-una-vivienda-1200x630-1.jpg?fit=1200%2C630&ssl=1&resize=350%2C200 1x, https:\/\/i0.wp.com\/www.reclamador.es\/blog\/wp-content\/uploads\/2025\/05\/quien-esta-exento-de-pagar-la-plusvalia-municipal-al-heredar-o-vender-una-vivienda-1200x630-1.jpg?fit=1200%2C630&ssl=1&resize=525%2C300 1.5x, https:\/\/i0.wp.com\/www.reclamador.es\/blog\/wp-content\/uploads\/2025\/05\/quien-esta-exento-de-pagar-la-plusvalia-municipal-al-heredar-o-vender-una-vivienda-1200x630-1.jpg?fit=1200%2C630&ssl=1&resize=700%2C400 2x, https:\/\/i0.wp.com\/www.reclamador.es\/blog\/wp-content\/uploads\/2025\/05\/quien-esta-exento-de-pagar-la-plusvalia-municipal-al-heredar-o-vender-una-vivienda-1200x630-1.jpg?fit=1200%2C630&ssl=1&resize=1050%2C600 3x"},"classes":[]},{"id":29082,"url":"https:\/\/www.reclamador.es\/blog\/consultas-repetidas-sobre-plusvalia-despues-sentencia-constitucional\/","url_meta":{"origin":32638,"position":3},"title":"Consultas muy repetidas sobre reclamaciones de plusval\u00eda municipal","author":"Equipo reclamador","date":"20 enero, 2022","format":false,"excerpt":"Informaci\u00f3n 2025: Si pagaste la plusval\u00eda municipal en fecha posterior al 9 de noviembre de 2021 es de aplicaci\u00f3n la nueva regulaci\u00f3n, por lo que no hay fundamentaci\u00f3n para reclamar con base en la nulidad del anterior m\u00e9todo de c\u00e1lculo. A d\u00eda de hoy, son muy pocos los casos que\u2026","rel":"","context":"En \u00abNoticias y actualidad\u00bb","block_context":{"text":"Noticias y actualidad","link":"https:\/\/www.reclamador.es\/blog\/noticias\/"},"img":{"alt_text":"reclamaciones impuesto plusvalia municipal","src":"https:\/\/i0.wp.com\/www.reclamador.es\/blog\/wp-content\/uploads\/2022\/01\/barcelona-consultas-sobre-plusvalia-impuestos.jpg?fit=1200%2C630&ssl=1&resize=350%2C200","width":350,"height":200,"srcset":"https:\/\/i0.wp.com\/www.reclamador.es\/blog\/wp-content\/uploads\/2022\/01\/barcelona-consultas-sobre-plusvalia-impuestos.jpg?fit=1200%2C630&ssl=1&resize=350%2C200 1x, https:\/\/i0.wp.com\/www.reclamador.es\/blog\/wp-content\/uploads\/2022\/01\/barcelona-consultas-sobre-plusvalia-impuestos.jpg?fit=1200%2C630&ssl=1&resize=525%2C300 1.5x, https:\/\/i0.wp.com\/www.reclamador.es\/blog\/wp-content\/uploads\/2022\/01\/barcelona-consultas-sobre-plusvalia-impuestos.jpg?fit=1200%2C630&ssl=1&resize=700%2C400 2x, https:\/\/i0.wp.com\/www.reclamador.es\/blog\/wp-content\/uploads\/2022\/01\/barcelona-consultas-sobre-plusvalia-impuestos.jpg?fit=1200%2C630&ssl=1&resize=1050%2C600 3x"},"classes":[]},{"id":18310,"url":"https:\/\/www.reclamador.es\/blog\/sentencia-favorable-plusvalia-juzgado-barcelona\/","url_meta":{"origin":32638,"position":4},"title":"Nueva sentencia favorable sobre plusval\u00eda municipal en Barcelona","author":"Equipo reclamador","date":"24 mayo, 2018","format":false,"excerpt":"Casi 1.300\u20ac tendr\u00e1 que devolver el Ayuntamiento de Sant Andreu de LLavaneres (Barcelona) a un cliente de reclamador.es por el impuesto de plusval\u00eda municipal. As\u00ed lo ha dictaminado el Juzgado de lo Contencioso-Administrativo N\u00ba7 de Barcelona.\u00a0El juez acepta la argumentaci\u00f3n de los abogados de reclamador.es, pues considera que no existe\u2026","rel":"","context":"En \u00abNoticias y actualidad\u00bb","block_context":{"text":"Noticias y actualidad","link":"https:\/\/www.reclamador.es\/blog\/noticias\/"},"img":{"alt_text":"plusval\u00eda municipal reclamador","src":"https:\/\/i0.wp.com\/www.reclamador.es\/blog\/wp-content\/uploads\/2018\/05\/plusvalia_Sant_Andreu_de_Llavaneres_reclamador.jpg?fit=1148%2C800&ssl=1&resize=350%2C200","width":350,"height":200,"srcset":"https:\/\/i0.wp.com\/www.reclamador.es\/blog\/wp-content\/uploads\/2018\/05\/plusvalia_Sant_Andreu_de_Llavaneres_reclamador.jpg?fit=1148%2C800&ssl=1&resize=350%2C200 1x, https:\/\/i0.wp.com\/www.reclamador.es\/blog\/wp-content\/uploads\/2018\/05\/plusvalia_Sant_Andreu_de_Llavaneres_reclamador.jpg?fit=1148%2C800&ssl=1&resize=525%2C300 1.5x, https:\/\/i0.wp.com\/www.reclamador.es\/blog\/wp-content\/uploads\/2018\/05\/plusvalia_Sant_Andreu_de_Llavaneres_reclamador.jpg?fit=1148%2C800&ssl=1&resize=700%2C400 2x, https:\/\/i0.wp.com\/www.reclamador.es\/blog\/wp-content\/uploads\/2018\/05\/plusvalia_Sant_Andreu_de_Llavaneres_reclamador.jpg?fit=1148%2C800&ssl=1&resize=1050%2C600 3x"},"classes":[]},{"id":17982,"url":"https:\/\/www.reclamador.es\/blog\/plusvalia-avila-reclamador-consigue-devuelvan-impuesto\/","url_meta":{"origin":32638,"position":5},"title":"reclamador.es consigue que devuelvan el 100% de la plusval\u00eda municipal con ganancias en \u00c1vila","author":"Equipo reclamador","date":"25 abril, 2018","format":false,"excerpt":"Hace unos d\u00edas conoc\u00edamos la buena noticia: el Ayuntamiento de \u00c1vila ha aceptado devolver a dos clientas de reclamador.es el 100% de lo que pagaron por el impuesto de plusval\u00eda municipal con ganancias. M\u00e1s de 8.000\u20ac que cada hermana abon\u00f3 al recibir una vivienda en herencia y que ahora el\u2026","rel":"","context":"En \u00abNoticias y actualidad\u00bb","block_context":{"text":"Noticias y actualidad","link":"https:\/\/www.reclamador.es\/blog\/noticias\/"},"img":{"alt_text":"exito plusvalia municipal reclamador","src":"https:\/\/i0.wp.com\/www.reclamador.es\/blog\/wp-content\/uploads\/2018\/04\/reclamador-gana-plusvalia-con-ganancias.jpg?fit=1200%2C800&ssl=1&resize=350%2C200","width":350,"height":200,"srcset":"https:\/\/i0.wp.com\/www.reclamador.es\/blog\/wp-content\/uploads\/2018\/04\/reclamador-gana-plusvalia-con-ganancias.jpg?fit=1200%2C800&ssl=1&resize=350%2C200 1x, https:\/\/i0.wp.com\/www.reclamador.es\/blog\/wp-content\/uploads\/2018\/04\/reclamador-gana-plusvalia-con-ganancias.jpg?fit=1200%2C800&ssl=1&resize=525%2C300 1.5x, https:\/\/i0.wp.com\/www.reclamador.es\/blog\/wp-content\/uploads\/2018\/04\/reclamador-gana-plusvalia-con-ganancias.jpg?fit=1200%2C800&ssl=1&resize=700%2C400 2x, https:\/\/i0.wp.com\/www.reclamador.es\/blog\/wp-content\/uploads\/2018\/04\/reclamador-gana-plusvalia-con-ganancias.jpg?fit=1200%2C800&ssl=1&resize=1050%2C600 3x"},"classes":[]}],"jetpack_sharing_enabled":true,"_links":{"self":[{"href":"https:\/\/www.reclamador.es\/blog\/wp-json\/wp\/v2\/posts\/32638","targetHints":{"allow":["GET"]}}],"collection":[{"href":"https:\/\/www.reclamador.es\/blog\/wp-json\/wp\/v2\/posts"}],"about":[{"href":"https:\/\/www.reclamador.es\/blog\/wp-json\/wp\/v2\/types\/post"}],"author":[{"embeddable":true,"href":"https:\/\/www.reclamador.es\/blog\/wp-json\/wp\/v2\/users\/3"}],"replies":[{"embeddable":true,"href":"https:\/\/www.reclamador.es\/blog\/wp-json\/wp\/v2\/comments?post=32638"}],"version-history":[{"count":3,"href":"https:\/\/www.reclamador.es\/blog\/wp-json\/wp\/v2\/posts\/32638\/revisions"}],"predecessor-version":[{"id":34821,"href":"https:\/\/www.reclamador.es\/blog\/wp-json\/wp\/v2\/posts\/32638\/revisions\/34821"}],"wp:featuredmedia":[{"embeddable":true,"href":"https:\/\/www.reclamador.es\/blog\/wp-json\/wp\/v2\/media\/32640"}],"wp:attachment":[{"href":"https:\/\/www.reclamador.es\/blog\/wp-json\/wp\/v2\/media?parent=32638"}],"wp:term":[{"taxonomy":"category","embeddable":true,"href":"https:\/\/www.reclamador.es\/blog\/wp-json\/wp\/v2\/categories?post=32638"},{"taxonomy":"post_tag","embeddable":true,"href":"https:\/\/www.reclamador.es\/blog\/wp-json\/wp\/v2\/tags?post=32638"}],"curies":[{"name":"wp","href":"https:\/\/api.w.org\/{rel}","templated":true}]}}