{"id":32565,"date":"2024-07-17T09:14:00","date_gmt":"2024-07-17T07:14:00","guid":{"rendered":"https:\/\/www.reclamador.es\/blog\/?p=32565"},"modified":"2025-05-12T09:59:50","modified_gmt":"2025-05-12T07:59:50","slug":"que-hacer-en-palma-en-un-dia-si-cancelan-tu-vuelo","status":"publish","type":"post","link":"https:\/\/www.reclamador.es\/blog\/que-hacer-en-palma-en-un-dia-si-cancelan-tu-vuelo\/","title":{"rendered":"\u00bfQu\u00e9 hacer en Palma en un d\u00eda si cancelan tu vuelo?"},"content":{"rendered":"<div class=\"ttr_start\"><\/div>\n\n<div class=\"kk-star-ratings kksr-auto kksr-align-right kksr-valign-top\"\n    data-payload='{&quot;align&quot;:&quot;right&quot;,&quot;id&quot;:&quot;32565&quot;,&quot;slug&quot;:&quot;default&quot;,&quot;valign&quot;:&quot;top&quot;,&quot;ignore&quot;:&quot;&quot;,&quot;reference&quot;:&quot;auto&quot;,&quot;class&quot;:&quot;&quot;,&quot;count&quot;:&quot;0&quot;,&quot;legendonly&quot;:&quot;&quot;,&quot;readonly&quot;:&quot;&quot;,&quot;score&quot;:&quot;0&quot;,&quot;starsonly&quot;:&quot;&quot;,&quot;best&quot;:&quot;5&quot;,&quot;gap&quot;:&quot;3&quot;,&quot;greet&quot;:&quot;Valora este art\u00edculo&quot;,&quot;legend&quot;:&quot;0\\\/5 - (0 votos)&quot;,&quot;size&quot;:&quot;20&quot;,&quot;title&quot;:&quot;\u00bfQu\u00e9 hacer en Palma en un d\u00eda si cancelan tu vuelo?&quot;,&quot;width&quot;:&quot;0&quot;,&quot;_legend&quot;:&quot;{score}\\\/{best} - ({count} {votes})&quot;,&quot;font_factor&quot;:&quot;1.25&quot;}'>\n            \n<div class=\"kksr-stars\">\n    \n<div class=\"kksr-stars-inactive\">\n            <div class=\"kksr-star\" data-star=\"1\" style=\"padding-right: 3px\">\n            \n\n<div class=\"kksr-icon\" style=\"width: 20px; height: 20px;\"><\/div>\n        <\/div>\n            <div class=\"kksr-star\" data-star=\"2\" style=\"padding-right: 3px\">\n            \n\n<div class=\"kksr-icon\" style=\"width: 20px; height: 20px;\"><\/div>\n        <\/div>\n            <div class=\"kksr-star\" data-star=\"3\" style=\"padding-right: 3px\">\n            \n\n<div class=\"kksr-icon\" style=\"width: 20px; height: 20px;\"><\/div>\n        <\/div>\n            <div class=\"kksr-star\" data-star=\"4\" style=\"padding-right: 3px\">\n            \n\n<div class=\"kksr-icon\" style=\"width: 20px; height: 20px;\"><\/div>\n        <\/div>\n            <div class=\"kksr-star\" data-star=\"5\" style=\"padding-right: 3px\">\n            \n\n<div class=\"kksr-icon\" style=\"width: 20px; height: 20px;\"><\/div>\n        <\/div>\n    <\/div>\n    \n<div class=\"kksr-stars-active\" style=\"width: 0px;\">\n            <div class=\"kksr-star\" style=\"padding-right: 3px\">\n            \n\n<div class=\"kksr-icon\" style=\"width: 20px; height: 20px;\"><\/div>\n        <\/div>\n            <div class=\"kksr-star\" style=\"padding-right: 3px\">\n            \n\n<div class=\"kksr-icon\" style=\"width: 20px; height: 20px;\"><\/div>\n        <\/div>\n            <div class=\"kksr-star\" style=\"padding-right: 3px\">\n            \n\n<div class=\"kksr-icon\" style=\"width: 20px; height: 20px;\"><\/div>\n        <\/div>\n            <div class=\"kksr-star\" style=\"padding-right: 3px\">\n            \n\n<div class=\"kksr-icon\" style=\"width: 20px; height: 20px;\"><\/div>\n        <\/div>\n            <div class=\"kksr-star\" style=\"padding-right: 3px\">\n            \n\n<div class=\"kksr-icon\" style=\"width: 20px; height: 20px;\"><\/div>\n        <\/div>\n    <\/div>\n<\/div>\n                \n\n<div class=\"kksr-legend\" style=\"font-size: 16px;\">\n            <span class=\"kksr-muted\">Valora este art\u00edculo<\/span>\n    <\/div>\n    <\/div>\n\n\n\n<figure id=\"attachment_32568\" aria-describedby=\"caption-attachment-32568\" style=\"width: 1200px\" class=\"wp-caption aligncenter\"><img data-recalc-dims=\"1\" loading=\"lazy\" decoding=\"async\" class=\"size-full wp-image-32568\" src=\"https:\/\/i0.wp.com\/www.reclamador.es\/blog\/wp-content\/uploads\/2024\/07\/que-hacer-en-palma-de-mallorca-en-24h-si-te-cancelan-un-vuelo-1200x630-1.jpg?resize=1200%2C630&#038;ssl=1\" alt=\"Qu\u00e9 hacer en Palma en un d\u00eda - vuelo cancelado - vuelo retrasado\" width=\"1200\" height=\"630\" srcset=\"https:\/\/i0.wp.com\/www.reclamador.es\/blog\/wp-content\/uploads\/2024\/07\/que-hacer-en-palma-de-mallorca-en-24h-si-te-cancelan-un-vuelo-1200x630-1.jpg?w=1200&amp;ssl=1 1200w, https:\/\/i0.wp.com\/www.reclamador.es\/blog\/wp-content\/uploads\/2024\/07\/que-hacer-en-palma-de-mallorca-en-24h-si-te-cancelan-un-vuelo-1200x630-1.jpg?resize=800%2C420&amp;ssl=1 800w, https:\/\/i0.wp.com\/www.reclamador.es\/blog\/wp-content\/uploads\/2024\/07\/que-hacer-en-palma-de-mallorca-en-24h-si-te-cancelan-un-vuelo-1200x630-1.jpg?resize=150%2C79&amp;ssl=1 150w, https:\/\/i0.wp.com\/www.reclamador.es\/blog\/wp-content\/uploads\/2024\/07\/que-hacer-en-palma-de-mallorca-en-24h-si-te-cancelan-un-vuelo-1200x630-1.jpg?resize=768%2C403&amp;ssl=1 768w\" sizes=\"auto, (max-width: 1000px) 100vw, 1000px\" \/><figcaption id=\"caption-attachment-32568\" class=\"wp-caption-text\"><em>Gu\u00eda: Qu\u00e9 hacer en Palma en un d\u00eda<\/em><\/figcaption><\/figure>\n<p><span style=\"font-weight: 400;\">La <\/span><span style=\"font-weight: 400;\">cancelaci\u00f3n de un vuelo<\/span><span style=\"font-weight: 400;\"> puede ser una experiencia que empa\u00f1e el resto del viaje, pero si te encuentras en Palma, \u00a1no todo est\u00e1 perdido! Aprovecha el d\u00eda y descubre las maravillas de esta hermosa ciudad. Te dejamos una gu\u00eda para saber <strong>qu\u00e9 hacer en Palma en un d\u00eda<\/strong>. Adem\u00e1s, recuerda que puedes reclamar una <\/span><a href=\"https:\/\/www.reclamador.es\/aerolineas\/cancelacion-vuelo\/\"><b>indemnizaci\u00f3n por la cancelaci\u00f3n de tu vuelo<\/b><\/a><span style=\"font-weight: 400;\">. En reclamador.es te ayudamos a gestionar tu <a href=\"https:\/\/www.reclamador.es\/aerolineas\/aeropuertos\/palma-de-mallorca-son-sant-joan\/\">reclamaci\u00f3n en el Aeropuerto de Son Sant Joan Palma de Mallorca<\/a>, sin adelantar un solo euro.<\/span><\/p>\n<h2><b>Una ma\u00f1ana en Palma por tu vuelo cancelado o retrasado: Descubre el casco antiguo<\/b><\/h2>\n<p><span style=\"font-weight: 400;\">Llegas al Aeropuerto de Palma de Mallorca y ves en las pantallas que tu vuelo se ha retrasado hasta \u00faltima hora de la tarde o bien, la aerol\u00ednea ha cancelado tu vuelo en la isla de Mallorca y te ofrece una reubicaci\u00f3n a \u00faltima hora de la tarde. Tienes toda la ma\u00f1ana por delante y est\u00e1s en Palma. Aprovecha para conocer los encantos de esta gran ciudad.\u00a0<\/span><\/p>\n<p><span style=\"font-weight: 400;\">Empieza con un paseo por el casco antiguo de Palma. Visita la <\/span><b>Catedral de Santa Mar\u00eda de Palma<\/b><span style=\"font-weight: 400;\">, conocida como La Seu. Su impresionante arquitectura g\u00f3tica y vistas al mar te dejar\u00e1n sin palabras. A pocos pasos, encontrar\u00e1s el <\/span><b>Palacio Real de la Almudaina<\/b><span style=\"font-weight: 400;\">, una fortaleza que mezcla estilos \u00e1rabe y g\u00f3tico. No olvides pasear por el <\/span><b>Parc de la Mar<\/b><span style=\"font-weight: 400;\">, donde podr\u00e1s relajarte junto al lago artificial.<\/span><\/p>\n<p><span style=\"font-weight: 400;\">Seg\u00fan la hora de salida de tu nuevo vuelo, es posible que tengas que volver al Aeropuerto de Palma de Mallorca a comer o bien, nada m\u00e1s comer.\u00a0<\/span><\/p>\n<p><span style=\"font-weight: 400;\">Planifica bien los tiempos, no pierdas este nuevo vuelo. Y, recuerda, en los trayectos o durante la espera, puedes leer estos art\u00edculos donde te explicamos qu\u00e9 documentos son necesarios para reclamar un vuelo cancelado o retrasado:<\/span><\/p>\n<ul>\n<li style=\"font-weight: 400;\" aria-level=\"1\"><a href=\"https:\/\/www.reclamador.es\/ayuda\/aerolineas\/que-documentacion-es-necesaria-para-una-reclamacion-por-cancelacion-de-vuelo\/\"><span style=\"font-weight: 400;\">Documentaci\u00f3n necesaria para reclamar la cancelaci\u00f3n de un vuelo<\/span><\/a><span style=\"font-weight: 400;\">.\u00a0<\/span><\/li>\n<li style=\"font-weight: 400;\" aria-level=\"1\"><a href=\"https:\/\/www.reclamador.es\/ayuda\/aerolineas\/que-documentacion-es-necesaria-para-una-reclamacion-por-retraso-de-vuelo\/\"><span style=\"font-weight: 400;\">Documentos imprescindibles para hacer una reclamaci\u00f3n por retraso de vuelo<\/span><\/a><span style=\"font-weight: 400;\">.\u00a0<\/span><\/li>\n<\/ul>\n<h2><b>\u00bfQu\u00e9 hacer en Palma en un d\u00eda? tarde de arte, cultura y ocio<\/b><\/h2>\n<p><span style=\"font-weight: 400;\">Si todav\u00eda tienes margen de tiempo, dir\u00edgete al <\/span><b>Museo Es Baluard<\/b><span style=\"font-weight: 400;\"> de arte moderno y contempor\u00e1neo. Este museo alberga una impresionante colecci\u00f3n de obras de artistas locales e internacionales. <\/span><b>Tarde: Shopping y Playa<\/b><\/p>\n<p><span style=\"font-weight: 400;\">Tambi\u00e9n, puedes aprovechar la tarde en Palma por la cancelaci\u00f3n de tu vuelo para hacer compras en el <\/span><b>Paseo del Borne<\/b><span style=\"font-weight: 400;\"> y la <\/span><b>Avenida Jaume III<\/b><span style=\"font-weight: 400;\">, donde encontrar\u00e1s boutiques y tiendas exclusivas.\u00a0<\/span><\/p>\n<p><span style=\"font-weight: 400;\">O bien, si eres m\u00e1s de aprovechar el buen tiempo de la isla, puedes relajarte en alguna de las playas cercanas y bien conectadas con el aeropuerto, como Can Pastilla.<\/span><\/p>\n<h2><b>Noche: Cena y vida nocturna<\/b><\/h2>\n<p><span style=\"font-weight: 400;\">Si por la cancelaci\u00f3n de tu vuelo te han reubicado en otro que sale al d\u00eda siguiente, termina con una cena en el barrio de <\/span><b>Santa Catalina<\/b><span style=\"font-weight: 400;\">, conocido por su ambiente animado y una gran variedad de restaurantes y bares. Si te queda energ\u00eda, explora la vida nocturna en el <\/span><b>Paseo Mar\u00edtimo<\/b><span style=\"font-weight: 400;\">, con sus numerosos bares y discotecas.<\/span><\/p>\n<h2><b>Hoteles m\u00e1s cercanos al Aeropuerto de Palma de Mallorca<\/b><\/h2>\n<p><span style=\"font-weight: 400;\">Si tienes que pasar la noche en Palma por la cancelaci\u00f3n de tu vuelo, recuerda que ese gasto lo podr\u00e1s reclamar junto con la indemnizaci\u00f3n de entre 250 \u20ac y 600 \u20ac que te corresponde (siempre y cuando te informen de la cancelaci\u00f3n del vuelo con menos de dos semanas de antelaci\u00f3n y dicha incidencia no sea causada por un motivo de fuerza mayor, por ejemplo, una DANA que obliga a cerrar el aeropuerto durante unas horas).\u00a0<\/span><\/p>\n<p><span style=\"font-weight: 400;\">Aqu\u00ed te dejamos varias propuestas de hoteles cercanos al Aeropuerto de Palma de Mallorca, por si tienes que hacer una noche adicional en la isla:\u00a0<\/span><\/p>\n<ul>\n<li style=\"font-weight: 400;\" aria-level=\"1\"><b>Hotel Amic Can Pastilla<\/b><span style=\"font-weight: 400;\">. Todos los hoteles m\u00e1s pr\u00f3ximos al aeropuerto se encuentran en Can Pastilla, que est\u00e1 a menos de 2km del aeropuerto y cuenta con l\u00ednea de autob\u00fas directa. Este se trata de un hotel de 2*, que puede ser una opci\u00f3n econ\u00f3mica para pasar esa noche cerca del Aeropuerto de Palma de Mallorca.<\/span><\/li>\n<li style=\"font-weight: 400;\" aria-level=\"1\"><b>Hostal Maracaibo<\/b><span style=\"font-weight: 400;\">. Otra opci\u00f3n econ\u00f3mica para dormir cerca del Aeropuerto de Palma de Mallorca si cancelan tu vuelo. Est\u00e1 situado a 1,7 km del aeropuerto.\u00a0<\/span><\/li>\n<li style=\"font-weight: 400;\" aria-level=\"1\"><b>Hotel Linda<\/b><span style=\"font-weight: 400;\">. Tambi\u00e9n en Can Pastilla. Este es un hotel de 3* situado a 1,6km del aeropuerto.\u00a0<\/span><\/li>\n<\/ul>\n<h2><b>Reclama tu vuelo cancelado en Palma<\/b><\/h2>\n<p><span style=\"font-weight: 400;\">No olvides que si tu vuelo ha sido cancelado, tienes derecho a una compensaci\u00f3n de hasta 600\u20ac, m\u00e1s los gastos extras acreditables. En reclamador.es te facilitamos el proceso de reclamaci\u00f3n. Solo tienes que completar nuestro formulario y nosotros nos encargamos del resto. No tendr\u00e1s que adelantar ni un euro y nuestro \u00e9xito est\u00e1 garantizado en un 98%.<\/span><\/p>\n<p>El <a href=\"https:\/\/www.reclamador.es\/aerolineas\/retraso-vuelo\/\">retraso de tu vuelo<\/a> tambi\u00e9n es reclamable. Incluso si sufres un <a href=\"https:\/\/www.reclamador.es\/aerolineas\/overbooking\/\">overbooking<\/a> y te deniegan el embarque, te corresponde una indemnizaci\u00f3n de hasta 600 \u20ac, m\u00e1s gastos.\u00a0<\/p>\n<p>Y si tu problema ha sido con el equipaje, no te quedes de brazos cruzados, te corresponde una <a href=\"https:\/\/www.reclamador.es\/aerolineas\/problemas-equipaje\/\">indemnizaci\u00f3n de hasta 1.813 \u20ac por equipaje extraviado o da\u00f1ado<\/a> (cifra actualizada en mayo de 2025).<\/p>\n<p><span style=\"font-weight: 400;\">\u00a1Disfruta de Palma y reclama tus derechos!<\/span><\/p>\n<h2 style=\"text-align: center;\"><strong><a class=\"button-lead\" href=\"https:\/\/www.reclamador.es\/form\/complaint\/cancellation\/\" rel=\"nofollow noopener\">Completa nuestro formulario y reclama tu vuelo cancelado<\/a><\/strong><\/h2>\n<div class=\"ttr_end\"><\/div>","protected":false},"excerpt":{"rendered":"<p>La cancelaci\u00f3n de un vuelo puede ser una experiencia que empa\u00f1e el resto del viaje, pero si te encuentras en Palma, \u00a1no todo est\u00e1 perdido! Aprovecha el d\u00eda y descubre las maravillas de esta hermosa ciudad. Te dejamos una gu\u00eda para saber qu\u00e9 hacer en Palma en un d\u00eda. Adem\u00e1s, recuerda que puedes reclamar una [&hellip;]<\/p>\n","protected":false},"author":1,"featured_media":32568,"comment_status":"open","ping_status":"open","sticky":false,"template":"","format":"standard","meta":{"_acf_changed":false,"_genesis_hide_title":false,"_genesis_hide_breadcrumbs":false,"_genesis_hide_singular_image":false,"_genesis_hide_footer_widgets":false,"_genesis_custom_body_class":"","_genesis_custom_post_class":"","_genesis_layout":"","_jetpack_newsletter_access":"","_jetpack_dont_email_post_to_subs":false,"_jetpack_newsletter_tier_id":0,"_jetpack_memberships_contains_paywalled_content":false,"_jetpack_memberships_contains_paid_content":false,"footnotes":""},"categories":[393],"tags":[380,771],"class_list":{"0":"post-32565","1":"post","2":"type-post","3":"status-publish","4":"format-standard","5":"has-post-thumbnail","7":"category-consejos","8":"tag-aerolineas","9":"tag-palma-aeropuerto","10":"entry"},"acf":[],"yoast_head":"<!-- This site is optimized with the Yoast SEO plugin v27.4 - https:\/\/yoast.com\/product\/yoast-seo-wordpress\/ -->\n<title>Gu\u00eda: \u00bfQu\u00e9 hacer en Palma en un d\u00eda?<\/title>\n<meta name=\"description\" content=\"Te dejamos una gu\u00eda con cosas que hacer en Palma en un d\u00eda, por si, por ejemplo, cancelan tu vuelo o sufres un overbooking.\" \/>\n<meta name=\"robots\" content=\"index, follow, max-snippet:-1, max-image-preview:large, max-video-preview:-1\" \/>\n<link rel=\"canonical\" href=\"https:\/\/www.reclamador.es\/blog\/que-hacer-en-palma-en-un-dia-si-cancelan-tu-vuelo\/\" \/>\n<meta property=\"og:locale\" content=\"es_ES\" \/>\n<meta property=\"og:type\" content=\"article\" \/>\n<meta property=\"og:title\" content=\"Gu\u00eda: \u00bfQu\u00e9 hacer en Palma en un d\u00eda?\" \/>\n<meta property=\"og:description\" content=\"Te dejamos una gu\u00eda con cosas que hacer en Palma en un d\u00eda, por si, por ejemplo, cancelan tu vuelo o sufres un overbooking.\" \/>\n<meta property=\"og:url\" content=\"https:\/\/www.reclamador.es\/blog\/que-hacer-en-palma-en-un-dia-si-cancelan-tu-vuelo\/\" \/>\n<meta property=\"og:site_name\" content=\"Rebeldes con causa, el blog de reclamador.es\" \/>\n<meta property=\"article:publisher\" content=\"https:\/\/www.facebook.com\/reclamador.es\" \/>\n<meta property=\"article:published_time\" content=\"2024-07-17T07:14:00+00:00\" \/>\n<meta property=\"article:modified_time\" content=\"2025-05-12T07:59:50+00:00\" \/>\n<meta property=\"og:image\" content=\"https:\/\/www.reclamador.es\/blog\/wp-content\/uploads\/2024\/07\/que-hacer-en-palma-de-mallorca-en-24h-si-te-cancelan-un-vuelo-1200x630-1.jpg\" \/>\n\t<meta property=\"og:image:width\" content=\"1200\" \/>\n\t<meta property=\"og:image:height\" content=\"630\" \/>\n\t<meta property=\"og:image:type\" content=\"image\/jpeg\" \/>\n<meta name=\"author\" content=\"Equipo reclamador\" \/>\n<meta name=\"twitter:card\" content=\"summary_large_image\" \/>\n<meta name=\"twitter:creator\" content=\"@reclamador\" \/>\n<meta name=\"twitter:site\" content=\"@reclamador\" \/>\n<meta name=\"twitter:label1\" content=\"Escrito por\" \/>\n\t<meta name=\"twitter:data1\" content=\"Equipo reclamador\" \/>\n\t<meta name=\"twitter:label2\" content=\"Tiempo de lectura\" \/>\n\t<meta name=\"twitter:data2\" content=\"5 minutos\" \/>\n<script type=\"application\/ld+json\" class=\"yoast-schema-graph\">{\"@context\":\"https:\\\/\\\/schema.org\",\"@graph\":[{\"@type\":\"Article\",\"@id\":\"https:\\\/\\\/www.reclamador.es\\\/blog\\\/que-hacer-en-palma-en-un-dia-si-cancelan-tu-vuelo\\\/#article\",\"isPartOf\":{\"@id\":\"https:\\\/\\\/www.reclamador.es\\\/blog\\\/que-hacer-en-palma-en-un-dia-si-cancelan-tu-vuelo\\\/\"},\"author\":{\"name\":\"Equipo reclamador\",\"@id\":\"https:\\\/\\\/www.reclamador.es\\\/blog\\\/#\\\/schema\\\/person\\\/1ed83eef8b6566cb5e4c812d9bc5c4bf\"},\"headline\":\"\u00bfQu\u00e9 hacer en Palma en un d\u00eda si cancelan tu vuelo?\",\"datePublished\":\"2024-07-17T07:14:00+00:00\",\"dateModified\":\"2025-05-12T07:59:50+00:00\",\"mainEntityOfPage\":{\"@id\":\"https:\\\/\\\/www.reclamador.es\\\/blog\\\/que-hacer-en-palma-en-un-dia-si-cancelan-tu-vuelo\\\/\"},\"wordCount\":917,\"commentCount\":0,\"publisher\":{\"@id\":\"https:\\\/\\\/www.reclamador.es\\\/blog\\\/#organization\"},\"image\":{\"@id\":\"https:\\\/\\\/www.reclamador.es\\\/blog\\\/que-hacer-en-palma-en-un-dia-si-cancelan-tu-vuelo\\\/#primaryimage\"},\"thumbnailUrl\":\"https:\\\/\\\/i0.wp.com\\\/www.reclamador.es\\\/blog\\\/wp-content\\\/uploads\\\/2024\\\/07\\\/que-hacer-en-palma-de-mallorca-en-24h-si-te-cancelan-un-vuelo-1200x630-1.jpg?fit=1200%2C630&ssl=1\",\"keywords\":[\"aerol\u00edneas\",\"palma aeropuerto\"],\"articleSection\":[\"Consejos legales\"],\"inLanguage\":\"es\",\"potentialAction\":[{\"@type\":\"CommentAction\",\"name\":\"Comment\",\"target\":[\"https:\\\/\\\/www.reclamador.es\\\/blog\\\/que-hacer-en-palma-en-un-dia-si-cancelan-tu-vuelo\\\/#respond\"]}]},{\"@type\":\"WebPage\",\"@id\":\"https:\\\/\\\/www.reclamador.es\\\/blog\\\/que-hacer-en-palma-en-un-dia-si-cancelan-tu-vuelo\\\/\",\"url\":\"https:\\\/\\\/www.reclamador.es\\\/blog\\\/que-hacer-en-palma-en-un-dia-si-cancelan-tu-vuelo\\\/\",\"name\":\"Gu\u00eda: \u00bfQu\u00e9 hacer en Palma en un d\u00eda?\",\"isPartOf\":{\"@id\":\"https:\\\/\\\/www.reclamador.es\\\/blog\\\/#website\"},\"primaryImageOfPage\":{\"@id\":\"https:\\\/\\\/www.reclamador.es\\\/blog\\\/que-hacer-en-palma-en-un-dia-si-cancelan-tu-vuelo\\\/#primaryimage\"},\"image\":{\"@id\":\"https:\\\/\\\/www.reclamador.es\\\/blog\\\/que-hacer-en-palma-en-un-dia-si-cancelan-tu-vuelo\\\/#primaryimage\"},\"thumbnailUrl\":\"https:\\\/\\\/i0.wp.com\\\/www.reclamador.es\\\/blog\\\/wp-content\\\/uploads\\\/2024\\\/07\\\/que-hacer-en-palma-de-mallorca-en-24h-si-te-cancelan-un-vuelo-1200x630-1.jpg?fit=1200%2C630&ssl=1\",\"datePublished\":\"2024-07-17T07:14:00+00:00\",\"dateModified\":\"2025-05-12T07:59:50+00:00\",\"description\":\"Te dejamos una gu\u00eda con cosas que hacer en Palma en un d\u00eda, por si, por ejemplo, cancelan tu vuelo o sufres un overbooking.\",\"breadcrumb\":{\"@id\":\"https:\\\/\\\/www.reclamador.es\\\/blog\\\/que-hacer-en-palma-en-un-dia-si-cancelan-tu-vuelo\\\/#breadcrumb\"},\"inLanguage\":\"es\",\"potentialAction\":[{\"@type\":\"ReadAction\",\"target\":[\"https:\\\/\\\/www.reclamador.es\\\/blog\\\/que-hacer-en-palma-en-un-dia-si-cancelan-tu-vuelo\\\/\"]}]},{\"@type\":\"ImageObject\",\"inLanguage\":\"es\",\"@id\":\"https:\\\/\\\/www.reclamador.es\\\/blog\\\/que-hacer-en-palma-en-un-dia-si-cancelan-tu-vuelo\\\/#primaryimage\",\"url\":\"https:\\\/\\\/i0.wp.com\\\/www.reclamador.es\\\/blog\\\/wp-content\\\/uploads\\\/2024\\\/07\\\/que-hacer-en-palma-de-mallorca-en-24h-si-te-cancelan-un-vuelo-1200x630-1.jpg?fit=1200%2C630&ssl=1\",\"contentUrl\":\"https:\\\/\\\/i0.wp.com\\\/www.reclamador.es\\\/blog\\\/wp-content\\\/uploads\\\/2024\\\/07\\\/que-hacer-en-palma-de-mallorca-en-24h-si-te-cancelan-un-vuelo-1200x630-1.jpg?fit=1200%2C630&ssl=1\",\"width\":1200,\"height\":630,\"caption\":\"Gu\u00eda: Qu\u00e9 hacer en Palma en un d\u00eda\"},{\"@type\":\"BreadcrumbList\",\"@id\":\"https:\\\/\\\/www.reclamador.es\\\/blog\\\/que-hacer-en-palma-en-un-dia-si-cancelan-tu-vuelo\\\/#breadcrumb\",\"itemListElement\":[{\"@type\":\"ListItem\",\"position\":1,\"name\":\"Portada\",\"item\":\"https:\\\/\\\/www.reclamador.es\\\/blog\\\/\"},{\"@type\":\"ListItem\",\"position\":2,\"name\":\"\u00bfQu\u00e9 hacer en Palma en un d\u00eda si cancelan tu vuelo?\"}]},{\"@type\":\"WebSite\",\"@id\":\"https:\\\/\\\/www.reclamador.es\\\/blog\\\/#website\",\"url\":\"https:\\\/\\\/www.reclamador.es\\\/blog\\\/\",\"name\":\"Rebeldes con causa, el blog de reclamador.es\",\"description\":\"Noticias, entrevistas y consejos sobre reclamaciones\",\"publisher\":{\"@id\":\"https:\\\/\\\/www.reclamador.es\\\/blog\\\/#organization\"},\"potentialAction\":[{\"@type\":\"SearchAction\",\"target\":{\"@type\":\"EntryPoint\",\"urlTemplate\":\"https:\\\/\\\/www.reclamador.es\\\/blog\\\/?s={search_term_string}\"},\"query-input\":{\"@type\":\"PropertyValueSpecification\",\"valueRequired\":true,\"valueName\":\"search_term_string\"}}],\"inLanguage\":\"es\"},{\"@type\":\"Organization\",\"@id\":\"https:\\\/\\\/www.reclamador.es\\\/blog\\\/#organization\",\"name\":\"reclamador.es\",\"url\":\"https:\\\/\\\/www.reclamador.es\\\/blog\\\/\",\"logo\":{\"@type\":\"ImageObject\",\"inLanguage\":\"es\",\"@id\":\"https:\\\/\\\/www.reclamador.es\\\/blog\\\/#\\\/schema\\\/logo\\\/image\\\/\",\"url\":\"https:\\\/\\\/i0.wp.com\\\/www.reclamador.es\\\/blog\\\/wp-content\\\/uploads\\\/2020\\\/01\\\/logo-reclamador.png?fit=1200%2C144&ssl=1\",\"contentUrl\":\"https:\\\/\\\/i0.wp.com\\\/www.reclamador.es\\\/blog\\\/wp-content\\\/uploads\\\/2020\\\/01\\\/logo-reclamador.png?fit=1200%2C144&ssl=1\",\"width\":1200,\"height\":144,\"caption\":\"reclamador.es\"},\"image\":{\"@id\":\"https:\\\/\\\/www.reclamador.es\\\/blog\\\/#\\\/schema\\\/logo\\\/image\\\/\"},\"sameAs\":[\"https:\\\/\\\/www.facebook.com\\\/reclamador.es\",\"https:\\\/\\\/x.com\\\/reclamador\",\"https:\\\/\\\/www.instagram.com\\\/reclamador.es\\\/\",\"https:\\\/\\\/www.linkedin.com\\\/company\\\/reclamador-es\",\"https:\\\/\\\/www.youtube.com\\\/user\\\/Reclamadores\"]},{\"@type\":\"Person\",\"@id\":\"https:\\\/\\\/www.reclamador.es\\\/blog\\\/#\\\/schema\\\/person\\\/1ed83eef8b6566cb5e4c812d9bc5c4bf\",\"name\":\"Equipo reclamador\",\"image\":{\"@type\":\"ImageObject\",\"inLanguage\":\"es\",\"@id\":\"https:\\\/\\\/secure.gravatar.com\\\/avatar\\\/6442ecdc2c4472c600c113f34d340feca47107d6aa4f42f1e3e75a2a8e28a760?s=96&d=mm&r=g\",\"url\":\"https:\\\/\\\/secure.gravatar.com\\\/avatar\\\/6442ecdc2c4472c600c113f34d340feca47107d6aa4f42f1e3e75a2a8e28a760?s=96&d=mm&r=g\",\"contentUrl\":\"https:\\\/\\\/secure.gravatar.com\\\/avatar\\\/6442ecdc2c4472c600c113f34d340feca47107d6aa4f42f1e3e75a2a8e28a760?s=96&d=mm&r=g\",\"caption\":\"Equipo reclamador\"},\"description\":\"Las personas que hacen posible reclamador.es\",\"url\":\"https:\\\/\\\/www.reclamador.es\\\/blog\\\/author\\\/administrador\\\/\"}]}<\/script>\n<!-- \/ Yoast SEO plugin. -->","yoast_head_json":{"title":"Gu\u00eda: \u00bfQu\u00e9 hacer en Palma en un d\u00eda?","description":"Te dejamos una gu\u00eda con cosas que hacer en Palma en un d\u00eda, por si, por ejemplo, cancelan tu vuelo o sufres un overbooking.","robots":{"index":"index","follow":"follow","max-snippet":"max-snippet:-1","max-image-preview":"max-image-preview:large","max-video-preview":"max-video-preview:-1"},"canonical":"https:\/\/www.reclamador.es\/blog\/que-hacer-en-palma-en-un-dia-si-cancelan-tu-vuelo\/","og_locale":"es_ES","og_type":"article","og_title":"Gu\u00eda: \u00bfQu\u00e9 hacer en Palma en un d\u00eda?","og_description":"Te dejamos una gu\u00eda con cosas que hacer en Palma en un d\u00eda, por si, por ejemplo, cancelan tu vuelo o sufres un overbooking.","og_url":"https:\/\/www.reclamador.es\/blog\/que-hacer-en-palma-en-un-dia-si-cancelan-tu-vuelo\/","og_site_name":"Rebeldes con causa, el blog de reclamador.es","article_publisher":"https:\/\/www.facebook.com\/reclamador.es","article_published_time":"2024-07-17T07:14:00+00:00","article_modified_time":"2025-05-12T07:59:50+00:00","og_image":[{"width":1200,"height":630,"url":"https:\/\/www.reclamador.es\/blog\/wp-content\/uploads\/2024\/07\/que-hacer-en-palma-de-mallorca-en-24h-si-te-cancelan-un-vuelo-1200x630-1.jpg","type":"image\/jpeg"}],"author":"Equipo reclamador","twitter_card":"summary_large_image","twitter_creator":"@reclamador","twitter_site":"@reclamador","twitter_misc":{"Escrito por":"Equipo reclamador","Tiempo de lectura":"5 minutos"},"schema":{"@context":"https:\/\/schema.org","@graph":[{"@type":"Article","@id":"https:\/\/www.reclamador.es\/blog\/que-hacer-en-palma-en-un-dia-si-cancelan-tu-vuelo\/#article","isPartOf":{"@id":"https:\/\/www.reclamador.es\/blog\/que-hacer-en-palma-en-un-dia-si-cancelan-tu-vuelo\/"},"author":{"name":"Equipo reclamador","@id":"https:\/\/www.reclamador.es\/blog\/#\/schema\/person\/1ed83eef8b6566cb5e4c812d9bc5c4bf"},"headline":"\u00bfQu\u00e9 hacer en Palma en un d\u00eda si cancelan tu vuelo?","datePublished":"2024-07-17T07:14:00+00:00","dateModified":"2025-05-12T07:59:50+00:00","mainEntityOfPage":{"@id":"https:\/\/www.reclamador.es\/blog\/que-hacer-en-palma-en-un-dia-si-cancelan-tu-vuelo\/"},"wordCount":917,"commentCount":0,"publisher":{"@id":"https:\/\/www.reclamador.es\/blog\/#organization"},"image":{"@id":"https:\/\/www.reclamador.es\/blog\/que-hacer-en-palma-en-un-dia-si-cancelan-tu-vuelo\/#primaryimage"},"thumbnailUrl":"https:\/\/i0.wp.com\/www.reclamador.es\/blog\/wp-content\/uploads\/2024\/07\/que-hacer-en-palma-de-mallorca-en-24h-si-te-cancelan-un-vuelo-1200x630-1.jpg?fit=1200%2C630&ssl=1","keywords":["aerol\u00edneas","palma aeropuerto"],"articleSection":["Consejos legales"],"inLanguage":"es","potentialAction":[{"@type":"CommentAction","name":"Comment","target":["https:\/\/www.reclamador.es\/blog\/que-hacer-en-palma-en-un-dia-si-cancelan-tu-vuelo\/#respond"]}]},{"@type":"WebPage","@id":"https:\/\/www.reclamador.es\/blog\/que-hacer-en-palma-en-un-dia-si-cancelan-tu-vuelo\/","url":"https:\/\/www.reclamador.es\/blog\/que-hacer-en-palma-en-un-dia-si-cancelan-tu-vuelo\/","name":"Gu\u00eda: \u00bfQu\u00e9 hacer en Palma en un d\u00eda?","isPartOf":{"@id":"https:\/\/www.reclamador.es\/blog\/#website"},"primaryImageOfPage":{"@id":"https:\/\/www.reclamador.es\/blog\/que-hacer-en-palma-en-un-dia-si-cancelan-tu-vuelo\/#primaryimage"},"image":{"@id":"https:\/\/www.reclamador.es\/blog\/que-hacer-en-palma-en-un-dia-si-cancelan-tu-vuelo\/#primaryimage"},"thumbnailUrl":"https:\/\/i0.wp.com\/www.reclamador.es\/blog\/wp-content\/uploads\/2024\/07\/que-hacer-en-palma-de-mallorca-en-24h-si-te-cancelan-un-vuelo-1200x630-1.jpg?fit=1200%2C630&ssl=1","datePublished":"2024-07-17T07:14:00+00:00","dateModified":"2025-05-12T07:59:50+00:00","description":"Te dejamos una gu\u00eda con cosas que hacer en Palma en un d\u00eda, por si, por ejemplo, cancelan tu vuelo o sufres un overbooking.","breadcrumb":{"@id":"https:\/\/www.reclamador.es\/blog\/que-hacer-en-palma-en-un-dia-si-cancelan-tu-vuelo\/#breadcrumb"},"inLanguage":"es","potentialAction":[{"@type":"ReadAction","target":["https:\/\/www.reclamador.es\/blog\/que-hacer-en-palma-en-un-dia-si-cancelan-tu-vuelo\/"]}]},{"@type":"ImageObject","inLanguage":"es","@id":"https:\/\/www.reclamador.es\/blog\/que-hacer-en-palma-en-un-dia-si-cancelan-tu-vuelo\/#primaryimage","url":"https:\/\/i0.wp.com\/www.reclamador.es\/blog\/wp-content\/uploads\/2024\/07\/que-hacer-en-palma-de-mallorca-en-24h-si-te-cancelan-un-vuelo-1200x630-1.jpg?fit=1200%2C630&ssl=1","contentUrl":"https:\/\/i0.wp.com\/www.reclamador.es\/blog\/wp-content\/uploads\/2024\/07\/que-hacer-en-palma-de-mallorca-en-24h-si-te-cancelan-un-vuelo-1200x630-1.jpg?fit=1200%2C630&ssl=1","width":1200,"height":630,"caption":"Gu\u00eda: Qu\u00e9 hacer en Palma en un d\u00eda"},{"@type":"BreadcrumbList","@id":"https:\/\/www.reclamador.es\/blog\/que-hacer-en-palma-en-un-dia-si-cancelan-tu-vuelo\/#breadcrumb","itemListElement":[{"@type":"ListItem","position":1,"name":"Portada","item":"https:\/\/www.reclamador.es\/blog\/"},{"@type":"ListItem","position":2,"name":"\u00bfQu\u00e9 hacer en Palma en un d\u00eda si cancelan tu vuelo?"}]},{"@type":"WebSite","@id":"https:\/\/www.reclamador.es\/blog\/#website","url":"https:\/\/www.reclamador.es\/blog\/","name":"Rebeldes con causa, el blog de reclamador.es","description":"Noticias, entrevistas y consejos sobre reclamaciones","publisher":{"@id":"https:\/\/www.reclamador.es\/blog\/#organization"},"potentialAction":[{"@type":"SearchAction","target":{"@type":"EntryPoint","urlTemplate":"https:\/\/www.reclamador.es\/blog\/?s={search_term_string}"},"query-input":{"@type":"PropertyValueSpecification","valueRequired":true,"valueName":"search_term_string"}}],"inLanguage":"es"},{"@type":"Organization","@id":"https:\/\/www.reclamador.es\/blog\/#organization","name":"reclamador.es","url":"https:\/\/www.reclamador.es\/blog\/","logo":{"@type":"ImageObject","inLanguage":"es","@id":"https:\/\/www.reclamador.es\/blog\/#\/schema\/logo\/image\/","url":"https:\/\/i0.wp.com\/www.reclamador.es\/blog\/wp-content\/uploads\/2020\/01\/logo-reclamador.png?fit=1200%2C144&ssl=1","contentUrl":"https:\/\/i0.wp.com\/www.reclamador.es\/blog\/wp-content\/uploads\/2020\/01\/logo-reclamador.png?fit=1200%2C144&ssl=1","width":1200,"height":144,"caption":"reclamador.es"},"image":{"@id":"https:\/\/www.reclamador.es\/blog\/#\/schema\/logo\/image\/"},"sameAs":["https:\/\/www.facebook.com\/reclamador.es","https:\/\/x.com\/reclamador","https:\/\/www.instagram.com\/reclamador.es\/","https:\/\/www.linkedin.com\/company\/reclamador-es","https:\/\/www.youtube.com\/user\/Reclamadores"]},{"@type":"Person","@id":"https:\/\/www.reclamador.es\/blog\/#\/schema\/person\/1ed83eef8b6566cb5e4c812d9bc5c4bf","name":"Equipo reclamador","image":{"@type":"ImageObject","inLanguage":"es","@id":"https:\/\/secure.gravatar.com\/avatar\/6442ecdc2c4472c600c113f34d340feca47107d6aa4f42f1e3e75a2a8e28a760?s=96&d=mm&r=g","url":"https:\/\/secure.gravatar.com\/avatar\/6442ecdc2c4472c600c113f34d340feca47107d6aa4f42f1e3e75a2a8e28a760?s=96&d=mm&r=g","contentUrl":"https:\/\/secure.gravatar.com\/avatar\/6442ecdc2c4472c600c113f34d340feca47107d6aa4f42f1e3e75a2a8e28a760?s=96&d=mm&r=g","caption":"Equipo reclamador"},"description":"Las personas que hacen posible reclamador.es","url":"https:\/\/www.reclamador.es\/blog\/author\/administrador\/"}]}},"jetpack_featured_media_url":"https:\/\/i0.wp.com\/www.reclamador.es\/blog\/wp-content\/uploads\/2024\/07\/que-hacer-en-palma-de-mallorca-en-24h-si-te-cancelan-un-vuelo-1200x630-1.jpg?fit=1200%2C630&ssl=1","jetpack-related-posts":[{"id":34577,"url":"https:\/\/www.reclamador.es\/blog\/que-hacer-gran-canaria-lluvia\/","url_meta":{"origin":32565,"position":0},"title":"\u00bfQu\u00e9 hacer en Gran Canaria si llueve?\u00a0","author":"Equipo reclamador","date":"15 julio, 2025","format":false,"excerpt":"Pese a que los meses de verano suelen ser muy secos en la isla de Gran Canaria, consider\u00e1ndose julio como el mes con menos lluvias del a\u00f1o en Gran Canaria, el tiempo es impredecible y todo puede pasar. Igualmente, dado su espectacular clima, la isla recibe turismo durante todo el\u2026","rel":"","context":"En \u00abConsejos legales\u00bb","block_context":{"text":"Consejos legales","link":"https:\/\/www.reclamador.es\/blog\/consejos\/"},"img":{"alt_text":"d\u00eda nublado o lluvia en Las Palmas de Gran Canaria","src":"https:\/\/i0.wp.com\/www.reclamador.es\/blog\/wp-content\/uploads\/2025\/06\/que-hacer-en-Gran-Canaria-si-llueve.jpg?fit=1200%2C630&ssl=1&resize=350%2C200","width":350,"height":200,"srcset":"https:\/\/i0.wp.com\/www.reclamador.es\/blog\/wp-content\/uploads\/2025\/06\/que-hacer-en-Gran-Canaria-si-llueve.jpg?fit=1200%2C630&ssl=1&resize=350%2C200 1x, https:\/\/i0.wp.com\/www.reclamador.es\/blog\/wp-content\/uploads\/2025\/06\/que-hacer-en-Gran-Canaria-si-llueve.jpg?fit=1200%2C630&ssl=1&resize=525%2C300 1.5x, https:\/\/i0.wp.com\/www.reclamador.es\/blog\/wp-content\/uploads\/2025\/06\/que-hacer-en-Gran-Canaria-si-llueve.jpg?fit=1200%2C630&ssl=1&resize=700%2C400 2x, https:\/\/i0.wp.com\/www.reclamador.es\/blog\/wp-content\/uploads\/2025\/06\/que-hacer-en-Gran-Canaria-si-llueve.jpg?fit=1200%2C630&ssl=1&resize=1050%2C600 3x"},"classes":[]},{"id":30124,"url":"https:\/\/www.reclamador.es\/blog\/vuelos-cancelados-en-canarias-tormenta-hermine\/","url_meta":{"origin":32565,"position":1},"title":"Vuelos cancelados en las Islas Canarias por la tormenta Hermine","author":"Equipo reclamador","date":"26 septiembre, 2022","format":false,"excerpt":"Desde el fin de semana, en Canarias est\u00e1n sufriendo los estragos de la tormenta \u201cHermine\u201d. Pese a que una de las islas m\u00e1s afectadas es La Palma, el resto de territorios que componen el archipi\u00e9lago tambi\u00e9n est\u00e1n sufriendo importantes inundaciones, cortes de carretera, restricciones del tr\u00e1fico a\u00e9reo y mar\u00edtimo, suspensi\u00f3n\u2026","rel":"","context":"En \u00abNoticias y actualidad\u00bb","block_context":{"text":"Noticias y actualidad","link":"https:\/\/www.reclamador.es\/blog\/noticias\/"},"img":{"alt_text":"reclamaciones tormenta hermine canarias","src":"https:\/\/i0.wp.com\/www.reclamador.es\/blog\/wp-content\/uploads\/2022\/09\/tormenta-hermine-canarias-cancelaciones-vuelos.jpg?fit=1200%2C675&ssl=1&resize=350%2C200","width":350,"height":200,"srcset":"https:\/\/i0.wp.com\/www.reclamador.es\/blog\/wp-content\/uploads\/2022\/09\/tormenta-hermine-canarias-cancelaciones-vuelos.jpg?fit=1200%2C675&ssl=1&resize=350%2C200 1x, https:\/\/i0.wp.com\/www.reclamador.es\/blog\/wp-content\/uploads\/2022\/09\/tormenta-hermine-canarias-cancelaciones-vuelos.jpg?fit=1200%2C675&ssl=1&resize=525%2C300 1.5x, https:\/\/i0.wp.com\/www.reclamador.es\/blog\/wp-content\/uploads\/2022\/09\/tormenta-hermine-canarias-cancelaciones-vuelos.jpg?fit=1200%2C675&ssl=1&resize=700%2C400 2x, https:\/\/i0.wp.com\/www.reclamador.es\/blog\/wp-content\/uploads\/2022\/09\/tormenta-hermine-canarias-cancelaciones-vuelos.jpg?fit=1200%2C675&ssl=1&resize=1050%2C600 3x"},"classes":[]},{"id":33161,"url":"https:\/\/www.reclamador.es\/blog\/llegar-al-aeropuerto-de-palma-en-autobus\/","url_meta":{"origin":32565,"position":2},"title":"As\u00ed puedes llegar al Aeropuerto de Palma en transporte p\u00fablico\u00a0","author":"Alicia Ria\u00f1o","date":"24 octubre, 2024","format":false,"excerpt":"Si est\u00e1s planeando un viaje a Mallorca y al buscar alojamiento est\u00e1s viendo diferentes puntos donde alojarte y tienes la duda de c\u00f3mo llegar desde el aeropuerto de la isla a esos puntos, debes saber que tienes diversas opciones de transporte p\u00fablico para llegar al Aeropuerto de Palma (PMI). La\u2026","rel":"","context":"En \u00abConsejos legales\u00bb","block_context":{"text":"Consejos legales","link":"https:\/\/www.reclamador.es\/blog\/consejos\/"},"img":{"alt_text":"c\u00f3mo llegar al aeropuerto de palma en bus","src":"https:\/\/i0.wp.com\/www.reclamador.es\/blog\/wp-content\/uploads\/2024\/10\/como-llegar-al-aeropuerto-de-palma-en-transporte-publico-1200x630-1.jpg?fit=1200%2C630&ssl=1&resize=350%2C200","width":350,"height":200,"srcset":"https:\/\/i0.wp.com\/www.reclamador.es\/blog\/wp-content\/uploads\/2024\/10\/como-llegar-al-aeropuerto-de-palma-en-transporte-publico-1200x630-1.jpg?fit=1200%2C630&ssl=1&resize=350%2C200 1x, https:\/\/i0.wp.com\/www.reclamador.es\/blog\/wp-content\/uploads\/2024\/10\/como-llegar-al-aeropuerto-de-palma-en-transporte-publico-1200x630-1.jpg?fit=1200%2C630&ssl=1&resize=525%2C300 1.5x, https:\/\/i0.wp.com\/www.reclamador.es\/blog\/wp-content\/uploads\/2024\/10\/como-llegar-al-aeropuerto-de-palma-en-transporte-publico-1200x630-1.jpg?fit=1200%2C630&ssl=1&resize=700%2C400 2x, https:\/\/i0.wp.com\/www.reclamador.es\/blog\/wp-content\/uploads\/2024\/10\/como-llegar-al-aeropuerto-de-palma-en-transporte-publico-1200x630-1.jpg?fit=1200%2C630&ssl=1&resize=1050%2C600 3x"},"classes":[]},{"id":16639,"url":"https:\/\/www.reclamador.es\/blog\/entrevista-aerolineas-noemi-estrada\/","url_meta":{"origin":32565,"position":3},"title":"\"Reclam\u00e9 directamente a Air Europa y a\u00fan estoy esperando que me contesten\u2026\u201d","author":"Cristina Naveda","date":"3 enero, 2018","format":false,"excerpt":"Esta semana charlamos con\u00a0Noemi Estrada (54 a\u00f1os, Barcelona) para conocer c\u00f3mo han sido sus tres reclamaciones a\u00e9reas gestionadas a trav\u00e9s de nosotros: ha reclamado problemas en sus vuelos con Air Europa, vueling y Norwegian. Esta broker inmobiliaria adora viajar y hoy nos cuenta sus m\u00faltiples periplos con las aerol\u00edneas y\u2026","rel":"","context":"En \u00abConoce todo lo que sucede en reclamador.es\u00bb","block_context":{"text":"Conoce todo lo que sucede en reclamador.es","link":"https:\/\/www.reclamador.es\/blog\/reclamadores\/"},"img":{"alt_text":"","src":"https:\/\/i0.wp.com\/www.reclamador.es\/blog\/wp-content\/uploads\/2018\/01\/noemiestrada1200-min.png?fit=1200%2C800&ssl=1&resize=350%2C200","width":350,"height":200,"srcset":"https:\/\/i0.wp.com\/www.reclamador.es\/blog\/wp-content\/uploads\/2018\/01\/noemiestrada1200-min.png?fit=1200%2C800&ssl=1&resize=350%2C200 1x, https:\/\/i0.wp.com\/www.reclamador.es\/blog\/wp-content\/uploads\/2018\/01\/noemiestrada1200-min.png?fit=1200%2C800&ssl=1&resize=525%2C300 1.5x, https:\/\/i0.wp.com\/www.reclamador.es\/blog\/wp-content\/uploads\/2018\/01\/noemiestrada1200-min.png?fit=1200%2C800&ssl=1&resize=700%2C400 2x, https:\/\/i0.wp.com\/www.reclamador.es\/blog\/wp-content\/uploads\/2018\/01\/noemiestrada1200-min.png?fit=1200%2C800&ssl=1&resize=1050%2C600 3x"},"classes":[]},{"id":35897,"url":"https:\/\/www.reclamador.es\/blog\/cancelacion-de-vuelo-por-subida-de-combustible-reclamaciones\/","url_meta":{"origin":32565,"position":4},"title":"\u00bfCorresponde compensaci\u00f3n econ\u00f3mica si te cancelan el vuelo por la subida del combustible?","author":"Leticia Grande","date":"26 abril, 2026","format":false,"excerpt":"La inestabilidad pol\u00edtica y econ\u00f3mica derivada del cierre del estrecho de Ormuz tiene implicaciones directas en el sector tur\u00edstico. Primeramente, vimos la cancelaci\u00f3n de vuelos masiva en Oriente Medio y, ahora, los problemas con los suministros de combustibles dada la situaci\u00f3n geopol\u00edtica de la zona. Aerol\u00edneas como Lufthansa o Volotea\u2026","rel":"","context":"En \u00abNoticias y actualidad\u00bb","block_context":{"text":"Noticias y actualidad","link":"https:\/\/www.reclamador.es\/blog\/noticias\/"},"img":{"alt_text":"reclamar vuelo cancelado por subida de precio de combustible 2026","src":"https:\/\/i0.wp.com\/www.reclamador.es\/blog\/wp-content\/uploads\/2026\/04\/reclamar-cancelacion-de-vuelo-por-falta-de-combustible.jpg?fit=1200%2C630&ssl=1&resize=350%2C200","width":350,"height":200,"srcset":"https:\/\/i0.wp.com\/www.reclamador.es\/blog\/wp-content\/uploads\/2026\/04\/reclamar-cancelacion-de-vuelo-por-falta-de-combustible.jpg?fit=1200%2C630&ssl=1&resize=350%2C200 1x, https:\/\/i0.wp.com\/www.reclamador.es\/blog\/wp-content\/uploads\/2026\/04\/reclamar-cancelacion-de-vuelo-por-falta-de-combustible.jpg?fit=1200%2C630&ssl=1&resize=525%2C300 1.5x, https:\/\/i0.wp.com\/www.reclamador.es\/blog\/wp-content\/uploads\/2026\/04\/reclamar-cancelacion-de-vuelo-por-falta-de-combustible.jpg?fit=1200%2C630&ssl=1&resize=700%2C400 2x, https:\/\/i0.wp.com\/www.reclamador.es\/blog\/wp-content\/uploads\/2026\/04\/reclamar-cancelacion-de-vuelo-por-falta-de-combustible.jpg?fit=1200%2C630&ssl=1&resize=1050%2C600 3x"},"classes":[]},{"id":35619,"url":"https:\/\/www.reclamador.es\/blog\/huelga-de-lufthansa-vuelos-cancelados-derechos\/","url_meta":{"origin":32565,"position":5},"title":"Huelga en Lufthansa marzo 2026: M\u00e1s del 50 % de los vuelos desde M\u00fanich y Fr\u00e1ncfort cancelados","author":"Equipo reclamador","date":"12 marzo, 2026","format":false,"excerpt":"En un solo d\u00eda de huelga el pasado mes de febrero de los tcp y pilotos de Lufthansa en Alemania, m\u00e1s de 1.000 vuelos con origen o destino aeropuertos germanos fueron cancelados. Y la situaci\u00f3n se repita justo un mes despu\u00e9s. Este 12 y 13 de marzo, los pilotos de\u2026","rel":"","context":"En \u00abNoticias y actualidad\u00bb","block_context":{"text":"Noticias y actualidad","link":"https:\/\/www.reclamador.es\/blog\/noticias\/"},"img":{"alt_text":"reclamar indemnizaci\u00f3n por huelga de lufthansa 2026","src":"https:\/\/i0.wp.com\/www.reclamador.es\/blog\/wp-content\/uploads\/2026\/02\/huelga-de-lufthansa.jpg?fit=1200%2C630&ssl=1&resize=350%2C200","width":350,"height":200,"srcset":"https:\/\/i0.wp.com\/www.reclamador.es\/blog\/wp-content\/uploads\/2026\/02\/huelga-de-lufthansa.jpg?fit=1200%2C630&ssl=1&resize=350%2C200 1x, https:\/\/i0.wp.com\/www.reclamador.es\/blog\/wp-content\/uploads\/2026\/02\/huelga-de-lufthansa.jpg?fit=1200%2C630&ssl=1&resize=525%2C300 1.5x, https:\/\/i0.wp.com\/www.reclamador.es\/blog\/wp-content\/uploads\/2026\/02\/huelga-de-lufthansa.jpg?fit=1200%2C630&ssl=1&resize=700%2C400 2x, https:\/\/i0.wp.com\/www.reclamador.es\/blog\/wp-content\/uploads\/2026\/02\/huelga-de-lufthansa.jpg?fit=1200%2C630&ssl=1&resize=1050%2C600 3x"},"classes":[]}],"jetpack_sharing_enabled":true,"_links":{"self":[{"href":"https:\/\/www.reclamador.es\/blog\/wp-json\/wp\/v2\/posts\/32565","targetHints":{"allow":["GET"]}}],"collection":[{"href":"https:\/\/www.reclamador.es\/blog\/wp-json\/wp\/v2\/posts"}],"about":[{"href":"https:\/\/www.reclamador.es\/blog\/wp-json\/wp\/v2\/types\/post"}],"author":[{"embeddable":true,"href":"https:\/\/www.reclamador.es\/blog\/wp-json\/wp\/v2\/users\/1"}],"replies":[{"embeddable":true,"href":"https:\/\/www.reclamador.es\/blog\/wp-json\/wp\/v2\/comments?post=32565"}],"version-history":[{"count":6,"href":"https:\/\/www.reclamador.es\/blog\/wp-json\/wp\/v2\/posts\/32565\/revisions"}],"predecessor-version":[{"id":34166,"href":"https:\/\/www.reclamador.es\/blog\/wp-json\/wp\/v2\/posts\/32565\/revisions\/34166"}],"wp:featuredmedia":[{"embeddable":true,"href":"https:\/\/www.reclamador.es\/blog\/wp-json\/wp\/v2\/media\/32568"}],"wp:attachment":[{"href":"https:\/\/www.reclamador.es\/blog\/wp-json\/wp\/v2\/media?parent=32565"}],"wp:term":[{"taxonomy":"category","embeddable":true,"href":"https:\/\/www.reclamador.es\/blog\/wp-json\/wp\/v2\/categories?post=32565"},{"taxonomy":"post_tag","embeddable":true,"href":"https:\/\/www.reclamador.es\/blog\/wp-json\/wp\/v2\/tags?post=32565"}],"curies":[{"name":"wp","href":"https:\/\/api.w.org\/{rel}","templated":true}]}}