{"id":32407,"date":"2024-06-04T11:48:30","date_gmt":"2024-06-04T09:48:30","guid":{"rendered":"https:\/\/www.reclamador.es\/blog\/?p=32407"},"modified":"2025-09-16T11:00:39","modified_gmt":"2025-09-16T09:00:39","slug":"cuanto-te-pueden-embargar-de-la-nomina","status":"publish","type":"post","link":"https:\/\/www.reclamador.es\/blog\/cuanto-te-pueden-embargar-de-la-nomina\/","title":{"rendered":"\u00bfCu\u00e1nto te pueden embargar de la n\u00f3mina?"},"content":{"rendered":"<div class=\"ttr_start\"><\/div>\n\n<div class=\"kk-star-ratings kksr-auto kksr-align-right kksr-valign-top\"\n    data-payload='{&quot;align&quot;:&quot;right&quot;,&quot;id&quot;:&quot;32407&quot;,&quot;slug&quot;:&quot;default&quot;,&quot;valign&quot;:&quot;top&quot;,&quot;ignore&quot;:&quot;&quot;,&quot;reference&quot;:&quot;auto&quot;,&quot;class&quot;:&quot;&quot;,&quot;count&quot;:&quot;1&quot;,&quot;legendonly&quot;:&quot;&quot;,&quot;readonly&quot;:&quot;&quot;,&quot;score&quot;:&quot;5&quot;,&quot;starsonly&quot;:&quot;&quot;,&quot;best&quot;:&quot;5&quot;,&quot;gap&quot;:&quot;3&quot;,&quot;greet&quot;:&quot;Valora este art\u00edculo&quot;,&quot;legend&quot;:&quot;5\\\/5 - (1 voto)&quot;,&quot;size&quot;:&quot;20&quot;,&quot;title&quot;:&quot;\u00bfCu\u00e1nto te pueden embargar de la n\u00f3mina?&quot;,&quot;width&quot;:&quot;113.5&quot;,&quot;_legend&quot;:&quot;{score}\\\/{best} - ({count} {votes})&quot;,&quot;font_factor&quot;:&quot;1.25&quot;}'>\n            \n<div class=\"kksr-stars\">\n    \n<div class=\"kksr-stars-inactive\">\n            <div class=\"kksr-star\" data-star=\"1\" style=\"padding-right: 3px\">\n            \n\n<div class=\"kksr-icon\" style=\"width: 20px; height: 20px;\"><\/div>\n        <\/div>\n            <div class=\"kksr-star\" data-star=\"2\" style=\"padding-right: 3px\">\n            \n\n<div class=\"kksr-icon\" style=\"width: 20px; height: 20px;\"><\/div>\n        <\/div>\n            <div class=\"kksr-star\" data-star=\"3\" style=\"padding-right: 3px\">\n            \n\n<div class=\"kksr-icon\" style=\"width: 20px; height: 20px;\"><\/div>\n        <\/div>\n            <div class=\"kksr-star\" data-star=\"4\" style=\"padding-right: 3px\">\n            \n\n<div class=\"kksr-icon\" style=\"width: 20px; height: 20px;\"><\/div>\n        <\/div>\n            <div class=\"kksr-star\" data-star=\"5\" style=\"padding-right: 3px\">\n            \n\n<div class=\"kksr-icon\" style=\"width: 20px; height: 20px;\"><\/div>\n        <\/div>\n    <\/div>\n    \n<div class=\"kksr-stars-active\" style=\"width: 113.5px;\">\n            <div class=\"kksr-star\" style=\"padding-right: 3px\">\n            \n\n<div class=\"kksr-icon\" style=\"width: 20px; height: 20px;\"><\/div>\n        <\/div>\n            <div class=\"kksr-star\" style=\"padding-right: 3px\">\n            \n\n<div class=\"kksr-icon\" style=\"width: 20px; height: 20px;\"><\/div>\n        <\/div>\n            <div class=\"kksr-star\" style=\"padding-right: 3px\">\n            \n\n<div class=\"kksr-icon\" style=\"width: 20px; height: 20px;\"><\/div>\n        <\/div>\n            <div class=\"kksr-star\" style=\"padding-right: 3px\">\n            \n\n<div class=\"kksr-icon\" style=\"width: 20px; height: 20px;\"><\/div>\n        <\/div>\n            <div class=\"kksr-star\" style=\"padding-right: 3px\">\n            \n\n<div class=\"kksr-icon\" style=\"width: 20px; height: 20px;\"><\/div>\n        <\/div>\n    <\/div>\n<\/div>\n                \n\n<div class=\"kksr-legend\" style=\"font-size: 16px;\">\n            5\/5 - (1 voto)    <\/div>\n    <\/div>\n\n\n\n<p><strong>*Contenido actualizado septiembre 2025<\/strong><\/p>\n<figure id=\"attachment_32410\" aria-describedby=\"caption-attachment-32410\" style=\"width: 1200px\" class=\"wp-caption aligncenter\"><img data-recalc-dims=\"1\" loading=\"lazy\" decoding=\"async\" class=\"size-full wp-image-32410\" src=\"https:\/\/i0.wp.com\/www.reclamador.es\/blog\/wp-content\/uploads\/2024\/06\/cuanto-te-pueden-embargar-de-la-nomina-1200x630-1.jpg?resize=1200%2C630&#038;ssl=1\" alt=\"\" width=\"1200\" height=\"630\" srcset=\"https:\/\/i0.wp.com\/www.reclamador.es\/blog\/wp-content\/uploads\/2024\/06\/cuanto-te-pueden-embargar-de-la-nomina-1200x630-1.jpg?w=1200&amp;ssl=1 1200w, https:\/\/i0.wp.com\/www.reclamador.es\/blog\/wp-content\/uploads\/2024\/06\/cuanto-te-pueden-embargar-de-la-nomina-1200x630-1.jpg?resize=800%2C420&amp;ssl=1 800w, https:\/\/i0.wp.com\/www.reclamador.es\/blog\/wp-content\/uploads\/2024\/06\/cuanto-te-pueden-embargar-de-la-nomina-1200x630-1.jpg?resize=150%2C79&amp;ssl=1 150w, https:\/\/i0.wp.com\/www.reclamador.es\/blog\/wp-content\/uploads\/2024\/06\/cuanto-te-pueden-embargar-de-la-nomina-1200x630-1.jpg?resize=768%2C403&amp;ssl=1 768w\" sizes=\"auto, (max-width: 1000px) 100vw, 1000px\" \/><figcaption id=\"caption-attachment-32410\" class=\"wp-caption-text\"><em>\u00bfTe pueden embargar toda la n\u00f3mina? \u00bfQu\u00e9 cantidad de tu salario te pueden embargar?<\/em><\/figcaption><\/figure>\n<p><span style=\"font-weight: 400;\">Si tienes deudas y est\u00e1s en una situaci\u00f3n financiera complicada, seguro te has hecho la pregunta \u00bfcu\u00e1nto me pueden embargar de la n\u00f3mina? o \u00bfme pueden embargar todo mi salario? En este art\u00edculo, actualizado con datos de 2025, vamos a explicar cu\u00e1nto pueden embargar de la n\u00f3mina. Encontrar\u00e1s ejemplos para que sepas de primera mano la cantidad m\u00e1xima que te podr\u00edan embargar de tu salario al mes, seg\u00fan lo que t\u00fa cobres.\u00a0<\/span><\/p>\n<h2>\u00bfPueden embargar toda la n\u00f3mina?<\/h2>\n<p><span style=\"font-weight: 400;\"><strong>No, no te pueden embargar toda tu n\u00f3mina (o pensi\u00f3n).<\/strong> Entonces \u00bfCu\u00e1nto es el m\u00e1ximo que pueden embargar de tu salario? Existe una cantidad m\u00ednima fija inembargable, que la ley considera suficiente para subsistir y hacer frente a las principales cargas econ\u00f3micas. El SMI.<\/span><\/p>\n<h2>\u00bfCu\u00e1nto te pueden embargar de una n\u00f3mina?\u00a0<\/h2>\n<p><span style=\"font-weight: 400;\">Como dec\u00edamos, existe una cantidad de la n\u00f3mina que es inembargable, esa cantidad es el salario m\u00ednimo interprofesional, fijado para este 2025 en <strong>1.184 \u20ac<\/strong> brutos mensuales en 14 pagas. La <\/span><a href=\"https:\/\/www.boe.es\/buscar\/act.php?id=BOE-A-2000-323&amp;p=20231220&amp;tn=1#a607\" target=\"_blank\" rel=\"noopener\"><span style=\"font-weight: 400;\">Ley de Enjuiciamiento Civil<\/span><\/a><span style=\"font-weight: 400;\"> establece en su art\u00edculo 607.1 que <\/span><i><span style=\"font-weight: 400;\">\u201ces inembargable el salario, sueldo, pensi\u00f3n, retribuci\u00f3n o su equivalente, que no exceda de la cuant\u00eda se\u00f1alada para el salario m\u00ednimo interprofesional\u201d. <\/span><\/i><span style=\"font-weight: 400;\">Es decir, m\u00ednimo, todos los meses podr\u00e1s \u201cquedarte\u201d con la cuant\u00eda establecida como SMI en ese momento y <strong>si tu sueldo o pensi\u00f3n no alcanza esa cantidad, lo cobrar\u00e1s \u00edntegro.\u00a0<\/strong><\/span><\/p>\n<p><span style=\"font-weight: 400;\">Llegados a este punto, quiz\u00e1s te preguntes si el resto del salario que supere esos 1.184 \u20ac del SMI te los pueden embargar. Pues bien, aqu\u00ed debes tener en cuenta que existen porcentajes que te embargar\u00e1n seg\u00fan tu salario. El art\u00edculo 607.2 de la citada ley se\u00f1ala al respecto lo siguiente:\u00a0<\/span><\/p>\n<p><i><span style=\"font-weight: 400;\">607.2. Los salarios, sueldos, jornales, retribuciones o pensiones que sean superiores al salario m\u00ednimo interprofesional se embargar\u00e1n conforme a esta escala:<\/span><\/i><\/p>\n<p><i><span style=\"font-weight: 400;\">1.\u00ba Para la primera cuant\u00eda adicional hasta la que suponga el importe del doble del salario m\u00ednimo interprofesional, el 30 por 100.<\/span><\/i><\/p>\n<p><i><span style=\"font-weight: 400;\">2.\u00ba Para la cuant\u00eda adicional hasta el importe equivalente a un tercer salario m\u00ednimo interprofesional, el 50 por 100.<\/span><\/i><\/p>\n<p><i><span style=\"font-weight: 400;\">3.\u00ba Para la cuant\u00eda adicional hasta el importe equivalente a un cuarto salario m\u00ednimo interprofesional, el 60 por 100.<\/span><\/i><\/p>\n<p><i><span style=\"font-weight: 400;\">4.\u00ba Para la cuant\u00eda adicional hasta el importe equivalente a un quinto salario m\u00ednimo interprofesional, el 75 por 100.<\/span><\/i><\/p>\n<p><i><span style=\"font-weight: 400;\">5.\u00ba Para cualquier cantidad que exceda de la anterior cuant\u00eda, el 90 por 100.<\/span><\/i><\/p>\n<p><span style=\"font-weight: 400;\">Vamos a continuaci\u00f3n a verlo con datos reales de salarios.<\/span><\/p>\n<h3>\u00bfCu\u00e1nto pueden embargar de una n\u00f3mina de 1.300 \u20ac?<\/h3>\n<p><span style=\"font-weight: 400;\">Dado el SMI 2025, las cantidades de tu n\u00f3mina o pensi\u00f3n entre 1.184 \u20ac y 2.368 \u20ac, te embargar\u00e1n el 30% del tramo. Es decir, de los 166 \u20ac de diferencia entre el SMI 2025 y tu n\u00f3mina, te pueden embargar el 30%, esto es, <strong>34,8 \u20ac.\u00a0<\/strong><\/span><\/p>\n<h3>\u00bfCu\u00e1nto pueden embargar de una n\u00f3mina de 2.000 \u20ac?<\/h3>\n<p><span style=\"font-weight: 400;\"><strong>244,8 \u20ac<\/strong>. \u00bfPor qu\u00e9? Si cobras mensualmente una n\u00f3mina de 2.000 \u20ac, te encuentras en el tramo citado anteriormente, por tanto, te pueden embargar el 30 % del tramo. La diferencia entre 2.000 y 1.184 es de 866 \u20ac. El 30% de esa cantidad es 244,8 \u20ac, que es la cantidad que pueden embargar de tu n\u00f3mina de 2.000 \u20ac cada mes.\u00a0<\/span><\/p>\n<h3>\u00bfCu\u00e1nto pueden embargar de una n\u00f3mina de 2.500 \u20ac?<\/h3>\n<p><span style=\"font-weight: 400;\">En total, de una n\u00f3mina de 2.500 \u20ac, te embargar\u00e1n <strong>421,2 \u20ac.\u00a0<\/strong>En este caso, nos encontramos en el punto 607.2.2 de la Ley de Enjuiciamiento Civil. Teniendo en cuenta el SMI 2025, para cantidades de n\u00f3mina o pensi\u00f3n entre 2.368 \u20ac y 3.552 \u20ac, te embargar\u00e1n el 50% de ese tramo.\u00a0<\/span><\/p>\n<p><span style=\"font-weight: 400;\">En el caso de una n\u00f3mina de 2.500 \u20ac, los 1.184 \u20ac del SMI son inembargables. De esos 1.184 \u20ac hasta 2.368 \u20ac te embargar\u00e1n el 30% de dicha cantidad, es decir, el 30% de 1.184\u20ac: 355,2 \u20ac. Adem\u00e1s, te embargar\u00e1n el 50% de esos 132 \u20ac restantes (2.500 \u20ac &#8211; 2.368 \u20ac), es decir, 66 \u20ac. <strong>Es decir, 355,2+66=421,2 \u20ac.<\/strong><\/span><\/p>\n<h6 style=\"text-align: center;\">Te interesa: <a href=\"https:\/\/www.reclamador.es\/ayuda\/ley-segunda-oportunidad\/puedo-sufrir-el-bloqueo-de-mi-cuenta-bancaria-si-solicito-la-ley-de-segunda-oportunidad\/\">Bloqueo de cuenta bancaria y Ley de Segunda Oportunidad<\/a><\/h6>\n<h2>Puedes cancelar tus deudas con la Ley de Segunda Oportunidad<\/h2>\n<p><span style=\"font-weight: 400;\">Al principio del art\u00edculo te dec\u00edamos que te dar\u00edamos un consejo para revertir esa mala situaci\u00f3n financiera. Y este es nuestro consejo: Comprueba si puedes <strong>acogerte a la <\/strong><\/span><strong><a href=\"https:\/\/www.reclamador.es\/ley-segunda-oportunidad\/\">Ley de Segunda Oportunidad<\/a><\/strong><span style=\"font-weight: 400;\"> para cancelar tus deudas.\u00a0<\/span><\/p>\n<p><span style=\"font-weight: 400;\">\u00bfNo sabes qu\u00e9 es la LSO? Es un mecanismo que te permite, cumpliendo una serie de <a href=\"https:\/\/www.reclamador.es\/ayuda\/ley-segunda-oportunidad\/quien-puede-acogerse-a-la-ley-de-segunda-oportunidad-todos-los-requisitos\/\">requisitos<\/a>, acceder a la exoneraci\u00f3n total o parcial de tus deudas. Con la Ley de Segunda Oportunidad, podr\u00e1s paralizar las llamadas de acoso de tus acreedores, paralizar embargos, cancelar tus datos de los ficheros de morosos\u2026 En definitiva, empezar de nuevo.\u00a0<\/span><\/p>\n<p><span style=\"font-weight: 400;\">De la mano de Abogados para tus Deudas, compa\u00f1\u00eda de nuestro Grupo, te ayudamos en todo. Desde el principio. Conf\u00eda en nosotros y pon fin a tus deudas. Completa el siguiente formulario y te llamaremos para guiarte, asesorarte y acompa\u00f1arte en todo el proceso.\u00a0<\/span><\/p>\n<p><span style=\"font-weight: 400;\">No lo dudes, solicita ya tu segunda oportunidad.\u00a0<\/span><\/p>\n<h2 style=\"text-align: center;\"><b><a class=\"button-lead\" href=\"https:\/\/abogadosparatusdeudas.es\/contacto\/\">Inicia aqu\u00ed tu formulario de Segunda Oportunidad<\/a><\/b><\/h2>\n<div class=\"ttr_end\"><\/div>","protected":false},"excerpt":{"rendered":"<p>*Contenido actualizado septiembre 2025 Si tienes deudas y est\u00e1s en una situaci\u00f3n financiera complicada, seguro te has hecho la pregunta \u00bfcu\u00e1nto me pueden embargar de la n\u00f3mina? o \u00bfme pueden embargar todo mi salario? En este art\u00edculo, actualizado con datos de 2025, vamos a explicar cu\u00e1nto pueden embargar de la n\u00f3mina. Encontrar\u00e1s ejemplos para que [&hellip;]<\/p>\n","protected":false},"author":1,"featured_media":32410,"comment_status":"open","ping_status":"open","sticky":false,"template":"","format":"standard","meta":{"_acf_changed":false,"_genesis_hide_title":false,"_genesis_hide_breadcrumbs":false,"_genesis_hide_singular_image":false,"_genesis_hide_footer_widgets":false,"_genesis_custom_body_class":"","_genesis_custom_post_class":"","_genesis_layout":"","_jetpack_newsletter_access":"","_jetpack_dont_email_post_to_subs":false,"_jetpack_newsletter_tier_id":0,"_jetpack_memberships_contains_paywalled_content":false,"_jetpack_memberships_contains_paid_content":false,"footnotes":""},"categories":[393],"tags":[456],"class_list":{"0":"post-32407","1":"post","2":"type-post","3":"status-publish","4":"format-standard","5":"has-post-thumbnail","7":"category-consejos","8":"tag-segunda-oportunidad","9":"entry"},"acf":[],"yoast_head":"<!-- This site is optimized with the Yoast SEO plugin v27.4 - https:\/\/yoast.com\/product\/yoast-seo-wordpress\/ -->\n<title>\u00bfCu\u00e1nto pueden embargar de la n\u00f3mina? Cantidades 2025<\/title>\n<meta name=\"description\" content=\"\u00bfCu\u00e1nto pueden embargar de la n\u00f3mina si cobras 1.300\u20ac? \u00bfY de una n\u00f3mina de 2.00\u20ac? Te contamos qu\u00e9 parte de tu salario o pensi\u00f3n pueden embargarte.\" \/>\n<meta name=\"robots\" content=\"index, follow, max-snippet:-1, max-image-preview:large, max-video-preview:-1\" \/>\n<link rel=\"canonical\" href=\"https:\/\/www.reclamador.es\/blog\/cuanto-te-pueden-embargar-de-la-nomina\/\" \/>\n<meta property=\"og:locale\" content=\"es_ES\" \/>\n<meta property=\"og:type\" content=\"article\" \/>\n<meta property=\"og:title\" content=\"\u00bfCu\u00e1nto pueden embargar de la n\u00f3mina? Cantidades 2025\" \/>\n<meta property=\"og:description\" content=\"\u00bfCu\u00e1nto pueden embargar de la n\u00f3mina si cobras 1.300\u20ac? \u00bfY de una n\u00f3mina de 2.00\u20ac? Te contamos qu\u00e9 parte de tu salario o pensi\u00f3n pueden embargarte.\" \/>\n<meta property=\"og:url\" content=\"https:\/\/www.reclamador.es\/blog\/cuanto-te-pueden-embargar-de-la-nomina\/\" \/>\n<meta property=\"og:site_name\" content=\"Rebeldes con causa, el blog de reclamador.es\" \/>\n<meta property=\"article:publisher\" content=\"https:\/\/www.facebook.com\/reclamador.es\" \/>\n<meta property=\"article:published_time\" content=\"2024-06-04T09:48:30+00:00\" \/>\n<meta property=\"article:modified_time\" content=\"2025-09-16T09:00:39+00:00\" \/>\n<meta property=\"og:image\" content=\"https:\/\/www.reclamador.es\/blog\/wp-content\/uploads\/2024\/06\/cuanto-te-pueden-embargar-de-la-nomina-1200x630-1.jpg\" \/>\n\t<meta property=\"og:image:width\" content=\"1200\" \/>\n\t<meta property=\"og:image:height\" content=\"630\" \/>\n\t<meta property=\"og:image:type\" content=\"image\/jpeg\" \/>\n<meta name=\"author\" content=\"Equipo reclamador\" \/>\n<meta name=\"twitter:card\" content=\"summary_large_image\" \/>\n<meta name=\"twitter:creator\" content=\"@reclamador\" \/>\n<meta name=\"twitter:site\" content=\"@reclamador\" \/>\n<meta name=\"twitter:label1\" content=\"Escrito por\" \/>\n\t<meta name=\"twitter:data1\" content=\"Equipo reclamador\" \/>\n\t<meta name=\"twitter:label2\" content=\"Tiempo de lectura\" \/>\n\t<meta name=\"twitter:data2\" content=\"5 minutos\" \/>\n<script type=\"application\/ld+json\" class=\"yoast-schema-graph\">{\"@context\":\"https:\\\/\\\/schema.org\",\"@graph\":[{\"@type\":\"Article\",\"@id\":\"https:\\\/\\\/www.reclamador.es\\\/blog\\\/cuanto-te-pueden-embargar-de-la-nomina\\\/#article\",\"isPartOf\":{\"@id\":\"https:\\\/\\\/www.reclamador.es\\\/blog\\\/cuanto-te-pueden-embargar-de-la-nomina\\\/\"},\"author\":{\"name\":\"Equipo reclamador\",\"@id\":\"https:\\\/\\\/www.reclamador.es\\\/blog\\\/#\\\/schema\\\/person\\\/1ed83eef8b6566cb5e4c812d9bc5c4bf\"},\"headline\":\"\u00bfCu\u00e1nto te pueden embargar de la n\u00f3mina?\",\"datePublished\":\"2024-06-04T09:48:30+00:00\",\"dateModified\":\"2025-09-16T09:00:39+00:00\",\"mainEntityOfPage\":{\"@id\":\"https:\\\/\\\/www.reclamador.es\\\/blog\\\/cuanto-te-pueden-embargar-de-la-nomina\\\/\"},\"wordCount\":840,\"commentCount\":9,\"publisher\":{\"@id\":\"https:\\\/\\\/www.reclamador.es\\\/blog\\\/#organization\"},\"image\":{\"@id\":\"https:\\\/\\\/www.reclamador.es\\\/blog\\\/cuanto-te-pueden-embargar-de-la-nomina\\\/#primaryimage\"},\"thumbnailUrl\":\"https:\\\/\\\/i0.wp.com\\\/www.reclamador.es\\\/blog\\\/wp-content\\\/uploads\\\/2024\\\/06\\\/cuanto-te-pueden-embargar-de-la-nomina-1200x630-1.jpg?fit=1200%2C630&ssl=1\",\"keywords\":[\"segunda oportunidad\"],\"articleSection\":[\"Consejos legales\"],\"inLanguage\":\"es\",\"potentialAction\":[{\"@type\":\"CommentAction\",\"name\":\"Comment\",\"target\":[\"https:\\\/\\\/www.reclamador.es\\\/blog\\\/cuanto-te-pueden-embargar-de-la-nomina\\\/#respond\"]}]},{\"@type\":\"WebPage\",\"@id\":\"https:\\\/\\\/www.reclamador.es\\\/blog\\\/cuanto-te-pueden-embargar-de-la-nomina\\\/\",\"url\":\"https:\\\/\\\/www.reclamador.es\\\/blog\\\/cuanto-te-pueden-embargar-de-la-nomina\\\/\",\"name\":\"\u00bfCu\u00e1nto pueden embargar de la n\u00f3mina? Cantidades 2025\",\"isPartOf\":{\"@id\":\"https:\\\/\\\/www.reclamador.es\\\/blog\\\/#website\"},\"primaryImageOfPage\":{\"@id\":\"https:\\\/\\\/www.reclamador.es\\\/blog\\\/cuanto-te-pueden-embargar-de-la-nomina\\\/#primaryimage\"},\"image\":{\"@id\":\"https:\\\/\\\/www.reclamador.es\\\/blog\\\/cuanto-te-pueden-embargar-de-la-nomina\\\/#primaryimage\"},\"thumbnailUrl\":\"https:\\\/\\\/i0.wp.com\\\/www.reclamador.es\\\/blog\\\/wp-content\\\/uploads\\\/2024\\\/06\\\/cuanto-te-pueden-embargar-de-la-nomina-1200x630-1.jpg?fit=1200%2C630&ssl=1\",\"datePublished\":\"2024-06-04T09:48:30+00:00\",\"dateModified\":\"2025-09-16T09:00:39+00:00\",\"description\":\"\u00bfCu\u00e1nto pueden embargar de la n\u00f3mina si cobras 1.300\u20ac? \u00bfY de una n\u00f3mina de 2.00\u20ac? Te contamos qu\u00e9 parte de tu salario o pensi\u00f3n pueden embargarte.\",\"breadcrumb\":{\"@id\":\"https:\\\/\\\/www.reclamador.es\\\/blog\\\/cuanto-te-pueden-embargar-de-la-nomina\\\/#breadcrumb\"},\"inLanguage\":\"es\",\"potentialAction\":[{\"@type\":\"ReadAction\",\"target\":[\"https:\\\/\\\/www.reclamador.es\\\/blog\\\/cuanto-te-pueden-embargar-de-la-nomina\\\/\"]}]},{\"@type\":\"ImageObject\",\"inLanguage\":\"es\",\"@id\":\"https:\\\/\\\/www.reclamador.es\\\/blog\\\/cuanto-te-pueden-embargar-de-la-nomina\\\/#primaryimage\",\"url\":\"https:\\\/\\\/i0.wp.com\\\/www.reclamador.es\\\/blog\\\/wp-content\\\/uploads\\\/2024\\\/06\\\/cuanto-te-pueden-embargar-de-la-nomina-1200x630-1.jpg?fit=1200%2C630&ssl=1\",\"contentUrl\":\"https:\\\/\\\/i0.wp.com\\\/www.reclamador.es\\\/blog\\\/wp-content\\\/uploads\\\/2024\\\/06\\\/cuanto-te-pueden-embargar-de-la-nomina-1200x630-1.jpg?fit=1200%2C630&ssl=1\",\"width\":1200,\"height\":630,\"caption\":\"\u00bfTe pueden embargar toda la n\u00f3mina? \u00bfQu\u00e9 cantidad de tu salario te pueden embargar?\"},{\"@type\":\"BreadcrumbList\",\"@id\":\"https:\\\/\\\/www.reclamador.es\\\/blog\\\/cuanto-te-pueden-embargar-de-la-nomina\\\/#breadcrumb\",\"itemListElement\":[{\"@type\":\"ListItem\",\"position\":1,\"name\":\"Portada\",\"item\":\"https:\\\/\\\/www.reclamador.es\\\/blog\\\/\"},{\"@type\":\"ListItem\",\"position\":2,\"name\":\"\u00bfCu\u00e1nto te pueden embargar de la n\u00f3mina?\"}]},{\"@type\":\"WebSite\",\"@id\":\"https:\\\/\\\/www.reclamador.es\\\/blog\\\/#website\",\"url\":\"https:\\\/\\\/www.reclamador.es\\\/blog\\\/\",\"name\":\"Rebeldes con causa, el blog de reclamador.es\",\"description\":\"Noticias, entrevistas y consejos sobre reclamaciones\",\"publisher\":{\"@id\":\"https:\\\/\\\/www.reclamador.es\\\/blog\\\/#organization\"},\"potentialAction\":[{\"@type\":\"SearchAction\",\"target\":{\"@type\":\"EntryPoint\",\"urlTemplate\":\"https:\\\/\\\/www.reclamador.es\\\/blog\\\/?s={search_term_string}\"},\"query-input\":{\"@type\":\"PropertyValueSpecification\",\"valueRequired\":true,\"valueName\":\"search_term_string\"}}],\"inLanguage\":\"es\"},{\"@type\":\"Organization\",\"@id\":\"https:\\\/\\\/www.reclamador.es\\\/blog\\\/#organization\",\"name\":\"reclamador.es\",\"url\":\"https:\\\/\\\/www.reclamador.es\\\/blog\\\/\",\"logo\":{\"@type\":\"ImageObject\",\"inLanguage\":\"es\",\"@id\":\"https:\\\/\\\/www.reclamador.es\\\/blog\\\/#\\\/schema\\\/logo\\\/image\\\/\",\"url\":\"https:\\\/\\\/i0.wp.com\\\/www.reclamador.es\\\/blog\\\/wp-content\\\/uploads\\\/2020\\\/01\\\/logo-reclamador.png?fit=1200%2C144&ssl=1\",\"contentUrl\":\"https:\\\/\\\/i0.wp.com\\\/www.reclamador.es\\\/blog\\\/wp-content\\\/uploads\\\/2020\\\/01\\\/logo-reclamador.png?fit=1200%2C144&ssl=1\",\"width\":1200,\"height\":144,\"caption\":\"reclamador.es\"},\"image\":{\"@id\":\"https:\\\/\\\/www.reclamador.es\\\/blog\\\/#\\\/schema\\\/logo\\\/image\\\/\"},\"sameAs\":[\"https:\\\/\\\/www.facebook.com\\\/reclamador.es\",\"https:\\\/\\\/x.com\\\/reclamador\",\"https:\\\/\\\/www.instagram.com\\\/reclamador.es\\\/\",\"https:\\\/\\\/www.linkedin.com\\\/company\\\/reclamador-es\",\"https:\\\/\\\/www.youtube.com\\\/user\\\/Reclamadores\"]},{\"@type\":\"Person\",\"@id\":\"https:\\\/\\\/www.reclamador.es\\\/blog\\\/#\\\/schema\\\/person\\\/1ed83eef8b6566cb5e4c812d9bc5c4bf\",\"name\":\"Equipo reclamador\",\"image\":{\"@type\":\"ImageObject\",\"inLanguage\":\"es\",\"@id\":\"https:\\\/\\\/secure.gravatar.com\\\/avatar\\\/6442ecdc2c4472c600c113f34d340feca47107d6aa4f42f1e3e75a2a8e28a760?s=96&d=mm&r=g\",\"url\":\"https:\\\/\\\/secure.gravatar.com\\\/avatar\\\/6442ecdc2c4472c600c113f34d340feca47107d6aa4f42f1e3e75a2a8e28a760?s=96&d=mm&r=g\",\"contentUrl\":\"https:\\\/\\\/secure.gravatar.com\\\/avatar\\\/6442ecdc2c4472c600c113f34d340feca47107d6aa4f42f1e3e75a2a8e28a760?s=96&d=mm&r=g\",\"caption\":\"Equipo reclamador\"},\"description\":\"Las personas que hacen posible reclamador.es\",\"url\":\"https:\\\/\\\/www.reclamador.es\\\/blog\\\/author\\\/administrador\\\/\"}]}<\/script>\n<!-- \/ Yoast SEO plugin. -->","yoast_head_json":{"title":"\u00bfCu\u00e1nto pueden embargar de la n\u00f3mina? Cantidades 2025","description":"\u00bfCu\u00e1nto pueden embargar de la n\u00f3mina si cobras 1.300\u20ac? \u00bfY de una n\u00f3mina de 2.00\u20ac? Te contamos qu\u00e9 parte de tu salario o pensi\u00f3n pueden embargarte.","robots":{"index":"index","follow":"follow","max-snippet":"max-snippet:-1","max-image-preview":"max-image-preview:large","max-video-preview":"max-video-preview:-1"},"canonical":"https:\/\/www.reclamador.es\/blog\/cuanto-te-pueden-embargar-de-la-nomina\/","og_locale":"es_ES","og_type":"article","og_title":"\u00bfCu\u00e1nto pueden embargar de la n\u00f3mina? Cantidades 2025","og_description":"\u00bfCu\u00e1nto pueden embargar de la n\u00f3mina si cobras 1.300\u20ac? \u00bfY de una n\u00f3mina de 2.00\u20ac? Te contamos qu\u00e9 parte de tu salario o pensi\u00f3n pueden embargarte.","og_url":"https:\/\/www.reclamador.es\/blog\/cuanto-te-pueden-embargar-de-la-nomina\/","og_site_name":"Rebeldes con causa, el blog de reclamador.es","article_publisher":"https:\/\/www.facebook.com\/reclamador.es","article_published_time":"2024-06-04T09:48:30+00:00","article_modified_time":"2025-09-16T09:00:39+00:00","og_image":[{"width":1200,"height":630,"url":"https:\/\/www.reclamador.es\/blog\/wp-content\/uploads\/2024\/06\/cuanto-te-pueden-embargar-de-la-nomina-1200x630-1.jpg","type":"image\/jpeg"}],"author":"Equipo reclamador","twitter_card":"summary_large_image","twitter_creator":"@reclamador","twitter_site":"@reclamador","twitter_misc":{"Escrito por":"Equipo reclamador","Tiempo de lectura":"5 minutos"},"schema":{"@context":"https:\/\/schema.org","@graph":[{"@type":"Article","@id":"https:\/\/www.reclamador.es\/blog\/cuanto-te-pueden-embargar-de-la-nomina\/#article","isPartOf":{"@id":"https:\/\/www.reclamador.es\/blog\/cuanto-te-pueden-embargar-de-la-nomina\/"},"author":{"name":"Equipo reclamador","@id":"https:\/\/www.reclamador.es\/blog\/#\/schema\/person\/1ed83eef8b6566cb5e4c812d9bc5c4bf"},"headline":"\u00bfCu\u00e1nto te pueden embargar de la n\u00f3mina?","datePublished":"2024-06-04T09:48:30+00:00","dateModified":"2025-09-16T09:00:39+00:00","mainEntityOfPage":{"@id":"https:\/\/www.reclamador.es\/blog\/cuanto-te-pueden-embargar-de-la-nomina\/"},"wordCount":840,"commentCount":9,"publisher":{"@id":"https:\/\/www.reclamador.es\/blog\/#organization"},"image":{"@id":"https:\/\/www.reclamador.es\/blog\/cuanto-te-pueden-embargar-de-la-nomina\/#primaryimage"},"thumbnailUrl":"https:\/\/i0.wp.com\/www.reclamador.es\/blog\/wp-content\/uploads\/2024\/06\/cuanto-te-pueden-embargar-de-la-nomina-1200x630-1.jpg?fit=1200%2C630&ssl=1","keywords":["segunda oportunidad"],"articleSection":["Consejos legales"],"inLanguage":"es","potentialAction":[{"@type":"CommentAction","name":"Comment","target":["https:\/\/www.reclamador.es\/blog\/cuanto-te-pueden-embargar-de-la-nomina\/#respond"]}]},{"@type":"WebPage","@id":"https:\/\/www.reclamador.es\/blog\/cuanto-te-pueden-embargar-de-la-nomina\/","url":"https:\/\/www.reclamador.es\/blog\/cuanto-te-pueden-embargar-de-la-nomina\/","name":"\u00bfCu\u00e1nto pueden embargar de la n\u00f3mina? Cantidades 2025","isPartOf":{"@id":"https:\/\/www.reclamador.es\/blog\/#website"},"primaryImageOfPage":{"@id":"https:\/\/www.reclamador.es\/blog\/cuanto-te-pueden-embargar-de-la-nomina\/#primaryimage"},"image":{"@id":"https:\/\/www.reclamador.es\/blog\/cuanto-te-pueden-embargar-de-la-nomina\/#primaryimage"},"thumbnailUrl":"https:\/\/i0.wp.com\/www.reclamador.es\/blog\/wp-content\/uploads\/2024\/06\/cuanto-te-pueden-embargar-de-la-nomina-1200x630-1.jpg?fit=1200%2C630&ssl=1","datePublished":"2024-06-04T09:48:30+00:00","dateModified":"2025-09-16T09:00:39+00:00","description":"\u00bfCu\u00e1nto pueden embargar de la n\u00f3mina si cobras 1.300\u20ac? \u00bfY de una n\u00f3mina de 2.00\u20ac? Te contamos qu\u00e9 parte de tu salario o pensi\u00f3n pueden embargarte.","breadcrumb":{"@id":"https:\/\/www.reclamador.es\/blog\/cuanto-te-pueden-embargar-de-la-nomina\/#breadcrumb"},"inLanguage":"es","potentialAction":[{"@type":"ReadAction","target":["https:\/\/www.reclamador.es\/blog\/cuanto-te-pueden-embargar-de-la-nomina\/"]}]},{"@type":"ImageObject","inLanguage":"es","@id":"https:\/\/www.reclamador.es\/blog\/cuanto-te-pueden-embargar-de-la-nomina\/#primaryimage","url":"https:\/\/i0.wp.com\/www.reclamador.es\/blog\/wp-content\/uploads\/2024\/06\/cuanto-te-pueden-embargar-de-la-nomina-1200x630-1.jpg?fit=1200%2C630&ssl=1","contentUrl":"https:\/\/i0.wp.com\/www.reclamador.es\/blog\/wp-content\/uploads\/2024\/06\/cuanto-te-pueden-embargar-de-la-nomina-1200x630-1.jpg?fit=1200%2C630&ssl=1","width":1200,"height":630,"caption":"\u00bfTe pueden embargar toda la n\u00f3mina? \u00bfQu\u00e9 cantidad de tu salario te pueden embargar?"},{"@type":"BreadcrumbList","@id":"https:\/\/www.reclamador.es\/blog\/cuanto-te-pueden-embargar-de-la-nomina\/#breadcrumb","itemListElement":[{"@type":"ListItem","position":1,"name":"Portada","item":"https:\/\/www.reclamador.es\/blog\/"},{"@type":"ListItem","position":2,"name":"\u00bfCu\u00e1nto te pueden embargar de la n\u00f3mina?"}]},{"@type":"WebSite","@id":"https:\/\/www.reclamador.es\/blog\/#website","url":"https:\/\/www.reclamador.es\/blog\/","name":"Rebeldes con causa, el blog de reclamador.es","description":"Noticias, entrevistas y consejos sobre reclamaciones","publisher":{"@id":"https:\/\/www.reclamador.es\/blog\/#organization"},"potentialAction":[{"@type":"SearchAction","target":{"@type":"EntryPoint","urlTemplate":"https:\/\/www.reclamador.es\/blog\/?s={search_term_string}"},"query-input":{"@type":"PropertyValueSpecification","valueRequired":true,"valueName":"search_term_string"}}],"inLanguage":"es"},{"@type":"Organization","@id":"https:\/\/www.reclamador.es\/blog\/#organization","name":"reclamador.es","url":"https:\/\/www.reclamador.es\/blog\/","logo":{"@type":"ImageObject","inLanguage":"es","@id":"https:\/\/www.reclamador.es\/blog\/#\/schema\/logo\/image\/","url":"https:\/\/i0.wp.com\/www.reclamador.es\/blog\/wp-content\/uploads\/2020\/01\/logo-reclamador.png?fit=1200%2C144&ssl=1","contentUrl":"https:\/\/i0.wp.com\/www.reclamador.es\/blog\/wp-content\/uploads\/2020\/01\/logo-reclamador.png?fit=1200%2C144&ssl=1","width":1200,"height":144,"caption":"reclamador.es"},"image":{"@id":"https:\/\/www.reclamador.es\/blog\/#\/schema\/logo\/image\/"},"sameAs":["https:\/\/www.facebook.com\/reclamador.es","https:\/\/x.com\/reclamador","https:\/\/www.instagram.com\/reclamador.es\/","https:\/\/www.linkedin.com\/company\/reclamador-es","https:\/\/www.youtube.com\/user\/Reclamadores"]},{"@type":"Person","@id":"https:\/\/www.reclamador.es\/blog\/#\/schema\/person\/1ed83eef8b6566cb5e4c812d9bc5c4bf","name":"Equipo reclamador","image":{"@type":"ImageObject","inLanguage":"es","@id":"https:\/\/secure.gravatar.com\/avatar\/6442ecdc2c4472c600c113f34d340feca47107d6aa4f42f1e3e75a2a8e28a760?s=96&d=mm&r=g","url":"https:\/\/secure.gravatar.com\/avatar\/6442ecdc2c4472c600c113f34d340feca47107d6aa4f42f1e3e75a2a8e28a760?s=96&d=mm&r=g","contentUrl":"https:\/\/secure.gravatar.com\/avatar\/6442ecdc2c4472c600c113f34d340feca47107d6aa4f42f1e3e75a2a8e28a760?s=96&d=mm&r=g","caption":"Equipo reclamador"},"description":"Las personas que hacen posible reclamador.es","url":"https:\/\/www.reclamador.es\/blog\/author\/administrador\/"}]}},"jetpack_featured_media_url":"https:\/\/i0.wp.com\/www.reclamador.es\/blog\/wp-content\/uploads\/2024\/06\/cuanto-te-pueden-embargar-de-la-nomina-1200x630-1.jpg?fit=1200%2C630&ssl=1","jetpack-related-posts":[{"id":34033,"url":"https:\/\/www.reclamador.es\/blog\/pueden-embargarte-la-pension\/","url_meta":{"origin":32407,"position":0},"title":"\u00bfPueden embargarte la pensi\u00f3n?","author":"Equipo reclamador","date":"23 abril, 2025","format":false,"excerpt":"S\u00ed, pueden embargarte la pensi\u00f3n, pero hay unos l\u00edmites muy importantes. Una cuant\u00eda m\u00ednima que es inembargable, al igual que te cont\u00e1bamos en el art\u00edculo sobre cu\u00e1nto te pueden embargar de tu n\u00f3mina.\u00a0 Vamos a continuaci\u00f3n a desglosar la informaci\u00f3n m\u00e1s relevante sobre el embargo de la pensi\u00f3n y dar\u2026","rel":"","context":"En \u00abConsejos legales\u00bb","block_context":{"text":"Consejos legales","link":"https:\/\/www.reclamador.es\/blog\/consejos\/"},"img":{"alt_text":"2025 embargar una pension contributiva y no contributiva","src":"https:\/\/i0.wp.com\/www.reclamador.es\/blog\/wp-content\/uploads\/2025\/04\/pueden-embargarte-la-pension-1200x630-1.jpg?fit=1200%2C630&ssl=1&resize=350%2C200","width":350,"height":200,"srcset":"https:\/\/i0.wp.com\/www.reclamador.es\/blog\/wp-content\/uploads\/2025\/04\/pueden-embargarte-la-pension-1200x630-1.jpg?fit=1200%2C630&ssl=1&resize=350%2C200 1x, https:\/\/i0.wp.com\/www.reclamador.es\/blog\/wp-content\/uploads\/2025\/04\/pueden-embargarte-la-pension-1200x630-1.jpg?fit=1200%2C630&ssl=1&resize=525%2C300 1.5x, https:\/\/i0.wp.com\/www.reclamador.es\/blog\/wp-content\/uploads\/2025\/04\/pueden-embargarte-la-pension-1200x630-1.jpg?fit=1200%2C630&ssl=1&resize=700%2C400 2x, https:\/\/i0.wp.com\/www.reclamador.es\/blog\/wp-content\/uploads\/2025\/04\/pueden-embargarte-la-pension-1200x630-1.jpg?fit=1200%2C630&ssl=1&resize=1050%2C600 3x"},"classes":[]},{"id":4590,"url":"https:\/\/www.reclamador.es\/blog\/salario-minimo-interprofesional\/","url_meta":{"origin":32407,"position":1},"title":"\u00bfQu\u00e9 es el salario m\u00ednimo interprofesional y cu\u00e1l es su cuant\u00eda? 2025","author":"Equipo reclamador","date":"23 febrero, 2025","format":false,"excerpt":"Con este panorama de inestabilidad internacional, hay un concepto econ\u00f3mico que est\u00e1 sonando con fuerza, el salario m\u00ednimo interprofesional (SMI). En este art\u00edculo vamos responder a algunas preguntas sobre \u00e9l: qu\u00e9 es, qui\u00e9n lo aplica y decide su importe, para qu\u00e9 sirve, c\u00f3mo te afecta o cu\u00e1les son sus aplicaciones.\u2026","rel":"","context":"En \u00abConsejos legales\u00bb","block_context":{"text":"Consejos legales","link":"https:\/\/www.reclamador.es\/blog\/consejos\/"},"img":{"alt_text":"","src":"https:\/\/i0.wp.com\/www.reclamador.es\/blog\/wp-content\/uploads\/2016\/07\/master-1904748_1280.jpg?fit=1200%2C800&ssl=1&resize=350%2C200","width":350,"height":200,"srcset":"https:\/\/i0.wp.com\/www.reclamador.es\/blog\/wp-content\/uploads\/2016\/07\/master-1904748_1280.jpg?fit=1200%2C800&ssl=1&resize=350%2C200 1x, https:\/\/i0.wp.com\/www.reclamador.es\/blog\/wp-content\/uploads\/2016\/07\/master-1904748_1280.jpg?fit=1200%2C800&ssl=1&resize=525%2C300 1.5x, https:\/\/i0.wp.com\/www.reclamador.es\/blog\/wp-content\/uploads\/2016\/07\/master-1904748_1280.jpg?fit=1200%2C800&ssl=1&resize=700%2C400 2x, https:\/\/i0.wp.com\/www.reclamador.es\/blog\/wp-content\/uploads\/2016\/07\/master-1904748_1280.jpg?fit=1200%2C800&ssl=1&resize=1050%2C600 3x"},"classes":[]},{"id":19121,"url":"https:\/\/www.reclamador.es\/blog\/finalizacion-contrato-temporal-que-corresponde\/","url_meta":{"origin":32407,"position":2},"title":"Finalizaci\u00f3n de un contrato temporal: \u00bfqu\u00e9 me corresponde?","author":"Equipo reclamador","date":"31 agosto, 2018","format":false,"excerpt":"*Contenido actualizado mayo 2025 Con la actual normativa laboral, en Espa\u00f1a en 2025 \u00fanicamente se pueden realizar dos tipos de contrato temporal: contrato temporal de sustituci\u00f3n y el contrato temporal por circunstancias de la producci\u00f3n (muy usado en verano o campa\u00f1as). Pero pese a que se intenta primar el contrato\u2026","rel":"","context":"En \u00abConsejos legales\u00bb","block_context":{"text":"Consejos legales","link":"https:\/\/www.reclamador.es\/blog\/consejos\/"},"img":{"alt_text":"Fin contrato temporal: finiquito e indemnizaci\u00f3n","src":"https:\/\/i0.wp.com\/www.reclamador.es\/blog\/wp-content\/uploads\/2018\/08\/finiquito-indemnzacion-fin-contrato-temporal.jpg?fit=1200%2C630&ssl=1&resize=350%2C200","width":350,"height":200,"srcset":"https:\/\/i0.wp.com\/www.reclamador.es\/blog\/wp-content\/uploads\/2018\/08\/finiquito-indemnzacion-fin-contrato-temporal.jpg?fit=1200%2C630&ssl=1&resize=350%2C200 1x, https:\/\/i0.wp.com\/www.reclamador.es\/blog\/wp-content\/uploads\/2018\/08\/finiquito-indemnzacion-fin-contrato-temporal.jpg?fit=1200%2C630&ssl=1&resize=525%2C300 1.5x, https:\/\/i0.wp.com\/www.reclamador.es\/blog\/wp-content\/uploads\/2018\/08\/finiquito-indemnzacion-fin-contrato-temporal.jpg?fit=1200%2C630&ssl=1&resize=700%2C400 2x, https:\/\/i0.wp.com\/www.reclamador.es\/blog\/wp-content\/uploads\/2018\/08\/finiquito-indemnzacion-fin-contrato-temporal.jpg?fit=1200%2C630&ssl=1&resize=1050%2C600 3x"},"classes":[]},{"id":4539,"url":"https:\/\/www.reclamador.es\/blog\/principales-aspectos-entender-nomina\/","url_meta":{"origin":32407,"position":3},"title":"C\u00f3mo entender mi n\u00f3mina","author":"Equipo reclamador","date":"31 enero, 2019","format":false,"excerpt":"La n\u00f3mina es el documento que recibimos (o deber\u00edamos recibir) todos los trabajadores en activo y que contiene el desglose de la cantidad de dinero que se recibe a cambio del trabajo realizado en una empresa. En ocasiones puede resultar complejo entender alguno de los conceptos que en ella se\u2026","rel":"","context":"En \u00abConsejos legales\u00bb","block_context":{"text":"Consejos legales","link":"https:\/\/www.reclamador.es\/blog\/consejos\/"},"img":{"alt_text":"conceptos clave para entender la nomina","src":"https:\/\/i0.wp.com\/www.reclamador.es\/blog\/wp-content\/uploads\/2019\/01\/entender-nomina-trabajadores.jpg?fit=1198%2C630&ssl=1&resize=350%2C200","width":350,"height":200,"srcset":"https:\/\/i0.wp.com\/www.reclamador.es\/blog\/wp-content\/uploads\/2019\/01\/entender-nomina-trabajadores.jpg?fit=1198%2C630&ssl=1&resize=350%2C200 1x, https:\/\/i0.wp.com\/www.reclamador.es\/blog\/wp-content\/uploads\/2019\/01\/entender-nomina-trabajadores.jpg?fit=1198%2C630&ssl=1&resize=525%2C300 1.5x, https:\/\/i0.wp.com\/www.reclamador.es\/blog\/wp-content\/uploads\/2019\/01\/entender-nomina-trabajadores.jpg?fit=1198%2C630&ssl=1&resize=700%2C400 2x, https:\/\/i0.wp.com\/www.reclamador.es\/blog\/wp-content\/uploads\/2019\/01\/entender-nomina-trabajadores.jpg?fit=1198%2C630&ssl=1&resize=1050%2C600 3x"},"classes":[]},{"id":17404,"url":"https:\/\/www.reclamador.es\/blog\/mi-empresa-no-me-paga\/","url_meta":{"origin":32407,"position":4},"title":"Mi empresa no me paga: \u00bfqu\u00e9 puedo hacer?","author":"Equipo reclamador","date":"9 marzo, 2022","format":false,"excerpt":"mi empresa no me paga, \u00bfahora qu\u00e9 hago?","rel":"","context":"En \u00abConsejos legales\u00bb","block_context":{"text":"Consejos legales","link":"https:\/\/www.reclamador.es\/blog\/consejos\/"},"img":{"alt_text":"mi empresa no me paga, \u00bfahora qu\u00e9 hago?","src":"https:\/\/i0.wp.com\/www.reclamador.es\/blog\/wp-content\/uploads\/2020\/03\/mi-empresa-no-me-paga.jpg?fit=1200%2C675&ssl=1&resize=350%2C200","width":350,"height":200,"srcset":"https:\/\/i0.wp.com\/www.reclamador.es\/blog\/wp-content\/uploads\/2020\/03\/mi-empresa-no-me-paga.jpg?fit=1200%2C675&ssl=1&resize=350%2C200 1x, https:\/\/i0.wp.com\/www.reclamador.es\/blog\/wp-content\/uploads\/2020\/03\/mi-empresa-no-me-paga.jpg?fit=1200%2C675&ssl=1&resize=525%2C300 1.5x, https:\/\/i0.wp.com\/www.reclamador.es\/blog\/wp-content\/uploads\/2020\/03\/mi-empresa-no-me-paga.jpg?fit=1200%2C675&ssl=1&resize=700%2C400 2x, https:\/\/i0.wp.com\/www.reclamador.es\/blog\/wp-content\/uploads\/2020\/03\/mi-empresa-no-me-paga.jpg?fit=1200%2C675&ssl=1&resize=1050%2C600 3x"},"classes":[]},{"id":22337,"url":"https:\/\/www.reclamador.es\/blog\/paga-extra-cuando-cuanto-se-cobra\/","url_meta":{"origin":32407,"position":5},"title":"Pagas extras: todo lo que debes conocer sobre las gratificaciones extraordinarias","author":"Equipo reclamador","date":"19 junio, 2019","format":false,"excerpt":"En el Real Decreto Legislativo 2\/2015, de 23 de octubre, por el que se aprueba la Ley del Estatuto de los Trabajadores, se regula uno de los principales conceptos en lo que a remuneraci\u00f3n de los empleados se refiere: la paga extra. Se trata de una \u2018gratificaci\u00f3n extraordinaria\u2019, tal y\u2026","rel":"","context":"En \u00abConsejos legales\u00bb","block_context":{"text":"Consejos legales","link":"https:\/\/www.reclamador.es\/blog\/consejos\/"},"img":{"alt_text":"paga extra reclamador","src":"https:\/\/i0.wp.com\/www.reclamador.es\/blog\/wp-content\/uploads\/2019\/06\/paga-extra-verano-cuando-cuanto-se-cobra.jpg?fit=1190%2C800&ssl=1&resize=350%2C200","width":350,"height":200,"srcset":"https:\/\/i0.wp.com\/www.reclamador.es\/blog\/wp-content\/uploads\/2019\/06\/paga-extra-verano-cuando-cuanto-se-cobra.jpg?fit=1190%2C800&ssl=1&resize=350%2C200 1x, https:\/\/i0.wp.com\/www.reclamador.es\/blog\/wp-content\/uploads\/2019\/06\/paga-extra-verano-cuando-cuanto-se-cobra.jpg?fit=1190%2C800&ssl=1&resize=525%2C300 1.5x, https:\/\/i0.wp.com\/www.reclamador.es\/blog\/wp-content\/uploads\/2019\/06\/paga-extra-verano-cuando-cuanto-se-cobra.jpg?fit=1190%2C800&ssl=1&resize=700%2C400 2x, https:\/\/i0.wp.com\/www.reclamador.es\/blog\/wp-content\/uploads\/2019\/06\/paga-extra-verano-cuando-cuanto-se-cobra.jpg?fit=1190%2C800&ssl=1&resize=1050%2C600 3x"},"classes":[]}],"jetpack_sharing_enabled":true,"_links":{"self":[{"href":"https:\/\/www.reclamador.es\/blog\/wp-json\/wp\/v2\/posts\/32407","targetHints":{"allow":["GET"]}}],"collection":[{"href":"https:\/\/www.reclamador.es\/blog\/wp-json\/wp\/v2\/posts"}],"about":[{"href":"https:\/\/www.reclamador.es\/blog\/wp-json\/wp\/v2\/types\/post"}],"author":[{"embeddable":true,"href":"https:\/\/www.reclamador.es\/blog\/wp-json\/wp\/v2\/users\/1"}],"replies":[{"embeddable":true,"href":"https:\/\/www.reclamador.es\/blog\/wp-json\/wp\/v2\/comments?post=32407"}],"version-history":[{"count":9,"href":"https:\/\/www.reclamador.es\/blog\/wp-json\/wp\/v2\/posts\/32407\/revisions"}],"predecessor-version":[{"id":35002,"href":"https:\/\/www.reclamador.es\/blog\/wp-json\/wp\/v2\/posts\/32407\/revisions\/35002"}],"wp:featuredmedia":[{"embeddable":true,"href":"https:\/\/www.reclamador.es\/blog\/wp-json\/wp\/v2\/media\/32410"}],"wp:attachment":[{"href":"https:\/\/www.reclamador.es\/blog\/wp-json\/wp\/v2\/media?parent=32407"}],"wp:term":[{"taxonomy":"category","embeddable":true,"href":"https:\/\/www.reclamador.es\/blog\/wp-json\/wp\/v2\/categories?post=32407"},{"taxonomy":"post_tag","embeddable":true,"href":"https:\/\/www.reclamador.es\/blog\/wp-json\/wp\/v2\/tags?post=32407"}],"curies":[{"name":"wp","href":"https:\/\/api.w.org\/{rel}","templated":true}]}}