{"id":32099,"date":"2024-03-14T12:37:41","date_gmt":"2024-03-14T11:37:41","guid":{"rendered":"https:\/\/www.reclamador.es\/blog\/?p=32099"},"modified":"2024-04-08T10:13:21","modified_gmt":"2024-04-08T08:13:21","slug":"entrevistacristian-reclamador-de-aerolineas","status":"publish","type":"post","link":"https:\/\/www.reclamador.es\/blog\/entrevistacristian-reclamador-de-aerolineas\/","title":{"rendered":"Cristian, reclamador de aerol\u00edneas: \u201cEstoy muy satisfecho. Con el m\u00ednimo esfuerzo por mi parte y sin pagar nada por adelantado he conseguido ganar una reclamaci\u00f3n\u201d"},"content":{"rendered":"<div class=\"ttr_start\"><\/div>\n\n<div class=\"kk-star-ratings kksr-auto kksr-align-right kksr-valign-top\"\n    data-payload='{&quot;align&quot;:&quot;right&quot;,&quot;id&quot;:&quot;32099&quot;,&quot;slug&quot;:&quot;default&quot;,&quot;valign&quot;:&quot;top&quot;,&quot;ignore&quot;:&quot;&quot;,&quot;reference&quot;:&quot;auto&quot;,&quot;class&quot;:&quot;&quot;,&quot;count&quot;:&quot;0&quot;,&quot;legendonly&quot;:&quot;&quot;,&quot;readonly&quot;:&quot;&quot;,&quot;score&quot;:&quot;0&quot;,&quot;starsonly&quot;:&quot;&quot;,&quot;best&quot;:&quot;5&quot;,&quot;gap&quot;:&quot;3&quot;,&quot;greet&quot;:&quot;Valora este art\u00edculo&quot;,&quot;legend&quot;:&quot;0\\\/5 - (0 votos)&quot;,&quot;size&quot;:&quot;20&quot;,&quot;title&quot;:&quot;Cristian, reclamador de aerol\u00edneas: \u201cEstoy muy satisfecho. Con el m\u00ednimo esfuerzo por mi parte y sin pagar nada por adelantado he conseguido ganar una reclamaci\u00f3n\u201d&quot;,&quot;width&quot;:&quot;0&quot;,&quot;_legend&quot;:&quot;{score}\\\/{best} - ({count} {votes})&quot;,&quot;font_factor&quot;:&quot;1.25&quot;}'>\n            \n<div class=\"kksr-stars\">\n    \n<div class=\"kksr-stars-inactive\">\n            <div class=\"kksr-star\" data-star=\"1\" style=\"padding-right: 3px\">\n            \n\n<div class=\"kksr-icon\" style=\"width: 20px; height: 20px;\"><\/div>\n        <\/div>\n            <div class=\"kksr-star\" data-star=\"2\" style=\"padding-right: 3px\">\n            \n\n<div class=\"kksr-icon\" style=\"width: 20px; height: 20px;\"><\/div>\n        <\/div>\n            <div class=\"kksr-star\" data-star=\"3\" style=\"padding-right: 3px\">\n            \n\n<div class=\"kksr-icon\" style=\"width: 20px; height: 20px;\"><\/div>\n        <\/div>\n            <div class=\"kksr-star\" data-star=\"4\" style=\"padding-right: 3px\">\n            \n\n<div class=\"kksr-icon\" style=\"width: 20px; height: 20px;\"><\/div>\n        <\/div>\n            <div class=\"kksr-star\" data-star=\"5\" style=\"padding-right: 3px\">\n            \n\n<div class=\"kksr-icon\" style=\"width: 20px; height: 20px;\"><\/div>\n        <\/div>\n    <\/div>\n    \n<div class=\"kksr-stars-active\" style=\"width: 0px;\">\n            <div class=\"kksr-star\" style=\"padding-right: 3px\">\n            \n\n<div class=\"kksr-icon\" style=\"width: 20px; height: 20px;\"><\/div>\n        <\/div>\n            <div class=\"kksr-star\" style=\"padding-right: 3px\">\n            \n\n<div class=\"kksr-icon\" style=\"width: 20px; height: 20px;\"><\/div>\n        <\/div>\n            <div class=\"kksr-star\" style=\"padding-right: 3px\">\n            \n\n<div class=\"kksr-icon\" style=\"width: 20px; height: 20px;\"><\/div>\n        <\/div>\n            <div class=\"kksr-star\" style=\"padding-right: 3px\">\n            \n\n<div class=\"kksr-icon\" style=\"width: 20px; height: 20px;\"><\/div>\n        <\/div>\n            <div class=\"kksr-star\" style=\"padding-right: 3px\">\n            \n\n<div class=\"kksr-icon\" style=\"width: 20px; height: 20px;\"><\/div>\n        <\/div>\n    <\/div>\n<\/div>\n                \n\n<div class=\"kksr-legend\" style=\"font-size: 16px;\">\n            <span class=\"kksr-muted\">Valora este art\u00edculo<\/span>\n    <\/div>\n    <\/div>\n\n\n\n<figure id=\"attachment_32155\" aria-describedby=\"caption-attachment-32155\" style=\"width: 1200px\" class=\"wp-caption aligncenter\"><img data-recalc-dims=\"1\" loading=\"lazy\" decoding=\"async\" class=\"size-full wp-image-32155\" src=\"https:\/\/i0.wp.com\/www.reclamador.es\/blog\/wp-content\/uploads\/2024\/03\/entrevista-cliente-aerolineas-Cristian-1200x630-3.jpg?resize=1200%2C630&#038;ssl=1\" alt=\"reclamar a aerol\u00edneas - caso real \" width=\"1200\" height=\"630\" data-wp-editing=\"1\" srcset=\"https:\/\/i0.wp.com\/www.reclamador.es\/blog\/wp-content\/uploads\/2024\/03\/entrevista-cliente-aerolineas-Cristian-1200x630-3.jpg?w=1200&amp;ssl=1 1200w, https:\/\/i0.wp.com\/www.reclamador.es\/blog\/wp-content\/uploads\/2024\/03\/entrevista-cliente-aerolineas-Cristian-1200x630-3.jpg?resize=800%2C420&amp;ssl=1 800w, https:\/\/i0.wp.com\/www.reclamador.es\/blog\/wp-content\/uploads\/2024\/03\/entrevista-cliente-aerolineas-Cristian-1200x630-3.jpg?resize=150%2C79&amp;ssl=1 150w, https:\/\/i0.wp.com\/www.reclamador.es\/blog\/wp-content\/uploads\/2024\/03\/entrevista-cliente-aerolineas-Cristian-1200x630-3.jpg?resize=768%2C403&amp;ssl=1 768w\" sizes=\"auto, (max-width: 1000px) 100vw, 1000px\" \/><figcaption id=\"caption-attachment-32155\" class=\"wp-caption-text\"><em>Entrevista a reclamador de aerol\u00edneas<\/em><\/figcaption><\/figure>\n<p><span style=\"font-weight: 400;\">Hoy entrevistamos a Cristian Tapia (C\u00e1diz, 1995) por una cancelaci\u00f3n que sufri\u00f3 en un vuelo en 2018. Cristian nos cuenta que vive en un pueblo de Barcelona, trabaja como auxiliar contable y en su tiempo libre le gusta crear contenido para Youtube y Tiktok, donde tiene dos canales en crecimiento sobre las artes marciales mixtas (MMA). Tambi\u00e9n es muy futbolero, practica este deporte y el crossfit, y es fan del Bar\u00e7a y de la UFC.\u00a0<\/span><\/p>\n<p><span style=\"font-weight: 400;\">A sus 28 a\u00f1os ya sabe lo que es ganar una <strong><a href=\"https:\/\/www.reclamador.es\/aerolineas\/\">reclamaci\u00f3n a una aerol\u00ednea<\/a><\/strong> y est\u00e1 muy contento de haberlo conseguido. Por ello ha compartido su experiencia con nosotros. Adem\u00e1s, sus padres tambi\u00e9n han reclamado la <a href=\"https:\/\/www.reclamador.es\/banco\/reclamacion-clausula-suelo\/\">cl\u00e1usula suelo<\/a> con nuestros expertos en <a href=\"https:\/\/www.reclamador.es\/banco\/\">reclamaciones bancarias<\/a> y han recuperado m\u00e1s de 30.000 euros.<\/span><\/p>\n<p><span style=\"font-weight: 400;\">\u00a1Comencemos!<\/span><\/p>\n<h2><strong>Entrevista a Cristian, reclamador de aerol\u00edneas<\/strong><\/h2>\n<p>A continuaci\u00f3n vas a descubrir el caso de Cristian, reclamador de aerol\u00edneas con reclamador.es.\u00a0<\/p>\n<h3><b>Hola Cristian, \u00bfpodr\u00edas hablarnos de lo que te pas\u00f3 con Ryanair?\u00a0<\/b><\/h3>\n<p><span style=\"font-weight: 400;\">Cog\u00ed un vuelo con mi hermano de Jerez a Barcelona, a finales de julio de 2018, pero justo un d\u00eda antes de volver me notificaron que hab\u00eda <a href=\"https:\/\/www.reclamador.es\/aerolineas\/ryanair\/huelga\/\">huelga en Ryanair<\/a> y no pod\u00edamos viajar.<\/span><\/p>\n<h3><b>\u00bfC\u00f3mo afect\u00f3 a tus vacaciones?\u00a0<\/b><\/h3>\n<p><span style=\"font-weight: 400;\">Tuve que volver dos d\u00edas despu\u00e9s de la fecha original. La verdad que me daba igual porque eran vacaciones familiares y la cancelaci\u00f3n no me supuso gastos de hotel en ese sentido. Pero s\u00ed que me rompi\u00f3 los planes que ten\u00eda para la fecha original de vuelta. Por eso quise reclamarles por da\u00f1os y perjuicios.\u00a0<\/span><\/p>\n<h3><b>\u00bfQu\u00e9 ocurri\u00f3 exactamente? \u00bfLa aerol\u00ednea te reubic\u00f3 por la huelga de Ryanair?<\/b><\/h3>\n<p><span style=\"font-weight: 400;\">La misma aerol\u00ednea me reubic\u00f3 en otro vuelo sin ning\u00fan coste extra y me llev\u00f3 a mi destino, pero como te digo, d\u00edas m\u00e1s tarde.<\/span><\/p>\n<h3><b>\u00bfQu\u00e9 pensaste en ese momento Cristian?<\/b><\/h3>\n<p><span style=\"font-weight: 400;\">Pens\u00e9: para fastidiarme yo que se fastidie Ryanair. Ah\u00ed fue<strong> cuando descubr\u00ed lo que era reclamador.es<\/strong>. Puse a disposici\u00f3n los documentos que me pidieron y me despreocup\u00e9. Al cabo de unos meses conseguimos una <strong>indemnizaci\u00f3n de 250 euros<\/strong>, y de ah\u00ed reclamador.es me ingres\u00f3 mi dinero, descontando sus honorarios.\u00a0<\/span><\/p>\n<h3><b>\u00bfAlguien de la compa\u00f1\u00eda a\u00e9rea te ayud\u00f3?\u00a0<\/b><\/h3>\n<p><span style=\"font-weight: 400;\">Nadie de la compa\u00f1\u00eda me ayud\u00f3.<\/span><\/p>\n<p><span style=\"font-weight: 400;\">Me enter\u00e9 de que el vuelo se retrasaba dos d\u00edas por la aplicaci\u00f3n del check-in, y como ten\u00eda tiempo libre investigu\u00e9 si les pod\u00eda denunciar, y os descubr\u00ed.<\/span><\/p>\n<h3><b>Hoy en d\u00eda hay muchas opciones y recursos para reclamar. \u00bfMiraste otras empresas, aparte de nosotros, para llevar a cabo tu reclamaci\u00f3n?<\/b><\/h3>\n<p><span style=\"font-weight: 400;\">La verdad es que no. Simplemente vi que en reclamador.es solo cobraban si ganaban el caso y pens\u00e9: <em>\u00bfpor qu\u00e9 no?<\/em><\/span><\/p>\n<h3><b>Sabemos que te enfrentas a muchos desaf\u00edos cuando empiezas a reclamar a una empresa tan grande. \u00bfCu\u00e1l ha sido tu mejor momento durante la reclamaci\u00f3n y por qu\u00e9?<\/b><\/h3>\n<p><span style=\"font-weight: 400;\">Fue cuando vi el email donde se me explicaba que se hab\u00eda ganado el caso y que me iba a llegar una indemnizaci\u00f3n.<\/span><\/p>\n<h3><b>\u00bfConfiabas en ganar tu reclamaci\u00f3n a Ryanair?<\/b><\/h3>\n<p><span style=\"font-weight: 400;\">La verdad, que como era la primera vez, ni confiaba ni dejaba de confiar.<\/span><\/p>\n<p><span style=\"font-weight: 400;\">Era una reclamaci\u00f3n peque\u00f1a y yo simplemente tramit\u00e9 en unos minutos toda la documentaci\u00f3n que me ped\u00edan y me despreocup\u00e9. A d\u00eda de hoy s\u00e9 que si me vuelve a pasar y lo reclamo con vosotros, lo ganar\u00eda, seguro.<\/span><\/p>\n<h3><b>Entonces, \u00bfdir\u00edas que est\u00e1s satisfecho con nuestros servicios?\u00a0<\/b><\/h3>\n<p><span style=\"font-weight: 400;\">Estoy muy satisfecho. Con el m\u00ednimo esfuerzo por mi parte y sin pagar nada por adelantado he conseguido ganar una reclamaci\u00f3n contra una aerol\u00ednea. Muy contento.<\/span><\/p>\n<h3><b>Si tuvieras que definirnos en una palabra, \u00bfqu\u00e9 dir\u00edas que somos?<\/b><\/h3>\n<p><span style=\"font-weight: 400;\">Competentes.<\/span><\/p>\n<h3><b>Antes de finalizar, \u00bfqu\u00e9 mensaje o consejo te gustar\u00eda transmitir a otros usuarios que se encuentren en tu lugar?<\/b><\/h3>\n<p><span style=\"font-weight: 400;\">Que se <strong>animen a reclamar, que hay muchas cosas donde se aprovechan de los usuarios y lo dejamos pasar, que reclamador.es no te va a cobrar por nada por adelantado<\/strong>, y que aunque uno o m\u00e1s abogados te hayan dicho que no puedes reclamar algo si tu conf\u00edas en que s\u00ed ponlo en manos de reclamador.es. As\u00ed fue como mis padres consiguieron recuperar m\u00e1s de 30.000 euros por la cl\u00e1usula suelo.<\/span><\/p>\n<h3><b>S\u00ed, eso he podido leer en vuestros expedientes en nuestra p\u00e1gina, que tus padres ten\u00edan cl\u00e1usula suelo en el pr\u00e9stamo hipotecario y han reclamado con nosotros, tambi\u00e9n.\u00a0<\/b><\/h3>\n<p><span style=\"font-weight: 400;\">S\u00ed. Sois una maravilla y ten\u00e9is unos abogados incre\u00edbles. Lo llamativo es que a mis padres dos abogados les dijeron que no ten\u00edan nada que reclamar de la cl\u00e1usula suelo y fue poner toda la documentaci\u00f3n en manos de reclamador.es y consiguieron lo que parec\u00eda imposible: una buena indemnizaci\u00f3n por el abuso que hicieron los bancos.<\/span><\/p>\n<blockquote>\n<p><b><i>\u201cSois una maravilla y ten\u00e9is unos abogados incre\u00edbles. Lo llamativo es que a mis padres dos abogados les dijeron que no ten\u00edan nada que reclamar de la cl\u00e1usula suelo y fue poner toda la documentaci\u00f3n en manos de reclamador.es y consiguieron lo que parec\u00eda imposible\u201d<\/i><\/b><\/p>\n<\/blockquote>\n<h3><b>\u00bfQu\u00e9 dir\u00edas que fue lo mejor de esta reclamaci\u00f3n de cl\u00e1usula suelo?\u00a0<\/b><\/h3>\n<p><span style=\"font-weight: 400;\">Lo mejor es que tampoco tuvimos que pagar nada, ya que al haber ganado el caso con costas los honorarios fueron abonados por el banco. Reclamaron la cl\u00e1usula suelo en 2018 y en 2022 se gan\u00f3 el caso con sentencia firme.<\/span><\/p>\n<h3><b>Desde el equipo de reclamador.es queremos expresar nuestro agradecimiento por el entusiasmo con el que nos has contado tu caso y el de tus padres y la confianza depositada en nosotros.<\/b><\/h3>\n<p><span style=\"font-size: revert; color: initial;\">Por mi parte, no tengo m\u00e1s que palabras de agradecimiento hacia vosotros.\u00a0<\/span><\/p>\n<div class=\"ttr_end\"><\/div>","protected":false},"excerpt":{"rendered":"<p>Hoy entrevistamos a Cristian Tapia (C\u00e1diz, 1995) por una cancelaci\u00f3n que sufri\u00f3 en un vuelo en 2018. Cristian nos cuenta que vive en un pueblo de Barcelona, trabaja como auxiliar contable y en su tiempo libre le gusta crear contenido para Youtube y Tiktok, donde tiene dos canales en crecimiento sobre las artes marciales mixtas [&hellip;]<\/p>\n","protected":false},"author":3,"featured_media":32155,"comment_status":"open","ping_status":"open","sticky":false,"template":"","format":"standard","meta":{"_acf_changed":false,"_genesis_hide_title":false,"_genesis_hide_breadcrumbs":false,"_genesis_hide_singular_image":false,"_genesis_hide_footer_widgets":false,"_genesis_custom_body_class":"","_genesis_custom_post_class":"","_genesis_layout":"","_jetpack_newsletter_access":"","_jetpack_dont_email_post_to_subs":false,"_jetpack_newsletter_tier_id":0,"_jetpack_memberships_contains_paywalled_content":false,"_jetpack_memberships_contains_paid_content":false,"footnotes":""},"categories":[396],"tags":[380,97,765],"class_list":{"0":"post-32099","1":"post","2":"type-post","3":"status-publish","4":"format-standard","5":"has-post-thumbnail","7":"category-reclamadores","8":"tag-aerolineas","9":"tag-clausula-suelo","10":"tag-entrevista","11":"entry"},"acf":[],"yoast_head":"<!-- This site is optimized with the Yoast SEO plugin v27.4 - https:\/\/yoast.com\/product\/yoast-seo-wordpress\/ -->\n<title>Entrevista a Cristian, reclamador de aerol\u00edneas<\/title>\n<meta name=\"description\" content=\"Cristian, reclamador de aerol\u00edneas. Lee la entrevista completa al cliente de reclamador.es que gan\u00f3 su indemnizaci\u00f3n por la huelga de Ryanair.\" \/>\n<meta name=\"robots\" content=\"index, follow, max-snippet:-1, max-image-preview:large, max-video-preview:-1\" \/>\n<link rel=\"canonical\" href=\"https:\/\/www.reclamador.es\/blog\/entrevistacristian-reclamador-de-aerolineas\/\" \/>\n<meta property=\"og:locale\" content=\"es_ES\" \/>\n<meta property=\"og:type\" content=\"article\" \/>\n<meta property=\"og:title\" content=\"Entrevista a Cristian, reclamador de aerol\u00edneas\" \/>\n<meta property=\"og:description\" content=\"Cristian, reclamador de aerol\u00edneas. Lee la entrevista completa al cliente de reclamador.es que gan\u00f3 su indemnizaci\u00f3n por la huelga de Ryanair.\" \/>\n<meta property=\"og:url\" content=\"https:\/\/www.reclamador.es\/blog\/entrevistacristian-reclamador-de-aerolineas\/\" \/>\n<meta property=\"og:site_name\" content=\"Rebeldes con causa, el blog de reclamador.es\" \/>\n<meta property=\"article:publisher\" content=\"https:\/\/www.facebook.com\/reclamador.es\" \/>\n<meta property=\"article:published_time\" content=\"2024-03-14T11:37:41+00:00\" \/>\n<meta property=\"article:modified_time\" content=\"2024-04-08T08:13:21+00:00\" \/>\n<meta property=\"og:image\" content=\"https:\/\/i0.wp.com\/www.reclamador.es\/blog\/wp-content\/uploads\/2024\/03\/entrevista-cliente-aerolineas-Cristian-1200x630-3.jpg?fit=1200%2C630&ssl=1\" \/>\n\t<meta property=\"og:image:width\" content=\"1200\" \/>\n\t<meta property=\"og:image:height\" content=\"630\" \/>\n\t<meta property=\"og:image:type\" content=\"image\/jpeg\" \/>\n<meta name=\"author\" content=\"Cristina Naveda\" \/>\n<meta name=\"twitter:card\" content=\"summary_large_image\" \/>\n<meta name=\"twitter:creator\" content=\"@reclamador\" \/>\n<meta name=\"twitter:site\" content=\"@reclamador\" \/>\n<meta name=\"twitter:label1\" content=\"Escrito por\" \/>\n\t<meta name=\"twitter:data1\" content=\"Cristina Naveda\" \/>\n\t<meta name=\"twitter:label2\" content=\"Tiempo de lectura\" \/>\n\t<meta name=\"twitter:data2\" content=\"5 minutos\" \/>\n<script type=\"application\/ld+json\" class=\"yoast-schema-graph\">{\"@context\":\"https:\\\/\\\/schema.org\",\"@graph\":[{\"@type\":\"Article\",\"@id\":\"https:\\\/\\\/www.reclamador.es\\\/blog\\\/entrevistacristian-reclamador-de-aerolineas\\\/#article\",\"isPartOf\":{\"@id\":\"https:\\\/\\\/www.reclamador.es\\\/blog\\\/entrevistacristian-reclamador-de-aerolineas\\\/\"},\"author\":{\"name\":\"Cristina Naveda\",\"@id\":\"https:\\\/\\\/www.reclamador.es\\\/blog\\\/#\\\/schema\\\/person\\\/c446a02b3fcf1607a8a2139c36fbe583\"},\"headline\":\"Cristian, reclamador de aerol\u00edneas: \u201cEstoy muy satisfecho. Con el m\u00ednimo esfuerzo por mi parte y sin pagar nada por adelantado he conseguido ganar una reclamaci\u00f3n\u201d\",\"datePublished\":\"2024-03-14T11:37:41+00:00\",\"dateModified\":\"2024-04-08T08:13:21+00:00\",\"mainEntityOfPage\":{\"@id\":\"https:\\\/\\\/www.reclamador.es\\\/blog\\\/entrevistacristian-reclamador-de-aerolineas\\\/\"},\"wordCount\":1027,\"commentCount\":2,\"publisher\":{\"@id\":\"https:\\\/\\\/www.reclamador.es\\\/blog\\\/#organization\"},\"image\":{\"@id\":\"https:\\\/\\\/www.reclamador.es\\\/blog\\\/entrevistacristian-reclamador-de-aerolineas\\\/#primaryimage\"},\"thumbnailUrl\":\"https:\\\/\\\/i0.wp.com\\\/www.reclamador.es\\\/blog\\\/wp-content\\\/uploads\\\/2024\\\/03\\\/entrevista-cliente-aerolineas-Cristian-1200x630-3.jpg?fit=1200%2C630&ssl=1\",\"keywords\":[\"aerol\u00edneas\",\"clausula suelo\",\"entrevista\"],\"articleSection\":[\"Conoce todo lo que sucede en reclamador.es\"],\"inLanguage\":\"es\",\"potentialAction\":[{\"@type\":\"CommentAction\",\"name\":\"Comment\",\"target\":[\"https:\\\/\\\/www.reclamador.es\\\/blog\\\/entrevistacristian-reclamador-de-aerolineas\\\/#respond\"]}]},{\"@type\":\"WebPage\",\"@id\":\"https:\\\/\\\/www.reclamador.es\\\/blog\\\/entrevistacristian-reclamador-de-aerolineas\\\/\",\"url\":\"https:\\\/\\\/www.reclamador.es\\\/blog\\\/entrevistacristian-reclamador-de-aerolineas\\\/\",\"name\":\"Entrevista a Cristian, reclamador de aerol\u00edneas\",\"isPartOf\":{\"@id\":\"https:\\\/\\\/www.reclamador.es\\\/blog\\\/#website\"},\"primaryImageOfPage\":{\"@id\":\"https:\\\/\\\/www.reclamador.es\\\/blog\\\/entrevistacristian-reclamador-de-aerolineas\\\/#primaryimage\"},\"image\":{\"@id\":\"https:\\\/\\\/www.reclamador.es\\\/blog\\\/entrevistacristian-reclamador-de-aerolineas\\\/#primaryimage\"},\"thumbnailUrl\":\"https:\\\/\\\/i0.wp.com\\\/www.reclamador.es\\\/blog\\\/wp-content\\\/uploads\\\/2024\\\/03\\\/entrevista-cliente-aerolineas-Cristian-1200x630-3.jpg?fit=1200%2C630&ssl=1\",\"datePublished\":\"2024-03-14T11:37:41+00:00\",\"dateModified\":\"2024-04-08T08:13:21+00:00\",\"description\":\"Cristian, reclamador de aerol\u00edneas. Lee la entrevista completa al cliente de reclamador.es que gan\u00f3 su indemnizaci\u00f3n por la huelga de Ryanair.\",\"breadcrumb\":{\"@id\":\"https:\\\/\\\/www.reclamador.es\\\/blog\\\/entrevistacristian-reclamador-de-aerolineas\\\/#breadcrumb\"},\"inLanguage\":\"es\",\"potentialAction\":[{\"@type\":\"ReadAction\",\"target\":[\"https:\\\/\\\/www.reclamador.es\\\/blog\\\/entrevistacristian-reclamador-de-aerolineas\\\/\"]}]},{\"@type\":\"ImageObject\",\"inLanguage\":\"es\",\"@id\":\"https:\\\/\\\/www.reclamador.es\\\/blog\\\/entrevistacristian-reclamador-de-aerolineas\\\/#primaryimage\",\"url\":\"https:\\\/\\\/i0.wp.com\\\/www.reclamador.es\\\/blog\\\/wp-content\\\/uploads\\\/2024\\\/03\\\/entrevista-cliente-aerolineas-Cristian-1200x630-3.jpg?fit=1200%2C630&ssl=1\",\"contentUrl\":\"https:\\\/\\\/i0.wp.com\\\/www.reclamador.es\\\/blog\\\/wp-content\\\/uploads\\\/2024\\\/03\\\/entrevista-cliente-aerolineas-Cristian-1200x630-3.jpg?fit=1200%2C630&ssl=1\",\"width\":1200,\"height\":630,\"caption\":\"Entrevista cliente reclamador de aerol\u00edneas\"},{\"@type\":\"BreadcrumbList\",\"@id\":\"https:\\\/\\\/www.reclamador.es\\\/blog\\\/entrevistacristian-reclamador-de-aerolineas\\\/#breadcrumb\",\"itemListElement\":[{\"@type\":\"ListItem\",\"position\":1,\"name\":\"Portada\",\"item\":\"https:\\\/\\\/www.reclamador.es\\\/blog\\\/\"},{\"@type\":\"ListItem\",\"position\":2,\"name\":\"Cristian, reclamador de aerol\u00edneas: \u201cEstoy muy satisfecho. Con el m\u00ednimo esfuerzo por mi parte y sin pagar nada por adelantado he conseguido ganar una reclamaci\u00f3n\u201d\"}]},{\"@type\":\"WebSite\",\"@id\":\"https:\\\/\\\/www.reclamador.es\\\/blog\\\/#website\",\"url\":\"https:\\\/\\\/www.reclamador.es\\\/blog\\\/\",\"name\":\"Rebeldes con causa, el blog de reclamador.es\",\"description\":\"Noticias, entrevistas y consejos sobre reclamaciones\",\"publisher\":{\"@id\":\"https:\\\/\\\/www.reclamador.es\\\/blog\\\/#organization\"},\"potentialAction\":[{\"@type\":\"SearchAction\",\"target\":{\"@type\":\"EntryPoint\",\"urlTemplate\":\"https:\\\/\\\/www.reclamador.es\\\/blog\\\/?s={search_term_string}\"},\"query-input\":{\"@type\":\"PropertyValueSpecification\",\"valueRequired\":true,\"valueName\":\"search_term_string\"}}],\"inLanguage\":\"es\"},{\"@type\":\"Organization\",\"@id\":\"https:\\\/\\\/www.reclamador.es\\\/blog\\\/#organization\",\"name\":\"reclamador.es\",\"url\":\"https:\\\/\\\/www.reclamador.es\\\/blog\\\/\",\"logo\":{\"@type\":\"ImageObject\",\"inLanguage\":\"es\",\"@id\":\"https:\\\/\\\/www.reclamador.es\\\/blog\\\/#\\\/schema\\\/logo\\\/image\\\/\",\"url\":\"https:\\\/\\\/i0.wp.com\\\/www.reclamador.es\\\/blog\\\/wp-content\\\/uploads\\\/2020\\\/01\\\/logo-reclamador.png?fit=1200%2C144&ssl=1\",\"contentUrl\":\"https:\\\/\\\/i0.wp.com\\\/www.reclamador.es\\\/blog\\\/wp-content\\\/uploads\\\/2020\\\/01\\\/logo-reclamador.png?fit=1200%2C144&ssl=1\",\"width\":1200,\"height\":144,\"caption\":\"reclamador.es\"},\"image\":{\"@id\":\"https:\\\/\\\/www.reclamador.es\\\/blog\\\/#\\\/schema\\\/logo\\\/image\\\/\"},\"sameAs\":[\"https:\\\/\\\/www.facebook.com\\\/reclamador.es\",\"https:\\\/\\\/x.com\\\/reclamador\",\"https:\\\/\\\/www.instagram.com\\\/reclamador.es\\\/\",\"https:\\\/\\\/www.linkedin.com\\\/company\\\/reclamador-es\",\"https:\\\/\\\/www.youtube.com\\\/user\\\/Reclamadores\"]},{\"@type\":\"Person\",\"@id\":\"https:\\\/\\\/www.reclamador.es\\\/blog\\\/#\\\/schema\\\/person\\\/c446a02b3fcf1607a8a2139c36fbe583\",\"name\":\"Cristina Naveda\",\"image\":{\"@type\":\"ImageObject\",\"inLanguage\":\"es\",\"@id\":\"https:\\\/\\\/secure.gravatar.com\\\/avatar\\\/1df04000ab560ffd4824a3ce70f826eb8bd6a9bfc6cc9097a363e6cd67f07ec0?s=96&d=mm&r=g\",\"url\":\"https:\\\/\\\/secure.gravatar.com\\\/avatar\\\/1df04000ab560ffd4824a3ce70f826eb8bd6a9bfc6cc9097a363e6cd67f07ec0?s=96&d=mm&r=g\",\"contentUrl\":\"https:\\\/\\\/secure.gravatar.com\\\/avatar\\\/1df04000ab560ffd4824a3ce70f826eb8bd6a9bfc6cc9097a363e6cd67f07ec0?s=96&d=mm&r=g\",\"caption\":\"Cristina Naveda\"},\"description\":\"Me encanta unir la informaci\u00f3n con las personas. Me esfuerzo para que reclamador haga bien esa uni\u00f3n desde el equipo de comunicaci\u00f3n.\",\"url\":\"https:\\\/\\\/www.reclamador.es\\\/blog\\\/author\\\/cristina\\\/\"}]}<\/script>\n<!-- \/ Yoast SEO plugin. -->","yoast_head_json":{"title":"Entrevista a Cristian, reclamador de aerol\u00edneas","description":"Cristian, reclamador de aerol\u00edneas. Lee la entrevista completa al cliente de reclamador.es que gan\u00f3 su indemnizaci\u00f3n por la huelga de Ryanair.","robots":{"index":"index","follow":"follow","max-snippet":"max-snippet:-1","max-image-preview":"max-image-preview:large","max-video-preview":"max-video-preview:-1"},"canonical":"https:\/\/www.reclamador.es\/blog\/entrevistacristian-reclamador-de-aerolineas\/","og_locale":"es_ES","og_type":"article","og_title":"Entrevista a Cristian, reclamador de aerol\u00edneas","og_description":"Cristian, reclamador de aerol\u00edneas. Lee la entrevista completa al cliente de reclamador.es que gan\u00f3 su indemnizaci\u00f3n por la huelga de Ryanair.","og_url":"https:\/\/www.reclamador.es\/blog\/entrevistacristian-reclamador-de-aerolineas\/","og_site_name":"Rebeldes con causa, el blog de reclamador.es","article_publisher":"https:\/\/www.facebook.com\/reclamador.es","article_published_time":"2024-03-14T11:37:41+00:00","article_modified_time":"2024-04-08T08:13:21+00:00","og_image":[{"width":1200,"height":630,"url":"https:\/\/i0.wp.com\/www.reclamador.es\/blog\/wp-content\/uploads\/2024\/03\/entrevista-cliente-aerolineas-Cristian-1200x630-3.jpg?fit=1200%2C630&ssl=1","type":"image\/jpeg"}],"author":"Cristina Naveda","twitter_card":"summary_large_image","twitter_creator":"@reclamador","twitter_site":"@reclamador","twitter_misc":{"Escrito por":"Cristina Naveda","Tiempo de lectura":"5 minutos"},"schema":{"@context":"https:\/\/schema.org","@graph":[{"@type":"Article","@id":"https:\/\/www.reclamador.es\/blog\/entrevistacristian-reclamador-de-aerolineas\/#article","isPartOf":{"@id":"https:\/\/www.reclamador.es\/blog\/entrevistacristian-reclamador-de-aerolineas\/"},"author":{"name":"Cristina Naveda","@id":"https:\/\/www.reclamador.es\/blog\/#\/schema\/person\/c446a02b3fcf1607a8a2139c36fbe583"},"headline":"Cristian, reclamador de aerol\u00edneas: \u201cEstoy muy satisfecho. Con el m\u00ednimo esfuerzo por mi parte y sin pagar nada por adelantado he conseguido ganar una reclamaci\u00f3n\u201d","datePublished":"2024-03-14T11:37:41+00:00","dateModified":"2024-04-08T08:13:21+00:00","mainEntityOfPage":{"@id":"https:\/\/www.reclamador.es\/blog\/entrevistacristian-reclamador-de-aerolineas\/"},"wordCount":1027,"commentCount":2,"publisher":{"@id":"https:\/\/www.reclamador.es\/blog\/#organization"},"image":{"@id":"https:\/\/www.reclamador.es\/blog\/entrevistacristian-reclamador-de-aerolineas\/#primaryimage"},"thumbnailUrl":"https:\/\/i0.wp.com\/www.reclamador.es\/blog\/wp-content\/uploads\/2024\/03\/entrevista-cliente-aerolineas-Cristian-1200x630-3.jpg?fit=1200%2C630&ssl=1","keywords":["aerol\u00edneas","clausula suelo","entrevista"],"articleSection":["Conoce todo lo que sucede en reclamador.es"],"inLanguage":"es","potentialAction":[{"@type":"CommentAction","name":"Comment","target":["https:\/\/www.reclamador.es\/blog\/entrevistacristian-reclamador-de-aerolineas\/#respond"]}]},{"@type":"WebPage","@id":"https:\/\/www.reclamador.es\/blog\/entrevistacristian-reclamador-de-aerolineas\/","url":"https:\/\/www.reclamador.es\/blog\/entrevistacristian-reclamador-de-aerolineas\/","name":"Entrevista a Cristian, reclamador de aerol\u00edneas","isPartOf":{"@id":"https:\/\/www.reclamador.es\/blog\/#website"},"primaryImageOfPage":{"@id":"https:\/\/www.reclamador.es\/blog\/entrevistacristian-reclamador-de-aerolineas\/#primaryimage"},"image":{"@id":"https:\/\/www.reclamador.es\/blog\/entrevistacristian-reclamador-de-aerolineas\/#primaryimage"},"thumbnailUrl":"https:\/\/i0.wp.com\/www.reclamador.es\/blog\/wp-content\/uploads\/2024\/03\/entrevista-cliente-aerolineas-Cristian-1200x630-3.jpg?fit=1200%2C630&ssl=1","datePublished":"2024-03-14T11:37:41+00:00","dateModified":"2024-04-08T08:13:21+00:00","description":"Cristian, reclamador de aerol\u00edneas. Lee la entrevista completa al cliente de reclamador.es que gan\u00f3 su indemnizaci\u00f3n por la huelga de Ryanair.","breadcrumb":{"@id":"https:\/\/www.reclamador.es\/blog\/entrevistacristian-reclamador-de-aerolineas\/#breadcrumb"},"inLanguage":"es","potentialAction":[{"@type":"ReadAction","target":["https:\/\/www.reclamador.es\/blog\/entrevistacristian-reclamador-de-aerolineas\/"]}]},{"@type":"ImageObject","inLanguage":"es","@id":"https:\/\/www.reclamador.es\/blog\/entrevistacristian-reclamador-de-aerolineas\/#primaryimage","url":"https:\/\/i0.wp.com\/www.reclamador.es\/blog\/wp-content\/uploads\/2024\/03\/entrevista-cliente-aerolineas-Cristian-1200x630-3.jpg?fit=1200%2C630&ssl=1","contentUrl":"https:\/\/i0.wp.com\/www.reclamador.es\/blog\/wp-content\/uploads\/2024\/03\/entrevista-cliente-aerolineas-Cristian-1200x630-3.jpg?fit=1200%2C630&ssl=1","width":1200,"height":630,"caption":"Entrevista cliente reclamador de aerol\u00edneas"},{"@type":"BreadcrumbList","@id":"https:\/\/www.reclamador.es\/blog\/entrevistacristian-reclamador-de-aerolineas\/#breadcrumb","itemListElement":[{"@type":"ListItem","position":1,"name":"Portada","item":"https:\/\/www.reclamador.es\/blog\/"},{"@type":"ListItem","position":2,"name":"Cristian, reclamador de aerol\u00edneas: \u201cEstoy muy satisfecho. Con el m\u00ednimo esfuerzo por mi parte y sin pagar nada por adelantado he conseguido ganar una reclamaci\u00f3n\u201d"}]},{"@type":"WebSite","@id":"https:\/\/www.reclamador.es\/blog\/#website","url":"https:\/\/www.reclamador.es\/blog\/","name":"Rebeldes con causa, el blog de reclamador.es","description":"Noticias, entrevistas y consejos sobre reclamaciones","publisher":{"@id":"https:\/\/www.reclamador.es\/blog\/#organization"},"potentialAction":[{"@type":"SearchAction","target":{"@type":"EntryPoint","urlTemplate":"https:\/\/www.reclamador.es\/blog\/?s={search_term_string}"},"query-input":{"@type":"PropertyValueSpecification","valueRequired":true,"valueName":"search_term_string"}}],"inLanguage":"es"},{"@type":"Organization","@id":"https:\/\/www.reclamador.es\/blog\/#organization","name":"reclamador.es","url":"https:\/\/www.reclamador.es\/blog\/","logo":{"@type":"ImageObject","inLanguage":"es","@id":"https:\/\/www.reclamador.es\/blog\/#\/schema\/logo\/image\/","url":"https:\/\/i0.wp.com\/www.reclamador.es\/blog\/wp-content\/uploads\/2020\/01\/logo-reclamador.png?fit=1200%2C144&ssl=1","contentUrl":"https:\/\/i0.wp.com\/www.reclamador.es\/blog\/wp-content\/uploads\/2020\/01\/logo-reclamador.png?fit=1200%2C144&ssl=1","width":1200,"height":144,"caption":"reclamador.es"},"image":{"@id":"https:\/\/www.reclamador.es\/blog\/#\/schema\/logo\/image\/"},"sameAs":["https:\/\/www.facebook.com\/reclamador.es","https:\/\/x.com\/reclamador","https:\/\/www.instagram.com\/reclamador.es\/","https:\/\/www.linkedin.com\/company\/reclamador-es","https:\/\/www.youtube.com\/user\/Reclamadores"]},{"@type":"Person","@id":"https:\/\/www.reclamador.es\/blog\/#\/schema\/person\/c446a02b3fcf1607a8a2139c36fbe583","name":"Cristina Naveda","image":{"@type":"ImageObject","inLanguage":"es","@id":"https:\/\/secure.gravatar.com\/avatar\/1df04000ab560ffd4824a3ce70f826eb8bd6a9bfc6cc9097a363e6cd67f07ec0?s=96&d=mm&r=g","url":"https:\/\/secure.gravatar.com\/avatar\/1df04000ab560ffd4824a3ce70f826eb8bd6a9bfc6cc9097a363e6cd67f07ec0?s=96&d=mm&r=g","contentUrl":"https:\/\/secure.gravatar.com\/avatar\/1df04000ab560ffd4824a3ce70f826eb8bd6a9bfc6cc9097a363e6cd67f07ec0?s=96&d=mm&r=g","caption":"Cristina Naveda"},"description":"Me encanta unir la informaci\u00f3n con las personas. Me esfuerzo para que reclamador haga bien esa uni\u00f3n desde el equipo de comunicaci\u00f3n.","url":"https:\/\/www.reclamador.es\/blog\/author\/cristina\/"}]}},"jetpack_featured_media_url":"https:\/\/i0.wp.com\/www.reclamador.es\/blog\/wp-content\/uploads\/2024\/03\/entrevista-cliente-aerolineas-Cristian-1200x630-3.jpg?fit=1200%2C630&ssl=1","jetpack-related-posts":[{"id":33594,"url":"https:\/\/www.reclamador.es\/blog\/entrevista-ruben-reclamador-de-aerolineas-retraso\/","url_meta":{"origin":32099,"position":0},"title":"Rub\u00e9n, reclamador de aerol\u00edneas: \"Me han mantenido informado en todo momento y han sido \u00e1giles y efectivos en su respuesta\"","author":"Cristina Naveda","date":"13 enero, 2025","format":false,"excerpt":"Hoy tenemos el placer de charlar con Rub\u00e9n Figueras (Barcelona, 1964). Abogado en ejercicio, a sus 60 a\u00f1os, nos cuenta que dedica su tiempo libre a \u201ccomer bien\u201d, a escaparse a casas rurales y a descansar junto a sus seres queridos. Ha conseguido, de la mano del equipo legal de\u2026","rel":"","context":"En \u00abConoce todo lo que sucede en reclamador.es\u00bb","block_context":{"text":"Conoce todo lo que sucede en reclamador.es","link":"https:\/\/www.reclamador.es\/blog\/reclamadores\/"},"img":{"alt_text":"entrevista a reclamador de aerolineas por retraso de vuelo","src":"https:\/\/i0.wp.com\/www.reclamador.es\/blog\/wp-content\/uploads\/2025\/01\/entrevista-cliente-aerolineas-Ruben-Figueras-1200x630-1.jpg?fit=1200%2C630&ssl=1&resize=350%2C200","width":350,"height":200,"srcset":"https:\/\/i0.wp.com\/www.reclamador.es\/blog\/wp-content\/uploads\/2025\/01\/entrevista-cliente-aerolineas-Ruben-Figueras-1200x630-1.jpg?fit=1200%2C630&ssl=1&resize=350%2C200 1x, https:\/\/i0.wp.com\/www.reclamador.es\/blog\/wp-content\/uploads\/2025\/01\/entrevista-cliente-aerolineas-Ruben-Figueras-1200x630-1.jpg?fit=1200%2C630&ssl=1&resize=525%2C300 1.5x, https:\/\/i0.wp.com\/www.reclamador.es\/blog\/wp-content\/uploads\/2025\/01\/entrevista-cliente-aerolineas-Ruben-Figueras-1200x630-1.jpg?fit=1200%2C630&ssl=1&resize=700%2C400 2x, https:\/\/i0.wp.com\/www.reclamador.es\/blog\/wp-content\/uploads\/2025\/01\/entrevista-cliente-aerolineas-Ruben-Figueras-1200x630-1.jpg?fit=1200%2C630&ssl=1&resize=1050%2C600 3x"},"classes":[]},{"id":31937,"url":"https:\/\/www.reclamador.es\/blog\/entrevista-alvaro-reclamador-de-aerolineas-vueling\/","url_meta":{"origin":32099,"position":1},"title":"\u00c1lvaro, reclamador de aerol\u00edneas: \u201ccuanto termin\u00f3 el viaje decid\u00ed reclamar el retraso del vuelo a Vueling, y pas\u00f3 de m\u00ed. Hasta que encontr\u00e9 reclamador.es\u201d","author":"Cristina Naveda","date":"2 febrero, 2024","format":false,"excerpt":"Hoy entrevistamos a \u00c1lvaro Cejas, (C\u00f3rdoba, 1994) quien ha reclamado con nosotros un gran retraso con la compa\u00f1\u00eda Vueling y ha obtenido 250 euros de indemnizaci\u00f3n. \u00c1lvaro no dud\u00f3 en darle una lecci\u00f3n a la compa\u00f1\u00eda a\u00e9rea, la cual le hab\u00eda negado su compensaci\u00f3n econ\u00f3mica en un principio. Despu\u00e9s de\u2026","rel":"","context":"En \u00abConoce todo lo que sucede en reclamador.es\u00bb","block_context":{"text":"Conoce todo lo que sucede en reclamador.es","link":"https:\/\/www.reclamador.es\/blog\/reclamadores\/"},"img":{"alt_text":"entrevista opinion cliente de aerolineas de reclamador","src":"https:\/\/i0.wp.com\/www.reclamador.es\/blog\/wp-content\/uploads\/2024\/02\/entrevista-cliente-aerolineas-Alvaro-1200x630-2.jpg?fit=1200%2C630&ssl=1&resize=350%2C200","width":350,"height":200,"srcset":"https:\/\/i0.wp.com\/www.reclamador.es\/blog\/wp-content\/uploads\/2024\/02\/entrevista-cliente-aerolineas-Alvaro-1200x630-2.jpg?fit=1200%2C630&ssl=1&resize=350%2C200 1x, https:\/\/i0.wp.com\/www.reclamador.es\/blog\/wp-content\/uploads\/2024\/02\/entrevista-cliente-aerolineas-Alvaro-1200x630-2.jpg?fit=1200%2C630&ssl=1&resize=525%2C300 1.5x, https:\/\/i0.wp.com\/www.reclamador.es\/blog\/wp-content\/uploads\/2024\/02\/entrevista-cliente-aerolineas-Alvaro-1200x630-2.jpg?fit=1200%2C630&ssl=1&resize=700%2C400 2x, https:\/\/i0.wp.com\/www.reclamador.es\/blog\/wp-content\/uploads\/2024\/02\/entrevista-cliente-aerolineas-Alvaro-1200x630-2.jpg?fit=1200%2C630&ssl=1&resize=1050%2C600 3x"},"classes":[]},{"id":32026,"url":"https:\/\/www.reclamador.es\/blog\/entrevista-pedro-cliente-de-aerolineas-de-reclamador\/","url_meta":{"origin":32099,"position":2},"title":"Pedro, reclamador de aerol\u00edneas: \u201cdespu\u00e9s de la frustraci\u00f3n que es quedarte en tierra, nunca pens\u00e9 que podr\u00eda recuperar parte del dinero invertido\u201d","author":"Cristina Naveda","date":"29 febrero, 2024","format":false,"excerpt":"Hoy, en nuestra secci\u00f3n de entrevistas charlamos con Pedro, quien sufri\u00f3 una cancelaci\u00f3n en un viaje a Estados Unidos. Un viaje muy especial, bien preparado, nos cuenta, donde hab\u00eda puesto muchas ganas e ilusi\u00f3n, y lo m\u00e1s importante, con una compa\u00f1\u00eda fant\u00e1stica: sus hijas.\u00a0 Sin embargo, ni siquiera mimando todos\u2026","rel":"","context":"En \u00abConoce todo lo que sucede en reclamador.es\u00bb","block_context":{"text":"Conoce todo lo que sucede en reclamador.es","link":"https:\/\/www.reclamador.es\/blog\/reclamadores\/"},"img":{"alt_text":"entrevista cliente aerolineas cancelacion vuelo","src":"https:\/\/i0.wp.com\/www.reclamador.es\/blog\/wp-content\/uploads\/2024\/02\/entrevista-cliente-aerolineas-Pedro-1200x630-1.jpg?fit=1200%2C630&ssl=1&resize=350%2C200","width":350,"height":200,"srcset":"https:\/\/i0.wp.com\/www.reclamador.es\/blog\/wp-content\/uploads\/2024\/02\/entrevista-cliente-aerolineas-Pedro-1200x630-1.jpg?fit=1200%2C630&ssl=1&resize=350%2C200 1x, https:\/\/i0.wp.com\/www.reclamador.es\/blog\/wp-content\/uploads\/2024\/02\/entrevista-cliente-aerolineas-Pedro-1200x630-1.jpg?fit=1200%2C630&ssl=1&resize=525%2C300 1.5x, https:\/\/i0.wp.com\/www.reclamador.es\/blog\/wp-content\/uploads\/2024\/02\/entrevista-cliente-aerolineas-Pedro-1200x630-1.jpg?fit=1200%2C630&ssl=1&resize=700%2C400 2x, https:\/\/i0.wp.com\/www.reclamador.es\/blog\/wp-content\/uploads\/2024\/02\/entrevista-cliente-aerolineas-Pedro-1200x630-1.jpg?fit=1200%2C630&ssl=1&resize=1050%2C600 3x"},"classes":[]},{"id":16639,"url":"https:\/\/www.reclamador.es\/blog\/entrevista-aerolineas-noemi-estrada\/","url_meta":{"origin":32099,"position":3},"title":"\"Reclam\u00e9 directamente a Air Europa y a\u00fan estoy esperando que me contesten\u2026\u201d","author":"Cristina Naveda","date":"3 enero, 2018","format":false,"excerpt":"Esta semana charlamos con\u00a0Noemi Estrada (54 a\u00f1os, Barcelona) para conocer c\u00f3mo han sido sus tres reclamaciones a\u00e9reas gestionadas a trav\u00e9s de nosotros: ha reclamado problemas en sus vuelos con Air Europa, vueling y Norwegian. Esta broker inmobiliaria adora viajar y hoy nos cuenta sus m\u00faltiples periplos con las aerol\u00edneas y\u2026","rel":"","context":"En \u00abConoce todo lo que sucede en reclamador.es\u00bb","block_context":{"text":"Conoce todo lo que sucede en reclamador.es","link":"https:\/\/www.reclamador.es\/blog\/reclamadores\/"},"img":{"alt_text":"","src":"https:\/\/i0.wp.com\/www.reclamador.es\/blog\/wp-content\/uploads\/2018\/01\/noemiestrada1200-min.png?fit=1200%2C800&ssl=1&resize=350%2C200","width":350,"height":200,"srcset":"https:\/\/i0.wp.com\/www.reclamador.es\/blog\/wp-content\/uploads\/2018\/01\/noemiestrada1200-min.png?fit=1200%2C800&ssl=1&resize=350%2C200 1x, https:\/\/i0.wp.com\/www.reclamador.es\/blog\/wp-content\/uploads\/2018\/01\/noemiestrada1200-min.png?fit=1200%2C800&ssl=1&resize=525%2C300 1.5x, https:\/\/i0.wp.com\/www.reclamador.es\/blog\/wp-content\/uploads\/2018\/01\/noemiestrada1200-min.png?fit=1200%2C800&ssl=1&resize=700%2C400 2x, https:\/\/i0.wp.com\/www.reclamador.es\/blog\/wp-content\/uploads\/2018\/01\/noemiestrada1200-min.png?fit=1200%2C800&ssl=1&resize=1050%2C600 3x"},"classes":[]},{"id":33988,"url":"https:\/\/www.reclamador.es\/blog\/entrevista-santiago-reclamador-de-aerolineas-retraso-de-vuelo-de-ryanair\/","url_meta":{"origin":32099,"position":4},"title":"Santiago, reclamador de aerol\u00edneas: \u201cSab\u00eda que si ten\u00eda que confiar en alguien para resolver el incidente con Ryanair, ese era el equipo de reclamador.es\u201d","author":"Cristina Naveda","date":"14 abril, 2025","format":false,"excerpt":"Hoy charlamos con Santiago Francisco, para que nos cuente m\u00e1s acerca de su reclamaci\u00f3n a Ryanair. Santiago tiene 49 a\u00f1os y es de Lugo. Trabaja en banca y en su tiempo libre practica el running. Est\u00e1 casado y tiene dos hijas, de 12 y 14 a\u00f1os. Es una familia muy\u2026","rel":"","context":"En \u00abConoce todo lo que sucede en reclamador.es\u00bb","block_context":{"text":"Conoce todo lo que sucede en reclamador.es","link":"https:\/\/www.reclamador.es\/blog\/reclamadores\/"},"img":{"alt_text":"entrevista caso \u00e9xito reclamacion a ryanair por retraso de vuelo con reclamador.es","src":"https:\/\/i0.wp.com\/www.reclamador.es\/blog\/wp-content\/uploads\/2025\/04\/entrevista-cliente-aerolineas-santiago-francisco-1200x630-1.jpg?fit=1200%2C630&ssl=1&resize=350%2C200","width":350,"height":200,"srcset":"https:\/\/i0.wp.com\/www.reclamador.es\/blog\/wp-content\/uploads\/2025\/04\/entrevista-cliente-aerolineas-santiago-francisco-1200x630-1.jpg?fit=1200%2C630&ssl=1&resize=350%2C200 1x, https:\/\/i0.wp.com\/www.reclamador.es\/blog\/wp-content\/uploads\/2025\/04\/entrevista-cliente-aerolineas-santiago-francisco-1200x630-1.jpg?fit=1200%2C630&ssl=1&resize=525%2C300 1.5x, https:\/\/i0.wp.com\/www.reclamador.es\/blog\/wp-content\/uploads\/2025\/04\/entrevista-cliente-aerolineas-santiago-francisco-1200x630-1.jpg?fit=1200%2C630&ssl=1&resize=700%2C400 2x, https:\/\/i0.wp.com\/www.reclamador.es\/blog\/wp-content\/uploads\/2025\/04\/entrevista-cliente-aerolineas-santiago-francisco-1200x630-1.jpg?fit=1200%2C630&ssl=1&resize=1050%2C600 3x"},"classes":[]},{"id":33731,"url":"https:\/\/www.reclamador.es\/blog\/entrevista-clienta-reclamadora-de-vueling-con-reclamador\/","url_meta":{"origin":32099,"position":5},"title":"Camilla Ribeiro, reclamadora de aerol\u00edneas: \u201cLa plataforma reclamador.es es muy completa y funciona muy bien\u201d","author":"Cristina Naveda","date":"20 febrero, 2025","format":false,"excerpt":"Hoy hemos hablado con Camilla Ribeiro (Brasil, 1996), una de nuestras clientas reclamadoras de aerol\u00edneas. Camilla nos cuenta que teletrabaja para una empresa de ingenier\u00eda y energ\u00edas y que tiene la costumbre de viajar mucho. Vive en Tenerife y tiene una segunda residencia en Asturias. Entrevista a reclamadora de Vueling\u2026","rel":"","context":"En \u00abConoce todo lo que sucede en reclamador.es\u00bb","block_context":{"text":"Conoce todo lo que sucede en reclamador.es","link":"https:\/\/www.reclamador.es\/blog\/reclamadores\/"},"img":{"alt_text":"vuelo cancelado reclamador de vueling","src":"https:\/\/i0.wp.com\/www.reclamador.es\/blog\/wp-content\/uploads\/2025\/02\/entrevista-cliente-aerolineas-Camilla-Ribeiro-1200x630-1.jpg?fit=1200%2C630&ssl=1&resize=350%2C200","width":350,"height":200,"srcset":"https:\/\/i0.wp.com\/www.reclamador.es\/blog\/wp-content\/uploads\/2025\/02\/entrevista-cliente-aerolineas-Camilla-Ribeiro-1200x630-1.jpg?fit=1200%2C630&ssl=1&resize=350%2C200 1x, https:\/\/i0.wp.com\/www.reclamador.es\/blog\/wp-content\/uploads\/2025\/02\/entrevista-cliente-aerolineas-Camilla-Ribeiro-1200x630-1.jpg?fit=1200%2C630&ssl=1&resize=525%2C300 1.5x, https:\/\/i0.wp.com\/www.reclamador.es\/blog\/wp-content\/uploads\/2025\/02\/entrevista-cliente-aerolineas-Camilla-Ribeiro-1200x630-1.jpg?fit=1200%2C630&ssl=1&resize=700%2C400 2x, https:\/\/i0.wp.com\/www.reclamador.es\/blog\/wp-content\/uploads\/2025\/02\/entrevista-cliente-aerolineas-Camilla-Ribeiro-1200x630-1.jpg?fit=1200%2C630&ssl=1&resize=1050%2C600 3x"},"classes":[]}],"jetpack_sharing_enabled":true,"_links":{"self":[{"href":"https:\/\/www.reclamador.es\/blog\/wp-json\/wp\/v2\/posts\/32099","targetHints":{"allow":["GET"]}}],"collection":[{"href":"https:\/\/www.reclamador.es\/blog\/wp-json\/wp\/v2\/posts"}],"about":[{"href":"https:\/\/www.reclamador.es\/blog\/wp-json\/wp\/v2\/types\/post"}],"author":[{"embeddable":true,"href":"https:\/\/www.reclamador.es\/blog\/wp-json\/wp\/v2\/users\/3"}],"replies":[{"embeddable":true,"href":"https:\/\/www.reclamador.es\/blog\/wp-json\/wp\/v2\/comments?post=32099"}],"version-history":[{"count":7,"href":"https:\/\/www.reclamador.es\/blog\/wp-json\/wp\/v2\/posts\/32099\/revisions"}],"predecessor-version":[{"id":32217,"href":"https:\/\/www.reclamador.es\/blog\/wp-json\/wp\/v2\/posts\/32099\/revisions\/32217"}],"wp:featuredmedia":[{"embeddable":true,"href":"https:\/\/www.reclamador.es\/blog\/wp-json\/wp\/v2\/media\/32155"}],"wp:attachment":[{"href":"https:\/\/www.reclamador.es\/blog\/wp-json\/wp\/v2\/media?parent=32099"}],"wp:term":[{"taxonomy":"category","embeddable":true,"href":"https:\/\/www.reclamador.es\/blog\/wp-json\/wp\/v2\/categories?post=32099"},{"taxonomy":"post_tag","embeddable":true,"href":"https:\/\/www.reclamador.es\/blog\/wp-json\/wp\/v2\/tags?post=32099"}],"curies":[{"name":"wp","href":"https:\/\/api.w.org\/{rel}","templated":true}]}}