{"id":31937,"date":"2024-02-02T09:38:05","date_gmt":"2024-02-02T08:38:05","guid":{"rendered":"https:\/\/www.reclamador.es\/blog\/?p=31937"},"modified":"2024-02-02T09:39:02","modified_gmt":"2024-02-02T08:39:02","slug":"entrevista-alvaro-reclamador-de-aerolineas-vueling","status":"publish","type":"post","link":"https:\/\/www.reclamador.es\/blog\/entrevista-alvaro-reclamador-de-aerolineas-vueling\/","title":{"rendered":"\u00c1lvaro, reclamador de aerol\u00edneas: \u201ccuanto termin\u00f3 el viaje decid\u00ed reclamar el retraso del vuelo a Vueling, y pas\u00f3 de m\u00ed. Hasta que encontr\u00e9 reclamador.es\u201d"},"content":{"rendered":"<div class=\"ttr_start\"><\/div>\n\n<div class=\"kk-star-ratings kksr-auto kksr-align-right kksr-valign-top\"\n    data-payload='{&quot;align&quot;:&quot;right&quot;,&quot;id&quot;:&quot;31937&quot;,&quot;slug&quot;:&quot;default&quot;,&quot;valign&quot;:&quot;top&quot;,&quot;ignore&quot;:&quot;&quot;,&quot;reference&quot;:&quot;auto&quot;,&quot;class&quot;:&quot;&quot;,&quot;count&quot;:&quot;0&quot;,&quot;legendonly&quot;:&quot;&quot;,&quot;readonly&quot;:&quot;&quot;,&quot;score&quot;:&quot;0&quot;,&quot;starsonly&quot;:&quot;&quot;,&quot;best&quot;:&quot;5&quot;,&quot;gap&quot;:&quot;3&quot;,&quot;greet&quot;:&quot;Valora este art\u00edculo&quot;,&quot;legend&quot;:&quot;0\\\/5 - (0 votos)&quot;,&quot;size&quot;:&quot;20&quot;,&quot;title&quot;:&quot;\u00c1lvaro, reclamador de aerol\u00edneas: \u201ccuanto termin\u00f3 el viaje decid\u00ed reclamar el retraso del vuelo a Vueling, y pas\u00f3 de m\u00ed. Hasta que encontr\u00e9 reclamador.es\u201d&quot;,&quot;width&quot;:&quot;0&quot;,&quot;_legend&quot;:&quot;{score}\\\/{best} - ({count} {votes})&quot;,&quot;font_factor&quot;:&quot;1.25&quot;}'>\n            \n<div class=\"kksr-stars\">\n    \n<div class=\"kksr-stars-inactive\">\n            <div class=\"kksr-star\" data-star=\"1\" style=\"padding-right: 3px\">\n            \n\n<div class=\"kksr-icon\" style=\"width: 20px; height: 20px;\"><\/div>\n        <\/div>\n            <div class=\"kksr-star\" data-star=\"2\" style=\"padding-right: 3px\">\n            \n\n<div class=\"kksr-icon\" style=\"width: 20px; height: 20px;\"><\/div>\n        <\/div>\n            <div class=\"kksr-star\" data-star=\"3\" style=\"padding-right: 3px\">\n            \n\n<div class=\"kksr-icon\" style=\"width: 20px; height: 20px;\"><\/div>\n        <\/div>\n            <div class=\"kksr-star\" data-star=\"4\" style=\"padding-right: 3px\">\n            \n\n<div class=\"kksr-icon\" style=\"width: 20px; height: 20px;\"><\/div>\n        <\/div>\n            <div class=\"kksr-star\" data-star=\"5\" style=\"padding-right: 3px\">\n            \n\n<div class=\"kksr-icon\" style=\"width: 20px; height: 20px;\"><\/div>\n        <\/div>\n    <\/div>\n    \n<div class=\"kksr-stars-active\" style=\"width: 0px;\">\n            <div class=\"kksr-star\" style=\"padding-right: 3px\">\n            \n\n<div class=\"kksr-icon\" style=\"width: 20px; height: 20px;\"><\/div>\n        <\/div>\n            <div class=\"kksr-star\" style=\"padding-right: 3px\">\n            \n\n<div class=\"kksr-icon\" style=\"width: 20px; height: 20px;\"><\/div>\n        <\/div>\n            <div class=\"kksr-star\" style=\"padding-right: 3px\">\n            \n\n<div class=\"kksr-icon\" style=\"width: 20px; height: 20px;\"><\/div>\n        <\/div>\n            <div class=\"kksr-star\" style=\"padding-right: 3px\">\n            \n\n<div class=\"kksr-icon\" style=\"width: 20px; height: 20px;\"><\/div>\n        <\/div>\n            <div class=\"kksr-star\" style=\"padding-right: 3px\">\n            \n\n<div class=\"kksr-icon\" style=\"width: 20px; height: 20px;\"><\/div>\n        <\/div>\n    <\/div>\n<\/div>\n                \n\n<div class=\"kksr-legend\" style=\"font-size: 16px;\">\n            <span class=\"kksr-muted\">Valora este art\u00edculo<\/span>\n    <\/div>\n    <\/div>\n\n<figure id=\"attachment_31939\" aria-describedby=\"caption-attachment-31939\" style=\"width: 1200px\" class=\"wp-caption aligncenter\"><img data-recalc-dims=\"1\" loading=\"lazy\" decoding=\"async\" class=\"size-full wp-image-31939\" src=\"https:\/\/i0.wp.com\/www.reclamador.es\/blog\/wp-content\/uploads\/2024\/02\/entrevista-cliente-aerolineas-Alvaro-1200x630-2.jpg?resize=1200%2C675&#038;ssl=1\" alt=\"entrevista opinion cliente de aerolineas de reclamador\" width=\"1200\" height=\"675\" \/><figcaption id=\"caption-attachment-31939\" class=\"wp-caption-text\"><em>Entrevista cliente de aerol\u00edneas de reclamador.es<\/em><\/figcaption><\/figure>\n<p><span style=\"font-weight: 400;\">Hoy entrevistamos a \u00c1lvaro Cejas, (C\u00f3rdoba, 1994) quien ha reclamado con nosotros un gran <a href=\"https:\/\/www.reclamador.es\/aerolineas\/retraso-vuelo\/vueling\/\"><strong>retraso con la compa\u00f1\u00eda<\/strong> <strong>Vueling<\/strong><\/a> y <strong>ha obtenido 250 euros de indemnizaci\u00f3n<\/strong>. \u00c1lvaro no dud\u00f3 en darle una lecci\u00f3n a la compa\u00f1\u00eda a\u00e9rea, la cual le hab\u00eda negado su compensaci\u00f3n econ\u00f3mica en un principio. Despu\u00e9s de esto desconfiaba poder ganar pero no se rindi\u00f3 y se puso en contacto con nosotros. No ten\u00eda nada m\u00e1s que perder y mucho que ganar, ya que la reclamaci\u00f3n a trav\u00e9s de nuestra web no tiene costes iniciales. Y hoy se alegra de haber dado ese paso.\u00a0<\/span><\/p>\n<p><span style=\"font-weight: 400;\">Se mueve como pez en el agua en esto de las entrevistas, ya que es periodista, y lo demuestra en la charla que nos ha concedido y de la que pod\u00e9is disfrutar a continuaci\u00f3n.<\/span><\/p>\n<p><span style=\"font-weight: 400;\">\u00c1lvaro nos cuenta que le encanta viajar y el cine. Su tiempo libre es sobre todo para descansar porque dice que tiene \u201cmuy poco\u201d, y tambi\u00e9n para descubrir nuevos pa\u00edses y disfrutar con los amigos. Entre risas, nos confiesa que tambi\u00e9n le gusta \u201csalir mucho\u201d. A sus 29 a\u00f1os reci\u00e9n cumplidos se ha convertido en un emprendedor en el mundo del marketing. Despu\u00e9s de haber completado sus estudios de Periodismo\u00a0 en la Universidad Complutense y haber vivido m\u00e1s de 10 a\u00f1os en Madrid, donde sigui\u00f3 form\u00e1ndose, ahora ha vuelto a su tierra, a Andaluc\u00eda, para ejercer de\u00a0 agente digitalizador del programa kit digital.<\/span><\/p>\n<h3><b>Hola \u00c1lvaro, nos gustar\u00eda que nos contaras tu historia del retraso con Vueling. \u00bfViajabas solo? \u00bfEra ocio o trabajo?<\/b><\/h3>\n<p><span style=\"font-weight: 400;\">Hola Cristina, s\u00ed, os voy a contar un poquito <strong>c\u00f3mo conoc\u00ed a reclamador.e<\/strong>s y c\u00f3mo me hab\u00e9is facilitado la gesti\u00f3n por el <strong>retraso de casi 5 horas, en el Aeropuerto de M\u00e1laga, cuando volaba a Barcelona.\u00a0<\/strong><\/span><\/p>\n<p><span style=\"font-weight: 400;\">Era finales de octubre, y qued\u00e9 con una amiga para pasar unos d\u00edas all\u00ed, y lo que comenz\u00f3 como un super viaje, pues acab\u00f3 esperando 5 horas all\u00ed\u2026<\/span><\/p>\n<h3><b>\u00bfCu\u00e1l fue el motivo?<\/b><\/h3>\n<p><span style=\"font-weight: 400;\">No nos dieron ninguna explicaci\u00f3n. Nos dijeron que el retraso era por motivos ajenos a <a href=\"https:\/\/www.reclamador.es\/aerolineas\/vueling\/\">Vueling<\/a>, pero realmente se trat\u00f3 de una incidencia t\u00e9cnica. Seg\u00fan nos coment\u00f3 luego el piloto, hubo un problema con el avi\u00f3n, y el m\u00e1s cercano que pod\u00eda venir a por nosotros era uno que estaba en Las Palmas de Gran Canaria, por lo que hubo que esperar m\u00e1s de 4 horas hasta que conseguimos despegar&#8230;<\/span><\/p>\n<h3><b>\u00bfQu\u00e9 sentiste en ese momento? \u00bfAlguien de la compa\u00f1\u00eda a\u00e9rea te ayud\u00f3?<\/b><\/h3>\n<p><span style=\"font-weight: 400;\">Estuvimos desamparados, nadie nos ayud\u00f3. Solo nos dieron un ticket de 3 euros para consumir, all\u00ed.\u00a0<\/span><\/p>\n<h3><b>\u00bfY qu\u00e9 hiciste mientras?<\/b><\/h3>\n<p><span style=\"font-weight: 400;\">Hablar con el resto de viajeros y poco m\u00e1s.<\/span><\/p>\n<h3><b>En ese momento, \u00bfqu\u00e9 fue lo que m\u00e1s te molest\u00f3?<\/b><\/h3>\n<p><span style=\"font-weight: 400;\">Que iba a llegar a Barcelona tarde, y que mis amigas ya estar\u00edan en la calle. Adem\u00e1s ten\u00eda que pasar antes por el hotel a dejar las maletas etc\u2026 Todo se iba a ir retrasando.<\/span><\/p>\n<h3><b>\u00bfCu\u00e1ndo te planteaste el reclamar?\u00a0<\/b><\/h3>\n<p><span style=\"font-weight: 400;\">Al volver del viaje.<\/span><\/p>\n<h3><b>\u00bfIntentaste primero contactar con la aerol\u00ednea y reclamarle directamente?<\/b><\/h3>\n<p><span style=\"font-weight: 400;\">S\u00ed.<\/span> <span style=\"font-weight: 400;\">Cuando termin\u00f3 el viaje decid\u00ed reclamar el retraso del vuelo a Vueling y pas\u00f3 totalmente de m\u00ed. Me dijeron que no pod\u00eda reclamarlo, que no ten\u00eda derecho a reclamaci\u00f3n. Y yo hab\u00eda le\u00eddo que s\u00ed. Total que me dispuse a buscar por Internet diferentes soluciones, hasta que encontr\u00e9 a reclamador.es.\u00a0<\/span><\/p>\n<h3><b>\u00bfQu\u00e9 es lo que m\u00e1s te ha gustado de todo el proceso de reclamar con nosotros?<\/b><\/h3>\n<p><span style=\"font-weight: 400;\">La web. Me inspir\u00f3 much\u00edsima confianza. Vi super f\u00e1cil reclamar. Solo ten\u00eda que rellenar unos datos y subir mi billete y poco m\u00e1s. Adem\u00e1s, el equipo me asegur\u00f3 que para m\u00ed no iba a tener ning\u00fan coste adicional, y as\u00ed ha sido.\u00a0<\/span><\/p>\n<blockquote>\n<p><i><span style=\"font-weight: 400;\">\u201cSi tuviera que definiros,\u00a0<\/span><\/i><i><span style=\"font-weight: 400;\">no ser\u00eda con una palabra,\u00a0<\/span><\/i><i><span style=\"font-weight: 400;\">ser\u00eda con dos: compromiso y confianza\u201d<\/span><\/i><\/p>\n<\/blockquote>\n<h3>\u00a0<\/h3>\n<h3><b>\u00bfConfiabas en ganar tu reclamaci\u00f3n a Vueling?<\/b><\/h3>\n<p><span style=\"font-weight: 400;\">No confiaba para nada en ganar la reclamaci\u00f3n. Y ahora, \u00a1en pocos d\u00edas voy a recibir mi dinero gracias a reclamador.es!<\/span><\/p>\n<h3><b>Si tuvieras que definirnos en una palabra, \u00bfqu\u00e9 dir\u00edas que somos?<\/b><\/h3>\n<p><span style=\"font-weight: 400;\">Si tuviera que definiros, no ser\u00eda con una palabra, ser\u00eda con dos: compromiso y confianza. Es as\u00ed.\u00a0<\/span><\/p>\n<h3><b>Entonces, \u00bfrecomendar\u00edas a reclamador.es?<\/b><\/h3>\n<p><span style=\"font-weight: 400;\">Se lo recomendar\u00eda a todo el mundo.\u00a0<\/span><\/p>\n<h3><b>Vamos con un par de cuestiones personales para conocerte un poco m\u00e1s. \u00bfUn lugar donde te sientas como en casa?<\/b><\/h3>\n<p><span style=\"font-weight: 400;\">Me siento en casa en un bar de aqu\u00ed de Lucena, el Moma Caf\u00e9 y Copas, que es de unos amigos. Estar all\u00ed es como estar en casa. Y en Torremolinos me siento genial. Mis padres tienen un piso all\u00ed y veraneamos.<\/span><\/p>\n<h3><b>Para finalizar, \u00bfnos cuentas un viaje que te haya marcado?<\/b><\/h3>\n<p><span style=\"font-weight: 400;\">Un viaje que me ha marcado es un viaje que hice en coche durante 21 d\u00edas por Francia y Holanda y luego baj\u00e9 el Eurot\u00fanel hacia Inglaterra, donde me pasaron muchas cosas que me marcar\u00e1n para siempre.<\/span><\/p>\n<p><b>Muchas gracias por todo \u00c1lvaro. He disfrutado desde el primer minuto con nuestra charla.<\/b><\/p>\n<p><span style=\"font-weight: 400;\">Gracias a vosotros. Me ha encantado la facilidad con la que hab\u00e9is gestionado todo, de verdad.<\/span><\/p>\n<h2 style=\"text-align: center;\"><strong><a class=\"button-lead\" href=\"https:\/\/www.reclamador.es\/form\/complaint\/delay\/\" rel=\"nofollow noopener\">\u00bfVuelo retrasado? Te ayudamos a reclamar tu indemnizaci\u00f3n<\/a><\/strong><\/h2>\n<div class=\"ttr_end\"><\/div>","protected":false},"excerpt":{"rendered":"<p>Hoy entrevistamos a \u00c1lvaro Cejas, (C\u00f3rdoba, 1994) quien ha reclamado con nosotros un gran retraso con la compa\u00f1\u00eda Vueling y ha obtenido 250 euros de indemnizaci\u00f3n. \u00c1lvaro no dud\u00f3 en darle una lecci\u00f3n a la compa\u00f1\u00eda a\u00e9rea, la cual le hab\u00eda negado su compensaci\u00f3n econ\u00f3mica en un principio. Despu\u00e9s de esto desconfiaba poder ganar pero [&hellip;]<\/p>\n","protected":false},"author":3,"featured_media":31939,"comment_status":"open","ping_status":"open","sticky":false,"template":"","format":"standard","meta":{"_acf_changed":false,"_genesis_hide_title":false,"_genesis_hide_breadcrumbs":false,"_genesis_hide_singular_image":false,"_genesis_hide_footer_widgets":false,"_genesis_custom_body_class":"","_genesis_custom_post_class":"","_genesis_layout":"","_jetpack_newsletter_access":"","_jetpack_dont_email_post_to_subs":false,"_jetpack_newsletter_tier_id":0,"_jetpack_memberships_contains_paywalled_content":false,"_jetpack_memberships_contains_paid_content":false,"footnotes":""},"categories":[396],"tags":[380,765],"class_list":{"0":"post-31937","1":"post","2":"type-post","3":"status-publish","4":"format-standard","5":"has-post-thumbnail","7":"category-reclamadores","8":"tag-aerolineas","9":"tag-entrevista","10":"entry"},"acf":[],"yoast_head":"<!-- This site is optimized with the Yoast SEO plugin v27.4 - https:\/\/yoast.com\/product\/yoast-seo-wordpress\/ -->\n<title>\u00c1lvaro, cliente de aerol\u00edneas de reclamador.es, reclam\u00f3 a Vueling y gan\u00f3<\/title>\n<meta name=\"description\" content=\"Descubre c\u00f3mo ayudamos a \u00c1lvaro, cliente de aerol\u00edneas de reclamador.es, a reclamar a Vueling por el retraso de 5h de su vuelo M\u00e1laga-Barcelona.\" \/>\n<meta name=\"robots\" content=\"index, follow, max-snippet:-1, max-image-preview:large, max-video-preview:-1\" \/>\n<link rel=\"canonical\" href=\"https:\/\/www.reclamador.es\/blog\/entrevista-alvaro-reclamador-de-aerolineas-vueling\/\" \/>\n<meta property=\"og:locale\" content=\"es_ES\" \/>\n<meta property=\"og:type\" content=\"article\" \/>\n<meta property=\"og:title\" content=\"\u00c1lvaro, cliente de aerol\u00edneas de reclamador.es, reclam\u00f3 a Vueling y gan\u00f3\" \/>\n<meta property=\"og:description\" content=\"Descubre c\u00f3mo ayudamos a \u00c1lvaro, cliente de aerol\u00edneas de reclamador.es, a reclamar a Vueling por el retraso de 5h de su vuelo M\u00e1laga-Barcelona.\" \/>\n<meta property=\"og:url\" content=\"https:\/\/www.reclamador.es\/blog\/entrevista-alvaro-reclamador-de-aerolineas-vueling\/\" \/>\n<meta property=\"og:site_name\" content=\"Rebeldes con causa, el blog de reclamador.es\" \/>\n<meta property=\"article:publisher\" content=\"https:\/\/www.facebook.com\/reclamador.es\" \/>\n<meta property=\"article:published_time\" content=\"2024-02-02T08:38:05+00:00\" \/>\n<meta property=\"article:modified_time\" content=\"2024-02-02T08:39:02+00:00\" \/>\n<meta property=\"og:image\" content=\"https:\/\/www.reclamador.es\/blog\/wp-content\/uploads\/2024\/02\/entrevista-cliente-aerolineas-Alvaro-1200x630-2.jpg\" \/>\n\t<meta property=\"og:image:width\" content=\"1200\" \/>\n\t<meta property=\"og:image:height\" content=\"630\" \/>\n\t<meta property=\"og:image:type\" content=\"image\/jpeg\" \/>\n<meta name=\"author\" content=\"Cristina Naveda\" \/>\n<meta name=\"twitter:card\" content=\"summary_large_image\" \/>\n<meta name=\"twitter:creator\" content=\"@reclamador\" \/>\n<meta name=\"twitter:site\" content=\"@reclamador\" \/>\n<meta name=\"twitter:label1\" content=\"Escrito por\" \/>\n\t<meta name=\"twitter:data1\" content=\"Cristina Naveda\" \/>\n\t<meta name=\"twitter:label2\" content=\"Tiempo de lectura\" \/>\n\t<meta name=\"twitter:data2\" content=\"5 minutos\" \/>\n<script type=\"application\/ld+json\" class=\"yoast-schema-graph\">{\"@context\":\"https:\\\/\\\/schema.org\",\"@graph\":[{\"@type\":\"Article\",\"@id\":\"https:\\\/\\\/www.reclamador.es\\\/blog\\\/entrevista-alvaro-reclamador-de-aerolineas-vueling\\\/#article\",\"isPartOf\":{\"@id\":\"https:\\\/\\\/www.reclamador.es\\\/blog\\\/entrevista-alvaro-reclamador-de-aerolineas-vueling\\\/\"},\"author\":{\"name\":\"Cristina Naveda\",\"@id\":\"https:\\\/\\\/www.reclamador.es\\\/blog\\\/#\\\/schema\\\/person\\\/c446a02b3fcf1607a8a2139c36fbe583\"},\"headline\":\"\u00c1lvaro, reclamador de aerol\u00edneas: \u201ccuanto termin\u00f3 el viaje decid\u00ed reclamar el retraso del vuelo a Vueling, y pas\u00f3 de m\u00ed. Hasta que encontr\u00e9 reclamador.es\u201d\",\"datePublished\":\"2024-02-02T08:38:05+00:00\",\"dateModified\":\"2024-02-02T08:39:02+00:00\",\"mainEntityOfPage\":{\"@id\":\"https:\\\/\\\/www.reclamador.es\\\/blog\\\/entrevista-alvaro-reclamador-de-aerolineas-vueling\\\/\"},\"wordCount\":947,\"commentCount\":2,\"publisher\":{\"@id\":\"https:\\\/\\\/www.reclamador.es\\\/blog\\\/#organization\"},\"image\":{\"@id\":\"https:\\\/\\\/www.reclamador.es\\\/blog\\\/entrevista-alvaro-reclamador-de-aerolineas-vueling\\\/#primaryimage\"},\"thumbnailUrl\":\"https:\\\/\\\/i0.wp.com\\\/www.reclamador.es\\\/blog\\\/wp-content\\\/uploads\\\/2024\\\/02\\\/entrevista-cliente-aerolineas-Alvaro-1200x630-2.jpg?fit=1200%2C630&ssl=1\",\"keywords\":[\"aerol\u00edneas\",\"entrevista\"],\"articleSection\":[\"Conoce todo lo que sucede en reclamador.es\"],\"inLanguage\":\"es\",\"potentialAction\":[{\"@type\":\"CommentAction\",\"name\":\"Comment\",\"target\":[\"https:\\\/\\\/www.reclamador.es\\\/blog\\\/entrevista-alvaro-reclamador-de-aerolineas-vueling\\\/#respond\"]}]},{\"@type\":\"WebPage\",\"@id\":\"https:\\\/\\\/www.reclamador.es\\\/blog\\\/entrevista-alvaro-reclamador-de-aerolineas-vueling\\\/\",\"url\":\"https:\\\/\\\/www.reclamador.es\\\/blog\\\/entrevista-alvaro-reclamador-de-aerolineas-vueling\\\/\",\"name\":\"\u00c1lvaro, cliente de aerol\u00edneas de reclamador.es, reclam\u00f3 a Vueling y gan\u00f3\",\"isPartOf\":{\"@id\":\"https:\\\/\\\/www.reclamador.es\\\/blog\\\/#website\"},\"primaryImageOfPage\":{\"@id\":\"https:\\\/\\\/www.reclamador.es\\\/blog\\\/entrevista-alvaro-reclamador-de-aerolineas-vueling\\\/#primaryimage\"},\"image\":{\"@id\":\"https:\\\/\\\/www.reclamador.es\\\/blog\\\/entrevista-alvaro-reclamador-de-aerolineas-vueling\\\/#primaryimage\"},\"thumbnailUrl\":\"https:\\\/\\\/i0.wp.com\\\/www.reclamador.es\\\/blog\\\/wp-content\\\/uploads\\\/2024\\\/02\\\/entrevista-cliente-aerolineas-Alvaro-1200x630-2.jpg?fit=1200%2C630&ssl=1\",\"datePublished\":\"2024-02-02T08:38:05+00:00\",\"dateModified\":\"2024-02-02T08:39:02+00:00\",\"description\":\"Descubre c\u00f3mo ayudamos a \u00c1lvaro, cliente de aerol\u00edneas de reclamador.es, a reclamar a Vueling por el retraso de 5h de su vuelo M\u00e1laga-Barcelona.\",\"breadcrumb\":{\"@id\":\"https:\\\/\\\/www.reclamador.es\\\/blog\\\/entrevista-alvaro-reclamador-de-aerolineas-vueling\\\/#breadcrumb\"},\"inLanguage\":\"es\",\"potentialAction\":[{\"@type\":\"ReadAction\",\"target\":[\"https:\\\/\\\/www.reclamador.es\\\/blog\\\/entrevista-alvaro-reclamador-de-aerolineas-vueling\\\/\"]}]},{\"@type\":\"ImageObject\",\"inLanguage\":\"es\",\"@id\":\"https:\\\/\\\/www.reclamador.es\\\/blog\\\/entrevista-alvaro-reclamador-de-aerolineas-vueling\\\/#primaryimage\",\"url\":\"https:\\\/\\\/i0.wp.com\\\/www.reclamador.es\\\/blog\\\/wp-content\\\/uploads\\\/2024\\\/02\\\/entrevista-cliente-aerolineas-Alvaro-1200x630-2.jpg?fit=1200%2C630&ssl=1\",\"contentUrl\":\"https:\\\/\\\/i0.wp.com\\\/www.reclamador.es\\\/blog\\\/wp-content\\\/uploads\\\/2024\\\/02\\\/entrevista-cliente-aerolineas-Alvaro-1200x630-2.jpg?fit=1200%2C630&ssl=1\",\"width\":1200,\"height\":630,\"caption\":\"Entrevista cliente de aerol\u00edneas de reclamador.es\"},{\"@type\":\"BreadcrumbList\",\"@id\":\"https:\\\/\\\/www.reclamador.es\\\/blog\\\/entrevista-alvaro-reclamador-de-aerolineas-vueling\\\/#breadcrumb\",\"itemListElement\":[{\"@type\":\"ListItem\",\"position\":1,\"name\":\"Portada\",\"item\":\"https:\\\/\\\/www.reclamador.es\\\/blog\\\/\"},{\"@type\":\"ListItem\",\"position\":2,\"name\":\"\u00c1lvaro, reclamador de aerol\u00edneas: \u201ccuanto termin\u00f3 el viaje decid\u00ed reclamar el retraso del vuelo a Vueling, y pas\u00f3 de m\u00ed. Hasta que encontr\u00e9 reclamador.es\u201d\"}]},{\"@type\":\"WebSite\",\"@id\":\"https:\\\/\\\/www.reclamador.es\\\/blog\\\/#website\",\"url\":\"https:\\\/\\\/www.reclamador.es\\\/blog\\\/\",\"name\":\"Rebeldes con causa, el blog de reclamador.es\",\"description\":\"Noticias, entrevistas y consejos sobre reclamaciones\",\"publisher\":{\"@id\":\"https:\\\/\\\/www.reclamador.es\\\/blog\\\/#organization\"},\"potentialAction\":[{\"@type\":\"SearchAction\",\"target\":{\"@type\":\"EntryPoint\",\"urlTemplate\":\"https:\\\/\\\/www.reclamador.es\\\/blog\\\/?s={search_term_string}\"},\"query-input\":{\"@type\":\"PropertyValueSpecification\",\"valueRequired\":true,\"valueName\":\"search_term_string\"}}],\"inLanguage\":\"es\"},{\"@type\":\"Organization\",\"@id\":\"https:\\\/\\\/www.reclamador.es\\\/blog\\\/#organization\",\"name\":\"reclamador.es\",\"url\":\"https:\\\/\\\/www.reclamador.es\\\/blog\\\/\",\"logo\":{\"@type\":\"ImageObject\",\"inLanguage\":\"es\",\"@id\":\"https:\\\/\\\/www.reclamador.es\\\/blog\\\/#\\\/schema\\\/logo\\\/image\\\/\",\"url\":\"https:\\\/\\\/i0.wp.com\\\/www.reclamador.es\\\/blog\\\/wp-content\\\/uploads\\\/2020\\\/01\\\/logo-reclamador.png?fit=1200%2C144&ssl=1\",\"contentUrl\":\"https:\\\/\\\/i0.wp.com\\\/www.reclamador.es\\\/blog\\\/wp-content\\\/uploads\\\/2020\\\/01\\\/logo-reclamador.png?fit=1200%2C144&ssl=1\",\"width\":1200,\"height\":144,\"caption\":\"reclamador.es\"},\"image\":{\"@id\":\"https:\\\/\\\/www.reclamador.es\\\/blog\\\/#\\\/schema\\\/logo\\\/image\\\/\"},\"sameAs\":[\"https:\\\/\\\/www.facebook.com\\\/reclamador.es\",\"https:\\\/\\\/x.com\\\/reclamador\",\"https:\\\/\\\/www.instagram.com\\\/reclamador.es\\\/\",\"https:\\\/\\\/www.linkedin.com\\\/company\\\/reclamador-es\",\"https:\\\/\\\/www.youtube.com\\\/user\\\/Reclamadores\"]},{\"@type\":\"Person\",\"@id\":\"https:\\\/\\\/www.reclamador.es\\\/blog\\\/#\\\/schema\\\/person\\\/c446a02b3fcf1607a8a2139c36fbe583\",\"name\":\"Cristina Naveda\",\"image\":{\"@type\":\"ImageObject\",\"inLanguage\":\"es\",\"@id\":\"https:\\\/\\\/secure.gravatar.com\\\/avatar\\\/1df04000ab560ffd4824a3ce70f826eb8bd6a9bfc6cc9097a363e6cd67f07ec0?s=96&d=mm&r=g\",\"url\":\"https:\\\/\\\/secure.gravatar.com\\\/avatar\\\/1df04000ab560ffd4824a3ce70f826eb8bd6a9bfc6cc9097a363e6cd67f07ec0?s=96&d=mm&r=g\",\"contentUrl\":\"https:\\\/\\\/secure.gravatar.com\\\/avatar\\\/1df04000ab560ffd4824a3ce70f826eb8bd6a9bfc6cc9097a363e6cd67f07ec0?s=96&d=mm&r=g\",\"caption\":\"Cristina Naveda\"},\"description\":\"Me encanta unir la informaci\u00f3n con las personas. Me esfuerzo para que reclamador haga bien esa uni\u00f3n desde el equipo de comunicaci\u00f3n.\",\"url\":\"https:\\\/\\\/www.reclamador.es\\\/blog\\\/author\\\/cristina\\\/\"}]}<\/script>\n<!-- \/ Yoast SEO plugin. -->","yoast_head_json":{"title":"\u00c1lvaro, cliente de aerol\u00edneas de reclamador.es, reclam\u00f3 a Vueling y gan\u00f3","description":"Descubre c\u00f3mo ayudamos a \u00c1lvaro, cliente de aerol\u00edneas de reclamador.es, a reclamar a Vueling por el retraso de 5h de su vuelo M\u00e1laga-Barcelona.","robots":{"index":"index","follow":"follow","max-snippet":"max-snippet:-1","max-image-preview":"max-image-preview:large","max-video-preview":"max-video-preview:-1"},"canonical":"https:\/\/www.reclamador.es\/blog\/entrevista-alvaro-reclamador-de-aerolineas-vueling\/","og_locale":"es_ES","og_type":"article","og_title":"\u00c1lvaro, cliente de aerol\u00edneas de reclamador.es, reclam\u00f3 a Vueling y gan\u00f3","og_description":"Descubre c\u00f3mo ayudamos a \u00c1lvaro, cliente de aerol\u00edneas de reclamador.es, a reclamar a Vueling por el retraso de 5h de su vuelo M\u00e1laga-Barcelona.","og_url":"https:\/\/www.reclamador.es\/blog\/entrevista-alvaro-reclamador-de-aerolineas-vueling\/","og_site_name":"Rebeldes con causa, el blog de reclamador.es","article_publisher":"https:\/\/www.facebook.com\/reclamador.es","article_published_time":"2024-02-02T08:38:05+00:00","article_modified_time":"2024-02-02T08:39:02+00:00","og_image":[{"width":1200,"height":630,"url":"https:\/\/www.reclamador.es\/blog\/wp-content\/uploads\/2024\/02\/entrevista-cliente-aerolineas-Alvaro-1200x630-2.jpg","type":"image\/jpeg"}],"author":"Cristina Naveda","twitter_card":"summary_large_image","twitter_creator":"@reclamador","twitter_site":"@reclamador","twitter_misc":{"Escrito por":"Cristina Naveda","Tiempo de lectura":"5 minutos"},"schema":{"@context":"https:\/\/schema.org","@graph":[{"@type":"Article","@id":"https:\/\/www.reclamador.es\/blog\/entrevista-alvaro-reclamador-de-aerolineas-vueling\/#article","isPartOf":{"@id":"https:\/\/www.reclamador.es\/blog\/entrevista-alvaro-reclamador-de-aerolineas-vueling\/"},"author":{"name":"Cristina Naveda","@id":"https:\/\/www.reclamador.es\/blog\/#\/schema\/person\/c446a02b3fcf1607a8a2139c36fbe583"},"headline":"\u00c1lvaro, reclamador de aerol\u00edneas: \u201ccuanto termin\u00f3 el viaje decid\u00ed reclamar el retraso del vuelo a Vueling, y pas\u00f3 de m\u00ed. Hasta que encontr\u00e9 reclamador.es\u201d","datePublished":"2024-02-02T08:38:05+00:00","dateModified":"2024-02-02T08:39:02+00:00","mainEntityOfPage":{"@id":"https:\/\/www.reclamador.es\/blog\/entrevista-alvaro-reclamador-de-aerolineas-vueling\/"},"wordCount":947,"commentCount":2,"publisher":{"@id":"https:\/\/www.reclamador.es\/blog\/#organization"},"image":{"@id":"https:\/\/www.reclamador.es\/blog\/entrevista-alvaro-reclamador-de-aerolineas-vueling\/#primaryimage"},"thumbnailUrl":"https:\/\/i0.wp.com\/www.reclamador.es\/blog\/wp-content\/uploads\/2024\/02\/entrevista-cliente-aerolineas-Alvaro-1200x630-2.jpg?fit=1200%2C630&ssl=1","keywords":["aerol\u00edneas","entrevista"],"articleSection":["Conoce todo lo que sucede en reclamador.es"],"inLanguage":"es","potentialAction":[{"@type":"CommentAction","name":"Comment","target":["https:\/\/www.reclamador.es\/blog\/entrevista-alvaro-reclamador-de-aerolineas-vueling\/#respond"]}]},{"@type":"WebPage","@id":"https:\/\/www.reclamador.es\/blog\/entrevista-alvaro-reclamador-de-aerolineas-vueling\/","url":"https:\/\/www.reclamador.es\/blog\/entrevista-alvaro-reclamador-de-aerolineas-vueling\/","name":"\u00c1lvaro, cliente de aerol\u00edneas de reclamador.es, reclam\u00f3 a Vueling y gan\u00f3","isPartOf":{"@id":"https:\/\/www.reclamador.es\/blog\/#website"},"primaryImageOfPage":{"@id":"https:\/\/www.reclamador.es\/blog\/entrevista-alvaro-reclamador-de-aerolineas-vueling\/#primaryimage"},"image":{"@id":"https:\/\/www.reclamador.es\/blog\/entrevista-alvaro-reclamador-de-aerolineas-vueling\/#primaryimage"},"thumbnailUrl":"https:\/\/i0.wp.com\/www.reclamador.es\/blog\/wp-content\/uploads\/2024\/02\/entrevista-cliente-aerolineas-Alvaro-1200x630-2.jpg?fit=1200%2C630&ssl=1","datePublished":"2024-02-02T08:38:05+00:00","dateModified":"2024-02-02T08:39:02+00:00","description":"Descubre c\u00f3mo ayudamos a \u00c1lvaro, cliente de aerol\u00edneas de reclamador.es, a reclamar a Vueling por el retraso de 5h de su vuelo M\u00e1laga-Barcelona.","breadcrumb":{"@id":"https:\/\/www.reclamador.es\/blog\/entrevista-alvaro-reclamador-de-aerolineas-vueling\/#breadcrumb"},"inLanguage":"es","potentialAction":[{"@type":"ReadAction","target":["https:\/\/www.reclamador.es\/blog\/entrevista-alvaro-reclamador-de-aerolineas-vueling\/"]}]},{"@type":"ImageObject","inLanguage":"es","@id":"https:\/\/www.reclamador.es\/blog\/entrevista-alvaro-reclamador-de-aerolineas-vueling\/#primaryimage","url":"https:\/\/i0.wp.com\/www.reclamador.es\/blog\/wp-content\/uploads\/2024\/02\/entrevista-cliente-aerolineas-Alvaro-1200x630-2.jpg?fit=1200%2C630&ssl=1","contentUrl":"https:\/\/i0.wp.com\/www.reclamador.es\/blog\/wp-content\/uploads\/2024\/02\/entrevista-cliente-aerolineas-Alvaro-1200x630-2.jpg?fit=1200%2C630&ssl=1","width":1200,"height":630,"caption":"Entrevista cliente de aerol\u00edneas de reclamador.es"},{"@type":"BreadcrumbList","@id":"https:\/\/www.reclamador.es\/blog\/entrevista-alvaro-reclamador-de-aerolineas-vueling\/#breadcrumb","itemListElement":[{"@type":"ListItem","position":1,"name":"Portada","item":"https:\/\/www.reclamador.es\/blog\/"},{"@type":"ListItem","position":2,"name":"\u00c1lvaro, reclamador de aerol\u00edneas: \u201ccuanto termin\u00f3 el viaje decid\u00ed reclamar el retraso del vuelo a Vueling, y pas\u00f3 de m\u00ed. Hasta que encontr\u00e9 reclamador.es\u201d"}]},{"@type":"WebSite","@id":"https:\/\/www.reclamador.es\/blog\/#website","url":"https:\/\/www.reclamador.es\/blog\/","name":"Rebeldes con causa, el blog de reclamador.es","description":"Noticias, entrevistas y consejos sobre reclamaciones","publisher":{"@id":"https:\/\/www.reclamador.es\/blog\/#organization"},"potentialAction":[{"@type":"SearchAction","target":{"@type":"EntryPoint","urlTemplate":"https:\/\/www.reclamador.es\/blog\/?s={search_term_string}"},"query-input":{"@type":"PropertyValueSpecification","valueRequired":true,"valueName":"search_term_string"}}],"inLanguage":"es"},{"@type":"Organization","@id":"https:\/\/www.reclamador.es\/blog\/#organization","name":"reclamador.es","url":"https:\/\/www.reclamador.es\/blog\/","logo":{"@type":"ImageObject","inLanguage":"es","@id":"https:\/\/www.reclamador.es\/blog\/#\/schema\/logo\/image\/","url":"https:\/\/i0.wp.com\/www.reclamador.es\/blog\/wp-content\/uploads\/2020\/01\/logo-reclamador.png?fit=1200%2C144&ssl=1","contentUrl":"https:\/\/i0.wp.com\/www.reclamador.es\/blog\/wp-content\/uploads\/2020\/01\/logo-reclamador.png?fit=1200%2C144&ssl=1","width":1200,"height":144,"caption":"reclamador.es"},"image":{"@id":"https:\/\/www.reclamador.es\/blog\/#\/schema\/logo\/image\/"},"sameAs":["https:\/\/www.facebook.com\/reclamador.es","https:\/\/x.com\/reclamador","https:\/\/www.instagram.com\/reclamador.es\/","https:\/\/www.linkedin.com\/company\/reclamador-es","https:\/\/www.youtube.com\/user\/Reclamadores"]},{"@type":"Person","@id":"https:\/\/www.reclamador.es\/blog\/#\/schema\/person\/c446a02b3fcf1607a8a2139c36fbe583","name":"Cristina Naveda","image":{"@type":"ImageObject","inLanguage":"es","@id":"https:\/\/secure.gravatar.com\/avatar\/1df04000ab560ffd4824a3ce70f826eb8bd6a9bfc6cc9097a363e6cd67f07ec0?s=96&d=mm&r=g","url":"https:\/\/secure.gravatar.com\/avatar\/1df04000ab560ffd4824a3ce70f826eb8bd6a9bfc6cc9097a363e6cd67f07ec0?s=96&d=mm&r=g","contentUrl":"https:\/\/secure.gravatar.com\/avatar\/1df04000ab560ffd4824a3ce70f826eb8bd6a9bfc6cc9097a363e6cd67f07ec0?s=96&d=mm&r=g","caption":"Cristina Naveda"},"description":"Me encanta unir la informaci\u00f3n con las personas. Me esfuerzo para que reclamador haga bien esa uni\u00f3n desde el equipo de comunicaci\u00f3n.","url":"https:\/\/www.reclamador.es\/blog\/author\/cristina\/"}]}},"jetpack_featured_media_url":"https:\/\/i0.wp.com\/www.reclamador.es\/blog\/wp-content\/uploads\/2024\/02\/entrevista-cliente-aerolineas-Alvaro-1200x630-2.jpg?fit=1200%2C630&ssl=1","jetpack-related-posts":[{"id":8167,"url":"https:\/\/www.reclamador.es\/blog\/ane-alonso-se-lo-recomiendo-mundo-reclamacion-retraso\/","url_meta":{"origin":31937,"position":0},"title":"Entrevista a Ane Alonso: \"hac\u00e9is todo de una forma s\u00faper f\u00e1cil y transparente\"","author":"Equipo reclamador","date":"12 mayo, 2017","format":false,"excerpt":"Hoy te traemos el testimonio de una de nuestras usuarias, Ane Alonso. Tuvo una incidencia con Vueling en un vuelo de Barcelona a Madrid en el que tuvo un retraso de m\u00e1s de 5 horas. Se trata de un nuevo caso ganado por reclamador.es frente a la aerol\u00ednea Vueling. Un\u2026","rel":"","context":"En \u00abConoce todo lo que sucede en reclamador.es\u00bb","block_context":{"text":"Conoce todo lo que sucede en reclamador.es","link":"https:\/\/www.reclamador.es\/blog\/reclamadores\/"},"img":{"alt_text":"","src":"https:\/\/i0.wp.com\/www.reclamador.es\/blog\/wp-content\/uploads\/2017\/05\/ANE-ALONSO-3.jpg?fit=1200%2C675&ssl=1&resize=350%2C200","width":350,"height":200,"srcset":"https:\/\/i0.wp.com\/www.reclamador.es\/blog\/wp-content\/uploads\/2017\/05\/ANE-ALONSO-3.jpg?fit=1200%2C675&ssl=1&resize=350%2C200 1x, https:\/\/i0.wp.com\/www.reclamador.es\/blog\/wp-content\/uploads\/2017\/05\/ANE-ALONSO-3.jpg?fit=1200%2C675&ssl=1&resize=525%2C300 1.5x, https:\/\/i0.wp.com\/www.reclamador.es\/blog\/wp-content\/uploads\/2017\/05\/ANE-ALONSO-3.jpg?fit=1200%2C675&ssl=1&resize=700%2C400 2x, https:\/\/i0.wp.com\/www.reclamador.es\/blog\/wp-content\/uploads\/2017\/05\/ANE-ALONSO-3.jpg?fit=1200%2C675&ssl=1&resize=1050%2C600 3x"},"classes":[]},{"id":31928,"url":"https:\/\/www.reclamador.es\/blog\/ranking-aerolineas-mas-reclamadas-2023\/","url_meta":{"origin":31937,"position":1},"title":"Ranking aerol\u00edneas m\u00e1s reclamadas en 2023: Vueling a la cabeza","author":"Equipo reclamador","date":"30 enero, 2024","format":false,"excerpt":"Como cada a\u00f1o, en reclamador.es hemos preparado el ranking de las aerol\u00edneas m\u00e1s reclamadas por los viajeros, para conocer cu\u00e1les son las compa\u00f1\u00edas a\u00e9reas que m\u00e1s incidencias sufren cada a\u00f1o. Seg\u00fan nuestros datos, m\u00e1s de 39.000 personas han reclamado a 184 compa\u00f1\u00edas a\u00e9reas a lo largo de 2023. Las reclamaciones\u2026","rel":"","context":"En \u00abNoticias y actualidad\u00bb","block_context":{"text":"Noticias y actualidad","link":"https:\/\/www.reclamador.es\/blog\/noticias\/"},"img":{"alt_text":"","src":"https:\/\/i0.wp.com\/www.reclamador.es\/blog\/wp-content\/uploads\/2024\/01\/plane-2605014_1280.jpg?fit=1200%2C630&ssl=1&resize=350%2C200","width":350,"height":200,"srcset":"https:\/\/i0.wp.com\/www.reclamador.es\/blog\/wp-content\/uploads\/2024\/01\/plane-2605014_1280.jpg?fit=1200%2C630&ssl=1&resize=350%2C200 1x, https:\/\/i0.wp.com\/www.reclamador.es\/blog\/wp-content\/uploads\/2024\/01\/plane-2605014_1280.jpg?fit=1200%2C630&ssl=1&resize=525%2C300 1.5x, https:\/\/i0.wp.com\/www.reclamador.es\/blog\/wp-content\/uploads\/2024\/01\/plane-2605014_1280.jpg?fit=1200%2C630&ssl=1&resize=700%2C400 2x, https:\/\/i0.wp.com\/www.reclamador.es\/blog\/wp-content\/uploads\/2024\/01\/plane-2605014_1280.jpg?fit=1200%2C630&ssl=1&resize=1050%2C600 3x"},"classes":[]},{"id":33731,"url":"https:\/\/www.reclamador.es\/blog\/entrevista-clienta-reclamadora-de-vueling-con-reclamador\/","url_meta":{"origin":31937,"position":2},"title":"Camilla Ribeiro, reclamadora de aerol\u00edneas: \u201cLa plataforma reclamador.es es muy completa y funciona muy bien\u201d","author":"Cristina Naveda","date":"20 febrero, 2025","format":false,"excerpt":"Hoy hemos hablado con Camilla Ribeiro (Brasil, 1996), una de nuestras clientas reclamadoras de aerol\u00edneas. Camilla nos cuenta que teletrabaja para una empresa de ingenier\u00eda y energ\u00edas y que tiene la costumbre de viajar mucho. Vive en Tenerife y tiene una segunda residencia en Asturias. Entrevista a reclamadora de Vueling\u2026","rel":"","context":"En \u00abConoce todo lo que sucede en reclamador.es\u00bb","block_context":{"text":"Conoce todo lo que sucede en reclamador.es","link":"https:\/\/www.reclamador.es\/blog\/reclamadores\/"},"img":{"alt_text":"vuelo cancelado reclamador de vueling","src":"https:\/\/i0.wp.com\/www.reclamador.es\/blog\/wp-content\/uploads\/2025\/02\/entrevista-cliente-aerolineas-Camilla-Ribeiro-1200x630-1.jpg?fit=1200%2C630&ssl=1&resize=350%2C200","width":350,"height":200,"srcset":"https:\/\/i0.wp.com\/www.reclamador.es\/blog\/wp-content\/uploads\/2025\/02\/entrevista-cliente-aerolineas-Camilla-Ribeiro-1200x630-1.jpg?fit=1200%2C630&ssl=1&resize=350%2C200 1x, https:\/\/i0.wp.com\/www.reclamador.es\/blog\/wp-content\/uploads\/2025\/02\/entrevista-cliente-aerolineas-Camilla-Ribeiro-1200x630-1.jpg?fit=1200%2C630&ssl=1&resize=525%2C300 1.5x, https:\/\/i0.wp.com\/www.reclamador.es\/blog\/wp-content\/uploads\/2025\/02\/entrevista-cliente-aerolineas-Camilla-Ribeiro-1200x630-1.jpg?fit=1200%2C630&ssl=1&resize=700%2C400 2x, https:\/\/i0.wp.com\/www.reclamador.es\/blog\/wp-content\/uploads\/2025\/02\/entrevista-cliente-aerolineas-Camilla-Ribeiro-1200x630-1.jpg?fit=1200%2C630&ssl=1&resize=1050%2C600 3x"},"classes":[]},{"id":21006,"url":"https:\/\/www.reclamador.es\/blog\/ranking-aerolineas-mas-reclamadas-2018\/","url_meta":{"origin":31937,"position":3},"title":"\u00bfCu\u00e1l fue la aerol\u00ednea m\u00e1s reclamada en 2018?","author":"Equipo reclamador","date":"7 febrero, 2019","format":false,"excerpt":"Vueling, Ryanair e Iberia. Estas son las tres aerol\u00edneas que durante el pasado 2018 recibieron m\u00e1s reclamaciones en nuestra web. Como ya sucediera en 2016, Vueling vuelve a la primera posici\u00f3n del ranking, desbancando a Ryanair a la segunda posici\u00f3n. Iberia, por su parte, mantiene el tercer puesto que ya\u2026","rel":"","context":"En \u00abNoticias y actualidad\u00bb","block_context":{"text":"Noticias y actualidad","link":"https:\/\/www.reclamador.es\/blog\/noticias\/"},"img":{"alt_text":"aerolineas mas reclamadas 2018 reclamador.es","src":"https:\/\/i0.wp.com\/www.reclamador.es\/blog\/wp-content\/uploads\/2019\/02\/aerolineas-mas-reclamadas-en-2018.jpg?fit=1200%2C799&ssl=1&resize=350%2C200","width":350,"height":200,"srcset":"https:\/\/i0.wp.com\/www.reclamador.es\/blog\/wp-content\/uploads\/2019\/02\/aerolineas-mas-reclamadas-en-2018.jpg?fit=1200%2C799&ssl=1&resize=350%2C200 1x, https:\/\/i0.wp.com\/www.reclamador.es\/blog\/wp-content\/uploads\/2019\/02\/aerolineas-mas-reclamadas-en-2018.jpg?fit=1200%2C799&ssl=1&resize=525%2C300 1.5x, https:\/\/i0.wp.com\/www.reclamador.es\/blog\/wp-content\/uploads\/2019\/02\/aerolineas-mas-reclamadas-en-2018.jpg?fit=1200%2C799&ssl=1&resize=700%2C400 2x, https:\/\/i0.wp.com\/www.reclamador.es\/blog\/wp-content\/uploads\/2019\/02\/aerolineas-mas-reclamadas-en-2018.jpg?fit=1200%2C799&ssl=1&resize=1050%2C600 3x"},"classes":[]},{"id":32839,"url":"https:\/\/www.reclamador.es\/blog\/ranking-aerolineas-mas-reclamadas-verano\/","url_meta":{"origin":31937,"position":4},"title":"Ranking verano 2024: las aerol\u00edneas m\u00e1s reclamadas","author":"Equipo reclamador","date":"17 septiembre, 2024","format":false,"excerpt":"Durante los meses de junio, julio y agosto de 2024, reclamador.es ha registrado m\u00e1s de 13.000 reclamaciones contra 113 aerol\u00edneas, con Ryanair y Vueling liderando la lista de las m\u00e1s reclamadas por incidentes como retrasos (49 %) y cancelaciones (39,5 %). Las indemnizaciones pueden alcanzar los 600 \u20ac, m\u00e1s los\u2026","rel":"","context":"En \u00abNoticias y actualidad\u00bb","block_context":{"text":"Noticias y actualidad","link":"https:\/\/www.reclamador.es\/blog\/noticias\/"},"img":{"alt_text":"ryanair aeropuerto - aerolinea m\u00e1s reclamada","src":"https:\/\/i0.wp.com\/www.reclamador.es\/blog\/wp-content\/uploads\/2024\/09\/ranking-aerolineas-mas-reclamadas-verano-2024-1200x630-1.jpg?fit=1200%2C630&ssl=1&resize=350%2C200","width":350,"height":200,"srcset":"https:\/\/i0.wp.com\/www.reclamador.es\/blog\/wp-content\/uploads\/2024\/09\/ranking-aerolineas-mas-reclamadas-verano-2024-1200x630-1.jpg?fit=1200%2C630&ssl=1&resize=350%2C200 1x, https:\/\/i0.wp.com\/www.reclamador.es\/blog\/wp-content\/uploads\/2024\/09\/ranking-aerolineas-mas-reclamadas-verano-2024-1200x630-1.jpg?fit=1200%2C630&ssl=1&resize=525%2C300 1.5x, https:\/\/i0.wp.com\/www.reclamador.es\/blog\/wp-content\/uploads\/2024\/09\/ranking-aerolineas-mas-reclamadas-verano-2024-1200x630-1.jpg?fit=1200%2C630&ssl=1&resize=700%2C400 2x, https:\/\/i0.wp.com\/www.reclamador.es\/blog\/wp-content\/uploads\/2024\/09\/ranking-aerolineas-mas-reclamadas-verano-2024-1200x630-1.jpg?fit=1200%2C630&ssl=1&resize=1050%2C600 3x"},"classes":[]},{"id":16639,"url":"https:\/\/www.reclamador.es\/blog\/entrevista-aerolineas-noemi-estrada\/","url_meta":{"origin":31937,"position":5},"title":"\"Reclam\u00e9 directamente a Air Europa y a\u00fan estoy esperando que me contesten\u2026\u201d","author":"Cristina Naveda","date":"3 enero, 2018","format":false,"excerpt":"Esta semana charlamos con\u00a0Noemi Estrada (54 a\u00f1os, Barcelona) para conocer c\u00f3mo han sido sus tres reclamaciones a\u00e9reas gestionadas a trav\u00e9s de nosotros: ha reclamado problemas en sus vuelos con Air Europa, vueling y Norwegian. Esta broker inmobiliaria adora viajar y hoy nos cuenta sus m\u00faltiples periplos con las aerol\u00edneas y\u2026","rel":"","context":"En \u00abConoce todo lo que sucede en reclamador.es\u00bb","block_context":{"text":"Conoce todo lo que sucede en reclamador.es","link":"https:\/\/www.reclamador.es\/blog\/reclamadores\/"},"img":{"alt_text":"","src":"https:\/\/i0.wp.com\/www.reclamador.es\/blog\/wp-content\/uploads\/2018\/01\/noemiestrada1200-min.png?fit=1200%2C800&ssl=1&resize=350%2C200","width":350,"height":200,"srcset":"https:\/\/i0.wp.com\/www.reclamador.es\/blog\/wp-content\/uploads\/2018\/01\/noemiestrada1200-min.png?fit=1200%2C800&ssl=1&resize=350%2C200 1x, https:\/\/i0.wp.com\/www.reclamador.es\/blog\/wp-content\/uploads\/2018\/01\/noemiestrada1200-min.png?fit=1200%2C800&ssl=1&resize=525%2C300 1.5x, https:\/\/i0.wp.com\/www.reclamador.es\/blog\/wp-content\/uploads\/2018\/01\/noemiestrada1200-min.png?fit=1200%2C800&ssl=1&resize=700%2C400 2x, https:\/\/i0.wp.com\/www.reclamador.es\/blog\/wp-content\/uploads\/2018\/01\/noemiestrada1200-min.png?fit=1200%2C800&ssl=1&resize=1050%2C600 3x"},"classes":[]}],"jetpack_sharing_enabled":true,"_links":{"self":[{"href":"https:\/\/www.reclamador.es\/blog\/wp-json\/wp\/v2\/posts\/31937","targetHints":{"allow":["GET"]}}],"collection":[{"href":"https:\/\/www.reclamador.es\/blog\/wp-json\/wp\/v2\/posts"}],"about":[{"href":"https:\/\/www.reclamador.es\/blog\/wp-json\/wp\/v2\/types\/post"}],"author":[{"embeddable":true,"href":"https:\/\/www.reclamador.es\/blog\/wp-json\/wp\/v2\/users\/3"}],"replies":[{"embeddable":true,"href":"https:\/\/www.reclamador.es\/blog\/wp-json\/wp\/v2\/comments?post=31937"}],"version-history":[{"count":11,"href":"https:\/\/www.reclamador.es\/blog\/wp-json\/wp\/v2\/posts\/31937\/revisions"}],"predecessor-version":[{"id":32309,"href":"https:\/\/www.reclamador.es\/blog\/wp-json\/wp\/v2\/posts\/31937\/revisions\/32309"}],"wp:featuredmedia":[{"embeddable":true,"href":"https:\/\/www.reclamador.es\/blog\/wp-json\/wp\/v2\/media\/31939"}],"wp:attachment":[{"href":"https:\/\/www.reclamador.es\/blog\/wp-json\/wp\/v2\/media?parent=31937"}],"wp:term":[{"taxonomy":"category","embeddable":true,"href":"https:\/\/www.reclamador.es\/blog\/wp-json\/wp\/v2\/categories?post=31937"},{"taxonomy":"post_tag","embeddable":true,"href":"https:\/\/www.reclamador.es\/blog\/wp-json\/wp\/v2\/tags?post=31937"}],"curies":[{"name":"wp","href":"https:\/\/api.w.org\/{rel}","templated":true}]}}