{"id":31851,"date":"2023-12-27T10:11:00","date_gmt":"2023-12-27T09:11:00","guid":{"rendered":"https:\/\/www.reclamador.es\/blog\/?p=31851"},"modified":"2023-12-22T12:17:47","modified_gmt":"2023-12-22T11:17:47","slug":"que-es-el-canal-de-denuncias-empresas-estan-obligadas","status":"publish","type":"post","link":"https:\/\/www.reclamador.es\/blog\/que-es-el-canal-de-denuncias-empresas-estan-obligadas\/","title":{"rendered":"\u00bfSabes qu\u00e9 es el canal de denuncias y qu\u00e9 empresas est\u00e1n obligadas a contar con esta herramienta?"},"content":{"rendered":"<div class=\"ttr_start\"><\/div>\n\n<div class=\"kk-star-ratings kksr-auto kksr-align-right kksr-valign-top\"\n    data-payload='{&quot;align&quot;:&quot;right&quot;,&quot;id&quot;:&quot;31851&quot;,&quot;slug&quot;:&quot;default&quot;,&quot;valign&quot;:&quot;top&quot;,&quot;ignore&quot;:&quot;&quot;,&quot;reference&quot;:&quot;auto&quot;,&quot;class&quot;:&quot;&quot;,&quot;count&quot;:&quot;0&quot;,&quot;legendonly&quot;:&quot;&quot;,&quot;readonly&quot;:&quot;&quot;,&quot;score&quot;:&quot;0&quot;,&quot;starsonly&quot;:&quot;&quot;,&quot;best&quot;:&quot;5&quot;,&quot;gap&quot;:&quot;3&quot;,&quot;greet&quot;:&quot;Valora este art\u00edculo&quot;,&quot;legend&quot;:&quot;0\\\/5 - (0 votos)&quot;,&quot;size&quot;:&quot;20&quot;,&quot;title&quot;:&quot;\u00bfSabes qu\u00e9 es el canal de denuncias y qu\u00e9 empresas est\u00e1n obligadas a contar con esta herramienta?&quot;,&quot;width&quot;:&quot;0&quot;,&quot;_legend&quot;:&quot;{score}\\\/{best} - ({count} {votes})&quot;,&quot;font_factor&quot;:&quot;1.25&quot;}'>\n            \n<div class=\"kksr-stars\">\n    \n<div class=\"kksr-stars-inactive\">\n            <div class=\"kksr-star\" data-star=\"1\" style=\"padding-right: 3px\">\n            \n\n<div class=\"kksr-icon\" style=\"width: 20px; height: 20px;\"><\/div>\n        <\/div>\n            <div class=\"kksr-star\" data-star=\"2\" style=\"padding-right: 3px\">\n            \n\n<div class=\"kksr-icon\" style=\"width: 20px; height: 20px;\"><\/div>\n        <\/div>\n            <div class=\"kksr-star\" data-star=\"3\" style=\"padding-right: 3px\">\n            \n\n<div class=\"kksr-icon\" style=\"width: 20px; height: 20px;\"><\/div>\n        <\/div>\n            <div class=\"kksr-star\" data-star=\"4\" style=\"padding-right: 3px\">\n            \n\n<div class=\"kksr-icon\" style=\"width: 20px; height: 20px;\"><\/div>\n        <\/div>\n            <div class=\"kksr-star\" data-star=\"5\" style=\"padding-right: 3px\">\n            \n\n<div class=\"kksr-icon\" style=\"width: 20px; height: 20px;\"><\/div>\n        <\/div>\n    <\/div>\n    \n<div class=\"kksr-stars-active\" style=\"width: 0px;\">\n            <div class=\"kksr-star\" style=\"padding-right: 3px\">\n            \n\n<div class=\"kksr-icon\" style=\"width: 20px; height: 20px;\"><\/div>\n        <\/div>\n            <div class=\"kksr-star\" style=\"padding-right: 3px\">\n            \n\n<div class=\"kksr-icon\" style=\"width: 20px; height: 20px;\"><\/div>\n        <\/div>\n            <div class=\"kksr-star\" style=\"padding-right: 3px\">\n            \n\n<div class=\"kksr-icon\" style=\"width: 20px; height: 20px;\"><\/div>\n        <\/div>\n            <div class=\"kksr-star\" style=\"padding-right: 3px\">\n            \n\n<div class=\"kksr-icon\" style=\"width: 20px; height: 20px;\"><\/div>\n        <\/div>\n            <div class=\"kksr-star\" style=\"padding-right: 3px\">\n            \n\n<div class=\"kksr-icon\" style=\"width: 20px; height: 20px;\"><\/div>\n        <\/div>\n    <\/div>\n<\/div>\n                \n\n<div class=\"kksr-legend\" style=\"font-size: 16px;\">\n            <span class=\"kksr-muted\">Valora este art\u00edculo<\/span>\n    <\/div>\n    <\/div>\n\n<figure id=\"attachment_31853\" aria-describedby=\"caption-attachment-31853\" style=\"width: 1200px\" class=\"wp-caption aligncenter\"><img data-recalc-dims=\"1\" loading=\"lazy\" decoding=\"async\" class=\"size-full wp-image-31853\" src=\"https:\/\/i0.wp.com\/www.reclamador.es\/blog\/wp-content\/uploads\/2023\/12\/canal-de-denuncias.jpg?resize=1200%2C711&#038;ssl=1\" alt=\"canal de denuncias blog reclamador\" width=\"1200\" height=\"711\" srcset=\"https:\/\/i0.wp.com\/www.reclamador.es\/blog\/wp-content\/uploads\/2023\/12\/canal-de-denuncias.jpg?w=1200&amp;ssl=1 1200w, https:\/\/i0.wp.com\/www.reclamador.es\/blog\/wp-content\/uploads\/2023\/12\/canal-de-denuncias.jpg?resize=800%2C474&amp;ssl=1 800w, https:\/\/i0.wp.com\/www.reclamador.es\/blog\/wp-content\/uploads\/2023\/12\/canal-de-denuncias.jpg?resize=150%2C89&amp;ssl=1 150w, https:\/\/i0.wp.com\/www.reclamador.es\/blog\/wp-content\/uploads\/2023\/12\/canal-de-denuncias.jpg?resize=768%2C455&amp;ssl=1 768w\" sizes=\"auto, (max-width: 1000px) 100vw, 1000px\" \/><figcaption id=\"caption-attachment-31853\" class=\"wp-caption-text\"><em>Informaci\u00f3n sobre el canal de denuncias de las empresas<\/em><\/figcaption><\/figure>\n<p><span style=\"font-weight: 400;\">\u00bfHas o\u00eddo hablar del canal de denuncias de las empresas? \u00bfEs para trabajadores o para clientes? \u00bfEst\u00e1n todas las empresas, de cualquier tama\u00f1o, obligadas a facilitar este canal? En nuestro af\u00e1n de acercar la informaci\u00f3n legal a todas las personas, a continuaci\u00f3n vamos a explicar <strong>qu\u00e9 es el canal de denuncias, a qui\u00e9n va dirigido o qui\u00e9n est\u00e1 obligado a disponer de esta v\u00eda<\/strong> de comunicaci\u00f3n.\u00a0<\/span><\/p>\n<h2><b>\u00bfQu\u00e9 es el canal de denuncias?<\/b><\/h2>\n<p><span style=\"font-weight: 400;\">Se trata de una herramienta o espacio que posibilita a cualquier persona, de manera confidencial, comunicar actividades y conductas potencialmente irregulares que puedan suponer un incumplimiento de una empresa u organizaci\u00f3n.\u00a0<\/span><\/p>\n<p><span style=\"font-weight: 400;\">El canal de denuncias es <strong>obligatorio, desde el 1 de diciembre de 2023,<\/strong> para todas las empresas en Espa\u00f1a con m\u00e1s de 50 trabajadores (las empresas con m\u00e1s de 250 trabajadores tuvieron hasta el 13 de junio de 2023), y su implantaci\u00f3n y finalidad est\u00e1 regulada en la <\/span><a href=\"https:\/\/www.boe.es\/buscar\/act.php?id=BOE-A-2023-4513\" target=\"_blank\" rel=\"noopener noreferrer\"><span style=\"font-weight: 400;\">Ley 2\/2023 de 20 de febrero<\/span><\/a><span style=\"font-weight: 400;\">. Como se explica en la propia ley, <\/span><i><span style=\"font-weight: 400;\">\u201cla finalidad de la norma es la de proteger a las personas que en un contexto laboral o profesional detecten infracciones penales o administrativas graves o muy graves y las comuniquen mediante los mecanismos regulados en la misma\u201d.\u00a0<\/span><\/i><\/p>\n<p><span style=\"font-weight: 400;\">Esta herramienta, tambi\u00e9n conocida como <em>\u201ccanal \u00e9tico de las empresas\u201d<\/em>, no solo debe estar disponible en empresas privadas, tambi\u00e9n es de obligado cumplimiento para empresas del sector p\u00fablico que entren dentro de los requisitos fijados en la citada ley.\u00a0<\/span><\/p>\n<h2><b>\u00bfQui\u00e9n puede usar o a qui\u00e9n va dirigido el canal de denuncias?<\/b><\/h2>\n<p><span style=\"font-weight: 400;\">Como ya hemos citado en el apartado anterior, el canal de denuncias debe estar disponible para los trabajadores de la propia compa\u00f1\u00eda que quieran dejar constancia de alguna pr\u00e1ctica irregular de su empresa, as\u00ed como para terceras personas (clientes, proveedores, etc) que sean conocedoras de dichas irregularidades por parte de una empresa, en relaci\u00f3n a infracciones normativas de la empresa o actividades il\u00edcitas de la misma.\u00a0<\/span><\/p>\n<p><span style=\"font-weight: 400;\">Aqu\u00ed, nuevamente, recalcar que, con su implantaci\u00f3n, se debe garantizar la seguridad, confidencialidad y anonimato del usuario o usuaria del canal de denuncias.\u00a0<\/span><\/p>\n<h2><b>\u00bfQu\u00e9 acciones o conductas se pueden reportar en el canal de denuncias?<\/b><\/h2>\n<p><span style=\"font-weight: 400;\">Dentro de la tipolog\u00eda de acciones que se pueden denunciar a trav\u00e9s de esta v\u00eda, destacamos:\u00a0<\/span><\/p>\n<ul>\n<li style=\"font-weight: 400;\" aria-level=\"1\"><span style=\"font-weight: 400;\">Acciones relacionadas con el descubrimiento y la revelaci\u00f3n de secretos (delitos contra la intimidad).<\/span><\/li>\n<li style=\"font-weight: 400;\" aria-level=\"1\"><span style=\"font-weight: 400;\">Estafas y fraudes.<\/span><\/li>\n<li style=\"font-weight: 400;\" aria-level=\"1\"><span style=\"font-weight: 400;\">Insolvencias punibles.<\/span><\/li>\n<li style=\"font-weight: 400;\" aria-level=\"1\"><span style=\"font-weight: 400;\">Da\u00f1os inform\u00e1ticos.<\/span><\/li>\n<li style=\"font-weight: 400;\" aria-level=\"1\"><span style=\"font-weight: 400;\">Delitos contra la propiedad intelectual e industrial, el mercado y los consumidores.<\/span><\/li>\n<li style=\"font-weight: 400;\" aria-level=\"1\"><span style=\"font-weight: 400;\">Delitos contra la Hacienda P\u00fablica y la Seguridad Social.<\/span><\/li>\n<li style=\"font-weight: 400;\" aria-level=\"1\"><span style=\"font-weight: 400;\">Delito de construcci\u00f3n, edificaci\u00f3n o urbanizaci\u00f3n ilegal.<\/span><\/li>\n<li style=\"font-weight: 400;\" aria-level=\"1\"><span style=\"font-weight: 400;\">Delitos contra el medio ambiente.<\/span><\/li>\n<li style=\"font-weight: 400;\" aria-level=\"1\"><span style=\"font-weight: 400;\">Tr\u00e1fico de influencias.<\/span><\/li>\n<li style=\"font-weight: 400;\" aria-level=\"1\"><span style=\"font-weight: 400;\">Delitos contra los derechos de los trabajadores.<\/span><\/li>\n<\/ul>\n<h2><b>\u00bfA qu\u00e9 sanciones se enfrentan las empresas que no tengan esta herramienta?<\/b><\/h2>\n<p><span style=\"font-weight: 400;\">Seg\u00fan se se\u00f1ala en el texto de la norma:\u00a0<\/span><\/p>\n<p><strong>Si son personas f\u00edsicas las responsables de la infracci\u00f3n:<\/strong><\/p>\n<ul>\n<li style=\"font-weight: 400;\" aria-level=\"1\"><span style=\"font-weight: 400;\">Multa de 1.001\u20ac hasta 10.000\u20ac por la comisi\u00f3n de infracciones leves.<\/span><\/li>\n<li style=\"font-weight: 400;\" aria-level=\"1\"><span style=\"font-weight: 400;\">Las infracciones graves conllevan una multa de entre 10.001\u20ac y 30.00\u20ac.<\/span><\/li>\n<li style=\"font-weight: 400;\" aria-level=\"1\"><span style=\"font-weight: 400;\">Multa de entre 30.001\u20ac hasta 300.000\u20ac por la comisi\u00f3n de infracciones muy graves.<\/span><\/li>\n<\/ul>\n<p><strong>Si son personas jur\u00eddicas:<\/strong><\/p>\n<ul>\n<li style=\"font-weight: 400;\" aria-level=\"1\"><span style=\"font-weight: 400;\">Multa de hasta 100.000\u20ac en caso de infracciones leves.<\/span><\/li>\n<li style=\"font-weight: 400;\" aria-level=\"1\"><span style=\"font-weight: 400;\">Multa de entre 100.001\u20ac y 600.000\u20ac si se trata de infracciones graves.<\/span><\/li>\n<li style=\"font-weight: 400;\" aria-level=\"1\"><span style=\"font-weight: 400;\">En caso de infracciones muy graves, la sanci\u00f3n econ\u00f3mica ser\u00e1 de entre 600.001\u20ac y 1.000.000\u20ac.<\/span><\/li>\n<\/ul>\n<h2><b>Cumplimos la normativa<\/b><\/h2>\n<p><span style=\"font-weight: 400;\">reclamador.es se encuentra dentro del grupo de empresas obligadas a disponer de <\/span><a href=\"https:\/\/reclamador.factorialhr.es\/complaints\/\" target=\"_blank\" rel=\"noopener noreferrer\"><span style=\"font-weight: 400;\">canal de denuncias<\/span><\/a><span style=\"font-weight: 400;\"> y, por supuesto, contamos con esta herramienta a disposici\u00f3n de nuestros trabajadores y terceros.\u00a0<\/span><\/p>\n<div class=\"ttr_end\"><\/div>","protected":false},"excerpt":{"rendered":"<p>\u00bfHas o\u00eddo hablar del canal de denuncias de las empresas? \u00bfEs para trabajadores o para clientes? \u00bfEst\u00e1n todas las empresas, de cualquier tama\u00f1o, obligadas a facilitar este canal? En nuestro af\u00e1n de acercar la informaci\u00f3n legal a todas las personas, a continuaci\u00f3n vamos a explicar qu\u00e9 es el canal de denuncias, a qui\u00e9n va dirigido [&hellip;]<\/p>\n","protected":false},"author":42,"featured_media":31853,"comment_status":"open","ping_status":"open","sticky":false,"template":"","format":"standard","meta":{"_acf_changed":false,"_genesis_hide_title":false,"_genesis_hide_breadcrumbs":false,"_genesis_hide_singular_image":false,"_genesis_hide_footer_widgets":false,"_genesis_custom_body_class":"","_genesis_custom_post_class":"","_genesis_layout":"","_jetpack_newsletter_access":"","_jetpack_dont_email_post_to_subs":false,"_jetpack_newsletter_tier_id":0,"_jetpack_memberships_contains_paywalled_content":false,"_jetpack_memberships_contains_paid_content":false,"footnotes":""},"categories":[392],"tags":[648,762],"class_list":{"0":"post-31851","1":"post","2":"type-post","3":"status-publish","4":"format-standard","5":"has-post-thumbnail","7":"category-noticias","8":"tag-branding","9":"tag-servicios","10":"entry"},"acf":[],"yoast_head":"<!-- This site is optimized with the Yoast SEO plugin v27.4 - https:\/\/yoast.com\/product\/yoast-seo-wordpress\/ -->\n<title>\u00bfSabes qu\u00e9 es el canal de denuncias y qui\u00e9n debe contar con \u00e9l?<\/title>\n<meta name=\"description\" content=\"Descubre qu\u00e9 es el canal de denuncias, qui\u00e9n puede hacer uso de esta herramienta y qu\u00e9 empresas est\u00e1n obligadas a contar con el canal de denuncias.\" \/>\n<meta name=\"robots\" content=\"index, follow, max-snippet:-1, max-image-preview:large, max-video-preview:-1\" \/>\n<link rel=\"canonical\" href=\"https:\/\/www.reclamador.es\/blog\/que-es-el-canal-de-denuncias-empresas-estan-obligadas\/\" \/>\n<meta property=\"og:locale\" content=\"es_ES\" \/>\n<meta property=\"og:type\" content=\"article\" \/>\n<meta property=\"og:title\" content=\"\u00bfSabes qu\u00e9 es el canal de denuncias y qui\u00e9n debe contar con \u00e9l?\" \/>\n<meta property=\"og:description\" content=\"Descubre qu\u00e9 es el canal de denuncias, qui\u00e9n puede hacer uso de esta herramienta y qu\u00e9 empresas est\u00e1n obligadas a contar con el canal de denuncias.\" \/>\n<meta property=\"og:url\" content=\"https:\/\/www.reclamador.es\/blog\/que-es-el-canal-de-denuncias-empresas-estan-obligadas\/\" \/>\n<meta property=\"og:site_name\" content=\"Rebeldes con causa, el blog de reclamador.es\" \/>\n<meta property=\"article:publisher\" content=\"https:\/\/www.facebook.com\/reclamador.es\" \/>\n<meta property=\"article:published_time\" content=\"2023-12-27T09:11:00+00:00\" \/>\n<meta property=\"og:image\" content=\"https:\/\/i0.wp.com\/www.reclamador.es\/blog\/wp-content\/uploads\/2023\/12\/canal-de-denuncias.jpg?fit=1200%2C711&ssl=1\" \/>\n\t<meta property=\"og:image:width\" content=\"1200\" \/>\n\t<meta property=\"og:image:height\" content=\"711\" \/>\n\t<meta property=\"og:image:type\" content=\"image\/jpeg\" \/>\n<meta name=\"author\" content=\"Irene Becerra\" \/>\n<meta name=\"twitter:card\" content=\"summary_large_image\" \/>\n<meta name=\"twitter:creator\" content=\"@reclamador\" \/>\n<meta name=\"twitter:site\" content=\"@reclamador\" \/>\n<meta name=\"twitter:label1\" content=\"Escrito por\" \/>\n\t<meta name=\"twitter:data1\" content=\"Irene Becerra\" \/>\n\t<meta name=\"twitter:label2\" content=\"Tiempo de lectura\" \/>\n\t<meta name=\"twitter:data2\" content=\"3 minutos\" \/>\n<script type=\"application\/ld+json\" class=\"yoast-schema-graph\">{\"@context\":\"https:\\\/\\\/schema.org\",\"@graph\":[{\"@type\":\"Article\",\"@id\":\"https:\\\/\\\/www.reclamador.es\\\/blog\\\/que-es-el-canal-de-denuncias-empresas-estan-obligadas\\\/#article\",\"isPartOf\":{\"@id\":\"https:\\\/\\\/www.reclamador.es\\\/blog\\\/que-es-el-canal-de-denuncias-empresas-estan-obligadas\\\/\"},\"author\":{\"name\":\"Irene Becerra\",\"@id\":\"https:\\\/\\\/www.reclamador.es\\\/blog\\\/#\\\/schema\\\/person\\\/167c6a8e7ae112e44868f235dc20bacb\"},\"headline\":\"\u00bfSabes qu\u00e9 es el canal de denuncias y qu\u00e9 empresas est\u00e1n obligadas a contar con esta herramienta?\",\"datePublished\":\"2023-12-27T09:11:00+00:00\",\"mainEntityOfPage\":{\"@id\":\"https:\\\/\\\/www.reclamador.es\\\/blog\\\/que-es-el-canal-de-denuncias-empresas-estan-obligadas\\\/\"},\"wordCount\":634,\"commentCount\":0,\"publisher\":{\"@id\":\"https:\\\/\\\/www.reclamador.es\\\/blog\\\/#organization\"},\"image\":{\"@id\":\"https:\\\/\\\/www.reclamador.es\\\/blog\\\/que-es-el-canal-de-denuncias-empresas-estan-obligadas\\\/#primaryimage\"},\"thumbnailUrl\":\"https:\\\/\\\/i0.wp.com\\\/www.reclamador.es\\\/blog\\\/wp-content\\\/uploads\\\/2023\\\/12\\\/canal-de-denuncias.jpg?fit=1200%2C711&ssl=1\",\"keywords\":[\"branding\",\"servicios\"],\"articleSection\":[\"Noticias y actualidad\"],\"inLanguage\":\"es\",\"potentialAction\":[{\"@type\":\"CommentAction\",\"name\":\"Comment\",\"target\":[\"https:\\\/\\\/www.reclamador.es\\\/blog\\\/que-es-el-canal-de-denuncias-empresas-estan-obligadas\\\/#respond\"]}]},{\"@type\":\"WebPage\",\"@id\":\"https:\\\/\\\/www.reclamador.es\\\/blog\\\/que-es-el-canal-de-denuncias-empresas-estan-obligadas\\\/\",\"url\":\"https:\\\/\\\/www.reclamador.es\\\/blog\\\/que-es-el-canal-de-denuncias-empresas-estan-obligadas\\\/\",\"name\":\"\u00bfSabes qu\u00e9 es el canal de denuncias y qui\u00e9n debe contar con \u00e9l?\",\"isPartOf\":{\"@id\":\"https:\\\/\\\/www.reclamador.es\\\/blog\\\/#website\"},\"primaryImageOfPage\":{\"@id\":\"https:\\\/\\\/www.reclamador.es\\\/blog\\\/que-es-el-canal-de-denuncias-empresas-estan-obligadas\\\/#primaryimage\"},\"image\":{\"@id\":\"https:\\\/\\\/www.reclamador.es\\\/blog\\\/que-es-el-canal-de-denuncias-empresas-estan-obligadas\\\/#primaryimage\"},\"thumbnailUrl\":\"https:\\\/\\\/i0.wp.com\\\/www.reclamador.es\\\/blog\\\/wp-content\\\/uploads\\\/2023\\\/12\\\/canal-de-denuncias.jpg?fit=1200%2C711&ssl=1\",\"datePublished\":\"2023-12-27T09:11:00+00:00\",\"description\":\"Descubre qu\u00e9 es el canal de denuncias, qui\u00e9n puede hacer uso de esta herramienta y qu\u00e9 empresas est\u00e1n obligadas a contar con el canal de denuncias.\",\"breadcrumb\":{\"@id\":\"https:\\\/\\\/www.reclamador.es\\\/blog\\\/que-es-el-canal-de-denuncias-empresas-estan-obligadas\\\/#breadcrumb\"},\"inLanguage\":\"es\",\"potentialAction\":[{\"@type\":\"ReadAction\",\"target\":[\"https:\\\/\\\/www.reclamador.es\\\/blog\\\/que-es-el-canal-de-denuncias-empresas-estan-obligadas\\\/\"]}]},{\"@type\":\"ImageObject\",\"inLanguage\":\"es\",\"@id\":\"https:\\\/\\\/www.reclamador.es\\\/blog\\\/que-es-el-canal-de-denuncias-empresas-estan-obligadas\\\/#primaryimage\",\"url\":\"https:\\\/\\\/i0.wp.com\\\/www.reclamador.es\\\/blog\\\/wp-content\\\/uploads\\\/2023\\\/12\\\/canal-de-denuncias.jpg?fit=1200%2C711&ssl=1\",\"contentUrl\":\"https:\\\/\\\/i0.wp.com\\\/www.reclamador.es\\\/blog\\\/wp-content\\\/uploads\\\/2023\\\/12\\\/canal-de-denuncias.jpg?fit=1200%2C711&ssl=1\",\"width\":1200,\"height\":711,\"caption\":\"Informaci\u00f3n sobre el canal de denuncias de las empresas\"},{\"@type\":\"BreadcrumbList\",\"@id\":\"https:\\\/\\\/www.reclamador.es\\\/blog\\\/que-es-el-canal-de-denuncias-empresas-estan-obligadas\\\/#breadcrumb\",\"itemListElement\":[{\"@type\":\"ListItem\",\"position\":1,\"name\":\"Portada\",\"item\":\"https:\\\/\\\/www.reclamador.es\\\/blog\\\/\"},{\"@type\":\"ListItem\",\"position\":2,\"name\":\"\u00bfSabes qu\u00e9 es el canal de denuncias y qu\u00e9 empresas est\u00e1n obligadas a contar con esta herramienta?\"}]},{\"@type\":\"WebSite\",\"@id\":\"https:\\\/\\\/www.reclamador.es\\\/blog\\\/#website\",\"url\":\"https:\\\/\\\/www.reclamador.es\\\/blog\\\/\",\"name\":\"Rebeldes con causa, el blog de reclamador.es\",\"description\":\"Noticias, entrevistas y consejos sobre reclamaciones\",\"publisher\":{\"@id\":\"https:\\\/\\\/www.reclamador.es\\\/blog\\\/#organization\"},\"potentialAction\":[{\"@type\":\"SearchAction\",\"target\":{\"@type\":\"EntryPoint\",\"urlTemplate\":\"https:\\\/\\\/www.reclamador.es\\\/blog\\\/?s={search_term_string}\"},\"query-input\":{\"@type\":\"PropertyValueSpecification\",\"valueRequired\":true,\"valueName\":\"search_term_string\"}}],\"inLanguage\":\"es\"},{\"@type\":\"Organization\",\"@id\":\"https:\\\/\\\/www.reclamador.es\\\/blog\\\/#organization\",\"name\":\"reclamador.es\",\"url\":\"https:\\\/\\\/www.reclamador.es\\\/blog\\\/\",\"logo\":{\"@type\":\"ImageObject\",\"inLanguage\":\"es\",\"@id\":\"https:\\\/\\\/www.reclamador.es\\\/blog\\\/#\\\/schema\\\/logo\\\/image\\\/\",\"url\":\"https:\\\/\\\/i0.wp.com\\\/www.reclamador.es\\\/blog\\\/wp-content\\\/uploads\\\/2020\\\/01\\\/logo-reclamador.png?fit=1200%2C144&ssl=1\",\"contentUrl\":\"https:\\\/\\\/i0.wp.com\\\/www.reclamador.es\\\/blog\\\/wp-content\\\/uploads\\\/2020\\\/01\\\/logo-reclamador.png?fit=1200%2C144&ssl=1\",\"width\":1200,\"height\":144,\"caption\":\"reclamador.es\"},\"image\":{\"@id\":\"https:\\\/\\\/www.reclamador.es\\\/blog\\\/#\\\/schema\\\/logo\\\/image\\\/\"},\"sameAs\":[\"https:\\\/\\\/www.facebook.com\\\/reclamador.es\",\"https:\\\/\\\/x.com\\\/reclamador\",\"https:\\\/\\\/www.instagram.com\\\/reclamador.es\\\/\",\"https:\\\/\\\/www.linkedin.com\\\/company\\\/reclamador-es\",\"https:\\\/\\\/www.youtube.com\\\/user\\\/Reclamadores\"]},{\"@type\":\"Person\",\"@id\":\"https:\\\/\\\/www.reclamador.es\\\/blog\\\/#\\\/schema\\\/person\\\/167c6a8e7ae112e44868f235dc20bacb\",\"name\":\"Irene Becerra\",\"image\":{\"@type\":\"ImageObject\",\"inLanguage\":\"es\",\"@id\":\"https:\\\/\\\/secure.gravatar.com\\\/avatar\\\/ca9343d7488e27ecc3f2fc5cd280c1a0977f52cdd93ab62b6a2d12e47f9c6e1a?s=96&d=mm&r=g\",\"url\":\"https:\\\/\\\/secure.gravatar.com\\\/avatar\\\/ca9343d7488e27ecc3f2fc5cd280c1a0977f52cdd93ab62b6a2d12e47f9c6e1a?s=96&d=mm&r=g\",\"contentUrl\":\"https:\\\/\\\/secure.gravatar.com\\\/avatar\\\/ca9343d7488e27ecc3f2fc5cd280c1a0977f52cdd93ab62b6a2d12e47f9c6e1a?s=96&d=mm&r=g\",\"caption\":\"Irene Becerra\"},\"description\":\"Directora Legal Corporativa. Disfruto conociendo el mundo y todas sus culturas. Mi labor se centra en que los procesos legales sean \u00f3ptimos y ajustados a Derecho.\",\"sameAs\":[\"https:\\\/\\\/www.linkedin.com\\\/in\\\/irene-becerra-correro\\\/\"],\"url\":\"https:\\\/\\\/www.reclamador.es\\\/blog\\\/author\\\/irene-becerra\\\/\"}]}<\/script>\n<!-- \/ Yoast SEO plugin. -->","yoast_head_json":{"title":"\u00bfSabes qu\u00e9 es el canal de denuncias y qui\u00e9n debe contar con \u00e9l?","description":"Descubre qu\u00e9 es el canal de denuncias, qui\u00e9n puede hacer uso de esta herramienta y qu\u00e9 empresas est\u00e1n obligadas a contar con el canal de denuncias.","robots":{"index":"index","follow":"follow","max-snippet":"max-snippet:-1","max-image-preview":"max-image-preview:large","max-video-preview":"max-video-preview:-1"},"canonical":"https:\/\/www.reclamador.es\/blog\/que-es-el-canal-de-denuncias-empresas-estan-obligadas\/","og_locale":"es_ES","og_type":"article","og_title":"\u00bfSabes qu\u00e9 es el canal de denuncias y qui\u00e9n debe contar con \u00e9l?","og_description":"Descubre qu\u00e9 es el canal de denuncias, qui\u00e9n puede hacer uso de esta herramienta y qu\u00e9 empresas est\u00e1n obligadas a contar con el canal de denuncias.","og_url":"https:\/\/www.reclamador.es\/blog\/que-es-el-canal-de-denuncias-empresas-estan-obligadas\/","og_site_name":"Rebeldes con causa, el blog de reclamador.es","article_publisher":"https:\/\/www.facebook.com\/reclamador.es","article_published_time":"2023-12-27T09:11:00+00:00","og_image":[{"width":1200,"height":711,"url":"https:\/\/i0.wp.com\/www.reclamador.es\/blog\/wp-content\/uploads\/2023\/12\/canal-de-denuncias.jpg?fit=1200%2C711&ssl=1","type":"image\/jpeg"}],"author":"Irene Becerra","twitter_card":"summary_large_image","twitter_creator":"@reclamador","twitter_site":"@reclamador","twitter_misc":{"Escrito por":"Irene Becerra","Tiempo de lectura":"3 minutos"},"schema":{"@context":"https:\/\/schema.org","@graph":[{"@type":"Article","@id":"https:\/\/www.reclamador.es\/blog\/que-es-el-canal-de-denuncias-empresas-estan-obligadas\/#article","isPartOf":{"@id":"https:\/\/www.reclamador.es\/blog\/que-es-el-canal-de-denuncias-empresas-estan-obligadas\/"},"author":{"name":"Irene Becerra","@id":"https:\/\/www.reclamador.es\/blog\/#\/schema\/person\/167c6a8e7ae112e44868f235dc20bacb"},"headline":"\u00bfSabes qu\u00e9 es el canal de denuncias y qu\u00e9 empresas est\u00e1n obligadas a contar con esta herramienta?","datePublished":"2023-12-27T09:11:00+00:00","mainEntityOfPage":{"@id":"https:\/\/www.reclamador.es\/blog\/que-es-el-canal-de-denuncias-empresas-estan-obligadas\/"},"wordCount":634,"commentCount":0,"publisher":{"@id":"https:\/\/www.reclamador.es\/blog\/#organization"},"image":{"@id":"https:\/\/www.reclamador.es\/blog\/que-es-el-canal-de-denuncias-empresas-estan-obligadas\/#primaryimage"},"thumbnailUrl":"https:\/\/i0.wp.com\/www.reclamador.es\/blog\/wp-content\/uploads\/2023\/12\/canal-de-denuncias.jpg?fit=1200%2C711&ssl=1","keywords":["branding","servicios"],"articleSection":["Noticias y actualidad"],"inLanguage":"es","potentialAction":[{"@type":"CommentAction","name":"Comment","target":["https:\/\/www.reclamador.es\/blog\/que-es-el-canal-de-denuncias-empresas-estan-obligadas\/#respond"]}]},{"@type":"WebPage","@id":"https:\/\/www.reclamador.es\/blog\/que-es-el-canal-de-denuncias-empresas-estan-obligadas\/","url":"https:\/\/www.reclamador.es\/blog\/que-es-el-canal-de-denuncias-empresas-estan-obligadas\/","name":"\u00bfSabes qu\u00e9 es el canal de denuncias y qui\u00e9n debe contar con \u00e9l?","isPartOf":{"@id":"https:\/\/www.reclamador.es\/blog\/#website"},"primaryImageOfPage":{"@id":"https:\/\/www.reclamador.es\/blog\/que-es-el-canal-de-denuncias-empresas-estan-obligadas\/#primaryimage"},"image":{"@id":"https:\/\/www.reclamador.es\/blog\/que-es-el-canal-de-denuncias-empresas-estan-obligadas\/#primaryimage"},"thumbnailUrl":"https:\/\/i0.wp.com\/www.reclamador.es\/blog\/wp-content\/uploads\/2023\/12\/canal-de-denuncias.jpg?fit=1200%2C711&ssl=1","datePublished":"2023-12-27T09:11:00+00:00","description":"Descubre qu\u00e9 es el canal de denuncias, qui\u00e9n puede hacer uso de esta herramienta y qu\u00e9 empresas est\u00e1n obligadas a contar con el canal de denuncias.","breadcrumb":{"@id":"https:\/\/www.reclamador.es\/blog\/que-es-el-canal-de-denuncias-empresas-estan-obligadas\/#breadcrumb"},"inLanguage":"es","potentialAction":[{"@type":"ReadAction","target":["https:\/\/www.reclamador.es\/blog\/que-es-el-canal-de-denuncias-empresas-estan-obligadas\/"]}]},{"@type":"ImageObject","inLanguage":"es","@id":"https:\/\/www.reclamador.es\/blog\/que-es-el-canal-de-denuncias-empresas-estan-obligadas\/#primaryimage","url":"https:\/\/i0.wp.com\/www.reclamador.es\/blog\/wp-content\/uploads\/2023\/12\/canal-de-denuncias.jpg?fit=1200%2C711&ssl=1","contentUrl":"https:\/\/i0.wp.com\/www.reclamador.es\/blog\/wp-content\/uploads\/2023\/12\/canal-de-denuncias.jpg?fit=1200%2C711&ssl=1","width":1200,"height":711,"caption":"Informaci\u00f3n sobre el canal de denuncias de las empresas"},{"@type":"BreadcrumbList","@id":"https:\/\/www.reclamador.es\/blog\/que-es-el-canal-de-denuncias-empresas-estan-obligadas\/#breadcrumb","itemListElement":[{"@type":"ListItem","position":1,"name":"Portada","item":"https:\/\/www.reclamador.es\/blog\/"},{"@type":"ListItem","position":2,"name":"\u00bfSabes qu\u00e9 es el canal de denuncias y qu\u00e9 empresas est\u00e1n obligadas a contar con esta herramienta?"}]},{"@type":"WebSite","@id":"https:\/\/www.reclamador.es\/blog\/#website","url":"https:\/\/www.reclamador.es\/blog\/","name":"Rebeldes con causa, el blog de reclamador.es","description":"Noticias, entrevistas y consejos sobre reclamaciones","publisher":{"@id":"https:\/\/www.reclamador.es\/blog\/#organization"},"potentialAction":[{"@type":"SearchAction","target":{"@type":"EntryPoint","urlTemplate":"https:\/\/www.reclamador.es\/blog\/?s={search_term_string}"},"query-input":{"@type":"PropertyValueSpecification","valueRequired":true,"valueName":"search_term_string"}}],"inLanguage":"es"},{"@type":"Organization","@id":"https:\/\/www.reclamador.es\/blog\/#organization","name":"reclamador.es","url":"https:\/\/www.reclamador.es\/blog\/","logo":{"@type":"ImageObject","inLanguage":"es","@id":"https:\/\/www.reclamador.es\/blog\/#\/schema\/logo\/image\/","url":"https:\/\/i0.wp.com\/www.reclamador.es\/blog\/wp-content\/uploads\/2020\/01\/logo-reclamador.png?fit=1200%2C144&ssl=1","contentUrl":"https:\/\/i0.wp.com\/www.reclamador.es\/blog\/wp-content\/uploads\/2020\/01\/logo-reclamador.png?fit=1200%2C144&ssl=1","width":1200,"height":144,"caption":"reclamador.es"},"image":{"@id":"https:\/\/www.reclamador.es\/blog\/#\/schema\/logo\/image\/"},"sameAs":["https:\/\/www.facebook.com\/reclamador.es","https:\/\/x.com\/reclamador","https:\/\/www.instagram.com\/reclamador.es\/","https:\/\/www.linkedin.com\/company\/reclamador-es","https:\/\/www.youtube.com\/user\/Reclamadores"]},{"@type":"Person","@id":"https:\/\/www.reclamador.es\/blog\/#\/schema\/person\/167c6a8e7ae112e44868f235dc20bacb","name":"Irene Becerra","image":{"@type":"ImageObject","inLanguage":"es","@id":"https:\/\/secure.gravatar.com\/avatar\/ca9343d7488e27ecc3f2fc5cd280c1a0977f52cdd93ab62b6a2d12e47f9c6e1a?s=96&d=mm&r=g","url":"https:\/\/secure.gravatar.com\/avatar\/ca9343d7488e27ecc3f2fc5cd280c1a0977f52cdd93ab62b6a2d12e47f9c6e1a?s=96&d=mm&r=g","contentUrl":"https:\/\/secure.gravatar.com\/avatar\/ca9343d7488e27ecc3f2fc5cd280c1a0977f52cdd93ab62b6a2d12e47f9c6e1a?s=96&d=mm&r=g","caption":"Irene Becerra"},"description":"Directora Legal Corporativa. Disfruto conociendo el mundo y todas sus culturas. Mi labor se centra en que los procesos legales sean \u00f3ptimos y ajustados a Derecho.","sameAs":["https:\/\/www.linkedin.com\/in\/irene-becerra-correro\/"],"url":"https:\/\/www.reclamador.es\/blog\/author\/irene-becerra\/"}]}},"jetpack_featured_media_url":"https:\/\/i0.wp.com\/www.reclamador.es\/blog\/wp-content\/uploads\/2023\/12\/canal-de-denuncias.jpg?fit=1200%2C711&ssl=1","jetpack-related-posts":[{"id":35342,"url":"https:\/\/www.reclamador.es\/blog\/que-es-el-vishing-por-que-es-de-los-mayores-peligros\/","url_meta":{"origin":31851,"position":0},"title":"\u00bfQu\u00e9 es el vishing y por qu\u00e9 es uno de los mayores peligros actualmente?","author":"Alicia Ria\u00f1o","date":"4 diciembre, 2025","format":false,"excerpt":"\u00bfTe han realizado en alguna ocasi\u00f3n una llamada telef\u00f3nica que te dicen son de un banco o de una empresa de recursos humanos y has desconfiado? Pues has hecho bien. En este art\u00edculo vamos a hablar de la suplantaci\u00f3n de identidad de bancos y otras empresas mediante llamadas telef\u00f3nicas y\u2026","rel":"","context":"En \u00abConsejos legales\u00bb","block_context":{"text":"Consejos legales","link":"https:\/\/www.reclamador.es\/blog\/consejos\/"},"img":{"alt_text":"vishing o suplantaci\u00f3n de identidad de banco por llamada","src":"https:\/\/i0.wp.com\/www.reclamador.es\/blog\/wp-content\/uploads\/2025\/12\/que-es-el-vishing-suplantacion-por-llamada.jpg?fit=1200%2C630&ssl=1&resize=350%2C200","width":350,"height":200,"srcset":"https:\/\/i0.wp.com\/www.reclamador.es\/blog\/wp-content\/uploads\/2025\/12\/que-es-el-vishing-suplantacion-por-llamada.jpg?fit=1200%2C630&ssl=1&resize=350%2C200 1x, https:\/\/i0.wp.com\/www.reclamador.es\/blog\/wp-content\/uploads\/2025\/12\/que-es-el-vishing-suplantacion-por-llamada.jpg?fit=1200%2C630&ssl=1&resize=525%2C300 1.5x, https:\/\/i0.wp.com\/www.reclamador.es\/blog\/wp-content\/uploads\/2025\/12\/que-es-el-vishing-suplantacion-por-llamada.jpg?fit=1200%2C630&ssl=1&resize=700%2C400 2x, https:\/\/i0.wp.com\/www.reclamador.es\/blog\/wp-content\/uploads\/2025\/12\/que-es-el-vishing-suplantacion-por-llamada.jpg?fit=1200%2C630&ssl=1&resize=1050%2C600 3x"},"classes":[]},{"id":28256,"url":"https:\/\/www.reclamador.es\/blog\/covid-comidas-de-empresa-test-vacuna\/","url_meta":{"origin":31851,"position":1},"title":"Covid-19: \u00bfQu\u00e9 tener en cuenta en las cenas y comidas de empresa por Navidad?","author":"Equipo reclamador","date":"2 diciembre, 2021","format":false,"excerpt":"Vuelven las comidas y cenas navide\u00f1as de las empresas. Tras el par\u00f3n de 2020 por la pandemia, en 2021 se retoman estos eventos. Pero el virus sigue circulando. Por ello, para que estas celebraciones puedan volver a tener lugar, se ponen sobre la mesa alternativas como presentaci\u00f3n del certificado de\u2026","rel":"","context":"En \u00abConsejos legales\u00bb","block_context":{"text":"Consejos legales","link":"https:\/\/www.reclamador.es\/blog\/consejos\/"},"img":{"alt_text":"comidas de empresa por Navidad certificado covid","src":"https:\/\/i0.wp.com\/www.reclamador.es\/blog\/wp-content\/uploads\/2021\/12\/reclamador-comidas-de-empresa-por-Navidad-covid-test-y-vacunacion.jpg?fit=1200%2C679&ssl=1&resize=350%2C200","width":350,"height":200,"srcset":"https:\/\/i0.wp.com\/www.reclamador.es\/blog\/wp-content\/uploads\/2021\/12\/reclamador-comidas-de-empresa-por-Navidad-covid-test-y-vacunacion.jpg?fit=1200%2C679&ssl=1&resize=350%2C200 1x, https:\/\/i0.wp.com\/www.reclamador.es\/blog\/wp-content\/uploads\/2021\/12\/reclamador-comidas-de-empresa-por-Navidad-covid-test-y-vacunacion.jpg?fit=1200%2C679&ssl=1&resize=525%2C300 1.5x, https:\/\/i0.wp.com\/www.reclamador.es\/blog\/wp-content\/uploads\/2021\/12\/reclamador-comidas-de-empresa-por-Navidad-covid-test-y-vacunacion.jpg?fit=1200%2C679&ssl=1&resize=700%2C400 2x, https:\/\/i0.wp.com\/www.reclamador.es\/blog\/wp-content\/uploads\/2021\/12\/reclamador-comidas-de-empresa-por-Navidad-covid-test-y-vacunacion.jpg?fit=1200%2C679&ssl=1&resize=1050%2C600 3x"},"classes":[]},{"id":4239,"url":"https:\/\/www.reclamador.es\/blog\/companias-telefonicas-defenderse-abusos\/","url_meta":{"origin":31851,"position":2},"title":"Compa\u00f1\u00edas Telef\u00f3nicas \u00a1Defi\u00e9ndete ante Abusos!","author":"Equipo reclamador","date":"24 junio, 2016","format":false,"excerpt":"Los abusos de compa\u00f1\u00edas telef\u00f3nicas se traducen en altas no deseadas, usurpaciones de identidad, facturas err\u00f3neas o penalizaciones por permanencias. Sin embargo, todo se puede reclamar aunque siempre se debe intentar arreglarlo con la empresa a trav\u00e9s del servicio de atenci\u00f3n concreto de las propias compa\u00f1\u00edas telef\u00f3nicas. Algunas incluso cuentan\u2026","rel":"","context":"En \u00abConsejos legales\u00bb","block_context":{"text":"Consejos legales","link":"https:\/\/www.reclamador.es\/blog\/consejos\/"},"img":{"alt_text":"","src":"https:\/\/i0.wp.com\/www.reclamador.es\/blog\/wp-content\/uploads\/2016\/06\/i-m-priscilla-216790-1.jpg?fit=1200%2C800&ssl=1&resize=350%2C200","width":350,"height":200,"srcset":"https:\/\/i0.wp.com\/www.reclamador.es\/blog\/wp-content\/uploads\/2016\/06\/i-m-priscilla-216790-1.jpg?fit=1200%2C800&ssl=1&resize=350%2C200 1x, https:\/\/i0.wp.com\/www.reclamador.es\/blog\/wp-content\/uploads\/2016\/06\/i-m-priscilla-216790-1.jpg?fit=1200%2C800&ssl=1&resize=525%2C300 1.5x, https:\/\/i0.wp.com\/www.reclamador.es\/blog\/wp-content\/uploads\/2016\/06\/i-m-priscilla-216790-1.jpg?fit=1200%2C800&ssl=1&resize=700%2C400 2x, https:\/\/i0.wp.com\/www.reclamador.es\/blog\/wp-content\/uploads\/2016\/06\/i-m-priscilla-216790-1.jpg?fit=1200%2C800&ssl=1&resize=1050%2C600 3x"},"classes":[]},{"id":5143,"url":"https:\/\/www.reclamador.es\/blog\/acoso-laboral\/","url_meta":{"origin":31851,"position":3},"title":"5 tips para conocer si sufres acoso laboral","author":"Equipo reclamador","date":"4 noviembre, 2023","format":false,"excerpt":"El acoso laboral es cada vez m\u00e1s patente en cualquier empleo. Conseguir que un entorno de trabajo est\u00e9 libre de mobbing es un reto para todos los expertos en recursos humanos y directores de empresa, que ven como este problema afecta directamente la estabilidad laboral y productiva de su negocio.\u2026","rel":"","context":"En \u00abConsejos legales\u00bb","block_context":{"text":"Consejos legales","link":"https:\/\/www.reclamador.es\/blog\/consejos\/"},"img":{"alt_text":"camareros - descubrir acoso laboral","src":"https:\/\/i0.wp.com\/www.reclamador.es\/blog\/wp-content\/uploads\/2016\/11\/acoso-laboral-1.jpg?fit=1199%2C631&ssl=1&resize=350%2C200","width":350,"height":200,"srcset":"https:\/\/i0.wp.com\/www.reclamador.es\/blog\/wp-content\/uploads\/2016\/11\/acoso-laboral-1.jpg?fit=1199%2C631&ssl=1&resize=350%2C200 1x, https:\/\/i0.wp.com\/www.reclamador.es\/blog\/wp-content\/uploads\/2016\/11\/acoso-laboral-1.jpg?fit=1199%2C631&ssl=1&resize=525%2C300 1.5x, https:\/\/i0.wp.com\/www.reclamador.es\/blog\/wp-content\/uploads\/2016\/11\/acoso-laboral-1.jpg?fit=1199%2C631&ssl=1&resize=700%2C400 2x, https:\/\/i0.wp.com\/www.reclamador.es\/blog\/wp-content\/uploads\/2016\/11\/acoso-laboral-1.jpg?fit=1199%2C631&ssl=1&resize=1050%2C600 3x"},"classes":[]},{"id":22315,"url":"https:\/\/www.reclamador.es\/blog\/difusion-video-intimo-ambito-laboral\/","url_meta":{"origin":31851,"position":4},"title":"Difusi\u00f3n de un v\u00eddeo \u00edntimo en el \u00e1mbito laboral: \u00bfqu\u00e9 deben hacer los trabajadores?","author":"Equipo reclamador","date":"20 junio, 2019","format":false,"excerpt":"La difusi\u00f3n de contenidos \u00edntimos a trav\u00e9s de redes sociales o aplicaciones de mensajer\u00eda instant\u00e1nea, como WhatsApp, est\u00e1 de triste actualidad por el ya conocido como \"Caso Iveco\". La cuesti\u00f3n que ahora se plantea es \u00bfqu\u00e9 pueden hacer los trabajadores a los que les llega a su m\u00f3vil un v\u00eddeo\u2026","rel":"","context":"En \u00abConsejos legales\u00bb","block_context":{"text":"Consejos legales","link":"https:\/\/www.reclamador.es\/blog\/consejos\/"},"img":{"alt_text":"c\u00e1mara grabando - v\u00eddeo intimo","src":"https:\/\/i0.wp.com\/www.reclamador.es\/blog\/wp-content\/uploads\/2019\/06\/video-intimo.jpg?fit=1199%2C631&ssl=1&resize=350%2C200","width":350,"height":200,"srcset":"https:\/\/i0.wp.com\/www.reclamador.es\/blog\/wp-content\/uploads\/2019\/06\/video-intimo.jpg?fit=1199%2C631&ssl=1&resize=350%2C200 1x, https:\/\/i0.wp.com\/www.reclamador.es\/blog\/wp-content\/uploads\/2019\/06\/video-intimo.jpg?fit=1199%2C631&ssl=1&resize=525%2C300 1.5x, https:\/\/i0.wp.com\/www.reclamador.es\/blog\/wp-content\/uploads\/2019\/06\/video-intimo.jpg?fit=1199%2C631&ssl=1&resize=700%2C400 2x, https:\/\/i0.wp.com\/www.reclamador.es\/blog\/wp-content\/uploads\/2019\/06\/video-intimo.jpg?fit=1199%2C631&ssl=1&resize=1050%2C600 3x"},"classes":[]},{"id":3892,"url":"https:\/\/www.reclamador.es\/blog\/como-hacer-una-reclamacion-en-consumo\/","url_meta":{"origin":31851,"position":5},"title":"Reclamaciones de los consumidores: en qu\u00e9 consisten y qu\u00e9 se puede conseguir","author":"Equipo reclamador","date":"15 marzo, 2019","format":false,"excerpt":"Actualmente, nos encontramos en una \u00e9poca complicada que han hecho que crezcan las reclamaciones de los consumidores debido a que hay muchos abusos: las cl\u00e1usulas suelo, las constantes denuncias de telefon\u00eda, internet, etc\u00e9tera. Con motivo de la celebraci\u00f3n del D\u00eda Mundial de los Derechos del Consumidor, hoy 15 de marzo,\u2026","rel":"","context":"En \u00abConsejos legales\u00bb","block_context":{"text":"Consejos legales","link":"https:\/\/www.reclamador.es\/blog\/consejos\/"},"img":{"alt_text":"persona haciendo una reclamador a consumo en la que reclamador.es le ha ense\u00f1ado","src":"https:\/\/i0.wp.com\/www.reclamador.es\/blog\/wp-content\/uploads\/2016\/03\/reclamacion-consumo-reclamador.jpg?fit=1058%2C800&ssl=1&resize=350%2C200","width":350,"height":200,"srcset":"https:\/\/i0.wp.com\/www.reclamador.es\/blog\/wp-content\/uploads\/2016\/03\/reclamacion-consumo-reclamador.jpg?fit=1058%2C800&ssl=1&resize=350%2C200 1x, https:\/\/i0.wp.com\/www.reclamador.es\/blog\/wp-content\/uploads\/2016\/03\/reclamacion-consumo-reclamador.jpg?fit=1058%2C800&ssl=1&resize=525%2C300 1.5x, https:\/\/i0.wp.com\/www.reclamador.es\/blog\/wp-content\/uploads\/2016\/03\/reclamacion-consumo-reclamador.jpg?fit=1058%2C800&ssl=1&resize=700%2C400 2x, https:\/\/i0.wp.com\/www.reclamador.es\/blog\/wp-content\/uploads\/2016\/03\/reclamacion-consumo-reclamador.jpg?fit=1058%2C800&ssl=1&resize=1050%2C600 3x"},"classes":[]}],"jetpack_sharing_enabled":true,"_links":{"self":[{"href":"https:\/\/www.reclamador.es\/blog\/wp-json\/wp\/v2\/posts\/31851","targetHints":{"allow":["GET"]}}],"collection":[{"href":"https:\/\/www.reclamador.es\/blog\/wp-json\/wp\/v2\/posts"}],"about":[{"href":"https:\/\/www.reclamador.es\/blog\/wp-json\/wp\/v2\/types\/post"}],"author":[{"embeddable":true,"href":"https:\/\/www.reclamador.es\/blog\/wp-json\/wp\/v2\/users\/42"}],"replies":[{"embeddable":true,"href":"https:\/\/www.reclamador.es\/blog\/wp-json\/wp\/v2\/comments?post=31851"}],"version-history":[{"count":2,"href":"https:\/\/www.reclamador.es\/blog\/wp-json\/wp\/v2\/posts\/31851\/revisions"}],"predecessor-version":[{"id":31854,"href":"https:\/\/www.reclamador.es\/blog\/wp-json\/wp\/v2\/posts\/31851\/revisions\/31854"}],"wp:featuredmedia":[{"embeddable":true,"href":"https:\/\/www.reclamador.es\/blog\/wp-json\/wp\/v2\/media\/31853"}],"wp:attachment":[{"href":"https:\/\/www.reclamador.es\/blog\/wp-json\/wp\/v2\/media?parent=31851"}],"wp:term":[{"taxonomy":"category","embeddable":true,"href":"https:\/\/www.reclamador.es\/blog\/wp-json\/wp\/v2\/categories?post=31851"},{"taxonomy":"post_tag","embeddable":true,"href":"https:\/\/www.reclamador.es\/blog\/wp-json\/wp\/v2\/tags?post=31851"}],"curies":[{"name":"wp","href":"https:\/\/api.w.org\/{rel}","templated":true}]}}