{"id":31650,"date":"2025-07-24T09:39:00","date_gmt":"2025-07-24T07:39:00","guid":{"rendered":"https:\/\/www.reclamador.es\/blog\/?p=31650"},"modified":"2025-08-01T09:39:46","modified_gmt":"2025-08-01T07:39:46","slug":"cuantas-horas-de-antelacion-hay-que-llegar-al-aeropuerto","status":"publish","type":"post","link":"https:\/\/www.reclamador.es\/blog\/cuantas-horas-de-antelacion-hay-que-llegar-al-aeropuerto\/","title":{"rendered":"\u00bfCon cu\u00e1ntas horas de antelaci\u00f3n hay que llegar al aeropuerto?"},"content":{"rendered":"<div class=\"ttr_start\"><\/div>\n\n<div class=\"kk-star-ratings kksr-auto kksr-align-right kksr-valign-top\"\n    data-payload='{&quot;align&quot;:&quot;right&quot;,&quot;id&quot;:&quot;31650&quot;,&quot;slug&quot;:&quot;default&quot;,&quot;valign&quot;:&quot;top&quot;,&quot;ignore&quot;:&quot;&quot;,&quot;reference&quot;:&quot;auto&quot;,&quot;class&quot;:&quot;&quot;,&quot;count&quot;:&quot;2&quot;,&quot;legendonly&quot;:&quot;&quot;,&quot;readonly&quot;:&quot;&quot;,&quot;score&quot;:&quot;3.5&quot;,&quot;starsonly&quot;:&quot;&quot;,&quot;best&quot;:&quot;5&quot;,&quot;gap&quot;:&quot;3&quot;,&quot;greet&quot;:&quot;Valora este art\u00edculo&quot;,&quot;legend&quot;:&quot;3.5\\\/5 - (2 votos)&quot;,&quot;size&quot;:&quot;20&quot;,&quot;title&quot;:&quot;\u00bfCon cu\u00e1ntas horas de antelaci\u00f3n hay que llegar al aeropuerto?&quot;,&quot;width&quot;:&quot;79&quot;,&quot;_legend&quot;:&quot;{score}\\\/{best} - ({count} {votes})&quot;,&quot;font_factor&quot;:&quot;1.25&quot;}'>\n            \n<div class=\"kksr-stars\">\n    \n<div class=\"kksr-stars-inactive\">\n            <div class=\"kksr-star\" data-star=\"1\" style=\"padding-right: 3px\">\n            \n\n<div class=\"kksr-icon\" style=\"width: 20px; height: 20px;\"><\/div>\n        <\/div>\n            <div class=\"kksr-star\" data-star=\"2\" style=\"padding-right: 3px\">\n            \n\n<div class=\"kksr-icon\" style=\"width: 20px; height: 20px;\"><\/div>\n        <\/div>\n            <div class=\"kksr-star\" data-star=\"3\" style=\"padding-right: 3px\">\n            \n\n<div class=\"kksr-icon\" style=\"width: 20px; height: 20px;\"><\/div>\n        <\/div>\n            <div class=\"kksr-star\" data-star=\"4\" style=\"padding-right: 3px\">\n            \n\n<div class=\"kksr-icon\" style=\"width: 20px; height: 20px;\"><\/div>\n        <\/div>\n            <div class=\"kksr-star\" data-star=\"5\" style=\"padding-right: 3px\">\n            \n\n<div class=\"kksr-icon\" style=\"width: 20px; height: 20px;\"><\/div>\n        <\/div>\n    <\/div>\n    \n<div class=\"kksr-stars-active\" style=\"width: 79px;\">\n            <div class=\"kksr-star\" style=\"padding-right: 3px\">\n            \n\n<div class=\"kksr-icon\" style=\"width: 20px; height: 20px;\"><\/div>\n        <\/div>\n            <div class=\"kksr-star\" style=\"padding-right: 3px\">\n            \n\n<div class=\"kksr-icon\" style=\"width: 20px; height: 20px;\"><\/div>\n        <\/div>\n            <div class=\"kksr-star\" style=\"padding-right: 3px\">\n            \n\n<div class=\"kksr-icon\" style=\"width: 20px; height: 20px;\"><\/div>\n        <\/div>\n            <div class=\"kksr-star\" style=\"padding-right: 3px\">\n            \n\n<div class=\"kksr-icon\" style=\"width: 20px; height: 20px;\"><\/div>\n        <\/div>\n            <div class=\"kksr-star\" style=\"padding-right: 3px\">\n            \n\n<div class=\"kksr-icon\" style=\"width: 20px; height: 20px;\"><\/div>\n        <\/div>\n    <\/div>\n<\/div>\n                \n\n<div class=\"kksr-legend\" style=\"font-size: 16px;\">\n            3.5\/5 - (2 votos)    <\/div>\n    <\/div>\n\n<figure id=\"attachment_34612\" aria-describedby=\"caption-attachment-34612\" style=\"width: 1200px\" class=\"wp-caption aligncenter\"><img data-recalc-dims=\"1\" loading=\"lazy\" decoding=\"async\" class=\"size-full wp-image-34612\" src=\"https:\/\/i0.wp.com\/www.reclamador.es\/blog\/wp-content\/uploads\/2023\/11\/con-cuantas-hora-de-antelacion-hay-que-llegar-al-aeropuerto.jpg?resize=1200%2C627&#038;ssl=1\" alt=\"\u00bfcon cu\u00e1ntas horas de antelaci\u00f3n hay que estar en un aeropuerto?\" width=\"1200\" height=\"627\" srcset=\"https:\/\/i0.wp.com\/www.reclamador.es\/blog\/wp-content\/uploads\/2023\/11\/con-cuantas-hora-de-antelacion-hay-que-llegar-al-aeropuerto.jpg?w=1200&amp;ssl=1 1200w, https:\/\/i0.wp.com\/www.reclamador.es\/blog\/wp-content\/uploads\/2023\/11\/con-cuantas-hora-de-antelacion-hay-que-llegar-al-aeropuerto.jpg?resize=800%2C418&amp;ssl=1 800w, https:\/\/i0.wp.com\/www.reclamador.es\/blog\/wp-content\/uploads\/2023\/11\/con-cuantas-hora-de-antelacion-hay-que-llegar-al-aeropuerto.jpg?resize=150%2C78&amp;ssl=1 150w, https:\/\/i0.wp.com\/www.reclamador.es\/blog\/wp-content\/uploads\/2023\/11\/con-cuantas-hora-de-antelacion-hay-que-llegar-al-aeropuerto.jpg?resize=768%2C401&amp;ssl=1 768w\" sizes=\"auto, (max-width: 1000px) 100vw, 1000px\" \/><figcaption id=\"caption-attachment-34612\" class=\"wp-caption-text\"><em>\u00bfCon cu\u00e1ntas horas de antelaci\u00f3n llegar al aeropuerto?<\/em><\/figcaption><\/figure>\n<p><span style=\"font-weight: 400;\">Esta es una de esas grandes preguntas antes de un viaje en avi\u00f3n y uno de esos temas de conversaci\u00f3n recurrentes entre amigos y familiares. <\/span><b>\u00bfCon cu\u00e1ntas horas de antelaci\u00f3n hay que estar en el aeropuerto? Pues depende.<\/b><span style=\"font-weight: 400;\"> Depende, principalmente, del destino, del momento del viaje y del <\/span><a href=\"https:\/\/www.reclamador.es\/aerolineas\/problemas-equipaje\/\"><span style=\"font-weight: 400;\">equipaje<\/span><\/a><span style=\"font-weight: 400;\">. No es lo mismo un viaje nacional sin equipaje facturado, que un vuelo dom\u00e9stico en el que tengas que facturar una maleta. Igualmente, tambi\u00e9n hay distinci\u00f3n entre destinos, pues no es la misma respuesta si tu viaje es a Estados Unidos o es a Par\u00eds, por poner un ejemplo. Y, tambi\u00e9n influye mucho cu\u00e1ndo viajes, pues no es lo mismo viajar en temporada alta de viajes, como es el verano, que en temporada baja, pues en estos casos, por ejemplo, cada a\u00f1o vemos como se producen colas eternas en los aeropuertos en los controles de pasaporte o de seguridad.\u00a0<\/span><\/p>\n<p><span style=\"font-weight: 400;\">Por lo anterior, vamos a intentar desgranar el tema sobre cu\u00e1nto tiempo antes hay que estar en el aeropuerto.<\/span><\/p>\n<h2><b>\u00bfCon cu\u00e1ntas horas de antelaci\u00f3n hay que llegar al aeropuerto?<\/b><\/h2>\n<p><span style=\"font-weight: 400;\">A continuaci\u00f3n respondemos esta cuesti\u00f3n diferenciando entre vuelos nacionales e internacionales.\u00a0<\/span><\/p>\n<h3><b>Cu\u00e1nto tiempo antes hay que estar en el aeropuerto para un vuelo dentro de Espa\u00f1a<\/b><\/h3>\n<p><span style=\"font-weight: 400;\">Para vuelos nacionales, la recomendaci\u00f3n m\u00e1s extendida es estar en el aeropuerto <\/span><b>90 minutos<\/b><span style=\"font-weight: 400;\"> antes de la hora prevista de salida del avi\u00f3n. En estos viajes dom\u00e9sticos, las aerol\u00edneas cierran las puertas de embarque con menos antelaci\u00f3n que cuando se trata de un vuelo internacional, por tanto, el margen para llegar a la puerta de embarque es m\u00e1s amplio.\u00a0<\/span><\/p>\n<p><span style=\"font-weight: 400;\">Esos 90 minutos de antelaci\u00f3n para vuelos nacionales se aplica especialmente si tienes que facturar equipaje. Los mostradores de facturaci\u00f3n, tambi\u00e9n suelen estar abiertos hasta pocos minutos antes de la hora de cierre de puertas. Si vas a volar entre dos aeropuertos de Espa\u00f1a sin facturar equipaje, la recomendaci\u00f3n es, al menos, <\/span><b>llegar con una hora de antelaci\u00f3n al aeropuerto.\u00a0<\/b><\/p>\n<h3><b>\u00bfCu\u00e1nto tiempo antes hay que estar en el aeropuerto? Vuelo internacional UE<\/b><\/h3>\n<p><span style=\"font-weight: 400;\">Respecto a cu\u00e1nto tiempo antes tienes que estar en el aeropuerto para un vuelo internacional, si se trata de un viaje a un <\/span><b>pa\u00eds de zona Schengen<\/b><span style=\"font-weight: 400;\">, la recomendaci\u00f3n es similar a los viajes nacionales, es decir, <\/span><b>90 minutos<\/b><span style=\"font-weight: 400;\">.\u00a0<\/span><\/p>\n<h3><strong>\u00bfCon cu\u00e1ntas horas de antelaci\u00f3n llegar al aeropuerto para un viaje fuera de la UE o zona Schengen?<\/strong><\/h3>\n<p><span style=\"font-weight: 400;\">Mientras que, si se trata de un <\/span><b>viaje internacional fuera de la UE o de la zona Schengen<\/b><span style=\"font-weight: 400;\">, las aerol\u00edneas recomiendan a los viajeros que se presenten con, al menos, <\/span><b>dos horas de antelaci\u00f3n (2h), siendo tres horas (3h) lo m\u00e1s aconsejable. <\/b><span style=\"font-weight: 400;\">Aqu\u00ed es importante tener en cuenta que, si se factura equipaje, los mostradores suelen cerrar, aproximadamente, 60 minutos antes de la hora de salida del vuelo. Adem\u00e1s, tienes que comprobar si necesitas visado o pasar por control de pasaporte, pues esto, adem\u00e1s de la facturaci\u00f3n y el control de seguridad del aeropuerto, a\u00f1adir\u00e1 tiempo consumido hasta que llegues a la puerta de embarque.\u00a0<\/span><\/p>\n<p>Esto \u00faltimo es realmente importante actualmente, pues en <a href=\"https:\/\/www.reclamador.es\/aerolineas\/aeropuertos\/madrid-barajas\/\">aeropuertos como el de Madrid<\/a> se est\u00e1n <strong>produciendo esperas de m\u00e1s de 4 horas en algunas terminales para pasar el control de pasaportes<\/strong>, por lo que al tiempo se\u00f1alado, conviene a\u00f1adirle, al menos en verano, otra hora de antelaci\u00f3n m\u00e1s.<\/p>\n<p><span style=\"font-weight: 400;\">Adem\u00e1s de lo anterior, hay destinos internacionales y compa\u00f1\u00edas a\u00e9reas que piden llegar al aeropuerto a\u00fan con m\u00e1s antelaci\u00f3n. Es el caso de <a href=\"https:\/\/www.reclamador.es\/blog\/consejos-viajar-a-estados-unidos\/\">viajes a Estados Unidos (USA)<\/a> y aerol\u00edneas como <a href=\"https:\/\/www.reclamador.es\/aerolineas\/iberia\/\">Iberia<\/a>, en cuyo caso piden a sus viajeros que si el destino es Estados Unidos, se presenten en el aeropuerto con, al menos, cuatro horas (4h) de antelaci\u00f3n.\u00a0<\/span><\/p>\n<p><span style=\"font-weight: 400;\">Si para estos viajes <strong>no facturas y no es \u00e9poca de alta afluencia de viajeros, el tiempo de presentaci\u00f3n en el aeropuerto lo puedes reducir a algo menos de dos horas,<\/strong> si bien, siempre es aconsejable esperar en el aeropuerto que llegar tarde y presentarse en la puerta de embarque cuando esta ya est\u00e1 cerrada. Aqu\u00ed, te recordamos que si llegas tarde a la puerta de embarque y pierdes tu vuelo porque no has tenido en cuenta los tiempos de espera para controles o facturaci\u00f3n, la aerol\u00ednea no est\u00e1 obligada a compensarte econ\u00f3micamente y, si quieres viajar, deber\u00e1s adquirir otro billete.\u00a0<\/span><\/p>\n<h2><b>Otras circunstancias a tener en cuenta a la hora de calcular las horas de antelaci\u00f3n para llegar al aeropuerto<\/b><\/h2>\n<p><span style=\"font-weight: 400;\">Como te dec\u00edamos, dos de las circunstancias que marcar\u00e1n la respuesta a la pregunta \u00bfcon cu\u00e1ntas horas de antelaci\u00f3n hay que estar en el aeropuerto? son el destino y el equipaje, pero no las \u00fanicas.\u00a0<\/span><\/p>\n<p><strong>Tambi\u00e9n tienes que tener en cuenta otros factores como:\u00a0<\/strong><\/p>\n<ul>\n<li style=\"font-weight: 400;\" aria-level=\"1\"><b>El aeropuerto<\/b><span style=\"font-weight: 400;\">. Cuanto m\u00e1s grande es un aeropuerto y m\u00e1s terminales tiene, m\u00e1s aconsejamos que se aumente el tiempo de antelaci\u00f3n con el que presentarse. Tambi\u00e9n debes tener en cuenta que es posible que por el aeropuerto de tu ciudad te muevas ya como pez en el agua, pero que en el aeropuerto de destino no sea as\u00ed y, por tanto, no ir\u00e1s tan directo como s\u00ed ocurre cuando acudes al de tu ciudad o el que sueles usar como base de punto de partida de tus vuelos.<\/span><\/li>\n<li style=\"font-weight: 400;\" aria-level=\"1\"><b>El momento del viaje<\/b><span style=\"font-weight: 400;\">. No es lo mismo viajar a primera hora de la ma\u00f1ana que viajar al mediod\u00eda. Las colas y esperas van aumentando seg\u00fan pasa el d\u00eda. Asimismo, no es lo mismo viajar un mi\u00e9rcoles que un domingo, ni viajar en agosto que en otro mes, cuando los desplazamientos se multiplican exponencialmente respecto a otras \u00e9pocas del a\u00f1o.\u00a0<\/span><\/li>\n<li style=\"font-weight: 400;\" aria-level=\"1\"><b>El idioma<\/b><span style=\"font-weight: 400;\">. Si el aeropuerto se encuentra en un destino cuyo idioma no controlas o no manejas con fluidez, es igualmente recomendable que acudas con mayor antelaci\u00f3n.\u00a0<\/span><\/li>\n<li style=\"font-weight: 400;\" aria-level=\"1\"><b>La ciudad y el transporte<\/b><span style=\"font-weight: 400;\">. Dependiendo del m\u00e9todo de transporte elegido para llegar al aeropuerto tendr\u00e1s que sumar m\u00e1s o menos tiempo con el que salir para presentarte en el aeropuerto. Si vas en autob\u00fas o coche y se trata de ciudades con mucho tr\u00e1fico, como Londres o Par\u00eds, tendr\u00e1s que tener en cuenta que puedes encontrarte con atascos kilom\u00e9tricos que pueden hacer peligrar que llegues a tiempo a coger tu vuelo.\u00a0<\/span><\/li>\n<\/ul>\n<h2><b>\u00bfSabes en qu\u00e9 casos puedes reclamar a una aerol\u00ednea?<\/b><\/h2>\n<p><span style=\"font-weight: 400;\">Tanto si tu <\/span><a href=\"https:\/\/www.reclamador.es\/aerolineas\/retraso-vuelo\/\"><span style=\"font-weight: 400;\">vuelo se retrasa<\/span><\/a><span style=\"font-weight: 400;\"> m\u00e1s de tres horas (3h) como si te lo cancelan avis\u00e1ndote con menos de 14 d\u00edas de antelaci\u00f3n, tienes derecho a reclamar a la aerol\u00ednea una compensaci\u00f3n econ\u00f3mica que va desde los 250 \u20ac hasta los 600 \u20ac. A esto, se le a\u00f1ade la devoluci\u00f3n del billete (si no te ofrecen transporte alternativo o el que te ofrecen no es viable para ti) y los gastos extras ocasionados, por ejemplo, si con la <\/span><a href=\"https:\/\/www.reclamador.es\/aerolineas\/cancelacion-vuelo\/\"><span style=\"font-weight: 400;\">cancelaci\u00f3n de tu vuelo<\/span><\/a><span style=\"font-weight: 400;\"> has perdido las entradas para ver un partido de f\u00fatbol. Adem\u00e1s, si tu vuelo es adelantado por la aerol\u00ednea m\u00e1s de una hora y te avisan de ese cambio con menos de 14 d\u00edas de antelaci\u00f3n, tambi\u00e9n tienes derecho a reclamar.\u00a0<\/span><\/p>\n<p><span style=\"font-weight: 400;\">Otra de las situaciones reclamables a las compa\u00f1\u00edas a\u00e9reas son cuando te hacen un <\/span><a href=\"https:\/\/www.reclamador.es\/aerolineas\/overbooking\/\"><span style=\"font-weight: 400;\">overbooking<\/span><\/a><span style=\"font-weight: 400;\">. Pese a que es una pr\u00e1ctica legal, si t\u00fa no te presentas como voluntario para no volar por esa sobreventa de billetes e, igualmente, la aerol\u00ednea no te permite volar, tienes derecho a reclamar una compensaci\u00f3n id\u00e9ntica a la ya descrita.\u00a0<\/span><\/p>\n<p><span style=\"font-weight: 400;\">Y, otro de las reclamaciones a aerol\u00edneas, son por problemas de equipaje. Si te extrav\u00edan o pierden la maleta o esta aparece muy da\u00f1ada, tienes derecho a <\/span><span style=\"font-weight: 400;\">reclamar una indemnizaci\u00f3n por problemas de equipaje<\/span><span style=\"font-weight: 400;\">. En estos casos, la cuant\u00eda puede ascender hasta los 1.813 \u20ac, seg\u00fan recoge el Convenio de Montreal en su \u00faltima actualizaci\u00f3n en 2025.<\/span><\/p>\n<p><br \/><br \/><\/p>\n<div class=\"ttr_end\"><\/div>","protected":false},"excerpt":{"rendered":"<p>Esta es una de esas grandes preguntas antes de un viaje en avi\u00f3n y uno de esos temas de conversaci\u00f3n recurrentes entre amigos y familiares. \u00bfCon cu\u00e1ntas horas de antelaci\u00f3n hay que estar en el aeropuerto? Pues depende. Depende, principalmente, del destino, del momento del viaje y del equipaje. No es lo mismo un viaje [&hellip;]<\/p>\n","protected":false},"author":28,"featured_media":34612,"comment_status":"open","ping_status":"open","sticky":false,"template":"","format":"standard","meta":{"_acf_changed":false,"_genesis_hide_title":false,"_genesis_hide_breadcrumbs":false,"_genesis_hide_singular_image":false,"_genesis_hide_footer_widgets":false,"_genesis_custom_body_class":"","_genesis_custom_post_class":"","_genesis_layout":"","_jetpack_newsletter_access":"","_jetpack_dont_email_post_to_subs":false,"_jetpack_newsletter_tier_id":0,"_jetpack_memberships_contains_paywalled_content":false,"_jetpack_memberships_contains_paid_content":false,"footnotes":""},"categories":[393],"tags":[380,506],"class_list":{"0":"post-31650","1":"post","2":"type-post","3":"status-publish","4":"format-standard","5":"has-post-thumbnail","7":"category-consejos","8":"tag-aerolineas","9":"tag-aeropuerto","10":"entry"},"acf":[],"yoast_head":"<!-- This site is optimized with the Yoast SEO plugin v27.4 - https:\/\/yoast.com\/product\/yoast-seo-wordpress\/ -->\n<title>\u00bfCon cu\u00e1nto tiempo de antelaci\u00f3n hay que llegar al aeropuerto?<\/title>\n<meta name=\"description\" content=\"\u00bfCon qu\u00e9 antelaci\u00f3n hay que llegar al aeropuerto? Depende de si es un vuelo nacional o internacional y de la \u00e9poca del a\u00f1o. Te lo contamos\" \/>\n<meta name=\"robots\" content=\"index, follow, max-snippet:-1, max-image-preview:large, max-video-preview:-1\" \/>\n<link rel=\"canonical\" href=\"https:\/\/www.reclamador.es\/blog\/cuantas-horas-de-antelacion-hay-que-llegar-al-aeropuerto\/\" \/>\n<meta property=\"og:locale\" content=\"es_ES\" \/>\n<meta property=\"og:type\" content=\"article\" \/>\n<meta property=\"og:title\" content=\"\u00bfCon cu\u00e1nto tiempo de antelaci\u00f3n hay que llegar al aeropuerto?\" \/>\n<meta property=\"og:description\" content=\"\u00bfCon qu\u00e9 antelaci\u00f3n hay que llegar al aeropuerto? Depende de si es un vuelo nacional o internacional y de la \u00e9poca del a\u00f1o. Te lo contamos\" \/>\n<meta property=\"og:url\" content=\"https:\/\/www.reclamador.es\/blog\/cuantas-horas-de-antelacion-hay-que-llegar-al-aeropuerto\/\" \/>\n<meta property=\"og:site_name\" content=\"Rebeldes con causa, el blog de reclamador.es\" \/>\n<meta property=\"article:publisher\" content=\"https:\/\/www.facebook.com\/reclamador.es\" \/>\n<meta property=\"article:published_time\" content=\"2025-07-24T07:39:00+00:00\" \/>\n<meta property=\"article:modified_time\" content=\"2025-08-01T07:39:46+00:00\" \/>\n<meta property=\"og:image\" content=\"https:\/\/www.reclamador.es\/blog\/wp-content\/uploads\/2023\/11\/con-cuantas-hora-de-antelacion-hay-que-llegar-al-aeropuerto.jpg\" \/>\n\t<meta property=\"og:image:width\" content=\"1200\" \/>\n\t<meta property=\"og:image:height\" content=\"627\" \/>\n\t<meta property=\"og:image:type\" content=\"image\/jpeg\" \/>\n<meta name=\"author\" content=\"Alicia Ria\u00f1o\" \/>\n<meta name=\"twitter:card\" content=\"summary_large_image\" \/>\n<meta name=\"twitter:creator\" content=\"@reclamador\" \/>\n<meta name=\"twitter:site\" content=\"@reclamador\" \/>\n<meta name=\"twitter:label1\" content=\"Escrito por\" \/>\n\t<meta name=\"twitter:data1\" content=\"Alicia Ria\u00f1o\" \/>\n\t<meta name=\"twitter:label2\" content=\"Tiempo de lectura\" \/>\n\t<meta name=\"twitter:data2\" content=\"7 minutos\" \/>\n<script type=\"application\/ld+json\" class=\"yoast-schema-graph\">{\"@context\":\"https:\\\/\\\/schema.org\",\"@graph\":[{\"@type\":\"Article\",\"@id\":\"https:\\\/\\\/www.reclamador.es\\\/blog\\\/cuantas-horas-de-antelacion-hay-que-llegar-al-aeropuerto\\\/#article\",\"isPartOf\":{\"@id\":\"https:\\\/\\\/www.reclamador.es\\\/blog\\\/cuantas-horas-de-antelacion-hay-que-llegar-al-aeropuerto\\\/\"},\"author\":{\"name\":\"Alicia Ria\u00f1o\",\"@id\":\"https:\\\/\\\/www.reclamador.es\\\/blog\\\/#\\\/schema\\\/person\\\/2a9d121a6362255b8129c6fda9caffd5\"},\"headline\":\"\u00bfCon cu\u00e1ntas horas de antelaci\u00f3n hay que llegar al aeropuerto?\",\"datePublished\":\"2025-07-24T07:39:00+00:00\",\"dateModified\":\"2025-08-01T07:39:46+00:00\",\"mainEntityOfPage\":{\"@id\":\"https:\\\/\\\/www.reclamador.es\\\/blog\\\/cuantas-horas-de-antelacion-hay-que-llegar-al-aeropuerto\\\/\"},\"wordCount\":1396,\"commentCount\":0,\"publisher\":{\"@id\":\"https:\\\/\\\/www.reclamador.es\\\/blog\\\/#organization\"},\"image\":{\"@id\":\"https:\\\/\\\/www.reclamador.es\\\/blog\\\/cuantas-horas-de-antelacion-hay-que-llegar-al-aeropuerto\\\/#primaryimage\"},\"thumbnailUrl\":\"https:\\\/\\\/i0.wp.com\\\/www.reclamador.es\\\/blog\\\/wp-content\\\/uploads\\\/2023\\\/11\\\/con-cuantas-hora-de-antelacion-hay-que-llegar-al-aeropuerto.jpg?fit=1200%2C627&ssl=1\",\"keywords\":[\"aerol\u00edneas\",\"aeropuerto\"],\"articleSection\":[\"Consejos legales\"],\"inLanguage\":\"es\",\"potentialAction\":[{\"@type\":\"CommentAction\",\"name\":\"Comment\",\"target\":[\"https:\\\/\\\/www.reclamador.es\\\/blog\\\/cuantas-horas-de-antelacion-hay-que-llegar-al-aeropuerto\\\/#respond\"]}]},{\"@type\":\"WebPage\",\"@id\":\"https:\\\/\\\/www.reclamador.es\\\/blog\\\/cuantas-horas-de-antelacion-hay-que-llegar-al-aeropuerto\\\/\",\"url\":\"https:\\\/\\\/www.reclamador.es\\\/blog\\\/cuantas-horas-de-antelacion-hay-que-llegar-al-aeropuerto\\\/\",\"name\":\"\u00bfCon cu\u00e1nto tiempo de antelaci\u00f3n hay que llegar al aeropuerto?\",\"isPartOf\":{\"@id\":\"https:\\\/\\\/www.reclamador.es\\\/blog\\\/#website\"},\"primaryImageOfPage\":{\"@id\":\"https:\\\/\\\/www.reclamador.es\\\/blog\\\/cuantas-horas-de-antelacion-hay-que-llegar-al-aeropuerto\\\/#primaryimage\"},\"image\":{\"@id\":\"https:\\\/\\\/www.reclamador.es\\\/blog\\\/cuantas-horas-de-antelacion-hay-que-llegar-al-aeropuerto\\\/#primaryimage\"},\"thumbnailUrl\":\"https:\\\/\\\/i0.wp.com\\\/www.reclamador.es\\\/blog\\\/wp-content\\\/uploads\\\/2023\\\/11\\\/con-cuantas-hora-de-antelacion-hay-que-llegar-al-aeropuerto.jpg?fit=1200%2C627&ssl=1\",\"datePublished\":\"2025-07-24T07:39:00+00:00\",\"dateModified\":\"2025-08-01T07:39:46+00:00\",\"description\":\"\u00bfCon qu\u00e9 antelaci\u00f3n hay que llegar al aeropuerto? Depende de si es un vuelo nacional o internacional y de la \u00e9poca del a\u00f1o. Te lo contamos\",\"breadcrumb\":{\"@id\":\"https:\\\/\\\/www.reclamador.es\\\/blog\\\/cuantas-horas-de-antelacion-hay-que-llegar-al-aeropuerto\\\/#breadcrumb\"},\"inLanguage\":\"es\",\"potentialAction\":[{\"@type\":\"ReadAction\",\"target\":[\"https:\\\/\\\/www.reclamador.es\\\/blog\\\/cuantas-horas-de-antelacion-hay-que-llegar-al-aeropuerto\\\/\"]}]},{\"@type\":\"ImageObject\",\"inLanguage\":\"es\",\"@id\":\"https:\\\/\\\/www.reclamador.es\\\/blog\\\/cuantas-horas-de-antelacion-hay-que-llegar-al-aeropuerto\\\/#primaryimage\",\"url\":\"https:\\\/\\\/i0.wp.com\\\/www.reclamador.es\\\/blog\\\/wp-content\\\/uploads\\\/2023\\\/11\\\/con-cuantas-hora-de-antelacion-hay-que-llegar-al-aeropuerto.jpg?fit=1200%2C627&ssl=1\",\"contentUrl\":\"https:\\\/\\\/i0.wp.com\\\/www.reclamador.es\\\/blog\\\/wp-content\\\/uploads\\\/2023\\\/11\\\/con-cuantas-hora-de-antelacion-hay-que-llegar-al-aeropuerto.jpg?fit=1200%2C627&ssl=1\",\"width\":1200,\"height\":627,\"caption\":\"\u00bfCon cu\u00e1ntas horas de antelaci\u00f3n llegar al aeropuerto?\"},{\"@type\":\"BreadcrumbList\",\"@id\":\"https:\\\/\\\/www.reclamador.es\\\/blog\\\/cuantas-horas-de-antelacion-hay-que-llegar-al-aeropuerto\\\/#breadcrumb\",\"itemListElement\":[{\"@type\":\"ListItem\",\"position\":1,\"name\":\"Portada\",\"item\":\"https:\\\/\\\/www.reclamador.es\\\/blog\\\/\"},{\"@type\":\"ListItem\",\"position\":2,\"name\":\"\u00bfCon cu\u00e1ntas horas de antelaci\u00f3n hay que llegar al aeropuerto?\"}]},{\"@type\":\"WebSite\",\"@id\":\"https:\\\/\\\/www.reclamador.es\\\/blog\\\/#website\",\"url\":\"https:\\\/\\\/www.reclamador.es\\\/blog\\\/\",\"name\":\"Rebeldes con causa, el blog de reclamador.es\",\"description\":\"Noticias, entrevistas y consejos sobre reclamaciones\",\"publisher\":{\"@id\":\"https:\\\/\\\/www.reclamador.es\\\/blog\\\/#organization\"},\"potentialAction\":[{\"@type\":\"SearchAction\",\"target\":{\"@type\":\"EntryPoint\",\"urlTemplate\":\"https:\\\/\\\/www.reclamador.es\\\/blog\\\/?s={search_term_string}\"},\"query-input\":{\"@type\":\"PropertyValueSpecification\",\"valueRequired\":true,\"valueName\":\"search_term_string\"}}],\"inLanguage\":\"es\"},{\"@type\":\"Organization\",\"@id\":\"https:\\\/\\\/www.reclamador.es\\\/blog\\\/#organization\",\"name\":\"reclamador.es\",\"url\":\"https:\\\/\\\/www.reclamador.es\\\/blog\\\/\",\"logo\":{\"@type\":\"ImageObject\",\"inLanguage\":\"es\",\"@id\":\"https:\\\/\\\/www.reclamador.es\\\/blog\\\/#\\\/schema\\\/logo\\\/image\\\/\",\"url\":\"https:\\\/\\\/i0.wp.com\\\/www.reclamador.es\\\/blog\\\/wp-content\\\/uploads\\\/2020\\\/01\\\/logo-reclamador.png?fit=1200%2C144&ssl=1\",\"contentUrl\":\"https:\\\/\\\/i0.wp.com\\\/www.reclamador.es\\\/blog\\\/wp-content\\\/uploads\\\/2020\\\/01\\\/logo-reclamador.png?fit=1200%2C144&ssl=1\",\"width\":1200,\"height\":144,\"caption\":\"reclamador.es\"},\"image\":{\"@id\":\"https:\\\/\\\/www.reclamador.es\\\/blog\\\/#\\\/schema\\\/logo\\\/image\\\/\"},\"sameAs\":[\"https:\\\/\\\/www.facebook.com\\\/reclamador.es\",\"https:\\\/\\\/x.com\\\/reclamador\",\"https:\\\/\\\/www.instagram.com\\\/reclamador.es\\\/\",\"https:\\\/\\\/www.linkedin.com\\\/company\\\/reclamador-es\",\"https:\\\/\\\/www.youtube.com\\\/user\\\/Reclamadores\"]},{\"@type\":\"Person\",\"@id\":\"https:\\\/\\\/www.reclamador.es\\\/blog\\\/#\\\/schema\\\/person\\\/2a9d121a6362255b8129c6fda9caffd5\",\"name\":\"Alicia Ria\u00f1o\",\"image\":{\"@type\":\"ImageObject\",\"inLanguage\":\"es\",\"@id\":\"https:\\\/\\\/secure.gravatar.com\\\/avatar\\\/2915f7664bf5ed4baf932328fabfe761f32f21ec1b577e7d54a7fee6613de25f?s=96&d=mm&r=g\",\"url\":\"https:\\\/\\\/secure.gravatar.com\\\/avatar\\\/2915f7664bf5ed4baf932328fabfe761f32f21ec1b577e7d54a7fee6613de25f?s=96&d=mm&r=g\",\"contentUrl\":\"https:\\\/\\\/secure.gravatar.com\\\/avatar\\\/2915f7664bf5ed4baf932328fabfe761f32f21ec1b577e7d54a7fee6613de25f?s=96&d=mm&r=g\",\"caption\":\"Alicia Ria\u00f1o\"},\"description\":\"Periodista experta en comunicaci\u00f3n y marketing digital. Escribo para acercar la informaci\u00f3n legal de forma sencilla y comprensible a las personas.\",\"sameAs\":[\"https:\\\/\\\/www.linkedin.com\\\/in\\\/alicia-r-932a2959\"],\"url\":\"https:\\\/\\\/www.reclamador.es\\\/blog\\\/author\\\/alicia-riano\\\/\"}]}<\/script>\n<!-- \/ Yoast SEO plugin. -->","yoast_head_json":{"title":"\u00bfCon cu\u00e1nto tiempo de antelaci\u00f3n hay que llegar al aeropuerto?","description":"\u00bfCon qu\u00e9 antelaci\u00f3n hay que llegar al aeropuerto? Depende de si es un vuelo nacional o internacional y de la \u00e9poca del a\u00f1o. Te lo contamos","robots":{"index":"index","follow":"follow","max-snippet":"max-snippet:-1","max-image-preview":"max-image-preview:large","max-video-preview":"max-video-preview:-1"},"canonical":"https:\/\/www.reclamador.es\/blog\/cuantas-horas-de-antelacion-hay-que-llegar-al-aeropuerto\/","og_locale":"es_ES","og_type":"article","og_title":"\u00bfCon cu\u00e1nto tiempo de antelaci\u00f3n hay que llegar al aeropuerto?","og_description":"\u00bfCon qu\u00e9 antelaci\u00f3n hay que llegar al aeropuerto? Depende de si es un vuelo nacional o internacional y de la \u00e9poca del a\u00f1o. Te lo contamos","og_url":"https:\/\/www.reclamador.es\/blog\/cuantas-horas-de-antelacion-hay-que-llegar-al-aeropuerto\/","og_site_name":"Rebeldes con causa, el blog de reclamador.es","article_publisher":"https:\/\/www.facebook.com\/reclamador.es","article_published_time":"2025-07-24T07:39:00+00:00","article_modified_time":"2025-08-01T07:39:46+00:00","og_image":[{"width":1200,"height":627,"url":"https:\/\/www.reclamador.es\/blog\/wp-content\/uploads\/2023\/11\/con-cuantas-hora-de-antelacion-hay-que-llegar-al-aeropuerto.jpg","type":"image\/jpeg"}],"author":"Alicia Ria\u00f1o","twitter_card":"summary_large_image","twitter_creator":"@reclamador","twitter_site":"@reclamador","twitter_misc":{"Escrito por":"Alicia Ria\u00f1o","Tiempo de lectura":"7 minutos"},"schema":{"@context":"https:\/\/schema.org","@graph":[{"@type":"Article","@id":"https:\/\/www.reclamador.es\/blog\/cuantas-horas-de-antelacion-hay-que-llegar-al-aeropuerto\/#article","isPartOf":{"@id":"https:\/\/www.reclamador.es\/blog\/cuantas-horas-de-antelacion-hay-que-llegar-al-aeropuerto\/"},"author":{"name":"Alicia Ria\u00f1o","@id":"https:\/\/www.reclamador.es\/blog\/#\/schema\/person\/2a9d121a6362255b8129c6fda9caffd5"},"headline":"\u00bfCon cu\u00e1ntas horas de antelaci\u00f3n hay que llegar al aeropuerto?","datePublished":"2025-07-24T07:39:00+00:00","dateModified":"2025-08-01T07:39:46+00:00","mainEntityOfPage":{"@id":"https:\/\/www.reclamador.es\/blog\/cuantas-horas-de-antelacion-hay-que-llegar-al-aeropuerto\/"},"wordCount":1396,"commentCount":0,"publisher":{"@id":"https:\/\/www.reclamador.es\/blog\/#organization"},"image":{"@id":"https:\/\/www.reclamador.es\/blog\/cuantas-horas-de-antelacion-hay-que-llegar-al-aeropuerto\/#primaryimage"},"thumbnailUrl":"https:\/\/i0.wp.com\/www.reclamador.es\/blog\/wp-content\/uploads\/2023\/11\/con-cuantas-hora-de-antelacion-hay-que-llegar-al-aeropuerto.jpg?fit=1200%2C627&ssl=1","keywords":["aerol\u00edneas","aeropuerto"],"articleSection":["Consejos legales"],"inLanguage":"es","potentialAction":[{"@type":"CommentAction","name":"Comment","target":["https:\/\/www.reclamador.es\/blog\/cuantas-horas-de-antelacion-hay-que-llegar-al-aeropuerto\/#respond"]}]},{"@type":"WebPage","@id":"https:\/\/www.reclamador.es\/blog\/cuantas-horas-de-antelacion-hay-que-llegar-al-aeropuerto\/","url":"https:\/\/www.reclamador.es\/blog\/cuantas-horas-de-antelacion-hay-que-llegar-al-aeropuerto\/","name":"\u00bfCon cu\u00e1nto tiempo de antelaci\u00f3n hay que llegar al aeropuerto?","isPartOf":{"@id":"https:\/\/www.reclamador.es\/blog\/#website"},"primaryImageOfPage":{"@id":"https:\/\/www.reclamador.es\/blog\/cuantas-horas-de-antelacion-hay-que-llegar-al-aeropuerto\/#primaryimage"},"image":{"@id":"https:\/\/www.reclamador.es\/blog\/cuantas-horas-de-antelacion-hay-que-llegar-al-aeropuerto\/#primaryimage"},"thumbnailUrl":"https:\/\/i0.wp.com\/www.reclamador.es\/blog\/wp-content\/uploads\/2023\/11\/con-cuantas-hora-de-antelacion-hay-que-llegar-al-aeropuerto.jpg?fit=1200%2C627&ssl=1","datePublished":"2025-07-24T07:39:00+00:00","dateModified":"2025-08-01T07:39:46+00:00","description":"\u00bfCon qu\u00e9 antelaci\u00f3n hay que llegar al aeropuerto? Depende de si es un vuelo nacional o internacional y de la \u00e9poca del a\u00f1o. Te lo contamos","breadcrumb":{"@id":"https:\/\/www.reclamador.es\/blog\/cuantas-horas-de-antelacion-hay-que-llegar-al-aeropuerto\/#breadcrumb"},"inLanguage":"es","potentialAction":[{"@type":"ReadAction","target":["https:\/\/www.reclamador.es\/blog\/cuantas-horas-de-antelacion-hay-que-llegar-al-aeropuerto\/"]}]},{"@type":"ImageObject","inLanguage":"es","@id":"https:\/\/www.reclamador.es\/blog\/cuantas-horas-de-antelacion-hay-que-llegar-al-aeropuerto\/#primaryimage","url":"https:\/\/i0.wp.com\/www.reclamador.es\/blog\/wp-content\/uploads\/2023\/11\/con-cuantas-hora-de-antelacion-hay-que-llegar-al-aeropuerto.jpg?fit=1200%2C627&ssl=1","contentUrl":"https:\/\/i0.wp.com\/www.reclamador.es\/blog\/wp-content\/uploads\/2023\/11\/con-cuantas-hora-de-antelacion-hay-que-llegar-al-aeropuerto.jpg?fit=1200%2C627&ssl=1","width":1200,"height":627,"caption":"\u00bfCon cu\u00e1ntas horas de antelaci\u00f3n llegar al aeropuerto?"},{"@type":"BreadcrumbList","@id":"https:\/\/www.reclamador.es\/blog\/cuantas-horas-de-antelacion-hay-que-llegar-al-aeropuerto\/#breadcrumb","itemListElement":[{"@type":"ListItem","position":1,"name":"Portada","item":"https:\/\/www.reclamador.es\/blog\/"},{"@type":"ListItem","position":2,"name":"\u00bfCon cu\u00e1ntas horas de antelaci\u00f3n hay que llegar al aeropuerto?"}]},{"@type":"WebSite","@id":"https:\/\/www.reclamador.es\/blog\/#website","url":"https:\/\/www.reclamador.es\/blog\/","name":"Rebeldes con causa, el blog de reclamador.es","description":"Noticias, entrevistas y consejos sobre reclamaciones","publisher":{"@id":"https:\/\/www.reclamador.es\/blog\/#organization"},"potentialAction":[{"@type":"SearchAction","target":{"@type":"EntryPoint","urlTemplate":"https:\/\/www.reclamador.es\/blog\/?s={search_term_string}"},"query-input":{"@type":"PropertyValueSpecification","valueRequired":true,"valueName":"search_term_string"}}],"inLanguage":"es"},{"@type":"Organization","@id":"https:\/\/www.reclamador.es\/blog\/#organization","name":"reclamador.es","url":"https:\/\/www.reclamador.es\/blog\/","logo":{"@type":"ImageObject","inLanguage":"es","@id":"https:\/\/www.reclamador.es\/blog\/#\/schema\/logo\/image\/","url":"https:\/\/i0.wp.com\/www.reclamador.es\/blog\/wp-content\/uploads\/2020\/01\/logo-reclamador.png?fit=1200%2C144&ssl=1","contentUrl":"https:\/\/i0.wp.com\/www.reclamador.es\/blog\/wp-content\/uploads\/2020\/01\/logo-reclamador.png?fit=1200%2C144&ssl=1","width":1200,"height":144,"caption":"reclamador.es"},"image":{"@id":"https:\/\/www.reclamador.es\/blog\/#\/schema\/logo\/image\/"},"sameAs":["https:\/\/www.facebook.com\/reclamador.es","https:\/\/x.com\/reclamador","https:\/\/www.instagram.com\/reclamador.es\/","https:\/\/www.linkedin.com\/company\/reclamador-es","https:\/\/www.youtube.com\/user\/Reclamadores"]},{"@type":"Person","@id":"https:\/\/www.reclamador.es\/blog\/#\/schema\/person\/2a9d121a6362255b8129c6fda9caffd5","name":"Alicia Ria\u00f1o","image":{"@type":"ImageObject","inLanguage":"es","@id":"https:\/\/secure.gravatar.com\/avatar\/2915f7664bf5ed4baf932328fabfe761f32f21ec1b577e7d54a7fee6613de25f?s=96&d=mm&r=g","url":"https:\/\/secure.gravatar.com\/avatar\/2915f7664bf5ed4baf932328fabfe761f32f21ec1b577e7d54a7fee6613de25f?s=96&d=mm&r=g","contentUrl":"https:\/\/secure.gravatar.com\/avatar\/2915f7664bf5ed4baf932328fabfe761f32f21ec1b577e7d54a7fee6613de25f?s=96&d=mm&r=g","caption":"Alicia Ria\u00f1o"},"description":"Periodista experta en comunicaci\u00f3n y marketing digital. Escribo para acercar la informaci\u00f3n legal de forma sencilla y comprensible a las personas.","sameAs":["https:\/\/www.linkedin.com\/in\/alicia-r-932a2959"],"url":"https:\/\/www.reclamador.es\/blog\/author\/alicia-riano\/"}]}},"jetpack_featured_media_url":"https:\/\/i0.wp.com\/www.reclamador.es\/blog\/wp-content\/uploads\/2023\/11\/con-cuantas-hora-de-antelacion-hay-que-llegar-al-aeropuerto.jpg?fit=1200%2C627&ssl=1","jetpack-related-posts":[{"id":35440,"url":"https:\/\/www.reclamador.es\/blog\/llevar-pasta-de-dientes-en-avion-cuando-esta-prohibido\/","url_meta":{"origin":31650,"position":0},"title":"Llevar pasta de dientes en avi\u00f3n: \u00bfcu\u00e1ndo est\u00e1 prohibido?","author":"Alicia Ria\u00f1o","date":"12 enero, 2026","format":false,"excerpt":"Es raro pensar en hacer un viaje, ya sea corto o de muchos d\u00edas, y no llevar pasta de dientes. El dent\u00edfrico suele tener diferentes tama\u00f1os y formatos, por lo que a la hora de preparar la maleta y el neceser, cuando el viaje es avi\u00f3n, hay que escoger muy\u2026","rel":"","context":"En \u00abConsejos legales\u00bb","block_context":{"text":"Consejos legales","link":"https:\/\/www.reclamador.es\/blog\/consejos\/"},"img":{"alt_text":"cu\u00e1ndo est\u00e1 prohibido llevar pasta de dientes en avion","src":"https:\/\/i0.wp.com\/www.reclamador.es\/blog\/wp-content\/uploads\/2026\/01\/Diseno-sin-titulo-6.jpg?fit=1200%2C630&ssl=1&resize=350%2C200","width":350,"height":200,"srcset":"https:\/\/i0.wp.com\/www.reclamador.es\/blog\/wp-content\/uploads\/2026\/01\/Diseno-sin-titulo-6.jpg?fit=1200%2C630&ssl=1&resize=350%2C200 1x, https:\/\/i0.wp.com\/www.reclamador.es\/blog\/wp-content\/uploads\/2026\/01\/Diseno-sin-titulo-6.jpg?fit=1200%2C630&ssl=1&resize=525%2C300 1.5x, https:\/\/i0.wp.com\/www.reclamador.es\/blog\/wp-content\/uploads\/2026\/01\/Diseno-sin-titulo-6.jpg?fit=1200%2C630&ssl=1&resize=700%2C400 2x, https:\/\/i0.wp.com\/www.reclamador.es\/blog\/wp-content\/uploads\/2026\/01\/Diseno-sin-titulo-6.jpg?fit=1200%2C630&ssl=1&resize=1050%2C600 3x"},"classes":[]},{"id":31339,"url":"https:\/\/www.reclamador.es\/blog\/los-errores-mas-comunes-en-los-aeropuertos\/","url_meta":{"origin":31650,"position":1},"title":"Errores comunes en los aeropuertos","author":"Alicia Ria\u00f1o","date":"17 abril, 2024","format":false,"excerpt":"\u00bfCu\u00e1les son los errores m\u00e1s frecuentes que cometemos los viajeros y viajeras cuando estamos en un aeropuerto? \u00bfY los problemas m\u00e1s comunes en los aeropuertos? incluso ... \u00bfQu\u00e9 es lo que te revisan en el aeropuerto? Estos lugares son puntos de partida emocionantes para las aventuras, pero tambi\u00e9n pueden ser\u2026","rel":"","context":"En \u00abConsejos legales\u00bb","block_context":{"text":"Consejos legales","link":"https:\/\/www.reclamador.es\/blog\/consejos\/"},"img":{"alt_text":"","src":"https:\/\/i0.wp.com\/www.reclamador.es\/blog\/wp-content\/uploads\/2023\/09\/los-errores-mas-comunes-en-los-aeropuertos-1200x630-2.jpg?fit=1200%2C630&ssl=1&resize=350%2C200","width":350,"height":200,"srcset":"https:\/\/i0.wp.com\/www.reclamador.es\/blog\/wp-content\/uploads\/2023\/09\/los-errores-mas-comunes-en-los-aeropuertos-1200x630-2.jpg?fit=1200%2C630&ssl=1&resize=350%2C200 1x, https:\/\/i0.wp.com\/www.reclamador.es\/blog\/wp-content\/uploads\/2023\/09\/los-errores-mas-comunes-en-los-aeropuertos-1200x630-2.jpg?fit=1200%2C630&ssl=1&resize=525%2C300 1.5x, https:\/\/i0.wp.com\/www.reclamador.es\/blog\/wp-content\/uploads\/2023\/09\/los-errores-mas-comunes-en-los-aeropuertos-1200x630-2.jpg?fit=1200%2C630&ssl=1&resize=700%2C400 2x, https:\/\/i0.wp.com\/www.reclamador.es\/blog\/wp-content\/uploads\/2023\/09\/los-errores-mas-comunes-en-los-aeropuertos-1200x630-2.jpg?fit=1200%2C630&ssl=1&resize=1050%2C600 3x"},"classes":[]},{"id":4773,"url":"https:\/\/www.reclamador.es\/blog\/equipajes-especiales\/","url_meta":{"origin":31650,"position":2},"title":"\u00bfQu\u00e9 se considera equipaje especial en un vuelo y c\u00f3mo se factura?","author":"Equipo reclamador","date":"27 febrero, 2024","format":false,"excerpt":"Hay tantos tipos de viajeros en el mundo como aficiones y empleos. Lo que uno pueda necesitar no lo necesita el otro y, quiz\u00e1s, nunca te hab\u00edas parado a pensar si est\u00e1 permitido viajar con todo el material que necesitas. Todo esto podr\u00eda entrar en lo que se denomina equipaje\u2026","rel":"","context":"En \u00abConsejos legales\u00bb","block_context":{"text":"Consejos legales","link":"https:\/\/www.reclamador.es\/blog\/consejos\/"},"img":{"alt_text":"reclamador - Surf, bicis, instrumentos musicales... c\u00f3mo facturar equipaje especial","src":"https:\/\/i0.wp.com\/www.reclamador.es\/blog\/wp-content\/uploads\/2024\/02\/equipaje-especial-surf-bicicleta-deportes-instrumentos-aerolineas-1200x630-1.jpg?fit=1200%2C630&ssl=1&resize=350%2C200","width":350,"height":200,"srcset":"https:\/\/i0.wp.com\/www.reclamador.es\/blog\/wp-content\/uploads\/2024\/02\/equipaje-especial-surf-bicicleta-deportes-instrumentos-aerolineas-1200x630-1.jpg?fit=1200%2C630&ssl=1&resize=350%2C200 1x, https:\/\/i0.wp.com\/www.reclamador.es\/blog\/wp-content\/uploads\/2024\/02\/equipaje-especial-surf-bicicleta-deportes-instrumentos-aerolineas-1200x630-1.jpg?fit=1200%2C630&ssl=1&resize=525%2C300 1.5x, https:\/\/i0.wp.com\/www.reclamador.es\/blog\/wp-content\/uploads\/2024\/02\/equipaje-especial-surf-bicicleta-deportes-instrumentos-aerolineas-1200x630-1.jpg?fit=1200%2C630&ssl=1&resize=700%2C400 2x, https:\/\/i0.wp.com\/www.reclamador.es\/blog\/wp-content\/uploads\/2024\/02\/equipaje-especial-surf-bicicleta-deportes-instrumentos-aerolineas-1200x630-1.jpg?fit=1200%2C630&ssl=1&resize=1050%2C600 3x"},"classes":[]},{"id":29958,"url":"https:\/\/www.reclamador.es\/blog\/problemas-en-los-aeropuertos\/","url_meta":{"origin":31650,"position":3},"title":"Problemas en los aeropuertos por falta de personal y otras incidencias","author":"Alicia Ria\u00f1o","date":"16 junio, 2025","format":false,"excerpt":"Llevamos varios veranos\u00a0escuchando c\u00f3mo el caos se apodera de aeropuertos tan importantes como el de Heathrow, en Londres, o el Aeropuerto Schiphol de \u00c1msterdam, incluso problemas de enormes retrasos en los controles de pasaportes de numerosos aer\u00f3dromos espa\u00f1oles, destacando las eternas filas en el Aeropuerto Adolfo Su\u00e1rez Madrid-Barajas o el\u2026","rel":"","context":"En \u00abConsejos legales\u00bb","block_context":{"text":"Consejos legales","link":"https:\/\/www.reclamador.es\/blog\/consejos\/"},"img":{"alt_text":"verano - problemas en los aeropuertos","src":"https:\/\/i0.wp.com\/www.reclamador.es\/blog\/wp-content\/uploads\/2022\/07\/problemas-en-los-aeropuertos-reclamador.jpg?fit=1200%2C661&ssl=1&resize=350%2C200","width":350,"height":200,"srcset":"https:\/\/i0.wp.com\/www.reclamador.es\/blog\/wp-content\/uploads\/2022\/07\/problemas-en-los-aeropuertos-reclamador.jpg?fit=1200%2C661&ssl=1&resize=350%2C200 1x, https:\/\/i0.wp.com\/www.reclamador.es\/blog\/wp-content\/uploads\/2022\/07\/problemas-en-los-aeropuertos-reclamador.jpg?fit=1200%2C661&ssl=1&resize=525%2C300 1.5x, https:\/\/i0.wp.com\/www.reclamador.es\/blog\/wp-content\/uploads\/2022\/07\/problemas-en-los-aeropuertos-reclamador.jpg?fit=1200%2C661&ssl=1&resize=700%2C400 2x, https:\/\/i0.wp.com\/www.reclamador.es\/blog\/wp-content\/uploads\/2022\/07\/problemas-en-los-aeropuertos-reclamador.jpg?fit=1200%2C661&ssl=1&resize=1050%2C600 3x"},"classes":[]},{"id":33461,"url":"https:\/\/www.reclamador.es\/blog\/escapada-ultima-hora-trucos-conseguir-vuelos-baratos\/","url_meta":{"origin":31650,"position":4},"title":"\u00bfEscapada de \u00faltima hora? Trucos para conseguir vuelos baratos","author":"Alicia Ria\u00f1o","date":"20 diciembre, 2024","format":false,"excerpt":"\u00bfTienes unos d\u00edas libres inesperados y quieres hacer una escapada de \u00faltima hora? Sabemos que planificar con tiempo suele ser la norma al organizar un viaje, pero a veces, la improvisaci\u00f3n se convierte en el protagonista. Ya sea por unas vacaciones inesperadas, una oferta irresistible o simplemente el deseo de\u2026","rel":"","context":"En \u00abConsejos legales\u00bb","block_context":{"text":"Consejos legales","link":"https:\/\/www.reclamador.es\/blog\/consejos\/"},"img":{"alt_text":"Conseguir vuelos baratos de \u00faltima hora","src":"https:\/\/i0.wp.com\/www.reclamador.es\/blog\/wp-content\/uploads\/2024\/12\/trucos-para-comprar-viajes-de-ultima-hora-1200x630-1.jpg?fit=1200%2C630&ssl=1&resize=350%2C200","width":350,"height":200,"srcset":"https:\/\/i0.wp.com\/www.reclamador.es\/blog\/wp-content\/uploads\/2024\/12\/trucos-para-comprar-viajes-de-ultima-hora-1200x630-1.jpg?fit=1200%2C630&ssl=1&resize=350%2C200 1x, https:\/\/i0.wp.com\/www.reclamador.es\/blog\/wp-content\/uploads\/2024\/12\/trucos-para-comprar-viajes-de-ultima-hora-1200x630-1.jpg?fit=1200%2C630&ssl=1&resize=525%2C300 1.5x, https:\/\/i0.wp.com\/www.reclamador.es\/blog\/wp-content\/uploads\/2024\/12\/trucos-para-comprar-viajes-de-ultima-hora-1200x630-1.jpg?fit=1200%2C630&ssl=1&resize=700%2C400 2x, https:\/\/i0.wp.com\/www.reclamador.es\/blog\/wp-content\/uploads\/2024\/12\/trucos-para-comprar-viajes-de-ultima-hora-1200x630-1.jpg?fit=1200%2C630&ssl=1&resize=1050%2C600 3x"},"classes":[]},{"id":32077,"url":"https:\/\/www.reclamador.es\/blog\/viajar-avion-presupuesto-limitado\/","url_meta":{"origin":31650,"position":5},"title":"Vuelos baratos: trucos para viajar en avi\u00f3n con poco presupuesto","author":"Alicia Ria\u00f1o","date":"9 mayo, 2025","format":false,"excerpt":"\u00bfEst\u00e1s buscando viajes con las 3 \u201cb\u201d? \u00bfBueno, bonito y barato? Viajar en avi\u00f3n con presupuesto limitado es posible. \u00bfC\u00f3mo? Con planificaci\u00f3n y algunos trucos que en este post hemos recopilado. A continuaci\u00f3n te contamos qu\u00e9 puedes hacer para conseguir un viaje en avi\u00f3n barato.\u00a0 Trucos para viajar en avi\u00f3n\u2026","rel":"","context":"En \u00abConsejos legales\u00bb","block_context":{"text":"Consejos legales","link":"https:\/\/www.reclamador.es\/blog\/consejos\/"},"img":{"alt_text":"viajar barato en avi\u00f3n","src":"https:\/\/i0.wp.com\/www.reclamador.es\/blog\/wp-content\/uploads\/2024\/03\/trucos-viajar-en-avion-con-presupuesto-limitado-1200x630-1.jpg?fit=1200%2C630&ssl=1&resize=350%2C200","width":350,"height":200,"srcset":"https:\/\/i0.wp.com\/www.reclamador.es\/blog\/wp-content\/uploads\/2024\/03\/trucos-viajar-en-avion-con-presupuesto-limitado-1200x630-1.jpg?fit=1200%2C630&ssl=1&resize=350%2C200 1x, https:\/\/i0.wp.com\/www.reclamador.es\/blog\/wp-content\/uploads\/2024\/03\/trucos-viajar-en-avion-con-presupuesto-limitado-1200x630-1.jpg?fit=1200%2C630&ssl=1&resize=525%2C300 1.5x, https:\/\/i0.wp.com\/www.reclamador.es\/blog\/wp-content\/uploads\/2024\/03\/trucos-viajar-en-avion-con-presupuesto-limitado-1200x630-1.jpg?fit=1200%2C630&ssl=1&resize=700%2C400 2x, https:\/\/i0.wp.com\/www.reclamador.es\/blog\/wp-content\/uploads\/2024\/03\/trucos-viajar-en-avion-con-presupuesto-limitado-1200x630-1.jpg?fit=1200%2C630&ssl=1&resize=1050%2C600 3x"},"classes":[]}],"jetpack_sharing_enabled":true,"_links":{"self":[{"href":"https:\/\/www.reclamador.es\/blog\/wp-json\/wp\/v2\/posts\/31650","targetHints":{"allow":["GET"]}}],"collection":[{"href":"https:\/\/www.reclamador.es\/blog\/wp-json\/wp\/v2\/posts"}],"about":[{"href":"https:\/\/www.reclamador.es\/blog\/wp-json\/wp\/v2\/types\/post"}],"author":[{"embeddable":true,"href":"https:\/\/www.reclamador.es\/blog\/wp-json\/wp\/v2\/users\/28"}],"replies":[{"embeddable":true,"href":"https:\/\/www.reclamador.es\/blog\/wp-json\/wp\/v2\/comments?post=31650"}],"version-history":[{"count":8,"href":"https:\/\/www.reclamador.es\/blog\/wp-json\/wp\/v2\/posts\/31650\/revisions"}],"predecessor-version":[{"id":34699,"href":"https:\/\/www.reclamador.es\/blog\/wp-json\/wp\/v2\/posts\/31650\/revisions\/34699"}],"wp:featuredmedia":[{"embeddable":true,"href":"https:\/\/www.reclamador.es\/blog\/wp-json\/wp\/v2\/media\/34612"}],"wp:attachment":[{"href":"https:\/\/www.reclamador.es\/blog\/wp-json\/wp\/v2\/media?parent=31650"}],"wp:term":[{"taxonomy":"category","embeddable":true,"href":"https:\/\/www.reclamador.es\/blog\/wp-json\/wp\/v2\/categories?post=31650"},{"taxonomy":"post_tag","embeddable":true,"href":"https:\/\/www.reclamador.es\/blog\/wp-json\/wp\/v2\/tags?post=31650"}],"curies":[{"name":"wp","href":"https:\/\/api.w.org\/{rel}","templated":true}]}}