{"id":31426,"date":"2023-10-17T09:45:35","date_gmt":"2023-10-17T07:45:35","guid":{"rendered":"https:\/\/www.reclamador.es\/blog\/?p=31426"},"modified":"2025-08-22T08:17:40","modified_gmt":"2025-08-22T06:17:40","slug":"entrevista-pedro-caso-real-reclamacion-plusvalia-municipal","status":"publish","type":"post","link":"https:\/\/www.reclamador.es\/blog\/entrevista-pedro-caso-real-reclamacion-plusvalia-municipal\/","title":{"rendered":"\u201cLos ayuntamientos deber\u00edan devolver el dinero de la plusval\u00eda municipal motu proprio, en el momento en que se elimin\u00f3 ese impuesto\u201d"},"content":{"rendered":"<div class=\"ttr_start\"><\/div>\n\n<div class=\"kk-star-ratings kksr-auto kksr-align-right kksr-valign-top\"\n    data-payload='{&quot;align&quot;:&quot;right&quot;,&quot;id&quot;:&quot;31426&quot;,&quot;slug&quot;:&quot;default&quot;,&quot;valign&quot;:&quot;top&quot;,&quot;ignore&quot;:&quot;&quot;,&quot;reference&quot;:&quot;auto&quot;,&quot;class&quot;:&quot;&quot;,&quot;count&quot;:&quot;0&quot;,&quot;legendonly&quot;:&quot;&quot;,&quot;readonly&quot;:&quot;&quot;,&quot;score&quot;:&quot;0&quot;,&quot;starsonly&quot;:&quot;&quot;,&quot;best&quot;:&quot;5&quot;,&quot;gap&quot;:&quot;3&quot;,&quot;greet&quot;:&quot;Valora este art\u00edculo&quot;,&quot;legend&quot;:&quot;0\\\/5 - (0 votos)&quot;,&quot;size&quot;:&quot;20&quot;,&quot;title&quot;:&quot;\u201cLos ayuntamientos deber\u00edan devolver el dinero de la plusval\u00eda municipal motu proprio, en el momento en que se elimin\u00f3 ese impuesto\u201d&quot;,&quot;width&quot;:&quot;0&quot;,&quot;_legend&quot;:&quot;{score}\\\/{best} - ({count} {votes})&quot;,&quot;font_factor&quot;:&quot;1.25&quot;}'>\n            \n<div class=\"kksr-stars\">\n    \n<div class=\"kksr-stars-inactive\">\n            <div class=\"kksr-star\" data-star=\"1\" style=\"padding-right: 3px\">\n            \n\n<div class=\"kksr-icon\" style=\"width: 20px; height: 20px;\"><\/div>\n        <\/div>\n            <div class=\"kksr-star\" data-star=\"2\" style=\"padding-right: 3px\">\n            \n\n<div class=\"kksr-icon\" style=\"width: 20px; height: 20px;\"><\/div>\n        <\/div>\n            <div class=\"kksr-star\" data-star=\"3\" style=\"padding-right: 3px\">\n            \n\n<div class=\"kksr-icon\" style=\"width: 20px; height: 20px;\"><\/div>\n        <\/div>\n            <div class=\"kksr-star\" data-star=\"4\" style=\"padding-right: 3px\">\n            \n\n<div class=\"kksr-icon\" style=\"width: 20px; height: 20px;\"><\/div>\n        <\/div>\n            <div class=\"kksr-star\" data-star=\"5\" style=\"padding-right: 3px\">\n            \n\n<div class=\"kksr-icon\" style=\"width: 20px; height: 20px;\"><\/div>\n        <\/div>\n    <\/div>\n    \n<div class=\"kksr-stars-active\" style=\"width: 0px;\">\n            <div class=\"kksr-star\" style=\"padding-right: 3px\">\n            \n\n<div class=\"kksr-icon\" style=\"width: 20px; height: 20px;\"><\/div>\n        <\/div>\n            <div class=\"kksr-star\" style=\"padding-right: 3px\">\n            \n\n<div class=\"kksr-icon\" style=\"width: 20px; height: 20px;\"><\/div>\n        <\/div>\n            <div class=\"kksr-star\" style=\"padding-right: 3px\">\n            \n\n<div class=\"kksr-icon\" style=\"width: 20px; height: 20px;\"><\/div>\n        <\/div>\n            <div class=\"kksr-star\" style=\"padding-right: 3px\">\n            \n\n<div class=\"kksr-icon\" style=\"width: 20px; height: 20px;\"><\/div>\n        <\/div>\n            <div class=\"kksr-star\" style=\"padding-right: 3px\">\n            \n\n<div class=\"kksr-icon\" style=\"width: 20px; height: 20px;\"><\/div>\n        <\/div>\n    <\/div>\n<\/div>\n                \n\n<div class=\"kksr-legend\" style=\"font-size: 16px;\">\n            <span class=\"kksr-muted\">Valora este art\u00edculo<\/span>\n    <\/div>\n    <\/div>\n\n<figure id=\"attachment_31428\" aria-describedby=\"caption-attachment-31428\" style=\"width: 1200px\" class=\"wp-caption aligncenter\"><img data-recalc-dims=\"1\" loading=\"lazy\" decoding=\"async\" class=\"size-full wp-image-31428\" src=\"https:\/\/i0.wp.com\/www.reclamador.es\/blog\/wp-content\/uploads\/2023\/10\/entrevista-cliente-plusvalia-municipal-Pedro-1200x630-1.jpg?resize=1200%2C675&#038;ssl=1\" alt=\"reclamador caso real ganado cliente reclamacion plusvalia municipal\" width=\"1200\" height=\"675\" \/><figcaption id=\"caption-attachment-31428\" class=\"wp-caption-text\"><em>Pedro, caso ganado plusval\u00eda municipal<\/em><\/figcaption><\/figure>\n<p><span style=\"font-weight: 400;\">Diplomado en Criminolog\u00eda y con varios cursos de Derecho realizados, carrera que no termin\u00f3, ha sido comercial toda la vida, llegando incluso a montar dos empresas donde trabajan tambi\u00e9n sus hijos actualmente.\u00a0 As\u00ed es Pedro Luis (Madrid, 1959), uno de nuestros rostros reclamadores de la semana del impuesto de la plusval\u00eda municipal.\u00a0<\/span><\/p>\n<p><span style=\"font-weight: 400;\"><em>\u201cAhora, reci\u00e9n jubilado me ir\u00e9 a vivir a Gij\u00f3n\u201d<\/em>, nos cuenta Pedro, que tras 40 a\u00f1os de trabajo, y a pesar de haber vivido siempre en Madrid, har\u00e1 las maletas para irse a Asturias. Le encanta pasear por el mar, algo que le relaja, adem\u00e1s de pintar, leer, el cine y escribir.<\/span><\/p>\n<p><span style=\"font-weight: 400;\">Pedro ten\u00eda una casa en Las Rozas (Madrid) y pag\u00f3 el impuesto de la plusval\u00eda al venderla, teniendo conocimiento de que pod\u00eda reclamar. Se trata de un nuevo caso ganado por reclamador.es frente a la Administraci\u00f3n. Nuestros abogados fiscalistas han conseguido que nuestro cliente<strong> recupere m\u00e1s de 11.000 euros.<\/strong><\/span><\/p>\n<h3><b>Hola Pedro, \u00bfQu\u00e9 nos puedes decir sobre tu ayuntamiento? \u00bfSab\u00edas que pod\u00edas reclamar el dinero de la plusval\u00eda municipal? Vamos a hablar de todo.<\/b><\/h3>\n<p>Sab\u00eda que pod\u00eda reclamar, s\u00ed. El d\u00eda que liquid\u00e9 la plusval\u00eda ya lo hice saber en el ayuntamiento. <b><span style=\"font-weight: 400;\">Me dijeron que a\u00fan no se hab\u00eda quitado el impuesto, que \u201ceso era un proyecto\".\u00a0<\/span><\/b><\/p>\n<blockquote>\n<p><strong>\"Sab\u00eda que pod\u00eda reclamar, s\u00ed. El d\u00eda que liquid\u00e9 la plusval\u00eda\u00a0ya lo hice saber en el ayuntamiento\".\u00a0<\/strong><\/p>\n<\/blockquote>\n<h3><b>Afortunadamente, estabas informado. Es un primer paso muy importante para defender los derechos de los ciudadanos y poner a las compa\u00f1\u00edas y a la administraci\u00f3n en su sitio.<\/b><\/h3>\n<p><span style=\"font-weight: 400;\">S\u00ed. All\u00ed mismo les coment\u00e9 que pagar\u00eda y que reclamar\u00eda m\u00e1s tarde.\u00a0<\/span><\/p>\n<h3><b>En este terreno, la gente tiene razones sobradas para estar preocupada. Estabas pagando un tributo que ha sido declarado inconstitucional. <\/b><b>As\u00ed las cosas, sabiendo que pod\u00edas reclamar, \u00bfte sentiste estafado por tu ayuntamiento?<\/b><\/h3>\n<p><span style=\"font-weight: 400;\">Claro que me sent\u00ed (siento) estafado. Los ayuntamientos deber\u00edan devolver el dinero de la plusval\u00eda municipal motu proprio, y en el momento en que se elimin\u00f3 ese impuesto.<\/span><\/p>\n<h3><b>\u00bfDesde cu\u00e1ndo ten\u00edas la casa?<\/b><\/h3>\n<p><span style=\"font-weight: 400;\">Era mi vivienda habitual, llevaba en ella 25 a\u00f1os, y la tuve que vender para liquidar la sociedad de gananciales, tras un divorcio.<\/span><\/p>\n<p><span style=\"font-weight: 400;\">La casa cost\u00f3 exactamente 25.000.000 de pesetas, es decir, unos 150.000 \u20ac y la vend\u00ed por 410.000 euros. En ese momento, se liquid\u00f3 una plusval\u00eda por un importe de unos 12.000 euros.<\/span><\/p>\n<h3><b>El precio de venta fue superior al precio de compra pero hay que hacer hincapi\u00e9 en que el Tribunal Constitucional anul\u00f3 por completo la plusval\u00eda municipal, incluso en el caso de que la venta de un inmueble hubiera producido una ganancia. Dicho esto, \u00bfmiraste otras opciones aparte de nosotros para reclamar, Pedro?<\/b><\/h3>\n<p><span style=\"font-weight: 400;\">No, nunca mir\u00e9 otras opciones. Desde el primer momento conf\u00ede en vosotros.<\/span><\/p>\n<h3><b>\u00bfCu\u00e1l ha sido tu mejor momento durante la reclamaci\u00f3n y por qu\u00e9? Seg\u00fan veo en tu expediente has recuperado m\u00e1s de 11.000 euros.\u00a0<\/b><\/h3>\n<p><span style=\"font-weight: 400;\">No s\u00e9. El mejor momento pudo ser cuando cobr\u00e9 y el llamar a mi ex, que no sab\u00eda nada, y comunicarle que ten\u00eda la mitad de lo cobrado.<\/span><\/p>\n<h3><b>\u00bfConfiabas en ganar?<\/b><\/h3>\n<p><span style=\"font-weight: 400;\">S\u00ed. Desde un primer momento confi\u00e9 en que ganar\u00edamos.<\/span><\/p>\n<h3><b>Si tuvieras que definirnos en una palabra, \u00bfqu\u00e9 dir\u00edas que somos?<\/b><\/h3>\n<p><span style=\"font-weight: 400;\">La palabra que creo que os define es vuestra EFICACIA.<\/span><\/p>\n<h3><b>\u00bfRecomendar\u00edas los servicios de reclamador.es?<\/b><\/h3>\n<p><span style=\"font-weight: 400;\">Te dir\u00e9 que s\u00ed, ya os he recomendado a un par de amigos y lo volver\u00e9 a hacer si surge.<\/span><\/p>\n<p><b>Muchas gracias por tu amabilidad Pedro y por contarnos tu historia.<\/b><\/p>\n<p><span style=\"font-weight: 400;\">Yo tambi\u00e9n quiero volver a daros las gracias.<\/span><\/p>\n<div class=\"ttr_end\"><\/div>","protected":false},"excerpt":{"rendered":"<p>Diplomado en Criminolog\u00eda y con varios cursos de Derecho realizados, carrera que no termin\u00f3, ha sido comercial toda la vida, llegando incluso a montar dos empresas donde trabajan tambi\u00e9n sus hijos actualmente.\u00a0 As\u00ed es Pedro Luis (Madrid, 1959), uno de nuestros rostros reclamadores de la semana del impuesto de la plusval\u00eda municipal.\u00a0 \u201cAhora, reci\u00e9n jubilado [&hellip;]<\/p>\n","protected":false},"author":3,"featured_media":31428,"comment_status":"open","ping_status":"open","sticky":false,"template":"","format":"standard","meta":{"_acf_changed":false,"_genesis_hide_title":false,"_genesis_hide_breadcrumbs":false,"_genesis_hide_singular_image":false,"_genesis_hide_footer_widgets":false,"_genesis_custom_body_class":"","_genesis_custom_post_class":"","_genesis_layout":"","_jetpack_newsletter_access":"","_jetpack_dont_email_post_to_subs":false,"_jetpack_newsletter_tier_id":0,"_jetpack_memberships_contains_paywalled_content":false,"_jetpack_memberships_contains_paid_content":false,"footnotes":""},"categories":[396],"tags":[701],"class_list":{"0":"post-31426","1":"post","2":"type-post","3":"status-publish","4":"format-standard","5":"has-post-thumbnail","7":"category-reclamadores","8":"tag-plusvalia-municipal","9":"entry"},"acf":[],"yoast_head":"<!-- This site is optimized with the Yoast SEO plugin v27.4 - https:\/\/yoast.com\/product\/yoast-seo-wordpress\/ -->\n<title>Entrevista a Pedro: caso real reclamaci\u00f3n plusval\u00eda municipal<\/title>\n<meta name=\"description\" content=\"Nueva entrevista de caso ganado al ayuntamiento por reclamaci\u00f3n de impuesto. Os traemos un caso real de reclamaci\u00f3n por plusval\u00eda municipal.\" \/>\n<meta name=\"robots\" content=\"index, follow, max-snippet:-1, max-image-preview:large, max-video-preview:-1\" \/>\n<link rel=\"canonical\" href=\"https:\/\/www.reclamador.es\/blog\/entrevista-pedro-caso-real-reclamacion-plusvalia-municipal\/\" \/>\n<meta property=\"og:locale\" content=\"es_ES\" \/>\n<meta property=\"og:type\" content=\"article\" \/>\n<meta property=\"og:title\" content=\"Entrevista a Pedro: caso real reclamaci\u00f3n plusval\u00eda municipal\" \/>\n<meta property=\"og:description\" content=\"Nueva entrevista de caso ganado al ayuntamiento por reclamaci\u00f3n de impuesto. Os traemos un caso real de reclamaci\u00f3n por plusval\u00eda municipal.\" \/>\n<meta property=\"og:url\" content=\"https:\/\/www.reclamador.es\/blog\/entrevista-pedro-caso-real-reclamacion-plusvalia-municipal\/\" \/>\n<meta property=\"og:site_name\" content=\"Rebeldes con causa, el blog de reclamador.es\" \/>\n<meta property=\"article:publisher\" content=\"https:\/\/www.facebook.com\/reclamador.es\" \/>\n<meta property=\"article:published_time\" content=\"2023-10-17T07:45:35+00:00\" \/>\n<meta property=\"article:modified_time\" content=\"2025-08-22T06:17:40+00:00\" \/>\n<meta property=\"og:image\" content=\"https:\/\/www.reclamador.es\/blog\/wp-content\/uploads\/2023\/10\/entrevista-cliente-plusvalia-municipal-Pedro-1200x630-1.jpg\" \/>\n\t<meta property=\"og:image:width\" content=\"1200\" \/>\n\t<meta property=\"og:image:height\" content=\"630\" \/>\n\t<meta property=\"og:image:type\" content=\"image\/jpeg\" \/>\n<meta name=\"author\" content=\"Cristina Naveda\" \/>\n<meta name=\"twitter:card\" content=\"summary_large_image\" \/>\n<meta name=\"twitter:creator\" content=\"@reclamador\" \/>\n<meta name=\"twitter:site\" content=\"@reclamador\" \/>\n<meta name=\"twitter:label1\" content=\"Escrito por\" \/>\n\t<meta name=\"twitter:data1\" content=\"Cristina Naveda\" \/>\n\t<meta name=\"twitter:label2\" content=\"Tiempo de lectura\" \/>\n\t<meta name=\"twitter:data2\" content=\"4 minutos\" \/>\n<script type=\"application\/ld+json\" class=\"yoast-schema-graph\">{\"@context\":\"https:\\\/\\\/schema.org\",\"@graph\":[{\"@type\":\"Article\",\"@id\":\"https:\\\/\\\/www.reclamador.es\\\/blog\\\/entrevista-pedro-caso-real-reclamacion-plusvalia-municipal\\\/#article\",\"isPartOf\":{\"@id\":\"https:\\\/\\\/www.reclamador.es\\\/blog\\\/entrevista-pedro-caso-real-reclamacion-plusvalia-municipal\\\/\"},\"author\":{\"name\":\"Cristina Naveda\",\"@id\":\"https:\\\/\\\/www.reclamador.es\\\/blog\\\/#\\\/schema\\\/person\\\/c446a02b3fcf1607a8a2139c36fbe583\"},\"headline\":\"\u201cLos ayuntamientos deber\u00edan devolver el dinero de la plusval\u00eda municipal motu proprio, en el momento en que se elimin\u00f3 ese impuesto\u201d\",\"datePublished\":\"2023-10-17T07:45:35+00:00\",\"dateModified\":\"2025-08-22T06:17:40+00:00\",\"mainEntityOfPage\":{\"@id\":\"https:\\\/\\\/www.reclamador.es\\\/blog\\\/entrevista-pedro-caso-real-reclamacion-plusvalia-municipal\\\/\"},\"wordCount\":658,\"commentCount\":2,\"publisher\":{\"@id\":\"https:\\\/\\\/www.reclamador.es\\\/blog\\\/#organization\"},\"image\":{\"@id\":\"https:\\\/\\\/www.reclamador.es\\\/blog\\\/entrevista-pedro-caso-real-reclamacion-plusvalia-municipal\\\/#primaryimage\"},\"thumbnailUrl\":\"https:\\\/\\\/i0.wp.com\\\/www.reclamador.es\\\/blog\\\/wp-content\\\/uploads\\\/2023\\\/10\\\/entrevista-cliente-plusvalia-municipal-Pedro-1200x630-1.jpg?fit=1200%2C630&ssl=1\",\"keywords\":[\"plusval\u00eda municipal\"],\"articleSection\":[\"Conoce todo lo que sucede en reclamador.es\"],\"inLanguage\":\"es\",\"potentialAction\":[{\"@type\":\"CommentAction\",\"name\":\"Comment\",\"target\":[\"https:\\\/\\\/www.reclamador.es\\\/blog\\\/entrevista-pedro-caso-real-reclamacion-plusvalia-municipal\\\/#respond\"]}]},{\"@type\":\"WebPage\",\"@id\":\"https:\\\/\\\/www.reclamador.es\\\/blog\\\/entrevista-pedro-caso-real-reclamacion-plusvalia-municipal\\\/\",\"url\":\"https:\\\/\\\/www.reclamador.es\\\/blog\\\/entrevista-pedro-caso-real-reclamacion-plusvalia-municipal\\\/\",\"name\":\"Entrevista a Pedro: caso real reclamaci\u00f3n plusval\u00eda municipal\",\"isPartOf\":{\"@id\":\"https:\\\/\\\/www.reclamador.es\\\/blog\\\/#website\"},\"primaryImageOfPage\":{\"@id\":\"https:\\\/\\\/www.reclamador.es\\\/blog\\\/entrevista-pedro-caso-real-reclamacion-plusvalia-municipal\\\/#primaryimage\"},\"image\":{\"@id\":\"https:\\\/\\\/www.reclamador.es\\\/blog\\\/entrevista-pedro-caso-real-reclamacion-plusvalia-municipal\\\/#primaryimage\"},\"thumbnailUrl\":\"https:\\\/\\\/i0.wp.com\\\/www.reclamador.es\\\/blog\\\/wp-content\\\/uploads\\\/2023\\\/10\\\/entrevista-cliente-plusvalia-municipal-Pedro-1200x630-1.jpg?fit=1200%2C630&ssl=1\",\"datePublished\":\"2023-10-17T07:45:35+00:00\",\"dateModified\":\"2025-08-22T06:17:40+00:00\",\"description\":\"Nueva entrevista de caso ganado al ayuntamiento por reclamaci\u00f3n de impuesto. Os traemos un caso real de reclamaci\u00f3n por plusval\u00eda municipal.\",\"breadcrumb\":{\"@id\":\"https:\\\/\\\/www.reclamador.es\\\/blog\\\/entrevista-pedro-caso-real-reclamacion-plusvalia-municipal\\\/#breadcrumb\"},\"inLanguage\":\"es\",\"potentialAction\":[{\"@type\":\"ReadAction\",\"target\":[\"https:\\\/\\\/www.reclamador.es\\\/blog\\\/entrevista-pedro-caso-real-reclamacion-plusvalia-municipal\\\/\"]}]},{\"@type\":\"ImageObject\",\"inLanguage\":\"es\",\"@id\":\"https:\\\/\\\/www.reclamador.es\\\/blog\\\/entrevista-pedro-caso-real-reclamacion-plusvalia-municipal\\\/#primaryimage\",\"url\":\"https:\\\/\\\/i0.wp.com\\\/www.reclamador.es\\\/blog\\\/wp-content\\\/uploads\\\/2023\\\/10\\\/entrevista-cliente-plusvalia-municipal-Pedro-1200x630-1.jpg?fit=1200%2C630&ssl=1\",\"contentUrl\":\"https:\\\/\\\/i0.wp.com\\\/www.reclamador.es\\\/blog\\\/wp-content\\\/uploads\\\/2023\\\/10\\\/entrevista-cliente-plusvalia-municipal-Pedro-1200x630-1.jpg?fit=1200%2C630&ssl=1\",\"width\":1200,\"height\":630,\"caption\":\"Pedro, caso ganado plusval\u00eda municipal\"},{\"@type\":\"BreadcrumbList\",\"@id\":\"https:\\\/\\\/www.reclamador.es\\\/blog\\\/entrevista-pedro-caso-real-reclamacion-plusvalia-municipal\\\/#breadcrumb\",\"itemListElement\":[{\"@type\":\"ListItem\",\"position\":1,\"name\":\"Portada\",\"item\":\"https:\\\/\\\/www.reclamador.es\\\/blog\\\/\"},{\"@type\":\"ListItem\",\"position\":2,\"name\":\"\u201cLos ayuntamientos deber\u00edan devolver el dinero de la plusval\u00eda municipal motu proprio, en el momento en que se elimin\u00f3 ese impuesto\u201d\"}]},{\"@type\":\"WebSite\",\"@id\":\"https:\\\/\\\/www.reclamador.es\\\/blog\\\/#website\",\"url\":\"https:\\\/\\\/www.reclamador.es\\\/blog\\\/\",\"name\":\"Rebeldes con causa, el blog de reclamador.es\",\"description\":\"Noticias, entrevistas y consejos sobre reclamaciones\",\"publisher\":{\"@id\":\"https:\\\/\\\/www.reclamador.es\\\/blog\\\/#organization\"},\"potentialAction\":[{\"@type\":\"SearchAction\",\"target\":{\"@type\":\"EntryPoint\",\"urlTemplate\":\"https:\\\/\\\/www.reclamador.es\\\/blog\\\/?s={search_term_string}\"},\"query-input\":{\"@type\":\"PropertyValueSpecification\",\"valueRequired\":true,\"valueName\":\"search_term_string\"}}],\"inLanguage\":\"es\"},{\"@type\":\"Organization\",\"@id\":\"https:\\\/\\\/www.reclamador.es\\\/blog\\\/#organization\",\"name\":\"reclamador.es\",\"url\":\"https:\\\/\\\/www.reclamador.es\\\/blog\\\/\",\"logo\":{\"@type\":\"ImageObject\",\"inLanguage\":\"es\",\"@id\":\"https:\\\/\\\/www.reclamador.es\\\/blog\\\/#\\\/schema\\\/logo\\\/image\\\/\",\"url\":\"https:\\\/\\\/i0.wp.com\\\/www.reclamador.es\\\/blog\\\/wp-content\\\/uploads\\\/2020\\\/01\\\/logo-reclamador.png?fit=1200%2C144&ssl=1\",\"contentUrl\":\"https:\\\/\\\/i0.wp.com\\\/www.reclamador.es\\\/blog\\\/wp-content\\\/uploads\\\/2020\\\/01\\\/logo-reclamador.png?fit=1200%2C144&ssl=1\",\"width\":1200,\"height\":144,\"caption\":\"reclamador.es\"},\"image\":{\"@id\":\"https:\\\/\\\/www.reclamador.es\\\/blog\\\/#\\\/schema\\\/logo\\\/image\\\/\"},\"sameAs\":[\"https:\\\/\\\/www.facebook.com\\\/reclamador.es\",\"https:\\\/\\\/x.com\\\/reclamador\",\"https:\\\/\\\/www.instagram.com\\\/reclamador.es\\\/\",\"https:\\\/\\\/www.linkedin.com\\\/company\\\/reclamador-es\",\"https:\\\/\\\/www.youtube.com\\\/user\\\/Reclamadores\"]},{\"@type\":\"Person\",\"@id\":\"https:\\\/\\\/www.reclamador.es\\\/blog\\\/#\\\/schema\\\/person\\\/c446a02b3fcf1607a8a2139c36fbe583\",\"name\":\"Cristina Naveda\",\"image\":{\"@type\":\"ImageObject\",\"inLanguage\":\"es\",\"@id\":\"https:\\\/\\\/secure.gravatar.com\\\/avatar\\\/1df04000ab560ffd4824a3ce70f826eb8bd6a9bfc6cc9097a363e6cd67f07ec0?s=96&d=mm&r=g\",\"url\":\"https:\\\/\\\/secure.gravatar.com\\\/avatar\\\/1df04000ab560ffd4824a3ce70f826eb8bd6a9bfc6cc9097a363e6cd67f07ec0?s=96&d=mm&r=g\",\"contentUrl\":\"https:\\\/\\\/secure.gravatar.com\\\/avatar\\\/1df04000ab560ffd4824a3ce70f826eb8bd6a9bfc6cc9097a363e6cd67f07ec0?s=96&d=mm&r=g\",\"caption\":\"Cristina Naveda\"},\"description\":\"Me encanta unir la informaci\u00f3n con las personas. Me esfuerzo para que reclamador haga bien esa uni\u00f3n desde el equipo de comunicaci\u00f3n.\",\"url\":\"https:\\\/\\\/www.reclamador.es\\\/blog\\\/author\\\/cristina\\\/\"}]}<\/script>\n<!-- \/ Yoast SEO plugin. -->","yoast_head_json":{"title":"Entrevista a Pedro: caso real reclamaci\u00f3n plusval\u00eda municipal","description":"Nueva entrevista de caso ganado al ayuntamiento por reclamaci\u00f3n de impuesto. Os traemos un caso real de reclamaci\u00f3n por plusval\u00eda municipal.","robots":{"index":"index","follow":"follow","max-snippet":"max-snippet:-1","max-image-preview":"max-image-preview:large","max-video-preview":"max-video-preview:-1"},"canonical":"https:\/\/www.reclamador.es\/blog\/entrevista-pedro-caso-real-reclamacion-plusvalia-municipal\/","og_locale":"es_ES","og_type":"article","og_title":"Entrevista a Pedro: caso real reclamaci\u00f3n plusval\u00eda municipal","og_description":"Nueva entrevista de caso ganado al ayuntamiento por reclamaci\u00f3n de impuesto. Os traemos un caso real de reclamaci\u00f3n por plusval\u00eda municipal.","og_url":"https:\/\/www.reclamador.es\/blog\/entrevista-pedro-caso-real-reclamacion-plusvalia-municipal\/","og_site_name":"Rebeldes con causa, el blog de reclamador.es","article_publisher":"https:\/\/www.facebook.com\/reclamador.es","article_published_time":"2023-10-17T07:45:35+00:00","article_modified_time":"2025-08-22T06:17:40+00:00","og_image":[{"width":1200,"height":630,"url":"https:\/\/www.reclamador.es\/blog\/wp-content\/uploads\/2023\/10\/entrevista-cliente-plusvalia-municipal-Pedro-1200x630-1.jpg","type":"image\/jpeg"}],"author":"Cristina Naveda","twitter_card":"summary_large_image","twitter_creator":"@reclamador","twitter_site":"@reclamador","twitter_misc":{"Escrito por":"Cristina Naveda","Tiempo de lectura":"4 minutos"},"schema":{"@context":"https:\/\/schema.org","@graph":[{"@type":"Article","@id":"https:\/\/www.reclamador.es\/blog\/entrevista-pedro-caso-real-reclamacion-plusvalia-municipal\/#article","isPartOf":{"@id":"https:\/\/www.reclamador.es\/blog\/entrevista-pedro-caso-real-reclamacion-plusvalia-municipal\/"},"author":{"name":"Cristina Naveda","@id":"https:\/\/www.reclamador.es\/blog\/#\/schema\/person\/c446a02b3fcf1607a8a2139c36fbe583"},"headline":"\u201cLos ayuntamientos deber\u00edan devolver el dinero de la plusval\u00eda municipal motu proprio, en el momento en que se elimin\u00f3 ese impuesto\u201d","datePublished":"2023-10-17T07:45:35+00:00","dateModified":"2025-08-22T06:17:40+00:00","mainEntityOfPage":{"@id":"https:\/\/www.reclamador.es\/blog\/entrevista-pedro-caso-real-reclamacion-plusvalia-municipal\/"},"wordCount":658,"commentCount":2,"publisher":{"@id":"https:\/\/www.reclamador.es\/blog\/#organization"},"image":{"@id":"https:\/\/www.reclamador.es\/blog\/entrevista-pedro-caso-real-reclamacion-plusvalia-municipal\/#primaryimage"},"thumbnailUrl":"https:\/\/i0.wp.com\/www.reclamador.es\/blog\/wp-content\/uploads\/2023\/10\/entrevista-cliente-plusvalia-municipal-Pedro-1200x630-1.jpg?fit=1200%2C630&ssl=1","keywords":["plusval\u00eda municipal"],"articleSection":["Conoce todo lo que sucede en reclamador.es"],"inLanguage":"es","potentialAction":[{"@type":"CommentAction","name":"Comment","target":["https:\/\/www.reclamador.es\/blog\/entrevista-pedro-caso-real-reclamacion-plusvalia-municipal\/#respond"]}]},{"@type":"WebPage","@id":"https:\/\/www.reclamador.es\/blog\/entrevista-pedro-caso-real-reclamacion-plusvalia-municipal\/","url":"https:\/\/www.reclamador.es\/blog\/entrevista-pedro-caso-real-reclamacion-plusvalia-municipal\/","name":"Entrevista a Pedro: caso real reclamaci\u00f3n plusval\u00eda municipal","isPartOf":{"@id":"https:\/\/www.reclamador.es\/blog\/#website"},"primaryImageOfPage":{"@id":"https:\/\/www.reclamador.es\/blog\/entrevista-pedro-caso-real-reclamacion-plusvalia-municipal\/#primaryimage"},"image":{"@id":"https:\/\/www.reclamador.es\/blog\/entrevista-pedro-caso-real-reclamacion-plusvalia-municipal\/#primaryimage"},"thumbnailUrl":"https:\/\/i0.wp.com\/www.reclamador.es\/blog\/wp-content\/uploads\/2023\/10\/entrevista-cliente-plusvalia-municipal-Pedro-1200x630-1.jpg?fit=1200%2C630&ssl=1","datePublished":"2023-10-17T07:45:35+00:00","dateModified":"2025-08-22T06:17:40+00:00","description":"Nueva entrevista de caso ganado al ayuntamiento por reclamaci\u00f3n de impuesto. Os traemos un caso real de reclamaci\u00f3n por plusval\u00eda municipal.","breadcrumb":{"@id":"https:\/\/www.reclamador.es\/blog\/entrevista-pedro-caso-real-reclamacion-plusvalia-municipal\/#breadcrumb"},"inLanguage":"es","potentialAction":[{"@type":"ReadAction","target":["https:\/\/www.reclamador.es\/blog\/entrevista-pedro-caso-real-reclamacion-plusvalia-municipal\/"]}]},{"@type":"ImageObject","inLanguage":"es","@id":"https:\/\/www.reclamador.es\/blog\/entrevista-pedro-caso-real-reclamacion-plusvalia-municipal\/#primaryimage","url":"https:\/\/i0.wp.com\/www.reclamador.es\/blog\/wp-content\/uploads\/2023\/10\/entrevista-cliente-plusvalia-municipal-Pedro-1200x630-1.jpg?fit=1200%2C630&ssl=1","contentUrl":"https:\/\/i0.wp.com\/www.reclamador.es\/blog\/wp-content\/uploads\/2023\/10\/entrevista-cliente-plusvalia-municipal-Pedro-1200x630-1.jpg?fit=1200%2C630&ssl=1","width":1200,"height":630,"caption":"Pedro, caso ganado plusval\u00eda municipal"},{"@type":"BreadcrumbList","@id":"https:\/\/www.reclamador.es\/blog\/entrevista-pedro-caso-real-reclamacion-plusvalia-municipal\/#breadcrumb","itemListElement":[{"@type":"ListItem","position":1,"name":"Portada","item":"https:\/\/www.reclamador.es\/blog\/"},{"@type":"ListItem","position":2,"name":"\u201cLos ayuntamientos deber\u00edan devolver el dinero de la plusval\u00eda municipal motu proprio, en el momento en que se elimin\u00f3 ese impuesto\u201d"}]},{"@type":"WebSite","@id":"https:\/\/www.reclamador.es\/blog\/#website","url":"https:\/\/www.reclamador.es\/blog\/","name":"Rebeldes con causa, el blog de reclamador.es","description":"Noticias, entrevistas y consejos sobre reclamaciones","publisher":{"@id":"https:\/\/www.reclamador.es\/blog\/#organization"},"potentialAction":[{"@type":"SearchAction","target":{"@type":"EntryPoint","urlTemplate":"https:\/\/www.reclamador.es\/blog\/?s={search_term_string}"},"query-input":{"@type":"PropertyValueSpecification","valueRequired":true,"valueName":"search_term_string"}}],"inLanguage":"es"},{"@type":"Organization","@id":"https:\/\/www.reclamador.es\/blog\/#organization","name":"reclamador.es","url":"https:\/\/www.reclamador.es\/blog\/","logo":{"@type":"ImageObject","inLanguage":"es","@id":"https:\/\/www.reclamador.es\/blog\/#\/schema\/logo\/image\/","url":"https:\/\/i0.wp.com\/www.reclamador.es\/blog\/wp-content\/uploads\/2020\/01\/logo-reclamador.png?fit=1200%2C144&ssl=1","contentUrl":"https:\/\/i0.wp.com\/www.reclamador.es\/blog\/wp-content\/uploads\/2020\/01\/logo-reclamador.png?fit=1200%2C144&ssl=1","width":1200,"height":144,"caption":"reclamador.es"},"image":{"@id":"https:\/\/www.reclamador.es\/blog\/#\/schema\/logo\/image\/"},"sameAs":["https:\/\/www.facebook.com\/reclamador.es","https:\/\/x.com\/reclamador","https:\/\/www.instagram.com\/reclamador.es\/","https:\/\/www.linkedin.com\/company\/reclamador-es","https:\/\/www.youtube.com\/user\/Reclamadores"]},{"@type":"Person","@id":"https:\/\/www.reclamador.es\/blog\/#\/schema\/person\/c446a02b3fcf1607a8a2139c36fbe583","name":"Cristina Naveda","image":{"@type":"ImageObject","inLanguage":"es","@id":"https:\/\/secure.gravatar.com\/avatar\/1df04000ab560ffd4824a3ce70f826eb8bd6a9bfc6cc9097a363e6cd67f07ec0?s=96&d=mm&r=g","url":"https:\/\/secure.gravatar.com\/avatar\/1df04000ab560ffd4824a3ce70f826eb8bd6a9bfc6cc9097a363e6cd67f07ec0?s=96&d=mm&r=g","contentUrl":"https:\/\/secure.gravatar.com\/avatar\/1df04000ab560ffd4824a3ce70f826eb8bd6a9bfc6cc9097a363e6cd67f07ec0?s=96&d=mm&r=g","caption":"Cristina Naveda"},"description":"Me encanta unir la informaci\u00f3n con las personas. Me esfuerzo para que reclamador haga bien esa uni\u00f3n desde el equipo de comunicaci\u00f3n.","url":"https:\/\/www.reclamador.es\/blog\/author\/cristina\/"}]}},"jetpack_featured_media_url":"https:\/\/i0.wp.com\/www.reclamador.es\/blog\/wp-content\/uploads\/2023\/10\/entrevista-cliente-plusvalia-municipal-Pedro-1200x630-1.jpg?fit=1200%2C630&ssl=1","jetpack-related-posts":[{"id":32638,"url":"https:\/\/www.reclamador.es\/blog\/entrevista-alicia-reclamadora-plusvalia-municipal\/","url_meta":{"origin":31426,"position":0},"title":"Alicia, reclamadora de plusval\u00eda municipal: \u201cSiento que se ha hecho justicia porque los estamentos p\u00fablicos abusan cruelmente de los usuarios\u201d","author":"Cristina Naveda","date":"22 agosto, 2024","format":false,"excerpt":"Hoy conocemos a Alicia (Madrid, 1968) una de nuestras clientas del impuesto de plusval\u00eda municipal. Ha recuperado m\u00e1s de 8.000 euros con nosotros. Es de Madrid y actualmente vive en un pueblo \u201cpeque\u00f1o\u201d de Toledo, por trabajo. Nos cuenta que, a sus 56 a\u00f1os, es gestora de punto de venta\u2026","rel":"","context":"En \u00abConoce todo lo que sucede en reclamador.es\u00bb","block_context":{"text":"Conoce todo lo que sucede en reclamador.es","link":"https:\/\/www.reclamador.es\/blog\/reclamadores\/"},"img":{"alt_text":"reclamadora del impuesto de plusvalia municipal","src":"https:\/\/i0.wp.com\/www.reclamador.es\/blog\/wp-content\/uploads\/2024\/08\/entrevista-cliente-plusvalia-municipal-Alicia-Velasco-1200x630-1.jpg?fit=1200%2C630&ssl=1&resize=350%2C200","width":350,"height":200,"srcset":"https:\/\/i0.wp.com\/www.reclamador.es\/blog\/wp-content\/uploads\/2024\/08\/entrevista-cliente-plusvalia-municipal-Alicia-Velasco-1200x630-1.jpg?fit=1200%2C630&ssl=1&resize=350%2C200 1x, https:\/\/i0.wp.com\/www.reclamador.es\/blog\/wp-content\/uploads\/2024\/08\/entrevista-cliente-plusvalia-municipal-Alicia-Velasco-1200x630-1.jpg?fit=1200%2C630&ssl=1&resize=525%2C300 1.5x, https:\/\/i0.wp.com\/www.reclamador.es\/blog\/wp-content\/uploads\/2024\/08\/entrevista-cliente-plusvalia-municipal-Alicia-Velasco-1200x630-1.jpg?fit=1200%2C630&ssl=1&resize=700%2C400 2x, https:\/\/i0.wp.com\/www.reclamador.es\/blog\/wp-content\/uploads\/2024\/08\/entrevista-cliente-plusvalia-municipal-Alicia-Velasco-1200x630-1.jpg?fit=1200%2C630&ssl=1&resize=1050%2C600 3x"},"classes":[]},{"id":31296,"url":"https:\/\/www.reclamador.es\/blog\/madrid-debe-millones-plusvalia-municipal\/","url_meta":{"origin":31426,"position":1},"title":"El Ayuntamiento de Madrid debe millones de euros del impuesto de plusval\u00eda a los contribuyentes","author":"Equipo reclamador","date":"5 septiembre, 2023","format":false,"excerpt":"Muchos son los contribuyentes que est\u00e1n recibiendo sentencias y resoluciones favorables donde los ayuntamientos est\u00e1n obligados a la devoluci\u00f3n del Impuesto sobre el Incremento de Valor de los Terrenos de Naturaleza Urbana (IIVTNU), tambi\u00e9n conocido como plusval\u00eda municipal. Sin embargo, a pesar de la inconstitucionalidad del m\u00e9todo de c\u00e1lculo de\u2026","rel":"","context":"En \u00abNoticias y actualidad\u00bb","block_context":{"text":"Noticias y actualidad","link":"https:\/\/www.reclamador.es\/blog\/noticias\/"},"img":{"alt_text":"El ayuntamiento de Madrid debe millones en plusval\u00eda municipal","src":"https:\/\/i0.wp.com\/www.reclamador.es\/blog\/wp-content\/uploads\/2023\/09\/ayuntamiento-de-madrid-debe-millones-en-plusvalia.jpg?fit=1200%2C690&ssl=1&resize=350%2C200","width":350,"height":200,"srcset":"https:\/\/i0.wp.com\/www.reclamador.es\/blog\/wp-content\/uploads\/2023\/09\/ayuntamiento-de-madrid-debe-millones-en-plusvalia.jpg?fit=1200%2C690&ssl=1&resize=350%2C200 1x, https:\/\/i0.wp.com\/www.reclamador.es\/blog\/wp-content\/uploads\/2023\/09\/ayuntamiento-de-madrid-debe-millones-en-plusvalia.jpg?fit=1200%2C690&ssl=1&resize=525%2C300 1.5x, https:\/\/i0.wp.com\/www.reclamador.es\/blog\/wp-content\/uploads\/2023\/09\/ayuntamiento-de-madrid-debe-millones-en-plusvalia.jpg?fit=1200%2C690&ssl=1&resize=700%2C400 2x, https:\/\/i0.wp.com\/www.reclamador.es\/blog\/wp-content\/uploads\/2023\/09\/ayuntamiento-de-madrid-debe-millones-en-plusvalia.jpg?fit=1200%2C690&ssl=1&resize=1050%2C600 3x"},"classes":[]},{"id":18158,"url":"https:\/\/www.reclamador.es\/blog\/pagar-o-no-plusvalia-municipal\/","url_meta":{"origin":31426,"position":2},"title":"\u00bfNo pagar la plusval\u00eda o pagar y reclamar?","author":"Equipo reclamador","date":"11 mayo, 2018","format":false,"excerpt":"Novedades octubre 2021: El Tribunal Constitucional declara inconstitucionales y nulos los art\u00edculos 107.1, segundo p\u00e1rrafo, 107.2.a) y 107.4 del texto refundido de la Ley reguladora de las Haciendas Locales. Para saber c\u00f3mo te afecta esta sentencia si has pagado el impuesto de plusval\u00eda municipal al vender o recibir mediante herencia\u2026","rel":"","context":"En \u00abConsejos legales\u00bb","block_context":{"text":"Consejos legales","link":"https:\/\/www.reclamador.es\/blog\/consejos\/"},"img":{"alt_text":"","src":"https:\/\/i0.wp.com\/www.reclamador.es\/blog\/wp-content\/uploads\/2018\/05\/pagar-la-plusvalia-y-reclamar-1.jpg?fit=1200%2C784&ssl=1&resize=350%2C200","width":350,"height":200,"srcset":"https:\/\/i0.wp.com\/www.reclamador.es\/blog\/wp-content\/uploads\/2018\/05\/pagar-la-plusvalia-y-reclamar-1.jpg?fit=1200%2C784&ssl=1&resize=350%2C200 1x, https:\/\/i0.wp.com\/www.reclamador.es\/blog\/wp-content\/uploads\/2018\/05\/pagar-la-plusvalia-y-reclamar-1.jpg?fit=1200%2C784&ssl=1&resize=525%2C300 1.5x, https:\/\/i0.wp.com\/www.reclamador.es\/blog\/wp-content\/uploads\/2018\/05\/pagar-la-plusvalia-y-reclamar-1.jpg?fit=1200%2C784&ssl=1&resize=700%2C400 2x, https:\/\/i0.wp.com\/www.reclamador.es\/blog\/wp-content\/uploads\/2018\/05\/pagar-la-plusvalia-y-reclamar-1.jpg?fit=1200%2C784&ssl=1&resize=1050%2C600 3x"},"classes":[]},{"id":18366,"url":"https:\/\/www.reclamador.es\/blog\/abogado-plusvalia-municipal\/","url_meta":{"origin":31426,"position":3},"title":"Abogado de plusval\u00eda municipal: conoce sus funciones","author":"Equipo reclamador","date":"27 octubre, 2021","format":false,"excerpt":"Antes de entrar en faena y explicarte cu\u00e1les son las funciones de los abogados expertos en plusval\u00eda municipal y c\u00f3mo pueden ayudarte a defender tus derechos, vamos a contarte qu\u00e9 es este tributo y por qu\u00e9 se habla tanto de \u00e9l desde hace tiempo. \u00a0 \u00bfQu\u00e9 es el impuesto de\u2026","rel":"","context":"En \u00abConsejos legales\u00bb","block_context":{"text":"Consejos legales","link":"https:\/\/www.reclamador.es\/blog\/consejos\/"},"img":{"alt_text":"abogado de plusvalia municipal","src":"https:\/\/i0.wp.com\/www.reclamador.es\/blog\/wp-content\/uploads\/2018\/05\/carlos-de-la-sierra-abogado-experto-en-plusvalia-municipal.jpg?fit=1200%2C785&ssl=1&resize=350%2C200","width":350,"height":200,"srcset":"https:\/\/i0.wp.com\/www.reclamador.es\/blog\/wp-content\/uploads\/2018\/05\/carlos-de-la-sierra-abogado-experto-en-plusvalia-municipal.jpg?fit=1200%2C785&ssl=1&resize=350%2C200 1x, https:\/\/i0.wp.com\/www.reclamador.es\/blog\/wp-content\/uploads\/2018\/05\/carlos-de-la-sierra-abogado-experto-en-plusvalia-municipal.jpg?fit=1200%2C785&ssl=1&resize=525%2C300 1.5x, https:\/\/i0.wp.com\/www.reclamador.es\/blog\/wp-content\/uploads\/2018\/05\/carlos-de-la-sierra-abogado-experto-en-plusvalia-municipal.jpg?fit=1200%2C785&ssl=1&resize=700%2C400 2x, https:\/\/i0.wp.com\/www.reclamador.es\/blog\/wp-content\/uploads\/2018\/05\/carlos-de-la-sierra-abogado-experto-en-plusvalia-municipal.jpg?fit=1200%2C785&ssl=1&resize=1050%2C600 3x"},"classes":[]},{"id":8307,"url":"https:\/\/www.reclamador.es\/blog\/claves-reclamar-impuesto-de-plusvalia-municipal\/","url_meta":{"origin":31426,"position":4},"title":"Claves sobre reclamaciones del impuesto de plusval\u00eda municipal","author":"Equipo reclamador","date":"26 mayo, 2023","format":false,"excerpt":"Informaci\u00f3n 2025: Si pagaste la plusval\u00eda municipal en fecha posterior al 9 de noviembre de 2021 es de aplicaci\u00f3n la nueva regulaci\u00f3n, por lo que no hay fundamentaci\u00f3n para reclamar con base en la nulidad del anterior m\u00e9todo de c\u00e1lculo. A d\u00eda de hoy, son muy limitados los casos que\u2026","rel":"","context":"En \u00abConsejos legales\u00bb","block_context":{"text":"Consejos legales","link":"https:\/\/www.reclamador.es\/blog\/consejos\/"},"img":{"alt_text":"","src":"https:\/\/i0.wp.com\/www.reclamador.es\/blog\/wp-content\/uploads\/2017\/05\/ayuntamientos-plusvalia-municipal.jpg?fit=1200%2C630&ssl=1&resize=350%2C200","width":350,"height":200,"srcset":"https:\/\/i0.wp.com\/www.reclamador.es\/blog\/wp-content\/uploads\/2017\/05\/ayuntamientos-plusvalia-municipal.jpg?fit=1200%2C630&ssl=1&resize=350%2C200 1x, https:\/\/i0.wp.com\/www.reclamador.es\/blog\/wp-content\/uploads\/2017\/05\/ayuntamientos-plusvalia-municipal.jpg?fit=1200%2C630&ssl=1&resize=525%2C300 1.5x, https:\/\/i0.wp.com\/www.reclamador.es\/blog\/wp-content\/uploads\/2017\/05\/ayuntamientos-plusvalia-municipal.jpg?fit=1200%2C630&ssl=1&resize=700%2C400 2x, https:\/\/i0.wp.com\/www.reclamador.es\/blog\/wp-content\/uploads\/2017\/05\/ayuntamientos-plusvalia-municipal.jpg?fit=1200%2C630&ssl=1&resize=1050%2C600 3x"},"classes":[]},{"id":6528,"url":"https:\/\/www.reclamador.es\/blog\/puedo-reclamar-impuesto-plusvalia-municipal-he-heredado-propiedad\/","url_meta":{"origin":31426,"position":5},"title":"\u00bfSe puede reclamar el impuesto de plusval\u00eda municipal pagado al heredar?","author":"Equipo reclamador","date":"12 noviembre, 2021","format":false,"excerpt":"*Actualizado a fecha junio 2025 Las dudas que se plantean a la hora de gestionar y reclamar una herencia son numerosas. En reclamador.es estamos dando respuesta a muchas de esas cuestiones, por ejemplo, qu\u00e9 pasa con la herencia si uno de los herederos decide renunciar.\u00a0Tambi\u00e9n, si se puede sacar dinero\u2026","rel":"","context":"En \u00abConsejos legales\u00bb","block_context":{"text":"Consejos legales","link":"https:\/\/www.reclamador.es\/blog\/consejos\/"},"img":{"alt_text":"impuesto de plusval\u00eda de una vivienda heredada","src":"https:\/\/i0.wp.com\/www.reclamador.es\/blog\/wp-content\/uploads\/2021\/01\/reclamar-plusvalia-pagada-al-heredar-reclamador.jpg?fit=1200%2C668&ssl=1&resize=350%2C200","width":350,"height":200,"srcset":"https:\/\/i0.wp.com\/www.reclamador.es\/blog\/wp-content\/uploads\/2021\/01\/reclamar-plusvalia-pagada-al-heredar-reclamador.jpg?fit=1200%2C668&ssl=1&resize=350%2C200 1x, https:\/\/i0.wp.com\/www.reclamador.es\/blog\/wp-content\/uploads\/2021\/01\/reclamar-plusvalia-pagada-al-heredar-reclamador.jpg?fit=1200%2C668&ssl=1&resize=525%2C300 1.5x, https:\/\/i0.wp.com\/www.reclamador.es\/blog\/wp-content\/uploads\/2021\/01\/reclamar-plusvalia-pagada-al-heredar-reclamador.jpg?fit=1200%2C668&ssl=1&resize=700%2C400 2x, https:\/\/i0.wp.com\/www.reclamador.es\/blog\/wp-content\/uploads\/2021\/01\/reclamar-plusvalia-pagada-al-heredar-reclamador.jpg?fit=1200%2C668&ssl=1&resize=1050%2C600 3x"},"classes":[]}],"jetpack_sharing_enabled":true,"_links":{"self":[{"href":"https:\/\/www.reclamador.es\/blog\/wp-json\/wp\/v2\/posts\/31426","targetHints":{"allow":["GET"]}}],"collection":[{"href":"https:\/\/www.reclamador.es\/blog\/wp-json\/wp\/v2\/posts"}],"about":[{"href":"https:\/\/www.reclamador.es\/blog\/wp-json\/wp\/v2\/types\/post"}],"author":[{"embeddable":true,"href":"https:\/\/www.reclamador.es\/blog\/wp-json\/wp\/v2\/users\/3"}],"replies":[{"embeddable":true,"href":"https:\/\/www.reclamador.es\/blog\/wp-json\/wp\/v2\/comments?post=31426"}],"version-history":[{"count":8,"href":"https:\/\/www.reclamador.es\/blog\/wp-json\/wp\/v2\/posts\/31426\/revisions"}],"predecessor-version":[{"id":34824,"href":"https:\/\/www.reclamador.es\/blog\/wp-json\/wp\/v2\/posts\/31426\/revisions\/34824"}],"wp:featuredmedia":[{"embeddable":true,"href":"https:\/\/www.reclamador.es\/blog\/wp-json\/wp\/v2\/media\/31428"}],"wp:attachment":[{"href":"https:\/\/www.reclamador.es\/blog\/wp-json\/wp\/v2\/media?parent=31426"}],"wp:term":[{"taxonomy":"category","embeddable":true,"href":"https:\/\/www.reclamador.es\/blog\/wp-json\/wp\/v2\/categories?post=31426"},{"taxonomy":"post_tag","embeddable":true,"href":"https:\/\/www.reclamador.es\/blog\/wp-json\/wp\/v2\/tags?post=31426"}],"curies":[{"name":"wp","href":"https:\/\/api.w.org\/{rel}","templated":true}]}}