{"id":31344,"date":"2025-01-26T11:17:00","date_gmt":"2025-01-26T10:17:00","guid":{"rendered":"https:\/\/www.reclamador.es\/blog\/?p=31344"},"modified":"2025-05-28T13:43:57","modified_gmt":"2025-05-28T11:43:57","slug":"mitos-aviones-realidad","status":"publish","type":"post","link":"https:\/\/www.reclamador.es\/blog\/mitos-aviones-realidad\/","title":{"rendered":"Desmitificando los viajes en avi\u00f3n: Mitos y realidades"},"content":{"rendered":"<div class=\"ttr_start\"><\/div>\n\n<div class=\"kk-star-ratings kksr-auto kksr-align-right kksr-valign-top\"\n    data-payload='{&quot;align&quot;:&quot;right&quot;,&quot;id&quot;:&quot;31344&quot;,&quot;slug&quot;:&quot;default&quot;,&quot;valign&quot;:&quot;top&quot;,&quot;ignore&quot;:&quot;&quot;,&quot;reference&quot;:&quot;auto&quot;,&quot;class&quot;:&quot;&quot;,&quot;count&quot;:&quot;1&quot;,&quot;legendonly&quot;:&quot;&quot;,&quot;readonly&quot;:&quot;&quot;,&quot;score&quot;:&quot;5&quot;,&quot;starsonly&quot;:&quot;&quot;,&quot;best&quot;:&quot;5&quot;,&quot;gap&quot;:&quot;3&quot;,&quot;greet&quot;:&quot;Valora este art\u00edculo&quot;,&quot;legend&quot;:&quot;5\\\/5 - (1 voto)&quot;,&quot;size&quot;:&quot;20&quot;,&quot;title&quot;:&quot;Desmitificando los viajes en avi\u00f3n: Mitos y realidades&quot;,&quot;width&quot;:&quot;113.5&quot;,&quot;_legend&quot;:&quot;{score}\\\/{best} - ({count} {votes})&quot;,&quot;font_factor&quot;:&quot;1.25&quot;}'>\n            \n<div class=\"kksr-stars\">\n    \n<div class=\"kksr-stars-inactive\">\n            <div class=\"kksr-star\" data-star=\"1\" style=\"padding-right: 3px\">\n            \n\n<div class=\"kksr-icon\" style=\"width: 20px; height: 20px;\"><\/div>\n        <\/div>\n            <div class=\"kksr-star\" data-star=\"2\" style=\"padding-right: 3px\">\n            \n\n<div class=\"kksr-icon\" style=\"width: 20px; height: 20px;\"><\/div>\n        <\/div>\n            <div class=\"kksr-star\" data-star=\"3\" style=\"padding-right: 3px\">\n            \n\n<div class=\"kksr-icon\" style=\"width: 20px; height: 20px;\"><\/div>\n        <\/div>\n            <div class=\"kksr-star\" data-star=\"4\" style=\"padding-right: 3px\">\n            \n\n<div class=\"kksr-icon\" style=\"width: 20px; height: 20px;\"><\/div>\n        <\/div>\n            <div class=\"kksr-star\" data-star=\"5\" style=\"padding-right: 3px\">\n            \n\n<div class=\"kksr-icon\" style=\"width: 20px; height: 20px;\"><\/div>\n        <\/div>\n    <\/div>\n    \n<div class=\"kksr-stars-active\" style=\"width: 113.5px;\">\n            <div class=\"kksr-star\" style=\"padding-right: 3px\">\n            \n\n<div class=\"kksr-icon\" style=\"width: 20px; height: 20px;\"><\/div>\n        <\/div>\n            <div class=\"kksr-star\" style=\"padding-right: 3px\">\n            \n\n<div class=\"kksr-icon\" style=\"width: 20px; height: 20px;\"><\/div>\n        <\/div>\n            <div class=\"kksr-star\" style=\"padding-right: 3px\">\n            \n\n<div class=\"kksr-icon\" style=\"width: 20px; height: 20px;\"><\/div>\n        <\/div>\n            <div class=\"kksr-star\" style=\"padding-right: 3px\">\n            \n\n<div class=\"kksr-icon\" style=\"width: 20px; height: 20px;\"><\/div>\n        <\/div>\n            <div class=\"kksr-star\" style=\"padding-right: 3px\">\n            \n\n<div class=\"kksr-icon\" style=\"width: 20px; height: 20px;\"><\/div>\n        <\/div>\n    <\/div>\n<\/div>\n                \n\n<div class=\"kksr-legend\" style=\"font-size: 16px;\">\n            5\/5 - (1 voto)    <\/div>\n    <\/div>\n\n<figure id=\"attachment_31349\" aria-describedby=\"caption-attachment-31349\" style=\"width: 1200px\" class=\"wp-caption aligncenter\"><img data-recalc-dims=\"1\" loading=\"lazy\" decoding=\"async\" class=\"size-full wp-image-31349\" src=\"https:\/\/i0.wp.com\/www.reclamador.es\/blog\/wp-content\/uploads\/2023\/09\/mitos-de-aviones-y-viajes-en-avion-reclamador.jpg?resize=1200%2C701&#038;ssl=1\" alt=\"mitos sobre aviones y viajar en avion\" width=\"1200\" height=\"701\" srcset=\"https:\/\/i0.wp.com\/www.reclamador.es\/blog\/wp-content\/uploads\/2023\/09\/mitos-de-aviones-y-viajes-en-avion-reclamador.jpg?w=1200&amp;ssl=1 1200w, https:\/\/i0.wp.com\/www.reclamador.es\/blog\/wp-content\/uploads\/2023\/09\/mitos-de-aviones-y-viajes-en-avion-reclamador.jpg?resize=800%2C467&amp;ssl=1 800w, https:\/\/i0.wp.com\/www.reclamador.es\/blog\/wp-content\/uploads\/2023\/09\/mitos-de-aviones-y-viajes-en-avion-reclamador.jpg?resize=150%2C88&amp;ssl=1 150w, https:\/\/i0.wp.com\/www.reclamador.es\/blog\/wp-content\/uploads\/2023\/09\/mitos-de-aviones-y-viajes-en-avion-reclamador.jpg?resize=768%2C449&amp;ssl=1 768w\" sizes=\"auto, (max-width: 1000px) 100vw, 1000px\" \/><figcaption id=\"caption-attachment-31349\" class=\"wp-caption-text\"><em>Realidad y mitos de aviones<\/em><\/figcaption><\/figure>\n<p><span style=\"font-weight: 400;\">\u00bfHas sentido alguna vez ese cosquilleo en el est\u00f3mago al pensar en volar en avi\u00f3n? No est\u00e1s solo. A pesar de ser uno de los medios de transporte m\u00e1s seguros y eficientes del mundo, existen numerosos mitos y malentendidos en torno a los viajes en avi\u00f3n que pueden causar ansiedad o temor. En este art\u00edculo, desmitificamos algunas de esas \u201cleyendas\u201d m\u00e1s comunes y te ayudaremos a comprender las realidades detr\u00e1s de esos mitos de aviones.<\/span><\/p>\n<h2><b>Mitos de aviones<\/b><\/h2>\n<h3><b>Mito 1: Los aviones son peligrosos<\/b><\/h3>\n<p><span style=\"font-weight: 400;\"><strong>Realidad:<\/strong> Viajar en avi\u00f3n es uno de los m\u00e9todos de transporte m\u00e1s seguros. La industria de la aviaci\u00f3n est\u00e1 altamente regulada y sometida a estrictos est\u00e1ndares de seguridad. Los aviones son mantenidos y monitoreados de manera constante, y los pilotos reciben una capacitaci\u00f3n exhaustiva. Las <strong>probabilidades de verse involucrado en un accidente a\u00e9reo son extremadamente bajas.<\/strong><\/span><\/p>\n<h3><b>Mito 2: El aire en el avi\u00f3n es peligroso para la salud<\/b><\/h3>\n<p><span style=\"font-weight: 400;\"><strong>Realidad:<\/strong> La calidad del aire en los aviones es rigurosamente controlada y filtrada. La mayor\u00eda de los aviones modernos <strong>cuentan con sistemas de filtraci\u00f3n de alta eficiencia<\/strong> que eliminan virus, bacterias y part\u00edculas da\u00f1inas. El riesgo de contraer enfermedades a bordo es muy bajo.<\/span><\/p>\n<h3><b>Mito 3: Las turbulencias pueden provocar la ca\u00edda en picado del avi\u00f3n<\/b><\/h3>\n<p><span style=\"font-weight: 400;\"><strong>Realidad:<\/strong> Los aviones est\u00e1n dise\u00f1ados para mantenerse en el aire de forma segura. Las turbulencias son eventos naturales y comunes durante los vuelos, pero rara vez son peligrosas. <strong>Los aviones est\u00e1n dise\u00f1ados para soportar turbulencias moderadas e incluso severas.<\/strong> Los pilotos est\u00e1n entrenados para sortearlas y mantener un vuelo estable. Las ca\u00eddas bruscas son extremadamente raras y, en la mayor\u00eda de los casos, son el resultado de condiciones clim\u00e1ticas extremas.<\/span><\/p>\n<h3><b>Mito 4: Las aver\u00edas de los aviones son circunstancias de fuerza mayor para las aerol\u00edneas<\/b><\/h3>\n<p><span style=\"font-weight: 400;\"><strong>Realidad:<\/strong> Pese a que, como dec\u00edamos, para despegar los aviones pasan estrictos controles y las aeronaves deben mantener un correcto mantenimiento, y por tanto es un mito que los aviones son peligrosos, cuando se produce un importante <strong><a href=\"https:\/\/www.reclamador.es\/aerolineas\/retraso-vuelo\/\">retraso en un vuelo<\/a><\/strong> como consecuencia de una aver\u00eda del aeroplano, <strong>la normativa no considera estos hechos causas de fuerza mayor o circunstancia ajena a la aerol\u00ednea.<\/strong> La compa\u00f1\u00eda a\u00e9rea no puede ampararse en un problema del avi\u00f3n para, en caso de entrar dentro de los requisitos recogidos por la legislaci\u00f3n vigente, negar la <strong><a href=\"https:\/\/www.reclamador.es\/aerolineas\/cancelacion-vuelo\/\">indemnizaci\u00f3n cancelaci\u00f3n de vuelo<\/a><\/strong> o retraso que corresponde a su cliente. Es decir, cuando un vuelo es cancelado o se retrasa m\u00e1s de 3 horas por problemas t\u00e9cnicos del avi\u00f3n, al pasajero le corresponde compensaci\u00f3n econ\u00f3mica, diga lo que diga la aerol\u00ednea.\u00a0<\/span><\/p>\n<h3><b>Mito 5: El uso de dispositivos electr\u00f3nicos afecta la navegaci\u00f3n del avi\u00f3n\u00a0<\/b><\/h3>\n<p><span style=\"font-weight: 400;\"><strong>Realidad:<\/strong> Los aviones modernos utilizan <strong>sistemas de navegaci\u00f3n por sat\u00e9lite y no dependen de br\u00fajulas magn\u00e9ticas<\/strong>, aunque es importante seguir las instrucciones de la tripulaci\u00f3n y activar el <a href=\"https:\/\/www.reclamador.es\/blog\/por-que-poner-modo-avion-en-vuelo\/\">modo avi\u00f3n durante el despegue y el aterrizaje<\/a> por razones de seguridad, ya que producen interferencias en los sistemas de telecomunicaciones, generando ruidos intensos.\u00a0 Pese a esto, el uso de dispositivos electr\u00f3nicos en s\u00ed no afecta a la navegaci\u00f3n de la aeronave.\u00a0<\/span><\/p>\n<h2 style=\"text-align: center;\"><strong><a class=\"button-lead\" href=\"https:\/\/www.reclamador.es\/aerolineas\/\">\u00bfQuieres hacer una reclamaci\u00f3n a una aerol\u00ednea?<\/a><\/strong><\/h2>\n<div class=\"ttr_end\"><\/div>","protected":false},"excerpt":{"rendered":"<p>\u00bfHas sentido alguna vez ese cosquilleo en el est\u00f3mago al pensar en volar en avi\u00f3n? No est\u00e1s solo. A pesar de ser uno de los medios de transporte m\u00e1s seguros y eficientes del mundo, existen numerosos mitos y malentendidos en torno a los viajes en avi\u00f3n que pueden causar ansiedad o temor. En este art\u00edculo, [&hellip;]<\/p>\n","protected":false},"author":28,"featured_media":31349,"comment_status":"open","ping_status":"open","sticky":false,"template":"","format":"standard","meta":{"_acf_changed":false,"_genesis_hide_title":false,"_genesis_hide_breadcrumbs":false,"_genesis_hide_singular_image":false,"_genesis_hide_footer_widgets":false,"_genesis_custom_body_class":"","_genesis_custom_post_class":"","_genesis_layout":"","_jetpack_newsletter_access":"","_jetpack_dont_email_post_to_subs":false,"_jetpack_newsletter_tier_id":0,"_jetpack_memberships_contains_paywalled_content":false,"_jetpack_memberships_contains_paid_content":false,"footnotes":""},"categories":[393],"tags":[380],"class_list":{"0":"post-31344","1":"post","2":"type-post","3":"status-publish","4":"format-standard","5":"has-post-thumbnail","7":"category-consejos","8":"tag-aerolineas","9":"entry"},"acf":[],"yoast_head":"<!-- This site is optimized with the Yoast SEO plugin v27.4 - https:\/\/yoast.com\/product\/yoast-seo-wordpress\/ -->\n<title>Mitos de aviones: la realidad de todos ellos<\/title>\n<meta name=\"description\" content=\"\u00bfMito o realidad? En este art\u00edculo hablamos sobre mitos de aviones (o de viajar en avi\u00f3n) Por ejemplo, los aviones son peligrosos. \u00bfRealidad?\" \/>\n<meta name=\"robots\" content=\"index, follow, max-snippet:-1, max-image-preview:large, max-video-preview:-1\" \/>\n<link rel=\"canonical\" href=\"https:\/\/www.reclamador.es\/blog\/mitos-aviones-realidad\/\" \/>\n<meta property=\"og:locale\" content=\"es_ES\" \/>\n<meta property=\"og:type\" content=\"article\" \/>\n<meta property=\"og:title\" content=\"Mitos de aviones: la realidad de todos ellos\" \/>\n<meta property=\"og:description\" content=\"\u00bfMito o realidad? En este art\u00edculo hablamos sobre mitos de aviones (o de viajar en avi\u00f3n) Por ejemplo, los aviones son peligrosos. \u00bfRealidad?\" \/>\n<meta property=\"og:url\" content=\"https:\/\/www.reclamador.es\/blog\/mitos-aviones-realidad\/\" \/>\n<meta property=\"og:site_name\" content=\"Rebeldes con causa, el blog de reclamador.es\" \/>\n<meta property=\"article:publisher\" content=\"https:\/\/www.facebook.com\/reclamador.es\" \/>\n<meta property=\"article:published_time\" content=\"2025-01-26T10:17:00+00:00\" \/>\n<meta property=\"article:modified_time\" content=\"2025-05-28T11:43:57+00:00\" \/>\n<meta property=\"og:image\" content=\"https:\/\/www.reclamador.es\/blog\/wp-content\/uploads\/2023\/09\/mitos-de-aviones-y-viajes-en-avion-reclamador.jpg\" \/>\n\t<meta property=\"og:image:width\" content=\"1200\" \/>\n\t<meta property=\"og:image:height\" content=\"701\" \/>\n\t<meta property=\"og:image:type\" content=\"image\/jpeg\" \/>\n<meta name=\"author\" content=\"Alicia Ria\u00f1o\" \/>\n<meta name=\"twitter:card\" content=\"summary_large_image\" \/>\n<meta name=\"twitter:creator\" content=\"@reclamador\" \/>\n<meta name=\"twitter:site\" content=\"@reclamador\" \/>\n<meta name=\"twitter:label1\" content=\"Escrito por\" \/>\n\t<meta name=\"twitter:data1\" content=\"Alicia Ria\u00f1o\" \/>\n\t<meta name=\"twitter:label2\" content=\"Tiempo de lectura\" \/>\n\t<meta name=\"twitter:data2\" content=\"3 minutos\" \/>\n<script type=\"application\/ld+json\" class=\"yoast-schema-graph\">{\"@context\":\"https:\\\/\\\/schema.org\",\"@graph\":[{\"@type\":\"Article\",\"@id\":\"https:\\\/\\\/www.reclamador.es\\\/blog\\\/mitos-aviones-realidad\\\/#article\",\"isPartOf\":{\"@id\":\"https:\\\/\\\/www.reclamador.es\\\/blog\\\/mitos-aviones-realidad\\\/\"},\"author\":{\"name\":\"Alicia Ria\u00f1o\",\"@id\":\"https:\\\/\\\/www.reclamador.es\\\/blog\\\/#\\\/schema\\\/person\\\/2a9d121a6362255b8129c6fda9caffd5\"},\"headline\":\"Desmitificando los viajes en avi\u00f3n: Mitos y realidades\",\"datePublished\":\"2025-01-26T10:17:00+00:00\",\"dateModified\":\"2025-05-28T11:43:57+00:00\",\"mainEntityOfPage\":{\"@id\":\"https:\\\/\\\/www.reclamador.es\\\/blog\\\/mitos-aviones-realidad\\\/\"},\"wordCount\":590,\"commentCount\":0,\"publisher\":{\"@id\":\"https:\\\/\\\/www.reclamador.es\\\/blog\\\/#organization\"},\"image\":{\"@id\":\"https:\\\/\\\/www.reclamador.es\\\/blog\\\/mitos-aviones-realidad\\\/#primaryimage\"},\"thumbnailUrl\":\"https:\\\/\\\/i0.wp.com\\\/www.reclamador.es\\\/blog\\\/wp-content\\\/uploads\\\/2023\\\/09\\\/mitos-de-aviones-y-viajes-en-avion-reclamador.jpg?fit=1200%2C701&ssl=1\",\"keywords\":[\"aerol\u00edneas\"],\"articleSection\":[\"Consejos legales\"],\"inLanguage\":\"es\",\"potentialAction\":[{\"@type\":\"CommentAction\",\"name\":\"Comment\",\"target\":[\"https:\\\/\\\/www.reclamador.es\\\/blog\\\/mitos-aviones-realidad\\\/#respond\"]}]},{\"@type\":\"WebPage\",\"@id\":\"https:\\\/\\\/www.reclamador.es\\\/blog\\\/mitos-aviones-realidad\\\/\",\"url\":\"https:\\\/\\\/www.reclamador.es\\\/blog\\\/mitos-aviones-realidad\\\/\",\"name\":\"Mitos de aviones: la realidad de todos ellos\",\"isPartOf\":{\"@id\":\"https:\\\/\\\/www.reclamador.es\\\/blog\\\/#website\"},\"primaryImageOfPage\":{\"@id\":\"https:\\\/\\\/www.reclamador.es\\\/blog\\\/mitos-aviones-realidad\\\/#primaryimage\"},\"image\":{\"@id\":\"https:\\\/\\\/www.reclamador.es\\\/blog\\\/mitos-aviones-realidad\\\/#primaryimage\"},\"thumbnailUrl\":\"https:\\\/\\\/i0.wp.com\\\/www.reclamador.es\\\/blog\\\/wp-content\\\/uploads\\\/2023\\\/09\\\/mitos-de-aviones-y-viajes-en-avion-reclamador.jpg?fit=1200%2C701&ssl=1\",\"datePublished\":\"2025-01-26T10:17:00+00:00\",\"dateModified\":\"2025-05-28T11:43:57+00:00\",\"description\":\"\u00bfMito o realidad? En este art\u00edculo hablamos sobre mitos de aviones (o de viajar en avi\u00f3n) Por ejemplo, los aviones son peligrosos. \u00bfRealidad?\",\"breadcrumb\":{\"@id\":\"https:\\\/\\\/www.reclamador.es\\\/blog\\\/mitos-aviones-realidad\\\/#breadcrumb\"},\"inLanguage\":\"es\",\"potentialAction\":[{\"@type\":\"ReadAction\",\"target\":[\"https:\\\/\\\/www.reclamador.es\\\/blog\\\/mitos-aviones-realidad\\\/\"]}]},{\"@type\":\"ImageObject\",\"inLanguage\":\"es\",\"@id\":\"https:\\\/\\\/www.reclamador.es\\\/blog\\\/mitos-aviones-realidad\\\/#primaryimage\",\"url\":\"https:\\\/\\\/i0.wp.com\\\/www.reclamador.es\\\/blog\\\/wp-content\\\/uploads\\\/2023\\\/09\\\/mitos-de-aviones-y-viajes-en-avion-reclamador.jpg?fit=1200%2C701&ssl=1\",\"contentUrl\":\"https:\\\/\\\/i0.wp.com\\\/www.reclamador.es\\\/blog\\\/wp-content\\\/uploads\\\/2023\\\/09\\\/mitos-de-aviones-y-viajes-en-avion-reclamador.jpg?fit=1200%2C701&ssl=1\",\"width\":1200,\"height\":701,\"caption\":\"Realidad y mitos de aviones\"},{\"@type\":\"BreadcrumbList\",\"@id\":\"https:\\\/\\\/www.reclamador.es\\\/blog\\\/mitos-aviones-realidad\\\/#breadcrumb\",\"itemListElement\":[{\"@type\":\"ListItem\",\"position\":1,\"name\":\"Portada\",\"item\":\"https:\\\/\\\/www.reclamador.es\\\/blog\\\/\"},{\"@type\":\"ListItem\",\"position\":2,\"name\":\"Desmitificando los viajes en avi\u00f3n: Mitos y realidades\"}]},{\"@type\":\"WebSite\",\"@id\":\"https:\\\/\\\/www.reclamador.es\\\/blog\\\/#website\",\"url\":\"https:\\\/\\\/www.reclamador.es\\\/blog\\\/\",\"name\":\"Rebeldes con causa, el blog de reclamador.es\",\"description\":\"Noticias, entrevistas y consejos sobre reclamaciones\",\"publisher\":{\"@id\":\"https:\\\/\\\/www.reclamador.es\\\/blog\\\/#organization\"},\"potentialAction\":[{\"@type\":\"SearchAction\",\"target\":{\"@type\":\"EntryPoint\",\"urlTemplate\":\"https:\\\/\\\/www.reclamador.es\\\/blog\\\/?s={search_term_string}\"},\"query-input\":{\"@type\":\"PropertyValueSpecification\",\"valueRequired\":true,\"valueName\":\"search_term_string\"}}],\"inLanguage\":\"es\"},{\"@type\":\"Organization\",\"@id\":\"https:\\\/\\\/www.reclamador.es\\\/blog\\\/#organization\",\"name\":\"reclamador.es\",\"url\":\"https:\\\/\\\/www.reclamador.es\\\/blog\\\/\",\"logo\":{\"@type\":\"ImageObject\",\"inLanguage\":\"es\",\"@id\":\"https:\\\/\\\/www.reclamador.es\\\/blog\\\/#\\\/schema\\\/logo\\\/image\\\/\",\"url\":\"https:\\\/\\\/i0.wp.com\\\/www.reclamador.es\\\/blog\\\/wp-content\\\/uploads\\\/2020\\\/01\\\/logo-reclamador.png?fit=1200%2C144&ssl=1\",\"contentUrl\":\"https:\\\/\\\/i0.wp.com\\\/www.reclamador.es\\\/blog\\\/wp-content\\\/uploads\\\/2020\\\/01\\\/logo-reclamador.png?fit=1200%2C144&ssl=1\",\"width\":1200,\"height\":144,\"caption\":\"reclamador.es\"},\"image\":{\"@id\":\"https:\\\/\\\/www.reclamador.es\\\/blog\\\/#\\\/schema\\\/logo\\\/image\\\/\"},\"sameAs\":[\"https:\\\/\\\/www.facebook.com\\\/reclamador.es\",\"https:\\\/\\\/x.com\\\/reclamador\",\"https:\\\/\\\/www.instagram.com\\\/reclamador.es\\\/\",\"https:\\\/\\\/www.linkedin.com\\\/company\\\/reclamador-es\",\"https:\\\/\\\/www.youtube.com\\\/user\\\/Reclamadores\"]},{\"@type\":\"Person\",\"@id\":\"https:\\\/\\\/www.reclamador.es\\\/blog\\\/#\\\/schema\\\/person\\\/2a9d121a6362255b8129c6fda9caffd5\",\"name\":\"Alicia Ria\u00f1o\",\"image\":{\"@type\":\"ImageObject\",\"inLanguage\":\"es\",\"@id\":\"https:\\\/\\\/secure.gravatar.com\\\/avatar\\\/2915f7664bf5ed4baf932328fabfe761f32f21ec1b577e7d54a7fee6613de25f?s=96&d=mm&r=g\",\"url\":\"https:\\\/\\\/secure.gravatar.com\\\/avatar\\\/2915f7664bf5ed4baf932328fabfe761f32f21ec1b577e7d54a7fee6613de25f?s=96&d=mm&r=g\",\"contentUrl\":\"https:\\\/\\\/secure.gravatar.com\\\/avatar\\\/2915f7664bf5ed4baf932328fabfe761f32f21ec1b577e7d54a7fee6613de25f?s=96&d=mm&r=g\",\"caption\":\"Alicia Ria\u00f1o\"},\"description\":\"Periodista experta en comunicaci\u00f3n y marketing digital. Escribo para acercar la informaci\u00f3n legal de forma sencilla y comprensible a las personas.\",\"sameAs\":[\"https:\\\/\\\/www.linkedin.com\\\/in\\\/alicia-r-932a2959\"],\"url\":\"https:\\\/\\\/www.reclamador.es\\\/blog\\\/author\\\/alicia-riano\\\/\"}]}<\/script>\n<!-- \/ Yoast SEO plugin. -->","yoast_head_json":{"title":"Mitos de aviones: la realidad de todos ellos","description":"\u00bfMito o realidad? En este art\u00edculo hablamos sobre mitos de aviones (o de viajar en avi\u00f3n) Por ejemplo, los aviones son peligrosos. \u00bfRealidad?","robots":{"index":"index","follow":"follow","max-snippet":"max-snippet:-1","max-image-preview":"max-image-preview:large","max-video-preview":"max-video-preview:-1"},"canonical":"https:\/\/www.reclamador.es\/blog\/mitos-aviones-realidad\/","og_locale":"es_ES","og_type":"article","og_title":"Mitos de aviones: la realidad de todos ellos","og_description":"\u00bfMito o realidad? En este art\u00edculo hablamos sobre mitos de aviones (o de viajar en avi\u00f3n) Por ejemplo, los aviones son peligrosos. \u00bfRealidad?","og_url":"https:\/\/www.reclamador.es\/blog\/mitos-aviones-realidad\/","og_site_name":"Rebeldes con causa, el blog de reclamador.es","article_publisher":"https:\/\/www.facebook.com\/reclamador.es","article_published_time":"2025-01-26T10:17:00+00:00","article_modified_time":"2025-05-28T11:43:57+00:00","og_image":[{"width":1200,"height":701,"url":"https:\/\/www.reclamador.es\/blog\/wp-content\/uploads\/2023\/09\/mitos-de-aviones-y-viajes-en-avion-reclamador.jpg","type":"image\/jpeg"}],"author":"Alicia Ria\u00f1o","twitter_card":"summary_large_image","twitter_creator":"@reclamador","twitter_site":"@reclamador","twitter_misc":{"Escrito por":"Alicia Ria\u00f1o","Tiempo de lectura":"3 minutos"},"schema":{"@context":"https:\/\/schema.org","@graph":[{"@type":"Article","@id":"https:\/\/www.reclamador.es\/blog\/mitos-aviones-realidad\/#article","isPartOf":{"@id":"https:\/\/www.reclamador.es\/blog\/mitos-aviones-realidad\/"},"author":{"name":"Alicia Ria\u00f1o","@id":"https:\/\/www.reclamador.es\/blog\/#\/schema\/person\/2a9d121a6362255b8129c6fda9caffd5"},"headline":"Desmitificando los viajes en avi\u00f3n: Mitos y realidades","datePublished":"2025-01-26T10:17:00+00:00","dateModified":"2025-05-28T11:43:57+00:00","mainEntityOfPage":{"@id":"https:\/\/www.reclamador.es\/blog\/mitos-aviones-realidad\/"},"wordCount":590,"commentCount":0,"publisher":{"@id":"https:\/\/www.reclamador.es\/blog\/#organization"},"image":{"@id":"https:\/\/www.reclamador.es\/blog\/mitos-aviones-realidad\/#primaryimage"},"thumbnailUrl":"https:\/\/i0.wp.com\/www.reclamador.es\/blog\/wp-content\/uploads\/2023\/09\/mitos-de-aviones-y-viajes-en-avion-reclamador.jpg?fit=1200%2C701&ssl=1","keywords":["aerol\u00edneas"],"articleSection":["Consejos legales"],"inLanguage":"es","potentialAction":[{"@type":"CommentAction","name":"Comment","target":["https:\/\/www.reclamador.es\/blog\/mitos-aviones-realidad\/#respond"]}]},{"@type":"WebPage","@id":"https:\/\/www.reclamador.es\/blog\/mitos-aviones-realidad\/","url":"https:\/\/www.reclamador.es\/blog\/mitos-aviones-realidad\/","name":"Mitos de aviones: la realidad de todos ellos","isPartOf":{"@id":"https:\/\/www.reclamador.es\/blog\/#website"},"primaryImageOfPage":{"@id":"https:\/\/www.reclamador.es\/blog\/mitos-aviones-realidad\/#primaryimage"},"image":{"@id":"https:\/\/www.reclamador.es\/blog\/mitos-aviones-realidad\/#primaryimage"},"thumbnailUrl":"https:\/\/i0.wp.com\/www.reclamador.es\/blog\/wp-content\/uploads\/2023\/09\/mitos-de-aviones-y-viajes-en-avion-reclamador.jpg?fit=1200%2C701&ssl=1","datePublished":"2025-01-26T10:17:00+00:00","dateModified":"2025-05-28T11:43:57+00:00","description":"\u00bfMito o realidad? En este art\u00edculo hablamos sobre mitos de aviones (o de viajar en avi\u00f3n) Por ejemplo, los aviones son peligrosos. \u00bfRealidad?","breadcrumb":{"@id":"https:\/\/www.reclamador.es\/blog\/mitos-aviones-realidad\/#breadcrumb"},"inLanguage":"es","potentialAction":[{"@type":"ReadAction","target":["https:\/\/www.reclamador.es\/blog\/mitos-aviones-realidad\/"]}]},{"@type":"ImageObject","inLanguage":"es","@id":"https:\/\/www.reclamador.es\/blog\/mitos-aviones-realidad\/#primaryimage","url":"https:\/\/i0.wp.com\/www.reclamador.es\/blog\/wp-content\/uploads\/2023\/09\/mitos-de-aviones-y-viajes-en-avion-reclamador.jpg?fit=1200%2C701&ssl=1","contentUrl":"https:\/\/i0.wp.com\/www.reclamador.es\/blog\/wp-content\/uploads\/2023\/09\/mitos-de-aviones-y-viajes-en-avion-reclamador.jpg?fit=1200%2C701&ssl=1","width":1200,"height":701,"caption":"Realidad y mitos de aviones"},{"@type":"BreadcrumbList","@id":"https:\/\/www.reclamador.es\/blog\/mitos-aviones-realidad\/#breadcrumb","itemListElement":[{"@type":"ListItem","position":1,"name":"Portada","item":"https:\/\/www.reclamador.es\/blog\/"},{"@type":"ListItem","position":2,"name":"Desmitificando los viajes en avi\u00f3n: Mitos y realidades"}]},{"@type":"WebSite","@id":"https:\/\/www.reclamador.es\/blog\/#website","url":"https:\/\/www.reclamador.es\/blog\/","name":"Rebeldes con causa, el blog de reclamador.es","description":"Noticias, entrevistas y consejos sobre reclamaciones","publisher":{"@id":"https:\/\/www.reclamador.es\/blog\/#organization"},"potentialAction":[{"@type":"SearchAction","target":{"@type":"EntryPoint","urlTemplate":"https:\/\/www.reclamador.es\/blog\/?s={search_term_string}"},"query-input":{"@type":"PropertyValueSpecification","valueRequired":true,"valueName":"search_term_string"}}],"inLanguage":"es"},{"@type":"Organization","@id":"https:\/\/www.reclamador.es\/blog\/#organization","name":"reclamador.es","url":"https:\/\/www.reclamador.es\/blog\/","logo":{"@type":"ImageObject","inLanguage":"es","@id":"https:\/\/www.reclamador.es\/blog\/#\/schema\/logo\/image\/","url":"https:\/\/i0.wp.com\/www.reclamador.es\/blog\/wp-content\/uploads\/2020\/01\/logo-reclamador.png?fit=1200%2C144&ssl=1","contentUrl":"https:\/\/i0.wp.com\/www.reclamador.es\/blog\/wp-content\/uploads\/2020\/01\/logo-reclamador.png?fit=1200%2C144&ssl=1","width":1200,"height":144,"caption":"reclamador.es"},"image":{"@id":"https:\/\/www.reclamador.es\/blog\/#\/schema\/logo\/image\/"},"sameAs":["https:\/\/www.facebook.com\/reclamador.es","https:\/\/x.com\/reclamador","https:\/\/www.instagram.com\/reclamador.es\/","https:\/\/www.linkedin.com\/company\/reclamador-es","https:\/\/www.youtube.com\/user\/Reclamadores"]},{"@type":"Person","@id":"https:\/\/www.reclamador.es\/blog\/#\/schema\/person\/2a9d121a6362255b8129c6fda9caffd5","name":"Alicia Ria\u00f1o","image":{"@type":"ImageObject","inLanguage":"es","@id":"https:\/\/secure.gravatar.com\/avatar\/2915f7664bf5ed4baf932328fabfe761f32f21ec1b577e7d54a7fee6613de25f?s=96&d=mm&r=g","url":"https:\/\/secure.gravatar.com\/avatar\/2915f7664bf5ed4baf932328fabfe761f32f21ec1b577e7d54a7fee6613de25f?s=96&d=mm&r=g","contentUrl":"https:\/\/secure.gravatar.com\/avatar\/2915f7664bf5ed4baf932328fabfe761f32f21ec1b577e7d54a7fee6613de25f?s=96&d=mm&r=g","caption":"Alicia Ria\u00f1o"},"description":"Periodista experta en comunicaci\u00f3n y marketing digital. Escribo para acercar la informaci\u00f3n legal de forma sencilla y comprensible a las personas.","sameAs":["https:\/\/www.linkedin.com\/in\/alicia-r-932a2959"],"url":"https:\/\/www.reclamador.es\/blog\/author\/alicia-riano\/"}]}},"jetpack_featured_media_url":"https:\/\/i0.wp.com\/www.reclamador.es\/blog\/wp-content\/uploads\/2023\/09\/mitos-de-aviones-y-viajes-en-avion-reclamador.jpg?fit=1200%2C701&ssl=1","jetpack-related-posts":[{"id":18319,"url":"https:\/\/www.reclamador.es\/blog\/salir-del-avion-antes-de-despegar\/","url_meta":{"origin":31344,"position":0},"title":"\u00bfEs posible abandonar el avi\u00f3n antes de despegar?","author":"Equipo reclamador","date":"25 junio, 2020","format":false,"excerpt":"Querer salir del avi\u00f3n en el \u00faltimo momento antes de despegar puede parecer una escena que \u00fanicamente ocurre en las pel\u00edculas. Pero qu\u00e9 pasa cuando la realidad supera a la ficci\u00f3n, \u00bfes posible abandonar el avi\u00f3n una vez sentado? Salir del avi\u00f3n\u00a0 Para responderte a esta cuesti\u00f3n, lo primero que\u2026","rel":"","context":"En \u00abConsejos legales\u00bb","block_context":{"text":"Consejos legales","link":"https:\/\/www.reclamador.es\/blog\/consejos\/"},"img":{"alt_text":"salir del avi\u00f3n una vez embarcado","src":"https:\/\/i0.wp.com\/www.reclamador.es\/blog\/wp-content\/uploads\/2018\/05\/salir-del-avion-antes-de-despegar.jpg?fit=1200%2C690&ssl=1&resize=350%2C200","width":350,"height":200,"srcset":"https:\/\/i0.wp.com\/www.reclamador.es\/blog\/wp-content\/uploads\/2018\/05\/salir-del-avion-antes-de-despegar.jpg?fit=1200%2C690&ssl=1&resize=350%2C200 1x, https:\/\/i0.wp.com\/www.reclamador.es\/blog\/wp-content\/uploads\/2018\/05\/salir-del-avion-antes-de-despegar.jpg?fit=1200%2C690&ssl=1&resize=525%2C300 1.5x, https:\/\/i0.wp.com\/www.reclamador.es\/blog\/wp-content\/uploads\/2018\/05\/salir-del-avion-antes-de-despegar.jpg?fit=1200%2C690&ssl=1&resize=700%2C400 2x, https:\/\/i0.wp.com\/www.reclamador.es\/blog\/wp-content\/uploads\/2018\/05\/salir-del-avion-antes-de-despegar.jpg?fit=1200%2C690&ssl=1&resize=1050%2C600 3x"},"classes":[]},{"id":34867,"url":"https:\/\/www.reclamador.es\/blog\/power-bank-en-el-avion\/","url_meta":{"origin":31344,"position":1},"title":"\u00bfQu\u00e9 tipo de power bank puedes llevar en el avi\u00f3n?","author":"Alicia Ria\u00f1o","date":"25 agosto, 2025","format":false,"excerpt":"Las power banks, o bater\u00edas port\u00e1tiles, son un gran aliado en viajes, tanto por ocio como desplazamiento por trabajo, pero dadas las numerosas restricciones que encontramos a d\u00eda de hoy con elementos tecnol\u00f3gicos a la hora de volar, muchas personas se preguntan si se puede llevar una power bank en\u2026","rel":"","context":"En \u00abConsejos legales\u00bb","block_context":{"text":"Consejos legales","link":"https:\/\/www.reclamador.es\/blog\/consejos\/"},"img":{"alt_text":"tipo de power bank que se puede llevar en un avion","src":"https:\/\/i0.wp.com\/www.reclamador.es\/blog\/wp-content\/uploads\/2025\/08\/llevar-power-bank-en-el-avion.jpg?fit=1200%2C630&ssl=1&resize=350%2C200","width":350,"height":200,"srcset":"https:\/\/i0.wp.com\/www.reclamador.es\/blog\/wp-content\/uploads\/2025\/08\/llevar-power-bank-en-el-avion.jpg?fit=1200%2C630&ssl=1&resize=350%2C200 1x, https:\/\/i0.wp.com\/www.reclamador.es\/blog\/wp-content\/uploads\/2025\/08\/llevar-power-bank-en-el-avion.jpg?fit=1200%2C630&ssl=1&resize=525%2C300 1.5x, https:\/\/i0.wp.com\/www.reclamador.es\/blog\/wp-content\/uploads\/2025\/08\/llevar-power-bank-en-el-avion.jpg?fit=1200%2C630&ssl=1&resize=700%2C400 2x, https:\/\/i0.wp.com\/www.reclamador.es\/blog\/wp-content\/uploads\/2025\/08\/llevar-power-bank-en-el-avion.jpg?fit=1200%2C630&ssl=1&resize=1050%2C600 3x"},"classes":[]},{"id":34242,"url":"https:\/\/www.reclamador.es\/blog\/llevar-tabaco-y-mechero-en-el-avion\/","url_meta":{"origin":31344,"position":2},"title":"\u00bfSe puede llevar tabaco y mechero en el avi\u00f3n?","author":"Equipo reclamador","date":"21 mayo, 2025","format":false,"excerpt":"En principio, puedes llevar contigo en el avi\u00f3n tabaco y mechero, pero existen restricciones tanto de cantidad, en lo que al tabaco se refiere, como de forma o tipo respecto al mechero. Adem\u00e1s, en cuanto a mecheros o encendedores, tambi\u00e9n hay que tener en cuenta d\u00f3nde llevarlos. Si quieres saber\u2026","rel":"","context":"En \u00abConsejos legales\u00bb","block_context":{"text":"Consejos legales","link":"https:\/\/www.reclamador.es\/blog\/consejos\/"},"img":{"alt_text":"tabaco y mecheros permitidos en los aviones","src":"https:\/\/i0.wp.com\/www.reclamador.es\/blog\/wp-content\/uploads\/2025\/05\/se-puede-llevar-tabaco-y-mechero-en-el-avion-1200x630-1.jpg?fit=1200%2C630&ssl=1&resize=350%2C200","width":350,"height":200,"srcset":"https:\/\/i0.wp.com\/www.reclamador.es\/blog\/wp-content\/uploads\/2025\/05\/se-puede-llevar-tabaco-y-mechero-en-el-avion-1200x630-1.jpg?fit=1200%2C630&ssl=1&resize=350%2C200 1x, https:\/\/i0.wp.com\/www.reclamador.es\/blog\/wp-content\/uploads\/2025\/05\/se-puede-llevar-tabaco-y-mechero-en-el-avion-1200x630-1.jpg?fit=1200%2C630&ssl=1&resize=525%2C300 1.5x, https:\/\/i0.wp.com\/www.reclamador.es\/blog\/wp-content\/uploads\/2025\/05\/se-puede-llevar-tabaco-y-mechero-en-el-avion-1200x630-1.jpg?fit=1200%2C630&ssl=1&resize=700%2C400 2x, https:\/\/i0.wp.com\/www.reclamador.es\/blog\/wp-content\/uploads\/2025\/05\/se-puede-llevar-tabaco-y-mechero-en-el-avion-1200x630-1.jpg?fit=1200%2C630&ssl=1&resize=1050%2C600 3x"},"classes":[]},{"id":35440,"url":"https:\/\/www.reclamador.es\/blog\/llevar-pasta-de-dientes-en-avion-cuando-esta-prohibido\/","url_meta":{"origin":31344,"position":3},"title":"Llevar pasta de dientes en avi\u00f3n: \u00bfcu\u00e1ndo est\u00e1 prohibido?","author":"Alicia Ria\u00f1o","date":"12 enero, 2026","format":false,"excerpt":"Es raro pensar en hacer un viaje, ya sea corto o de muchos d\u00edas, y no llevar pasta de dientes. El dent\u00edfrico suele tener diferentes tama\u00f1os y formatos, por lo que a la hora de preparar la maleta y el neceser, cuando el viaje es avi\u00f3n, hay que escoger muy\u2026","rel":"","context":"En \u00abConsejos legales\u00bb","block_context":{"text":"Consejos legales","link":"https:\/\/www.reclamador.es\/blog\/consejos\/"},"img":{"alt_text":"cu\u00e1ndo est\u00e1 prohibido llevar pasta de dientes en avion","src":"https:\/\/i0.wp.com\/www.reclamador.es\/blog\/wp-content\/uploads\/2026\/01\/Diseno-sin-titulo-6.jpg?fit=1200%2C630&ssl=1&resize=350%2C200","width":350,"height":200,"srcset":"https:\/\/i0.wp.com\/www.reclamador.es\/blog\/wp-content\/uploads\/2026\/01\/Diseno-sin-titulo-6.jpg?fit=1200%2C630&ssl=1&resize=350%2C200 1x, https:\/\/i0.wp.com\/www.reclamador.es\/blog\/wp-content\/uploads\/2026\/01\/Diseno-sin-titulo-6.jpg?fit=1200%2C630&ssl=1&resize=525%2C300 1.5x, https:\/\/i0.wp.com\/www.reclamador.es\/blog\/wp-content\/uploads\/2026\/01\/Diseno-sin-titulo-6.jpg?fit=1200%2C630&ssl=1&resize=700%2C400 2x, https:\/\/i0.wp.com\/www.reclamador.es\/blog\/wp-content\/uploads\/2026\/01\/Diseno-sin-titulo-6.jpg?fit=1200%2C630&ssl=1&resize=1050%2C600 3x"},"classes":[]},{"id":1212,"url":"https:\/\/www.reclamador.es\/blog\/viajar-en-avion-con-mascotas\/","url_meta":{"origin":31344,"position":4},"title":"Viajar en avi\u00f3n con mascotas","author":"Equipo reclamador","date":"22 julio, 2016","format":false,"excerpt":"*Texto revisado septiembre 2022 El transporte de las mascotas en los aviones var\u00eda dependiendo de la compa\u00f1\u00eda a\u00e9rea. Pero por lo general, cuando el animal excede de las medidas que exige la aerol\u00ednea para volar en cabina, \u00e9stas tienen que hacerlo en la bodega, con las consiguientes consecuencias negativas que\u2026","rel":"","context":"En \u00abConsejos legales\u00bb","block_context":{"text":"Consejos legales","link":"https:\/\/www.reclamador.es\/blog\/consejos\/"},"img":{"alt_text":"viajar con mascotas en avion","src":"https:\/\/i0.wp.com\/www.reclamador.es\/blog\/wp-content\/uploads\/2016\/07\/viajar-con-mascotas-en-avion.jpg?fit=1200%2C778&ssl=1&resize=350%2C200","width":350,"height":200,"srcset":"https:\/\/i0.wp.com\/www.reclamador.es\/blog\/wp-content\/uploads\/2016\/07\/viajar-con-mascotas-en-avion.jpg?fit=1200%2C778&ssl=1&resize=350%2C200 1x, https:\/\/i0.wp.com\/www.reclamador.es\/blog\/wp-content\/uploads\/2016\/07\/viajar-con-mascotas-en-avion.jpg?fit=1200%2C778&ssl=1&resize=525%2C300 1.5x, https:\/\/i0.wp.com\/www.reclamador.es\/blog\/wp-content\/uploads\/2016\/07\/viajar-con-mascotas-en-avion.jpg?fit=1200%2C778&ssl=1&resize=700%2C400 2x, https:\/\/i0.wp.com\/www.reclamador.es\/blog\/wp-content\/uploads\/2016\/07\/viajar-con-mascotas-en-avion.jpg?fit=1200%2C778&ssl=1&resize=1050%2C600 3x"},"classes":[]},{"id":35452,"url":"https:\/\/www.reclamador.es\/blog\/cepillo-de-dientes-electrico-en-avion\/","url_meta":{"origin":31344,"position":5},"title":"\u00bfSe puede llevar cepillo de dientes el\u00e9ctrico en el avi\u00f3n?","author":"Alicia Ria\u00f1o","date":"8 enero, 2026","format":false,"excerpt":"Estudios recientes revelan que algo menos del 50 % de los adultos usan hoy en d\u00eda cepillos de dientes el\u00e9ctricos, los m\u00e1s recomendados por dentistas e higienistas dentales. Ya sea un viaje de trabajo o un viaje por ocio, todas las personas llevan consigo su cepillo de dientes, ya sea\u2026","rel":"","context":"En \u00abConsejos legales\u00bb","block_context":{"text":"Consejos legales","link":"https:\/\/www.reclamador.es\/blog\/consejos\/"},"img":{"alt_text":"equipaje de mano o equipaje facturado - cepillo de dientes electrico en avion","src":"https:\/\/i0.wp.com\/www.reclamador.es\/blog\/wp-content\/uploads\/2026\/01\/cepillo-de-dientes-electrico-avion.jpg?fit=1200%2C630&ssl=1&resize=350%2C200","width":350,"height":200,"srcset":"https:\/\/i0.wp.com\/www.reclamador.es\/blog\/wp-content\/uploads\/2026\/01\/cepillo-de-dientes-electrico-avion.jpg?fit=1200%2C630&ssl=1&resize=350%2C200 1x, https:\/\/i0.wp.com\/www.reclamador.es\/blog\/wp-content\/uploads\/2026\/01\/cepillo-de-dientes-electrico-avion.jpg?fit=1200%2C630&ssl=1&resize=525%2C300 1.5x, https:\/\/i0.wp.com\/www.reclamador.es\/blog\/wp-content\/uploads\/2026\/01\/cepillo-de-dientes-electrico-avion.jpg?fit=1200%2C630&ssl=1&resize=700%2C400 2x, https:\/\/i0.wp.com\/www.reclamador.es\/blog\/wp-content\/uploads\/2026\/01\/cepillo-de-dientes-electrico-avion.jpg?fit=1200%2C630&ssl=1&resize=1050%2C600 3x"},"classes":[]}],"jetpack_sharing_enabled":true,"_links":{"self":[{"href":"https:\/\/www.reclamador.es\/blog\/wp-json\/wp\/v2\/posts\/31344","targetHints":{"allow":["GET"]}}],"collection":[{"href":"https:\/\/www.reclamador.es\/blog\/wp-json\/wp\/v2\/posts"}],"about":[{"href":"https:\/\/www.reclamador.es\/blog\/wp-json\/wp\/v2\/types\/post"}],"author":[{"embeddable":true,"href":"https:\/\/www.reclamador.es\/blog\/wp-json\/wp\/v2\/users\/28"}],"replies":[{"embeddable":true,"href":"https:\/\/www.reclamador.es\/blog\/wp-json\/wp\/v2\/comments?post=31344"}],"version-history":[{"count":7,"href":"https:\/\/www.reclamador.es\/blog\/wp-json\/wp\/v2\/posts\/31344\/revisions"}],"predecessor-version":[{"id":34342,"href":"https:\/\/www.reclamador.es\/blog\/wp-json\/wp\/v2\/posts\/31344\/revisions\/34342"}],"wp:featuredmedia":[{"embeddable":true,"href":"https:\/\/www.reclamador.es\/blog\/wp-json\/wp\/v2\/media\/31349"}],"wp:attachment":[{"href":"https:\/\/www.reclamador.es\/blog\/wp-json\/wp\/v2\/media?parent=31344"}],"wp:term":[{"taxonomy":"category","embeddable":true,"href":"https:\/\/www.reclamador.es\/blog\/wp-json\/wp\/v2\/categories?post=31344"},{"taxonomy":"post_tag","embeddable":true,"href":"https:\/\/www.reclamador.es\/blog\/wp-json\/wp\/v2\/tags?post=31344"}],"curies":[{"name":"wp","href":"https:\/\/api.w.org\/{rel}","templated":true}]}}