{"id":31302,"date":"2023-09-07T12:03:48","date_gmt":"2023-09-07T10:03:48","guid":{"rendered":"https:\/\/www.reclamador.es\/blog\/?p=31302"},"modified":"2025-03-07T12:21:58","modified_gmt":"2025-03-07T11:21:58","slug":"reclame-a-ryanair-por-mas-de-5-horas-de-retraso-en-un-vuelo-y-a-los-3-meses-ya-tenia-el-dinero-de-la-reclamacion-ingresado","status":"publish","type":"post","link":"https:\/\/www.reclamador.es\/blog\/reclame-a-ryanair-por-mas-de-5-horas-de-retraso-en-un-vuelo-y-a-los-3-meses-ya-tenia-el-dinero-de-la-reclamacion-ingresado\/","title":{"rendered":"\u201cReclam\u00e9 a Ryanair por m\u00e1s de 5 horas de retraso en un vuelo y a los 3 meses ya ten\u00eda el dinero de la reclamaci\u00f3n ingresado\u201d"},"content":{"rendered":"<div class=\"ttr_start\"><\/div>\n\n<div class=\"kk-star-ratings kksr-auto kksr-align-right kksr-valign-top\"\n    data-payload='{&quot;align&quot;:&quot;right&quot;,&quot;id&quot;:&quot;31302&quot;,&quot;slug&quot;:&quot;default&quot;,&quot;valign&quot;:&quot;top&quot;,&quot;ignore&quot;:&quot;&quot;,&quot;reference&quot;:&quot;auto&quot;,&quot;class&quot;:&quot;&quot;,&quot;count&quot;:&quot;1&quot;,&quot;legendonly&quot;:&quot;&quot;,&quot;readonly&quot;:&quot;&quot;,&quot;score&quot;:&quot;5&quot;,&quot;starsonly&quot;:&quot;&quot;,&quot;best&quot;:&quot;5&quot;,&quot;gap&quot;:&quot;3&quot;,&quot;greet&quot;:&quot;Valora este art\u00edculo&quot;,&quot;legend&quot;:&quot;5\\\/5 - (1 voto)&quot;,&quot;size&quot;:&quot;20&quot;,&quot;title&quot;:&quot;\u201cReclam\u00e9 a Ryanair por m\u00e1s de 5 horas de retraso en un vuelo y a los 3 meses ya ten\u00eda el dinero de la reclamaci\u00f3n ingresado\u201d&quot;,&quot;width&quot;:&quot;113.5&quot;,&quot;_legend&quot;:&quot;{score}\\\/{best} - ({count} {votes})&quot;,&quot;font_factor&quot;:&quot;1.25&quot;}'>\n            \n<div class=\"kksr-stars\">\n    \n<div class=\"kksr-stars-inactive\">\n            <div class=\"kksr-star\" data-star=\"1\" style=\"padding-right: 3px\">\n            \n\n<div class=\"kksr-icon\" style=\"width: 20px; height: 20px;\"><\/div>\n        <\/div>\n            <div class=\"kksr-star\" data-star=\"2\" style=\"padding-right: 3px\">\n            \n\n<div class=\"kksr-icon\" style=\"width: 20px; height: 20px;\"><\/div>\n        <\/div>\n            <div class=\"kksr-star\" data-star=\"3\" style=\"padding-right: 3px\">\n            \n\n<div class=\"kksr-icon\" style=\"width: 20px; height: 20px;\"><\/div>\n        <\/div>\n            <div class=\"kksr-star\" data-star=\"4\" style=\"padding-right: 3px\">\n            \n\n<div class=\"kksr-icon\" style=\"width: 20px; height: 20px;\"><\/div>\n        <\/div>\n            <div class=\"kksr-star\" data-star=\"5\" style=\"padding-right: 3px\">\n            \n\n<div class=\"kksr-icon\" style=\"width: 20px; height: 20px;\"><\/div>\n        <\/div>\n    <\/div>\n    \n<div class=\"kksr-stars-active\" style=\"width: 113.5px;\">\n            <div class=\"kksr-star\" style=\"padding-right: 3px\">\n            \n\n<div class=\"kksr-icon\" style=\"width: 20px; height: 20px;\"><\/div>\n        <\/div>\n            <div class=\"kksr-star\" style=\"padding-right: 3px\">\n            \n\n<div class=\"kksr-icon\" style=\"width: 20px; height: 20px;\"><\/div>\n        <\/div>\n            <div class=\"kksr-star\" style=\"padding-right: 3px\">\n            \n\n<div class=\"kksr-icon\" style=\"width: 20px; height: 20px;\"><\/div>\n        <\/div>\n            <div class=\"kksr-star\" style=\"padding-right: 3px\">\n            \n\n<div class=\"kksr-icon\" style=\"width: 20px; height: 20px;\"><\/div>\n        <\/div>\n            <div class=\"kksr-star\" style=\"padding-right: 3px\">\n            \n\n<div class=\"kksr-icon\" style=\"width: 20px; height: 20px;\"><\/div>\n        <\/div>\n    <\/div>\n<\/div>\n                \n\n<div class=\"kksr-legend\" style=\"font-size: 16px;\">\n            5\/5 - (1 voto)    <\/div>\n    <\/div>\n\n<figure id=\"attachment_31305\" aria-describedby=\"caption-attachment-31305\" style=\"width: 1200px\" class=\"wp-caption aligncenter\"><img data-recalc-dims=\"1\" loading=\"lazy\" decoding=\"async\" class=\"size-full wp-image-31305\" src=\"https:\/\/i0.wp.com\/www.reclamador.es\/blog\/wp-content\/uploads\/2023\/09\/entrevista-cliente-aerolineas-Paula-Corbillon-1200x630-1.jpg?resize=1200%2C675&#038;ssl=1\" alt=\"entrevista cliente reclamador reclamaci\u00f3n a Ryanair\" width=\"1200\" height=\"675\" \/><figcaption id=\"caption-attachment-31305\" class=\"wp-caption-text\"><em>Paula, reclamadora de aerol\u00edneas<\/em><\/figcaption><\/figure>\n<p><span style=\"font-weight: 400;\">Esta semana charlamos con Paula Corbill\u00f3n. Esta ingeniera qu\u00edmica, que vive fuera de Espa\u00f1a por motivos laborales, nos cuenta su experiencia tras sufrir un gran <a href=\"https:\/\/www.reclamador.es\/aerolineas\/retraso-vuelo\/ryanair\/\">retraso con Ryanair<\/a> en el vuelo al volver para disfrutar de unos d\u00edas con su familia. Disfruta del senderismo y sobre todo, nos cuenta que no le gusta madrugar.\u00a0<\/span><\/p>\n<ol>\n<li><b>Reclamaci\u00f3n a:<\/b><span style=\"font-weight: 400;\"> Ryanair. Vuelo Alicante-Santiago<\/span><\/li>\n<li><b>Indemnizaci\u00f3n obtenida: <\/b><span style=\"font-weight: 400;\">250 euros de indemnizaci\u00f3n\u00a0<\/span><\/li>\n<\/ol>\n<p><span style=\"font-weight: 400;\">No te pierdas su entrevista:<\/span><\/p>\n<h3><b>Hola Paula. C\u00f3mo empez\u00f3 tu <\/b><b><i>aventura<\/i><\/b><b>. \u00bfVolv\u00edas a tu residencia familiar por ocio? \u00bfVerdad?<\/b><\/h3>\n<p><span style=\"font-weight: 400;\">S\u00ed. F<\/span><span style=\"font-weight: 400;\">ue poco despu\u00e9s de Semana Santa, me cog\u00ed unos d\u00edas en el trabajo para ir a Galicia a pasar unos d\u00edas en casa con mi familia, ya que ahora mismo estoy viviendo en Austria. As\u00ed que viaj\u00e9 sola de Viena-Alicante, y de aqu\u00ed enlac\u00e9 e hice Alicante-Santiago, ya que no tengo conexi\u00f3n directa.<\/span><\/p>\n<h3><b>Veo en tu expediente que el retraso fue de 5 horas y 14 minutos, \u00bfqu\u00e9 sentiste en ese momento? \u00bfAlguien de la compa\u00f1\u00eda a\u00e9rea te ayud\u00f3?\u00a0<\/b><\/h3>\n<p><span style=\"font-weight: 400;\">Pues me enter\u00e9 por el <a href=\"https:\/\/www.reclamador.es\/aerolineas\/retraso-vuelo\/\">retraso<\/a> por un sms de la compa\u00f1\u00eda que dec\u00eda que me daban 4 euros en compensaci\u00f3n para gastar en el aeropuerto (esto fue a las 17:00 horas m\u00e1s o menos).\u00a0<\/span><\/p>\n<p><span style=\"font-weight: 400;\">En principio el retraso parec\u00eda que ser\u00eda solo de 3 horas, pero al final fue de 5 horas y pico. Despegamos a la 1 de la madrugada. Sal\u00ed de Viena a las 14:00 horas y llegu\u00e9 a Santiago a las 3:00 am que ni siquiera es mi destino final, ya que soy de Ourense.<\/span><\/p>\n<p><span style=\"font-weight: 400;\">As\u00ed que tuve que hacer noche en Santiago de Compostela porque como te digo llegamos a las 3 de la ma\u00f1ana y era muy tarde para coger cualquier medio de transporte e irme a Ourense (donde resido).<\/span><b><\/b><b> <\/b><\/p>\n<h3><b>\u00bfMiraste otras opciones aparte de nosotros para reclamar?<\/b><\/h3>\n<p><span style=\"font-weight: 400;\">Mir\u00e9 para reclamar en la p\u00e1gina de la aerol\u00ednea, pero no era posible. As\u00ed que busqu\u00e9 en Internet y encontr\u00e9 esta p\u00e1gina con muy buenas rese\u00f1as. No ten\u00eda nada que perder.<\/span><\/p>\n<h3><b><\/b><b><\/b><b>\u00bfCu\u00e1l ha sido tu mejor momento durante la reclamaci\u00f3n y por qu\u00e9?<\/b><\/h3>\n<p><span style=\"font-weight: 400;\">Por supuesto, lo mejor fue cuando se me inform\u00f3 de que la reclamaci\u00f3n iba para adelante y que se me iba a indemnizar.<\/span><\/p>\n<h3><b><\/b><b>\u00bfConfiabas en ganar tu reclamaci\u00f3n?<\/b><\/h3>\n<p><span style=\"font-weight: 400;\">La verdad es que ten\u00eda poca esperanza jaja. Una amiga me cont\u00f3 que utiliz\u00f3 un servicio similar pero que nunca le ingresaron el dinero. Pero como ya dije antes: no ten\u00eda nada que perder.<\/span><\/p>\n<h3><b><\/b><b>Si tuvieras que definirnos en una palabra, \u00bfqu\u00e9 dir\u00edas que somos?<\/b><\/h3>\n<p><span style=\"font-weight: 400;\">En una palabra: <strong>accesibles<\/strong>.<\/span><\/p>\n<p><span style=\"font-weight: 400;\">Reclamar con vosotros es f\u00e1cil, r\u00e1pido y fiable, si aportas toda la informaci\u00f3n necesaria.<\/span><\/p>\n<h3><b>\u00a0\u00bfQuieres a\u00f1adir algo m\u00e1s para animar a otros pasajeros que est\u00e1n en lugar a reclamar?\u00a0<\/b><\/h3>\n<p><span style=\"font-weight: 400;\">\u00a1Por supuesto! Es <strong>super f\u00e1cil y no te cobran ning\u00fan servicio por adelantado.<\/strong> Como es l\u00f3gico, un porcentaje de la reclamaci\u00f3n sirve como honorarios, pero como cualquier servicio que contratas, no es gratis.\u00a0<\/span><\/p>\n<blockquote>\n<p><i><span style=\"font-weight: 400;\">\u201cMir\u00e9 para reclamar en la p\u00e1gina de la aerol\u00ednea, pero no era posible. As\u00ed que busqu\u00e9 en Internet y encontr\u00e9 esta p\u00e1gina con muy buenas rese\u00f1as\u201d<\/span><\/i><\/p>\n<\/blockquote>\n<p><span style=\"font-weight: 400;\">En mi caso, reclam\u00e9 a Ryanair por m\u00e1s de 5 horas de retraso en un vuelo y a los 3 meses ya ten\u00eda el dinero de la reclamaci\u00f3n ingresado.\u00a0<\/span><\/p>\n<p><span style=\"font-weight: 400;\">Y como consejo, <\/span><b>en el caso de viajar en avi\u00f3n, guardad siempre la tarjeta de embarque y el correo de confirmaci\u00f3n de la aerol\u00ednea<\/b><span style=\"font-weight: 400;\">. Ahora casi todo este proceso se hace digitalmente por lo que no es tan dif\u00edcil perder ninguno de estos documentos, pero hay gente que sigue prefiriendo una tarjeta de embarque f\u00edsica.<\/span><\/p>\n<h2 style=\"text-align: center;\"><strong><a class=\"button-lead\" href=\"https:\/\/www.reclamador.es\/form\/complaint\/delay\/\" rel=\"nofollow noopener\">Completa aqu\u00ed nuestro formulario y reclama tu vuelo retrasado<\/a><\/strong><\/h2>\n<div class=\"ttr_end\"><\/div>","protected":false},"excerpt":{"rendered":"<p>Esta semana charlamos con Paula Corbill\u00f3n. Esta ingeniera qu\u00edmica, que vive fuera de Espa\u00f1a por motivos laborales, nos cuenta su experiencia tras sufrir un gran retraso con Ryanair en el vuelo al volver para disfrutar de unos d\u00edas con su familia. Disfruta del senderismo y sobre todo, nos cuenta que no le gusta madrugar.\u00a0 Reclamaci\u00f3n [&hellip;]<\/p>\n","protected":false},"author":3,"featured_media":31305,"comment_status":"open","ping_status":"open","sticky":false,"template":"","format":"standard","meta":{"_acf_changed":false,"_genesis_hide_title":false,"_genesis_hide_breadcrumbs":false,"_genesis_hide_singular_image":false,"_genesis_hide_footer_widgets":false,"_genesis_custom_body_class":"","_genesis_custom_post_class":"","_genesis_layout":"","_jetpack_newsletter_access":"","_jetpack_dont_email_post_to_subs":false,"_jetpack_newsletter_tier_id":0,"_jetpack_memberships_contains_paywalled_content":false,"_jetpack_memberships_contains_paid_content":false,"footnotes":""},"categories":[396],"tags":[380,663],"class_list":{"0":"post-31302","1":"post","2":"type-post","3":"status-publish","4":"format-standard","5":"has-post-thumbnail","7":"category-reclamadores","8":"tag-aerolineas","9":"tag-retraso","10":"entry"},"acf":[],"yoast_head":"<!-- This site is optimized with the Yoast SEO plugin v27.4 - https:\/\/yoast.com\/product\/yoast-seo-wordpress\/ -->\n<title>Reclam\u00e9 a Ryanair por retraso: a los 3 meses ya ten\u00eda el dinero<\/title>\n<meta name=\"description\" content=\"Descubre c\u00f3mo reclamar a Ryanair por m\u00e1s de 5 horas de retraso en un vuelo y obtener tu compensaci\u00f3n r\u00e1pidamente. \u00a1Informaci\u00f3n \u00fatil!\" \/>\n<meta name=\"robots\" content=\"index, follow, max-snippet:-1, max-image-preview:large, max-video-preview:-1\" \/>\n<link rel=\"canonical\" href=\"https:\/\/www.reclamador.es\/blog\/reclame-a-ryanair-por-mas-de-5-horas-de-retraso-en-un-vuelo-y-a-los-3-meses-ya-tenia-el-dinero-de-la-reclamacion-ingresado\/\" \/>\n<meta property=\"og:locale\" content=\"es_ES\" \/>\n<meta property=\"og:type\" content=\"article\" \/>\n<meta property=\"og:title\" content=\"Reclam\u00e9 a Ryanair por retraso: a los 3 meses ya ten\u00eda el dinero\" \/>\n<meta property=\"og:description\" content=\"Descubre c\u00f3mo reclamar a Ryanair por m\u00e1s de 5 horas de retraso en un vuelo y obtener tu compensaci\u00f3n r\u00e1pidamente. \u00a1Informaci\u00f3n \u00fatil!\" \/>\n<meta property=\"og:url\" content=\"https:\/\/www.reclamador.es\/blog\/reclame-a-ryanair-por-mas-de-5-horas-de-retraso-en-un-vuelo-y-a-los-3-meses-ya-tenia-el-dinero-de-la-reclamacion-ingresado\/\" \/>\n<meta property=\"og:site_name\" content=\"Rebeldes con causa, el blog de reclamador.es\" \/>\n<meta property=\"article:publisher\" content=\"https:\/\/www.facebook.com\/reclamador.es\" \/>\n<meta property=\"article:published_time\" content=\"2023-09-07T10:03:48+00:00\" \/>\n<meta property=\"article:modified_time\" content=\"2025-03-07T11:21:58+00:00\" \/>\n<meta property=\"og:image\" content=\"https:\/\/www.reclamador.es\/blog\/wp-content\/uploads\/2023\/09\/entrevista-cliente-aerolineas-Paula-Corbillon-1200x630-1.jpg\" \/>\n\t<meta property=\"og:image:width\" content=\"1200\" \/>\n\t<meta property=\"og:image:height\" content=\"630\" \/>\n\t<meta property=\"og:image:type\" content=\"image\/jpeg\" \/>\n<meta name=\"author\" content=\"Cristina Naveda\" \/>\n<meta name=\"twitter:card\" content=\"summary_large_image\" \/>\n<meta name=\"twitter:creator\" content=\"@reclamador\" \/>\n<meta name=\"twitter:site\" content=\"@reclamador\" \/>\n<meta name=\"twitter:label1\" content=\"Escrito por\" \/>\n\t<meta name=\"twitter:data1\" content=\"Cristina Naveda\" \/>\n\t<meta name=\"twitter:label2\" content=\"Tiempo de lectura\" \/>\n\t<meta name=\"twitter:data2\" content=\"4 minutos\" \/>\n<script type=\"application\/ld+json\" class=\"yoast-schema-graph\">{\"@context\":\"https:\\\/\\\/schema.org\",\"@graph\":[{\"@type\":\"Article\",\"@id\":\"https:\\\/\\\/www.reclamador.es\\\/blog\\\/reclame-a-ryanair-por-mas-de-5-horas-de-retraso-en-un-vuelo-y-a-los-3-meses-ya-tenia-el-dinero-de-la-reclamacion-ingresado\\\/#article\",\"isPartOf\":{\"@id\":\"https:\\\/\\\/www.reclamador.es\\\/blog\\\/reclame-a-ryanair-por-mas-de-5-horas-de-retraso-en-un-vuelo-y-a-los-3-meses-ya-tenia-el-dinero-de-la-reclamacion-ingresado\\\/\"},\"author\":{\"name\":\"Cristina Naveda\",\"@id\":\"https:\\\/\\\/www.reclamador.es\\\/blog\\\/#\\\/schema\\\/person\\\/c446a02b3fcf1607a8a2139c36fbe583\"},\"headline\":\"\u201cReclam\u00e9 a Ryanair por m\u00e1s de 5 horas de retraso en un vuelo y a los 3 meses ya ten\u00eda el dinero de la reclamaci\u00f3n ingresado\u201d\",\"datePublished\":\"2023-09-07T10:03:48+00:00\",\"dateModified\":\"2025-03-07T11:21:58+00:00\",\"mainEntityOfPage\":{\"@id\":\"https:\\\/\\\/www.reclamador.es\\\/blog\\\/reclame-a-ryanair-por-mas-de-5-horas-de-retraso-en-un-vuelo-y-a-los-3-meses-ya-tenia-el-dinero-de-la-reclamacion-ingresado\\\/\"},\"wordCount\":682,\"commentCount\":0,\"publisher\":{\"@id\":\"https:\\\/\\\/www.reclamador.es\\\/blog\\\/#organization\"},\"image\":{\"@id\":\"https:\\\/\\\/www.reclamador.es\\\/blog\\\/reclame-a-ryanair-por-mas-de-5-horas-de-retraso-en-un-vuelo-y-a-los-3-meses-ya-tenia-el-dinero-de-la-reclamacion-ingresado\\\/#primaryimage\"},\"thumbnailUrl\":\"https:\\\/\\\/i0.wp.com\\\/www.reclamador.es\\\/blog\\\/wp-content\\\/uploads\\\/2023\\\/09\\\/entrevista-cliente-aerolineas-Paula-Corbillon-1200x630-1.jpg?fit=1200%2C630&ssl=1\",\"keywords\":[\"aerol\u00edneas\",\"retraso\"],\"articleSection\":[\"Conoce todo lo que sucede en reclamador.es\"],\"inLanguage\":\"es\",\"potentialAction\":[{\"@type\":\"CommentAction\",\"name\":\"Comment\",\"target\":[\"https:\\\/\\\/www.reclamador.es\\\/blog\\\/reclame-a-ryanair-por-mas-de-5-horas-de-retraso-en-un-vuelo-y-a-los-3-meses-ya-tenia-el-dinero-de-la-reclamacion-ingresado\\\/#respond\"]}]},{\"@type\":\"WebPage\",\"@id\":\"https:\\\/\\\/www.reclamador.es\\\/blog\\\/reclame-a-ryanair-por-mas-de-5-horas-de-retraso-en-un-vuelo-y-a-los-3-meses-ya-tenia-el-dinero-de-la-reclamacion-ingresado\\\/\",\"url\":\"https:\\\/\\\/www.reclamador.es\\\/blog\\\/reclame-a-ryanair-por-mas-de-5-horas-de-retraso-en-un-vuelo-y-a-los-3-meses-ya-tenia-el-dinero-de-la-reclamacion-ingresado\\\/\",\"name\":\"Reclam\u00e9 a Ryanair por retraso: a los 3 meses ya ten\u00eda el dinero\",\"isPartOf\":{\"@id\":\"https:\\\/\\\/www.reclamador.es\\\/blog\\\/#website\"},\"primaryImageOfPage\":{\"@id\":\"https:\\\/\\\/www.reclamador.es\\\/blog\\\/reclame-a-ryanair-por-mas-de-5-horas-de-retraso-en-un-vuelo-y-a-los-3-meses-ya-tenia-el-dinero-de-la-reclamacion-ingresado\\\/#primaryimage\"},\"image\":{\"@id\":\"https:\\\/\\\/www.reclamador.es\\\/blog\\\/reclame-a-ryanair-por-mas-de-5-horas-de-retraso-en-un-vuelo-y-a-los-3-meses-ya-tenia-el-dinero-de-la-reclamacion-ingresado\\\/#primaryimage\"},\"thumbnailUrl\":\"https:\\\/\\\/i0.wp.com\\\/www.reclamador.es\\\/blog\\\/wp-content\\\/uploads\\\/2023\\\/09\\\/entrevista-cliente-aerolineas-Paula-Corbillon-1200x630-1.jpg?fit=1200%2C630&ssl=1\",\"datePublished\":\"2023-09-07T10:03:48+00:00\",\"dateModified\":\"2025-03-07T11:21:58+00:00\",\"description\":\"Descubre c\u00f3mo reclamar a Ryanair por m\u00e1s de 5 horas de retraso en un vuelo y obtener tu compensaci\u00f3n r\u00e1pidamente. \u00a1Informaci\u00f3n \u00fatil!\",\"breadcrumb\":{\"@id\":\"https:\\\/\\\/www.reclamador.es\\\/blog\\\/reclame-a-ryanair-por-mas-de-5-horas-de-retraso-en-un-vuelo-y-a-los-3-meses-ya-tenia-el-dinero-de-la-reclamacion-ingresado\\\/#breadcrumb\"},\"inLanguage\":\"es\",\"potentialAction\":[{\"@type\":\"ReadAction\",\"target\":[\"https:\\\/\\\/www.reclamador.es\\\/blog\\\/reclame-a-ryanair-por-mas-de-5-horas-de-retraso-en-un-vuelo-y-a-los-3-meses-ya-tenia-el-dinero-de-la-reclamacion-ingresado\\\/\"]}]},{\"@type\":\"ImageObject\",\"inLanguage\":\"es\",\"@id\":\"https:\\\/\\\/www.reclamador.es\\\/blog\\\/reclame-a-ryanair-por-mas-de-5-horas-de-retraso-en-un-vuelo-y-a-los-3-meses-ya-tenia-el-dinero-de-la-reclamacion-ingresado\\\/#primaryimage\",\"url\":\"https:\\\/\\\/i0.wp.com\\\/www.reclamador.es\\\/blog\\\/wp-content\\\/uploads\\\/2023\\\/09\\\/entrevista-cliente-aerolineas-Paula-Corbillon-1200x630-1.jpg?fit=1200%2C630&ssl=1\",\"contentUrl\":\"https:\\\/\\\/i0.wp.com\\\/www.reclamador.es\\\/blog\\\/wp-content\\\/uploads\\\/2023\\\/09\\\/entrevista-cliente-aerolineas-Paula-Corbillon-1200x630-1.jpg?fit=1200%2C630&ssl=1\",\"width\":1200,\"height\":630,\"caption\":\"Paula, reclamadora de aerol\u00edneas\"},{\"@type\":\"BreadcrumbList\",\"@id\":\"https:\\\/\\\/www.reclamador.es\\\/blog\\\/reclame-a-ryanair-por-mas-de-5-horas-de-retraso-en-un-vuelo-y-a-los-3-meses-ya-tenia-el-dinero-de-la-reclamacion-ingresado\\\/#breadcrumb\",\"itemListElement\":[{\"@type\":\"ListItem\",\"position\":1,\"name\":\"Portada\",\"item\":\"https:\\\/\\\/www.reclamador.es\\\/blog\\\/\"},{\"@type\":\"ListItem\",\"position\":2,\"name\":\"\u201cReclam\u00e9 a Ryanair por m\u00e1s de 5 horas de retraso en un vuelo y a los 3 meses ya ten\u00eda el dinero de la reclamaci\u00f3n ingresado\u201d\"}]},{\"@type\":\"WebSite\",\"@id\":\"https:\\\/\\\/www.reclamador.es\\\/blog\\\/#website\",\"url\":\"https:\\\/\\\/www.reclamador.es\\\/blog\\\/\",\"name\":\"Rebeldes con causa, el blog de reclamador.es\",\"description\":\"Noticias, entrevistas y consejos sobre reclamaciones\",\"publisher\":{\"@id\":\"https:\\\/\\\/www.reclamador.es\\\/blog\\\/#organization\"},\"potentialAction\":[{\"@type\":\"SearchAction\",\"target\":{\"@type\":\"EntryPoint\",\"urlTemplate\":\"https:\\\/\\\/www.reclamador.es\\\/blog\\\/?s={search_term_string}\"},\"query-input\":{\"@type\":\"PropertyValueSpecification\",\"valueRequired\":true,\"valueName\":\"search_term_string\"}}],\"inLanguage\":\"es\"},{\"@type\":\"Organization\",\"@id\":\"https:\\\/\\\/www.reclamador.es\\\/blog\\\/#organization\",\"name\":\"reclamador.es\",\"url\":\"https:\\\/\\\/www.reclamador.es\\\/blog\\\/\",\"logo\":{\"@type\":\"ImageObject\",\"inLanguage\":\"es\",\"@id\":\"https:\\\/\\\/www.reclamador.es\\\/blog\\\/#\\\/schema\\\/logo\\\/image\\\/\",\"url\":\"https:\\\/\\\/i0.wp.com\\\/www.reclamador.es\\\/blog\\\/wp-content\\\/uploads\\\/2020\\\/01\\\/logo-reclamador.png?fit=1200%2C144&ssl=1\",\"contentUrl\":\"https:\\\/\\\/i0.wp.com\\\/www.reclamador.es\\\/blog\\\/wp-content\\\/uploads\\\/2020\\\/01\\\/logo-reclamador.png?fit=1200%2C144&ssl=1\",\"width\":1200,\"height\":144,\"caption\":\"reclamador.es\"},\"image\":{\"@id\":\"https:\\\/\\\/www.reclamador.es\\\/blog\\\/#\\\/schema\\\/logo\\\/image\\\/\"},\"sameAs\":[\"https:\\\/\\\/www.facebook.com\\\/reclamador.es\",\"https:\\\/\\\/x.com\\\/reclamador\",\"https:\\\/\\\/www.instagram.com\\\/reclamador.es\\\/\",\"https:\\\/\\\/www.linkedin.com\\\/company\\\/reclamador-es\",\"https:\\\/\\\/www.youtube.com\\\/user\\\/Reclamadores\"]},{\"@type\":\"Person\",\"@id\":\"https:\\\/\\\/www.reclamador.es\\\/blog\\\/#\\\/schema\\\/person\\\/c446a02b3fcf1607a8a2139c36fbe583\",\"name\":\"Cristina Naveda\",\"image\":{\"@type\":\"ImageObject\",\"inLanguage\":\"es\",\"@id\":\"https:\\\/\\\/secure.gravatar.com\\\/avatar\\\/1df04000ab560ffd4824a3ce70f826eb8bd6a9bfc6cc9097a363e6cd67f07ec0?s=96&d=mm&r=g\",\"url\":\"https:\\\/\\\/secure.gravatar.com\\\/avatar\\\/1df04000ab560ffd4824a3ce70f826eb8bd6a9bfc6cc9097a363e6cd67f07ec0?s=96&d=mm&r=g\",\"contentUrl\":\"https:\\\/\\\/secure.gravatar.com\\\/avatar\\\/1df04000ab560ffd4824a3ce70f826eb8bd6a9bfc6cc9097a363e6cd67f07ec0?s=96&d=mm&r=g\",\"caption\":\"Cristina Naveda\"},\"description\":\"Me encanta unir la informaci\u00f3n con las personas. Me esfuerzo para que reclamador haga bien esa uni\u00f3n desde el equipo de comunicaci\u00f3n.\",\"url\":\"https:\\\/\\\/www.reclamador.es\\\/blog\\\/author\\\/cristina\\\/\"}]}<\/script>\n<!-- \/ Yoast SEO plugin. -->","yoast_head_json":{"title":"Reclam\u00e9 a Ryanair por retraso: a los 3 meses ya ten\u00eda el dinero","description":"Descubre c\u00f3mo reclamar a Ryanair por m\u00e1s de 5 horas de retraso en un vuelo y obtener tu compensaci\u00f3n r\u00e1pidamente. \u00a1Informaci\u00f3n \u00fatil!","robots":{"index":"index","follow":"follow","max-snippet":"max-snippet:-1","max-image-preview":"max-image-preview:large","max-video-preview":"max-video-preview:-1"},"canonical":"https:\/\/www.reclamador.es\/blog\/reclame-a-ryanair-por-mas-de-5-horas-de-retraso-en-un-vuelo-y-a-los-3-meses-ya-tenia-el-dinero-de-la-reclamacion-ingresado\/","og_locale":"es_ES","og_type":"article","og_title":"Reclam\u00e9 a Ryanair por retraso: a los 3 meses ya ten\u00eda el dinero","og_description":"Descubre c\u00f3mo reclamar a Ryanair por m\u00e1s de 5 horas de retraso en un vuelo y obtener tu compensaci\u00f3n r\u00e1pidamente. \u00a1Informaci\u00f3n \u00fatil!","og_url":"https:\/\/www.reclamador.es\/blog\/reclame-a-ryanair-por-mas-de-5-horas-de-retraso-en-un-vuelo-y-a-los-3-meses-ya-tenia-el-dinero-de-la-reclamacion-ingresado\/","og_site_name":"Rebeldes con causa, el blog de reclamador.es","article_publisher":"https:\/\/www.facebook.com\/reclamador.es","article_published_time":"2023-09-07T10:03:48+00:00","article_modified_time":"2025-03-07T11:21:58+00:00","og_image":[{"width":1200,"height":630,"url":"https:\/\/www.reclamador.es\/blog\/wp-content\/uploads\/2023\/09\/entrevista-cliente-aerolineas-Paula-Corbillon-1200x630-1.jpg","type":"image\/jpeg"}],"author":"Cristina Naveda","twitter_card":"summary_large_image","twitter_creator":"@reclamador","twitter_site":"@reclamador","twitter_misc":{"Escrito por":"Cristina Naveda","Tiempo de lectura":"4 minutos"},"schema":{"@context":"https:\/\/schema.org","@graph":[{"@type":"Article","@id":"https:\/\/www.reclamador.es\/blog\/reclame-a-ryanair-por-mas-de-5-horas-de-retraso-en-un-vuelo-y-a-los-3-meses-ya-tenia-el-dinero-de-la-reclamacion-ingresado\/#article","isPartOf":{"@id":"https:\/\/www.reclamador.es\/blog\/reclame-a-ryanair-por-mas-de-5-horas-de-retraso-en-un-vuelo-y-a-los-3-meses-ya-tenia-el-dinero-de-la-reclamacion-ingresado\/"},"author":{"name":"Cristina Naveda","@id":"https:\/\/www.reclamador.es\/blog\/#\/schema\/person\/c446a02b3fcf1607a8a2139c36fbe583"},"headline":"\u201cReclam\u00e9 a Ryanair por m\u00e1s de 5 horas de retraso en un vuelo y a los 3 meses ya ten\u00eda el dinero de la reclamaci\u00f3n ingresado\u201d","datePublished":"2023-09-07T10:03:48+00:00","dateModified":"2025-03-07T11:21:58+00:00","mainEntityOfPage":{"@id":"https:\/\/www.reclamador.es\/blog\/reclame-a-ryanair-por-mas-de-5-horas-de-retraso-en-un-vuelo-y-a-los-3-meses-ya-tenia-el-dinero-de-la-reclamacion-ingresado\/"},"wordCount":682,"commentCount":0,"publisher":{"@id":"https:\/\/www.reclamador.es\/blog\/#organization"},"image":{"@id":"https:\/\/www.reclamador.es\/blog\/reclame-a-ryanair-por-mas-de-5-horas-de-retraso-en-un-vuelo-y-a-los-3-meses-ya-tenia-el-dinero-de-la-reclamacion-ingresado\/#primaryimage"},"thumbnailUrl":"https:\/\/i0.wp.com\/www.reclamador.es\/blog\/wp-content\/uploads\/2023\/09\/entrevista-cliente-aerolineas-Paula-Corbillon-1200x630-1.jpg?fit=1200%2C630&ssl=1","keywords":["aerol\u00edneas","retraso"],"articleSection":["Conoce todo lo que sucede en reclamador.es"],"inLanguage":"es","potentialAction":[{"@type":"CommentAction","name":"Comment","target":["https:\/\/www.reclamador.es\/blog\/reclame-a-ryanair-por-mas-de-5-horas-de-retraso-en-un-vuelo-y-a-los-3-meses-ya-tenia-el-dinero-de-la-reclamacion-ingresado\/#respond"]}]},{"@type":"WebPage","@id":"https:\/\/www.reclamador.es\/blog\/reclame-a-ryanair-por-mas-de-5-horas-de-retraso-en-un-vuelo-y-a-los-3-meses-ya-tenia-el-dinero-de-la-reclamacion-ingresado\/","url":"https:\/\/www.reclamador.es\/blog\/reclame-a-ryanair-por-mas-de-5-horas-de-retraso-en-un-vuelo-y-a-los-3-meses-ya-tenia-el-dinero-de-la-reclamacion-ingresado\/","name":"Reclam\u00e9 a Ryanair por retraso: a los 3 meses ya ten\u00eda el dinero","isPartOf":{"@id":"https:\/\/www.reclamador.es\/blog\/#website"},"primaryImageOfPage":{"@id":"https:\/\/www.reclamador.es\/blog\/reclame-a-ryanair-por-mas-de-5-horas-de-retraso-en-un-vuelo-y-a-los-3-meses-ya-tenia-el-dinero-de-la-reclamacion-ingresado\/#primaryimage"},"image":{"@id":"https:\/\/www.reclamador.es\/blog\/reclame-a-ryanair-por-mas-de-5-horas-de-retraso-en-un-vuelo-y-a-los-3-meses-ya-tenia-el-dinero-de-la-reclamacion-ingresado\/#primaryimage"},"thumbnailUrl":"https:\/\/i0.wp.com\/www.reclamador.es\/blog\/wp-content\/uploads\/2023\/09\/entrevista-cliente-aerolineas-Paula-Corbillon-1200x630-1.jpg?fit=1200%2C630&ssl=1","datePublished":"2023-09-07T10:03:48+00:00","dateModified":"2025-03-07T11:21:58+00:00","description":"Descubre c\u00f3mo reclamar a Ryanair por m\u00e1s de 5 horas de retraso en un vuelo y obtener tu compensaci\u00f3n r\u00e1pidamente. \u00a1Informaci\u00f3n \u00fatil!","breadcrumb":{"@id":"https:\/\/www.reclamador.es\/blog\/reclame-a-ryanair-por-mas-de-5-horas-de-retraso-en-un-vuelo-y-a-los-3-meses-ya-tenia-el-dinero-de-la-reclamacion-ingresado\/#breadcrumb"},"inLanguage":"es","potentialAction":[{"@type":"ReadAction","target":["https:\/\/www.reclamador.es\/blog\/reclame-a-ryanair-por-mas-de-5-horas-de-retraso-en-un-vuelo-y-a-los-3-meses-ya-tenia-el-dinero-de-la-reclamacion-ingresado\/"]}]},{"@type":"ImageObject","inLanguage":"es","@id":"https:\/\/www.reclamador.es\/blog\/reclame-a-ryanair-por-mas-de-5-horas-de-retraso-en-un-vuelo-y-a-los-3-meses-ya-tenia-el-dinero-de-la-reclamacion-ingresado\/#primaryimage","url":"https:\/\/i0.wp.com\/www.reclamador.es\/blog\/wp-content\/uploads\/2023\/09\/entrevista-cliente-aerolineas-Paula-Corbillon-1200x630-1.jpg?fit=1200%2C630&ssl=1","contentUrl":"https:\/\/i0.wp.com\/www.reclamador.es\/blog\/wp-content\/uploads\/2023\/09\/entrevista-cliente-aerolineas-Paula-Corbillon-1200x630-1.jpg?fit=1200%2C630&ssl=1","width":1200,"height":630,"caption":"Paula, reclamadora de aerol\u00edneas"},{"@type":"BreadcrumbList","@id":"https:\/\/www.reclamador.es\/blog\/reclame-a-ryanair-por-mas-de-5-horas-de-retraso-en-un-vuelo-y-a-los-3-meses-ya-tenia-el-dinero-de-la-reclamacion-ingresado\/#breadcrumb","itemListElement":[{"@type":"ListItem","position":1,"name":"Portada","item":"https:\/\/www.reclamador.es\/blog\/"},{"@type":"ListItem","position":2,"name":"\u201cReclam\u00e9 a Ryanair por m\u00e1s de 5 horas de retraso en un vuelo y a los 3 meses ya ten\u00eda el dinero de la reclamaci\u00f3n ingresado\u201d"}]},{"@type":"WebSite","@id":"https:\/\/www.reclamador.es\/blog\/#website","url":"https:\/\/www.reclamador.es\/blog\/","name":"Rebeldes con causa, el blog de reclamador.es","description":"Noticias, entrevistas y consejos sobre reclamaciones","publisher":{"@id":"https:\/\/www.reclamador.es\/blog\/#organization"},"potentialAction":[{"@type":"SearchAction","target":{"@type":"EntryPoint","urlTemplate":"https:\/\/www.reclamador.es\/blog\/?s={search_term_string}"},"query-input":{"@type":"PropertyValueSpecification","valueRequired":true,"valueName":"search_term_string"}}],"inLanguage":"es"},{"@type":"Organization","@id":"https:\/\/www.reclamador.es\/blog\/#organization","name":"reclamador.es","url":"https:\/\/www.reclamador.es\/blog\/","logo":{"@type":"ImageObject","inLanguage":"es","@id":"https:\/\/www.reclamador.es\/blog\/#\/schema\/logo\/image\/","url":"https:\/\/i0.wp.com\/www.reclamador.es\/blog\/wp-content\/uploads\/2020\/01\/logo-reclamador.png?fit=1200%2C144&ssl=1","contentUrl":"https:\/\/i0.wp.com\/www.reclamador.es\/blog\/wp-content\/uploads\/2020\/01\/logo-reclamador.png?fit=1200%2C144&ssl=1","width":1200,"height":144,"caption":"reclamador.es"},"image":{"@id":"https:\/\/www.reclamador.es\/blog\/#\/schema\/logo\/image\/"},"sameAs":["https:\/\/www.facebook.com\/reclamador.es","https:\/\/x.com\/reclamador","https:\/\/www.instagram.com\/reclamador.es\/","https:\/\/www.linkedin.com\/company\/reclamador-es","https:\/\/www.youtube.com\/user\/Reclamadores"]},{"@type":"Person","@id":"https:\/\/www.reclamador.es\/blog\/#\/schema\/person\/c446a02b3fcf1607a8a2139c36fbe583","name":"Cristina Naveda","image":{"@type":"ImageObject","inLanguage":"es","@id":"https:\/\/secure.gravatar.com\/avatar\/1df04000ab560ffd4824a3ce70f826eb8bd6a9bfc6cc9097a363e6cd67f07ec0?s=96&d=mm&r=g","url":"https:\/\/secure.gravatar.com\/avatar\/1df04000ab560ffd4824a3ce70f826eb8bd6a9bfc6cc9097a363e6cd67f07ec0?s=96&d=mm&r=g","contentUrl":"https:\/\/secure.gravatar.com\/avatar\/1df04000ab560ffd4824a3ce70f826eb8bd6a9bfc6cc9097a363e6cd67f07ec0?s=96&d=mm&r=g","caption":"Cristina Naveda"},"description":"Me encanta unir la informaci\u00f3n con las personas. Me esfuerzo para que reclamador haga bien esa uni\u00f3n desde el equipo de comunicaci\u00f3n.","url":"https:\/\/www.reclamador.es\/blog\/author\/cristina\/"}]}},"jetpack_featured_media_url":"https:\/\/i0.wp.com\/www.reclamador.es\/blog\/wp-content\/uploads\/2023\/09\/entrevista-cliente-aerolineas-Paula-Corbillon-1200x630-1.jpg?fit=1200%2C630&ssl=1","jetpack-related-posts":[{"id":29920,"url":"https:\/\/www.reclamador.es\/blog\/huelgas-ryanair-desde-2018-mas-1300-reclamaciones-ganadas\/","url_meta":{"origin":31302,"position":0},"title":"M\u00e1s de 1.300 reclamaciones ganadas a Ryanair por sus huelgas de personal","author":"Equipo reclamador","date":"28 junio, 2022","format":false,"excerpt":"El inicio del verano 2022 ha empezado con turbulencias en el sector a\u00e9reo. Tanto los TCP de Ryanair en varios pa\u00edses europeos, entre ellos Espa\u00f1a, como los trabajadores de easyJet en nuestro pa\u00eds han convocado diversas jornadas de huelga. A lo que hay que sumar las cancelaciones por falta de\u2026","rel":"","context":"En \u00abNoticias y actualidad\u00bb","block_context":{"text":"Noticias y actualidad","link":"https:\/\/www.reclamador.es\/blog\/noticias\/"},"img":{"alt_text":"reclamaciones ganadas huelgas ryanair","src":"https:\/\/i0.wp.com\/www.reclamador.es\/blog\/wp-content\/uploads\/2022\/06\/huelgas-de-ryanair-reclamaciones-ganadas-desde-2018-1.jpg?fit=1200%2C673&ssl=1&resize=350%2C200","width":350,"height":200,"srcset":"https:\/\/i0.wp.com\/www.reclamador.es\/blog\/wp-content\/uploads\/2022\/06\/huelgas-de-ryanair-reclamaciones-ganadas-desde-2018-1.jpg?fit=1200%2C673&ssl=1&resize=350%2C200 1x, https:\/\/i0.wp.com\/www.reclamador.es\/blog\/wp-content\/uploads\/2022\/06\/huelgas-de-ryanair-reclamaciones-ganadas-desde-2018-1.jpg?fit=1200%2C673&ssl=1&resize=525%2C300 1.5x, https:\/\/i0.wp.com\/www.reclamador.es\/blog\/wp-content\/uploads\/2022\/06\/huelgas-de-ryanair-reclamaciones-ganadas-desde-2018-1.jpg?fit=1200%2C673&ssl=1&resize=700%2C400 2x, https:\/\/i0.wp.com\/www.reclamador.es\/blog\/wp-content\/uploads\/2022\/06\/huelgas-de-ryanair-reclamaciones-ganadas-desde-2018-1.jpg?fit=1200%2C673&ssl=1&resize=1050%2C600 3x"},"classes":[]},{"id":33988,"url":"https:\/\/www.reclamador.es\/blog\/entrevista-santiago-reclamador-de-aerolineas-retraso-de-vuelo-de-ryanair\/","url_meta":{"origin":31302,"position":1},"title":"Santiago, reclamador de aerol\u00edneas: \u201cSab\u00eda que si ten\u00eda que confiar en alguien para resolver el incidente con Ryanair, ese era el equipo de reclamador.es\u201d","author":"Cristina Naveda","date":"14 abril, 2025","format":false,"excerpt":"Hoy charlamos con Santiago Francisco, para que nos cuente m\u00e1s acerca de su reclamaci\u00f3n a Ryanair. Santiago tiene 49 a\u00f1os y es de Lugo. Trabaja en banca y en su tiempo libre practica el running. Est\u00e1 casado y tiene dos hijas, de 12 y 14 a\u00f1os. Es una familia muy\u2026","rel":"","context":"En \u00abConoce todo lo que sucede en reclamador.es\u00bb","block_context":{"text":"Conoce todo lo que sucede en reclamador.es","link":"https:\/\/www.reclamador.es\/blog\/reclamadores\/"},"img":{"alt_text":"entrevista caso \u00e9xito reclamacion a ryanair por retraso de vuelo con reclamador.es","src":"https:\/\/i0.wp.com\/www.reclamador.es\/blog\/wp-content\/uploads\/2025\/04\/entrevista-cliente-aerolineas-santiago-francisco-1200x630-1.jpg?fit=1200%2C630&ssl=1&resize=350%2C200","width":350,"height":200,"srcset":"https:\/\/i0.wp.com\/www.reclamador.es\/blog\/wp-content\/uploads\/2025\/04\/entrevista-cliente-aerolineas-santiago-francisco-1200x630-1.jpg?fit=1200%2C630&ssl=1&resize=350%2C200 1x, https:\/\/i0.wp.com\/www.reclamador.es\/blog\/wp-content\/uploads\/2025\/04\/entrevista-cliente-aerolineas-santiago-francisco-1200x630-1.jpg?fit=1200%2C630&ssl=1&resize=525%2C300 1.5x, https:\/\/i0.wp.com\/www.reclamador.es\/blog\/wp-content\/uploads\/2025\/04\/entrevista-cliente-aerolineas-santiago-francisco-1200x630-1.jpg?fit=1200%2C630&ssl=1&resize=700%2C400 2x, https:\/\/i0.wp.com\/www.reclamador.es\/blog\/wp-content\/uploads\/2025\/04\/entrevista-cliente-aerolineas-santiago-francisco-1200x630-1.jpg?fit=1200%2C630&ssl=1&resize=1050%2C600 3x"},"classes":[]},{"id":32839,"url":"https:\/\/www.reclamador.es\/blog\/ranking-aerolineas-mas-reclamadas-verano\/","url_meta":{"origin":31302,"position":2},"title":"Ranking verano 2024: las aerol\u00edneas m\u00e1s reclamadas","author":"Equipo reclamador","date":"17 septiembre, 2024","format":false,"excerpt":"Durante los meses de junio, julio y agosto de 2024, reclamador.es ha registrado m\u00e1s de 13.000 reclamaciones contra 113 aerol\u00edneas, con Ryanair y Vueling liderando la lista de las m\u00e1s reclamadas por incidentes como retrasos (49 %) y cancelaciones (39,5 %). Las indemnizaciones pueden alcanzar los 600 \u20ac, m\u00e1s los\u2026","rel":"","context":"En \u00abNoticias y actualidad\u00bb","block_context":{"text":"Noticias y actualidad","link":"https:\/\/www.reclamador.es\/blog\/noticias\/"},"img":{"alt_text":"ryanair aeropuerto - aerolinea m\u00e1s reclamada","src":"https:\/\/i0.wp.com\/www.reclamador.es\/blog\/wp-content\/uploads\/2024\/09\/ranking-aerolineas-mas-reclamadas-verano-2024-1200x630-1.jpg?fit=1200%2C630&ssl=1&resize=350%2C200","width":350,"height":200,"srcset":"https:\/\/i0.wp.com\/www.reclamador.es\/blog\/wp-content\/uploads\/2024\/09\/ranking-aerolineas-mas-reclamadas-verano-2024-1200x630-1.jpg?fit=1200%2C630&ssl=1&resize=350%2C200 1x, https:\/\/i0.wp.com\/www.reclamador.es\/blog\/wp-content\/uploads\/2024\/09\/ranking-aerolineas-mas-reclamadas-verano-2024-1200x630-1.jpg?fit=1200%2C630&ssl=1&resize=525%2C300 1.5x, https:\/\/i0.wp.com\/www.reclamador.es\/blog\/wp-content\/uploads\/2024\/09\/ranking-aerolineas-mas-reclamadas-verano-2024-1200x630-1.jpg?fit=1200%2C630&ssl=1&resize=700%2C400 2x, https:\/\/i0.wp.com\/www.reclamador.es\/blog\/wp-content\/uploads\/2024\/09\/ranking-aerolineas-mas-reclamadas-verano-2024-1200x630-1.jpg?fit=1200%2C630&ssl=1&resize=1050%2C600 3x"},"classes":[]},{"id":20981,"url":"https:\/\/www.reclamador.es\/blog\/afectados-ryanair-derechos\/","url_meta":{"origin":31302,"position":3},"title":"Otra vez, Ryanair: vuelo Praga-Madrid","author":"Equipo reclamador","date":"6 febrero, 2019","format":false,"excerpt":"La compa\u00f1\u00eda low-cost Ryanair vuelve a estar en el ojo del hurac\u00e1n. El vuelo FR 2767 Praga-Madrid del pasado domingo 3 de febrero lleg\u00f3 a la capital espa\u00f1ola con m\u00e1s de 20 horas de retraso, obligando a sus pasajeros a permanecer durante m\u00e1s de 6 horas dentro de la aeronave,\u2026","rel":"","context":"En \u00abNoticias y actualidad\u00bb","block_context":{"text":"Noticias y actualidad","link":"https:\/\/www.reclamador.es\/blog\/noticias\/"},"img":{"alt_text":"afectados vuelo praga madrid ryanair reclamar indemnizacion","src":"https:\/\/i0.wp.com\/www.reclamador.es\/blog\/wp-content\/uploads\/2019\/02\/afectados-ryanair-vuelo-praga-madrid.jpg?fit=1129%2C800&ssl=1&resize=350%2C200","width":350,"height":200,"srcset":"https:\/\/i0.wp.com\/www.reclamador.es\/blog\/wp-content\/uploads\/2019\/02\/afectados-ryanair-vuelo-praga-madrid.jpg?fit=1129%2C800&ssl=1&resize=350%2C200 1x, https:\/\/i0.wp.com\/www.reclamador.es\/blog\/wp-content\/uploads\/2019\/02\/afectados-ryanair-vuelo-praga-madrid.jpg?fit=1129%2C800&ssl=1&resize=525%2C300 1.5x, https:\/\/i0.wp.com\/www.reclamador.es\/blog\/wp-content\/uploads\/2019\/02\/afectados-ryanair-vuelo-praga-madrid.jpg?fit=1129%2C800&ssl=1&resize=700%2C400 2x, https:\/\/i0.wp.com\/www.reclamador.es\/blog\/wp-content\/uploads\/2019\/02\/afectados-ryanair-vuelo-praga-madrid.jpg?fit=1129%2C800&ssl=1&resize=1050%2C600 3x"},"classes":[]},{"id":18773,"url":"https:\/\/www.reclamador.es\/blog\/pasajeros-derechos-huelga-ryanair\/","url_meta":{"origin":31302,"position":4},"title":"Huelga Ryanair verano 2022: todo lo que corresponde si la aerol\u00ednea cancela o retrasa el vuelo","author":"Equipo reclamador","date":"15 junio, 2022","format":false,"excerpt":"El turismo vuelve con fuerza en el verano 2022. Se esperan cifras de desplazamientos iguales e, incluso, superiores al \u00faltimo verano \u201cnormal\u201d antes de la crisis sanitaria de la Covid-19. E igual que pasara en los \u00faltimos a\u00f1os prepandemia, se esperan diversos paros de diferentes colectivos de trabajadores de Ryanair.\u2026","rel":"","context":"En \u00abNoticias y actualidad\u00bb","block_context":{"text":"Noticias y actualidad","link":"https:\/\/www.reclamador.es\/blog\/noticias\/"},"img":{"alt_text":"huelga ryanair 2022","src":"https:\/\/i0.wp.com\/www.reclamador.es\/blog\/wp-content\/uploads\/2022\/06\/huelga-ryanair-junio-julio-2022-pedir-indemnizacion.jpg?fit=1200%2C698&ssl=1&resize=350%2C200","width":350,"height":200,"srcset":"https:\/\/i0.wp.com\/www.reclamador.es\/blog\/wp-content\/uploads\/2022\/06\/huelga-ryanair-junio-julio-2022-pedir-indemnizacion.jpg?fit=1200%2C698&ssl=1&resize=350%2C200 1x, https:\/\/i0.wp.com\/www.reclamador.es\/blog\/wp-content\/uploads\/2022\/06\/huelga-ryanair-junio-julio-2022-pedir-indemnizacion.jpg?fit=1200%2C698&ssl=1&resize=525%2C300 1.5x, https:\/\/i0.wp.com\/www.reclamador.es\/blog\/wp-content\/uploads\/2022\/06\/huelga-ryanair-junio-julio-2022-pedir-indemnizacion.jpg?fit=1200%2C698&ssl=1&resize=700%2C400 2x, https:\/\/i0.wp.com\/www.reclamador.es\/blog\/wp-content\/uploads\/2022\/06\/huelga-ryanair-junio-julio-2022-pedir-indemnizacion.jpg?fit=1200%2C698&ssl=1&resize=1050%2C600 3x"},"classes":[]},{"id":22670,"url":"https:\/\/www.reclamador.es\/blog\/aerolineas-huelgas-de-personal-informar-de-cancelaciones-vuelos-15-dias\/","url_meta":{"origin":31302,"position":5},"title":"Pasajeros frente a huelgas de personal de aerol\u00edneas: \u00bfCu\u00e1ndo te han avisado de los cambios en tu vuelo?","author":"Equipo reclamador","date":"26 enero, 2024","format":false,"excerpt":"Las huelgas del personal de aerol\u00edneas son uno de los mayores dolores de cabeza para los pasajeros. Cancelaciones y retrasos de vuelos se convierten en una pesadilla cuando las aerol\u00edneas se ven afectadas por paros laborales. Si bien la situaci\u00f3n es frustrante, como pasajero tienes derechos y puedes reclamar compensaciones.\u2026","rel":"","context":"En \u00abConsejos legales\u00bb","block_context":{"text":"Consejos legales","link":"https:\/\/www.reclamador.es\/blog\/consejos\/"},"img":{"alt_text":"huelgas personal de las aerolineas - plazos reclamar - reclamador","src":"https:\/\/i0.wp.com\/www.reclamador.es\/blog\/wp-content\/uploads\/2019\/08\/huelgas-personal-de-las-aerolineas-plazos-reclamar-reclamador.jpg?fit=1199%2C630&ssl=1&resize=350%2C200","width":350,"height":200,"srcset":"https:\/\/i0.wp.com\/www.reclamador.es\/blog\/wp-content\/uploads\/2019\/08\/huelgas-personal-de-las-aerolineas-plazos-reclamar-reclamador.jpg?fit=1199%2C630&ssl=1&resize=350%2C200 1x, https:\/\/i0.wp.com\/www.reclamador.es\/blog\/wp-content\/uploads\/2019\/08\/huelgas-personal-de-las-aerolineas-plazos-reclamar-reclamador.jpg?fit=1199%2C630&ssl=1&resize=525%2C300 1.5x, https:\/\/i0.wp.com\/www.reclamador.es\/blog\/wp-content\/uploads\/2019\/08\/huelgas-personal-de-las-aerolineas-plazos-reclamar-reclamador.jpg?fit=1199%2C630&ssl=1&resize=700%2C400 2x, https:\/\/i0.wp.com\/www.reclamador.es\/blog\/wp-content\/uploads\/2019\/08\/huelgas-personal-de-las-aerolineas-plazos-reclamar-reclamador.jpg?fit=1199%2C630&ssl=1&resize=1050%2C600 3x"},"classes":[]}],"jetpack_sharing_enabled":true,"_links":{"self":[{"href":"https:\/\/www.reclamador.es\/blog\/wp-json\/wp\/v2\/posts\/31302","targetHints":{"allow":["GET"]}}],"collection":[{"href":"https:\/\/www.reclamador.es\/blog\/wp-json\/wp\/v2\/posts"}],"about":[{"href":"https:\/\/www.reclamador.es\/blog\/wp-json\/wp\/v2\/types\/post"}],"author":[{"embeddable":true,"href":"https:\/\/www.reclamador.es\/blog\/wp-json\/wp\/v2\/users\/3"}],"replies":[{"embeddable":true,"href":"https:\/\/www.reclamador.es\/blog\/wp-json\/wp\/v2\/comments?post=31302"}],"version-history":[{"count":8,"href":"https:\/\/www.reclamador.es\/blog\/wp-json\/wp\/v2\/posts\/31302\/revisions"}],"predecessor-version":[{"id":33767,"href":"https:\/\/www.reclamador.es\/blog\/wp-json\/wp\/v2\/posts\/31302\/revisions\/33767"}],"wp:featuredmedia":[{"embeddable":true,"href":"https:\/\/www.reclamador.es\/blog\/wp-json\/wp\/v2\/media\/31305"}],"wp:attachment":[{"href":"https:\/\/www.reclamador.es\/blog\/wp-json\/wp\/v2\/media?parent=31302"}],"wp:term":[{"taxonomy":"category","embeddable":true,"href":"https:\/\/www.reclamador.es\/blog\/wp-json\/wp\/v2\/categories?post=31302"},{"taxonomy":"post_tag","embeddable":true,"href":"https:\/\/www.reclamador.es\/blog\/wp-json\/wp\/v2\/tags?post=31302"}],"curies":[{"name":"wp","href":"https:\/\/api.w.org\/{rel}","templated":true}]}}